{"id":1648,"date":"2025-09-13T09:18:14","date_gmt":"2025-09-13T07:18:14","guid":{"rendered":"https:\/\/www.vitalibera.org\/community\/?p=1648"},"modified":"2025-09-13T09:47:44","modified_gmt":"2025-09-13T07:47:44","slug":"rollstuhl-rollator-regencape","status":"publish","type":"post","link":"http:\/\/www.vitalibera.org\/community\/2025\/09\/13\/rollstuhl-rollator-regencape\/","title":{"rendered":"Rollstuhl\/Rollator Regencape"},"content":{"rendered":"<div class=\"postie-post\">\n<div class=\"WordSection1\">\n<p style=\"margin-top: 0cm; background: white; box-sizing: border-box; margin-bottom: 1rem;\"><span style=\"font-size: 12.0pt;\">Zuverl&auml;ssiger Schutz bei jedem Wetter &ndash; der Regenponcho f&uuml;r Rollator Nutzer &uuml;berzeugt durch seine durchdachte Konstruktion und hohen Tragekomfort. Dank der extraweiten Passform sowie verl&auml;ngerten Vorder- und R&uuml;ckenteilen bleiben sowohl die Sitzfl&auml;che als auch der Korb trocken. Fixierb&auml;nder sorgen daf&uuml;r, dass das Cape auch bei starkem Wind sicher sitzt. Die Kapuze ist mit einem integrierten Schirm, einem Kordelzug und Stoppern ausgestattet, wodurch sie auch bei Regen gut sch&uuml;tzt und fest sitzt. Ein praktischer, langer Reissverschluss sowie eine zus&auml;tzliche Druckknopfleiste erleichtern das An- und Ausziehen. Nach Gebrauch l&auml;sst sich der Poncho platzsparend im mitgelieferten Packbeutel verstauen. Reflektoren erh&ouml;hen zudem die Sichtbarkeit und somit die Sicherheit bei schlechten Lichtverh&auml;ltnissen. Geeignet f&uuml;r Personen bis ca. 185 cm K&ouml;rpergr&ouml;sse. Masse: inkl. Kapuze 146 x 148 cm. Packbeutel: 22,5 x 31,5 c.<\/span><\/p>\n<p><img fetchpriority=\"high\" decoding=\"async\" id=\"Grafik_x0020_2\" style=\"width: 5.3645in; height: 5.8333in;\" src=\"https:\/\/www.vitalibera.org\/community\/wp-content\/uploads\/2025\/09\/image001-38.png\" alt=\"https:\/\/vitalibera.org\/portal2\/images\/regencape.png\" width=\"515\" height=\"560\"><br>\n<img decoding=\"async\" id=\"Grafik_x0020_1\" style=\"width: .3125in; height: .3125in;\" src=\"https:\/\/www.vitalibera.org\/community\/wp-content\/uploads\/2025\/09\/image002-45.png\" alt=\"https:\/\/vitalibera.org\/portal2\/images\/icons\/earth.png\" width=\"30\" height=\"30\"><a href=\"https:\/\/www.angela-bruderer.ch\/de\/rollator-regencape--6152400\" target=\"_blank\" rel=\"noopener\"><span style=\"color: #224faa;\">&nbsp;Link zum Angebot<\/span><\/a><\/p>\n<p class=\"MsoNormal\">\n<\/p><\/div>\n<\/div>\n","protected":false},"excerpt":{"rendered":"<p>Zuverl\u00e4ssiger Schutz bei jedem Wetter \u2013 der Regenponcho f\u00fcr Rollator Nutzer \u00fcberzeugt durch seine durchdachte Konstruktion und hohen Tragekomfort. Dank der extraweiten Passform sowie verl\u00e4ngerten Vorder- und R\u00fcckenteilen bleiben sowohl die Sitzfl\u00e4che als auch der Korb trocken. Fixierb\u00e4nder sorgen daf\u00fcr, dass das Cape auch bei starkem Wind sicher sitzt. Die Kapuze ist mit einem integrierten &#8230; <a title=\"Rollstuhl\/Rollator Regencape\" class=\"read-more\" href=\"http:\/\/www.vitalibera.org\/community\/2025\/09\/13\/rollstuhl-rollator-regencape\/\" aria-label=\"Mehr Informationen \u00fcber Rollstuhl\/Rollator Regencape\">Weiterlesen<\/a><\/p>\n","protected":false},"author":1,"featured_media":1649,"comment_status":"open","ping_status":"open","sticky":false,"template":"","format":"standard","meta":{"cybocfi_hide_featured_image":"yes","_jetpack_memberships_contains_paid_content":false,"footnotes":""},"categories":[75],"tags":[],"class_list":["post-1648","post","type-post","status-publish","format-standard","has-post-thumbnail","hentry","category-mobilitaet"],"yoast_head":"<!-- This site is optimized with the Yoast SEO plugin v27.4 - https:\/\/yoast.com\/product\/yoast-seo-wordpress\/ -->\r\n<title>Rollstuhl\/Rollator Regencape - vitalibera.org<\/title>\r\n<meta name=\"robots\" content=\"index, follow, max-snippet:-1, max-image-preview:large, max-video-preview:-1\" \/>\r\n<link rel=\"canonical\" href=\"http:\/\/www.vitalibera.org\/community\/2025\/09\/13\/rollstuhl-rollator-regencape\/\" \/>\r\n<meta property=\"og:locale\" content=\"de_DE\" \/>\r\n<meta property=\"og:type\" content=\"article\" \/>\r\n<meta property=\"og:title\" content=\"Rollstuhl\/Rollator Regencape - vitalibera.org\" \/>\r\n<meta property=\"og:description\" content=\"Zuverl\u00e4ssiger Schutz bei jedem Wetter \u2013 der Regenponcho f\u00fcr Rollator Nutzer \u00fcberzeugt durch seine durchdachte Konstruktion und hohen Tragekomfort. Dank der extraweiten Passform sowie verl\u00e4ngerten Vorder- und R\u00fcckenteilen bleiben sowohl die Sitzfl\u00e4che als auch der Korb trocken. Fixierb\u00e4nder sorgen daf\u00fcr, dass das Cape auch bei starkem Wind sicher sitzt. Die Kapuze ist mit einem integrierten ... Weiterlesen\" \/>\r\n<meta property=\"og:url\" content=\"http:\/\/www.vitalibera.org\/community\/2025\/09\/13\/rollstuhl-rollator-regencape\/\" \/>\r\n<meta property=\"og:site_name\" content=\"vitalibera.org\" \/>\r\n<meta property=\"article:publisher\" content=\"https:\/\/www.facebook.com\/groups\/2997085857140235\" \/>\r\n<meta property=\"article:published_time\" content=\"2025-09-13T07:18:14+00:00\" \/>\r\n<meta property=\"article:modified_time\" content=\"2025-09-13T07:47:44+00:00\" \/>\r\n<meta property=\"og:image\" content=\"http:\/\/www.vitalibera.org\/community\/wp-content\/uploads\/2025\/09\/image001-38.png\" \/>\r\n\t<meta property=\"og:image:width\" content=\"515\" \/>\r\n\t<meta property=\"og:image:height\" content=\"560\" \/>\r\n\t<meta property=\"og:image:type\" content=\"image\/png\" \/>\r\n<meta name=\"author\" content=\"admin\" \/>\r\n<meta name=\"twitter:card\" content=\"summary_large_image\" \/>\r\n<meta name=\"twitter:label1\" content=\"Verfasst von\" \/>\n\t<meta name=\"twitter:data1\" content=\"admin\" \/>\n\t<meta name=\"twitter:label2\" content=\"Gesch\u00e4tzte Lesezeit\" \/>\n\t<meta name=\"twitter:data2\" content=\"2\u00a0Minuten\" \/>\r\n<script type=\"application\/ld+json\" class=\"yoast-schema-graph\">{\"@context\":\"https:\\\/\\\/schema.org\",\"@graph\":[{\"@type\":\"Article\",\"@id\":\"http:\\\/\\\/www.vitalibera.org\\\/community\\\/2025\\\/09\\\/13\\\/rollstuhl-rollator-regencape\\\/#article\",\"isPartOf\":{\"@id\":\"http:\\\/\\\/www.vitalibera.org\\\/community\\\/2025\\\/09\\\/13\\\/rollstuhl-rollator-regencape\\\/\"},\"author\":{\"name\":\"admin\",\"@id\":\"https:\\\/\\\/www.vitalibera.org\\\/community\\\/#\\\/schema\\\/person\\\/c535fa8d561f7f8ca425ced40d87e582\"},\"headline\":\"Rollstuhl\\\/Rollator Regencape\",\"datePublished\":\"2025-09-13T07:18:14+00:00\",\"dateModified\":\"2025-09-13T07:47:44+00:00\",\"mainEntityOfPage\":{\"@id\":\"http:\\\/\\\/www.vitalibera.org\\\/community\\\/2025\\\/09\\\/13\\\/rollstuhl-rollator-regencape\\\/\"},\"wordCount\":142,\"commentCount\":0,\"publisher\":{\"@id\":\"https:\\\/\\\/www.vitalibera.org\\\/community\\\/#organization\"},\"image\":{\"@id\":\"http:\\\/\\\/www.vitalibera.org\\\/community\\\/2025\\\/09\\\/13\\\/rollstuhl-rollator-regencape\\\/#primaryimage\"},\"thumbnailUrl\":\"http:\\\/\\\/www.vitalibera.org\\\/community\\\/wp-content\\\/uploads\\\/2025\\\/09\\\/image001-38.png\",\"articleSection\":[\"Mobilit\u00e4t\"],\"inLanguage\":\"de\",\"potentialAction\":[{\"@type\":\"CommentAction\",\"name\":\"Comment\",\"target\":[\"http:\\\/\\\/www.vitalibera.org\\\/community\\\/2025\\\/09\\\/13\\\/rollstuhl-rollator-regencape\\\/#respond\"]}]},{\"@type\":\"WebPage\",\"@id\":\"http:\\\/\\\/www.vitalibera.org\\\/community\\\/2025\\\/09\\\/13\\\/rollstuhl-rollator-regencape\\\/\",\"url\":\"http:\\\/\\\/www.vitalibera.org\\\/community\\\/2025\\\/09\\\/13\\\/rollstuhl-rollator-regencape\\\/\",\"name\":\"Rollstuhl\\\/Rollator Regencape - vitalibera.org\",\"isPartOf\":{\"@id\":\"https:\\\/\\\/www.vitalibera.org\\\/community\\\/#website\"},\"primaryImageOfPage\":{\"@id\":\"http:\\\/\\\/www.vitalibera.org\\\/community\\\/2025\\\/09\\\/13\\\/rollstuhl-rollator-regencape\\\/#primaryimage\"},\"image\":{\"@id\":\"http:\\\/\\\/www.vitalibera.org\\\/community\\\/2025\\\/09\\\/13\\\/rollstuhl-rollator-regencape\\\/#primaryimage\"},\"thumbnailUrl\":\"http:\\\/\\\/www.vitalibera.org\\\/community\\\/wp-content\\\/uploads\\\/2025\\\/09\\\/image001-38.png\",\"datePublished\":\"2025-09-13T07:18:14+00:00\",\"dateModified\":\"2025-09-13T07:47:44+00:00\",\"breadcrumb\":{\"@id\":\"http:\\\/\\\/www.vitalibera.org\\\/community\\\/2025\\\/09\\\/13\\\/rollstuhl-rollator-regencape\\\/#breadcrumb\"},\"inLanguage\":\"de\",\"potentialAction\":[{\"@type\":\"ReadAction\",\"target\":[\"http:\\\/\\\/www.vitalibera.org\\\/community\\\/2025\\\/09\\\/13\\\/rollstuhl-rollator-regencape\\\/\"]}]},{\"@type\":\"BreadcrumbList\",\"@id\":\"http:\\\/\\\/www.vitalibera.org\\\/community\\\/2025\\\/09\\\/13\\\/rollstuhl-rollator-regencape\\\/#breadcrumb\",\"itemListElement\":[{\"@type\":\"ListItem\",\"position\":1,\"name\":\"Startseite\",\"item\":\"https:\\\/\\\/www.vitalibera.org\\\/community\\\/\"},{\"@type\":\"ListItem\",\"position\":2,\"name\":\"Rollstuhl\\\/Rollator Regencape\"}]},{\"@type\":\"WebSite\",\"@id\":\"https:\\\/\\\/www.vitalibera.org\\\/community\\\/#website\",\"url\":\"https:\\\/\\\/www.vitalibera.org\\\/community\\\/\",\"name\":\"vitalibera.org\",\"description\":\"Mit einer Einschr&auml;nkung gestaltet sich das Leben im Alltag oft schwieriger - hier berichten wir &uuml;ber unsere Erfahrungen und Hilfsmittel um den Alltag so unbeschwert und unkompliziert wie nur m&ouml;glich geniessen zu k&ouml;nnen. Dabei richten wir unseren Fokus gezielt auf Selbst&auml;ndigkeit, Eigenst&auml;ndigkeit und Selbstbestimmung.\",\"publisher\":{\"@id\":\"https:\\\/\\\/www.vitalibera.org\\\/community\\\/#organization\"},\"potentialAction\":[{\"@type\":\"SearchAction\",\"target\":{\"@type\":\"EntryPoint\",\"urlTemplate\":\"https:\\\/\\\/www.vitalibera.org\\\/community\\\/?s={search_term_string}\"},\"query-input\":{\"@type\":\"PropertyValueSpecification\",\"valueRequired\":true,\"valueName\":\"search_term_string\"}}],\"inLanguage\":\"de\"},{\"@type\":\"Organization\",\"@id\":\"https:\\\/\\\/www.vitalibera.org\\\/community\\\/#organization\",\"name\":\"vitalibera.org\",\"url\":\"https:\\\/\\\/www.vitalibera.org\\\/community\\\/\",\"logo\":{\"@type\":\"ImageObject\",\"inLanguage\":\"de\",\"@id\":\"https:\\\/\\\/www.vitalibera.org\\\/community\\\/#\\\/schema\\\/logo\\\/image\\\/\",\"url\":\"http:\\\/\\\/www.vitalibera.org\\\/community\\\/wp-content\\\/uploads\\\/2025\\\/09\\\/cropped-banner.png\",\"contentUrl\":\"http:\\\/\\\/www.vitalibera.org\\\/community\\\/wp-content\\\/uploads\\\/2025\\\/09\\\/cropped-banner.png\",\"width\":991,\"height\":150,\"caption\":\"vitalibera.org\"},\"image\":{\"@id\":\"https:\\\/\\\/www.vitalibera.org\\\/community\\\/#\\\/schema\\\/logo\\\/image\\\/\"},\"sameAs\":[\"https:\\\/\\\/www.facebook.com\\\/groups\\\/2997085857140235\"]},{\"@type\":\"Person\",\"@id\":\"https:\\\/\\\/www.vitalibera.org\\\/community\\\/#\\\/schema\\\/person\\\/c535fa8d561f7f8ca425ced40d87e582\",\"name\":\"admin\",\"image\":{\"@type\":\"ImageObject\",\"inLanguage\":\"de\",\"@id\":\"http:\\\/\\\/0.gravatar.com\\\/avatar\\\/ad516503a11cd5ca435acc9bb6523536?s=96\",\"url\":\"http:\\\/\\\/0.gravatar.com\\\/avatar\\\/ad516503a11cd5ca435acc9bb6523536?s=96\",\"contentUrl\":\"http:\\\/\\\/0.gravatar.com\\\/avatar\\\/ad516503a11cd5ca435acc9bb6523536?s=96\",\"caption\":\"admin\"},\"description\":\"admin\",\"sameAs\":[\"http:\\\/\\\/www.vitalibera.org\\\/community\"],\"url\":\"http:\\\/\\\/www.vitalibera.org\\\/community\\\/author\\\/admin\\\/\"}]}<\/script>\r\n<!-- \/ Yoast SEO plugin. -->","yoast_head_json":{"title":"Rollstuhl\/Rollator Regencape - vitalibera.org","robots":{"index":"index","follow":"follow","max-snippet":"max-snippet:-1","max-image-preview":"max-image-preview:large","max-video-preview":"max-video-preview:-1"},"canonical":"http:\/\/www.vitalibera.org\/community\/2025\/09\/13\/rollstuhl-rollator-regencape\/","og_locale":"de_DE","og_type":"article","og_title":"Rollstuhl\/Rollator Regencape - vitalibera.org","og_description":"Zuverl\u00e4ssiger Schutz bei jedem Wetter \u2013 der Regenponcho f\u00fcr Rollator Nutzer \u00fcberzeugt durch seine durchdachte Konstruktion und hohen Tragekomfort. Dank der extraweiten Passform sowie verl\u00e4ngerten Vorder- und R\u00fcckenteilen bleiben sowohl die Sitzfl\u00e4che als auch der Korb trocken. Fixierb\u00e4nder sorgen daf\u00fcr, dass das Cape auch bei starkem Wind sicher sitzt. Die Kapuze ist mit einem integrierten ... Weiterlesen","og_url":"http:\/\/www.vitalibera.org\/community\/2025\/09\/13\/rollstuhl-rollator-regencape\/","og_site_name":"vitalibera.org","article_publisher":"https:\/\/www.facebook.com\/groups\/2997085857140235","article_published_time":"2025-09-13T07:18:14+00:00","article_modified_time":"2025-09-13T07:47:44+00:00","og_image":[{"width":515,"height":560,"url":"http:\/\/www.vitalibera.org\/community\/wp-content\/uploads\/2025\/09\/image001-38.png","type":"image\/png"}],"author":"admin","twitter_card":"summary_large_image","twitter_misc":{"Verfasst von":"admin","Gesch\u00e4tzte Lesezeit":"2\u00a0Minuten"},"schema":{"@context":"https:\/\/schema.org","@graph":[{"@type":"Article","@id":"http:\/\/www.vitalibera.org\/community\/2025\/09\/13\/rollstuhl-rollator-regencape\/#article","isPartOf":{"@id":"http:\/\/www.vitalibera.org\/community\/2025\/09\/13\/rollstuhl-rollator-regencape\/"},"author":{"name":"admin","@id":"https:\/\/www.vitalibera.org\/community\/#\/schema\/person\/c535fa8d561f7f8ca425ced40d87e582"},"headline":"Rollstuhl\/Rollator Regencape","datePublished":"2025-09-13T07:18:14+00:00","dateModified":"2025-09-13T07:47:44+00:00","mainEntityOfPage":{"@id":"http:\/\/www.vitalibera.org\/community\/2025\/09\/13\/rollstuhl-rollator-regencape\/"},"wordCount":142,"commentCount":0,"publisher":{"@id":"https:\/\/www.vitalibera.org\/community\/#organization"},"image":{"@id":"http:\/\/www.vitalibera.org\/community\/2025\/09\/13\/rollstuhl-rollator-regencape\/#primaryimage"},"thumbnailUrl":"http:\/\/www.vitalibera.org\/community\/wp-content\/uploads\/2025\/09\/image001-38.png","articleSection":["Mobilit\u00e4t"],"inLanguage":"de","potentialAction":[{"@type":"CommentAction","name":"Comment","target":["http:\/\/www.vitalibera.org\/community\/2025\/09\/13\/rollstuhl-rollator-regencape\/#respond"]}]},{"@type":"WebPage","@id":"http:\/\/www.vitalibera.org\/community\/2025\/09\/13\/rollstuhl-rollator-regencape\/","url":"http:\/\/www.vitalibera.org\/community\/2025\/09\/13\/rollstuhl-rollator-regencape\/","name":"Rollstuhl\/Rollator Regencape - vitalibera.org","isPartOf":{"@id":"https:\/\/www.vitalibera.org\/community\/#website"},"primaryImageOfPage":{"@id":"http:\/\/www.vitalibera.org\/community\/2025\/09\/13\/rollstuhl-rollator-regencape\/#primaryimage"},"image":{"@id":"http:\/\/www.vitalibera.org\/community\/2025\/09\/13\/rollstuhl-rollator-regencape\/#primaryimage"},"thumbnailUrl":"http:\/\/www.vitalibera.org\/community\/wp-content\/uploads\/2025\/09\/image001-38.png","datePublished":"2025-09-13T07:18:14+00:00","dateModified":"2025-09-13T07:47:44+00:00","breadcrumb":{"@id":"http:\/\/www.vitalibera.org\/community\/2025\/09\/13\/rollstuhl-rollator-regencape\/#breadcrumb"},"inLanguage":"de","potentialAction":[{"@type":"ReadAction","target":["http:\/\/www.vitalibera.org\/community\/2025\/09\/13\/rollstuhl-rollator-regencape\/"]}]},{"@type":"BreadcrumbList","@id":"http:\/\/www.vitalibera.org\/community\/2025\/09\/13\/rollstuhl-rollator-regencape\/#breadcrumb","itemListElement":[{"@type":"ListItem","position":1,"name":"Startseite","item":"https:\/\/www.vitalibera.org\/community\/"},{"@type":"ListItem","position":2,"name":"Rollstuhl\/Rollator Regencape"}]},{"@type":"WebSite","@id":"https:\/\/www.vitalibera.org\/community\/#website","url":"https:\/\/www.vitalibera.org\/community\/","name":"vitalibera.org","description":"Mit einer Einschr&auml;nkung gestaltet sich das Leben im Alltag oft schwieriger - hier berichten wir &uuml;ber unsere Erfahrungen und Hilfsmittel um den Alltag so unbeschwert und unkompliziert wie nur m&ouml;glich geniessen zu k&ouml;nnen. Dabei richten wir unseren Fokus gezielt auf Selbst&auml;ndigkeit, Eigenst&auml;ndigkeit und Selbstbestimmung.","publisher":{"@id":"https:\/\/www.vitalibera.org\/community\/#organization"},"potentialAction":[{"@type":"SearchAction","target":{"@type":"EntryPoint","urlTemplate":"https:\/\/www.vitalibera.org\/community\/?s={search_term_string}"},"query-input":{"@type":"PropertyValueSpecification","valueRequired":true,"valueName":"search_term_string"}}],"inLanguage":"de"},{"@type":"Organization","@id":"https:\/\/www.vitalibera.org\/community\/#organization","name":"vitalibera.org","url":"https:\/\/www.vitalibera.org\/community\/","logo":{"@type":"ImageObject","inLanguage":"de","@id":"https:\/\/www.vitalibera.org\/community\/#\/schema\/logo\/image\/","url":"http:\/\/www.vitalibera.org\/community\/wp-content\/uploads\/2025\/09\/cropped-banner.png","contentUrl":"http:\/\/www.vitalibera.org\/community\/wp-content\/uploads\/2025\/09\/cropped-banner.png","width":991,"height":150,"caption":"vitalibera.org"},"image":{"@id":"https:\/\/www.vitalibera.org\/community\/#\/schema\/logo\/image\/"},"sameAs":["https:\/\/www.facebook.com\/groups\/2997085857140235"]},{"@type":"Person","@id":"https:\/\/www.vitalibera.org\/community\/#\/schema\/person\/c535fa8d561f7f8ca425ced40d87e582","name":"admin","image":{"@type":"ImageObject","inLanguage":"de","@id":"http:\/\/0.gravatar.com\/avatar\/ad516503a11cd5ca435acc9bb6523536?s=96","url":"http:\/\/0.gravatar.com\/avatar\/ad516503a11cd5ca435acc9bb6523536?s=96","contentUrl":"http:\/\/0.gravatar.com\/avatar\/ad516503a11cd5ca435acc9bb6523536?s=96","caption":"admin"},"description":"admin","sameAs":["http:\/\/www.vitalibera.org\/community"],"url":"http:\/\/www.vitalibera.org\/community\/author\/admin\/"}]}},"jetpack_featured_media_url":"http:\/\/www.vitalibera.org\/community\/wp-content\/uploads\/2025\/09\/image001-38.png","jetpack_sharing_enabled":true,"jetpack-related-posts":[],"_links":{"self":[{"href":"http:\/\/www.vitalibera.org\/community\/wp-json\/wp\/v2\/posts\/1648","targetHints":{"allow":["GET"]}}],"collection":[{"href":"http:\/\/www.vitalibera.org\/community\/wp-json\/wp\/v2\/posts"}],"about":[{"href":"http:\/\/www.vitalibera.org\/community\/wp-json\/wp\/v2\/types\/post"}],"author":[{"embeddable":true,"href":"http:\/\/www.vitalibera.org\/community\/wp-json\/wp\/v2\/users\/1"}],"replies":[{"embeddable":true,"href":"http:\/\/www.vitalibera.org\/community\/wp-json\/wp\/v2\/comments?post=1648"}],"version-history":[{"count":0,"href":"http:\/\/www.vitalibera.org\/community\/wp-json\/wp\/v2\/posts\/1648\/revisions"}],"wp:featuredmedia":[{"embeddable":true,"href":"http:\/\/www.vitalibera.org\/community\/wp-json\/wp\/v2\/media\/1649"}],"wp:attachment":[{"href":"http:\/\/www.vitalibera.org\/community\/wp-json\/wp\/v2\/media?parent=1648"}],"wp:term":[{"taxonomy":"category","embeddable":true,"href":"http:\/\/www.vitalibera.org\/community\/wp-json\/wp\/v2\/categories?post=1648"},{"taxonomy":"post_tag","embeddable":true,"href":"http:\/\/www.vitalibera.org\/community\/wp-json\/wp\/v2\/tags?post=1648"}],"curies":[{"name":"wp","href":"https:\/\/api.w.org\/{rel}","templated":true}]}}