{"id":2572,"date":"2025-10-02T12:18:16","date_gmt":"2025-10-02T10:18:16","guid":{"rendered":"https:\/\/www.vitalibera.org\/community\/?p=2572"},"modified":"2025-10-02T12:18:20","modified_gmt":"2025-10-02T10:18:20","slug":"sprachgesteuerte-led-usb-lampe","status":"publish","type":"post","link":"http:\/\/www.vitalibera.org\/community\/2025\/10\/02\/sprachgesteuerte-led-usb-lampe\/","title":{"rendered":"Sprachgesteuerte LED-USB-Lampe"},"content":{"rendered":"\n<p>Sind Sie in ihrer Mobilit&auml;t eingeschr&auml;nkt? Dieses LED-Nachtlicht l&auml;sst sich mittels Sprachsteuerung an- und abschalten!<\/p>\n\n\n\n<figure class=\"wp-block-image size-full\"><img fetchpriority=\"high\" decoding=\"async\" width=\"670\" height=\"674\" src=\"https:\/\/www.vitalibera.org\/community\/wp-content\/uploads\/2025\/10\/nachtlicht1.png\" alt=\"\" class=\"wp-image-2574\" srcset=\"http:\/\/www.vitalibera.org\/community\/wp-content\/uploads\/2025\/10\/nachtlicht1.png 670w, http:\/\/www.vitalibera.org\/community\/wp-content\/uploads\/2025\/10\/nachtlicht1-298x300.png 298w, http:\/\/www.vitalibera.org\/community\/wp-content\/uploads\/2025\/10\/nachtlicht1-150x150.png 150w\" sizes=\"(max-width: 670px) 100vw, 670px\" \/><\/figure>\n\n\n\n<figure class=\"wp-block-image size-large\"><img decoding=\"async\" width=\"626\" height=\"1024\" src=\"https:\/\/www.vitalibera.org\/community\/wp-content\/uploads\/2025\/10\/nachtlichtspec-626x1024.jpg\" alt=\"\" class=\"wp-image-2575\" srcset=\"http:\/\/www.vitalibera.org\/community\/wp-content\/uploads\/2025\/10\/nachtlichtspec-626x1024.jpg 626w, http:\/\/www.vitalibera.org\/community\/wp-content\/uploads\/2025\/10\/nachtlichtspec-183x300.jpg 183w, http:\/\/www.vitalibera.org\/community\/wp-content\/uploads\/2025\/10\/nachtlichtspec.jpg 750w\" sizes=\"(max-width: 626px) 100vw, 626px\" \/><\/figure>\n\n\n\n<p><a href=\"https:\/\/detroland.com\/products\/voiceioc?utm_medium=paid&amp;utm_id=120234949899060020&amp;utm_content=120234949899050020&amp;utm_term=120234949899080020&amp;utm_campaign=120234949899060020&amp;fbclid=IwY2xjawNLLutleHRuA2FlbQEwAGFkaWQBqykM3OzohAEet2QT_dU835jbBqztulXE_xw_NZr2El7xNP3Pyax-q47e6wEiW_530iJjp0Y_aem_P0A98uQgD9DLGUBJaVTzGA\" target=\"_blank\" rel=\"noreferrer noopener\">Zum Angebot<\/a><\/p>\n","protected":false},"excerpt":{"rendered":"<p>Sind Sie in ihrer Mobilit\u00e4t eingeschr\u00e4nkt? Dieses LED-Nachtlicht l\u00e4sst sich mittels Sprachsteuerung an- und abschalten! Zum Angebot<\/p>\n","protected":false},"author":1,"featured_media":2573,"comment_status":"open","ping_status":"open","sticky":false,"template":"","format":"standard","meta":{"cybocfi_hide_featured_image":"yes","_jetpack_newsletter_access":"","_jetpack_dont_email_post_to_subs":false,"_jetpack_newsletter_tier_id":0,"_jetpack_memberships_contains_paywalled_content":false,"_jetpack_feature_clip_id":0,"_jetpack_memberships_contains_paid_content":false,"footnotes":"","jetpack_publicize_message":"","jetpack_publicize_feature_enabled":true,"jetpack_social_post_already_shared":false,"jetpack_social_options":{"image_generator_settings":{"template":"highway","default_image_id":0,"font":"","enabled":false},"version":2},"jetpack_post_was_ever_published":false},"categories":[74],"tags":[],"class_list":["post-2572","post","type-post","status-publish","format-standard","has-post-thumbnail","hentry","category-sicherheit"],"yoast_head":"<!-- This site is optimized with the Yoast SEO plugin v28.2 - https:\/\/yoast.com\/product\/yoast-seo-wordpress\/ -->\r\n<title>Sprachgesteuerte LED-USB-Lampe - vitalibera.org<\/title>\r\n<meta name=\"robots\" content=\"index, follow, max-snippet:-1, max-image-preview:large, max-video-preview:-1\" \/>\r\n<link rel=\"canonical\" href=\"https:\/\/www.vitalibera.org\/community\/2025\/10\/02\/sprachgesteuerte-led-usb-lampe\/\" \/>\r\n<meta property=\"og:locale\" content=\"de_DE\" \/>\r\n<meta property=\"og:type\" content=\"article\" \/>\r\n<meta property=\"og:title\" content=\"Sprachgesteuerte LED-USB-Lampe - vitalibera.org\" \/>\r\n<meta property=\"og:description\" content=\"Sind Sie in ihrer Mobilit\u00e4t eingeschr\u00e4nkt? Dieses LED-Nachtlicht l\u00e4sst sich mittels Sprachsteuerung an- und abschalten! Zum Angebot\" \/>\r\n<meta property=\"og:url\" content=\"https:\/\/www.vitalibera.org\/community\/2025\/10\/02\/sprachgesteuerte-led-usb-lampe\/\" \/>\r\n<meta property=\"og:site_name\" content=\"vitalibera.org\" \/>\r\n<meta property=\"article:publisher\" content=\"https:\/\/www.facebook.com\/groups\/2997085857140235\" \/>\r\n<meta property=\"article:published_time\" content=\"2025-10-02T10:18:16+00:00\" \/>\r\n<meta property=\"article:modified_time\" content=\"2025-10-02T10:18:20+00:00\" \/>\r\n<meta property=\"og:image\" content=\"https:\/\/www.vitalibera.org\/community\/wp-content\/uploads\/2025\/10\/image-1.png\" \/>\r\n\t<meta property=\"og:image:width\" content=\"206\" \/>\r\n\t<meta property=\"og:image:height\" content=\"336\" \/>\r\n\t<meta property=\"og:image:type\" content=\"image\/png\" \/>\r\n<meta name=\"author\" content=\"admin\" \/>\r\n<meta name=\"twitter:card\" content=\"summary_large_image\" \/>\r\n<meta name=\"twitter:label1\" content=\"Verfasst von\" \/>\n\t<meta name=\"twitter:data1\" content=\"admin\" \/>\n\t<meta name=\"twitter:label2\" content=\"Gesch\u00e4tzte Lesezeit\" \/>\n\t<meta name=\"twitter:data2\" content=\"1\u00a0Minute\" \/>\r\n<script type=\"application\/ld+json\" class=\"yoast-schema-graph\">{\"@context\":\"https:\\\/\\\/schema.org\",\"@graph\":[{\"@type\":\"Article\",\"@id\":\"https:\\\/\\\/www.vitalibera.org\\\/community\\\/2025\\\/10\\\/02\\\/sprachgesteuerte-led-usb-lampe\\\/#article\",\"isPartOf\":{\"@id\":\"https:\\\/\\\/www.vitalibera.org\\\/community\\\/2025\\\/10\\\/02\\\/sprachgesteuerte-led-usb-lampe\\\/\"},\"author\":{\"name\":\"admin\",\"@id\":\"https:\\\/\\\/www.vitalibera.org\\\/community\\\/#\\\/schema\\\/person\\\/c535fa8d561f7f8ca425ced40d87e582\"},\"headline\":\"Sprachgesteuerte LED-USB-Lampe\",\"datePublished\":\"2025-10-02T10:18:16+00:00\",\"dateModified\":\"2025-10-02T10:18:20+00:00\",\"mainEntityOfPage\":{\"@id\":\"https:\\\/\\\/www.vitalibera.org\\\/community\\\/2025\\\/10\\\/02\\\/sprachgesteuerte-led-usb-lampe\\\/\"},\"wordCount\":22,\"commentCount\":0,\"publisher\":{\"@id\":\"https:\\\/\\\/www.vitalibera.org\\\/community\\\/#organization\"},\"image\":{\"@id\":\"https:\\\/\\\/www.vitalibera.org\\\/community\\\/2025\\\/10\\\/02\\\/sprachgesteuerte-led-usb-lampe\\\/#primaryimage\"},\"thumbnailUrl\":\"http:\\\/\\\/www.vitalibera.org\\\/community\\\/wp-content\\\/uploads\\\/2025\\\/10\\\/image-1.png\",\"articleSection\":[\"Sicherheit\"],\"inLanguage\":\"de\",\"potentialAction\":[{\"@type\":\"CommentAction\",\"name\":\"Comment\",\"target\":[\"https:\\\/\\\/www.vitalibera.org\\\/community\\\/2025\\\/10\\\/02\\\/sprachgesteuerte-led-usb-lampe\\\/#respond\"]}]},{\"@type\":\"WebPage\",\"@id\":\"https:\\\/\\\/www.vitalibera.org\\\/community\\\/2025\\\/10\\\/02\\\/sprachgesteuerte-led-usb-lampe\\\/\",\"url\":\"https:\\\/\\\/www.vitalibera.org\\\/community\\\/2025\\\/10\\\/02\\\/sprachgesteuerte-led-usb-lampe\\\/\",\"name\":\"Sprachgesteuerte LED-USB-Lampe - vitalibera.org\",\"isPartOf\":{\"@id\":\"https:\\\/\\\/www.vitalibera.org\\\/community\\\/#website\"},\"primaryImageOfPage\":{\"@id\":\"https:\\\/\\\/www.vitalibera.org\\\/community\\\/2025\\\/10\\\/02\\\/sprachgesteuerte-led-usb-lampe\\\/#primaryimage\"},\"image\":{\"@id\":\"https:\\\/\\\/www.vitalibera.org\\\/community\\\/2025\\\/10\\\/02\\\/sprachgesteuerte-led-usb-lampe\\\/#primaryimage\"},\"thumbnailUrl\":\"http:\\\/\\\/www.vitalibera.org\\\/community\\\/wp-content\\\/uploads\\\/2025\\\/10\\\/image-1.png\",\"datePublished\":\"2025-10-02T10:18:16+00:00\",\"dateModified\":\"2025-10-02T10:18:20+00:00\",\"breadcrumb\":{\"@id\":\"https:\\\/\\\/www.vitalibera.org\\\/community\\\/2025\\\/10\\\/02\\\/sprachgesteuerte-led-usb-lampe\\\/#breadcrumb\"},\"inLanguage\":\"de\",\"potentialAction\":[{\"@type\":\"ReadAction\",\"target\":[\"https:\\\/\\\/www.vitalibera.org\\\/community\\\/2025\\\/10\\\/02\\\/sprachgesteuerte-led-usb-lampe\\\/\"]}]},{\"@type\":\"BreadcrumbList\",\"@id\":\"https:\\\/\\\/www.vitalibera.org\\\/community\\\/2025\\\/10\\\/02\\\/sprachgesteuerte-led-usb-lampe\\\/#breadcrumb\",\"itemListElement\":[{\"@type\":\"ListItem\",\"position\":1,\"name\":\"Startseite\",\"item\":\"https:\\\/\\\/www.vitalibera.org\\\/community\\\/\"},{\"@type\":\"ListItem\",\"position\":2,\"name\":\"Sprachgesteuerte LED-USB-Lampe\"}]},{\"@type\":\"WebSite\",\"@id\":\"https:\\\/\\\/www.vitalibera.org\\\/community\\\/#website\",\"url\":\"https:\\\/\\\/www.vitalibera.org\\\/community\\\/\",\"name\":\"vitalibera.org\",\"description\":\"Mit einer Einschr&auml;nkung gestaltet sich das Leben im Alltag oft schwieriger - hier berichten wir &uuml;ber unsere Erfahrungen und Hilfsmittel um den Alltag so unbeschwert und unkompliziert wie nur m&ouml;glich geniessen zu k&ouml;nnen. Dabei richten wir unseren Fokus gezielt auf Selbst&auml;ndigkeit, Eigenst&auml;ndigkeit und Selbstbestimmung.\",\"publisher\":{\"@id\":\"https:\\\/\\\/www.vitalibera.org\\\/community\\\/#organization\"},\"potentialAction\":[{\"@type\":\"SearchAction\",\"target\":{\"@type\":\"EntryPoint\",\"urlTemplate\":\"https:\\\/\\\/www.vitalibera.org\\\/community\\\/?s={search_term_string}\"},\"query-input\":{\"@type\":\"PropertyValueSpecification\",\"valueRequired\":true,\"valueName\":\"search_term_string\"}}],\"inLanguage\":\"de\"},{\"@type\":\"Organization\",\"@id\":\"https:\\\/\\\/www.vitalibera.org\\\/community\\\/#organization\",\"name\":\"vitalibera.org\",\"url\":\"https:\\\/\\\/www.vitalibera.org\\\/community\\\/\",\"logo\":{\"@type\":\"ImageObject\",\"inLanguage\":\"de\",\"@id\":\"https:\\\/\\\/www.vitalibera.org\\\/community\\\/#\\\/schema\\\/logo\\\/image\\\/\",\"url\":\"http:\\\/\\\/www.vitalibera.org\\\/community\\\/wp-content\\\/uploads\\\/2025\\\/09\\\/cropped-banner.png\",\"contentUrl\":\"http:\\\/\\\/www.vitalibera.org\\\/community\\\/wp-content\\\/uploads\\\/2025\\\/09\\\/cropped-banner.png\",\"width\":991,\"height\":150,\"caption\":\"vitalibera.org\"},\"image\":{\"@id\":\"https:\\\/\\\/www.vitalibera.org\\\/community\\\/#\\\/schema\\\/logo\\\/image\\\/\"},\"sameAs\":[\"https:\\\/\\\/www.facebook.com\\\/groups\\\/2997085857140235\"]},{\"@type\":\"Person\",\"@id\":\"https:\\\/\\\/www.vitalibera.org\\\/community\\\/#\\\/schema\\\/person\\\/c535fa8d561f7f8ca425ced40d87e582\",\"name\":\"admin\",\"image\":{\"@type\":\"ImageObject\",\"inLanguage\":\"de\",\"@id\":\"http:\\\/\\\/0.gravatar.com\\\/avatar\\\/ad516503a11cd5ca435acc9bb6523536?s=96\",\"url\":\"http:\\\/\\\/0.gravatar.com\\\/avatar\\\/ad516503a11cd5ca435acc9bb6523536?s=96\",\"contentUrl\":\"http:\\\/\\\/0.gravatar.com\\\/avatar\\\/ad516503a11cd5ca435acc9bb6523536?s=96\",\"caption\":\"admin\"},\"description\":\"admin\",\"sameAs\":[\"http:\\\/\\\/www.vitalibera.org\\\/community\"],\"url\":\"http:\\\/\\\/www.vitalibera.org\\\/community\\\/author\\\/admin\\\/\"}]}<\/script>\r\n<!-- \/ Yoast SEO plugin. -->","yoast_head_json":{"title":"Sprachgesteuerte LED-USB-Lampe - vitalibera.org","robots":{"index":"index","follow":"follow","max-snippet":"max-snippet:-1","max-image-preview":"max-image-preview:large","max-video-preview":"max-video-preview:-1"},"canonical":"https:\/\/www.vitalibera.org\/community\/2025\/10\/02\/sprachgesteuerte-led-usb-lampe\/","og_locale":"de_DE","og_type":"article","og_title":"Sprachgesteuerte LED-USB-Lampe - vitalibera.org","og_description":"Sind Sie in ihrer Mobilit\u00e4t eingeschr\u00e4nkt? Dieses LED-Nachtlicht l\u00e4sst sich mittels Sprachsteuerung an- und abschalten! Zum Angebot","og_url":"https:\/\/www.vitalibera.org\/community\/2025\/10\/02\/sprachgesteuerte-led-usb-lampe\/","og_site_name":"vitalibera.org","article_publisher":"https:\/\/www.facebook.com\/groups\/2997085857140235","article_published_time":"2025-10-02T10:18:16+00:00","article_modified_time":"2025-10-02T10:18:20+00:00","og_image":[{"width":206,"height":336,"url":"https:\/\/www.vitalibera.org\/community\/wp-content\/uploads\/2025\/10\/image-1.png","type":"image\/png"}],"author":"admin","twitter_card":"summary_large_image","twitter_misc":{"Verfasst von":"admin","Gesch\u00e4tzte Lesezeit":"1\u00a0Minute"},"schema":{"@context":"https:\/\/schema.org","@graph":[{"@type":"Article","@id":"https:\/\/www.vitalibera.org\/community\/2025\/10\/02\/sprachgesteuerte-led-usb-lampe\/#article","isPartOf":{"@id":"https:\/\/www.vitalibera.org\/community\/2025\/10\/02\/sprachgesteuerte-led-usb-lampe\/"},"author":{"name":"admin","@id":"https:\/\/www.vitalibera.org\/community\/#\/schema\/person\/c535fa8d561f7f8ca425ced40d87e582"},"headline":"Sprachgesteuerte LED-USB-Lampe","datePublished":"2025-10-02T10:18:16+00:00","dateModified":"2025-10-02T10:18:20+00:00","mainEntityOfPage":{"@id":"https:\/\/www.vitalibera.org\/community\/2025\/10\/02\/sprachgesteuerte-led-usb-lampe\/"},"wordCount":22,"commentCount":0,"publisher":{"@id":"https:\/\/www.vitalibera.org\/community\/#organization"},"image":{"@id":"https:\/\/www.vitalibera.org\/community\/2025\/10\/02\/sprachgesteuerte-led-usb-lampe\/#primaryimage"},"thumbnailUrl":"http:\/\/www.vitalibera.org\/community\/wp-content\/uploads\/2025\/10\/image-1.png","articleSection":["Sicherheit"],"inLanguage":"de","potentialAction":[{"@type":"CommentAction","name":"Comment","target":["https:\/\/www.vitalibera.org\/community\/2025\/10\/02\/sprachgesteuerte-led-usb-lampe\/#respond"]}]},{"@type":"WebPage","@id":"https:\/\/www.vitalibera.org\/community\/2025\/10\/02\/sprachgesteuerte-led-usb-lampe\/","url":"https:\/\/www.vitalibera.org\/community\/2025\/10\/02\/sprachgesteuerte-led-usb-lampe\/","name":"Sprachgesteuerte LED-USB-Lampe - vitalibera.org","isPartOf":{"@id":"https:\/\/www.vitalibera.org\/community\/#website"},"primaryImageOfPage":{"@id":"https:\/\/www.vitalibera.org\/community\/2025\/10\/02\/sprachgesteuerte-led-usb-lampe\/#primaryimage"},"image":{"@id":"https:\/\/www.vitalibera.org\/community\/2025\/10\/02\/sprachgesteuerte-led-usb-lampe\/#primaryimage"},"thumbnailUrl":"http:\/\/www.vitalibera.org\/community\/wp-content\/uploads\/2025\/10\/image-1.png","datePublished":"2025-10-02T10:18:16+00:00","dateModified":"2025-10-02T10:18:20+00:00","breadcrumb":{"@id":"https:\/\/www.vitalibera.org\/community\/2025\/10\/02\/sprachgesteuerte-led-usb-lampe\/#breadcrumb"},"inLanguage":"de","potentialAction":[{"@type":"ReadAction","target":["https:\/\/www.vitalibera.org\/community\/2025\/10\/02\/sprachgesteuerte-led-usb-lampe\/"]}]},{"@type":"BreadcrumbList","@id":"https:\/\/www.vitalibera.org\/community\/2025\/10\/02\/sprachgesteuerte-led-usb-lampe\/#breadcrumb","itemListElement":[{"@type":"ListItem","position":1,"name":"Startseite","item":"https:\/\/www.vitalibera.org\/community\/"},{"@type":"ListItem","position":2,"name":"Sprachgesteuerte LED-USB-Lampe"}]},{"@type":"WebSite","@id":"https:\/\/www.vitalibera.org\/community\/#website","url":"https:\/\/www.vitalibera.org\/community\/","name":"vitalibera.org","description":"Mit einer Einschr&auml;nkung gestaltet sich das Leben im Alltag oft schwieriger - hier berichten wir &uuml;ber unsere Erfahrungen und Hilfsmittel um den Alltag so unbeschwert und unkompliziert wie nur m&ouml;glich geniessen zu k&ouml;nnen. Dabei richten wir unseren Fokus gezielt auf Selbst&auml;ndigkeit, Eigenst&auml;ndigkeit und Selbstbestimmung.","publisher":{"@id":"https:\/\/www.vitalibera.org\/community\/#organization"},"potentialAction":[{"@type":"SearchAction","target":{"@type":"EntryPoint","urlTemplate":"https:\/\/www.vitalibera.org\/community\/?s={search_term_string}"},"query-input":{"@type":"PropertyValueSpecification","valueRequired":true,"valueName":"search_term_string"}}],"inLanguage":"de"},{"@type":"Organization","@id":"https:\/\/www.vitalibera.org\/community\/#organization","name":"vitalibera.org","url":"https:\/\/www.vitalibera.org\/community\/","logo":{"@type":"ImageObject","inLanguage":"de","@id":"https:\/\/www.vitalibera.org\/community\/#\/schema\/logo\/image\/","url":"http:\/\/www.vitalibera.org\/community\/wp-content\/uploads\/2025\/09\/cropped-banner.png","contentUrl":"http:\/\/www.vitalibera.org\/community\/wp-content\/uploads\/2025\/09\/cropped-banner.png","width":991,"height":150,"caption":"vitalibera.org"},"image":{"@id":"https:\/\/www.vitalibera.org\/community\/#\/schema\/logo\/image\/"},"sameAs":["https:\/\/www.facebook.com\/groups\/2997085857140235"]},{"@type":"Person","@id":"https:\/\/www.vitalibera.org\/community\/#\/schema\/person\/c535fa8d561f7f8ca425ced40d87e582","name":"admin","image":{"@type":"ImageObject","inLanguage":"de","@id":"http:\/\/0.gravatar.com\/avatar\/ad516503a11cd5ca435acc9bb6523536?s=96","url":"http:\/\/0.gravatar.com\/avatar\/ad516503a11cd5ca435acc9bb6523536?s=96","contentUrl":"http:\/\/0.gravatar.com\/avatar\/ad516503a11cd5ca435acc9bb6523536?s=96","caption":"admin"},"description":"admin","sameAs":["http:\/\/www.vitalibera.org\/community"],"url":"http:\/\/www.vitalibera.org\/community\/author\/admin\/"}]}},"jetpack_publicize_connections":[],"jetpack_sharing_enabled":true,"jetpack-related-posts":[{"id":8499,"url":"http:\/\/www.vitalibera.org\/community\/2026\/07\/06\/smarte-beleuchtung-fuer-mehr-selbststaendigkeit-im-alltag-nach-hirnverletzung\/","url_meta":{"origin":2572,"position":0},"title":"Smarte Beleuchtung f\u00fcr mehr Selbstst\u00e4ndigkeit im Alltag nach Hirnverletzung","author":"Andreas Jecklin","date":"6 Juli, 2026","format":false,"excerpt":"Eine intelligent geplante Smarthome-Beleuchtung unterst\u00fctzt dich dabei, Wege sicherer zu gestalten, unn\u00f6tige Anstrengungen zu vermeiden und allt\u00e4gliche Aufgaben selbstst\u00e4ndiger zu bew\u00e4ltigen. Automatisch gesteuertes Licht, Bewegungsmelder und Sprachbefehle sorgen daf\u00fcr, dass Beleuchtung genau dann verf\u00fcgbar ist, wenn du sie brauchst \u2013 m\u00fchelos, komfortabel und ohne zus\u00e4tzliche Belastung.","rel":"","context":"In &quot;Haushalt&quot;","block_context":{"text":"Haushalt","link":"http:\/\/www.vitalibera.org\/community\/category\/beitraege\/eingeschraenkt-im-alltag\/alltag\/haushalt\/"},"img":{"alt_text":"","src":"https:\/\/i0.wp.com\/www.vitalibera.org\/community\/wp-content\/uploads\/2026\/07\/smartled24117.png?resize=350%2C200","width":350,"height":200},"classes":[]},{"id":2068,"url":"http:\/\/www.vitalibera.org\/community\/2025\/09\/19\/windows-sprachsteuerung\/","url_meta":{"origin":2572,"position":1},"title":"Windows-Sprachsteuerung","author":"admin","date":"19 September, 2025","format":false,"excerpt":"Die Windows-Sprachsteuerung\u00a0umfasst den Sprachzugriff (in Windows 11) und die Spracheingabe (Windows-Taste + H).\u00a0F\u00fcr die vollst\u00e4ndige Kontrolle und das Diktieren ist der Sprachzugriff in den Einstellungen unter Barrierefreiheit zu finden und erm\u00f6glicht die Steuerung des PCs sowie das Diktieren von Text.\u00a0Die Spracheingabe ist ein schneller Weg, um Text zu diktieren, indem\u2026","rel":"","context":"In &quot;Arbeit&quot;","block_context":{"text":"Arbeit","link":"http:\/\/www.vitalibera.org\/community\/category\/beitraege\/eingeschraenkt-im-alltag\/alltag\/arbeit\/"},"img":{"alt_text":"","src":"https:\/\/i0.wp.com\/www.vitalibera.org\/community\/wp-content\/uploads\/2025\/09\/sprachsteuerung.jpg?resize=350%2C200","width":350,"height":200},"classes":[]},{"id":6706,"url":"http:\/\/www.vitalibera.org\/community\/2026\/04\/13\/reizempfindlichkeit-nach-einer-neurologischen-erkrankung\/","url_meta":{"origin":2572,"position":2},"title":"Reizempfindlichkeit nach einer neurologischen Erkrankung","author":"Andreas Jecklin","date":"13 April, 2026","format":false,"excerpt":"Reizempfindlichkeit nach einer neurologischen Erkrankung ist kein \u201eSensibel-Sein\u201c, sondern eine neurobiologische \u00dcberlastungsreaktion eines verletzten oder ersch\u00f6pften Gehirns. Sie ist real, messbar und folgt klaren Mustern. Und: Man kann sie steuern, wenn man versteht, wie sie entsteht. Was Reizempfindlichkeit wirklich ist Nach einer neurologischen Erkrankung (SHT, Schlaganfall, Entz\u00fcndung, Hypoxie, Long Covid,\u2026","rel":"","context":"In &quot;Fachwissen&quot;","block_context":{"text":"Fachwissen","link":"http:\/\/www.vitalibera.org\/community\/category\/beitraege\/fachwissen\/"},"img":{"alt_text":"","src":"https:\/\/i0.wp.com\/www.vitalibera.org\/community\/wp-content\/uploads\/2026\/03\/brainexplo.png?resize=350%2C200","width":350,"height":200},"classes":[]},{"id":8479,"url":"http:\/\/www.vitalibera.org\/community\/2026\/07\/04\/programmieren-und-tuefteln-nach-einer-gehirnverletzung-als-kognitives-training\/","url_meta":{"origin":2572,"position":3},"title":"Programmieren und T\u00fcfteln nach einer Gehirnverletzung als kognitives Training","author":"Andreas Jecklin","date":"4 Juli, 2026","format":false,"excerpt":"Nach einer Gehirnverletzung k\u00f6nnen Konzentration, Ged\u00e4chtnis, Aufmerksamkeit und Probleml\u00f6sungsf\u00e4higkeiten beeintr\u00e4chtigt sein. Neben klassischen Therapien k\u00f6nnen auch geistig anspruchsvolle Aktivit\u00e4ten zur F\u00f6rderung kognitiver F\u00e4higkeiten beitragen. Dazu geh\u00f6ren das Programmieren, das L\u00f6sen technischer Probleme und das kreative T\u00fcfteln. Diese T\u00e4tigkeiten fordern logisches Denken, Planung, Ausdauer und Fehlersuche und k\u00f6nnen dadurch verschiedene kognitive\u2026","rel":"","context":"In &quot;Arbeit&quot;","block_context":{"text":"Arbeit","link":"http:\/\/www.vitalibera.org\/community\/category\/beitraege\/eingeschraenkt-im-alltag\/alltag\/arbeit\/"},"img":{"alt_text":"","src":"https:\/\/i0.wp.com\/www.vitalibera.org\/community\/wp-content\/uploads\/2026\/07\/coding22.png?resize=350%2C200","width":350,"height":200},"classes":[]},{"id":3525,"url":"http:\/\/www.vitalibera.org\/community\/2025\/10\/21\/voiceattack-sprachsteuerung\/","url_meta":{"origin":2572,"position":4},"title":"VoiceAttack &#8211; Sprachsteuerung","author":"admin","date":"21 Oktober, 2025","format":false,"excerpt":"F\u00fcgen Sie Ihre Stimme als zus\u00e4tzlichen Controller mit von IHNEN erstellten Sprachbefehlen hinzu. Geben Sie Ihrem Raumfrachter, Ihrer Rennboxencrew, Ihrem Mech oder Ihrem Druiden spezifische Anweisungen und verleihen Sie Ihren Spielen Leben und Immersion wie nie zuvor. Starten und steuern Sie Anwendungen mit Phrasen, die Sie sich tats\u00e4chlich merken k\u00f6nnen.\u2026","rel":"","context":"In &quot;Arbeit&quot;","block_context":{"text":"Arbeit","link":"http:\/\/www.vitalibera.org\/community\/category\/beitraege\/eingeschraenkt-im-alltag\/alltag\/arbeit\/"},"img":{"alt_text":"","src":"https:\/\/i0.wp.com\/www.vitalibera.org\/community\/wp-content\/uploads\/2025\/10\/360-3604667_voice-attack-voice-attack-logo.jpg?resize=350%2C200","width":350,"height":200,"srcset":"https:\/\/i0.wp.com\/www.vitalibera.org\/community\/wp-content\/uploads\/2025\/10\/360-3604667_voice-attack-voice-attack-logo.jpg?resize=350%2C200 1x, https:\/\/i0.wp.com\/www.vitalibera.org\/community\/wp-content\/uploads\/2025\/10\/360-3604667_voice-attack-voice-attack-logo.jpg?resize=525%2C300 1.5x, https:\/\/i0.wp.com\/www.vitalibera.org\/community\/wp-content\/uploads\/2025\/10\/360-3604667_voice-attack-voice-attack-logo.jpg?resize=700%2C400 2x"},"classes":[]},{"id":9187,"url":"http:\/\/www.vitalibera.org\/community\/2026\/08\/19\/digitale-helfer-bei-einhaendigkeit-selbststaendigkeit-neu-denken-nach-hirnverletzung\/","url_meta":{"origin":2572,"position":5},"title":"Digitale Helfer bei Einh\u00e4ndigkeit \u2013 Selbstst\u00e4ndigkeit neu denken nach Hirnverletzung","author":"Andreas Jecklin","date":"19 August, 2026","format":false,"excerpt":"Nach einer Hirnverletzung mit Hemiparese ver\u00e4ndert sich der Alltag \u2013 selbst einfache Computer\u2011 oder Handyaufgaben k\u00f6nnen zur Herausforderung werden, wenn nur eine Hand aktiv funktioniert. Doch moderne Technik bietet heute kluge, zug\u00e4ngliche L\u00f6sungen, die Selbstst\u00e4ndigkeit und Sicherheit zur\u00fcckbringen.","rel":"","context":"In &quot;Arbeit&quot;","block_context":{"text":"Arbeit","link":"http:\/\/www.vitalibera.org\/community\/category\/beitraege\/eingeschraenkt-im-alltag\/alltag\/arbeit\/"},"img":{"alt_text":"","src":"https:\/\/i0.wp.com\/www.vitalibera.org\/community\/wp-content\/uploads\/2026\/08\/apps15822.png?resize=350%2C200&ssl=1","width":350,"height":200},"classes":[]}],"jetpack_featured_media_url":"http:\/\/www.vitalibera.org\/community\/wp-content\/uploads\/2025\/10\/image-1.png","_links":{"self":[{"href":"http:\/\/www.vitalibera.org\/community\/wp-json\/wp\/v2\/posts\/2572","targetHints":{"allow":["GET"]}}],"collection":[{"href":"http:\/\/www.vitalibera.org\/community\/wp-json\/wp\/v2\/posts"}],"about":[{"href":"http:\/\/www.vitalibera.org\/community\/wp-json\/wp\/v2\/types\/post"}],"author":[{"embeddable":true,"href":"http:\/\/www.vitalibera.org\/community\/wp-json\/wp\/v2\/users\/1"}],"replies":[{"embeddable":true,"href":"http:\/\/www.vitalibera.org\/community\/wp-json\/wp\/v2\/comments?post=2572"}],"version-history":[{"count":0,"href":"http:\/\/www.vitalibera.org\/community\/wp-json\/wp\/v2\/posts\/2572\/revisions"}],"wp:featuredmedia":[{"embeddable":true,"href":"http:\/\/www.vitalibera.org\/community\/wp-json\/wp\/v2\/media\/2573"}],"wp:attachment":[{"href":"http:\/\/www.vitalibera.org\/community\/wp-json\/wp\/v2\/media?parent=2572"}],"wp:term":[{"taxonomy":"category","embeddable":true,"href":"http:\/\/www.vitalibera.org\/community\/wp-json\/wp\/v2\/categories?post=2572"},{"taxonomy":"post_tag","embeddable":true,"href":"http:\/\/www.vitalibera.org\/community\/wp-json\/wp\/v2\/tags?post=2572"}],"curies":[{"name":"wp","href":"https:\/\/api.w.org\/{rel}","templated":true}]}}