{"id":3187,"date":"2025-10-16T15:00:51","date_gmt":"2025-10-16T13:00:51","guid":{"rendered":"https:\/\/www.vitalibera.org\/community\/?p=3187"},"modified":"2025-10-16T15:00:54","modified_gmt":"2025-10-16T13:00:54","slug":"intelli-wrap-oberarm-manschette","status":"publish","type":"post","link":"http:\/\/www.vitalibera.org\/community\/2025\/10\/16\/intelli-wrap-oberarm-manschette\/","title":{"rendered":"Intelli Wrap Oberarm-Manschette"},"content":{"rendered":"\n<div class=\"wp-block-media-text is-stacked-on-mobile\"><figure class=\"wp-block-media-text__media\"><img fetchpriority=\"high\" decoding=\"async\" width=\"596\" height=\"421\" src=\"https:\/\/www.vitalibera.org\/community\/wp-content\/uploads\/2025\/10\/omron1.png\" alt=\"\" class=\"wp-image-3188 size-full\" srcset=\"http:\/\/www.vitalibera.org\/community\/wp-content\/uploads\/2025\/10\/omron1.png 596w, http:\/\/www.vitalibera.org\/community\/wp-content\/uploads\/2025\/10\/omron1-300x212.png 300w\" sizes=\"(max-width: 596px) 100vw, 596px\" \/><\/figure><div class=\"wp-block-media-text__content\">\n<p>Intelli Wrap Manschette mit Anlegeintelligenz f&uuml;r korrekten Sitz und genaue Messergebnisse, auch bei nicht korrektem Sitz (22 &ndash; 42 cm). Die LED-Manschettensitzkontrolle best&auml;tigt zus&auml;tzlich den korrekten Sitz am Arm. Die Erkennung von K&ouml;rperbewegungen w&auml;hrend der Messung zeigt an, ob das Messergebnis durch K&ouml;rperbewegung beeinflusst wurde.<\/p>\n\n\n\n<p>Durch die stabile, r&ouml;hrenartige Passform <strong>auch f&uuml;r &ldquo;Einh&auml;nder&rdquo; beuem zu benutzen!<\/strong> &ndash; Ein St&uuml;ck Unabh&auml;ngikeit mehr!<\/p>\n<\/div><\/div>\n\n\n\n<p><a href=\"https:\/\/www.omron-healthcare.ch\/de\/produkte\/intelli-wrap-cuff\" target=\"_blank\" rel=\"noreferrer noopener\">Zum Hersteller<\/a><\/p>\n\n\n\n<p>Zur Nutzung folgender OMRON <a href=\"http:\/\/www.vitalibera.org\/community\/enzyklopaedie\/blutdruck\/\" target=\"_self\" title=\"Der Blutdruck ist der Druck des Blutes auf die Arterienw&auml;nde, gemessen in Millimeter Quecksilbers&auml;ule (mmHg).&nbsp;Ein optimaler Wert f&uuml;r Erwachsene ist unter 120\/80 mmHg, wobei Werte bis 130\/85 mmHg als normal gelten.&nbsp;Bluthochdruck (Hypertonie) liegt vor, wenn die Werte dauerhaft erh&ouml;ht sind und kann durch Lebensstilfaktoren wie Stress, ungesunde Ern&auml;hrung oder Bewegungsmangel entstehen.&nbsp;Bei Verdacht auf erh&ouml;hte Werte&hellip;\" class=\"encyclopedia\">Blutdruck<\/a>messger&auml;te:<\/p>\n\n\n\n<ul class=\"wp-block-list\">\n<li>OMRON M500.<\/li>\n<\/ul>\n","protected":false},"excerpt":{"rendered":"<p>Intelli Wrap Manschette mit Anlegeintelligenz f\u00fcr korrekten Sitz und genaue Messergebnisse, auch bei nicht korrektem Sitz (22 \u2013 42 cm). Die LED-Manschettensitzkontrolle best\u00e4tigt zus\u00e4tzlich den korrekten Sitz am Arm. Die Erkennung von K\u00f6rperbewegungen w\u00e4hrend der Messung zeigt an, ob das Messergebnis durch K\u00f6rperbewegung beeinflusst wurde. Durch die stabile, r\u00f6hrenartige Passform auch f\u00fcr &#8220;Einh\u00e4nder&#8221; beuem zu &#8230; <a title=\"Intelli Wrap Oberarm-Manschette\" class=\"read-more\" href=\"http:\/\/www.vitalibera.org\/community\/2025\/10\/16\/intelli-wrap-oberarm-manschette\/\" aria-label=\"Mehr Informationen \u00fcber Intelli Wrap Oberarm-Manschette\">Weiterlesen<\/a><\/p>\n","protected":false},"author":2,"featured_media":3188,"comment_status":"open","ping_status":"open","sticky":false,"template":"","format":"standard","meta":{"cybocfi_hide_featured_image":"yes","_jetpack_memberships_contains_paid_content":false,"footnotes":""},"categories":[227],"tags":[],"class_list":["post-3187","post","type-post","status-publish","format-standard","has-post-thumbnail","hentry","category-medizinische-hilfen"],"yoast_head":"<!-- This site is optimized with the Yoast SEO plugin v27.4 - https:\/\/yoast.com\/product\/yoast-seo-wordpress\/ -->\r\n<title>Intelli Wrap Oberarm-Manschette - vitalibera.org<\/title>\r\n<meta name=\"robots\" content=\"index, follow, max-snippet:-1, max-image-preview:large, max-video-preview:-1\" \/>\r\n<link rel=\"canonical\" href=\"https:\/\/www.vitalibera.org\/community\/2025\/10\/16\/intelli-wrap-oberarm-manschette\/\" \/>\r\n<meta property=\"og:locale\" content=\"de_DE\" \/>\r\n<meta property=\"og:type\" content=\"article\" \/>\r\n<meta property=\"og:title\" content=\"Intelli Wrap Oberarm-Manschette - vitalibera.org\" \/>\r\n<meta property=\"og:description\" content=\"Intelli Wrap Manschette mit Anlegeintelligenz f\u00fcr korrekten Sitz und genaue Messergebnisse, auch bei nicht korrektem Sitz (22 \u2013 42 cm). Die LED-Manschettensitzkontrolle best\u00e4tigt zus\u00e4tzlich den korrekten Sitz am Arm. Die Erkennung von K\u00f6rperbewegungen w\u00e4hrend der Messung zeigt an, ob das Messergebnis durch K\u00f6rperbewegung beeinflusst wurde. Durch die stabile, r\u00f6hrenartige Passform auch f\u00fcr &#8220;Einh\u00e4nder&#8221; beuem zu ... Weiterlesen\" \/>\r\n<meta property=\"og:url\" content=\"https:\/\/www.vitalibera.org\/community\/2025\/10\/16\/intelli-wrap-oberarm-manschette\/\" \/>\r\n<meta property=\"og:site_name\" content=\"vitalibera.org\" \/>\r\n<meta property=\"article:publisher\" content=\"https:\/\/www.facebook.com\/groups\/2997085857140235\" \/>\r\n<meta property=\"article:published_time\" content=\"2025-10-16T13:00:51+00:00\" \/>\r\n<meta property=\"article:modified_time\" content=\"2025-10-16T13:00:54+00:00\" \/>\r\n<meta property=\"og:image\" content=\"https:\/\/www.vitalibera.org\/community\/wp-content\/uploads\/2025\/10\/omron1.png\" \/>\r\n\t<meta property=\"og:image:width\" content=\"596\" \/>\r\n\t<meta property=\"og:image:height\" content=\"421\" \/>\r\n\t<meta property=\"og:image:type\" content=\"image\/png\" \/>\r\n<meta name=\"author\" content=\"Andreas Jecklin\" \/>\r\n<meta name=\"twitter:card\" content=\"summary_large_image\" \/>\r\n<meta name=\"twitter:label1\" content=\"Verfasst von\" \/>\n\t<meta name=\"twitter:data1\" content=\"Andreas Jecklin\" \/>\n\t<meta name=\"twitter:label2\" content=\"Gesch\u00e4tzte Lesezeit\" \/>\n\t<meta name=\"twitter:data2\" content=\"1\u00a0Minute\" \/>\r\n<script type=\"application\/ld+json\" class=\"yoast-schema-graph\">{\"@context\":\"https:\\\/\\\/schema.org\",\"@graph\":[{\"@type\":\"Article\",\"@id\":\"https:\\\/\\\/www.vitalibera.org\\\/community\\\/2025\\\/10\\\/16\\\/intelli-wrap-oberarm-manschette\\\/#article\",\"isPartOf\":{\"@id\":\"https:\\\/\\\/www.vitalibera.org\\\/community\\\/2025\\\/10\\\/16\\\/intelli-wrap-oberarm-manschette\\\/\"},\"author\":{\"name\":\"Andreas Jecklin\",\"@id\":\"https:\\\/\\\/www.vitalibera.org\\\/community\\\/#\\\/schema\\\/person\\\/6712387298421f222ff6d0a2e22c1534\"},\"headline\":\"Intelli Wrap Oberarm-Manschette\",\"datePublished\":\"2025-10-16T13:00:51+00:00\",\"dateModified\":\"2025-10-16T13:00:54+00:00\",\"mainEntityOfPage\":{\"@id\":\"https:\\\/\\\/www.vitalibera.org\\\/community\\\/2025\\\/10\\\/16\\\/intelli-wrap-oberarm-manschette\\\/\"},\"wordCount\":82,\"commentCount\":0,\"publisher\":{\"@id\":\"https:\\\/\\\/www.vitalibera.org\\\/community\\\/#organization\"},\"image\":{\"@id\":\"https:\\\/\\\/www.vitalibera.org\\\/community\\\/2025\\\/10\\\/16\\\/intelli-wrap-oberarm-manschette\\\/#primaryimage\"},\"thumbnailUrl\":\"http:\\\/\\\/www.vitalibera.org\\\/community\\\/wp-content\\\/uploads\\\/2025\\\/10\\\/omron1.png\",\"articleSection\":[\"Medizinische Hilfen\"],\"inLanguage\":\"de\",\"potentialAction\":[{\"@type\":\"CommentAction\",\"name\":\"Comment\",\"target\":[\"https:\\\/\\\/www.vitalibera.org\\\/community\\\/2025\\\/10\\\/16\\\/intelli-wrap-oberarm-manschette\\\/#respond\"]}]},{\"@type\":\"WebPage\",\"@id\":\"https:\\\/\\\/www.vitalibera.org\\\/community\\\/2025\\\/10\\\/16\\\/intelli-wrap-oberarm-manschette\\\/\",\"url\":\"https:\\\/\\\/www.vitalibera.org\\\/community\\\/2025\\\/10\\\/16\\\/intelli-wrap-oberarm-manschette\\\/\",\"name\":\"Intelli Wrap Oberarm-Manschette - vitalibera.org\",\"isPartOf\":{\"@id\":\"https:\\\/\\\/www.vitalibera.org\\\/community\\\/#website\"},\"primaryImageOfPage\":{\"@id\":\"https:\\\/\\\/www.vitalibera.org\\\/community\\\/2025\\\/10\\\/16\\\/intelli-wrap-oberarm-manschette\\\/#primaryimage\"},\"image\":{\"@id\":\"https:\\\/\\\/www.vitalibera.org\\\/community\\\/2025\\\/10\\\/16\\\/intelli-wrap-oberarm-manschette\\\/#primaryimage\"},\"thumbnailUrl\":\"http:\\\/\\\/www.vitalibera.org\\\/community\\\/wp-content\\\/uploads\\\/2025\\\/10\\\/omron1.png\",\"datePublished\":\"2025-10-16T13:00:51+00:00\",\"dateModified\":\"2025-10-16T13:00:54+00:00\",\"breadcrumb\":{\"@id\":\"https:\\\/\\\/www.vitalibera.org\\\/community\\\/2025\\\/10\\\/16\\\/intelli-wrap-oberarm-manschette\\\/#breadcrumb\"},\"inLanguage\":\"de\",\"potentialAction\":[{\"@type\":\"ReadAction\",\"target\":[\"https:\\\/\\\/www.vitalibera.org\\\/community\\\/2025\\\/10\\\/16\\\/intelli-wrap-oberarm-manschette\\\/\"]}]},{\"@type\":\"BreadcrumbList\",\"@id\":\"https:\\\/\\\/www.vitalibera.org\\\/community\\\/2025\\\/10\\\/16\\\/intelli-wrap-oberarm-manschette\\\/#breadcrumb\",\"itemListElement\":[{\"@type\":\"ListItem\",\"position\":1,\"name\":\"Startseite\",\"item\":\"https:\\\/\\\/www.vitalibera.org\\\/community\\\/\"},{\"@type\":\"ListItem\",\"position\":2,\"name\":\"Intelli Wrap Oberarm-Manschette\"}]},{\"@type\":\"WebSite\",\"@id\":\"https:\\\/\\\/www.vitalibera.org\\\/community\\\/#website\",\"url\":\"https:\\\/\\\/www.vitalibera.org\\\/community\\\/\",\"name\":\"vitalibera.org\",\"description\":\"Mit einer Einschr&auml;nkung gestaltet sich das Leben im Alltag oft schwieriger - hier berichten wir &uuml;ber unsere Erfahrungen und Hilfsmittel um den Alltag so unbeschwert und unkompliziert wie nur m&ouml;glich geniessen zu k&ouml;nnen. Dabei richten wir unseren Fokus gezielt auf Selbst&auml;ndigkeit, Eigenst&auml;ndigkeit und Selbstbestimmung.\",\"publisher\":{\"@id\":\"https:\\\/\\\/www.vitalibera.org\\\/community\\\/#organization\"},\"potentialAction\":[{\"@type\":\"SearchAction\",\"target\":{\"@type\":\"EntryPoint\",\"urlTemplate\":\"https:\\\/\\\/www.vitalibera.org\\\/community\\\/?s={search_term_string}\"},\"query-input\":{\"@type\":\"PropertyValueSpecification\",\"valueRequired\":true,\"valueName\":\"search_term_string\"}}],\"inLanguage\":\"de\"},{\"@type\":\"Organization\",\"@id\":\"https:\\\/\\\/www.vitalibera.org\\\/community\\\/#organization\",\"name\":\"vitalibera.org\",\"url\":\"https:\\\/\\\/www.vitalibera.org\\\/community\\\/\",\"logo\":{\"@type\":\"ImageObject\",\"inLanguage\":\"de\",\"@id\":\"https:\\\/\\\/www.vitalibera.org\\\/community\\\/#\\\/schema\\\/logo\\\/image\\\/\",\"url\":\"http:\\\/\\\/www.vitalibera.org\\\/community\\\/wp-content\\\/uploads\\\/2025\\\/09\\\/cropped-banner.png\",\"contentUrl\":\"http:\\\/\\\/www.vitalibera.org\\\/community\\\/wp-content\\\/uploads\\\/2025\\\/09\\\/cropped-banner.png\",\"width\":991,\"height\":150,\"caption\":\"vitalibera.org\"},\"image\":{\"@id\":\"https:\\\/\\\/www.vitalibera.org\\\/community\\\/#\\\/schema\\\/logo\\\/image\\\/\"},\"sameAs\":[\"https:\\\/\\\/www.facebook.com\\\/groups\\\/2997085857140235\"]},{\"@type\":\"Person\",\"@id\":\"https:\\\/\\\/www.vitalibera.org\\\/community\\\/#\\\/schema\\\/person\\\/6712387298421f222ff6d0a2e22c1534\",\"name\":\"Andreas Jecklin\",\"image\":{\"@type\":\"ImageObject\",\"inLanguage\":\"de\",\"@id\":\"http:\\\/\\\/0.gravatar.com\\\/avatar\\\/ad516503a11cd5ca435acc9bb6523536?s=96\",\"url\":\"http:\\\/\\\/0.gravatar.com\\\/avatar\\\/ad516503a11cd5ca435acc9bb6523536?s=96\",\"contentUrl\":\"http:\\\/\\\/0.gravatar.com\\\/avatar\\\/ad516503a11cd5ca435acc9bb6523536?s=96\",\"caption\":\"Andreas Jecklin\"},\"description\":\"Manchen gab Gott die Kraft Dinge zu ver\u00e4ndern, mir gab er die Kraft zu ertragen was nicht mehr zu \u00e4ndern ist.\",\"url\":\"http:\\\/\\\/www.vitalibera.org\\\/community\\\/author\\\/andy77\\\/\"}]}<\/script>\r\n<!-- \/ Yoast SEO plugin. -->","yoast_head_json":{"title":"Intelli Wrap Oberarm-Manschette - vitalibera.org","robots":{"index":"index","follow":"follow","max-snippet":"max-snippet:-1","max-image-preview":"max-image-preview:large","max-video-preview":"max-video-preview:-1"},"canonical":"https:\/\/www.vitalibera.org\/community\/2025\/10\/16\/intelli-wrap-oberarm-manschette\/","og_locale":"de_DE","og_type":"article","og_title":"Intelli Wrap Oberarm-Manschette - vitalibera.org","og_description":"Intelli Wrap Manschette mit Anlegeintelligenz f\u00fcr korrekten Sitz und genaue Messergebnisse, auch bei nicht korrektem Sitz (22 \u2013 42 cm). Die LED-Manschettensitzkontrolle best\u00e4tigt zus\u00e4tzlich den korrekten Sitz am Arm. Die Erkennung von K\u00f6rperbewegungen w\u00e4hrend der Messung zeigt an, ob das Messergebnis durch K\u00f6rperbewegung beeinflusst wurde. Durch die stabile, r\u00f6hrenartige Passform auch f\u00fcr &#8220;Einh\u00e4nder&#8221; beuem zu ... Weiterlesen","og_url":"https:\/\/www.vitalibera.org\/community\/2025\/10\/16\/intelli-wrap-oberarm-manschette\/","og_site_name":"vitalibera.org","article_publisher":"https:\/\/www.facebook.com\/groups\/2997085857140235","article_published_time":"2025-10-16T13:00:51+00:00","article_modified_time":"2025-10-16T13:00:54+00:00","og_image":[{"width":596,"height":421,"url":"https:\/\/www.vitalibera.org\/community\/wp-content\/uploads\/2025\/10\/omron1.png","type":"image\/png"}],"author":"Andreas Jecklin","twitter_card":"summary_large_image","twitter_misc":{"Verfasst von":"Andreas Jecklin","Gesch\u00e4tzte Lesezeit":"1\u00a0Minute"},"schema":{"@context":"https:\/\/schema.org","@graph":[{"@type":"Article","@id":"https:\/\/www.vitalibera.org\/community\/2025\/10\/16\/intelli-wrap-oberarm-manschette\/#article","isPartOf":{"@id":"https:\/\/www.vitalibera.org\/community\/2025\/10\/16\/intelli-wrap-oberarm-manschette\/"},"author":{"name":"Andreas Jecklin","@id":"https:\/\/www.vitalibera.org\/community\/#\/schema\/person\/6712387298421f222ff6d0a2e22c1534"},"headline":"Intelli Wrap Oberarm-Manschette","datePublished":"2025-10-16T13:00:51+00:00","dateModified":"2025-10-16T13:00:54+00:00","mainEntityOfPage":{"@id":"https:\/\/www.vitalibera.org\/community\/2025\/10\/16\/intelli-wrap-oberarm-manschette\/"},"wordCount":82,"commentCount":0,"publisher":{"@id":"https:\/\/www.vitalibera.org\/community\/#organization"},"image":{"@id":"https:\/\/www.vitalibera.org\/community\/2025\/10\/16\/intelli-wrap-oberarm-manschette\/#primaryimage"},"thumbnailUrl":"http:\/\/www.vitalibera.org\/community\/wp-content\/uploads\/2025\/10\/omron1.png","articleSection":["Medizinische Hilfen"],"inLanguage":"de","potentialAction":[{"@type":"CommentAction","name":"Comment","target":["https:\/\/www.vitalibera.org\/community\/2025\/10\/16\/intelli-wrap-oberarm-manschette\/#respond"]}]},{"@type":"WebPage","@id":"https:\/\/www.vitalibera.org\/community\/2025\/10\/16\/intelli-wrap-oberarm-manschette\/","url":"https:\/\/www.vitalibera.org\/community\/2025\/10\/16\/intelli-wrap-oberarm-manschette\/","name":"Intelli Wrap Oberarm-Manschette - vitalibera.org","isPartOf":{"@id":"https:\/\/www.vitalibera.org\/community\/#website"},"primaryImageOfPage":{"@id":"https:\/\/www.vitalibera.org\/community\/2025\/10\/16\/intelli-wrap-oberarm-manschette\/#primaryimage"},"image":{"@id":"https:\/\/www.vitalibera.org\/community\/2025\/10\/16\/intelli-wrap-oberarm-manschette\/#primaryimage"},"thumbnailUrl":"http:\/\/www.vitalibera.org\/community\/wp-content\/uploads\/2025\/10\/omron1.png","datePublished":"2025-10-16T13:00:51+00:00","dateModified":"2025-10-16T13:00:54+00:00","breadcrumb":{"@id":"https:\/\/www.vitalibera.org\/community\/2025\/10\/16\/intelli-wrap-oberarm-manschette\/#breadcrumb"},"inLanguage":"de","potentialAction":[{"@type":"ReadAction","target":["https:\/\/www.vitalibera.org\/community\/2025\/10\/16\/intelli-wrap-oberarm-manschette\/"]}]},{"@type":"BreadcrumbList","@id":"https:\/\/www.vitalibera.org\/community\/2025\/10\/16\/intelli-wrap-oberarm-manschette\/#breadcrumb","itemListElement":[{"@type":"ListItem","position":1,"name":"Startseite","item":"https:\/\/www.vitalibera.org\/community\/"},{"@type":"ListItem","position":2,"name":"Intelli Wrap Oberarm-Manschette"}]},{"@type":"WebSite","@id":"https:\/\/www.vitalibera.org\/community\/#website","url":"https:\/\/www.vitalibera.org\/community\/","name":"vitalibera.org","description":"Mit einer Einschr&auml;nkung gestaltet sich das Leben im Alltag oft schwieriger - hier berichten wir &uuml;ber unsere Erfahrungen und Hilfsmittel um den Alltag so unbeschwert und unkompliziert wie nur m&ouml;glich geniessen zu k&ouml;nnen. Dabei richten wir unseren Fokus gezielt auf Selbst&auml;ndigkeit, Eigenst&auml;ndigkeit und Selbstbestimmung.","publisher":{"@id":"https:\/\/www.vitalibera.org\/community\/#organization"},"potentialAction":[{"@type":"SearchAction","target":{"@type":"EntryPoint","urlTemplate":"https:\/\/www.vitalibera.org\/community\/?s={search_term_string}"},"query-input":{"@type":"PropertyValueSpecification","valueRequired":true,"valueName":"search_term_string"}}],"inLanguage":"de"},{"@type":"Organization","@id":"https:\/\/www.vitalibera.org\/community\/#organization","name":"vitalibera.org","url":"https:\/\/www.vitalibera.org\/community\/","logo":{"@type":"ImageObject","inLanguage":"de","@id":"https:\/\/www.vitalibera.org\/community\/#\/schema\/logo\/image\/","url":"http:\/\/www.vitalibera.org\/community\/wp-content\/uploads\/2025\/09\/cropped-banner.png","contentUrl":"http:\/\/www.vitalibera.org\/community\/wp-content\/uploads\/2025\/09\/cropped-banner.png","width":991,"height":150,"caption":"vitalibera.org"},"image":{"@id":"https:\/\/www.vitalibera.org\/community\/#\/schema\/logo\/image\/"},"sameAs":["https:\/\/www.facebook.com\/groups\/2997085857140235"]},{"@type":"Person","@id":"https:\/\/www.vitalibera.org\/community\/#\/schema\/person\/6712387298421f222ff6d0a2e22c1534","name":"Andreas Jecklin","image":{"@type":"ImageObject","inLanguage":"de","@id":"http:\/\/0.gravatar.com\/avatar\/ad516503a11cd5ca435acc9bb6523536?s=96","url":"http:\/\/0.gravatar.com\/avatar\/ad516503a11cd5ca435acc9bb6523536?s=96","contentUrl":"http:\/\/0.gravatar.com\/avatar\/ad516503a11cd5ca435acc9bb6523536?s=96","caption":"Andreas Jecklin"},"description":"Manchen gab Gott die Kraft Dinge zu ver\u00e4ndern, mir gab er die Kraft zu ertragen was nicht mehr zu \u00e4ndern ist.","url":"http:\/\/www.vitalibera.org\/community\/author\/andy77\/"}]}},"jetpack_featured_media_url":"http:\/\/www.vitalibera.org\/community\/wp-content\/uploads\/2025\/10\/omron1.png","jetpack_sharing_enabled":true,"jetpack-related-posts":[],"_links":{"self":[{"href":"http:\/\/www.vitalibera.org\/community\/wp-json\/wp\/v2\/posts\/3187","targetHints":{"allow":["GET"]}}],"collection":[{"href":"http:\/\/www.vitalibera.org\/community\/wp-json\/wp\/v2\/posts"}],"about":[{"href":"http:\/\/www.vitalibera.org\/community\/wp-json\/wp\/v2\/types\/post"}],"author":[{"embeddable":true,"href":"http:\/\/www.vitalibera.org\/community\/wp-json\/wp\/v2\/users\/2"}],"replies":[{"embeddable":true,"href":"http:\/\/www.vitalibera.org\/community\/wp-json\/wp\/v2\/comments?post=3187"}],"version-history":[{"count":0,"href":"http:\/\/www.vitalibera.org\/community\/wp-json\/wp\/v2\/posts\/3187\/revisions"}],"wp:featuredmedia":[{"embeddable":true,"href":"http:\/\/www.vitalibera.org\/community\/wp-json\/wp\/v2\/media\/3188"}],"wp:attachment":[{"href":"http:\/\/www.vitalibera.org\/community\/wp-json\/wp\/v2\/media?parent=3187"}],"wp:term":[{"taxonomy":"category","embeddable":true,"href":"http:\/\/www.vitalibera.org\/community\/wp-json\/wp\/v2\/categories?post=3187"},{"taxonomy":"post_tag","embeddable":true,"href":"http:\/\/www.vitalibera.org\/community\/wp-json\/wp\/v2\/tags?post=3187"}],"curies":[{"name":"wp","href":"https:\/\/api.w.org\/{rel}","templated":true}]}}