{"id":3208,"date":"2025-10-16T17:08:02","date_gmt":"2025-10-16T15:08:02","guid":{"rendered":"https:\/\/www.vitalibera.org\/community\/?p=3208"},"modified":"2025-10-16T17:11:52","modified_gmt":"2025-10-16T15:11:52","slug":"3208","status":"publish","type":"post","link":"http:\/\/www.vitalibera.org\/community\/2025\/10\/16\/3208\/","title":{"rendered":"Pers\u00f6nliche Assistenz"},"content":{"rendered":"\n<p>Pers&ouml;nliche Assistenz ist eine&nbsp;<mark>individuelle Unterst&uuml;tzung f&uuml;r Menschen mit Behinderungen, die ihnen ein selbstbestimmtes Leben erm&ouml;glichen soll<\/mark>.&nbsp;Dabei entscheidet die Person mit Behinderung selbst, welche Unterst&uuml;tzung in welchem Bereich ben&ouml;tigt wird, und die Assi<a href=\"http:\/\/www.vitalibera.org\/community\/enzyklopaedie\/stent\/\" target=\"_self\" title=\"Ein Stent ist eine&nbsp;k&uuml;nstliche, r&ouml;hrenf&ouml;rmige Gef&auml;&szlig;st&uuml;tze aus Metall oder Kunstfasern, die in ein verengtes oder verschlossenes Blutgef&auml;&szlig; (oder ein anderes Hohlorgan) eingesetzt wird, um es dauerhaft offen zu halten und den Blutfluss zu erm&ouml;glichen.&nbsp;Die Implantation erfolgt meist im Rahmen eines Herzkatheter-Eingriffs unter lokaler Bet&auml;ubung, bei dem ein Ballon die Verengung erweitert und der Stent dann&hellip;\" class=\"encyclopedia\">stent<\/a>en werden von ihr (oder einem Dienst) angeleitet.&nbsp;Die Assistenz kann von allt&auml;glichen Aufgaben wie Einkaufen bis hin zur Pflege reichen und wird oft &uuml;ber ein pers&ouml;nliches Budget finanziert, bei dem die assistierte Person selbst als Arbeitgeber fungieren kann.&nbsp;<\/p>\n\n\n\n<p>Ziele und Aufgaben<\/p>\n\n\n\n<ul class=\"wp-block-list\">\n<li><strong>Selbstbestimmung:<\/strong>&nbsp;Das Hauptziel ist es, Menschen mit Beeintr&auml;chtigungen zu erm&ouml;glichen, ihr Leben nach ihren eigenen Vorstellungen zu gestalten.&nbsp;<\/li>\n\n\n\n<li><strong>Unterst&uuml;tzung im Alltag:<\/strong>&nbsp;Assi<a href=\"http:\/\/www.vitalibera.org\/community\/enzyklopaedie\/stent\/\" target=\"_self\" title=\"Ein Stent ist eine&nbsp;k&uuml;nstliche, r&ouml;hrenf&ouml;rmige Gef&auml;&szlig;st&uuml;tze aus Metall oder Kunstfasern, die in ein verengtes oder verschlossenes Blutgef&auml;&szlig; (oder ein anderes Hohlorgan) eingesetzt wird, um es dauerhaft offen zu halten und den Blutfluss zu erm&ouml;glichen.&nbsp;Die Implantation erfolgt meist im Rahmen eines Herzkatheter-Eingriffs unter lokaler Bet&auml;ubung, bei dem ein Ballon die Verengung erweitert und der Stent dann&hellip;\" class=\"encyclopedia\">stent<\/a>en helfen bei t&auml;glichen Aktivit&auml;ten wie K&ouml;rperpflege, Haushalt, Freizeit, Einkaufen oder der Begleitung zu Arztterminen.&nbsp;<\/li>\n\n\n\n<li><strong>Teilhabe am gesellschaftlichen Leben:<\/strong>&nbsp;Pers&ouml;nliche Assistenz erm&ouml;glicht die Teilnahme an kulturellen und sozialen Aktivit&auml;ten.&nbsp;<\/li>\n<\/ul>\n\n\n\n<p>Arbeitsweise und Organisation<\/p>\n\n\n\n<ul class=\"wp-block-list\">\n<li><strong>Assistenznehmer als Arbeitgeber:<\/strong>&nbsp;Die unterst&uuml;tzte Person kann selbst entscheiden, wann, wo und welche Unterst&uuml;tzung sie m&ouml;chte, und kann die Assistenzkr&auml;fte direkt anstellen, anleiten und einstellen.&nbsp;<\/li>\n\n\n\n<li><strong>Anstellungsm&ouml;glichkeiten:<\/strong>&nbsp;Man kann entweder selbst als Arbeitgeber auftreten und die Assi<a href=\"http:\/\/www.vitalibera.org\/community\/enzyklopaedie\/stent\/\" target=\"_self\" title=\"Ein Stent ist eine&nbsp;k&uuml;nstliche, r&ouml;hrenf&ouml;rmige Gef&auml;&szlig;st&uuml;tze aus Metall oder Kunstfasern, die in ein verengtes oder verschlossenes Blutgef&auml;&szlig; (oder ein anderes Hohlorgan) eingesetzt wird, um es dauerhaft offen zu halten und den Blutfluss zu erm&ouml;glichen.&nbsp;Die Implantation erfolgt meist im Rahmen eines Herzkatheter-Eingriffs unter lokaler Bet&auml;ubung, bei dem ein Ballon die Verengung erweitert und der Stent dann&hellip;\" class=\"encyclopedia\">stent<\/a>en einstellen oder einen Assistenzdienst beauftragen, der diese Aufgaben &uuml;bernimmt.&nbsp;<\/li>\n\n\n\n<li><strong>Finanzierung:<\/strong>&nbsp;Die Kosten k&ouml;nnen &uuml;ber das pers&ouml;nliche Budget, das bei der zust&auml;ndigen Stelle beantragt werden muss, gedeckt werden.&nbsp;Der Bedarf wird individuell festgestellt, um die Finanzierung zu kl&auml;ren.&nbsp;<\/li>\n\n\n\n<li><strong>Einfache und qualifizierte Assistenz:<\/strong>&nbsp;Es gibt unterschiedliche Modelle der Assistenz.&nbsp;Die einfache Assistenz &uuml;bernimmt teilweise oder komplett Aufgaben, w&auml;hrend die qualifizierte Assistenz auch die Bef&auml;higung der assistierten Person in den Vordergrund stellt und von Fachkr&auml;ften erbracht wird.&nbsp;<\/li>\n<\/ul>\n\n\n\n<p>Pers&ouml;nliche Assistenz im Gegensatz zu klassischer Assistenz&nbsp;<\/p>\n\n\n\n<ul class=\"wp-block-list\">\n<li><strong>Unterschied:<\/strong>&nbsp;Pers&ouml;nliche Assistenz ist im Gegensatz zu vielen klassischen Betreuungsmodellen durch die direkte Anstellung der Assi<a href=\"http:\/\/www.vitalibera.org\/community\/enzyklopaedie\/stent\/\" target=\"_self\" title=\"Ein Stent ist eine&nbsp;k&uuml;nstliche, r&ouml;hrenf&ouml;rmige Gef&auml;&szlig;st&uuml;tze aus Metall oder Kunstfasern, die in ein verengtes oder verschlossenes Blutgef&auml;&szlig; (oder ein anderes Hohlorgan) eingesetzt wird, um es dauerhaft offen zu halten und den Blutfluss zu erm&ouml;glichen.&nbsp;Die Implantation erfolgt meist im Rahmen eines Herzkatheter-Eingriffs unter lokaler Bet&auml;ubung, bei dem ein Ballon die Verengung erweitert und der Stent dann&hellip;\" class=\"encyclopedia\">stent<\/a>en durch die Person mit Behinderung und die unmittelbare Kontrolle &uuml;ber die Assistenz gekennzeichnet.<\/li>\n\n\n\n<li><strong>Eigenverantwortung:<\/strong>&nbsp;Diese Art der Unterst&uuml;tzung erfordert eine h&ouml;here Eigenverantwortung, erm&ouml;glicht aber auch mehr Kontrolle &uuml;ber das eigene Leben.&nbsp;<\/li>\n<\/ul>\n\n\n\n<p><a href=\"https:\/\/www.assistenzbuero.ch\/\" target=\"_blank\" rel=\"noreferrer noopener\">Link zum Assistenzb&uuml;ro (CH)<\/a><\/p>\n\n\n\n<p><a href=\"https:\/\/www.assistenz.de\/\" target=\"_blank\" rel=\"noreferrer noopener\">Link zu Assistenz.de (DE)<\/a><\/p>\n\n\n\n<p><a href=\"https:\/\/persoenlicheassistenz.at\/\" target=\"_blank\" rel=\"noreferrer noopener\">Link zu persoenlicheassistenz.at (AUT)<\/a><\/p>\n","protected":false},"excerpt":{"rendered":"<p>Pers\u00f6nliche Assistenz ist eine&nbsp;individuelle Unterst\u00fctzung f\u00fcr Menschen mit Behinderungen, die ihnen ein selbstbestimmtes Leben erm\u00f6glichen soll.&nbsp;Dabei entscheidet die Person mit Behinderung selbst, welche Unterst\u00fctzung in welchem Bereich ben\u00f6tigt wird, und die Assistenten werden von ihr (oder einem Dienst) angeleitet.&nbsp;Die Assistenz kann von allt\u00e4glichen Aufgaben wie Einkaufen bis hin zur Pflege reichen und wird oft \u00fcber &#8230; <a title=\"Pers\u00f6nliche Assistenz\" class=\"read-more\" href=\"http:\/\/www.vitalibera.org\/community\/2025\/10\/16\/3208\/\" aria-label=\"Mehr Informationen \u00fcber Pers\u00f6nliche Assistenz\">Weiterlesen<\/a><\/p>\n","protected":false},"author":2,"featured_media":3210,"comment_status":"open","ping_status":"open","sticky":false,"template":"","format":"standard","meta":{"cybocfi_hide_featured_image":"yes","_jetpack_memberships_contains_paid_content":false,"footnotes":""},"categories":[225],"tags":[],"class_list":["post-3208","post","type-post","status-publish","format-standard","has-post-thumbnail","hentry","category-hilfe-fuer-angehoerige"],"yoast_head":"<!-- This site is optimized with the Yoast SEO plugin v27.4 - https:\/\/yoast.com\/product\/yoast-seo-wordpress\/ -->\r\n<title>Pers\u00f6nliche Assistenz - vitalibera.org<\/title>\r\n<meta name=\"robots\" content=\"index, follow, max-snippet:-1, max-image-preview:large, max-video-preview:-1\" \/>\r\n<link rel=\"canonical\" href=\"https:\/\/www.vitalibera.org\/community\/2025\/10\/16\/3208\/\" \/>\r\n<meta property=\"og:locale\" content=\"de_DE\" \/>\r\n<meta property=\"og:type\" content=\"article\" \/>\r\n<meta property=\"og:title\" content=\"Pers\u00f6nliche Assistenz - vitalibera.org\" \/>\r\n<meta property=\"og:description\" content=\"Pers\u00f6nliche Assistenz ist eine&nbsp;individuelle Unterst\u00fctzung f\u00fcr Menschen mit Behinderungen, die ihnen ein selbstbestimmtes Leben erm\u00f6glichen soll.&nbsp;Dabei entscheidet die Person mit Behinderung selbst, welche Unterst\u00fctzung in welchem Bereich ben\u00f6tigt wird, und die Assistenten werden von ihr (oder einem Dienst) angeleitet.&nbsp;Die Assistenz kann von allt\u00e4glichen Aufgaben wie Einkaufen bis hin zur Pflege reichen und wird oft \u00fcber ... Weiterlesen\" \/>\r\n<meta property=\"og:url\" content=\"https:\/\/www.vitalibera.org\/community\/2025\/10\/16\/3208\/\" \/>\r\n<meta property=\"og:site_name\" content=\"vitalibera.org\" \/>\r\n<meta property=\"article:publisher\" content=\"https:\/\/www.facebook.com\/groups\/2997085857140235\" \/>\r\n<meta property=\"article:published_time\" content=\"2025-10-16T15:08:02+00:00\" \/>\r\n<meta property=\"article:modified_time\" content=\"2025-10-16T15:11:52+00:00\" \/>\r\n<meta property=\"og:image\" content=\"https:\/\/www.vitalibera.org\/community\/wp-content\/uploads\/2025\/10\/assistenz-gesucht-ueber-uns-vector.png\" \/>\r\n\t<meta property=\"og:image:width\" content=\"1979\" \/>\r\n\t<meta property=\"og:image:height\" content=\"1823\" \/>\r\n\t<meta property=\"og:image:type\" content=\"image\/png\" \/>\r\n<meta name=\"author\" content=\"Andreas Jecklin\" \/>\r\n<meta name=\"twitter:card\" content=\"summary_large_image\" \/>\r\n<meta name=\"twitter:label1\" content=\"Verfasst von\" \/>\n\t<meta name=\"twitter:data1\" content=\"Andreas Jecklin\" \/>\n\t<meta name=\"twitter:label2\" content=\"Gesch\u00e4tzte Lesezeit\" \/>\n\t<meta name=\"twitter:data2\" content=\"2\u00a0Minuten\" \/>\r\n<script type=\"application\/ld+json\" class=\"yoast-schema-graph\">{\"@context\":\"https:\\\/\\\/schema.org\",\"@graph\":[{\"@type\":\"Article\",\"@id\":\"https:\\\/\\\/www.vitalibera.org\\\/community\\\/2025\\\/10\\\/16\\\/3208\\\/#article\",\"isPartOf\":{\"@id\":\"https:\\\/\\\/www.vitalibera.org\\\/community\\\/2025\\\/10\\\/16\\\/3208\\\/\"},\"author\":{\"name\":\"Andreas Jecklin\",\"@id\":\"https:\\\/\\\/www.vitalibera.org\\\/community\\\/#\\\/schema\\\/person\\\/6712387298421f222ff6d0a2e22c1534\"},\"headline\":\"Pers\u00f6nliche Assistenz\",\"datePublished\":\"2025-10-16T15:08:02+00:00\",\"dateModified\":\"2025-10-16T15:11:52+00:00\",\"mainEntityOfPage\":{\"@id\":\"https:\\\/\\\/www.vitalibera.org\\\/community\\\/2025\\\/10\\\/16\\\/3208\\\/\"},\"wordCount\":349,\"commentCount\":0,\"publisher\":{\"@id\":\"https:\\\/\\\/www.vitalibera.org\\\/community\\\/#organization\"},\"image\":{\"@id\":\"https:\\\/\\\/www.vitalibera.org\\\/community\\\/2025\\\/10\\\/16\\\/3208\\\/#primaryimage\"},\"thumbnailUrl\":\"http:\\\/\\\/www.vitalibera.org\\\/community\\\/wp-content\\\/uploads\\\/2025\\\/10\\\/assistenz-gesucht-ueber-uns-vector.png\",\"articleSection\":[\"Hilfe f\u00fcr Angeh\u00f6rige\"],\"inLanguage\":\"de\",\"potentialAction\":[{\"@type\":\"CommentAction\",\"name\":\"Comment\",\"target\":[\"https:\\\/\\\/www.vitalibera.org\\\/community\\\/2025\\\/10\\\/16\\\/3208\\\/#respond\"]}]},{\"@type\":\"WebPage\",\"@id\":\"https:\\\/\\\/www.vitalibera.org\\\/community\\\/2025\\\/10\\\/16\\\/3208\\\/\",\"url\":\"https:\\\/\\\/www.vitalibera.org\\\/community\\\/2025\\\/10\\\/16\\\/3208\\\/\",\"name\":\"Pers\u00f6nliche Assistenz - vitalibera.org\",\"isPartOf\":{\"@id\":\"https:\\\/\\\/www.vitalibera.org\\\/community\\\/#website\"},\"primaryImageOfPage\":{\"@id\":\"https:\\\/\\\/www.vitalibera.org\\\/community\\\/2025\\\/10\\\/16\\\/3208\\\/#primaryimage\"},\"image\":{\"@id\":\"https:\\\/\\\/www.vitalibera.org\\\/community\\\/2025\\\/10\\\/16\\\/3208\\\/#primaryimage\"},\"thumbnailUrl\":\"http:\\\/\\\/www.vitalibera.org\\\/community\\\/wp-content\\\/uploads\\\/2025\\\/10\\\/assistenz-gesucht-ueber-uns-vector.png\",\"datePublished\":\"2025-10-16T15:08:02+00:00\",\"dateModified\":\"2025-10-16T15:11:52+00:00\",\"breadcrumb\":{\"@id\":\"https:\\\/\\\/www.vitalibera.org\\\/community\\\/2025\\\/10\\\/16\\\/3208\\\/#breadcrumb\"},\"inLanguage\":\"de\",\"potentialAction\":[{\"@type\":\"ReadAction\",\"target\":[\"https:\\\/\\\/www.vitalibera.org\\\/community\\\/2025\\\/10\\\/16\\\/3208\\\/\"]}]},{\"@type\":\"BreadcrumbList\",\"@id\":\"https:\\\/\\\/www.vitalibera.org\\\/community\\\/2025\\\/10\\\/16\\\/3208\\\/#breadcrumb\",\"itemListElement\":[{\"@type\":\"ListItem\",\"position\":1,\"name\":\"Startseite\",\"item\":\"https:\\\/\\\/www.vitalibera.org\\\/community\\\/\"},{\"@type\":\"ListItem\",\"position\":2,\"name\":\"Pers\u00f6nliche Assistenz\"}]},{\"@type\":\"WebSite\",\"@id\":\"https:\\\/\\\/www.vitalibera.org\\\/community\\\/#website\",\"url\":\"https:\\\/\\\/www.vitalibera.org\\\/community\\\/\",\"name\":\"vitalibera.org\",\"description\":\"Mit einer Einschr&auml;nkung gestaltet sich das Leben im Alltag oft schwieriger - hier berichten wir &uuml;ber unsere Erfahrungen und Hilfsmittel um den Alltag so unbeschwert und unkompliziert wie nur m&ouml;glich geniessen zu k&ouml;nnen. Dabei richten wir unseren Fokus gezielt auf Selbst&auml;ndigkeit, Eigenst&auml;ndigkeit und Selbstbestimmung.\",\"publisher\":{\"@id\":\"https:\\\/\\\/www.vitalibera.org\\\/community\\\/#organization\"},\"potentialAction\":[{\"@type\":\"SearchAction\",\"target\":{\"@type\":\"EntryPoint\",\"urlTemplate\":\"https:\\\/\\\/www.vitalibera.org\\\/community\\\/?s={search_term_string}\"},\"query-input\":{\"@type\":\"PropertyValueSpecification\",\"valueRequired\":true,\"valueName\":\"search_term_string\"}}],\"inLanguage\":\"de\"},{\"@type\":\"Organization\",\"@id\":\"https:\\\/\\\/www.vitalibera.org\\\/community\\\/#organization\",\"name\":\"vitalibera.org\",\"url\":\"https:\\\/\\\/www.vitalibera.org\\\/community\\\/\",\"logo\":{\"@type\":\"ImageObject\",\"inLanguage\":\"de\",\"@id\":\"https:\\\/\\\/www.vitalibera.org\\\/community\\\/#\\\/schema\\\/logo\\\/image\\\/\",\"url\":\"http:\\\/\\\/www.vitalibera.org\\\/community\\\/wp-content\\\/uploads\\\/2025\\\/09\\\/cropped-banner.png\",\"contentUrl\":\"http:\\\/\\\/www.vitalibera.org\\\/community\\\/wp-content\\\/uploads\\\/2025\\\/09\\\/cropped-banner.png\",\"width\":991,\"height\":150,\"caption\":\"vitalibera.org\"},\"image\":{\"@id\":\"https:\\\/\\\/www.vitalibera.org\\\/community\\\/#\\\/schema\\\/logo\\\/image\\\/\"},\"sameAs\":[\"https:\\\/\\\/www.facebook.com\\\/groups\\\/2997085857140235\"]},{\"@type\":\"Person\",\"@id\":\"https:\\\/\\\/www.vitalibera.org\\\/community\\\/#\\\/schema\\\/person\\\/6712387298421f222ff6d0a2e22c1534\",\"name\":\"Andreas Jecklin\",\"image\":{\"@type\":\"ImageObject\",\"inLanguage\":\"de\",\"@id\":\"http:\\\/\\\/0.gravatar.com\\\/avatar\\\/ad516503a11cd5ca435acc9bb6523536?s=96\",\"url\":\"http:\\\/\\\/0.gravatar.com\\\/avatar\\\/ad516503a11cd5ca435acc9bb6523536?s=96\",\"contentUrl\":\"http:\\\/\\\/0.gravatar.com\\\/avatar\\\/ad516503a11cd5ca435acc9bb6523536?s=96\",\"caption\":\"Andreas Jecklin\"},\"description\":\"Manchen gab Gott die Kraft Dinge zu ver\u00e4ndern, mir gab er die Kraft zu ertragen was nicht mehr zu \u00e4ndern ist.\",\"url\":\"http:\\\/\\\/www.vitalibera.org\\\/community\\\/author\\\/andy77\\\/\"}]}<\/script>\r\n<!-- \/ Yoast SEO plugin. -->","yoast_head_json":{"title":"Pers\u00f6nliche Assistenz - vitalibera.org","robots":{"index":"index","follow":"follow","max-snippet":"max-snippet:-1","max-image-preview":"max-image-preview:large","max-video-preview":"max-video-preview:-1"},"canonical":"https:\/\/www.vitalibera.org\/community\/2025\/10\/16\/3208\/","og_locale":"de_DE","og_type":"article","og_title":"Pers\u00f6nliche Assistenz - vitalibera.org","og_description":"Pers\u00f6nliche Assistenz ist eine&nbsp;individuelle Unterst\u00fctzung f\u00fcr Menschen mit Behinderungen, die ihnen ein selbstbestimmtes Leben erm\u00f6glichen soll.&nbsp;Dabei entscheidet die Person mit Behinderung selbst, welche Unterst\u00fctzung in welchem Bereich ben\u00f6tigt wird, und die Assistenten werden von ihr (oder einem Dienst) angeleitet.&nbsp;Die Assistenz kann von allt\u00e4glichen Aufgaben wie Einkaufen bis hin zur Pflege reichen und wird oft \u00fcber ... Weiterlesen","og_url":"https:\/\/www.vitalibera.org\/community\/2025\/10\/16\/3208\/","og_site_name":"vitalibera.org","article_publisher":"https:\/\/www.facebook.com\/groups\/2997085857140235","article_published_time":"2025-10-16T15:08:02+00:00","article_modified_time":"2025-10-16T15:11:52+00:00","og_image":[{"width":1979,"height":1823,"url":"https:\/\/www.vitalibera.org\/community\/wp-content\/uploads\/2025\/10\/assistenz-gesucht-ueber-uns-vector.png","type":"image\/png"}],"author":"Andreas Jecklin","twitter_card":"summary_large_image","twitter_misc":{"Verfasst von":"Andreas Jecklin","Gesch\u00e4tzte Lesezeit":"2\u00a0Minuten"},"schema":{"@context":"https:\/\/schema.org","@graph":[{"@type":"Article","@id":"https:\/\/www.vitalibera.org\/community\/2025\/10\/16\/3208\/#article","isPartOf":{"@id":"https:\/\/www.vitalibera.org\/community\/2025\/10\/16\/3208\/"},"author":{"name":"Andreas Jecklin","@id":"https:\/\/www.vitalibera.org\/community\/#\/schema\/person\/6712387298421f222ff6d0a2e22c1534"},"headline":"Pers\u00f6nliche Assistenz","datePublished":"2025-10-16T15:08:02+00:00","dateModified":"2025-10-16T15:11:52+00:00","mainEntityOfPage":{"@id":"https:\/\/www.vitalibera.org\/community\/2025\/10\/16\/3208\/"},"wordCount":349,"commentCount":0,"publisher":{"@id":"https:\/\/www.vitalibera.org\/community\/#organization"},"image":{"@id":"https:\/\/www.vitalibera.org\/community\/2025\/10\/16\/3208\/#primaryimage"},"thumbnailUrl":"http:\/\/www.vitalibera.org\/community\/wp-content\/uploads\/2025\/10\/assistenz-gesucht-ueber-uns-vector.png","articleSection":["Hilfe f\u00fcr Angeh\u00f6rige"],"inLanguage":"de","potentialAction":[{"@type":"CommentAction","name":"Comment","target":["https:\/\/www.vitalibera.org\/community\/2025\/10\/16\/3208\/#respond"]}]},{"@type":"WebPage","@id":"https:\/\/www.vitalibera.org\/community\/2025\/10\/16\/3208\/","url":"https:\/\/www.vitalibera.org\/community\/2025\/10\/16\/3208\/","name":"Pers\u00f6nliche Assistenz - vitalibera.org","isPartOf":{"@id":"https:\/\/www.vitalibera.org\/community\/#website"},"primaryImageOfPage":{"@id":"https:\/\/www.vitalibera.org\/community\/2025\/10\/16\/3208\/#primaryimage"},"image":{"@id":"https:\/\/www.vitalibera.org\/community\/2025\/10\/16\/3208\/#primaryimage"},"thumbnailUrl":"http:\/\/www.vitalibera.org\/community\/wp-content\/uploads\/2025\/10\/assistenz-gesucht-ueber-uns-vector.png","datePublished":"2025-10-16T15:08:02+00:00","dateModified":"2025-10-16T15:11:52+00:00","breadcrumb":{"@id":"https:\/\/www.vitalibera.org\/community\/2025\/10\/16\/3208\/#breadcrumb"},"inLanguage":"de","potentialAction":[{"@type":"ReadAction","target":["https:\/\/www.vitalibera.org\/community\/2025\/10\/16\/3208\/"]}]},{"@type":"BreadcrumbList","@id":"https:\/\/www.vitalibera.org\/community\/2025\/10\/16\/3208\/#breadcrumb","itemListElement":[{"@type":"ListItem","position":1,"name":"Startseite","item":"https:\/\/www.vitalibera.org\/community\/"},{"@type":"ListItem","position":2,"name":"Pers\u00f6nliche Assistenz"}]},{"@type":"WebSite","@id":"https:\/\/www.vitalibera.org\/community\/#website","url":"https:\/\/www.vitalibera.org\/community\/","name":"vitalibera.org","description":"Mit einer Einschr&auml;nkung gestaltet sich das Leben im Alltag oft schwieriger - hier berichten wir &uuml;ber unsere Erfahrungen und Hilfsmittel um den Alltag so unbeschwert und unkompliziert wie nur m&ouml;glich geniessen zu k&ouml;nnen. Dabei richten wir unseren Fokus gezielt auf Selbst&auml;ndigkeit, Eigenst&auml;ndigkeit und Selbstbestimmung.","publisher":{"@id":"https:\/\/www.vitalibera.org\/community\/#organization"},"potentialAction":[{"@type":"SearchAction","target":{"@type":"EntryPoint","urlTemplate":"https:\/\/www.vitalibera.org\/community\/?s={search_term_string}"},"query-input":{"@type":"PropertyValueSpecification","valueRequired":true,"valueName":"search_term_string"}}],"inLanguage":"de"},{"@type":"Organization","@id":"https:\/\/www.vitalibera.org\/community\/#organization","name":"vitalibera.org","url":"https:\/\/www.vitalibera.org\/community\/","logo":{"@type":"ImageObject","inLanguage":"de","@id":"https:\/\/www.vitalibera.org\/community\/#\/schema\/logo\/image\/","url":"http:\/\/www.vitalibera.org\/community\/wp-content\/uploads\/2025\/09\/cropped-banner.png","contentUrl":"http:\/\/www.vitalibera.org\/community\/wp-content\/uploads\/2025\/09\/cropped-banner.png","width":991,"height":150,"caption":"vitalibera.org"},"image":{"@id":"https:\/\/www.vitalibera.org\/community\/#\/schema\/logo\/image\/"},"sameAs":["https:\/\/www.facebook.com\/groups\/2997085857140235"]},{"@type":"Person","@id":"https:\/\/www.vitalibera.org\/community\/#\/schema\/person\/6712387298421f222ff6d0a2e22c1534","name":"Andreas Jecklin","image":{"@type":"ImageObject","inLanguage":"de","@id":"http:\/\/0.gravatar.com\/avatar\/ad516503a11cd5ca435acc9bb6523536?s=96","url":"http:\/\/0.gravatar.com\/avatar\/ad516503a11cd5ca435acc9bb6523536?s=96","contentUrl":"http:\/\/0.gravatar.com\/avatar\/ad516503a11cd5ca435acc9bb6523536?s=96","caption":"Andreas Jecklin"},"description":"Manchen gab Gott die Kraft Dinge zu ver\u00e4ndern, mir gab er die Kraft zu ertragen was nicht mehr zu \u00e4ndern ist.","url":"http:\/\/www.vitalibera.org\/community\/author\/andy77\/"}]}},"jetpack_featured_media_url":"http:\/\/www.vitalibera.org\/community\/wp-content\/uploads\/2025\/10\/assistenz-gesucht-ueber-uns-vector.png","jetpack_sharing_enabled":true,"jetpack-related-posts":[],"_links":{"self":[{"href":"http:\/\/www.vitalibera.org\/community\/wp-json\/wp\/v2\/posts\/3208","targetHints":{"allow":["GET"]}}],"collection":[{"href":"http:\/\/www.vitalibera.org\/community\/wp-json\/wp\/v2\/posts"}],"about":[{"href":"http:\/\/www.vitalibera.org\/community\/wp-json\/wp\/v2\/types\/post"}],"author":[{"embeddable":true,"href":"http:\/\/www.vitalibera.org\/community\/wp-json\/wp\/v2\/users\/2"}],"replies":[{"embeddable":true,"href":"http:\/\/www.vitalibera.org\/community\/wp-json\/wp\/v2\/comments?post=3208"}],"version-history":[{"count":0,"href":"http:\/\/www.vitalibera.org\/community\/wp-json\/wp\/v2\/posts\/3208\/revisions"}],"wp:featuredmedia":[{"embeddable":true,"href":"http:\/\/www.vitalibera.org\/community\/wp-json\/wp\/v2\/media\/3210"}],"wp:attachment":[{"href":"http:\/\/www.vitalibera.org\/community\/wp-json\/wp\/v2\/media?parent=3208"}],"wp:term":[{"taxonomy":"category","embeddable":true,"href":"http:\/\/www.vitalibera.org\/community\/wp-json\/wp\/v2\/categories?post=3208"},{"taxonomy":"post_tag","embeddable":true,"href":"http:\/\/www.vitalibera.org\/community\/wp-json\/wp\/v2\/tags?post=3208"}],"curies":[{"name":"wp","href":"https:\/\/api.w.org\/{rel}","templated":true}]}}