{"id":3223,"date":"2025-10-16T18:51:11","date_gmt":"2025-10-16T16:51:11","guid":{"rendered":"https:\/\/www.vitalibera.org\/community\/?p=3223"},"modified":"2025-10-16T18:52:42","modified_gmt":"2025-10-16T16:52:42","slug":"myomo-arm-und-hand-orthese","status":"publish","type":"post","link":"http:\/\/www.vitalibera.org\/community\/2025\/10\/16\/myomo-arm-und-hand-orthese\/","title":{"rendered":"Myomo Arm und Hand-Orthese"},"content":{"rendered":"\n<p>Die Myomo-<a href=\"http:\/\/www.vitalibera.org\/community\/enzyklopaedie\/orthese\/\" target=\"_self\" title=\"Eine Orthese ist ein&nbsp;medizinisches Hilfsmittel, das von au&szlig;en an einem K&ouml;rperteil angebracht wird, um es zu stabilisieren, entlasten, ruhigzustellen oder Fehlstellungen zu korrigieren, oft nach Verletzungen, Operationen oder bei Erkrankungen wie Arthrose, indem sie Gelenke, Knochen oder Muskeln st&uuml;tzt und die Funktion des Bewegungsapparates unterst&uuml;tzt.&nbsp;Sie ist ein &auml;u&szlig;eres St&uuml;tzger&auml;t, das anders als eine Prothese kein&hellip;\" class=\"encyclopedia\">Orthese<\/a> MyoPro<sup>&reg;<\/sup>&nbsp;unterst&uuml;tzt <a href=\"http:\/\/www.vitalibera.org\/community\/2026\/04\/19\/wenn-reize-laut-werden-und-menschen-leise\/\">Betroffene<\/a> einer L&auml;hmung oder <a href=\"http:\/\/www.vitalibera.org\/community\/enzyklopaedie\/spastik-spastizitaet\/\" target=\"_self\" title=\"Spastik, auch Spastizit&auml;t genannt, ist eine&nbsp;neurologische Erkrankung, bei der die Muskelspannung erh&ouml;ht ist und es zu unkontrollierbaren Verkrampfungen kommt.&nbsp;Sie ist keine eigenst&auml;ndige Krankheit, sondern ein Symptom einer Sch&auml;digung des zentralen Nervensystems, zum Beispiel nach einem Schlaganfall, bei Multipler Sklerose oder einer R&uuml;ckenmarksverletzung.&nbsp;Die Behandlung ist langfristig und umfasst Physiotherapie, Ergotherapie, Medikamente, Orthesen und ggf. Operationen, um&hellip;\" class=\"encyclopedia\">Spastik<\/a> in Arm und Hand als Hilfsmittel f&uuml;r <a href=\"http:\/\/www.vitalibera.org\/community\/enzyklopaedie\/schlaganfall\/\" target=\"_self\" title=\"Ein Schlaganfall, auch Hirnschlag oder Apoplex genannt, ist eine&nbsp;pl&ouml;tzlich auftretende Durchblutungsst&ouml;rung im Gehirn, die dazu f&uuml;hrt, dass Gehirnzellen nicht mehr ausreichend mit Sauerstoff und N&auml;hrstoffen versorgt werden.&nbsp;Dies kann zu bleibenden Sch&auml;den oder sogar zum Absterben von Hirnzellen f&uuml;hren, wenn die Durchblutung nicht schnell wiederhergestellt wird.&nbsp; Einfach erkl&auml;rt: Stellen Sie sich vor, ein Teil Ihres Gehirns&hellip;\" class=\"encyclopedia\">Schlaganfall<\/a>-Patienten oder anderen neuromuskul&auml;ren Erkrankungen mit einer <a href=\"http:\/\/www.vitalibera.org\/community\/enzyklopaedie\/spastik-spastizitaet\/\" target=\"_self\" title=\"Spastik, auch Spastizit&auml;t genannt, ist eine&nbsp;neurologische Erkrankung, bei der die Muskelspannung erh&ouml;ht ist und es zu unkontrollierbaren Verkrampfungen kommt.&nbsp;Sie ist keine eigenst&auml;ndige Krankheit, sondern ein Symptom einer Sch&auml;digung des zentralen Nervensystems, zum Beispiel nach einem Schlaganfall, bei Multipler Sklerose oder einer R&uuml;ckenmarksverletzung.&nbsp;Die Behandlung ist langfristig und umfasst Physiotherapie, Ergotherapie, Medikamente, Orthesen und ggf. Operationen, um&hellip;\" class=\"encyclopedia\">Spastik<\/a> oder L&auml;hmung. Wir begleiten Sie von Anfang an, beginnend mit einem beratenden Gespr&auml;ch und einer kostenlosen Test-Session. Nat&uuml;rlich unterst&uuml;tzen wir Sie auch bei der Antragstellung und begleiten Sie bis zu dem Zeitpunkt, an dem Sie die myoelektrische <a href=\"http:\/\/www.vitalibera.org\/community\/enzyklopaedie\/orthese\/\" target=\"_self\" title=\"Eine Orthese ist ein&nbsp;medizinisches Hilfsmittel, das von au&szlig;en an einem K&ouml;rperteil angebracht wird, um es zu stabilisieren, entlasten, ruhigzustellen oder Fehlstellungen zu korrigieren, oft nach Verletzungen, Operationen oder bei Erkrankungen wie Arthrose, indem sie Gelenke, Knochen oder Muskeln st&uuml;tzt und die Funktion des Bewegungsapparates unterst&uuml;tzt.&nbsp;Sie ist ein &auml;u&szlig;eres St&uuml;tzger&auml;t, das anders als eine Prothese kein&hellip;\" class=\"encyclopedia\">Orthese<\/a> f&uuml;r Hand und Arm im Alltag selbst&auml;ndig verwenden k&ouml;nnen. Die Kosten werden von Gesetzlichen Krankenkassen und Unfallkassen &uuml;bernommen, wenn Sie f&uuml;r die MyoPro<sup>&reg;<\/sup>-<a href=\"http:\/\/www.vitalibera.org\/community\/enzyklopaedie\/orthese\/\" target=\"_self\" title=\"Eine Orthese ist ein&nbsp;medizinisches Hilfsmittel, das von au&szlig;en an einem K&ouml;rperteil angebracht wird, um es zu stabilisieren, entlasten, ruhigzustellen oder Fehlstellungen zu korrigieren, oft nach Verletzungen, Operationen oder bei Erkrankungen wie Arthrose, indem sie Gelenke, Knochen oder Muskeln st&uuml;tzt und die Funktion des Bewegungsapparates unterst&uuml;tzt.&nbsp;Sie ist ein &auml;u&szlig;eres St&uuml;tzger&auml;t, das anders als eine Prothese kein&hellip;\" class=\"encyclopedia\">Orthese<\/a> geeignet sind.<\/p>\n\n\n<div class=\"wp-block-image\">\n<figure class=\"aligncenter size-full is-resized\"><img fetchpriority=\"high\" decoding=\"async\" width=\"662\" height=\"836\" src=\"https:\/\/www.vitalibera.org\/community\/wp-content\/uploads\/2025\/10\/kontakt-footer.png\" alt=\"\" class=\"wp-image-3224\" style=\"width:439px;height:auto\" srcset=\"http:\/\/www.vitalibera.org\/community\/wp-content\/uploads\/2025\/10\/kontakt-footer.png 662w, http:\/\/www.vitalibera.org\/community\/wp-content\/uploads\/2025\/10\/kontakt-footer-238x300.png 238w\" sizes=\"(max-width: 662px) 100vw, 662px\" \/><\/figure>\n<\/div>\n\n\n<p><a href=\"https:\/\/www.myomo.de\/#footer\" target=\"_blank\" rel=\"noreferrer noopener\">R&uuml;ckruf anfordern<\/a><\/p>\n","protected":false},"excerpt":{"rendered":"<p>Die Myomo-Orthese MyoPro\u00ae\u00a0unterst\u00fctzt Betroffene einer L\u00e4hmung oder Spastik in Arm und Hand als Hilfsmittel f\u00fcr Schlaganfall-Patienten oder anderen neuromuskul\u00e4ren Erkrankungen mit einer Spastik oder L\u00e4hmung. Wir begleiten Sie von Anfang an, beginnend mit einem beratenden Gespr\u00e4ch und einer kostenlosen Test-Session. Nat\u00fcrlich unterst\u00fctzen wir Sie auch bei der Antragstellung und begleiten Sie bis zu dem Zeitpunkt, &#8230; <a title=\"Myomo Arm und Hand-Orthese\" class=\"read-more\" href=\"http:\/\/www.vitalibera.org\/community\/2025\/10\/16\/myomo-arm-und-hand-orthese\/\" aria-label=\"Mehr Informationen \u00fcber Myomo Arm und Hand-Orthese\">Weiterlesen<\/a><\/p>\n","protected":false},"author":1,"featured_media":3224,"comment_status":"open","ping_status":"open","sticky":false,"template":"","format":"standard","meta":{"cybocfi_hide_featured_image":"yes","_jetpack_memberships_contains_paid_content":false,"footnotes":""},"categories":[75,231],"tags":[],"class_list":["post-3223","post","type-post","status-publish","format-standard","has-post-thumbnail","hentry","category-mobilitaet","category-orthesen"],"yoast_head":"<!-- This site is optimized with the Yoast SEO plugin v27.4 - https:\/\/yoast.com\/product\/yoast-seo-wordpress\/ -->\r\n<title>Myomo Arm und Hand-Orthese - vitalibera.org<\/title>\r\n<meta name=\"description\" content=\"Die Myomo-Orthese MyoPro\u00ae\u00a0unterst\u00fctzt Betroffene einer L\u00e4hmung oder Spastik in Arm und Hand als Hilfsmittel f\u00fcr Schlaganfall-Patienten oder anderen neuromuskul\u00e4ren Erkrankungen mit einer Spastik oder L\u00e4hmung. Wir begleiten Sie von Anfang an, beginnend mit einem beratenden Gespr\u00e4ch und einer kostenlosen Test-Session. Nat\u00fcrlich unterst\u00fctzen wir Sie auch bei der Antragstellung und begleiten Sie bis zu dem Zeitpunkt, an dem Sie die myoelektrische Orthese f\u00fcr Hand und Arm im Alltag selbst\u00e4ndig verwenden k\u00f6nnen. Die Kosten werden von Gesetzlichen Krankenkassen und Unfallkassen \u00fcbernommen, wenn Sie f\u00fcr die MyoPro\u00ae-Orthese geeignet sind.\" \/>\r\n<meta name=\"robots\" content=\"index, follow, max-snippet:-1, max-image-preview:large, max-video-preview:-1\" \/>\r\n<link rel=\"canonical\" href=\"http:\/\/www.vitalibera.org\/community\/2025\/10\/16\/myomo-arm-und-hand-orthese\/\" \/>\r\n<meta property=\"og:locale\" content=\"de_DE\" \/>\r\n<meta property=\"og:type\" content=\"article\" \/>\r\n<meta property=\"og:title\" content=\"Myomo Arm und Hand-Orthese - vitalibera.org\" \/>\r\n<meta property=\"og:description\" content=\"Die Myomo-Orthese MyoPro\u00ae\u00a0unterst\u00fctzt Betroffene einer L\u00e4hmung oder Spastik in Arm und Hand als Hilfsmittel f\u00fcr Schlaganfall-Patienten oder anderen neuromuskul\u00e4ren Erkrankungen mit einer Spastik oder L\u00e4hmung. Wir begleiten Sie von Anfang an, beginnend mit einem beratenden Gespr\u00e4ch und einer kostenlosen Test-Session. Nat\u00fcrlich unterst\u00fctzen wir Sie auch bei der Antragstellung und begleiten Sie bis zu dem Zeitpunkt, an dem Sie die myoelektrische Orthese f\u00fcr Hand und Arm im Alltag selbst\u00e4ndig verwenden k\u00f6nnen. Die Kosten werden von Gesetzlichen Krankenkassen und Unfallkassen \u00fcbernommen, wenn Sie f\u00fcr die MyoPro\u00ae-Orthese geeignet sind.\" \/>\r\n<meta property=\"og:url\" content=\"http:\/\/www.vitalibera.org\/community\/2025\/10\/16\/myomo-arm-und-hand-orthese\/\" \/>\r\n<meta property=\"og:site_name\" content=\"vitalibera.org\" \/>\r\n<meta property=\"article:publisher\" content=\"https:\/\/www.facebook.com\/groups\/2997085857140235\" \/>\r\n<meta property=\"article:published_time\" content=\"2025-10-16T16:51:11+00:00\" \/>\r\n<meta property=\"article:modified_time\" content=\"2025-10-16T16:52:42+00:00\" \/>\r\n<meta property=\"og:image\" content=\"http:\/\/www.vitalibera.org\/community\/wp-content\/uploads\/2025\/10\/kontakt-footer.png\" \/>\r\n\t<meta property=\"og:image:width\" content=\"662\" \/>\r\n\t<meta property=\"og:image:height\" content=\"836\" \/>\r\n\t<meta property=\"og:image:type\" content=\"image\/png\" \/>\r\n<meta name=\"author\" content=\"admin\" \/>\r\n<meta name=\"twitter:card\" content=\"summary_large_image\" \/>\r\n<meta name=\"twitter:label1\" content=\"Verfasst von\" \/>\n\t<meta name=\"twitter:data1\" content=\"admin\" \/>\n\t<meta name=\"twitter:label2\" content=\"Gesch\u00e4tzte Lesezeit\" \/>\n\t<meta name=\"twitter:data2\" content=\"1\u00a0Minute\" \/>\r\n<script type=\"application\/ld+json\" class=\"yoast-schema-graph\">{\"@context\":\"https:\\\/\\\/schema.org\",\"@graph\":[{\"@type\":\"Article\",\"@id\":\"http:\\\/\\\/www.vitalibera.org\\\/community\\\/2025\\\/10\\\/16\\\/myomo-arm-und-hand-orthese\\\/#article\",\"isPartOf\":{\"@id\":\"http:\\\/\\\/www.vitalibera.org\\\/community\\\/2025\\\/10\\\/16\\\/myomo-arm-und-hand-orthese\\\/\"},\"author\":{\"name\":\"admin\",\"@id\":\"https:\\\/\\\/www.vitalibera.org\\\/community\\\/#\\\/schema\\\/person\\\/c535fa8d561f7f8ca425ced40d87e582\"},\"headline\":\"Myomo Arm und Hand-Orthese\",\"datePublished\":\"2025-10-16T16:51:11+00:00\",\"dateModified\":\"2025-10-16T16:52:42+00:00\",\"mainEntityOfPage\":{\"@id\":\"http:\\\/\\\/www.vitalibera.org\\\/community\\\/2025\\\/10\\\/16\\\/myomo-arm-und-hand-orthese\\\/\"},\"wordCount\":107,\"commentCount\":0,\"publisher\":{\"@id\":\"https:\\\/\\\/www.vitalibera.org\\\/community\\\/#organization\"},\"image\":{\"@id\":\"http:\\\/\\\/www.vitalibera.org\\\/community\\\/2025\\\/10\\\/16\\\/myomo-arm-und-hand-orthese\\\/#primaryimage\"},\"thumbnailUrl\":\"http:\\\/\\\/www.vitalibera.org\\\/community\\\/wp-content\\\/uploads\\\/2025\\\/10\\\/kontakt-footer.png\",\"articleSection\":[\"Mobilit\u00e4t\",\"Orthesen\"],\"inLanguage\":\"de\",\"potentialAction\":[{\"@type\":\"CommentAction\",\"name\":\"Comment\",\"target\":[\"http:\\\/\\\/www.vitalibera.org\\\/community\\\/2025\\\/10\\\/16\\\/myomo-arm-und-hand-orthese\\\/#respond\"]}]},{\"@type\":\"WebPage\",\"@id\":\"http:\\\/\\\/www.vitalibera.org\\\/community\\\/2025\\\/10\\\/16\\\/myomo-arm-und-hand-orthese\\\/\",\"url\":\"http:\\\/\\\/www.vitalibera.org\\\/community\\\/2025\\\/10\\\/16\\\/myomo-arm-und-hand-orthese\\\/\",\"name\":\"Myomo Arm und Hand-Orthese - vitalibera.org\",\"isPartOf\":{\"@id\":\"https:\\\/\\\/www.vitalibera.org\\\/community\\\/#website\"},\"primaryImageOfPage\":{\"@id\":\"http:\\\/\\\/www.vitalibera.org\\\/community\\\/2025\\\/10\\\/16\\\/myomo-arm-und-hand-orthese\\\/#primaryimage\"},\"image\":{\"@id\":\"http:\\\/\\\/www.vitalibera.org\\\/community\\\/2025\\\/10\\\/16\\\/myomo-arm-und-hand-orthese\\\/#primaryimage\"},\"thumbnailUrl\":\"http:\\\/\\\/www.vitalibera.org\\\/community\\\/wp-content\\\/uploads\\\/2025\\\/10\\\/kontakt-footer.png\",\"datePublished\":\"2025-10-16T16:51:11+00:00\",\"dateModified\":\"2025-10-16T16:52:42+00:00\",\"description\":\"Die Myomo-Orthese MyoPro\u00ae\u00a0unterst\u00fctzt Betroffene einer L\u00e4hmung oder Spastik in Arm und Hand als Hilfsmittel f\u00fcr Schlaganfall-Patienten oder anderen neuromuskul\u00e4ren Erkrankungen mit einer Spastik oder L\u00e4hmung. Wir begleiten Sie von Anfang an, beginnend mit einem beratenden Gespr\u00e4ch und einer kostenlosen Test-Session. Nat\u00fcrlich unterst\u00fctzen wir Sie auch bei der Antragstellung und begleiten Sie bis zu dem Zeitpunkt, an dem Sie die myoelektrische Orthese f\u00fcr Hand und Arm im Alltag selbst\u00e4ndig verwenden k\u00f6nnen. Die Kosten werden von Gesetzlichen Krankenkassen und Unfallkassen \u00fcbernommen, wenn Sie f\u00fcr die MyoPro\u00ae-Orthese geeignet sind.\",\"breadcrumb\":{\"@id\":\"http:\\\/\\\/www.vitalibera.org\\\/community\\\/2025\\\/10\\\/16\\\/myomo-arm-und-hand-orthese\\\/#breadcrumb\"},\"inLanguage\":\"de\",\"potentialAction\":[{\"@type\":\"ReadAction\",\"target\":[\"http:\\\/\\\/www.vitalibera.org\\\/community\\\/2025\\\/10\\\/16\\\/myomo-arm-und-hand-orthese\\\/\"]}]},{\"@type\":\"BreadcrumbList\",\"@id\":\"http:\\\/\\\/www.vitalibera.org\\\/community\\\/2025\\\/10\\\/16\\\/myomo-arm-und-hand-orthese\\\/#breadcrumb\",\"itemListElement\":[{\"@type\":\"ListItem\",\"position\":1,\"name\":\"Startseite\",\"item\":\"https:\\\/\\\/www.vitalibera.org\\\/community\\\/\"},{\"@type\":\"ListItem\",\"position\":2,\"name\":\"Myomo Arm und Hand-Orthese\"}]},{\"@type\":\"WebSite\",\"@id\":\"https:\\\/\\\/www.vitalibera.org\\\/community\\\/#website\",\"url\":\"https:\\\/\\\/www.vitalibera.org\\\/community\\\/\",\"name\":\"vitalibera.org\",\"description\":\"Mit einer Einschr&auml;nkung gestaltet sich das Leben im Alltag oft schwieriger - hier berichten wir &uuml;ber unsere Erfahrungen und Hilfsmittel um den Alltag so unbeschwert und unkompliziert wie nur m&ouml;glich geniessen zu k&ouml;nnen. Dabei richten wir unseren Fokus gezielt auf Selbst&auml;ndigkeit, Eigenst&auml;ndigkeit und Selbstbestimmung.\",\"publisher\":{\"@id\":\"https:\\\/\\\/www.vitalibera.org\\\/community\\\/#organization\"},\"potentialAction\":[{\"@type\":\"SearchAction\",\"target\":{\"@type\":\"EntryPoint\",\"urlTemplate\":\"https:\\\/\\\/www.vitalibera.org\\\/community\\\/?s={search_term_string}\"},\"query-input\":{\"@type\":\"PropertyValueSpecification\",\"valueRequired\":true,\"valueName\":\"search_term_string\"}}],\"inLanguage\":\"de\"},{\"@type\":\"Organization\",\"@id\":\"https:\\\/\\\/www.vitalibera.org\\\/community\\\/#organization\",\"name\":\"vitalibera.org\",\"url\":\"https:\\\/\\\/www.vitalibera.org\\\/community\\\/\",\"logo\":{\"@type\":\"ImageObject\",\"inLanguage\":\"de\",\"@id\":\"https:\\\/\\\/www.vitalibera.org\\\/community\\\/#\\\/schema\\\/logo\\\/image\\\/\",\"url\":\"http:\\\/\\\/www.vitalibera.org\\\/community\\\/wp-content\\\/uploads\\\/2025\\\/09\\\/cropped-banner.png\",\"contentUrl\":\"http:\\\/\\\/www.vitalibera.org\\\/community\\\/wp-content\\\/uploads\\\/2025\\\/09\\\/cropped-banner.png\",\"width\":991,\"height\":150,\"caption\":\"vitalibera.org\"},\"image\":{\"@id\":\"https:\\\/\\\/www.vitalibera.org\\\/community\\\/#\\\/schema\\\/logo\\\/image\\\/\"},\"sameAs\":[\"https:\\\/\\\/www.facebook.com\\\/groups\\\/2997085857140235\"]},{\"@type\":\"Person\",\"@id\":\"https:\\\/\\\/www.vitalibera.org\\\/community\\\/#\\\/schema\\\/person\\\/c535fa8d561f7f8ca425ced40d87e582\",\"name\":\"admin\",\"image\":{\"@type\":\"ImageObject\",\"inLanguage\":\"de\",\"@id\":\"http:\\\/\\\/0.gravatar.com\\\/avatar\\\/ad516503a11cd5ca435acc9bb6523536?s=96\",\"url\":\"http:\\\/\\\/0.gravatar.com\\\/avatar\\\/ad516503a11cd5ca435acc9bb6523536?s=96\",\"contentUrl\":\"http:\\\/\\\/0.gravatar.com\\\/avatar\\\/ad516503a11cd5ca435acc9bb6523536?s=96\",\"caption\":\"admin\"},\"description\":\"admin\",\"sameAs\":[\"http:\\\/\\\/www.vitalibera.org\\\/community\"],\"url\":\"http:\\\/\\\/www.vitalibera.org\\\/community\\\/author\\\/admin\\\/\"}]}<\/script>\r\n<!-- \/ Yoast SEO plugin. -->","yoast_head_json":{"title":"Myomo Arm und Hand-Orthese - vitalibera.org","description":"Die Myomo-Orthese MyoPro\u00ae\u00a0unterst\u00fctzt Betroffene einer L\u00e4hmung oder Spastik in Arm und Hand als Hilfsmittel f\u00fcr Schlaganfall-Patienten oder anderen neuromuskul\u00e4ren Erkrankungen mit einer Spastik oder L\u00e4hmung. Wir begleiten Sie von Anfang an, beginnend mit einem beratenden Gespr\u00e4ch und einer kostenlosen Test-Session. Nat\u00fcrlich unterst\u00fctzen wir Sie auch bei der Antragstellung und begleiten Sie bis zu dem Zeitpunkt, an dem Sie die myoelektrische Orthese f\u00fcr Hand und Arm im Alltag selbst\u00e4ndig verwenden k\u00f6nnen. Die Kosten werden von Gesetzlichen Krankenkassen und Unfallkassen \u00fcbernommen, wenn Sie f\u00fcr die MyoPro\u00ae-Orthese geeignet sind.","robots":{"index":"index","follow":"follow","max-snippet":"max-snippet:-1","max-image-preview":"max-image-preview:large","max-video-preview":"max-video-preview:-1"},"canonical":"http:\/\/www.vitalibera.org\/community\/2025\/10\/16\/myomo-arm-und-hand-orthese\/","og_locale":"de_DE","og_type":"article","og_title":"Myomo Arm und Hand-Orthese - vitalibera.org","og_description":"Die Myomo-Orthese MyoPro\u00ae\u00a0unterst\u00fctzt Betroffene einer L\u00e4hmung oder Spastik in Arm und Hand als Hilfsmittel f\u00fcr Schlaganfall-Patienten oder anderen neuromuskul\u00e4ren Erkrankungen mit einer Spastik oder L\u00e4hmung. Wir begleiten Sie von Anfang an, beginnend mit einem beratenden Gespr\u00e4ch und einer kostenlosen Test-Session. Nat\u00fcrlich unterst\u00fctzen wir Sie auch bei der Antragstellung und begleiten Sie bis zu dem Zeitpunkt, an dem Sie die myoelektrische Orthese f\u00fcr Hand und Arm im Alltag selbst\u00e4ndig verwenden k\u00f6nnen. Die Kosten werden von Gesetzlichen Krankenkassen und Unfallkassen \u00fcbernommen, wenn Sie f\u00fcr die MyoPro\u00ae-Orthese geeignet sind.","og_url":"http:\/\/www.vitalibera.org\/community\/2025\/10\/16\/myomo-arm-und-hand-orthese\/","og_site_name":"vitalibera.org","article_publisher":"https:\/\/www.facebook.com\/groups\/2997085857140235","article_published_time":"2025-10-16T16:51:11+00:00","article_modified_time":"2025-10-16T16:52:42+00:00","og_image":[{"width":662,"height":836,"url":"http:\/\/www.vitalibera.org\/community\/wp-content\/uploads\/2025\/10\/kontakt-footer.png","type":"image\/png"}],"author":"admin","twitter_card":"summary_large_image","twitter_misc":{"Verfasst von":"admin","Gesch\u00e4tzte Lesezeit":"1\u00a0Minute"},"schema":{"@context":"https:\/\/schema.org","@graph":[{"@type":"Article","@id":"http:\/\/www.vitalibera.org\/community\/2025\/10\/16\/myomo-arm-und-hand-orthese\/#article","isPartOf":{"@id":"http:\/\/www.vitalibera.org\/community\/2025\/10\/16\/myomo-arm-und-hand-orthese\/"},"author":{"name":"admin","@id":"https:\/\/www.vitalibera.org\/community\/#\/schema\/person\/c535fa8d561f7f8ca425ced40d87e582"},"headline":"Myomo Arm und Hand-Orthese","datePublished":"2025-10-16T16:51:11+00:00","dateModified":"2025-10-16T16:52:42+00:00","mainEntityOfPage":{"@id":"http:\/\/www.vitalibera.org\/community\/2025\/10\/16\/myomo-arm-und-hand-orthese\/"},"wordCount":107,"commentCount":0,"publisher":{"@id":"https:\/\/www.vitalibera.org\/community\/#organization"},"image":{"@id":"http:\/\/www.vitalibera.org\/community\/2025\/10\/16\/myomo-arm-und-hand-orthese\/#primaryimage"},"thumbnailUrl":"http:\/\/www.vitalibera.org\/community\/wp-content\/uploads\/2025\/10\/kontakt-footer.png","articleSection":["Mobilit\u00e4t","Orthesen"],"inLanguage":"de","potentialAction":[{"@type":"CommentAction","name":"Comment","target":["http:\/\/www.vitalibera.org\/community\/2025\/10\/16\/myomo-arm-und-hand-orthese\/#respond"]}]},{"@type":"WebPage","@id":"http:\/\/www.vitalibera.org\/community\/2025\/10\/16\/myomo-arm-und-hand-orthese\/","url":"http:\/\/www.vitalibera.org\/community\/2025\/10\/16\/myomo-arm-und-hand-orthese\/","name":"Myomo Arm und Hand-Orthese - vitalibera.org","isPartOf":{"@id":"https:\/\/www.vitalibera.org\/community\/#website"},"primaryImageOfPage":{"@id":"http:\/\/www.vitalibera.org\/community\/2025\/10\/16\/myomo-arm-und-hand-orthese\/#primaryimage"},"image":{"@id":"http:\/\/www.vitalibera.org\/community\/2025\/10\/16\/myomo-arm-und-hand-orthese\/#primaryimage"},"thumbnailUrl":"http:\/\/www.vitalibera.org\/community\/wp-content\/uploads\/2025\/10\/kontakt-footer.png","datePublished":"2025-10-16T16:51:11+00:00","dateModified":"2025-10-16T16:52:42+00:00","description":"Die Myomo-Orthese MyoPro\u00ae\u00a0unterst\u00fctzt Betroffene einer L\u00e4hmung oder Spastik in Arm und Hand als Hilfsmittel f\u00fcr Schlaganfall-Patienten oder anderen neuromuskul\u00e4ren Erkrankungen mit einer Spastik oder L\u00e4hmung. Wir begleiten Sie von Anfang an, beginnend mit einem beratenden Gespr\u00e4ch und einer kostenlosen Test-Session. Nat\u00fcrlich unterst\u00fctzen wir Sie auch bei der Antragstellung und begleiten Sie bis zu dem Zeitpunkt, an dem Sie die myoelektrische Orthese f\u00fcr Hand und Arm im Alltag selbst\u00e4ndig verwenden k\u00f6nnen. Die Kosten werden von Gesetzlichen Krankenkassen und Unfallkassen \u00fcbernommen, wenn Sie f\u00fcr die MyoPro\u00ae-Orthese geeignet sind.","breadcrumb":{"@id":"http:\/\/www.vitalibera.org\/community\/2025\/10\/16\/myomo-arm-und-hand-orthese\/#breadcrumb"},"inLanguage":"de","potentialAction":[{"@type":"ReadAction","target":["http:\/\/www.vitalibera.org\/community\/2025\/10\/16\/myomo-arm-und-hand-orthese\/"]}]},{"@type":"BreadcrumbList","@id":"http:\/\/www.vitalibera.org\/community\/2025\/10\/16\/myomo-arm-und-hand-orthese\/#breadcrumb","itemListElement":[{"@type":"ListItem","position":1,"name":"Startseite","item":"https:\/\/www.vitalibera.org\/community\/"},{"@type":"ListItem","position":2,"name":"Myomo Arm und Hand-Orthese"}]},{"@type":"WebSite","@id":"https:\/\/www.vitalibera.org\/community\/#website","url":"https:\/\/www.vitalibera.org\/community\/","name":"vitalibera.org","description":"Mit einer Einschr&auml;nkung gestaltet sich das Leben im Alltag oft schwieriger - hier berichten wir &uuml;ber unsere Erfahrungen und Hilfsmittel um den Alltag so unbeschwert und unkompliziert wie nur m&ouml;glich geniessen zu k&ouml;nnen. Dabei richten wir unseren Fokus gezielt auf Selbst&auml;ndigkeit, Eigenst&auml;ndigkeit und Selbstbestimmung.","publisher":{"@id":"https:\/\/www.vitalibera.org\/community\/#organization"},"potentialAction":[{"@type":"SearchAction","target":{"@type":"EntryPoint","urlTemplate":"https:\/\/www.vitalibera.org\/community\/?s={search_term_string}"},"query-input":{"@type":"PropertyValueSpecification","valueRequired":true,"valueName":"search_term_string"}}],"inLanguage":"de"},{"@type":"Organization","@id":"https:\/\/www.vitalibera.org\/community\/#organization","name":"vitalibera.org","url":"https:\/\/www.vitalibera.org\/community\/","logo":{"@type":"ImageObject","inLanguage":"de","@id":"https:\/\/www.vitalibera.org\/community\/#\/schema\/logo\/image\/","url":"http:\/\/www.vitalibera.org\/community\/wp-content\/uploads\/2025\/09\/cropped-banner.png","contentUrl":"http:\/\/www.vitalibera.org\/community\/wp-content\/uploads\/2025\/09\/cropped-banner.png","width":991,"height":150,"caption":"vitalibera.org"},"image":{"@id":"https:\/\/www.vitalibera.org\/community\/#\/schema\/logo\/image\/"},"sameAs":["https:\/\/www.facebook.com\/groups\/2997085857140235"]},{"@type":"Person","@id":"https:\/\/www.vitalibera.org\/community\/#\/schema\/person\/c535fa8d561f7f8ca425ced40d87e582","name":"admin","image":{"@type":"ImageObject","inLanguage":"de","@id":"http:\/\/0.gravatar.com\/avatar\/ad516503a11cd5ca435acc9bb6523536?s=96","url":"http:\/\/0.gravatar.com\/avatar\/ad516503a11cd5ca435acc9bb6523536?s=96","contentUrl":"http:\/\/0.gravatar.com\/avatar\/ad516503a11cd5ca435acc9bb6523536?s=96","caption":"admin"},"description":"admin","sameAs":["http:\/\/www.vitalibera.org\/community"],"url":"http:\/\/www.vitalibera.org\/community\/author\/admin\/"}]}},"jetpack_featured_media_url":"http:\/\/www.vitalibera.org\/community\/wp-content\/uploads\/2025\/10\/kontakt-footer.png","jetpack_sharing_enabled":true,"jetpack-related-posts":[],"_links":{"self":[{"href":"http:\/\/www.vitalibera.org\/community\/wp-json\/wp\/v2\/posts\/3223","targetHints":{"allow":["GET"]}}],"collection":[{"href":"http:\/\/www.vitalibera.org\/community\/wp-json\/wp\/v2\/posts"}],"about":[{"href":"http:\/\/www.vitalibera.org\/community\/wp-json\/wp\/v2\/types\/post"}],"author":[{"embeddable":true,"href":"http:\/\/www.vitalibera.org\/community\/wp-json\/wp\/v2\/users\/1"}],"replies":[{"embeddable":true,"href":"http:\/\/www.vitalibera.org\/community\/wp-json\/wp\/v2\/comments?post=3223"}],"version-history":[{"count":0,"href":"http:\/\/www.vitalibera.org\/community\/wp-json\/wp\/v2\/posts\/3223\/revisions"}],"wp:featuredmedia":[{"embeddable":true,"href":"http:\/\/www.vitalibera.org\/community\/wp-json\/wp\/v2\/media\/3224"}],"wp:attachment":[{"href":"http:\/\/www.vitalibera.org\/community\/wp-json\/wp\/v2\/media?parent=3223"}],"wp:term":[{"taxonomy":"category","embeddable":true,"href":"http:\/\/www.vitalibera.org\/community\/wp-json\/wp\/v2\/categories?post=3223"},{"taxonomy":"post_tag","embeddable":true,"href":"http:\/\/www.vitalibera.org\/community\/wp-json\/wp\/v2\/tags?post=3223"}],"curies":[{"name":"wp","href":"https:\/\/api.w.org\/{rel}","templated":true}]}}