{"id":4746,"date":"2025-12-25T10:32:44","date_gmt":"2025-12-25T09:32:44","guid":{"rendered":"https:\/\/www.vitalibera.org\/community\/?p=4746"},"modified":"2025-12-25T10:37:18","modified_gmt":"2025-12-25T09:37:18","slug":"welche-pflegestufen-gibt-es-in-der-schweiz","status":"publish","type":"post","link":"http:\/\/www.vitalibera.org\/community\/2025\/12\/25\/welche-pflegestufen-gibt-es-in-der-schweiz\/","title":{"rendered":"Welche Pflegestufen gibt es in der Schweiz?"},"content":{"rendered":"\n<p>Pflegestufen kommen in der Schweiz vor allem bei der Einteilung der Pflegekosten von Personen in einem <a href=\"http:\/\/www.vitalibera.org\/community\/2026\/01\/04\/alternativen-zu-pflegeheim-institutionen\/\"><font color=\"blue\"><img src=\"https:\/\/www.vitalibera.org\/community\/wp-content\/images\/link.png\" width=\"20\" height=\"20\"><u>Pflegeheim<\/u><\/font><\/a> zum Einsatz. Ausgangslage bildet die Erfassung des Pflegebedarfs mit einer &laquo;Bedarfsabkl&auml;rung&raquo;<\/p>\n\n\n\n<h2 class=\"wp-block-heading\">Pflegestufen nach Faktor Zeit in Pflegeheimen<\/h2>\n\n\n\n<p>Bei dem Eintritt in ein Pflegeheim wird der Patient von einer Fachperson in eine der 12 Pflegebedarfsstufen, die den zeitlichen Bedarf pro Tag vorgeben, eingeteilt. Je h&ouml;her die Pflegestufe, desto h&ouml;her ist der Zeitaufwand, desto h&ouml;her sind die Kosten. So ist z.B. in Pflegestufe 12 der Pflegebedarf pro Tag h&ouml;her als 220 Minuten.<br>Die Pflegestufe wird nach 6 Monaten noch einmal &uuml;berpr&uuml;ft, dann erfolgt die Pr&uuml;fung j&auml;hrlich. Bei einer groben Verbesserung oder Verschlechterung des Gesundheitszustandes erfolgt eine Neueinteilung in eine tiefere oder h&ouml;here Pflegestufe.&nbsp;<\/p>\n\n\n\n<figure class=\"wp-block-image size-full\"><img fetchpriority=\"high\" decoding=\"async\" width=\"922\" height=\"638\" src=\"https:\/\/www.vitalibera.org\/community\/wp-content\/uploads\/2025\/12\/Screenshot-2025-12-25-103045.png\" alt=\"\" class=\"wp-image-4747\" srcset=\"http:\/\/www.vitalibera.org\/community\/wp-content\/uploads\/2025\/12\/Screenshot-2025-12-25-103045.png 922w, http:\/\/www.vitalibera.org\/community\/wp-content\/uploads\/2025\/12\/Screenshot-2025-12-25-103045-300x208.png 300w, http:\/\/www.vitalibera.org\/community\/wp-content\/uploads\/2025\/12\/Screenshot-2025-12-25-103045-768x531.png 768w\" sizes=\"(max-width: 922px) 100vw, 922px\" \/><\/figure>\n\n\n\n<h2 class=\"wp-block-heading\">Wie hoch ist die Selbstbeteiligung f&uuml;r Patienten?<\/h2>\n\n\n\n<p>Die Selbstbeteiligung des Patienten richtet sich ebenfalls nach der Pflegestufe. Je h&ouml;her die Pflegestufe, desto h&ouml;her sind die Kosten f&uuml;r den Patienten und dessen Angeh&ouml;rige. Dabei machen die Pflegekosten nur einen geringen Teil aus. Ein Grossteil der Kosten entsteht durch die Rundum-Betreuung, die Miete, die Verpflegung und andere flexible Dienstleistungen, die durch das Pflegeheim angeboten werden. Gem&auml;ss dem Bundesamt f&uuml;r Statistik kostet ein Platz in einem Pflegeheim monatlich CHF 8&rsquo;700 im Durchschnitt. Davon muss der Patient etwa 2\/3 der Kosten f&uuml;r die gesamten Leistungen des Pflegeheims &uuml;bernehmen. Die Heimpflege wird nach Tagespauschale verrechnet, die h&auml;usliche <a href=\"http:\/\/www.vitalibera.org\/community\/2026\/07\/14\/pflegedienste\/\"><font color=\"blue\"><img src=\"https:\/\/www.vitalibera.org\/community\/wp-content\/images\/link.png\" width=\"20\" height=\"20\"><u>Pflege<\/u><\/font><\/a> im Stundentarif.&nbsp;&nbsp;<\/p>\n\n\n\n<h2 class=\"wp-block-heading\">Unter Pflegestufe 6 ist die Pflege zu Hause oft g&uuml;nstiger<\/h2>\n\n\n\n<p>Bei niedrigeren Pflegestufen ist die Pflege und Betreuung zu Hause, wie sie von privaten Betreuungsdiensten angeboten wird, oftmals g&uuml;nstiger als ein Heimaufenthalt. Hinzu kommt, dass die <a href=\"http:\/\/www.vitalibera.org\/community\/enzyklopaedie\/spitex\/\" target=\"_self\" title=\"Spitex steht f&uuml;r &bdquo;spitalexterne Hilfe und Pflege&ldquo; und umfasst Dienstleistungen, die Menschen jeden Alters zu Hause pflegen, betreuen und unterst&uuml;tzen, wenn diese krank, behindert, alt oder in einer schwierigen Lebenssituation sind. Ziel ist es, die Selbstst&auml;ndigkeit zu erhalten und den Verbleib im vertrauten Umfeld zu erm&ouml;glichen\" class=\"encyclopedia\">Spitex<\/a> massgeschneiderte Dienstleistungspakete zu Pflege, Betreuung und <a href=\"http:\/\/www.vitalibera.org\/community\/2026\/07\/09\/muellentsorgung-und-recycling-trotz-einschraenkungen-nach-einer-hirnverletzung\/\"><font color=\"blue\"><img src=\"https:\/\/www.vitalibera.org\/community\/wp-content\/images\/link.png\" width=\"20\" height=\"20\"><u>Haushalt<\/u><\/font><\/a> anbietet, die sich an den individuellen Bed&uuml;rfnissen der pflegebed&uuml;rftigen Personen orientiert. Unabh&auml;ngig von der Arbeit der Fachkr&auml;fte muss ein maximaler Tagessatz selber getragen werden. Im Kanton Z&uuml;rich ist der H&ouml;chstbetrag pro Tag 7.65 CHF (10% von 76.90 CHF pro Pflegetag). Im Kanton Aargau betr&auml;gt er 15.35 CHF pro Tag. Der Betrag wird zus&auml;tzlich zur Jahresfranchise und dem gesetzlichen Selbstbehalt erhoben. Dies gilt nur f&uuml;r pflegerische Leistungen, nicht f&uuml;r Betreuung und Haushalt. Hier m&uuml;ssen Patienten, abh&auml;ngig von der Krankenkasse, dem Versicherungsstatus und dem Selbstbehalt, die Kosten selbst tragen.&nbsp;&nbsp;<br><br>Ab einem bestimmten Pflegebedarf ist jedoch das Wohnen zu Hause mit den diversen Unterst&uuml;tzungsleistungen nicht mehr die g&uuml;nstigere Alternative. Genauere Kalkulationen sollte man&nbsp;ab&nbsp;Pflegestufe 6 in Betracht <a href=\"http:\/\/www.vitalibera.org\/community\/2026\/09\/01\/einhaendiges-oeffnen-von-weinflaschen-mit-korken-sichere-alltagshilfe-bei-hemiparese\/\"><font color=\"blue\"><img src=\"https:\/\/www.vitalibera.org\/community\/wp-content\/images\/link.png\" width=\"20\" height=\"20\"><u>ziehen<\/u><\/font><\/a>.<\/p>\n","protected":false},"excerpt":{"rendered":"<p>Pflegestufen kommen in der Schweiz vor allem bei der Einteilung der Pflegekosten von Personen in einem Pflegeheim zum Einsatz. Ausgangslage bildet die Erfassung des Pflegebedarfs mit einer \u00abBedarfsabkl\u00e4rung\u00bb Pflegestufen nach Faktor Zeit in Pflegeheimen Bei dem Eintritt in ein Pflegeheim wird der Patient von einer Fachperson in eine der 12 Pflegebedarfsstufen, die den zeitlichen Bedarf &#8230; <a title=\"Welche Pflegestufen gibt es in der Schweiz?\" class=\"read-more\" href=\"http:\/\/www.vitalibera.org\/community\/2025\/12\/25\/welche-pflegestufen-gibt-es-in-der-schweiz\/\" aria-label=\"Mehr Informationen \u00fcber Welche Pflegestufen gibt es in der Schweiz?\">Weiterlesen<\/a><\/p>\n","protected":false},"author":2,"featured_media":4749,"comment_status":"closed","ping_status":"open","sticky":false,"template":"","format":"standard","meta":{"cybocfi_hide_featured_image":"yes","_jetpack_newsletter_access":"","_jetpack_dont_email_post_to_subs":false,"_jetpack_newsletter_tier_id":0,"_jetpack_memberships_contains_paywalled_content":false,"_jetpack_feature_clip_id":0,"_jetpack_memberships_contains_paid_content":false,"footnotes":"","jetpack_publicize_message":"","jetpack_publicize_feature_enabled":true,"jetpack_social_post_already_shared":false,"jetpack_social_options":{"image_generator_settings":{"template":"highway","default_image_id":0,"font":"","enabled":false},"version":2},"jetpack_post_was_ever_published":false},"categories":[225],"tags":[],"class_list":["post-4746","post","type-post","status-publish","format-standard","has-post-thumbnail","hentry","category-hilfe-fuer-angehoerige"],"yoast_head":"<!-- This site is optimized with the Yoast SEO plugin v28.2 - https:\/\/yoast.com\/product\/yoast-seo-wordpress\/ -->\r\n<title>Welche Pflegestufen gibt es in der Schweiz? - vitalibera.org<\/title>\r\n<meta name=\"robots\" content=\"index, follow, max-snippet:-1, max-image-preview:large, max-video-preview:-1\" \/>\r\n<link rel=\"canonical\" href=\"https:\/\/www.vitalibera.org\/community\/2025\/12\/25\/welche-pflegestufen-gibt-es-in-der-schweiz\/\" \/>\r\n<meta property=\"og:locale\" content=\"de_DE\" \/>\r\n<meta property=\"og:type\" content=\"article\" \/>\r\n<meta property=\"og:title\" content=\"Welche Pflegestufen gibt es in der Schweiz? - vitalibera.org\" \/>\r\n<meta property=\"og:description\" content=\"Pflegestufen kommen in der Schweiz vor allem bei der Einteilung der Pflegekosten von Personen in einem Pflegeheim zum Einsatz. Ausgangslage bildet die Erfassung des Pflegebedarfs mit einer \u00abBedarfsabkl\u00e4rung\u00bb Pflegestufen nach Faktor Zeit in Pflegeheimen Bei dem Eintritt in ein Pflegeheim wird der Patient von einer Fachperson in eine der 12 Pflegebedarfsstufen, die den zeitlichen Bedarf ... Weiterlesen\" \/>\r\n<meta property=\"og:url\" content=\"https:\/\/www.vitalibera.org\/community\/2025\/12\/25\/welche-pflegestufen-gibt-es-in-der-schweiz\/\" \/>\r\n<meta property=\"og:site_name\" content=\"vitalibera.org\" \/>\r\n<meta property=\"article:publisher\" content=\"https:\/\/www.facebook.com\/groups\/2997085857140235\" \/>\r\n<meta property=\"article:published_time\" content=\"2025-12-25T09:32:44+00:00\" \/>\r\n<meta property=\"article:modified_time\" content=\"2025-12-25T09:37:18+00:00\" \/>\r\n<meta property=\"og:image\" content=\"https:\/\/www.vitalibera.org\/community\/wp-content\/uploads\/2025\/12\/Screenshot-2025-12-25-103541.png\" \/>\r\n\t<meta property=\"og:image:width\" content=\"514\" \/>\r\n\t<meta property=\"og:image:height\" content=\"475\" \/>\r\n\t<meta property=\"og:image:type\" content=\"image\/png\" \/>\r\n<meta name=\"author\" content=\"Andreas Jecklin\" \/>\r\n<meta name=\"twitter:card\" content=\"summary_large_image\" \/>\r\n<meta name=\"twitter:label1\" content=\"Verfasst von\" \/>\n\t<meta name=\"twitter:data1\" content=\"Andreas Jecklin\" \/>\n\t<meta name=\"twitter:label2\" content=\"Gesch\u00e4tzte Lesezeit\" \/>\n\t<meta name=\"twitter:data2\" content=\"3\u00a0Minuten\" \/>\r\n<script type=\"application\/ld+json\" class=\"yoast-schema-graph\">{\"@context\":\"https:\\\/\\\/schema.org\",\"@graph\":[{\"@type\":\"Article\",\"@id\":\"https:\\\/\\\/www.vitalibera.org\\\/community\\\/2025\\\/12\\\/25\\\/welche-pflegestufen-gibt-es-in-der-schweiz\\\/#article\",\"isPartOf\":{\"@id\":\"https:\\\/\\\/www.vitalibera.org\\\/community\\\/2025\\\/12\\\/25\\\/welche-pflegestufen-gibt-es-in-der-schweiz\\\/\"},\"author\":{\"name\":\"Andreas Jecklin\",\"@id\":\"https:\\\/\\\/www.vitalibera.org\\\/community\\\/#\\\/schema\\\/person\\\/6712387298421f222ff6d0a2e22c1534\"},\"headline\":\"Welche Pflegestufen gibt es in der Schweiz?\",\"datePublished\":\"2025-12-25T09:32:44+00:00\",\"dateModified\":\"2025-12-25T09:37:18+00:00\",\"mainEntityOfPage\":{\"@id\":\"https:\\\/\\\/www.vitalibera.org\\\/community\\\/2025\\\/12\\\/25\\\/welche-pflegestufen-gibt-es-in-der-schweiz\\\/\"},\"wordCount\":420,\"publisher\":{\"@id\":\"https:\\\/\\\/www.vitalibera.org\\\/community\\\/#organization\"},\"image\":{\"@id\":\"https:\\\/\\\/www.vitalibera.org\\\/community\\\/2025\\\/12\\\/25\\\/welche-pflegestufen-gibt-es-in-der-schweiz\\\/#primaryimage\"},\"thumbnailUrl\":\"http:\\\/\\\/www.vitalibera.org\\\/community\\\/wp-content\\\/uploads\\\/2025\\\/12\\\/Screenshot-2025-12-25-103541.png\",\"articleSection\":[\"Hilfe f\u00fcr Angeh\u00f6rige\"],\"inLanguage\":\"de\"},{\"@type\":\"WebPage\",\"@id\":\"https:\\\/\\\/www.vitalibera.org\\\/community\\\/2025\\\/12\\\/25\\\/welche-pflegestufen-gibt-es-in-der-schweiz\\\/\",\"url\":\"https:\\\/\\\/www.vitalibera.org\\\/community\\\/2025\\\/12\\\/25\\\/welche-pflegestufen-gibt-es-in-der-schweiz\\\/\",\"name\":\"Welche Pflegestufen gibt es in der Schweiz? - vitalibera.org\",\"isPartOf\":{\"@id\":\"https:\\\/\\\/www.vitalibera.org\\\/community\\\/#website\"},\"primaryImageOfPage\":{\"@id\":\"https:\\\/\\\/www.vitalibera.org\\\/community\\\/2025\\\/12\\\/25\\\/welche-pflegestufen-gibt-es-in-der-schweiz\\\/#primaryimage\"},\"image\":{\"@id\":\"https:\\\/\\\/www.vitalibera.org\\\/community\\\/2025\\\/12\\\/25\\\/welche-pflegestufen-gibt-es-in-der-schweiz\\\/#primaryimage\"},\"thumbnailUrl\":\"http:\\\/\\\/www.vitalibera.org\\\/community\\\/wp-content\\\/uploads\\\/2025\\\/12\\\/Screenshot-2025-12-25-103541.png\",\"datePublished\":\"2025-12-25T09:32:44+00:00\",\"dateModified\":\"2025-12-25T09:37:18+00:00\",\"breadcrumb\":{\"@id\":\"https:\\\/\\\/www.vitalibera.org\\\/community\\\/2025\\\/12\\\/25\\\/welche-pflegestufen-gibt-es-in-der-schweiz\\\/#breadcrumb\"},\"inLanguage\":\"de\",\"potentialAction\":[{\"@type\":\"ReadAction\",\"target\":[\"https:\\\/\\\/www.vitalibera.org\\\/community\\\/2025\\\/12\\\/25\\\/welche-pflegestufen-gibt-es-in-der-schweiz\\\/\"]}]},{\"@type\":\"BreadcrumbList\",\"@id\":\"https:\\\/\\\/www.vitalibera.org\\\/community\\\/2025\\\/12\\\/25\\\/welche-pflegestufen-gibt-es-in-der-schweiz\\\/#breadcrumb\",\"itemListElement\":[{\"@type\":\"ListItem\",\"position\":1,\"name\":\"Startseite\",\"item\":\"https:\\\/\\\/www.vitalibera.org\\\/community\\\/\"},{\"@type\":\"ListItem\",\"position\":2,\"name\":\"Welche Pflegestufen gibt es in der Schweiz?\"}]},{\"@type\":\"WebSite\",\"@id\":\"https:\\\/\\\/www.vitalibera.org\\\/community\\\/#website\",\"url\":\"https:\\\/\\\/www.vitalibera.org\\\/community\\\/\",\"name\":\"vitalibera.org\",\"description\":\"Mit einer Einschr&auml;nkung gestaltet sich das Leben im Alltag oft schwieriger - hier berichten wir &uuml;ber unsere Erfahrungen und Hilfsmittel um den Alltag so unbeschwert und unkompliziert wie nur m&ouml;glich geniessen zu k&ouml;nnen. Dabei richten wir unseren Fokus gezielt auf Selbst&auml;ndigkeit, Eigenst&auml;ndigkeit und Selbstbestimmung.\",\"publisher\":{\"@id\":\"https:\\\/\\\/www.vitalibera.org\\\/community\\\/#organization\"},\"potentialAction\":[{\"@type\":\"SearchAction\",\"target\":{\"@type\":\"EntryPoint\",\"urlTemplate\":\"https:\\\/\\\/www.vitalibera.org\\\/community\\\/?s={search_term_string}\"},\"query-input\":{\"@type\":\"PropertyValueSpecification\",\"valueRequired\":true,\"valueName\":\"search_term_string\"}}],\"inLanguage\":\"de\"},{\"@type\":\"Organization\",\"@id\":\"https:\\\/\\\/www.vitalibera.org\\\/community\\\/#organization\",\"name\":\"vitalibera.org\",\"url\":\"https:\\\/\\\/www.vitalibera.org\\\/community\\\/\",\"logo\":{\"@type\":\"ImageObject\",\"inLanguage\":\"de\",\"@id\":\"https:\\\/\\\/www.vitalibera.org\\\/community\\\/#\\\/schema\\\/logo\\\/image\\\/\",\"url\":\"http:\\\/\\\/www.vitalibera.org\\\/community\\\/wp-content\\\/uploads\\\/2025\\\/09\\\/cropped-banner.png\",\"contentUrl\":\"http:\\\/\\\/www.vitalibera.org\\\/community\\\/wp-content\\\/uploads\\\/2025\\\/09\\\/cropped-banner.png\",\"width\":991,\"height\":150,\"caption\":\"vitalibera.org\"},\"image\":{\"@id\":\"https:\\\/\\\/www.vitalibera.org\\\/community\\\/#\\\/schema\\\/logo\\\/image\\\/\"},\"sameAs\":[\"https:\\\/\\\/www.facebook.com\\\/groups\\\/2997085857140235\"]},{\"@type\":\"Person\",\"@id\":\"https:\\\/\\\/www.vitalibera.org\\\/community\\\/#\\\/schema\\\/person\\\/6712387298421f222ff6d0a2e22c1534\",\"name\":\"Andreas Jecklin\",\"image\":{\"@type\":\"ImageObject\",\"inLanguage\":\"de\",\"@id\":\"http:\\\/\\\/0.gravatar.com\\\/avatar\\\/ad516503a11cd5ca435acc9bb6523536?s=96\",\"url\":\"http:\\\/\\\/0.gravatar.com\\\/avatar\\\/ad516503a11cd5ca435acc9bb6523536?s=96\",\"contentUrl\":\"http:\\\/\\\/0.gravatar.com\\\/avatar\\\/ad516503a11cd5ca435acc9bb6523536?s=96\",\"caption\":\"Andreas Jecklin\"},\"description\":\"Manchen gab Gott die Kraft Dinge zu ver\u00e4ndern, mir gab er die Kraft zu ertragen was nicht mehr zu \u00e4ndern ist.\",\"url\":\"http:\\\/\\\/www.vitalibera.org\\\/community\\\/author\\\/andy77\\\/\"}]}<\/script>\r\n<!-- \/ Yoast SEO plugin. -->","yoast_head_json":{"title":"Welche Pflegestufen gibt es in der Schweiz? - vitalibera.org","robots":{"index":"index","follow":"follow","max-snippet":"max-snippet:-1","max-image-preview":"max-image-preview:large","max-video-preview":"max-video-preview:-1"},"canonical":"https:\/\/www.vitalibera.org\/community\/2025\/12\/25\/welche-pflegestufen-gibt-es-in-der-schweiz\/","og_locale":"de_DE","og_type":"article","og_title":"Welche Pflegestufen gibt es in der Schweiz? - vitalibera.org","og_description":"Pflegestufen kommen in der Schweiz vor allem bei der Einteilung der Pflegekosten von Personen in einem Pflegeheim zum Einsatz. Ausgangslage bildet die Erfassung des Pflegebedarfs mit einer \u00abBedarfsabkl\u00e4rung\u00bb Pflegestufen nach Faktor Zeit in Pflegeheimen Bei dem Eintritt in ein Pflegeheim wird der Patient von einer Fachperson in eine der 12 Pflegebedarfsstufen, die den zeitlichen Bedarf ... Weiterlesen","og_url":"https:\/\/www.vitalibera.org\/community\/2025\/12\/25\/welche-pflegestufen-gibt-es-in-der-schweiz\/","og_site_name":"vitalibera.org","article_publisher":"https:\/\/www.facebook.com\/groups\/2997085857140235","article_published_time":"2025-12-25T09:32:44+00:00","article_modified_time":"2025-12-25T09:37:18+00:00","og_image":[{"width":514,"height":475,"url":"https:\/\/www.vitalibera.org\/community\/wp-content\/uploads\/2025\/12\/Screenshot-2025-12-25-103541.png","type":"image\/png"}],"author":"Andreas Jecklin","twitter_card":"summary_large_image","twitter_misc":{"Verfasst von":"Andreas Jecklin","Gesch\u00e4tzte Lesezeit":"3\u00a0Minuten"},"schema":{"@context":"https:\/\/schema.org","@graph":[{"@type":"Article","@id":"https:\/\/www.vitalibera.org\/community\/2025\/12\/25\/welche-pflegestufen-gibt-es-in-der-schweiz\/#article","isPartOf":{"@id":"https:\/\/www.vitalibera.org\/community\/2025\/12\/25\/welche-pflegestufen-gibt-es-in-der-schweiz\/"},"author":{"name":"Andreas Jecklin","@id":"https:\/\/www.vitalibera.org\/community\/#\/schema\/person\/6712387298421f222ff6d0a2e22c1534"},"headline":"Welche Pflegestufen gibt es in der Schweiz?","datePublished":"2025-12-25T09:32:44+00:00","dateModified":"2025-12-25T09:37:18+00:00","mainEntityOfPage":{"@id":"https:\/\/www.vitalibera.org\/community\/2025\/12\/25\/welche-pflegestufen-gibt-es-in-der-schweiz\/"},"wordCount":420,"publisher":{"@id":"https:\/\/www.vitalibera.org\/community\/#organization"},"image":{"@id":"https:\/\/www.vitalibera.org\/community\/2025\/12\/25\/welche-pflegestufen-gibt-es-in-der-schweiz\/#primaryimage"},"thumbnailUrl":"http:\/\/www.vitalibera.org\/community\/wp-content\/uploads\/2025\/12\/Screenshot-2025-12-25-103541.png","articleSection":["Hilfe f\u00fcr Angeh\u00f6rige"],"inLanguage":"de"},{"@type":"WebPage","@id":"https:\/\/www.vitalibera.org\/community\/2025\/12\/25\/welche-pflegestufen-gibt-es-in-der-schweiz\/","url":"https:\/\/www.vitalibera.org\/community\/2025\/12\/25\/welche-pflegestufen-gibt-es-in-der-schweiz\/","name":"Welche Pflegestufen gibt es in der Schweiz? - vitalibera.org","isPartOf":{"@id":"https:\/\/www.vitalibera.org\/community\/#website"},"primaryImageOfPage":{"@id":"https:\/\/www.vitalibera.org\/community\/2025\/12\/25\/welche-pflegestufen-gibt-es-in-der-schweiz\/#primaryimage"},"image":{"@id":"https:\/\/www.vitalibera.org\/community\/2025\/12\/25\/welche-pflegestufen-gibt-es-in-der-schweiz\/#primaryimage"},"thumbnailUrl":"http:\/\/www.vitalibera.org\/community\/wp-content\/uploads\/2025\/12\/Screenshot-2025-12-25-103541.png","datePublished":"2025-12-25T09:32:44+00:00","dateModified":"2025-12-25T09:37:18+00:00","breadcrumb":{"@id":"https:\/\/www.vitalibera.org\/community\/2025\/12\/25\/welche-pflegestufen-gibt-es-in-der-schweiz\/#breadcrumb"},"inLanguage":"de","potentialAction":[{"@type":"ReadAction","target":["https:\/\/www.vitalibera.org\/community\/2025\/12\/25\/welche-pflegestufen-gibt-es-in-der-schweiz\/"]}]},{"@type":"BreadcrumbList","@id":"https:\/\/www.vitalibera.org\/community\/2025\/12\/25\/welche-pflegestufen-gibt-es-in-der-schweiz\/#breadcrumb","itemListElement":[{"@type":"ListItem","position":1,"name":"Startseite","item":"https:\/\/www.vitalibera.org\/community\/"},{"@type":"ListItem","position":2,"name":"Welche Pflegestufen gibt es in der Schweiz?"}]},{"@type":"WebSite","@id":"https:\/\/www.vitalibera.org\/community\/#website","url":"https:\/\/www.vitalibera.org\/community\/","name":"vitalibera.org","description":"Mit einer Einschr&auml;nkung gestaltet sich das Leben im Alltag oft schwieriger - hier berichten wir &uuml;ber unsere Erfahrungen und Hilfsmittel um den Alltag so unbeschwert und unkompliziert wie nur m&ouml;glich geniessen zu k&ouml;nnen. Dabei richten wir unseren Fokus gezielt auf Selbst&auml;ndigkeit, Eigenst&auml;ndigkeit und Selbstbestimmung.","publisher":{"@id":"https:\/\/www.vitalibera.org\/community\/#organization"},"potentialAction":[{"@type":"SearchAction","target":{"@type":"EntryPoint","urlTemplate":"https:\/\/www.vitalibera.org\/community\/?s={search_term_string}"},"query-input":{"@type":"PropertyValueSpecification","valueRequired":true,"valueName":"search_term_string"}}],"inLanguage":"de"},{"@type":"Organization","@id":"https:\/\/www.vitalibera.org\/community\/#organization","name":"vitalibera.org","url":"https:\/\/www.vitalibera.org\/community\/","logo":{"@type":"ImageObject","inLanguage":"de","@id":"https:\/\/www.vitalibera.org\/community\/#\/schema\/logo\/image\/","url":"http:\/\/www.vitalibera.org\/community\/wp-content\/uploads\/2025\/09\/cropped-banner.png","contentUrl":"http:\/\/www.vitalibera.org\/community\/wp-content\/uploads\/2025\/09\/cropped-banner.png","width":991,"height":150,"caption":"vitalibera.org"},"image":{"@id":"https:\/\/www.vitalibera.org\/community\/#\/schema\/logo\/image\/"},"sameAs":["https:\/\/www.facebook.com\/groups\/2997085857140235"]},{"@type":"Person","@id":"https:\/\/www.vitalibera.org\/community\/#\/schema\/person\/6712387298421f222ff6d0a2e22c1534","name":"Andreas Jecklin","image":{"@type":"ImageObject","inLanguage":"de","@id":"http:\/\/0.gravatar.com\/avatar\/ad516503a11cd5ca435acc9bb6523536?s=96","url":"http:\/\/0.gravatar.com\/avatar\/ad516503a11cd5ca435acc9bb6523536?s=96","contentUrl":"http:\/\/0.gravatar.com\/avatar\/ad516503a11cd5ca435acc9bb6523536?s=96","caption":"Andreas Jecklin"},"description":"Manchen gab Gott die Kraft Dinge zu ver\u00e4ndern, mir gab er die Kraft zu ertragen was nicht mehr zu \u00e4ndern ist.","url":"http:\/\/www.vitalibera.org\/community\/author\/andy77\/"}]}},"jetpack_publicize_connections":[],"jetpack_sharing_enabled":true,"jetpack-related-posts":[{"id":4969,"url":"http:\/\/www.vitalibera.org\/community\/2026\/01\/04\/alternativen-zu-pflegeheim-institutionen\/","url_meta":{"origin":4746,"position":0},"title":"Alternativen zu Pflegeheim\/Institutionen","author":"Andreas Jecklin","date":"4 Januar, 2026","format":false,"excerpt":"Ein Pflegeheim ist nach einem Schlaganfall oft die letzte Option,\u00a0wenn der Pflegebedarf (z.B. durch schweren Schlaganfall mit Pflegegrad 5) zu Hause trotz ambulanter Unterst\u00fctzung nicht mehr leistbar ist, eine intensive medizinische oder pflegerische Betreuung notwendig wird oder die Belastung f\u00fcr Angeh\u00f6rige zu gro\u00df wird, wobei auch betreute Wohngemeinschaften oder spezielle\u2026","rel":"","context":"In &quot;Hilfe f\u00fcr Angeh\u00f6rige&quot;","block_context":{"text":"Hilfe f\u00fcr Angeh\u00f6rige","link":"http:\/\/www.vitalibera.org\/community\/category\/hilfe-fuer-angehoerige\/"},"img":{"alt_text":"","src":"https:\/\/i0.wp.com\/www.vitalibera.org\/community\/wp-content\/uploads\/2026\/01\/Screenshot-2026-01-04-115243.jpg?resize=350%2C200","width":350,"height":200,"srcset":"https:\/\/i0.wp.com\/www.vitalibera.org\/community\/wp-content\/uploads\/2026\/01\/Screenshot-2026-01-04-115243.jpg?resize=350%2C200 1x, https:\/\/i0.wp.com\/www.vitalibera.org\/community\/wp-content\/uploads\/2026\/01\/Screenshot-2026-01-04-115243.jpg?resize=525%2C300 1.5x"},"classes":[]},{"id":7132,"url":"http:\/\/www.vitalibera.org\/community\/2026\/05\/06\/heime-passen-nicht-ins-neuroplastische-zeitfenster\/","url_meta":{"origin":4746,"position":1},"title":"Heime passen nicht ins neuroplastische Zeitfenster","author":"Andreas Jecklin","date":"6 Mai, 2026","format":false,"excerpt":"Nach einer Hirnverletzung z\u00e4hlt jeder Reiz. Das Gehirn ist in einer Phase, in der es lernen, aufbauen und zur\u00fcckerobern kann. Genau dann entscheidet die Umgebung dar\u00fcber, ob Fortschritte wachsen oder verschwinden. Aktive Rehabilitation st\u00e4rkt Funktionen, Selbstst\u00e4ndigkeit und Identit\u00e4t. Passivierende Strukturen tun das Gegenteil. Wenn Menschen direkt nach der Reha in\u2026","rel":"","context":"In &quot;Alltagsnavigation&quot;","block_context":{"text":"Alltagsnavigation","link":"http:\/\/www.vitalibera.org\/community\/category\/beitraege\/eingeschraenkt-im-alltag\/alltagsnavigation\/"},"img":{"alt_text":"","src":"https:\/\/i0.wp.com\/www.vitalibera.org\/community\/wp-content\/uploads\/2026\/05\/5e8df811b0a3f1b8655078105bdd9424.jpg?resize=350%2C200&ssl=1","width":350,"height":200},"classes":[]},{"id":5370,"url":"http:\/\/www.vitalibera.org\/community\/2026\/02\/02\/24-stunden-pflege-eine-alternative-zum-pflegeheim\/","url_meta":{"origin":4746,"position":2},"title":"24-Stunden-Pflege eine Alternative zum Pflegeheim","author":"Andreas Jecklin","date":"2 Februar, 2026","format":false,"excerpt":"Eine 24-Stunden-Pflege (besser: 24h-Betreuung\/Live-in) erm\u00f6glicht es Pflegebed\u00fcrftigen, trotz hoher Pflegebed\u00fcrftigkeit im eigenen Zuhause zu bleiben, was Stress durch Umz\u00fcge vermeidet. Betreuungskr\u00e4fte, meist aus Osteuropa, wohnen im Haushalt, \u00fcbernehmen Grundpflege und Hauswirtschaft. Sie ist oft eine bezahlbare Alternative zum Heim, erfordert aber die Einhaltung legaler Arbeitszeiten.\u00a0 Vorteile und Kernaspekte der 24h-Betreuung:\u2026","rel":"","context":"In &quot;Hilfe f\u00fcr Angeh\u00f6rige&quot;","block_context":{"text":"Hilfe f\u00fcr Angeh\u00f6rige","link":"http:\/\/www.vitalibera.org\/community\/category\/hilfe-fuer-angehoerige\/"},"img":{"alt_text":"","src":"","width":0,"height":0},"classes":[]},{"id":8215,"url":"http:\/\/www.vitalibera.org\/community\/2026\/06\/24\/ein-klares-foul-fuer-meine-neurologische-rehabilitation-rehabilitation-vor-pflegeheim\/","url_meta":{"origin":4746,"position":3},"title":"Ein klares Foul f\u00fcr meine neurologische Rehabilitation &#8211; Rehabilitation vor Pflegeheim","author":"Andreas Jecklin","date":"24 Juni, 2026","format":false,"excerpt":"Die Entscheidung zwischen Pflegeheim und neurologischer Rehabilitation ist f\u00fcr Betroffene und Angeh\u00f6rige oft ein zentraler Wendepunkt im Genesungsprozess. W\u00e4hrend ein Pflegeheim vor allem auf die langfristige Versorgung und Unterst\u00fctzung im Alltag ausgerichtet ist, verfolgt die neurologische Rehabilitation ein anderes Ziel: die m\u00f6glichst weitgehende Wiederherstellung verloren gegangener F\u00e4higkeiten und die F\u00f6rderung\u2026","rel":"","context":"In &quot;Alltagsnavigation&quot;","block_context":{"text":"Alltagsnavigation","link":"http:\/\/www.vitalibera.org\/community\/category\/beitraege\/eingeschraenkt-im-alltag\/alltagsnavigation\/"},"img":{"alt_text":"","src":"https:\/\/i0.wp.com\/www.vitalibera.org\/community\/wp-content\/uploads\/2026\/06\/foul409.png?resize=350%2C200&ssl=1","width":350,"height":200},"classes":[]},{"id":7824,"url":"http:\/\/www.vitalibera.org\/community\/2026\/06\/08\/kurzzeitpflege-uebergangspflege-entlastungsaufenthalt-der-leise-uebergang-ins-pflegeheim\/","url_meta":{"origin":4746,"position":4},"title":"Kurzzeit-, \u00dcbergangspflege, oder Entlastungsaufenthalt \u2013 der leise \u00dcbergang ins Pflegeheim?","author":"Andreas Jecklin","date":"8 Juni, 2026","format":false,"excerpt":"Kurzzeitpflege, \u00dcbergangspflege oder Entlastungsaufenthalt \u2013 diese Angebote sind eigentlich als zeitlich begrenzte Unterst\u00fctzung gedacht. Sie sollen nach einem Spitalaufenthalt oder einer Rehabilitation stabilisieren, Angeh\u00f6rige entlasten oder eine schwierige Phase \u00fcberbr\u00fccken. In der Praxis erleben viele Betroffene und Familien diese Phase jedoch anders: nicht selten wird sie zum Wendepunkt. Was als\u2026","rel":"","context":"In &quot;Alltagsnavigation&quot;","block_context":{"text":"Alltagsnavigation","link":"http:\/\/www.vitalibera.org\/community\/category\/beitraege\/eingeschraenkt-im-alltag\/alltagsnavigation\/"},"img":{"alt_text":"","src":"https:\/\/i0.wp.com\/www.vitalibera.org\/community\/wp-content\/uploads\/2026\/06\/a95d329db0088f6f91f890096c4829d3.jpg?resize=350%2C200","width":350,"height":200},"classes":[]},{"id":6329,"url":"http:\/\/www.vitalibera.org\/community\/2026\/03\/23\/der-drahtseilakt-nach-der-reha-wie-geht-es-weiter\/","url_meta":{"origin":4746,"position":5},"title":"Der Drahtseilakt nach der Reha &#8211; Wie geht es weiter?","author":"Andreas Jecklin","date":"23 M\u00e4rz, 2026","format":false,"excerpt":"Dieses Gef\u00fchl, zwischen zwei Welten zu balancieren: der gesch\u00fctzten, strukturierten Reha-Klinik und dem echten Leben, das pl\u00f6tzlich wieder auf dich wartet, aber sich gleichzeitig fremd anf\u00fchlen kann. Die R\u00fcckkehr nach Hause nach einer neurologischen Reha f\u00fchlt sich f\u00fcr viele wie ein Drahtseilakt an. In der Reha gab es Struktur, Unterst\u00fctzung\u2026","rel":"","context":"In &quot;Fachwissen&quot;","block_context":{"text":"Fachwissen","link":"http:\/\/www.vitalibera.org\/community\/category\/beitraege\/fachwissen\/"},"img":{"alt_text":"","src":"https:\/\/i0.wp.com\/www.vitalibera.org\/community\/wp-content\/uploads\/2026\/03\/76d377342667fbfb64a243f7050bacfe.jpg?resize=350%2C200","width":350,"height":200,"srcset":"https:\/\/i0.wp.com\/www.vitalibera.org\/community\/wp-content\/uploads\/2026\/03\/76d377342667fbfb64a243f7050bacfe.jpg?resize=350%2C200 1x, https:\/\/i0.wp.com\/www.vitalibera.org\/community\/wp-content\/uploads\/2026\/03\/76d377342667fbfb64a243f7050bacfe.jpg?resize=525%2C300 1.5x, https:\/\/i0.wp.com\/www.vitalibera.org\/community\/wp-content\/uploads\/2026\/03\/76d377342667fbfb64a243f7050bacfe.jpg?resize=700%2C400 2x, https:\/\/i0.wp.com\/www.vitalibera.org\/community\/wp-content\/uploads\/2026\/03\/76d377342667fbfb64a243f7050bacfe.jpg?resize=1050%2C600 3x"},"classes":[]}],"jetpack_featured_media_url":"http:\/\/www.vitalibera.org\/community\/wp-content\/uploads\/2025\/12\/Screenshot-2025-12-25-103541.png","_links":{"self":[{"href":"http:\/\/www.vitalibera.org\/community\/wp-json\/wp\/v2\/posts\/4746","targetHints":{"allow":["GET"]}}],"collection":[{"href":"http:\/\/www.vitalibera.org\/community\/wp-json\/wp\/v2\/posts"}],"about":[{"href":"http:\/\/www.vitalibera.org\/community\/wp-json\/wp\/v2\/types\/post"}],"author":[{"embeddable":true,"href":"http:\/\/www.vitalibera.org\/community\/wp-json\/wp\/v2\/users\/2"}],"replies":[{"embeddable":true,"href":"http:\/\/www.vitalibera.org\/community\/wp-json\/wp\/v2\/comments?post=4746"}],"version-history":[{"count":0,"href":"http:\/\/www.vitalibera.org\/community\/wp-json\/wp\/v2\/posts\/4746\/revisions"}],"wp:featuredmedia":[{"embeddable":true,"href":"http:\/\/www.vitalibera.org\/community\/wp-json\/wp\/v2\/media\/4749"}],"wp:attachment":[{"href":"http:\/\/www.vitalibera.org\/community\/wp-json\/wp\/v2\/media?parent=4746"}],"wp:term":[{"taxonomy":"category","embeddable":true,"href":"http:\/\/www.vitalibera.org\/community\/wp-json\/wp\/v2\/categories?post=4746"},{"taxonomy":"post_tag","embeddable":true,"href":"http:\/\/www.vitalibera.org\/community\/wp-json\/wp\/v2\/tags?post=4746"}],"curies":[{"name":"wp","href":"https:\/\/api.w.org\/{rel}","templated":true}]}}