{"id":4846,"date":"2025-12-28T12:41:53","date_gmt":"2025-12-28T11:41:53","guid":{"rendered":"https:\/\/www.vitalibera.org\/community\/?p=4846"},"modified":"2025-12-28T12:42:50","modified_gmt":"2025-12-28T11:42:50","slug":"neurointensivwochen-niwo","status":"publish","type":"post","link":"http:\/\/www.vitalibera.org\/community\/2025\/12\/28\/neurointensivwochen-niwo\/","title":{"rendered":"Neurointensivwochen (NIWo)"},"content":{"rendered":"\n<p>(NIWo) sind intensive, spezialisierte Therapieprogramme f&uuml;r Menschen mit neurologischen Ausf&auml;llen (z.B. nach <a href=\"http:\/\/www.vitalibera.org\/community\/enzyklopaedie\/schlaganfall\/\" target=\"_self\" title=\"Ein Schlaganfall, auch Hirnschlag oder Apoplex genannt, ist eine&nbsp;pl&ouml;tzlich auftretende Durchblutungsst&ouml;rung im Gehirn, die dazu f&uuml;hrt, dass Gehirnzellen nicht mehr ausreichend mit Sauerstoff und N&auml;hrstoffen versorgt werden.&nbsp;Dies kann zu bleibenden Sch&auml;den oder sogar zum Absterben von Hirnzellen f&uuml;hren, wenn die Durchblutung nicht schnell wiederhergestellt wird.\" class=\"encyclopedia\">Schlaganfall<\/a>, <a href=\"http:\/\/www.vitalibera.org\/community\/enzyklopaedie\/schaedel-hirn-trauma-sht\/\" target=\"_self\" title=\"Sch&auml;del-Hirn-Trauma (SHT), eine Verletzung des Sch&auml;dels und\/oder des Gehirns, die durch eine Gewalteinwirkung verursacht wird.&nbsp;SHTs reichen von leichten Formen wie Gehirnersch&uuml;tterungen bis hin zu schweren Verletzungen, die eine sofortige medizinische Behandlung erfordern und lebensbedrohlich sein k&ouml;nnen.&nbsp;M&ouml;gliche Folgen sind vor&uuml;bergehende oder dauerhafte Einschr&auml;nkungen der Hirnfunktion sowie Blutungen.&nbsp; Ursachen &Auml;u&szlig;ere Krafteinwirkung auf den Kopf Unf&auml;lle und St&uuml;rze&hellip;\" class=\"encyclopedia\">Sch&auml;del-Hirn-Trauma<\/a>), die auch lange nach dem Ereignis noch gro&szlig;e Fortschritte erm&ouml;glichen sollen, indem sie hochrepetitives <a href=\"http:\/\/www.vitalibera.org\/community\/2026\/08\/18\/betroffene-hand-und-finger-aktivieren-eigentherapie-bei-spastik-und-fauststellung\/\"><font color=\"blue\"><img src=\"https:\/\/www.vitalibera.org\/community\/wp-content\/images\/link.png\" width=\"20\" height=\"20\"><u>Training<\/u><\/font><\/a> (oft 3-4 Stunden t&auml;glich) in Einzel- oder Gruppensettings &uuml;ber mehrere Wochen bieten und oft &uuml;ber Heilmittelverordnungen abgerechnet werden k&ouml;nnen, mit dem Ziel, die Funktion durch gezielte, individuelle Neurorehabilitation zu verbessern.&nbsp;<\/p>\n\n\n\n<p><strong>Was ist das Ziel?<\/strong><\/p>\n\n\n\n<ul class=\"wp-block-list\">\n<li>Sp&auml;te <a href=\"http:\/\/www.vitalibera.org\/community\/2026\/07\/14\/orientierungslosigkeit-in-der-akutphase-nach-einer-hirnverletzung\/\"><font color=\"blue\"><img src=\"https:\/\/www.vitalibera.org\/community\/wp-content\/images\/link.png\" width=\"20\" height=\"20\"><u>Rehabilitation<\/u><\/font><\/a>: Auch Monate oder Jahre nach der Diagnose werden deutliche Fortschritte in der <a href=\"http:\/\/www.vitalibera.org\/community\/2026\/08\/24\/alltagstraining-mit-arm-und-bein-hometrainer-nach-hirnverletzung\/\"><font color=\"blue\"><img src=\"https:\/\/www.vitalibera.org\/community\/wp-content\/images\/link.png\" width=\"20\" height=\"20\"><u>Bewegung<\/u><\/font><\/a> und Funktion erzielt.<\/li>\n\n\n\n<li>Intensives, hochrepetitives Training: Oft 3-4 Stunden pro Tag mit individualisierten Zielen.<\/li>\n\n\n\n<li>Ganzheitliche Versorgung: Interdisziplin&auml;re Teams arbeiten zusammen.&nbsp;<\/li>\n<\/ul>\n\n\n\n<p><strong>F&uuml;r wen sind sie geeignet?<\/strong><\/p>\n\n\n\n<ul class=\"wp-block-list\">\n<li>Menschen mit neurologischen Erkrankungen: <a href=\"http:\/\/www.vitalibera.org\/community\/enzyklopaedie\/schlaganfall\/\" target=\"_self\" title=\"Ein Schlaganfall, auch Hirnschlag oder Apoplex genannt, ist eine&nbsp;pl&ouml;tzlich auftretende Durchblutungsst&ouml;rung im Gehirn, die dazu f&uuml;hrt, dass Gehirnzellen nicht mehr ausreichend mit Sauerstoff und N&auml;hrstoffen versorgt werden.&nbsp;Dies kann zu bleibenden Sch&auml;den oder sogar zum Absterben von Hirnzellen f&uuml;hren, wenn die Durchblutung nicht schnell wiederhergestellt wird.\" class=\"encyclopedia\">Schlaganfall<\/a>, <a href=\"http:\/\/www.vitalibera.org\/community\/enzyklopaedie\/schaedel-hirn-trauma-sht\/\" target=\"_self\" title=\"Sch&auml;del-Hirn-Trauma (SHT), eine Verletzung des Sch&auml;dels und\/oder des Gehirns, die durch eine Gewalteinwirkung verursacht wird.&nbsp;SHTs reichen von leichten Formen wie Gehirnersch&uuml;tterungen bis hin zu schweren Verletzungen, die eine sofortige medizinische Behandlung erfordern und lebensbedrohlich sein k&ouml;nnen.&nbsp;M&ouml;gliche Folgen sind vor&uuml;bergehende oder dauerhafte Einschr&auml;nkungen der Hirnfunktion sowie Blutungen.&nbsp; Ursachen &Auml;u&szlig;ere Krafteinwirkung auf den Kopf Unf&auml;lle und St&uuml;rze&hellip;\" class=\"encyclopedia\">Sch&auml;del-Hirn-Trauma<\/a>, MS, <a href=\"http:\/\/www.vitalibera.org\/community\/enzyklopaedie\/parkinson-2\/\" target=\"_self\" title=\"Parkinson ist eine&nbsp;chronisch fortschreitende neurodegenerative Erkrankung, die durch den fortschreitenden Verlust von Nervenzellen im Gehirn verursacht wird, was zu einem Mangel am Botenstoff Dopamin f&uuml;hrt.&nbsp;Dies &auml;u&szlig;ert sich prim&auml;r in Bewegungsst&ouml;rungen wie Zittern (Tremor), verlangsamten Bewegungen (Bradykinese), Muskelsteifheit (Rigor) und Gleichgewichtsst&ouml;rungen.&nbsp;Die Krankheit betrifft h&auml;ufig das extrapyramidal-motorische System und kann je nach Ursache als idiopathisches, genetisches, atypisches&hellip;\" class=\"encyclopedia\">Parkinson<\/a>, <a href=\"http:\/\/www.vitalibera.org\/community\/enzyklopaedie\/ataxie\/\" target=\"_self\" title=\"Der Begriff &bdquo;Ataxie&ldquo; leitet sich vom griechischen Wort &bdquo;a-taxia&ldquo; f&uuml;r &bdquo;fehlende Ordnung&ldquo; ab.&nbsp;Als Ataxien bezeichnet man eine Reihe von seltenen Erkrankungen des Gehirns und R&uuml;ckenmarks, bei denen das Zusammenspiel verschiedener Muskelgruppen gest&ouml;rt ist. Dadurch leiden das Gleichgewicht und die Bewegungskoordination.\" class=\"encyclopedia\">Ataxie<\/a>n, neuromuskul&auml;re Erkrankungen.<\/li>\n\n\n\n<li>Starke <a href=\"http:\/\/www.vitalibera.org\/community\/2026\/07\/16\/trotz-hirnverletzung-nach-vorne-schauen\/\"><font color=\"blue\"><img src=\"https:\/\/www.vitalibera.org\/community\/wp-content\/images\/link.png\" width=\"20\" height=\"20\"><u>Motivation<\/u><\/font><\/a> und Belastbarkeit sind erforderlich.&nbsp;<\/li>\n<\/ul>\n\n\n\n<p><strong>Wie funktioniert es?<\/strong><\/p>\n\n\n\n<ul class=\"wp-block-list\">\n<li>Individuelle Analyse: Zu Beginn wird ein passendes Therapieprogramm erstellt.<\/li>\n\n\n\n<li>Spezifische &Uuml;bungen: Neurophysiologisches Training, oft in Einzelbetreuung.<\/li>\n\n\n\n<li>Unterkunft: Organisation von Unterk&uuml;nften bei Anreise m&ouml;glich (z.B. in Gengenbach).&nbsp;<\/li>\n<\/ul>\n\n\n\n<p><strong>Kosten &amp; Abrechnung:<\/strong><\/p>\n\n\n\n<ul class=\"wp-block-list\">\n<li>Oft &uuml;ber Heilmittelverordnungen (Rezept) mit Krankenkassen abrechenbar.<\/li>\n\n\n\n<li>Eigenanteil m&ouml;glich, aber Zusch&uuml;sse durch Stiftungen beantragbar.&nbsp;<\/li>\n<\/ul>\n\n\n\n<p><strong>Wo findet man das?<\/strong><\/p>\n\n\n\n<ul class=\"wp-block-list\">\n<li>Zentren wie das BDH-Therapiezentrum Ortenau bieten diese Programme an.<\/li>\n\n\n\n<li>Anbieter wie Tech2people haben &auml;hnliche Angebote.&nbsp;<\/li>\n\n\n\n<li><a href=\"https:\/\/www.bdh-klinik-greifswald.de\/bdh-klinik-greifswald\/leistungen\/reha-leistungen\/neuro-intensiv-wochen.php\" target=\"_blank\" rel=\"noreferrer noopener\">BDH-Klinik Greifswald<\/a><\/li>\n\n\n\n<li>in der Schweiz gibt es &auml;hnliche intensive Neurorehabilitationen in spezialisierten Zentren, wie der&nbsp;<a href=\"https:\/\/kliniklengg.ch\/zuercher-rehazentrum-lengg\/neurohabilitative-sprechstunden\/hirnschlag-schlaganfall\" target=\"_blank\" rel=\"noreferrer noopener\">Klinik Lengg<\/a><\/li>\n<\/ul>\n\n\n\n<p><\/p>\n","protected":false},"excerpt":{"rendered":"<p>(NIWo) sind intensive, spezialisierte Therapieprogramme f\u00fcr Menschen mit neurologischen Ausf\u00e4llen (z.B. nach Schlaganfall, Sch\u00e4del-Hirn-Trauma), die auch lange nach dem Ereignis noch gro\u00dfe Fortschritte erm\u00f6glichen sollen, indem sie hochrepetitives Training (oft 3-4 Stunden t\u00e4glich) in Einzel- oder Gruppensettings \u00fcber mehrere Wochen bieten und oft \u00fcber Heilmittelverordnungen abgerechnet werden k\u00f6nnen, mit dem Ziel, die Funktion durch gezielte, &#8230; <a title=\"Neurointensivwochen (NIWo)\" class=\"read-more\" href=\"http:\/\/www.vitalibera.org\/community\/2025\/12\/28\/neurointensivwochen-niwo\/\" aria-label=\"Mehr Informationen \u00fcber Neurointensivwochen (NIWo)\">Weiterlesen<\/a><\/p>\n","protected":false},"author":2,"featured_media":4847,"comment_status":"closed","ping_status":"open","sticky":false,"template":"","format":"standard","meta":{"cybocfi_hide_featured_image":"yes","_jetpack_newsletter_access":"","_jetpack_dont_email_post_to_subs":false,"_jetpack_newsletter_tier_id":0,"_jetpack_memberships_contains_paywalled_content":false,"_jetpack_feature_clip_id":0,"_jetpack_memberships_contains_paid_content":false,"footnotes":"","jetpack_publicize_message":"","jetpack_publicize_feature_enabled":true,"jetpack_social_post_already_shared":false,"jetpack_social_options":{"image_generator_settings":{"template":"highway","default_image_id":0,"font":"","enabled":false},"version":2},"jetpack_post_was_ever_published":false},"categories":[160],"tags":[],"class_list":["post-4846","post","type-post","status-publish","format-standard","has-post-thumbnail","hentry","category-therapien"],"yoast_head":"<!-- This site is optimized with the Yoast SEO plugin v28.2 - https:\/\/yoast.com\/product\/yoast-seo-wordpress\/ -->\r\n<title>Neurointensivwochen (NIWo) - vitalibera.org<\/title>\r\n<meta name=\"robots\" content=\"index, follow, max-snippet:-1, max-image-preview:large, max-video-preview:-1\" \/>\r\n<link rel=\"canonical\" href=\"http:\/\/www.vitalibera.org\/community\/2025\/12\/28\/neurointensivwochen-niwo\/\" \/>\r\n<meta property=\"og:locale\" content=\"de_DE\" \/>\r\n<meta property=\"og:type\" content=\"article\" \/>\r\n<meta property=\"og:title\" content=\"Neurointensivwochen (NIWo) - vitalibera.org\" \/>\r\n<meta property=\"og:description\" content=\"(NIWo) sind intensive, spezialisierte Therapieprogramme f\u00fcr Menschen mit neurologischen Ausf\u00e4llen (z.B. nach Schlaganfall, Sch\u00e4del-Hirn-Trauma), die auch lange nach dem Ereignis noch gro\u00dfe Fortschritte erm\u00f6glichen sollen, indem sie hochrepetitives Training (oft 3-4 Stunden t\u00e4glich) in Einzel- oder Gruppensettings \u00fcber mehrere Wochen bieten und oft \u00fcber Heilmittelverordnungen abgerechnet werden k\u00f6nnen, mit dem Ziel, die Funktion durch gezielte, ... Weiterlesen\" \/>\r\n<meta property=\"og:url\" content=\"http:\/\/www.vitalibera.org\/community\/2025\/12\/28\/neurointensivwochen-niwo\/\" \/>\r\n<meta property=\"og:site_name\" content=\"vitalibera.org\" \/>\r\n<meta property=\"article:publisher\" content=\"https:\/\/www.facebook.com\/groups\/2997085857140235\" \/>\r\n<meta property=\"article:published_time\" content=\"2025-12-28T11:41:53+00:00\" \/>\r\n<meta property=\"article:modified_time\" content=\"2025-12-28T11:42:50+00:00\" \/>\r\n<meta property=\"og:image\" content=\"http:\/\/www.vitalibera.org\/community\/wp-content\/uploads\/2025\/12\/neurointensiv.jpg\" \/>\r\n\t<meta property=\"og:image:width\" content=\"384\" \/>\r\n\t<meta property=\"og:image:height\" content=\"282\" \/>\r\n\t<meta property=\"og:image:type\" content=\"image\/jpeg\" \/>\r\n<meta name=\"author\" content=\"Andreas Jecklin\" \/>\r\n<meta name=\"twitter:card\" content=\"summary_large_image\" \/>\r\n<meta name=\"twitter:label1\" content=\"Verfasst von\" \/>\n\t<meta name=\"twitter:data1\" content=\"Andreas Jecklin\" \/>\n\t<meta name=\"twitter:label2\" content=\"Gesch\u00e4tzte Lesezeit\" \/>\n\t<meta name=\"twitter:data2\" content=\"2\u00a0Minuten\" \/>\r\n<script type=\"application\/ld+json\" class=\"yoast-schema-graph\">{\"@context\":\"https:\\\/\\\/schema.org\",\"@graph\":[{\"@type\":\"Article\",\"@id\":\"http:\\\/\\\/www.vitalibera.org\\\/community\\\/2025\\\/12\\\/28\\\/neurointensivwochen-niwo\\\/#article\",\"isPartOf\":{\"@id\":\"http:\\\/\\\/www.vitalibera.org\\\/community\\\/2025\\\/12\\\/28\\\/neurointensivwochen-niwo\\\/\"},\"author\":{\"name\":\"Andreas Jecklin\",\"@id\":\"https:\\\/\\\/www.vitalibera.org\\\/community\\\/#\\\/schema\\\/person\\\/6712387298421f222ff6d0a2e22c1534\"},\"headline\":\"Neurointensivwochen (NIWo)\",\"datePublished\":\"2025-12-28T11:41:53+00:00\",\"dateModified\":\"2025-12-28T11:42:50+00:00\",\"mainEntityOfPage\":{\"@id\":\"http:\\\/\\\/www.vitalibera.org\\\/community\\\/2025\\\/12\\\/28\\\/neurointensivwochen-niwo\\\/\"},\"wordCount\":224,\"publisher\":{\"@id\":\"https:\\\/\\\/www.vitalibera.org\\\/community\\\/#organization\"},\"image\":{\"@id\":\"http:\\\/\\\/www.vitalibera.org\\\/community\\\/2025\\\/12\\\/28\\\/neurointensivwochen-niwo\\\/#primaryimage\"},\"thumbnailUrl\":\"http:\\\/\\\/www.vitalibera.org\\\/community\\\/wp-content\\\/uploads\\\/2025\\\/12\\\/neurointensiv.jpg\",\"articleSection\":[\"Therapien\"],\"inLanguage\":\"de\"},{\"@type\":\"WebPage\",\"@id\":\"http:\\\/\\\/www.vitalibera.org\\\/community\\\/2025\\\/12\\\/28\\\/neurointensivwochen-niwo\\\/\",\"url\":\"http:\\\/\\\/www.vitalibera.org\\\/community\\\/2025\\\/12\\\/28\\\/neurointensivwochen-niwo\\\/\",\"name\":\"Neurointensivwochen (NIWo) - vitalibera.org\",\"isPartOf\":{\"@id\":\"https:\\\/\\\/www.vitalibera.org\\\/community\\\/#website\"},\"primaryImageOfPage\":{\"@id\":\"http:\\\/\\\/www.vitalibera.org\\\/community\\\/2025\\\/12\\\/28\\\/neurointensivwochen-niwo\\\/#primaryimage\"},\"image\":{\"@id\":\"http:\\\/\\\/www.vitalibera.org\\\/community\\\/2025\\\/12\\\/28\\\/neurointensivwochen-niwo\\\/#primaryimage\"},\"thumbnailUrl\":\"http:\\\/\\\/www.vitalibera.org\\\/community\\\/wp-content\\\/uploads\\\/2025\\\/12\\\/neurointensiv.jpg\",\"datePublished\":\"2025-12-28T11:41:53+00:00\",\"dateModified\":\"2025-12-28T11:42:50+00:00\",\"breadcrumb\":{\"@id\":\"http:\\\/\\\/www.vitalibera.org\\\/community\\\/2025\\\/12\\\/28\\\/neurointensivwochen-niwo\\\/#breadcrumb\"},\"inLanguage\":\"de\",\"potentialAction\":[{\"@type\":\"ReadAction\",\"target\":[\"http:\\\/\\\/www.vitalibera.org\\\/community\\\/2025\\\/12\\\/28\\\/neurointensivwochen-niwo\\\/\"]}]},{\"@type\":\"BreadcrumbList\",\"@id\":\"http:\\\/\\\/www.vitalibera.org\\\/community\\\/2025\\\/12\\\/28\\\/neurointensivwochen-niwo\\\/#breadcrumb\",\"itemListElement\":[{\"@type\":\"ListItem\",\"position\":1,\"name\":\"Startseite\",\"item\":\"https:\\\/\\\/www.vitalibera.org\\\/community\\\/\"},{\"@type\":\"ListItem\",\"position\":2,\"name\":\"Neurointensivwochen (NIWo)\"}]},{\"@type\":\"WebSite\",\"@id\":\"https:\\\/\\\/www.vitalibera.org\\\/community\\\/#website\",\"url\":\"https:\\\/\\\/www.vitalibera.org\\\/community\\\/\",\"name\":\"vitalibera.org\",\"description\":\"Mit einer Einschr&auml;nkung gestaltet sich das Leben im Alltag oft schwieriger - hier berichten wir &uuml;ber unsere Erfahrungen und Hilfsmittel um den Alltag so unbeschwert und unkompliziert wie nur m&ouml;glich geniessen zu k&ouml;nnen. Dabei richten wir unseren Fokus gezielt auf Selbst&auml;ndigkeit, Eigenst&auml;ndigkeit und Selbstbestimmung.\",\"publisher\":{\"@id\":\"https:\\\/\\\/www.vitalibera.org\\\/community\\\/#organization\"},\"potentialAction\":[{\"@type\":\"SearchAction\",\"target\":{\"@type\":\"EntryPoint\",\"urlTemplate\":\"https:\\\/\\\/www.vitalibera.org\\\/community\\\/?s={search_term_string}\"},\"query-input\":{\"@type\":\"PropertyValueSpecification\",\"valueRequired\":true,\"valueName\":\"search_term_string\"}}],\"inLanguage\":\"de\"},{\"@type\":\"Organization\",\"@id\":\"https:\\\/\\\/www.vitalibera.org\\\/community\\\/#organization\",\"name\":\"vitalibera.org\",\"url\":\"https:\\\/\\\/www.vitalibera.org\\\/community\\\/\",\"logo\":{\"@type\":\"ImageObject\",\"inLanguage\":\"de\",\"@id\":\"https:\\\/\\\/www.vitalibera.org\\\/community\\\/#\\\/schema\\\/logo\\\/image\\\/\",\"url\":\"http:\\\/\\\/www.vitalibera.org\\\/community\\\/wp-content\\\/uploads\\\/2025\\\/09\\\/cropped-banner.png\",\"contentUrl\":\"http:\\\/\\\/www.vitalibera.org\\\/community\\\/wp-content\\\/uploads\\\/2025\\\/09\\\/cropped-banner.png\",\"width\":991,\"height\":150,\"caption\":\"vitalibera.org\"},\"image\":{\"@id\":\"https:\\\/\\\/www.vitalibera.org\\\/community\\\/#\\\/schema\\\/logo\\\/image\\\/\"},\"sameAs\":[\"https:\\\/\\\/www.facebook.com\\\/groups\\\/2997085857140235\"]},{\"@type\":\"Person\",\"@id\":\"https:\\\/\\\/www.vitalibera.org\\\/community\\\/#\\\/schema\\\/person\\\/6712387298421f222ff6d0a2e22c1534\",\"name\":\"Andreas Jecklin\",\"image\":{\"@type\":\"ImageObject\",\"inLanguage\":\"de\",\"@id\":\"http:\\\/\\\/0.gravatar.com\\\/avatar\\\/ad516503a11cd5ca435acc9bb6523536?s=96\",\"url\":\"http:\\\/\\\/0.gravatar.com\\\/avatar\\\/ad516503a11cd5ca435acc9bb6523536?s=96\",\"contentUrl\":\"http:\\\/\\\/0.gravatar.com\\\/avatar\\\/ad516503a11cd5ca435acc9bb6523536?s=96\",\"caption\":\"Andreas Jecklin\"},\"description\":\"Manchen gab Gott die Kraft Dinge zu ver\u00e4ndern, mir gab er die Kraft zu ertragen was nicht mehr zu \u00e4ndern ist.\",\"url\":\"http:\\\/\\\/www.vitalibera.org\\\/community\\\/author\\\/andy77\\\/\"}]}<\/script>\r\n<!-- \/ Yoast SEO plugin. -->","yoast_head_json":{"title":"Neurointensivwochen (NIWo) - vitalibera.org","robots":{"index":"index","follow":"follow","max-snippet":"max-snippet:-1","max-image-preview":"max-image-preview:large","max-video-preview":"max-video-preview:-1"},"canonical":"http:\/\/www.vitalibera.org\/community\/2025\/12\/28\/neurointensivwochen-niwo\/","og_locale":"de_DE","og_type":"article","og_title":"Neurointensivwochen (NIWo) - vitalibera.org","og_description":"(NIWo) sind intensive, spezialisierte Therapieprogramme f\u00fcr Menschen mit neurologischen Ausf\u00e4llen (z.B. nach Schlaganfall, Sch\u00e4del-Hirn-Trauma), die auch lange nach dem Ereignis noch gro\u00dfe Fortschritte erm\u00f6glichen sollen, indem sie hochrepetitives Training (oft 3-4 Stunden t\u00e4glich) in Einzel- oder Gruppensettings \u00fcber mehrere Wochen bieten und oft \u00fcber Heilmittelverordnungen abgerechnet werden k\u00f6nnen, mit dem Ziel, die Funktion durch gezielte, ... Weiterlesen","og_url":"http:\/\/www.vitalibera.org\/community\/2025\/12\/28\/neurointensivwochen-niwo\/","og_site_name":"vitalibera.org","article_publisher":"https:\/\/www.facebook.com\/groups\/2997085857140235","article_published_time":"2025-12-28T11:41:53+00:00","article_modified_time":"2025-12-28T11:42:50+00:00","og_image":[{"width":384,"height":282,"url":"http:\/\/www.vitalibera.org\/community\/wp-content\/uploads\/2025\/12\/neurointensiv.jpg","type":"image\/jpeg"}],"author":"Andreas Jecklin","twitter_card":"summary_large_image","twitter_misc":{"Verfasst von":"Andreas Jecklin","Gesch\u00e4tzte Lesezeit":"2\u00a0Minuten"},"schema":{"@context":"https:\/\/schema.org","@graph":[{"@type":"Article","@id":"http:\/\/www.vitalibera.org\/community\/2025\/12\/28\/neurointensivwochen-niwo\/#article","isPartOf":{"@id":"http:\/\/www.vitalibera.org\/community\/2025\/12\/28\/neurointensivwochen-niwo\/"},"author":{"name":"Andreas Jecklin","@id":"https:\/\/www.vitalibera.org\/community\/#\/schema\/person\/6712387298421f222ff6d0a2e22c1534"},"headline":"Neurointensivwochen (NIWo)","datePublished":"2025-12-28T11:41:53+00:00","dateModified":"2025-12-28T11:42:50+00:00","mainEntityOfPage":{"@id":"http:\/\/www.vitalibera.org\/community\/2025\/12\/28\/neurointensivwochen-niwo\/"},"wordCount":224,"publisher":{"@id":"https:\/\/www.vitalibera.org\/community\/#organization"},"image":{"@id":"http:\/\/www.vitalibera.org\/community\/2025\/12\/28\/neurointensivwochen-niwo\/#primaryimage"},"thumbnailUrl":"http:\/\/www.vitalibera.org\/community\/wp-content\/uploads\/2025\/12\/neurointensiv.jpg","articleSection":["Therapien"],"inLanguage":"de"},{"@type":"WebPage","@id":"http:\/\/www.vitalibera.org\/community\/2025\/12\/28\/neurointensivwochen-niwo\/","url":"http:\/\/www.vitalibera.org\/community\/2025\/12\/28\/neurointensivwochen-niwo\/","name":"Neurointensivwochen (NIWo) - vitalibera.org","isPartOf":{"@id":"https:\/\/www.vitalibera.org\/community\/#website"},"primaryImageOfPage":{"@id":"http:\/\/www.vitalibera.org\/community\/2025\/12\/28\/neurointensivwochen-niwo\/#primaryimage"},"image":{"@id":"http:\/\/www.vitalibera.org\/community\/2025\/12\/28\/neurointensivwochen-niwo\/#primaryimage"},"thumbnailUrl":"http:\/\/www.vitalibera.org\/community\/wp-content\/uploads\/2025\/12\/neurointensiv.jpg","datePublished":"2025-12-28T11:41:53+00:00","dateModified":"2025-12-28T11:42:50+00:00","breadcrumb":{"@id":"http:\/\/www.vitalibera.org\/community\/2025\/12\/28\/neurointensivwochen-niwo\/#breadcrumb"},"inLanguage":"de","potentialAction":[{"@type":"ReadAction","target":["http:\/\/www.vitalibera.org\/community\/2025\/12\/28\/neurointensivwochen-niwo\/"]}]},{"@type":"BreadcrumbList","@id":"http:\/\/www.vitalibera.org\/community\/2025\/12\/28\/neurointensivwochen-niwo\/#breadcrumb","itemListElement":[{"@type":"ListItem","position":1,"name":"Startseite","item":"https:\/\/www.vitalibera.org\/community\/"},{"@type":"ListItem","position":2,"name":"Neurointensivwochen (NIWo)"}]},{"@type":"WebSite","@id":"https:\/\/www.vitalibera.org\/community\/#website","url":"https:\/\/www.vitalibera.org\/community\/","name":"vitalibera.org","description":"Mit einer Einschr&auml;nkung gestaltet sich das Leben im Alltag oft schwieriger - hier berichten wir &uuml;ber unsere Erfahrungen und Hilfsmittel um den Alltag so unbeschwert und unkompliziert wie nur m&ouml;glich geniessen zu k&ouml;nnen. Dabei richten wir unseren Fokus gezielt auf Selbst&auml;ndigkeit, Eigenst&auml;ndigkeit und Selbstbestimmung.","publisher":{"@id":"https:\/\/www.vitalibera.org\/community\/#organization"},"potentialAction":[{"@type":"SearchAction","target":{"@type":"EntryPoint","urlTemplate":"https:\/\/www.vitalibera.org\/community\/?s={search_term_string}"},"query-input":{"@type":"PropertyValueSpecification","valueRequired":true,"valueName":"search_term_string"}}],"inLanguage":"de"},{"@type":"Organization","@id":"https:\/\/www.vitalibera.org\/community\/#organization","name":"vitalibera.org","url":"https:\/\/www.vitalibera.org\/community\/","logo":{"@type":"ImageObject","inLanguage":"de","@id":"https:\/\/www.vitalibera.org\/community\/#\/schema\/logo\/image\/","url":"http:\/\/www.vitalibera.org\/community\/wp-content\/uploads\/2025\/09\/cropped-banner.png","contentUrl":"http:\/\/www.vitalibera.org\/community\/wp-content\/uploads\/2025\/09\/cropped-banner.png","width":991,"height":150,"caption":"vitalibera.org"},"image":{"@id":"https:\/\/www.vitalibera.org\/community\/#\/schema\/logo\/image\/"},"sameAs":["https:\/\/www.facebook.com\/groups\/2997085857140235"]},{"@type":"Person","@id":"https:\/\/www.vitalibera.org\/community\/#\/schema\/person\/6712387298421f222ff6d0a2e22c1534","name":"Andreas Jecklin","image":{"@type":"ImageObject","inLanguage":"de","@id":"http:\/\/0.gravatar.com\/avatar\/ad516503a11cd5ca435acc9bb6523536?s=96","url":"http:\/\/0.gravatar.com\/avatar\/ad516503a11cd5ca435acc9bb6523536?s=96","contentUrl":"http:\/\/0.gravatar.com\/avatar\/ad516503a11cd5ca435acc9bb6523536?s=96","caption":"Andreas Jecklin"},"description":"Manchen gab Gott die Kraft Dinge zu ver\u00e4ndern, mir gab er die Kraft zu ertragen was nicht mehr zu \u00e4ndern ist.","url":"http:\/\/www.vitalibera.org\/community\/author\/andy77\/"}]}},"jetpack_publicize_connections":[],"jetpack_sharing_enabled":true,"jetpack-related-posts":[{"id":7783,"url":"http:\/\/www.vitalibera.org\/community\/2026\/06\/06\/leben-nach-der-akutrehabilitation-wege-und-perspektiven-nach-einer-gehirnverletzung\/","url_meta":{"origin":4846,"position":0},"title":"Leben nach der Akutrehabilitation \u2013 Wege und Perspektiven nach einer Gehirnverletzung","author":"admin","date":"6 Juni, 2026","format":false,"excerpt":"Nach einer Gehirnverletzung markiert die Akutrehabilitation einen wichtigen ersten Schritt auf dem Weg zur Genesung. Doch auch nach dieser intensiven Phase ist der Rehabilitationsprozess meist noch nicht abgeschlossen. Je nach Schwere der Beeintr\u00e4chtigungen und individuellen Fortschritten stehen verschiedene Anschlussm\u00f6glichkeiten im Vordergrund \u2013 von weiterf\u00fchrender station\u00e4rer Therapie \u00fcber ambulante Behandlungen bis\u2026","rel":"","context":"In &quot;Alltagsnavigation&quot;","block_context":{"text":"Alltagsnavigation","link":"http:\/\/www.vitalibera.org\/community\/category\/beitraege\/eingeschraenkt-im-alltag\/alltagsnavigation\/"},"img":{"alt_text":"","src":"https:\/\/i0.wp.com\/www.vitalibera.org\/community\/wp-content\/uploads\/2026\/06\/0ce5b0f906d7f34c7f9a3d45d3c60e63.jpg?resize=350%2C200","width":350,"height":200},"classes":[]},{"id":7817,"url":"http:\/\/www.vitalibera.org\/community\/2026\/06\/07\/reha-tagebuch-in-der-neurorehabilitation-begleiter-orientierung-und-unterstuetzung\/","url_meta":{"origin":4846,"position":1},"title":"Reha\u2011Tagebuch in der Neurorehabilitation \u2013 Begleiter, Orientierung und Unterst\u00fctzung","author":"Andreas Jecklin","date":"7 Juni, 2026","format":false,"excerpt":"Nach einer akuten Gehirnerkrankung wie einem Schlaganfall oder Sch\u00e4del\u2011Hirn\u2011Trauma beginnt f\u00fcr Betroffene eine intensive Phase der neurorehabilitativen Behandlung. In dieser Zeit sind neben k\u00f6rperlichen Einschr\u00e4nkungen h\u00e4ufig auch kognitive und emotionale Ver\u00e4nderungen zu beobachten, die den Alltag erheblich beeinflussen k\u00f6nnen. Die Akutrehabilitation zielt darauf ab, verloren gegangene F\u00e4higkeiten wiederzugewinnen und die\u2026","rel":"","context":"In &quot;Fachwissen&quot;","block_context":{"text":"Fachwissen","link":"http:\/\/www.vitalibera.org\/community\/category\/beitraege\/fachwissen\/"},"img":{"alt_text":"","src":"https:\/\/i0.wp.com\/www.vitalibera.org\/community\/wp-content\/uploads\/2026\/06\/rehatagebuch23343.png?resize=350%2C200&ssl=1","width":350,"height":200},"classes":[]},{"id":4438,"url":"http:\/\/www.vitalibera.org\/community\/2025\/11\/22\/eigentrainingsgeraete-nach-schlaganfall\/","url_meta":{"origin":4846,"position":2},"title":"Eigentrainingsger\u00e4te nach Schlaganfall","author":"Andreas Jecklin","date":"22 November, 2025","format":false,"excerpt":"Nach einem\u00a0Schlaganfall\u00a0ver\u00e4ndert sich das Leben schlagartig. Pl\u00f6tzlich funktionieren Bewegungen nicht mehr wie gewohnt \u2013 der Arm l\u00e4sst sich kaum heben, das Bein will nicht richtig gehorchen, die Hand kann nichts mehr greifen. Etwa 270.000 Menschen erleiden j\u00e4hrlich in Deutschland einen Schlaganfall, und viele k\u00e4mpfen anschlie\u00dfend mit\u00a0L\u00e4hmungen\u00a0und\u00a0Bewegungseinschr\u00e4nkungen. Die gute Nachricht: Mit\u2026","rel":"","context":"In &quot;Eigentherapie und Trainings&quot;","block_context":{"text":"Eigentherapie und Trainings","link":"http:\/\/www.vitalibera.org\/community\/category\/eigentherapie-und-trainings\/"},"img":{"alt_text":"","src":"https:\/\/i0.wp.com\/www.vitalibera.org\/community\/wp-content\/uploads\/2025\/11\/training.png?resize=350%2C200","width":350,"height":200,"srcset":"https:\/\/i0.wp.com\/www.vitalibera.org\/community\/wp-content\/uploads\/2025\/11\/training.png?resize=350%2C200 1x, https:\/\/i0.wp.com\/www.vitalibera.org\/community\/wp-content\/uploads\/2025\/11\/training.png?resize=525%2C300 1.5x, https:\/\/i0.wp.com\/www.vitalibera.org\/community\/wp-content\/uploads\/2025\/11\/training.png?resize=700%2C400 2x"},"classes":[]},{"id":8206,"url":"http:\/\/www.vitalibera.org\/community\/2026\/06\/24\/kognitive-blockaden-nach-gehirnverletzungen-ursachen-symptome-und-wege-der-rehabilitation\/","url_meta":{"origin":4846,"position":3},"title":"Kognitive Blockaden nach Gehirnverletzungen \u2013 Ursachen, Symptome und Wege der Rehabilitation","author":"Andreas Jecklin","date":"24 Juni, 2026","format":false,"excerpt":"Nach einem Schlaganfall, einer Hirnblutung oder einem Sch\u00e4del\u2011Hirn\u2011Trauma erleben viele Betroffene Ver\u00e4nderungen ihrer geistigen Leistungsf\u00e4higkeit. H\u00e4ufig \u00e4u\u00dfert sich dies als sogenannte \u201ekognitive Blockade\u201c \u2013 ein Zustand, in dem Denken, Erinnern oder die Konzentration pl\u00f6tzlich erschwert oder zeitweise kaum m\u00f6glich sind. Solche St\u00f6rungen entstehen durch Sch\u00e4digungen bestimmter Hirnregionen und betreffen zentrale\u2026","rel":"","context":"In &quot;Fachwissen&quot;","block_context":{"text":"Fachwissen","link":"http:\/\/www.vitalibera.org\/community\/category\/beitraege\/fachwissen\/"},"img":{"alt_text":"","src":"https:\/\/i0.wp.com\/www.vitalibera.org\/community\/wp-content\/uploads\/2026\/06\/koglego50.png?resize=350%2C200","width":350,"height":200},"classes":[]},{"id":4679,"url":"http:\/\/www.vitalibera.org\/community\/2025\/12\/21\/bezugstherapie\/","url_meta":{"origin":4846,"position":4},"title":"Bezugstherapie","author":"Andreas Jecklin","date":"21 Dezember, 2025","format":false,"excerpt":"Die Bezugstherapie\u00a0bezieht sich auf eine\u00a0individualisierte, koordinierte und oft intensivierte Rehabilitation, die eng auf die spezifischen Bed\u00fcrfnisse und Ziele des Patienten zugeschnitten ist, oft unter Einbeziehung neuer Technologien wie der\u00a0transkraniellen Magnetstimulation\u00a0(TMS) oder Robotik, um die\u00a0Neuroplastizit\u00e4t\u00a0zu f\u00f6rdern, die gesunde Seite einzuschr\u00e4nken (Forced Use) und eine ganzheitliche Wiederherstellung von Funktion, Sprache und Kognition\u2026","rel":"","context":"In &quot;sonstige Therapien&quot;","block_context":{"text":"sonstige Therapien","link":"http:\/\/www.vitalibera.org\/community\/category\/eigentherapie-und-trainings\/sonstige-therapien\/"},"img":{"alt_text":"","src":"https:\/\/i0.wp.com\/www.vitalibera.org\/community\/wp-content\/uploads\/2025\/12\/240513_Reha-Schlaganfall_Instagram.jpg?resize=350%2C200","width":350,"height":200,"srcset":"https:\/\/i0.wp.com\/www.vitalibera.org\/community\/wp-content\/uploads\/2025\/12\/240513_Reha-Schlaganfall_Instagram.jpg?resize=350%2C200 1x, https:\/\/i0.wp.com\/www.vitalibera.org\/community\/wp-content\/uploads\/2025\/12\/240513_Reha-Schlaganfall_Instagram.jpg?resize=525%2C300 1.5x, https:\/\/i0.wp.com\/www.vitalibera.org\/community\/wp-content\/uploads\/2025\/12\/240513_Reha-Schlaganfall_Instagram.jpg?resize=700%2C400 2x, https:\/\/i0.wp.com\/www.vitalibera.org\/community\/wp-content\/uploads\/2025\/12\/240513_Reha-Schlaganfall_Instagram.jpg?resize=1050%2C600 3x"},"classes":[]},{"id":7705,"url":"http:\/\/www.vitalibera.org\/community\/2026\/06\/02\/kaputt-gedacht-warum-die-gesellschaft-hirnverletzte-systematisch-unterschaetzt\/","url_meta":{"origin":4846,"position":5},"title":"Kaputt gedacht: Warum die Gesellschaft Hirnverletzte systematisch untersch\u00e4tzt","author":"Andreas Jecklin","date":"2 Juni, 2026","format":false,"excerpt":"Menschen mit Hirnverletzung werden viel zu oft vorschnell abgeschrieben \u2013 als \u201edumm\u201c, \u201ekaputt\u201c oder \u201enicht mehr leistungsf\u00e4hig\u201c. Diese Haltung ist kein medizinischer Fakt, sondern ein gesellschaftliches Vorurteil. Sie ignoriert, dass das Gehirn sich anpassen kann, dass F\u00e4higkeiten zur\u00fcckkehren oder neu entstehen k\u00f6nnen und dass Einschr\u00e4nkungen meist selektiv sind \u2013 nicht\u2026","rel":"","context":"In &quot;Fachwissen&quot;","block_context":{"text":"Fachwissen","link":"http:\/\/www.vitalibera.org\/community\/category\/beitraege\/fachwissen\/"},"img":{"alt_text":"","src":"https:\/\/i0.wp.com\/www.vitalibera.org\/community\/wp-content\/uploads\/2026\/06\/b735023cf16e28d019044cd177b0811e.jpg?resize=350%2C200","width":350,"height":200},"classes":[]}],"jetpack_featured_media_url":"http:\/\/www.vitalibera.org\/community\/wp-content\/uploads\/2025\/12\/neurointensiv.jpg","_links":{"self":[{"href":"http:\/\/www.vitalibera.org\/community\/wp-json\/wp\/v2\/posts\/4846","targetHints":{"allow":["GET"]}}],"collection":[{"href":"http:\/\/www.vitalibera.org\/community\/wp-json\/wp\/v2\/posts"}],"about":[{"href":"http:\/\/www.vitalibera.org\/community\/wp-json\/wp\/v2\/types\/post"}],"author":[{"embeddable":true,"href":"http:\/\/www.vitalibera.org\/community\/wp-json\/wp\/v2\/users\/2"}],"replies":[{"embeddable":true,"href":"http:\/\/www.vitalibera.org\/community\/wp-json\/wp\/v2\/comments?post=4846"}],"version-history":[{"count":0,"href":"http:\/\/www.vitalibera.org\/community\/wp-json\/wp\/v2\/posts\/4846\/revisions"}],"wp:featuredmedia":[{"embeddable":true,"href":"http:\/\/www.vitalibera.org\/community\/wp-json\/wp\/v2\/media\/4847"}],"wp:attachment":[{"href":"http:\/\/www.vitalibera.org\/community\/wp-json\/wp\/v2\/media?parent=4846"}],"wp:term":[{"taxonomy":"category","embeddable":true,"href":"http:\/\/www.vitalibera.org\/community\/wp-json\/wp\/v2\/categories?post=4846"},{"taxonomy":"post_tag","embeddable":true,"href":"http:\/\/www.vitalibera.org\/community\/wp-json\/wp\/v2\/tags?post=4846"}],"curies":[{"name":"wp","href":"https:\/\/api.w.org\/{rel}","templated":true}]}}