{"id":4981,"date":"2026-01-04T20:43:36","date_gmt":"2026-01-04T19:43:36","guid":{"rendered":"https:\/\/www.vitalibera.org\/community\/?p=4981"},"modified":"2026-01-04T20:45:02","modified_gmt":"2026-01-04T19:45:02","slug":"junge-pflege-was-ist-das","status":"publish","type":"post","link":"http:\/\/www.vitalibera.org\/community\/2026\/01\/04\/junge-pflege-was-ist-das\/","title":{"rendered":"&#8220;Junge Pflege&#8221; was ist das?"},"content":{"rendered":"\n<p>&ldquo;Junge Pflege&rdquo; ist eine spezialisierte Betreuungsform f&uuml;r pflegebed&uuml;rftige Menschen unter 60, die in speziellen Wohngemeinschaften oder Wohnformen stattfindet, w&auml;hrend Pflegeheime prim&auml;r auf Senioren ausgerichtet sind, aber oft junge Pflegebed&uuml;rftige als Notl&ouml;sung aufnehmen m&uuml;ssen. Der Hauptunterschied liegt in der Altersgruppe und den damit verbundenen Interessen (z.B. Kino statt Sitztanzgruppe), der individuelleren Gestaltung des Alltags und der Lebensphase (z.B. Reha-Ziele vs. Lebensabend), sowie der spezifischen Schulung der Betreuer, um den Bed&uuml;rfnissen j&uuml;ngerer Menschen gerecht zu werden.&nbsp;<\/p>\n\n\n\n<p>Junge <a href=\"http:\/\/www.vitalibera.org\/community\/2026\/07\/14\/pflegedienste\/\"><font color=\"blue\"><img src=\"https:\/\/www.vitalibera.org\/community\/wp-content\/images\/link.png\" width=\"20\" height=\"20\"><u>Pflege<\/u><\/font><\/a><\/p>\n\n\n\n<ul class=\"wp-block-list\">\n<li><strong>Zielgruppe:<\/strong>&nbsp;Menschen unter 60 Jahren, oft nach Unf&auml;llen (<a href=\"http:\/\/www.vitalibera.org\/community\/enzyklopaedie\/schlaganfall\/\" target=\"_self\" title=\"Ein Schlaganfall, auch Hirnschlag oder Apoplex genannt, ist eine&nbsp;pl&ouml;tzlich auftretende Durchblutungsst&ouml;rung im Gehirn, die dazu f&uuml;hrt, dass Gehirnzellen nicht mehr ausreichend mit Sauerstoff und N&auml;hrstoffen versorgt werden.&nbsp;Dies kann zu bleibenden Sch&auml;den oder sogar zum Absterben von Hirnzellen f&uuml;hren, wenn die Durchblutung nicht schnell wiederhergestellt wird.\" class=\"encyclopedia\">Schlaganfall<\/a>), chronischen Erkrankungen oder Behinderungen.<\/li>\n\n\n\n<li><strong>Umgebung:<\/strong>&nbsp;Meist kleine Wohngemeinschaften (WG) mit ca. 10 Bewohnern, die ein eigenst&auml;ndiges Leben f&ouml;rdern (<a href=\"http:\/\/www.vitalibera.org\/community\/2026\/07\/09\/muellentsorgung-und-recycling-trotz-einschraenkungen-nach-einer-hirnverletzung\/\"><font color=\"blue\"><img src=\"https:\/\/www.vitalibera.org\/community\/wp-content\/images\/link.png\" width=\"20\" height=\"20\"><u>Haushalt<\/u><\/font><\/a> f&uuml;hren, selbstst&auml;ndig agieren).<\/li>\n\n\n\n<li><strong>Fokus:<\/strong>&nbsp;Individuelle Lebensgestaltung, Aktivit&auml;ten (Kino, Ausfl&uuml;ge), Reha-Ziele, Selbstst&auml;ndigkeit, normaleres Leben.<\/li>\n\n\n\n<li><strong>Betreuung:<\/strong>&nbsp;Speziell geschultes Personal, das auf die Bed&uuml;rfnisse j&uuml;ngerer Menschen eingeht.&nbsp;<\/li>\n<\/ul>\n\n\n\n<p>Wann wird es relevant?<\/p>\n\n\n\n<ul class=\"wp-block-list\">\n<li>Wenn die h&auml;usliche Pflege an ihre Grenzen st&ouml;&szlig;t und junge Menschen nicht in eine &ldquo;typische&rdquo; Altenpflegee<a href=\"http:\/\/www.vitalibera.org\/community\/enzyklopaedie\/inr\/\" target=\"_self\" title=\"Die&nbsp;International Normalized Ratio (INR)&nbsp;ist ein&nbsp;weltweit standardisierter Laborwert zur Messung der Blutgerinnungszeit, insbesondere bei der Einnahme von Gerinnungshemmern wie Marcumar. Ein INR-Wert um 1,0 ist normal, w&auml;hrend bei einer Therapie meist Werte zwischen 2,0 und 3,5 angestrebt werden, um Thrombosen zu verhindern.\" class=\"encyclopedia\">inr<\/a>ichtung passen.<\/li>\n\n\n\n<li>Die &ldquo;Junge Pflege&rdquo; schlie&szlig;t eine Versorgungsl&uuml;cke f&uuml;r Menschen, die auf Dauer intensive Pflege ben&ouml;tigen, aber noch jung sind.&nbsp;<\/li>\n<\/ul>\n\n\n\n<p>Alternativen<\/p>\n\n\n\n<ul class=\"wp-block-list\">\n<li><strong>H&auml;usliche Pflege:<\/strong>&nbsp;F&uuml;r viele die bevorzugte Option, oft mit Unterst&uuml;tzung von Pflegediensten oder Angeh&ouml;rigen, erfordert aber barrierefreie Anpassungen im Eigenheim.<\/li>\n\n\n\n<li><strong>Betreutes Wohnen&nbsp;\/ Service-Wohnen:<\/strong>&nbsp;F&ouml;rdert Eigenst&auml;ndigkeit, ist aber eher f&uuml;r &auml;ltere, weniger pflegeintensive Menschen gedacht.&nbsp;<\/li>\n<\/ul>\n\n\n\n<p>Zusammenfassend l&auml;sst sich sagen, dass junge Pflege eine altersgerechtere Alternative zu klassischen Pflegeheimen f&uuml;r j&uuml;ngere, pflegebed&uuml;rftige Erwachsene darstellt, da sie sich an Lebensphase, Interessen und Zielen orientiert.&nbsp;<\/p>\n\n\n\n<p>Tipps zur Wahl der E<a href=\"http:\/\/www.vitalibera.org\/community\/enzyklopaedie\/inr\/\" target=\"_self\" title=\"Die&nbsp;International Normalized Ratio (INR)&nbsp;ist ein&nbsp;weltweit standardisierter Laborwert zur Messung der Blutgerinnungszeit, insbesondere bei der Einnahme von Gerinnungshemmern wie Marcumar. Ein INR-Wert um 1,0 ist normal, w&auml;hrend bei einer Therapie meist Werte zwischen 2,0 und 3,5 angestrebt werden, um Thrombosen zu verhindern.\" class=\"encyclopedia\">inr<\/a>ichtung<\/p>\n\n\n\n<p>F&uuml;r <a href=\"http:\/\/www.vitalibera.org\/community\/2026\/04\/19\/wenn-reize-laut-werden-und-menschen-leise\/\"><font color=\"blue\"><img src=\"https:\/\/www.vitalibera.org\/community\/wp-content\/images\/link.png\" width=\"20\" height=\"20\"><u>Betroffene<\/u><\/font><\/a> empfiehlt es sich, gezielt nach&nbsp;<strong>spezialisierten Wohnbereichen f&uuml;r Junge Pflege<\/strong>&nbsp;innerhalb gr&ouml;&szlig;erer H&auml;user oder komplett eigenst&auml;ndigen E<a href=\"http:\/\/www.vitalibera.org\/community\/enzyklopaedie\/inr\/\" target=\"_self\" title=\"Die&nbsp;International Normalized Ratio (INR)&nbsp;ist ein&nbsp;weltweit standardisierter Laborwert zur Messung der Blutgerinnungszeit, insbesondere bei der Einnahme von Gerinnungshemmern wie Marcumar. Ein INR-Wert um 1,0 ist normal, w&auml;hrend bei einer Therapie meist Werte zwischen 2,0 und 3,5 angestrebt werden, um Thrombosen zu verhindern.\" class=\"encyclopedia\">inr<\/a>ichtungen zu suchen, um eine altersgerechte soziale Umgebung sicherzustellen. Eine Liste zugelassener E<a href=\"http:\/\/www.vitalibera.org\/community\/enzyklopaedie\/inr\/\" target=\"_self\" title=\"Die&nbsp;International Normalized Ratio (INR)&nbsp;ist ein&nbsp;weltweit standardisierter Laborwert zur Messung der Blutgerinnungszeit, insbesondere bei der Einnahme von Gerinnungshemmern wie Marcumar. Ein INR-Wert um 1,0 ist normal, w&auml;hrend bei einer Therapie meist Werte zwischen 2,0 und 3,5 angestrebt werden, um Thrombosen zu verhindern.\" class=\"encyclopedia\">inr<\/a>ichtungen kann &uuml;ber die&nbsp;Pflegekassen&nbsp;angefordert werden.<\/p>\n","protected":false},"excerpt":{"rendered":"<p>&#8220;Junge Pflege&#8221; ist eine spezialisierte Betreuungsform f\u00fcr pflegebed\u00fcrftige Menschen unter 60, die in speziellen Wohngemeinschaften oder Wohnformen stattfindet, w\u00e4hrend Pflegeheime prim\u00e4r auf Senioren ausgerichtet sind, aber oft junge Pflegebed\u00fcrftige als Notl\u00f6sung aufnehmen m\u00fcssen. Der Hauptunterschied liegt in der Altersgruppe und den damit verbundenen Interessen (z.B. Kino statt Sitztanzgruppe), der individuelleren Gestaltung des Alltags und der &#8230; <a title=\"&#8220;Junge Pflege&#8221; was ist das?\" class=\"read-more\" href=\"http:\/\/www.vitalibera.org\/community\/2026\/01\/04\/junge-pflege-was-ist-das\/\" aria-label=\"Mehr Informationen \u00fcber &#8220;Junge Pflege&#8221; was ist das?\">Weiterlesen<\/a><\/p>\n","protected":false},"author":2,"featured_media":4982,"comment_status":"open","ping_status":"open","sticky":false,"template":"","format":"standard","meta":{"cybocfi_hide_featured_image":"yes","_jetpack_newsletter_access":"","_jetpack_dont_email_post_to_subs":false,"_jetpack_newsletter_tier_id":0,"_jetpack_memberships_contains_paywalled_content":false,"_jetpack_feature_clip_id":0,"_jetpack_memberships_contains_paid_content":false,"footnotes":"","jetpack_publicize_message":"","jetpack_publicize_feature_enabled":true,"jetpack_social_post_already_shared":false,"jetpack_social_options":{"image_generator_settings":{"template":"highway","default_image_id":0,"font":"","enabled":false},"version":2},"jetpack_post_was_ever_published":false},"categories":[225],"tags":[],"class_list":["post-4981","post","type-post","status-publish","format-standard","has-post-thumbnail","hentry","category-hilfe-fuer-angehoerige"],"yoast_head":"<!-- This site is optimized with the Yoast SEO plugin v28.2 - https:\/\/yoast.com\/product\/yoast-seo-wordpress\/ -->\r\n<title>&quot;Junge Pflege&quot; was ist das? - vitalibera.org<\/title>\r\n<meta name=\"robots\" content=\"index, follow, max-snippet:-1, max-image-preview:large, max-video-preview:-1\" \/>\r\n<link rel=\"canonical\" href=\"https:\/\/www.vitalibera.org\/community\/2026\/01\/04\/junge-pflege-was-ist-das\/\" \/>\r\n<meta property=\"og:locale\" content=\"de_DE\" \/>\r\n<meta property=\"og:type\" content=\"article\" \/>\r\n<meta property=\"og:title\" content=\"&quot;Junge Pflege&quot; was ist das? - vitalibera.org\" \/>\r\n<meta property=\"og:description\" content=\"&#8220;Junge Pflege&#8221; ist eine spezialisierte Betreuungsform f\u00fcr pflegebed\u00fcrftige Menschen unter 60, die in speziellen Wohngemeinschaften oder Wohnformen stattfindet, w\u00e4hrend Pflegeheime prim\u00e4r auf Senioren ausgerichtet sind, aber oft junge Pflegebed\u00fcrftige als Notl\u00f6sung aufnehmen m\u00fcssen. Der Hauptunterschied liegt in der Altersgruppe und den damit verbundenen Interessen (z.B. Kino statt Sitztanzgruppe), der individuelleren Gestaltung des Alltags und der ... Weiterlesen\" \/>\r\n<meta property=\"og:url\" content=\"https:\/\/www.vitalibera.org\/community\/2026\/01\/04\/junge-pflege-was-ist-das\/\" \/>\r\n<meta property=\"og:site_name\" content=\"vitalibera.org\" \/>\r\n<meta property=\"article:publisher\" content=\"https:\/\/www.facebook.com\/groups\/2997085857140235\" \/>\r\n<meta property=\"article:published_time\" content=\"2026-01-04T19:43:36+00:00\" \/>\r\n<meta property=\"article:modified_time\" content=\"2026-01-04T19:45:02+00:00\" \/>\r\n<meta property=\"og:image\" content=\"https:\/\/www.vitalibera.org\/community\/wp-content\/uploads\/2026\/01\/jungepflege.jpg\" \/>\r\n\t<meta property=\"og:image:width\" content=\"684\" \/>\r\n\t<meta property=\"og:image:height\" content=\"451\" \/>\r\n\t<meta property=\"og:image:type\" content=\"image\/jpeg\" \/>\r\n<meta name=\"author\" content=\"Andreas Jecklin\" \/>\r\n<meta name=\"twitter:card\" content=\"summary_large_image\" \/>\r\n<meta name=\"twitter:label1\" content=\"Verfasst von\" \/>\n\t<meta name=\"twitter:data1\" content=\"Andreas Jecklin\" \/>\n\t<meta name=\"twitter:label2\" content=\"Gesch\u00e4tzte Lesezeit\" \/>\n\t<meta name=\"twitter:data2\" content=\"2\u00a0Minuten\" \/>\r\n<script type=\"application\/ld+json\" class=\"yoast-schema-graph\">{\"@context\":\"https:\\\/\\\/schema.org\",\"@graph\":[{\"@type\":\"Article\",\"@id\":\"https:\\\/\\\/www.vitalibera.org\\\/community\\\/2026\\\/01\\\/04\\\/junge-pflege-was-ist-das\\\/#article\",\"isPartOf\":{\"@id\":\"https:\\\/\\\/www.vitalibera.org\\\/community\\\/2026\\\/01\\\/04\\\/junge-pflege-was-ist-das\\\/\"},\"author\":{\"name\":\"Andreas Jecklin\",\"@id\":\"https:\\\/\\\/www.vitalibera.org\\\/community\\\/#\\\/schema\\\/person\\\/6712387298421f222ff6d0a2e22c1534\"},\"headline\":\"&#8220;Junge Pflege&#8221; was ist das?\",\"datePublished\":\"2026-01-04T19:43:36+00:00\",\"dateModified\":\"2026-01-04T19:45:02+00:00\",\"mainEntityOfPage\":{\"@id\":\"https:\\\/\\\/www.vitalibera.org\\\/community\\\/2026\\\/01\\\/04\\\/junge-pflege-was-ist-das\\\/\"},\"wordCount\":322,\"commentCount\":0,\"publisher\":{\"@id\":\"https:\\\/\\\/www.vitalibera.org\\\/community\\\/#organization\"},\"image\":{\"@id\":\"https:\\\/\\\/www.vitalibera.org\\\/community\\\/2026\\\/01\\\/04\\\/junge-pflege-was-ist-das\\\/#primaryimage\"},\"thumbnailUrl\":\"http:\\\/\\\/www.vitalibera.org\\\/community\\\/wp-content\\\/uploads\\\/2026\\\/01\\\/jungepflege.jpg\",\"articleSection\":[\"Hilfe f\u00fcr Angeh\u00f6rige\"],\"inLanguage\":\"de\",\"potentialAction\":[{\"@type\":\"CommentAction\",\"name\":\"Comment\",\"target\":[\"https:\\\/\\\/www.vitalibera.org\\\/community\\\/2026\\\/01\\\/04\\\/junge-pflege-was-ist-das\\\/#respond\"]}]},{\"@type\":\"WebPage\",\"@id\":\"https:\\\/\\\/www.vitalibera.org\\\/community\\\/2026\\\/01\\\/04\\\/junge-pflege-was-ist-das\\\/\",\"url\":\"https:\\\/\\\/www.vitalibera.org\\\/community\\\/2026\\\/01\\\/04\\\/junge-pflege-was-ist-das\\\/\",\"name\":\"\\\"Junge Pflege\\\" was ist das? - vitalibera.org\",\"isPartOf\":{\"@id\":\"https:\\\/\\\/www.vitalibera.org\\\/community\\\/#website\"},\"primaryImageOfPage\":{\"@id\":\"https:\\\/\\\/www.vitalibera.org\\\/community\\\/2026\\\/01\\\/04\\\/junge-pflege-was-ist-das\\\/#primaryimage\"},\"image\":{\"@id\":\"https:\\\/\\\/www.vitalibera.org\\\/community\\\/2026\\\/01\\\/04\\\/junge-pflege-was-ist-das\\\/#primaryimage\"},\"thumbnailUrl\":\"http:\\\/\\\/www.vitalibera.org\\\/community\\\/wp-content\\\/uploads\\\/2026\\\/01\\\/jungepflege.jpg\",\"datePublished\":\"2026-01-04T19:43:36+00:00\",\"dateModified\":\"2026-01-04T19:45:02+00:00\",\"breadcrumb\":{\"@id\":\"https:\\\/\\\/www.vitalibera.org\\\/community\\\/2026\\\/01\\\/04\\\/junge-pflege-was-ist-das\\\/#breadcrumb\"},\"inLanguage\":\"de\",\"potentialAction\":[{\"@type\":\"ReadAction\",\"target\":[\"https:\\\/\\\/www.vitalibera.org\\\/community\\\/2026\\\/01\\\/04\\\/junge-pflege-was-ist-das\\\/\"]}]},{\"@type\":\"BreadcrumbList\",\"@id\":\"https:\\\/\\\/www.vitalibera.org\\\/community\\\/2026\\\/01\\\/04\\\/junge-pflege-was-ist-das\\\/#breadcrumb\",\"itemListElement\":[{\"@type\":\"ListItem\",\"position\":1,\"name\":\"Startseite\",\"item\":\"https:\\\/\\\/www.vitalibera.org\\\/community\\\/\"},{\"@type\":\"ListItem\",\"position\":2,\"name\":\"&#8220;Junge Pflege&#8221; was ist das?\"}]},{\"@type\":\"WebSite\",\"@id\":\"https:\\\/\\\/www.vitalibera.org\\\/community\\\/#website\",\"url\":\"https:\\\/\\\/www.vitalibera.org\\\/community\\\/\",\"name\":\"vitalibera.org\",\"description\":\"Mit einer Einschr&auml;nkung gestaltet sich das Leben im Alltag oft schwieriger - hier berichten wir &uuml;ber unsere Erfahrungen und Hilfsmittel um den Alltag so unbeschwert und unkompliziert wie nur m&ouml;glich geniessen zu k&ouml;nnen. Dabei richten wir unseren Fokus gezielt auf Selbst&auml;ndigkeit, Eigenst&auml;ndigkeit und Selbstbestimmung.\",\"publisher\":{\"@id\":\"https:\\\/\\\/www.vitalibera.org\\\/community\\\/#organization\"},\"potentialAction\":[{\"@type\":\"SearchAction\",\"target\":{\"@type\":\"EntryPoint\",\"urlTemplate\":\"https:\\\/\\\/www.vitalibera.org\\\/community\\\/?s={search_term_string}\"},\"query-input\":{\"@type\":\"PropertyValueSpecification\",\"valueRequired\":true,\"valueName\":\"search_term_string\"}}],\"inLanguage\":\"de\"},{\"@type\":\"Organization\",\"@id\":\"https:\\\/\\\/www.vitalibera.org\\\/community\\\/#organization\",\"name\":\"vitalibera.org\",\"url\":\"https:\\\/\\\/www.vitalibera.org\\\/community\\\/\",\"logo\":{\"@type\":\"ImageObject\",\"inLanguage\":\"de\",\"@id\":\"https:\\\/\\\/www.vitalibera.org\\\/community\\\/#\\\/schema\\\/logo\\\/image\\\/\",\"url\":\"http:\\\/\\\/www.vitalibera.org\\\/community\\\/wp-content\\\/uploads\\\/2025\\\/09\\\/cropped-banner.png\",\"contentUrl\":\"http:\\\/\\\/www.vitalibera.org\\\/community\\\/wp-content\\\/uploads\\\/2025\\\/09\\\/cropped-banner.png\",\"width\":991,\"height\":150,\"caption\":\"vitalibera.org\"},\"image\":{\"@id\":\"https:\\\/\\\/www.vitalibera.org\\\/community\\\/#\\\/schema\\\/logo\\\/image\\\/\"},\"sameAs\":[\"https:\\\/\\\/www.facebook.com\\\/groups\\\/2997085857140235\"]},{\"@type\":\"Person\",\"@id\":\"https:\\\/\\\/www.vitalibera.org\\\/community\\\/#\\\/schema\\\/person\\\/6712387298421f222ff6d0a2e22c1534\",\"name\":\"Andreas Jecklin\",\"image\":{\"@type\":\"ImageObject\",\"inLanguage\":\"de\",\"@id\":\"http:\\\/\\\/0.gravatar.com\\\/avatar\\\/ad516503a11cd5ca435acc9bb6523536?s=96\",\"url\":\"http:\\\/\\\/0.gravatar.com\\\/avatar\\\/ad516503a11cd5ca435acc9bb6523536?s=96\",\"contentUrl\":\"http:\\\/\\\/0.gravatar.com\\\/avatar\\\/ad516503a11cd5ca435acc9bb6523536?s=96\",\"caption\":\"Andreas Jecklin\"},\"description\":\"Manchen gab Gott die Kraft Dinge zu ver\u00e4ndern, mir gab er die Kraft zu ertragen was nicht mehr zu \u00e4ndern ist.\",\"url\":\"http:\\\/\\\/www.vitalibera.org\\\/community\\\/author\\\/andy77\\\/\"}]}<\/script>\r\n<!-- \/ Yoast SEO plugin. -->","yoast_head_json":{"title":"\"Junge Pflege\" was ist das? - vitalibera.org","robots":{"index":"index","follow":"follow","max-snippet":"max-snippet:-1","max-image-preview":"max-image-preview:large","max-video-preview":"max-video-preview:-1"},"canonical":"https:\/\/www.vitalibera.org\/community\/2026\/01\/04\/junge-pflege-was-ist-das\/","og_locale":"de_DE","og_type":"article","og_title":"\"Junge Pflege\" was ist das? - vitalibera.org","og_description":"&#8220;Junge Pflege&#8221; ist eine spezialisierte Betreuungsform f\u00fcr pflegebed\u00fcrftige Menschen unter 60, die in speziellen Wohngemeinschaften oder Wohnformen stattfindet, w\u00e4hrend Pflegeheime prim\u00e4r auf Senioren ausgerichtet sind, aber oft junge Pflegebed\u00fcrftige als Notl\u00f6sung aufnehmen m\u00fcssen. Der Hauptunterschied liegt in der Altersgruppe und den damit verbundenen Interessen (z.B. Kino statt Sitztanzgruppe), der individuelleren Gestaltung des Alltags und der ... Weiterlesen","og_url":"https:\/\/www.vitalibera.org\/community\/2026\/01\/04\/junge-pflege-was-ist-das\/","og_site_name":"vitalibera.org","article_publisher":"https:\/\/www.facebook.com\/groups\/2997085857140235","article_published_time":"2026-01-04T19:43:36+00:00","article_modified_time":"2026-01-04T19:45:02+00:00","og_image":[{"width":684,"height":451,"url":"https:\/\/www.vitalibera.org\/community\/wp-content\/uploads\/2026\/01\/jungepflege.jpg","type":"image\/jpeg"}],"author":"Andreas Jecklin","twitter_card":"summary_large_image","twitter_misc":{"Verfasst von":"Andreas Jecklin","Gesch\u00e4tzte Lesezeit":"2\u00a0Minuten"},"schema":{"@context":"https:\/\/schema.org","@graph":[{"@type":"Article","@id":"https:\/\/www.vitalibera.org\/community\/2026\/01\/04\/junge-pflege-was-ist-das\/#article","isPartOf":{"@id":"https:\/\/www.vitalibera.org\/community\/2026\/01\/04\/junge-pflege-was-ist-das\/"},"author":{"name":"Andreas Jecklin","@id":"https:\/\/www.vitalibera.org\/community\/#\/schema\/person\/6712387298421f222ff6d0a2e22c1534"},"headline":"&#8220;Junge Pflege&#8221; was ist das?","datePublished":"2026-01-04T19:43:36+00:00","dateModified":"2026-01-04T19:45:02+00:00","mainEntityOfPage":{"@id":"https:\/\/www.vitalibera.org\/community\/2026\/01\/04\/junge-pflege-was-ist-das\/"},"wordCount":322,"commentCount":0,"publisher":{"@id":"https:\/\/www.vitalibera.org\/community\/#organization"},"image":{"@id":"https:\/\/www.vitalibera.org\/community\/2026\/01\/04\/junge-pflege-was-ist-das\/#primaryimage"},"thumbnailUrl":"http:\/\/www.vitalibera.org\/community\/wp-content\/uploads\/2026\/01\/jungepflege.jpg","articleSection":["Hilfe f\u00fcr Angeh\u00f6rige"],"inLanguage":"de","potentialAction":[{"@type":"CommentAction","name":"Comment","target":["https:\/\/www.vitalibera.org\/community\/2026\/01\/04\/junge-pflege-was-ist-das\/#respond"]}]},{"@type":"WebPage","@id":"https:\/\/www.vitalibera.org\/community\/2026\/01\/04\/junge-pflege-was-ist-das\/","url":"https:\/\/www.vitalibera.org\/community\/2026\/01\/04\/junge-pflege-was-ist-das\/","name":"\"Junge Pflege\" was ist das? - vitalibera.org","isPartOf":{"@id":"https:\/\/www.vitalibera.org\/community\/#website"},"primaryImageOfPage":{"@id":"https:\/\/www.vitalibera.org\/community\/2026\/01\/04\/junge-pflege-was-ist-das\/#primaryimage"},"image":{"@id":"https:\/\/www.vitalibera.org\/community\/2026\/01\/04\/junge-pflege-was-ist-das\/#primaryimage"},"thumbnailUrl":"http:\/\/www.vitalibera.org\/community\/wp-content\/uploads\/2026\/01\/jungepflege.jpg","datePublished":"2026-01-04T19:43:36+00:00","dateModified":"2026-01-04T19:45:02+00:00","breadcrumb":{"@id":"https:\/\/www.vitalibera.org\/community\/2026\/01\/04\/junge-pflege-was-ist-das\/#breadcrumb"},"inLanguage":"de","potentialAction":[{"@type":"ReadAction","target":["https:\/\/www.vitalibera.org\/community\/2026\/01\/04\/junge-pflege-was-ist-das\/"]}]},{"@type":"BreadcrumbList","@id":"https:\/\/www.vitalibera.org\/community\/2026\/01\/04\/junge-pflege-was-ist-das\/#breadcrumb","itemListElement":[{"@type":"ListItem","position":1,"name":"Startseite","item":"https:\/\/www.vitalibera.org\/community\/"},{"@type":"ListItem","position":2,"name":"&#8220;Junge Pflege&#8221; was ist das?"}]},{"@type":"WebSite","@id":"https:\/\/www.vitalibera.org\/community\/#website","url":"https:\/\/www.vitalibera.org\/community\/","name":"vitalibera.org","description":"Mit einer Einschr&auml;nkung gestaltet sich das Leben im Alltag oft schwieriger - hier berichten wir &uuml;ber unsere Erfahrungen und Hilfsmittel um den Alltag so unbeschwert und unkompliziert wie nur m&ouml;glich geniessen zu k&ouml;nnen. Dabei richten wir unseren Fokus gezielt auf Selbst&auml;ndigkeit, Eigenst&auml;ndigkeit und Selbstbestimmung.","publisher":{"@id":"https:\/\/www.vitalibera.org\/community\/#organization"},"potentialAction":[{"@type":"SearchAction","target":{"@type":"EntryPoint","urlTemplate":"https:\/\/www.vitalibera.org\/community\/?s={search_term_string}"},"query-input":{"@type":"PropertyValueSpecification","valueRequired":true,"valueName":"search_term_string"}}],"inLanguage":"de"},{"@type":"Organization","@id":"https:\/\/www.vitalibera.org\/community\/#organization","name":"vitalibera.org","url":"https:\/\/www.vitalibera.org\/community\/","logo":{"@type":"ImageObject","inLanguage":"de","@id":"https:\/\/www.vitalibera.org\/community\/#\/schema\/logo\/image\/","url":"http:\/\/www.vitalibera.org\/community\/wp-content\/uploads\/2025\/09\/cropped-banner.png","contentUrl":"http:\/\/www.vitalibera.org\/community\/wp-content\/uploads\/2025\/09\/cropped-banner.png","width":991,"height":150,"caption":"vitalibera.org"},"image":{"@id":"https:\/\/www.vitalibera.org\/community\/#\/schema\/logo\/image\/"},"sameAs":["https:\/\/www.facebook.com\/groups\/2997085857140235"]},{"@type":"Person","@id":"https:\/\/www.vitalibera.org\/community\/#\/schema\/person\/6712387298421f222ff6d0a2e22c1534","name":"Andreas Jecklin","image":{"@type":"ImageObject","inLanguage":"de","@id":"http:\/\/0.gravatar.com\/avatar\/ad516503a11cd5ca435acc9bb6523536?s=96","url":"http:\/\/0.gravatar.com\/avatar\/ad516503a11cd5ca435acc9bb6523536?s=96","contentUrl":"http:\/\/0.gravatar.com\/avatar\/ad516503a11cd5ca435acc9bb6523536?s=96","caption":"Andreas Jecklin"},"description":"Manchen gab Gott die Kraft Dinge zu ver\u00e4ndern, mir gab er die Kraft zu ertragen was nicht mehr zu \u00e4ndern ist.","url":"http:\/\/www.vitalibera.org\/community\/author\/andy77\/"}]}},"jetpack_publicize_connections":[],"jetpack_sharing_enabled":true,"jetpack-related-posts":[{"id":4969,"url":"http:\/\/www.vitalibera.org\/community\/2026\/01\/04\/alternativen-zu-pflegeheim-institutionen\/","url_meta":{"origin":4981,"position":0},"title":"Alternativen zu Pflegeheim\/Institutionen","author":"Andreas Jecklin","date":"4 Januar, 2026","format":false,"excerpt":"Ein Pflegeheim ist nach einem Schlaganfall oft die letzte Option,\u00a0wenn der Pflegebedarf (z.B. durch schweren Schlaganfall mit Pflegegrad 5) zu Hause trotz ambulanter Unterst\u00fctzung nicht mehr leistbar ist, eine intensive medizinische oder pflegerische Betreuung notwendig wird oder die Belastung f\u00fcr Angeh\u00f6rige zu gro\u00df wird, wobei auch betreute Wohngemeinschaften oder spezielle\u2026","rel":"","context":"In &quot;Hilfe f\u00fcr Angeh\u00f6rige&quot;","block_context":{"text":"Hilfe f\u00fcr Angeh\u00f6rige","link":"http:\/\/www.vitalibera.org\/community\/category\/hilfe-fuer-angehoerige\/"},"img":{"alt_text":"","src":"https:\/\/i0.wp.com\/www.vitalibera.org\/community\/wp-content\/uploads\/2026\/01\/Screenshot-2026-01-04-115243.jpg?resize=350%2C200","width":350,"height":200,"srcset":"https:\/\/i0.wp.com\/www.vitalibera.org\/community\/wp-content\/uploads\/2026\/01\/Screenshot-2026-01-04-115243.jpg?resize=350%2C200 1x, https:\/\/i0.wp.com\/www.vitalibera.org\/community\/wp-content\/uploads\/2026\/01\/Screenshot-2026-01-04-115243.jpg?resize=525%2C300 1.5x"},"classes":[]},{"id":6040,"url":"http:\/\/www.vitalibera.org\/community\/2026\/03\/10\/zuschuss-zur-wohnumfeldoptimierung\/","url_meta":{"origin":4981,"position":1},"title":"Zuschuss zur Wohnumfeldoptimierung","author":"Heidi","date":"10 M\u00e4rz, 2026","format":false,"excerpt":"\u200bBarrierefrei wohnen: Der Zuschuss zur Wohnumfeldverbesserung \u200bvieles kann dazu f\u00fchren, dass die eigenen vier W\u00e4nde pl\u00f6tzlich voller Barrieren stecken. Wenn das Badezimmer zur Rutschgefahr wird oder die Treppe un\u00fcberwindbar scheint, hilft der Zuschuss zur Wohnumfeldverbesserung. \u200bIn diesem Artikel erfahren Sie, wer Anspruch auf die F\u00f6rderung hat, welche Ma\u00dfnahmen unterst\u00fctzt werden\u2026","rel":"","context":"In &quot;Hilfe f\u00fcr Angeh\u00f6rige&quot;","block_context":{"text":"Hilfe f\u00fcr Angeh\u00f6rige","link":"http:\/\/www.vitalibera.org\/community\/category\/hilfe-fuer-angehoerige\/"},"img":{"alt_text":"","src":"https:\/\/i0.wp.com\/www.vitalibera.org\/community\/wp-content\/uploads\/2026\/03\/zuschuss.png?resize=350%2C200","width":350,"height":200,"srcset":"https:\/\/i0.wp.com\/www.vitalibera.org\/community\/wp-content\/uploads\/2026\/03\/zuschuss.png?resize=350%2C200 1x, https:\/\/i0.wp.com\/www.vitalibera.org\/community\/wp-content\/uploads\/2026\/03\/zuschuss.png?resize=525%2C300 1.5x"},"classes":[]},{"id":4730,"url":"http:\/\/www.vitalibera.org\/community\/2025\/12\/24\/4730\/","url_meta":{"origin":4981,"position":2},"title":"Verhinderungspflege","author":"Andreas Jecklin","date":"24 Dezember, 2025","format":false,"excerpt":"Verhinderungspflege\u00a0ist eine\u00a0Leistung der deutschen Pflegeversicherung, die die h\u00e4usliche Pflege sicherstellt, wenn die eigentliche Pflegeperson (Angeh\u00f6riger, Freund) vor\u00fcbergehend ausf\u00e4llt, etwa wegen Krankheit, Urlaub oder Beruf.Sie wird f\u00fcr bis zu sechs Wochen pro Jahr gew\u00e4hrt (bei jungen Pflegebed\u00fcrftigen unter 25 Jahren mit Pflegegrad 4\/5 bis zu 8 Wochen) und die Kosten f\u00fcr\u2026","rel":"","context":"In &quot;Hilfe f\u00fcr Angeh\u00f6rige&quot;","block_context":{"text":"Hilfe f\u00fcr Angeh\u00f6rige","link":"http:\/\/www.vitalibera.org\/community\/category\/hilfe-fuer-angehoerige\/"},"img":{"alt_text":"","src":"https:\/\/i0.wp.com\/www.vitalibera.org\/community\/wp-content\/uploads\/2025\/12\/verhinderungs.png?resize=350%2C200","width":350,"height":200,"srcset":"https:\/\/i0.wp.com\/www.vitalibera.org\/community\/wp-content\/uploads\/2025\/12\/verhinderungs.png?resize=350%2C200 1x, https:\/\/i0.wp.com\/www.vitalibera.org\/community\/wp-content\/uploads\/2025\/12\/verhinderungs.png?resize=525%2C300 1.5x"},"classes":[]},{"id":3177,"url":"http:\/\/www.vitalibera.org\/community\/2025\/10\/16\/betreutes-wohnen-service-wohnen\/","url_meta":{"origin":4981,"position":3},"title":"Betreutes Wohnen \/ Service-Wohnen","author":"Andreas Jecklin","date":"16 Oktober, 2025","format":false,"excerpt":"Wer m\u00f6chte nicht so lange wie m\u00f6glich selbstst\u00e4ndig leben? Doch manchmal erfordern das zunehmende Alter oder eine Krankheit hier und da etwas Unterst\u00fctzung. Betreutes Wohnen oder Service-Wohnen verspricht ein privates und dabei behinderten- wie altersgerechtes Wohnumfeld gepaart mit n\u00fctzlichen Dienstleistungsangeboten. Definition: Was ist Betreutes Wohnen? Betreutes Wohnen und Service-Wohnen sind\u2026","rel":"","context":"In &quot;Hilfe f\u00fcr Angeh\u00f6rige&quot;","block_context":{"text":"Hilfe f\u00fcr Angeh\u00f6rige","link":"http:\/\/www.vitalibera.org\/community\/category\/hilfe-fuer-angehoerige\/"},"img":{"alt_text":"","src":"https:\/\/i0.wp.com\/www.vitalibera.org\/community\/wp-content\/uploads\/2025\/10\/betreuteswohnen.png?resize=350%2C200","width":350,"height":200},"classes":[]},{"id":8215,"url":"http:\/\/www.vitalibera.org\/community\/2026\/06\/24\/ein-klares-foul-fuer-meine-neurologische-rehabilitation-rehabilitation-vor-pflegeheim\/","url_meta":{"origin":4981,"position":4},"title":"Ein klares Foul f\u00fcr meine neurologische Rehabilitation &#8211; Rehabilitation vor Pflegeheim","author":"Andreas Jecklin","date":"24 Juni, 2026","format":false,"excerpt":"Die Entscheidung zwischen Pflegeheim und neurologischer Rehabilitation ist f\u00fcr Betroffene und Angeh\u00f6rige oft ein zentraler Wendepunkt im Genesungsprozess. W\u00e4hrend ein Pflegeheim vor allem auf die langfristige Versorgung und Unterst\u00fctzung im Alltag ausgerichtet ist, verfolgt die neurologische Rehabilitation ein anderes Ziel: die m\u00f6glichst weitgehende Wiederherstellung verloren gegangener F\u00e4higkeiten und die F\u00f6rderung\u2026","rel":"","context":"In &quot;Alltagsnavigation&quot;","block_context":{"text":"Alltagsnavigation","link":"http:\/\/www.vitalibera.org\/community\/category\/beitraege\/eingeschraenkt-im-alltag\/alltagsnavigation\/"},"img":{"alt_text":"","src":"https:\/\/i0.wp.com\/www.vitalibera.org\/community\/wp-content\/uploads\/2026\/06\/foul409.png?resize=350%2C200&ssl=1","width":350,"height":200},"classes":[]},{"id":5370,"url":"http:\/\/www.vitalibera.org\/community\/2026\/02\/02\/24-stunden-pflege-eine-alternative-zum-pflegeheim\/","url_meta":{"origin":4981,"position":5},"title":"24-Stunden-Pflege eine Alternative zum Pflegeheim","author":"Andreas Jecklin","date":"2 Februar, 2026","format":false,"excerpt":"Eine 24-Stunden-Pflege (besser: 24h-Betreuung\/Live-in) erm\u00f6glicht es Pflegebed\u00fcrftigen, trotz hoher Pflegebed\u00fcrftigkeit im eigenen Zuhause zu bleiben, was Stress durch Umz\u00fcge vermeidet. Betreuungskr\u00e4fte, meist aus Osteuropa, wohnen im Haushalt, \u00fcbernehmen Grundpflege und Hauswirtschaft. Sie ist oft eine bezahlbare Alternative zum Heim, erfordert aber die Einhaltung legaler Arbeitszeiten.\u00a0 Vorteile und Kernaspekte der 24h-Betreuung:\u2026","rel":"","context":"In &quot;Hilfe f\u00fcr Angeh\u00f6rige&quot;","block_context":{"text":"Hilfe f\u00fcr Angeh\u00f6rige","link":"http:\/\/www.vitalibera.org\/community\/category\/hilfe-fuer-angehoerige\/"},"img":{"alt_text":"","src":"","width":0,"height":0},"classes":[]}],"jetpack_featured_media_url":"http:\/\/www.vitalibera.org\/community\/wp-content\/uploads\/2026\/01\/jungepflege.jpg","_links":{"self":[{"href":"http:\/\/www.vitalibera.org\/community\/wp-json\/wp\/v2\/posts\/4981","targetHints":{"allow":["GET"]}}],"collection":[{"href":"http:\/\/www.vitalibera.org\/community\/wp-json\/wp\/v2\/posts"}],"about":[{"href":"http:\/\/www.vitalibera.org\/community\/wp-json\/wp\/v2\/types\/post"}],"author":[{"embeddable":true,"href":"http:\/\/www.vitalibera.org\/community\/wp-json\/wp\/v2\/users\/2"}],"replies":[{"embeddable":true,"href":"http:\/\/www.vitalibera.org\/community\/wp-json\/wp\/v2\/comments?post=4981"}],"version-history":[{"count":0,"href":"http:\/\/www.vitalibera.org\/community\/wp-json\/wp\/v2\/posts\/4981\/revisions"}],"wp:featuredmedia":[{"embeddable":true,"href":"http:\/\/www.vitalibera.org\/community\/wp-json\/wp\/v2\/media\/4982"}],"wp:attachment":[{"href":"http:\/\/www.vitalibera.org\/community\/wp-json\/wp\/v2\/media?parent=4981"}],"wp:term":[{"taxonomy":"category","embeddable":true,"href":"http:\/\/www.vitalibera.org\/community\/wp-json\/wp\/v2\/categories?post=4981"},{"taxonomy":"post_tag","embeddable":true,"href":"http:\/\/www.vitalibera.org\/community\/wp-json\/wp\/v2\/tags?post=4981"}],"curies":[{"name":"wp","href":"https:\/\/api.w.org\/{rel}","templated":true}]}}