{"id":5436,"date":"2026-02-07T14:05:23","date_gmt":"2026-02-07T13:05:23","guid":{"rendered":"https:\/\/www.vitalibera.org\/community\/?p=5436"},"modified":"2026-02-07T14:05:27","modified_gmt":"2026-02-07T13:05:27","slug":"mentale-staerke-nach-schlaganfall-aufbauen","status":"publish","type":"post","link":"http:\/\/www.vitalibera.org\/community\/2026\/02\/07\/mentale-staerke-nach-schlaganfall-aufbauen\/","title":{"rendered":"Mentale St\u00e4rke nach Schlaganfall aufbauen"},"content":{"rendered":"\n<p>Mentale St&auml;rke nach einem <a href=\"http:\/\/www.vitalibera.org\/community\/enzyklopaedie\/schlaganfall\/\" target=\"_self\" title=\"Ein Schlaganfall, auch Hirnschlag oder Apoplex genannt, ist eine&nbsp;pl&ouml;tzlich auftretende Durchblutungsst&ouml;rung im Gehirn, die dazu f&uuml;hrt, dass Gehirnzellen nicht mehr ausreichend mit Sauerstoff und N&auml;hrstoffen versorgt werden.&nbsp;Dies kann zu bleibenden Sch&auml;den oder sogar zum Absterben von Hirnzellen f&uuml;hren, wenn die Durchblutung nicht schnell wiederhergestellt wird.\" class=\"encyclopedia\">Schlaganfall<\/a> aufzubauen erfordert Geduld, da Depressionen (bei ca. 1\/3 der Betroffenen), &Auml;ngste, Antriebslosigkeit und Wesensver&auml;nderungen h&auml;ufige Folgen sind. Professionelle <a href=\"http:\/\/www.vitalibera.org\/community\/2026\/07\/28\/fremde-hilfe-in-der-oeffentlichkeit-bei-sturzsituation-mit-hemiplegie\/\"><font color=\"blue\"><img src=\"https:\/\/www.vitalibera.org\/community\/wp-content\/images\/link.png\" width=\"20\" height=\"20\"><u>Hilfe<\/u><\/font><\/a> durch Neurologen und Psychologen ist essenziell, um durch Therapien wie&nbsp;<a href=\"http:\/\/www.vitalibera.org\/community\/enzyklopaedie\/kognitive-verhaltenstherapie\/\" target=\"_self\" title=\"Die Kognitive Verhaltenstherapie (KVT) ist eine&nbsp;strukturierte, zielgerichtete Psychotherapie, die dysfunktionale Denk- und Verhaltensmuster identifiziert und ver&auml;ndert. Sie verbindet kognitive Techniken zur &Uuml;berpr&uuml;fung von Einstellungen mit verhaltensorientierten Methoden. KVT ist besonders wirksam bei Depressionen, Angst- und Zwangsst&ouml;rungen, wobei Patienten aktiv an der Bew&auml;ltigung arbeiten, oft durch Hausaufgaben. Grundprinzipien und Merkmale Grundannahme:&nbsp;Psychische Probleme entstehen oft durch erlernte,&hellip;\" class=\"encyclopedia\">kognitive Verhaltenstherapie<\/a>,&nbsp;Achtsamkeit&nbsp;oder&nbsp;Medikamente&nbsp;die psychische Gesundheit zu stabilisieren.&nbsp;<\/p>\n\n\n\n<p><strong>Wichtige Schritte zur mentalen St&auml;rkung:<\/strong><\/p>\n\n\n\n<ul class=\"wp-block-list\">\n<li><strong>Professionelle Hilfe suchen:<\/strong>&nbsp;Psychologische Unterst&uuml;tzung (z.B.&nbsp;Neuropsychologen, Psychologen, Psychotherapeuten) ist entscheidend, um Depressionen und Angstzust&auml;nde zu behandeln.<\/li>\n\n\n\n<li><strong>Aktiv in die <a href=\"http:\/\/www.vitalibera.org\/community\/2026\/07\/14\/orientierungslosigkeit-in-der-akutphase-nach-einer-hirnverletzung\/\"><font color=\"blue\"><img src=\"https:\/\/www.vitalibera.org\/community\/wp-content\/images\/link.png\" width=\"20\" height=\"20\"><u>Rehabilitation<\/u><\/font><\/a> einbringen:<\/strong>&nbsp;Eine positive Grundeinstellung f&ouml;rdert die Effektivit&auml;t der <a href=\"http:\/\/www.vitalibera.org\/community\/2026\/08\/31\/neue-therapieverfahren-in-der-fruehrehabilitation-wege-zurueck-ins-leben-nach-hirnverletzung\/\"><font color=\"blue\"><img src=\"https:\/\/www.vitalibera.org\/community\/wp-content\/images\/link.png\" width=\"20\" height=\"20\"><u>Therapie<\/u><\/font><\/a>, wobei &uuml;ber Stimmungstiefs offen gesprochen werden sollte.<\/li>\n\n\n\n<li><strong>Kognitive F&auml;higkeiten f&ouml;rdern:<\/strong>&nbsp;Gegen Konzentrations- und Ged&auml;chtnisst&ouml;rungen helfen gezieltes <a href=\"http:\/\/www.vitalibera.org\/community\/2026\/08\/18\/betroffene-hand-und-finger-aktivieren-eigentherapie-bei-spastik-und-fauststellung\/\"><font color=\"blue\"><img src=\"https:\/\/www.vitalibera.org\/community\/wp-content\/images\/link.png\" width=\"20\" height=\"20\"><u>Training<\/u><\/font><\/a> und Ged&auml;chtnisstrategien.<\/li>\n\n\n\n<li><strong>Ruhephasen einplanen:<\/strong>&nbsp;Das Gehirn arbeitet nach dem <a href=\"http:\/\/www.vitalibera.org\/community\/enzyklopaedie\/schlaganfall\/\" target=\"_self\" title=\"Ein Schlaganfall, auch Hirnschlag oder Apoplex genannt, ist eine&nbsp;pl&ouml;tzlich auftretende Durchblutungsst&ouml;rung im Gehirn, die dazu f&uuml;hrt, dass Gehirnzellen nicht mehr ausreichend mit Sauerstoff und N&auml;hrstoffen versorgt werden.&nbsp;Dies kann zu bleibenden Sch&auml;den oder sogar zum Absterben von Hirnzellen f&uuml;hren, wenn die Durchblutung nicht schnell wiederhergestellt wird.\" class=\"encyclopedia\">Schlaganfall<\/a> h&auml;rter, was zu schneller Ersch&ouml;pfung (Post Stroke <a href=\"http:\/\/www.vitalibera.org\/community\/enzyklopaedie\/fatigue\/\" target=\"_self\" title=\"Fatigue (anhaltende Ersch&ouml;pfung) ist ein tiefgreifender, k&ouml;rperlicher und geistiger Ersch&ouml;pfungszustand. Im Gegensatz zu normaler M&uuml;digkeit bessert er sich durch Schlaf oder Ruhepausen nicht. Sie tritt h&auml;ufig als Begleitsymptom bei chronischen Erkrankungen (z. B. Gehirnverletzungen, MS oder Long-Covid) auf. Hier finden Sie eine &Uuml;bersicht &uuml;ber den Zustand: Fatigue vs. normale M&uuml;digkeit Normale M&uuml;digkeit: Tritt nach Anstrengung&hellip;\" class=\"encyclopedia\">Fatigue<\/a>) f&uuml;hren kann, weshalb Pausen essenziell sind.<\/li>\n\n\n\n<li><strong>Angeh&ouml;rige einbeziehen:<\/strong>&nbsp;Unterst&uuml;tzung aus dem sozialen Umfeld hilft, mit Pers&ouml;nlichkeitsver&auml;nderungen umzugehen.&nbsp;<\/li>\n<\/ul>\n\n\n\n<p>Der Prozess der mentalen Bew&auml;ltigung ist oft langwierig, aber viele Pers&ouml;nlichkeitsver&auml;nderungen und psychische Tiefs k&ouml;nnen durch die richtige Unterst&uuml;tzung &uuml;berwunden werden.&nbsp;<\/p>\n\n\n\n<p><\/p>\n","protected":false},"excerpt":{"rendered":"<p>Mentale St\u00e4rke nach einem Schlaganfall aufzubauen erfordert Geduld, da Depressionen (bei ca. 1\/3 der Betroffenen), \u00c4ngste, Antriebslosigkeit und Wesensver\u00e4nderungen h\u00e4ufige Folgen sind. Professionelle Hilfe durch Neurologen und Psychologen ist essenziell, um durch Therapien wie\u00a0kognitive Verhaltenstherapie,\u00a0Achtsamkeit\u00a0oder\u00a0Medikamente\u00a0die psychische Gesundheit zu stabilisieren.\u00a0 Wichtige Schritte zur mentalen St\u00e4rkung: Der Prozess der mentalen Bew\u00e4ltigung ist oft langwierig, aber viele Pers\u00f6nlichkeitsver\u00e4nderungen &#8230; <a title=\"Mentale St\u00e4rke nach Schlaganfall aufbauen\" class=\"read-more\" href=\"http:\/\/www.vitalibera.org\/community\/2026\/02\/07\/mentale-staerke-nach-schlaganfall-aufbauen\/\" aria-label=\"Mehr Informationen \u00fcber Mentale St\u00e4rke nach Schlaganfall aufbauen\">Weiterlesen<\/a><\/p>\n","protected":false},"author":2,"featured_media":5437,"comment_status":"closed","ping_status":"open","sticky":false,"template":"","format":"standard","meta":{"cybocfi_hide_featured_image":"yes","_jetpack_newsletter_access":"","_jetpack_dont_email_post_to_subs":false,"_jetpack_newsletter_tier_id":0,"_jetpack_memberships_contains_paywalled_content":false,"_jetpack_feature_clip_id":0,"_jetpack_memberships_contains_paid_content":false,"footnotes":"","jetpack_publicize_message":"","jetpack_publicize_feature_enabled":true,"jetpack_social_post_already_shared":false,"jetpack_social_options":{"image_generator_settings":{"template":"highway","default_image_id":0,"font":"","enabled":false},"version":2},"jetpack_post_was_ever_published":false},"categories":[159],"tags":[],"class_list":["post-5436","post","type-post","status-publish","format-standard","has-post-thumbnail","hentry","category-fachwissen"],"yoast_head":"<!-- This site is optimized with the Yoast SEO plugin v28.2 - https:\/\/yoast.com\/product\/yoast-seo-wordpress\/ -->\r\n<title>Mentale St\u00e4rke nach Schlaganfall aufbauen - vitalibera.org<\/title>\r\n<meta name=\"robots\" content=\"index, follow, max-snippet:-1, max-image-preview:large, max-video-preview:-1\" \/>\r\n<link rel=\"canonical\" href=\"https:\/\/www.vitalibera.org\/community\/2026\/02\/07\/mentale-staerke-nach-schlaganfall-aufbauen\/\" \/>\r\n<meta property=\"og:locale\" content=\"de_DE\" \/>\r\n<meta property=\"og:type\" content=\"article\" \/>\r\n<meta property=\"og:title\" content=\"Mentale St\u00e4rke nach Schlaganfall aufbauen - vitalibera.org\" \/>\r\n<meta property=\"og:description\" content=\"Mentale St\u00e4rke nach einem Schlaganfall aufzubauen erfordert Geduld, da Depressionen (bei ca. 1\/3 der Betroffenen), \u00c4ngste, Antriebslosigkeit und Wesensver\u00e4nderungen h\u00e4ufige Folgen sind. Professionelle Hilfe durch Neurologen und Psychologen ist essenziell, um durch Therapien wie\u00a0kognitive Verhaltenstherapie,\u00a0Achtsamkeit\u00a0oder\u00a0Medikamente\u00a0die psychische Gesundheit zu stabilisieren.\u00a0 Wichtige Schritte zur mentalen St\u00e4rkung: Der Prozess der mentalen Bew\u00e4ltigung ist oft langwierig, aber viele Pers\u00f6nlichkeitsver\u00e4nderungen ... Weiterlesen\" \/>\r\n<meta property=\"og:url\" content=\"https:\/\/www.vitalibera.org\/community\/2026\/02\/07\/mentale-staerke-nach-schlaganfall-aufbauen\/\" \/>\r\n<meta property=\"og:site_name\" content=\"vitalibera.org\" \/>\r\n<meta property=\"article:publisher\" content=\"https:\/\/www.facebook.com\/groups\/2997085857140235\" \/>\r\n<meta property=\"article:published_time\" content=\"2026-02-07T13:05:23+00:00\" \/>\r\n<meta property=\"article:modified_time\" content=\"2026-02-07T13:05:27+00:00\" \/>\r\n<meta property=\"og:image\" content=\"https:\/\/www.vitalibera.org\/community\/wp-content\/uploads\/2026\/02\/7d9e2e_069bc9d7f6b24a798e253a0988a9db1dmv2.png\" \/>\r\n\t<meta property=\"og:image:width\" content=\"500\" \/>\r\n\t<meta property=\"og:image:height\" content=\"500\" \/>\r\n\t<meta property=\"og:image:type\" content=\"image\/png\" \/>\r\n<meta name=\"author\" content=\"Andreas Jecklin\" \/>\r\n<meta name=\"twitter:card\" content=\"summary_large_image\" \/>\r\n<meta name=\"twitter:label1\" content=\"Verfasst von\" \/>\n\t<meta name=\"twitter:data1\" content=\"Andreas Jecklin\" \/>\n\t<meta name=\"twitter:label2\" content=\"Gesch\u00e4tzte Lesezeit\" \/>\n\t<meta name=\"twitter:data2\" content=\"2\u00a0Minuten\" \/>\r\n<script type=\"application\/ld+json\" class=\"yoast-schema-graph\">{\"@context\":\"https:\\\/\\\/schema.org\",\"@graph\":[{\"@type\":\"Article\",\"@id\":\"https:\\\/\\\/www.vitalibera.org\\\/community\\\/2026\\\/02\\\/07\\\/mentale-staerke-nach-schlaganfall-aufbauen\\\/#article\",\"isPartOf\":{\"@id\":\"https:\\\/\\\/www.vitalibera.org\\\/community\\\/2026\\\/02\\\/07\\\/mentale-staerke-nach-schlaganfall-aufbauen\\\/\"},\"author\":{\"name\":\"Andreas Jecklin\",\"@id\":\"https:\\\/\\\/www.vitalibera.org\\\/community\\\/#\\\/schema\\\/person\\\/6712387298421f222ff6d0a2e22c1534\"},\"headline\":\"Mentale St\u00e4rke nach Schlaganfall aufbauen\",\"datePublished\":\"2026-02-07T13:05:23+00:00\",\"dateModified\":\"2026-02-07T13:05:27+00:00\",\"mainEntityOfPage\":{\"@id\":\"https:\\\/\\\/www.vitalibera.org\\\/community\\\/2026\\\/02\\\/07\\\/mentale-staerke-nach-schlaganfall-aufbauen\\\/\"},\"wordCount\":184,\"publisher\":{\"@id\":\"https:\\\/\\\/www.vitalibera.org\\\/community\\\/#organization\"},\"image\":{\"@id\":\"https:\\\/\\\/www.vitalibera.org\\\/community\\\/2026\\\/02\\\/07\\\/mentale-staerke-nach-schlaganfall-aufbauen\\\/#primaryimage\"},\"thumbnailUrl\":\"http:\\\/\\\/www.vitalibera.org\\\/community\\\/wp-content\\\/uploads\\\/2026\\\/02\\\/7d9e2e_069bc9d7f6b24a798e253a0988a9db1dmv2.png\",\"articleSection\":[\"Fachwissen\"],\"inLanguage\":\"de\"},{\"@type\":\"WebPage\",\"@id\":\"https:\\\/\\\/www.vitalibera.org\\\/community\\\/2026\\\/02\\\/07\\\/mentale-staerke-nach-schlaganfall-aufbauen\\\/\",\"url\":\"https:\\\/\\\/www.vitalibera.org\\\/community\\\/2026\\\/02\\\/07\\\/mentale-staerke-nach-schlaganfall-aufbauen\\\/\",\"name\":\"Mentale St\u00e4rke nach Schlaganfall aufbauen - vitalibera.org\",\"isPartOf\":{\"@id\":\"https:\\\/\\\/www.vitalibera.org\\\/community\\\/#website\"},\"primaryImageOfPage\":{\"@id\":\"https:\\\/\\\/www.vitalibera.org\\\/community\\\/2026\\\/02\\\/07\\\/mentale-staerke-nach-schlaganfall-aufbauen\\\/#primaryimage\"},\"image\":{\"@id\":\"https:\\\/\\\/www.vitalibera.org\\\/community\\\/2026\\\/02\\\/07\\\/mentale-staerke-nach-schlaganfall-aufbauen\\\/#primaryimage\"},\"thumbnailUrl\":\"http:\\\/\\\/www.vitalibera.org\\\/community\\\/wp-content\\\/uploads\\\/2026\\\/02\\\/7d9e2e_069bc9d7f6b24a798e253a0988a9db1dmv2.png\",\"datePublished\":\"2026-02-07T13:05:23+00:00\",\"dateModified\":\"2026-02-07T13:05:27+00:00\",\"breadcrumb\":{\"@id\":\"https:\\\/\\\/www.vitalibera.org\\\/community\\\/2026\\\/02\\\/07\\\/mentale-staerke-nach-schlaganfall-aufbauen\\\/#breadcrumb\"},\"inLanguage\":\"de\",\"potentialAction\":[{\"@type\":\"ReadAction\",\"target\":[\"https:\\\/\\\/www.vitalibera.org\\\/community\\\/2026\\\/02\\\/07\\\/mentale-staerke-nach-schlaganfall-aufbauen\\\/\"]}]},{\"@type\":\"BreadcrumbList\",\"@id\":\"https:\\\/\\\/www.vitalibera.org\\\/community\\\/2026\\\/02\\\/07\\\/mentale-staerke-nach-schlaganfall-aufbauen\\\/#breadcrumb\",\"itemListElement\":[{\"@type\":\"ListItem\",\"position\":1,\"name\":\"Startseite\",\"item\":\"https:\\\/\\\/www.vitalibera.org\\\/community\\\/\"},{\"@type\":\"ListItem\",\"position\":2,\"name\":\"Mentale St\u00e4rke nach Schlaganfall aufbauen\"}]},{\"@type\":\"WebSite\",\"@id\":\"https:\\\/\\\/www.vitalibera.org\\\/community\\\/#website\",\"url\":\"https:\\\/\\\/www.vitalibera.org\\\/community\\\/\",\"name\":\"vitalibera.org\",\"description\":\"Mit einer Einschr&auml;nkung gestaltet sich das Leben im Alltag oft schwieriger - hier berichten wir &uuml;ber unsere Erfahrungen und Hilfsmittel um den Alltag so unbeschwert und unkompliziert wie nur m&ouml;glich geniessen zu k&ouml;nnen. Dabei richten wir unseren Fokus gezielt auf Selbst&auml;ndigkeit, Eigenst&auml;ndigkeit und Selbstbestimmung.\",\"publisher\":{\"@id\":\"https:\\\/\\\/www.vitalibera.org\\\/community\\\/#organization\"},\"potentialAction\":[{\"@type\":\"SearchAction\",\"target\":{\"@type\":\"EntryPoint\",\"urlTemplate\":\"https:\\\/\\\/www.vitalibera.org\\\/community\\\/?s={search_term_string}\"},\"query-input\":{\"@type\":\"PropertyValueSpecification\",\"valueRequired\":true,\"valueName\":\"search_term_string\"}}],\"inLanguage\":\"de\"},{\"@type\":\"Organization\",\"@id\":\"https:\\\/\\\/www.vitalibera.org\\\/community\\\/#organization\",\"name\":\"vitalibera.org\",\"url\":\"https:\\\/\\\/www.vitalibera.org\\\/community\\\/\",\"logo\":{\"@type\":\"ImageObject\",\"inLanguage\":\"de\",\"@id\":\"https:\\\/\\\/www.vitalibera.org\\\/community\\\/#\\\/schema\\\/logo\\\/image\\\/\",\"url\":\"http:\\\/\\\/www.vitalibera.org\\\/community\\\/wp-content\\\/uploads\\\/2025\\\/09\\\/cropped-banner.png\",\"contentUrl\":\"http:\\\/\\\/www.vitalibera.org\\\/community\\\/wp-content\\\/uploads\\\/2025\\\/09\\\/cropped-banner.png\",\"width\":991,\"height\":150,\"caption\":\"vitalibera.org\"},\"image\":{\"@id\":\"https:\\\/\\\/www.vitalibera.org\\\/community\\\/#\\\/schema\\\/logo\\\/image\\\/\"},\"sameAs\":[\"https:\\\/\\\/www.facebook.com\\\/groups\\\/2997085857140235\"]},{\"@type\":\"Person\",\"@id\":\"https:\\\/\\\/www.vitalibera.org\\\/community\\\/#\\\/schema\\\/person\\\/6712387298421f222ff6d0a2e22c1534\",\"name\":\"Andreas Jecklin\",\"image\":{\"@type\":\"ImageObject\",\"inLanguage\":\"de\",\"@id\":\"http:\\\/\\\/0.gravatar.com\\\/avatar\\\/ad516503a11cd5ca435acc9bb6523536?s=96\",\"url\":\"http:\\\/\\\/0.gravatar.com\\\/avatar\\\/ad516503a11cd5ca435acc9bb6523536?s=96\",\"contentUrl\":\"http:\\\/\\\/0.gravatar.com\\\/avatar\\\/ad516503a11cd5ca435acc9bb6523536?s=96\",\"caption\":\"Andreas Jecklin\"},\"description\":\"Manchen gab Gott die Kraft Dinge zu ver\u00e4ndern, mir gab er die Kraft zu ertragen was nicht mehr zu \u00e4ndern ist.\",\"url\":\"http:\\\/\\\/www.vitalibera.org\\\/community\\\/author\\\/andy77\\\/\"}]}<\/script>\r\n<!-- \/ Yoast SEO plugin. -->","yoast_head_json":{"title":"Mentale St\u00e4rke nach Schlaganfall aufbauen - vitalibera.org","robots":{"index":"index","follow":"follow","max-snippet":"max-snippet:-1","max-image-preview":"max-image-preview:large","max-video-preview":"max-video-preview:-1"},"canonical":"https:\/\/www.vitalibera.org\/community\/2026\/02\/07\/mentale-staerke-nach-schlaganfall-aufbauen\/","og_locale":"de_DE","og_type":"article","og_title":"Mentale St\u00e4rke nach Schlaganfall aufbauen - vitalibera.org","og_description":"Mentale St\u00e4rke nach einem Schlaganfall aufzubauen erfordert Geduld, da Depressionen (bei ca. 1\/3 der Betroffenen), \u00c4ngste, Antriebslosigkeit und Wesensver\u00e4nderungen h\u00e4ufige Folgen sind. Professionelle Hilfe durch Neurologen und Psychologen ist essenziell, um durch Therapien wie\u00a0kognitive Verhaltenstherapie,\u00a0Achtsamkeit\u00a0oder\u00a0Medikamente\u00a0die psychische Gesundheit zu stabilisieren.\u00a0 Wichtige Schritte zur mentalen St\u00e4rkung: Der Prozess der mentalen Bew\u00e4ltigung ist oft langwierig, aber viele Pers\u00f6nlichkeitsver\u00e4nderungen ... Weiterlesen","og_url":"https:\/\/www.vitalibera.org\/community\/2026\/02\/07\/mentale-staerke-nach-schlaganfall-aufbauen\/","og_site_name":"vitalibera.org","article_publisher":"https:\/\/www.facebook.com\/groups\/2997085857140235","article_published_time":"2026-02-07T13:05:23+00:00","article_modified_time":"2026-02-07T13:05:27+00:00","og_image":[{"width":500,"height":500,"url":"https:\/\/www.vitalibera.org\/community\/wp-content\/uploads\/2026\/02\/7d9e2e_069bc9d7f6b24a798e253a0988a9db1dmv2.png","type":"image\/png"}],"author":"Andreas Jecklin","twitter_card":"summary_large_image","twitter_misc":{"Verfasst von":"Andreas Jecklin","Gesch\u00e4tzte Lesezeit":"2\u00a0Minuten"},"schema":{"@context":"https:\/\/schema.org","@graph":[{"@type":"Article","@id":"https:\/\/www.vitalibera.org\/community\/2026\/02\/07\/mentale-staerke-nach-schlaganfall-aufbauen\/#article","isPartOf":{"@id":"https:\/\/www.vitalibera.org\/community\/2026\/02\/07\/mentale-staerke-nach-schlaganfall-aufbauen\/"},"author":{"name":"Andreas Jecklin","@id":"https:\/\/www.vitalibera.org\/community\/#\/schema\/person\/6712387298421f222ff6d0a2e22c1534"},"headline":"Mentale St\u00e4rke nach Schlaganfall aufbauen","datePublished":"2026-02-07T13:05:23+00:00","dateModified":"2026-02-07T13:05:27+00:00","mainEntityOfPage":{"@id":"https:\/\/www.vitalibera.org\/community\/2026\/02\/07\/mentale-staerke-nach-schlaganfall-aufbauen\/"},"wordCount":184,"publisher":{"@id":"https:\/\/www.vitalibera.org\/community\/#organization"},"image":{"@id":"https:\/\/www.vitalibera.org\/community\/2026\/02\/07\/mentale-staerke-nach-schlaganfall-aufbauen\/#primaryimage"},"thumbnailUrl":"http:\/\/www.vitalibera.org\/community\/wp-content\/uploads\/2026\/02\/7d9e2e_069bc9d7f6b24a798e253a0988a9db1dmv2.png","articleSection":["Fachwissen"],"inLanguage":"de"},{"@type":"WebPage","@id":"https:\/\/www.vitalibera.org\/community\/2026\/02\/07\/mentale-staerke-nach-schlaganfall-aufbauen\/","url":"https:\/\/www.vitalibera.org\/community\/2026\/02\/07\/mentale-staerke-nach-schlaganfall-aufbauen\/","name":"Mentale St\u00e4rke nach Schlaganfall aufbauen - vitalibera.org","isPartOf":{"@id":"https:\/\/www.vitalibera.org\/community\/#website"},"primaryImageOfPage":{"@id":"https:\/\/www.vitalibera.org\/community\/2026\/02\/07\/mentale-staerke-nach-schlaganfall-aufbauen\/#primaryimage"},"image":{"@id":"https:\/\/www.vitalibera.org\/community\/2026\/02\/07\/mentale-staerke-nach-schlaganfall-aufbauen\/#primaryimage"},"thumbnailUrl":"http:\/\/www.vitalibera.org\/community\/wp-content\/uploads\/2026\/02\/7d9e2e_069bc9d7f6b24a798e253a0988a9db1dmv2.png","datePublished":"2026-02-07T13:05:23+00:00","dateModified":"2026-02-07T13:05:27+00:00","breadcrumb":{"@id":"https:\/\/www.vitalibera.org\/community\/2026\/02\/07\/mentale-staerke-nach-schlaganfall-aufbauen\/#breadcrumb"},"inLanguage":"de","potentialAction":[{"@type":"ReadAction","target":["https:\/\/www.vitalibera.org\/community\/2026\/02\/07\/mentale-staerke-nach-schlaganfall-aufbauen\/"]}]},{"@type":"BreadcrumbList","@id":"https:\/\/www.vitalibera.org\/community\/2026\/02\/07\/mentale-staerke-nach-schlaganfall-aufbauen\/#breadcrumb","itemListElement":[{"@type":"ListItem","position":1,"name":"Startseite","item":"https:\/\/www.vitalibera.org\/community\/"},{"@type":"ListItem","position":2,"name":"Mentale St\u00e4rke nach Schlaganfall aufbauen"}]},{"@type":"WebSite","@id":"https:\/\/www.vitalibera.org\/community\/#website","url":"https:\/\/www.vitalibera.org\/community\/","name":"vitalibera.org","description":"Mit einer Einschr&auml;nkung gestaltet sich das Leben im Alltag oft schwieriger - hier berichten wir &uuml;ber unsere Erfahrungen und Hilfsmittel um den Alltag so unbeschwert und unkompliziert wie nur m&ouml;glich geniessen zu k&ouml;nnen. Dabei richten wir unseren Fokus gezielt auf Selbst&auml;ndigkeit, Eigenst&auml;ndigkeit und Selbstbestimmung.","publisher":{"@id":"https:\/\/www.vitalibera.org\/community\/#organization"},"potentialAction":[{"@type":"SearchAction","target":{"@type":"EntryPoint","urlTemplate":"https:\/\/www.vitalibera.org\/community\/?s={search_term_string}"},"query-input":{"@type":"PropertyValueSpecification","valueRequired":true,"valueName":"search_term_string"}}],"inLanguage":"de"},{"@type":"Organization","@id":"https:\/\/www.vitalibera.org\/community\/#organization","name":"vitalibera.org","url":"https:\/\/www.vitalibera.org\/community\/","logo":{"@type":"ImageObject","inLanguage":"de","@id":"https:\/\/www.vitalibera.org\/community\/#\/schema\/logo\/image\/","url":"http:\/\/www.vitalibera.org\/community\/wp-content\/uploads\/2025\/09\/cropped-banner.png","contentUrl":"http:\/\/www.vitalibera.org\/community\/wp-content\/uploads\/2025\/09\/cropped-banner.png","width":991,"height":150,"caption":"vitalibera.org"},"image":{"@id":"https:\/\/www.vitalibera.org\/community\/#\/schema\/logo\/image\/"},"sameAs":["https:\/\/www.facebook.com\/groups\/2997085857140235"]},{"@type":"Person","@id":"https:\/\/www.vitalibera.org\/community\/#\/schema\/person\/6712387298421f222ff6d0a2e22c1534","name":"Andreas Jecklin","image":{"@type":"ImageObject","inLanguage":"de","@id":"http:\/\/0.gravatar.com\/avatar\/ad516503a11cd5ca435acc9bb6523536?s=96","url":"http:\/\/0.gravatar.com\/avatar\/ad516503a11cd5ca435acc9bb6523536?s=96","contentUrl":"http:\/\/0.gravatar.com\/avatar\/ad516503a11cd5ca435acc9bb6523536?s=96","caption":"Andreas Jecklin"},"description":"Manchen gab Gott die Kraft Dinge zu ver\u00e4ndern, mir gab er die Kraft zu ertragen was nicht mehr zu \u00e4ndern ist.","url":"http:\/\/www.vitalibera.org\/community\/author\/andy77\/"}]}},"jetpack_publicize_connections":[],"jetpack_sharing_enabled":true,"jetpack-related-posts":[{"id":2663,"url":"http:\/\/www.vitalibera.org\/community\/2025\/10\/05\/post-stroke-depression-psd\/","url_meta":{"origin":5436,"position":0},"title":"Post-Stroke-Depression (PSD)","author":"admin","date":"5 Oktober, 2025","format":false,"excerpt":"Eine Post-Stroke-Depression (PSD), oder\u00a0Depression nach Schlaganfall, ist eine h\u00e4ufige Folge eines Schlaganfalls, die sowohl biologische als auch psychologische Ursachen haben kann.\u00a0Sch\u00e4tzungsweise trifft sie jeden dritten Schlaganfall-Patienten und \u00e4u\u00dfert sich in Symptomen wie Interessen- und Freudlosigkeit, Antriebsminderung und Aufmerksamkeitsst\u00f6rungen.\u00a0Da die PSD den Rehabilitationsprozess negativ beeinflussen und die Lebensqualit\u00e4t stark einschr\u00e4nken kann,\u2026","rel":"","context":"In &quot;Fachwissen&quot;","block_context":{"text":"Fachwissen","link":"http:\/\/www.vitalibera.org\/community\/category\/beitraege\/fachwissen\/"},"img":{"alt_text":"","src":"https:\/\/i0.wp.com\/www.vitalibera.org\/community\/wp-content\/uploads\/2025\/10\/psd.jpg?resize=350%2C200","width":350,"height":200,"srcset":"https:\/\/i0.wp.com\/www.vitalibera.org\/community\/wp-content\/uploads\/2025\/10\/psd.jpg?resize=350%2C200 1x, https:\/\/i0.wp.com\/www.vitalibera.org\/community\/wp-content\/uploads\/2025\/10\/psd.jpg?resize=525%2C300 1.5x, https:\/\/i0.wp.com\/www.vitalibera.org\/community\/wp-content\/uploads\/2025\/10\/psd.jpg?resize=700%2C400 2x"},"classes":[]},{"id":5927,"url":"http:\/\/www.vitalibera.org\/community\/2026\/03\/06\/das-leben-nach-einem-schlaganfall-zurueck-zu-erkaempfen\/","url_meta":{"origin":5436,"position":1},"title":"Das Leben nach einem Schlaganfall zur\u00fcck erk\u00e4mpfen","author":"admin","date":"6 M\u00e4rz, 2026","format":false,"excerpt":"Das Leben nach einem Schlaganfall zur\u00fcckzuk\u00e4mpfen erfordert enorme Geduld, Motivation und eine intensive, meist langj\u00e4hrige Rehabilitation (Physio-, Ergo-, Logop\u00e4die). Dank der Plastizit\u00e4t des Gehirns sind Fortschritte oft auch Jahre sp\u00e4ter noch m\u00f6glich. Wichtig sind das Setzen kleiner Ziele, der R\u00fcckhalt durch Familie\/Selbsthilfegruppen und die Arbeit an der Selbstst\u00e4ndigkeit.\u00a0 Schl\u00fcsselaspekte f\u00fcr\u2026","rel":"","context":"In &quot;Fachwissen&quot;","block_context":{"text":"Fachwissen","link":"http:\/\/www.vitalibera.org\/community\/category\/beitraege\/fachwissen\/"},"img":{"alt_text":"","src":"https:\/\/i0.wp.com\/www.vitalibera.org\/community\/wp-content\/uploads\/2026\/03\/phoenixthump.png?resize=350%2C200","width":350,"height":200,"srcset":"https:\/\/i0.wp.com\/www.vitalibera.org\/community\/wp-content\/uploads\/2026\/03\/phoenixthump.png?resize=350%2C200 1x, https:\/\/i0.wp.com\/www.vitalibera.org\/community\/wp-content\/uploads\/2026\/03\/phoenixthump.png?resize=525%2C300 1.5x"},"classes":[]},{"id":5234,"url":"http:\/\/www.vitalibera.org\/community\/2026\/01\/20\/selbstueberschaetzung-nach-schlaganfall\/","url_meta":{"origin":5436,"position":2},"title":"Selbst\u00fcbersch\u00e4tzung\u00a0nach Schlaganfall","author":"Andreas Jecklin","date":"20 Januar, 2026","format":false,"excerpt":"Selbst\u00fcbersch\u00e4tzung\u00a0nach einem Schlaganfall\u00a0kann ein Symptom von Pers\u00f6nlichkeits- und Verhaltens\u00e4nderungen sein, oft verbunden mit dem sogenannten\u00a0Neglect\u00a0(Vernachl\u00e4ssigung einer K\u00f6rperh\u00e4lfte) oder anderen neuropsychologischen St\u00f6rungen, die die Selbsteinsch\u00e4tzung beeintr\u00e4chtigen. Patienten nehmen ihre Einschr\u00e4nkungen manchmal nicht wahr oder \u00fcbersch\u00e4tzen ihre F\u00e4higkeiten (\u00e4hnlich dem\u00a0Dunning-Kruger-Effekt), was zu Verwirrung bei Angeh\u00f6rigen f\u00fchrt. Wichtig ist geduldiges Gespr\u00e4ch, das Erkennen\u2026","rel":"","context":"In &quot;Fachwissen&quot;","block_context":{"text":"Fachwissen","link":"http:\/\/www.vitalibera.org\/community\/category\/beitraege\/fachwissen\/"},"img":{"alt_text":"","src":"https:\/\/i0.wp.com\/www.vitalibera.org\/community\/wp-content\/uploads\/2026\/01\/selbstueberschaetzung.png?resize=350%2C200","width":350,"height":200},"classes":[]},{"id":6077,"url":"http:\/\/www.vitalibera.org\/community\/2026\/03\/13\/sensibilitaet-nach-einem-schlaganfall\/","url_meta":{"origin":5436,"position":3},"title":"Sensibilit\u00e4t nach einem Schlaganfall","author":"Andreas Jecklin","date":"13 M\u00e4rz, 2026","format":false,"excerpt":"Sensibilit\u00e4t (emotional oder k\u00f6rperlich) nach einem Schlaganfall ist h\u00e4ufig und\u00a0umfasst Wesensver\u00e4nderungen (Reizbarkeit, Trauer, Enthemmung), Affektinkontinenz (unwillk\u00fcrliches Lachen\/Weinen) sowie k\u00f6rperliche Empfindungsst\u00f6rungen (Kribbeln, Brennen, Taubheit, Schmerzen). Ursachen sind hirnorganische Sch\u00e4den, biochemische Ver\u00e4nderungen oder die psychische Krankheitsverarbeitung.\u00a0 H\u00e4ufige emotionale und k\u00f6rperliche Ver\u00e4nderungen: Emotionale Instabilit\u00e4t:\u00a0Betroffene wirken oft sensibler, d\u00fcnnh\u00e4utiger oder zeigen pl\u00f6tzliche Stimmungsschwankungen. Pers\u00f6nlichkeitsver\u00e4nderungen:\u00a0Dies\u2026","rel":"","context":"In &quot;Fachwissen&quot;","block_context":{"text":"Fachwissen","link":"http:\/\/www.vitalibera.org\/community\/category\/beitraege\/fachwissen\/"},"img":{"alt_text":"","src":"https:\/\/i0.wp.com\/www.vitalibera.org\/community\/wp-content\/uploads\/2026\/03\/sensibel.png?resize=350%2C200","width":350,"height":200,"srcset":"https:\/\/i0.wp.com\/www.vitalibera.org\/community\/wp-content\/uploads\/2026\/03\/sensibel.png?resize=350%2C200 1x, https:\/\/i0.wp.com\/www.vitalibera.org\/community\/wp-content\/uploads\/2026\/03\/sensibel.png?resize=525%2C300 1.5x"},"classes":[]},{"id":2300,"url":"http:\/\/www.vitalibera.org\/community\/2025\/09\/26\/kynotherapie-hundetherapie\/","url_meta":{"origin":5436,"position":4},"title":"Kynotherapie \u2013 Hundetherapie","author":"admin","date":"26 September, 2025","format":false,"excerpt":"Die Kynotherapie, auch Tiermediation oder \u00abhundegest\u00fctzte\u00bb\u00a0Therapie genannt, ist ein Zweig der Tiertherapie, bei dem ein sogenannter \u00abTherapiehund\u00bb\u00a0oder \u00abMediator\u00bb\u00a0zur Therapie von Patienten eingesetzt wird.\u00a0 Durchgef\u00fchrt wird diese Therapie in Anwesenheit eines ausgebildeten Therapeuten, der eine Beziehung zwischen Hund und Patient aufbaut. Eingesetzt wird die Kynotherapie erg\u00e4nzend zu herk\u00f6mmlichen Therapien. An wen\u00a0richtet\u2026","rel":"","context":"In &quot;Therapien&quot;","block_context":{"text":"Therapien","link":"http:\/\/www.vitalibera.org\/community\/category\/beitraege\/fachwissen\/therapien\/"},"img":{"alt_text":"","src":"https:\/\/i0.wp.com\/www.vitalibera.org\/community\/wp-content\/uploads\/2025\/09\/hundetherapie1.png?resize=350%2C200","width":350,"height":200,"srcset":"https:\/\/i0.wp.com\/www.vitalibera.org\/community\/wp-content\/uploads\/2025\/09\/hundetherapie1.png?resize=350%2C200 1x, https:\/\/i0.wp.com\/www.vitalibera.org\/community\/wp-content\/uploads\/2025\/09\/hundetherapie1.png?resize=525%2C300 1.5x, https:\/\/i0.wp.com\/www.vitalibera.org\/community\/wp-content\/uploads\/2025\/09\/hundetherapie1.png?resize=700%2C400 2x"},"classes":[]},{"id":5863,"url":"http:\/\/www.vitalibera.org\/community\/2026\/03\/01\/behandlung-einer-post-stroke-depression-psd\/","url_meta":{"origin":5436,"position":5},"title":"Behandlung einer Post-Stroke-Depression (PSD)","author":"Andreas Jecklin","date":"1 M\u00e4rz, 2026","format":false,"excerpt":"Die Behandlung einer Post-Stroke-Depression (PSD) erfordert meist eine Kombination aus medikament\u00f6ser Therapie (vor allem SSRI-Antidepressiva) und psychologischer Betreuung (z.B. Verhaltenstherapie), um die Stimmung zu stabilisieren und die Rehabilitation zu unterst\u00fctzen. Fr\u00fche Diagnose, Einbezug von Angeh\u00f6rigen, geduldige Aktivierung im Alltag und neuropsychologische Unterst\u00fctzung sind entscheidend.\u00a0 Hier sind die wichtigsten Ma\u00dfnahmen im\u2026","rel":"","context":"In &quot;Academy&quot;","block_context":{"text":"Academy","link":"http:\/\/www.vitalibera.org\/community\/category\/academy\/"},"img":{"alt_text":"","src":"https:\/\/i0.wp.com\/www.vitalibera.org\/community\/wp-content\/uploads\/2026\/03\/depression.png?resize=350%2C200","width":350,"height":200},"classes":[]}],"jetpack_featured_media_url":"http:\/\/www.vitalibera.org\/community\/wp-content\/uploads\/2026\/02\/7d9e2e_069bc9d7f6b24a798e253a0988a9db1dmv2.png","_links":{"self":[{"href":"http:\/\/www.vitalibera.org\/community\/wp-json\/wp\/v2\/posts\/5436","targetHints":{"allow":["GET"]}}],"collection":[{"href":"http:\/\/www.vitalibera.org\/community\/wp-json\/wp\/v2\/posts"}],"about":[{"href":"http:\/\/www.vitalibera.org\/community\/wp-json\/wp\/v2\/types\/post"}],"author":[{"embeddable":true,"href":"http:\/\/www.vitalibera.org\/community\/wp-json\/wp\/v2\/users\/2"}],"replies":[{"embeddable":true,"href":"http:\/\/www.vitalibera.org\/community\/wp-json\/wp\/v2\/comments?post=5436"}],"version-history":[{"count":0,"href":"http:\/\/www.vitalibera.org\/community\/wp-json\/wp\/v2\/posts\/5436\/revisions"}],"wp:featuredmedia":[{"embeddable":true,"href":"http:\/\/www.vitalibera.org\/community\/wp-json\/wp\/v2\/media\/5437"}],"wp:attachment":[{"href":"http:\/\/www.vitalibera.org\/community\/wp-json\/wp\/v2\/media?parent=5436"}],"wp:term":[{"taxonomy":"category","embeddable":true,"href":"http:\/\/www.vitalibera.org\/community\/wp-json\/wp\/v2\/categories?post=5436"},{"taxonomy":"post_tag","embeddable":true,"href":"http:\/\/www.vitalibera.org\/community\/wp-json\/wp\/v2\/tags?post=5436"}],"curies":[{"name":"wp","href":"https:\/\/api.w.org\/{rel}","templated":true}]}}