{"id":5522,"date":"2026-02-11T14:55:09","date_gmt":"2026-02-11T13:55:09","guid":{"rendered":"https:\/\/www.vitalibera.org\/community\/?p=5522"},"modified":"2026-02-11T14:56:18","modified_gmt":"2026-02-11T13:56:18","slug":"ergosofa-das-hoehenverstellbare-sofa","status":"publish","type":"post","link":"http:\/\/www.vitalibera.org\/community\/2026\/02\/11\/ergosofa-das-hoehenverstellbare-sofa\/","title":{"rendered":"Ergosofa &#8211; Das h\u00f6henverstellbare Sofa"},"content":{"rendered":"\n<p>Mit dem Ergosofa, ein&nbsp;spezielles M&ouml;belst&uuml;ck entwickelt f&uuml;r Personen mit mobiler Einschr&auml;nkung, das funktionalen Mehrwert liefert und gleichzeitig auch in Sachen Optik keine W&uuml;nsche offen l&auml;sst<\/p>\n\n\n\n<p>Das Ergosofa ist in der H&ouml;he verstellbar. Weiters kann auch der Fu&szlig;teil sowie auch der R&uuml;ckenteil in ihrer Position elektrisch verstellt werden. Die Funktion ist &auml;hnlich des eines Pflegebettes.<\/p>\n\n\n\n<p>Die integrierte Aufstehhilfe erleichter das <a href=\"http:\/\/www.vitalibera.org\/community\/2026\/07\/29\/aufstehen-mit-hemiparese-sichere-gewichtsverlagerung-schritt-fuer-schritt\/\"><font color=\"blue\"><img src=\"https:\/\/www.vitalibera.org\/community\/wp-content\/images\/link.png\" width=\"20\" height=\"20\"><u>Aufstehen<\/u><\/font><\/a> f&uuml;r Menschen mit einer Einschr&auml;nkung<\/p>\n\n\n\n<p><a href=\"https:\/\/www.fsf-moebel.at\/ergosofa\" target=\"_blank\" rel=\"noreferrer noopener\">Zum Anbieter<\/a><\/p>\n\n\n\n<figure class=\"wp-block-image size-large\"><img fetchpriority=\"high\" decoding=\"async\" width=\"1024\" height=\"1024\" src=\"https:\/\/www.vitalibera.org\/community\/wp-content\/uploads\/2026\/02\/488532847_1163982545743275_7710629331346385343_n-1024x1024.jpg\" alt=\"\" class=\"wp-image-5524\" srcset=\"http:\/\/www.vitalibera.org\/community\/wp-content\/uploads\/2026\/02\/488532847_1163982545743275_7710629331346385343_n-1024x1024.jpg 1024w, http:\/\/www.vitalibera.org\/community\/wp-content\/uploads\/2026\/02\/488532847_1163982545743275_7710629331346385343_n-300x300.jpg 300w, http:\/\/www.vitalibera.org\/community\/wp-content\/uploads\/2026\/02\/488532847_1163982545743275_7710629331346385343_n-150x150.jpg 150w, http:\/\/www.vitalibera.org\/community\/wp-content\/uploads\/2026\/02\/488532847_1163982545743275_7710629331346385343_n-768x768.jpg 768w, http:\/\/www.vitalibera.org\/community\/wp-content\/uploads\/2026\/02\/488532847_1163982545743275_7710629331346385343_n-200x200.jpg 200w, http:\/\/www.vitalibera.org\/community\/wp-content\/uploads\/2026\/02\/488532847_1163982545743275_7710629331346385343_n.jpg 1350w\" sizes=\"(max-width: 1024px) 100vw, 1024px\" \/><\/figure>\n\n\n\n<p><\/p>\n","protected":false},"excerpt":{"rendered":"<p>Mit dem Ergosofa, ein\u00a0spezielles M\u00f6belst\u00fcck entwickelt f\u00fcr Personen mit mobiler Einschr\u00e4nkung, das funktionalen Mehrwert liefert und gleichzeitig auch in Sachen Optik keine W\u00fcnsche offen l\u00e4sst Das Ergosofa ist in der H\u00f6he verstellbar. Weiters kann auch der Fu\u00dfteil sowie auch der R\u00fcckenteil in ihrer Position elektrisch verstellt werden. Die Funktion ist \u00e4hnlich des eines Pflegebettes. Die &#8230; <a title=\"Ergosofa &#8211; Das h\u00f6henverstellbare Sofa\" class=\"read-more\" href=\"http:\/\/www.vitalibera.org\/community\/2026\/02\/11\/ergosofa-das-hoehenverstellbare-sofa\/\" aria-label=\"Mehr Informationen \u00fcber Ergosofa &#8211; Das h\u00f6henverstellbare Sofa\">Weiterlesen<\/a><\/p>\n","protected":false},"author":2,"featured_media":5523,"comment_status":"open","ping_status":"open","sticky":false,"template":"","format":"standard","meta":{"cybocfi_hide_featured_image":"yes","_jetpack_newsletter_access":"","_jetpack_dont_email_post_to_subs":false,"_jetpack_newsletter_tier_id":0,"_jetpack_memberships_contains_paywalled_content":false,"_jetpack_feature_clip_id":0,"_jetpack_memberships_contains_paid_content":false,"footnotes":"","jetpack_publicize_message":"","jetpack_publicize_feature_enabled":true,"jetpack_social_post_already_shared":false,"jetpack_social_options":{"image_generator_settings":{"template":"highway","default_image_id":0,"font":"","enabled":false},"version":2},"jetpack_post_was_ever_published":false},"categories":[74],"tags":[],"class_list":["post-5522","post","type-post","status-publish","format-standard","has-post-thumbnail","hentry","category-sicherheit"],"yoast_head":"<!-- This site is optimized with the Yoast SEO plugin v28.2 - https:\/\/yoast.com\/product\/yoast-seo-wordpress\/ -->\r\n<title>Ergosofa - Das h\u00f6henverstellbare Sofa - vitalibera.org<\/title>\r\n<meta name=\"robots\" content=\"index, follow, max-snippet:-1, max-image-preview:large, max-video-preview:-1\" \/>\r\n<link rel=\"canonical\" href=\"http:\/\/www.vitalibera.org\/community\/2026\/02\/11\/ergosofa-das-hoehenverstellbare-sofa\/\" \/>\r\n<meta property=\"og:locale\" content=\"de_DE\" \/>\r\n<meta property=\"og:type\" content=\"article\" \/>\r\n<meta property=\"og:title\" content=\"Ergosofa - Das h\u00f6henverstellbare Sofa - vitalibera.org\" \/>\r\n<meta property=\"og:description\" content=\"Mit dem Ergosofa, ein\u00a0spezielles M\u00f6belst\u00fcck entwickelt f\u00fcr Personen mit mobiler Einschr\u00e4nkung, das funktionalen Mehrwert liefert und gleichzeitig auch in Sachen Optik keine W\u00fcnsche offen l\u00e4sst Das Ergosofa ist in der H\u00f6he verstellbar. Weiters kann auch der Fu\u00dfteil sowie auch der R\u00fcckenteil in ihrer Position elektrisch verstellt werden. Die Funktion ist \u00e4hnlich des eines Pflegebettes. Die ... Weiterlesen\" \/>\r\n<meta property=\"og:url\" content=\"http:\/\/www.vitalibera.org\/community\/2026\/02\/11\/ergosofa-das-hoehenverstellbare-sofa\/\" \/>\r\n<meta property=\"og:site_name\" content=\"vitalibera.org\" \/>\r\n<meta property=\"article:publisher\" content=\"https:\/\/www.facebook.com\/groups\/2997085857140235\" \/>\r\n<meta property=\"article:published_time\" content=\"2026-02-11T13:55:09+00:00\" \/>\r\n<meta property=\"article:modified_time\" content=\"2026-02-11T13:56:18+00:00\" \/>\r\n<meta property=\"og:image\" content=\"http:\/\/www.vitalibera.org\/community\/wp-content\/uploads\/2026\/02\/csm_Teaser_Sofalift_Bemotec-belifted-3_16-9_1024x576_73fed695fb.png\" \/>\r\n\t<meta property=\"og:image:width\" content=\"621\" \/>\r\n\t<meta property=\"og:image:height\" content=\"349\" \/>\r\n\t<meta property=\"og:image:type\" content=\"image\/png\" \/>\r\n<meta name=\"author\" content=\"Andreas Jecklin\" \/>\r\n<meta name=\"twitter:card\" content=\"summary_large_image\" \/>\r\n<meta name=\"twitter:label1\" content=\"Verfasst von\" \/>\n\t<meta name=\"twitter:data1\" content=\"Andreas Jecklin\" \/>\n\t<meta name=\"twitter:label2\" content=\"Gesch\u00e4tzte Lesezeit\" \/>\n\t<meta name=\"twitter:data2\" content=\"1\u00a0Minute\" \/>\r\n<script type=\"application\/ld+json\" class=\"yoast-schema-graph\">{\"@context\":\"https:\\\/\\\/schema.org\",\"@graph\":[{\"@type\":\"Article\",\"@id\":\"http:\\\/\\\/www.vitalibera.org\\\/community\\\/2026\\\/02\\\/11\\\/ergosofa-das-hoehenverstellbare-sofa\\\/#article\",\"isPartOf\":{\"@id\":\"http:\\\/\\\/www.vitalibera.org\\\/community\\\/2026\\\/02\\\/11\\\/ergosofa-das-hoehenverstellbare-sofa\\\/\"},\"author\":{\"name\":\"Andreas Jecklin\",\"@id\":\"https:\\\/\\\/www.vitalibera.org\\\/community\\\/#\\\/schema\\\/person\\\/6712387298421f222ff6d0a2e22c1534\"},\"headline\":\"Ergosofa &#8211; Das h\u00f6henverstellbare Sofa\",\"datePublished\":\"2026-02-11T13:55:09+00:00\",\"dateModified\":\"2026-02-11T13:56:18+00:00\",\"mainEntityOfPage\":{\"@id\":\"http:\\\/\\\/www.vitalibera.org\\\/community\\\/2026\\\/02\\\/11\\\/ergosofa-das-hoehenverstellbare-sofa\\\/\"},\"wordCount\":85,\"commentCount\":0,\"publisher\":{\"@id\":\"https:\\\/\\\/www.vitalibera.org\\\/community\\\/#organization\"},\"image\":{\"@id\":\"http:\\\/\\\/www.vitalibera.org\\\/community\\\/2026\\\/02\\\/11\\\/ergosofa-das-hoehenverstellbare-sofa\\\/#primaryimage\"},\"thumbnailUrl\":\"http:\\\/\\\/www.vitalibera.org\\\/community\\\/wp-content\\\/uploads\\\/2026\\\/02\\\/csm_Teaser_Sofalift_Bemotec-belifted-3_16-9_1024x576_73fed695fb.png\",\"articleSection\":[\"Sicherheit\"],\"inLanguage\":\"de\",\"potentialAction\":[{\"@type\":\"CommentAction\",\"name\":\"Comment\",\"target\":[\"http:\\\/\\\/www.vitalibera.org\\\/community\\\/2026\\\/02\\\/11\\\/ergosofa-das-hoehenverstellbare-sofa\\\/#respond\"]}]},{\"@type\":\"WebPage\",\"@id\":\"http:\\\/\\\/www.vitalibera.org\\\/community\\\/2026\\\/02\\\/11\\\/ergosofa-das-hoehenverstellbare-sofa\\\/\",\"url\":\"http:\\\/\\\/www.vitalibera.org\\\/community\\\/2026\\\/02\\\/11\\\/ergosofa-das-hoehenverstellbare-sofa\\\/\",\"name\":\"Ergosofa - Das h\u00f6henverstellbare Sofa - vitalibera.org\",\"isPartOf\":{\"@id\":\"https:\\\/\\\/www.vitalibera.org\\\/community\\\/#website\"},\"primaryImageOfPage\":{\"@id\":\"http:\\\/\\\/www.vitalibera.org\\\/community\\\/2026\\\/02\\\/11\\\/ergosofa-das-hoehenverstellbare-sofa\\\/#primaryimage\"},\"image\":{\"@id\":\"http:\\\/\\\/www.vitalibera.org\\\/community\\\/2026\\\/02\\\/11\\\/ergosofa-das-hoehenverstellbare-sofa\\\/#primaryimage\"},\"thumbnailUrl\":\"http:\\\/\\\/www.vitalibera.org\\\/community\\\/wp-content\\\/uploads\\\/2026\\\/02\\\/csm_Teaser_Sofalift_Bemotec-belifted-3_16-9_1024x576_73fed695fb.png\",\"datePublished\":\"2026-02-11T13:55:09+00:00\",\"dateModified\":\"2026-02-11T13:56:18+00:00\",\"breadcrumb\":{\"@id\":\"http:\\\/\\\/www.vitalibera.org\\\/community\\\/2026\\\/02\\\/11\\\/ergosofa-das-hoehenverstellbare-sofa\\\/#breadcrumb\"},\"inLanguage\":\"de\",\"potentialAction\":[{\"@type\":\"ReadAction\",\"target\":[\"http:\\\/\\\/www.vitalibera.org\\\/community\\\/2026\\\/02\\\/11\\\/ergosofa-das-hoehenverstellbare-sofa\\\/\"]}]},{\"@type\":\"BreadcrumbList\",\"@id\":\"http:\\\/\\\/www.vitalibera.org\\\/community\\\/2026\\\/02\\\/11\\\/ergosofa-das-hoehenverstellbare-sofa\\\/#breadcrumb\",\"itemListElement\":[{\"@type\":\"ListItem\",\"position\":1,\"name\":\"Startseite\",\"item\":\"https:\\\/\\\/www.vitalibera.org\\\/community\\\/\"},{\"@type\":\"ListItem\",\"position\":2,\"name\":\"Ergosofa &#8211; Das h\u00f6henverstellbare Sofa\"}]},{\"@type\":\"WebSite\",\"@id\":\"https:\\\/\\\/www.vitalibera.org\\\/community\\\/#website\",\"url\":\"https:\\\/\\\/www.vitalibera.org\\\/community\\\/\",\"name\":\"vitalibera.org\",\"description\":\"Mit einer Einschr&auml;nkung gestaltet sich das Leben im Alltag oft schwieriger - hier berichten wir &uuml;ber unsere Erfahrungen und Hilfsmittel um den Alltag so unbeschwert und unkompliziert wie nur m&ouml;glich geniessen zu k&ouml;nnen. Dabei richten wir unseren Fokus gezielt auf Selbst&auml;ndigkeit, Eigenst&auml;ndigkeit und Selbstbestimmung.\",\"publisher\":{\"@id\":\"https:\\\/\\\/www.vitalibera.org\\\/community\\\/#organization\"},\"potentialAction\":[{\"@type\":\"SearchAction\",\"target\":{\"@type\":\"EntryPoint\",\"urlTemplate\":\"https:\\\/\\\/www.vitalibera.org\\\/community\\\/?s={search_term_string}\"},\"query-input\":{\"@type\":\"PropertyValueSpecification\",\"valueRequired\":true,\"valueName\":\"search_term_string\"}}],\"inLanguage\":\"de\"},{\"@type\":\"Organization\",\"@id\":\"https:\\\/\\\/www.vitalibera.org\\\/community\\\/#organization\",\"name\":\"vitalibera.org\",\"url\":\"https:\\\/\\\/www.vitalibera.org\\\/community\\\/\",\"logo\":{\"@type\":\"ImageObject\",\"inLanguage\":\"de\",\"@id\":\"https:\\\/\\\/www.vitalibera.org\\\/community\\\/#\\\/schema\\\/logo\\\/image\\\/\",\"url\":\"http:\\\/\\\/www.vitalibera.org\\\/community\\\/wp-content\\\/uploads\\\/2025\\\/09\\\/cropped-banner.png\",\"contentUrl\":\"http:\\\/\\\/www.vitalibera.org\\\/community\\\/wp-content\\\/uploads\\\/2025\\\/09\\\/cropped-banner.png\",\"width\":991,\"height\":150,\"caption\":\"vitalibera.org\"},\"image\":{\"@id\":\"https:\\\/\\\/www.vitalibera.org\\\/community\\\/#\\\/schema\\\/logo\\\/image\\\/\"},\"sameAs\":[\"https:\\\/\\\/www.facebook.com\\\/groups\\\/2997085857140235\"]},{\"@type\":\"Person\",\"@id\":\"https:\\\/\\\/www.vitalibera.org\\\/community\\\/#\\\/schema\\\/person\\\/6712387298421f222ff6d0a2e22c1534\",\"name\":\"Andreas Jecklin\",\"image\":{\"@type\":\"ImageObject\",\"inLanguage\":\"de\",\"@id\":\"http:\\\/\\\/0.gravatar.com\\\/avatar\\\/ad516503a11cd5ca435acc9bb6523536?s=96\",\"url\":\"http:\\\/\\\/0.gravatar.com\\\/avatar\\\/ad516503a11cd5ca435acc9bb6523536?s=96\",\"contentUrl\":\"http:\\\/\\\/0.gravatar.com\\\/avatar\\\/ad516503a11cd5ca435acc9bb6523536?s=96\",\"caption\":\"Andreas Jecklin\"},\"description\":\"Manchen gab Gott die Kraft Dinge zu ver\u00e4ndern, mir gab er die Kraft zu ertragen was nicht mehr zu \u00e4ndern ist.\",\"url\":\"http:\\\/\\\/www.vitalibera.org\\\/community\\\/author\\\/andy77\\\/\"}]}<\/script>\r\n<!-- \/ Yoast SEO plugin. -->","yoast_head_json":{"title":"Ergosofa - Das h\u00f6henverstellbare Sofa - vitalibera.org","robots":{"index":"index","follow":"follow","max-snippet":"max-snippet:-1","max-image-preview":"max-image-preview:large","max-video-preview":"max-video-preview:-1"},"canonical":"http:\/\/www.vitalibera.org\/community\/2026\/02\/11\/ergosofa-das-hoehenverstellbare-sofa\/","og_locale":"de_DE","og_type":"article","og_title":"Ergosofa - Das h\u00f6henverstellbare Sofa - vitalibera.org","og_description":"Mit dem Ergosofa, ein\u00a0spezielles M\u00f6belst\u00fcck entwickelt f\u00fcr Personen mit mobiler Einschr\u00e4nkung, das funktionalen Mehrwert liefert und gleichzeitig auch in Sachen Optik keine W\u00fcnsche offen l\u00e4sst Das Ergosofa ist in der H\u00f6he verstellbar. Weiters kann auch der Fu\u00dfteil sowie auch der R\u00fcckenteil in ihrer Position elektrisch verstellt werden. Die Funktion ist \u00e4hnlich des eines Pflegebettes. Die ... Weiterlesen","og_url":"http:\/\/www.vitalibera.org\/community\/2026\/02\/11\/ergosofa-das-hoehenverstellbare-sofa\/","og_site_name":"vitalibera.org","article_publisher":"https:\/\/www.facebook.com\/groups\/2997085857140235","article_published_time":"2026-02-11T13:55:09+00:00","article_modified_time":"2026-02-11T13:56:18+00:00","og_image":[{"width":621,"height":349,"url":"http:\/\/www.vitalibera.org\/community\/wp-content\/uploads\/2026\/02\/csm_Teaser_Sofalift_Bemotec-belifted-3_16-9_1024x576_73fed695fb.png","type":"image\/png"}],"author":"Andreas Jecklin","twitter_card":"summary_large_image","twitter_misc":{"Verfasst von":"Andreas Jecklin","Gesch\u00e4tzte Lesezeit":"1\u00a0Minute"},"schema":{"@context":"https:\/\/schema.org","@graph":[{"@type":"Article","@id":"http:\/\/www.vitalibera.org\/community\/2026\/02\/11\/ergosofa-das-hoehenverstellbare-sofa\/#article","isPartOf":{"@id":"http:\/\/www.vitalibera.org\/community\/2026\/02\/11\/ergosofa-das-hoehenverstellbare-sofa\/"},"author":{"name":"Andreas Jecklin","@id":"https:\/\/www.vitalibera.org\/community\/#\/schema\/person\/6712387298421f222ff6d0a2e22c1534"},"headline":"Ergosofa &#8211; Das h\u00f6henverstellbare Sofa","datePublished":"2026-02-11T13:55:09+00:00","dateModified":"2026-02-11T13:56:18+00:00","mainEntityOfPage":{"@id":"http:\/\/www.vitalibera.org\/community\/2026\/02\/11\/ergosofa-das-hoehenverstellbare-sofa\/"},"wordCount":85,"commentCount":0,"publisher":{"@id":"https:\/\/www.vitalibera.org\/community\/#organization"},"image":{"@id":"http:\/\/www.vitalibera.org\/community\/2026\/02\/11\/ergosofa-das-hoehenverstellbare-sofa\/#primaryimage"},"thumbnailUrl":"http:\/\/www.vitalibera.org\/community\/wp-content\/uploads\/2026\/02\/csm_Teaser_Sofalift_Bemotec-belifted-3_16-9_1024x576_73fed695fb.png","articleSection":["Sicherheit"],"inLanguage":"de","potentialAction":[{"@type":"CommentAction","name":"Comment","target":["http:\/\/www.vitalibera.org\/community\/2026\/02\/11\/ergosofa-das-hoehenverstellbare-sofa\/#respond"]}]},{"@type":"WebPage","@id":"http:\/\/www.vitalibera.org\/community\/2026\/02\/11\/ergosofa-das-hoehenverstellbare-sofa\/","url":"http:\/\/www.vitalibera.org\/community\/2026\/02\/11\/ergosofa-das-hoehenverstellbare-sofa\/","name":"Ergosofa - Das h\u00f6henverstellbare Sofa - vitalibera.org","isPartOf":{"@id":"https:\/\/www.vitalibera.org\/community\/#website"},"primaryImageOfPage":{"@id":"http:\/\/www.vitalibera.org\/community\/2026\/02\/11\/ergosofa-das-hoehenverstellbare-sofa\/#primaryimage"},"image":{"@id":"http:\/\/www.vitalibera.org\/community\/2026\/02\/11\/ergosofa-das-hoehenverstellbare-sofa\/#primaryimage"},"thumbnailUrl":"http:\/\/www.vitalibera.org\/community\/wp-content\/uploads\/2026\/02\/csm_Teaser_Sofalift_Bemotec-belifted-3_16-9_1024x576_73fed695fb.png","datePublished":"2026-02-11T13:55:09+00:00","dateModified":"2026-02-11T13:56:18+00:00","breadcrumb":{"@id":"http:\/\/www.vitalibera.org\/community\/2026\/02\/11\/ergosofa-das-hoehenverstellbare-sofa\/#breadcrumb"},"inLanguage":"de","potentialAction":[{"@type":"ReadAction","target":["http:\/\/www.vitalibera.org\/community\/2026\/02\/11\/ergosofa-das-hoehenverstellbare-sofa\/"]}]},{"@type":"BreadcrumbList","@id":"http:\/\/www.vitalibera.org\/community\/2026\/02\/11\/ergosofa-das-hoehenverstellbare-sofa\/#breadcrumb","itemListElement":[{"@type":"ListItem","position":1,"name":"Startseite","item":"https:\/\/www.vitalibera.org\/community\/"},{"@type":"ListItem","position":2,"name":"Ergosofa &#8211; Das h\u00f6henverstellbare Sofa"}]},{"@type":"WebSite","@id":"https:\/\/www.vitalibera.org\/community\/#website","url":"https:\/\/www.vitalibera.org\/community\/","name":"vitalibera.org","description":"Mit einer Einschr&auml;nkung gestaltet sich das Leben im Alltag oft schwieriger - hier berichten wir &uuml;ber unsere Erfahrungen und Hilfsmittel um den Alltag so unbeschwert und unkompliziert wie nur m&ouml;glich geniessen zu k&ouml;nnen. Dabei richten wir unseren Fokus gezielt auf Selbst&auml;ndigkeit, Eigenst&auml;ndigkeit und Selbstbestimmung.","publisher":{"@id":"https:\/\/www.vitalibera.org\/community\/#organization"},"potentialAction":[{"@type":"SearchAction","target":{"@type":"EntryPoint","urlTemplate":"https:\/\/www.vitalibera.org\/community\/?s={search_term_string}"},"query-input":{"@type":"PropertyValueSpecification","valueRequired":true,"valueName":"search_term_string"}}],"inLanguage":"de"},{"@type":"Organization","@id":"https:\/\/www.vitalibera.org\/community\/#organization","name":"vitalibera.org","url":"https:\/\/www.vitalibera.org\/community\/","logo":{"@type":"ImageObject","inLanguage":"de","@id":"https:\/\/www.vitalibera.org\/community\/#\/schema\/logo\/image\/","url":"http:\/\/www.vitalibera.org\/community\/wp-content\/uploads\/2025\/09\/cropped-banner.png","contentUrl":"http:\/\/www.vitalibera.org\/community\/wp-content\/uploads\/2025\/09\/cropped-banner.png","width":991,"height":150,"caption":"vitalibera.org"},"image":{"@id":"https:\/\/www.vitalibera.org\/community\/#\/schema\/logo\/image\/"},"sameAs":["https:\/\/www.facebook.com\/groups\/2997085857140235"]},{"@type":"Person","@id":"https:\/\/www.vitalibera.org\/community\/#\/schema\/person\/6712387298421f222ff6d0a2e22c1534","name":"Andreas Jecklin","image":{"@type":"ImageObject","inLanguage":"de","@id":"http:\/\/0.gravatar.com\/avatar\/ad516503a11cd5ca435acc9bb6523536?s=96","url":"http:\/\/0.gravatar.com\/avatar\/ad516503a11cd5ca435acc9bb6523536?s=96","contentUrl":"http:\/\/0.gravatar.com\/avatar\/ad516503a11cd5ca435acc9bb6523536?s=96","caption":"Andreas Jecklin"},"description":"Manchen gab Gott die Kraft Dinge zu ver\u00e4ndern, mir gab er die Kraft zu ertragen was nicht mehr zu \u00e4ndern ist.","url":"http:\/\/www.vitalibera.org\/community\/author\/andy77\/"}]}},"jetpack_publicize_connections":[],"jetpack_sharing_enabled":true,"jetpack-related-posts":[{"id":2130,"url":"http:\/\/www.vitalibera.org\/community\/2025\/09\/21\/moebel-transportrollen-lifter\/","url_meta":{"origin":5522,"position":0},"title":"M\u00f6bel Transportrollen Lifter","author":"admin","date":"21 September, 2025","format":false,"excerpt":"Praktisches M\u00f6bel Heber Hilfsmittel f\u00fcr Umz\u00fcge: Praktischer M\u00f6belheber und Roller als Hilfe Ideal f\u00fcr Schr\u00e4nke, Tische, Sofas etc. geeignet M\u00f6bel einfacher und schneller umstellen Grosse Tragf\u00e4higkeit von bis zu 200 kg Ziehst Du bald um, oder hilfst in naher Zukunft jemanden beim Umzug? Dann sind unsere\u00a0M\u00f6bel Transportrollen\u00a0ein absolutes Must-have. Mit\u2026","rel":"","context":"In &quot;Haushalt&quot;","block_context":{"text":"Haushalt","link":"http:\/\/www.vitalibera.org\/community\/category\/beitraege\/eingeschraenkt-im-alltag\/alltag\/haushalt\/"},"img":{"alt_text":"","src":"https:\/\/i0.wp.com\/www.vitalibera.org\/community\/wp-content\/uploads\/2025\/09\/lifter2-1.png?resize=350%2C200","width":350,"height":200},"classes":[]},{"id":8224,"url":"http:\/\/www.vitalibera.org\/community\/2026\/06\/24\/schlaganfall-visualisierungsuebungen-das-gehirn-lernt-sich-wieder-zu-sehen\/","url_meta":{"origin":5522,"position":1},"title":"Schlaganfall\u2011Visualisierungs\u00fcbungen &#8211; Das Gehirn lernt, sich wieder zu sehen","author":"Andreas Jecklin","date":"24 Juni, 2026","format":false,"excerpt":"Nach einem Schlaganfall oder einer anderen Gehirnverletzung kann das eigene K\u00f6rper\u2011 und Raumgef\u00fchl verschwimmen. Visualisierungs\u00fcbungen helfen, das innere Bild wieder aufzubauen \u2013 Schritt f\u00fcr Schritt, ruhig und bewusst. Das Gehirn trainiert dabei nicht nur Bewegungen, sondern auch Orientierung, Selbstwahrnehmung und Vertrauen in die eigene Steuerung. Diese \u00dcbungen sind keine Leistungstests,\u2026","rel":"","context":"In &quot;sonstige Therapien&quot;","block_context":{"text":"sonstige Therapien","link":"http:\/\/www.vitalibera.org\/community\/category\/eigentherapie-und-trainings\/sonstige-therapien\/"},"img":{"alt_text":"","src":"https:\/\/i0.wp.com\/www.vitalibera.org\/community\/wp-content\/uploads\/2026\/06\/visualtraining5415.png?resize=350%2C200","width":350,"height":200},"classes":[]},{"id":6671,"url":"http:\/\/www.vitalibera.org\/community\/2026\/04\/11\/neurologisch-anders-von-anfang-an-oder-ploetzlich\/","url_meta":{"origin":5522,"position":2},"title":"Neurologisch anders: von Anfang an oder pl\u00f6tzlich?","author":"Andreas Jecklin","date":"11 April, 2026","format":false,"excerpt":"Neurologische Einschr\u00e4nkungen k\u00f6nnen sehr unterschiedlich entstehen \u2013 manche Menschen kommen bereits damit zur Welt, andere erwerben sie erst im Laufe ihres Lebens durch Unfall, Krankheit oder eine Hirnverletzung. Dieser Unterschied ist wichtig, weil er bestimmt, wie das Gehirn sich entwickelt, wie der Alltag erlebt wird und welche Art von Unterst\u00fctzung\u2026","rel":"","context":"In &quot;Fachwissen&quot;","block_context":{"text":"Fachwissen","link":"http:\/\/www.vitalibera.org\/community\/category\/beitraege\/fachwissen\/"},"img":{"alt_text":"","src":"https:\/\/i0.wp.com\/www.vitalibera.org\/community\/wp-content\/uploads\/2026\/04\/Copilot_20260411_155844.png?resize=350%2C200","width":350,"height":200,"srcset":"https:\/\/i0.wp.com\/www.vitalibera.org\/community\/wp-content\/uploads\/2026\/04\/Copilot_20260411_155844.png?resize=350%2C200 1x, https:\/\/i0.wp.com\/www.vitalibera.org\/community\/wp-content\/uploads\/2026\/04\/Copilot_20260411_155844.png?resize=525%2C300 1.5x, https:\/\/i0.wp.com\/www.vitalibera.org\/community\/wp-content\/uploads\/2026\/04\/Copilot_20260411_155844.png?resize=700%2C400 2x"},"classes":[]},{"id":3513,"url":"http:\/\/www.vitalibera.org\/community\/2025\/10\/21\/digitale-barrierefreiheit\/","url_meta":{"origin":5522,"position":3},"title":"Digitale Barrierefreiheit","author":"admin","date":"21 Oktober, 2025","format":false,"excerpt":"In einer zunehmend digitalen Welt ist Barrierefreiheit der Schl\u00fcssel. Er \u00f6ffnet uns die T\u00fcren zu einer Welt, in der Menschen mit unterschiedlichen F\u00e4higkeiten gleichberechtigt teilhaben k\u00f6nnen. Doch was bedeutet eigentlich digitale Barrierefreiheit? Einleitung Die Digitalisierung hat unsere Welt im Laufe der letzten Jahrzehnte revolutioniert, von Eingabemethoden \u00fcber Sprache statt Maus\u2026","rel":"","context":"In &quot;Arbeit&quot;","block_context":{"text":"Arbeit","link":"http:\/\/www.vitalibera.org\/community\/category\/beitraege\/eingeschraenkt-im-alltag\/alltag\/arbeit\/"},"img":{"alt_text":"","src":"https:\/\/i0.wp.com\/www.vitalibera.org\/community\/wp-content\/uploads\/2025\/10\/beitragsbild_digitalebarrierefreiheit.png?resize=350%2C200","width":350,"height":200,"srcset":"https:\/\/i0.wp.com\/www.vitalibera.org\/community\/wp-content\/uploads\/2025\/10\/beitragsbild_digitalebarrierefreiheit.png?resize=350%2C200 1x, https:\/\/i0.wp.com\/www.vitalibera.org\/community\/wp-content\/uploads\/2025\/10\/beitragsbild_digitalebarrierefreiheit.png?resize=525%2C300 1.5x, https:\/\/i0.wp.com\/www.vitalibera.org\/community\/wp-content\/uploads\/2025\/10\/beitragsbild_digitalebarrierefreiheit.png?resize=700%2C400 2x"},"classes":[]},{"id":6795,"url":"http:\/\/www.vitalibera.org\/community\/2026\/04\/17\/trotz-einschraenkung-bei-bedrohungen-richtig-handeln\/","url_meta":{"origin":5522,"position":4},"title":"Trotz Einschr\u00e4nkung &#8211; bei Bedrohungen richtig handeln","author":"Andreas Jecklin","date":"17 April, 2026","format":false,"excerpt":"Wenn du eine k\u00f6rperliche, neurologische oder sensorische Einschr\u00e4nkung hast, brauchst du keine heroischen Notfallpl\u00e4ne, sondern realistische, machbare Schritte, die dein Nervensystem sch\u00fctzen und trotzdem Sicherheit geben. \u201eIch handle nicht perfekt \u2013 ich handle sicher und angepasst an meine M\u00f6glichkeiten.\u201c 1. Sofort stabilisieren \u2013 bevor du irgendetwas tust Ziel: Dein Nervensystem\u2026","rel":"","context":"In &quot;Alltagsnavigation&quot;","block_context":{"text":"Alltagsnavigation","link":"http:\/\/www.vitalibera.org\/community\/category\/beitraege\/eingeschraenkt-im-alltag\/alltagsnavigation\/"},"img":{"alt_text":"","src":"https:\/\/i0.wp.com\/www.vitalibera.org\/community\/wp-content\/uploads\/2026\/04\/bedroh7.png?resize=350%2C200&ssl=1","width":350,"height":200},"classes":[]},{"id":7305,"url":"http:\/\/www.vitalibera.org\/community\/2026\/05\/12\/einschraenkungen-brechen-nicht-den-rhythmus\/","url_meta":{"origin":5522,"position":5},"title":"Einschr\u00e4nkungen brechen nicht den Rhythmus","author":"Andreas Jecklin","date":"12 Mai, 2026","format":false,"excerpt":"Tanzen geht nach neurologischer Erkrankung, Hirnverletzung, Schlaganfall, Hemiparese und Mobilit\u00e4tseinschr\u00e4nkung \u2013 aber anders, langsamer, sicherer und mit einem K\u00f6rper, der neue Regeln hat. Tanzen ist kein Luxus. Es ist Neurotraining, Rhythmus, Gleichgewicht, Lebensfreude und soziale Teilhabe in einem. Warum Tanzen nach einer Hirnverletzung sinnvoll ist Rhythmus aktiviert beide Hirnh\u00e4lften \u2013\u2026","rel":"","context":"In &quot;Freizeit &amp; Hobbies&quot;","block_context":{"text":"Freizeit &amp; Hobbies","link":"http:\/\/www.vitalibera.org\/community\/category\/beitraege\/eingeschraenkt-im-alltag\/freizeit-hobbies\/"},"img":{"alt_text":"","src":"https:\/\/i0.wp.com\/www.vitalibera.org\/community\/wp-content\/uploads\/2026\/05\/f5e33f8f098377175340aed8a8a469c2-1.jpg?resize=350%2C200","width":350,"height":200,"srcset":"https:\/\/i0.wp.com\/www.vitalibera.org\/community\/wp-content\/uploads\/2026\/05\/f5e33f8f098377175340aed8a8a469c2-1.jpg?resize=350%2C200 1x, https:\/\/i0.wp.com\/www.vitalibera.org\/community\/wp-content\/uploads\/2026\/05\/f5e33f8f098377175340aed8a8a469c2-1.jpg?resize=525%2C300 1.5x, https:\/\/i0.wp.com\/www.vitalibera.org\/community\/wp-content\/uploads\/2026\/05\/f5e33f8f098377175340aed8a8a469c2-1.jpg?resize=700%2C400 2x"},"classes":[]}],"jetpack_featured_media_url":"http:\/\/www.vitalibera.org\/community\/wp-content\/uploads\/2026\/02\/csm_Teaser_Sofalift_Bemotec-belifted-3_16-9_1024x576_73fed695fb.png","_links":{"self":[{"href":"http:\/\/www.vitalibera.org\/community\/wp-json\/wp\/v2\/posts\/5522","targetHints":{"allow":["GET"]}}],"collection":[{"href":"http:\/\/www.vitalibera.org\/community\/wp-json\/wp\/v2\/posts"}],"about":[{"href":"http:\/\/www.vitalibera.org\/community\/wp-json\/wp\/v2\/types\/post"}],"author":[{"embeddable":true,"href":"http:\/\/www.vitalibera.org\/community\/wp-json\/wp\/v2\/users\/2"}],"replies":[{"embeddable":true,"href":"http:\/\/www.vitalibera.org\/community\/wp-json\/wp\/v2\/comments?post=5522"}],"version-history":[{"count":0,"href":"http:\/\/www.vitalibera.org\/community\/wp-json\/wp\/v2\/posts\/5522\/revisions"}],"wp:featuredmedia":[{"embeddable":true,"href":"http:\/\/www.vitalibera.org\/community\/wp-json\/wp\/v2\/media\/5523"}],"wp:attachment":[{"href":"http:\/\/www.vitalibera.org\/community\/wp-json\/wp\/v2\/media?parent=5522"}],"wp:term":[{"taxonomy":"category","embeddable":true,"href":"http:\/\/www.vitalibera.org\/community\/wp-json\/wp\/v2\/categories?post=5522"},{"taxonomy":"post_tag","embeddable":true,"href":"http:\/\/www.vitalibera.org\/community\/wp-json\/wp\/v2\/tags?post=5522"}],"curies":[{"name":"wp","href":"https:\/\/api.w.org\/{rel}","templated":true}]}}