{"id":6492,"date":"2026-04-03T08:33:36","date_gmt":"2026-04-03T06:33:36","guid":{"rendered":"https:\/\/www.vitalibera.org\/community\/?p=6492"},"modified":"2026-04-03T08:43:09","modified_gmt":"2026-04-03T06:43:09","slug":"selbstbestimmung-ist-kein-geschenk-sie-ist-ein-weg","status":"publish","type":"post","link":"http:\/\/www.vitalibera.org\/community\/2026\/04\/03\/selbstbestimmung-ist-kein-geschenk-sie-ist-ein-weg\/","title":{"rendered":"Selbstbestimmung ist kein Geschenk. Sie ist ein Weg"},"content":{"rendered":"\n<div class=\"wp-block-media-text is-stacked-on-mobile\"><figure class=\"wp-block-media-text__media\"><img fetchpriority=\"high\" decoding=\"async\" width=\"379\" height=\"448\" src=\"http:\/\/www.vitalibera.org\/community\/wp-content\/uploads\/2026\/04\/schritt.png\" alt=\"\" class=\"wp-image-6493 size-full\" srcset=\"http:\/\/www.vitalibera.org\/community\/wp-content\/uploads\/2026\/04\/schritt.png 379w, http:\/\/www.vitalibera.org\/community\/wp-content\/uploads\/2026\/04\/schritt-254x300.png 254w\" sizes=\"(max-width: 379px) 100vw, 379px\" \/><\/figure><div class=\"wp-block-media-text__content\">\n<p><strong><em>Kein Mitleid. Kein Abseits. Kein Zur&uuml;ck<\/em><\/strong>.<\/p>\n\n\n\n<p>&bdquo;Kein Mitleid&ldquo; &ndash; weil W&uuml;rde kein Trostpreis ist.<br>&bdquo;Kein Abseits&ldquo; &ndash; weil Teilhabe kein Gnadenakt ist.<br>&bdquo;Kein Zur&uuml;ck&ldquo; &ndash; weil Fortschritt nicht verhandelbar ist.<\/p>\n\n\n\n<ul class=\"wp-block-list\">\n<li>Ich warte nicht auf Erlaubnis.<\/li>\n\n\n\n<li>Ich lasse mir nichts &bdquo;gew&auml;hren&ldquo;.<\/li>\n\n\n\n<li>Ich nehme mir zur&uuml;ck, was mir zusteht.<\/li>\n\n\n\n<li>Mein Weg geh&ouml;rt mir &ndash; nicht Institutionen, nicht Heimen, nicht Erwartungen, nicht Mitleid.<\/li>\n<\/ul>\n<\/div><\/div>\n\n\n\n<h5 class=\"wp-block-heading\"><strong>Strategie: Das Leben nach einem neurologischen Schicksal zur&uuml;ckerobern<\/strong><\/h5>\n\n\n\n<h5 class=\"wp-block-heading\">1. <strong>Benennen, was verloren ging &ndash; um es zur&uuml;ckzufordern<\/strong><\/h5>\n\n\n\n<p>Nicht als Klage, sondern als Anspruch. <em>&bdquo;Ich wei&szlig;, was mir genommen wurde. Und ich wei&szlig;, was mir geh&ouml;rt.&ldquo;<\/em><\/p>\n\n\n\n<h5 class=\"wp-block-heading\">2. <strong>Den eigenen K&ouml;rper neu lesen<\/strong><\/h5>\n\n\n\n<p>Nicht als Feind, nicht als Baustelle. Als Terrain, das man wieder betritt, Schritt f&uuml;r Schritt. <em>&bdquo;Ich lerne mich neu &ndash; und ich schreibe mich neu.&ldquo;<\/em><\/p>\n\n\n\n<h5 class=\"wp-block-heading\">3. <strong>Selbstbestimmung als t&auml;gliche Handlung, nicht als Ziel<\/strong><\/h5>\n\n\n\n<p>Jede Entscheidung, jede Routine, jeder kleine Sieg ist R&uuml;ckeroberung. <em>&bdquo;Ich bestimme im Kleinen, damit ich im Gro&szlig;en wieder frei werde.&ldquo;<\/em><\/p>\n\n\n\n<h5 class=\"wp-block-heading\">4. <strong>Grenzen verschieben, ohne sich zu verlieren<\/strong><\/h5>\n\n\n\n<p>Nicht heroisch &uuml;berfordern. Sondern mutig erweitern. <em>&bdquo;Ich gehe weiter, aber ich gehe meinen Weg.&ldquo;<\/em><\/p>\n\n\n\n<h5 class=\"wp-block-heading\">5. <strong>W&uuml;rde verteidigen &ndash; gegen Systeme, Erwartungen, Mitleid<\/strong><\/h5>\n\n\n\n<p>Poetisch formuliert: <em>&bdquo;Ich lasse mich nicht verwalten. Ich werde nicht weggestellt. Ich bin kein Fall.&ldquo;<\/em><\/p>\n\n\n\n<h5 class=\"wp-block-heading\">6. <strong>Verb&uuml;ndete w&auml;hlen, nicht Betreuer<\/strong><\/h5>\n\n\n\n<p>Menschen, die st&auml;rken, nicht kleinhalten. <em>&bdquo;Ich brauche keine Retter. Ich brauche Raum.&ldquo;<\/em><\/p>\n\n\n\n<h5 class=\"wp-block-heading\">7. <strong>Die eigene Geschichte zur&uuml;ckschreiben<\/strong><\/h5>\n\n\n\n<p>Nicht die Version, die Akten erz&auml;hlen. Die Version, die du lebst. <em>&bdquo;Ich bin nicht das, was passiert ist. Ich bin das, was ich daraus mache.&ldquo;<\/em><\/p>\n\n\n\n<p><\/p>\n\n\n\n<h4 class=\"wp-block-heading\"><strong>6 Schritte, um dein Leben nach neurologischem Einschnitt zur&uuml;ckzuerobern<\/strong><\/h4>\n\n\n\n<ol start=\"1\" class=\"wp-block-list\">\n<li><strong>Standort bestimmen:<\/strong> Wo stehe ich wirklich &ndash; k&ouml;rperlich, <a href=\"http:\/\/www.vitalibera.org\/community\/2026\/08\/26\/kognitives-selbsttraining-im-alltag-nach-einer-hirnverletzung-spielerisch-zurueck-zur-denkfaehigkeit\/\"><font color=\"blue\"><img src=\"https:\/\/www.vitalibera.org\/community\/wp-content\/images\/link.png\" width=\"20\" height=\"20\"><u>kognitiv<\/u><\/font><\/a>, sozial, emotional?<\/li>\n\n\n\n<li><strong>Mikro&#8209;Selbstbestimmung aufbauen:<\/strong> Kleine Entscheidungen zur&uuml;ckholen, jeden Tag.<\/li>\n\n\n\n<li><strong>Routinen als R&uuml;ckeroberungs&#8209;Werkzeug nutzen:<\/strong> <a href=\"http:\/\/www.vitalibera.org\/community\/2026\/04\/30\/lapstacker-transport-gurtsystem-fuer-rollstuehle\/\"><font color=\"blue\"><img src=\"https:\/\/www.vitalibera.org\/community\/wp-content\/images\/link.png\" width=\"20\" height=\"20\"><u>Alltag<\/u><\/font><\/a> so bauen, dass er dir dient.<\/li>\n\n\n\n<li><strong>Umfeld sortieren:<\/strong> Wer st&auml;rkt dich, wer zieht dich in die Opferrolle?<\/li>\n\n\n\n<li><strong>System konfrontieren:<\/strong> Rechte kl&auml;ren, Anspr&uuml;che formulieren, Grenzen setzen.<\/li>\n\n\n\n<li><strong>Eigene Story schreiben:<\/strong> Weg vom &bdquo;Fall&ldquo;, hin zur eigenen Erz&auml;hlung.<\/li>\n<\/ol>\n\n\n\n<h5 class=\"wp-block-heading\"><strong>Schritt 1: Standort bestimmen &ndash; brutal ehrlich, ohne Selbstabwertung<\/strong><\/h5>\n\n\n\n<ul class=\"wp-block-list\">\n<li><strong>Status checken:<\/strong> <strong>K&ouml;rper:<\/strong> Was geht gut, was geht eingeschr&auml;nkt, was gar nicht? <strong>Kopf:<\/strong> Konzentration, M&uuml;digkeit, Reizbarkeit, &Uuml;berforderung. <strong>Alltag:<\/strong> Wo brauchst du <a href=\"http:\/\/www.vitalibera.org\/community\/2026\/07\/28\/fremde-hilfe-in-der-oeffentlichkeit-bei-sturzsituation-mit-hemiplegie\/\"><font color=\"blue\"><img src=\"https:\/\/www.vitalibera.org\/community\/wp-content\/images\/link.png\" width=\"20\" height=\"20\"><u>Hilfe<\/u><\/font><\/a>, wo bist du schon autonom?<\/li>\n\n\n\n<li><strong>Mini&#8209;Inventar schreiben:<\/strong> <strong>Liste A:<\/strong> &bdquo;Das kann ich (wieder).&ldquo; <strong>Liste B:<\/strong> &bdquo;Hier brauche ich Unterst&uuml;tzung.&ldquo; <strong>Liste C:<\/strong> &bdquo;Hier will ich langfristig wieder hin.&ldquo;<\/li>\n<\/ul>\n\n\n\n<p>Ziel: Kein Sch&ouml;nreden, kein Dramatisieren. <strong>Klare Ausgangsbasis.<\/strong><\/p>\n\n\n\n<h5 class=\"wp-block-heading\"><strong>Schritt 2: Mikro&#8209;Selbstbestimmung &ndash; klein anfangen, konsequent durchziehen<\/strong><\/h5>\n\n\n\n<ul class=\"wp-block-list\">\n<li><strong>T&auml;gliche Mikro&#8209;Entscheidungen definieren:<\/strong> <strong>Beispiele:<\/strong> <strong>&bdquo;Ich bestimme&hellip;<\/strong> &ndash; wann ich pausiere. &ndash; welche <a href=\"http:\/\/www.vitalibera.org\/community\/2026\/07\/04\/adaptive-kleidung-fuer-mehr-selbststaendigkeit-im-alltag-bei-hemiparese\/\"><font color=\"blue\"><img src=\"https:\/\/www.vitalibera.org\/community\/wp-content\/images\/link.png\" width=\"20\" height=\"20\"><u>Kleidung<\/u><\/font><\/a> ich trage. &ndash; welche Musik l&auml;uft. &ndash; welche &Uuml;bung ich heute sicher auslasse, wenn es zu viel ist.&ldquo;<\/li>\n\n\n\n<li><strong>Regel:<\/strong> Jeden Tag mindestens <strong>3 bewusste Entscheidungen<\/strong>, die von dir kommen &ndash; nicht von System, nicht von Gewohnheit.<\/li>\n<\/ul>\n\n\n\n<p>Ziel: Dein Nervensystem lernt: <strong>&bdquo;Ich entscheide wieder.&ldquo;<\/strong><\/p>\n\n\n\n<h5 class=\"wp-block-heading\"><strong>Schritt 3: Routinen als R&uuml;ckeroberungs&#8209;Tool<\/strong><\/h5>\n\n\n\n<ul class=\"wp-block-list\">\n<li><strong>Morgens:<\/strong> <strong>1 feste Sache<\/strong>, die dir das Gef&uuml;hl gibt: <em>&bdquo;Ich starte meinen Tag.&ldquo;<\/em> Beispiel: Kaffee bewusst trinken, 3 Atemz&uuml;ge am offenen Fenster, kurzer Satz an dich: <strong>&bdquo;Das ist mein Tag, nicht nur mein Terminkalender.&ldquo;<\/strong><\/li>\n\n\n\n<li><strong>Tags&uuml;ber:<\/strong> <strong>Energie&#8209;Management statt Heldentum.<\/strong> Plane Pausen ein, bevor du zusammenbrichst. Das ist kein Schw&auml;chezeichen, sondern <strong>strategische Selbstbestimmung<\/strong>.<\/li>\n\n\n\n<li><strong>Abends:<\/strong> 1 Satz aufschreiben: <strong>&bdquo;Heute habe ich mir zur&uuml;ckerobert: &hellip;&ldquo;<\/strong> (z.B. &bdquo;Nein gesagt&ldquo;, &bdquo;Pause gemacht&ldquo;, &bdquo;Hilfe eingefordert&ldquo;, &bdquo;Grenze gesetzt&ldquo;)<\/li>\n<\/ul>\n\n\n\n<p>Ziel: Alltag wird nicht nur &bdquo;&uuml;berstanden&ldquo;, sondern <strong>aktiv gestaltet<\/strong>.<\/p>\n\n\n\n<h4 class=\"wp-block-heading\"><strong>Schritt 4: Umfeld sortieren &ndash; wer ist Verb&uuml;ndeter, wer macht klein?<\/strong><\/h4>\n\n\n\n<ul class=\"wp-block-list\">\n<li><strong>Drei Kategorien:<\/strong> <strong>A &ndash; Verb&uuml;ndete:<\/strong> St&auml;rken dich, h&ouml;ren zu, respektieren deine Grenzen. <strong>B &ndash; Gutmeinende Bremser:<\/strong> &bdquo;&Uuml;berfordere dich nicht&ldquo;, &bdquo;sei froh, dass&hellip;&ldquo; <strong>C &ndash; Energier&auml;uber:<\/strong> Mitleid, Abwertung, Kontrolle.<\/li>\n\n\n\n<li><strong>Konkrete Schritte:<\/strong> <strong>A:<\/strong> N&auml;he halten, offen sprechen, einbeziehen. <strong>B:<\/strong> Grenzen setzen, klar sagen, was du brauchst (&bdquo;Bitte kein Mitleid, sondern&hellip;&ldquo;). <strong>C:<\/strong> Kontakt reduzieren, Gespr&auml;che verk&uuml;rzen, Themen wechseln, notfalls klar benennen.<\/li>\n<\/ul>\n\n\n\n<p>Ziel: Dein Umfeld soll <strong>R&uuml;ckeroberung erm&ouml;glichen, nicht sabotieren.<\/strong><\/p>\n\n\n\n<h5 class=\"wp-block-heading\"><strong>Schritt 5: System konfrontieren &ndash; Rechte statt Dankbarkeit<\/strong><\/h5>\n\n\n\n<ul class=\"wp-block-list\">\n<li><strong>Fragen kl&auml;ren:<\/strong> &ndash; Welche Leistungen, Rechte, Unterst&uuml;tzung stehen dir rechtlich zu? &ndash; Wo wirst du &bdquo;verwaltet&ldquo; statt beteiligt?<\/li>\n\n\n\n<li><strong>S&auml;tze vorbereiten (wie Werkzeuge):<\/strong> &ndash; <strong>&bdquo;Ich m&ouml;chte in Entscheidungen einbezogen werden.&ldquo;<\/strong> &ndash; <strong>&bdquo;Welche Alternativen habe ich?&ldquo;<\/strong> &ndash; <strong>&bdquo;Ich brauche diese Information schriftlich.&ldquo;<\/strong> &ndash; <strong>&bdquo;Ich bin nicht nur Patient, ich bin Beteiligter.&ldquo;<\/strong><\/li>\n\n\n\n<li><strong>Dokumentieren:<\/strong> Notiere dir Gespr&auml;che, Zusagen, Fristen. Das ist nicht misstrauisch &ndash; das ist <strong>Selbstschutz und Selbstbestimmung.<\/strong><\/li>\n<\/ul>\n\n\n\n<p>Ziel: Du gehst vom <strong>Objekt der Versorgung<\/strong> zum <strong>Subjekt mit Anspruch<\/strong>.<\/p>\n\n\n\n<h5 class=\"wp-block-heading\"><strong>Schritt 6: Eigene Story schreiben &ndash; nicht die Akte, sondern du<\/strong><\/h5>\n\n\n\n<ul class=\"wp-block-list\">\n<li><strong>Alte Story <a href=\"http:\/\/www.vitalibera.org\/community\/2025\/10\/29\/symptom-check-der-fast-test\/\"><font color=\"blue\"><img src=\"https:\/\/www.vitalibera.org\/community\/wp-content\/images\/link.png\" width=\"20\" height=\"20\"><u>erkennen<\/u><\/font><\/a>:<\/strong> &bdquo;Ich hatte Pech&ldquo;, &bdquo;Ich bin ein Fall&ldquo;, &bdquo;Ich bin Belastung&ldquo; &ndash; das sind Narrative, die kleben.<\/li>\n\n\n\n<li><strong>Neue Story formulieren:<\/strong> Schreib 5&ndash;10 S&auml;tze, beginnend mit: &ndash; <strong>&bdquo;Ich bin jemand, der&hellip;&ldquo;<\/strong> &ndash; <strong>&bdquo;Mein Leben nach dem Schlag bedeutet f&uuml;r mich&hellip;&ldquo;<\/strong> &ndash; <strong>&bdquo;Ich k&auml;mpfe nicht nur ums &Uuml;berleben, sondern um&hellip;&ldquo;<\/strong><\/li>\n\n\n\n<li><strong>Leit&#8209;Satz w&auml;hlen:<\/strong> Zum Beispiel: <strong>&bdquo;Ich erobere mein Leben zur&uuml;ck &ndash; Schritt f&uuml;r Schritt.&ldquo;<\/strong> oder <strong>&bdquo;Kein Mitleid. Kein Abseits. Kein Zur&uuml;ck.&ldquo;<\/strong><\/li>\n<\/ul>\n\n\n\n<p>Ziel: Deine innere Erz&auml;hlung wird <strong>Kompass<\/strong>, nicht Kette.<\/p>\n\n\n\n<div class=\"wp-block-media-text is-stacked-on-mobile is-vertically-aligned-top\"><figure class=\"wp-block-media-text__media\"><img decoding=\"async\" width=\"259\" height=\"240\" src=\"http:\/\/www.vitalibera.org\/community\/wp-content\/uploads\/2026\/03\/dbc5972683099460054d3dbc8212a892-1.jpg\" alt=\"\" class=\"wp-image-6333 size-full\"><\/figure><div class=\"wp-block-media-text__content\">\n<p><strong>Weitere Informationen<\/strong><br><br><a href=\"https:\/\/www.vitalibera.org\/community\/2026\/04\/01\/glueck-neu-erfinden-nach-neurologischem-schicksal\/\">Gl&uuml;ck neu (er)finden nach neurologischem Schicksal<\/a><\/p>\n\n\n\n<p><a href=\"https:\/\/www.vitalibera.org\/community\/2026\/03\/07\/stigmatisierung-neurologischer-erkrankungen\/\">Stigmatisierung neurologischer Erkrankungen<\/a><\/p>\n\n\n\n<p><a href=\"https:\/\/www.vitalibera.org\/community\/2026\/03\/26\/nach-dem-schicksalsschlag-neue-wege-gehen\/\">Nach dem Schicksalsschlag neue Wege gehen<\/a><\/p>\n\n\n\n<p><a href=\"https:\/\/www.vitalibera.org\/community\/2026\/03\/08\/ehrgeiz-ist-gut-perfektion-ist-besser\/\">Ehrgeiz ist gut, Perfektion ist besser &ndash; und Fortschritt das Ziel<\/a><\/p>\n\n\n\n<p><a href=\"https:\/\/www.vitalibera.org\/community\/2026\/03\/08\/ehrgeiz-ist-gut-perfektion-ist-besser\/\">vitalibera Diskussions-Forum<\/a><\/p>\n\n\n\n<p><a href=\"https:\/\/www.facebook.com\/groups\/2997085857140235\" target=\"_blank\" rel=\"noreferrer noopener\">vitalibera Facebook-Gruppe<\/a><\/p>\n\n\n\n<p><br><br><\/p>\n<\/div><\/div>\n","protected":false},"excerpt":{"rendered":"<p>Strategie: Das Leben nach einem neurologischen Schicksal zur\u00fcckerobern 1. Benennen, was verloren ging \u2013 um es zur\u00fcckzufordern Nicht als Klage, sondern als Anspruch. \u201eIch wei\u00df, was mir genommen wurde. Und ich wei\u00df, was mir geh\u00f6rt.\u201c 2. Den eigenen K\u00f6rper neu lesen Nicht als Feind, nicht als Baustelle. Als Terrain, das man wieder betritt, Schritt f\u00fcr &#8230; <a title=\"Selbstbestimmung ist kein Geschenk. Sie ist ein Weg\" class=\"read-more\" href=\"http:\/\/www.vitalibera.org\/community\/2026\/04\/03\/selbstbestimmung-ist-kein-geschenk-sie-ist-ein-weg\/\" aria-label=\"Mehr Informationen \u00fcber Selbstbestimmung ist kein Geschenk. Sie ist ein Weg\">Weiterlesen<\/a><\/p>\n","protected":false},"author":2,"featured_media":6493,"comment_status":"open","ping_status":"open","sticky":false,"template":"","format":"standard","meta":{"cybocfi_hide_featured_image":"yes","_jetpack_newsletter_access":"","_jetpack_dont_email_post_to_subs":false,"_jetpack_newsletter_tier_id":0,"_jetpack_memberships_contains_paywalled_content":false,"_jetpack_feature_clip_id":0,"_jetpack_memberships_contains_paid_content":false,"footnotes":"","jetpack_publicize_message":"","jetpack_publicize_feature_enabled":true,"jetpack_social_post_already_shared":false,"jetpack_social_options":{"image_generator_settings":{"template":"highway","default_image_id":0,"font":"","enabled":false},"version":2},"jetpack_post_was_ever_published":false},"categories":[25,225,70],"tags":[],"class_list":["post-6492","post","type-post","status-publish","format-standard","has-post-thumbnail","hentry","category-eingeschraenkt-im-alltag","category-hilfe-fuer-angehoerige","category-strategien"],"yoast_head":"<!-- This site is optimized with the Yoast SEO plugin v28.2 - https:\/\/yoast.com\/product\/yoast-seo-wordpress\/ -->\r\n<title>Selbstbestimmung ist kein Geschenk. Sie ist ein Weg - vitalibera.org<\/title>\r\n<meta name=\"robots\" content=\"index, follow, max-snippet:-1, max-image-preview:large, max-video-preview:-1\" \/>\r\n<link rel=\"canonical\" href=\"https:\/\/www.vitalibera.org\/community\/2026\/04\/03\/selbstbestimmung-ist-kein-geschenk-sie-ist-ein-weg\/\" \/>\r\n<meta property=\"og:locale\" content=\"de_DE\" \/>\r\n<meta property=\"og:type\" content=\"article\" \/>\r\n<meta property=\"og:title\" content=\"Selbstbestimmung ist kein Geschenk. Sie ist ein Weg - vitalibera.org\" \/>\r\n<meta property=\"og:description\" content=\"Strategie: Das Leben nach einem neurologischen Schicksal zur\u00fcckerobern 1. Benennen, was verloren ging \u2013 um es zur\u00fcckzufordern Nicht als Klage, sondern als Anspruch. \u201eIch wei\u00df, was mir genommen wurde. Und ich wei\u00df, was mir geh\u00f6rt.\u201c 2. Den eigenen K\u00f6rper neu lesen Nicht als Feind, nicht als Baustelle. Als Terrain, das man wieder betritt, Schritt f\u00fcr ... Weiterlesen\" \/>\r\n<meta property=\"og:url\" content=\"https:\/\/www.vitalibera.org\/community\/2026\/04\/03\/selbstbestimmung-ist-kein-geschenk-sie-ist-ein-weg\/\" \/>\r\n<meta property=\"og:site_name\" content=\"vitalibera.org\" \/>\r\n<meta property=\"article:publisher\" content=\"https:\/\/www.facebook.com\/groups\/2997085857140235\" \/>\r\n<meta property=\"article:published_time\" content=\"2026-04-03T06:33:36+00:00\" \/>\r\n<meta property=\"article:modified_time\" content=\"2026-04-03T06:43:09+00:00\" \/>\r\n<meta property=\"og:image\" content=\"https:\/\/www.vitalibera.org\/community\/wp-content\/uploads\/2026\/04\/schritt.png\" \/>\r\n\t<meta property=\"og:image:width\" content=\"379\" \/>\r\n\t<meta property=\"og:image:height\" content=\"448\" \/>\r\n\t<meta property=\"og:image:type\" content=\"image\/png\" \/>\r\n<meta name=\"author\" content=\"Andreas Jecklin\" \/>\r\n<meta name=\"twitter:card\" content=\"summary_large_image\" \/>\r\n<meta name=\"twitter:label1\" content=\"Verfasst von\" \/>\n\t<meta name=\"twitter:data1\" content=\"Andreas Jecklin\" \/>\n\t<meta name=\"twitter:label2\" content=\"Gesch\u00e4tzte Lesezeit\" \/>\n\t<meta name=\"twitter:data2\" content=\"5\u00a0Minuten\" \/>\r\n<script type=\"application\/ld+json\" class=\"yoast-schema-graph\">{\"@context\":\"https:\\\/\\\/schema.org\",\"@graph\":[{\"@type\":\"Article\",\"@id\":\"https:\\\/\\\/www.vitalibera.org\\\/community\\\/2026\\\/04\\\/03\\\/selbstbestimmung-ist-kein-geschenk-sie-ist-ein-weg\\\/#article\",\"isPartOf\":{\"@id\":\"https:\\\/\\\/www.vitalibera.org\\\/community\\\/2026\\\/04\\\/03\\\/selbstbestimmung-ist-kein-geschenk-sie-ist-ein-weg\\\/\"},\"author\":{\"name\":\"Andreas Jecklin\",\"@id\":\"https:\\\/\\\/www.vitalibera.org\\\/community\\\/#\\\/schema\\\/person\\\/6712387298421f222ff6d0a2e22c1534\"},\"headline\":\"Selbstbestimmung ist kein Geschenk. Sie ist ein Weg\",\"datePublished\":\"2026-04-03T06:33:36+00:00\",\"dateModified\":\"2026-04-03T06:43:09+00:00\",\"mainEntityOfPage\":{\"@id\":\"https:\\\/\\\/www.vitalibera.org\\\/community\\\/2026\\\/04\\\/03\\\/selbstbestimmung-ist-kein-geschenk-sie-ist-ein-weg\\\/\"},\"wordCount\":836,\"commentCount\":0,\"publisher\":{\"@id\":\"https:\\\/\\\/www.vitalibera.org\\\/community\\\/#organization\"},\"image\":{\"@id\":\"https:\\\/\\\/www.vitalibera.org\\\/community\\\/2026\\\/04\\\/03\\\/selbstbestimmung-ist-kein-geschenk-sie-ist-ein-weg\\\/#primaryimage\"},\"thumbnailUrl\":\"http:\\\/\\\/www.vitalibera.org\\\/community\\\/wp-content\\\/uploads\\\/2026\\\/04\\\/schritt.png\",\"articleSection\":[\"Eingeschr\u00e4nkt im Alltag\",\"Hilfe f\u00fcr Angeh\u00f6rige\",\"Strategien\"],\"inLanguage\":\"de\",\"potentialAction\":[{\"@type\":\"CommentAction\",\"name\":\"Comment\",\"target\":[\"https:\\\/\\\/www.vitalibera.org\\\/community\\\/2026\\\/04\\\/03\\\/selbstbestimmung-ist-kein-geschenk-sie-ist-ein-weg\\\/#respond\"]}]},{\"@type\":\"WebPage\",\"@id\":\"https:\\\/\\\/www.vitalibera.org\\\/community\\\/2026\\\/04\\\/03\\\/selbstbestimmung-ist-kein-geschenk-sie-ist-ein-weg\\\/\",\"url\":\"https:\\\/\\\/www.vitalibera.org\\\/community\\\/2026\\\/04\\\/03\\\/selbstbestimmung-ist-kein-geschenk-sie-ist-ein-weg\\\/\",\"name\":\"Selbstbestimmung ist kein Geschenk. Sie ist ein Weg - vitalibera.org\",\"isPartOf\":{\"@id\":\"https:\\\/\\\/www.vitalibera.org\\\/community\\\/#website\"},\"primaryImageOfPage\":{\"@id\":\"https:\\\/\\\/www.vitalibera.org\\\/community\\\/2026\\\/04\\\/03\\\/selbstbestimmung-ist-kein-geschenk-sie-ist-ein-weg\\\/#primaryimage\"},\"image\":{\"@id\":\"https:\\\/\\\/www.vitalibera.org\\\/community\\\/2026\\\/04\\\/03\\\/selbstbestimmung-ist-kein-geschenk-sie-ist-ein-weg\\\/#primaryimage\"},\"thumbnailUrl\":\"http:\\\/\\\/www.vitalibera.org\\\/community\\\/wp-content\\\/uploads\\\/2026\\\/04\\\/schritt.png\",\"datePublished\":\"2026-04-03T06:33:36+00:00\",\"dateModified\":\"2026-04-03T06:43:09+00:00\",\"breadcrumb\":{\"@id\":\"https:\\\/\\\/www.vitalibera.org\\\/community\\\/2026\\\/04\\\/03\\\/selbstbestimmung-ist-kein-geschenk-sie-ist-ein-weg\\\/#breadcrumb\"},\"inLanguage\":\"de\",\"potentialAction\":[{\"@type\":\"ReadAction\",\"target\":[\"https:\\\/\\\/www.vitalibera.org\\\/community\\\/2026\\\/04\\\/03\\\/selbstbestimmung-ist-kein-geschenk-sie-ist-ein-weg\\\/\"]}]},{\"@type\":\"BreadcrumbList\",\"@id\":\"https:\\\/\\\/www.vitalibera.org\\\/community\\\/2026\\\/04\\\/03\\\/selbstbestimmung-ist-kein-geschenk-sie-ist-ein-weg\\\/#breadcrumb\",\"itemListElement\":[{\"@type\":\"ListItem\",\"position\":1,\"name\":\"Startseite\",\"item\":\"https:\\\/\\\/www.vitalibera.org\\\/community\\\/\"},{\"@type\":\"ListItem\",\"position\":2,\"name\":\"Selbstbestimmung ist kein Geschenk. Sie ist ein Weg\"}]},{\"@type\":\"WebSite\",\"@id\":\"https:\\\/\\\/www.vitalibera.org\\\/community\\\/#website\",\"url\":\"https:\\\/\\\/www.vitalibera.org\\\/community\\\/\",\"name\":\"vitalibera.org\",\"description\":\"Mit einer Einschr&auml;nkung gestaltet sich das Leben im Alltag oft schwieriger - hier berichten wir &uuml;ber unsere Erfahrungen und Hilfsmittel um den Alltag so unbeschwert und unkompliziert wie nur m&ouml;glich geniessen zu k&ouml;nnen. Dabei richten wir unseren Fokus gezielt auf Selbst&auml;ndigkeit, Eigenst&auml;ndigkeit und Selbstbestimmung.\",\"publisher\":{\"@id\":\"https:\\\/\\\/www.vitalibera.org\\\/community\\\/#organization\"},\"potentialAction\":[{\"@type\":\"SearchAction\",\"target\":{\"@type\":\"EntryPoint\",\"urlTemplate\":\"https:\\\/\\\/www.vitalibera.org\\\/community\\\/?s={search_term_string}\"},\"query-input\":{\"@type\":\"PropertyValueSpecification\",\"valueRequired\":true,\"valueName\":\"search_term_string\"}}],\"inLanguage\":\"de\"},{\"@type\":\"Organization\",\"@id\":\"https:\\\/\\\/www.vitalibera.org\\\/community\\\/#organization\",\"name\":\"vitalibera.org\",\"url\":\"https:\\\/\\\/www.vitalibera.org\\\/community\\\/\",\"logo\":{\"@type\":\"ImageObject\",\"inLanguage\":\"de\",\"@id\":\"https:\\\/\\\/www.vitalibera.org\\\/community\\\/#\\\/schema\\\/logo\\\/image\\\/\",\"url\":\"http:\\\/\\\/www.vitalibera.org\\\/community\\\/wp-content\\\/uploads\\\/2025\\\/09\\\/cropped-banner.png\",\"contentUrl\":\"http:\\\/\\\/www.vitalibera.org\\\/community\\\/wp-content\\\/uploads\\\/2025\\\/09\\\/cropped-banner.png\",\"width\":991,\"height\":150,\"caption\":\"vitalibera.org\"},\"image\":{\"@id\":\"https:\\\/\\\/www.vitalibera.org\\\/community\\\/#\\\/schema\\\/logo\\\/image\\\/\"},\"sameAs\":[\"https:\\\/\\\/www.facebook.com\\\/groups\\\/2997085857140235\"]},{\"@type\":\"Person\",\"@id\":\"https:\\\/\\\/www.vitalibera.org\\\/community\\\/#\\\/schema\\\/person\\\/6712387298421f222ff6d0a2e22c1534\",\"name\":\"Andreas Jecklin\",\"image\":{\"@type\":\"ImageObject\",\"inLanguage\":\"de\",\"@id\":\"http:\\\/\\\/0.gravatar.com\\\/avatar\\\/ad516503a11cd5ca435acc9bb6523536?s=96\",\"url\":\"http:\\\/\\\/0.gravatar.com\\\/avatar\\\/ad516503a11cd5ca435acc9bb6523536?s=96\",\"contentUrl\":\"http:\\\/\\\/0.gravatar.com\\\/avatar\\\/ad516503a11cd5ca435acc9bb6523536?s=96\",\"caption\":\"Andreas Jecklin\"},\"description\":\"Manchen gab Gott die Kraft Dinge zu ver\u00e4ndern, mir gab er die Kraft zu ertragen was nicht mehr zu \u00e4ndern ist.\",\"url\":\"http:\\\/\\\/www.vitalibera.org\\\/community\\\/author\\\/andy77\\\/\"}]}<\/script>\r\n<!-- \/ Yoast SEO plugin. -->","yoast_head_json":{"title":"Selbstbestimmung ist kein Geschenk. Sie ist ein Weg - vitalibera.org","robots":{"index":"index","follow":"follow","max-snippet":"max-snippet:-1","max-image-preview":"max-image-preview:large","max-video-preview":"max-video-preview:-1"},"canonical":"https:\/\/www.vitalibera.org\/community\/2026\/04\/03\/selbstbestimmung-ist-kein-geschenk-sie-ist-ein-weg\/","og_locale":"de_DE","og_type":"article","og_title":"Selbstbestimmung ist kein Geschenk. Sie ist ein Weg - vitalibera.org","og_description":"Strategie: Das Leben nach einem neurologischen Schicksal zur\u00fcckerobern 1. Benennen, was verloren ging \u2013 um es zur\u00fcckzufordern Nicht als Klage, sondern als Anspruch. \u201eIch wei\u00df, was mir genommen wurde. Und ich wei\u00df, was mir geh\u00f6rt.\u201c 2. Den eigenen K\u00f6rper neu lesen Nicht als Feind, nicht als Baustelle. Als Terrain, das man wieder betritt, Schritt f\u00fcr ... Weiterlesen","og_url":"https:\/\/www.vitalibera.org\/community\/2026\/04\/03\/selbstbestimmung-ist-kein-geschenk-sie-ist-ein-weg\/","og_site_name":"vitalibera.org","article_publisher":"https:\/\/www.facebook.com\/groups\/2997085857140235","article_published_time":"2026-04-03T06:33:36+00:00","article_modified_time":"2026-04-03T06:43:09+00:00","og_image":[{"width":379,"height":448,"url":"https:\/\/www.vitalibera.org\/community\/wp-content\/uploads\/2026\/04\/schritt.png","type":"image\/png"}],"author":"Andreas Jecklin","twitter_card":"summary_large_image","twitter_misc":{"Verfasst von":"Andreas Jecklin","Gesch\u00e4tzte Lesezeit":"5\u00a0Minuten"},"schema":{"@context":"https:\/\/schema.org","@graph":[{"@type":"Article","@id":"https:\/\/www.vitalibera.org\/community\/2026\/04\/03\/selbstbestimmung-ist-kein-geschenk-sie-ist-ein-weg\/#article","isPartOf":{"@id":"https:\/\/www.vitalibera.org\/community\/2026\/04\/03\/selbstbestimmung-ist-kein-geschenk-sie-ist-ein-weg\/"},"author":{"name":"Andreas Jecklin","@id":"https:\/\/www.vitalibera.org\/community\/#\/schema\/person\/6712387298421f222ff6d0a2e22c1534"},"headline":"Selbstbestimmung ist kein Geschenk. Sie ist ein Weg","datePublished":"2026-04-03T06:33:36+00:00","dateModified":"2026-04-03T06:43:09+00:00","mainEntityOfPage":{"@id":"https:\/\/www.vitalibera.org\/community\/2026\/04\/03\/selbstbestimmung-ist-kein-geschenk-sie-ist-ein-weg\/"},"wordCount":836,"commentCount":0,"publisher":{"@id":"https:\/\/www.vitalibera.org\/community\/#organization"},"image":{"@id":"https:\/\/www.vitalibera.org\/community\/2026\/04\/03\/selbstbestimmung-ist-kein-geschenk-sie-ist-ein-weg\/#primaryimage"},"thumbnailUrl":"http:\/\/www.vitalibera.org\/community\/wp-content\/uploads\/2026\/04\/schritt.png","articleSection":["Eingeschr\u00e4nkt im Alltag","Hilfe f\u00fcr Angeh\u00f6rige","Strategien"],"inLanguage":"de","potentialAction":[{"@type":"CommentAction","name":"Comment","target":["https:\/\/www.vitalibera.org\/community\/2026\/04\/03\/selbstbestimmung-ist-kein-geschenk-sie-ist-ein-weg\/#respond"]}]},{"@type":"WebPage","@id":"https:\/\/www.vitalibera.org\/community\/2026\/04\/03\/selbstbestimmung-ist-kein-geschenk-sie-ist-ein-weg\/","url":"https:\/\/www.vitalibera.org\/community\/2026\/04\/03\/selbstbestimmung-ist-kein-geschenk-sie-ist-ein-weg\/","name":"Selbstbestimmung ist kein Geschenk. Sie ist ein Weg - vitalibera.org","isPartOf":{"@id":"https:\/\/www.vitalibera.org\/community\/#website"},"primaryImageOfPage":{"@id":"https:\/\/www.vitalibera.org\/community\/2026\/04\/03\/selbstbestimmung-ist-kein-geschenk-sie-ist-ein-weg\/#primaryimage"},"image":{"@id":"https:\/\/www.vitalibera.org\/community\/2026\/04\/03\/selbstbestimmung-ist-kein-geschenk-sie-ist-ein-weg\/#primaryimage"},"thumbnailUrl":"http:\/\/www.vitalibera.org\/community\/wp-content\/uploads\/2026\/04\/schritt.png","datePublished":"2026-04-03T06:33:36+00:00","dateModified":"2026-04-03T06:43:09+00:00","breadcrumb":{"@id":"https:\/\/www.vitalibera.org\/community\/2026\/04\/03\/selbstbestimmung-ist-kein-geschenk-sie-ist-ein-weg\/#breadcrumb"},"inLanguage":"de","potentialAction":[{"@type":"ReadAction","target":["https:\/\/www.vitalibera.org\/community\/2026\/04\/03\/selbstbestimmung-ist-kein-geschenk-sie-ist-ein-weg\/"]}]},{"@type":"BreadcrumbList","@id":"https:\/\/www.vitalibera.org\/community\/2026\/04\/03\/selbstbestimmung-ist-kein-geschenk-sie-ist-ein-weg\/#breadcrumb","itemListElement":[{"@type":"ListItem","position":1,"name":"Startseite","item":"https:\/\/www.vitalibera.org\/community\/"},{"@type":"ListItem","position":2,"name":"Selbstbestimmung ist kein Geschenk. Sie ist ein Weg"}]},{"@type":"WebSite","@id":"https:\/\/www.vitalibera.org\/community\/#website","url":"https:\/\/www.vitalibera.org\/community\/","name":"vitalibera.org","description":"Mit einer Einschr&auml;nkung gestaltet sich das Leben im Alltag oft schwieriger - hier berichten wir &uuml;ber unsere Erfahrungen und Hilfsmittel um den Alltag so unbeschwert und unkompliziert wie nur m&ouml;glich geniessen zu k&ouml;nnen. Dabei richten wir unseren Fokus gezielt auf Selbst&auml;ndigkeit, Eigenst&auml;ndigkeit und Selbstbestimmung.","publisher":{"@id":"https:\/\/www.vitalibera.org\/community\/#organization"},"potentialAction":[{"@type":"SearchAction","target":{"@type":"EntryPoint","urlTemplate":"https:\/\/www.vitalibera.org\/community\/?s={search_term_string}"},"query-input":{"@type":"PropertyValueSpecification","valueRequired":true,"valueName":"search_term_string"}}],"inLanguage":"de"},{"@type":"Organization","@id":"https:\/\/www.vitalibera.org\/community\/#organization","name":"vitalibera.org","url":"https:\/\/www.vitalibera.org\/community\/","logo":{"@type":"ImageObject","inLanguage":"de","@id":"https:\/\/www.vitalibera.org\/community\/#\/schema\/logo\/image\/","url":"http:\/\/www.vitalibera.org\/community\/wp-content\/uploads\/2025\/09\/cropped-banner.png","contentUrl":"http:\/\/www.vitalibera.org\/community\/wp-content\/uploads\/2025\/09\/cropped-banner.png","width":991,"height":150,"caption":"vitalibera.org"},"image":{"@id":"https:\/\/www.vitalibera.org\/community\/#\/schema\/logo\/image\/"},"sameAs":["https:\/\/www.facebook.com\/groups\/2997085857140235"]},{"@type":"Person","@id":"https:\/\/www.vitalibera.org\/community\/#\/schema\/person\/6712387298421f222ff6d0a2e22c1534","name":"Andreas Jecklin","image":{"@type":"ImageObject","inLanguage":"de","@id":"http:\/\/0.gravatar.com\/avatar\/ad516503a11cd5ca435acc9bb6523536?s=96","url":"http:\/\/0.gravatar.com\/avatar\/ad516503a11cd5ca435acc9bb6523536?s=96","contentUrl":"http:\/\/0.gravatar.com\/avatar\/ad516503a11cd5ca435acc9bb6523536?s=96","caption":"Andreas Jecklin"},"description":"Manchen gab Gott die Kraft Dinge zu ver\u00e4ndern, mir gab er die Kraft zu ertragen was nicht mehr zu \u00e4ndern ist.","url":"http:\/\/www.vitalibera.org\/community\/author\/andy77\/"}]}},"jetpack_publicize_connections":[],"jetpack_sharing_enabled":true,"jetpack-related-posts":[{"id":7393,"url":"http:\/\/www.vitalibera.org\/community\/2026\/05\/18\/warum-du-jetzt-etwas-anderes-brauchst-als-selbstmitleid\/","url_meta":{"origin":6492,"position":0},"title":"Warum du jetzt etwas anderes brauchst als Selbstmitleid","author":"Andreas Jecklin","date":"18 Mai, 2026","format":false,"excerpt":"Selbstmitleid ist ein verst\u00e4ndlicher Reflex, wenn etwas zu viel wird. Es zeigt, dass dein System ersch\u00f6pft ist und nach Entlastung sucht. Aber genau jetzt f\u00fchrt dich Selbstmitleid in eine Richtung, die dir nicht guttut. Es zieht Energie ab, statt sie zur\u00fcckzugeben. Es macht dich passiv, obwohl du gerade Handlungsspielraum brauchst.\u2026","rel":"","context":"In &quot;Alltagsnavigation&quot;","block_context":{"text":"Alltagsnavigation","link":"http:\/\/www.vitalibera.org\/community\/category\/beitraege\/eingeschraenkt-im-alltag\/alltagsnavigation\/"},"img":{"alt_text":"","src":"https:\/\/i0.wp.com\/www.vitalibera.org\/community\/wp-content\/uploads\/2026\/05\/b927630043639d56ceb724990962d0d2.jpg?resize=350%2C200","width":350,"height":200,"srcset":"https:\/\/i0.wp.com\/www.vitalibera.org\/community\/wp-content\/uploads\/2026\/05\/b927630043639d56ceb724990962d0d2.jpg?resize=350%2C200 1x, https:\/\/i0.wp.com\/www.vitalibera.org\/community\/wp-content\/uploads\/2026\/05\/b927630043639d56ceb724990962d0d2.jpg?resize=525%2C300 1.5x, https:\/\/i0.wp.com\/www.vitalibera.org\/community\/wp-content\/uploads\/2026\/05\/b927630043639d56ceb724990962d0d2.jpg?resize=700%2C400 2x, https:\/\/i0.wp.com\/www.vitalibera.org\/community\/wp-content\/uploads\/2026\/05\/b927630043639d56ceb724990962d0d2.jpg?resize=1050%2C600 3x"},"classes":[]},{"id":6386,"url":"http:\/\/www.vitalibera.org\/community\/2026\/03\/25\/ich-will-mein-leben-zurueck\/","url_meta":{"origin":6492,"position":1},"title":"Ich will mein Leben zur\u00fcck!","author":"admin","date":"25 M\u00e4rz, 2026","format":false,"excerpt":"Dieser Satz tr\u00e4gt so viel Gewicht. Wenn jemand sagt \u201eIch will mein Leben zur\u00fcck\u201c, dann steckt darin kein Drama, sondern ein ehrlicher, tiefer Wunsch nach Kontrolle, nach W\u00fcrde, nach einem Gef\u00fchl von \u201eIch bestimme wieder\u201c. Wenn jemand sagt \u201eIch will mein Leben zur\u00fcck\u201c, dann steckt darin kein Drama, sondern ein\u2026","rel":"","context":"In &quot;Fachwissen&quot;","block_context":{"text":"Fachwissen","link":"http:\/\/www.vitalibera.org\/community\/category\/beitraege\/fachwissen\/"},"img":{"alt_text":"","src":"https:\/\/i0.wp.com\/www.vitalibera.org\/community\/wp-content\/uploads\/2026\/03\/moeglich.png?resize=350%2C200","width":350,"height":200},"classes":[]},{"id":6736,"url":"http:\/\/www.vitalibera.org\/community\/2026\/04\/14\/macht-ihr-erstmal-das-durch-was-ich-hinter-mir-habe\/","url_meta":{"origin":6492,"position":2},"title":"Macht ihr erstmal das durch, was ich hinter mir habe","author":"Andreas Jecklin","date":"14 April, 2026","format":false,"excerpt":"Erst verstehen, dann begleiten - Erfahrung ist kein Lehrbuch, sondern ein K\u00f6rper Diskrepanz zwischen Theorie und gelebter Erfahrung Viele Systeme, Fachleute oder Institutionen \u201emachen durch\u201c, was sie denken, dass du brauchst \u2014 wissen aber nicht, was du tats\u00e4chlich durchgemacht hast. Das ist der Kern des Problems: Reha\u2011Strukturen sind linear, dein\u2026","rel":"","context":"In &quot;Hilfe f\u00fcr Angeh\u00f6rige&quot;","block_context":{"text":"Hilfe f\u00fcr Angeh\u00f6rige","link":"http:\/\/www.vitalibera.org\/community\/category\/hilfe-fuer-angehoerige\/"},"img":{"alt_text":"","src":"https:\/\/i0.wp.com\/www.vitalibera.org\/community\/wp-content\/uploads\/2026\/04\/1.png?resize=350%2C200","width":350,"height":200,"srcset":"https:\/\/i0.wp.com\/www.vitalibera.org\/community\/wp-content\/uploads\/2026\/04\/1.png?resize=350%2C200 1x, https:\/\/i0.wp.com\/www.vitalibera.org\/community\/wp-content\/uploads\/2026\/04\/1.png?resize=525%2C300 1.5x, https:\/\/i0.wp.com\/www.vitalibera.org\/community\/wp-content\/uploads\/2026\/04\/1.png?resize=700%2C400 2x, https:\/\/i0.wp.com\/www.vitalibera.org\/community\/wp-content\/uploads\/2026\/04\/1.png?resize=1050%2C600 3x, https:\/\/i0.wp.com\/www.vitalibera.org\/community\/wp-content\/uploads\/2026\/04\/1.png?resize=1400%2C800 4x"},"classes":[]},{"id":6550,"url":"http:\/\/www.vitalibera.org\/community\/2026\/04\/06\/master-frage-warum-gerade-ich\/","url_meta":{"origin":6492,"position":3},"title":"Master-Frage : Warum gerade ich?","author":"Andreas Jecklin","date":"6 April, 2026","format":false,"excerpt":"Wenn jemand \u201eWarum gerade ich\u201c sagt, h\u00f6rt man darin oft Schmerz, Ersch\u00f6pfung, vielleicht auch ein Gef\u00fchl von Ungerechtigkeit oder \u00dcberforderung. Und das ist absolut menschlich. Nach einem neurologischen Ereignis, nach Beh\u00f6rdenk\u00e4mpfen, nach all den Anpassungen, die du stemmen musst: Es w\u00e4re fast seltsam, nicht irgendwann an diesen Punkt zu kommen.\u2026","rel":"","context":"In &quot;sonstige Therapien&quot;","block_context":{"text":"sonstige Therapien","link":"http:\/\/www.vitalibera.org\/community\/category\/eigentherapie-und-trainings\/sonstige-therapien\/"},"img":{"alt_text":"","src":"https:\/\/i0.wp.com\/www.vitalibera.org\/community\/wp-content\/uploads\/2026\/04\/weg.png?resize=350%2C200&ssl=1","width":350,"height":200},"classes":[]},{"id":7163,"url":"http:\/\/www.vitalibera.org\/community\/2026\/05\/07\/zurueck-ins-eigene-leben-den-sinn-wieder-spueren-lernen\/","url_meta":{"origin":6492,"position":4},"title":"Zur\u00fcck ins eigene Leben &#8211; Den Sinn wieder sp\u00fcren lernen","author":"Andreas Jecklin","date":"7 Mai, 2026","format":false,"excerpt":"Nach einem Schlaganfall kann sich das Leben leer anf\u00fchlen \u2013 als w\u00e4re der Sinn verloren gegangen. Das liegt nicht an dir, sondern an einem Gehirn, das unter extremem Stress stand und nun seine emotionale Balance neu finden muss. Traurigkeit, Antriebslosigkeit und depressive Phasen sind keine Schw\u00e4che, sondern Zeichen dieser Neuorganisation.\u2026","rel":"","context":"In &quot;Alltagsnavigation&quot;","block_context":{"text":"Alltagsnavigation","link":"http:\/\/www.vitalibera.org\/community\/category\/beitraege\/eingeschraenkt-im-alltag\/alltagsnavigation\/"},"img":{"alt_text":"","src":"https:\/\/i0.wp.com\/www.vitalibera.org\/community\/wp-content\/uploads\/2026\/05\/hopec13.png?resize=350%2C200","width":350,"height":200,"srcset":"https:\/\/i0.wp.com\/www.vitalibera.org\/community\/wp-content\/uploads\/2026\/05\/hopec13.png?resize=350%2C200 1x, https:\/\/i0.wp.com\/www.vitalibera.org\/community\/wp-content\/uploads\/2026\/05\/hopec13.png?resize=525%2C300 1.5x, https:\/\/i0.wp.com\/www.vitalibera.org\/community\/wp-content\/uploads\/2026\/05\/hopec13.png?resize=700%2C400 2x"},"classes":[]},{"id":2740,"url":"http:\/\/www.vitalibera.org\/community\/2025\/10\/06\/21-ganzkoerperuebungen-fuer-die-schlaganfallreha\/","url_meta":{"origin":6492,"position":5},"title":"21 Ganzk\u00f6rper\u00fcbungen f\u00fcr die Schlaganfallreha","author":"admin","date":"6 Oktober, 2025","format":false,"excerpt":"Reha\u00fcbungen k\u00f6nnen den Schlaganfallpatienten helfen, ihre k\u00f6rperliche Beweglichkeit und Kraft wiederzuerlangen. In den fr\u00fchen Stadien der Genesung nach einem Schlaganfall trainieren die Patienten oft mit Hilfe eines Expertenteams. Sowohl Physio- als auch Ergotherapeuten sind ein gro\u00dfer Gewinn f\u00fcr Ihre Genesung. Nach der Entlassung aus der\u00a0station\u00e4ren Rehabilitation\u00a0ist das Expertenteam nicht oder\u2026","rel":"","context":"In &quot;Ergotherapie&quot;","block_context":{"text":"Ergotherapie","link":"http:\/\/www.vitalibera.org\/community\/category\/eigentherapie-und-trainings\/ergo\/"},"img":{"alt_text":"","src":"https:\/\/i0.wp.com\/www.vitalibera.org\/community\/wp-content\/uploads\/2025\/10\/Brain_sutadimages_shutterstock_1707303565-2-1920x1217-1.jpg?resize=350%2C200","width":350,"height":200,"srcset":"https:\/\/i0.wp.com\/www.vitalibera.org\/community\/wp-content\/uploads\/2025\/10\/Brain_sutadimages_shutterstock_1707303565-2-1920x1217-1.jpg?resize=350%2C200 1x, https:\/\/i0.wp.com\/www.vitalibera.org\/community\/wp-content\/uploads\/2025\/10\/Brain_sutadimages_shutterstock_1707303565-2-1920x1217-1.jpg?resize=525%2C300 1.5x, https:\/\/i0.wp.com\/www.vitalibera.org\/community\/wp-content\/uploads\/2025\/10\/Brain_sutadimages_shutterstock_1707303565-2-1920x1217-1.jpg?resize=700%2C400 2x, https:\/\/i0.wp.com\/www.vitalibera.org\/community\/wp-content\/uploads\/2025\/10\/Brain_sutadimages_shutterstock_1707303565-2-1920x1217-1.jpg?resize=1050%2C600 3x, https:\/\/i0.wp.com\/www.vitalibera.org\/community\/wp-content\/uploads\/2025\/10\/Brain_sutadimages_shutterstock_1707303565-2-1920x1217-1.jpg?resize=1400%2C800 4x"},"classes":[]}],"jetpack_featured_media_url":"http:\/\/www.vitalibera.org\/community\/wp-content\/uploads\/2026\/04\/schritt.png","_links":{"self":[{"href":"http:\/\/www.vitalibera.org\/community\/wp-json\/wp\/v2\/posts\/6492","targetHints":{"allow":["GET"]}}],"collection":[{"href":"http:\/\/www.vitalibera.org\/community\/wp-json\/wp\/v2\/posts"}],"about":[{"href":"http:\/\/www.vitalibera.org\/community\/wp-json\/wp\/v2\/types\/post"}],"author":[{"embeddable":true,"href":"http:\/\/www.vitalibera.org\/community\/wp-json\/wp\/v2\/users\/2"}],"replies":[{"embeddable":true,"href":"http:\/\/www.vitalibera.org\/community\/wp-json\/wp\/v2\/comments?post=6492"}],"version-history":[{"count":0,"href":"http:\/\/www.vitalibera.org\/community\/wp-json\/wp\/v2\/posts\/6492\/revisions"}],"wp:featuredmedia":[{"embeddable":true,"href":"http:\/\/www.vitalibera.org\/community\/wp-json\/wp\/v2\/media\/6493"}],"wp:attachment":[{"href":"http:\/\/www.vitalibera.org\/community\/wp-json\/wp\/v2\/media?parent=6492"}],"wp:term":[{"taxonomy":"category","embeddable":true,"href":"http:\/\/www.vitalibera.org\/community\/wp-json\/wp\/v2\/categories?post=6492"},{"taxonomy":"post_tag","embeddable":true,"href":"http:\/\/www.vitalibera.org\/community\/wp-json\/wp\/v2\/tags?post=6492"}],"curies":[{"name":"wp","href":"https:\/\/api.w.org\/{rel}","templated":true}]}}