{"id":6747,"date":"2026-04-14T19:43:00","date_gmt":"2026-04-14T17:43:00","guid":{"rendered":"https:\/\/www.vitalibera.org\/community\/?p=6747"},"modified":"2026-04-14T19:44:10","modified_gmt":"2026-04-14T17:44:10","slug":"warum-wuerde-selbstbestimmung-in-der-nachsorge-unverzichtbar-sind","status":"publish","type":"post","link":"http:\/\/www.vitalibera.org\/community\/2026\/04\/14\/warum-wuerde-selbstbestimmung-in-der-nachsorge-unverzichtbar-sind\/","title":{"rendered":"Warum W\u00fcrde &amp; Selbstbestimmung in der Nachsorge unverzichtbar sind"},"content":{"rendered":"\n<div class=\"wp-block-media-text is-stacked-on-mobile is-vertically-aligned-top\"><figure class=\"wp-block-media-text__media\"><img fetchpriority=\"high\" decoding=\"async\" width=\"270\" height=\"270\" src=\"https:\/\/www.vitalibera.org\/community\/wp-content\/uploads\/2026\/04\/adios.png\" alt=\"\" class=\"wp-image-6748 size-full\" srcset=\"http:\/\/www.vitalibera.org\/community\/wp-content\/uploads\/2026\/04\/adios.png 270w, http:\/\/www.vitalibera.org\/community\/wp-content\/uploads\/2026\/04\/adios-150x150.png 150w\" sizes=\"(max-width: 270px) 100vw, 270px\" \/><\/figure><div class=\"wp-block-media-text__content\">\n<p>In der <a href=\"http:\/\/www.vitalibera.org\/community\/2026\/07\/16\/trotz-hirnverletzung-nach-vorne-schauen\/\"><font color=\"blue\"><img src=\"https:\/\/www.vitalibera.org\/community\/wp-content\/images\/link.png\" width=\"20\" height=\"20\"><u>Nachsorge<\/u><\/font><\/a> nach einer <a href=\"http:\/\/www.vitalibera.org\/community\/enzyklopaedie\/hirnverletzung\/\" target=\"_self\" title=\"Eine Hirnverletzung (oft als&nbsp;Sch&auml;del-Hirn-Trauma, SHT) ist eine&nbsp;Sch&auml;digung des Gehirns, verursacht durch &auml;u&szlig;ere Gewalteinwirkung (Unfall, Sturz) oder innere Faktoren (Schlaganfall, Tumor). Sie f&uuml;hrt zu k&ouml;rperlichen, kognitiven und verhaltensbezogenen Einschr&auml;nkungen, die oft unsichtbar bleiben. Symptome reichen von Kopfschmerzen bis zu schweren Behinderungen. Wichtige Aspekte der Hirnverletzung: Ursachen:&nbsp;H&auml;ufig durch Schlaganf&auml;lle, Hirnblutungen, Sauerstoffmangel oder St&uuml;rze\/Verkehrsunf&auml;lle (Sch&auml;del-Hirn-Trauma). Formen (SHT):&nbsp;Unterscheidung in&hellip;\" class=\"encyclopedia\">Hirnverletzung<\/a> sind <strong>W&uuml;rde<\/strong> und <strong>Selbstbestimmung<\/strong> nicht &bdquo;nice to have&ldquo;, sondern <strong>medizinisch, psychologisch und sozial essenziell<\/strong>. Ohne sie stagniert Heilung. Mit ihnen entsteht echte <a href=\"http:\/\/www.vitalibera.org\/community\/2026\/07\/14\/orientierungslosigkeit-in-der-akutphase-nach-einer-hirnverletzung\/\"><font color=\"blue\"><img src=\"https:\/\/www.vitalibera.org\/community\/wp-content\/images\/link.png\" width=\"20\" height=\"20\"><u>Rehabilitation<\/u><\/font><\/a>.<\/p>\n\n\n\n<p><\/p>\n<\/div><\/div>\n\n\n\n<p>&bdquo;In der Nachsorge nach einer <a href=\"http:\/\/www.vitalibera.org\/community\/enzyklopaedie\/hirnverletzung\/\" target=\"_self\" title=\"Eine Hirnverletzung (oft als&nbsp;Sch&auml;del-Hirn-Trauma, SHT) ist eine&nbsp;Sch&auml;digung des Gehirns, verursacht durch &auml;u&szlig;ere Gewalteinwirkung (Unfall, Sturz) oder innere Faktoren (Schlaganfall, Tumor). Sie f&uuml;hrt zu k&ouml;rperlichen, kognitiven und verhaltensbezogenen Einschr&auml;nkungen, die oft unsichtbar bleiben. Symptome reichen von Kopfschmerzen bis zu schweren Behinderungen. Wichtige Aspekte der Hirnverletzung: Ursachen:&nbsp;H&auml;ufig durch Schlaganf&auml;lle, Hirnblutungen, Sauerstoffmangel oder St&uuml;rze\/Verkehrsunf&auml;lle (Sch&auml;del-Hirn-Trauma). Formen (SHT):&nbsp;Unterscheidung in&hellip;\" class=\"encyclopedia\">Hirnverletzung<\/a> sind W&uuml;rde und Selbstbestimmung kein Luxus &ndash; sie sind die Grundlage jeder echten Rehabilitation. Menschen brauchen Entscheidungsr&auml;ume, klare Rollen und die Freiheit, ihr Tempo selbst zu bestimmen. Nur so entsteht Heilung, die nicht von au&szlig;en aufgezwungen wird, sondern von innen w&auml;chst. Selbstbestimmung st&auml;rkt Identit&auml;t, sch&uuml;tzt Energie und verhindert Bevormundung. W&uuml;rde bedeutet: Ich bleibe Subjekt meines Lebens &ndash; auch in der Nachsorge.&ldquo;<\/p>\n\n\n\n<h5 class=\"wp-block-heading\"><strong>Warum W&uuml;rde &amp; Selbstbestimmung in der Nachsorge unverzichtbar sind<\/strong><\/h5>\n\n\n\n<h6 class=\"wp-block-heading\">1) <strong>W&uuml;rde stabilisiert Identit&auml;t<\/strong><\/h6>\n\n\n\n<p>Nach einer <a href=\"http:\/\/www.vitalibera.org\/community\/enzyklopaedie\/hirnverletzung\/\" target=\"_self\" title=\"Eine Hirnverletzung (oft als&nbsp;Sch&auml;del-Hirn-Trauma, SHT) ist eine&nbsp;Sch&auml;digung des Gehirns, verursacht durch &auml;u&szlig;ere Gewalteinwirkung (Unfall, Sturz) oder innere Faktoren (Schlaganfall, Tumor). Sie f&uuml;hrt zu k&ouml;rperlichen, kognitiven und verhaltensbezogenen Einschr&auml;nkungen, die oft unsichtbar bleiben. Symptome reichen von Kopfschmerzen bis zu schweren Behinderungen. Wichtige Aspekte der Hirnverletzung: Ursachen:&nbsp;H&auml;ufig durch Schlaganf&auml;lle, Hirnblutungen, Sauerstoffmangel oder St&uuml;rze\/Verkehrsunf&auml;lle (Sch&auml;del-Hirn-Trauma). Formen (SHT):&nbsp;Unterscheidung in&hellip;\" class=\"encyclopedia\">Hirnverletzung<\/a> ist vieles ersch&uuml;ttert: F&auml;higkeiten, Routinen, Rollen. W&uuml;rde bedeutet: <em>Ich bleibe ein vollwertiger Mensch, auch wenn sich mein Funktionsniveau ver&auml;ndert hat.<\/em> Das sch&uuml;tzt vor Scham, R&uuml;ckzug und innerem Kollaps.<\/p>\n\n\n\n<h6 class=\"wp-block-heading\">2) <strong>Selbstbestimmung aktiviert Neuroplastizit&auml;t<\/strong><\/h6>\n\n\n\n<p>Das Gehirn lernt besser, wenn Entscheidungen selbst getroffen werden. Selbstbestimmung = aktive Beteiligung = mehr neuronale Verankerung. Bevormundung dagegen f&uuml;hrt zu Passivit&auml;t und &bdquo;erlernter Hilflosigkeit&ldquo;.<\/p>\n\n\n\n<h6 class=\"wp-block-heading\"><strong>3) W&uuml;rde verhindert &Uuml;bergriffigkeit im System<\/strong><\/h6>\n\n\n\n<p>Gerade in der Nachsorge mischen viele mit: &Auml;rzt:innen, Angeh&ouml;rige, Versicherungen, Therapeut:innen. Ohne klare Selbstbestimmung wird schnell <em>&uuml;ber<\/em> statt <em>mit<\/em> der betroffenen Person entschieden.<\/p>\n\n\n\n<h6 class=\"wp-block-heading\">4) <strong>Selbstbestimmung sch&uuml;tzt Energie<\/strong><\/h6>\n\n\n\n<p>Menschen mit neurologischen Einschr&auml;nkungen haben begrenzte Ressourcen. Wenn sie selbst entscheiden, <strong>wann<\/strong>, <strong>wie<\/strong> und <strong>wieviel<\/strong>, sinkt &Uuml;berlastung &ndash; und die Nachsorge wird nachhaltig.<\/p>\n\n\n\n<div class=\"wp-block-media-text is-stacked-on-mobile is-vertically-aligned-top\"><figure class=\"wp-block-media-text__media\"><img decoding=\"async\" width=\"259\" height=\"240\" src=\"http:\/\/www.vitalibera.org\/community\/wp-content\/uploads\/2026\/03\/745cbf92fc4f0678766766880f6640c6.jpg\" alt=\"\" class=\"wp-image-6332 size-full\"><\/figure><div class=\"wp-block-media-text__content\">\n<p>Wenn ein <a href=\"http:\/\/www.vitalibera.org\/community\/2026\/01\/04\/alternativen-zu-pflegeheim-institutionen\/\"><font color=\"blue\"><img src=\"https:\/\/www.vitalibera.org\/community\/wp-content\/images\/link.png\" width=\"20\" height=\"20\"><u>Pflegeheim<\/u><\/font><\/a> ignoriert, dass <strong>Heilung ein w&uuml;rdiges, angenehmes Umfeld braucht<\/strong>, gibt es drei Ebenen, auf denen du <a href=\"http:\/\/www.vitalibera.org\/community\/2025\/10\/29\/symptom-check-der-fast-test\/\"><font color=\"blue\"><img src=\"https:\/\/www.vitalibera.org\/community\/wp-content\/images\/link.png\" width=\"20\" height=\"20\"><u>handeln<\/u><\/font><\/a> kannst &ndash; klar, strukturiert und ohne dich in endlosen K&auml;mpfen zu verlieren.<\/p>\n\n\n\n<h6 class=\"wp-block-heading\"><strong>1) Benennen &ndash; klar, sachlich, unmissverst&auml;ndlich<\/strong><\/h6>\n\n\n\n<p>Pflegeheime reagieren oft erst, wenn etwas <strong>konkret formuliert<\/strong> wird.<\/p>\n\n\n\n<ul class=\"wp-block-list\">\n<li>&bdquo;Die aktuelle Umgebung beeintr&auml;chtigt Wohlbefinden und Genesung.&ldquo;<\/li>\n\n\n\n<li>&bdquo;Ich brauche eine Anpassung, damit W&uuml;rde und Sicherheit gew&auml;hrleistet sind.&ldquo;<\/li>\n\n\n\n<li>&bdquo;Das ist ein Teil der Pflegequalit&auml;t, nicht optional.&ldquo;<\/li>\n<\/ul>\n\n\n\n<p>Wichtig: Keine Rechtfertigungen, keine Entschuldigungen. Nur Fakten + Bedarf.<\/p>\n\n\n\n<h6 class=\"wp-block-heading\"><strong>2) Dokumentieren &ndash; alles, was ignoriert wird<\/strong><\/h6>\n\n\n\n<p>Das ist dein st&auml;rkstes <a href=\"http:\/\/www.vitalibera.org\/community\/2026\/08\/25\/clever-umfunktioniert-alltagswerkzeuge-als-einhand-helfer-nach-einer-hirnverletzung\/\"><font color=\"blue\"><img src=\"https:\/\/www.vitalibera.org\/community\/wp-content\/images\/link.png\" width=\"20\" height=\"20\"><u>Werkzeug<\/u><\/font><\/a>.<\/p>\n\n\n\n<ul class=\"wp-block-list\">\n<li>Datum, Uhrzeit, Situation<\/li>\n\n\n\n<li>Wer war anwesend<\/li>\n\n\n\n<li>Was wurde gesagt \/ was wurde verweigert<\/li>\n\n\n\n<li>Welche Folgen hatte es f&uuml;r die <a href=\"http:\/\/www.vitalibera.org\/community\/2026\/04\/19\/wenn-reize-laut-werden-und-menschen-leise\/\"><font color=\"blue\"><img src=\"https:\/\/www.vitalibera.org\/community\/wp-content\/images\/link.png\" width=\"20\" height=\"20\"><u>betroffene<\/u><\/font><\/a> Person<\/li>\n<\/ul>\n\n\n\n<p>Dokumentation schafft <strong>Beweisbarkeit<\/strong> &ndash; und ver&auml;ndert sofort die Gespr&auml;chsdynamik.<\/p>\n\n\n\n<h6 class=\"wp-block-heading\"><strong>3) Eskalieren &ndash; aber strukturiert, nicht chaotisch<\/strong><\/h6>\n\n\n\n<p>Wenn Gespr&auml;che nichts bringen:<\/p>\n\n\n\n<ul class=\"wp-block-list\">\n<li><strong>Pflegedienstleitung<\/strong><\/li>\n\n\n\n<li><strong>Heimleitung<\/strong><\/li>\n\n\n\n<li><strong>Qualit&auml;tsverantwortliche \/ Beschwerdestelle<\/strong><\/li>\n\n\n\n<li><strong>Kantonale Aufsicht<\/strong> (z.&#8239;B. Gesundheitsdepartement)<\/li>\n<\/ul>\n\n\n\n<p>Du musst nicht k&auml;mpfen &ndash; du musst nur die richtigen Stellen informieren.<\/p>\n\n\n\n<h6 class=\"wp-block-heading\"><strong>4) Empowerment&#8209;Satz f&uuml;r diese Situation<\/strong><\/h6>\n\n\n\n<p><strong>&bdquo;W&uuml;rde ist kein Extra &ndash; sie ist Pflicht.&ldquo;<\/strong><\/p>\n\n\n\n<p><strong>&bdquo;Wer Heilung ignoriert, verletzt Verantwortung.&ldquo;<\/strong><\/p>\n<\/div><\/div>\n","protected":false},"excerpt":{"rendered":"<p>In der Nachsorge nach einer Hirnverletzung sind W\u00fcrde und Selbstbestimmung nicht \u201enice to have\u201c, sondern medizinisch, psychologisch und sozial essenziell. Ohne sie stagniert Heilung. Mit ihnen entsteht echte Rehabilitation. \u201eIn der Nachsorge nach einer Hirnverletzung sind W\u00fcrde und Selbstbestimmung kein Luxus \u2013 sie sind die Grundlage jeder echten Rehabilitation. Menschen brauchen Entscheidungsr\u00e4ume, klare Rollen und &#8230; <a title=\"Warum W\u00fcrde &amp; Selbstbestimmung in der Nachsorge unverzichtbar sind\" class=\"read-more\" href=\"http:\/\/www.vitalibera.org\/community\/2026\/04\/14\/warum-wuerde-selbstbestimmung-in-der-nachsorge-unverzichtbar-sind\/\" aria-label=\"Mehr Informationen \u00fcber Warum W\u00fcrde &amp; Selbstbestimmung in der Nachsorge unverzichtbar sind\">Weiterlesen<\/a><\/p>\n","protected":false},"author":2,"featured_media":6748,"comment_status":"open","ping_status":"open","sticky":false,"template":"","format":"standard","meta":{"cybocfi_hide_featured_image":"yes","_jetpack_newsletter_access":"","_jetpack_dont_email_post_to_subs":false,"_jetpack_newsletter_tier_id":0,"_jetpack_memberships_contains_paywalled_content":false,"_jetpack_feature_clip_id":0,"_jetpack_memberships_contains_paid_content":false,"footnotes":"","jetpack_publicize_message":"","jetpack_publicize_feature_enabled":true,"jetpack_social_post_already_shared":false,"jetpack_social_options":{"image_generator_settings":{"template":"highway","default_image_id":0,"font":"","enabled":false},"version":2},"jetpack_post_was_ever_published":false},"categories":[225],"tags":[],"class_list":["post-6747","post","type-post","status-publish","format-standard","has-post-thumbnail","hentry","category-hilfe-fuer-angehoerige"],"yoast_head":"<!-- This site is optimized with the Yoast SEO plugin v28.2 - https:\/\/yoast.com\/product\/yoast-seo-wordpress\/ -->\r\n<title>Warum W\u00fcrde &amp; Selbstbestimmung in der Nachsorge unverzichtbar sind - vitalibera.org<\/title>\r\n<meta name=\"robots\" content=\"index, follow, max-snippet:-1, max-image-preview:large, max-video-preview:-1\" \/>\r\n<link rel=\"canonical\" href=\"https:\/\/www.vitalibera.org\/community\/2026\/04\/14\/warum-wuerde-selbstbestimmung-in-der-nachsorge-unverzichtbar-sind\/\" \/>\r\n<meta property=\"og:locale\" content=\"de_DE\" \/>\r\n<meta property=\"og:type\" content=\"article\" \/>\r\n<meta property=\"og:title\" content=\"Warum W\u00fcrde &amp; Selbstbestimmung in der Nachsorge unverzichtbar sind - vitalibera.org\" \/>\r\n<meta property=\"og:description\" content=\"In der Nachsorge nach einer Hirnverletzung sind W\u00fcrde und Selbstbestimmung nicht \u201enice to have\u201c, sondern medizinisch, psychologisch und sozial essenziell. Ohne sie stagniert Heilung. Mit ihnen entsteht echte Rehabilitation. \u201eIn der Nachsorge nach einer Hirnverletzung sind W\u00fcrde und Selbstbestimmung kein Luxus \u2013 sie sind die Grundlage jeder echten Rehabilitation. Menschen brauchen Entscheidungsr\u00e4ume, klare Rollen und ... Weiterlesen\" \/>\r\n<meta property=\"og:url\" content=\"https:\/\/www.vitalibera.org\/community\/2026\/04\/14\/warum-wuerde-selbstbestimmung-in-der-nachsorge-unverzichtbar-sind\/\" \/>\r\n<meta property=\"og:site_name\" content=\"vitalibera.org\" \/>\r\n<meta property=\"article:publisher\" content=\"https:\/\/www.facebook.com\/groups\/2997085857140235\" \/>\r\n<meta property=\"article:published_time\" content=\"2026-04-14T17:43:00+00:00\" \/>\r\n<meta property=\"article:modified_time\" content=\"2026-04-14T17:44:10+00:00\" \/>\r\n<meta property=\"og:image\" content=\"https:\/\/www.vitalibera.org\/community\/wp-content\/uploads\/2026\/04\/adios.png\" \/>\r\n\t<meta property=\"og:image:width\" content=\"270\" \/>\r\n\t<meta property=\"og:image:height\" content=\"270\" \/>\r\n\t<meta property=\"og:image:type\" content=\"image\/png\" \/>\r\n<meta name=\"author\" content=\"Andreas Jecklin\" \/>\r\n<meta name=\"twitter:card\" content=\"summary_large_image\" \/>\r\n<meta name=\"twitter:label1\" content=\"Verfasst von\" \/>\n\t<meta name=\"twitter:data1\" content=\"Andreas Jecklin\" \/>\n\t<meta name=\"twitter:label2\" content=\"Gesch\u00e4tzte Lesezeit\" \/>\n\t<meta name=\"twitter:data2\" content=\"3\u00a0Minuten\" \/>\r\n<script type=\"application\/ld+json\" class=\"yoast-schema-graph\">{\"@context\":\"https:\\\/\\\/schema.org\",\"@graph\":[{\"@type\":\"Article\",\"@id\":\"https:\\\/\\\/www.vitalibera.org\\\/community\\\/2026\\\/04\\\/14\\\/warum-wuerde-selbstbestimmung-in-der-nachsorge-unverzichtbar-sind\\\/#article\",\"isPartOf\":{\"@id\":\"https:\\\/\\\/www.vitalibera.org\\\/community\\\/2026\\\/04\\\/14\\\/warum-wuerde-selbstbestimmung-in-der-nachsorge-unverzichtbar-sind\\\/\"},\"author\":{\"name\":\"Andreas Jecklin\",\"@id\":\"https:\\\/\\\/www.vitalibera.org\\\/community\\\/#\\\/schema\\\/person\\\/6712387298421f222ff6d0a2e22c1534\"},\"headline\":\"Warum W\u00fcrde &amp; Selbstbestimmung in der Nachsorge unverzichtbar sind\",\"datePublished\":\"2026-04-14T17:43:00+00:00\",\"dateModified\":\"2026-04-14T17:44:10+00:00\",\"mainEntityOfPage\":{\"@id\":\"https:\\\/\\\/www.vitalibera.org\\\/community\\\/2026\\\/04\\\/14\\\/warum-wuerde-selbstbestimmung-in-der-nachsorge-unverzichtbar-sind\\\/\"},\"wordCount\":429,\"commentCount\":0,\"publisher\":{\"@id\":\"https:\\\/\\\/www.vitalibera.org\\\/community\\\/#organization\"},\"image\":{\"@id\":\"https:\\\/\\\/www.vitalibera.org\\\/community\\\/2026\\\/04\\\/14\\\/warum-wuerde-selbstbestimmung-in-der-nachsorge-unverzichtbar-sind\\\/#primaryimage\"},\"thumbnailUrl\":\"http:\\\/\\\/www.vitalibera.org\\\/community\\\/wp-content\\\/uploads\\\/2026\\\/04\\\/adios.png\",\"articleSection\":[\"Hilfe f\u00fcr Angeh\u00f6rige\"],\"inLanguage\":\"de\",\"potentialAction\":[{\"@type\":\"CommentAction\",\"name\":\"Comment\",\"target\":[\"https:\\\/\\\/www.vitalibera.org\\\/community\\\/2026\\\/04\\\/14\\\/warum-wuerde-selbstbestimmung-in-der-nachsorge-unverzichtbar-sind\\\/#respond\"]}]},{\"@type\":\"WebPage\",\"@id\":\"https:\\\/\\\/www.vitalibera.org\\\/community\\\/2026\\\/04\\\/14\\\/warum-wuerde-selbstbestimmung-in-der-nachsorge-unverzichtbar-sind\\\/\",\"url\":\"https:\\\/\\\/www.vitalibera.org\\\/community\\\/2026\\\/04\\\/14\\\/warum-wuerde-selbstbestimmung-in-der-nachsorge-unverzichtbar-sind\\\/\",\"name\":\"Warum W\u00fcrde &amp; Selbstbestimmung in der Nachsorge unverzichtbar sind - vitalibera.org\",\"isPartOf\":{\"@id\":\"https:\\\/\\\/www.vitalibera.org\\\/community\\\/#website\"},\"primaryImageOfPage\":{\"@id\":\"https:\\\/\\\/www.vitalibera.org\\\/community\\\/2026\\\/04\\\/14\\\/warum-wuerde-selbstbestimmung-in-der-nachsorge-unverzichtbar-sind\\\/#primaryimage\"},\"image\":{\"@id\":\"https:\\\/\\\/www.vitalibera.org\\\/community\\\/2026\\\/04\\\/14\\\/warum-wuerde-selbstbestimmung-in-der-nachsorge-unverzichtbar-sind\\\/#primaryimage\"},\"thumbnailUrl\":\"http:\\\/\\\/www.vitalibera.org\\\/community\\\/wp-content\\\/uploads\\\/2026\\\/04\\\/adios.png\",\"datePublished\":\"2026-04-14T17:43:00+00:00\",\"dateModified\":\"2026-04-14T17:44:10+00:00\",\"breadcrumb\":{\"@id\":\"https:\\\/\\\/www.vitalibera.org\\\/community\\\/2026\\\/04\\\/14\\\/warum-wuerde-selbstbestimmung-in-der-nachsorge-unverzichtbar-sind\\\/#breadcrumb\"},\"inLanguage\":\"de\",\"potentialAction\":[{\"@type\":\"ReadAction\",\"target\":[\"https:\\\/\\\/www.vitalibera.org\\\/community\\\/2026\\\/04\\\/14\\\/warum-wuerde-selbstbestimmung-in-der-nachsorge-unverzichtbar-sind\\\/\"]}]},{\"@type\":\"BreadcrumbList\",\"@id\":\"https:\\\/\\\/www.vitalibera.org\\\/community\\\/2026\\\/04\\\/14\\\/warum-wuerde-selbstbestimmung-in-der-nachsorge-unverzichtbar-sind\\\/#breadcrumb\",\"itemListElement\":[{\"@type\":\"ListItem\",\"position\":1,\"name\":\"Startseite\",\"item\":\"https:\\\/\\\/www.vitalibera.org\\\/community\\\/\"},{\"@type\":\"ListItem\",\"position\":2,\"name\":\"Warum W\u00fcrde &amp; Selbstbestimmung in der Nachsorge unverzichtbar sind\"}]},{\"@type\":\"WebSite\",\"@id\":\"https:\\\/\\\/www.vitalibera.org\\\/community\\\/#website\",\"url\":\"https:\\\/\\\/www.vitalibera.org\\\/community\\\/\",\"name\":\"vitalibera.org\",\"description\":\"Mit einer Einschr&auml;nkung gestaltet sich das Leben im Alltag oft schwieriger - hier berichten wir &uuml;ber unsere Erfahrungen und Hilfsmittel um den Alltag so unbeschwert und unkompliziert wie nur m&ouml;glich geniessen zu k&ouml;nnen. Dabei richten wir unseren Fokus gezielt auf Selbst&auml;ndigkeit, Eigenst&auml;ndigkeit und Selbstbestimmung.\",\"publisher\":{\"@id\":\"https:\\\/\\\/www.vitalibera.org\\\/community\\\/#organization\"},\"potentialAction\":[{\"@type\":\"SearchAction\",\"target\":{\"@type\":\"EntryPoint\",\"urlTemplate\":\"https:\\\/\\\/www.vitalibera.org\\\/community\\\/?s={search_term_string}\"},\"query-input\":{\"@type\":\"PropertyValueSpecification\",\"valueRequired\":true,\"valueName\":\"search_term_string\"}}],\"inLanguage\":\"de\"},{\"@type\":\"Organization\",\"@id\":\"https:\\\/\\\/www.vitalibera.org\\\/community\\\/#organization\",\"name\":\"vitalibera.org\",\"url\":\"https:\\\/\\\/www.vitalibera.org\\\/community\\\/\",\"logo\":{\"@type\":\"ImageObject\",\"inLanguage\":\"de\",\"@id\":\"https:\\\/\\\/www.vitalibera.org\\\/community\\\/#\\\/schema\\\/logo\\\/image\\\/\",\"url\":\"http:\\\/\\\/www.vitalibera.org\\\/community\\\/wp-content\\\/uploads\\\/2025\\\/09\\\/cropped-banner.png\",\"contentUrl\":\"http:\\\/\\\/www.vitalibera.org\\\/community\\\/wp-content\\\/uploads\\\/2025\\\/09\\\/cropped-banner.png\",\"width\":991,\"height\":150,\"caption\":\"vitalibera.org\"},\"image\":{\"@id\":\"https:\\\/\\\/www.vitalibera.org\\\/community\\\/#\\\/schema\\\/logo\\\/image\\\/\"},\"sameAs\":[\"https:\\\/\\\/www.facebook.com\\\/groups\\\/2997085857140235\"]},{\"@type\":\"Person\",\"@id\":\"https:\\\/\\\/www.vitalibera.org\\\/community\\\/#\\\/schema\\\/person\\\/6712387298421f222ff6d0a2e22c1534\",\"name\":\"Andreas Jecklin\",\"image\":{\"@type\":\"ImageObject\",\"inLanguage\":\"de\",\"@id\":\"http:\\\/\\\/0.gravatar.com\\\/avatar\\\/ad516503a11cd5ca435acc9bb6523536?s=96\",\"url\":\"http:\\\/\\\/0.gravatar.com\\\/avatar\\\/ad516503a11cd5ca435acc9bb6523536?s=96\",\"contentUrl\":\"http:\\\/\\\/0.gravatar.com\\\/avatar\\\/ad516503a11cd5ca435acc9bb6523536?s=96\",\"caption\":\"Andreas Jecklin\"},\"description\":\"Manchen gab Gott die Kraft Dinge zu ver\u00e4ndern, mir gab er die Kraft zu ertragen was nicht mehr zu \u00e4ndern ist.\",\"url\":\"http:\\\/\\\/www.vitalibera.org\\\/community\\\/author\\\/andy77\\\/\"}]}<\/script>\r\n<!-- \/ Yoast SEO plugin. -->","yoast_head_json":{"title":"Warum W\u00fcrde &amp; Selbstbestimmung in der Nachsorge unverzichtbar sind - vitalibera.org","robots":{"index":"index","follow":"follow","max-snippet":"max-snippet:-1","max-image-preview":"max-image-preview:large","max-video-preview":"max-video-preview:-1"},"canonical":"https:\/\/www.vitalibera.org\/community\/2026\/04\/14\/warum-wuerde-selbstbestimmung-in-der-nachsorge-unverzichtbar-sind\/","og_locale":"de_DE","og_type":"article","og_title":"Warum W\u00fcrde &amp; Selbstbestimmung in der Nachsorge unverzichtbar sind - vitalibera.org","og_description":"In der Nachsorge nach einer Hirnverletzung sind W\u00fcrde und Selbstbestimmung nicht \u201enice to have\u201c, sondern medizinisch, psychologisch und sozial essenziell. Ohne sie stagniert Heilung. Mit ihnen entsteht echte Rehabilitation. \u201eIn der Nachsorge nach einer Hirnverletzung sind W\u00fcrde und Selbstbestimmung kein Luxus \u2013 sie sind die Grundlage jeder echten Rehabilitation. Menschen brauchen Entscheidungsr\u00e4ume, klare Rollen und ... Weiterlesen","og_url":"https:\/\/www.vitalibera.org\/community\/2026\/04\/14\/warum-wuerde-selbstbestimmung-in-der-nachsorge-unverzichtbar-sind\/","og_site_name":"vitalibera.org","article_publisher":"https:\/\/www.facebook.com\/groups\/2997085857140235","article_published_time":"2026-04-14T17:43:00+00:00","article_modified_time":"2026-04-14T17:44:10+00:00","og_image":[{"width":270,"height":270,"url":"https:\/\/www.vitalibera.org\/community\/wp-content\/uploads\/2026\/04\/adios.png","type":"image\/png"}],"author":"Andreas Jecklin","twitter_card":"summary_large_image","twitter_misc":{"Verfasst von":"Andreas Jecklin","Gesch\u00e4tzte Lesezeit":"3\u00a0Minuten"},"schema":{"@context":"https:\/\/schema.org","@graph":[{"@type":"Article","@id":"https:\/\/www.vitalibera.org\/community\/2026\/04\/14\/warum-wuerde-selbstbestimmung-in-der-nachsorge-unverzichtbar-sind\/#article","isPartOf":{"@id":"https:\/\/www.vitalibera.org\/community\/2026\/04\/14\/warum-wuerde-selbstbestimmung-in-der-nachsorge-unverzichtbar-sind\/"},"author":{"name":"Andreas Jecklin","@id":"https:\/\/www.vitalibera.org\/community\/#\/schema\/person\/6712387298421f222ff6d0a2e22c1534"},"headline":"Warum W\u00fcrde &amp; Selbstbestimmung in der Nachsorge unverzichtbar sind","datePublished":"2026-04-14T17:43:00+00:00","dateModified":"2026-04-14T17:44:10+00:00","mainEntityOfPage":{"@id":"https:\/\/www.vitalibera.org\/community\/2026\/04\/14\/warum-wuerde-selbstbestimmung-in-der-nachsorge-unverzichtbar-sind\/"},"wordCount":429,"commentCount":0,"publisher":{"@id":"https:\/\/www.vitalibera.org\/community\/#organization"},"image":{"@id":"https:\/\/www.vitalibera.org\/community\/2026\/04\/14\/warum-wuerde-selbstbestimmung-in-der-nachsorge-unverzichtbar-sind\/#primaryimage"},"thumbnailUrl":"http:\/\/www.vitalibera.org\/community\/wp-content\/uploads\/2026\/04\/adios.png","articleSection":["Hilfe f\u00fcr Angeh\u00f6rige"],"inLanguage":"de","potentialAction":[{"@type":"CommentAction","name":"Comment","target":["https:\/\/www.vitalibera.org\/community\/2026\/04\/14\/warum-wuerde-selbstbestimmung-in-der-nachsorge-unverzichtbar-sind\/#respond"]}]},{"@type":"WebPage","@id":"https:\/\/www.vitalibera.org\/community\/2026\/04\/14\/warum-wuerde-selbstbestimmung-in-der-nachsorge-unverzichtbar-sind\/","url":"https:\/\/www.vitalibera.org\/community\/2026\/04\/14\/warum-wuerde-selbstbestimmung-in-der-nachsorge-unverzichtbar-sind\/","name":"Warum W\u00fcrde &amp; Selbstbestimmung in der Nachsorge unverzichtbar sind - vitalibera.org","isPartOf":{"@id":"https:\/\/www.vitalibera.org\/community\/#website"},"primaryImageOfPage":{"@id":"https:\/\/www.vitalibera.org\/community\/2026\/04\/14\/warum-wuerde-selbstbestimmung-in-der-nachsorge-unverzichtbar-sind\/#primaryimage"},"image":{"@id":"https:\/\/www.vitalibera.org\/community\/2026\/04\/14\/warum-wuerde-selbstbestimmung-in-der-nachsorge-unverzichtbar-sind\/#primaryimage"},"thumbnailUrl":"http:\/\/www.vitalibera.org\/community\/wp-content\/uploads\/2026\/04\/adios.png","datePublished":"2026-04-14T17:43:00+00:00","dateModified":"2026-04-14T17:44:10+00:00","breadcrumb":{"@id":"https:\/\/www.vitalibera.org\/community\/2026\/04\/14\/warum-wuerde-selbstbestimmung-in-der-nachsorge-unverzichtbar-sind\/#breadcrumb"},"inLanguage":"de","potentialAction":[{"@type":"ReadAction","target":["https:\/\/www.vitalibera.org\/community\/2026\/04\/14\/warum-wuerde-selbstbestimmung-in-der-nachsorge-unverzichtbar-sind\/"]}]},{"@type":"BreadcrumbList","@id":"https:\/\/www.vitalibera.org\/community\/2026\/04\/14\/warum-wuerde-selbstbestimmung-in-der-nachsorge-unverzichtbar-sind\/#breadcrumb","itemListElement":[{"@type":"ListItem","position":1,"name":"Startseite","item":"https:\/\/www.vitalibera.org\/community\/"},{"@type":"ListItem","position":2,"name":"Warum W\u00fcrde &amp; Selbstbestimmung in der Nachsorge unverzichtbar sind"}]},{"@type":"WebSite","@id":"https:\/\/www.vitalibera.org\/community\/#website","url":"https:\/\/www.vitalibera.org\/community\/","name":"vitalibera.org","description":"Mit einer Einschr&auml;nkung gestaltet sich das Leben im Alltag oft schwieriger - hier berichten wir &uuml;ber unsere Erfahrungen und Hilfsmittel um den Alltag so unbeschwert und unkompliziert wie nur m&ouml;glich geniessen zu k&ouml;nnen. Dabei richten wir unseren Fokus gezielt auf Selbst&auml;ndigkeit, Eigenst&auml;ndigkeit und Selbstbestimmung.","publisher":{"@id":"https:\/\/www.vitalibera.org\/community\/#organization"},"potentialAction":[{"@type":"SearchAction","target":{"@type":"EntryPoint","urlTemplate":"https:\/\/www.vitalibera.org\/community\/?s={search_term_string}"},"query-input":{"@type":"PropertyValueSpecification","valueRequired":true,"valueName":"search_term_string"}}],"inLanguage":"de"},{"@type":"Organization","@id":"https:\/\/www.vitalibera.org\/community\/#organization","name":"vitalibera.org","url":"https:\/\/www.vitalibera.org\/community\/","logo":{"@type":"ImageObject","inLanguage":"de","@id":"https:\/\/www.vitalibera.org\/community\/#\/schema\/logo\/image\/","url":"http:\/\/www.vitalibera.org\/community\/wp-content\/uploads\/2025\/09\/cropped-banner.png","contentUrl":"http:\/\/www.vitalibera.org\/community\/wp-content\/uploads\/2025\/09\/cropped-banner.png","width":991,"height":150,"caption":"vitalibera.org"},"image":{"@id":"https:\/\/www.vitalibera.org\/community\/#\/schema\/logo\/image\/"},"sameAs":["https:\/\/www.facebook.com\/groups\/2997085857140235"]},{"@type":"Person","@id":"https:\/\/www.vitalibera.org\/community\/#\/schema\/person\/6712387298421f222ff6d0a2e22c1534","name":"Andreas Jecklin","image":{"@type":"ImageObject","inLanguage":"de","@id":"http:\/\/0.gravatar.com\/avatar\/ad516503a11cd5ca435acc9bb6523536?s=96","url":"http:\/\/0.gravatar.com\/avatar\/ad516503a11cd5ca435acc9bb6523536?s=96","contentUrl":"http:\/\/0.gravatar.com\/avatar\/ad516503a11cd5ca435acc9bb6523536?s=96","caption":"Andreas Jecklin"},"description":"Manchen gab Gott die Kraft Dinge zu ver\u00e4ndern, mir gab er die Kraft zu ertragen was nicht mehr zu \u00e4ndern ist.","url":"http:\/\/www.vitalibera.org\/community\/author\/andy77\/"}]}},"jetpack_publicize_connections":[],"jetpack_sharing_enabled":true,"jetpack-related-posts":[{"id":6736,"url":"http:\/\/www.vitalibera.org\/community\/2026\/04\/14\/macht-ihr-erstmal-das-durch-was-ich-hinter-mir-habe\/","url_meta":{"origin":6747,"position":0},"title":"Macht ihr erstmal das durch, was ich hinter mir habe","author":"Andreas Jecklin","date":"14 April, 2026","format":false,"excerpt":"Erst verstehen, dann begleiten - Erfahrung ist kein Lehrbuch, sondern ein K\u00f6rper Diskrepanz zwischen Theorie und gelebter Erfahrung Viele Systeme, Fachleute oder Institutionen \u201emachen durch\u201c, was sie denken, dass du brauchst \u2014 wissen aber nicht, was du tats\u00e4chlich durchgemacht hast. Das ist der Kern des Problems: Reha\u2011Strukturen sind linear, dein\u2026","rel":"","context":"In &quot;Hilfe f\u00fcr Angeh\u00f6rige&quot;","block_context":{"text":"Hilfe f\u00fcr Angeh\u00f6rige","link":"http:\/\/www.vitalibera.org\/community\/category\/hilfe-fuer-angehoerige\/"},"img":{"alt_text":"","src":"https:\/\/i0.wp.com\/www.vitalibera.org\/community\/wp-content\/uploads\/2026\/04\/1.png?resize=350%2C200","width":350,"height":200,"srcset":"https:\/\/i0.wp.com\/www.vitalibera.org\/community\/wp-content\/uploads\/2026\/04\/1.png?resize=350%2C200 1x, https:\/\/i0.wp.com\/www.vitalibera.org\/community\/wp-content\/uploads\/2026\/04\/1.png?resize=525%2C300 1.5x, https:\/\/i0.wp.com\/www.vitalibera.org\/community\/wp-content\/uploads\/2026\/04\/1.png?resize=700%2C400 2x, https:\/\/i0.wp.com\/www.vitalibera.org\/community\/wp-content\/uploads\/2026\/04\/1.png?resize=1050%2C600 3x, https:\/\/i0.wp.com\/www.vitalibera.org\/community\/wp-content\/uploads\/2026\/04\/1.png?resize=1400%2C800 4x"},"classes":[]},{"id":7346,"url":"http:\/\/www.vitalibera.org\/community\/2026\/05\/13\/wenn-strukturen-nicht-halten-halte-ich-mich\/","url_meta":{"origin":6747,"position":1},"title":"Wenn Strukturen nicht halten, halte ich mich!","author":"Andreas Jecklin","date":"13 Mai, 2026","format":false,"excerpt":"\u201eZwischen Versorgung und Wirklichkeit\u201c Nach einer Hirnverletzung merkt man schnell, wie gro\u00df die L\u00fccke zwischen Anspruch und Realit\u00e4t sein kann. Auf dem Papier gibt es Unterst\u00fctzung, Wege, Zust\u00e4ndigkeiten. In der Praxis f\u00fchlt es sich oft anders an: zu wenig Orientierung, zu viel B\u00fcrokratie, zu viele T\u00fcren, die sich nicht \u00f6ffnen.\u2026","rel":"","context":"In &quot;Alltagsnavigation&quot;","block_context":{"text":"Alltagsnavigation","link":"http:\/\/www.vitalibera.org\/community\/category\/beitraege\/eingeschraenkt-im-alltag\/alltagsnavigation\/"},"img":{"alt_text":"","src":"https:\/\/i0.wp.com\/www.vitalibera.org\/community\/wp-content\/uploads\/2026\/05\/hang.png?resize=350%2C200","width":350,"height":200,"srcset":"https:\/\/i0.wp.com\/www.vitalibera.org\/community\/wp-content\/uploads\/2026\/05\/hang.png?resize=350%2C200 1x, https:\/\/i0.wp.com\/www.vitalibera.org\/community\/wp-content\/uploads\/2026\/05\/hang.png?resize=525%2C300 1.5x, https:\/\/i0.wp.com\/www.vitalibera.org\/community\/wp-content\/uploads\/2026\/05\/hang.png?resize=700%2C400 2x, https:\/\/i0.wp.com\/www.vitalibera.org\/community\/wp-content\/uploads\/2026\/05\/hang.png?resize=1050%2C600 3x"},"classes":[]},{"id":8594,"url":"http:\/\/www.vitalibera.org\/community\/2026\/07\/16\/nicht-auf-die-hirnverletzung-reduziert-werden-wege-zu-selbstvertrauen-und-selbstbestimmung-im-alltag\/","url_meta":{"origin":6747,"position":2},"title":"Nicht auf die Hirnverletzung reduziert werden &#8211; Wege zu Selbstvertrauen und Selbstbestimmung im Alltag","author":"Andreas Jecklin","date":"16 Juli, 2026","format":false,"excerpt":"Eine Hirnverletzung kann das Leben tiefgreifend ver\u00e4ndern. Viele Betroffene erleben nicht nur k\u00f6rperliche, kognitive oder emotionale Herausforderungen, sondern auch die Erfahrung, von anderen vor allem \u00fcber ihre Einschr\u00e4nkungen wahrgenommen zu werden. Dabei besteht die Gefahr, dass die Diagnose nach und nach die gesamte Identit\u00e4t zu bestimmen scheint. F\u00fcr eine gelingende\u2026","rel":"","context":"In &quot;Alltag&quot;","block_context":{"text":"Alltag","link":"http:\/\/www.vitalibera.org\/community\/category\/beitraege\/eingeschraenkt-im-alltag\/alltag\/"},"img":{"alt_text":"","src":"https:\/\/i0.wp.com\/www.vitalibera.org\/community\/wp-content\/uploads\/2026\/07\/selbstbestimmt.png?resize=350%2C200","width":350,"height":200},"classes":[]},{"id":7385,"url":"http:\/\/www.vitalibera.org\/community\/2026\/05\/16\/nach-der-rehabilitation-der-neue-weg-hinter-der-mauer\/","url_meta":{"origin":6747,"position":3},"title":"Nach der Rehabilitation &#8211; Der neue Weg hinter der Mauer","author":"Andreas Jecklin","date":"16 Mai, 2026","format":false,"excerpt":"Die Zeit nach der Rehabilitation f\u00fchlt sich f\u00fcr viele Menschen mit Hirnverletzung an wie eine gro\u00dfe graue Mauer. Der Alltag ist wieder da, aber er wirkt fremd, laut und un\u00fcbersichtlich. Routinen, die fr\u00fcher selbstverst\u00e4ndlich waren, brauchen heute mehr Kraft. Zukunftspl\u00e4ne verschwimmen. Und oft fehlt die Unterst\u00fctzung, die man genau jetzt\u2026","rel":"","context":"In &quot;Alltagsnavigation&quot;","block_context":{"text":"Alltagsnavigation","link":"http:\/\/www.vitalibera.org\/community\/category\/beitraege\/eingeschraenkt-im-alltag\/alltagsnavigation\/"},"img":{"alt_text":"","src":"https:\/\/i0.wp.com\/www.vitalibera.org\/community\/wp-content\/uploads\/2026\/05\/1ad8f65255b7d87f383f15bb5a1f7b72-1.jpg?resize=350%2C200","width":350,"height":200},"classes":[]},{"id":8601,"url":"http:\/\/www.vitalibera.org\/community\/2026\/07\/16\/wie-du-einen-menschen-nach-einer-hirnverletzung-zuhause-achtsam-begleiten-kannst\/","url_meta":{"origin":6747,"position":4},"title":"Wie du einen Menschen nach einer Hirnverletzung zuhause achtsam begleiten kannst","author":"Andreas Jecklin","date":"16 Juli, 2026","format":false,"excerpt":"Die R\u00fcckkehr nach Hause markiert f\u00fcr viele Betroffene einen wichtigen Schritt auf dem Weg zur\u00fcck in den Alltag. Nach der Rehabilitation beginnt jedoch oft eine neue Herausforderung \u2013 nicht nur f\u00fcr den Betroffenen selbst, sondern auch f\u00fcr die Angeh\u00f6rigen. Die Kunst besteht darin, Unterst\u00fctzung zu geben, ohne die Selbstst\u00e4ndigkeit einzuschr\u00e4nken,\u2026","rel":"","context":"In &quot;Hilfe f\u00fcr Angeh\u00f6rige&quot;","block_context":{"text":"Hilfe f\u00fcr Angeh\u00f6rige","link":"http:\/\/www.vitalibera.org\/community\/category\/hilfe-fuer-angehoerige\/"},"img":{"alt_text":"","src":"https:\/\/i0.wp.com\/www.vitalibera.org\/community\/wp-content\/uploads\/2026\/07\/angehoepflege151340.png?resize=350%2C200","width":350,"height":200},"classes":[]},{"id":7799,"url":"http:\/\/www.vitalibera.org\/community\/2026\/06\/07\/beistandschaft-und-betreuung-zwischen-schutz-und-selbstbestimmung\/","url_meta":{"origin":6747,"position":5},"title":"Beistandschaft und Betreuung &#8211; zwischen Schutz und Selbstbestimmung","author":"Andreas Jecklin","date":"7 Juni, 2026","format":false,"excerpt":"Zwischen Schutz und Selbstbestimmung \u2013 Beistandschaft und Betreuung in der akuten Phase nach einer Hirnverletzung. Die akute Phase nach einer Hirnverletzung ist f\u00fcr Betroffene in der Schweiz wie auch in Deutschland eine Zeit tiefgreifender k\u00f6rperlicher, kognitiver und emotionaler Belastung. In dieser fr\u00fchen Rehabilitationsphase stehen oft grundlegende Aufgaben im Vordergrund: Stabilisierung,\u2026","rel":"","context":"In &quot;Alltagsnavigation&quot;","block_context":{"text":"Alltagsnavigation","link":"http:\/\/www.vitalibera.org\/community\/category\/beitraege\/eingeschraenkt-im-alltag\/alltagsnavigation\/"},"img":{"alt_text":"","src":"https:\/\/i0.wp.com\/www.vitalibera.org\/community\/wp-content\/uploads\/2026\/06\/tko.jpg?resize=350%2C200","width":350,"height":200,"srcset":"https:\/\/i0.wp.com\/www.vitalibera.org\/community\/wp-content\/uploads\/2026\/06\/tko.jpg?resize=350%2C200 1x, https:\/\/i0.wp.com\/www.vitalibera.org\/community\/wp-content\/uploads\/2026\/06\/tko.jpg?resize=525%2C300 1.5x"},"classes":[]}],"jetpack_featured_media_url":"http:\/\/www.vitalibera.org\/community\/wp-content\/uploads\/2026\/04\/adios.png","_links":{"self":[{"href":"http:\/\/www.vitalibera.org\/community\/wp-json\/wp\/v2\/posts\/6747","targetHints":{"allow":["GET"]}}],"collection":[{"href":"http:\/\/www.vitalibera.org\/community\/wp-json\/wp\/v2\/posts"}],"about":[{"href":"http:\/\/www.vitalibera.org\/community\/wp-json\/wp\/v2\/types\/post"}],"author":[{"embeddable":true,"href":"http:\/\/www.vitalibera.org\/community\/wp-json\/wp\/v2\/users\/2"}],"replies":[{"embeddable":true,"href":"http:\/\/www.vitalibera.org\/community\/wp-json\/wp\/v2\/comments?post=6747"}],"version-history":[{"count":0,"href":"http:\/\/www.vitalibera.org\/community\/wp-json\/wp\/v2\/posts\/6747\/revisions"}],"wp:featuredmedia":[{"embeddable":true,"href":"http:\/\/www.vitalibera.org\/community\/wp-json\/wp\/v2\/media\/6748"}],"wp:attachment":[{"href":"http:\/\/www.vitalibera.org\/community\/wp-json\/wp\/v2\/media?parent=6747"}],"wp:term":[{"taxonomy":"category","embeddable":true,"href":"http:\/\/www.vitalibera.org\/community\/wp-json\/wp\/v2\/categories?post=6747"},{"taxonomy":"post_tag","embeddable":true,"href":"http:\/\/www.vitalibera.org\/community\/wp-json\/wp\/v2\/tags?post=6747"}],"curies":[{"name":"wp","href":"https:\/\/api.w.org\/{rel}","templated":true}]}}