{"id":6857,"date":"2026-04-19T19:21:17","date_gmt":"2026-04-19T17:21:17","guid":{"rendered":"https:\/\/www.vitalibera.org\/community\/?p=6857"},"modified":"2026-04-22T18:54:07","modified_gmt":"2026-04-22T16:54:07","slug":"wenn-reize-laut-werden-und-menschen-leise","status":"publish","type":"post","link":"http:\/\/www.vitalibera.org\/community\/2026\/04\/19\/wenn-reize-laut-werden-und-menschen-leise\/","title":{"rendered":"Wenn Reize laut werden und Menschen leise"},"content":{"rendered":"\n<div class=\"wp-block-media-text is-stacked-on-mobile is-vertically-aligned-top\"><figure class=\"wp-block-media-text__media\"><img decoding=\"async\" width=\"200\" height=\"200\" src=\"https:\/\/www.vitalibera.org\/community\/wp-content\/uploads\/2026\/04\/alonecolor511.png\" alt=\"\" class=\"wp-image-6858 size-full\" srcset=\"http:\/\/www.vitalibera.org\/community\/wp-content\/uploads\/2026\/04\/alonecolor511.png 200w, http:\/\/www.vitalibera.org\/community\/wp-content\/uploads\/2026\/04\/alonecolor511-150x150.png 150w\" sizes=\"(max-width: 200px) 100vw, 200px\" \/><\/figure><div class=\"wp-block-media-text__content\">\n<p>Eine <a href=\"http:\/\/www.vitalibera.org\/community\/enzyklopaedie\/hirnverletzung\/\" target=\"_self\" title=\"Eine Hirnverletzung (oft als&nbsp;Sch&auml;del-Hirn-Trauma, SHT) ist eine&nbsp;Sch&auml;digung des Gehirns, verursacht durch &auml;u&szlig;ere Gewalteinwirkung (Unfall, Sturz) oder innere Faktoren (Schlaganfall, Tumor). Sie f&uuml;hrt zu k&ouml;rperlichen, kognitiven und verhaltensbezogenen Einschr&auml;nkungen, die oft unsichtbar bleiben. Symptome reichen von Kopfschmerzen bis zu schweren Behinderungen. Wichtige Aspekte der Hirnverletzung: Ursachen:&nbsp;H&auml;ufig durch Schlaganf&auml;lle, Hirnblutungen, Sauerstoffmangel oder St&uuml;rze\/Verkehrsunf&auml;lle (Sch&auml;del-Hirn-Trauma). Formen (SHT):&nbsp;Unterscheidung in&hellip;\" class=\"encyclopedia\">Hirnverletzung<\/a> ver&auml;ndert nicht nur das Denken, die Energie und den K&ouml;rper &ndash; sie ver&auml;ndert auch die N&auml;he zu anderen Menschen. Gespr&auml;che werden anstrengender, Reize lauter, Beziehungen komplizierter. Vieles, was fr&uuml;her selbstverst&auml;ndlich war, kostet heute Kraft.<\/p>\n\n\n\n<p>Einsamkeit entsteht dann nicht, weil man &bdquo;zu wenig versucht&ldquo;, sondern weil das Gehirn selbst anders reagiert. Und genau deshalb braucht es neue Wege, neue Formen von Kontakt und neue Regeln, die sch&uuml;tzen statt &uuml;berfordern.<\/p>\n\n\n\n<p>Einsamkeit ist kein pers&ouml;nliches Scheitern. Sie ist ein Signal: Das System braucht andere Bedingungen, um wieder Verbindung zu sp&uuml;ren.<\/p>\n\n\n\n<p><\/p>\n<\/div><\/div>\n\n\n\n<p class=\"has-medium-font-size\"><strong>Strategie gegen Einsamkeit nach <a href=\"http:\/\/www.vitalibera.org\/community\/enzyklopaedie\/hirnverletzung\/\" target=\"_self\" title=\"Eine Hirnverletzung (oft als&nbsp;Sch&auml;del-Hirn-Trauma, SHT) ist eine&nbsp;Sch&auml;digung des Gehirns, verursacht durch &auml;u&szlig;ere Gewalteinwirkung (Unfall, Sturz) oder innere Faktoren (Schlaganfall, Tumor). Sie f&uuml;hrt zu k&ouml;rperlichen, kognitiven und verhaltensbezogenen Einschr&auml;nkungen, die oft unsichtbar bleiben. Symptome reichen von Kopfschmerzen bis zu schweren Behinderungen. Wichtige Aspekte der Hirnverletzung: Ursachen:&nbsp;H&auml;ufig durch Schlaganf&auml;lle, Hirnblutungen, Sauerstoffmangel oder St&uuml;rze\/Verkehrsunf&auml;lle (Sch&auml;del-Hirn-Trauma). Formen (SHT):&nbsp;Unterscheidung in&hellip;\" class=\"encyclopedia\">Hirnverletzung<\/a><\/strong><\/p>\n\n\n\n<h6 class=\"wp-block-heading\"><strong>1) Reizarme Verbindung statt sozialer &Uuml;berforderung<\/strong><\/h6>\n\n\n\n<ul class=\"wp-block-list\">\n<li>W&auml;hle Kontakte, die <strong>langsam<\/strong>, <strong>klar<\/strong> und <strong>ohne Smalltalk&#8209;Druck<\/strong> kommunizieren.<\/li>\n\n\n\n<li>Setze Zeitfenster: 10&ndash;20 Minuten reichen.<\/li>\n\n\n\n<li>Nutze schriftliche Kommunikation, wenn Gespr&auml;che zu viel sind.<\/li>\n<\/ul>\n\n\n\n<p><strong>Warum:<\/strong> Das Gehirn braucht Sicherheit, bevor es N&auml;he zul&auml;sst.<\/p>\n\n\n\n<h6 class=\"wp-block-heading\"><strong>2) N&auml;he &uuml;ber gemeinsame Aktivit&auml;t, nicht &uuml;ber Gespr&auml;che<\/strong><\/h6>\n\n\n\n<ul class=\"wp-block-list\">\n<li>Spazierg&auml;nge, Kochen, Musik h&ouml;ren, kurze Routinen.<\/li>\n\n\n\n<li>Weniger reden, mehr gemeinsam tun.<\/li>\n\n\n\n<li>N&auml;he entsteht &uuml;ber <strong>Synchronit&auml;t<\/strong>, nicht &uuml;ber Worte.<\/li>\n<\/ul>\n\n\n\n<p><strong>Warum:<\/strong> Das reduziert kognitive Last und schafft echte Verbindung.<\/p>\n\n\n\n<h6 class=\"wp-block-heading\"><strong>3) Mini&#8209;&Ouml;ffnung statt gro&szlig;e Offenheit<\/strong><\/h6>\n\n\n\n<ul class=\"wp-block-list\">\n<li>Ein Satz pro Tag: &bdquo;Heute war&rsquo;s schwer.&ldquo;<\/li>\n\n\n\n<li>Keine langen Erkl&auml;rungen.<\/li>\n\n\n\n<li>Ehrlichkeit zieht die richtigen Menschen an.<\/li>\n<\/ul>\n\n\n\n<p><strong>Warum:<\/strong> Kleine Signale reichen, um Einsamkeit zu durchbrechen.<\/p>\n\n\n\n<h6 class=\"wp-block-heading\"><strong>4) Menschen finden, die deine Realit&auml;t kennen<\/strong><\/h6>\n\n\n\n<ul class=\"wp-block-list\">\n<li>Selbsthilfegruppen, neurofreundliche Communities, Online&#8209;R&auml;ume.<\/li>\n\n\n\n<li>Nicht als Therapie, sondern als <strong>Gegenpol zur Isolation<\/strong>.<\/li>\n\n\n\n<li>Menschen, die Fatigue, Reiz&uuml;berflutung und Identit&auml;tsbruch kennen.<\/li>\n<\/ul>\n\n\n\n<p><strong>Warum:<\/strong> Gemeinsame Erfahrung = sofortige Entlastung.<\/p>\n\n\n\n<h6 class=\"wp-block-heading\"><strong>5) Grenzen setzen, bevor du ausbrennst<\/strong><\/h6>\n\n\n\n<ul class=\"wp-block-list\">\n<li>&bdquo;Ich kann heute nur kurz.&ldquo;<\/li>\n\n\n\n<li>&bdquo;Bitte langsam sprechen.&ldquo;<\/li>\n\n\n\n<li>&bdquo;Ich brauche eine Pause.&ldquo;<\/li>\n\n\n\n<li>&bdquo;Ich melde mich, wenn mein Gehirn es zul&auml;sst.&ldquo;<\/li>\n<\/ul>\n\n\n\n<p><strong>Warum:<\/strong> Schutz ist Voraussetzung f&uuml;r Verbindung.<\/p>\n\n\n\n<h6 class=\"wp-block-heading\"><strong>6) Selbstkontakt st&auml;rken, bevor Au&szlig;enkontakt m&ouml;glich ist<\/strong><\/h6>\n\n\n\n<ul class=\"wp-block-list\">\n<li>2&#8209;Minuten&#8209;Check&#8209;ins: &bdquo;Wie viel Energie habe ich?&ldquo;<\/li>\n\n\n\n<li>Reizreduktion, Atempausen, klare Routinen.<\/li>\n\n\n\n<li>Stabilit&auml;t innen &rarr; mehr Offenheit au&szlig;en.<\/li>\n<\/ul>\n\n\n\n<p><strong>Warum:<\/strong> Einsamkeit wird kleiner, wenn das Nervensystem ruhiger wird.<\/p>\n\n\n\n<div class=\"wp-block-media-text is-stacked-on-mobile\" style=\"grid-template-columns:32% auto\"><figure class=\"wp-block-media-text__media\"><img fetchpriority=\"high\" decoding=\"async\" width=\"302\" height=\"277\" src=\"http:\/\/www.vitalibera.org\/community\/wp-content\/uploads\/2026\/03\/tip3.png\" alt=\"\" class=\"wp-image-6087 size-full\" srcset=\"http:\/\/www.vitalibera.org\/community\/wp-content\/uploads\/2026\/03\/tip3.png 302w, http:\/\/www.vitalibera.org\/community\/wp-content\/uploads\/2026\/03\/tip3-300x275.png 300w\" sizes=\"(max-width: 302px) 100vw, 302px\" \/><\/figure><div class=\"wp-block-media-text__content\">\n<p>Unser <a href=\"https:\/\/www.vitalibera.org\/community\/forum\/\">Gespr&auml;chs-Forum<\/a> und unsere <a href=\"https:\/\/www.facebook.com\/groups\/2997085857140235\" target=\"_blank\" rel=\"noreferrer noopener\">Facebook-Gruppe<\/a> bieten dir die ideale Plattform um dich mit anderen Betroffenen austauschen zu k&ouml;nnen.<\/p>\n<\/div><\/div>\n\n\n\n<div class=\"wp-block-media-text is-stacked-on-mobile\"><figure class=\"wp-block-media-text__media\"><img decoding=\"async\" width=\"259\" height=\"240\" src=\"http:\/\/www.vitalibera.org\/community\/wp-content\/uploads\/2026\/03\/dbc5972683099460054d3dbc8212a892.jpg\" alt=\"\" class=\"wp-image-6119 size-full\"><\/figure><div class=\"wp-block-media-text__content\">\n<p><strong>Weitere interessante Artikel<\/strong><\/p>\n\n\n\n<ul class=\"wp-block-list\">\n<li><a href=\"https:\/\/www.vitalibera.org\/community\/2026\/04\/17\/warum-austausch-mit-anderen-betroffenen-so-wichtig-ist\/\">Warum Austausch mit anderen Betroffenen so wichtig ist<\/a><\/li>\n\n\n\n<li><a href=\"https:\/\/www.vitalibera.org\/community\/2026\/04\/14\/macht-ihr-erstmal-das-durch-was-ich-hinter-mir-habe\/\">Macht ihr erstmal das durch, was ich hinter mir habe<\/a><\/li>\n\n\n\n<li><a href=\"https:\/\/www.vitalibera.org\/community\/2026\/04\/08\/kraft-und-energie-tanken\/\">Kraft und Energie tanken<\/a><\/li>\n\n\n\n<li><a href=\"https:\/\/www.vitalibera.org\/community\/2026\/04\/03\/mein-leben-meine-regeln-love-it-or-leave-it\/\">Mein Leben &ndash; Meine Regeln &ndash; Love it, or leave it<\/a><\/li>\n\n\n\n<li><a href=\"https:\/\/www.vitalibera.org\/community\/2026\/04\/01\/glueck-neu-erfinden-nach-neurologischem-schicksal\/\">Gl&uuml;ck neu (er)finden nach neurologischem Schicksal<\/a><\/li>\n\n\n\n<li><a href=\"https:\/\/www.vitalibera.org\/community\/2026\/01\/14\/wesens-persoenlichkeitsveraenderungen-nach-schlaganfall\/\">Wesens- \/ Pers&ouml;nlichkeitsver&auml;nderungen nach Schlaganfall<\/a><\/li>\n<\/ul>\n<\/div><\/div>\n\n\n\n<div class=\"wp-block-media-text is-stacked-on-mobile is-vertically-aligned-top\"><figure class=\"wp-block-media-text__media\"><img loading=\"lazy\" decoding=\"async\" width=\"259\" height=\"240\" src=\"http:\/\/www.vitalibera.org\/community\/wp-content\/uploads\/2026\/03\/745cbf92fc4f0678766766880f6640c6.jpg\" alt=\"\" class=\"wp-image-6332 size-full\"><\/figure><div class=\"wp-block-media-text__content\">\n<p><strong>Warum Freundschaften UND Partnerschaften daran zerbrechen<\/strong><\/p>\n\n\n\n<p>Viele <strong>Freundschaften und Partnerschaften zerbrechen nach einer <a href=\"http:\/\/www.vitalibera.org\/community\/enzyklopaedie\/hirnverletzung\/\" target=\"_self\" title=\"Eine Hirnverletzung (oft als&nbsp;Sch&auml;del-Hirn-Trauma, SHT) ist eine&nbsp;Sch&auml;digung des Gehirns, verursacht durch &auml;u&szlig;ere Gewalteinwirkung (Unfall, Sturz) oder innere Faktoren (Schlaganfall, Tumor). Sie f&uuml;hrt zu k&ouml;rperlichen, kognitiven und verhaltensbezogenen Einschr&auml;nkungen, die oft unsichtbar bleiben. Symptome reichen von Kopfschmerzen bis zu schweren Behinderungen. Wichtige Aspekte der Hirnverletzung: Ursachen:&nbsp;H&auml;ufig durch Schlaganf&auml;lle, Hirnblutungen, Sauerstoffmangel oder St&uuml;rze\/Verkehrsunf&auml;lle (Sch&auml;del-Hirn-Trauma). Formen (SHT):&nbsp;Unterscheidung in&hellip;\" class=\"encyclopedia\">Hirnverletzung<\/a><\/strong>, weil sich zwei Realit&auml;ten bilden: deine neue neurobiologische Realit&auml;t &ndash; und die alte Erwartungswelt der anderen. Diese beiden Welten prallen aufeinander. Und nicht jeder Mensch kann oder will die Br&uuml;cke bauen.<\/p>\n\n\n\n<p>Freundschaften und Partnerschaften zerbrechen nicht, weil du &bdquo;schwieriger&ldquo; geworden bist. Sie zerbrechen, weil <strong>die meisten Menschen nicht gelernt haben, neurofreundlich zu lieben<\/strong>.<\/p>\n\n\n\n<h2 class=\"wp-block-heading has-medium-font-size\"><strong>Unsichtbare Symptome werden massiv untersch&auml;tzt<\/strong><\/h2>\n\n\n\n<p>Fatigue, Reiz&uuml;berflutung, Konzentrationsabbr&uuml;che, emotionale Schwankungen. Weil man sie nicht sieht, glauben viele:<\/p>\n\n\n\n<ul class=\"wp-block-list\">\n<li>&bdquo;Du &uuml;bertreibst.&ldquo;<\/li>\n\n\n\n<li>&bdquo;Du willst nicht.&ldquo;<\/li>\n\n\n\n<li>&bdquo;Du bist faul.&ldquo;<\/li>\n\n\n\n<li>&bdquo;Du bist nicht mehr du.&ldquo;<\/li>\n<\/ul>\n\n\n\n<p>Diese Fehlinterpretationen zerst&ouml;ren Vertrauen.<\/p>\n\n\n\n<h2 class=\"wp-block-heading has-medium-font-size\"><strong>Unsichtbare Symptome werden nicht verstanden<\/strong><\/h2>\n\n\n\n<p>Fatigue, Konzentrationsprobleme, Reizempfindlichkeit, emotionale Schwankungen &ndash; alles unsichtbar. Viele glauben: &bdquo;Du siehst doch gut aus, also geht&rsquo;s dir gut.&ldquo; Diese Fehleinsch&auml;tzung zerst&ouml;rt Vertrauen.<\/p>\n\n\n\n<p><\/p>\n<\/div><\/div>\n\n\n\n<div class=\"wp-block-media-text is-stacked-on-mobile\" style=\"grid-template-columns:35% auto\"><figure class=\"wp-block-media-text__media\"><img fetchpriority=\"high\" decoding=\"async\" width=\"302\" height=\"277\" src=\"http:\/\/www.vitalibera.org\/community\/wp-content\/uploads\/2026\/03\/tip3.png\" alt=\"\" class=\"wp-image-6087 size-full\" srcset=\"http:\/\/www.vitalibera.org\/community\/wp-content\/uploads\/2026\/03\/tip3.png 302w, http:\/\/www.vitalibera.org\/community\/wp-content\/uploads\/2026\/03\/tip3-300x275.png 300w\" sizes=\"(max-width: 302px) 100vw, 302px\" \/><\/figure><div class=\"wp-block-media-text__content\">\n<p><strong>Ich muss mich nicht erkl&auml;ren.<\/strong><\/p>\n\n\n\n<ul class=\"wp-block-list\">\n<li>Nicht f&uuml;r mein Tempo, nicht f&uuml;r meine Pausen, nicht f&uuml;r meinen R&uuml;ckzug.<\/li>\n\n\n\n<li>Mein Gehirn arbeitet anders &ndash; und das reicht als Grund.<\/li>\n\n\n\n<li><strong>Wer mich respektiert, akzeptiert meine Grenzen ohne Begr&uuml;ndung.<\/strong><\/li>\n<\/ul>\n\n\n\n<p><\/p>\n<\/div><\/div>\n\n\n\n<p><\/p>\n","protected":false},"excerpt":{"rendered":"<p>Eine Hirnverletzung ver\u00e4ndert nicht nur das Denken, die Energie und den K\u00f6rper \u2013 sie ver\u00e4ndert auch die N\u00e4he zu anderen Menschen. Gespr\u00e4che werden anstrengender, Reize lauter, Beziehungen komplizierter. Vieles, was fr\u00fcher selbstverst\u00e4ndlich war, kostet heute Kraft. Einsamkeit entsteht dann nicht, weil man \u201ezu wenig versucht\u201c, sondern weil das Gehirn selbst anders reagiert. Und genau deshalb &#8230; <a title=\"Wenn Reize laut werden und Menschen leise\" class=\"read-more\" href=\"http:\/\/www.vitalibera.org\/community\/2026\/04\/19\/wenn-reize-laut-werden-und-menschen-leise\/\" aria-label=\"Mehr Informationen \u00fcber Wenn Reize laut werden und Menschen leise\">Weiterlesen<\/a><\/p>\n","protected":false},"author":2,"featured_media":6858,"comment_status":"open","ping_status":"open","sticky":false,"template":"","format":"standard","meta":{"cybocfi_hide_featured_image":"yes","_jetpack_memberships_contains_paid_content":false,"footnotes":""},"categories":[492,225],"tags":[],"class_list":["post-6857","post","type-post","status-publish","format-standard","has-post-thumbnail","hentry","category-alltagsnavigation","category-hilfe-fuer-angehoerige"],"yoast_head":"<!-- This site is optimized with the Yoast SEO plugin v27.4 - https:\/\/yoast.com\/product\/yoast-seo-wordpress\/ -->\r\n<title>Wenn Reize laut werden und Menschen leise - vitalibera.org<\/title>\r\n<meta name=\"robots\" content=\"index, follow, max-snippet:-1, max-image-preview:large, max-video-preview:-1\" \/>\r\n<link rel=\"canonical\" href=\"https:\/\/www.vitalibera.org\/community\/2026\/04\/19\/wenn-reize-laut-werden-und-menschen-leise\/\" \/>\r\n<meta property=\"og:locale\" content=\"de_DE\" \/>\r\n<meta property=\"og:type\" content=\"article\" \/>\r\n<meta property=\"og:title\" content=\"Wenn Reize laut werden und Menschen leise - vitalibera.org\" \/>\r\n<meta property=\"og:description\" content=\"Eine Hirnverletzung ver\u00e4ndert nicht nur das Denken, die Energie und den K\u00f6rper \u2013 sie ver\u00e4ndert auch die N\u00e4he zu anderen Menschen. Gespr\u00e4che werden anstrengender, Reize lauter, Beziehungen komplizierter. Vieles, was fr\u00fcher selbstverst\u00e4ndlich war, kostet heute Kraft. Einsamkeit entsteht dann nicht, weil man \u201ezu wenig versucht\u201c, sondern weil das Gehirn selbst anders reagiert. Und genau deshalb ... Weiterlesen\" \/>\r\n<meta property=\"og:url\" content=\"https:\/\/www.vitalibera.org\/community\/2026\/04\/19\/wenn-reize-laut-werden-und-menschen-leise\/\" \/>\r\n<meta property=\"og:site_name\" content=\"vitalibera.org\" \/>\r\n<meta property=\"article:publisher\" content=\"https:\/\/www.facebook.com\/groups\/2997085857140235\" \/>\r\n<meta property=\"article:published_time\" content=\"2026-04-19T17:21:17+00:00\" \/>\r\n<meta property=\"article:modified_time\" content=\"2026-04-22T16:54:07+00:00\" \/>\r\n<meta property=\"og:image\" content=\"http:\/\/www.vitalibera.org\/community\/wp-content\/uploads\/2026\/04\/alonecolor511.png\" \/>\r\n\t<meta property=\"og:image:width\" content=\"200\" \/>\r\n\t<meta property=\"og:image:height\" content=\"200\" \/>\r\n\t<meta property=\"og:image:type\" content=\"image\/png\" \/>\r\n<meta name=\"author\" content=\"Andreas Jecklin\" \/>\r\n<meta name=\"twitter:card\" content=\"summary_large_image\" \/>\r\n<meta name=\"twitter:label1\" content=\"Verfasst von\" \/>\n\t<meta name=\"twitter:data1\" content=\"Andreas Jecklin\" \/>\n\t<meta name=\"twitter:label2\" content=\"Gesch\u00e4tzte Lesezeit\" \/>\n\t<meta name=\"twitter:data2\" content=\"5\u00a0Minuten\" \/>\r\n<script type=\"application\/ld+json\" class=\"yoast-schema-graph\">{\"@context\":\"https:\\\/\\\/schema.org\",\"@graph\":[{\"@type\":\"Article\",\"@id\":\"https:\\\/\\\/www.vitalibera.org\\\/community\\\/2026\\\/04\\\/19\\\/wenn-reize-laut-werden-und-menschen-leise\\\/#article\",\"isPartOf\":{\"@id\":\"https:\\\/\\\/www.vitalibera.org\\\/community\\\/2026\\\/04\\\/19\\\/wenn-reize-laut-werden-und-menschen-leise\\\/\"},\"author\":{\"name\":\"Andreas Jecklin\",\"@id\":\"https:\\\/\\\/www.vitalibera.org\\\/community\\\/#\\\/schema\\\/person\\\/6712387298421f222ff6d0a2e22c1534\"},\"headline\":\"Wenn Reize laut werden und Menschen leise\",\"datePublished\":\"2026-04-19T17:21:17+00:00\",\"dateModified\":\"2026-04-22T16:54:07+00:00\",\"mainEntityOfPage\":{\"@id\":\"https:\\\/\\\/www.vitalibera.org\\\/community\\\/2026\\\/04\\\/19\\\/wenn-reize-laut-werden-und-menschen-leise\\\/\"},\"wordCount\":573,\"commentCount\":0,\"publisher\":{\"@id\":\"https:\\\/\\\/www.vitalibera.org\\\/community\\\/#organization\"},\"image\":{\"@id\":\"https:\\\/\\\/www.vitalibera.org\\\/community\\\/2026\\\/04\\\/19\\\/wenn-reize-laut-werden-und-menschen-leise\\\/#primaryimage\"},\"thumbnailUrl\":\"http:\\\/\\\/www.vitalibera.org\\\/community\\\/wp-content\\\/uploads\\\/2026\\\/04\\\/alonecolor511.png\",\"articleSection\":[\"Alltagsnavigation\",\"Hilfe f\u00fcr Angeh\u00f6rige\"],\"inLanguage\":\"de\",\"potentialAction\":[{\"@type\":\"CommentAction\",\"name\":\"Comment\",\"target\":[\"https:\\\/\\\/www.vitalibera.org\\\/community\\\/2026\\\/04\\\/19\\\/wenn-reize-laut-werden-und-menschen-leise\\\/#respond\"]}]},{\"@type\":\"WebPage\",\"@id\":\"https:\\\/\\\/www.vitalibera.org\\\/community\\\/2026\\\/04\\\/19\\\/wenn-reize-laut-werden-und-menschen-leise\\\/\",\"url\":\"https:\\\/\\\/www.vitalibera.org\\\/community\\\/2026\\\/04\\\/19\\\/wenn-reize-laut-werden-und-menschen-leise\\\/\",\"name\":\"Wenn Reize laut werden und Menschen leise - vitalibera.org\",\"isPartOf\":{\"@id\":\"https:\\\/\\\/www.vitalibera.org\\\/community\\\/#website\"},\"primaryImageOfPage\":{\"@id\":\"https:\\\/\\\/www.vitalibera.org\\\/community\\\/2026\\\/04\\\/19\\\/wenn-reize-laut-werden-und-menschen-leise\\\/#primaryimage\"},\"image\":{\"@id\":\"https:\\\/\\\/www.vitalibera.org\\\/community\\\/2026\\\/04\\\/19\\\/wenn-reize-laut-werden-und-menschen-leise\\\/#primaryimage\"},\"thumbnailUrl\":\"http:\\\/\\\/www.vitalibera.org\\\/community\\\/wp-content\\\/uploads\\\/2026\\\/04\\\/alonecolor511.png\",\"datePublished\":\"2026-04-19T17:21:17+00:00\",\"dateModified\":\"2026-04-22T16:54:07+00:00\",\"breadcrumb\":{\"@id\":\"https:\\\/\\\/www.vitalibera.org\\\/community\\\/2026\\\/04\\\/19\\\/wenn-reize-laut-werden-und-menschen-leise\\\/#breadcrumb\"},\"inLanguage\":\"de\",\"potentialAction\":[{\"@type\":\"ReadAction\",\"target\":[\"https:\\\/\\\/www.vitalibera.org\\\/community\\\/2026\\\/04\\\/19\\\/wenn-reize-laut-werden-und-menschen-leise\\\/\"]}]},{\"@type\":\"BreadcrumbList\",\"@id\":\"https:\\\/\\\/www.vitalibera.org\\\/community\\\/2026\\\/04\\\/19\\\/wenn-reize-laut-werden-und-menschen-leise\\\/#breadcrumb\",\"itemListElement\":[{\"@type\":\"ListItem\",\"position\":1,\"name\":\"Startseite\",\"item\":\"https:\\\/\\\/www.vitalibera.org\\\/community\\\/\"},{\"@type\":\"ListItem\",\"position\":2,\"name\":\"Wenn Reize laut werden und Menschen leise\"}]},{\"@type\":\"WebSite\",\"@id\":\"https:\\\/\\\/www.vitalibera.org\\\/community\\\/#website\",\"url\":\"https:\\\/\\\/www.vitalibera.org\\\/community\\\/\",\"name\":\"vitalibera.org\",\"description\":\"Mit einer Einschr&auml;nkung gestaltet sich das Leben im Alltag oft schwieriger - hier berichten wir &uuml;ber unsere Erfahrungen und Hilfsmittel um den Alltag so unbeschwert und unkompliziert wie nur m&ouml;glich geniessen zu k&ouml;nnen. Dabei richten wir unseren Fokus gezielt auf Selbst&auml;ndigkeit, Eigenst&auml;ndigkeit und Selbstbestimmung.\",\"publisher\":{\"@id\":\"https:\\\/\\\/www.vitalibera.org\\\/community\\\/#organization\"},\"potentialAction\":[{\"@type\":\"SearchAction\",\"target\":{\"@type\":\"EntryPoint\",\"urlTemplate\":\"https:\\\/\\\/www.vitalibera.org\\\/community\\\/?s={search_term_string}\"},\"query-input\":{\"@type\":\"PropertyValueSpecification\",\"valueRequired\":true,\"valueName\":\"search_term_string\"}}],\"inLanguage\":\"de\"},{\"@type\":\"Organization\",\"@id\":\"https:\\\/\\\/www.vitalibera.org\\\/community\\\/#organization\",\"name\":\"vitalibera.org\",\"url\":\"https:\\\/\\\/www.vitalibera.org\\\/community\\\/\",\"logo\":{\"@type\":\"ImageObject\",\"inLanguage\":\"de\",\"@id\":\"https:\\\/\\\/www.vitalibera.org\\\/community\\\/#\\\/schema\\\/logo\\\/image\\\/\",\"url\":\"http:\\\/\\\/www.vitalibera.org\\\/community\\\/wp-content\\\/uploads\\\/2025\\\/09\\\/cropped-banner.png\",\"contentUrl\":\"http:\\\/\\\/www.vitalibera.org\\\/community\\\/wp-content\\\/uploads\\\/2025\\\/09\\\/cropped-banner.png\",\"width\":991,\"height\":150,\"caption\":\"vitalibera.org\"},\"image\":{\"@id\":\"https:\\\/\\\/www.vitalibera.org\\\/community\\\/#\\\/schema\\\/logo\\\/image\\\/\"},\"sameAs\":[\"https:\\\/\\\/www.facebook.com\\\/groups\\\/2997085857140235\"]},{\"@type\":\"Person\",\"@id\":\"https:\\\/\\\/www.vitalibera.org\\\/community\\\/#\\\/schema\\\/person\\\/6712387298421f222ff6d0a2e22c1534\",\"name\":\"Andreas Jecklin\",\"image\":{\"@type\":\"ImageObject\",\"inLanguage\":\"de\",\"@id\":\"http:\\\/\\\/0.gravatar.com\\\/avatar\\\/ad516503a11cd5ca435acc9bb6523536?s=96\",\"url\":\"http:\\\/\\\/0.gravatar.com\\\/avatar\\\/ad516503a11cd5ca435acc9bb6523536?s=96\",\"contentUrl\":\"http:\\\/\\\/0.gravatar.com\\\/avatar\\\/ad516503a11cd5ca435acc9bb6523536?s=96\",\"caption\":\"Andreas Jecklin\"},\"description\":\"Manchen gab Gott die Kraft Dinge zu ver\u00e4ndern, mir gab er die Kraft zu ertragen was nicht mehr zu \u00e4ndern ist.\",\"url\":\"http:\\\/\\\/www.vitalibera.org\\\/community\\\/author\\\/andy77\\\/\"}]}<\/script>\r\n<!-- \/ Yoast SEO plugin. -->","yoast_head_json":{"title":"Wenn Reize laut werden und Menschen leise - vitalibera.org","robots":{"index":"index","follow":"follow","max-snippet":"max-snippet:-1","max-image-preview":"max-image-preview:large","max-video-preview":"max-video-preview:-1"},"canonical":"https:\/\/www.vitalibera.org\/community\/2026\/04\/19\/wenn-reize-laut-werden-und-menschen-leise\/","og_locale":"de_DE","og_type":"article","og_title":"Wenn Reize laut werden und Menschen leise - vitalibera.org","og_description":"Eine Hirnverletzung ver\u00e4ndert nicht nur das Denken, die Energie und den K\u00f6rper \u2013 sie ver\u00e4ndert auch die N\u00e4he zu anderen Menschen. Gespr\u00e4che werden anstrengender, Reize lauter, Beziehungen komplizierter. Vieles, was fr\u00fcher selbstverst\u00e4ndlich war, kostet heute Kraft. Einsamkeit entsteht dann nicht, weil man \u201ezu wenig versucht\u201c, sondern weil das Gehirn selbst anders reagiert. Und genau deshalb ... Weiterlesen","og_url":"https:\/\/www.vitalibera.org\/community\/2026\/04\/19\/wenn-reize-laut-werden-und-menschen-leise\/","og_site_name":"vitalibera.org","article_publisher":"https:\/\/www.facebook.com\/groups\/2997085857140235","article_published_time":"2026-04-19T17:21:17+00:00","article_modified_time":"2026-04-22T16:54:07+00:00","og_image":[{"width":200,"height":200,"url":"http:\/\/www.vitalibera.org\/community\/wp-content\/uploads\/2026\/04\/alonecolor511.png","type":"image\/png"}],"author":"Andreas Jecklin","twitter_card":"summary_large_image","twitter_misc":{"Verfasst von":"Andreas Jecklin","Gesch\u00e4tzte Lesezeit":"5\u00a0Minuten"},"schema":{"@context":"https:\/\/schema.org","@graph":[{"@type":"Article","@id":"https:\/\/www.vitalibera.org\/community\/2026\/04\/19\/wenn-reize-laut-werden-und-menschen-leise\/#article","isPartOf":{"@id":"https:\/\/www.vitalibera.org\/community\/2026\/04\/19\/wenn-reize-laut-werden-und-menschen-leise\/"},"author":{"name":"Andreas Jecklin","@id":"https:\/\/www.vitalibera.org\/community\/#\/schema\/person\/6712387298421f222ff6d0a2e22c1534"},"headline":"Wenn Reize laut werden und Menschen leise","datePublished":"2026-04-19T17:21:17+00:00","dateModified":"2026-04-22T16:54:07+00:00","mainEntityOfPage":{"@id":"https:\/\/www.vitalibera.org\/community\/2026\/04\/19\/wenn-reize-laut-werden-und-menschen-leise\/"},"wordCount":573,"commentCount":0,"publisher":{"@id":"https:\/\/www.vitalibera.org\/community\/#organization"},"image":{"@id":"https:\/\/www.vitalibera.org\/community\/2026\/04\/19\/wenn-reize-laut-werden-und-menschen-leise\/#primaryimage"},"thumbnailUrl":"http:\/\/www.vitalibera.org\/community\/wp-content\/uploads\/2026\/04\/alonecolor511.png","articleSection":["Alltagsnavigation","Hilfe f\u00fcr Angeh\u00f6rige"],"inLanguage":"de","potentialAction":[{"@type":"CommentAction","name":"Comment","target":["https:\/\/www.vitalibera.org\/community\/2026\/04\/19\/wenn-reize-laut-werden-und-menschen-leise\/#respond"]}]},{"@type":"WebPage","@id":"https:\/\/www.vitalibera.org\/community\/2026\/04\/19\/wenn-reize-laut-werden-und-menschen-leise\/","url":"https:\/\/www.vitalibera.org\/community\/2026\/04\/19\/wenn-reize-laut-werden-und-menschen-leise\/","name":"Wenn Reize laut werden und Menschen leise - vitalibera.org","isPartOf":{"@id":"https:\/\/www.vitalibera.org\/community\/#website"},"primaryImageOfPage":{"@id":"https:\/\/www.vitalibera.org\/community\/2026\/04\/19\/wenn-reize-laut-werden-und-menschen-leise\/#primaryimage"},"image":{"@id":"https:\/\/www.vitalibera.org\/community\/2026\/04\/19\/wenn-reize-laut-werden-und-menschen-leise\/#primaryimage"},"thumbnailUrl":"http:\/\/www.vitalibera.org\/community\/wp-content\/uploads\/2026\/04\/alonecolor511.png","datePublished":"2026-04-19T17:21:17+00:00","dateModified":"2026-04-22T16:54:07+00:00","breadcrumb":{"@id":"https:\/\/www.vitalibera.org\/community\/2026\/04\/19\/wenn-reize-laut-werden-und-menschen-leise\/#breadcrumb"},"inLanguage":"de","potentialAction":[{"@type":"ReadAction","target":["https:\/\/www.vitalibera.org\/community\/2026\/04\/19\/wenn-reize-laut-werden-und-menschen-leise\/"]}]},{"@type":"BreadcrumbList","@id":"https:\/\/www.vitalibera.org\/community\/2026\/04\/19\/wenn-reize-laut-werden-und-menschen-leise\/#breadcrumb","itemListElement":[{"@type":"ListItem","position":1,"name":"Startseite","item":"https:\/\/www.vitalibera.org\/community\/"},{"@type":"ListItem","position":2,"name":"Wenn Reize laut werden und Menschen leise"}]},{"@type":"WebSite","@id":"https:\/\/www.vitalibera.org\/community\/#website","url":"https:\/\/www.vitalibera.org\/community\/","name":"vitalibera.org","description":"Mit einer Einschr&auml;nkung gestaltet sich das Leben im Alltag oft schwieriger - hier berichten wir &uuml;ber unsere Erfahrungen und Hilfsmittel um den Alltag so unbeschwert und unkompliziert wie nur m&ouml;glich geniessen zu k&ouml;nnen. Dabei richten wir unseren Fokus gezielt auf Selbst&auml;ndigkeit, Eigenst&auml;ndigkeit und Selbstbestimmung.","publisher":{"@id":"https:\/\/www.vitalibera.org\/community\/#organization"},"potentialAction":[{"@type":"SearchAction","target":{"@type":"EntryPoint","urlTemplate":"https:\/\/www.vitalibera.org\/community\/?s={search_term_string}"},"query-input":{"@type":"PropertyValueSpecification","valueRequired":true,"valueName":"search_term_string"}}],"inLanguage":"de"},{"@type":"Organization","@id":"https:\/\/www.vitalibera.org\/community\/#organization","name":"vitalibera.org","url":"https:\/\/www.vitalibera.org\/community\/","logo":{"@type":"ImageObject","inLanguage":"de","@id":"https:\/\/www.vitalibera.org\/community\/#\/schema\/logo\/image\/","url":"http:\/\/www.vitalibera.org\/community\/wp-content\/uploads\/2025\/09\/cropped-banner.png","contentUrl":"http:\/\/www.vitalibera.org\/community\/wp-content\/uploads\/2025\/09\/cropped-banner.png","width":991,"height":150,"caption":"vitalibera.org"},"image":{"@id":"https:\/\/www.vitalibera.org\/community\/#\/schema\/logo\/image\/"},"sameAs":["https:\/\/www.facebook.com\/groups\/2997085857140235"]},{"@type":"Person","@id":"https:\/\/www.vitalibera.org\/community\/#\/schema\/person\/6712387298421f222ff6d0a2e22c1534","name":"Andreas Jecklin","image":{"@type":"ImageObject","inLanguage":"de","@id":"http:\/\/0.gravatar.com\/avatar\/ad516503a11cd5ca435acc9bb6523536?s=96","url":"http:\/\/0.gravatar.com\/avatar\/ad516503a11cd5ca435acc9bb6523536?s=96","contentUrl":"http:\/\/0.gravatar.com\/avatar\/ad516503a11cd5ca435acc9bb6523536?s=96","caption":"Andreas Jecklin"},"description":"Manchen gab Gott die Kraft Dinge zu ver\u00e4ndern, mir gab er die Kraft zu ertragen was nicht mehr zu \u00e4ndern ist.","url":"http:\/\/www.vitalibera.org\/community\/author\/andy77\/"}]}},"jetpack_featured_media_url":"http:\/\/www.vitalibera.org\/community\/wp-content\/uploads\/2026\/04\/alonecolor511.png","jetpack_sharing_enabled":true,"jetpack-related-posts":[],"_links":{"self":[{"href":"http:\/\/www.vitalibera.org\/community\/wp-json\/wp\/v2\/posts\/6857","targetHints":{"allow":["GET"]}}],"collection":[{"href":"http:\/\/www.vitalibera.org\/community\/wp-json\/wp\/v2\/posts"}],"about":[{"href":"http:\/\/www.vitalibera.org\/community\/wp-json\/wp\/v2\/types\/post"}],"author":[{"embeddable":true,"href":"http:\/\/www.vitalibera.org\/community\/wp-json\/wp\/v2\/users\/2"}],"replies":[{"embeddable":true,"href":"http:\/\/www.vitalibera.org\/community\/wp-json\/wp\/v2\/comments?post=6857"}],"version-history":[{"count":1,"href":"http:\/\/www.vitalibera.org\/community\/wp-json\/wp\/v2\/posts\/6857\/revisions"}],"predecessor-version":[{"id":6859,"href":"http:\/\/www.vitalibera.org\/community\/wp-json\/wp\/v2\/posts\/6857\/revisions\/6859"}],"wp:featuredmedia":[{"embeddable":true,"href":"http:\/\/www.vitalibera.org\/community\/wp-json\/wp\/v2\/media\/6858"}],"wp:attachment":[{"href":"http:\/\/www.vitalibera.org\/community\/wp-json\/wp\/v2\/media?parent=6857"}],"wp:term":[{"taxonomy":"category","embeddable":true,"href":"http:\/\/www.vitalibera.org\/community\/wp-json\/wp\/v2\/categories?post=6857"},{"taxonomy":"post_tag","embeddable":true,"href":"http:\/\/www.vitalibera.org\/community\/wp-json\/wp\/v2\/tags?post=6857"}],"curies":[{"name":"wp","href":"https:\/\/api.w.org\/{rel}","templated":true}]}}