{"id":6860,"date":"2026-04-20T18:39:45","date_gmt":"2026-04-20T16:39:45","guid":{"rendered":"https:\/\/www.vitalibera.org\/community\/?p=6860"},"modified":"2026-04-20T18:55:39","modified_gmt":"2026-04-20T16:55:39","slug":"antrag-auf-eine-weiterfuehrende-rehabilitation","status":"publish","type":"post","link":"http:\/\/www.vitalibera.org\/community\/2026\/04\/20\/antrag-auf-eine-weiterfuehrende-rehabilitation\/","title":{"rendered":"Antrag auf eine weiterf\u00fchrende Rehabilitation"},"content":{"rendered":"\n<div class=\"wp-block-media-text is-stacked-on-mobile\"><figure class=\"wp-block-media-text__media\"><img decoding=\"async\" width=\"200\" height=\"200\" src=\"https:\/\/www.vitalibera.org\/community\/wp-content\/uploads\/2026\/04\/anschlussreha52.png\" alt=\"\" class=\"wp-image-6861 size-full\" srcset=\"http:\/\/www.vitalibera.org\/community\/wp-content\/uploads\/2026\/04\/anschlussreha52.png 200w, http:\/\/www.vitalibera.org\/community\/wp-content\/uploads\/2026\/04\/anschlussreha52-150x150.png 150w\" sizes=\"(max-width: 200px) 100vw, 200px\" \/><\/figure><div class=\"wp-block-media-text__content\">\n<p><strong>in der Schweiz gibt es keine &bdquo;Anschlussreha&ldquo; wie in <\/strong><a href=\"#de\">Deutschland<\/a>, aber es gibt das funktionale &Auml;quivalent: <strong>eine weiterf&uuml;hrende Rehabilitation nach Spital oder nach einer ersten Reha<\/strong>, die &uuml;ber <strong>&auml;rztliche Verordnung &amp; Kostengutsprache<\/strong> l&auml;uft.<\/p>\n\n\n\n<p>Damit du das sofort nutzen kannst, bekommst du hier eine <strong>pr&auml;zise Schweizer Vorlage<\/strong>, speziell f&uuml;r den Fall:<\/p>\n\n\n\n<p><strong>&bdquo;Ich habe bereits eine Reha hinter mir und brauche eine weitere Reha zur Stabilisierung \/ Weiterf&uuml;hrung.&ldquo;<\/strong><\/p>\n<\/div><\/div>\n\n\n\n<h5 class=\"wp-block-heading\"><strong>Vorlage: Antrag \/ Bitte um weiterf&uuml;hrende Rehabilitation (Schweiz)<\/strong><\/h5>\n\n\n\n<p><strong>Betreff:<\/strong> Bitte um Verordnung einer weiterf&uuml;hrenden medizinischen Rehabilitation<\/p>\n\n\n\n<p>Sehr geehrte Frau Dr. \/ Sehr geehrter Herr Dr.&#8239;&hellip;<\/p>\n\n\n\n<p>Ich bitte Sie um die Verordnung einer <strong>weiterf&uuml;hrenden medizinischen Rehabilitation<\/strong>, da nach Abschluss meiner bisherigen Rehabilitation weiterhin relevante funktionelle Einschr&auml;nkungen bestehen.<\/p>\n\n\n\n<p><strong>Begr&uuml;ndung aus meiner Sicht:<\/strong><\/p>\n\n\n\n<ul class=\"wp-block-list\">\n<li>Die bisherigen Fortschritte sind noch <strong>nicht stabil<\/strong>.<\/li>\n\n\n\n<li>Ohne weitere Rehabilitation besteht das Risiko einer <strong>Verschlechterung<\/strong> bzw. eines Funktionsverlustes.<\/li>\n\n\n\n<li>Ich ben&ouml;tige zus&auml;tzliche spezialisierte Therapien zur <strong>Verbesserung meiner Selbstst&auml;ndigkeit<\/strong> und zur Sicherung des bisherigen Reha&#8209;Erfolgs.<\/li>\n<\/ul>\n\n\n\n<p>Ich bitte Sie, mich <strong>direkt bei einer geeigneten Rehaklinik anzumelden<\/strong>, damit diese die <strong>Kostengutsprache<\/strong> bei meiner Krankenkasse einholen kann.<\/p>\n\n\n\n<p><strong>Meine bevorzugte Rehaklinik:<\/strong> &hellip; (z.&#8239;B. Reha Rheinfelden \/ ZURZACH Care \/ Kliniken Valens \/ Bellikon)<\/p>\n\n\n\n<p>Vielen Dank f&uuml;r Ihre Unterst&uuml;tzung.<\/p>\n\n\n\n<p>Mit freundlichen Gr&uuml;ssen &hellip;<\/p>\n\n\n\n<div class=\"wp-block-media-text is-stacked-on-mobile is-vertically-aligned-top\"><figure class=\"wp-block-media-text__media\"><img fetchpriority=\"high\" decoding=\"async\" width=\"259\" height=\"240\" src=\"http:\/\/www.vitalibera.org\/community\/wp-content\/uploads\/2026\/03\/8d884cf0d4c0d0127526e5ae396128bd.jpg\" alt=\"\" class=\"wp-image-6155 size-full\"><\/figure><div class=\"wp-block-media-text__content\">\n<p><strong>Wichtig f&uuml;r die Schweiz<\/strong><\/p>\n\n\n\n<p>Damit die Krankenkasse die Kostengutsprache erteilt, sollte der Arztbericht folgende Punkte enthalten:<\/p>\n\n\n\n<ul class=\"wp-block-list\">\n<li>&bdquo;Reha weiterhin medizinisch notwendig&ldquo;<\/li>\n\n\n\n<li>&bdquo;Gefahr der Verschlechterung ohne weiterf&uuml;hrende Reha&ldquo;<\/li>\n\n\n\n<li>&bdquo;Reha&#8209;F&auml;higkeit gegeben&ldquo;<\/li>\n\n\n\n<li>&bdquo;Ziele der weiterf&uuml;hrenden Reha&ldquo;<\/li>\n\n\n\n<li>&bdquo;Fortschritte noch nicht stabil&ldquo;<\/li>\n<\/ul>\n\n\n\n<p>Das erh&ouml;ht die Bewilligungschancen deutlich.<\/p>\n<\/div><\/div>\n\n\n\n<p><\/p>\n\n\n\n<h5 class=\"wp-block-heading has-medium-font-size\" id=\"de\"><strong>Vorlage: Antrag auf Anschlussrehabilitation (AHB) &ndash; Deutschland<\/strong><\/h5>\n\n\n\n<p><strong>Betreff:<\/strong> Antrag auf Anschlussrehabilitation (AHB)<\/p>\n\n\n\n<p>Sehr geehrte Damen und Herren,<\/p>\n\n\n\n<p>hiermit beantrage ich eine <strong>Anschlussrehabilitation (AHB)<\/strong> im Anschluss an meinen station&auml;ren Aufenthalt im Krankenhaus &hellip; (Name, Zeitraum).<\/p>\n\n\n\n<p>Die behandelnden &Auml;rztinnen und &Auml;rzte haben eine <strong>medizinische Reha&#8209;Indikation<\/strong> festgestellt und eine <strong>AHB empfohlen<\/strong>, um folgende Ziele zu erreichen:<\/p>\n\n\n\n<ul class=\"wp-block-list\">\n<li>Stabilisierung meines Gesundheitszustands<\/li>\n\n\n\n<li>Wiederherstellung meiner k&ouml;rperlichen, kognitiven oder psychischen Funktionen<\/li>\n\n\n\n<li>Vermeidung von Pflegebed&uuml;rftigkeit<\/li>\n\n\n\n<li>Erhalt bzw. Wiederherstellung meiner Erwerbsf&auml;higkeit<\/li>\n<\/ul>\n\n\n\n<p>Da eine AHB <strong>unmittelbar nach der Entlassung<\/strong> beginnen muss, bitte ich um <strong>zeitnahe Bewilligung<\/strong>.<\/p>\n\n\n\n<p><strong>Wunsch- und Wahlrecht (&sect; 8 SGB IX):<\/strong> Ich bitte um Zuweisung in folgende Rehaklinik: &hellip; (Name der Klinik) Begr&uuml;ndung: Spezialisierung auf meine Diagnose, passende Therapieangebote, wohnortnahe Versorgung, Kontinuit&auml;t der Behandlung.<\/p>\n\n\n\n<p>Bitte best&auml;tigen Sie den Eingang dieses Antrags und informieren Sie mich &uuml;ber das weitere Vorgehen.<\/p>\n\n\n\n<p>Mit freundlichen Gr&uuml;&szlig;en &hellip;<\/p>\n\n\n\n<p><strong>Vorgehen bei Ablehnung der Reha&#8209;Kostengutsprache<\/strong><\/p>\n\n\n\n<p>Wenn dein <strong>Anschlussreha&#8209;Antrag abgelehnt<\/strong> wurde, ist das kein Endpunkt &mdash; du kannst strukturiert und mit hoher Erfolgschance reagieren.<\/p>\n\n\n\n<p><strong>1. Einsprache einlegen<\/strong> (In Deutschland &ldquo;Wiederspruch&rdquo; genannt)<\/p>\n\n\n\n<p>Frist: <strong>30 Tage nach Erhalt der Verf&uuml;gung<\/strong> Form: <strong>schriftlich<\/strong> an die Krankenkasse oder IV&#8209;Stelle.<\/p>\n\n\n\n<p><strong>Kurzvorlage:<\/strong><\/p>\n\n\n\n<blockquote class=\"wp-block-quote is-layout-flow wp-block-quote-is-layout-flow\">\n<p><strong>Betreff:<\/strong> Einsprache gegen die Ablehnung der Kostengutsprache f&uuml;r Rehabilitation<\/p>\n\n\n\n<p>Sehr geehrte Damen und Herren,<\/p>\n\n\n\n<p>Gegen Ihre Verf&uuml;gung vom &hellip; erhebe ich <strong>Einsprache<\/strong>. Die medizinische Notwendigkeit der Rehabilitation ist weiterhin gegeben. Ohne diese Massnahme droht eine Verschlechterung meines Gesundheitszustands und eine Einschr&auml;nkung meiner Selbstst&auml;ndigkeit.<\/p>\n\n\n\n<p>Ich bitte um erneute Pr&uuml;fung unter Beizug der &auml;rztlichen Stellungnahme.<\/p>\n\n\n\n<p>Mit freundlichen Gr&uuml;ssen &hellip;<\/p>\n<\/blockquote>\n\n\n\n<h6 class=\"wp-block-heading\"><strong>2. &Auml;rztliche Erg&auml;nzung beilegen<\/strong><\/h6>\n\n\n\n<p>Der Arzt sollte klar formulieren:<\/p>\n\n\n\n<ul class=\"wp-block-list\">\n<li>Reha weiterhin medizinisch notwendig<\/li>\n\n\n\n<li>Gefahr der Verschlechterung ohne Reha<\/li>\n\n\n\n<li>Reha&#8209;F&auml;higkeit gegeben<\/li>\n\n\n\n<li>Ziele der weiterf&uuml;hrenden Reha<\/li>\n<\/ul>\n\n\n\n<h6 class=\"wp-block-heading\"><strong>3. Unterst&uuml;tzung<\/strong><\/h6>\n\n\n\n<ul class=\"wp-block-list\">\n<li><strong>Patientenstelle<\/strong>, <strong>Pro Infirmis<\/strong>, <strong>Ombudsstelle der Krankenversicherung<\/strong> helfen bei der Einsprache.<\/li>\n\n\n\n<li>Bei IV&#8209;F&auml;llen: <strong>Rechtsdienst der Behindertenorganisationen<\/strong> kann unterst&uuml;tzen.<\/li>\n<\/ul>\n\n\n\n<p><\/p>\n","protected":false},"excerpt":{"rendered":"<p>in der Schweiz gibt es keine \u201eAnschlussreha\u201c wie in Deutschland, aber es gibt das funktionale \u00c4quivalent: eine weiterf\u00fchrende Rehabilitation nach Spital oder nach einer ersten Reha, die \u00fcber \u00e4rztliche Verordnung &amp; Kostengutsprache l\u00e4uft. Damit du das sofort nutzen kannst, bekommst du hier eine pr\u00e4zise Schweizer Vorlage, speziell f\u00fcr den Fall: \u201eIch habe bereits eine Reha &#8230; <a title=\"Antrag auf eine weiterf\u00fchrende Rehabilitation\" class=\"read-more\" href=\"http:\/\/www.vitalibera.org\/community\/2026\/04\/20\/antrag-auf-eine-weiterfuehrende-rehabilitation\/\" aria-label=\"Mehr Informationen \u00fcber Antrag auf eine weiterf\u00fchrende Rehabilitation\">Weiterlesen<\/a><\/p>\n","protected":false},"author":2,"featured_media":6861,"comment_status":"open","ping_status":"open","sticky":false,"template":"","format":"standard","meta":{"cybocfi_hide_featured_image":"yes","_jetpack_memberships_contains_paid_content":false,"footnotes":""},"categories":[492,225],"tags":[],"class_list":["post-6860","post","type-post","status-publish","format-standard","has-post-thumbnail","hentry","category-alltagsnavigation","category-hilfe-fuer-angehoerige"],"yoast_head":"<!-- This site is optimized with the Yoast SEO plugin v27.4 - https:\/\/yoast.com\/product\/yoast-seo-wordpress\/ -->\r\n<title>Antrag auf eine weiterf\u00fchrende Rehabilitation - vitalibera.org<\/title>\r\n<meta name=\"robots\" content=\"index, follow, max-snippet:-1, max-image-preview:large, max-video-preview:-1\" \/>\r\n<link rel=\"canonical\" href=\"https:\/\/www.vitalibera.org\/community\/2026\/04\/20\/antrag-auf-eine-weiterfuehrende-rehabilitation\/\" \/>\r\n<meta property=\"og:locale\" content=\"de_DE\" \/>\r\n<meta property=\"og:type\" content=\"article\" \/>\r\n<meta property=\"og:title\" content=\"Antrag auf eine weiterf\u00fchrende Rehabilitation - vitalibera.org\" \/>\r\n<meta property=\"og:description\" content=\"in der Schweiz gibt es keine \u201eAnschlussreha\u201c wie in Deutschland, aber es gibt das funktionale \u00c4quivalent: eine weiterf\u00fchrende Rehabilitation nach Spital oder nach einer ersten Reha, die \u00fcber \u00e4rztliche Verordnung &amp; Kostengutsprache l\u00e4uft. Damit du das sofort nutzen kannst, bekommst du hier eine pr\u00e4zise Schweizer Vorlage, speziell f\u00fcr den Fall: \u201eIch habe bereits eine Reha ... Weiterlesen\" \/>\r\n<meta property=\"og:url\" content=\"https:\/\/www.vitalibera.org\/community\/2026\/04\/20\/antrag-auf-eine-weiterfuehrende-rehabilitation\/\" \/>\r\n<meta property=\"og:site_name\" content=\"vitalibera.org\" \/>\r\n<meta property=\"article:publisher\" content=\"https:\/\/www.facebook.com\/groups\/2997085857140235\" \/>\r\n<meta property=\"article:published_time\" content=\"2026-04-20T16:39:45+00:00\" \/>\r\n<meta property=\"article:modified_time\" content=\"2026-04-20T16:55:39+00:00\" \/>\r\n<meta property=\"og:image\" content=\"https:\/\/www.vitalibera.org\/community\/wp-content\/uploads\/2026\/04\/anschlussreha52.png\" \/>\r\n\t<meta property=\"og:image:width\" content=\"200\" \/>\r\n\t<meta property=\"og:image:height\" content=\"200\" \/>\r\n\t<meta property=\"og:image:type\" content=\"image\/png\" \/>\r\n<meta name=\"author\" content=\"Andreas Jecklin\" \/>\r\n<meta name=\"twitter:card\" content=\"summary_large_image\" \/>\r\n<meta name=\"twitter:label1\" content=\"Verfasst von\" \/>\n\t<meta name=\"twitter:data1\" content=\"Andreas Jecklin\" \/>\n\t<meta name=\"twitter:label2\" content=\"Gesch\u00e4tzte Lesezeit\" \/>\n\t<meta name=\"twitter:data2\" content=\"4\u00a0Minuten\" \/>\r\n<script type=\"application\/ld+json\" class=\"yoast-schema-graph\">{\"@context\":\"https:\\\/\\\/schema.org\",\"@graph\":[{\"@type\":\"Article\",\"@id\":\"https:\\\/\\\/www.vitalibera.org\\\/community\\\/2026\\\/04\\\/20\\\/antrag-auf-eine-weiterfuehrende-rehabilitation\\\/#article\",\"isPartOf\":{\"@id\":\"https:\\\/\\\/www.vitalibera.org\\\/community\\\/2026\\\/04\\\/20\\\/antrag-auf-eine-weiterfuehrende-rehabilitation\\\/\"},\"author\":{\"name\":\"Andreas Jecklin\",\"@id\":\"https:\\\/\\\/www.vitalibera.org\\\/community\\\/#\\\/schema\\\/person\\\/6712387298421f222ff6d0a2e22c1534\"},\"headline\":\"Antrag auf eine weiterf\u00fchrende Rehabilitation\",\"datePublished\":\"2026-04-20T16:39:45+00:00\",\"dateModified\":\"2026-04-20T16:55:39+00:00\",\"mainEntityOfPage\":{\"@id\":\"https:\\\/\\\/www.vitalibera.org\\\/community\\\/2026\\\/04\\\/20\\\/antrag-auf-eine-weiterfuehrende-rehabilitation\\\/\"},\"wordCount\":548,\"commentCount\":0,\"publisher\":{\"@id\":\"https:\\\/\\\/www.vitalibera.org\\\/community\\\/#organization\"},\"image\":{\"@id\":\"https:\\\/\\\/www.vitalibera.org\\\/community\\\/2026\\\/04\\\/20\\\/antrag-auf-eine-weiterfuehrende-rehabilitation\\\/#primaryimage\"},\"thumbnailUrl\":\"http:\\\/\\\/www.vitalibera.org\\\/community\\\/wp-content\\\/uploads\\\/2026\\\/04\\\/anschlussreha52.png\",\"articleSection\":[\"Alltagsnavigation\",\"Hilfe f\u00fcr Angeh\u00f6rige\"],\"inLanguage\":\"de\",\"potentialAction\":[{\"@type\":\"CommentAction\",\"name\":\"Comment\",\"target\":[\"https:\\\/\\\/www.vitalibera.org\\\/community\\\/2026\\\/04\\\/20\\\/antrag-auf-eine-weiterfuehrende-rehabilitation\\\/#respond\"]}]},{\"@type\":\"WebPage\",\"@id\":\"https:\\\/\\\/www.vitalibera.org\\\/community\\\/2026\\\/04\\\/20\\\/antrag-auf-eine-weiterfuehrende-rehabilitation\\\/\",\"url\":\"https:\\\/\\\/www.vitalibera.org\\\/community\\\/2026\\\/04\\\/20\\\/antrag-auf-eine-weiterfuehrende-rehabilitation\\\/\",\"name\":\"Antrag auf eine weiterf\u00fchrende Rehabilitation - vitalibera.org\",\"isPartOf\":{\"@id\":\"https:\\\/\\\/www.vitalibera.org\\\/community\\\/#website\"},\"primaryImageOfPage\":{\"@id\":\"https:\\\/\\\/www.vitalibera.org\\\/community\\\/2026\\\/04\\\/20\\\/antrag-auf-eine-weiterfuehrende-rehabilitation\\\/#primaryimage\"},\"image\":{\"@id\":\"https:\\\/\\\/www.vitalibera.org\\\/community\\\/2026\\\/04\\\/20\\\/antrag-auf-eine-weiterfuehrende-rehabilitation\\\/#primaryimage\"},\"thumbnailUrl\":\"http:\\\/\\\/www.vitalibera.org\\\/community\\\/wp-content\\\/uploads\\\/2026\\\/04\\\/anschlussreha52.png\",\"datePublished\":\"2026-04-20T16:39:45+00:00\",\"dateModified\":\"2026-04-20T16:55:39+00:00\",\"breadcrumb\":{\"@id\":\"https:\\\/\\\/www.vitalibera.org\\\/community\\\/2026\\\/04\\\/20\\\/antrag-auf-eine-weiterfuehrende-rehabilitation\\\/#breadcrumb\"},\"inLanguage\":\"de\",\"potentialAction\":[{\"@type\":\"ReadAction\",\"target\":[\"https:\\\/\\\/www.vitalibera.org\\\/community\\\/2026\\\/04\\\/20\\\/antrag-auf-eine-weiterfuehrende-rehabilitation\\\/\"]}]},{\"@type\":\"BreadcrumbList\",\"@id\":\"https:\\\/\\\/www.vitalibera.org\\\/community\\\/2026\\\/04\\\/20\\\/antrag-auf-eine-weiterfuehrende-rehabilitation\\\/#breadcrumb\",\"itemListElement\":[{\"@type\":\"ListItem\",\"position\":1,\"name\":\"Startseite\",\"item\":\"https:\\\/\\\/www.vitalibera.org\\\/community\\\/\"},{\"@type\":\"ListItem\",\"position\":2,\"name\":\"Antrag auf eine weiterf\u00fchrende Rehabilitation\"}]},{\"@type\":\"WebSite\",\"@id\":\"https:\\\/\\\/www.vitalibera.org\\\/community\\\/#website\",\"url\":\"https:\\\/\\\/www.vitalibera.org\\\/community\\\/\",\"name\":\"vitalibera.org\",\"description\":\"Mit einer Einschr&auml;nkung gestaltet sich das Leben im Alltag oft schwieriger - hier berichten wir &uuml;ber unsere Erfahrungen und Hilfsmittel um den Alltag so unbeschwert und unkompliziert wie nur m&ouml;glich geniessen zu k&ouml;nnen. Dabei richten wir unseren Fokus gezielt auf Selbst&auml;ndigkeit, Eigenst&auml;ndigkeit und Selbstbestimmung.\",\"publisher\":{\"@id\":\"https:\\\/\\\/www.vitalibera.org\\\/community\\\/#organization\"},\"potentialAction\":[{\"@type\":\"SearchAction\",\"target\":{\"@type\":\"EntryPoint\",\"urlTemplate\":\"https:\\\/\\\/www.vitalibera.org\\\/community\\\/?s={search_term_string}\"},\"query-input\":{\"@type\":\"PropertyValueSpecification\",\"valueRequired\":true,\"valueName\":\"search_term_string\"}}],\"inLanguage\":\"de\"},{\"@type\":\"Organization\",\"@id\":\"https:\\\/\\\/www.vitalibera.org\\\/community\\\/#organization\",\"name\":\"vitalibera.org\",\"url\":\"https:\\\/\\\/www.vitalibera.org\\\/community\\\/\",\"logo\":{\"@type\":\"ImageObject\",\"inLanguage\":\"de\",\"@id\":\"https:\\\/\\\/www.vitalibera.org\\\/community\\\/#\\\/schema\\\/logo\\\/image\\\/\",\"url\":\"http:\\\/\\\/www.vitalibera.org\\\/community\\\/wp-content\\\/uploads\\\/2025\\\/09\\\/cropped-banner.png\",\"contentUrl\":\"http:\\\/\\\/www.vitalibera.org\\\/community\\\/wp-content\\\/uploads\\\/2025\\\/09\\\/cropped-banner.png\",\"width\":991,\"height\":150,\"caption\":\"vitalibera.org\"},\"image\":{\"@id\":\"https:\\\/\\\/www.vitalibera.org\\\/community\\\/#\\\/schema\\\/logo\\\/image\\\/\"},\"sameAs\":[\"https:\\\/\\\/www.facebook.com\\\/groups\\\/2997085857140235\"]},{\"@type\":\"Person\",\"@id\":\"https:\\\/\\\/www.vitalibera.org\\\/community\\\/#\\\/schema\\\/person\\\/6712387298421f222ff6d0a2e22c1534\",\"name\":\"Andreas Jecklin\",\"image\":{\"@type\":\"ImageObject\",\"inLanguage\":\"de\",\"@id\":\"http:\\\/\\\/0.gravatar.com\\\/avatar\\\/ad516503a11cd5ca435acc9bb6523536?s=96\",\"url\":\"http:\\\/\\\/0.gravatar.com\\\/avatar\\\/ad516503a11cd5ca435acc9bb6523536?s=96\",\"contentUrl\":\"http:\\\/\\\/0.gravatar.com\\\/avatar\\\/ad516503a11cd5ca435acc9bb6523536?s=96\",\"caption\":\"Andreas Jecklin\"},\"description\":\"Manchen gab Gott die Kraft Dinge zu ver\u00e4ndern, mir gab er die Kraft zu ertragen was nicht mehr zu \u00e4ndern ist.\",\"url\":\"http:\\\/\\\/www.vitalibera.org\\\/community\\\/author\\\/andy77\\\/\"}]}<\/script>\r\n<!-- \/ Yoast SEO plugin. -->","yoast_head_json":{"title":"Antrag auf eine weiterf\u00fchrende Rehabilitation - vitalibera.org","robots":{"index":"index","follow":"follow","max-snippet":"max-snippet:-1","max-image-preview":"max-image-preview:large","max-video-preview":"max-video-preview:-1"},"canonical":"https:\/\/www.vitalibera.org\/community\/2026\/04\/20\/antrag-auf-eine-weiterfuehrende-rehabilitation\/","og_locale":"de_DE","og_type":"article","og_title":"Antrag auf eine weiterf\u00fchrende Rehabilitation - vitalibera.org","og_description":"in der Schweiz gibt es keine \u201eAnschlussreha\u201c wie in Deutschland, aber es gibt das funktionale \u00c4quivalent: eine weiterf\u00fchrende Rehabilitation nach Spital oder nach einer ersten Reha, die \u00fcber \u00e4rztliche Verordnung &amp; Kostengutsprache l\u00e4uft. Damit du das sofort nutzen kannst, bekommst du hier eine pr\u00e4zise Schweizer Vorlage, speziell f\u00fcr den Fall: \u201eIch habe bereits eine Reha ... Weiterlesen","og_url":"https:\/\/www.vitalibera.org\/community\/2026\/04\/20\/antrag-auf-eine-weiterfuehrende-rehabilitation\/","og_site_name":"vitalibera.org","article_publisher":"https:\/\/www.facebook.com\/groups\/2997085857140235","article_published_time":"2026-04-20T16:39:45+00:00","article_modified_time":"2026-04-20T16:55:39+00:00","og_image":[{"width":200,"height":200,"url":"https:\/\/www.vitalibera.org\/community\/wp-content\/uploads\/2026\/04\/anschlussreha52.png","type":"image\/png"}],"author":"Andreas Jecklin","twitter_card":"summary_large_image","twitter_misc":{"Verfasst von":"Andreas Jecklin","Gesch\u00e4tzte Lesezeit":"4\u00a0Minuten"},"schema":{"@context":"https:\/\/schema.org","@graph":[{"@type":"Article","@id":"https:\/\/www.vitalibera.org\/community\/2026\/04\/20\/antrag-auf-eine-weiterfuehrende-rehabilitation\/#article","isPartOf":{"@id":"https:\/\/www.vitalibera.org\/community\/2026\/04\/20\/antrag-auf-eine-weiterfuehrende-rehabilitation\/"},"author":{"name":"Andreas Jecklin","@id":"https:\/\/www.vitalibera.org\/community\/#\/schema\/person\/6712387298421f222ff6d0a2e22c1534"},"headline":"Antrag auf eine weiterf\u00fchrende Rehabilitation","datePublished":"2026-04-20T16:39:45+00:00","dateModified":"2026-04-20T16:55:39+00:00","mainEntityOfPage":{"@id":"https:\/\/www.vitalibera.org\/community\/2026\/04\/20\/antrag-auf-eine-weiterfuehrende-rehabilitation\/"},"wordCount":548,"commentCount":0,"publisher":{"@id":"https:\/\/www.vitalibera.org\/community\/#organization"},"image":{"@id":"https:\/\/www.vitalibera.org\/community\/2026\/04\/20\/antrag-auf-eine-weiterfuehrende-rehabilitation\/#primaryimage"},"thumbnailUrl":"http:\/\/www.vitalibera.org\/community\/wp-content\/uploads\/2026\/04\/anschlussreha52.png","articleSection":["Alltagsnavigation","Hilfe f\u00fcr Angeh\u00f6rige"],"inLanguage":"de","potentialAction":[{"@type":"CommentAction","name":"Comment","target":["https:\/\/www.vitalibera.org\/community\/2026\/04\/20\/antrag-auf-eine-weiterfuehrende-rehabilitation\/#respond"]}]},{"@type":"WebPage","@id":"https:\/\/www.vitalibera.org\/community\/2026\/04\/20\/antrag-auf-eine-weiterfuehrende-rehabilitation\/","url":"https:\/\/www.vitalibera.org\/community\/2026\/04\/20\/antrag-auf-eine-weiterfuehrende-rehabilitation\/","name":"Antrag auf eine weiterf\u00fchrende Rehabilitation - vitalibera.org","isPartOf":{"@id":"https:\/\/www.vitalibera.org\/community\/#website"},"primaryImageOfPage":{"@id":"https:\/\/www.vitalibera.org\/community\/2026\/04\/20\/antrag-auf-eine-weiterfuehrende-rehabilitation\/#primaryimage"},"image":{"@id":"https:\/\/www.vitalibera.org\/community\/2026\/04\/20\/antrag-auf-eine-weiterfuehrende-rehabilitation\/#primaryimage"},"thumbnailUrl":"http:\/\/www.vitalibera.org\/community\/wp-content\/uploads\/2026\/04\/anschlussreha52.png","datePublished":"2026-04-20T16:39:45+00:00","dateModified":"2026-04-20T16:55:39+00:00","breadcrumb":{"@id":"https:\/\/www.vitalibera.org\/community\/2026\/04\/20\/antrag-auf-eine-weiterfuehrende-rehabilitation\/#breadcrumb"},"inLanguage":"de","potentialAction":[{"@type":"ReadAction","target":["https:\/\/www.vitalibera.org\/community\/2026\/04\/20\/antrag-auf-eine-weiterfuehrende-rehabilitation\/"]}]},{"@type":"BreadcrumbList","@id":"https:\/\/www.vitalibera.org\/community\/2026\/04\/20\/antrag-auf-eine-weiterfuehrende-rehabilitation\/#breadcrumb","itemListElement":[{"@type":"ListItem","position":1,"name":"Startseite","item":"https:\/\/www.vitalibera.org\/community\/"},{"@type":"ListItem","position":2,"name":"Antrag auf eine weiterf\u00fchrende Rehabilitation"}]},{"@type":"WebSite","@id":"https:\/\/www.vitalibera.org\/community\/#website","url":"https:\/\/www.vitalibera.org\/community\/","name":"vitalibera.org","description":"Mit einer Einschr&auml;nkung gestaltet sich das Leben im Alltag oft schwieriger - hier berichten wir &uuml;ber unsere Erfahrungen und Hilfsmittel um den Alltag so unbeschwert und unkompliziert wie nur m&ouml;glich geniessen zu k&ouml;nnen. Dabei richten wir unseren Fokus gezielt auf Selbst&auml;ndigkeit, Eigenst&auml;ndigkeit und Selbstbestimmung.","publisher":{"@id":"https:\/\/www.vitalibera.org\/community\/#organization"},"potentialAction":[{"@type":"SearchAction","target":{"@type":"EntryPoint","urlTemplate":"https:\/\/www.vitalibera.org\/community\/?s={search_term_string}"},"query-input":{"@type":"PropertyValueSpecification","valueRequired":true,"valueName":"search_term_string"}}],"inLanguage":"de"},{"@type":"Organization","@id":"https:\/\/www.vitalibera.org\/community\/#organization","name":"vitalibera.org","url":"https:\/\/www.vitalibera.org\/community\/","logo":{"@type":"ImageObject","inLanguage":"de","@id":"https:\/\/www.vitalibera.org\/community\/#\/schema\/logo\/image\/","url":"http:\/\/www.vitalibera.org\/community\/wp-content\/uploads\/2025\/09\/cropped-banner.png","contentUrl":"http:\/\/www.vitalibera.org\/community\/wp-content\/uploads\/2025\/09\/cropped-banner.png","width":991,"height":150,"caption":"vitalibera.org"},"image":{"@id":"https:\/\/www.vitalibera.org\/community\/#\/schema\/logo\/image\/"},"sameAs":["https:\/\/www.facebook.com\/groups\/2997085857140235"]},{"@type":"Person","@id":"https:\/\/www.vitalibera.org\/community\/#\/schema\/person\/6712387298421f222ff6d0a2e22c1534","name":"Andreas Jecklin","image":{"@type":"ImageObject","inLanguage":"de","@id":"http:\/\/0.gravatar.com\/avatar\/ad516503a11cd5ca435acc9bb6523536?s=96","url":"http:\/\/0.gravatar.com\/avatar\/ad516503a11cd5ca435acc9bb6523536?s=96","contentUrl":"http:\/\/0.gravatar.com\/avatar\/ad516503a11cd5ca435acc9bb6523536?s=96","caption":"Andreas Jecklin"},"description":"Manchen gab Gott die Kraft Dinge zu ver\u00e4ndern, mir gab er die Kraft zu ertragen was nicht mehr zu \u00e4ndern ist.","url":"http:\/\/www.vitalibera.org\/community\/author\/andy77\/"}]}},"jetpack_featured_media_url":"http:\/\/www.vitalibera.org\/community\/wp-content\/uploads\/2026\/04\/anschlussreha52.png","jetpack_sharing_enabled":true,"jetpack-related-posts":[],"_links":{"self":[{"href":"http:\/\/www.vitalibera.org\/community\/wp-json\/wp\/v2\/posts\/6860","targetHints":{"allow":["GET"]}}],"collection":[{"href":"http:\/\/www.vitalibera.org\/community\/wp-json\/wp\/v2\/posts"}],"about":[{"href":"http:\/\/www.vitalibera.org\/community\/wp-json\/wp\/v2\/types\/post"}],"author":[{"embeddable":true,"href":"http:\/\/www.vitalibera.org\/community\/wp-json\/wp\/v2\/users\/2"}],"replies":[{"embeddable":true,"href":"http:\/\/www.vitalibera.org\/community\/wp-json\/wp\/v2\/comments?post=6860"}],"version-history":[{"count":3,"href":"http:\/\/www.vitalibera.org\/community\/wp-json\/wp\/v2\/posts\/6860\/revisions"}],"predecessor-version":[{"id":6866,"href":"http:\/\/www.vitalibera.org\/community\/wp-json\/wp\/v2\/posts\/6860\/revisions\/6866"}],"wp:featuredmedia":[{"embeddable":true,"href":"http:\/\/www.vitalibera.org\/community\/wp-json\/wp\/v2\/media\/6861"}],"wp:attachment":[{"href":"http:\/\/www.vitalibera.org\/community\/wp-json\/wp\/v2\/media?parent=6860"}],"wp:term":[{"taxonomy":"category","embeddable":true,"href":"http:\/\/www.vitalibera.org\/community\/wp-json\/wp\/v2\/categories?post=6860"},{"taxonomy":"post_tag","embeddable":true,"href":"http:\/\/www.vitalibera.org\/community\/wp-json\/wp\/v2\/tags?post=6860"}],"curies":[{"name":"wp","href":"https:\/\/api.w.org\/{rel}","templated":true}]}}