{"id":6867,"date":"2026-04-21T12:25:15","date_gmt":"2026-04-21T10:25:15","guid":{"rendered":"https:\/\/www.vitalibera.org\/community\/?p=6867"},"modified":"2026-04-23T10:40:49","modified_gmt":"2026-04-23T08:40:49","slug":"ein-umfeld-das-mich-atmen-laesst","status":"publish","type":"post","link":"http:\/\/www.vitalibera.org\/community\/2026\/04\/21\/ein-umfeld-das-mich-atmen-laesst\/","title":{"rendered":"Ein Umfeld, das mich atmen l\u00e4sst"},"content":{"rendered":"\n<div class=\"wp-block-media-text is-stacked-on-mobile is-vertically-aligned-top\" style=\"grid-template-columns:41% auto\"><figure class=\"wp-block-media-text__media\"><img fetchpriority=\"high\" decoding=\"async\" width=\"300\" height=\"300\" src=\"https:\/\/www.vitalibera.org\/community\/wp-content\/uploads\/2026\/04\/shield126.png\" alt=\"\" class=\"wp-image-6868 size-full\" srcset=\"http:\/\/www.vitalibera.org\/community\/wp-content\/uploads\/2026\/04\/shield126.png 300w, http:\/\/www.vitalibera.org\/community\/wp-content\/uploads\/2026\/04\/shield126-150x150.png 150w\" sizes=\"(max-width: 300px) 100vw, 300px\" \/><\/figure><div class=\"wp-block-media-text__content\">\n<p>Manchmal braucht es nur einen kleinen Satz, um wieder Orientierung zu finden. <\/p>\n\n\n\n<p>Einen Moment, der sagt: <em>Du musst jetzt nichts leisten. Du darfst einfach ankommen.<\/em> <\/p>\n\n\n\n<p>Dieser Text &ouml;ffnet genau diesen Raum. Er l&auml;dt dazu ein, den Druck kurz abzulegen, die Gedanken zu sortieren und den n&auml;chsten Schritt in deinem eigenen Tempo zu setzen. Nicht perfekt, nicht schnell &mdash; nur passend f&uuml;r dich.<\/p>\n\n\n\n<p><\/p>\n<\/div><\/div>\n\n\n\n<h5 class=\"wp-block-heading\"><strong>Es wird leichter, wenn der Druck nicht mehr dein Ma&szlig;stab ist<\/strong><\/h5>\n\n\n\n<p>Der h&auml;rteste Teil ist nicht die Situation selbst, sondern die gesellschaftliche Erwartung, &bdquo;normal funktionieren&ldquo; zu m&uuml;ssen. Wenn dieser Ma&szlig;stab an Bedeutung verliert, entsteht Raum. Und in diesem Raum wird vieles pl&ouml;tzlich machbar, was vorher unm&ouml;glich war.<\/p>\n\n\n\n<h5 class=\"wp-block-heading\"><strong>Es wird leichter, wenn dein Umfeld stimmt<\/strong><\/h5>\n\n\n\n<p><strong>&bdquo;Heilung beginnt in einem angenehmen Umfeld.&ldquo;<\/strong> Das ist kein Spruch, das ist Neurobiologie. Ein System, das nicht dauernd gegen &Uuml;berforderung ank&auml;mpfen muss, kann sich regulieren. Regulation = Kapazit&auml;t. Kapazit&auml;t = Leichter.<\/p>\n\n\n\n<h5 class=\"wp-block-heading\"><strong>Es wird leichter, wenn du den n&auml;chsten Schritt klein genug machst<\/strong><\/h5>\n\n\n\n<p>Du hast nach dem &bdquo;n&auml;chsten Schritt&ldquo; gefragt. Das ist bereits der Moment, in dem Dinge leichter werden: Nicht weil alles gel&ouml;st ist, sondern weil du die Richtung wieder in der Hand hast.<\/p>\n\n\n\n<p>Leichter wird es nicht durch gro&szlig;e Spr&uuml;nge, sondern durch:<\/p>\n\n\n\n<ul class=\"wp-block-list\">\n<li>Mikro&#8209;Entlastungen<\/li>\n\n\n\n<li>klare Grenzen<\/li>\n\n\n\n<li>ein Umfeld, das dich nicht frisst<\/li>\n\n\n\n<li>Strategien, die zu deinem Nervensystem passen<\/li>\n\n\n\n<li>Tempo, das du bestimmst<\/li>\n<\/ul>\n\n\n\n<p>Das summiert sich. Immer.<\/p>\n\n\n\n<h5 class=\"wp-block-heading\"><strong>Es wird leichter, wenn du nicht mehr gegen dich k&auml;mpfst<\/strong><\/h5>\n\n\n\n<p>Der gr&ouml;&szlig;te Energieverlust entsteht durch Selbstvorw&uuml;rfe und Vergleiche mit &bdquo;funktionierenden&ldquo; Menschen. Wenn dieser innere Krieg endet, entsteht eine Art innerer Frieden, der nicht spektakul&auml;r ist, aber stabil. Und Stabilit&auml;t f&uuml;hlt sich an wie: <strong>&bdquo;Ich kann wieder atmen.&ldquo;<\/strong><\/p>\n\n\n\n<div class=\"wp-block-media-text is-stacked-on-mobile is-vertically-aligned-top\" style=\"grid-template-columns:26% auto\"><figure class=\"wp-block-media-text__media\"><img decoding=\"async\" width=\"302\" height=\"277\" src=\"http:\/\/www.vitalibera.org\/community\/wp-content\/uploads\/2026\/03\/tip3.png\" alt=\"\" class=\"wp-image-6087 size-full\" srcset=\"http:\/\/www.vitalibera.org\/community\/wp-content\/uploads\/2026\/03\/tip3.png 302w, http:\/\/www.vitalibera.org\/community\/wp-content\/uploads\/2026\/03\/tip3-300x275.png 300w\" sizes=\"(max-width: 302px) 100vw, 302px\" \/><\/figure><div class=\"wp-block-media-text__content\">\n<p><strong>Ein angenehmes Umfeld schaffen<\/strong><\/p>\n\n\n\n<p><strong>1. Reizniveau senken, ohne sich zu isolieren<\/strong><\/p>\n\n\n\n<p>Es geht nicht darum, die Welt auszuschalten, sondern <strong>den Input zu dosieren<\/strong>.<\/p>\n\n\n\n<ul class=\"wp-block-list\">\n<li><strong>Licht:<\/strong> warm, indirekt, keine grellen Spots. Eine einzige weiche Lichtquelle ver&auml;ndert sofort die Grundspannung.<\/li>\n\n\n\n<li><strong>Ger&auml;usche:<\/strong> konstante, ruhige Hintergrundger&auml;usche (Ventilator, Regen, White Noise) sind f&uuml;r viele Gehirne stabilisierend.<\/li>\n\n\n\n<li><strong>Ordnung:<\/strong> nicht &bdquo;aufger&auml;umt&ldquo;, sondern <strong>visuell ruhig<\/strong>. Wenige sichtbare Dinge, klare Fl&auml;chen.<\/li>\n\n\n\n<li><strong>Ger&uuml;che:<\/strong> ein vertrauter, milder Duft wirkt wie ein Anker.<\/li>\n<\/ul>\n\n\n\n<p><strong>Warum das wirkt:<\/strong> Ein Gehirn, das weniger Reize sortieren muss, hat mehr Kapazit&auml;t f&uuml;r dich. Das ist kein Luxus, das ist Neuro&ouml;konomie.<\/p>\n\n\n\n<h6 class=\"wp-block-heading\"><strong>2. Soziale Umgebung entgiften<\/strong><\/h6>\n\n\n\n<p>Ein angenehmes Umfeld entsteht auch durch <strong>weniger Druck von au&szlig;en<\/strong>.<\/p>\n\n\n\n<ul class=\"wp-block-list\">\n<li><strong>Kontaktpunkte reduzieren:<\/strong> nicht alle Kan&auml;le offen halten. Ein Hauptkanal reicht (z.&#8239;B. nur schriftlich).<\/li>\n\n\n\n<li><strong>Klare Grenzen:<\/strong> kurze S&auml;tze wie &bdquo;Ich brauche gerade Ruhe&ldquo; oder &bdquo;Ich antworte sp&auml;ter&ldquo; reichen v&ouml;llig.<\/li>\n\n\n\n<li><strong>Menschen sortieren:<\/strong> Wer gibt dir Energie, wer zieht sie? Schon ein kleiner Shift ver&auml;ndert die Atmosph&auml;re.<\/li>\n<\/ul>\n\n\n\n<p><strong>Wichtig:<\/strong> Du musst niemandem erkl&auml;ren, warum du etwas brauchst. Bed&uuml;rfnisse sind keine Verhandlung.<\/p>\n\n\n\n<h6 class=\"wp-block-heading\"><strong>3. Strukturen schaffen, die dich tragen<\/strong><\/h6>\n\n\n\n<p>Ein angenehmes Umfeld ist eines, das <strong>vorhersehbar<\/strong> ist.<\/p>\n\n\n\n<ul class=\"wp-block-list\">\n<li><strong>Mikro&#8209;Routinen:<\/strong> 3&ndash;5 feste Punkte am Tag (z.&#8239;B. Tee, kurze Pause, frische Luft).<\/li>\n\n\n\n<li><strong>Zonen:<\/strong> ein Platz zum Arbeiten, einer zum Ausruhen. Nicht mischen.<\/li>\n\n\n\n<li><strong>Mini&#8209;Schritte:<\/strong> Aufgaben in 2&#8209;Minuten&#8209;Teile zerlegen. Das senkt den inneren Widerstand.<\/li>\n<\/ul>\n\n\n\n<p><strong>Warum das hilft:<\/strong> Vorhersehbarkeit beruhigt das Nervensystem st&auml;rker als Motivation oder Disziplin.<\/p>\n\n\n\n<h6 class=\"wp-block-heading\"><strong>4. Emotionale Atmosph&auml;re gestalten<\/strong><\/h6>\n\n\n\n<p>Ein angenehmes Umfeld ist eines, das <strong>freundlich zu dir ist<\/strong>, auch wenn du es gerade nicht bist.<\/p>\n\n\n\n<ul class=\"wp-block-list\">\n<li><strong>Worte im Raum:<\/strong> ein Satz, der dich st&auml;rkt (z.&#8239;B. &bdquo;Ich darf mein Tempo bestimmen&ldquo;).<\/li>\n\n\n\n<li><strong>Symbole:<\/strong> ein Objekt, das dich an Selbstbestimmung erinnert (Stein, Karte, kleines Bild).<\/li>\n\n\n\n<li><strong>Erlaubnis:<\/strong> dir selbst erlauben, weniger zu leisten, langsamer zu sein, Pausen zu machen.<\/li>\n<\/ul>\n\n\n\n<p><strong>Das ist kein Esoterik&#8209;Kram.<\/strong> Das sind neuropsychologische Anker, die dein System stabilisieren.<\/p>\n<\/div><\/div>\n\n\n\n<p class=\"has-medium-font-size\"><strong>Tips bei Beh&ouml;rdendruck<\/strong><\/p>\n\n\n\n<p>Ein einzelner, klarer Tipp gegen <strong>Beh&ouml;rdendruck<\/strong>, der sofort wirkt: &#128073; <strong>Dreh die Kommunikationsrichtung um.<\/strong><\/p>\n\n\n\n<p>Statt zu reagieren, <strong>definierst du den Rahmen<\/strong>. Das geht mit einem Satz wie:<\/p>\n\n\n\n<blockquote class=\"wp-block-quote is-layout-flow wp-block-quote-is-layout-flow\">\n<p>&bdquo;Ich ben&ouml;tige eine verbindliche R&uuml;ckmeldung bis [Datum]. Bitte best&auml;tigen Sie mir schriftlich, dass Sie diese Frist einhalten.&ldquo;<\/p>\n<\/blockquote>\n\n\n\n<p>Warum das funktioniert:<\/p>\n\n\n\n<ul class=\"wp-block-list\">\n<li>Du verschiebst die Verantwortung zur&uuml;ck zur Beh&ouml;rde.<\/li>\n\n\n\n<li>Du machst aus &bdquo;Bittsteller&ldquo; &rarr; &bdquo;Verhandlungspartner&ldquo;.<\/li>\n\n\n\n<li>Du erzeugst <strong>Verbindlichkeit<\/strong>, ohne aggressiv zu wirken.<\/li>\n<\/ul>\n","protected":false},"excerpt":{"rendered":"<p>Manchmal braucht es nur einen kleinen Satz, um wieder Orientierung zu finden. Einen Moment, der sagt: Du musst jetzt nichts leisten. Du darfst einfach ankommen. Dieser Text \u00f6ffnet genau diesen Raum. Er l\u00e4dt dazu ein, den Druck kurz abzulegen, die Gedanken zu sortieren und den n\u00e4chsten Schritt in deinem eigenen Tempo zu setzen. Nicht perfekt, &#8230; <a title=\"Ein Umfeld, das mich atmen l\u00e4sst\" class=\"read-more\" href=\"http:\/\/www.vitalibera.org\/community\/2026\/04\/21\/ein-umfeld-das-mich-atmen-laesst\/\" aria-label=\"Mehr Informationen \u00fcber Ein Umfeld, das mich atmen l\u00e4sst\">Weiterlesen<\/a><\/p>\n","protected":false},"author":2,"featured_media":6868,"comment_status":"open","ping_status":"open","sticky":false,"template":"","format":"standard","meta":{"cybocfi_hide_featured_image":"yes","_jetpack_memberships_contains_paid_content":false,"footnotes":""},"categories":[492,225],"tags":[498,502],"class_list":["post-6867","post","type-post","status-publish","format-standard","has-post-thumbnail","hentry","category-alltagsnavigation","category-hilfe-fuer-angehoerige","tag-betroffene","tag-undefined"],"yoast_head":"<!-- This site is optimized with the Yoast SEO plugin v27.4 - https:\/\/yoast.com\/product\/yoast-seo-wordpress\/ -->\r\n<title>Ein Umfeld, das mich atmen l\u00e4sst - vitalibera.org<\/title>\r\n<meta name=\"robots\" content=\"index, follow, max-snippet:-1, max-image-preview:large, max-video-preview:-1\" \/>\r\n<link rel=\"canonical\" href=\"https:\/\/www.vitalibera.org\/community\/2026\/04\/21\/ein-umfeld-das-mich-atmen-laesst\/\" \/>\r\n<meta property=\"og:locale\" content=\"de_DE\" \/>\r\n<meta property=\"og:type\" content=\"article\" \/>\r\n<meta property=\"og:title\" content=\"Ein Umfeld, das mich atmen l\u00e4sst - vitalibera.org\" \/>\r\n<meta property=\"og:description\" content=\"Manchmal braucht es nur einen kleinen Satz, um wieder Orientierung zu finden. Einen Moment, der sagt: Du musst jetzt nichts leisten. Du darfst einfach ankommen. Dieser Text \u00f6ffnet genau diesen Raum. Er l\u00e4dt dazu ein, den Druck kurz abzulegen, die Gedanken zu sortieren und den n\u00e4chsten Schritt in deinem eigenen Tempo zu setzen. Nicht perfekt, ... Weiterlesen\" \/>\r\n<meta property=\"og:url\" content=\"https:\/\/www.vitalibera.org\/community\/2026\/04\/21\/ein-umfeld-das-mich-atmen-laesst\/\" \/>\r\n<meta property=\"og:site_name\" content=\"vitalibera.org\" \/>\r\n<meta property=\"article:publisher\" content=\"https:\/\/www.facebook.com\/groups\/2997085857140235\" \/>\r\n<meta property=\"article:published_time\" content=\"2026-04-21T10:25:15+00:00\" \/>\r\n<meta property=\"article:modified_time\" content=\"2026-04-23T08:40:49+00:00\" \/>\r\n<meta property=\"og:image\" content=\"http:\/\/www.vitalibera.org\/community\/wp-content\/uploads\/2026\/04\/shield126.png\" \/>\r\n\t<meta property=\"og:image:width\" content=\"300\" \/>\r\n\t<meta property=\"og:image:height\" content=\"300\" \/>\r\n\t<meta property=\"og:image:type\" content=\"image\/png\" \/>\r\n<meta name=\"author\" content=\"Andreas Jecklin\" \/>\r\n<meta name=\"twitter:card\" content=\"summary_large_image\" \/>\r\n<meta name=\"twitter:label1\" content=\"Verfasst von\" \/>\n\t<meta name=\"twitter:data1\" content=\"Andreas Jecklin\" \/>\n\t<meta name=\"twitter:label2\" content=\"Gesch\u00e4tzte Lesezeit\" \/>\n\t<meta name=\"twitter:data2\" content=\"5\u00a0Minuten\" \/>\r\n<script type=\"application\/ld+json\" class=\"yoast-schema-graph\">{\"@context\":\"https:\\\/\\\/schema.org\",\"@graph\":[{\"@type\":\"Article\",\"@id\":\"https:\\\/\\\/www.vitalibera.org\\\/community\\\/2026\\\/04\\\/21\\\/ein-umfeld-das-mich-atmen-laesst\\\/#article\",\"isPartOf\":{\"@id\":\"https:\\\/\\\/www.vitalibera.org\\\/community\\\/2026\\\/04\\\/21\\\/ein-umfeld-das-mich-atmen-laesst\\\/\"},\"author\":{\"name\":\"Andreas Jecklin\",\"@id\":\"https:\\\/\\\/www.vitalibera.org\\\/community\\\/#\\\/schema\\\/person\\\/6712387298421f222ff6d0a2e22c1534\"},\"headline\":\"Ein Umfeld, das mich atmen l\u00e4sst\",\"datePublished\":\"2026-04-21T10:25:15+00:00\",\"dateModified\":\"2026-04-23T08:40:49+00:00\",\"mainEntityOfPage\":{\"@id\":\"https:\\\/\\\/www.vitalibera.org\\\/community\\\/2026\\\/04\\\/21\\\/ein-umfeld-das-mich-atmen-laesst\\\/\"},\"wordCount\":689,\"commentCount\":0,\"publisher\":{\"@id\":\"https:\\\/\\\/www.vitalibera.org\\\/community\\\/#organization\"},\"image\":{\"@id\":\"https:\\\/\\\/www.vitalibera.org\\\/community\\\/2026\\\/04\\\/21\\\/ein-umfeld-das-mich-atmen-laesst\\\/#primaryimage\"},\"thumbnailUrl\":\"http:\\\/\\\/www.vitalibera.org\\\/community\\\/wp-content\\\/uploads\\\/2026\\\/04\\\/shield126.png\",\"keywords\":[\"betroffene\",\"undefined\"],\"articleSection\":[\"Alltagsnavigation\",\"Hilfe f\u00fcr Angeh\u00f6rige\"],\"inLanguage\":\"de\",\"potentialAction\":[{\"@type\":\"CommentAction\",\"name\":\"Comment\",\"target\":[\"https:\\\/\\\/www.vitalibera.org\\\/community\\\/2026\\\/04\\\/21\\\/ein-umfeld-das-mich-atmen-laesst\\\/#respond\"]}]},{\"@type\":\"WebPage\",\"@id\":\"https:\\\/\\\/www.vitalibera.org\\\/community\\\/2026\\\/04\\\/21\\\/ein-umfeld-das-mich-atmen-laesst\\\/\",\"url\":\"https:\\\/\\\/www.vitalibera.org\\\/community\\\/2026\\\/04\\\/21\\\/ein-umfeld-das-mich-atmen-laesst\\\/\",\"name\":\"Ein Umfeld, das mich atmen l\u00e4sst - vitalibera.org\",\"isPartOf\":{\"@id\":\"https:\\\/\\\/www.vitalibera.org\\\/community\\\/#website\"},\"primaryImageOfPage\":{\"@id\":\"https:\\\/\\\/www.vitalibera.org\\\/community\\\/2026\\\/04\\\/21\\\/ein-umfeld-das-mich-atmen-laesst\\\/#primaryimage\"},\"image\":{\"@id\":\"https:\\\/\\\/www.vitalibera.org\\\/community\\\/2026\\\/04\\\/21\\\/ein-umfeld-das-mich-atmen-laesst\\\/#primaryimage\"},\"thumbnailUrl\":\"http:\\\/\\\/www.vitalibera.org\\\/community\\\/wp-content\\\/uploads\\\/2026\\\/04\\\/shield126.png\",\"datePublished\":\"2026-04-21T10:25:15+00:00\",\"dateModified\":\"2026-04-23T08:40:49+00:00\",\"breadcrumb\":{\"@id\":\"https:\\\/\\\/www.vitalibera.org\\\/community\\\/2026\\\/04\\\/21\\\/ein-umfeld-das-mich-atmen-laesst\\\/#breadcrumb\"},\"inLanguage\":\"de\",\"potentialAction\":[{\"@type\":\"ReadAction\",\"target\":[\"https:\\\/\\\/www.vitalibera.org\\\/community\\\/2026\\\/04\\\/21\\\/ein-umfeld-das-mich-atmen-laesst\\\/\"]}]},{\"@type\":\"BreadcrumbList\",\"@id\":\"https:\\\/\\\/www.vitalibera.org\\\/community\\\/2026\\\/04\\\/21\\\/ein-umfeld-das-mich-atmen-laesst\\\/#breadcrumb\",\"itemListElement\":[{\"@type\":\"ListItem\",\"position\":1,\"name\":\"Startseite\",\"item\":\"https:\\\/\\\/www.vitalibera.org\\\/community\\\/\"},{\"@type\":\"ListItem\",\"position\":2,\"name\":\"Ein Umfeld, das mich atmen l\u00e4sst\"}]},{\"@type\":\"WebSite\",\"@id\":\"https:\\\/\\\/www.vitalibera.org\\\/community\\\/#website\",\"url\":\"https:\\\/\\\/www.vitalibera.org\\\/community\\\/\",\"name\":\"vitalibera.org\",\"description\":\"Mit einer Einschr&auml;nkung gestaltet sich das Leben im Alltag oft schwieriger - hier berichten wir &uuml;ber unsere Erfahrungen und Hilfsmittel um den Alltag so unbeschwert und unkompliziert wie nur m&ouml;glich geniessen zu k&ouml;nnen. Dabei richten wir unseren Fokus gezielt auf Selbst&auml;ndigkeit, Eigenst&auml;ndigkeit und Selbstbestimmung.\",\"publisher\":{\"@id\":\"https:\\\/\\\/www.vitalibera.org\\\/community\\\/#organization\"},\"potentialAction\":[{\"@type\":\"SearchAction\",\"target\":{\"@type\":\"EntryPoint\",\"urlTemplate\":\"https:\\\/\\\/www.vitalibera.org\\\/community\\\/?s={search_term_string}\"},\"query-input\":{\"@type\":\"PropertyValueSpecification\",\"valueRequired\":true,\"valueName\":\"search_term_string\"}}],\"inLanguage\":\"de\"},{\"@type\":\"Organization\",\"@id\":\"https:\\\/\\\/www.vitalibera.org\\\/community\\\/#organization\",\"name\":\"vitalibera.org\",\"url\":\"https:\\\/\\\/www.vitalibera.org\\\/community\\\/\",\"logo\":{\"@type\":\"ImageObject\",\"inLanguage\":\"de\",\"@id\":\"https:\\\/\\\/www.vitalibera.org\\\/community\\\/#\\\/schema\\\/logo\\\/image\\\/\",\"url\":\"http:\\\/\\\/www.vitalibera.org\\\/community\\\/wp-content\\\/uploads\\\/2025\\\/09\\\/cropped-banner.png\",\"contentUrl\":\"http:\\\/\\\/www.vitalibera.org\\\/community\\\/wp-content\\\/uploads\\\/2025\\\/09\\\/cropped-banner.png\",\"width\":991,\"height\":150,\"caption\":\"vitalibera.org\"},\"image\":{\"@id\":\"https:\\\/\\\/www.vitalibera.org\\\/community\\\/#\\\/schema\\\/logo\\\/image\\\/\"},\"sameAs\":[\"https:\\\/\\\/www.facebook.com\\\/groups\\\/2997085857140235\"]},{\"@type\":\"Person\",\"@id\":\"https:\\\/\\\/www.vitalibera.org\\\/community\\\/#\\\/schema\\\/person\\\/6712387298421f222ff6d0a2e22c1534\",\"name\":\"Andreas Jecklin\",\"image\":{\"@type\":\"ImageObject\",\"inLanguage\":\"de\",\"@id\":\"http:\\\/\\\/0.gravatar.com\\\/avatar\\\/ad516503a11cd5ca435acc9bb6523536?s=96\",\"url\":\"http:\\\/\\\/0.gravatar.com\\\/avatar\\\/ad516503a11cd5ca435acc9bb6523536?s=96\",\"contentUrl\":\"http:\\\/\\\/0.gravatar.com\\\/avatar\\\/ad516503a11cd5ca435acc9bb6523536?s=96\",\"caption\":\"Andreas Jecklin\"},\"description\":\"Manchen gab Gott die Kraft Dinge zu ver\u00e4ndern, mir gab er die Kraft zu ertragen was nicht mehr zu \u00e4ndern ist.\",\"url\":\"http:\\\/\\\/www.vitalibera.org\\\/community\\\/author\\\/andy77\\\/\"}]}<\/script>\r\n<!-- \/ Yoast SEO plugin. -->","yoast_head_json":{"title":"Ein Umfeld, das mich atmen l\u00e4sst - vitalibera.org","robots":{"index":"index","follow":"follow","max-snippet":"max-snippet:-1","max-image-preview":"max-image-preview:large","max-video-preview":"max-video-preview:-1"},"canonical":"https:\/\/www.vitalibera.org\/community\/2026\/04\/21\/ein-umfeld-das-mich-atmen-laesst\/","og_locale":"de_DE","og_type":"article","og_title":"Ein Umfeld, das mich atmen l\u00e4sst - vitalibera.org","og_description":"Manchmal braucht es nur einen kleinen Satz, um wieder Orientierung zu finden. Einen Moment, der sagt: Du musst jetzt nichts leisten. Du darfst einfach ankommen. Dieser Text \u00f6ffnet genau diesen Raum. Er l\u00e4dt dazu ein, den Druck kurz abzulegen, die Gedanken zu sortieren und den n\u00e4chsten Schritt in deinem eigenen Tempo zu setzen. Nicht perfekt, ... Weiterlesen","og_url":"https:\/\/www.vitalibera.org\/community\/2026\/04\/21\/ein-umfeld-das-mich-atmen-laesst\/","og_site_name":"vitalibera.org","article_publisher":"https:\/\/www.facebook.com\/groups\/2997085857140235","article_published_time":"2026-04-21T10:25:15+00:00","article_modified_time":"2026-04-23T08:40:49+00:00","og_image":[{"width":300,"height":300,"url":"http:\/\/www.vitalibera.org\/community\/wp-content\/uploads\/2026\/04\/shield126.png","type":"image\/png"}],"author":"Andreas Jecklin","twitter_card":"summary_large_image","twitter_misc":{"Verfasst von":"Andreas Jecklin","Gesch\u00e4tzte Lesezeit":"5\u00a0Minuten"},"schema":{"@context":"https:\/\/schema.org","@graph":[{"@type":"Article","@id":"https:\/\/www.vitalibera.org\/community\/2026\/04\/21\/ein-umfeld-das-mich-atmen-laesst\/#article","isPartOf":{"@id":"https:\/\/www.vitalibera.org\/community\/2026\/04\/21\/ein-umfeld-das-mich-atmen-laesst\/"},"author":{"name":"Andreas Jecklin","@id":"https:\/\/www.vitalibera.org\/community\/#\/schema\/person\/6712387298421f222ff6d0a2e22c1534"},"headline":"Ein Umfeld, das mich atmen l\u00e4sst","datePublished":"2026-04-21T10:25:15+00:00","dateModified":"2026-04-23T08:40:49+00:00","mainEntityOfPage":{"@id":"https:\/\/www.vitalibera.org\/community\/2026\/04\/21\/ein-umfeld-das-mich-atmen-laesst\/"},"wordCount":689,"commentCount":0,"publisher":{"@id":"https:\/\/www.vitalibera.org\/community\/#organization"},"image":{"@id":"https:\/\/www.vitalibera.org\/community\/2026\/04\/21\/ein-umfeld-das-mich-atmen-laesst\/#primaryimage"},"thumbnailUrl":"http:\/\/www.vitalibera.org\/community\/wp-content\/uploads\/2026\/04\/shield126.png","keywords":["betroffene","undefined"],"articleSection":["Alltagsnavigation","Hilfe f\u00fcr Angeh\u00f6rige"],"inLanguage":"de","potentialAction":[{"@type":"CommentAction","name":"Comment","target":["https:\/\/www.vitalibera.org\/community\/2026\/04\/21\/ein-umfeld-das-mich-atmen-laesst\/#respond"]}]},{"@type":"WebPage","@id":"https:\/\/www.vitalibera.org\/community\/2026\/04\/21\/ein-umfeld-das-mich-atmen-laesst\/","url":"https:\/\/www.vitalibera.org\/community\/2026\/04\/21\/ein-umfeld-das-mich-atmen-laesst\/","name":"Ein Umfeld, das mich atmen l\u00e4sst - vitalibera.org","isPartOf":{"@id":"https:\/\/www.vitalibera.org\/community\/#website"},"primaryImageOfPage":{"@id":"https:\/\/www.vitalibera.org\/community\/2026\/04\/21\/ein-umfeld-das-mich-atmen-laesst\/#primaryimage"},"image":{"@id":"https:\/\/www.vitalibera.org\/community\/2026\/04\/21\/ein-umfeld-das-mich-atmen-laesst\/#primaryimage"},"thumbnailUrl":"http:\/\/www.vitalibera.org\/community\/wp-content\/uploads\/2026\/04\/shield126.png","datePublished":"2026-04-21T10:25:15+00:00","dateModified":"2026-04-23T08:40:49+00:00","breadcrumb":{"@id":"https:\/\/www.vitalibera.org\/community\/2026\/04\/21\/ein-umfeld-das-mich-atmen-laesst\/#breadcrumb"},"inLanguage":"de","potentialAction":[{"@type":"ReadAction","target":["https:\/\/www.vitalibera.org\/community\/2026\/04\/21\/ein-umfeld-das-mich-atmen-laesst\/"]}]},{"@type":"BreadcrumbList","@id":"https:\/\/www.vitalibera.org\/community\/2026\/04\/21\/ein-umfeld-das-mich-atmen-laesst\/#breadcrumb","itemListElement":[{"@type":"ListItem","position":1,"name":"Startseite","item":"https:\/\/www.vitalibera.org\/community\/"},{"@type":"ListItem","position":2,"name":"Ein Umfeld, das mich atmen l\u00e4sst"}]},{"@type":"WebSite","@id":"https:\/\/www.vitalibera.org\/community\/#website","url":"https:\/\/www.vitalibera.org\/community\/","name":"vitalibera.org","description":"Mit einer Einschr&auml;nkung gestaltet sich das Leben im Alltag oft schwieriger - hier berichten wir &uuml;ber unsere Erfahrungen und Hilfsmittel um den Alltag so unbeschwert und unkompliziert wie nur m&ouml;glich geniessen zu k&ouml;nnen. Dabei richten wir unseren Fokus gezielt auf Selbst&auml;ndigkeit, Eigenst&auml;ndigkeit und Selbstbestimmung.","publisher":{"@id":"https:\/\/www.vitalibera.org\/community\/#organization"},"potentialAction":[{"@type":"SearchAction","target":{"@type":"EntryPoint","urlTemplate":"https:\/\/www.vitalibera.org\/community\/?s={search_term_string}"},"query-input":{"@type":"PropertyValueSpecification","valueRequired":true,"valueName":"search_term_string"}}],"inLanguage":"de"},{"@type":"Organization","@id":"https:\/\/www.vitalibera.org\/community\/#organization","name":"vitalibera.org","url":"https:\/\/www.vitalibera.org\/community\/","logo":{"@type":"ImageObject","inLanguage":"de","@id":"https:\/\/www.vitalibera.org\/community\/#\/schema\/logo\/image\/","url":"http:\/\/www.vitalibera.org\/community\/wp-content\/uploads\/2025\/09\/cropped-banner.png","contentUrl":"http:\/\/www.vitalibera.org\/community\/wp-content\/uploads\/2025\/09\/cropped-banner.png","width":991,"height":150,"caption":"vitalibera.org"},"image":{"@id":"https:\/\/www.vitalibera.org\/community\/#\/schema\/logo\/image\/"},"sameAs":["https:\/\/www.facebook.com\/groups\/2997085857140235"]},{"@type":"Person","@id":"https:\/\/www.vitalibera.org\/community\/#\/schema\/person\/6712387298421f222ff6d0a2e22c1534","name":"Andreas Jecklin","image":{"@type":"ImageObject","inLanguage":"de","@id":"http:\/\/0.gravatar.com\/avatar\/ad516503a11cd5ca435acc9bb6523536?s=96","url":"http:\/\/0.gravatar.com\/avatar\/ad516503a11cd5ca435acc9bb6523536?s=96","contentUrl":"http:\/\/0.gravatar.com\/avatar\/ad516503a11cd5ca435acc9bb6523536?s=96","caption":"Andreas Jecklin"},"description":"Manchen gab Gott die Kraft Dinge zu ver\u00e4ndern, mir gab er die Kraft zu ertragen was nicht mehr zu \u00e4ndern ist.","url":"http:\/\/www.vitalibera.org\/community\/author\/andy77\/"}]}},"jetpack_featured_media_url":"http:\/\/www.vitalibera.org\/community\/wp-content\/uploads\/2026\/04\/shield126.png","jetpack_sharing_enabled":true,"jetpack-related-posts":[],"_links":{"self":[{"href":"http:\/\/www.vitalibera.org\/community\/wp-json\/wp\/v2\/posts\/6867","targetHints":{"allow":["GET"]}}],"collection":[{"href":"http:\/\/www.vitalibera.org\/community\/wp-json\/wp\/v2\/posts"}],"about":[{"href":"http:\/\/www.vitalibera.org\/community\/wp-json\/wp\/v2\/types\/post"}],"author":[{"embeddable":true,"href":"http:\/\/www.vitalibera.org\/community\/wp-json\/wp\/v2\/users\/2"}],"replies":[{"embeddable":true,"href":"http:\/\/www.vitalibera.org\/community\/wp-json\/wp\/v2\/comments?post=6867"}],"version-history":[{"count":2,"href":"http:\/\/www.vitalibera.org\/community\/wp-json\/wp\/v2\/posts\/6867\/revisions"}],"predecessor-version":[{"id":6871,"href":"http:\/\/www.vitalibera.org\/community\/wp-json\/wp\/v2\/posts\/6867\/revisions\/6871"}],"wp:featuredmedia":[{"embeddable":true,"href":"http:\/\/www.vitalibera.org\/community\/wp-json\/wp\/v2\/media\/6868"}],"wp:attachment":[{"href":"http:\/\/www.vitalibera.org\/community\/wp-json\/wp\/v2\/media?parent=6867"}],"wp:term":[{"taxonomy":"category","embeddable":true,"href":"http:\/\/www.vitalibera.org\/community\/wp-json\/wp\/v2\/categories?post=6867"},{"taxonomy":"post_tag","embeddable":true,"href":"http:\/\/www.vitalibera.org\/community\/wp-json\/wp\/v2\/tags?post=6867"}],"curies":[{"name":"wp","href":"https:\/\/api.w.org\/{rel}","templated":true}]}}