{"id":6920,"date":"2026-04-25T10:25:26","date_gmt":"2026-04-25T08:25:26","guid":{"rendered":"https:\/\/www.vitalibera.org\/community\/?p=6920"},"modified":"2026-04-25T10:33:13","modified_gmt":"2026-04-25T08:33:13","slug":"ziele-bauen-nicht-jagen-der-weg-gehoert-mir","status":"publish","type":"post","link":"http:\/\/www.vitalibera.org\/community\/2026\/04\/25\/ziele-bauen-nicht-jagen-der-weg-gehoert-mir\/","title":{"rendered":"Ziele bauen, nicht jagen &#8211; Der Weg geh\u00f6rt mir"},"content":{"rendered":"\n<div class=\"wp-block-media-text is-stacked-on-mobile is-vertically-aligned-top\"><figure class=\"wp-block-media-text__media\"><img fetchpriority=\"high\" decoding=\"async\" width=\"360\" height=\"296\" src=\"https:\/\/www.vitalibera.org\/community\/wp-content\/uploads\/2026\/04\/45f8b4a7a9b79ce152bebb88db8a4a65.jpg\" alt=\"\" class=\"wp-image-6921 size-full\" srcset=\"http:\/\/www.vitalibera.org\/community\/wp-content\/uploads\/2026\/04\/45f8b4a7a9b79ce152bebb88db8a4a65.jpg 360w, http:\/\/www.vitalibera.org\/community\/wp-content\/uploads\/2026\/04\/45f8b4a7a9b79ce152bebb88db8a4a65-300x247.jpg 300w\" sizes=\"(max-width: 360px) 100vw, 360px\" \/><\/figure><div class=\"wp-block-media-text__content\">\n<p>Manchmal wirkt ein Ziel weit weg, fast wie ein anderer Kontinent. Doch der Weg dorthin beginnt nicht mit gro&szlig;en Schritten, sondern mit einem ersten klaren Punkt: <em>Wo stehe ich gerade?<\/em> Wenn du das benennen kannst, entsteht Struktur. Aus Struktur entsteht Richtung. Und aus Richtung entsteht <a href=\"http:\/\/www.vitalibera.org\/community\/2026\/08\/24\/alltagstraining-mit-arm-und-bein-hometrainer-nach-hirnverletzung\/\"><font color=\"blue\"><img src=\"https:\/\/www.vitalibera.org\/community\/wp-content\/images\/link.png\" width=\"20\" height=\"20\"><u>Bewegung<\/u><\/font><\/a> &ndash; auch dann, wenn die Energie begrenzt ist oder der <a href=\"http:\/\/www.vitalibera.org\/community\/2026\/04\/30\/lapstacker-transport-gurtsystem-fuer-rollstuehle\/\"><font color=\"blue\"><img src=\"https:\/\/www.vitalibera.org\/community\/wp-content\/images\/link.png\" width=\"20\" height=\"20\"><u>Alltag<\/u><\/font><\/a> un&uuml;bersichtlich bleibt.<\/p>\n\n\n\n<p>Dieser Abschnitt hilft dir, deinen Weg in kleine, machbare Schritte zu zerlegen. Nicht perfekt, nicht heroisch, sondern realistisch und stabil. Jeder Schritt z&auml;hlt, auch die unsichtbaren.<\/p>\n<\/div><\/div>\n\n\n\n<p>Ein <strong>Strategie&#8209;Modell<\/strong> ist ein klares Ger&uuml;st, das Orientierung gibt, Entscheidungen erleichtert und &Uuml;berforderung reduziert. <\/p>\n\n\n\n<h5 class=\"wp-block-heading\"><strong>Strategie&#8209;Modell: <em>KLAR &rarr; FOKUS &rarr; SCHRITT &rarr; SCHUTZ<\/em><\/strong><\/h5>\n\n\n\n<h6 class=\"wp-block-heading\"><strong>1. KLAR &ndash; Was ist die Lage?<\/strong><\/h6>\n\n\n\n<ul class=\"wp-block-list\">\n<li>Was ist gerade wirklich los<\/li>\n\n\n\n<li>Was belastet, was hilft<\/li>\n\n\n\n<li>Was ist unverhandelbar<\/li>\n\n\n\n<li>Was ist heute realistisch<\/li>\n<\/ul>\n\n\n\n<p><strong>Ziel:<\/strong> Orientierung statt Chaos.<\/p>\n\n\n\n<h6 class=\"wp-block-heading\"><strong>2. FOKUS &ndash; Was ist jetzt wichtig?<\/strong><\/h6>\n\n\n\n<ul class=\"wp-block-list\">\n<li>Eine Sache ausw&auml;hlen<\/li>\n\n\n\n<li>Priorit&auml;t festlegen<\/li>\n\n\n\n<li>Energie und Grenzen ber&uuml;cksichtigen<\/li>\n\n\n\n<li>&Uuml;berfl&uuml;ssiges streichen<\/li>\n<\/ul>\n\n\n\n<p><strong>Ziel:<\/strong> Konzentration statt &Uuml;berforderung.<\/p>\n\n\n\n<h6 class=\"wp-block-heading\"><strong>3. SCHRITT &ndash; Was ist der n&auml;chste machbare Move?<\/strong><\/h6>\n\n\n\n<ul class=\"wp-block-list\">\n<li>Kleinster sinnvoller Schritt<\/li>\n\n\n\n<li>In 5&ndash;10 Minuten machbar<\/li>\n\n\n\n<li>Auch an schlechten Tagen m&ouml;glich<\/li>\n\n\n\n<li>Sichtbarer oder sp&uuml;rbarer Fortschritt<\/li>\n<\/ul>\n\n\n\n<p><strong>Ziel:<\/strong> Bewegung statt Blockade.<\/p>\n\n\n\n<h6 class=\"wp-block-heading\"><strong>4. SCHUTZ &ndash; Wie bleibe ich stabil?<\/strong><\/h6>\n\n\n\n<ul class=\"wp-block-list\">\n<li>Reizmanagement<\/li>\n\n\n\n<li>Pausenanker<\/li>\n\n\n\n<li>Grenzen kommunizieren<\/li>\n\n\n\n<li>Unterst&uuml;tzung einfordern<\/li>\n\n\n\n<li>Erfolg dokumentieren<\/li>\n<\/ul>\n\n\n\n<p><strong>Ziel:<\/strong> Stabilit&auml;t statt R&uuml;ckfall in &Uuml;berlastung.<\/p>\n\n\n\n<h6 class=\"wp-block-heading\"><strong>Warum dieses Modell funktioniert<\/strong><\/h6>\n\n\n\n<ul class=\"wp-block-list\">\n<li>Es ist <strong>neurofreundlich<\/strong>: klare Schritte, kein Druck, kein Overload.<\/li>\n\n\n\n<li>Es ist <strong>aktivistisch kompatibel<\/strong>: Selbstbestimmung, Klarheit, Schutz.<\/li>\n\n\n\n<li>Es ist <strong>alltagstauglich<\/strong>: sofort anwendbar, unabh&auml;ngig vom Energielevel.<\/li>\n<\/ul>\n\n\n\n<div class=\"wp-block-media-text is-stacked-on-mobile\" style=\"grid-template-columns:29% auto\"><figure class=\"wp-block-media-text__media\"><img decoding=\"async\" width=\"302\" height=\"277\" src=\"http:\/\/www.vitalibera.org\/community\/wp-content\/uploads\/2026\/03\/tip3.png\" alt=\"\" class=\"wp-image-6087 size-full\" srcset=\"http:\/\/www.vitalibera.org\/community\/wp-content\/uploads\/2026\/03\/tip3.png 302w, http:\/\/www.vitalibera.org\/community\/wp-content\/uploads\/2026\/03\/tip3-300x275.png 300w\" sizes=\"(max-width: 302px) 100vw, 302px\" \/><\/figure><div class=\"wp-block-media-text__content\">\n<p>Unn&ouml;tige Ressourcen zu vermeiden hei&szlig;t: <em>nicht mehr tun, sondern weniger verschwenden.<\/em> Das funktioniert am besten &uuml;ber <strong>Bewusstheit, Vereinfachung und Wiederverwendung<\/strong> &ndash; egal ob Energie, Material oder mentale Kapazit&auml;t.<\/p>\n<\/div><\/div>\n\n\n\n<div class=\"wp-block-media-text is-stacked-on-mobile\"><figure class=\"wp-block-media-text__media\"><img decoding=\"async\" width=\"259\" height=\"240\" src=\"http:\/\/www.vitalibera.org\/community\/wp-content\/uploads\/2026\/03\/dbc5972683099460054d3dbc8212a892-1.jpg\" alt=\"\" class=\"wp-image-6333 size-full\"><\/figure><div class=\"wp-block-media-text__content\">\n<p>Weitere I<strong>nformationen<\/strong><\/p>\n\n\n\n<p><a href=\"https:\/\/www.vitalibera.org\/community\/2026\/04\/25\/gehirnverletzung-veraendert-funktionen-nicht-den-wert-eines-menschen\/\">Gehirnverletzung ver&auml;ndert Funktionen &ndash; nicht den Wert eines Menschen.<\/a><\/p>\n\n\n\n<p><a href=\"https:\/\/www.vitalibera.org\/community\/2026\/04\/21\/ein-umfeld-das-mich-atmen-laesst\/\">Ein Umfeld, das mich atmen l&auml;sst<\/a><\/p>\n\n\n\n<p><a href=\"https:\/\/www.vitalibera.org\/community\/2026\/04\/14\/macht-ihr-erstmal-das-durch-was-ich-hinter-mir-habe\/\">Macht ihr erstmal das durch, was ich hinter mir habe<\/a><\/p>\n\n\n\n<p><a href=\"https:\/\/www.vitalibera.org\/community\/2026\/04\/03\/mein-leben-meine-regeln-love-it-or-leave-it\/\">Mein Leben &ndash; Meine Regeln &ndash; Love it, or leave it<\/a><\/p>\n<\/div><\/div>\n","protected":false},"excerpt":{"rendered":"<p>Manchmal wirkt ein Ziel weit weg, fast wie ein anderer Kontinent. Doch der Weg dorthin beginnt nicht mit gro\u00dfen Schritten, sondern mit einem ersten klaren Punkt: Wo stehe ich gerade? Wenn du das benennen kannst, entsteht Struktur. Aus Struktur entsteht Richtung. Und aus Richtung entsteht Bewegung \u2013 auch dann, wenn die Energie begrenzt ist oder &#8230; <a title=\"Ziele bauen, nicht jagen &#8211; Der Weg geh\u00f6rt mir\" class=\"read-more\" href=\"http:\/\/www.vitalibera.org\/community\/2026\/04\/25\/ziele-bauen-nicht-jagen-der-weg-gehoert-mir\/\" aria-label=\"Mehr Informationen \u00fcber Ziele bauen, nicht jagen &#8211; Der Weg geh\u00f6rt mir\">Weiterlesen<\/a><\/p>\n","protected":false},"author":2,"featured_media":6921,"comment_status":"open","ping_status":"open","sticky":false,"template":"","format":"standard","meta":{"cybocfi_hide_featured_image":"yes","_jetpack_newsletter_access":"","_jetpack_dont_email_post_to_subs":false,"_jetpack_newsletter_tier_id":0,"_jetpack_memberships_contains_paywalled_content":false,"_jetpack_feature_clip_id":0,"_jetpack_memberships_contains_paid_content":false,"footnotes":"","jetpack_publicize_message":"","jetpack_publicize_feature_enabled":true,"jetpack_social_post_already_shared":false,"jetpack_social_options":{"image_generator_settings":{"template":"highway","default_image_id":0,"font":"","enabled":false},"version":2},"jetpack_post_was_ever_published":false},"categories":[492,225],"tags":[],"class_list":["post-6920","post","type-post","status-publish","format-standard","has-post-thumbnail","hentry","category-alltagsnavigation","category-hilfe-fuer-angehoerige"],"yoast_head":"<!-- This site is optimized with the Yoast SEO plugin v28.2 - https:\/\/yoast.com\/product\/yoast-seo-wordpress\/ -->\r\n<title>Ziele bauen, nicht jagen - Der Weg geh\u00f6rt mir - vitalibera.org<\/title>\r\n<meta name=\"robots\" content=\"index, follow, max-snippet:-1, max-image-preview:large, max-video-preview:-1\" \/>\r\n<link rel=\"canonical\" href=\"http:\/\/www.vitalibera.org\/community\/2026\/04\/25\/ziele-bauen-nicht-jagen-der-weg-gehoert-mir\/\" \/>\r\n<meta property=\"og:locale\" content=\"de_DE\" \/>\r\n<meta property=\"og:type\" content=\"article\" \/>\r\n<meta property=\"og:title\" content=\"Ziele bauen, nicht jagen - Der Weg geh\u00f6rt mir - vitalibera.org\" \/>\r\n<meta property=\"og:description\" content=\"Manchmal wirkt ein Ziel weit weg, fast wie ein anderer Kontinent. Doch der Weg dorthin beginnt nicht mit gro\u00dfen Schritten, sondern mit einem ersten klaren Punkt: Wo stehe ich gerade? Wenn du das benennen kannst, entsteht Struktur. Aus Struktur entsteht Richtung. Und aus Richtung entsteht Bewegung \u2013 auch dann, wenn die Energie begrenzt ist oder ... Weiterlesen\" \/>\r\n<meta property=\"og:url\" content=\"http:\/\/www.vitalibera.org\/community\/2026\/04\/25\/ziele-bauen-nicht-jagen-der-weg-gehoert-mir\/\" \/>\r\n<meta property=\"og:site_name\" content=\"vitalibera.org\" \/>\r\n<meta property=\"article:publisher\" content=\"https:\/\/www.facebook.com\/groups\/2997085857140235\" \/>\r\n<meta property=\"article:published_time\" content=\"2026-04-25T08:25:26+00:00\" \/>\r\n<meta property=\"article:modified_time\" content=\"2026-04-25T08:33:13+00:00\" \/>\r\n<meta property=\"og:image\" content=\"http:\/\/www.vitalibera.org\/community\/wp-content\/uploads\/2026\/04\/45f8b4a7a9b79ce152bebb88db8a4a65.jpg\" \/>\r\n\t<meta property=\"og:image:width\" content=\"360\" \/>\r\n\t<meta property=\"og:image:height\" content=\"296\" \/>\r\n\t<meta property=\"og:image:type\" content=\"image\/jpeg\" \/>\r\n<meta name=\"author\" content=\"Andreas Jecklin\" \/>\r\n<meta name=\"twitter:card\" content=\"summary_large_image\" \/>\r\n<meta name=\"twitter:label1\" content=\"Verfasst von\" \/>\n\t<meta name=\"twitter:data1\" content=\"Andreas Jecklin\" \/>\n\t<meta name=\"twitter:label2\" content=\"Gesch\u00e4tzte Lesezeit\" \/>\n\t<meta name=\"twitter:data2\" content=\"3\u00a0Minuten\" \/>\r\n<script type=\"application\/ld+json\" class=\"yoast-schema-graph\">{\"@context\":\"https:\\\/\\\/schema.org\",\"@graph\":[{\"@type\":\"Article\",\"@id\":\"http:\\\/\\\/www.vitalibera.org\\\/community\\\/2026\\\/04\\\/25\\\/ziele-bauen-nicht-jagen-der-weg-gehoert-mir\\\/#article\",\"isPartOf\":{\"@id\":\"http:\\\/\\\/www.vitalibera.org\\\/community\\\/2026\\\/04\\\/25\\\/ziele-bauen-nicht-jagen-der-weg-gehoert-mir\\\/\"},\"author\":{\"name\":\"Andreas Jecklin\",\"@id\":\"https:\\\/\\\/www.vitalibera.org\\\/community\\\/#\\\/schema\\\/person\\\/6712387298421f222ff6d0a2e22c1534\"},\"headline\":\"Ziele bauen, nicht jagen &#8211; Der Weg geh\u00f6rt mir\",\"datePublished\":\"2026-04-25T08:25:26+00:00\",\"dateModified\":\"2026-04-25T08:33:13+00:00\",\"mainEntityOfPage\":{\"@id\":\"http:\\\/\\\/www.vitalibera.org\\\/community\\\/2026\\\/04\\\/25\\\/ziele-bauen-nicht-jagen-der-weg-gehoert-mir\\\/\"},\"wordCount\":315,\"commentCount\":0,\"publisher\":{\"@id\":\"https:\\\/\\\/www.vitalibera.org\\\/community\\\/#organization\"},\"image\":{\"@id\":\"http:\\\/\\\/www.vitalibera.org\\\/community\\\/2026\\\/04\\\/25\\\/ziele-bauen-nicht-jagen-der-weg-gehoert-mir\\\/#primaryimage\"},\"thumbnailUrl\":\"http:\\\/\\\/www.vitalibera.org\\\/community\\\/wp-content\\\/uploads\\\/2026\\\/04\\\/45f8b4a7a9b79ce152bebb88db8a4a65.jpg\",\"articleSection\":[\"Alltagsnavigation\",\"Hilfe f\u00fcr Angeh\u00f6rige\"],\"inLanguage\":\"de\",\"potentialAction\":[{\"@type\":\"CommentAction\",\"name\":\"Comment\",\"target\":[\"http:\\\/\\\/www.vitalibera.org\\\/community\\\/2026\\\/04\\\/25\\\/ziele-bauen-nicht-jagen-der-weg-gehoert-mir\\\/#respond\"]}]},{\"@type\":\"WebPage\",\"@id\":\"http:\\\/\\\/www.vitalibera.org\\\/community\\\/2026\\\/04\\\/25\\\/ziele-bauen-nicht-jagen-der-weg-gehoert-mir\\\/\",\"url\":\"http:\\\/\\\/www.vitalibera.org\\\/community\\\/2026\\\/04\\\/25\\\/ziele-bauen-nicht-jagen-der-weg-gehoert-mir\\\/\",\"name\":\"Ziele bauen, nicht jagen - Der Weg geh\u00f6rt mir - vitalibera.org\",\"isPartOf\":{\"@id\":\"https:\\\/\\\/www.vitalibera.org\\\/community\\\/#website\"},\"primaryImageOfPage\":{\"@id\":\"http:\\\/\\\/www.vitalibera.org\\\/community\\\/2026\\\/04\\\/25\\\/ziele-bauen-nicht-jagen-der-weg-gehoert-mir\\\/#primaryimage\"},\"image\":{\"@id\":\"http:\\\/\\\/www.vitalibera.org\\\/community\\\/2026\\\/04\\\/25\\\/ziele-bauen-nicht-jagen-der-weg-gehoert-mir\\\/#primaryimage\"},\"thumbnailUrl\":\"http:\\\/\\\/www.vitalibera.org\\\/community\\\/wp-content\\\/uploads\\\/2026\\\/04\\\/45f8b4a7a9b79ce152bebb88db8a4a65.jpg\",\"datePublished\":\"2026-04-25T08:25:26+00:00\",\"dateModified\":\"2026-04-25T08:33:13+00:00\",\"breadcrumb\":{\"@id\":\"http:\\\/\\\/www.vitalibera.org\\\/community\\\/2026\\\/04\\\/25\\\/ziele-bauen-nicht-jagen-der-weg-gehoert-mir\\\/#breadcrumb\"},\"inLanguage\":\"de\",\"potentialAction\":[{\"@type\":\"ReadAction\",\"target\":[\"http:\\\/\\\/www.vitalibera.org\\\/community\\\/2026\\\/04\\\/25\\\/ziele-bauen-nicht-jagen-der-weg-gehoert-mir\\\/\"]}]},{\"@type\":\"BreadcrumbList\",\"@id\":\"http:\\\/\\\/www.vitalibera.org\\\/community\\\/2026\\\/04\\\/25\\\/ziele-bauen-nicht-jagen-der-weg-gehoert-mir\\\/#breadcrumb\",\"itemListElement\":[{\"@type\":\"ListItem\",\"position\":1,\"name\":\"Startseite\",\"item\":\"https:\\\/\\\/www.vitalibera.org\\\/community\\\/\"},{\"@type\":\"ListItem\",\"position\":2,\"name\":\"Ziele bauen, nicht jagen &#8211; Der Weg geh\u00f6rt mir\"}]},{\"@type\":\"WebSite\",\"@id\":\"https:\\\/\\\/www.vitalibera.org\\\/community\\\/#website\",\"url\":\"https:\\\/\\\/www.vitalibera.org\\\/community\\\/\",\"name\":\"vitalibera.org\",\"description\":\"Mit einer Einschr&auml;nkung gestaltet sich das Leben im Alltag oft schwieriger - hier berichten wir &uuml;ber unsere Erfahrungen und Hilfsmittel um den Alltag so unbeschwert und unkompliziert wie nur m&ouml;glich geniessen zu k&ouml;nnen. Dabei richten wir unseren Fokus gezielt auf Selbst&auml;ndigkeit, Eigenst&auml;ndigkeit und Selbstbestimmung.\",\"publisher\":{\"@id\":\"https:\\\/\\\/www.vitalibera.org\\\/community\\\/#organization\"},\"potentialAction\":[{\"@type\":\"SearchAction\",\"target\":{\"@type\":\"EntryPoint\",\"urlTemplate\":\"https:\\\/\\\/www.vitalibera.org\\\/community\\\/?s={search_term_string}\"},\"query-input\":{\"@type\":\"PropertyValueSpecification\",\"valueRequired\":true,\"valueName\":\"search_term_string\"}}],\"inLanguage\":\"de\"},{\"@type\":\"Organization\",\"@id\":\"https:\\\/\\\/www.vitalibera.org\\\/community\\\/#organization\",\"name\":\"vitalibera.org\",\"url\":\"https:\\\/\\\/www.vitalibera.org\\\/community\\\/\",\"logo\":{\"@type\":\"ImageObject\",\"inLanguage\":\"de\",\"@id\":\"https:\\\/\\\/www.vitalibera.org\\\/community\\\/#\\\/schema\\\/logo\\\/image\\\/\",\"url\":\"http:\\\/\\\/www.vitalibera.org\\\/community\\\/wp-content\\\/uploads\\\/2025\\\/09\\\/cropped-banner.png\",\"contentUrl\":\"http:\\\/\\\/www.vitalibera.org\\\/community\\\/wp-content\\\/uploads\\\/2025\\\/09\\\/cropped-banner.png\",\"width\":991,\"height\":150,\"caption\":\"vitalibera.org\"},\"image\":{\"@id\":\"https:\\\/\\\/www.vitalibera.org\\\/community\\\/#\\\/schema\\\/logo\\\/image\\\/\"},\"sameAs\":[\"https:\\\/\\\/www.facebook.com\\\/groups\\\/2997085857140235\"]},{\"@type\":\"Person\",\"@id\":\"https:\\\/\\\/www.vitalibera.org\\\/community\\\/#\\\/schema\\\/person\\\/6712387298421f222ff6d0a2e22c1534\",\"name\":\"Andreas Jecklin\",\"image\":{\"@type\":\"ImageObject\",\"inLanguage\":\"de\",\"@id\":\"http:\\\/\\\/0.gravatar.com\\\/avatar\\\/ad516503a11cd5ca435acc9bb6523536?s=96\",\"url\":\"http:\\\/\\\/0.gravatar.com\\\/avatar\\\/ad516503a11cd5ca435acc9bb6523536?s=96\",\"contentUrl\":\"http:\\\/\\\/0.gravatar.com\\\/avatar\\\/ad516503a11cd5ca435acc9bb6523536?s=96\",\"caption\":\"Andreas Jecklin\"},\"description\":\"Manchen gab Gott die Kraft Dinge zu ver\u00e4ndern, mir gab er die Kraft zu ertragen was nicht mehr zu \u00e4ndern ist.\",\"url\":\"http:\\\/\\\/www.vitalibera.org\\\/community\\\/author\\\/andy77\\\/\"}]}<\/script>\r\n<!-- \/ Yoast SEO plugin. -->","yoast_head_json":{"title":"Ziele bauen, nicht jagen - Der Weg geh\u00f6rt mir - vitalibera.org","robots":{"index":"index","follow":"follow","max-snippet":"max-snippet:-1","max-image-preview":"max-image-preview:large","max-video-preview":"max-video-preview:-1"},"canonical":"http:\/\/www.vitalibera.org\/community\/2026\/04\/25\/ziele-bauen-nicht-jagen-der-weg-gehoert-mir\/","og_locale":"de_DE","og_type":"article","og_title":"Ziele bauen, nicht jagen - Der Weg geh\u00f6rt mir - vitalibera.org","og_description":"Manchmal wirkt ein Ziel weit weg, fast wie ein anderer Kontinent. Doch der Weg dorthin beginnt nicht mit gro\u00dfen Schritten, sondern mit einem ersten klaren Punkt: Wo stehe ich gerade? Wenn du das benennen kannst, entsteht Struktur. Aus Struktur entsteht Richtung. Und aus Richtung entsteht Bewegung \u2013 auch dann, wenn die Energie begrenzt ist oder ... Weiterlesen","og_url":"http:\/\/www.vitalibera.org\/community\/2026\/04\/25\/ziele-bauen-nicht-jagen-der-weg-gehoert-mir\/","og_site_name":"vitalibera.org","article_publisher":"https:\/\/www.facebook.com\/groups\/2997085857140235","article_published_time":"2026-04-25T08:25:26+00:00","article_modified_time":"2026-04-25T08:33:13+00:00","og_image":[{"width":360,"height":296,"url":"http:\/\/www.vitalibera.org\/community\/wp-content\/uploads\/2026\/04\/45f8b4a7a9b79ce152bebb88db8a4a65.jpg","type":"image\/jpeg"}],"author":"Andreas Jecklin","twitter_card":"summary_large_image","twitter_misc":{"Verfasst von":"Andreas Jecklin","Gesch\u00e4tzte Lesezeit":"3\u00a0Minuten"},"schema":{"@context":"https:\/\/schema.org","@graph":[{"@type":"Article","@id":"http:\/\/www.vitalibera.org\/community\/2026\/04\/25\/ziele-bauen-nicht-jagen-der-weg-gehoert-mir\/#article","isPartOf":{"@id":"http:\/\/www.vitalibera.org\/community\/2026\/04\/25\/ziele-bauen-nicht-jagen-der-weg-gehoert-mir\/"},"author":{"name":"Andreas Jecklin","@id":"https:\/\/www.vitalibera.org\/community\/#\/schema\/person\/6712387298421f222ff6d0a2e22c1534"},"headline":"Ziele bauen, nicht jagen &#8211; Der Weg geh\u00f6rt mir","datePublished":"2026-04-25T08:25:26+00:00","dateModified":"2026-04-25T08:33:13+00:00","mainEntityOfPage":{"@id":"http:\/\/www.vitalibera.org\/community\/2026\/04\/25\/ziele-bauen-nicht-jagen-der-weg-gehoert-mir\/"},"wordCount":315,"commentCount":0,"publisher":{"@id":"https:\/\/www.vitalibera.org\/community\/#organization"},"image":{"@id":"http:\/\/www.vitalibera.org\/community\/2026\/04\/25\/ziele-bauen-nicht-jagen-der-weg-gehoert-mir\/#primaryimage"},"thumbnailUrl":"http:\/\/www.vitalibera.org\/community\/wp-content\/uploads\/2026\/04\/45f8b4a7a9b79ce152bebb88db8a4a65.jpg","articleSection":["Alltagsnavigation","Hilfe f\u00fcr Angeh\u00f6rige"],"inLanguage":"de","potentialAction":[{"@type":"CommentAction","name":"Comment","target":["http:\/\/www.vitalibera.org\/community\/2026\/04\/25\/ziele-bauen-nicht-jagen-der-weg-gehoert-mir\/#respond"]}]},{"@type":"WebPage","@id":"http:\/\/www.vitalibera.org\/community\/2026\/04\/25\/ziele-bauen-nicht-jagen-der-weg-gehoert-mir\/","url":"http:\/\/www.vitalibera.org\/community\/2026\/04\/25\/ziele-bauen-nicht-jagen-der-weg-gehoert-mir\/","name":"Ziele bauen, nicht jagen - Der Weg geh\u00f6rt mir - vitalibera.org","isPartOf":{"@id":"https:\/\/www.vitalibera.org\/community\/#website"},"primaryImageOfPage":{"@id":"http:\/\/www.vitalibera.org\/community\/2026\/04\/25\/ziele-bauen-nicht-jagen-der-weg-gehoert-mir\/#primaryimage"},"image":{"@id":"http:\/\/www.vitalibera.org\/community\/2026\/04\/25\/ziele-bauen-nicht-jagen-der-weg-gehoert-mir\/#primaryimage"},"thumbnailUrl":"http:\/\/www.vitalibera.org\/community\/wp-content\/uploads\/2026\/04\/45f8b4a7a9b79ce152bebb88db8a4a65.jpg","datePublished":"2026-04-25T08:25:26+00:00","dateModified":"2026-04-25T08:33:13+00:00","breadcrumb":{"@id":"http:\/\/www.vitalibera.org\/community\/2026\/04\/25\/ziele-bauen-nicht-jagen-der-weg-gehoert-mir\/#breadcrumb"},"inLanguage":"de","potentialAction":[{"@type":"ReadAction","target":["http:\/\/www.vitalibera.org\/community\/2026\/04\/25\/ziele-bauen-nicht-jagen-der-weg-gehoert-mir\/"]}]},{"@type":"BreadcrumbList","@id":"http:\/\/www.vitalibera.org\/community\/2026\/04\/25\/ziele-bauen-nicht-jagen-der-weg-gehoert-mir\/#breadcrumb","itemListElement":[{"@type":"ListItem","position":1,"name":"Startseite","item":"https:\/\/www.vitalibera.org\/community\/"},{"@type":"ListItem","position":2,"name":"Ziele bauen, nicht jagen &#8211; Der Weg geh\u00f6rt mir"}]},{"@type":"WebSite","@id":"https:\/\/www.vitalibera.org\/community\/#website","url":"https:\/\/www.vitalibera.org\/community\/","name":"vitalibera.org","description":"Mit einer Einschr&auml;nkung gestaltet sich das Leben im Alltag oft schwieriger - hier berichten wir &uuml;ber unsere Erfahrungen und Hilfsmittel um den Alltag so unbeschwert und unkompliziert wie nur m&ouml;glich geniessen zu k&ouml;nnen. Dabei richten wir unseren Fokus gezielt auf Selbst&auml;ndigkeit, Eigenst&auml;ndigkeit und Selbstbestimmung.","publisher":{"@id":"https:\/\/www.vitalibera.org\/community\/#organization"},"potentialAction":[{"@type":"SearchAction","target":{"@type":"EntryPoint","urlTemplate":"https:\/\/www.vitalibera.org\/community\/?s={search_term_string}"},"query-input":{"@type":"PropertyValueSpecification","valueRequired":true,"valueName":"search_term_string"}}],"inLanguage":"de"},{"@type":"Organization","@id":"https:\/\/www.vitalibera.org\/community\/#organization","name":"vitalibera.org","url":"https:\/\/www.vitalibera.org\/community\/","logo":{"@type":"ImageObject","inLanguage":"de","@id":"https:\/\/www.vitalibera.org\/community\/#\/schema\/logo\/image\/","url":"http:\/\/www.vitalibera.org\/community\/wp-content\/uploads\/2025\/09\/cropped-banner.png","contentUrl":"http:\/\/www.vitalibera.org\/community\/wp-content\/uploads\/2025\/09\/cropped-banner.png","width":991,"height":150,"caption":"vitalibera.org"},"image":{"@id":"https:\/\/www.vitalibera.org\/community\/#\/schema\/logo\/image\/"},"sameAs":["https:\/\/www.facebook.com\/groups\/2997085857140235"]},{"@type":"Person","@id":"https:\/\/www.vitalibera.org\/community\/#\/schema\/person\/6712387298421f222ff6d0a2e22c1534","name":"Andreas Jecklin","image":{"@type":"ImageObject","inLanguage":"de","@id":"http:\/\/0.gravatar.com\/avatar\/ad516503a11cd5ca435acc9bb6523536?s=96","url":"http:\/\/0.gravatar.com\/avatar\/ad516503a11cd5ca435acc9bb6523536?s=96","contentUrl":"http:\/\/0.gravatar.com\/avatar\/ad516503a11cd5ca435acc9bb6523536?s=96","caption":"Andreas Jecklin"},"description":"Manchen gab Gott die Kraft Dinge zu ver\u00e4ndern, mir gab er die Kraft zu ertragen was nicht mehr zu \u00e4ndern ist.","url":"http:\/\/www.vitalibera.org\/community\/author\/andy77\/"}]}},"jetpack_publicize_connections":[],"jetpack_sharing_enabled":true,"jetpack-related-posts":[{"id":7167,"url":"http:\/\/www.vitalibera.org\/community\/2026\/05\/07\/wenn-andere-zu-viel-bestimmen-fremdsteuerung-stoppt-heilung\/","url_meta":{"origin":6920,"position":0},"title":"Wenn andere zu viel bestimmen wollen &#8211; Bevormundung stoppt Heilung","author":"Andreas Jecklin","date":"7 Mai, 2026","format":false,"excerpt":"Unkonstruktive Gespr\u00e4che und endlose Ratschl\u00e4ge von selbsternannten \u201eExperten\u201c bringen nicht weiter, weil sie an deinem Leben vorbeireden. Sie erzeugen L\u00e4rm statt Orientierung. Sie liefern Meinungen statt Verst\u00e4ndnis. Und sie \u00fcberfordern ein Gehirn, das nach einem Schlaganfall vor allem eines braucht: Halt, Klarheit und echte Erfahrungssprache. Selbsternannte \u201eExperten\u201c sprechen oft aus\u2026","rel":"","context":"In &quot;Alltagsnavigation&quot;","block_context":{"text":"Alltagsnavigation","link":"http:\/\/www.vitalibera.org\/community\/category\/beitraege\/eingeschraenkt-im-alltag\/alltagsnavigation\/"},"img":{"alt_text":"","src":"https:\/\/i0.wp.com\/www.vitalibera.org\/community\/wp-content\/uploads\/2026\/05\/da4b294e8c89b2642b1af6e966ced0f3.jpg?resize=350%2C200","width":350,"height":200,"srcset":"https:\/\/i0.wp.com\/www.vitalibera.org\/community\/wp-content\/uploads\/2026\/05\/da4b294e8c89b2642b1af6e966ced0f3.jpg?resize=350%2C200 1x, https:\/\/i0.wp.com\/www.vitalibera.org\/community\/wp-content\/uploads\/2026\/05\/da4b294e8c89b2642b1af6e966ced0f3.jpg?resize=525%2C300 1.5x, https:\/\/i0.wp.com\/www.vitalibera.org\/community\/wp-content\/uploads\/2026\/05\/da4b294e8c89b2642b1af6e966ced0f3.jpg?resize=700%2C400 2x"},"classes":[]},{"id":8298,"url":"http:\/\/www.vitalibera.org\/community\/2026\/06\/27\/neue-kontakte-knuepfen-selbstbewusst-trotz-neurologischer-erkrankung\/","url_meta":{"origin":6920,"position":1},"title":"Neue Kontakte kn\u00fcpfen \u2013 selbstbewusst trotz neurologischer Erkrankung","author":"admin","date":"27 Juni, 2026","format":false,"excerpt":"Nach einer Hirnverletzung f\u00fchlt sich vieles neu an \u2013 auch Begegnungen. Man bewegt sich mit einem ver\u00e4nderten Tempo, mit neuen Priorit\u00e4ten und einer anderen Belastbarkeit. Doch das bedeutet nicht, dass man sich verstecken muss. Neue Kontakte entstehen nicht durch Perfektion, sondern durch Pr\u00e4senz, Klarheit und Echtheit. Ich darf Menschen begegnen,\u2026","rel":"","context":"In &quot;Alltagsnavigation&quot;","block_context":{"text":"Alltagsnavigation","link":"http:\/\/www.vitalibera.org\/community\/category\/beitraege\/eingeschraenkt-im-alltag\/alltagsnavigation\/"},"img":{"alt_text":"","src":"https:\/\/i0.wp.com\/www.vitalibera.org\/community\/wp-content\/uploads\/2026\/06\/hello6.jpg?resize=350%2C200","width":350,"height":200,"srcset":"https:\/\/i0.wp.com\/www.vitalibera.org\/community\/wp-content\/uploads\/2026\/06\/hello6.jpg?resize=350%2C200 1x, https:\/\/i0.wp.com\/www.vitalibera.org\/community\/wp-content\/uploads\/2026\/06\/hello6.jpg?resize=525%2C300 1.5x, https:\/\/i0.wp.com\/www.vitalibera.org\/community\/wp-content\/uploads\/2026\/06\/hello6.jpg?resize=700%2C400 2x, https:\/\/i0.wp.com\/www.vitalibera.org\/community\/wp-content\/uploads\/2026\/06\/hello6.jpg?resize=1050%2C600 3x"},"classes":[]},{"id":6989,"url":"http:\/\/www.vitalibera.org\/community\/2026\/04\/27\/was-bleibt-was-geht-was-neu-entsteht\/","url_meta":{"origin":6920,"position":2},"title":"Was bleibt, was geht, was neu entsteht","author":"Andreas Jecklin","date":"27 April, 2026","format":false,"excerpt":"Mein Leben biegt ab \u2013 und ich gehe mit Ein neurologisches Schicksal ver\u00e4ndert nicht nur den K\u00f6rper oder das Tempo \u2013 es verschiebt das ganze Leben. Vieles, was fr\u00fcher selbstverst\u00e4ndlich war, braucht heute mehr Kraft, mehr Struktur, mehr Bewusstsein. Und genau dort beginnt der Neuaufbau: nicht als heroischer Neuanfang, sondern\u2026","rel":"","context":"In &quot;Alltagsnavigation&quot;","block_context":{"text":"Alltagsnavigation","link":"http:\/\/www.vitalibera.org\/community\/category\/beitraege\/eingeschraenkt-im-alltag\/alltagsnavigation\/"},"img":{"alt_text":"","src":"https:\/\/i0.wp.com\/www.vitalibera.org\/community\/wp-content\/uploads\/2026\/04\/94bfd06215e80d50085076d0b2e28a1f.jpg?resize=350%2C200","width":350,"height":200},"classes":[]},{"id":7092,"url":"http:\/\/www.vitalibera.org\/community\/2026\/04\/30\/das-problem-ist-nicht-das-gehirn-das-problem-sind-erwartungen\/","url_meta":{"origin":6920,"position":3},"title":"Das Problem ist nicht das Gehirn. Das Problem sind Erwartungen","author":"Andreas Jecklin","date":"30 April, 2026","format":false,"excerpt":"Nach einer Hirnverletzung geraten viele in ein unsichtbares Hamsterrad: Der Alltag l\u00e4uft weiter, das Umfeld erwartet Funktionieren \u2013 aber das Nervensystem arbeitet noch im Reparaturmodus. Energie, Reizfilterung und Planung kosten pl\u00f6tzlich ein Vielfaches. Dieses Modul macht sichtbar, was sonst \u00fcbersehen wird: Warum \u00dcberforderung kein pers\u00f6nliches Versagen ist, sondern ein Systemproblem.\u2026","rel":"","context":"In &quot;Alltagsnavigation&quot;","block_context":{"text":"Alltagsnavigation","link":"http:\/\/www.vitalibera.org\/community\/category\/beitraege\/eingeschraenkt-im-alltag\/alltagsnavigation\/"},"img":{"alt_text":"","src":"https:\/\/i0.wp.com\/www.vitalibera.org\/community\/wp-content\/uploads\/2026\/04\/565cd6b3162e0ad2f6e535b0e0464d6a.jpg?resize=350%2C200&ssl=1","width":350,"height":200},"classes":[]},{"id":9204,"url":"http:\/\/www.vitalibera.org\/community\/2026\/08\/20\/neurofatigue-training-im-alltag-ruhe-als-aktive-uebung\/","url_meta":{"origin":6920,"position":4},"title":"Neurofatigue\u2011Training im Alltag \u2013 Ruhe als aktive \u00dcbung","author":"Andreas Jecklin","date":"20 August, 2026","format":false,"excerpt":"Neurofatigue zeigt sich nicht nur in gro\u00dfen Momenten, sondern mitten im Alltag: beim Aufstehen, beim Denken, beim Sprechen, beim Wechseln zwischen Aufgaben. Genau dort beginnt das Training. Es geht nicht darum, mehr auszuhalten, sondern darum, Energie bewusst zu steuern, bevor sie kippt. Jede kleine Handlung wird zur \u00dcbung: fr\u00fch wahrnehmen,\u2026","rel":"","context":"In &quot;Eigentherapie und Trainings&quot;","block_context":{"text":"Eigentherapie und Trainings","link":"http:\/\/www.vitalibera.org\/community\/category\/eigentherapie-und-trainings\/"},"img":{"alt_text":"","src":"https:\/\/i0.wp.com\/www.vitalibera.org\/community\/wp-content\/uploads\/2026\/08\/neurofatigue_training.png?resize=350%2C200&ssl=1","width":350,"height":200},"classes":[]},{"id":6867,"url":"http:\/\/www.vitalibera.org\/community\/2026\/04\/21\/ein-umfeld-das-mich-atmen-laesst\/","url_meta":{"origin":6920,"position":5},"title":"Ein Umfeld, das mich atmen l\u00e4sst","author":"Andreas Jecklin","date":"21 April, 2026","format":false,"excerpt":"Der h\u00e4rteste Teil ist nicht die Situation selbst, sondern die gesellschaftliche Erwartung, \u201enormal funktionieren\u201c zu m\u00fcssen. Wenn dieser Ma\u00dfstab an Bedeutung verliert, entsteht Raum. Und in diesem Raum wird vieles pl\u00f6tzlich machbar, was vorher unm\u00f6glich war.","rel":"","context":"In &quot;Alltagsnavigation&quot;","block_context":{"text":"Alltagsnavigation","link":"http:\/\/www.vitalibera.org\/community\/category\/beitraege\/eingeschraenkt-im-alltag\/alltagsnavigation\/"},"img":{"alt_text":"","src":"https:\/\/i0.wp.com\/www.vitalibera.org\/community\/wp-content\/uploads\/2026\/04\/shield126.png?resize=350%2C200&ssl=1","width":350,"height":200},"classes":[]}],"jetpack_featured_media_url":"http:\/\/www.vitalibera.org\/community\/wp-content\/uploads\/2026\/04\/45f8b4a7a9b79ce152bebb88db8a4a65.jpg","_links":{"self":[{"href":"http:\/\/www.vitalibera.org\/community\/wp-json\/wp\/v2\/posts\/6920","targetHints":{"allow":["GET"]}}],"collection":[{"href":"http:\/\/www.vitalibera.org\/community\/wp-json\/wp\/v2\/posts"}],"about":[{"href":"http:\/\/www.vitalibera.org\/community\/wp-json\/wp\/v2\/types\/post"}],"author":[{"embeddable":true,"href":"http:\/\/www.vitalibera.org\/community\/wp-json\/wp\/v2\/users\/2"}],"replies":[{"embeddable":true,"href":"http:\/\/www.vitalibera.org\/community\/wp-json\/wp\/v2\/comments?post=6920"}],"version-history":[{"count":0,"href":"http:\/\/www.vitalibera.org\/community\/wp-json\/wp\/v2\/posts\/6920\/revisions"}],"wp:featuredmedia":[{"embeddable":true,"href":"http:\/\/www.vitalibera.org\/community\/wp-json\/wp\/v2\/media\/6921"}],"wp:attachment":[{"href":"http:\/\/www.vitalibera.org\/community\/wp-json\/wp\/v2\/media?parent=6920"}],"wp:term":[{"taxonomy":"category","embeddable":true,"href":"http:\/\/www.vitalibera.org\/community\/wp-json\/wp\/v2\/categories?post=6920"},{"taxonomy":"post_tag","embeddable":true,"href":"http:\/\/www.vitalibera.org\/community\/wp-json\/wp\/v2\/tags?post=6920"}],"curies":[{"name":"wp","href":"https:\/\/api.w.org\/{rel}","templated":true}]}}