{"id":6926,"date":"2026-04-25T12:09:54","date_gmt":"2026-04-25T10:09:54","guid":{"rendered":"https:\/\/www.vitalibera.org\/community\/?p=6926"},"modified":"2026-04-25T12:11:26","modified_gmt":"2026-04-25T10:11:26","slug":"neurorealitaet-ueberforderung-stoppen","status":"publish","type":"post","link":"http:\/\/www.vitalibera.org\/community\/2026\/04\/25\/neurorealitaet-ueberforderung-stoppen\/","title":{"rendered":"Neurorealit\u00e4t &#8211; \u00dcberforderung stoppen"},"content":{"rendered":"\n<div class=\"wp-block-media-text is-stacked-on-mobile is-vertically-aligned-top\" style=\"grid-template-columns:35% auto\"><figure class=\"wp-block-media-text__media\"><img fetchpriority=\"high\" decoding=\"async\" width=\"450\" height=\"563\" src=\"https:\/\/www.vitalibera.org\/community\/wp-content\/uploads\/2026\/04\/3d985d49cb4ea072500119bf1ba2fd97.jpg\" alt=\"\" class=\"wp-image-6927 size-full\" srcset=\"http:\/\/www.vitalibera.org\/community\/wp-content\/uploads\/2026\/04\/3d985d49cb4ea072500119bf1ba2fd97.jpg 450w, http:\/\/www.vitalibera.org\/community\/wp-content\/uploads\/2026\/04\/3d985d49cb4ea072500119bf1ba2fd97-240x300.jpg 240w\" sizes=\"(max-width: 450px) 100vw, 450px\" \/><\/figure><div class=\"wp-block-media-text__content\">\n<p>Manchmal kommt der Moment, in dem der eigene Akku leer ist und trotzdem ein Wunsch bleibt, der st&auml;rker ist als die Ersch&ouml;pfung: der Wunsch, wieder &uuml;ber das eigene Leben zu bestimmen. <\/p>\n\n\n\n<p>Selbstbestimmung beginnt nicht mit gro&szlig;en Entscheidungen, sondern mit einem einzigen kleinen Schritt, der sich nach dir anf&uuml;hlt. Es geht nicht darum, perfekt zu funktionieren, sondern darum, wieder Raum f&uuml;r dich zu schaffen. <\/p>\n\n\n\n<p>Mut hei&szlig;t hier nicht Kraft, sondern Ehrlichkeit: zu sp&uuml;ren, was nicht mehr geht &ndash; und trotzdem einen Weg zu suchen, der dich zur&uuml;ck zu deiner Freiheit f&uuml;hrt.<\/p>\n<\/div><\/div>\n\n\n\n<p><strong>Warnzeichen der &Uuml;berforderung<\/strong> tauchen oft fr&uuml;her auf, als man denkt &ndash; und sie sind klarer, als viele glauben. Dein Nervensystem sendet Signale, lange bevor es &bdquo;zu sp&auml;t&ldquo; ist.<\/p>\n\n\n\n<h6 class=\"wp-block-heading\"><strong>K&ouml;rperliche Warnzeichen<\/strong><\/h6>\n\n\n\n<ul class=\"wp-block-list\">\n<li>Pl&ouml;tzliche Ersch&ouml;pfung ohne erkennbaren Grund<\/li>\n\n\n\n<li>Druck im Kopf, flacher Atem, Herzrasen<\/li>\n\n\n\n<li>Muskelanspannung (Schultern, Kiefer, H&auml;nde)<\/li>\n\n\n\n<li>Zittern, innere Unruhe, &bdquo;Nervensystem auf Alarm&ldquo;<\/li>\n\n\n\n<li>Reizempfindlichkeit (Licht, Ger&auml;usche, Ber&uuml;hrung)<\/li>\n<\/ul>\n\n\n\n<h6 class=\"wp-block-heading\"><strong>Kognitive Warnzeichen<\/strong><\/h6>\n\n\n\n<ul class=\"wp-block-list\">\n<li><a href=\"http:\/\/www.vitalibera.org\/community\/2026\/08\/26\/kognitives-selbsttraining-im-alltag-nach-einer-hirnverletzung-spielerisch-zurueck-zur-denkfaehigkeit\/\"><font color=\"blue\"><img src=\"https:\/\/www.vitalibera.org\/community\/wp-content\/images\/link.png\" width=\"20\" height=\"20\"><u>Gedanken<\/u><\/font><\/a> springen, Fokus bricht weg<\/li>\n\n\n\n<li>W&ouml;rter finden f&auml;llt schwer<\/li>\n\n\n\n<li>Entscheidungen f&uuml;hlen sich unm&ouml;glich an<\/li>\n\n\n\n<li>&bdquo;Ich wei&szlig; nicht mehr, wo ich anfangen soll&ldquo;<\/li>\n\n\n\n<li>Verlangsamung oder &Uuml;berdrehen<\/li>\n<\/ul>\n\n\n\n<h6 class=\"wp-block-heading\"><strong>Emotionale Warnzeichen<\/strong><\/h6>\n\n\n\n<ul class=\"wp-block-list\">\n<li>Gereiztheit, Ungeduld, d&uuml;nne Nerven<\/li>\n\n\n\n<li>R&uuml;ckzug, &Uuml;berw&auml;ltigungsgef&uuml;hl<\/li>\n\n\n\n<li>Gef&uuml;hl von &bdquo;alles ist zu viel&ldquo;<\/li>\n\n\n\n<li>Tr&auml;nen ohne klaren Anlass<\/li>\n\n\n\n<li>Druck, Erwartungen oder Verantwortung werden zu schwer<\/li>\n<\/ul>\n\n\n\n<h6 class=\"wp-block-heading\"><strong>Verhaltensbezogene Warnzeichen<\/strong><\/h6>\n\n\n\n<ul class=\"wp-block-list\">\n<li>Aufgaben anfangen, aber nicht fertigstellen<\/li>\n\n\n\n<li>St&auml;ndiges Wechseln zwischen T&auml;tigkeiten<\/li>\n\n\n\n<li>Prokrastination oder Hyperfokus<\/li>\n\n\n\n<li>Mehr Fehler als sonst<\/li>\n\n\n\n<li>R&uuml;ckzug aus Kommunikation<\/li>\n<\/ul>\n\n\n\n<h6 class=\"wp-block-heading\"><strong>Soziale Warnzeichen<\/strong><\/h6>\n\n\n\n<ul class=\"wp-block-list\">\n<li>Reizbarkeit gegen&uuml;ber anderen<\/li>\n\n\n\n<li>&Uuml;berforderung durch Gespr&auml;che<\/li>\n\n\n\n<li>Bed&uuml;rfnis nach R&uuml;ckzug, aber ohne Erholung<\/li>\n\n\n\n<li>Gef&uuml;hl, &bdquo;funktionieren zu m&uuml;ssen&ldquo;<\/li>\n\n\n\n<li>Schwierigkeiten, Grenzen zu setzen<\/li>\n<\/ul>\n\n\n\n<h6 class=\"wp-block-heading\"><strong>Meta&#8209;Warnzeichen (oft &uuml;bersehen)<\/strong><\/h6>\n\n\n\n<ul class=\"wp-block-list\">\n<li>Du brauchst l&auml;nger, um dich zu erholen<\/li>\n\n\n\n<li>Routinen brechen weg<\/li>\n\n\n\n<li>Kleine Dinge f&uuml;hlen sich gro&szlig; an<\/li>\n\n\n\n<li>Du verlierst &Uuml;berblick oder Struktur<\/li>\n\n\n\n<li>Dein K&ouml;rper &bdquo;zieht die Notbremse&ldquo;<\/li>\n<\/ul>\n\n\n\n<div class=\"wp-block-media-text is-stacked-on-mobile is-vertically-aligned-top\" style=\"grid-template-columns:33% auto\"><figure class=\"wp-block-media-text__media\"><img decoding=\"async\" width=\"302\" height=\"277\" src=\"http:\/\/www.vitalibera.org\/community\/wp-content\/uploads\/2026\/03\/tip3.png\" alt=\"\" class=\"wp-image-6087 size-full\" srcset=\"http:\/\/www.vitalibera.org\/community\/wp-content\/uploads\/2026\/03\/tip3.png 302w, http:\/\/www.vitalibera.org\/community\/wp-content\/uploads\/2026\/03\/tip3-300x275.png 300w\" sizes=\"(max-width: 302px) 100vw, 302px\" \/><\/figure><div class=\"wp-block-media-text__content\">\n<p>Warnzeichen der &Uuml;berforderung sollte man ernst nehmen, weil sie keine Schw&auml;che sind &ndash; sondern <strong>Fr&uuml;hwarnsysteme des Nervensystems<\/strong>. Sie zeigen, dass dein K&ouml;rper und Geist versuchen, dich zu sch&uuml;tzen, bevor etwas kippt. Ignoriert man sie, wird aus Anpassung &Uuml;berlastung.<\/p>\n\n\n\n<h6 class=\"wp-block-heading\"><strong>Biologisch gesehen<\/strong><\/h6>\n\n\n\n<p>Das Nervensystem arbeitet wie ein Sicherheitsnetz. Wenn Reize, Aufgaben oder Erwartungen zu viel werden, schaltet es in <strong>Notbetrieb<\/strong>: Konzentration sinkt, Emotionen schwanken, K&ouml;rper reagiert mit Spannung oder Ersch&ouml;pfung. Diese Signale sind keine Fehler &ndash; sie sind <strong>Selbstschutzmechanismen<\/strong>. Wer sie &uuml;bergeht, riskiert langfristige Dysregulation, Ersch&ouml;pfung oder R&uuml;ckschritte in der <a href=\"http:\/\/www.vitalibera.org\/community\/2026\/07\/14\/orientierungslosigkeit-in-der-akutphase-nach-einer-hirnverletzung\/\"><font color=\"blue\"><img src=\"https:\/\/www.vitalibera.org\/community\/wp-content\/images\/link.png\" width=\"20\" height=\"20\"><u>Reha<\/u><\/font><\/a>.<\/p>\n\n\n\n<h6 class=\"wp-block-heading\"><strong>Psychologisch gesehen<\/strong><\/h6>\n\n\n\n<p>&Uuml;berforderung ist kein pers&ouml;nliches Versagen, sondern ein <strong>Mismatch zwischen Anforderungen und Ressourcen<\/strong>. Ernstnehmen hei&szlig;t:<\/p>\n\n\n\n<ul class=\"wp-block-list\">\n<li>Realit&auml;t anerkennen statt verdr&auml;ngen<\/li>\n\n\n\n<li>Verantwortung &uuml;bernehmen statt Schuld suchen<\/li>\n\n\n\n<li>Handlungsspielraum zur&uuml;ckgewinnen<\/li>\n<\/ul>\n\n\n\n<p>Das schafft Stabilit&auml;t und verhindert, dass Stress <a href=\"http:\/\/www.vitalibera.org\/community\/2026\/08\/20\/pflegeheime-verschaerfen-neurofatigue-ein-erschoepftes-gehirn-braucht-schutz-keinen-laerm\/\"><font color=\"blue\"><img src=\"https:\/\/www.vitalibera.org\/community\/wp-content\/images\/link.png\" width=\"20\" height=\"20\"><u>chronisch<\/u><\/font><\/a> wird.<\/p>\n\n\n\n<h6 class=\"wp-block-heading\"><strong>Sozial gesehen<\/strong><\/h6>\n\n\n\n<p>Wenn du Warnzeichen ernst nimmst, sendest du ein klares Signal: <em>Ich achte auf meine Grenzen.<\/em> Das sch&uuml;tzt Beziehungen, weil du transparent bleibst, bevor &Uuml;berlastung zu R&uuml;ckzug oder Konflikt f&uuml;hrt. Es ist kein R&uuml;ckzug aus der Welt &ndash; es ist <strong>Selbstschutz, um handlungsf&auml;hig zu bleiben<\/strong>.<\/p>\n\n\n\n<h6 class=\"wp-block-heading\"><strong>Praktisch gesehen<\/strong><\/h6>\n\n\n\n<p>Ernstnehmen hei&szlig;t nicht sofort &bdquo;Pause&ldquo;, sondern:<\/p>\n\n\n\n<ul class=\"wp-block-list\">\n<li>kurz stoppen, pr&uuml;fen, anpassen<\/li>\n\n\n\n<li>Energie neu verteilen<\/li>\n\n\n\n<li>Priorit&auml;ten verschieben<\/li>\n\n\n\n<li>Unterst&uuml;tzung aktivieren<\/li>\n<\/ul>\n\n\n\n<p>So bleibt der Weg zum Ziel stabil &ndash; nicht unm&ouml;glich, nur anders m&ouml;glich.<\/p>\n\n\n\n<p><strong>Kurzstrategie &ndash; &Uuml;berforderung stoppen, bevor sie kippt:<\/strong> <strong>Stop &ndash; Atmen &ndash; Pr&uuml;fen &ndash; Anpassen.<\/strong><\/p>\n\n\n\n<p><strong>Leitsatz:<\/strong> &bdquo;Ich reagiere nicht aus Druck &ndash; ich w&auml;hle meinen Umgang.&ldquo;<\/p>\n<\/div><\/div>\n\n\n\n<div class=\"wp-block-media-text is-stacked-on-mobile is-vertically-aligned-top\"><figure class=\"wp-block-media-text__media\"><img decoding=\"async\" width=\"259\" height=\"240\" src=\"http:\/\/www.vitalibera.org\/community\/wp-content\/uploads\/2026\/03\/dbc5972683099460054d3dbc8212a892.jpg\" alt=\"\" class=\"wp-image-6119 size-full\"><\/figure><div class=\"wp-block-media-text__content\">\n<p><strong>Weitere Themen:<\/strong><\/p>\n\n\n\n<p><a href=\"https:\/\/www.vitalibera.org\/community\/2026\/04\/25\/ziele-bauen-nicht-jagen-der-weg-gehoert-mir\/\">Ziele bauen, nicht jagen &ndash; Der Weg geh&ouml;rt mir<\/a><\/p>\n\n\n\n<p><a href=\"https:\/\/www.vitalibera.org\/community\/2026\/04\/06\/energie-management-nach-schlaganfall\/\">Energie&#8209;Management nach Schlaganfall<\/a><\/p>\n\n\n\n<p><a href=\"https:\/\/www.vitalibera.org\/community\/2026\/04\/08\/kraft-und-energie-tanken\/\">Kraft und Energie tanken<\/a><\/p>\n\n\n\n<p><a href=\"https:\/\/www.vitalibera.org\/community\/2026\/04\/12\/akku-leer-zeit-fuer-energie-reload\/\">Akku leer? Zeit f&uuml;r Energie&#8209;Reload!<\/a><\/p>\n\n\n\n<p><a href=\"https:\/\/www.vitalibera.org\/community\/2026\/04\/13\/energie-einteilungsstrategie-fuer-neurofatigue\/\">Energie&#8209;Einteilungsstrategie f&uuml;r neurofatigue<\/a><\/p>\n<\/div><\/div>\n","protected":false},"excerpt":{"rendered":"<p>Manchmal kommt der Moment, in dem der eigene Akku leer ist und trotzdem ein Wunsch bleibt, der st\u00e4rker ist als die Ersch\u00f6pfung: der Wunsch, wieder \u00fcber das eigene Leben zu bestimmen. Selbstbestimmung beginnt nicht mit gro\u00dfen Entscheidungen, sondern mit einem einzigen kleinen Schritt, der sich nach dir anf\u00fchlt. Es geht nicht darum, perfekt zu funktionieren, &#8230; <a title=\"Neurorealit\u00e4t &#8211; \u00dcberforderung stoppen\" class=\"read-more\" href=\"http:\/\/www.vitalibera.org\/community\/2026\/04\/25\/neurorealitaet-ueberforderung-stoppen\/\" aria-label=\"Mehr Informationen \u00fcber Neurorealit\u00e4t &#8211; \u00dcberforderung stoppen\">Weiterlesen<\/a><\/p>\n","protected":false},"author":2,"featured_media":6927,"comment_status":"open","ping_status":"open","sticky":false,"template":"","format":"standard","meta":{"cybocfi_hide_featured_image":"yes","_jetpack_newsletter_access":"","_jetpack_dont_email_post_to_subs":false,"_jetpack_newsletter_tier_id":0,"_jetpack_memberships_contains_paywalled_content":false,"_jetpack_feature_clip_id":0,"_jetpack_memberships_contains_paid_content":false,"footnotes":"","jetpack_publicize_message":"","jetpack_publicize_feature_enabled":true,"jetpack_social_post_already_shared":false,"jetpack_social_options":{"image_generator_settings":{"template":"highway","default_image_id":0,"font":"","enabled":false},"version":2},"jetpack_post_was_ever_published":false},"categories":[492,225],"tags":[],"class_list":["post-6926","post","type-post","status-publish","format-standard","has-post-thumbnail","hentry","category-alltagsnavigation","category-hilfe-fuer-angehoerige"],"yoast_head":"<!-- This site is optimized with the Yoast SEO plugin v28.2 - https:\/\/yoast.com\/product\/yoast-seo-wordpress\/ -->\r\n<title>Neurorealit\u00e4t - \u00dcberforderung stoppen - vitalibera.org<\/title>\r\n<meta name=\"robots\" content=\"index, follow, max-snippet:-1, max-image-preview:large, max-video-preview:-1\" \/>\r\n<link rel=\"canonical\" href=\"https:\/\/www.vitalibera.org\/community\/2026\/04\/25\/neurorealitaet-ueberforderung-stoppen\/\" \/>\r\n<meta property=\"og:locale\" content=\"de_DE\" \/>\r\n<meta property=\"og:type\" content=\"article\" \/>\r\n<meta property=\"og:title\" content=\"Neurorealit\u00e4t - \u00dcberforderung stoppen - vitalibera.org\" \/>\r\n<meta property=\"og:description\" content=\"Manchmal kommt der Moment, in dem der eigene Akku leer ist und trotzdem ein Wunsch bleibt, der st\u00e4rker ist als die Ersch\u00f6pfung: der Wunsch, wieder \u00fcber das eigene Leben zu bestimmen. Selbstbestimmung beginnt nicht mit gro\u00dfen Entscheidungen, sondern mit einem einzigen kleinen Schritt, der sich nach dir anf\u00fchlt. Es geht nicht darum, perfekt zu funktionieren, ... Weiterlesen\" \/>\r\n<meta property=\"og:url\" content=\"https:\/\/www.vitalibera.org\/community\/2026\/04\/25\/neurorealitaet-ueberforderung-stoppen\/\" \/>\r\n<meta property=\"og:site_name\" content=\"vitalibera.org\" \/>\r\n<meta property=\"article:publisher\" content=\"https:\/\/www.facebook.com\/groups\/2997085857140235\" \/>\r\n<meta property=\"article:published_time\" content=\"2026-04-25T10:09:54+00:00\" \/>\r\n<meta property=\"article:modified_time\" content=\"2026-04-25T10:11:26+00:00\" \/>\r\n<meta property=\"og:image\" content=\"https:\/\/www.vitalibera.org\/community\/wp-content\/uploads\/2026\/04\/3d985d49cb4ea072500119bf1ba2fd97.jpg\" \/>\r\n\t<meta property=\"og:image:width\" content=\"450\" \/>\r\n\t<meta property=\"og:image:height\" content=\"563\" \/>\r\n\t<meta property=\"og:image:type\" content=\"image\/jpeg\" \/>\r\n<meta name=\"author\" content=\"Andreas Jecklin\" \/>\r\n<meta name=\"twitter:card\" content=\"summary_large_image\" \/>\r\n<meta name=\"twitter:label1\" content=\"Verfasst von\" \/>\n\t<meta name=\"twitter:data1\" content=\"Andreas Jecklin\" \/>\n\t<meta name=\"twitter:label2\" content=\"Gesch\u00e4tzte Lesezeit\" \/>\n\t<meta name=\"twitter:data2\" content=\"4\u00a0Minuten\" \/>\r\n<script type=\"application\/ld+json\" class=\"yoast-schema-graph\">{\"@context\":\"https:\\\/\\\/schema.org\",\"@graph\":[{\"@type\":\"Article\",\"@id\":\"https:\\\/\\\/www.vitalibera.org\\\/community\\\/2026\\\/04\\\/25\\\/neurorealitaet-ueberforderung-stoppen\\\/#article\",\"isPartOf\":{\"@id\":\"https:\\\/\\\/www.vitalibera.org\\\/community\\\/2026\\\/04\\\/25\\\/neurorealitaet-ueberforderung-stoppen\\\/\"},\"author\":{\"name\":\"Andreas Jecklin\",\"@id\":\"https:\\\/\\\/www.vitalibera.org\\\/community\\\/#\\\/schema\\\/person\\\/6712387298421f222ff6d0a2e22c1534\"},\"headline\":\"Neurorealit\u00e4t &#8211; \u00dcberforderung stoppen\",\"datePublished\":\"2026-04-25T10:09:54+00:00\",\"dateModified\":\"2026-04-25T10:11:26+00:00\",\"mainEntityOfPage\":{\"@id\":\"https:\\\/\\\/www.vitalibera.org\\\/community\\\/2026\\\/04\\\/25\\\/neurorealitaet-ueberforderung-stoppen\\\/\"},\"wordCount\":589,\"commentCount\":0,\"publisher\":{\"@id\":\"https:\\\/\\\/www.vitalibera.org\\\/community\\\/#organization\"},\"image\":{\"@id\":\"https:\\\/\\\/www.vitalibera.org\\\/community\\\/2026\\\/04\\\/25\\\/neurorealitaet-ueberforderung-stoppen\\\/#primaryimage\"},\"thumbnailUrl\":\"http:\\\/\\\/www.vitalibera.org\\\/community\\\/wp-content\\\/uploads\\\/2026\\\/04\\\/3d985d49cb4ea072500119bf1ba2fd97.jpg\",\"articleSection\":[\"Alltagsnavigation\",\"Hilfe f\u00fcr Angeh\u00f6rige\"],\"inLanguage\":\"de\",\"potentialAction\":[{\"@type\":\"CommentAction\",\"name\":\"Comment\",\"target\":[\"https:\\\/\\\/www.vitalibera.org\\\/community\\\/2026\\\/04\\\/25\\\/neurorealitaet-ueberforderung-stoppen\\\/#respond\"]}]},{\"@type\":\"WebPage\",\"@id\":\"https:\\\/\\\/www.vitalibera.org\\\/community\\\/2026\\\/04\\\/25\\\/neurorealitaet-ueberforderung-stoppen\\\/\",\"url\":\"https:\\\/\\\/www.vitalibera.org\\\/community\\\/2026\\\/04\\\/25\\\/neurorealitaet-ueberforderung-stoppen\\\/\",\"name\":\"Neurorealit\u00e4t - \u00dcberforderung stoppen - vitalibera.org\",\"isPartOf\":{\"@id\":\"https:\\\/\\\/www.vitalibera.org\\\/community\\\/#website\"},\"primaryImageOfPage\":{\"@id\":\"https:\\\/\\\/www.vitalibera.org\\\/community\\\/2026\\\/04\\\/25\\\/neurorealitaet-ueberforderung-stoppen\\\/#primaryimage\"},\"image\":{\"@id\":\"https:\\\/\\\/www.vitalibera.org\\\/community\\\/2026\\\/04\\\/25\\\/neurorealitaet-ueberforderung-stoppen\\\/#primaryimage\"},\"thumbnailUrl\":\"http:\\\/\\\/www.vitalibera.org\\\/community\\\/wp-content\\\/uploads\\\/2026\\\/04\\\/3d985d49cb4ea072500119bf1ba2fd97.jpg\",\"datePublished\":\"2026-04-25T10:09:54+00:00\",\"dateModified\":\"2026-04-25T10:11:26+00:00\",\"breadcrumb\":{\"@id\":\"https:\\\/\\\/www.vitalibera.org\\\/community\\\/2026\\\/04\\\/25\\\/neurorealitaet-ueberforderung-stoppen\\\/#breadcrumb\"},\"inLanguage\":\"de\",\"potentialAction\":[{\"@type\":\"ReadAction\",\"target\":[\"https:\\\/\\\/www.vitalibera.org\\\/community\\\/2026\\\/04\\\/25\\\/neurorealitaet-ueberforderung-stoppen\\\/\"]}]},{\"@type\":\"BreadcrumbList\",\"@id\":\"https:\\\/\\\/www.vitalibera.org\\\/community\\\/2026\\\/04\\\/25\\\/neurorealitaet-ueberforderung-stoppen\\\/#breadcrumb\",\"itemListElement\":[{\"@type\":\"ListItem\",\"position\":1,\"name\":\"Startseite\",\"item\":\"https:\\\/\\\/www.vitalibera.org\\\/community\\\/\"},{\"@type\":\"ListItem\",\"position\":2,\"name\":\"Neurorealit\u00e4t &#8211; \u00dcberforderung stoppen\"}]},{\"@type\":\"WebSite\",\"@id\":\"https:\\\/\\\/www.vitalibera.org\\\/community\\\/#website\",\"url\":\"https:\\\/\\\/www.vitalibera.org\\\/community\\\/\",\"name\":\"vitalibera.org\",\"description\":\"Mit einer Einschr&auml;nkung gestaltet sich das Leben im Alltag oft schwieriger - hier berichten wir &uuml;ber unsere Erfahrungen und Hilfsmittel um den Alltag so unbeschwert und unkompliziert wie nur m&ouml;glich geniessen zu k&ouml;nnen. Dabei richten wir unseren Fokus gezielt auf Selbst&auml;ndigkeit, Eigenst&auml;ndigkeit und Selbstbestimmung.\",\"publisher\":{\"@id\":\"https:\\\/\\\/www.vitalibera.org\\\/community\\\/#organization\"},\"potentialAction\":[{\"@type\":\"SearchAction\",\"target\":{\"@type\":\"EntryPoint\",\"urlTemplate\":\"https:\\\/\\\/www.vitalibera.org\\\/community\\\/?s={search_term_string}\"},\"query-input\":{\"@type\":\"PropertyValueSpecification\",\"valueRequired\":true,\"valueName\":\"search_term_string\"}}],\"inLanguage\":\"de\"},{\"@type\":\"Organization\",\"@id\":\"https:\\\/\\\/www.vitalibera.org\\\/community\\\/#organization\",\"name\":\"vitalibera.org\",\"url\":\"https:\\\/\\\/www.vitalibera.org\\\/community\\\/\",\"logo\":{\"@type\":\"ImageObject\",\"inLanguage\":\"de\",\"@id\":\"https:\\\/\\\/www.vitalibera.org\\\/community\\\/#\\\/schema\\\/logo\\\/image\\\/\",\"url\":\"http:\\\/\\\/www.vitalibera.org\\\/community\\\/wp-content\\\/uploads\\\/2025\\\/09\\\/cropped-banner.png\",\"contentUrl\":\"http:\\\/\\\/www.vitalibera.org\\\/community\\\/wp-content\\\/uploads\\\/2025\\\/09\\\/cropped-banner.png\",\"width\":991,\"height\":150,\"caption\":\"vitalibera.org\"},\"image\":{\"@id\":\"https:\\\/\\\/www.vitalibera.org\\\/community\\\/#\\\/schema\\\/logo\\\/image\\\/\"},\"sameAs\":[\"https:\\\/\\\/www.facebook.com\\\/groups\\\/2997085857140235\"]},{\"@type\":\"Person\",\"@id\":\"https:\\\/\\\/www.vitalibera.org\\\/community\\\/#\\\/schema\\\/person\\\/6712387298421f222ff6d0a2e22c1534\",\"name\":\"Andreas Jecklin\",\"image\":{\"@type\":\"ImageObject\",\"inLanguage\":\"de\",\"@id\":\"http:\\\/\\\/0.gravatar.com\\\/avatar\\\/ad516503a11cd5ca435acc9bb6523536?s=96\",\"url\":\"http:\\\/\\\/0.gravatar.com\\\/avatar\\\/ad516503a11cd5ca435acc9bb6523536?s=96\",\"contentUrl\":\"http:\\\/\\\/0.gravatar.com\\\/avatar\\\/ad516503a11cd5ca435acc9bb6523536?s=96\",\"caption\":\"Andreas Jecklin\"},\"description\":\"Manchen gab Gott die Kraft Dinge zu ver\u00e4ndern, mir gab er die Kraft zu ertragen was nicht mehr zu \u00e4ndern ist.\",\"url\":\"http:\\\/\\\/www.vitalibera.org\\\/community\\\/author\\\/andy77\\\/\"}]}<\/script>\r\n<!-- \/ Yoast SEO plugin. -->","yoast_head_json":{"title":"Neurorealit\u00e4t - \u00dcberforderung stoppen - vitalibera.org","robots":{"index":"index","follow":"follow","max-snippet":"max-snippet:-1","max-image-preview":"max-image-preview:large","max-video-preview":"max-video-preview:-1"},"canonical":"https:\/\/www.vitalibera.org\/community\/2026\/04\/25\/neurorealitaet-ueberforderung-stoppen\/","og_locale":"de_DE","og_type":"article","og_title":"Neurorealit\u00e4t - \u00dcberforderung stoppen - vitalibera.org","og_description":"Manchmal kommt der Moment, in dem der eigene Akku leer ist und trotzdem ein Wunsch bleibt, der st\u00e4rker ist als die Ersch\u00f6pfung: der Wunsch, wieder \u00fcber das eigene Leben zu bestimmen. Selbstbestimmung beginnt nicht mit gro\u00dfen Entscheidungen, sondern mit einem einzigen kleinen Schritt, der sich nach dir anf\u00fchlt. Es geht nicht darum, perfekt zu funktionieren, ... Weiterlesen","og_url":"https:\/\/www.vitalibera.org\/community\/2026\/04\/25\/neurorealitaet-ueberforderung-stoppen\/","og_site_name":"vitalibera.org","article_publisher":"https:\/\/www.facebook.com\/groups\/2997085857140235","article_published_time":"2026-04-25T10:09:54+00:00","article_modified_time":"2026-04-25T10:11:26+00:00","og_image":[{"width":450,"height":563,"url":"https:\/\/www.vitalibera.org\/community\/wp-content\/uploads\/2026\/04\/3d985d49cb4ea072500119bf1ba2fd97.jpg","type":"image\/jpeg"}],"author":"Andreas Jecklin","twitter_card":"summary_large_image","twitter_misc":{"Verfasst von":"Andreas Jecklin","Gesch\u00e4tzte Lesezeit":"4\u00a0Minuten"},"schema":{"@context":"https:\/\/schema.org","@graph":[{"@type":"Article","@id":"https:\/\/www.vitalibera.org\/community\/2026\/04\/25\/neurorealitaet-ueberforderung-stoppen\/#article","isPartOf":{"@id":"https:\/\/www.vitalibera.org\/community\/2026\/04\/25\/neurorealitaet-ueberforderung-stoppen\/"},"author":{"name":"Andreas Jecklin","@id":"https:\/\/www.vitalibera.org\/community\/#\/schema\/person\/6712387298421f222ff6d0a2e22c1534"},"headline":"Neurorealit\u00e4t &#8211; \u00dcberforderung stoppen","datePublished":"2026-04-25T10:09:54+00:00","dateModified":"2026-04-25T10:11:26+00:00","mainEntityOfPage":{"@id":"https:\/\/www.vitalibera.org\/community\/2026\/04\/25\/neurorealitaet-ueberforderung-stoppen\/"},"wordCount":589,"commentCount":0,"publisher":{"@id":"https:\/\/www.vitalibera.org\/community\/#organization"},"image":{"@id":"https:\/\/www.vitalibera.org\/community\/2026\/04\/25\/neurorealitaet-ueberforderung-stoppen\/#primaryimage"},"thumbnailUrl":"http:\/\/www.vitalibera.org\/community\/wp-content\/uploads\/2026\/04\/3d985d49cb4ea072500119bf1ba2fd97.jpg","articleSection":["Alltagsnavigation","Hilfe f\u00fcr Angeh\u00f6rige"],"inLanguage":"de","potentialAction":[{"@type":"CommentAction","name":"Comment","target":["https:\/\/www.vitalibera.org\/community\/2026\/04\/25\/neurorealitaet-ueberforderung-stoppen\/#respond"]}]},{"@type":"WebPage","@id":"https:\/\/www.vitalibera.org\/community\/2026\/04\/25\/neurorealitaet-ueberforderung-stoppen\/","url":"https:\/\/www.vitalibera.org\/community\/2026\/04\/25\/neurorealitaet-ueberforderung-stoppen\/","name":"Neurorealit\u00e4t - \u00dcberforderung stoppen - vitalibera.org","isPartOf":{"@id":"https:\/\/www.vitalibera.org\/community\/#website"},"primaryImageOfPage":{"@id":"https:\/\/www.vitalibera.org\/community\/2026\/04\/25\/neurorealitaet-ueberforderung-stoppen\/#primaryimage"},"image":{"@id":"https:\/\/www.vitalibera.org\/community\/2026\/04\/25\/neurorealitaet-ueberforderung-stoppen\/#primaryimage"},"thumbnailUrl":"http:\/\/www.vitalibera.org\/community\/wp-content\/uploads\/2026\/04\/3d985d49cb4ea072500119bf1ba2fd97.jpg","datePublished":"2026-04-25T10:09:54+00:00","dateModified":"2026-04-25T10:11:26+00:00","breadcrumb":{"@id":"https:\/\/www.vitalibera.org\/community\/2026\/04\/25\/neurorealitaet-ueberforderung-stoppen\/#breadcrumb"},"inLanguage":"de","potentialAction":[{"@type":"ReadAction","target":["https:\/\/www.vitalibera.org\/community\/2026\/04\/25\/neurorealitaet-ueberforderung-stoppen\/"]}]},{"@type":"BreadcrumbList","@id":"https:\/\/www.vitalibera.org\/community\/2026\/04\/25\/neurorealitaet-ueberforderung-stoppen\/#breadcrumb","itemListElement":[{"@type":"ListItem","position":1,"name":"Startseite","item":"https:\/\/www.vitalibera.org\/community\/"},{"@type":"ListItem","position":2,"name":"Neurorealit\u00e4t &#8211; \u00dcberforderung stoppen"}]},{"@type":"WebSite","@id":"https:\/\/www.vitalibera.org\/community\/#website","url":"https:\/\/www.vitalibera.org\/community\/","name":"vitalibera.org","description":"Mit einer Einschr&auml;nkung gestaltet sich das Leben im Alltag oft schwieriger - hier berichten wir &uuml;ber unsere Erfahrungen und Hilfsmittel um den Alltag so unbeschwert und unkompliziert wie nur m&ouml;glich geniessen zu k&ouml;nnen. Dabei richten wir unseren Fokus gezielt auf Selbst&auml;ndigkeit, Eigenst&auml;ndigkeit und Selbstbestimmung.","publisher":{"@id":"https:\/\/www.vitalibera.org\/community\/#organization"},"potentialAction":[{"@type":"SearchAction","target":{"@type":"EntryPoint","urlTemplate":"https:\/\/www.vitalibera.org\/community\/?s={search_term_string}"},"query-input":{"@type":"PropertyValueSpecification","valueRequired":true,"valueName":"search_term_string"}}],"inLanguage":"de"},{"@type":"Organization","@id":"https:\/\/www.vitalibera.org\/community\/#organization","name":"vitalibera.org","url":"https:\/\/www.vitalibera.org\/community\/","logo":{"@type":"ImageObject","inLanguage":"de","@id":"https:\/\/www.vitalibera.org\/community\/#\/schema\/logo\/image\/","url":"http:\/\/www.vitalibera.org\/community\/wp-content\/uploads\/2025\/09\/cropped-banner.png","contentUrl":"http:\/\/www.vitalibera.org\/community\/wp-content\/uploads\/2025\/09\/cropped-banner.png","width":991,"height":150,"caption":"vitalibera.org"},"image":{"@id":"https:\/\/www.vitalibera.org\/community\/#\/schema\/logo\/image\/"},"sameAs":["https:\/\/www.facebook.com\/groups\/2997085857140235"]},{"@type":"Person","@id":"https:\/\/www.vitalibera.org\/community\/#\/schema\/person\/6712387298421f222ff6d0a2e22c1534","name":"Andreas Jecklin","image":{"@type":"ImageObject","inLanguage":"de","@id":"http:\/\/0.gravatar.com\/avatar\/ad516503a11cd5ca435acc9bb6523536?s=96","url":"http:\/\/0.gravatar.com\/avatar\/ad516503a11cd5ca435acc9bb6523536?s=96","contentUrl":"http:\/\/0.gravatar.com\/avatar\/ad516503a11cd5ca435acc9bb6523536?s=96","caption":"Andreas Jecklin"},"description":"Manchen gab Gott die Kraft Dinge zu ver\u00e4ndern, mir gab er die Kraft zu ertragen was nicht mehr zu \u00e4ndern ist.","url":"http:\/\/www.vitalibera.org\/community\/author\/andy77\/"}]}},"jetpack_publicize_connections":[],"jetpack_sharing_enabled":true,"jetpack-related-posts":[{"id":7119,"url":"http:\/\/www.vitalibera.org\/community\/2026\/05\/04\/wenn-hilfe-zur-bevormundung-wird\/","url_meta":{"origin":6926,"position":0},"title":"Wenn Hilfe zur Bevormundung wird","author":"Andreas Jecklin","date":"4 Mai, 2026","format":false,"excerpt":"Manchmal meinen Menschen es so gut, dass es zu viel wird. Sie wollen sch\u00fctzen, entlasten, da sein \u2014 und merken nicht, wie eng es sich anf\u00fchlen kann. F\u00fcrsorge wird schwer, wenn sie dich \u00fcberholt, bevor du selbst atmen konntest. Es geht nicht darum, Hilfe abzulehnen. Es geht darum, wieder Raum\u2026","rel":"","context":"In &quot;Hilfe f\u00fcr Angeh\u00f6rige&quot;","block_context":{"text":"Hilfe f\u00fcr Angeh\u00f6rige","link":"http:\/\/www.vitalibera.org\/community\/category\/hilfe-fuer-angehoerige\/"},"img":{"alt_text":"","src":"https:\/\/i0.wp.com\/www.vitalibera.org\/community\/wp-content\/uploads\/2026\/05\/b9c56ef3e3d867b2d88456bcb99d7405.jpg?resize=350%2C200","width":350,"height":200},"classes":[]},{"id":6436,"url":"http:\/\/www.vitalibera.org\/community\/2026\/03\/30\/der-wunsch-wieder-ueber-das-eigene-leben-zu-bestimmen\/","url_meta":{"origin":6926,"position":1},"title":"Der Wunsch, wieder \u00fcber das eigene Leben zu bestimmen","author":"Andreas Jecklin","date":"30 M\u00e4rz, 2026","format":false,"excerpt":"Der Wunsch, wieder \u00fcber das eigene Leben zu bestimmen, entsteht nicht einfach so. Er taucht auf, wenn etwas in dir merkt: \u201eSo wie es jetzt ist, stimmt es nicht mehr mit mir \u00fcberein.\u201c vitalibera setzt sich aktiv f\u00fcr Menschen mit einer neurologischen Erkrankung ein mit einer grossen Community welche gemeinsam\u2026","rel":"","context":"In &quot;Alltag&quot;","block_context":{"text":"Alltag","link":"http:\/\/www.vitalibera.org\/community\/category\/beitraege\/eingeschraenkt-im-alltag\/alltag\/"},"img":{"alt_text":"","src":"https:\/\/i0.wp.com\/www.vitalibera.org\/community\/wp-content\/uploads\/2026\/03\/d8e7bdfad140b03c3a9b34b9a064953b.jpg?resize=350%2C200","width":350,"height":200,"srcset":"https:\/\/i0.wp.com\/www.vitalibera.org\/community\/wp-content\/uploads\/2026\/03\/d8e7bdfad140b03c3a9b34b9a064953b.jpg?resize=350%2C200 1x, https:\/\/i0.wp.com\/www.vitalibera.org\/community\/wp-content\/uploads\/2026\/03\/d8e7bdfad140b03c3a9b34b9a064953b.jpg?resize=525%2C300 1.5x, https:\/\/i0.wp.com\/www.vitalibera.org\/community\/wp-content\/uploads\/2026\/03\/d8e7bdfad140b03c3a9b34b9a064953b.jpg?resize=700%2C400 2x, https:\/\/i0.wp.com\/www.vitalibera.org\/community\/wp-content\/uploads\/2026\/03\/d8e7bdfad140b03c3a9b34b9a064953b.jpg?resize=1050%2C600 3x"},"classes":[]},{"id":7471,"url":"http:\/\/www.vitalibera.org\/community\/2026\/05\/22\/ich-lasse-mich-nicht-von-heimen-manipulieren\/","url_meta":{"origin":6926,"position":2},"title":"Ich lasse mich nicht von Heimen manipulieren","author":"Andreas Jecklin","date":"22 Mai, 2026","format":false,"excerpt":"Viele Menschen werden nicht durch ihre Einschr\u00e4nkung behindert, sondern durch Systeme, die sie in Abl\u00e4ufe pressen.In Heimen zeigt sich das besonders deutlich: starre Routinen, \u201eTagesstrukturen\u201c, Besch\u00e4ftigung, die als F\u00f6rderung verkauft wird, und Erwartungen, die mehr \u00fcber das System aussagen als \u00fcber den Menschen. Wer hier lebt, soll funktionieren, sich anpassen,\u2026","rel":"","context":"In &quot;Alltagsnavigation&quot;","block_context":{"text":"Alltagsnavigation","link":"http:\/\/www.vitalibera.org\/community\/category\/beitraege\/eingeschraenkt-im-alltag\/alltagsnavigation\/"},"img":{"alt_text":"","src":"https:\/\/i0.wp.com\/www.vitalibera.org\/community\/wp-content\/uploads\/2026\/05\/b53ffdc3cd3eab5e35bd3efeea866601-2.jpg?resize=350%2C200","width":350,"height":200},"classes":[]},{"id":6386,"url":"http:\/\/www.vitalibera.org\/community\/2026\/03\/25\/ich-will-mein-leben-zurueck\/","url_meta":{"origin":6926,"position":3},"title":"Ich will mein Leben zur\u00fcck!","author":"admin","date":"25 M\u00e4rz, 2026","format":false,"excerpt":"Dieser Satz tr\u00e4gt so viel Gewicht. Wenn jemand sagt \u201eIch will mein Leben zur\u00fcck\u201c, dann steckt darin kein Drama, sondern ein ehrlicher, tiefer Wunsch nach Kontrolle, nach W\u00fcrde, nach einem Gef\u00fchl von \u201eIch bestimme wieder\u201c. Wenn jemand sagt \u201eIch will mein Leben zur\u00fcck\u201c, dann steckt darin kein Drama, sondern ein\u2026","rel":"","context":"In &quot;Fachwissen&quot;","block_context":{"text":"Fachwissen","link":"http:\/\/www.vitalibera.org\/community\/category\/beitraege\/fachwissen\/"},"img":{"alt_text":"","src":"https:\/\/i0.wp.com\/www.vitalibera.org\/community\/wp-content\/uploads\/2026\/03\/moeglich.png?resize=350%2C200","width":350,"height":200},"classes":[]},{"id":8624,"url":"http:\/\/www.vitalibera.org\/community\/2026\/07\/17\/als-angehoeriger-selbstvertrauen-und-wille-des-betroffenen-nach-hirnverletzung-aktiv-foerdern\/","url_meta":{"origin":6926,"position":4},"title":"Als Angeh\u00f6riger Selbstvertrauen und Wille des Betroffenen nach Hirnverletzung aktiv f\u00f6rdern","author":"Andreas Jecklin","date":"17 Juli, 2026","format":false,"excerpt":"Nach einer Hirnverletzung, einem Schlaganfall, einer Hirnblutung oder einem Sch\u00e4del-Hirn-Trauma stehen Betroffene oft vor gro\u00dfen Herausforderungen. Neben k\u00f6rperlichen Einschr\u00e4nkungen wie Hemiparese, Gangunsicherheit oder Fatigue verlieren viele Menschen auch das Vertrauen in den eigenen K\u00f6rper und ihre F\u00e4higkeiten. Aufgaben, die fr\u00fcher selbstverst\u00e4ndlich waren, erfordern pl\u00f6tzlich Mut, Geduld und gro\u00dfe Anstrengung. Als\u2026","rel":"","context":"In &quot;Hilfe f\u00fcr Angeh\u00f6rige&quot;","block_context":{"text":"Hilfe f\u00fcr Angeh\u00f6rige","link":"http:\/\/www.vitalibera.org\/community\/category\/hilfe-fuer-angehoerige\/"},"img":{"alt_text":"","src":"https:\/\/i0.wp.com\/www.vitalibera.org\/community\/wp-content\/uploads\/2026\/07\/selbstvertrauen60808.png?resize=350%2C200","width":350,"height":200},"classes":[]},{"id":7474,"url":"http:\/\/www.vitalibera.org\/community\/2026\/05\/22\/psychische-stabilitaet-als-teil-der-neurologischen-reha\/","url_meta":{"origin":6926,"position":5},"title":"Psychische Stabilit\u00e4t als Teil der neurologischen Reha","author":"Andreas Jecklin","date":"22 Mai, 2026","format":false,"excerpt":"Ein neurologischer Einschnitt ver\u00e4ndert mehr als nur Funktionen. Er betrifft Orientierung, Alltag, Beziehungen und oft auch das eigene Selbstbild. Viele Menschen merken erst nach Wochen oder Monaten, wie viel Kraft die Anpassung kostet. Psychologische Unterst\u00fctzung kann in dieser Phase entlasten. Sie hilft, Ver\u00e4nderungen einzuordnen, neue Strategien zu entwickeln und den\u2026","rel":"","context":"In &quot;Fachwissen&quot;","block_context":{"text":"Fachwissen","link":"http:\/\/www.vitalibera.org\/community\/category\/beitraege\/fachwissen\/"},"img":{"alt_text":"","src":"https:\/\/i0.wp.com\/www.vitalibera.org\/community\/wp-content\/uploads\/2026\/05\/2904e554dd4fca4453846f3b480504fe.jpg?resize=350%2C200","width":350,"height":200,"srcset":"https:\/\/i0.wp.com\/www.vitalibera.org\/community\/wp-content\/uploads\/2026\/05\/2904e554dd4fca4453846f3b480504fe.jpg?resize=350%2C200 1x, https:\/\/i0.wp.com\/www.vitalibera.org\/community\/wp-content\/uploads\/2026\/05\/2904e554dd4fca4453846f3b480504fe.jpg?resize=525%2C300 1.5x"},"classes":[]}],"jetpack_featured_media_url":"http:\/\/www.vitalibera.org\/community\/wp-content\/uploads\/2026\/04\/3d985d49cb4ea072500119bf1ba2fd97.jpg","_links":{"self":[{"href":"http:\/\/www.vitalibera.org\/community\/wp-json\/wp\/v2\/posts\/6926","targetHints":{"allow":["GET"]}}],"collection":[{"href":"http:\/\/www.vitalibera.org\/community\/wp-json\/wp\/v2\/posts"}],"about":[{"href":"http:\/\/www.vitalibera.org\/community\/wp-json\/wp\/v2\/types\/post"}],"author":[{"embeddable":true,"href":"http:\/\/www.vitalibera.org\/community\/wp-json\/wp\/v2\/users\/2"}],"replies":[{"embeddable":true,"href":"http:\/\/www.vitalibera.org\/community\/wp-json\/wp\/v2\/comments?post=6926"}],"version-history":[{"count":0,"href":"http:\/\/www.vitalibera.org\/community\/wp-json\/wp\/v2\/posts\/6926\/revisions"}],"wp:featuredmedia":[{"embeddable":true,"href":"http:\/\/www.vitalibera.org\/community\/wp-json\/wp\/v2\/media\/6927"}],"wp:attachment":[{"href":"http:\/\/www.vitalibera.org\/community\/wp-json\/wp\/v2\/media?parent=6926"}],"wp:term":[{"taxonomy":"category","embeddable":true,"href":"http:\/\/www.vitalibera.org\/community\/wp-json\/wp\/v2\/categories?post=6926"},{"taxonomy":"post_tag","embeddable":true,"href":"http:\/\/www.vitalibera.org\/community\/wp-json\/wp\/v2\/tags?post=6926"}],"curies":[{"name":"wp","href":"https:\/\/api.w.org\/{rel}","templated":true}]}}