{"id":6994,"date":"2026-04-27T20:27:41","date_gmt":"2026-04-27T18:27:41","guid":{"rendered":"https:\/\/www.vitalibera.org\/community\/?p=6994"},"modified":"2026-04-27T20:32:48","modified_gmt":"2026-04-27T18:32:48","slug":"in-meinen-worten-wird-die-hirnerkrankung-leichter","status":"publish","type":"post","link":"http:\/\/www.vitalibera.org\/community\/2026\/04\/27\/in-meinen-worten-wird-die-hirnerkrankung-leichter\/","title":{"rendered":"In meinen Worten wird die Hirnerkrankung leichter"},"content":{"rendered":"\n<div class=\"wp-block-media-text is-stacked-on-mobile is-vertically-aligned-top\"><figure class=\"wp-block-media-text__media\"><img fetchpriority=\"high\" decoding=\"async\" width=\"736\" height=\"736\" src=\"https:\/\/www.vitalibera.org\/community\/wp-content\/uploads\/2026\/04\/d7e619eca5725003cf20bcc62d319eb0.jpg\" alt=\"\" class=\"wp-image-6995 size-full\" srcset=\"http:\/\/www.vitalibera.org\/community\/wp-content\/uploads\/2026\/04\/d7e619eca5725003cf20bcc62d319eb0.jpg 736w, http:\/\/www.vitalibera.org\/community\/wp-content\/uploads\/2026\/04\/d7e619eca5725003cf20bcc62d319eb0-300x300.jpg 300w, http:\/\/www.vitalibera.org\/community\/wp-content\/uploads\/2026\/04\/d7e619eca5725003cf20bcc62d319eb0-150x150.jpg 150w\" sizes=\"(max-width: 736px) 100vw, 736px\" \/><\/figure><div class=\"wp-block-media-text__content\">\n<p>Ein neurologisches Schicksal hinterl&auml;sst nicht nur k&ouml;rperliche Spuren, sondern auch ein inneres Echo, das lange nachhallt. Vieles bleibt unausgesprochen, manches schwer einzuordnen. <\/p>\n\n\n\n<p>Tagebuchschreiben kann hier zu einem stillen Ort werden, an dem <a href=\"http:\/\/www.vitalibera.org\/community\/2026\/08\/26\/kognitives-selbsttraining-im-alltag-nach-einer-hirnverletzung-spielerisch-zurueck-zur-denkfaehigkeit\/\"><font color=\"blue\"><img src=\"https:\/\/www.vitalibera.org\/community\/wp-content\/images\/link.png\" width=\"20\" height=\"20\"><u>Gedanken<\/u><\/font><\/a> langsamer werden und Gef&uuml;hle Raum bekommen, ohne bewertet zu werden.<\/p>\n\n\n\n<p>Es ist kein gro&szlig;es Projekt, sondern ein leiser Weg, Ordnung in das Chaos zu bringen, das ein solcher Einschnitt hinterl&auml;sst &mdash; ein Ort, an dem du dich selbst wiederfinden kannst, Satz f&uuml;r Satz.<\/p>\n<\/div><\/div>\n\n\n\n<h5 class=\"wp-block-heading\"><strong>Warum Tagebuchschreiben hilft<\/strong><\/h5>\n\n\n\n<p><strong>1. Emotionale Entlastung<\/strong> <a href=\"http:\/\/www.vitalibera.org\/community\/enzyklopaedie\/journaling\/\" target=\"_self\" title=\"Journaling ist das regelm&auml;&szlig;ige Aufzeichnen von Gedanken, Gef&uuml;hlen und Erlebnissen, um das psychische Wohlbefinden zu steigern, Stress abzubauen und Klarheit zu gewinnen. Es dient als effektives Werkzeug zur Selbstreflexion, Angstbew&auml;ltigung und pers&ouml;nlichen Weiterentwicklung. Techniken reichen von Bullet Journals bis zu freien Schreibmethoden.\" class=\"encyclopedia\">Journaling<\/a> wirkt wie ein sicherer Raum, in dem belastende Gef&uuml;hle aus dem Kopf &bdquo;auswandern&ldquo; k&ouml;nnen. Studien zeigen, dass Schreiben &uuml;ber Emotionen Stress reduziert und die emotionale Verarbeitung verbessert.<\/p>\n\n\n\n<p><strong>2. Neurobiologische Wirkung<\/strong> Expressives Schreiben aktiviert Hirnregionen, die f&uuml;r <strong>Emotionen, Sprache und Regulation<\/strong> zust&auml;ndig sind. Das unterst&uuml;tzt die Verarbeitung schwieriger Erlebnisse und f&ouml;rdert neuroplastische Anpassung &mdash; also die F&auml;higkeit des Gehirns, sich neu zu organisieren.<\/p>\n\n\n\n<p><strong>3. Kleine bis moderate therapeutische Wirkung<\/strong> Eine systematische &Uuml;bersichtsarbeit zeigt, dass <a href=\"http:\/\/www.vitalibera.org\/community\/enzyklopaedie\/journaling\/\" target=\"_self\" title=\"Journaling ist das regelm&auml;&szlig;ige Aufzeichnen von Gedanken, Gef&uuml;hlen und Erlebnissen, um das psychische Wohlbefinden zu steigern, Stress abzubauen und Klarheit zu gewinnen. Es dient als effektives Werkzeug zur Selbstreflexion, Angstbew&auml;ltigung und pers&ouml;nlichen Weiterentwicklung. Techniken reichen von Bullet Journals bis zu freien Schreibmethoden.\" class=\"encyclopedia\">Journaling<\/a> bei <a href=\"http:\/\/www.vitalibera.org\/community\/enzyklopaedie\/ptbs\/\" target=\"_self\" title=\"Die Posttraumatische Belastungsst&ouml;rung (PTBS\/PTSD) ist eine psychische Erkrankung, die als Reaktion auf extrem belastende Ereignisse (z.B. Gewalt, Unf&auml;lle) auftritt. Typische Symptome sind Flashbacks, Alptr&auml;ume, Vermeidungsverhalten und &Uuml;bererregung. Die Diagnose erfolgt durch Fach&auml;rzte; eine Psychotherapie ist meist der Kern der Behandlung.\" class=\"encyclopedia\">PTSD<\/a>&#8209;Symptomen, <a href=\"http:\/\/www.vitalibera.org\/community\/2026\/08\/07\/leben-ohne-das-damoklesschwert-vertrauen-in-den-alltag-nach-einer-hirnverletzung\/\"><font color=\"blue\"><img src=\"https:\/\/www.vitalibera.org\/community\/wp-content\/images\/link.png\" width=\"20\" height=\"20\"><u>Angst<\/u><\/font><\/a> und Depression <strong>kleine bis moderate Verbesserungen<\/strong> bewirken kann. Es ist kein Wundermittel, aber ein wirksamer, risikoarmer Baustein.<\/p>\n\n\n\n<p><strong>4. St&auml;rkung der Selbstwahrnehmung<\/strong> Nach einem neurologischen Ereignis ver&auml;ndert sich das Innenleben oft schneller als das Au&szlig;en. Schreiben hilft, diese Ver&auml;nderungen zu sortieren und ein neues, stabiles Selbstbild zu entwickeln.<\/p>\n\n\n\n<p><strong>5. Wenig Risiko, viel Potenzial<\/strong> Die Forschung betont: <a href=\"http:\/\/www.vitalibera.org\/community\/enzyklopaedie\/journaling\/\" target=\"_self\" title=\"Journaling ist das regelm&auml;&szlig;ige Aufzeichnen von Gedanken, Gef&uuml;hlen und Erlebnissen, um das psychische Wohlbefinden zu steigern, Stress abzubauen und Klarheit zu gewinnen. Es dient als effektives Werkzeug zur Selbstreflexion, Angstbew&auml;ltigung und pers&ouml;nlichen Weiterentwicklung. Techniken reichen von Bullet Journals bis zu freien Schreibmethoden.\" class=\"encyclopedia\">Journaling<\/a> ist <strong>niedrigschwellig, kosteng&uuml;nstig und sicher<\/strong> &mdash; ideal, wenn das Nervensystem sensibel ist.<\/p>\n\n\n\n<h5 class=\"wp-block-heading\"><strong>Warum es speziell bei einem neurologischen Schicksal sinnvoll ist<\/strong><\/h5>\n\n\n\n<ul class=\"wp-block-list\">\n<li><strong>Gedanken ordnen<\/strong>, wenn alles chaotisch wirkt<\/li>\n\n\n\n<li><strong>Reizreduktion<\/strong>: Schreiben ist langsam, leise, kontrollierbar<\/li>\n\n\n\n<li><strong>Identit&auml;t stabilisieren<\/strong>: &bdquo;Wer bin ich jetzt?&ldquo; wird greifbarer<\/li>\n\n\n\n<li><strong>Fortschritte sichtbar machen<\/strong>, die sonst untergehen<\/li>\n\n\n\n<li><strong>&Uuml;berlastung abbauen<\/strong>, weil Gef&uuml;hle nicht im Kopf kr<a href=\"http:\/\/www.vitalibera.org\/community\/enzyklopaedie\/eisen\/\" target=\"_self\" title=\"Eisen&nbsp;ist das im K&ouml;rper am meisten vorkommende Spurenelement. Es ist ein wesentlicher Bestandteil des roten Blutfarbstoffs (H&auml;moglobin) und f&uuml;r den Sauerstofftransport wichtig. Weitere Aufgaben erf&uuml;llt Eisen in der Muskulatur, wo es in Form des Eiwei&szlig;stoffes Myoglobin der Sauerstoffspeicherung dient. Dar&uuml;ber hinaus ist Eisen generell f&uuml;r alle rasch wachsenden Gewebe des K&ouml;rpers erforderlich. Im Labor ist&hellip;\" class=\"encyclopedia\">eisen<\/a> m&uuml;ssen<\/li>\n<\/ul>\n\n\n\n<h5 class=\"wp-block-heading\"><strong>Wie du es neurofreundlich machst<\/strong><\/h5>\n\n\n\n<ul class=\"wp-block-list\">\n<li><strong>Kurz schreiben<\/strong>: 2&ndash;5 Minuten reichen<\/li>\n\n\n\n<li><strong>Unzensiert<\/strong>: Nicht sch&ouml;n, nicht korrekt &mdash; einfach ehrlich<\/li>\n\n\n\n<li><strong>Regelm&auml;&szlig;ig, aber ohne Druck<\/strong>: 2&ndash;3&times; pro Woche<\/li>\n\n\n\n<li><strong>Stoppen, wenn&rsquo;s kippt<\/strong>: Schreiben soll entlasten, nicht &uuml;berfluten<\/li>\n\n\n\n<li><strong>Sanfte Leitfragen<\/strong>:\n<ul class=\"wp-block-list\">\n<li><em>Was war heute schwer?<\/em><\/li>\n\n\n\n<li><em>Was hat mich getragen?<\/em><\/li>\n\n\n\n<li><em>Was braucht mein Nervensystem morgen?<\/em><\/li>\n<\/ul>\n<\/li>\n<\/ul>\n\n\n\n<h5 class=\"wp-block-heading\"><strong>Fazit<\/strong><\/h5>\n\n\n\n<p>Tagebuchschreiben ist kein Allheilmittel &mdash; aber ein <strong>sanftes, wirksames <a href=\"http:\/\/www.vitalibera.org\/community\/2026\/08\/25\/clever-umfunktioniert-alltagswerkzeuge-als-einhand-helfer-nach-einer-hirnverletzung\/\"><font color=\"blue\"><img src=\"https:\/\/www.vitalibera.org\/community\/wp-content\/images\/link.png\" width=\"20\" height=\"20\"><u>Werkzeug<\/u><\/font><\/a><\/strong>, um ein neurologisches Schicksal emotional zu verarbeiten, Klarheit zu gewinnen und sich selbst wiederzufinden. Die Forschung zeigt: Es hilft vielen, kostet wenig Kraft und birgt kaum Risiken.<\/p>\n\n\n\n<div class=\"wp-block-media-text is-stacked-on-mobile is-vertically-aligned-top\" style=\"grid-template-columns:32% auto\"><figure class=\"wp-block-media-text__media\"><img decoding=\"async\" width=\"302\" height=\"277\" src=\"http:\/\/www.vitalibera.org\/community\/wp-content\/uploads\/2026\/03\/tip3.png\" alt=\"\" class=\"wp-image-6087 size-full\" srcset=\"http:\/\/www.vitalibera.org\/community\/wp-content\/uploads\/2026\/03\/tip3.png 302w, http:\/\/www.vitalibera.org\/community\/wp-content\/uploads\/2026\/03\/tip3-300x275.png 300w\" sizes=\"(max-width: 302px) 100vw, 302px\" \/><\/figure><div class=\"wp-block-media-text__content\">\n<p><strong>Schreib nur das auf, was dir gut tut &mdash; nicht das, was &bdquo;wichtig&ldquo; w&auml;re.<\/strong> Tagebuch ist kein Bericht. Es ist ein Ort, an dem du atmen darfst.<\/p>\n\n\n\n<p>Schreib nicht f&uuml;r die Zukunft, nicht f&uuml;r &bdquo;Verarbeitung&ldquo;, nicht f&uuml;r irgendein Ziel. Schreib f&uuml;r den Moment, in dem du sp&uuml;rst, dass etwas in dir dr&uuml;ckt. Ein Satz reicht. Ein Wort reicht. Ein Fragment reicht.<\/p>\n\n\n\n<p><strong>Tagebuch ist kein Projekt. Es ist ein Ort.<\/strong> Ein Ort, an dem du ablegen darfst, was zu schwer ist. Ein Ort, an dem du festhalten kannst, was sonst untergeht. Ein Ort, an dem du dich selbst wieder h&ouml;rst, wenn alles zu laut wird.<\/p>\n\n\n\n<p>Und an manchen Tagen wirst du nichts schreiben. Auch das ist richtig. Auch das ist Teil des Weges.<\/p>\n<\/div><\/div>\n","protected":false},"excerpt":{"rendered":"<p>Ein neurologisches Schicksal hinterl\u00e4sst nicht nur k\u00f6rperliche Spuren, sondern auch ein inneres Echo, das lange nachhallt. Vieles bleibt unausgesprochen, manches schwer einzuordnen. Tagebuchschreiben kann hier zu einem stillen Ort werden, an dem Gedanken langsamer werden und Gef\u00fchle Raum bekommen, ohne bewertet zu werden. Es ist kein gro\u00dfes Projekt, sondern ein leiser Weg, Ordnung in das &#8230; <a title=\"In meinen Worten wird die Hirnerkrankung leichter\" class=\"read-more\" href=\"http:\/\/www.vitalibera.org\/community\/2026\/04\/27\/in-meinen-worten-wird-die-hirnerkrankung-leichter\/\" aria-label=\"Mehr Informationen \u00fcber In meinen Worten wird die Hirnerkrankung leichter\">Weiterlesen<\/a><\/p>\n","protected":false},"author":2,"featured_media":6995,"comment_status":"open","ping_status":"open","sticky":false,"template":"","format":"standard","meta":{"cybocfi_hide_featured_image":"yes","_jetpack_newsletter_access":"","_jetpack_dont_email_post_to_subs":false,"_jetpack_newsletter_tier_id":0,"_jetpack_memberships_contains_paywalled_content":false,"_jetpack_feature_clip_id":0,"_jetpack_memberships_contains_paid_content":false,"footnotes":"","jetpack_publicize_message":"","jetpack_publicize_feature_enabled":true,"jetpack_social_post_already_shared":false,"jetpack_social_options":{"image_generator_settings":{"template":"highway","default_image_id":0,"font":"","enabled":false},"version":2},"jetpack_post_was_ever_published":false},"categories":[492,225],"tags":[],"class_list":["post-6994","post","type-post","status-publish","format-standard","has-post-thumbnail","hentry","category-alltagsnavigation","category-hilfe-fuer-angehoerige"],"yoast_head":"<!-- This site is optimized with the Yoast SEO plugin v28.2 - https:\/\/yoast.com\/product\/yoast-seo-wordpress\/ -->\r\n<title>In meinen Worten wird die Hirnerkrankung leichter - vitalibera.org<\/title>\r\n<meta name=\"robots\" content=\"index, follow, max-snippet:-1, max-image-preview:large, max-video-preview:-1\" \/>\r\n<link rel=\"canonical\" href=\"https:\/\/www.vitalibera.org\/community\/2026\/04\/27\/in-meinen-worten-wird-die-hirnerkrankung-leichter\/\" \/>\r\n<meta property=\"og:locale\" content=\"de_DE\" \/>\r\n<meta property=\"og:type\" content=\"article\" \/>\r\n<meta property=\"og:title\" content=\"In meinen Worten wird die Hirnerkrankung leichter - vitalibera.org\" \/>\r\n<meta property=\"og:description\" content=\"Ein neurologisches Schicksal hinterl\u00e4sst nicht nur k\u00f6rperliche Spuren, sondern auch ein inneres Echo, das lange nachhallt. Vieles bleibt unausgesprochen, manches schwer einzuordnen. Tagebuchschreiben kann hier zu einem stillen Ort werden, an dem Gedanken langsamer werden und Gef\u00fchle Raum bekommen, ohne bewertet zu werden. Es ist kein gro\u00dfes Projekt, sondern ein leiser Weg, Ordnung in das ... Weiterlesen\" \/>\r\n<meta property=\"og:url\" content=\"https:\/\/www.vitalibera.org\/community\/2026\/04\/27\/in-meinen-worten-wird-die-hirnerkrankung-leichter\/\" \/>\r\n<meta property=\"og:site_name\" content=\"vitalibera.org\" \/>\r\n<meta property=\"article:publisher\" content=\"https:\/\/www.facebook.com\/groups\/2997085857140235\" \/>\r\n<meta property=\"article:published_time\" content=\"2026-04-27T18:27:41+00:00\" \/>\r\n<meta property=\"article:modified_time\" content=\"2026-04-27T18:32:48+00:00\" \/>\r\n<meta property=\"og:image\" content=\"https:\/\/www.vitalibera.org\/community\/wp-content\/uploads\/2026\/04\/d7e619eca5725003cf20bcc62d319eb0.jpg\" \/>\r\n\t<meta property=\"og:image:width\" content=\"736\" \/>\r\n\t<meta property=\"og:image:height\" content=\"736\" \/>\r\n\t<meta property=\"og:image:type\" content=\"image\/jpeg\" \/>\r\n<meta name=\"author\" content=\"Andreas Jecklin\" \/>\r\n<meta name=\"twitter:card\" content=\"summary_large_image\" \/>\r\n<meta name=\"twitter:label1\" content=\"Verfasst von\" \/>\n\t<meta name=\"twitter:data1\" content=\"Andreas Jecklin\" \/>\n\t<meta name=\"twitter:label2\" content=\"Gesch\u00e4tzte Lesezeit\" \/>\n\t<meta name=\"twitter:data2\" content=\"4\u00a0Minuten\" \/>\r\n<script type=\"application\/ld+json\" class=\"yoast-schema-graph\">{\"@context\":\"https:\\\/\\\/schema.org\",\"@graph\":[{\"@type\":\"Article\",\"@id\":\"https:\\\/\\\/www.vitalibera.org\\\/community\\\/2026\\\/04\\\/27\\\/in-meinen-worten-wird-die-hirnerkrankung-leichter\\\/#article\",\"isPartOf\":{\"@id\":\"https:\\\/\\\/www.vitalibera.org\\\/community\\\/2026\\\/04\\\/27\\\/in-meinen-worten-wird-die-hirnerkrankung-leichter\\\/\"},\"author\":{\"name\":\"Andreas Jecklin\",\"@id\":\"https:\\\/\\\/www.vitalibera.org\\\/community\\\/#\\\/schema\\\/person\\\/6712387298421f222ff6d0a2e22c1534\"},\"headline\":\"In meinen Worten wird die Hirnerkrankung leichter\",\"datePublished\":\"2026-04-27T18:27:41+00:00\",\"dateModified\":\"2026-04-27T18:32:48+00:00\",\"mainEntityOfPage\":{\"@id\":\"https:\\\/\\\/www.vitalibera.org\\\/community\\\/2026\\\/04\\\/27\\\/in-meinen-worten-wird-die-hirnerkrankung-leichter\\\/\"},\"wordCount\":507,\"commentCount\":0,\"publisher\":{\"@id\":\"https:\\\/\\\/www.vitalibera.org\\\/community\\\/#organization\"},\"image\":{\"@id\":\"https:\\\/\\\/www.vitalibera.org\\\/community\\\/2026\\\/04\\\/27\\\/in-meinen-worten-wird-die-hirnerkrankung-leichter\\\/#primaryimage\"},\"thumbnailUrl\":\"http:\\\/\\\/www.vitalibera.org\\\/community\\\/wp-content\\\/uploads\\\/2026\\\/04\\\/d7e619eca5725003cf20bcc62d319eb0.jpg\",\"articleSection\":[\"Alltagsnavigation\",\"Hilfe f\u00fcr Angeh\u00f6rige\"],\"inLanguage\":\"de\",\"potentialAction\":[{\"@type\":\"CommentAction\",\"name\":\"Comment\",\"target\":[\"https:\\\/\\\/www.vitalibera.org\\\/community\\\/2026\\\/04\\\/27\\\/in-meinen-worten-wird-die-hirnerkrankung-leichter\\\/#respond\"]}]},{\"@type\":\"WebPage\",\"@id\":\"https:\\\/\\\/www.vitalibera.org\\\/community\\\/2026\\\/04\\\/27\\\/in-meinen-worten-wird-die-hirnerkrankung-leichter\\\/\",\"url\":\"https:\\\/\\\/www.vitalibera.org\\\/community\\\/2026\\\/04\\\/27\\\/in-meinen-worten-wird-die-hirnerkrankung-leichter\\\/\",\"name\":\"In meinen Worten wird die Hirnerkrankung leichter - vitalibera.org\",\"isPartOf\":{\"@id\":\"https:\\\/\\\/www.vitalibera.org\\\/community\\\/#website\"},\"primaryImageOfPage\":{\"@id\":\"https:\\\/\\\/www.vitalibera.org\\\/community\\\/2026\\\/04\\\/27\\\/in-meinen-worten-wird-die-hirnerkrankung-leichter\\\/#primaryimage\"},\"image\":{\"@id\":\"https:\\\/\\\/www.vitalibera.org\\\/community\\\/2026\\\/04\\\/27\\\/in-meinen-worten-wird-die-hirnerkrankung-leichter\\\/#primaryimage\"},\"thumbnailUrl\":\"http:\\\/\\\/www.vitalibera.org\\\/community\\\/wp-content\\\/uploads\\\/2026\\\/04\\\/d7e619eca5725003cf20bcc62d319eb0.jpg\",\"datePublished\":\"2026-04-27T18:27:41+00:00\",\"dateModified\":\"2026-04-27T18:32:48+00:00\",\"breadcrumb\":{\"@id\":\"https:\\\/\\\/www.vitalibera.org\\\/community\\\/2026\\\/04\\\/27\\\/in-meinen-worten-wird-die-hirnerkrankung-leichter\\\/#breadcrumb\"},\"inLanguage\":\"de\",\"potentialAction\":[{\"@type\":\"ReadAction\",\"target\":[\"https:\\\/\\\/www.vitalibera.org\\\/community\\\/2026\\\/04\\\/27\\\/in-meinen-worten-wird-die-hirnerkrankung-leichter\\\/\"]}]},{\"@type\":\"BreadcrumbList\",\"@id\":\"https:\\\/\\\/www.vitalibera.org\\\/community\\\/2026\\\/04\\\/27\\\/in-meinen-worten-wird-die-hirnerkrankung-leichter\\\/#breadcrumb\",\"itemListElement\":[{\"@type\":\"ListItem\",\"position\":1,\"name\":\"Startseite\",\"item\":\"https:\\\/\\\/www.vitalibera.org\\\/community\\\/\"},{\"@type\":\"ListItem\",\"position\":2,\"name\":\"In meinen Worten wird die Hirnerkrankung leichter\"}]},{\"@type\":\"WebSite\",\"@id\":\"https:\\\/\\\/www.vitalibera.org\\\/community\\\/#website\",\"url\":\"https:\\\/\\\/www.vitalibera.org\\\/community\\\/\",\"name\":\"vitalibera.org\",\"description\":\"Mit einer Einschr&auml;nkung gestaltet sich das Leben im Alltag oft schwieriger - hier berichten wir &uuml;ber unsere Erfahrungen und Hilfsmittel um den Alltag so unbeschwert und unkompliziert wie nur m&ouml;glich geniessen zu k&ouml;nnen. Dabei richten wir unseren Fokus gezielt auf Selbst&auml;ndigkeit, Eigenst&auml;ndigkeit und Selbstbestimmung.\",\"publisher\":{\"@id\":\"https:\\\/\\\/www.vitalibera.org\\\/community\\\/#organization\"},\"potentialAction\":[{\"@type\":\"SearchAction\",\"target\":{\"@type\":\"EntryPoint\",\"urlTemplate\":\"https:\\\/\\\/www.vitalibera.org\\\/community\\\/?s={search_term_string}\"},\"query-input\":{\"@type\":\"PropertyValueSpecification\",\"valueRequired\":true,\"valueName\":\"search_term_string\"}}],\"inLanguage\":\"de\"},{\"@type\":\"Organization\",\"@id\":\"https:\\\/\\\/www.vitalibera.org\\\/community\\\/#organization\",\"name\":\"vitalibera.org\",\"url\":\"https:\\\/\\\/www.vitalibera.org\\\/community\\\/\",\"logo\":{\"@type\":\"ImageObject\",\"inLanguage\":\"de\",\"@id\":\"https:\\\/\\\/www.vitalibera.org\\\/community\\\/#\\\/schema\\\/logo\\\/image\\\/\",\"url\":\"http:\\\/\\\/www.vitalibera.org\\\/community\\\/wp-content\\\/uploads\\\/2025\\\/09\\\/cropped-banner.png\",\"contentUrl\":\"http:\\\/\\\/www.vitalibera.org\\\/community\\\/wp-content\\\/uploads\\\/2025\\\/09\\\/cropped-banner.png\",\"width\":991,\"height\":150,\"caption\":\"vitalibera.org\"},\"image\":{\"@id\":\"https:\\\/\\\/www.vitalibera.org\\\/community\\\/#\\\/schema\\\/logo\\\/image\\\/\"},\"sameAs\":[\"https:\\\/\\\/www.facebook.com\\\/groups\\\/2997085857140235\"]},{\"@type\":\"Person\",\"@id\":\"https:\\\/\\\/www.vitalibera.org\\\/community\\\/#\\\/schema\\\/person\\\/6712387298421f222ff6d0a2e22c1534\",\"name\":\"Andreas Jecklin\",\"image\":{\"@type\":\"ImageObject\",\"inLanguage\":\"de\",\"@id\":\"http:\\\/\\\/0.gravatar.com\\\/avatar\\\/ad516503a11cd5ca435acc9bb6523536?s=96\",\"url\":\"http:\\\/\\\/0.gravatar.com\\\/avatar\\\/ad516503a11cd5ca435acc9bb6523536?s=96\",\"contentUrl\":\"http:\\\/\\\/0.gravatar.com\\\/avatar\\\/ad516503a11cd5ca435acc9bb6523536?s=96\",\"caption\":\"Andreas Jecklin\"},\"description\":\"Manchen gab Gott die Kraft Dinge zu ver\u00e4ndern, mir gab er die Kraft zu ertragen was nicht mehr zu \u00e4ndern ist.\",\"url\":\"http:\\\/\\\/www.vitalibera.org\\\/community\\\/author\\\/andy77\\\/\"}]}<\/script>\r\n<!-- \/ Yoast SEO plugin. -->","yoast_head_json":{"title":"In meinen Worten wird die Hirnerkrankung leichter - vitalibera.org","robots":{"index":"index","follow":"follow","max-snippet":"max-snippet:-1","max-image-preview":"max-image-preview:large","max-video-preview":"max-video-preview:-1"},"canonical":"https:\/\/www.vitalibera.org\/community\/2026\/04\/27\/in-meinen-worten-wird-die-hirnerkrankung-leichter\/","og_locale":"de_DE","og_type":"article","og_title":"In meinen Worten wird die Hirnerkrankung leichter - vitalibera.org","og_description":"Ein neurologisches Schicksal hinterl\u00e4sst nicht nur k\u00f6rperliche Spuren, sondern auch ein inneres Echo, das lange nachhallt. Vieles bleibt unausgesprochen, manches schwer einzuordnen. Tagebuchschreiben kann hier zu einem stillen Ort werden, an dem Gedanken langsamer werden und Gef\u00fchle Raum bekommen, ohne bewertet zu werden. Es ist kein gro\u00dfes Projekt, sondern ein leiser Weg, Ordnung in das ... Weiterlesen","og_url":"https:\/\/www.vitalibera.org\/community\/2026\/04\/27\/in-meinen-worten-wird-die-hirnerkrankung-leichter\/","og_site_name":"vitalibera.org","article_publisher":"https:\/\/www.facebook.com\/groups\/2997085857140235","article_published_time":"2026-04-27T18:27:41+00:00","article_modified_time":"2026-04-27T18:32:48+00:00","og_image":[{"width":736,"height":736,"url":"https:\/\/www.vitalibera.org\/community\/wp-content\/uploads\/2026\/04\/d7e619eca5725003cf20bcc62d319eb0.jpg","type":"image\/jpeg"}],"author":"Andreas Jecklin","twitter_card":"summary_large_image","twitter_misc":{"Verfasst von":"Andreas Jecklin","Gesch\u00e4tzte Lesezeit":"4\u00a0Minuten"},"schema":{"@context":"https:\/\/schema.org","@graph":[{"@type":"Article","@id":"https:\/\/www.vitalibera.org\/community\/2026\/04\/27\/in-meinen-worten-wird-die-hirnerkrankung-leichter\/#article","isPartOf":{"@id":"https:\/\/www.vitalibera.org\/community\/2026\/04\/27\/in-meinen-worten-wird-die-hirnerkrankung-leichter\/"},"author":{"name":"Andreas Jecklin","@id":"https:\/\/www.vitalibera.org\/community\/#\/schema\/person\/6712387298421f222ff6d0a2e22c1534"},"headline":"In meinen Worten wird die Hirnerkrankung leichter","datePublished":"2026-04-27T18:27:41+00:00","dateModified":"2026-04-27T18:32:48+00:00","mainEntityOfPage":{"@id":"https:\/\/www.vitalibera.org\/community\/2026\/04\/27\/in-meinen-worten-wird-die-hirnerkrankung-leichter\/"},"wordCount":507,"commentCount":0,"publisher":{"@id":"https:\/\/www.vitalibera.org\/community\/#organization"},"image":{"@id":"https:\/\/www.vitalibera.org\/community\/2026\/04\/27\/in-meinen-worten-wird-die-hirnerkrankung-leichter\/#primaryimage"},"thumbnailUrl":"http:\/\/www.vitalibera.org\/community\/wp-content\/uploads\/2026\/04\/d7e619eca5725003cf20bcc62d319eb0.jpg","articleSection":["Alltagsnavigation","Hilfe f\u00fcr Angeh\u00f6rige"],"inLanguage":"de","potentialAction":[{"@type":"CommentAction","name":"Comment","target":["https:\/\/www.vitalibera.org\/community\/2026\/04\/27\/in-meinen-worten-wird-die-hirnerkrankung-leichter\/#respond"]}]},{"@type":"WebPage","@id":"https:\/\/www.vitalibera.org\/community\/2026\/04\/27\/in-meinen-worten-wird-die-hirnerkrankung-leichter\/","url":"https:\/\/www.vitalibera.org\/community\/2026\/04\/27\/in-meinen-worten-wird-die-hirnerkrankung-leichter\/","name":"In meinen Worten wird die Hirnerkrankung leichter - vitalibera.org","isPartOf":{"@id":"https:\/\/www.vitalibera.org\/community\/#website"},"primaryImageOfPage":{"@id":"https:\/\/www.vitalibera.org\/community\/2026\/04\/27\/in-meinen-worten-wird-die-hirnerkrankung-leichter\/#primaryimage"},"image":{"@id":"https:\/\/www.vitalibera.org\/community\/2026\/04\/27\/in-meinen-worten-wird-die-hirnerkrankung-leichter\/#primaryimage"},"thumbnailUrl":"http:\/\/www.vitalibera.org\/community\/wp-content\/uploads\/2026\/04\/d7e619eca5725003cf20bcc62d319eb0.jpg","datePublished":"2026-04-27T18:27:41+00:00","dateModified":"2026-04-27T18:32:48+00:00","breadcrumb":{"@id":"https:\/\/www.vitalibera.org\/community\/2026\/04\/27\/in-meinen-worten-wird-die-hirnerkrankung-leichter\/#breadcrumb"},"inLanguage":"de","potentialAction":[{"@type":"ReadAction","target":["https:\/\/www.vitalibera.org\/community\/2026\/04\/27\/in-meinen-worten-wird-die-hirnerkrankung-leichter\/"]}]},{"@type":"BreadcrumbList","@id":"https:\/\/www.vitalibera.org\/community\/2026\/04\/27\/in-meinen-worten-wird-die-hirnerkrankung-leichter\/#breadcrumb","itemListElement":[{"@type":"ListItem","position":1,"name":"Startseite","item":"https:\/\/www.vitalibera.org\/community\/"},{"@type":"ListItem","position":2,"name":"In meinen Worten wird die Hirnerkrankung leichter"}]},{"@type":"WebSite","@id":"https:\/\/www.vitalibera.org\/community\/#website","url":"https:\/\/www.vitalibera.org\/community\/","name":"vitalibera.org","description":"Mit einer Einschr&auml;nkung gestaltet sich das Leben im Alltag oft schwieriger - hier berichten wir &uuml;ber unsere Erfahrungen und Hilfsmittel um den Alltag so unbeschwert und unkompliziert wie nur m&ouml;glich geniessen zu k&ouml;nnen. Dabei richten wir unseren Fokus gezielt auf Selbst&auml;ndigkeit, Eigenst&auml;ndigkeit und Selbstbestimmung.","publisher":{"@id":"https:\/\/www.vitalibera.org\/community\/#organization"},"potentialAction":[{"@type":"SearchAction","target":{"@type":"EntryPoint","urlTemplate":"https:\/\/www.vitalibera.org\/community\/?s={search_term_string}"},"query-input":{"@type":"PropertyValueSpecification","valueRequired":true,"valueName":"search_term_string"}}],"inLanguage":"de"},{"@type":"Organization","@id":"https:\/\/www.vitalibera.org\/community\/#organization","name":"vitalibera.org","url":"https:\/\/www.vitalibera.org\/community\/","logo":{"@type":"ImageObject","inLanguage":"de","@id":"https:\/\/www.vitalibera.org\/community\/#\/schema\/logo\/image\/","url":"http:\/\/www.vitalibera.org\/community\/wp-content\/uploads\/2025\/09\/cropped-banner.png","contentUrl":"http:\/\/www.vitalibera.org\/community\/wp-content\/uploads\/2025\/09\/cropped-banner.png","width":991,"height":150,"caption":"vitalibera.org"},"image":{"@id":"https:\/\/www.vitalibera.org\/community\/#\/schema\/logo\/image\/"},"sameAs":["https:\/\/www.facebook.com\/groups\/2997085857140235"]},{"@type":"Person","@id":"https:\/\/www.vitalibera.org\/community\/#\/schema\/person\/6712387298421f222ff6d0a2e22c1534","name":"Andreas Jecklin","image":{"@type":"ImageObject","inLanguage":"de","@id":"http:\/\/0.gravatar.com\/avatar\/ad516503a11cd5ca435acc9bb6523536?s=96","url":"http:\/\/0.gravatar.com\/avatar\/ad516503a11cd5ca435acc9bb6523536?s=96","contentUrl":"http:\/\/0.gravatar.com\/avatar\/ad516503a11cd5ca435acc9bb6523536?s=96","caption":"Andreas Jecklin"},"description":"Manchen gab Gott die Kraft Dinge zu ver\u00e4ndern, mir gab er die Kraft zu ertragen was nicht mehr zu \u00e4ndern ist.","url":"http:\/\/www.vitalibera.org\/community\/author\/andy77\/"}]}},"jetpack_publicize_connections":[],"jetpack_sharing_enabled":true,"jetpack-related-posts":[{"id":7471,"url":"http:\/\/www.vitalibera.org\/community\/2026\/05\/22\/ich-lasse-mich-nicht-von-heimen-manipulieren\/","url_meta":{"origin":6994,"position":0},"title":"Ich lasse mich nicht von Heimen manipulieren","author":"Andreas Jecklin","date":"22 Mai, 2026","format":false,"excerpt":"Viele Menschen werden nicht durch ihre Einschr\u00e4nkung behindert, sondern durch Systeme, die sie in Abl\u00e4ufe pressen.In Heimen zeigt sich das besonders deutlich: starre Routinen, \u201eTagesstrukturen\u201c, Besch\u00e4ftigung, die als F\u00f6rderung verkauft wird, und Erwartungen, die mehr \u00fcber das System aussagen als \u00fcber den Menschen. Wer hier lebt, soll funktionieren, sich anpassen,\u2026","rel":"","context":"In &quot;Alltagsnavigation&quot;","block_context":{"text":"Alltagsnavigation","link":"http:\/\/www.vitalibera.org\/community\/category\/beitraege\/eingeschraenkt-im-alltag\/alltagsnavigation\/"},"img":{"alt_text":"","src":"https:\/\/i0.wp.com\/www.vitalibera.org\/community\/wp-content\/uploads\/2026\/05\/b53ffdc3cd3eab5e35bd3efeea866601-2.jpg?resize=350%2C200","width":350,"height":200},"classes":[]},{"id":8485,"url":"http:\/\/www.vitalibera.org\/community\/2026\/07\/05\/fortschritt-in-der-rehabilitation-ist-nicht-immer-sofort-sichtbar-aber-er-ist-moeglich\/","url_meta":{"origin":6994,"position":1},"title":"Fortschritt in der Rehabilitation ist nicht immer sofort sichtbar \u2013 aber er ist m\u00f6glich!","author":"Andreas Jecklin","date":"5 Juli, 2026","format":false,"excerpt":"Die neurologische Rehabilitation nach einer Hirnverletzung ist oft ein langer Weg, der Geduld, Mut und Ausdauer erfordert. Manchmal bleiben sichtbare Fortschritte aus oder sind so klein, dass sie kaum wahrgenommen werden. Das kann entmutigend sein und Zweifel wecken. Doch Heilung verl\u00e4uft selten geradlinig: Es gibt Phasen des Stillstands, kleine R\u00fcckschl\u00e4ge\u2026","rel":"","context":"In &quot;Alltagsnavigation&quot;","block_context":{"text":"Alltagsnavigation","link":"http:\/\/www.vitalibera.org\/community\/category\/beitraege\/eingeschraenkt-im-alltag\/alltagsnavigation\/"},"img":{"alt_text":"","src":"https:\/\/i0.wp.com\/www.vitalibera.org\/community\/wp-content\/uploads\/2026\/07\/motivrueck18.png?resize=350%2C200","width":350,"height":200},"classes":[]},{"id":8990,"url":"http:\/\/www.vitalibera.org\/community\/2026\/08\/07\/leben-ohne-das-damoklesschwert-vertrauen-in-den-alltag-nach-einer-hirnverletzung\/","url_meta":{"origin":6994,"position":2},"title":"Leben ohne das Damoklesschwert \u2013 Vertrauen in den Alltag nach einer Hirnverletzung","author":"Andreas Jecklin","date":"7 August, 2026","format":false,"excerpt":"Nach einer Hirnverletzung f\u00fchlt sich der Alltag oft an, als hinge ein unsichtbares Damoklesschwert \u00fcber einem \u2013 die Angst vor R\u00fcckschl\u00e4gen, \u00dcberforderung oder erneutem Kontrollverlust. Dieses Gef\u00fchl ist verst\u00e4ndlich, aber es darf nicht zum st\u00e4ndigen Begleiter werden. Heilung bedeutet auch, dem K\u00f6rper und dem Leben wieder zu vertrauen. Das Gehirn\u2026","rel":"","context":"In &quot;Fachwissen&quot;","block_context":{"text":"Fachwissen","link":"http:\/\/www.vitalibera.org\/community\/category\/beitraege\/fachwissen\/"},"img":{"alt_text":"","src":"https:\/\/i0.wp.com\/www.vitalibera.org\/community\/wp-content\/uploads\/2026\/08\/damokles153352.png?resize=350%2C200","width":350,"height":200},"classes":[]},{"id":6783,"url":"http:\/\/www.vitalibera.org\/community\/2026\/04\/16\/neurohelden-unsichtbar-stark\/","url_meta":{"origin":6994,"position":3},"title":"Neurohelden &#8211; Unsichtbar stark!","author":"admin","date":"16 April, 2026","format":false,"excerpt":"Neurologische Schicksale geh\u00f6ren ins Licht \u2013 nicht in die Schublade Neurohelden sind Menschen, deren Leben durch ein neurologisches Ereignis ersch\u00fcttert wurde \u2013 und die trotzdem weitermachen. Nicht, weil sie \u201estark\u201c sein wollen, sondern weil ihr Nervensystem jeden Tag neu verhandelt, was m\u00f6glich ist. l Ein neurologisches Schicksal \u2013 Schlaganfall, Hirnblutung,\u2026","rel":"","context":"In &quot;Alltagsnavigation&quot;","block_context":{"text":"Alltagsnavigation","link":"http:\/\/www.vitalibera.org\/community\/category\/beitraege\/eingeschraenkt-im-alltag\/alltagsnavigation\/"},"img":{"alt_text":"","src":"https:\/\/i0.wp.com\/www.vitalibera.org\/community\/wp-content\/uploads\/2026\/04\/neurohelden.png?resize=350%2C200&ssl=1","width":350,"height":200},"classes":[]},{"id":8609,"url":"http:\/\/www.vitalibera.org\/community\/2026\/07\/16\/trotz-hirnverletzung-nach-vorne-schauen\/","url_meta":{"origin":6994,"position":4},"title":"Trotz Hirnverletzung nach vorne schauen","author":"Andreas Jecklin","date":"16 Juli, 2026","format":false,"excerpt":"Trauer, Frust und schwierige Tage geh\u00f6ren dazu. Dennoch ist es wichtig, nicht in Selbstmitleid zu verharren oder den Kopf in den Sand zu stecken. Die Energie, die in Resignation flie\u00dft, fehlt f\u00fcr Fortschritte, neue Erfahrungen und die Dinge, die weiterhin m\u00f6glich sind","rel":"","context":"In &quot;Eingeschr\u00e4nkt im Alltag&quot;","block_context":{"text":"Eingeschr\u00e4nkt im Alltag","link":"http:\/\/www.vitalibera.org\/community\/category\/beitraege\/eingeschraenkt-im-alltag\/"},"img":{"alt_text":"","src":"https:\/\/i0.wp.com\/www.vitalibera.org\/community\/wp-content\/uploads\/2026\/07\/fightthepower.png?resize=350%2C200","width":350,"height":200},"classes":[]},{"id":8624,"url":"http:\/\/www.vitalibera.org\/community\/2026\/07\/17\/als-angehoeriger-selbstvertrauen-und-wille-des-betroffenen-nach-hirnverletzung-aktiv-foerdern\/","url_meta":{"origin":6994,"position":5},"title":"Als Angeh\u00f6riger Selbstvertrauen und Wille des Betroffenen nach Hirnverletzung aktiv f\u00f6rdern","author":"Andreas Jecklin","date":"17 Juli, 2026","format":false,"excerpt":"Nach einer Hirnverletzung, einem Schlaganfall, einer Hirnblutung oder einem Sch\u00e4del-Hirn-Trauma stehen Betroffene oft vor gro\u00dfen Herausforderungen. Neben k\u00f6rperlichen Einschr\u00e4nkungen wie Hemiparese, Gangunsicherheit oder Fatigue verlieren viele Menschen auch das Vertrauen in den eigenen K\u00f6rper und ihre F\u00e4higkeiten. Aufgaben, die fr\u00fcher selbstverst\u00e4ndlich waren, erfordern pl\u00f6tzlich Mut, Geduld und gro\u00dfe Anstrengung. Als\u2026","rel":"","context":"In &quot;Hilfe f\u00fcr Angeh\u00f6rige&quot;","block_context":{"text":"Hilfe f\u00fcr Angeh\u00f6rige","link":"http:\/\/www.vitalibera.org\/community\/category\/hilfe-fuer-angehoerige\/"},"img":{"alt_text":"","src":"https:\/\/i0.wp.com\/www.vitalibera.org\/community\/wp-content\/uploads\/2026\/07\/selbstvertrauen60808.png?resize=350%2C200","width":350,"height":200},"classes":[]}],"jetpack_featured_media_url":"http:\/\/www.vitalibera.org\/community\/wp-content\/uploads\/2026\/04\/d7e619eca5725003cf20bcc62d319eb0.jpg","_links":{"self":[{"href":"http:\/\/www.vitalibera.org\/community\/wp-json\/wp\/v2\/posts\/6994","targetHints":{"allow":["GET"]}}],"collection":[{"href":"http:\/\/www.vitalibera.org\/community\/wp-json\/wp\/v2\/posts"}],"about":[{"href":"http:\/\/www.vitalibera.org\/community\/wp-json\/wp\/v2\/types\/post"}],"author":[{"embeddable":true,"href":"http:\/\/www.vitalibera.org\/community\/wp-json\/wp\/v2\/users\/2"}],"replies":[{"embeddable":true,"href":"http:\/\/www.vitalibera.org\/community\/wp-json\/wp\/v2\/comments?post=6994"}],"version-history":[{"count":0,"href":"http:\/\/www.vitalibera.org\/community\/wp-json\/wp\/v2\/posts\/6994\/revisions"}],"wp:featuredmedia":[{"embeddable":true,"href":"http:\/\/www.vitalibera.org\/community\/wp-json\/wp\/v2\/media\/6995"}],"wp:attachment":[{"href":"http:\/\/www.vitalibera.org\/community\/wp-json\/wp\/v2\/media?parent=6994"}],"wp:term":[{"taxonomy":"category","embeddable":true,"href":"http:\/\/www.vitalibera.org\/community\/wp-json\/wp\/v2\/categories?post=6994"},{"taxonomy":"post_tag","embeddable":true,"href":"http:\/\/www.vitalibera.org\/community\/wp-json\/wp\/v2\/tags?post=6994"}],"curies":[{"name":"wp","href":"https:\/\/api.w.org\/{rel}","templated":true}]}}