{"id":7128,"date":"2026-05-06T12:09:45","date_gmt":"2026-05-06T10:09:45","guid":{"rendered":"https:\/\/www.vitalibera.org\/community\/?p=7128"},"modified":"2026-05-06T12:11:26","modified_gmt":"2026-05-06T10:11:26","slug":"das-stille-nachbeben-im-kopf-oder-das-gruebeln-danach","status":"publish","type":"post","link":"http:\/\/www.vitalibera.org\/community\/2026\/05\/06\/das-stille-nachbeben-im-kopf-oder-das-gruebeln-danach\/","title":{"rendered":"Das Gr\u00fcbeln danach &#8211; Das stille Nachbeben im Kopf"},"content":{"rendered":"\n<div class=\"wp-block-media-text is-stacked-on-mobile\"><figure class=\"wp-block-media-text__media\"><img fetchpriority=\"high\" decoding=\"async\" width=\"360\" height=\"466\" src=\"https:\/\/www.vitalibera.org\/community\/wp-content\/uploads\/2026\/05\/6c3eedc92cc65c44bd4ff40f8a126b3a.jpg\" alt=\"\" class=\"wp-image-7129 size-full\" srcset=\"http:\/\/www.vitalibera.org\/community\/wp-content\/uploads\/2026\/05\/6c3eedc92cc65c44bd4ff40f8a126b3a.jpg 360w, http:\/\/www.vitalibera.org\/community\/wp-content\/uploads\/2026\/05\/6c3eedc92cc65c44bd4ff40f8a126b3a-232x300.jpg 232w\" sizes=\"(max-width: 360px) 100vw, 360px\" \/><\/figure><div class=\"wp-block-media-text__content\">\n<p>Nach einer neurologischen Hirnerkrankung kommt vieles ins Rutschen &ndash; auch das Denken. Viele Menschen erleben, dass <a href=\"http:\/\/www.vitalibera.org\/community\/2026\/08\/26\/kognitives-selbsttraining-im-alltag-nach-einer-hirnverletzung-spielerisch-zurueck-zur-denkfaehigkeit\/\"><font color=\"blue\"><img src=\"https:\/\/www.vitalibera.org\/community\/wp-content\/images\/link.png\" width=\"20\" height=\"20\"><u>Gedanken<\/u><\/font><\/a> nicht mehr zur Ruhe kommen. Sie kr<a href=\"http:\/\/www.vitalibera.org\/community\/enzyklopaedie\/eisen\/\" target=\"_self\" title=\"Eisen&nbsp;ist das im K&ouml;rper am meisten vorkommende Spurenelement. Es ist ein wesentlicher Bestandteil des roten Blutfarbstoffs (H&auml;moglobin) und f&uuml;r den Sauerstofftransport wichtig. Weitere Aufgaben erf&uuml;llt Eisen in der Muskulatur, wo es in Form des Eiwei&szlig;stoffes Myoglobin der Sauerstoffspeicherung dient. Dar&uuml;ber hinaus ist Eisen generell f&uuml;r alle rasch wachsenden Gewebe des K&ouml;rpers erforderlich. Im Labor ist&hellip;\" class=\"encyclopedia\">eisen<\/a>, wiederholen sich, suchen nach Antworten, die es so nicht gibt. <\/p>\n\n\n\n<p>Dieses Gr&uuml;beln ist kein Zeichen von Schw&auml;che. Es ist eine normale Reaktion eines Gehirns, das versucht, ein au&szlig;ergew&ouml;hnliches Ereignis zu verstehen und wieder Halt zu finden. Orientierung, Ruhe und klare Strukturen helfen, aus diesen Gedankenschleifen auszusteigen und Schritt f&uuml;r Schritt wieder Stabilit&auml;t zu gewinnen.<\/p>\n<\/div><\/div>\n\n\n\n<h5 class=\"wp-block-heading\"><strong>Warum Gr&uuml;beln nach einer Hirnerkrankung so h&auml;ufig ist<\/strong><\/h5>\n\n\n\n<p>Nach einem neurologischen Ereignis versucht das Gehirn, <strong>Ordnung in etwas einzuordnen, das nicht einordenbar wirkt<\/strong>. Gr&uuml;beln wird dann zu einem Versuch, Kontrolle zur&uuml;ckzugewinnen oder das Geschehene zu verstehen. Psychologische Quellen beschreiben Gr&uuml;beln als <em>wiederkehrendes, kr<a href=\"http:\/\/www.vitalibera.org\/community\/enzyklopaedie\/eisen\/\" target=\"_self\" title=\"Eisen&nbsp;ist das im K&ouml;rper am meisten vorkommende Spurenelement. Es ist ein wesentlicher Bestandteil des roten Blutfarbstoffs (H&auml;moglobin) und f&uuml;r den Sauerstofftransport wichtig. Weitere Aufgaben erf&uuml;llt Eisen in der Muskulatur, wo es in Form des Eiwei&szlig;stoffes Myoglobin der Sauerstoffspeicherung dient. Dar&uuml;ber hinaus ist Eisen generell f&uuml;r alle rasch wachsenden Gewebe des K&ouml;rpers erforderlich. Im Labor ist&hellip;\" class=\"encyclopedia\">eisen<\/a>des Nachdenken<\/em>, das nicht zu L&ouml;sungen f&uuml;hrt und oft mit Angst oder Depression verbunden ist.<\/p>\n\n\n\n<h6 class=\"wp-block-heading\"><strong>Typische Ausl&ouml;ser nach einem neurologischen Schicksal:<\/strong><\/h6>\n\n\n\n<ul class=\"wp-block-list\">\n<li>&Uuml;berforderung durch neue Einschr&auml;nkungen<\/li>\n\n\n\n<li>Angst vor der Zukunft<\/li>\n\n\n\n<li>Verlust des alten Selbstbildes<\/li>\n\n\n\n<li>Unsichtbare Symptome (<a href=\"http:\/\/www.vitalibera.org\/community\/enzyklopaedie\/fatigue\/\" target=\"_self\" title=\"Fatigue (anhaltende Ersch&ouml;pfung) ist ein tiefgreifender, k&ouml;rperlicher und geistiger Ersch&ouml;pfungszustand. Im Gegensatz zu normaler M&uuml;digkeit bessert er sich durch Schlaf oder Ruhepausen nicht. Sie tritt h&auml;ufig als Begleitsymptom bei chronischen Erkrankungen (z. B. Gehirnverletzungen, MS oder Long-Covid) auf. Hier finden Sie eine &Uuml;bersicht &uuml;ber den Zustand: Fatigue vs. normale M&uuml;digkeit Normale M&uuml;digkeit: Tritt nach Anstrengung&hellip;\" class=\"encyclopedia\">Fatigue<\/a>, Reiz&uuml;berflutung, Konzentrationsprobleme)<\/li>\n\n\n\n<li>Wunsch, &bdquo;alles richtig zu machen&ldquo;<\/li>\n\n\n\n<li>Druck, wieder zu funktionieren<\/li>\n<\/ul>\n\n\n\n<p>Gr&uuml;beln wirkt dabei wie ein innerer Kreisverkehr: <strong>viel <a href=\"http:\/\/www.vitalibera.org\/community\/2026\/08\/24\/alltagstraining-mit-arm-und-bein-hometrainer-nach-hirnverletzung\/\"><font color=\"blue\"><img src=\"https:\/\/www.vitalibera.org\/community\/wp-content\/images\/link.png\" width=\"20\" height=\"20\"><u>Bewegung<\/u><\/font><\/a>, kein Vorankommen<\/strong>.<\/p>\n\n\n\n<h6 class=\"wp-block-heading\"><strong>Was Gr&uuml;beln im Gehirn macht<\/strong><\/h6>\n\n\n\n<p>Laut psychologischen Modellen f&uuml;hrt Rumination zu:<\/p>\n\n\n\n<ul class=\"wp-block-list\">\n<li><strong>mehr Stress und Anspannung<\/strong><\/li>\n\n\n\n<li><strong>weniger Probleml&ouml;sef&auml;higkeit<\/strong><\/li>\n\n\n\n<li><strong>schlechterer Konzentration<\/strong><\/li>\n\n\n\n<li><strong>emotionaler Ersch&ouml;pfung<\/strong> &Uuml;berm&auml;&szlig;iges Gr&uuml;beln kann das Wohlbefinden deutlich beeintr&auml;chtigen und ist oft mit depressiven oder &auml;ngstlichen Symptomen verbunden.<\/li>\n<\/ul>\n\n\n\n<h5 class=\"wp-block-heading\"><strong>Was wirklich hilft (wissenschaftlich gest&uuml;tzt)<\/strong><\/h5>\n\n\n\n<h6 class=\"wp-block-heading\"><strong>1) Gr&uuml;beln erkennen &ndash; nicht bek&auml;mpfen<\/strong><\/h6>\n\n\n\n<p>Der erste Schritt ist, die Schleife zu <a href=\"http:\/\/www.vitalibera.org\/community\/enzyklopaedie\/bem\/\" target=\"_self\" title=\"Das&nbsp;Betriebliche Eingliederungsmanagement&nbsp;(BEM) ist ein gesetzlich vorgeschriebenes Verfahren (&sect; 167 Abs. 2 SGB IX) in Deutschland. Es verpflichtet Arbeitgeber, Besch&auml;ftigten, die innerhalb eines Jahres l&auml;nger als sechs Wochen ununterbrochen oder wiederholt arbeitsunf&auml;hig sind, Ma&szlig;nahmen anzubieten, um Arbeitsunf&auml;higkeit zu &uuml;berwinden, erneuter vorzubeugen und den Arbeitsplatz zu erhalten.\" class=\"encyclopedia\">bem<\/a>erken. Psychologische Fachstellen betonen, dass Gr&uuml;beln oft unbewusst beginnt und erst durch Bewusstmachen unterbrochen werden kann.<\/p>\n\n\n\n<h6 class=\"wp-block-heading\"><strong>2) Vom &bdquo;Warum?&ldquo; zum &bdquo;Wie?&ldquo; wechseln<\/strong><\/h6>\n\n\n\n<p>Gr&uuml;beln fragt: <em>Warum ist das passiert?<\/em> Hilfreiches Denken fragt: <em>Wie gehe ich jetzt damit um?<\/em> Dieser Perspektivwechsel ist ein zentraler Ausstieg aus der Gr&uuml;belfalle.<\/p>\n\n\n\n<h6 class=\"wp-block-heading\"><strong>3) Reizreduktion &amp; klare Struktur<\/strong><\/h6>\n\n\n\n<p>Nach Hirnerkrankungen ist das Gehirn schneller &uuml;berlastet. Ruhige Umgebungen und feste Tagesrhythmen reduzieren Gr&uuml;belanf&auml;lle deutlich.<\/p>\n\n\n\n<h6 class=\"wp-block-heading\"><strong>4) Gef&uuml;hle statt Gedanken bearbeiten<\/strong><\/h6>\n\n\n\n<p>Viele Menschen gr&uuml;beln, um unangenehme Gef&uuml;hle nicht f&uuml;hlen zu m&uuml;ssen. Therapeutische Modelle zeigen: <strong>Gef&uuml;hle zulassen &rarr; Gr&uuml;beln nimmt ab<\/strong>.<\/p>\n\n\n\n<h6 class=\"wp-block-heading\"><strong>5) Professionelle Unterst&uuml;tzung<\/strong><\/h6>\n\n\n\n<p>Wenn Gr&uuml;beln dauerhaft ist oder Schlaf, <a href=\"http:\/\/www.vitalibera.org\/community\/2026\/04\/30\/lapstacker-transport-gurtsystem-fuer-rollstuehle\/\"><font color=\"blue\"><img src=\"https:\/\/www.vitalibera.org\/community\/wp-content\/images\/link.png\" width=\"20\" height=\"20\"><u>Alltag<\/u><\/font><\/a> oder Stimmung beeintr&auml;chtigt, empfehlen Fachquellen psychotherapeutische Begleitung, besonders <a href=\"http:\/\/www.vitalibera.org\/community\/enzyklopaedie\/kognitive-verhaltenstherapie\/\" target=\"_self\" title=\"Die Kognitive Verhaltenstherapie (KVT) ist eine&nbsp;strukturierte, zielgerichtete Psychotherapie, die dysfunktionale Denk- und Verhaltensmuster identifiziert und ver&auml;ndert. Sie verbindet kognitive Techniken zur &Uuml;berpr&uuml;fung von Einstellungen mit verhaltensorientierten Methoden. KVT ist besonders wirksam bei Depressionen, Angst- und Zwangsst&ouml;rungen, wobei Patienten aktiv an der Bew&auml;ltigung arbeiten, oft durch Hausaufgaben. Grundprinzipien und Merkmale Grundannahme:&nbsp;Psychische Probleme entstehen oft durch erlernte,&hellip;\" class=\"encyclopedia\">kognitive Verhaltenstherapie<\/a>.<\/p>\n\n\n\n<h6 class=\"wp-block-heading\"><strong>Der entlastende Kern<\/strong><\/h6>\n\n\n\n<p><strong>Gr&uuml;beln ist kein pers&ouml;nliches Versagen.<\/strong> <strong>Es ist eine normale Reaktion eines &uuml;berlasteten Gehirns nach einem au&szlig;ergew&ouml;hnlichen Ereignis.<\/strong><\/p>\n\n\n\n<div class=\"wp-block-media-text is-stacked-on-mobile\" style=\"grid-template-columns:36% auto\"><figure class=\"wp-block-media-text__media\"><img decoding=\"async\" width=\"302\" height=\"277\" src=\"http:\/\/www.vitalibera.org\/community\/wp-content\/uploads\/2026\/03\/tip3.png\" alt=\"\" class=\"wp-image-6087 size-full\" srcset=\"http:\/\/www.vitalibera.org\/community\/wp-content\/uploads\/2026\/03\/tip3.png 302w, http:\/\/www.vitalibera.org\/community\/wp-content\/uploads\/2026\/03\/tip3-300x275.png 300w\" sizes=\"(max-width: 302px) 100vw, 302px\" \/><\/figure><div class=\"wp-block-media-text__content\">\n<p><strong>Stopp. Atme. Benenne einen einzigen n&auml;chsten Schritt.<\/strong> Gr&uuml;beln verliert Kraft, sobald du wieder im Jetzt ankommst.<\/p>\n\n\n\n<p><strong>Warum der funktioniert<\/strong>: Gr&uuml;beln h&auml;ngt in der Vergangenheit oder Zukunft. Ein <em>konkreter n&auml;chster Schritt<\/em> holt das Gehirn zur&uuml;ck in Orientierung und reduziert die innere Schleife.<\/p>\n<\/div><\/div>\n\n\n\n<p><\/p>\n","protected":false},"excerpt":{"rendered":"<p>Nach einer neurologischen Hirnerkrankung kommt vieles ins Rutschen \u2013 auch das Denken. Viele Menschen erleben, dass Gedanken nicht mehr zur Ruhe kommen. Sie kreisen, wiederholen sich, suchen nach Antworten, die es so nicht gibt. Dieses Gr\u00fcbeln ist kein Zeichen von Schw\u00e4che. Es ist eine normale Reaktion eines Gehirns, das versucht, ein au\u00dfergew\u00f6hnliches Ereignis zu verstehen &#8230; <a title=\"Das Gr\u00fcbeln danach &#8211; Das stille Nachbeben im Kopf\" class=\"read-more\" href=\"http:\/\/www.vitalibera.org\/community\/2026\/05\/06\/das-stille-nachbeben-im-kopf-oder-das-gruebeln-danach\/\" aria-label=\"Mehr Informationen \u00fcber Das Gr\u00fcbeln danach &#8211; Das stille Nachbeben im Kopf\">Weiterlesen<\/a><\/p>\n","protected":false},"author":2,"featured_media":7129,"comment_status":"open","ping_status":"open","sticky":false,"template":"","format":"standard","meta":{"cybocfi_hide_featured_image":"yes","_jetpack_newsletter_access":"","_jetpack_dont_email_post_to_subs":false,"_jetpack_newsletter_tier_id":0,"_jetpack_memberships_contains_paywalled_content":false,"_jetpack_feature_clip_id":0,"_jetpack_memberships_contains_paid_content":false,"footnotes":"","jetpack_publicize_message":"","jetpack_publicize_feature_enabled":true,"jetpack_social_post_already_shared":false,"jetpack_social_options":{"image_generator_settings":{"template":"highway","default_image_id":0,"font":"","enabled":false},"version":2},"jetpack_post_was_ever_published":false},"categories":[492,225],"tags":[],"class_list":["post-7128","post","type-post","status-publish","format-standard","has-post-thumbnail","hentry","category-alltagsnavigation","category-hilfe-fuer-angehoerige"],"yoast_head":"<!-- This site is optimized with the Yoast SEO plugin v28.2 - https:\/\/yoast.com\/product\/yoast-seo-wordpress\/ -->\r\n<title>Das Gr\u00fcbeln danach - Das stille Nachbeben im Kopf - vitalibera.org<\/title>\r\n<meta name=\"robots\" content=\"index, follow, max-snippet:-1, max-image-preview:large, max-video-preview:-1\" \/>\r\n<link rel=\"canonical\" href=\"https:\/\/www.vitalibera.org\/community\/2026\/05\/06\/das-stille-nachbeben-im-kopf-oder-das-gruebeln-danach\/\" \/>\r\n<meta property=\"og:locale\" content=\"de_DE\" \/>\r\n<meta property=\"og:type\" content=\"article\" \/>\r\n<meta property=\"og:title\" content=\"Das Gr\u00fcbeln danach - Das stille Nachbeben im Kopf - vitalibera.org\" \/>\r\n<meta property=\"og:description\" content=\"Nach einer neurologischen Hirnerkrankung kommt vieles ins Rutschen \u2013 auch das Denken. Viele Menschen erleben, dass Gedanken nicht mehr zur Ruhe kommen. Sie kreisen, wiederholen sich, suchen nach Antworten, die es so nicht gibt. Dieses Gr\u00fcbeln ist kein Zeichen von Schw\u00e4che. Es ist eine normale Reaktion eines Gehirns, das versucht, ein au\u00dfergew\u00f6hnliches Ereignis zu verstehen ... Weiterlesen\" \/>\r\n<meta property=\"og:url\" content=\"https:\/\/www.vitalibera.org\/community\/2026\/05\/06\/das-stille-nachbeben-im-kopf-oder-das-gruebeln-danach\/\" \/>\r\n<meta property=\"og:site_name\" content=\"vitalibera.org\" \/>\r\n<meta property=\"article:publisher\" content=\"https:\/\/www.facebook.com\/groups\/2997085857140235\" \/>\r\n<meta property=\"article:published_time\" content=\"2026-05-06T10:09:45+00:00\" \/>\r\n<meta property=\"article:modified_time\" content=\"2026-05-06T10:11:26+00:00\" \/>\r\n<meta property=\"og:image\" content=\"https:\/\/www.vitalibera.org\/community\/wp-content\/uploads\/2026\/05\/6c3eedc92cc65c44bd4ff40f8a126b3a.jpg\" \/>\r\n\t<meta property=\"og:image:width\" content=\"360\" \/>\r\n\t<meta property=\"og:image:height\" content=\"466\" \/>\r\n\t<meta property=\"og:image:type\" content=\"image\/jpeg\" \/>\r\n<meta name=\"author\" content=\"Andreas Jecklin\" \/>\r\n<meta name=\"twitter:card\" content=\"summary_large_image\" \/>\r\n<meta name=\"twitter:label1\" content=\"Verfasst von\" \/>\n\t<meta name=\"twitter:data1\" content=\"Andreas Jecklin\" \/>\n\t<meta name=\"twitter:label2\" content=\"Gesch\u00e4tzte Lesezeit\" \/>\n\t<meta name=\"twitter:data2\" content=\"3\u00a0Minuten\" \/>\r\n<script type=\"application\/ld+json\" class=\"yoast-schema-graph\">{\"@context\":\"https:\\\/\\\/schema.org\",\"@graph\":[{\"@type\":\"Article\",\"@id\":\"https:\\\/\\\/www.vitalibera.org\\\/community\\\/2026\\\/05\\\/06\\\/das-stille-nachbeben-im-kopf-oder-das-gruebeln-danach\\\/#article\",\"isPartOf\":{\"@id\":\"https:\\\/\\\/www.vitalibera.org\\\/community\\\/2026\\\/05\\\/06\\\/das-stille-nachbeben-im-kopf-oder-das-gruebeln-danach\\\/\"},\"author\":{\"name\":\"Andreas Jecklin\",\"@id\":\"https:\\\/\\\/www.vitalibera.org\\\/community\\\/#\\\/schema\\\/person\\\/6712387298421f222ff6d0a2e22c1534\"},\"headline\":\"Das Gr\u00fcbeln danach &#8211; Das stille Nachbeben im Kopf\",\"datePublished\":\"2026-05-06T10:09:45+00:00\",\"dateModified\":\"2026-05-06T10:11:26+00:00\",\"mainEntityOfPage\":{\"@id\":\"https:\\\/\\\/www.vitalibera.org\\\/community\\\/2026\\\/05\\\/06\\\/das-stille-nachbeben-im-kopf-oder-das-gruebeln-danach\\\/\"},\"wordCount\":459,\"commentCount\":0,\"publisher\":{\"@id\":\"https:\\\/\\\/www.vitalibera.org\\\/community\\\/#organization\"},\"image\":{\"@id\":\"https:\\\/\\\/www.vitalibera.org\\\/community\\\/2026\\\/05\\\/06\\\/das-stille-nachbeben-im-kopf-oder-das-gruebeln-danach\\\/#primaryimage\"},\"thumbnailUrl\":\"http:\\\/\\\/www.vitalibera.org\\\/community\\\/wp-content\\\/uploads\\\/2026\\\/05\\\/6c3eedc92cc65c44bd4ff40f8a126b3a.jpg\",\"articleSection\":[\"Alltagsnavigation\",\"Hilfe f\u00fcr Angeh\u00f6rige\"],\"inLanguage\":\"de\",\"potentialAction\":[{\"@type\":\"CommentAction\",\"name\":\"Comment\",\"target\":[\"https:\\\/\\\/www.vitalibera.org\\\/community\\\/2026\\\/05\\\/06\\\/das-stille-nachbeben-im-kopf-oder-das-gruebeln-danach\\\/#respond\"]}]},{\"@type\":\"WebPage\",\"@id\":\"https:\\\/\\\/www.vitalibera.org\\\/community\\\/2026\\\/05\\\/06\\\/das-stille-nachbeben-im-kopf-oder-das-gruebeln-danach\\\/\",\"url\":\"https:\\\/\\\/www.vitalibera.org\\\/community\\\/2026\\\/05\\\/06\\\/das-stille-nachbeben-im-kopf-oder-das-gruebeln-danach\\\/\",\"name\":\"Das Gr\u00fcbeln danach - Das stille Nachbeben im Kopf - vitalibera.org\",\"isPartOf\":{\"@id\":\"https:\\\/\\\/www.vitalibera.org\\\/community\\\/#website\"},\"primaryImageOfPage\":{\"@id\":\"https:\\\/\\\/www.vitalibera.org\\\/community\\\/2026\\\/05\\\/06\\\/das-stille-nachbeben-im-kopf-oder-das-gruebeln-danach\\\/#primaryimage\"},\"image\":{\"@id\":\"https:\\\/\\\/www.vitalibera.org\\\/community\\\/2026\\\/05\\\/06\\\/das-stille-nachbeben-im-kopf-oder-das-gruebeln-danach\\\/#primaryimage\"},\"thumbnailUrl\":\"http:\\\/\\\/www.vitalibera.org\\\/community\\\/wp-content\\\/uploads\\\/2026\\\/05\\\/6c3eedc92cc65c44bd4ff40f8a126b3a.jpg\",\"datePublished\":\"2026-05-06T10:09:45+00:00\",\"dateModified\":\"2026-05-06T10:11:26+00:00\",\"breadcrumb\":{\"@id\":\"https:\\\/\\\/www.vitalibera.org\\\/community\\\/2026\\\/05\\\/06\\\/das-stille-nachbeben-im-kopf-oder-das-gruebeln-danach\\\/#breadcrumb\"},\"inLanguage\":\"de\",\"potentialAction\":[{\"@type\":\"ReadAction\",\"target\":[\"https:\\\/\\\/www.vitalibera.org\\\/community\\\/2026\\\/05\\\/06\\\/das-stille-nachbeben-im-kopf-oder-das-gruebeln-danach\\\/\"]}]},{\"@type\":\"BreadcrumbList\",\"@id\":\"https:\\\/\\\/www.vitalibera.org\\\/community\\\/2026\\\/05\\\/06\\\/das-stille-nachbeben-im-kopf-oder-das-gruebeln-danach\\\/#breadcrumb\",\"itemListElement\":[{\"@type\":\"ListItem\",\"position\":1,\"name\":\"Startseite\",\"item\":\"https:\\\/\\\/www.vitalibera.org\\\/community\\\/\"},{\"@type\":\"ListItem\",\"position\":2,\"name\":\"Das Gr\u00fcbeln danach &#8211; Das stille Nachbeben im Kopf\"}]},{\"@type\":\"WebSite\",\"@id\":\"https:\\\/\\\/www.vitalibera.org\\\/community\\\/#website\",\"url\":\"https:\\\/\\\/www.vitalibera.org\\\/community\\\/\",\"name\":\"vitalibera.org\",\"description\":\"Mit einer Einschr&auml;nkung gestaltet sich das Leben im Alltag oft schwieriger - hier berichten wir &uuml;ber unsere Erfahrungen und Hilfsmittel um den Alltag so unbeschwert und unkompliziert wie nur m&ouml;glich geniessen zu k&ouml;nnen. Dabei richten wir unseren Fokus gezielt auf Selbst&auml;ndigkeit, Eigenst&auml;ndigkeit und Selbstbestimmung.\",\"publisher\":{\"@id\":\"https:\\\/\\\/www.vitalibera.org\\\/community\\\/#organization\"},\"potentialAction\":[{\"@type\":\"SearchAction\",\"target\":{\"@type\":\"EntryPoint\",\"urlTemplate\":\"https:\\\/\\\/www.vitalibera.org\\\/community\\\/?s={search_term_string}\"},\"query-input\":{\"@type\":\"PropertyValueSpecification\",\"valueRequired\":true,\"valueName\":\"search_term_string\"}}],\"inLanguage\":\"de\"},{\"@type\":\"Organization\",\"@id\":\"https:\\\/\\\/www.vitalibera.org\\\/community\\\/#organization\",\"name\":\"vitalibera.org\",\"url\":\"https:\\\/\\\/www.vitalibera.org\\\/community\\\/\",\"logo\":{\"@type\":\"ImageObject\",\"inLanguage\":\"de\",\"@id\":\"https:\\\/\\\/www.vitalibera.org\\\/community\\\/#\\\/schema\\\/logo\\\/image\\\/\",\"url\":\"http:\\\/\\\/www.vitalibera.org\\\/community\\\/wp-content\\\/uploads\\\/2025\\\/09\\\/cropped-banner.png\",\"contentUrl\":\"http:\\\/\\\/www.vitalibera.org\\\/community\\\/wp-content\\\/uploads\\\/2025\\\/09\\\/cropped-banner.png\",\"width\":991,\"height\":150,\"caption\":\"vitalibera.org\"},\"image\":{\"@id\":\"https:\\\/\\\/www.vitalibera.org\\\/community\\\/#\\\/schema\\\/logo\\\/image\\\/\"},\"sameAs\":[\"https:\\\/\\\/www.facebook.com\\\/groups\\\/2997085857140235\"]},{\"@type\":\"Person\",\"@id\":\"https:\\\/\\\/www.vitalibera.org\\\/community\\\/#\\\/schema\\\/person\\\/6712387298421f222ff6d0a2e22c1534\",\"name\":\"Andreas Jecklin\",\"image\":{\"@type\":\"ImageObject\",\"inLanguage\":\"de\",\"@id\":\"http:\\\/\\\/0.gravatar.com\\\/avatar\\\/ad516503a11cd5ca435acc9bb6523536?s=96\",\"url\":\"http:\\\/\\\/0.gravatar.com\\\/avatar\\\/ad516503a11cd5ca435acc9bb6523536?s=96\",\"contentUrl\":\"http:\\\/\\\/0.gravatar.com\\\/avatar\\\/ad516503a11cd5ca435acc9bb6523536?s=96\",\"caption\":\"Andreas Jecklin\"},\"description\":\"Manchen gab Gott die Kraft Dinge zu ver\u00e4ndern, mir gab er die Kraft zu ertragen was nicht mehr zu \u00e4ndern ist.\",\"url\":\"http:\\\/\\\/www.vitalibera.org\\\/community\\\/author\\\/andy77\\\/\"}]}<\/script>\r\n<!-- \/ Yoast SEO plugin. -->","yoast_head_json":{"title":"Das Gr\u00fcbeln danach - Das stille Nachbeben im Kopf - vitalibera.org","robots":{"index":"index","follow":"follow","max-snippet":"max-snippet:-1","max-image-preview":"max-image-preview:large","max-video-preview":"max-video-preview:-1"},"canonical":"https:\/\/www.vitalibera.org\/community\/2026\/05\/06\/das-stille-nachbeben-im-kopf-oder-das-gruebeln-danach\/","og_locale":"de_DE","og_type":"article","og_title":"Das Gr\u00fcbeln danach - Das stille Nachbeben im Kopf - vitalibera.org","og_description":"Nach einer neurologischen Hirnerkrankung kommt vieles ins Rutschen \u2013 auch das Denken. Viele Menschen erleben, dass Gedanken nicht mehr zur Ruhe kommen. Sie kreisen, wiederholen sich, suchen nach Antworten, die es so nicht gibt. Dieses Gr\u00fcbeln ist kein Zeichen von Schw\u00e4che. Es ist eine normale Reaktion eines Gehirns, das versucht, ein au\u00dfergew\u00f6hnliches Ereignis zu verstehen ... Weiterlesen","og_url":"https:\/\/www.vitalibera.org\/community\/2026\/05\/06\/das-stille-nachbeben-im-kopf-oder-das-gruebeln-danach\/","og_site_name":"vitalibera.org","article_publisher":"https:\/\/www.facebook.com\/groups\/2997085857140235","article_published_time":"2026-05-06T10:09:45+00:00","article_modified_time":"2026-05-06T10:11:26+00:00","og_image":[{"width":360,"height":466,"url":"https:\/\/www.vitalibera.org\/community\/wp-content\/uploads\/2026\/05\/6c3eedc92cc65c44bd4ff40f8a126b3a.jpg","type":"image\/jpeg"}],"author":"Andreas Jecklin","twitter_card":"summary_large_image","twitter_misc":{"Verfasst von":"Andreas Jecklin","Gesch\u00e4tzte Lesezeit":"3\u00a0Minuten"},"schema":{"@context":"https:\/\/schema.org","@graph":[{"@type":"Article","@id":"https:\/\/www.vitalibera.org\/community\/2026\/05\/06\/das-stille-nachbeben-im-kopf-oder-das-gruebeln-danach\/#article","isPartOf":{"@id":"https:\/\/www.vitalibera.org\/community\/2026\/05\/06\/das-stille-nachbeben-im-kopf-oder-das-gruebeln-danach\/"},"author":{"name":"Andreas Jecklin","@id":"https:\/\/www.vitalibera.org\/community\/#\/schema\/person\/6712387298421f222ff6d0a2e22c1534"},"headline":"Das Gr\u00fcbeln danach &#8211; Das stille Nachbeben im Kopf","datePublished":"2026-05-06T10:09:45+00:00","dateModified":"2026-05-06T10:11:26+00:00","mainEntityOfPage":{"@id":"https:\/\/www.vitalibera.org\/community\/2026\/05\/06\/das-stille-nachbeben-im-kopf-oder-das-gruebeln-danach\/"},"wordCount":459,"commentCount":0,"publisher":{"@id":"https:\/\/www.vitalibera.org\/community\/#organization"},"image":{"@id":"https:\/\/www.vitalibera.org\/community\/2026\/05\/06\/das-stille-nachbeben-im-kopf-oder-das-gruebeln-danach\/#primaryimage"},"thumbnailUrl":"http:\/\/www.vitalibera.org\/community\/wp-content\/uploads\/2026\/05\/6c3eedc92cc65c44bd4ff40f8a126b3a.jpg","articleSection":["Alltagsnavigation","Hilfe f\u00fcr Angeh\u00f6rige"],"inLanguage":"de","potentialAction":[{"@type":"CommentAction","name":"Comment","target":["https:\/\/www.vitalibera.org\/community\/2026\/05\/06\/das-stille-nachbeben-im-kopf-oder-das-gruebeln-danach\/#respond"]}]},{"@type":"WebPage","@id":"https:\/\/www.vitalibera.org\/community\/2026\/05\/06\/das-stille-nachbeben-im-kopf-oder-das-gruebeln-danach\/","url":"https:\/\/www.vitalibera.org\/community\/2026\/05\/06\/das-stille-nachbeben-im-kopf-oder-das-gruebeln-danach\/","name":"Das Gr\u00fcbeln danach - Das stille Nachbeben im Kopf - vitalibera.org","isPartOf":{"@id":"https:\/\/www.vitalibera.org\/community\/#website"},"primaryImageOfPage":{"@id":"https:\/\/www.vitalibera.org\/community\/2026\/05\/06\/das-stille-nachbeben-im-kopf-oder-das-gruebeln-danach\/#primaryimage"},"image":{"@id":"https:\/\/www.vitalibera.org\/community\/2026\/05\/06\/das-stille-nachbeben-im-kopf-oder-das-gruebeln-danach\/#primaryimage"},"thumbnailUrl":"http:\/\/www.vitalibera.org\/community\/wp-content\/uploads\/2026\/05\/6c3eedc92cc65c44bd4ff40f8a126b3a.jpg","datePublished":"2026-05-06T10:09:45+00:00","dateModified":"2026-05-06T10:11:26+00:00","breadcrumb":{"@id":"https:\/\/www.vitalibera.org\/community\/2026\/05\/06\/das-stille-nachbeben-im-kopf-oder-das-gruebeln-danach\/#breadcrumb"},"inLanguage":"de","potentialAction":[{"@type":"ReadAction","target":["https:\/\/www.vitalibera.org\/community\/2026\/05\/06\/das-stille-nachbeben-im-kopf-oder-das-gruebeln-danach\/"]}]},{"@type":"BreadcrumbList","@id":"https:\/\/www.vitalibera.org\/community\/2026\/05\/06\/das-stille-nachbeben-im-kopf-oder-das-gruebeln-danach\/#breadcrumb","itemListElement":[{"@type":"ListItem","position":1,"name":"Startseite","item":"https:\/\/www.vitalibera.org\/community\/"},{"@type":"ListItem","position":2,"name":"Das Gr\u00fcbeln danach &#8211; Das stille Nachbeben im Kopf"}]},{"@type":"WebSite","@id":"https:\/\/www.vitalibera.org\/community\/#website","url":"https:\/\/www.vitalibera.org\/community\/","name":"vitalibera.org","description":"Mit einer Einschr&auml;nkung gestaltet sich das Leben im Alltag oft schwieriger - hier berichten wir &uuml;ber unsere Erfahrungen und Hilfsmittel um den Alltag so unbeschwert und unkompliziert wie nur m&ouml;glich geniessen zu k&ouml;nnen. Dabei richten wir unseren Fokus gezielt auf Selbst&auml;ndigkeit, Eigenst&auml;ndigkeit und Selbstbestimmung.","publisher":{"@id":"https:\/\/www.vitalibera.org\/community\/#organization"},"potentialAction":[{"@type":"SearchAction","target":{"@type":"EntryPoint","urlTemplate":"https:\/\/www.vitalibera.org\/community\/?s={search_term_string}"},"query-input":{"@type":"PropertyValueSpecification","valueRequired":true,"valueName":"search_term_string"}}],"inLanguage":"de"},{"@type":"Organization","@id":"https:\/\/www.vitalibera.org\/community\/#organization","name":"vitalibera.org","url":"https:\/\/www.vitalibera.org\/community\/","logo":{"@type":"ImageObject","inLanguage":"de","@id":"https:\/\/www.vitalibera.org\/community\/#\/schema\/logo\/image\/","url":"http:\/\/www.vitalibera.org\/community\/wp-content\/uploads\/2025\/09\/cropped-banner.png","contentUrl":"http:\/\/www.vitalibera.org\/community\/wp-content\/uploads\/2025\/09\/cropped-banner.png","width":991,"height":150,"caption":"vitalibera.org"},"image":{"@id":"https:\/\/www.vitalibera.org\/community\/#\/schema\/logo\/image\/"},"sameAs":["https:\/\/www.facebook.com\/groups\/2997085857140235"]},{"@type":"Person","@id":"https:\/\/www.vitalibera.org\/community\/#\/schema\/person\/6712387298421f222ff6d0a2e22c1534","name":"Andreas Jecklin","image":{"@type":"ImageObject","inLanguage":"de","@id":"http:\/\/0.gravatar.com\/avatar\/ad516503a11cd5ca435acc9bb6523536?s=96","url":"http:\/\/0.gravatar.com\/avatar\/ad516503a11cd5ca435acc9bb6523536?s=96","contentUrl":"http:\/\/0.gravatar.com\/avatar\/ad516503a11cd5ca435acc9bb6523536?s=96","caption":"Andreas Jecklin"},"description":"Manchen gab Gott die Kraft Dinge zu ver\u00e4ndern, mir gab er die Kraft zu ertragen was nicht mehr zu \u00e4ndern ist.","url":"http:\/\/www.vitalibera.org\/community\/author\/andy77\/"}]}},"jetpack_publicize_connections":[],"jetpack_sharing_enabled":true,"jetpack-related-posts":[{"id":7925,"url":"http:\/\/www.vitalibera.org\/community\/2026\/06\/12\/wenn-gedanken-nicht-zur-ruhe-kommen-gruebeln-nach-schlaganfall-oder-schaedel-hirn-trauma\/","url_meta":{"origin":7128,"position":0},"title":"Wenn Gedanken nicht zur Ruhe kommen \u2013 Gr\u00fcbeln nach Schlaganfall oder Sch\u00e4del-Hirn-Trauma","author":"Andreas Jecklin","date":"12 Juni, 2026","format":false,"excerpt":"Nach einem Schlaganfall oder einer Sch\u00e4del-Hirn-Verletzung ver\u00e4ndert sich oft nicht nur der K\u00f6rper, sondern auch das innere Erleben. Viele Betroffene kennen das belastende Gef\u00fchl, dass Gedanken immer wieder kreisen und sich kaum abschalten lassen. Fragen zur Zukunft, Unsicherheit und das st\u00e4ndige \u201eWarum\u201c k\u00f6nnen den Alltag bestimmen und zu gro\u00dfer Ersch\u00f6pfung\u2026","rel":"","context":"In &quot;Fachwissen&quot;","block_context":{"text":"Fachwissen","link":"http:\/\/www.vitalibera.org\/community\/category\/beitraege\/fachwissen\/"},"img":{"alt_text":"","src":"https:\/\/i0.wp.com\/www.vitalibera.org\/community\/wp-content\/uploads\/2026\/06\/261e0af99774b5f68afcb04ed482114f.jpg?resize=350%2C200","width":350,"height":200,"srcset":"https:\/\/i0.wp.com\/www.vitalibera.org\/community\/wp-content\/uploads\/2026\/06\/261e0af99774b5f68afcb04ed482114f.jpg?resize=350%2C200 1x, https:\/\/i0.wp.com\/www.vitalibera.org\/community\/wp-content\/uploads\/2026\/06\/261e0af99774b5f68afcb04ed482114f.jpg?resize=525%2C300 1.5x, https:\/\/i0.wp.com\/www.vitalibera.org\/community\/wp-content\/uploads\/2026\/06\/261e0af99774b5f68afcb04ed482114f.jpg?resize=700%2C400 2x"},"classes":[]},{"id":7152,"url":"http:\/\/www.vitalibera.org\/community\/2026\/05\/07\/warum-rueckzug-neurologisch-schwierig-wird\/","url_meta":{"origin":7128,"position":1},"title":"Warum R\u00fcckzug neurologisch schwierig wird","author":"Andreas Jecklin","date":"7 Mai, 2026","format":false,"excerpt":"R\u00fcckzug ist nach einer neurologischen Erkrankung ein verst\u00e4ndlicher Schutzmechanismus \u2013 aber langfristig nimmt er dir genau das, was dein Gehirn f\u00fcr Stabilit\u00e4t braucht: Verbindung, Resonanz und kleine, sichere Kontakte. Alleinsein reduziert zwar Reize, doch zu viel Isolation verst\u00e4rkt Unsicherheit, Gr\u00fcbeln und Reizempfindlichkeit. Das Nervensystem reguliert sich besser in Beziehung als\u2026","rel":"","context":"In &quot;Alltagsnavigation&quot;","block_context":{"text":"Alltagsnavigation","link":"http:\/\/www.vitalibera.org\/community\/category\/beitraege\/eingeschraenkt-im-alltag\/alltagsnavigation\/"},"img":{"alt_text":"","src":"https:\/\/i0.wp.com\/www.vitalibera.org\/community\/wp-content\/uploads\/2026\/05\/f1a7e7e8b11792531247aec221f74d47.jpg?resize=350%2C200","width":350,"height":200},"classes":[]},{"id":7163,"url":"http:\/\/www.vitalibera.org\/community\/2026\/05\/07\/zurueck-ins-eigene-leben-den-sinn-wieder-spueren-lernen\/","url_meta":{"origin":7128,"position":2},"title":"Zur\u00fcck ins eigene Leben &#8211; Den Sinn wieder sp\u00fcren lernen","author":"Andreas Jecklin","date":"7 Mai, 2026","format":false,"excerpt":"Nach einem Schlaganfall kann sich das Leben leer anf\u00fchlen \u2013 als w\u00e4re der Sinn verloren gegangen. Das liegt nicht an dir, sondern an einem Gehirn, das unter extremem Stress stand und nun seine emotionale Balance neu finden muss. Traurigkeit, Antriebslosigkeit und depressive Phasen sind keine Schw\u00e4che, sondern Zeichen dieser Neuorganisation.\u2026","rel":"","context":"In &quot;Alltagsnavigation&quot;","block_context":{"text":"Alltagsnavigation","link":"http:\/\/www.vitalibera.org\/community\/category\/beitraege\/eingeschraenkt-im-alltag\/alltagsnavigation\/"},"img":{"alt_text":"","src":"https:\/\/i0.wp.com\/www.vitalibera.org\/community\/wp-content\/uploads\/2026\/05\/hopec13.png?resize=350%2C200","width":350,"height":200,"srcset":"https:\/\/i0.wp.com\/www.vitalibera.org\/community\/wp-content\/uploads\/2026\/05\/hopec13.png?resize=350%2C200 1x, https:\/\/i0.wp.com\/www.vitalibera.org\/community\/wp-content\/uploads\/2026\/05\/hopec13.png?resize=525%2C300 1.5x, https:\/\/i0.wp.com\/www.vitalibera.org\/community\/wp-content\/uploads\/2026\/05\/hopec13.png?resize=700%2C400 2x"},"classes":[]},{"id":4299,"url":"http:\/\/www.vitalibera.org\/community\/2025\/11\/16\/persoenlichkeitsveraenderung-nach-schlaganfall\/","url_meta":{"origin":7128,"position":3},"title":"Pers\u00f6nlichkeitsver\u00e4nderung nach  Schlaganfall","author":"Andreas Jecklin","date":"16 November, 2025","format":false,"excerpt":"\u201cDie Pers\u00f6nlichkeit eines Menschen ist die Summe aller seiner psychischen Eigenschaften und Verhaltensmuster, die ihm eine individuelle, wesenseigene Identit\u00e4t verleihen. Die Pers\u00f6nlichkeit umfasst das Gef\u00fchlsleben ebenso wie die Wahrnehmung, das Denken und die Beziehung zu anderen Personen. Pers\u00f6nlichkeitsz\u00fcge unterscheiden Menschen voneinander\u201d. Jeder Mensch unterscheidet sich von anderen durch seine ganz\u2026","rel":"","context":"In &quot;Fachwissen&quot;","block_context":{"text":"Fachwissen","link":"http:\/\/www.vitalibera.org\/community\/category\/beitraege\/fachwissen\/"},"img":{"alt_text":"","src":"https:\/\/i0.wp.com\/www.vitalibera.org\/community\/wp-content\/uploads\/2025\/11\/depri.png?resize=350%2C200","width":350,"height":200},"classes":[]},{"id":8392,"url":"http:\/\/www.vitalibera.org\/community\/2026\/07\/01\/ablenkung-und-entlastung-waehrend-der-fruehen-neurologischen-akutrehabilitation\/","url_meta":{"origin":7128,"position":4},"title":"Ablenkung und Entlastung w\u00e4hrend der fr\u00fchen neurologischen Akutrehabilitation","author":"Andreas Jecklin","date":"1 Juli, 2026","format":false,"excerpt":"Die Zeit der Akutrehabilitation nach einer Gehirnverletzung ist f\u00fcr Betroffene oft mit intensiven k\u00f6rperlichen, emotionalen und gedanklichen Belastungen verbunden. Zwischen Therapien, Unsicherheiten und der Auseinandersetzung mit dem eigenen Schicksal kann es schwerfallen, zur Ruhe zu kommen. Gezielte Ablenkung bedeutet dabei nicht, die Situation zu verdr\u00e4ngen, sondern dem Kopf und dem\u2026","rel":"","context":"In &quot;Fachwissen&quot;","block_context":{"text":"Fachwissen","link":"http:\/\/www.vitalibera.org\/community\/category\/beitraege\/fachwissen\/"},"img":{"alt_text":"","src":"https:\/\/i0.wp.com\/www.vitalibera.org\/community\/wp-content\/uploads\/2026\/07\/fruehreha15134.png?resize=350%2C200","width":350,"height":200},"classes":[]},{"id":8642,"url":"http:\/\/www.vitalibera.org\/community\/2026\/07\/18\/wenn-das-leben-ploetzlich-nach-einem-neurologischen-notfall-zurueckkehrt\/","url_meta":{"origin":7128,"position":5},"title":"Wenn das Leben pl\u00f6tzlich nach einem neurologischen Notfall zur\u00fcckkehrt","author":"admin","date":"18 Juli, 2026","format":false,"excerpt":"Manche Betroffene erleben irgendwann einen tiefgreifenden Wendepunkt. Der Lebenswille kehrt zur\u00fcck \u2013 nicht langsam, sondern mit voller Kraft. Doch mit diesem Erwachen kommt oft noch etwas anderes: die schmerzhafte Erkenntnis, dass Zeit vergangen ist, an die man sich nicht erinnern kann. Es entsteht das Gef\u00fchl, etwas verpasst zu haben, im\u2026","rel":"","context":"In &quot;Eingeschr\u00e4nkt im Alltag&quot;","block_context":{"text":"Eingeschr\u00e4nkt im Alltag","link":"http:\/\/www.vitalibera.org\/community\/category\/beitraege\/eingeschraenkt-im-alltag\/"},"img":{"alt_text":"","src":"https:\/\/i0.wp.com\/www.vitalibera.org\/community\/wp-content\/uploads\/2026\/07\/dankbar4648.png?resize=350%2C200&ssl=1","width":350,"height":200},"classes":[]}],"jetpack_featured_media_url":"http:\/\/www.vitalibera.org\/community\/wp-content\/uploads\/2026\/05\/6c3eedc92cc65c44bd4ff40f8a126b3a.jpg","_links":{"self":[{"href":"http:\/\/www.vitalibera.org\/community\/wp-json\/wp\/v2\/posts\/7128","targetHints":{"allow":["GET"]}}],"collection":[{"href":"http:\/\/www.vitalibera.org\/community\/wp-json\/wp\/v2\/posts"}],"about":[{"href":"http:\/\/www.vitalibera.org\/community\/wp-json\/wp\/v2\/types\/post"}],"author":[{"embeddable":true,"href":"http:\/\/www.vitalibera.org\/community\/wp-json\/wp\/v2\/users\/2"}],"replies":[{"embeddable":true,"href":"http:\/\/www.vitalibera.org\/community\/wp-json\/wp\/v2\/comments?post=7128"}],"version-history":[{"count":0,"href":"http:\/\/www.vitalibera.org\/community\/wp-json\/wp\/v2\/posts\/7128\/revisions"}],"wp:featuredmedia":[{"embeddable":true,"href":"http:\/\/www.vitalibera.org\/community\/wp-json\/wp\/v2\/media\/7129"}],"wp:attachment":[{"href":"http:\/\/www.vitalibera.org\/community\/wp-json\/wp\/v2\/media?parent=7128"}],"wp:term":[{"taxonomy":"category","embeddable":true,"href":"http:\/\/www.vitalibera.org\/community\/wp-json\/wp\/v2\/categories?post=7128"},{"taxonomy":"post_tag","embeddable":true,"href":"http:\/\/www.vitalibera.org\/community\/wp-json\/wp\/v2\/tags?post=7128"}],"curies":[{"name":"wp","href":"https:\/\/api.w.org\/{rel}","templated":true}]}}