{"id":7400,"date":"2026-05-18T12:42:57","date_gmt":"2026-05-18T10:42:57","guid":{"rendered":"https:\/\/www.vitalibera.org\/community\/?p=7400"},"modified":"2026-05-18T12:50:08","modified_gmt":"2026-05-18T10:50:08","slug":"fremd-im-eigenen-leben-ein-neuer-weg-zurueck-ins-wir","status":"publish","type":"post","link":"http:\/\/www.vitalibera.org\/community\/2026\/05\/18\/fremd-im-eigenen-leben-ein-neuer-weg-zurueck-ins-wir\/","title":{"rendered":"Fremd im eigenen Leben &#8211; Ein neuer Weg zur\u00fcck ins Wir"},"content":{"rendered":"\n<div class=\"wp-block-media-text is-stacked-on-mobile is-vertically-aligned-top\"><figure class=\"wp-block-media-text__media\"><img fetchpriority=\"high\" decoding=\"async\" width=\"363\" height=\"337\" src=\"https:\/\/www.vitalibera.org\/community\/wp-content\/uploads\/2026\/05\/aus49999png.png\" alt=\"\" class=\"wp-image-7409 size-full\" srcset=\"http:\/\/www.vitalibera.org\/community\/wp-content\/uploads\/2026\/05\/aus49999png.png 363w, http:\/\/www.vitalibera.org\/community\/wp-content\/uploads\/2026\/05\/aus49999png-300x279.png 300w\" sizes=\"(max-width: 363px) 100vw, 363px\" \/><\/figure><div class=\"wp-block-media-text__content\">\n<p>Nach einer <a href=\"http:\/\/www.vitalibera.org\/community\/enzyklopaedie\/hirnverletzung\/\" target=\"_self\" title=\"Eine Hirnverletzung (oft als&nbsp;Sch&auml;del-Hirn-Trauma, SHT) ist eine&nbsp;Sch&auml;digung des Gehirns, verursacht durch &auml;u&szlig;ere Gewalteinwirkung (Unfall, Sturz) oder innere Faktoren (Schlaganfall, Tumor). Sie f&uuml;hrt zu k&ouml;rperlichen, kognitiven und verhaltensbezogenen Einschr&auml;nkungen, die oft unsichtbar bleiben. Symptome reichen von Kopfschmerzen bis zu schweren Behinderungen. Wichtige Aspekte der Hirnverletzung: Ursachen:&nbsp;H&auml;ufig durch Schlaganf&auml;lle, Hirnblutungen, Sauerstoffmangel oder St&uuml;rze\/Verkehrsunf&auml;lle (Sch&auml;del-Hirn-Trauma). Formen (SHT):&nbsp;Unterscheidung in&hellip;\" class=\"encyclopedia\">Hirnverletzung<\/a> f&uuml;hlt sich die Welt oft anders an. Gespr&auml;che, Situationen, sogar vertraute Menschen wirken pl&ouml;tzlich fremd. Nicht, weil du dich abgewendet hast, sondern weil sich innen etwas verschoben hat, w&auml;hrend au&szlig;en alles gleich geblieben ist. Dieses Gef&uuml;hl, nicht mehr dazuzugeh&ouml;ren, entsteht nicht aus Schw&auml;che. Es entsteht, weil dein Gehirn, dein <a href=\"http:\/\/www.vitalibera.org\/community\/2026\/04\/30\/lapstacker-transport-gurtsystem-fuer-rollstuehle\/\"><font color=\"blue\"><img src=\"https:\/\/www.vitalibera.org\/community\/wp-content\/images\/link.png\" width=\"20\" height=\"20\"><u>Alltag<\/u><\/font><\/a> und deine Identit&auml;t sich neu sortieren &mdash; und dein Umfeld das oft nicht versteht.<\/p>\n\n\n\n<p>Viele wollen helfen, greifen aber zu kurz. Sie sehen das Tempo, nicht die Anstrengung. Sie sehen die Pausen, nicht die Reizflut. Sie sehen die Ver&auml;nderung, nicht die Arbeit dahinter. So w&auml;chst die Distanz &mdash; nicht, weil du weniger bist, sondern weil die Welt dich gerade nicht richtig lesen kann.<\/p>\n\n\n\n<p>Zugeh&ouml;rigkeit entsteht neu, wenn du R&auml;ume findest, in denen du so sein darfst, wie du jetzt bist: mit deinem Rhythmus, deinen Grenzen, deiner Klarheit. Hier beginnt ein solcher Raum: ruhig, respektvoll, ohne Druck.<\/p>\n<\/div><\/div>\n\n\n\n<div class=\"wp-block-media-text is-stacked-on-mobile\" style=\"grid-template-columns:30% auto\"><figure class=\"wp-block-media-text__media\"><img decoding=\"async\" width=\"302\" height=\"277\" src=\"http:\/\/www.vitalibera.org\/community\/wp-content\/uploads\/2026\/03\/tip3.png\" alt=\"\" class=\"wp-image-6087 size-full\" srcset=\"http:\/\/www.vitalibera.org\/community\/wp-content\/uploads\/2026\/03\/tip3.png 302w, http:\/\/www.vitalibera.org\/community\/wp-content\/uploads\/2026\/03\/tip3-300x275.png 300w\" sizes=\"(max-width: 302px) 100vw, 302px\" \/><\/figure><div class=\"wp-block-media-text__content\">\n<p><strong>Wenn das Gef&uuml;hl kommt, nicht mehr dazuzugeh&ouml;ren, mach innerlich einen kurzen Halt:<\/strong> <strong>&bdquo;Ich bin nicht falsch. Die Situation ist neu.&ldquo;<\/strong><\/p>\n\n\n\n<p>Das nimmt sofort Druck raus. Es verschiebt die Schuld weg von dir &mdash; dorthin, wo sie hingeh&ouml;rt: zur Ver&auml;nderung, nicht zur Person.<\/p>\n<\/div><\/div>\n","protected":false},"excerpt":{"rendered":"<p>Nach einer Hirnverletzung f\u00fchlt sich die Welt oft anders an. Gespr\u00e4che, Situationen, sogar vertraute Menschen wirken pl\u00f6tzlich fremd. Nicht, weil du dich abgewendet hast, sondern weil sich innen etwas verschoben hat, w\u00e4hrend au\u00dfen alles gleich geblieben ist. Dieses Gef\u00fchl, nicht mehr dazuzugeh\u00f6ren, entsteht nicht aus Schw\u00e4che. Es entsteht, weil dein Gehirn, dein Alltag und deine &#8230; <a title=\"Fremd im eigenen Leben &#8211; Ein neuer Weg zur\u00fcck ins Wir\" class=\"read-more\" href=\"http:\/\/www.vitalibera.org\/community\/2026\/05\/18\/fremd-im-eigenen-leben-ein-neuer-weg-zurueck-ins-wir\/\" aria-label=\"Mehr Informationen \u00fcber Fremd im eigenen Leben &#8211; Ein neuer Weg zur\u00fcck ins Wir\">Weiterlesen<\/a><\/p>\n","protected":false},"author":2,"featured_media":7409,"comment_status":"open","ping_status":"open","sticky":false,"template":"","format":"standard","meta":{"cybocfi_hide_featured_image":"yes","_jetpack_newsletter_access":"","_jetpack_dont_email_post_to_subs":false,"_jetpack_newsletter_tier_id":0,"_jetpack_memberships_contains_paywalled_content":false,"_jetpack_feature_clip_id":0,"_jetpack_memberships_contains_paid_content":false,"footnotes":"","jetpack_publicize_message":"","jetpack_publicize_feature_enabled":true,"jetpack_social_post_already_shared":false,"jetpack_social_options":{"image_generator_settings":{"template":"highway","default_image_id":0,"font":"","enabled":false},"version":2},"jetpack_post_was_ever_published":false},"categories":[492,225],"tags":[],"class_list":["post-7400","post","type-post","status-publish","format-standard","has-post-thumbnail","hentry","category-alltagsnavigation","category-hilfe-fuer-angehoerige"],"yoast_head":"<!-- This site is optimized with the Yoast SEO plugin v28.2 - https:\/\/yoast.com\/product\/yoast-seo-wordpress\/ -->\r\n<title>Fremd im eigenen Leben - Ein neuer Weg zur\u00fcck ins Wir - vitalibera.org<\/title>\r\n<meta name=\"robots\" content=\"index, follow, max-snippet:-1, max-image-preview:large, max-video-preview:-1\" \/>\r\n<link rel=\"canonical\" href=\"http:\/\/www.vitalibera.org\/community\/2026\/05\/18\/fremd-im-eigenen-leben-ein-neuer-weg-zurueck-ins-wir\/\" \/>\r\n<meta property=\"og:locale\" content=\"de_DE\" \/>\r\n<meta property=\"og:type\" content=\"article\" \/>\r\n<meta property=\"og:title\" content=\"Fremd im eigenen Leben - Ein neuer Weg zur\u00fcck ins Wir - vitalibera.org\" \/>\r\n<meta property=\"og:description\" content=\"Nach einer Hirnverletzung f\u00fchlt sich die Welt oft anders an. Gespr\u00e4che, Situationen, sogar vertraute Menschen wirken pl\u00f6tzlich fremd. Nicht, weil du dich abgewendet hast, sondern weil sich innen etwas verschoben hat, w\u00e4hrend au\u00dfen alles gleich geblieben ist. Dieses Gef\u00fchl, nicht mehr dazuzugeh\u00f6ren, entsteht nicht aus Schw\u00e4che. Es entsteht, weil dein Gehirn, dein Alltag und deine ... Weiterlesen\" \/>\r\n<meta property=\"og:url\" content=\"http:\/\/www.vitalibera.org\/community\/2026\/05\/18\/fremd-im-eigenen-leben-ein-neuer-weg-zurueck-ins-wir\/\" \/>\r\n<meta property=\"og:site_name\" content=\"vitalibera.org\" \/>\r\n<meta property=\"article:publisher\" content=\"https:\/\/www.facebook.com\/groups\/2997085857140235\" \/>\r\n<meta property=\"article:published_time\" content=\"2026-05-18T10:42:57+00:00\" \/>\r\n<meta property=\"article:modified_time\" content=\"2026-05-18T10:50:08+00:00\" \/>\r\n<meta property=\"og:image\" content=\"http:\/\/www.vitalibera.org\/community\/wp-content\/uploads\/2026\/05\/aus49999png.png\" \/>\r\n\t<meta property=\"og:image:width\" content=\"363\" \/>\r\n\t<meta property=\"og:image:height\" content=\"337\" \/>\r\n\t<meta property=\"og:image:type\" content=\"image\/png\" \/>\r\n<meta name=\"author\" content=\"Andreas Jecklin\" \/>\r\n<meta name=\"twitter:card\" content=\"summary_large_image\" \/>\r\n<meta name=\"twitter:label1\" content=\"Verfasst von\" \/>\n\t<meta name=\"twitter:data1\" content=\"Andreas Jecklin\" \/>\n\t<meta name=\"twitter:label2\" content=\"Gesch\u00e4tzte Lesezeit\" \/>\n\t<meta name=\"twitter:data2\" content=\"2\u00a0Minuten\" \/>\r\n<script type=\"application\/ld+json\" class=\"yoast-schema-graph\">{\"@context\":\"https:\\\/\\\/schema.org\",\"@graph\":[{\"@type\":\"Article\",\"@id\":\"http:\\\/\\\/www.vitalibera.org\\\/community\\\/2026\\\/05\\\/18\\\/fremd-im-eigenen-leben-ein-neuer-weg-zurueck-ins-wir\\\/#article\",\"isPartOf\":{\"@id\":\"http:\\\/\\\/www.vitalibera.org\\\/community\\\/2026\\\/05\\\/18\\\/fremd-im-eigenen-leben-ein-neuer-weg-zurueck-ins-wir\\\/\"},\"author\":{\"name\":\"Andreas Jecklin\",\"@id\":\"https:\\\/\\\/www.vitalibera.org\\\/community\\\/#\\\/schema\\\/person\\\/6712387298421f222ff6d0a2e22c1534\"},\"headline\":\"Fremd im eigenen Leben &#8211; Ein neuer Weg zur\u00fcck ins Wir\",\"datePublished\":\"2026-05-18T10:42:57+00:00\",\"dateModified\":\"2026-05-18T10:50:08+00:00\",\"mainEntityOfPage\":{\"@id\":\"http:\\\/\\\/www.vitalibera.org\\\/community\\\/2026\\\/05\\\/18\\\/fremd-im-eigenen-leben-ein-neuer-weg-zurueck-ins-wir\\\/\"},\"wordCount\":217,\"commentCount\":0,\"publisher\":{\"@id\":\"https:\\\/\\\/www.vitalibera.org\\\/community\\\/#organization\"},\"image\":{\"@id\":\"http:\\\/\\\/www.vitalibera.org\\\/community\\\/2026\\\/05\\\/18\\\/fremd-im-eigenen-leben-ein-neuer-weg-zurueck-ins-wir\\\/#primaryimage\"},\"thumbnailUrl\":\"http:\\\/\\\/www.vitalibera.org\\\/community\\\/wp-content\\\/uploads\\\/2026\\\/05\\\/aus49999png.png\",\"articleSection\":[\"Alltagsnavigation\",\"Hilfe f\u00fcr Angeh\u00f6rige\"],\"inLanguage\":\"de\",\"potentialAction\":[{\"@type\":\"CommentAction\",\"name\":\"Comment\",\"target\":[\"http:\\\/\\\/www.vitalibera.org\\\/community\\\/2026\\\/05\\\/18\\\/fremd-im-eigenen-leben-ein-neuer-weg-zurueck-ins-wir\\\/#respond\"]}]},{\"@type\":\"WebPage\",\"@id\":\"http:\\\/\\\/www.vitalibera.org\\\/community\\\/2026\\\/05\\\/18\\\/fremd-im-eigenen-leben-ein-neuer-weg-zurueck-ins-wir\\\/\",\"url\":\"http:\\\/\\\/www.vitalibera.org\\\/community\\\/2026\\\/05\\\/18\\\/fremd-im-eigenen-leben-ein-neuer-weg-zurueck-ins-wir\\\/\",\"name\":\"Fremd im eigenen Leben - Ein neuer Weg zur\u00fcck ins Wir - vitalibera.org\",\"isPartOf\":{\"@id\":\"https:\\\/\\\/www.vitalibera.org\\\/community\\\/#website\"},\"primaryImageOfPage\":{\"@id\":\"http:\\\/\\\/www.vitalibera.org\\\/community\\\/2026\\\/05\\\/18\\\/fremd-im-eigenen-leben-ein-neuer-weg-zurueck-ins-wir\\\/#primaryimage\"},\"image\":{\"@id\":\"http:\\\/\\\/www.vitalibera.org\\\/community\\\/2026\\\/05\\\/18\\\/fremd-im-eigenen-leben-ein-neuer-weg-zurueck-ins-wir\\\/#primaryimage\"},\"thumbnailUrl\":\"http:\\\/\\\/www.vitalibera.org\\\/community\\\/wp-content\\\/uploads\\\/2026\\\/05\\\/aus49999png.png\",\"datePublished\":\"2026-05-18T10:42:57+00:00\",\"dateModified\":\"2026-05-18T10:50:08+00:00\",\"breadcrumb\":{\"@id\":\"http:\\\/\\\/www.vitalibera.org\\\/community\\\/2026\\\/05\\\/18\\\/fremd-im-eigenen-leben-ein-neuer-weg-zurueck-ins-wir\\\/#breadcrumb\"},\"inLanguage\":\"de\",\"potentialAction\":[{\"@type\":\"ReadAction\",\"target\":[\"http:\\\/\\\/www.vitalibera.org\\\/community\\\/2026\\\/05\\\/18\\\/fremd-im-eigenen-leben-ein-neuer-weg-zurueck-ins-wir\\\/\"]}]},{\"@type\":\"BreadcrumbList\",\"@id\":\"http:\\\/\\\/www.vitalibera.org\\\/community\\\/2026\\\/05\\\/18\\\/fremd-im-eigenen-leben-ein-neuer-weg-zurueck-ins-wir\\\/#breadcrumb\",\"itemListElement\":[{\"@type\":\"ListItem\",\"position\":1,\"name\":\"Startseite\",\"item\":\"https:\\\/\\\/www.vitalibera.org\\\/community\\\/\"},{\"@type\":\"ListItem\",\"position\":2,\"name\":\"Fremd im eigenen Leben &#8211; Ein neuer Weg zur\u00fcck ins Wir\"}]},{\"@type\":\"WebSite\",\"@id\":\"https:\\\/\\\/www.vitalibera.org\\\/community\\\/#website\",\"url\":\"https:\\\/\\\/www.vitalibera.org\\\/community\\\/\",\"name\":\"vitalibera.org\",\"description\":\"Mit einer Einschr&auml;nkung gestaltet sich das Leben im Alltag oft schwieriger - hier berichten wir &uuml;ber unsere Erfahrungen und Hilfsmittel um den Alltag so unbeschwert und unkompliziert wie nur m&ouml;glich geniessen zu k&ouml;nnen. Dabei richten wir unseren Fokus gezielt auf Selbst&auml;ndigkeit, Eigenst&auml;ndigkeit und Selbstbestimmung.\",\"publisher\":{\"@id\":\"https:\\\/\\\/www.vitalibera.org\\\/community\\\/#organization\"},\"potentialAction\":[{\"@type\":\"SearchAction\",\"target\":{\"@type\":\"EntryPoint\",\"urlTemplate\":\"https:\\\/\\\/www.vitalibera.org\\\/community\\\/?s={search_term_string}\"},\"query-input\":{\"@type\":\"PropertyValueSpecification\",\"valueRequired\":true,\"valueName\":\"search_term_string\"}}],\"inLanguage\":\"de\"},{\"@type\":\"Organization\",\"@id\":\"https:\\\/\\\/www.vitalibera.org\\\/community\\\/#organization\",\"name\":\"vitalibera.org\",\"url\":\"https:\\\/\\\/www.vitalibera.org\\\/community\\\/\",\"logo\":{\"@type\":\"ImageObject\",\"inLanguage\":\"de\",\"@id\":\"https:\\\/\\\/www.vitalibera.org\\\/community\\\/#\\\/schema\\\/logo\\\/image\\\/\",\"url\":\"http:\\\/\\\/www.vitalibera.org\\\/community\\\/wp-content\\\/uploads\\\/2025\\\/09\\\/cropped-banner.png\",\"contentUrl\":\"http:\\\/\\\/www.vitalibera.org\\\/community\\\/wp-content\\\/uploads\\\/2025\\\/09\\\/cropped-banner.png\",\"width\":991,\"height\":150,\"caption\":\"vitalibera.org\"},\"image\":{\"@id\":\"https:\\\/\\\/www.vitalibera.org\\\/community\\\/#\\\/schema\\\/logo\\\/image\\\/\"},\"sameAs\":[\"https:\\\/\\\/www.facebook.com\\\/groups\\\/2997085857140235\"]},{\"@type\":\"Person\",\"@id\":\"https:\\\/\\\/www.vitalibera.org\\\/community\\\/#\\\/schema\\\/person\\\/6712387298421f222ff6d0a2e22c1534\",\"name\":\"Andreas Jecklin\",\"image\":{\"@type\":\"ImageObject\",\"inLanguage\":\"de\",\"@id\":\"http:\\\/\\\/0.gravatar.com\\\/avatar\\\/ad516503a11cd5ca435acc9bb6523536?s=96\",\"url\":\"http:\\\/\\\/0.gravatar.com\\\/avatar\\\/ad516503a11cd5ca435acc9bb6523536?s=96\",\"contentUrl\":\"http:\\\/\\\/0.gravatar.com\\\/avatar\\\/ad516503a11cd5ca435acc9bb6523536?s=96\",\"caption\":\"Andreas Jecklin\"},\"description\":\"Manchen gab Gott die Kraft Dinge zu ver\u00e4ndern, mir gab er die Kraft zu ertragen was nicht mehr zu \u00e4ndern ist.\",\"url\":\"http:\\\/\\\/www.vitalibera.org\\\/community\\\/author\\\/andy77\\\/\"}]}<\/script>\r\n<!-- \/ Yoast SEO plugin. -->","yoast_head_json":{"title":"Fremd im eigenen Leben - Ein neuer Weg zur\u00fcck ins Wir - vitalibera.org","robots":{"index":"index","follow":"follow","max-snippet":"max-snippet:-1","max-image-preview":"max-image-preview:large","max-video-preview":"max-video-preview:-1"},"canonical":"http:\/\/www.vitalibera.org\/community\/2026\/05\/18\/fremd-im-eigenen-leben-ein-neuer-weg-zurueck-ins-wir\/","og_locale":"de_DE","og_type":"article","og_title":"Fremd im eigenen Leben - Ein neuer Weg zur\u00fcck ins Wir - vitalibera.org","og_description":"Nach einer Hirnverletzung f\u00fchlt sich die Welt oft anders an. Gespr\u00e4che, Situationen, sogar vertraute Menschen wirken pl\u00f6tzlich fremd. Nicht, weil du dich abgewendet hast, sondern weil sich innen etwas verschoben hat, w\u00e4hrend au\u00dfen alles gleich geblieben ist. Dieses Gef\u00fchl, nicht mehr dazuzugeh\u00f6ren, entsteht nicht aus Schw\u00e4che. Es entsteht, weil dein Gehirn, dein Alltag und deine ... Weiterlesen","og_url":"http:\/\/www.vitalibera.org\/community\/2026\/05\/18\/fremd-im-eigenen-leben-ein-neuer-weg-zurueck-ins-wir\/","og_site_name":"vitalibera.org","article_publisher":"https:\/\/www.facebook.com\/groups\/2997085857140235","article_published_time":"2026-05-18T10:42:57+00:00","article_modified_time":"2026-05-18T10:50:08+00:00","og_image":[{"width":363,"height":337,"url":"http:\/\/www.vitalibera.org\/community\/wp-content\/uploads\/2026\/05\/aus49999png.png","type":"image\/png"}],"author":"Andreas Jecklin","twitter_card":"summary_large_image","twitter_misc":{"Verfasst von":"Andreas Jecklin","Gesch\u00e4tzte Lesezeit":"2\u00a0Minuten"},"schema":{"@context":"https:\/\/schema.org","@graph":[{"@type":"Article","@id":"http:\/\/www.vitalibera.org\/community\/2026\/05\/18\/fremd-im-eigenen-leben-ein-neuer-weg-zurueck-ins-wir\/#article","isPartOf":{"@id":"http:\/\/www.vitalibera.org\/community\/2026\/05\/18\/fremd-im-eigenen-leben-ein-neuer-weg-zurueck-ins-wir\/"},"author":{"name":"Andreas Jecklin","@id":"https:\/\/www.vitalibera.org\/community\/#\/schema\/person\/6712387298421f222ff6d0a2e22c1534"},"headline":"Fremd im eigenen Leben &#8211; Ein neuer Weg zur\u00fcck ins Wir","datePublished":"2026-05-18T10:42:57+00:00","dateModified":"2026-05-18T10:50:08+00:00","mainEntityOfPage":{"@id":"http:\/\/www.vitalibera.org\/community\/2026\/05\/18\/fremd-im-eigenen-leben-ein-neuer-weg-zurueck-ins-wir\/"},"wordCount":217,"commentCount":0,"publisher":{"@id":"https:\/\/www.vitalibera.org\/community\/#organization"},"image":{"@id":"http:\/\/www.vitalibera.org\/community\/2026\/05\/18\/fremd-im-eigenen-leben-ein-neuer-weg-zurueck-ins-wir\/#primaryimage"},"thumbnailUrl":"http:\/\/www.vitalibera.org\/community\/wp-content\/uploads\/2026\/05\/aus49999png.png","articleSection":["Alltagsnavigation","Hilfe f\u00fcr Angeh\u00f6rige"],"inLanguage":"de","potentialAction":[{"@type":"CommentAction","name":"Comment","target":["http:\/\/www.vitalibera.org\/community\/2026\/05\/18\/fremd-im-eigenen-leben-ein-neuer-weg-zurueck-ins-wir\/#respond"]}]},{"@type":"WebPage","@id":"http:\/\/www.vitalibera.org\/community\/2026\/05\/18\/fremd-im-eigenen-leben-ein-neuer-weg-zurueck-ins-wir\/","url":"http:\/\/www.vitalibera.org\/community\/2026\/05\/18\/fremd-im-eigenen-leben-ein-neuer-weg-zurueck-ins-wir\/","name":"Fremd im eigenen Leben - Ein neuer Weg zur\u00fcck ins Wir - vitalibera.org","isPartOf":{"@id":"https:\/\/www.vitalibera.org\/community\/#website"},"primaryImageOfPage":{"@id":"http:\/\/www.vitalibera.org\/community\/2026\/05\/18\/fremd-im-eigenen-leben-ein-neuer-weg-zurueck-ins-wir\/#primaryimage"},"image":{"@id":"http:\/\/www.vitalibera.org\/community\/2026\/05\/18\/fremd-im-eigenen-leben-ein-neuer-weg-zurueck-ins-wir\/#primaryimage"},"thumbnailUrl":"http:\/\/www.vitalibera.org\/community\/wp-content\/uploads\/2026\/05\/aus49999png.png","datePublished":"2026-05-18T10:42:57+00:00","dateModified":"2026-05-18T10:50:08+00:00","breadcrumb":{"@id":"http:\/\/www.vitalibera.org\/community\/2026\/05\/18\/fremd-im-eigenen-leben-ein-neuer-weg-zurueck-ins-wir\/#breadcrumb"},"inLanguage":"de","potentialAction":[{"@type":"ReadAction","target":["http:\/\/www.vitalibera.org\/community\/2026\/05\/18\/fremd-im-eigenen-leben-ein-neuer-weg-zurueck-ins-wir\/"]}]},{"@type":"BreadcrumbList","@id":"http:\/\/www.vitalibera.org\/community\/2026\/05\/18\/fremd-im-eigenen-leben-ein-neuer-weg-zurueck-ins-wir\/#breadcrumb","itemListElement":[{"@type":"ListItem","position":1,"name":"Startseite","item":"https:\/\/www.vitalibera.org\/community\/"},{"@type":"ListItem","position":2,"name":"Fremd im eigenen Leben &#8211; Ein neuer Weg zur\u00fcck ins Wir"}]},{"@type":"WebSite","@id":"https:\/\/www.vitalibera.org\/community\/#website","url":"https:\/\/www.vitalibera.org\/community\/","name":"vitalibera.org","description":"Mit einer Einschr&auml;nkung gestaltet sich das Leben im Alltag oft schwieriger - hier berichten wir &uuml;ber unsere Erfahrungen und Hilfsmittel um den Alltag so unbeschwert und unkompliziert wie nur m&ouml;glich geniessen zu k&ouml;nnen. Dabei richten wir unseren Fokus gezielt auf Selbst&auml;ndigkeit, Eigenst&auml;ndigkeit und Selbstbestimmung.","publisher":{"@id":"https:\/\/www.vitalibera.org\/community\/#organization"},"potentialAction":[{"@type":"SearchAction","target":{"@type":"EntryPoint","urlTemplate":"https:\/\/www.vitalibera.org\/community\/?s={search_term_string}"},"query-input":{"@type":"PropertyValueSpecification","valueRequired":true,"valueName":"search_term_string"}}],"inLanguage":"de"},{"@type":"Organization","@id":"https:\/\/www.vitalibera.org\/community\/#organization","name":"vitalibera.org","url":"https:\/\/www.vitalibera.org\/community\/","logo":{"@type":"ImageObject","inLanguage":"de","@id":"https:\/\/www.vitalibera.org\/community\/#\/schema\/logo\/image\/","url":"http:\/\/www.vitalibera.org\/community\/wp-content\/uploads\/2025\/09\/cropped-banner.png","contentUrl":"http:\/\/www.vitalibera.org\/community\/wp-content\/uploads\/2025\/09\/cropped-banner.png","width":991,"height":150,"caption":"vitalibera.org"},"image":{"@id":"https:\/\/www.vitalibera.org\/community\/#\/schema\/logo\/image\/"},"sameAs":["https:\/\/www.facebook.com\/groups\/2997085857140235"]},{"@type":"Person","@id":"https:\/\/www.vitalibera.org\/community\/#\/schema\/person\/6712387298421f222ff6d0a2e22c1534","name":"Andreas Jecklin","image":{"@type":"ImageObject","inLanguage":"de","@id":"http:\/\/0.gravatar.com\/avatar\/ad516503a11cd5ca435acc9bb6523536?s=96","url":"http:\/\/0.gravatar.com\/avatar\/ad516503a11cd5ca435acc9bb6523536?s=96","contentUrl":"http:\/\/0.gravatar.com\/avatar\/ad516503a11cd5ca435acc9bb6523536?s=96","caption":"Andreas Jecklin"},"description":"Manchen gab Gott die Kraft Dinge zu ver\u00e4ndern, mir gab er die Kraft zu ertragen was nicht mehr zu \u00e4ndern ist.","url":"http:\/\/www.vitalibera.org\/community\/author\/andy77\/"}]}},"jetpack_publicize_connections":[],"jetpack_sharing_enabled":true,"jetpack-related-posts":[{"id":7167,"url":"http:\/\/www.vitalibera.org\/community\/2026\/05\/07\/wenn-andere-zu-viel-bestimmen-fremdsteuerung-stoppt-heilung\/","url_meta":{"origin":7400,"position":0},"title":"Wenn andere zu viel bestimmen wollen &#8211; Bevormundung stoppt Heilung","author":"Andreas Jecklin","date":"7 Mai, 2026","format":false,"excerpt":"Unkonstruktive Gespr\u00e4che und endlose Ratschl\u00e4ge von selbsternannten \u201eExperten\u201c bringen nicht weiter, weil sie an deinem Leben vorbeireden. Sie erzeugen L\u00e4rm statt Orientierung. Sie liefern Meinungen statt Verst\u00e4ndnis. Und sie \u00fcberfordern ein Gehirn, das nach einem Schlaganfall vor allem eines braucht: Halt, Klarheit und echte Erfahrungssprache. Selbsternannte \u201eExperten\u201c sprechen oft aus\u2026","rel":"","context":"In &quot;Alltagsnavigation&quot;","block_context":{"text":"Alltagsnavigation","link":"http:\/\/www.vitalibera.org\/community\/category\/beitraege\/eingeschraenkt-im-alltag\/alltagsnavigation\/"},"img":{"alt_text":"","src":"https:\/\/i0.wp.com\/www.vitalibera.org\/community\/wp-content\/uploads\/2026\/05\/da4b294e8c89b2642b1af6e966ced0f3.jpg?resize=350%2C200","width":350,"height":200,"srcset":"https:\/\/i0.wp.com\/www.vitalibera.org\/community\/wp-content\/uploads\/2026\/05\/da4b294e8c89b2642b1af6e966ced0f3.jpg?resize=350%2C200 1x, https:\/\/i0.wp.com\/www.vitalibera.org\/community\/wp-content\/uploads\/2026\/05\/da4b294e8c89b2642b1af6e966ced0f3.jpg?resize=525%2C300 1.5x, https:\/\/i0.wp.com\/www.vitalibera.org\/community\/wp-content\/uploads\/2026\/05\/da4b294e8c89b2642b1af6e966ced0f3.jpg?resize=700%2C400 2x"},"classes":[]},{"id":6436,"url":"http:\/\/www.vitalibera.org\/community\/2026\/03\/30\/der-wunsch-wieder-ueber-das-eigene-leben-zu-bestimmen\/","url_meta":{"origin":7400,"position":1},"title":"Der Wunsch, wieder \u00fcber das eigene Leben zu bestimmen","author":"Andreas Jecklin","date":"30 M\u00e4rz, 2026","format":false,"excerpt":"Der Wunsch, wieder \u00fcber das eigene Leben zu bestimmen, entsteht nicht einfach so. Er taucht auf, wenn etwas in dir merkt: \u201eSo wie es jetzt ist, stimmt es nicht mehr mit mir \u00fcberein.\u201c vitalibera setzt sich aktiv f\u00fcr Menschen mit einer neurologischen Erkrankung ein mit einer grossen Community welche gemeinsam\u2026","rel":"","context":"In &quot;Alltag&quot;","block_context":{"text":"Alltag","link":"http:\/\/www.vitalibera.org\/community\/category\/beitraege\/eingeschraenkt-im-alltag\/alltag\/"},"img":{"alt_text":"","src":"https:\/\/i0.wp.com\/www.vitalibera.org\/community\/wp-content\/uploads\/2026\/03\/d8e7bdfad140b03c3a9b34b9a064953b.jpg?resize=350%2C200","width":350,"height":200,"srcset":"https:\/\/i0.wp.com\/www.vitalibera.org\/community\/wp-content\/uploads\/2026\/03\/d8e7bdfad140b03c3a9b34b9a064953b.jpg?resize=350%2C200 1x, https:\/\/i0.wp.com\/www.vitalibera.org\/community\/wp-content\/uploads\/2026\/03\/d8e7bdfad140b03c3a9b34b9a064953b.jpg?resize=525%2C300 1.5x, https:\/\/i0.wp.com\/www.vitalibera.org\/community\/wp-content\/uploads\/2026\/03\/d8e7bdfad140b03c3a9b34b9a064953b.jpg?resize=700%2C400 2x, https:\/\/i0.wp.com\/www.vitalibera.org\/community\/wp-content\/uploads\/2026\/03\/d8e7bdfad140b03c3a9b34b9a064953b.jpg?resize=1050%2C600 3x"},"classes":[]},{"id":7008,"url":"http:\/\/www.vitalibera.org\/community\/2026\/04\/28\/wo-die-hirnverletzung-mich-ins-offene-wasser-wirft-suche-ich-meine-insel\/","url_meta":{"origin":7400,"position":2},"title":"Wo die Hirnverletzung mich ins offene Wasser wirft, suche ich meine Insel","author":"Andreas Jecklin","date":"28 April, 2026","format":false,"excerpt":"Nach einer Hirnverletzung f\u00fchlt sich der Boden oft an wie Wasser. Nichts ist fest, nichts vertraut, nichts selbstverst\u00e4ndlich. Der K\u00f6rper reagiert anders, der Kopf denkt anders, die Welt wirkt fremd. Und mitten darin stehst du \u2014 suchend, tastend, balancierend. Das Streben nach \u201eLand unter den F\u00fc\u00dfen\u201c ist kein Wunsch nach\u2026","rel":"","context":"In &quot;Alltagsnavigation&quot;","block_context":{"text":"Alltagsnavigation","link":"http:\/\/www.vitalibera.org\/community\/category\/beitraege\/eingeschraenkt-im-alltag\/alltagsnavigation\/"},"img":{"alt_text":"","src":"https:\/\/i0.wp.com\/www.vitalibera.org\/community\/wp-content\/uploads\/2026\/04\/2c1a2b1a4d652346e55c54ba9137e011.jpg?resize=350%2C200&ssl=1","width":350,"height":200},"classes":[]},{"id":7385,"url":"http:\/\/www.vitalibera.org\/community\/2026\/05\/16\/nach-der-rehabilitation-der-neue-weg-hinter-der-mauer\/","url_meta":{"origin":7400,"position":3},"title":"Nach der Rehabilitation &#8211; Der neue Weg hinter der Mauer","author":"Andreas Jecklin","date":"16 Mai, 2026","format":false,"excerpt":"Die Zeit nach der Rehabilitation f\u00fchlt sich f\u00fcr viele Menschen mit Hirnverletzung an wie eine gro\u00dfe graue Mauer. Der Alltag ist wieder da, aber er wirkt fremd, laut und un\u00fcbersichtlich. Routinen, die fr\u00fcher selbstverst\u00e4ndlich waren, brauchen heute mehr Kraft. Zukunftspl\u00e4ne verschwimmen. Und oft fehlt die Unterst\u00fctzung, die man genau jetzt\u2026","rel":"","context":"In &quot;Alltagsnavigation&quot;","block_context":{"text":"Alltagsnavigation","link":"http:\/\/www.vitalibera.org\/community\/category\/beitraege\/eingeschraenkt-im-alltag\/alltagsnavigation\/"},"img":{"alt_text":"","src":"https:\/\/i0.wp.com\/www.vitalibera.org\/community\/wp-content\/uploads\/2026\/05\/1ad8f65255b7d87f383f15bb5a1f7b72-1.jpg?resize=350%2C200","width":350,"height":200},"classes":[]},{"id":8860,"url":"http:\/\/www.vitalibera.org\/community\/2026\/07\/28\/fremde-hilfe-in-der-oeffentlichkeit-bei-sturzsituation-mit-hemiplegie\/","url_meta":{"origin":7400,"position":4},"title":"Fremde Hilfe in der \u00d6ffentlichkeit bei Sturzsituation mit Hemiplegie","author":"Andreas Jecklin","date":"28 Juli, 2026","format":false,"excerpt":"Nach einer Hirnverletzung, Hemiplegie oder Gangunsicherheit kann es im Alltag passieren, dass du in der \u00d6ffentlichkeit st\u00fcrzt. Viele Menschen m\u00f6chten sofort helfen, wissen aber nicht, wie sie das sicher tun k\u00f6nnen. F\u00fcr dich ist wichtig: Du bestimmst, wie Hilfe aussieht. Ein kurzer, klarer Satz reicht oft, um Fremden Orientierung zu\u2026","rel":"","context":"In &quot;Mobilit\u00e4t&quot;","block_context":{"text":"Mobilit\u00e4t","link":"http:\/\/www.vitalibera.org\/community\/category\/beitraege\/eingeschraenkt-im-alltag\/alltag\/mobilitaet\/"},"img":{"alt_text":"","src":"https:\/\/i0.wp.com\/www.vitalibera.org\/community\/wp-content\/uploads\/2026\/07\/sturz44325.png?resize=350%2C200&ssl=1","width":350,"height":200},"classes":[]},{"id":9345,"url":"http:\/\/www.vitalibera.org\/community\/2026\/08\/29\/neuroplastizitaet-ist-real-und-du-hast-die-kraft-sie-zu-nutzen\/","url_meta":{"origin":7400,"position":5},"title":"Neuroplastizit\u00e4t ist real \u2013 und du hast die Kraft, sie zu nutzen","author":"Andreas Jecklin","date":"29 August, 2026","format":false,"excerpt":"Nach einer Hirnverletzung f\u00fchlt sich vieles unsicher an: Bewegungen, Denken, Energie, Alltag. Doch mitten in dieser Unsicherheit gibt es eine Wahrheit, die tr\u00e4gt: Neuroplastizit\u00e4t ist real. Sie ist keine Hoffnung, kein Mythos, kein Hokuspokus \u2013 sie ist messbare Biologie. Dein Gehirn kann sich ver\u00e4ndern, neu verbinden, neu lernen. Und genau\u2026","rel":"","context":"In &quot;Fachwissen&quot;","block_context":{"text":"Fachwissen","link":"http:\/\/www.vitalibera.org\/community\/category\/beitraege\/fachwissen\/"},"img":{"alt_text":"","src":"https:\/\/i0.wp.com\/www.vitalibera.org\/community\/wp-content\/uploads\/2026\/08\/plastizitaet122336.png?resize=350%2C200&ssl=1","width":350,"height":200},"classes":[]}],"jetpack_featured_media_url":"http:\/\/www.vitalibera.org\/community\/wp-content\/uploads\/2026\/05\/aus49999png.png","_links":{"self":[{"href":"http:\/\/www.vitalibera.org\/community\/wp-json\/wp\/v2\/posts\/7400","targetHints":{"allow":["GET"]}}],"collection":[{"href":"http:\/\/www.vitalibera.org\/community\/wp-json\/wp\/v2\/posts"}],"about":[{"href":"http:\/\/www.vitalibera.org\/community\/wp-json\/wp\/v2\/types\/post"}],"author":[{"embeddable":true,"href":"http:\/\/www.vitalibera.org\/community\/wp-json\/wp\/v2\/users\/2"}],"replies":[{"embeddable":true,"href":"http:\/\/www.vitalibera.org\/community\/wp-json\/wp\/v2\/comments?post=7400"}],"version-history":[{"count":0,"href":"http:\/\/www.vitalibera.org\/community\/wp-json\/wp\/v2\/posts\/7400\/revisions"}],"wp:featuredmedia":[{"embeddable":true,"href":"http:\/\/www.vitalibera.org\/community\/wp-json\/wp\/v2\/media\/7409"}],"wp:attachment":[{"href":"http:\/\/www.vitalibera.org\/community\/wp-json\/wp\/v2\/media?parent=7400"}],"wp:term":[{"taxonomy":"category","embeddable":true,"href":"http:\/\/www.vitalibera.org\/community\/wp-json\/wp\/v2\/categories?post=7400"},{"taxonomy":"post_tag","embeddable":true,"href":"http:\/\/www.vitalibera.org\/community\/wp-json\/wp\/v2\/tags?post=7400"}],"curies":[{"name":"wp","href":"https:\/\/api.w.org\/{rel}","templated":true}]}}