{"id":8601,"date":"2026-07-16T15:14:32","date_gmt":"2026-07-16T13:14:32","guid":{"rendered":"https:\/\/www.vitalibera.org\/community\/?p=8601"},"modified":"2026-07-24T11:43:19","modified_gmt":"2026-07-24T09:43:19","slug":"wie-du-einen-menschen-nach-einer-hirnverletzung-zuhause-achtsam-begleiten-kannst","status":"publish","type":"post","link":"http:\/\/www.vitalibera.org\/community\/2026\/07\/16\/wie-du-einen-menschen-nach-einer-hirnverletzung-zuhause-achtsam-begleiten-kannst\/","title":{"rendered":"Wie du einen Menschen nach einer Hirnverletzung zuhause achtsam begleiten kannst"},"content":{"rendered":"\n<div class=\"wp-block-media-text is-stacked-on-mobile is-vertically-aligned-top\"><figure class=\"wp-block-media-text__media\"><img fetchpriority=\"high\" decoding=\"async\" width=\"417\" height=\"320\" src=\"https:\/\/www.vitalibera.org\/community\/wp-content\/uploads\/2026\/07\/angehoepflege151340.png\" alt=\"\" class=\"wp-image-8602 size-full\" srcset=\"http:\/\/www.vitalibera.org\/community\/wp-content\/uploads\/2026\/07\/angehoepflege151340.png 417w, http:\/\/www.vitalibera.org\/community\/wp-content\/uploads\/2026\/07\/angehoepflege151340-300x230.png 300w\" sizes=\"(max-width: 417px) 100vw, 417px\" \/><\/figure><div class=\"wp-block-media-text__content\">\n<p>Die R&uuml;ckkehr nach Hause markiert f&uuml;r viele <a href=\"http:\/\/www.vitalibera.org\/community\/2026\/04\/19\/wenn-reize-laut-werden-und-menschen-leise\/\"><font color=\"blue\"><img src=\"https:\/\/www.vitalibera.org\/community\/wp-content\/images\/link.png\" width=\"20\" height=\"20\"><u>Betroffene<\/u><\/font><\/a> einen wichtigen Schritt auf dem Weg zur&uuml;ck in den <a href=\"http:\/\/www.vitalibera.org\/community\/2026\/04\/30\/lapstacker-transport-gurtsystem-fuer-rollstuehle\/\"><font color=\"blue\"><img src=\"https:\/\/www.vitalibera.org\/community\/wp-content\/images\/link.png\" width=\"20\" height=\"20\"><u>Alltag<\/u><\/font><\/a>. <\/p>\n\n\n\n<p>Nach der <a href=\"http:\/\/www.vitalibera.org\/community\/2026\/07\/14\/orientierungslosigkeit-in-der-akutphase-nach-einer-hirnverletzung\/\"><font color=\"blue\"><img src=\"https:\/\/www.vitalibera.org\/community\/wp-content\/images\/link.png\" width=\"20\" height=\"20\"><u>Rehabilitation<\/u><\/font><\/a> beginnt jedoch oft eine neue Herausforderung &ndash; nicht nur f&uuml;r den Betroffenen selbst, sondern auch f&uuml;r die Angeh&ouml;rigen. Die Kunst besteht darin, Unterst&uuml;tzung zu geben, ohne die Selbstst&auml;ndigkeit einzuschr&auml;nken, und Sicherheit zu schaffen, ohne die Selbstbestimmung zu untergraben. <\/p>\n\n\n\n<p>Mit Geduld, Respekt und einer wertsch&auml;tzenden Haltung kannst du dazu beitragen, dass sich der Betroffene in seinem gewohnten Umfeld sicher, ernst genommen und als selbstbestimmter Mensch wahrgenommen f&uuml;hlt. <\/p>\n\n\n\n<p>Dabei gilt ein einfacher, aber wichtiger Grundsatz: <strong><em>So viel Unterst&uuml;tzung wie n&ouml;tig &ndash; so viel Selbstst&auml;ndigkeit wie m&ouml;glich.<\/em><\/strong><\/p>\n<\/div><\/div>\n\n\n\n<p>Wenn du einen Menschen nach <a href=\"http:\/\/www.vitalibera.org\/community\/enzyklopaedie\/schlaganfall\/\" target=\"_self\" title=\"Ein Schlaganfall, auch Hirnschlag oder Apoplex genannt, ist eine&nbsp;pl&ouml;tzlich auftretende Durchblutungsst&ouml;rung im Gehirn, die dazu f&uuml;hrt, dass Gehirnzellen nicht mehr ausreichend mit Sauerstoff und N&auml;hrstoffen versorgt werden.&nbsp;Dies kann zu bleibenden Sch&auml;den oder sogar zum Absterben von Hirnzellen f&uuml;hren, wenn die Durchblutung nicht schnell wiederhergestellt wird.\" class=\"encyclopedia\">Schlaganfall<\/a>, <a href=\"http:\/\/www.vitalibera.org\/community\/enzyklopaedie\/schaedel-hirn-trauma-sht\/\" target=\"_self\" title=\"Sch&auml;del-Hirn-Trauma (SHT), eine Verletzung des Sch&auml;dels und\/oder des Gehirns, die durch eine Gewalteinwirkung verursacht wird.&nbsp;SHTs reichen von leichten Formen wie Gehirnersch&uuml;tterungen bis hin zu schweren Verletzungen, die eine sofortige medizinische Behandlung erfordern und lebensbedrohlich sein k&ouml;nnen.&nbsp;M&ouml;gliche Folgen sind vor&uuml;bergehende oder dauerhafte Einschr&auml;nkungen der Hirnfunktion sowie Blutungen.&nbsp; Ursachen &Auml;u&szlig;ere Krafteinwirkung auf den Kopf Unf&auml;lle und St&uuml;rze&hellip;\" class=\"encyclopedia\">Sch&auml;del-Hirn-Trauma<\/a> oder <a href=\"http:\/\/www.vitalibera.org\/community\/enzyklopaedie\/hirnblutung\/\" target=\"_self\" title=\"Eine Hirnblutung ist eine&nbsp;Blutung innerhalb des Sch&auml;dels, die durch ein geplatztes oder gerissenes Blutgef&auml;&szlig; im Gehirn verursacht wird.&nbsp;Dies kann zu einer Sch&auml;digung des Gehirngewebes durch den Bluterguss und den erh&ouml;hten Druck f&uuml;hren, was potenziell lebensbedrohlich ist.&nbsp; Ursachen: Bluthochdruck ist eine der h&auml;ufigsten Ursachen f&uuml;r Hirnblutungen, da er die Blutgef&auml;&szlig;e schw&auml;chen und zum Platzen bringen kann.&nbsp;&hellip;\" class=\"encyclopedia\">Hirnblutung<\/a> zuhause begleitest, kannst du seine W&uuml;rde und Selbstbestimmung besonders gut sch&uuml;tzen, indem du nicht alles f&uuml;r ihn &uuml;bernimmst, sondern ihn bef&auml;higst, m&ouml;glichst viel selbst zu tun.<\/p>\n\n\n\n<h6 class=\"wp-block-heading\"><strong>Im Alltag<\/strong><\/h6>\n\n\n\n<ul class=\"wp-block-list\">\n<li>Frage: <strong>&bdquo;M&ouml;chtest du <a href=\"http:\/\/www.vitalibera.org\/community\/2026\/07\/28\/fremde-hilfe-in-der-oeffentlichkeit-bei-sturzsituation-mit-hemiplegie\/\"><font color=\"blue\"><img src=\"https:\/\/www.vitalibera.org\/community\/wp-content\/images\/link.png\" width=\"20\" height=\"20\"><u>Hilfe<\/u><\/font><\/a> oder m&ouml;chtest du es zuerst selbst versuchen?&ldquo;<\/strong><\/li>\n\n\n\n<li>Gib Wahlm&ouml;glichkeiten: <strong>&bdquo;Willst du jetzt spazieren gehen oder nach dem Essen?&ldquo;<\/strong><\/li>\n\n\n\n<li>Lass ausreichend Zeit f&uuml;r Antworten und Handlungen.<\/li>\n\n\n\n<li>Sprich mit ihm als erwachsenem Menschen und nicht &uuml;ber seinen Kopf hinweg.<\/li>\n\n\n\n<li>Beziehe ihn in Entscheidungen ein, die sein eigenes Leben betreffen.<\/li>\n<\/ul>\n\n\n\n<h6 class=\"wp-block-heading\"><strong>Bei k&ouml;rperlicher Unterst&uuml;tzung<\/strong><\/h6>\n\n\n\n<ul class=\"wp-block-list\">\n<li>Erkl&auml;re vorher, was du tun m&ouml;chtest.<\/li>\n\n\n\n<li>Bitte um Zustimmung, wenn Hilfe bei K&ouml;rperpflege oder Anziehen n&ouml;tig ist.<\/li>\n\n\n\n<li>Lass ihn die Teile selbst erledigen, die er kann, auch wenn es l&auml;nger dauert.<\/li>\n\n\n\n<li>Achte auf Privatsph&auml;re und Respekt.<\/li>\n<\/ul>\n\n\n\n<h6 class=\"wp-block-heading\"><strong>Bei kognitiven oder sprachlichen Schwierigkeiten<\/strong><\/h6>\n\n\n\n<ul class=\"wp-block-list\">\n<li>Sprich klar und in kurzen S&auml;tzen.<\/li>\n\n\n\n<li>Stelle eine Frage nach der anderen.<\/li>\n\n\n\n<li>Gib gen&uuml;gend Zeit zum Nachdenken und Antworten.<\/li>\n\n\n\n<li>Korrigiere nicht st&auml;ndig und vervollst&auml;ndige S&auml;tze nur, wenn er das m&ouml;chte.<\/li>\n<\/ul>\n\n\n\n<h6 class=\"wp-block-heading\"><strong>Emotional<\/strong><\/h6>\n\n\n\n<p>Viele Betroffene leiden darunter, dass andere nur noch ihre Einschr&auml;nkungen sehen. Deshalb:<\/p>\n\n\n\n<ul class=\"wp-block-list\">\n<li>Nimm seine Gef&uuml;hle ernst.<\/li>\n\n\n\n<li>Lobe Anstrengungen, nicht nur Erfolge.<\/li>\n\n\n\n<li>Erinnere ihn daran, was er weiterhin kann.<\/li>\n\n\n\n<li>F&ouml;rdere Kontakte, Hobbys und soziale Teilhabe.<\/li>\n<\/ul>\n\n\n\n<h6 class=\"wp-block-heading\"><strong>Auch wichtig f&uuml;r dich<\/strong><\/h6>\n\n\n\n<p>Du musst nicht alles alleine tragen. Gute Unterst&uuml;tzung gelingt nur, wenn du auch auf deine eigene Gesundheit, Erholung und Entlastung achtest.<\/p>\n\n\n\n<p><strong>Frage dich immer:<\/strong> &bdquo;Unterst&uuml;tze ich gerade seine Selbstst&auml;ndigkeit oder nehme ich sie ihm ungewollt ab?&ldquo;<br>Diese Haltung hilft oft mehr als jede Pflegetechnik.<\/p>\n\n\n\n<div class=\"wp-block-media-text is-stacked-on-mobile is-vertically-aligned-top\" style=\"grid-template-columns:33% auto\"><figure class=\"wp-block-media-text__media\"><img decoding=\"async\" width=\"302\" height=\"277\" src=\"http:\/\/www.vitalibera.org\/community\/wp-content\/uploads\/2026\/03\/tip3.png\" alt=\"\" class=\"wp-image-6087 size-full\" srcset=\"http:\/\/www.vitalibera.org\/community\/wp-content\/uploads\/2026\/03\/tip3.png 302w, http:\/\/www.vitalibera.org\/community\/wp-content\/uploads\/2026\/03\/tip3-300x275.png 300w\" sizes=\"(max-width: 302px) 100vw, 302px\" \/><\/figure><div class=\"wp-block-media-text__content\">\n<p>Als Angeh&ouml;riger musst du das Rad nicht neu erfinden. Es gibt viele Stellen, die dir praktische und fachliche Hilfe bieten k&ouml;nnen:<\/p>\n\n\n\n<h6 class=\"wp-block-heading\"><strong>Pflegefachpersonen und Spitex\/Pflegedienste<\/strong><\/h6>\n\n\n\n<p>Die <a href=\"http:\/\/www.vitalibera.org\/community\/enzyklopaedie\/spitex\/\" target=\"_self\" title=\"Spitex steht f&uuml;r &bdquo;spitalexterne Hilfe und Pflege&ldquo; und umfasst Dienstleistungen, die Menschen jeden Alters zu Hause pflegen, betreuen und unterst&uuml;tzen, wenn diese krank, behindert, alt oder in einer schwierigen Lebenssituation sind. Ziel ist es, die Selbstst&auml;ndigkeit zu erhalten und den Verbleib im vertrauten Umfeld zu erm&ouml;glichen\" class=\"encyclopedia\">Spitex<\/a> oder ambulante <a href=\"http:\/\/www.vitalibera.org\/community\/2026\/07\/14\/pflegedienste\/\"><font color=\"blue\"><img src=\"https:\/\/www.vitalibera.org\/community\/wp-content\/images\/link.png\" width=\"20\" height=\"20\"><u>Pflege<\/u><\/font><\/a> kann dir zeigen, wie du im Alltag sicher unterst&uuml;tzt, beispielsweise bei:<\/p>\n\n\n\n<ul class=\"wp-block-list\">\n<li>Mobilisation und Transfers<\/li>\n\n\n\n<li>K&ouml;rperpflege<\/li>\n\n\n\n<li><a href=\"http:\/\/www.vitalibera.org\/community\/2026\/08\/31\/lagerung-nach-bobath-orientierung-fuer-angehoerige-im-alltag-bei-hemiparese\/\"><font color=\"blue\"><img src=\"https:\/\/www.vitalibera.org\/community\/wp-content\/images\/link.png\" width=\"20\" height=\"20\"><u>Lagerung<\/u><\/font><\/a><\/li>\n\n\n\n<li>Sturzpr&auml;vention<\/li>\n\n\n\n<li>Umgang mit Hilfsmitteln<\/li>\n<\/ul>\n\n\n\n<h6 class=\"wp-block-heading\"><strong>Hausarzt und behandelnde Fach&auml;rzte<\/strong><\/h6>\n\n\n\n<p>Sie k&ouml;nnen Fragen zu gesundheitlichen Ver&auml;nderungen, Medikamenten, <a href=\"http:\/\/www.vitalibera.org\/community\/enzyklopaedie\/fatigue\/\" target=\"_self\" title=\"Fatigue (anhaltende Ersch&ouml;pfung) ist ein tiefgreifender, k&ouml;rperlicher und geistiger Ersch&ouml;pfungszustand. Im Gegensatz zu normaler M&uuml;digkeit bessert er sich durch Schlaf oder Ruhepausen nicht. Sie tritt h&auml;ufig als Begleitsymptom bei chronischen Erkrankungen (z. B. Gehirnverletzungen, MS oder Long-Covid) auf. Hier finden Sie eine &Uuml;bersicht &uuml;ber den Zustand: Fatigue vs. normale M&uuml;digkeit Normale M&uuml;digkeit: Tritt nach Anstrengung&hellip;\" class=\"encyclopedia\">Fatigue<\/a> oder Verhaltensauff&auml;lligkeiten beantworten und bei Bedarf weitere Unterst&uuml;tzung organisieren.<\/p>\n\n\n\n<h6 class=\"wp-block-heading\"><strong>Therapieeinrichtungen<\/strong><\/h6>\n\n\n\n<p>Ergotherapeuten, Physiotherapeuten und Logop&auml;den vermitteln oft wertvolle Alltagstipps f&uuml;r zuhause:<\/p>\n\n\n\n<ul class=\"wp-block-list\">\n<li>selbstst&auml;ndiges Anziehen und Essen<\/li>\n\n\n\n<li>Ged&auml;chtnisstrategien<\/li>\n\n\n\n<li>Kommunikationshilfen<\/li>\n\n\n\n<li>Bewegungs- und Gleichgewichts&uuml;bungen<\/li>\n<\/ul>\n\n\n\n<h6 class=\"wp-block-heading\"><strong>Angeh&ouml;rigen- und Selbsthilfegruppen<\/strong><\/h6>\n\n\n\n<p>Der Austausch mit anderen Betroffenen und Angeh&ouml;rigen bietet praktische Erfahrungen, emotionale Unterst&uuml;tzung und hilfreiche Alltagstipps.<\/p>\n\n\n\n<h6 class=\"wp-block-heading\"><strong>Gehirnverletzten-Organisationen<\/strong><\/h6>\n\n\n\n<p>In der Schweiz bieten verschiedene Fachorganisationen Informationen, Kurse und Beratungen f&uuml;r Angeh&ouml;rige an, beispielsweise: <a href=\"https:\/\/www.fragile.ch\" target=\"_blank\" rel=\"noreferrer noopener\">https:\/\/www.fragile.ch<\/a><\/p>\n\n\n\n<h6 class=\"wp-block-heading\"><strong>Pflegekurse f&uuml;r Angeh&ouml;rige<\/strong><\/h6>\n\n\n\n<p>Viele Spit&auml;ler, Rehabilitationskliniken, <a href=\"http:\/\/www.vitalibera.org\/community\/enzyklopaedie\/spitex\/\" target=\"_self\" title=\"Spitex steht f&uuml;r &bdquo;spitalexterne Hilfe und Pflege&ldquo; und umfasst Dienstleistungen, die Menschen jeden Alters zu Hause pflegen, betreuen und unterst&uuml;tzen, wenn diese krank, behindert, alt oder in einer schwierigen Lebenssituation sind. Ziel ist es, die Selbstst&auml;ndigkeit zu erhalten und den Verbleib im vertrauten Umfeld zu erm&ouml;glichen\" class=\"encyclopedia\">Spitex<\/a>-Organisationen und das Schweizerische Rote Kreuz bieten Kurse an, in denen du praktische Pflegetechniken und den Umgang mit den Folgen einer <a href=\"http:\/\/www.vitalibera.org\/community\/enzyklopaedie\/hirnverletzung\/\" target=\"_self\" title=\"Eine Hirnverletzung (oft als&nbsp;Sch&auml;del-Hirn-Trauma, SHT) ist eine&nbsp;Sch&auml;digung des Gehirns, verursacht durch &auml;u&szlig;ere Gewalteinwirkung (Unfall, Sturz) oder innere Faktoren (Schlaganfall, Tumor). Sie f&uuml;hrt zu k&ouml;rperlichen, kognitiven und verhaltensbezogenen Einschr&auml;nkungen, die oft unsichtbar bleiben. Symptome reichen von Kopfschmerzen bis zu schweren Behinderungen. Wichtige Aspekte der Hirnverletzung: Ursachen:&nbsp;H&auml;ufig durch Schlaganf&auml;lle, Hirnblutungen, Sauerstoffmangel oder St&uuml;rze\/Verkehrsunf&auml;lle (Sch&auml;del-Hirn-Trauma). Formen (SHT):&nbsp;Unterscheidung in&hellip;\" class=\"encyclopedia\">Hirnverletzung<\/a> erlernen kannst.<\/p>\n\n\n\n<p><strong>Der wichtigste Tipp<\/strong>: Scheue dich nicht, Fragen zu stellen. Gute Angeh&ouml;rigenpflege bedeutet nicht, alles zu wissen, sondern zu wissen, wo du Unterst&uuml;tzung bekommst.<\/p>\n<\/div><\/div>\n\n\n\n<p><strong>Extra Tipp <\/strong>: Nutze die Zeit in der Akut- und Rehabilitationsphase, um m&ouml;glichst viele Fragen zu stellen. Das Pflegepersonal, die Therapeutinnen und Therapeuten sowie die &Auml;rztinnen und &Auml;rzte kennen die individuellen Herausforderungen des Betroffenen und k&ouml;nnen dir wertvolle praktische Tipps f&uuml;r zuhause geben.<\/p>\n\n\n\n<p>Scheue dich nicht, das Pflegepersonal direkt anzusprechen und dir wichtige Handgriffe zeigen zu lassen,<\/p>\n\n\n\n<p><strong>Die Rehabilitationszeit ist nicht nur f&uuml;r den Betroffenen eine Lernphase, sondern auch f&uuml;r dich als Angeh&ouml;riger. Je besser du vorbereitet bist, desto leichter gelingt der &Uuml;bergang in das h&auml;usliche Umfeld.<\/strong><\/p>\n\n\n\n<p><\/p>\n","protected":false},"excerpt":{"rendered":"<p>Die R\u00fcckkehr nach Hause markiert f\u00fcr viele Betroffene einen wichtigen Schritt auf dem Weg zur\u00fcck in den Alltag.<\/p>\n<p>Nach der Rehabilitation beginnt jedoch oft eine neue Herausforderung \u2013 nicht nur f\u00fcr den Betroffenen selbst, sondern auch f\u00fcr die Angeh\u00f6rigen. Die Kunst besteht darin, Unterst\u00fctzung zu geben, ohne die Selbstst\u00e4ndigkeit einzuschr\u00e4nken, und Sicherheit zu schaffen, ohne die Selbstbestimmung zu untergraben.<\/p>\n","protected":false},"author":2,"featured_media":8602,"comment_status":"closed","ping_status":"open","sticky":false,"template":"","format":"standard","meta":{"cybocfi_hide_featured_image":"yes","_jetpack_newsletter_access":"","_jetpack_dont_email_post_to_subs":false,"_jetpack_newsletter_tier_id":0,"_jetpack_memberships_contains_paywalled_content":false,"_jetpack_feature_clip_id":0,"_jetpack_memberships_contains_paid_content":false,"footnotes":"","jetpack_publicize_message":"","jetpack_publicize_feature_enabled":true,"jetpack_social_post_already_shared":false,"jetpack_social_options":{"image_generator_settings":{"template":"highway","default_image_id":0,"font":"","enabled":false},"version":2},"jetpack_post_was_ever_published":false},"categories":[225],"tags":[495,532,536],"class_list":["post-8601","post","type-post","status-publish","format-standard","has-post-thumbnail","hentry","category-hilfe-fuer-angehoerige","tag-alltag","tag-ambulant","tag-pflege"],"yoast_head":"<!-- This site is optimized with the Yoast SEO plugin v28.2 - https:\/\/yoast.com\/product\/yoast-seo-wordpress\/ -->\r\n<title>Wie du einen Menschen nach einer Hirnverletzung zuhause achtsam begleiten kannst - vitalibera.org<\/title>\r\n<meta name=\"robots\" content=\"index, follow, max-snippet:-1, max-image-preview:large, max-video-preview:-1\" \/>\r\n<link rel=\"canonical\" href=\"http:\/\/www.vitalibera.org\/community\/2026\/07\/16\/wie-du-einen-menschen-nach-einer-hirnverletzung-zuhause-achtsam-begleiten-kannst\/\" \/>\r\n<meta property=\"og:locale\" content=\"de_DE\" \/>\r\n<meta property=\"og:type\" content=\"article\" \/>\r\n<meta property=\"og:title\" content=\"Wie du einen Menschen nach einer Hirnverletzung zuhause achtsam begleiten kannst - vitalibera.org\" \/>\r\n<meta property=\"og:description\" content=\"Die R\u00fcckkehr nach Hause markiert f\u00fcr viele Betroffene einen wichtigen Schritt auf dem Weg zur\u00fcck in den Alltag. Nach der Rehabilitation beginnt jedoch oft eine neue Herausforderung \u2013 nicht nur f\u00fcr den Betroffenen selbst, sondern auch f\u00fcr die Angeh\u00f6rigen. Die Kunst besteht darin, Unterst\u00fctzung zu geben, ohne die Selbstst\u00e4ndigkeit einzuschr\u00e4nken, und Sicherheit zu schaffen, ohne die Selbstbestimmung zu untergraben.\" \/>\r\n<meta property=\"og:url\" content=\"http:\/\/www.vitalibera.org\/community\/2026\/07\/16\/wie-du-einen-menschen-nach-einer-hirnverletzung-zuhause-achtsam-begleiten-kannst\/\" \/>\r\n<meta property=\"og:site_name\" content=\"vitalibera.org\" \/>\r\n<meta property=\"article:publisher\" content=\"https:\/\/www.facebook.com\/groups\/2997085857140235\" \/>\r\n<meta property=\"article:published_time\" content=\"2026-07-16T13:14:32+00:00\" \/>\r\n<meta property=\"article:modified_time\" content=\"2026-07-24T09:43:19+00:00\" \/>\r\n<meta property=\"og:image\" content=\"http:\/\/www.vitalibera.org\/community\/wp-content\/uploads\/2026\/07\/angehoepflege151340.png\" \/>\r\n\t<meta property=\"og:image:width\" content=\"417\" \/>\r\n\t<meta property=\"og:image:height\" content=\"320\" \/>\r\n\t<meta property=\"og:image:type\" content=\"image\/png\" \/>\r\n<meta name=\"author\" content=\"Andreas Jecklin\" \/>\r\n<meta name=\"twitter:card\" content=\"summary_large_image\" \/>\r\n<meta name=\"twitter:label1\" content=\"Verfasst von\" \/>\n\t<meta name=\"twitter:data1\" content=\"Andreas Jecklin\" \/>\n\t<meta name=\"twitter:label2\" content=\"Gesch\u00e4tzte Lesezeit\" \/>\n\t<meta name=\"twitter:data2\" content=\"5\u00a0Minuten\" \/>\r\n<script type=\"application\/ld+json\" class=\"yoast-schema-graph\">{\"@context\":\"https:\\\/\\\/schema.org\",\"@graph\":[{\"@type\":\"Article\",\"@id\":\"http:\\\/\\\/www.vitalibera.org\\\/community\\\/2026\\\/07\\\/16\\\/wie-du-einen-menschen-nach-einer-hirnverletzung-zuhause-achtsam-begleiten-kannst\\\/#article\",\"isPartOf\":{\"@id\":\"http:\\\/\\\/www.vitalibera.org\\\/community\\\/2026\\\/07\\\/16\\\/wie-du-einen-menschen-nach-einer-hirnverletzung-zuhause-achtsam-begleiten-kannst\\\/\"},\"author\":{\"name\":\"Andreas Jecklin\",\"@id\":\"https:\\\/\\\/www.vitalibera.org\\\/community\\\/#\\\/schema\\\/person\\\/6712387298421f222ff6d0a2e22c1534\"},\"headline\":\"Wie du einen Menschen nach einer Hirnverletzung zuhause achtsam begleiten kannst\",\"datePublished\":\"2026-07-16T13:14:32+00:00\",\"dateModified\":\"2026-07-24T09:43:19+00:00\",\"mainEntityOfPage\":{\"@id\":\"http:\\\/\\\/www.vitalibera.org\\\/community\\\/2026\\\/07\\\/16\\\/wie-du-einen-menschen-nach-einer-hirnverletzung-zuhause-achtsam-begleiten-kannst\\\/\"},\"wordCount\":704,\"publisher\":{\"@id\":\"https:\\\/\\\/www.vitalibera.org\\\/community\\\/#organization\"},\"image\":{\"@id\":\"http:\\\/\\\/www.vitalibera.org\\\/community\\\/2026\\\/07\\\/16\\\/wie-du-einen-menschen-nach-einer-hirnverletzung-zuhause-achtsam-begleiten-kannst\\\/#primaryimage\"},\"thumbnailUrl\":\"http:\\\/\\\/www.vitalibera.org\\\/community\\\/wp-content\\\/uploads\\\/2026\\\/07\\\/angehoepflege151340.png\",\"keywords\":[\"alltag\",\"ambulant\",\"pflege\"],\"articleSection\":[\"Hilfe f\u00fcr Angeh\u00f6rige\"],\"inLanguage\":\"de\"},{\"@type\":\"WebPage\",\"@id\":\"http:\\\/\\\/www.vitalibera.org\\\/community\\\/2026\\\/07\\\/16\\\/wie-du-einen-menschen-nach-einer-hirnverletzung-zuhause-achtsam-begleiten-kannst\\\/\",\"url\":\"http:\\\/\\\/www.vitalibera.org\\\/community\\\/2026\\\/07\\\/16\\\/wie-du-einen-menschen-nach-einer-hirnverletzung-zuhause-achtsam-begleiten-kannst\\\/\",\"name\":\"Wie du einen Menschen nach einer Hirnverletzung zuhause achtsam begleiten kannst - vitalibera.org\",\"isPartOf\":{\"@id\":\"https:\\\/\\\/www.vitalibera.org\\\/community\\\/#website\"},\"primaryImageOfPage\":{\"@id\":\"http:\\\/\\\/www.vitalibera.org\\\/community\\\/2026\\\/07\\\/16\\\/wie-du-einen-menschen-nach-einer-hirnverletzung-zuhause-achtsam-begleiten-kannst\\\/#primaryimage\"},\"image\":{\"@id\":\"http:\\\/\\\/www.vitalibera.org\\\/community\\\/2026\\\/07\\\/16\\\/wie-du-einen-menschen-nach-einer-hirnverletzung-zuhause-achtsam-begleiten-kannst\\\/#primaryimage\"},\"thumbnailUrl\":\"http:\\\/\\\/www.vitalibera.org\\\/community\\\/wp-content\\\/uploads\\\/2026\\\/07\\\/angehoepflege151340.png\",\"datePublished\":\"2026-07-16T13:14:32+00:00\",\"dateModified\":\"2026-07-24T09:43:19+00:00\",\"breadcrumb\":{\"@id\":\"http:\\\/\\\/www.vitalibera.org\\\/community\\\/2026\\\/07\\\/16\\\/wie-du-einen-menschen-nach-einer-hirnverletzung-zuhause-achtsam-begleiten-kannst\\\/#breadcrumb\"},\"inLanguage\":\"de\",\"potentialAction\":[{\"@type\":\"ReadAction\",\"target\":[\"http:\\\/\\\/www.vitalibera.org\\\/community\\\/2026\\\/07\\\/16\\\/wie-du-einen-menschen-nach-einer-hirnverletzung-zuhause-achtsam-begleiten-kannst\\\/\"]}]},{\"@type\":\"BreadcrumbList\",\"@id\":\"http:\\\/\\\/www.vitalibera.org\\\/community\\\/2026\\\/07\\\/16\\\/wie-du-einen-menschen-nach-einer-hirnverletzung-zuhause-achtsam-begleiten-kannst\\\/#breadcrumb\",\"itemListElement\":[{\"@type\":\"ListItem\",\"position\":1,\"name\":\"Startseite\",\"item\":\"https:\\\/\\\/www.vitalibera.org\\\/community\\\/\"},{\"@type\":\"ListItem\",\"position\":2,\"name\":\"Wie du einen Menschen nach einer Hirnverletzung zuhause achtsam begleiten kannst\"}]},{\"@type\":\"WebSite\",\"@id\":\"https:\\\/\\\/www.vitalibera.org\\\/community\\\/#website\",\"url\":\"https:\\\/\\\/www.vitalibera.org\\\/community\\\/\",\"name\":\"vitalibera.org\",\"description\":\"Mit einer Einschr&auml;nkung gestaltet sich das Leben im Alltag oft schwieriger - hier berichten wir &uuml;ber unsere Erfahrungen und Hilfsmittel um den Alltag so unbeschwert und unkompliziert wie nur m&ouml;glich geniessen zu k&ouml;nnen. Dabei richten wir unseren Fokus gezielt auf Selbst&auml;ndigkeit, Eigenst&auml;ndigkeit und Selbstbestimmung.\",\"publisher\":{\"@id\":\"https:\\\/\\\/www.vitalibera.org\\\/community\\\/#organization\"},\"potentialAction\":[{\"@type\":\"SearchAction\",\"target\":{\"@type\":\"EntryPoint\",\"urlTemplate\":\"https:\\\/\\\/www.vitalibera.org\\\/community\\\/?s={search_term_string}\"},\"query-input\":{\"@type\":\"PropertyValueSpecification\",\"valueRequired\":true,\"valueName\":\"search_term_string\"}}],\"inLanguage\":\"de\"},{\"@type\":\"Organization\",\"@id\":\"https:\\\/\\\/www.vitalibera.org\\\/community\\\/#organization\",\"name\":\"vitalibera.org\",\"url\":\"https:\\\/\\\/www.vitalibera.org\\\/community\\\/\",\"logo\":{\"@type\":\"ImageObject\",\"inLanguage\":\"de\",\"@id\":\"https:\\\/\\\/www.vitalibera.org\\\/community\\\/#\\\/schema\\\/logo\\\/image\\\/\",\"url\":\"http:\\\/\\\/www.vitalibera.org\\\/community\\\/wp-content\\\/uploads\\\/2025\\\/09\\\/cropped-banner.png\",\"contentUrl\":\"http:\\\/\\\/www.vitalibera.org\\\/community\\\/wp-content\\\/uploads\\\/2025\\\/09\\\/cropped-banner.png\",\"width\":991,\"height\":150,\"caption\":\"vitalibera.org\"},\"image\":{\"@id\":\"https:\\\/\\\/www.vitalibera.org\\\/community\\\/#\\\/schema\\\/logo\\\/image\\\/\"},\"sameAs\":[\"https:\\\/\\\/www.facebook.com\\\/groups\\\/2997085857140235\"]},{\"@type\":\"Person\",\"@id\":\"https:\\\/\\\/www.vitalibera.org\\\/community\\\/#\\\/schema\\\/person\\\/6712387298421f222ff6d0a2e22c1534\",\"name\":\"Andreas Jecklin\",\"image\":{\"@type\":\"ImageObject\",\"inLanguage\":\"de\",\"@id\":\"http:\\\/\\\/0.gravatar.com\\\/avatar\\\/ad516503a11cd5ca435acc9bb6523536?s=96\",\"url\":\"http:\\\/\\\/0.gravatar.com\\\/avatar\\\/ad516503a11cd5ca435acc9bb6523536?s=96\",\"contentUrl\":\"http:\\\/\\\/0.gravatar.com\\\/avatar\\\/ad516503a11cd5ca435acc9bb6523536?s=96\",\"caption\":\"Andreas Jecklin\"},\"description\":\"Manchen gab Gott die Kraft Dinge zu ver\u00e4ndern, mir gab er die Kraft zu ertragen was nicht mehr zu \u00e4ndern ist.\",\"url\":\"http:\\\/\\\/www.vitalibera.org\\\/community\\\/author\\\/andy77\\\/\"}]}<\/script>\r\n<!-- \/ Yoast SEO plugin. -->","yoast_head_json":{"title":"Wie du einen Menschen nach einer Hirnverletzung zuhause achtsam begleiten kannst - vitalibera.org","robots":{"index":"index","follow":"follow","max-snippet":"max-snippet:-1","max-image-preview":"max-image-preview:large","max-video-preview":"max-video-preview:-1"},"canonical":"http:\/\/www.vitalibera.org\/community\/2026\/07\/16\/wie-du-einen-menschen-nach-einer-hirnverletzung-zuhause-achtsam-begleiten-kannst\/","og_locale":"de_DE","og_type":"article","og_title":"Wie du einen Menschen nach einer Hirnverletzung zuhause achtsam begleiten kannst - vitalibera.org","og_description":"Die R\u00fcckkehr nach Hause markiert f\u00fcr viele Betroffene einen wichtigen Schritt auf dem Weg zur\u00fcck in den Alltag. Nach der Rehabilitation beginnt jedoch oft eine neue Herausforderung \u2013 nicht nur f\u00fcr den Betroffenen selbst, sondern auch f\u00fcr die Angeh\u00f6rigen. Die Kunst besteht darin, Unterst\u00fctzung zu geben, ohne die Selbstst\u00e4ndigkeit einzuschr\u00e4nken, und Sicherheit zu schaffen, ohne die Selbstbestimmung zu untergraben.","og_url":"http:\/\/www.vitalibera.org\/community\/2026\/07\/16\/wie-du-einen-menschen-nach-einer-hirnverletzung-zuhause-achtsam-begleiten-kannst\/","og_site_name":"vitalibera.org","article_publisher":"https:\/\/www.facebook.com\/groups\/2997085857140235","article_published_time":"2026-07-16T13:14:32+00:00","article_modified_time":"2026-07-24T09:43:19+00:00","og_image":[{"width":417,"height":320,"url":"http:\/\/www.vitalibera.org\/community\/wp-content\/uploads\/2026\/07\/angehoepflege151340.png","type":"image\/png"}],"author":"Andreas Jecklin","twitter_card":"summary_large_image","twitter_misc":{"Verfasst von":"Andreas Jecklin","Gesch\u00e4tzte Lesezeit":"5\u00a0Minuten"},"schema":{"@context":"https:\/\/schema.org","@graph":[{"@type":"Article","@id":"http:\/\/www.vitalibera.org\/community\/2026\/07\/16\/wie-du-einen-menschen-nach-einer-hirnverletzung-zuhause-achtsam-begleiten-kannst\/#article","isPartOf":{"@id":"http:\/\/www.vitalibera.org\/community\/2026\/07\/16\/wie-du-einen-menschen-nach-einer-hirnverletzung-zuhause-achtsam-begleiten-kannst\/"},"author":{"name":"Andreas Jecklin","@id":"https:\/\/www.vitalibera.org\/community\/#\/schema\/person\/6712387298421f222ff6d0a2e22c1534"},"headline":"Wie du einen Menschen nach einer Hirnverletzung zuhause achtsam begleiten kannst","datePublished":"2026-07-16T13:14:32+00:00","dateModified":"2026-07-24T09:43:19+00:00","mainEntityOfPage":{"@id":"http:\/\/www.vitalibera.org\/community\/2026\/07\/16\/wie-du-einen-menschen-nach-einer-hirnverletzung-zuhause-achtsam-begleiten-kannst\/"},"wordCount":704,"publisher":{"@id":"https:\/\/www.vitalibera.org\/community\/#organization"},"image":{"@id":"http:\/\/www.vitalibera.org\/community\/2026\/07\/16\/wie-du-einen-menschen-nach-einer-hirnverletzung-zuhause-achtsam-begleiten-kannst\/#primaryimage"},"thumbnailUrl":"http:\/\/www.vitalibera.org\/community\/wp-content\/uploads\/2026\/07\/angehoepflege151340.png","keywords":["alltag","ambulant","pflege"],"articleSection":["Hilfe f\u00fcr Angeh\u00f6rige"],"inLanguage":"de"},{"@type":"WebPage","@id":"http:\/\/www.vitalibera.org\/community\/2026\/07\/16\/wie-du-einen-menschen-nach-einer-hirnverletzung-zuhause-achtsam-begleiten-kannst\/","url":"http:\/\/www.vitalibera.org\/community\/2026\/07\/16\/wie-du-einen-menschen-nach-einer-hirnverletzung-zuhause-achtsam-begleiten-kannst\/","name":"Wie du einen Menschen nach einer Hirnverletzung zuhause achtsam begleiten kannst - vitalibera.org","isPartOf":{"@id":"https:\/\/www.vitalibera.org\/community\/#website"},"primaryImageOfPage":{"@id":"http:\/\/www.vitalibera.org\/community\/2026\/07\/16\/wie-du-einen-menschen-nach-einer-hirnverletzung-zuhause-achtsam-begleiten-kannst\/#primaryimage"},"image":{"@id":"http:\/\/www.vitalibera.org\/community\/2026\/07\/16\/wie-du-einen-menschen-nach-einer-hirnverletzung-zuhause-achtsam-begleiten-kannst\/#primaryimage"},"thumbnailUrl":"http:\/\/www.vitalibera.org\/community\/wp-content\/uploads\/2026\/07\/angehoepflege151340.png","datePublished":"2026-07-16T13:14:32+00:00","dateModified":"2026-07-24T09:43:19+00:00","breadcrumb":{"@id":"http:\/\/www.vitalibera.org\/community\/2026\/07\/16\/wie-du-einen-menschen-nach-einer-hirnverletzung-zuhause-achtsam-begleiten-kannst\/#breadcrumb"},"inLanguage":"de","potentialAction":[{"@type":"ReadAction","target":["http:\/\/www.vitalibera.org\/community\/2026\/07\/16\/wie-du-einen-menschen-nach-einer-hirnverletzung-zuhause-achtsam-begleiten-kannst\/"]}]},{"@type":"BreadcrumbList","@id":"http:\/\/www.vitalibera.org\/community\/2026\/07\/16\/wie-du-einen-menschen-nach-einer-hirnverletzung-zuhause-achtsam-begleiten-kannst\/#breadcrumb","itemListElement":[{"@type":"ListItem","position":1,"name":"Startseite","item":"https:\/\/www.vitalibera.org\/community\/"},{"@type":"ListItem","position":2,"name":"Wie du einen Menschen nach einer Hirnverletzung zuhause achtsam begleiten kannst"}]},{"@type":"WebSite","@id":"https:\/\/www.vitalibera.org\/community\/#website","url":"https:\/\/www.vitalibera.org\/community\/","name":"vitalibera.org","description":"Mit einer Einschr&auml;nkung gestaltet sich das Leben im Alltag oft schwieriger - hier berichten wir &uuml;ber unsere Erfahrungen und Hilfsmittel um den Alltag so unbeschwert und unkompliziert wie nur m&ouml;glich geniessen zu k&ouml;nnen. Dabei richten wir unseren Fokus gezielt auf Selbst&auml;ndigkeit, Eigenst&auml;ndigkeit und Selbstbestimmung.","publisher":{"@id":"https:\/\/www.vitalibera.org\/community\/#organization"},"potentialAction":[{"@type":"SearchAction","target":{"@type":"EntryPoint","urlTemplate":"https:\/\/www.vitalibera.org\/community\/?s={search_term_string}"},"query-input":{"@type":"PropertyValueSpecification","valueRequired":true,"valueName":"search_term_string"}}],"inLanguage":"de"},{"@type":"Organization","@id":"https:\/\/www.vitalibera.org\/community\/#organization","name":"vitalibera.org","url":"https:\/\/www.vitalibera.org\/community\/","logo":{"@type":"ImageObject","inLanguage":"de","@id":"https:\/\/www.vitalibera.org\/community\/#\/schema\/logo\/image\/","url":"http:\/\/www.vitalibera.org\/community\/wp-content\/uploads\/2025\/09\/cropped-banner.png","contentUrl":"http:\/\/www.vitalibera.org\/community\/wp-content\/uploads\/2025\/09\/cropped-banner.png","width":991,"height":150,"caption":"vitalibera.org"},"image":{"@id":"https:\/\/www.vitalibera.org\/community\/#\/schema\/logo\/image\/"},"sameAs":["https:\/\/www.facebook.com\/groups\/2997085857140235"]},{"@type":"Person","@id":"https:\/\/www.vitalibera.org\/community\/#\/schema\/person\/6712387298421f222ff6d0a2e22c1534","name":"Andreas Jecklin","image":{"@type":"ImageObject","inLanguage":"de","@id":"http:\/\/0.gravatar.com\/avatar\/ad516503a11cd5ca435acc9bb6523536?s=96","url":"http:\/\/0.gravatar.com\/avatar\/ad516503a11cd5ca435acc9bb6523536?s=96","contentUrl":"http:\/\/0.gravatar.com\/avatar\/ad516503a11cd5ca435acc9bb6523536?s=96","caption":"Andreas Jecklin"},"description":"Manchen gab Gott die Kraft Dinge zu ver\u00e4ndern, mir gab er die Kraft zu ertragen was nicht mehr zu \u00e4ndern ist.","url":"http:\/\/www.vitalibera.org\/community\/author\/andy77\/"}]}},"jetpack_publicize_connections":[],"jetpack_sharing_enabled":true,"jetpack-related-posts":[{"id":7783,"url":"http:\/\/www.vitalibera.org\/community\/2026\/06\/06\/leben-nach-der-akutrehabilitation-wege-und-perspektiven-nach-einer-gehirnverletzung\/","url_meta":{"origin":8601,"position":0},"title":"Leben nach der Akutrehabilitation \u2013 Wege und Perspektiven nach einer Gehirnverletzung","author":"admin","date":"6 Juni, 2026","format":false,"excerpt":"Nach einer Gehirnverletzung markiert die Akutrehabilitation einen wichtigen ersten Schritt auf dem Weg zur Genesung. Doch auch nach dieser intensiven Phase ist der Rehabilitationsprozess meist noch nicht abgeschlossen. Je nach Schwere der Beeintr\u00e4chtigungen und individuellen Fortschritten stehen verschiedene Anschlussm\u00f6glichkeiten im Vordergrund \u2013 von weiterf\u00fchrender station\u00e4rer Therapie \u00fcber ambulante Behandlungen bis\u2026","rel":"","context":"In &quot;Alltagsnavigation&quot;","block_context":{"text":"Alltagsnavigation","link":"http:\/\/www.vitalibera.org\/community\/category\/beitraege\/eingeschraenkt-im-alltag\/alltagsnavigation\/"},"img":{"alt_text":"","src":"https:\/\/i0.wp.com\/www.vitalibera.org\/community\/wp-content\/uploads\/2026\/06\/0ce5b0f906d7f34c7f9a3d45d3c60e63.jpg?resize=350%2C200","width":350,"height":200},"classes":[]},{"id":7585,"url":"http:\/\/www.vitalibera.org\/community\/2026\/05\/28\/nicht-allein-nach-der-neurologischen-akut-rehabilitation-orientierung-fuer-angehoerige\/","url_meta":{"origin":8601,"position":1},"title":"Nicht allein nach der neurologischen Akut-Rehabilitation \u2013 Orientierung f\u00fcr Angeh\u00f6rige","author":"Andreas Jecklin","date":"28 Mai, 2026","format":false,"excerpt":"Die Entlassung aus der neurologischen Rehabilitation ist f\u00fcr viele Betroffene und ihre Angeh\u00f6rigen ein entscheidender Moment: Die intensive Betreuung durch ein interdisziplin\u00e4res Team f\u00e4llt weg \u2013 und gleichzeitig beginnt der Alltag mit all seinen Anforderungen neu. Gerade in dieser \u00dcbergangszeit stellt sich f\u00fcr Angeh\u00f6rige oft die wichtigste Frage: Wer f\u00e4ngt\u2026","rel":"","context":"In &quot;Hilfe f\u00fcr Angeh\u00f6rige&quot;","block_context":{"text":"Hilfe f\u00fcr Angeh\u00f6rige","link":"http:\/\/www.vitalibera.org\/community\/category\/hilfe-fuer-angehoerige\/"},"img":{"alt_text":"","src":"https:\/\/i0.wp.com\/www.vitalibera.org\/community\/wp-content\/uploads\/2026\/05\/306f443707621e7129cc07949a275504.jpg?resize=350%2C200&ssl=1","width":350,"height":200},"classes":[]},{"id":7786,"url":"http:\/\/www.vitalibera.org\/community\/2026\/06\/06\/wenn-das-zuhause-fehlt-wohnen-nach-der-akutrehabilitation\/","url_meta":{"origin":8601,"position":2},"title":"Wenn das Zuhause fehlt \u2013 Wohnen nach der Akutrehabilitation","author":"Andreas Jecklin","date":"6 Juni, 2026","format":false,"excerpt":"Wenn w\u00e4hrend der Akutrehabilitation die bisherige Wohnung aufgegeben wurde, stellt sich nach dem Klinikaufenthalt eine besonders herausfordernde Frage: Wohin als N\u00e4chstes? Neben der medizinischen und therapeutischen Weiterbehandlung r\u00fcckt die Wohn- und Lebenssituation in den Mittelpunkt. Je nach Gesundheitszustand und vorhandener Selbstst\u00e4ndigkeit m\u00fcssen individuelle L\u00f6sungen gefunden werden \u2013 von betreuten Wohnformen\u2026","rel":"","context":"In &quot;Alltagsnavigation&quot;","block_context":{"text":"Alltagsnavigation","link":"http:\/\/www.vitalibera.org\/community\/category\/beitraege\/eingeschraenkt-im-alltag\/alltagsnavigation\/"},"img":{"alt_text":"","src":"https:\/\/i0.wp.com\/www.vitalibera.org\/community\/wp-content\/uploads\/2026\/06\/obdachlos83555.png?resize=350%2C200","width":350,"height":200},"classes":[]},{"id":5927,"url":"http:\/\/www.vitalibera.org\/community\/2026\/03\/06\/das-leben-nach-einem-schlaganfall-zurueck-zu-erkaempfen\/","url_meta":{"origin":8601,"position":3},"title":"Das Leben nach einem Schlaganfall zur\u00fcck erk\u00e4mpfen","author":"admin","date":"6 M\u00e4rz, 2026","format":false,"excerpt":"Das Leben nach einem Schlaganfall zur\u00fcckzuk\u00e4mpfen erfordert enorme Geduld, Motivation und eine intensive, meist langj\u00e4hrige Rehabilitation (Physio-, Ergo-, Logop\u00e4die). Dank der Plastizit\u00e4t des Gehirns sind Fortschritte oft auch Jahre sp\u00e4ter noch m\u00f6glich. Wichtig sind das Setzen kleiner Ziele, der R\u00fcckhalt durch Familie\/Selbsthilfegruppen und die Arbeit an der Selbstst\u00e4ndigkeit.\u00a0 Schl\u00fcsselaspekte f\u00fcr\u2026","rel":"","context":"In &quot;Fachwissen&quot;","block_context":{"text":"Fachwissen","link":"http:\/\/www.vitalibera.org\/community\/category\/beitraege\/fachwissen\/"},"img":{"alt_text":"","src":"https:\/\/i0.wp.com\/www.vitalibera.org\/community\/wp-content\/uploads\/2026\/03\/phoenixthump.png?resize=350%2C200","width":350,"height":200,"srcset":"https:\/\/i0.wp.com\/www.vitalibera.org\/community\/wp-content\/uploads\/2026\/03\/phoenixthump.png?resize=350%2C200 1x, https:\/\/i0.wp.com\/www.vitalibera.org\/community\/wp-content\/uploads\/2026\/03\/phoenixthump.png?resize=525%2C300 1.5x"},"classes":[]},{"id":7824,"url":"http:\/\/www.vitalibera.org\/community\/2026\/06\/08\/kurzzeitpflege-uebergangspflege-entlastungsaufenthalt-der-leise-uebergang-ins-pflegeheim\/","url_meta":{"origin":8601,"position":4},"title":"Kurzzeit-, \u00dcbergangspflege, oder Entlastungsaufenthalt \u2013 der leise \u00dcbergang ins Pflegeheim?","author":"Andreas Jecklin","date":"8 Juni, 2026","format":false,"excerpt":"Kurzzeitpflege, \u00dcbergangspflege oder Entlastungsaufenthalt \u2013 diese Angebote sind eigentlich als zeitlich begrenzte Unterst\u00fctzung gedacht. Sie sollen nach einem Spitalaufenthalt oder einer Rehabilitation stabilisieren, Angeh\u00f6rige entlasten oder eine schwierige Phase \u00fcberbr\u00fccken. In der Praxis erleben viele Betroffene und Familien diese Phase jedoch anders: nicht selten wird sie zum Wendepunkt. Was als\u2026","rel":"","context":"In &quot;Alltagsnavigation&quot;","block_context":{"text":"Alltagsnavigation","link":"http:\/\/www.vitalibera.org\/community\/category\/beitraege\/eingeschraenkt-im-alltag\/alltagsnavigation\/"},"img":{"alt_text":"","src":"https:\/\/i0.wp.com\/www.vitalibera.org\/community\/wp-content\/uploads\/2026\/06\/a95d329db0088f6f91f890096c4829d3.jpg?resize=350%2C200","width":350,"height":200},"classes":[]},{"id":5838,"url":"http:\/\/www.vitalibera.org\/community\/2026\/02\/26\/phasenmodell-einer-neurologischen-rehabilitation\/","url_meta":{"origin":8601,"position":5},"title":"Phasenmodell einer neurologischen Rehabilitation","author":"Andreas Jecklin","date":"26 Februar, 2026","format":false,"excerpt":"Eine Erkrankung oder Verletzung des Nervensystems bedeutet f\u00fcr die Betroffenen einen massiven Einschnitt in ihr Leben und oft den Verlust der Selbst\u00e4ndigkeit.\u00a0Die Neurologische Rehabilitation soll Betroffene mit Hilfe modernster Therapien auf ihrem Weg in Alltag, Familie, Gesellschaft und Beruf zur\u00fcckf\u00fchren. Die neurologische Rehabilitation nach einem Schlaganfall ist in ein Phasenmodell\u2026","rel":"","context":"In &quot;Fachwissen&quot;","block_context":{"text":"Fachwissen","link":"http:\/\/www.vitalibera.org\/community\/category\/beitraege\/fachwissen\/"},"img":{"alt_text":"","src":"https:\/\/i0.wp.com\/www.vitalibera.org\/community\/wp-content\/uploads\/2026\/02\/csm_wegweiser_rehabilitation_40389767c7.jpg?resize=350%2C200","width":350,"height":200,"srcset":"https:\/\/i0.wp.com\/www.vitalibera.org\/community\/wp-content\/uploads\/2026\/02\/csm_wegweiser_rehabilitation_40389767c7.jpg?resize=350%2C200 1x, https:\/\/i0.wp.com\/www.vitalibera.org\/community\/wp-content\/uploads\/2026\/02\/csm_wegweiser_rehabilitation_40389767c7.jpg?resize=525%2C300 1.5x"},"classes":[]}],"jetpack_featured_media_url":"http:\/\/www.vitalibera.org\/community\/wp-content\/uploads\/2026\/07\/angehoepflege151340.png","_links":{"self":[{"href":"http:\/\/www.vitalibera.org\/community\/wp-json\/wp\/v2\/posts\/8601","targetHints":{"allow":["GET"]}}],"collection":[{"href":"http:\/\/www.vitalibera.org\/community\/wp-json\/wp\/v2\/posts"}],"about":[{"href":"http:\/\/www.vitalibera.org\/community\/wp-json\/wp\/v2\/types\/post"}],"author":[{"embeddable":true,"href":"http:\/\/www.vitalibera.org\/community\/wp-json\/wp\/v2\/users\/2"}],"replies":[{"embeddable":true,"href":"http:\/\/www.vitalibera.org\/community\/wp-json\/wp\/v2\/comments?post=8601"}],"version-history":[{"count":3,"href":"http:\/\/www.vitalibera.org\/community\/wp-json\/wp\/v2\/posts\/8601\/revisions"}],"predecessor-version":[{"id":8747,"href":"http:\/\/www.vitalibera.org\/community\/wp-json\/wp\/v2\/posts\/8601\/revisions\/8747"}],"wp:featuredmedia":[{"embeddable":true,"href":"http:\/\/www.vitalibera.org\/community\/wp-json\/wp\/v2\/media\/8602"}],"wp:attachment":[{"href":"http:\/\/www.vitalibera.org\/community\/wp-json\/wp\/v2\/media?parent=8601"}],"wp:term":[{"taxonomy":"category","embeddable":true,"href":"http:\/\/www.vitalibera.org\/community\/wp-json\/wp\/v2\/categories?post=8601"},{"taxonomy":"post_tag","embeddable":true,"href":"http:\/\/www.vitalibera.org\/community\/wp-json\/wp\/v2\/tags?post=8601"}],"curies":[{"name":"wp","href":"https:\/\/api.w.org\/{rel}","templated":true}]}}