{"id":8629,"date":"2026-07-17T20:32:20","date_gmt":"2026-07-17T18:32:20","guid":{"rendered":"https:\/\/www.vitalibera.org\/community\/?p=8629"},"modified":"2026-07-21T19:42:01","modified_gmt":"2026-07-21T17:42:01","slug":"wenn-das-wesen-sich-veraendert-angehoerige-zwischen-sorge-verstaendnis-und-orientierung","status":"publish","type":"post","link":"http:\/\/www.vitalibera.org\/community\/2026\/07\/17\/wenn-das-wesen-sich-veraendert-angehoerige-zwischen-sorge-verstaendnis-und-orientierung\/","title":{"rendered":"Wenn das Wesen sich ver\u00e4ndert \u2013 Angeh\u00f6rige zwischen Sorge, Verst\u00e4ndnis und Orientierung"},"content":{"rendered":"\n<div class=\"wp-block-media-text is-stacked-on-mobile is-vertically-aligned-top\"><figure class=\"wp-block-media-text__media\"><img fetchpriority=\"high\" decoding=\"async\" width=\"353\" height=\"232\" src=\"https:\/\/www.vitalibera.org\/community\/wp-content\/uploads\/2026\/07\/wesen2913.png\" alt=\"\" class=\"wp-image-8630 size-full\" srcset=\"http:\/\/www.vitalibera.org\/community\/wp-content\/uploads\/2026\/07\/wesen2913.png 353w, http:\/\/www.vitalibera.org\/community\/wp-content\/uploads\/2026\/07\/wesen2913-300x197.png 300w\" sizes=\"(max-width: 353px) 100vw, 353px\" \/><\/figure><div class=\"wp-block-media-text__content\">\n<p>Eine <a href=\"http:\/\/www.vitalibera.org\/community\/enzyklopaedie\/hirnverletzung\/\" target=\"_self\" title=\"Eine Hirnverletzung (oft als&nbsp;Sch&auml;del-Hirn-Trauma, SHT) ist eine&nbsp;Sch&auml;digung des Gehirns, verursacht durch &auml;u&szlig;ere Gewalteinwirkung (Unfall, Sturz) oder innere Faktoren (Schlaganfall, Tumor). Sie f&uuml;hrt zu k&ouml;rperlichen, kognitiven und verhaltensbezogenen Einschr&auml;nkungen, die oft unsichtbar bleiben. Symptome reichen von Kopfschmerzen bis zu schweren Behinderungen. Wichtige Aspekte der Hirnverletzung: Ursachen:&nbsp;H&auml;ufig durch Schlaganf&auml;lle, Hirnblutungen, Sauerstoffmangel oder St&uuml;rze\/Verkehrsunf&auml;lle (Sch&auml;del-Hirn-Trauma). Formen (SHT):&nbsp;Unterscheidung in&hellip;\" class=\"encyclopedia\">Hirnverletzung<\/a>, ein <a href=\"http:\/\/www.vitalibera.org\/community\/enzyklopaedie\/schlaganfall\/\" target=\"_self\" title=\"Ein Schlaganfall, auch Hirnschlag oder Apoplex genannt, ist eine&nbsp;pl&ouml;tzlich auftretende Durchblutungsst&ouml;rung im Gehirn, die dazu f&uuml;hrt, dass Gehirnzellen nicht mehr ausreichend mit Sauerstoff und N&auml;hrstoffen versorgt werden.&nbsp;Dies kann zu bleibenden Sch&auml;den oder sogar zum Absterben von Hirnzellen f&uuml;hren, wenn die Durchblutung nicht schnell wiederhergestellt wird.\" class=\"encyclopedia\">Schlaganfall<\/a>, eine <a href=\"http:\/\/www.vitalibera.org\/community\/enzyklopaedie\/hirnblutung\/\" target=\"_self\" title=\"Eine Hirnblutung ist eine&nbsp;Blutung innerhalb des Sch&auml;dels, die durch ein geplatztes oder gerissenes Blutgef&auml;&szlig; im Gehirn verursacht wird.&nbsp;Dies kann zu einer Sch&auml;digung des Gehirngewebes durch den Bluterguss und den erh&ouml;hten Druck f&uuml;hren, was potenziell lebensbedrohlich ist.&nbsp; Ursachen: Bluthochdruck ist eine der h&auml;ufigsten Ursachen f&uuml;r Hirnblutungen, da er die Blutgef&auml;&szlig;e schw&auml;chen und zum Platzen bringen kann.&nbsp;&hellip;\" class=\"encyclopedia\">Hirnblutung<\/a> oder ein <a href=\"http:\/\/www.vitalibera.org\/community\/enzyklopaedie\/schaedel-hirn-trauma-sht\/\" target=\"_self\" title=\"Sch&auml;del-Hirn-Trauma (SHT), eine Verletzung des Sch&auml;dels und\/oder des Gehirns, die durch eine Gewalteinwirkung verursacht wird.&nbsp;SHTs reichen von leichten Formen wie Gehirnersch&uuml;tterungen bis hin zu schweren Verletzungen, die eine sofortige medizinische Behandlung erfordern und lebensbedrohlich sein k&ouml;nnen.&nbsp;M&ouml;gliche Folgen sind vor&uuml;bergehende oder dauerhafte Einschr&auml;nkungen der Hirnfunktion sowie Blutungen.&nbsp; Ursachen &Auml;u&szlig;ere Krafteinwirkung auf den Kopf Unf&auml;lle und St&uuml;rze&hellip;\" class=\"encyclopedia\">Sch&auml;del-Hirn-Trauma<\/a> k&ouml;nnen das Leben von Betroffenen und ihren Angeh&ouml;rigen von einem Tag auf den anderen ver&auml;ndern. <\/p>\n\n\n\n<p>Neben k&ouml;rperlichen Einschr&auml;nkungen fallen oft Ver&auml;nderungen im Verhalten, Denken, F&uuml;hlen und in der Pers&ouml;nlichkeit auf. Angeh&ouml;rige erleben, dass der vertraute Mensch pl&ouml;tzlich anders reagiert, ungewohnte Entscheidungen trifft oder emotional kaum wiederzuerkennen scheint. Dies kann verunsichern, belasten und viele Fragen aufwerfen.<\/p>\n\n\n\n<p>Umso wichtiger ist es, solche Wesensver&auml;nderungen richtig zu deuten und zu verstehen, dass sie h&auml;ufig eine direkte Folge der Hirnsch&auml;digung sind. Dieses Wissen kann helfen, das Verhalten der betroffenen Person besser einzuordnen, Konflikte zu reduzieren und einen verst&auml;ndnisvollen Umgang miteinander zu f&ouml;rdern.<\/p>\n<\/div><\/div>\n\n\n\n<p>Als Angeh&ouml;riger kann es sehr belastend sein, wenn sich die Pers&ouml;nlichkeit eines Menschen nach einer <a href=\"http:\/\/www.vitalibera.org\/community\/enzyklopaedie\/hirnverletzung\/\" target=\"_self\" title=\"Eine Hirnverletzung (oft als&nbsp;Sch&auml;del-Hirn-Trauma, SHT) ist eine&nbsp;Sch&auml;digung des Gehirns, verursacht durch &auml;u&szlig;ere Gewalteinwirkung (Unfall, Sturz) oder innere Faktoren (Schlaganfall, Tumor). Sie f&uuml;hrt zu k&ouml;rperlichen, kognitiven und verhaltensbezogenen Einschr&auml;nkungen, die oft unsichtbar bleiben. Symptome reichen von Kopfschmerzen bis zu schweren Behinderungen. Wichtige Aspekte der Hirnverletzung: Ursachen:&nbsp;H&auml;ufig durch Schlaganf&auml;lle, Hirnblutungen, Sauerstoffmangel oder St&uuml;rze\/Verkehrsunf&auml;lle (Sch&auml;del-Hirn-Trauma). Formen (SHT):&nbsp;Unterscheidung in&hellip;\" class=\"encyclopedia\">Hirnverletzung<\/a>, einem <a href=\"http:\/\/www.vitalibera.org\/community\/enzyklopaedie\/schlaganfall\/\" target=\"_self\" title=\"Ein Schlaganfall, auch Hirnschlag oder Apoplex genannt, ist eine&nbsp;pl&ouml;tzlich auftretende Durchblutungsst&ouml;rung im Gehirn, die dazu f&uuml;hrt, dass Gehirnzellen nicht mehr ausreichend mit Sauerstoff und N&auml;hrstoffen versorgt werden.&nbsp;Dies kann zu bleibenden Sch&auml;den oder sogar zum Absterben von Hirnzellen f&uuml;hren, wenn die Durchblutung nicht schnell wiederhergestellt wird.\" class=\"encyclopedia\">Schlaganfall<\/a>, einer <a href=\"http:\/\/www.vitalibera.org\/community\/enzyklopaedie\/hirnblutung\/\" target=\"_self\" title=\"Eine Hirnblutung ist eine&nbsp;Blutung innerhalb des Sch&auml;dels, die durch ein geplatztes oder gerissenes Blutgef&auml;&szlig; im Gehirn verursacht wird.&nbsp;Dies kann zu einer Sch&auml;digung des Gehirngewebes durch den Bluterguss und den erh&ouml;hten Druck f&uuml;hren, was potenziell lebensbedrohlich ist.&nbsp; Ursachen: Bluthochdruck ist eine der h&auml;ufigsten Ursachen f&uuml;r Hirnblutungen, da er die Blutgef&auml;&szlig;e schw&auml;chen und zum Platzen bringen kann.&nbsp;&hellip;\" class=\"encyclopedia\">Hirnblutung<\/a> oder einem <a href=\"http:\/\/www.vitalibera.org\/community\/enzyklopaedie\/schaedel-hirn-trauma-sht\/\" target=\"_self\" title=\"Sch&auml;del-Hirn-Trauma (SHT), eine Verletzung des Sch&auml;dels und\/oder des Gehirns, die durch eine Gewalteinwirkung verursacht wird.&nbsp;SHTs reichen von leichten Formen wie Gehirnersch&uuml;tterungen bis hin zu schweren Verletzungen, die eine sofortige medizinische Behandlung erfordern und lebensbedrohlich sein k&ouml;nnen.&nbsp;M&ouml;gliche Folgen sind vor&uuml;bergehende oder dauerhafte Einschr&auml;nkungen der Hirnfunktion sowie Blutungen.&nbsp; Ursachen &Auml;u&szlig;ere Krafteinwirkung auf den Kopf Unf&auml;lle und St&uuml;rze&hellip;\" class=\"encyclopedia\">Sch&auml;del-Hirn-Trauma<\/a> ver&auml;ndert. Oft wirken diese Ver&auml;nderungen wie eine &bdquo;Wesens&auml;nderung&ldquo;, obwohl sie direkte Folgen der Hirnsch&auml;digung sein k&ouml;nnen.<\/p>\n\n\n\n<h5 class=\"wp-block-heading\"><strong>M&ouml;gliche Anzeichen einer Wesensver&auml;nderung<\/strong><\/h5>\n\n\n\n<ul class=\"wp-block-list\">\n<li><strong>Ver&auml;nderte Stimmung<\/strong>\n<ul class=\"wp-block-list\">\n<li>pl&ouml;tzlich reizbar, aggressiv oder ungeduldig<\/li>\n\n\n\n<li>h&auml;ufig traurig, &auml;ngstlich oder emotional<\/li>\n\n\n\n<li>starke Stimmungsschwankungen<\/li>\n<\/ul>\n<\/li>\n\n\n\n<li><strong>Ver&auml;ndertes Sozialverhalten<\/strong>\n<ul class=\"wp-block-list\">\n<li>fehlendes Einf&uuml;hlungsverm&ouml;gen<\/li>\n\n\n\n<li>unangemessene <a href=\"http:\/\/www.vitalibera.org\/community\/enzyklopaedie\/bem\/\" target=\"_self\" title=\"Das&nbsp;Betriebliche Eingliederungsmanagement&nbsp;(BEM) ist ein gesetzlich vorgeschriebenes Verfahren (&sect; 167 Abs. 2 SGB IX) in Deutschland. Es verpflichtet Arbeitgeber, Besch&auml;ftigten, die innerhalb eines Jahres l&auml;nger als sechs Wochen ununterbrochen oder wiederholt arbeitsunf&auml;hig sind, Ma&szlig;nahmen anzubieten, um Arbeitsunf&auml;higkeit zu &uuml;berwinden, erneuter vorzubeugen und den Arbeitsplatz zu erhalten.\" class=\"encyclopedia\">Bem<\/a>erkungen oder Enthemmung<\/li>\n\n\n\n<li>R&uuml;ckzug von Familie und Freunden<\/li>\n<\/ul>\n<\/li>\n\n\n\n<li><strong>Ver&auml;nderungen im Denken<\/strong>\n<ul class=\"wp-block-list\">\n<li>Schwierigkeiten bei Planung und Organisation<\/li>\n\n\n\n<li>verminderte Konzentration<\/li>\n\n\n\n<li>langsameres Verarbeiten von Informationen<\/li>\n<\/ul>\n<\/li>\n\n\n\n<li><strong>Ver&auml;nderung der <a href=\"http:\/\/www.vitalibera.org\/community\/2026\/07\/16\/trotz-hirnverletzung-nach-vorne-schauen\/\"><font color=\"blue\"><img src=\"https:\/\/www.vitalibera.org\/community\/wp-content\/images\/link.png\" width=\"20\" height=\"20\"><u>Motivation<\/u><\/font><\/a><\/strong>\n<ul class=\"wp-block-list\">\n<li>Interessenverlust<\/li>\n\n\n\n<li>Antriebslosigkeit<\/li>\n\n\n\n<li>mangelnde Initiative trotz k&ouml;rperlicher F&auml;higkeit<\/li>\n<\/ul>\n<\/li>\n\n\n\n<li><strong>Eingeschr&auml;nkte Krankheitseinsicht<\/strong>\n<ul class=\"wp-block-list\">\n<li><a href=\"http:\/\/www.vitalibera.org\/community\/2026\/04\/19\/wenn-reize-laut-werden-und-menschen-leise\/\"><font color=\"blue\"><img src=\"https:\/\/www.vitalibera.org\/community\/wp-content\/images\/link.png\" width=\"20\" height=\"20\"><u>Betroffene<\/u><\/font><\/a> erkennen ihre Ver&auml;nderungen oft selbst nicht<\/li>\n\n\n\n<li>Konflikte entstehen, weil Angeh&ouml;rige die Probleme sehen, die betroffene Person jedoch nicht<\/li>\n<\/ul>\n<\/li>\n<\/ul>\n\n\n\n<h5 class=\"wp-block-heading\"><strong>Wie Ver&auml;nderungen richtig deuten?<\/strong><\/h5>\n\n\n\n<p>Wichtig ist zu verstehen: Die betroffene Person handelt h&auml;ufig <strong>nicht absichtlich<\/strong> so. Bestimmte Hirnregionen steuern Emotionen, Impulse, Verhalten und Pers&ouml;nlichkeit. Werden diese Bereiche gesch&auml;digt, kann sich das Verhalten ver&auml;ndern, obwohl die Person im Kern dieselbe bleibt.<\/p>\n\n\n\n<p>Statt zu denken: &bdquo;Er oder sie will nicht.&ldquo; ist oft hilfreicher: &bdquo;Er oder sie kann es im Moment aufgrund der <a href=\"http:\/\/www.vitalibera.org\/community\/enzyklopaedie\/hirnverletzung\/\" target=\"_self\" title=\"Eine Hirnverletzung (oft als&nbsp;Sch&auml;del-Hirn-Trauma, SHT) ist eine&nbsp;Sch&auml;digung des Gehirns, verursacht durch &auml;u&szlig;ere Gewalteinwirkung (Unfall, Sturz) oder innere Faktoren (Schlaganfall, Tumor). Sie f&uuml;hrt zu k&ouml;rperlichen, kognitiven und verhaltensbezogenen Einschr&auml;nkungen, die oft unsichtbar bleiben. Symptome reichen von Kopfschmerzen bis zu schweren Behinderungen. Wichtige Aspekte der Hirnverletzung: Ursachen:&nbsp;H&auml;ufig durch Schlaganf&auml;lle, Hirnblutungen, Sauerstoffmangel oder St&uuml;rze\/Verkehrsunf&auml;lle (Sch&auml;del-Hirn-Trauma). Formen (SHT):&nbsp;Unterscheidung in&hellip;\" class=\"encyclopedia\">Hirnverletzung<\/a> nicht so steuern wie fr&uuml;her.&ldquo;<\/p>\n\n\n\n<h5 class=\"wp-block-heading\"><strong>Worauf Angeh&ouml;rige achten sollten<\/strong><\/h5>\n\n\n\n<ol class=\"wp-block-list\">\n<li>Ver&auml;nderungen notieren (seit wann, wie h&auml;ufig, in welchen Situationen).<\/li>\n\n\n\n<li>Auf Ausl&ouml;ser achten (Stress, M&uuml;digkeit, &Uuml;berforderung).<\/li>\n\n\n\n<li>Mit &Auml;rzten, Neuropsychologen oder Therapeuten dar&uuml;ber sprechen.<\/li>\n\n\n\n<li>Eigene Belastung ernst nehmen und Unterst&uuml;tzung suchen.<\/li>\n\n\n\n<li>Geduld haben &ndash; manche Ver&auml;nderungen bessern sich, andere bleiben teilweise bestehen.<\/li>\n<\/ol>\n\n\n\n<h5 class=\"wp-block-heading\"><strong>Warnzeichen f&uuml;r professionelle Hilfe<\/strong><\/h5>\n\n\n\n<p>Wenn die betroffene Person:<\/p>\n\n\n\n<ul class=\"wp-block-list\">\n<li>sich oder andere gef&auml;hrdet,<\/li>\n\n\n\n<li>starke Aggressionen entwickelt,<\/li>\n\n\n\n<li>schwere Depressionen zeigt,<\/li>\n\n\n\n<li>Selbstmordgedanken &auml;u&szlig;ert,<\/li>\n\n\n\n<li>starke Verwirrtheit oder Pers&ouml;nlichkeitsver&auml;nderungen aufweist,<\/li>\n<\/ul>\n\n\n\n<p>sollte zeitnah &auml;rztliche oder neuropsychologische <a href=\"http:\/\/www.vitalibera.org\/community\/2026\/07\/28\/fremde-hilfe-in-der-oeffentlichkeit-bei-sturzsituation-mit-hemiplegie\/\"><font color=\"blue\"><img src=\"https:\/\/www.vitalibera.org\/community\/wp-content\/images\/link.png\" width=\"20\" height=\"20\"><u>Hilfe<\/u><\/font><\/a> in Anspruch genommen werden.<\/p>\n\n\n\n<p>Eine Wesensver&auml;nderung nach Hirnsch&auml;digungen ist leider nicht ungew&ouml;hnlich. Sie ist oft Ausdruck der neurologischen Verletzung und nicht einer bewussten Entscheidung der betroffenen Person. F&uuml;r Angeh&ouml;rige ist es deshalb wichtig, zwischen der Erkrankung und der Person selbst zu unterscheiden.<\/p>\n\n\n\n<div class=\"wp-block-media-text is-stacked-on-mobile is-vertically-aligned-top\" style=\"grid-template-columns:37% auto\"><figure class=\"wp-block-media-text__media\"><img decoding=\"async\" width=\"302\" height=\"277\" src=\"http:\/\/www.vitalibera.org\/community\/wp-content\/uploads\/2026\/03\/tip3.png\" alt=\"\" class=\"wp-image-6087 size-full\" srcset=\"http:\/\/www.vitalibera.org\/community\/wp-content\/uploads\/2026\/03\/tip3.png 302w, http:\/\/www.vitalibera.org\/community\/wp-content\/uploads\/2026\/03\/tip3-300x275.png 300w\" sizes=\"(max-width: 302px) 100vw, 302px\" \/><\/figure><div class=\"wp-block-media-text__content\">\n<p><strong>Versuche, Verhaltens&auml;nderungen nicht sofort pers&ouml;nlich zu nehmen.<\/strong> Nach einer <a href=\"http:\/\/www.vitalibera.org\/community\/enzyklopaedie\/hirnverletzung\/\" target=\"_self\" title=\"Eine Hirnverletzung (oft als&nbsp;Sch&auml;del-Hirn-Trauma, SHT) ist eine&nbsp;Sch&auml;digung des Gehirns, verursacht durch &auml;u&szlig;ere Gewalteinwirkung (Unfall, Sturz) oder innere Faktoren (Schlaganfall, Tumor). Sie f&uuml;hrt zu k&ouml;rperlichen, kognitiven und verhaltensbezogenen Einschr&auml;nkungen, die oft unsichtbar bleiben. Symptome reichen von Kopfschmerzen bis zu schweren Behinderungen. Wichtige Aspekte der Hirnverletzung: Ursachen:&nbsp;H&auml;ufig durch Schlaganf&auml;lle, Hirnblutungen, Sauerstoffmangel oder St&uuml;rze\/Verkehrsunf&auml;lle (Sch&auml;del-Hirn-Trauma). Formen (SHT):&nbsp;Unterscheidung in&hellip;\" class=\"encyclopedia\">Hirnverletzung<\/a>, einem <a href=\"http:\/\/www.vitalibera.org\/community\/enzyklopaedie\/schlaganfall\/\" target=\"_self\" title=\"Ein Schlaganfall, auch Hirnschlag oder Apoplex genannt, ist eine&nbsp;pl&ouml;tzlich auftretende Durchblutungsst&ouml;rung im Gehirn, die dazu f&uuml;hrt, dass Gehirnzellen nicht mehr ausreichend mit Sauerstoff und N&auml;hrstoffen versorgt werden.&nbsp;Dies kann zu bleibenden Sch&auml;den oder sogar zum Absterben von Hirnzellen f&uuml;hren, wenn die Durchblutung nicht schnell wiederhergestellt wird.\" class=\"encyclopedia\">Schlaganfall<\/a>, einer <a href=\"http:\/\/www.vitalibera.org\/community\/enzyklopaedie\/hirnblutung\/\" target=\"_self\" title=\"Eine Hirnblutung ist eine&nbsp;Blutung innerhalb des Sch&auml;dels, die durch ein geplatztes oder gerissenes Blutgef&auml;&szlig; im Gehirn verursacht wird.&nbsp;Dies kann zu einer Sch&auml;digung des Gehirngewebes durch den Bluterguss und den erh&ouml;hten Druck f&uuml;hren, was potenziell lebensbedrohlich ist.&nbsp; Ursachen: Bluthochdruck ist eine der h&auml;ufigsten Ursachen f&uuml;r Hirnblutungen, da er die Blutgef&auml;&szlig;e schw&auml;chen und zum Platzen bringen kann.&nbsp;&hellip;\" class=\"encyclopedia\">Hirnblutung<\/a> oder einem <a href=\"http:\/\/www.vitalibera.org\/community\/enzyklopaedie\/schaedel-hirn-trauma-sht\/\" target=\"_self\" title=\"Sch&auml;del-Hirn-Trauma (SHT), eine Verletzung des Sch&auml;dels und\/oder des Gehirns, die durch eine Gewalteinwirkung verursacht wird.&nbsp;SHTs reichen von leichten Formen wie Gehirnersch&uuml;tterungen bis hin zu schweren Verletzungen, die eine sofortige medizinische Behandlung erfordern und lebensbedrohlich sein k&ouml;nnen.&nbsp;M&ouml;gliche Folgen sind vor&uuml;bergehende oder dauerhafte Einschr&auml;nkungen der Hirnfunktion sowie Blutungen.&nbsp; Ursachen &Auml;u&szlig;ere Krafteinwirkung auf den Kopf Unf&auml;lle und St&uuml;rze&hellip;\" class=\"encyclopedia\">Sch&auml;del-Hirn-Trauma<\/a> k&ouml;nnen Stimmung, Reaktionen und Verhalten ver&auml;ndert sein. Oft steckt dahinter nicht Absicht oder mangelnder Wille, sondern eine Folge der Hirnsch&auml;digung.<\/p>\n\n\n\n<p>Frage dich in schwierigen Momenten: <strong>&bdquo;<em>Ist das die Person, die so handelt &ndash; oder die Verletzung, die gerade ihr Verhalten beeinflusst?<\/em>&ldquo;<\/strong><\/p>\n\n\n\n<p>Diese Perspektive kann dir helfen, Situationen besser einzuordnen, verst&auml;ndnisvoller zu reagieren und Konflikte zu vermeiden.<\/p>\n<\/div><\/div>\n","protected":false},"excerpt":{"rendered":"<p>Eine Wesensver\u00e4nderung nach Hirnsch\u00e4digungen ist leider nicht ungew\u00f6hnlich. Sie ist oft Ausdruck der neurologischen Verletzung und nicht einer bewussten Entscheidung der betroffenen Person. F\u00fcr Angeh\u00f6rige ist es deshalb wichtig, zwischen der Erkrankung und der Person selbst zu unterscheiden.<\/p>\n","protected":false},"author":1,"featured_media":8630,"comment_status":"closed","ping_status":"open","sticky":false,"template":"","format":"standard","meta":{"cybocfi_hide_featured_image":"yes","_jetpack_newsletter_access":"","_jetpack_dont_email_post_to_subs":false,"_jetpack_newsletter_tier_id":0,"_jetpack_memberships_contains_paywalled_content":false,"_jetpack_feature_clip_id":0,"_jetpack_memberships_contains_paid_content":false,"footnotes":"","jetpack_publicize_message":"","jetpack_publicize_feature_enabled":true,"jetpack_social_post_already_shared":false,"jetpack_social_options":{"image_generator_settings":{"template":"highway","default_image_id":0,"font":"","enabled":false},"version":2},"jetpack_post_was_ever_published":false},"categories":[225],"tags":[534,532,521,651,536,528],"class_list":["post-8629","post","type-post","status-publish","format-standard","has-post-thumbnail","hentry","category-hilfe-fuer-angehoerige","tag-akut","tag-ambulant","tag-fachwissen","tag-hansli","tag-pflege","tag-psyche"],"yoast_head":"<!-- This site is optimized with the Yoast SEO plugin v28.2 - https:\/\/yoast.com\/product\/yoast-seo-wordpress\/ -->\r\n<title>Wenn das Wesen sich ver\u00e4ndert \u2013 Angeh\u00f6rige zwischen Sorge, Verst\u00e4ndnis und Orientierung - vitalibera.org<\/title>\r\n<meta name=\"robots\" content=\"index, follow, max-snippet:-1, max-image-preview:large, max-video-preview:-1\" \/>\r\n<link rel=\"canonical\" href=\"http:\/\/www.vitalibera.org\/community\/2026\/07\/17\/wenn-das-wesen-sich-veraendert-angehoerige-zwischen-sorge-verstaendnis-und-orientierung\/\" \/>\r\n<meta property=\"og:locale\" content=\"de_DE\" \/>\r\n<meta property=\"og:type\" content=\"article\" \/>\r\n<meta property=\"og:title\" content=\"Wenn das Wesen sich ver\u00e4ndert \u2013 Angeh\u00f6rige zwischen Sorge, Verst\u00e4ndnis und Orientierung - vitalibera.org\" \/>\r\n<meta property=\"og:description\" content=\"Eine Wesensver\u00e4nderung nach Hirnsch\u00e4digungen ist leider nicht ungew\u00f6hnlich. Sie ist oft Ausdruck der neurologischen Verletzung und nicht einer bewussten Entscheidung der betroffenen Person. F\u00fcr Angeh\u00f6rige ist es deshalb wichtig, zwischen der Erkrankung und der Person selbst zu unterscheiden.\" \/>\r\n<meta property=\"og:url\" content=\"http:\/\/www.vitalibera.org\/community\/2026\/07\/17\/wenn-das-wesen-sich-veraendert-angehoerige-zwischen-sorge-verstaendnis-und-orientierung\/\" \/>\r\n<meta property=\"og:site_name\" content=\"vitalibera.org\" \/>\r\n<meta property=\"article:publisher\" content=\"https:\/\/www.facebook.com\/groups\/2997085857140235\" \/>\r\n<meta property=\"article:published_time\" content=\"2026-07-17T18:32:20+00:00\" \/>\r\n<meta property=\"article:modified_time\" content=\"2026-07-21T17:42:01+00:00\" \/>\r\n<meta property=\"og:image\" content=\"http:\/\/www.vitalibera.org\/community\/wp-content\/uploads\/2026\/07\/wesen2913.png\" \/>\r\n\t<meta property=\"og:image:width\" content=\"353\" \/>\r\n\t<meta property=\"og:image:height\" content=\"232\" \/>\r\n\t<meta property=\"og:image:type\" content=\"image\/png\" \/>\r\n<meta name=\"author\" content=\"admin\" \/>\r\n<meta name=\"twitter:card\" content=\"summary_large_image\" \/>\r\n<meta name=\"twitter:label1\" content=\"Verfasst von\" \/>\n\t<meta name=\"twitter:data1\" content=\"admin\" \/>\n\t<meta name=\"twitter:label2\" content=\"Gesch\u00e4tzte Lesezeit\" \/>\n\t<meta name=\"twitter:data2\" content=\"4\u00a0Minuten\" \/>\r\n<script type=\"application\/ld+json\" class=\"yoast-schema-graph\">{\"@context\":\"https:\\\/\\\/schema.org\",\"@graph\":[{\"@type\":\"Article\",\"@id\":\"http:\\\/\\\/www.vitalibera.org\\\/community\\\/2026\\\/07\\\/17\\\/wenn-das-wesen-sich-veraendert-angehoerige-zwischen-sorge-verstaendnis-und-orientierung\\\/#article\",\"isPartOf\":{\"@id\":\"http:\\\/\\\/www.vitalibera.org\\\/community\\\/2026\\\/07\\\/17\\\/wenn-das-wesen-sich-veraendert-angehoerige-zwischen-sorge-verstaendnis-und-orientierung\\\/\"},\"author\":{\"name\":\"admin\",\"@id\":\"https:\\\/\\\/www.vitalibera.org\\\/community\\\/#\\\/schema\\\/person\\\/c535fa8d561f7f8ca425ced40d87e582\"},\"headline\":\"Wenn das Wesen sich ver\u00e4ndert \u2013 Angeh\u00f6rige zwischen Sorge, Verst\u00e4ndnis und Orientierung\",\"datePublished\":\"2026-07-17T18:32:20+00:00\",\"dateModified\":\"2026-07-21T17:42:01+00:00\",\"mainEntityOfPage\":{\"@id\":\"http:\\\/\\\/www.vitalibera.org\\\/community\\\/2026\\\/07\\\/17\\\/wenn-das-wesen-sich-veraendert-angehoerige-zwischen-sorge-verstaendnis-und-orientierung\\\/\"},\"wordCount\":560,\"publisher\":{\"@id\":\"https:\\\/\\\/www.vitalibera.org\\\/community\\\/#organization\"},\"image\":{\"@id\":\"http:\\\/\\\/www.vitalibera.org\\\/community\\\/2026\\\/07\\\/17\\\/wenn-das-wesen-sich-veraendert-angehoerige-zwischen-sorge-verstaendnis-und-orientierung\\\/#primaryimage\"},\"thumbnailUrl\":\"http:\\\/\\\/www.vitalibera.org\\\/community\\\/wp-content\\\/uploads\\\/2026\\\/07\\\/wesen2913.png\",\"keywords\":[\"akut\",\"ambulant\",\"fachwissen\",\"hansli\",\"pflege\",\"psyche\"],\"articleSection\":[\"Hilfe f\u00fcr Angeh\u00f6rige\"],\"inLanguage\":\"de\"},{\"@type\":\"WebPage\",\"@id\":\"http:\\\/\\\/www.vitalibera.org\\\/community\\\/2026\\\/07\\\/17\\\/wenn-das-wesen-sich-veraendert-angehoerige-zwischen-sorge-verstaendnis-und-orientierung\\\/\",\"url\":\"http:\\\/\\\/www.vitalibera.org\\\/community\\\/2026\\\/07\\\/17\\\/wenn-das-wesen-sich-veraendert-angehoerige-zwischen-sorge-verstaendnis-und-orientierung\\\/\",\"name\":\"Wenn das Wesen sich ver\u00e4ndert \u2013 Angeh\u00f6rige zwischen Sorge, Verst\u00e4ndnis und Orientierung - vitalibera.org\",\"isPartOf\":{\"@id\":\"https:\\\/\\\/www.vitalibera.org\\\/community\\\/#website\"},\"primaryImageOfPage\":{\"@id\":\"http:\\\/\\\/www.vitalibera.org\\\/community\\\/2026\\\/07\\\/17\\\/wenn-das-wesen-sich-veraendert-angehoerige-zwischen-sorge-verstaendnis-und-orientierung\\\/#primaryimage\"},\"image\":{\"@id\":\"http:\\\/\\\/www.vitalibera.org\\\/community\\\/2026\\\/07\\\/17\\\/wenn-das-wesen-sich-veraendert-angehoerige-zwischen-sorge-verstaendnis-und-orientierung\\\/#primaryimage\"},\"thumbnailUrl\":\"http:\\\/\\\/www.vitalibera.org\\\/community\\\/wp-content\\\/uploads\\\/2026\\\/07\\\/wesen2913.png\",\"datePublished\":\"2026-07-17T18:32:20+00:00\",\"dateModified\":\"2026-07-21T17:42:01+00:00\",\"breadcrumb\":{\"@id\":\"http:\\\/\\\/www.vitalibera.org\\\/community\\\/2026\\\/07\\\/17\\\/wenn-das-wesen-sich-veraendert-angehoerige-zwischen-sorge-verstaendnis-und-orientierung\\\/#breadcrumb\"},\"inLanguage\":\"de\",\"potentialAction\":[{\"@type\":\"ReadAction\",\"target\":[\"http:\\\/\\\/www.vitalibera.org\\\/community\\\/2026\\\/07\\\/17\\\/wenn-das-wesen-sich-veraendert-angehoerige-zwischen-sorge-verstaendnis-und-orientierung\\\/\"]}]},{\"@type\":\"BreadcrumbList\",\"@id\":\"http:\\\/\\\/www.vitalibera.org\\\/community\\\/2026\\\/07\\\/17\\\/wenn-das-wesen-sich-veraendert-angehoerige-zwischen-sorge-verstaendnis-und-orientierung\\\/#breadcrumb\",\"itemListElement\":[{\"@type\":\"ListItem\",\"position\":1,\"name\":\"Startseite\",\"item\":\"https:\\\/\\\/www.vitalibera.org\\\/community\\\/\"},{\"@type\":\"ListItem\",\"position\":2,\"name\":\"Wenn das Wesen sich ver\u00e4ndert \u2013 Angeh\u00f6rige zwischen Sorge, Verst\u00e4ndnis und Orientierung\"}]},{\"@type\":\"WebSite\",\"@id\":\"https:\\\/\\\/www.vitalibera.org\\\/community\\\/#website\",\"url\":\"https:\\\/\\\/www.vitalibera.org\\\/community\\\/\",\"name\":\"vitalibera.org\",\"description\":\"Mit einer Einschr&auml;nkung gestaltet sich das Leben im Alltag oft schwieriger - hier berichten wir &uuml;ber unsere Erfahrungen und Hilfsmittel um den Alltag so unbeschwert und unkompliziert wie nur m&ouml;glich geniessen zu k&ouml;nnen. Dabei richten wir unseren Fokus gezielt auf Selbst&auml;ndigkeit, Eigenst&auml;ndigkeit und Selbstbestimmung.\",\"publisher\":{\"@id\":\"https:\\\/\\\/www.vitalibera.org\\\/community\\\/#organization\"},\"potentialAction\":[{\"@type\":\"SearchAction\",\"target\":{\"@type\":\"EntryPoint\",\"urlTemplate\":\"https:\\\/\\\/www.vitalibera.org\\\/community\\\/?s={search_term_string}\"},\"query-input\":{\"@type\":\"PropertyValueSpecification\",\"valueRequired\":true,\"valueName\":\"search_term_string\"}}],\"inLanguage\":\"de\"},{\"@type\":\"Organization\",\"@id\":\"https:\\\/\\\/www.vitalibera.org\\\/community\\\/#organization\",\"name\":\"vitalibera.org\",\"url\":\"https:\\\/\\\/www.vitalibera.org\\\/community\\\/\",\"logo\":{\"@type\":\"ImageObject\",\"inLanguage\":\"de\",\"@id\":\"https:\\\/\\\/www.vitalibera.org\\\/community\\\/#\\\/schema\\\/logo\\\/image\\\/\",\"url\":\"http:\\\/\\\/www.vitalibera.org\\\/community\\\/wp-content\\\/uploads\\\/2025\\\/09\\\/cropped-banner.png\",\"contentUrl\":\"http:\\\/\\\/www.vitalibera.org\\\/community\\\/wp-content\\\/uploads\\\/2025\\\/09\\\/cropped-banner.png\",\"width\":991,\"height\":150,\"caption\":\"vitalibera.org\"},\"image\":{\"@id\":\"https:\\\/\\\/www.vitalibera.org\\\/community\\\/#\\\/schema\\\/logo\\\/image\\\/\"},\"sameAs\":[\"https:\\\/\\\/www.facebook.com\\\/groups\\\/2997085857140235\"]},{\"@type\":\"Person\",\"@id\":\"https:\\\/\\\/www.vitalibera.org\\\/community\\\/#\\\/schema\\\/person\\\/c535fa8d561f7f8ca425ced40d87e582\",\"name\":\"admin\",\"image\":{\"@type\":\"ImageObject\",\"inLanguage\":\"de\",\"@id\":\"http:\\\/\\\/0.gravatar.com\\\/avatar\\\/ad516503a11cd5ca435acc9bb6523536?s=96\",\"url\":\"http:\\\/\\\/0.gravatar.com\\\/avatar\\\/ad516503a11cd5ca435acc9bb6523536?s=96\",\"contentUrl\":\"http:\\\/\\\/0.gravatar.com\\\/avatar\\\/ad516503a11cd5ca435acc9bb6523536?s=96\",\"caption\":\"admin\"},\"description\":\"admin\",\"sameAs\":[\"http:\\\/\\\/www.vitalibera.org\\\/community\"],\"url\":\"http:\\\/\\\/www.vitalibera.org\\\/community\\\/author\\\/admin\\\/\"}]}<\/script>\r\n<!-- \/ Yoast SEO plugin. -->","yoast_head_json":{"title":"Wenn das Wesen sich ver\u00e4ndert \u2013 Angeh\u00f6rige zwischen Sorge, Verst\u00e4ndnis und Orientierung - vitalibera.org","robots":{"index":"index","follow":"follow","max-snippet":"max-snippet:-1","max-image-preview":"max-image-preview:large","max-video-preview":"max-video-preview:-1"},"canonical":"http:\/\/www.vitalibera.org\/community\/2026\/07\/17\/wenn-das-wesen-sich-veraendert-angehoerige-zwischen-sorge-verstaendnis-und-orientierung\/","og_locale":"de_DE","og_type":"article","og_title":"Wenn das Wesen sich ver\u00e4ndert \u2013 Angeh\u00f6rige zwischen Sorge, Verst\u00e4ndnis und Orientierung - vitalibera.org","og_description":"Eine Wesensver\u00e4nderung nach Hirnsch\u00e4digungen ist leider nicht ungew\u00f6hnlich. Sie ist oft Ausdruck der neurologischen Verletzung und nicht einer bewussten Entscheidung der betroffenen Person. F\u00fcr Angeh\u00f6rige ist es deshalb wichtig, zwischen der Erkrankung und der Person selbst zu unterscheiden.","og_url":"http:\/\/www.vitalibera.org\/community\/2026\/07\/17\/wenn-das-wesen-sich-veraendert-angehoerige-zwischen-sorge-verstaendnis-und-orientierung\/","og_site_name":"vitalibera.org","article_publisher":"https:\/\/www.facebook.com\/groups\/2997085857140235","article_published_time":"2026-07-17T18:32:20+00:00","article_modified_time":"2026-07-21T17:42:01+00:00","og_image":[{"width":353,"height":232,"url":"http:\/\/www.vitalibera.org\/community\/wp-content\/uploads\/2026\/07\/wesen2913.png","type":"image\/png"}],"author":"admin","twitter_card":"summary_large_image","twitter_misc":{"Verfasst von":"admin","Gesch\u00e4tzte Lesezeit":"4\u00a0Minuten"},"schema":{"@context":"https:\/\/schema.org","@graph":[{"@type":"Article","@id":"http:\/\/www.vitalibera.org\/community\/2026\/07\/17\/wenn-das-wesen-sich-veraendert-angehoerige-zwischen-sorge-verstaendnis-und-orientierung\/#article","isPartOf":{"@id":"http:\/\/www.vitalibera.org\/community\/2026\/07\/17\/wenn-das-wesen-sich-veraendert-angehoerige-zwischen-sorge-verstaendnis-und-orientierung\/"},"author":{"name":"admin","@id":"https:\/\/www.vitalibera.org\/community\/#\/schema\/person\/c535fa8d561f7f8ca425ced40d87e582"},"headline":"Wenn das Wesen sich ver\u00e4ndert \u2013 Angeh\u00f6rige zwischen Sorge, Verst\u00e4ndnis und Orientierung","datePublished":"2026-07-17T18:32:20+00:00","dateModified":"2026-07-21T17:42:01+00:00","mainEntityOfPage":{"@id":"http:\/\/www.vitalibera.org\/community\/2026\/07\/17\/wenn-das-wesen-sich-veraendert-angehoerige-zwischen-sorge-verstaendnis-und-orientierung\/"},"wordCount":560,"publisher":{"@id":"https:\/\/www.vitalibera.org\/community\/#organization"},"image":{"@id":"http:\/\/www.vitalibera.org\/community\/2026\/07\/17\/wenn-das-wesen-sich-veraendert-angehoerige-zwischen-sorge-verstaendnis-und-orientierung\/#primaryimage"},"thumbnailUrl":"http:\/\/www.vitalibera.org\/community\/wp-content\/uploads\/2026\/07\/wesen2913.png","keywords":["akut","ambulant","fachwissen","hansli","pflege","psyche"],"articleSection":["Hilfe f\u00fcr Angeh\u00f6rige"],"inLanguage":"de"},{"@type":"WebPage","@id":"http:\/\/www.vitalibera.org\/community\/2026\/07\/17\/wenn-das-wesen-sich-veraendert-angehoerige-zwischen-sorge-verstaendnis-und-orientierung\/","url":"http:\/\/www.vitalibera.org\/community\/2026\/07\/17\/wenn-das-wesen-sich-veraendert-angehoerige-zwischen-sorge-verstaendnis-und-orientierung\/","name":"Wenn das Wesen sich ver\u00e4ndert \u2013 Angeh\u00f6rige zwischen Sorge, Verst\u00e4ndnis und Orientierung - vitalibera.org","isPartOf":{"@id":"https:\/\/www.vitalibera.org\/community\/#website"},"primaryImageOfPage":{"@id":"http:\/\/www.vitalibera.org\/community\/2026\/07\/17\/wenn-das-wesen-sich-veraendert-angehoerige-zwischen-sorge-verstaendnis-und-orientierung\/#primaryimage"},"image":{"@id":"http:\/\/www.vitalibera.org\/community\/2026\/07\/17\/wenn-das-wesen-sich-veraendert-angehoerige-zwischen-sorge-verstaendnis-und-orientierung\/#primaryimage"},"thumbnailUrl":"http:\/\/www.vitalibera.org\/community\/wp-content\/uploads\/2026\/07\/wesen2913.png","datePublished":"2026-07-17T18:32:20+00:00","dateModified":"2026-07-21T17:42:01+00:00","breadcrumb":{"@id":"http:\/\/www.vitalibera.org\/community\/2026\/07\/17\/wenn-das-wesen-sich-veraendert-angehoerige-zwischen-sorge-verstaendnis-und-orientierung\/#breadcrumb"},"inLanguage":"de","potentialAction":[{"@type":"ReadAction","target":["http:\/\/www.vitalibera.org\/community\/2026\/07\/17\/wenn-das-wesen-sich-veraendert-angehoerige-zwischen-sorge-verstaendnis-und-orientierung\/"]}]},{"@type":"BreadcrumbList","@id":"http:\/\/www.vitalibera.org\/community\/2026\/07\/17\/wenn-das-wesen-sich-veraendert-angehoerige-zwischen-sorge-verstaendnis-und-orientierung\/#breadcrumb","itemListElement":[{"@type":"ListItem","position":1,"name":"Startseite","item":"https:\/\/www.vitalibera.org\/community\/"},{"@type":"ListItem","position":2,"name":"Wenn das Wesen sich ver\u00e4ndert \u2013 Angeh\u00f6rige zwischen Sorge, Verst\u00e4ndnis und Orientierung"}]},{"@type":"WebSite","@id":"https:\/\/www.vitalibera.org\/community\/#website","url":"https:\/\/www.vitalibera.org\/community\/","name":"vitalibera.org","description":"Mit einer Einschr&auml;nkung gestaltet sich das Leben im Alltag oft schwieriger - hier berichten wir &uuml;ber unsere Erfahrungen und Hilfsmittel um den Alltag so unbeschwert und unkompliziert wie nur m&ouml;glich geniessen zu k&ouml;nnen. Dabei richten wir unseren Fokus gezielt auf Selbst&auml;ndigkeit, Eigenst&auml;ndigkeit und Selbstbestimmung.","publisher":{"@id":"https:\/\/www.vitalibera.org\/community\/#organization"},"potentialAction":[{"@type":"SearchAction","target":{"@type":"EntryPoint","urlTemplate":"https:\/\/www.vitalibera.org\/community\/?s={search_term_string}"},"query-input":{"@type":"PropertyValueSpecification","valueRequired":true,"valueName":"search_term_string"}}],"inLanguage":"de"},{"@type":"Organization","@id":"https:\/\/www.vitalibera.org\/community\/#organization","name":"vitalibera.org","url":"https:\/\/www.vitalibera.org\/community\/","logo":{"@type":"ImageObject","inLanguage":"de","@id":"https:\/\/www.vitalibera.org\/community\/#\/schema\/logo\/image\/","url":"http:\/\/www.vitalibera.org\/community\/wp-content\/uploads\/2025\/09\/cropped-banner.png","contentUrl":"http:\/\/www.vitalibera.org\/community\/wp-content\/uploads\/2025\/09\/cropped-banner.png","width":991,"height":150,"caption":"vitalibera.org"},"image":{"@id":"https:\/\/www.vitalibera.org\/community\/#\/schema\/logo\/image\/"},"sameAs":["https:\/\/www.facebook.com\/groups\/2997085857140235"]},{"@type":"Person","@id":"https:\/\/www.vitalibera.org\/community\/#\/schema\/person\/c535fa8d561f7f8ca425ced40d87e582","name":"admin","image":{"@type":"ImageObject","inLanguage":"de","@id":"http:\/\/0.gravatar.com\/avatar\/ad516503a11cd5ca435acc9bb6523536?s=96","url":"http:\/\/0.gravatar.com\/avatar\/ad516503a11cd5ca435acc9bb6523536?s=96","contentUrl":"http:\/\/0.gravatar.com\/avatar\/ad516503a11cd5ca435acc9bb6523536?s=96","caption":"admin"},"description":"admin","sameAs":["http:\/\/www.vitalibera.org\/community"],"url":"http:\/\/www.vitalibera.org\/community\/author\/admin\/"}]}},"jetpack_publicize_connections":[],"jetpack_sharing_enabled":true,"jetpack-related-posts":[{"id":5124,"url":"http:\/\/www.vitalibera.org\/community\/2026\/01\/14\/wesens-persoenlichkeitsveraenderungen-nach-schlaganfall\/","url_meta":{"origin":8629,"position":0},"title":"Wesens- \/ Pers\u00f6nlichkeitsver\u00e4nderungen nach Schlaganfall","author":"Andreas Jecklin","date":"14 Januar, 2026","format":false,"excerpt":"Nach einem Schlaganfall sind Wesens- und Pers\u00f6nlichkeitsver\u00e4nderungen sehr h\u00e4ufig und \u00e4u\u00dfern sich oft in\u00a0Depressionen,\u00a0Reizbarkeit,\u00a0Apathie,\u00a0Angst\u00a0oder\u00a0Distanzlosigkeit, bedingt durch die Hirnsch\u00e4digung und die psychische Verarbeitung des Erlebten. Typische Reaktionen sind Stimmungsschwankungen, Aggression, Unruhe, aber auch sozialer R\u00fcckzug, was Betroffene und Angeh\u00f6rige stark belastet. Diese Ver\u00e4nderungen sind oft Symptome der Erkrankung und keine b\u00f6se\u2026","rel":"","context":"In &quot;Fachwissen&quot;","block_context":{"text":"Fachwissen","link":"http:\/\/www.vitalibera.org\/community\/category\/beitraege\/fachwissen\/"},"img":{"alt_text":"","src":"https:\/\/i0.wp.com\/www.vitalibera.org\/community\/wp-content\/uploads\/2026\/01\/persoenlich0.png?resize=350%2C200","width":350,"height":200,"srcset":"https:\/\/i0.wp.com\/www.vitalibera.org\/community\/wp-content\/uploads\/2026\/01\/persoenlich0.png?resize=350%2C200 1x, https:\/\/i0.wp.com\/www.vitalibera.org\/community\/wp-content\/uploads\/2026\/01\/persoenlich0.png?resize=525%2C300 1.5x"},"classes":[]},{"id":8446,"url":"http:\/\/www.vitalibera.org\/community\/2026\/07\/04\/was-angehoerige-in-der-neurologischen-akut-und-frueh-reha-phase-wissen-muessen\/","url_meta":{"origin":8629,"position":1},"title":"Was Angeh\u00f6rige in der neurologischen Akut- und Fr\u00fch-Reha-Phase wissen m\u00fcssen","author":"Andreas Jecklin","date":"4 Juli, 2026","format":false,"excerpt":"Ein Schlaganfall oder eine Hirnblutung trifft Familien meist v\u00f6llig unerwartet. Von einem Moment auf den anderen ver\u00e4ndert sich das Leben des Betroffenen und oft auch das seiner Angeh\u00f6rigen. In den ersten Stunden z\u00e4hlt jede Minute, sp\u00e4ter sind Geduld, Verst\u00e4ndnis und Orientierung gefragt. Viele Familien stehen vor Fragen, \u00c4ngsten und Unsicherheiten:\u2026","rel":"","context":"In &quot;Alltagsnavigation&quot;","block_context":{"text":"Alltagsnavigation","link":"http:\/\/www.vitalibera.org\/community\/category\/beitraege\/eingeschraenkt-im-alltag\/alltagsnavigation\/"},"img":{"alt_text":"","src":"https:\/\/i0.wp.com\/www.vitalibera.org\/community\/wp-content\/uploads\/2026\/07\/akut03.png?resize=350%2C200","width":350,"height":200},"classes":[]},{"id":4299,"url":"http:\/\/www.vitalibera.org\/community\/2025\/11\/16\/persoenlichkeitsveraenderung-nach-schlaganfall\/","url_meta":{"origin":8629,"position":2},"title":"Pers\u00f6nlichkeitsver\u00e4nderung nach  Schlaganfall","author":"Andreas Jecklin","date":"16 November, 2025","format":false,"excerpt":"\u201cDie Pers\u00f6nlichkeit eines Menschen ist die Summe aller seiner psychischen Eigenschaften und Verhaltensmuster, die ihm eine individuelle, wesenseigene Identit\u00e4t verleihen. Die Pers\u00f6nlichkeit umfasst das Gef\u00fchlsleben ebenso wie die Wahrnehmung, das Denken und die Beziehung zu anderen Personen. Pers\u00f6nlichkeitsz\u00fcge unterscheiden Menschen voneinander\u201d. Jeder Mensch unterscheidet sich von anderen durch seine ganz\u2026","rel":"","context":"In &quot;Fachwissen&quot;","block_context":{"text":"Fachwissen","link":"http:\/\/www.vitalibera.org\/community\/category\/beitraege\/fachwissen\/"},"img":{"alt_text":"","src":"https:\/\/i0.wp.com\/www.vitalibera.org\/community\/wp-content\/uploads\/2025\/11\/depri.png?resize=350%2C200","width":350,"height":200},"classes":[]},{"id":8493,"url":"http:\/\/www.vitalibera.org\/community\/2026\/07\/05\/hilfe-und-beratung-fuer-angehoerige-nach-hirnverletzungen\/","url_meta":{"origin":8629,"position":3},"title":"Hilfe und Beratung f\u00fcr Angeh\u00f6rige nach Hirnverletzungen","author":"Andreas Jecklin","date":"5 Juli, 2026","format":false,"excerpt":"Wenn ein nahestehender Mensch durch ein Aneurysma, ein Sch\u00e4del-Hirn-Trauma, einen Schlaganfall oder eine Hirnblutung betroffen ist, ver\u00e4ndert sich das Leben oft von einem Moment auf den anderen. Neben der Sorge um die betroffene Person stehen Angeh\u00f6rige h\u00e4ufig vor emotionalen, organisatorischen und pflegerischen Herausforderungen. \u00c4ngste, \u00dcberforderung, Unsicherheit und Ersch\u00f6pfung sind in\u2026","rel":"","context":"In &quot;Hilfe f\u00fcr Angeh\u00f6rige&quot;","block_context":{"text":"Hilfe f\u00fcr Angeh\u00f6rige","link":"http:\/\/www.vitalibera.org\/community\/category\/hilfe-fuer-angehoerige\/"},"img":{"alt_text":"","src":"https:\/\/i0.wp.com\/www.vitalibera.org\/community\/wp-content\/uploads\/2026\/07\/fear0101.png?resize=350%2C200","width":350,"height":200},"classes":[]},{"id":8614,"url":"http:\/\/www.vitalibera.org\/community\/2026\/07\/16\/umgang-mit-stimmungsschwankungen-und-aggressionen-nach-einer-hirnverletzung\/","url_meta":{"origin":8629,"position":4},"title":"Umgang mit Stimmungsschwankungen und Aggressionen nach einer Hirnverletzung","author":"Andreas Jecklin","date":"16 Juli, 2026","format":false,"excerpt":"Eine Hirnverletzung ver\u00e4ndert nicht nur das Leben der betroffenen Person, sondern stellt auch Angeh\u00f6rige vor gro\u00dfe Herausforderungen. Stimmungsschwankungen, Reizbarkeit, Aggressionen oder unbegr\u00fcndete Vorw\u00fcrfe k\u00f6nnen als Folge der Hirnsch\u00e4digung auftreten und das t\u00e4gliche Miteinander stark belasten. Oft f\u00e4llt es schwer, zwischen der Erkrankung und der Pers\u00f6nlichkeit des Menschen zu unterscheiden, den\u2026","rel":"","context":"In &quot;Hilfe f\u00fcr Angeh\u00f6rige&quot;","block_context":{"text":"Hilfe f\u00fcr Angeh\u00f6rige","link":"http:\/\/www.vitalibera.org\/community\/category\/hilfe-fuer-angehoerige\/"},"img":{"alt_text":"","src":"https:\/\/i0.wp.com\/www.vitalibera.org\/community\/wp-content\/uploads\/2026\/07\/aggro221006.png?resize=350%2C200","width":350,"height":200},"classes":[]},{"id":8569,"url":"http:\/\/www.vitalibera.org\/community\/2026\/07\/14\/pflegedienste\/","url_meta":{"origin":8629,"position":5},"title":"Pflegedienste &#8211; Wie du die Pflege zu Hause aktiv und selbstbestimmt gestaltest","author":"Heidi","date":"14 Juli, 2026","format":false,"excerpt":"Nach einer Hirnverletzung stehen Betroffene und ihre Angeh\u00f6rigen h\u00e4ufig vor neuen Herausforderungen im Alltag. Viele w\u00fcnschen sich, so lange wie m\u00f6glich in der vertrauten h\u00e4uslichen Umgebung zu leben und dabei ihre Selbstst\u00e4ndigkeit zu bewahren und gezielt zu F\u00f6rdern. Ein ambulanter Pflegedienst kann dabei eine wertvolle Unterst\u00fctzung sein. Entscheidend ist jedoch,\u2026","rel":"","context":"In &quot;Alltagsnavigation&quot;","block_context":{"text":"Alltagsnavigation","link":"http:\/\/www.vitalibera.org\/community\/category\/beitraege\/eingeschraenkt-im-alltag\/alltagsnavigation\/"},"img":{"alt_text":"","src":"https:\/\/i0.wp.com\/www.vitalibera.org\/community\/wp-content\/uploads\/2026\/07\/ambulantepflege123.png?resize=350%2C200","width":350,"height":200},"classes":[]}],"jetpack_featured_media_url":"http:\/\/www.vitalibera.org\/community\/wp-content\/uploads\/2026\/07\/wesen2913.png","_links":{"self":[{"href":"http:\/\/www.vitalibera.org\/community\/wp-json\/wp\/v2\/posts\/8629","targetHints":{"allow":["GET"]}}],"collection":[{"href":"http:\/\/www.vitalibera.org\/community\/wp-json\/wp\/v2\/posts"}],"about":[{"href":"http:\/\/www.vitalibera.org\/community\/wp-json\/wp\/v2\/types\/post"}],"author":[{"embeddable":true,"href":"http:\/\/www.vitalibera.org\/community\/wp-json\/wp\/v2\/users\/1"}],"replies":[{"embeddable":true,"href":"http:\/\/www.vitalibera.org\/community\/wp-json\/wp\/v2\/comments?post=8629"}],"version-history":[{"count":2,"href":"http:\/\/www.vitalibera.org\/community\/wp-json\/wp\/v2\/posts\/8629\/revisions"}],"predecessor-version":[{"id":8634,"href":"http:\/\/www.vitalibera.org\/community\/wp-json\/wp\/v2\/posts\/8629\/revisions\/8634"}],"wp:featuredmedia":[{"embeddable":true,"href":"http:\/\/www.vitalibera.org\/community\/wp-json\/wp\/v2\/media\/8630"}],"wp:attachment":[{"href":"http:\/\/www.vitalibera.org\/community\/wp-json\/wp\/v2\/media?parent=8629"}],"wp:term":[{"taxonomy":"category","embeddable":true,"href":"http:\/\/www.vitalibera.org\/community\/wp-json\/wp\/v2\/categories?post=8629"},{"taxonomy":"post_tag","embeddable":true,"href":"http:\/\/www.vitalibera.org\/community\/wp-json\/wp\/v2\/tags?post=8629"}],"curies":[{"name":"wp","href":"https:\/\/api.w.org\/{rel}","templated":true}]}}