{"id":9345,"date":"2026-08-29T12:29:02","date_gmt":"2026-08-29T10:29:02","guid":{"rendered":"https:\/\/www.vitalibera.org\/community\/?p=9345"},"modified":"2026-08-29T12:31:16","modified_gmt":"2026-08-29T10:31:16","slug":"neuroplastizitaet-ist-real-und-du-hast-die-kraft-sie-zu-nutzen","status":"publish","type":"post","link":"http:\/\/www.vitalibera.org\/community\/2026\/08\/29\/neuroplastizitaet-ist-real-und-du-hast-die-kraft-sie-zu-nutzen\/","title":{"rendered":"Neuroplastizit\u00e4t ist real \u2013 und du hast die Kraft, sie zu nutzen"},"content":{"rendered":"\n<div class=\"wp-block-media-text is-stacked-on-mobile is-vertically-aligned-top\"><figure class=\"wp-block-media-text__media\"><img decoding=\"async\" width=\"230\" height=\"153\" src=\"https:\/\/www.vitalibera.org\/community\/wp-content\/uploads\/2026\/08\/plastizitaet122336.png\" alt=\"\" class=\"wp-image-9346 size-full\"><\/figure><div class=\"wp-block-media-text__content\">\n<p>Nach einer <a href=\"http:\/\/www.vitalibera.org\/community\/enzyklopaedie\/hirnverletzung\/\" target=\"_self\" title=\"Eine Hirnverletzung (oft als&nbsp;Sch&auml;del-Hirn-Trauma, SHT) ist eine&nbsp;Sch&auml;digung des Gehirns, verursacht durch &auml;u&szlig;ere Gewalteinwirkung (Unfall, Sturz) oder innere Faktoren (Schlaganfall, Tumor). Sie f&uuml;hrt zu k&ouml;rperlichen, kognitiven und verhaltensbezogenen Einschr&auml;nkungen, die oft unsichtbar bleiben. Symptome reichen von Kopfschmerzen bis zu schweren Behinderungen. Wichtige Aspekte der Hirnverletzung: Ursachen:&nbsp;H&auml;ufig durch Schlaganf&auml;lle, Hirnblutungen, Sauerstoffmangel oder St&uuml;rze\/Verkehrsunf&auml;lle (Sch&auml;del-Hirn-Trauma). Formen (SHT):&nbsp;Unterscheidung in&hellip;\" class=\"encyclopedia\">Hirnverletzung<\/a> f&uuml;hlt sich vieles unsicher an: Bewegungen, Denken, Energie, <a href=\"http:\/\/www.vitalibera.org\/community\/2026\/04\/30\/lapstacker-transport-gurtsystem-fuer-rollstuehle\/\"><font color=\"blue\"><img src=\"https:\/\/www.vitalibera.org\/community\/wp-content\/images\/link.png\" width=\"20\" height=\"20\"><u>Alltag<\/u><\/font><\/a>. Doch mitten in dieser Unsicherheit gibt es eine Wahrheit, die tr&auml;gt: <strong><a href=\"http:\/\/www.vitalibera.org\/community\/enzyklopaedie\/neuroplastizitaet\/\" target=\"_self\" title=\"Neuroplastizit&auml;t&nbsp;beschreibt die F&auml;higkeit des Gehirns, sich durch die gesamte Lebensspanne hinweg zu ver&auml;ndern, anzupassen und neue Verbindungen zwischen Nervenzellen zu bilden.&nbsp;Diese st&auml;ndige Umstrukturierung erm&ouml;glicht Lernen und Wachstum, spielt eine entscheidende Rolle bei der Genesung nach Hirnsch&auml;den wie Schlaganf&auml;llen und ist die Grundlage f&uuml;r die Entwicklung von F&auml;higkeiten und die Anpassung an die Umwelt.&nbsp;Regelm&auml;&szlig;iges &Uuml;ben und&hellip;\" class=\"encyclopedia\">Neuroplastizit&auml;t<\/a> ist real.<\/strong> Sie ist keine Hoffnung, kein Mythos, kein Hokuspokus &ndash; sie ist messbare Biologie. Dein Gehirn kann sich ver&auml;ndern, neu verbinden, neu lernen. Und genau diese F&auml;higkeit steckt auch in dir.<\/p>\n\n\n\n<p>Du hast &uuml;berlebt. Du bist hier. Und in dir arbeitet ein Gehirn, das jeden Tag versucht, neue Wege zu bauen.<\/p>\n\n\n\n<p><strong>Du hast die Power in dir &ndash; und du wirst sie nutzen.<\/strong><\/p>\n<\/div><\/div>\n\n\n\n<p><a href=\"http:\/\/www.vitalibera.org\/community\/enzyklopaedie\/neuroplastizitaet\/\" target=\"_self\" title=\"Neuroplastizit&auml;t&nbsp;beschreibt die F&auml;higkeit des Gehirns, sich durch die gesamte Lebensspanne hinweg zu ver&auml;ndern, anzupassen und neue Verbindungen zwischen Nervenzellen zu bilden.&nbsp;Diese st&auml;ndige Umstrukturierung erm&ouml;glicht Lernen und Wachstum, spielt eine entscheidende Rolle bei der Genesung nach Hirnsch&auml;den wie Schlaganf&auml;llen und ist die Grundlage f&uuml;r die Entwicklung von F&auml;higkeiten und die Anpassung an die Umwelt.&nbsp;Regelm&auml;&szlig;iges &Uuml;ben und&hellip;\" class=\"encyclopedia\">Neuroplastizit&auml;t<\/a> ist kein Zaubertrick, kein Wunschdenken, kein Hokuspokus. Sie ist <strong>messbare Biologie<\/strong>, sichtbar in MRT&#8209;Aufnahmen, in Studien, in jedem Fortschritt, den <a href=\"http:\/\/www.vitalibera.org\/community\/2026\/04\/19\/wenn-reize-laut-werden-und-menschen-leise\/\"><font color=\"blue\"><img src=\"https:\/\/www.vitalibera.org\/community\/wp-content\/images\/link.png\" width=\"20\" height=\"20\"><u>Betroffene<\/u><\/font><\/a> machen. Dein Gehirn baut neue Wege, wenn alte verletzt wurden. Es lernt, kompensiert, reorganisiert &ndash; manchmal langsam, manchmal &uuml;berraschend schnell.<\/p>\n\n\n\n<p>Und genau diese F&auml;higkeit steckt <strong>auch in dir<\/strong>. <strong>Dein Gehirn kann sich ver&auml;ndern.<\/strong> <strong>Du kannst dich ver&auml;ndern.<\/strong> <strong>Die Power daf&uuml;r ist bereits in dir.<\/strong><\/p>\n\n\n\n<h6 class=\"wp-block-heading\"><strong>Was das f&uuml;r dich konkret bedeutet<\/strong><\/h6>\n\n\n\n<ul class=\"wp-block-list\">\n<li><strong>Du bist nicht ausgeliefert<\/strong> &ndash; dein Gehirn arbeitet aktiv f&uuml;r dich.<\/li>\n\n\n\n<li><strong>Jede Wiederholung z&auml;hlt<\/strong> &ndash; selbst kleinste Schritte formen neue Verbindungen.<\/li>\n\n\n\n<li><strong>Fortschritte entstehen oft leise<\/strong> &ndash; aber sie entstehen.<\/li>\n\n\n\n<li><strong>Du hast Einfluss<\/strong> &ndash; durch Ruhe, <a href=\"http:\/\/www.vitalibera.org\/community\/2026\/08\/18\/betroffene-hand-und-finger-aktivieren-eigentherapie-bei-spastik-und-fauststellung\/\"><font color=\"blue\"><img src=\"https:\/\/www.vitalibera.org\/community\/wp-content\/images\/link.png\" width=\"20\" height=\"20\"><u>Training<\/u><\/font><\/a>, Struktur, Mut.<\/li>\n<\/ul>\n\n\n\n<p><strong><a href=\"http:\/\/www.vitalibera.org\/community\/enzyklopaedie\/neuroplastizitaet\/\" target=\"_self\" title=\"Neuroplastizit&auml;t&nbsp;beschreibt die F&auml;higkeit des Gehirns, sich durch die gesamte Lebensspanne hinweg zu ver&auml;ndern, anzupassen und neue Verbindungen zwischen Nervenzellen zu bilden.&nbsp;Diese st&auml;ndige Umstrukturierung erm&ouml;glicht Lernen und Wachstum, spielt eine entscheidende Rolle bei der Genesung nach Hirnsch&auml;den wie Schlaganf&auml;llen und ist die Grundlage f&uuml;r die Entwicklung von F&auml;higkeiten und die Anpassung an die Umwelt.&nbsp;Regelm&auml;&szlig;iges &Uuml;ben und&hellip;\" class=\"encyclopedia\">Neuroplastizit&auml;t<\/a> ist dein innerer Motor.<\/strong> <strong>Du musst ihn nicht erfinden &ndash; nur nutzen.<\/strong><\/p>\n\n\n\n<div class=\"wp-block-media-text is-stacked-on-mobile is-vertically-aligned-top\" style=\"grid-template-columns:32% auto\"><figure class=\"wp-block-media-text__media\"><img fetchpriority=\"high\" decoding=\"async\" width=\"302\" height=\"277\" src=\"http:\/\/www.vitalibera.org\/community\/wp-content\/uploads\/2026\/03\/tip3.png\" alt=\"\" class=\"wp-image-6087 size-full\" srcset=\"http:\/\/www.vitalibera.org\/community\/wp-content\/uploads\/2026\/03\/tip3.png 302w, http:\/\/www.vitalibera.org\/community\/wp-content\/uploads\/2026\/03\/tip3-300x275.png 300w\" sizes=\"(max-width: 302px) 100vw, 302px\" \/><\/figure><div class=\"wp-block-media-text__content\">\n<p><strong>Auch wenn sich alles fremd, chaotisch oder langsam anf&uuml;hlt: Dein Gehirn arbeitet.<\/strong> Nicht immer sichtbar, nicht immer sp&uuml;rbar, aber konstant im Hintergrund.<\/p>\n\n\n\n<p><strong>Halte jeden kleinen Moment fest, der gelingt &ndash; er ist ein Beweis daf&uuml;r, dass du zur&uuml;ckkommst.<\/strong><\/p>\n\n\n\n<p>Orientierung entsteht nicht durch gro&szlig;e Spr&uuml;nge, sondern durch viele kleine Wiederholungen. Dein Reha&#8209;Team sieht Fortschritte, bevor du sie selbst wahrnimmst. Vertraue darauf, dass dein Gehirn gerade leise neue Wege baut.<\/p>\n<\/div><\/div>\n\n\n\n<p>Du kannst <a href=\"http:\/\/www.vitalibera.org\/community\/enzyklopaedie\/neuroplastizitaet\/\" target=\"_self\" title=\"Neuroplastizit&auml;t&nbsp;beschreibt die F&auml;higkeit des Gehirns, sich durch die gesamte Lebensspanne hinweg zu ver&auml;ndern, anzupassen und neue Verbindungen zwischen Nervenzellen zu bilden.&nbsp;Diese st&auml;ndige Umstrukturierung erm&ouml;glicht Lernen und Wachstum, spielt eine entscheidende Rolle bei der Genesung nach Hirnsch&auml;den wie Schlaganf&auml;llen und ist die Grundlage f&uuml;r die Entwicklung von F&auml;higkeiten und die Anpassung an die Umwelt.&nbsp;Regelm&auml;&szlig;iges &Uuml;ben und&hellip;\" class=\"encyclopedia\">Neuroplastizit&auml;t<\/a> aktiv beeinflussen &ndash; nicht durch Druck, sondern durch <strong>gezielte, wiederholte, bedeutsame Reize<\/strong>, die dein Gehirn als &bdquo;wichtig&ldquo; erkennt. Die folgenden Strategien funktionieren in der <a href=\"http:\/\/www.vitalibera.org\/community\/2026\/07\/14\/orientierungslosigkeit-in-der-akutphase-nach-einer-hirnverletzung\/\"><font color=\"blue\"><img src=\"https:\/\/www.vitalibera.org\/community\/wp-content\/images\/link.png\" width=\"20\" height=\"20\"><u>Akutphase<\/u><\/font><\/a>, Fr&uuml;hreha und im Alltag.<\/p>\n\n\n\n<h6 class=\"wp-block-heading\"><strong>1. Wiederholung &ndash; der st&auml;rkste Motor<\/strong><\/h6>\n\n\n\n<ul class=\"wp-block-list\">\n<li><strong>Gezielte Wiederholungen<\/strong> sind der Kern der <a href=\"http:\/\/www.vitalibera.org\/community\/enzyklopaedie\/neuroplastizitaet\/\" target=\"_self\" title=\"Neuroplastizit&auml;t&nbsp;beschreibt die F&auml;higkeit des Gehirns, sich durch die gesamte Lebensspanne hinweg zu ver&auml;ndern, anzupassen und neue Verbindungen zwischen Nervenzellen zu bilden.&nbsp;Diese st&auml;ndige Umstrukturierung erm&ouml;glicht Lernen und Wachstum, spielt eine entscheidende Rolle bei der Genesung nach Hirnsch&auml;den wie Schlaganf&auml;llen und ist die Grundlage f&uuml;r die Entwicklung von F&auml;higkeiten und die Anpassung an die Umwelt.&nbsp;Regelm&auml;&szlig;iges &Uuml;ben und&hellip;\" class=\"encyclopedia\">Neuroplastizit&auml;t<\/a>.<\/li>\n\n\n\n<li>Lieber <strong>10 kleine Wiederholungen<\/strong> &uuml;ber den Tag verteilt als eine gro&szlig;e Einheit.<\/li>\n\n\n\n<li>Das Gehirn reagiert auf <strong>H&auml;ufigkeit<\/strong>, nicht auf Dauer.<\/li>\n<\/ul>\n\n\n\n<h6 class=\"wp-block-heading\"><strong>2. Aufgaben m&uuml;ssen echt sein (Task&#8209;Oriented Training)<\/strong><\/h6>\n\n\n\n<ul class=\"wp-block-list\">\n<li><strong>Alltagsaufgaben trainieren<\/strong> statt k&uuml;nstlicher &Uuml;bungen.<\/li>\n\n\n\n<li>Wasser eingie&szlig;en, Jacke schlie&szlig;en, <a href=\"http:\/\/www.vitalibera.org\/community\/2026\/08\/19\/reizarme-bildschirm-einstellungen-nach-hirnverletzung-schutz-vor-ueberlastung-fatigue-und-visuellen-triggern\/\"><font color=\"blue\"><img src=\"https:\/\/www.vitalibera.org\/community\/wp-content\/images\/link.png\" width=\"20\" height=\"20\"><u>Handy<\/u><\/font><\/a> entsperren, Schl&uuml;ssel drehen.<\/li>\n\n\n\n<li>Das Gehirn lernt am besten in <strong>realen Kontexten<\/strong>, nicht im Labor.<\/li>\n<\/ul>\n\n\n\n<h6 class=\"wp-block-heading\"><strong>3. Emotion + Bedeutung = Turbo<\/strong><\/h6>\n\n\n\n<ul class=\"wp-block-list\">\n<li><strong>Bedeutsame T&auml;tigkeiten<\/strong> aktivieren mehr Hirnareale.<\/li>\n\n\n\n<li>F&uuml;r jemanden <a href=\"http:\/\/www.vitalibera.org\/community\/2026\/05\/11\/kochen-trotz-hemiparese\/\"><font color=\"blue\"><img src=\"https:\/\/www.vitalibera.org\/community\/wp-content\/images\/link.png\" width=\"20\" height=\"20\"><u>kochen<\/u><\/font><\/a>, eine Nachricht schreiben, ein vertrautes Objekt ber&uuml;hren.<\/li>\n\n\n\n<li>Emotion verst&auml;rkt die synaptische Festigung.<\/li>\n<\/ul>\n\n\n\n<h6 class=\"wp-block-heading\"><strong>4. Variationen einbauen<\/strong><\/h6>\n\n\n\n<ul class=\"wp-block-list\">\n<li><strong>Variabilit&auml;t nutzen<\/strong>: verschiedene Tassen, T&uuml;ren, Rei&szlig;verschl&uuml;sse.<\/li>\n\n\n\n<li>Das Gehirn lernt dadurch <strong>Generalisierung<\/strong> &ndash; die F&auml;higkeit, etwas in neuen Situationen anzuwenden.<\/li>\n<\/ul>\n\n\n\n<h6 class=\"wp-block-heading\"><strong>5. Pausen sind Teil des Trainings<\/strong><\/h6>\n\n\n\n<ul class=\"wp-block-list\">\n<li><strong>Regeneration einplanen<\/strong> &ndash; ohne Pausen keine <a href=\"http:\/\/www.vitalibera.org\/community\/enzyklopaedie\/neuroplastizitaet\/\" target=\"_self\" title=\"Neuroplastizit&auml;t&nbsp;beschreibt die F&auml;higkeit des Gehirns, sich durch die gesamte Lebensspanne hinweg zu ver&auml;ndern, anzupassen und neue Verbindungen zwischen Nervenzellen zu bilden.&nbsp;Diese st&auml;ndige Umstrukturierung erm&ouml;glicht Lernen und Wachstum, spielt eine entscheidende Rolle bei der Genesung nach Hirnsch&auml;den wie Schlaganf&auml;llen und ist die Grundlage f&uuml;r die Entwicklung von F&auml;higkeiten und die Anpassung an die Umwelt.&nbsp;Regelm&auml;&szlig;iges &Uuml;ben und&hellip;\" class=\"encyclopedia\">Neuroplastizit&auml;t<\/a>.<\/li>\n\n\n\n<li>&Uuml;berlastung blockiert Lernprozesse.<\/li>\n\n\n\n<li>Das Gehirn braucht Ruhe, um neue Verbindungen zu stabilisieren.<\/li>\n<\/ul>\n\n\n\n<h6 class=\"wp-block-heading\"><strong>6. Bewusstheit &amp; Wahrnehmung sch&auml;rfen<\/strong><\/h6>\n\n\n\n<ul class=\"wp-block-list\">\n<li><strong>Wahrnehmung aktivieren<\/strong>: laut kommentieren, spiegeln, bewusst hinschauen.<\/li>\n\n\n\n<li>Besonders wichtig bei <a href=\"http:\/\/www.vitalibera.org\/community\/enzyklopaedie\/neglect\/\" target=\"_self\" title='Neglect, auch bekannt als Neglect-Syndrom, ist eine&nbsp;neurologische St&ouml;rung, bei der eine Seite der Umgebung oder des eigenen K&ouml;rpers nicht mehr wahrgenommen oder beachtet wird, obwohl die Sinnesorgane (wie Augen oder Ohren) selbst intakt sind.&nbsp;Es ist keine Sehst&ouml;rung (wie eine Hemianopsie), sondern eine Aufmerksamkeitsst&ouml;rung.&nbsp;Der Begriff leitet sich vom lateinischen \"neglegere\" ab, was \"nicht beachten\" oder \"vernachl&auml;ssigen\"&hellip;' class=\"encyclopedia\">Neglect<\/a>, <a href=\"http:\/\/www.vitalibera.org\/community\/enzyklopaedie\/aphasie\/\" target=\"_self\" title=\"Eine Aphasie ist eine&nbsp;Sprachst&ouml;rung, die die Beeintr&auml;chtigung von Wortverst&auml;ndnis oder Wortproduktion oder nichtverbalen Entsprechungen von W&ouml;rtern umfasst. Sie resultiert aus einer Funktionsst&ouml;rung der Sprachzentren in der Gro&szlig;hirnrinde und in den Basalganglien oder den verbindenden Bahnen in der wei&szlig;en Substanz. &nbsp;\" class=\"encyclopedia\">Aphasie<\/a>n, sensorischen St&ouml;rungen.<\/li>\n<\/ul>\n\n\n\n<h6 class=\"wp-block-heading\"><strong>7. Mini&#8209;Erfolge dokumentieren<\/strong><\/h6>\n\n\n\n<ul class=\"wp-block-list\">\n<li><strong>Erfolge festhalten<\/strong> &ndash; das st&auml;rkt <a href=\"http:\/\/www.vitalibera.org\/community\/2026\/07\/16\/trotz-hirnverletzung-nach-vorne-schauen\/\"><font color=\"blue\"><img src=\"https:\/\/www.vitalibera.org\/community\/wp-content\/images\/link.png\" width=\"20\" height=\"20\"><u>Motivation<\/u><\/font><\/a> und zeigt Fortschritte, die man selbst oft nicht <a href=\"http:\/\/www.vitalibera.org\/community\/enzyklopaedie\/bem\/\" target=\"_self\" title=\"Das&nbsp;Betriebliche Eingliederungsmanagement&nbsp;(BEM) ist ein gesetzlich vorgeschriebenes Verfahren (&sect; 167 Abs. 2 SGB IX) in Deutschland. Es verpflichtet Arbeitgeber, Besch&auml;ftigten, die innerhalb eines Jahres l&auml;nger als sechs Wochen ununterbrochen oder wiederholt arbeitsunf&auml;hig sind, Ma&szlig;nahmen anzubieten, um Arbeitsunf&auml;higkeit zu &uuml;berwinden, erneuter vorzubeugen und den Arbeitsplatz zu erhalten.\" class=\"encyclopedia\">bem<\/a>erkt.<\/li>\n\n\n\n<li>Das Reha&#8209;Team sieht Ver&auml;nderungen fr&uuml;her als du.<\/li>\n<\/ul>\n\n\n\n<h6 class=\"wp-block-heading\"><strong>Merksatz<\/strong><\/h6>\n\n\n\n<p><strong><a href=\"http:\/\/www.vitalibera.org\/community\/enzyklopaedie\/neuroplastizitaet\/\" target=\"_self\" title=\"Neuroplastizit&auml;t&nbsp;beschreibt die F&auml;higkeit des Gehirns, sich durch die gesamte Lebensspanne hinweg zu ver&auml;ndern, anzupassen und neue Verbindungen zwischen Nervenzellen zu bilden.&nbsp;Diese st&auml;ndige Umstrukturierung erm&ouml;glicht Lernen und Wachstum, spielt eine entscheidende Rolle bei der Genesung nach Hirnsch&auml;den wie Schlaganf&auml;llen und ist die Grundlage f&uuml;r die Entwicklung von F&auml;higkeiten und die Anpassung an die Umwelt.&nbsp;Regelm&auml;&szlig;iges &Uuml;ben und&hellip;\" class=\"encyclopedia\">Neuroplastizit&auml;t<\/a> ist real.<\/strong> <strong>Sie passiert jeden Tag.<\/strong> <strong>Und du kannst sie gezielt ansto&szlig;en.<\/strong><\/p>\n\n\n\n<div class=\"wp-block-media-text is-stacked-on-mobile is-vertically-aligned-top\" style=\"grid-template-columns:47% auto\"><figure class=\"wp-block-media-text__media\"><img decoding=\"async\" width=\"200\" height=\"133\" src=\"http:\/\/www.vitalibera.org\/community\/wp-content\/uploads\/2026\/08\/vermeidung887878.png\" alt=\"\" class=\"wp-image-9088 size-full\"><\/figure><div class=\"wp-block-media-text__content\">\n<p>Pflegeheime sind auf <strong>Versorgung und Kontrolle<\/strong> ausgelegt &ndash; nicht auf Lernen und Selbstwirksamkeit.<\/p>\n\n\n\n<p>Wenn Betroffene dort bevormundet werden, Entscheidungen abgenommen bekommen oder in passiven Routinen leben, passiert biologisch das Gegenteil von Heilung:<\/p>\n\n\n\n<ul class=\"wp-block-list\">\n<li><strong>Neuronale Aktivit&auml;t sinkt<\/strong><\/li>\n\n\n\n<li><strong><a href=\"http:\/\/www.vitalibera.org\/community\/enzyklopaedie\/synapsen\/\" target=\"_self\" title='Synapsen sind winzige Schaltstellen im Gehirn und K&ouml;rper, die wie eine \"Nachrichten&uuml;bertragung\" zwischen Zellen funktionieren, um Signale weiterzuleiten.&nbsp;Sie verbinden Nervenzellen untereinander oder mit anderen Zielzellen (z. B. Muskeln, Dr&uuml;sen) und bestehen aus dem Endkn&ouml;pfchen einer Zelle (pr&auml;synaptische Membran), einem winzigen Spalt (synaptischer Spalt) und der Empf&auml;ngerzelle (postsynaptische Membran).&nbsp;Wenn ein elektrischer Impuls ankommt, werden Botenstoffe&nbsp;(Transmitter)&nbsp;freigesetzt, die&hellip;' class=\"encyclopedia\">Synapsen<\/a>bildung stoppt<\/strong><\/li>\n\n\n\n<li><strong>Motivation und Identit&auml;t schwinden<\/strong><\/li>\n<\/ul>\n\n\n\n<h6 class=\"wp-block-heading\"><strong>Was Bevormundung bewirkt<\/strong><\/h6>\n\n\n\n<ul class=\"wp-block-list\">\n<li>Das Gehirn erlebt <strong>Fremdsteuerung statt Selbststeuerung<\/strong>.<\/li>\n\n\n\n<li>Es schaltet in <strong>Schutz&#8209; statt Lernmodus<\/strong>.<\/li>\n\n\n\n<li><a href=\"http:\/\/www.vitalibera.org\/community\/enzyklopaedie\/neuroplastizitaet\/\" target=\"_self\" title=\"Neuroplastizit&auml;t&nbsp;beschreibt die F&auml;higkeit des Gehirns, sich durch die gesamte Lebensspanne hinweg zu ver&auml;ndern, anzupassen und neue Verbindungen zwischen Nervenzellen zu bilden.&nbsp;Diese st&auml;ndige Umstrukturierung erm&ouml;glicht Lernen und Wachstum, spielt eine entscheidende Rolle bei der Genesung nach Hirnsch&auml;den wie Schlaganf&auml;llen und ist die Grundlage f&uuml;r die Entwicklung von F&auml;higkeiten und die Anpassung an die Umwelt.&nbsp;Regelm&auml;&szlig;iges &Uuml;ben und&hellip;\" class=\"encyclopedia\">Neuroplastizit&auml;t<\/a> wird blockiert &ndash; nicht durch fehlende <a href=\"http:\/\/www.vitalibera.org\/community\/2026\/08\/31\/neue-therapieverfahren-in-der-fruehrehabilitation-wege-zurueck-ins-leben-nach-hirnverletzung\/\"><font color=\"blue\"><img src=\"https:\/\/www.vitalibera.org\/community\/wp-content\/images\/link.png\" width=\"20\" height=\"20\"><u>Therapie<\/u><\/font><\/a>, sondern durch fehlende Freiheit.<\/li>\n<\/ul>\n\n\n\n<h6 class=\"wp-block-heading\"><strong>Was Heilung braucht<\/strong><\/h6>\n\n\n\n<ul class=\"wp-block-list\">\n<li><strong>Selbstbestimmung<\/strong><\/li>\n\n\n\n<li><strong>Sinnvolle Aktivit&auml;t<\/strong><\/li>\n\n\n\n<li><strong>Vertrauen statt Kontrolle<\/strong><\/li>\n\n\n\n<li><strong>Individuelle Reize und Pausen<\/strong><\/li>\n<\/ul>\n\n\n\n<p><strong><a href=\"http:\/\/www.vitalibera.org\/community\/enzyklopaedie\/neuroplastizitaet\/\" target=\"_self\" title=\"Neuroplastizit&auml;t&nbsp;beschreibt die F&auml;higkeit des Gehirns, sich durch die gesamte Lebensspanne hinweg zu ver&auml;ndern, anzupassen und neue Verbindungen zwischen Nervenzellen zu bilden.&nbsp;Diese st&auml;ndige Umstrukturierung erm&ouml;glicht Lernen und Wachstum, spielt eine entscheidende Rolle bei der Genesung nach Hirnsch&auml;den wie Schlaganf&auml;llen und ist die Grundlage f&uuml;r die Entwicklung von F&auml;higkeiten und die Anpassung an die Umwelt.&nbsp;Regelm&auml;&szlig;iges &Uuml;ben und&hellip;\" class=\"encyclopedia\">Neuroplastizit&auml;t<\/a> entsteht dort, wo Menschen selbst <a href=\"http:\/\/www.vitalibera.org\/community\/2025\/10\/29\/symptom-check-der-fast-test\/\"><font color=\"blue\"><img src=\"https:\/\/www.vitalibera.org\/community\/wp-content\/images\/link.png\" width=\"20\" height=\"20\"><u>handeln<\/u><\/font><\/a> d&uuml;rfen &ndash;<\/strong> <strong>nicht dort, wo sie verwaltet werden.<\/strong><\/p>\n<\/div><\/div>\n","protected":false},"excerpt":{"rendered":"<p>Nach einer Hirnverletzung f\u00fchlt sich vieles unsicher an: Bewegungen, Denken, Energie, Alltag. Doch mitten in dieser Unsicherheit gibt es eine Wahrheit, die tr\u00e4gt: Neuroplastizit\u00e4t ist real. Sie ist keine Hoffnung, kein Mythos, kein Hokuspokus \u2013 sie ist messbare Biologie. Dein Gehirn kann sich ver\u00e4ndern, neu verbinden, neu lernen. Und genau diese F\u00e4higkeit steckt auch in dir.<\/p>\n","protected":false},"author":2,"featured_media":9346,"comment_status":"closed","ping_status":"open","sticky":false,"template":"","format":"standard","meta":{"cybocfi_hide_featured_image":"yes","_jetpack_newsletter_access":"","_jetpack_dont_email_post_to_subs":false,"_jetpack_newsletter_tier_id":0,"_jetpack_memberships_contains_paywalled_content":false,"_jetpack_feature_clip_id":0,"_jetpack_memberships_contains_paid_content":false,"footnotes":"","jetpack_publicize_message":"","jetpack_publicize_feature_enabled":true,"jetpack_social_post_already_shared":false,"jetpack_social_options":{"image_generator_settings":{"template":"highway","default_image_id":0,"font":"","enabled":false},"version":2},"jetpack_post_was_ever_published":false},"categories":[159],"tags":[],"class_list":["post-9345","post","type-post","status-publish","format-standard","has-post-thumbnail","hentry","category-fachwissen"],"yoast_head":"<!-- This site is optimized with the Yoast SEO plugin v28.2 - https:\/\/yoast.com\/product\/yoast-seo-wordpress\/ -->\r\n<title>Neuroplastizit\u00e4t ist real \u2013 und du hast die Kraft, sie zu nutzen - vitalibera.org<\/title>\r\n<meta name=\"robots\" content=\"index, follow, max-snippet:-1, max-image-preview:large, max-video-preview:-1\" \/>\r\n<link rel=\"canonical\" href=\"https:\/\/www.vitalibera.org\/community\/2026\/08\/29\/neuroplastizitaet-ist-real-und-du-hast-die-kraft-sie-zu-nutzen\/\" \/>\r\n<meta property=\"og:locale\" content=\"de_DE\" \/>\r\n<meta property=\"og:type\" content=\"article\" \/>\r\n<meta property=\"og:title\" content=\"Neuroplastizit\u00e4t ist real \u2013 und du hast die Kraft, sie zu nutzen - vitalibera.org\" \/>\r\n<meta property=\"og:description\" content=\"Nach einer Hirnverletzung f\u00fchlt sich vieles unsicher an: Bewegungen, Denken, Energie, Alltag. Doch mitten in dieser Unsicherheit gibt es eine Wahrheit, die tr\u00e4gt: Neuroplastizit\u00e4t ist real. Sie ist keine Hoffnung, kein Mythos, kein Hokuspokus \u2013 sie ist messbare Biologie. Dein Gehirn kann sich ver\u00e4ndern, neu verbinden, neu lernen. Und genau diese F\u00e4higkeit steckt auch in dir.\" \/>\r\n<meta property=\"og:url\" content=\"https:\/\/www.vitalibera.org\/community\/2026\/08\/29\/neuroplastizitaet-ist-real-und-du-hast-die-kraft-sie-zu-nutzen\/\" \/>\r\n<meta property=\"og:site_name\" content=\"vitalibera.org\" \/>\r\n<meta property=\"article:publisher\" content=\"https:\/\/www.facebook.com\/groups\/2997085857140235\" \/>\r\n<meta property=\"article:published_time\" content=\"2026-08-29T10:29:02+00:00\" \/>\r\n<meta property=\"article:modified_time\" content=\"2026-08-29T10:31:16+00:00\" \/>\r\n<meta property=\"og:image\" content=\"http:\/\/www.vitalibera.org\/community\/wp-content\/uploads\/2026\/08\/plastizitaet122336.png\" \/>\r\n\t<meta property=\"og:image:width\" content=\"230\" \/>\r\n\t<meta property=\"og:image:height\" content=\"153\" \/>\r\n\t<meta property=\"og:image:type\" content=\"image\/png\" \/>\r\n<meta name=\"author\" content=\"Andreas Jecklin\" \/>\r\n<meta name=\"twitter:card\" content=\"summary_large_image\" \/>\r\n<meta name=\"twitter:label1\" content=\"Verfasst von\" \/>\n\t<meta name=\"twitter:data1\" content=\"Andreas Jecklin\" \/>\n\t<meta name=\"twitter:label2\" content=\"Gesch\u00e4tzte Lesezeit\" \/>\n\t<meta name=\"twitter:data2\" content=\"5\u00a0Minuten\" \/>\r\n<script type=\"application\/ld+json\" class=\"yoast-schema-graph\">{\"@context\":\"https:\\\/\\\/schema.org\",\"@graph\":[{\"@type\":\"Article\",\"@id\":\"https:\\\/\\\/www.vitalibera.org\\\/community\\\/2026\\\/08\\\/29\\\/neuroplastizitaet-ist-real-und-du-hast-die-kraft-sie-zu-nutzen\\\/#article\",\"isPartOf\":{\"@id\":\"https:\\\/\\\/www.vitalibera.org\\\/community\\\/2026\\\/08\\\/29\\\/neuroplastizitaet-ist-real-und-du-hast-die-kraft-sie-zu-nutzen\\\/\"},\"author\":{\"name\":\"Andreas Jecklin\",\"@id\":\"https:\\\/\\\/www.vitalibera.org\\\/community\\\/#\\\/schema\\\/person\\\/6712387298421f222ff6d0a2e22c1534\"},\"headline\":\"Neuroplastizit\u00e4t ist real \u2013 und du hast die Kraft, sie zu nutzen\",\"datePublished\":\"2026-08-29T10:29:02+00:00\",\"dateModified\":\"2026-08-29T10:31:16+00:00\",\"mainEntityOfPage\":{\"@id\":\"https:\\\/\\\/www.vitalibera.org\\\/community\\\/2026\\\/08\\\/29\\\/neuroplastizitaet-ist-real-und-du-hast-die-kraft-sie-zu-nutzen\\\/\"},\"wordCount\":646,\"publisher\":{\"@id\":\"https:\\\/\\\/www.vitalibera.org\\\/community\\\/#organization\"},\"image\":{\"@id\":\"https:\\\/\\\/www.vitalibera.org\\\/community\\\/2026\\\/08\\\/29\\\/neuroplastizitaet-ist-real-und-du-hast-die-kraft-sie-zu-nutzen\\\/#primaryimage\"},\"thumbnailUrl\":\"http:\\\/\\\/www.vitalibera.org\\\/community\\\/wp-content\\\/uploads\\\/2026\\\/08\\\/plastizitaet122336.png\",\"articleSection\":[\"Fachwissen\"],\"inLanguage\":\"de\"},{\"@type\":\"WebPage\",\"@id\":\"https:\\\/\\\/www.vitalibera.org\\\/community\\\/2026\\\/08\\\/29\\\/neuroplastizitaet-ist-real-und-du-hast-die-kraft-sie-zu-nutzen\\\/\",\"url\":\"https:\\\/\\\/www.vitalibera.org\\\/community\\\/2026\\\/08\\\/29\\\/neuroplastizitaet-ist-real-und-du-hast-die-kraft-sie-zu-nutzen\\\/\",\"name\":\"Neuroplastizit\u00e4t ist real \u2013 und du hast die Kraft, sie zu nutzen - vitalibera.org\",\"isPartOf\":{\"@id\":\"https:\\\/\\\/www.vitalibera.org\\\/community\\\/#website\"},\"primaryImageOfPage\":{\"@id\":\"https:\\\/\\\/www.vitalibera.org\\\/community\\\/2026\\\/08\\\/29\\\/neuroplastizitaet-ist-real-und-du-hast-die-kraft-sie-zu-nutzen\\\/#primaryimage\"},\"image\":{\"@id\":\"https:\\\/\\\/www.vitalibera.org\\\/community\\\/2026\\\/08\\\/29\\\/neuroplastizitaet-ist-real-und-du-hast-die-kraft-sie-zu-nutzen\\\/#primaryimage\"},\"thumbnailUrl\":\"http:\\\/\\\/www.vitalibera.org\\\/community\\\/wp-content\\\/uploads\\\/2026\\\/08\\\/plastizitaet122336.png\",\"datePublished\":\"2026-08-29T10:29:02+00:00\",\"dateModified\":\"2026-08-29T10:31:16+00:00\",\"breadcrumb\":{\"@id\":\"https:\\\/\\\/www.vitalibera.org\\\/community\\\/2026\\\/08\\\/29\\\/neuroplastizitaet-ist-real-und-du-hast-die-kraft-sie-zu-nutzen\\\/#breadcrumb\"},\"inLanguage\":\"de\",\"potentialAction\":[{\"@type\":\"ReadAction\",\"target\":[\"https:\\\/\\\/www.vitalibera.org\\\/community\\\/2026\\\/08\\\/29\\\/neuroplastizitaet-ist-real-und-du-hast-die-kraft-sie-zu-nutzen\\\/\"]}]},{\"@type\":\"BreadcrumbList\",\"@id\":\"https:\\\/\\\/www.vitalibera.org\\\/community\\\/2026\\\/08\\\/29\\\/neuroplastizitaet-ist-real-und-du-hast-die-kraft-sie-zu-nutzen\\\/#breadcrumb\",\"itemListElement\":[{\"@type\":\"ListItem\",\"position\":1,\"name\":\"Startseite\",\"item\":\"https:\\\/\\\/www.vitalibera.org\\\/community\\\/\"},{\"@type\":\"ListItem\",\"position\":2,\"name\":\"Neuroplastizit\u00e4t ist real \u2013 und du hast die Kraft, sie zu nutzen\"}]},{\"@type\":\"WebSite\",\"@id\":\"https:\\\/\\\/www.vitalibera.org\\\/community\\\/#website\",\"url\":\"https:\\\/\\\/www.vitalibera.org\\\/community\\\/\",\"name\":\"vitalibera.org\",\"description\":\"Mit einer Einschr&auml;nkung gestaltet sich das Leben im Alltag oft schwieriger - hier berichten wir &uuml;ber unsere Erfahrungen und Hilfsmittel um den Alltag so unbeschwert und unkompliziert wie nur m&ouml;glich geniessen zu k&ouml;nnen. Dabei richten wir unseren Fokus gezielt auf Selbst&auml;ndigkeit, Eigenst&auml;ndigkeit und Selbstbestimmung.\",\"publisher\":{\"@id\":\"https:\\\/\\\/www.vitalibera.org\\\/community\\\/#organization\"},\"potentialAction\":[{\"@type\":\"SearchAction\",\"target\":{\"@type\":\"EntryPoint\",\"urlTemplate\":\"https:\\\/\\\/www.vitalibera.org\\\/community\\\/?s={search_term_string}\"},\"query-input\":{\"@type\":\"PropertyValueSpecification\",\"valueRequired\":true,\"valueName\":\"search_term_string\"}}],\"inLanguage\":\"de\"},{\"@type\":\"Organization\",\"@id\":\"https:\\\/\\\/www.vitalibera.org\\\/community\\\/#organization\",\"name\":\"vitalibera.org\",\"url\":\"https:\\\/\\\/www.vitalibera.org\\\/community\\\/\",\"logo\":{\"@type\":\"ImageObject\",\"inLanguage\":\"de\",\"@id\":\"https:\\\/\\\/www.vitalibera.org\\\/community\\\/#\\\/schema\\\/logo\\\/image\\\/\",\"url\":\"http:\\\/\\\/www.vitalibera.org\\\/community\\\/wp-content\\\/uploads\\\/2025\\\/09\\\/cropped-banner.png\",\"contentUrl\":\"http:\\\/\\\/www.vitalibera.org\\\/community\\\/wp-content\\\/uploads\\\/2025\\\/09\\\/cropped-banner.png\",\"width\":991,\"height\":150,\"caption\":\"vitalibera.org\"},\"image\":{\"@id\":\"https:\\\/\\\/www.vitalibera.org\\\/community\\\/#\\\/schema\\\/logo\\\/image\\\/\"},\"sameAs\":[\"https:\\\/\\\/www.facebook.com\\\/groups\\\/2997085857140235\"]},{\"@type\":\"Person\",\"@id\":\"https:\\\/\\\/www.vitalibera.org\\\/community\\\/#\\\/schema\\\/person\\\/6712387298421f222ff6d0a2e22c1534\",\"name\":\"Andreas Jecklin\",\"image\":{\"@type\":\"ImageObject\",\"inLanguage\":\"de\",\"@id\":\"http:\\\/\\\/0.gravatar.com\\\/avatar\\\/ad516503a11cd5ca435acc9bb6523536?s=96\",\"url\":\"http:\\\/\\\/0.gravatar.com\\\/avatar\\\/ad516503a11cd5ca435acc9bb6523536?s=96\",\"contentUrl\":\"http:\\\/\\\/0.gravatar.com\\\/avatar\\\/ad516503a11cd5ca435acc9bb6523536?s=96\",\"caption\":\"Andreas Jecklin\"},\"description\":\"Manchen gab Gott die Kraft Dinge zu ver\u00e4ndern, mir gab er die Kraft zu ertragen was nicht mehr zu \u00e4ndern ist.\",\"url\":\"http:\\\/\\\/www.vitalibera.org\\\/community\\\/author\\\/andy77\\\/\"}]}<\/script>\r\n<!-- \/ Yoast SEO plugin. -->","yoast_head_json":{"title":"Neuroplastizit\u00e4t ist real \u2013 und du hast die Kraft, sie zu nutzen - vitalibera.org","robots":{"index":"index","follow":"follow","max-snippet":"max-snippet:-1","max-image-preview":"max-image-preview:large","max-video-preview":"max-video-preview:-1"},"canonical":"https:\/\/www.vitalibera.org\/community\/2026\/08\/29\/neuroplastizitaet-ist-real-und-du-hast-die-kraft-sie-zu-nutzen\/","og_locale":"de_DE","og_type":"article","og_title":"Neuroplastizit\u00e4t ist real \u2013 und du hast die Kraft, sie zu nutzen - vitalibera.org","og_description":"Nach einer Hirnverletzung f\u00fchlt sich vieles unsicher an: Bewegungen, Denken, Energie, Alltag. Doch mitten in dieser Unsicherheit gibt es eine Wahrheit, die tr\u00e4gt: Neuroplastizit\u00e4t ist real. Sie ist keine Hoffnung, kein Mythos, kein Hokuspokus \u2013 sie ist messbare Biologie. Dein Gehirn kann sich ver\u00e4ndern, neu verbinden, neu lernen. Und genau diese F\u00e4higkeit steckt auch in dir.","og_url":"https:\/\/www.vitalibera.org\/community\/2026\/08\/29\/neuroplastizitaet-ist-real-und-du-hast-die-kraft-sie-zu-nutzen\/","og_site_name":"vitalibera.org","article_publisher":"https:\/\/www.facebook.com\/groups\/2997085857140235","article_published_time":"2026-08-29T10:29:02+00:00","article_modified_time":"2026-08-29T10:31:16+00:00","og_image":[{"width":230,"height":153,"url":"http:\/\/www.vitalibera.org\/community\/wp-content\/uploads\/2026\/08\/plastizitaet122336.png","type":"image\/png"}],"author":"Andreas Jecklin","twitter_card":"summary_large_image","twitter_misc":{"Verfasst von":"Andreas Jecklin","Gesch\u00e4tzte Lesezeit":"5\u00a0Minuten"},"schema":{"@context":"https:\/\/schema.org","@graph":[{"@type":"Article","@id":"https:\/\/www.vitalibera.org\/community\/2026\/08\/29\/neuroplastizitaet-ist-real-und-du-hast-die-kraft-sie-zu-nutzen\/#article","isPartOf":{"@id":"https:\/\/www.vitalibera.org\/community\/2026\/08\/29\/neuroplastizitaet-ist-real-und-du-hast-die-kraft-sie-zu-nutzen\/"},"author":{"name":"Andreas Jecklin","@id":"https:\/\/www.vitalibera.org\/community\/#\/schema\/person\/6712387298421f222ff6d0a2e22c1534"},"headline":"Neuroplastizit\u00e4t ist real \u2013 und du hast die Kraft, sie zu nutzen","datePublished":"2026-08-29T10:29:02+00:00","dateModified":"2026-08-29T10:31:16+00:00","mainEntityOfPage":{"@id":"https:\/\/www.vitalibera.org\/community\/2026\/08\/29\/neuroplastizitaet-ist-real-und-du-hast-die-kraft-sie-zu-nutzen\/"},"wordCount":646,"publisher":{"@id":"https:\/\/www.vitalibera.org\/community\/#organization"},"image":{"@id":"https:\/\/www.vitalibera.org\/community\/2026\/08\/29\/neuroplastizitaet-ist-real-und-du-hast-die-kraft-sie-zu-nutzen\/#primaryimage"},"thumbnailUrl":"http:\/\/www.vitalibera.org\/community\/wp-content\/uploads\/2026\/08\/plastizitaet122336.png","articleSection":["Fachwissen"],"inLanguage":"de"},{"@type":"WebPage","@id":"https:\/\/www.vitalibera.org\/community\/2026\/08\/29\/neuroplastizitaet-ist-real-und-du-hast-die-kraft-sie-zu-nutzen\/","url":"https:\/\/www.vitalibera.org\/community\/2026\/08\/29\/neuroplastizitaet-ist-real-und-du-hast-die-kraft-sie-zu-nutzen\/","name":"Neuroplastizit\u00e4t ist real \u2013 und du hast die Kraft, sie zu nutzen - vitalibera.org","isPartOf":{"@id":"https:\/\/www.vitalibera.org\/community\/#website"},"primaryImageOfPage":{"@id":"https:\/\/www.vitalibera.org\/community\/2026\/08\/29\/neuroplastizitaet-ist-real-und-du-hast-die-kraft-sie-zu-nutzen\/#primaryimage"},"image":{"@id":"https:\/\/www.vitalibera.org\/community\/2026\/08\/29\/neuroplastizitaet-ist-real-und-du-hast-die-kraft-sie-zu-nutzen\/#primaryimage"},"thumbnailUrl":"http:\/\/www.vitalibera.org\/community\/wp-content\/uploads\/2026\/08\/plastizitaet122336.png","datePublished":"2026-08-29T10:29:02+00:00","dateModified":"2026-08-29T10:31:16+00:00","breadcrumb":{"@id":"https:\/\/www.vitalibera.org\/community\/2026\/08\/29\/neuroplastizitaet-ist-real-und-du-hast-die-kraft-sie-zu-nutzen\/#breadcrumb"},"inLanguage":"de","potentialAction":[{"@type":"ReadAction","target":["https:\/\/www.vitalibera.org\/community\/2026\/08\/29\/neuroplastizitaet-ist-real-und-du-hast-die-kraft-sie-zu-nutzen\/"]}]},{"@type":"BreadcrumbList","@id":"https:\/\/www.vitalibera.org\/community\/2026\/08\/29\/neuroplastizitaet-ist-real-und-du-hast-die-kraft-sie-zu-nutzen\/#breadcrumb","itemListElement":[{"@type":"ListItem","position":1,"name":"Startseite","item":"https:\/\/www.vitalibera.org\/community\/"},{"@type":"ListItem","position":2,"name":"Neuroplastizit\u00e4t ist real \u2013 und du hast die Kraft, sie zu nutzen"}]},{"@type":"WebSite","@id":"https:\/\/www.vitalibera.org\/community\/#website","url":"https:\/\/www.vitalibera.org\/community\/","name":"vitalibera.org","description":"Mit einer Einschr&auml;nkung gestaltet sich das Leben im Alltag oft schwieriger - hier berichten wir &uuml;ber unsere Erfahrungen und Hilfsmittel um den Alltag so unbeschwert und unkompliziert wie nur m&ouml;glich geniessen zu k&ouml;nnen. Dabei richten wir unseren Fokus gezielt auf Selbst&auml;ndigkeit, Eigenst&auml;ndigkeit und Selbstbestimmung.","publisher":{"@id":"https:\/\/www.vitalibera.org\/community\/#organization"},"potentialAction":[{"@type":"SearchAction","target":{"@type":"EntryPoint","urlTemplate":"https:\/\/www.vitalibera.org\/community\/?s={search_term_string}"},"query-input":{"@type":"PropertyValueSpecification","valueRequired":true,"valueName":"search_term_string"}}],"inLanguage":"de"},{"@type":"Organization","@id":"https:\/\/www.vitalibera.org\/community\/#organization","name":"vitalibera.org","url":"https:\/\/www.vitalibera.org\/community\/","logo":{"@type":"ImageObject","inLanguage":"de","@id":"https:\/\/www.vitalibera.org\/community\/#\/schema\/logo\/image\/","url":"http:\/\/www.vitalibera.org\/community\/wp-content\/uploads\/2025\/09\/cropped-banner.png","contentUrl":"http:\/\/www.vitalibera.org\/community\/wp-content\/uploads\/2025\/09\/cropped-banner.png","width":991,"height":150,"caption":"vitalibera.org"},"image":{"@id":"https:\/\/www.vitalibera.org\/community\/#\/schema\/logo\/image\/"},"sameAs":["https:\/\/www.facebook.com\/groups\/2997085857140235"]},{"@type":"Person","@id":"https:\/\/www.vitalibera.org\/community\/#\/schema\/person\/6712387298421f222ff6d0a2e22c1534","name":"Andreas Jecklin","image":{"@type":"ImageObject","inLanguage":"de","@id":"http:\/\/0.gravatar.com\/avatar\/ad516503a11cd5ca435acc9bb6523536?s=96","url":"http:\/\/0.gravatar.com\/avatar\/ad516503a11cd5ca435acc9bb6523536?s=96","contentUrl":"http:\/\/0.gravatar.com\/avatar\/ad516503a11cd5ca435acc9bb6523536?s=96","caption":"Andreas Jecklin"},"description":"Manchen gab Gott die Kraft Dinge zu ver\u00e4ndern, mir gab er die Kraft zu ertragen was nicht mehr zu \u00e4ndern ist.","url":"http:\/\/www.vitalibera.org\/community\/author\/andy77\/"}]}},"jetpack_publicize_connections":[],"jetpack_sharing_enabled":true,"jetpack-related-posts":[{"id":7270,"url":"http:\/\/www.vitalibera.org\/community\/2026\/05\/11\/sanft-begleiten-beim-gehirntraining\/","url_meta":{"origin":9345,"position":0},"title":"Sanft begleiten beim Gehirntraining","author":"Andreas Jecklin","date":"11 Mai, 2026","format":false,"excerpt":"Gehirntraining nach einer Hirnverletzung ist kein Wettkampf, sondern ein gemeinsamer Weg. F\u00fcr Betroffene bedeutet jede \u00dcbung Konzentration, Energie und Mut \u2013 und f\u00fcr Angeh\u00f6rige bedeutet Begleitung vor allem eines: den Rahmen halten, damit das Gehirn in Ruhe lernen kann. Es geht nicht darum, jemanden anzutreiben oder zu korrigieren, sondern darum,\u2026","rel":"","context":"In &quot;Hilfe f\u00fcr Angeh\u00f6rige&quot;","block_context":{"text":"Hilfe f\u00fcr Angeh\u00f6rige","link":"http:\/\/www.vitalibera.org\/community\/category\/hilfe-fuer-angehoerige\/"},"img":{"alt_text":"","src":"https:\/\/i0.wp.com\/www.vitalibera.org\/community\/wp-content\/uploads\/2026\/05\/e78d9679d368e394e64fa73a5a1b1540-1.jpg?resize=350%2C200","width":350,"height":200,"srcset":"https:\/\/i0.wp.com\/www.vitalibera.org\/community\/wp-content\/uploads\/2026\/05\/e78d9679d368e394e64fa73a5a1b1540-1.jpg?resize=350%2C200 1x, https:\/\/i0.wp.com\/www.vitalibera.org\/community\/wp-content\/uploads\/2026\/05\/e78d9679d368e394e64fa73a5a1b1540-1.jpg?resize=525%2C300 1.5x, https:\/\/i0.wp.com\/www.vitalibera.org\/community\/wp-content\/uploads\/2026\/05\/e78d9679d368e394e64fa73a5a1b1540-1.jpg?resize=700%2C400 2x, https:\/\/i0.wp.com\/www.vitalibera.org\/community\/wp-content\/uploads\/2026\/05\/e78d9679d368e394e64fa73a5a1b1540-1.jpg?resize=1050%2C600 3x"},"classes":[]},{"id":7267,"url":"http:\/\/www.vitalibera.org\/community\/2026\/05\/11\/mein-gehirn-lernt-neu-neuanfang-im-kopf\/","url_meta":{"origin":9345,"position":1},"title":"Mein Gehirn lernt neu &#8211; Neuanfang im Kopf","author":"Andreas Jecklin","date":"11 Mai, 2026","format":false,"excerpt":"Das Gehirn lernt immer wieder neu, weil es neuroplastisch ist \u2013 es passt seine Verbindungen st\u00e4ndig an Erfahrungen, Anforderungen und Ver\u00e4nderungen an. Diese F\u00e4higkeit bleibt ein Leben lang bestehen und ist die Grundlage daf\u00fcr, dass wir uns entwickeln, erinnern, umstellen und nach Hirnverletzungen Funktionen neu aufbauen k\u00f6nnen. Das Gehirn kann\u2026","rel":"","context":"In &quot;Fachwissen&quot;","block_context":{"text":"Fachwissen","link":"http:\/\/www.vitalibera.org\/community\/category\/beitraege\/fachwissen\/"},"img":{"alt_text":"","src":"https:\/\/i0.wp.com\/www.vitalibera.org\/community\/wp-content\/uploads\/2026\/05\/b8e1d43d6a77829fbbd3c6deb718e9eb.jpg?resize=350%2C200","width":350,"height":200,"srcset":"https:\/\/i0.wp.com\/www.vitalibera.org\/community\/wp-content\/uploads\/2026\/05\/b8e1d43d6a77829fbbd3c6deb718e9eb.jpg?resize=350%2C200 1x, https:\/\/i0.wp.com\/www.vitalibera.org\/community\/wp-content\/uploads\/2026\/05\/b8e1d43d6a77829fbbd3c6deb718e9eb.jpg?resize=525%2C300 1.5x, https:\/\/i0.wp.com\/www.vitalibera.org\/community\/wp-content\/uploads\/2026\/05\/b8e1d43d6a77829fbbd3c6deb718e9eb.jpg?resize=700%2C400 2x"},"classes":[]},{"id":7350,"url":"http:\/\/www.vitalibera.org\/community\/2026\/05\/14\/wer-an-magie-glaubt-versteht-keine-neuroplastizitaet\/","url_meta":{"origin":9345,"position":2},"title":"Wer an Magie glaubt, versteht keine Neuroplastizit\u00e4t","author":"Andreas Jecklin","date":"14 Mai, 2026","format":false,"excerpt":"Nach einer neurologischen Hirnerkrankung wird schnell klar: Nicht das Gehirn ist das Problem, sondern die Welt, die so tut, als w\u00e4re alles einfach. Menschen geben Ratschl\u00e4ge, die nichts mit Neurobiologie zu tun haben, aber sehr viel mit ihrem eigenen Unwissen. Sie reden \u00fcber \u201eWillenskraft\u201c, wo es um neuronale Ersch\u00f6pfung geht.\u2026","rel":"","context":"In &quot;Alltagsnavigation&quot;","block_context":{"text":"Alltagsnavigation","link":"http:\/\/www.vitalibera.org\/community\/category\/beitraege\/eingeschraenkt-im-alltag\/alltagsnavigation\/"},"img":{"alt_text":"","src":"https:\/\/i0.wp.com\/www.vitalibera.org\/community\/wp-content\/uploads\/2026\/05\/16249d0222bbf2d600db3001bf14f687.jpg?resize=350%2C200","width":350,"height":200},"classes":[]},{"id":4937,"url":"http:\/\/www.vitalibera.org\/community\/2026\/01\/03\/neuroplastizitaet-warum-dein-gehirn-was-neues-braucht\/","url_meta":{"origin":9345,"position":3},"title":"Neuroplastizit\u00e4t &#8211; Warum dein Gehirn was neues braucht","author":"Andreas Jecklin","date":"3 Januar, 2026","format":false,"excerpt":"Neuroplastizit\u00e4t ist die erstaunliche F\u00e4higkeit unseres Gehirns, sich lebenslang umzustrukturieren, neue Nervenverbindungen zu bilden und bestehende zu st\u00e4rken oder zu schw\u00e4chen \u2013 \u00e4hnlich einem formbaren Organ, das sich st\u00e4ndig an Erfahrungen, Lernen und Herausforderungen anpasst. Diese Dynamik ist der Grund, warum wir neue F\u00e4higkeiten erlernen, uns erinnern und uns von\u2026","rel":"","context":"In &quot;Fachwissen&quot;","block_context":{"text":"Fachwissen","link":"http:\/\/www.vitalibera.org\/community\/category\/beitraege\/fachwissen\/"},"img":{"alt_text":"","src":"https:\/\/i0.wp.com\/www.vitalibera.org\/community\/wp-content\/uploads\/2026\/01\/plastizitaet78.jpg?resize=350%2C200","width":350,"height":200},"classes":[]},{"id":7987,"url":"http:\/\/www.vitalibera.org\/community\/2026\/06\/15\/gehen-neu-lernen-wenn-das-gehirn-den-koerper-wieder-verbindet\/","url_meta":{"origin":9345,"position":4},"title":"Gehen neu lernen \u2013 wenn das Gehirn den K\u00f6rper wieder verbindet","author":"Andreas Jecklin","date":"15 Juni, 2026","format":false,"excerpt":"Nach einem neurologischen Ereignis ist Gehen kein Automatismus mehr. Das Gehirn muss die Bewegung neu organisieren \u2013 Schritt f\u00fcr Schritt, Verbindung f\u00fcr Verbindung. Was fr\u00fcher selbstverst\u00e4ndlich war, wird zu einem Lernprozess: Muskeln, Gleichgewicht und Wahrnehmung m\u00fcssen wieder miteinander kommunizieren. Dieses Wiederlernen ist kein R\u00fcckschritt, sondern ein Zeichen von Neuroplastizit\u00e4t \u2013\u2026","rel":"","context":"In &quot;Fachwissen&quot;","block_context":{"text":"Fachwissen","link":"http:\/\/www.vitalibera.org\/community\/category\/beitraege\/fachwissen\/"},"img":{"alt_text":"","src":"https:\/\/i0.wp.com\/www.vitalibera.org\/community\/wp-content\/uploads\/2026\/06\/c61a6bfd902a9f6473515603c71f5fef.jpg?resize=350%2C200","width":350,"height":200,"srcset":"https:\/\/i0.wp.com\/www.vitalibera.org\/community\/wp-content\/uploads\/2026\/06\/c61a6bfd902a9f6473515603c71f5fef.jpg?resize=350%2C200 1x, https:\/\/i0.wp.com\/www.vitalibera.org\/community\/wp-content\/uploads\/2026\/06\/c61a6bfd902a9f6473515603c71f5fef.jpg?resize=525%2C300 1.5x, https:\/\/i0.wp.com\/www.vitalibera.org\/community\/wp-content\/uploads\/2026\/06\/c61a6bfd902a9f6473515603c71f5fef.jpg?resize=700%2C400 2x"},"classes":[]},{"id":5795,"url":"http:\/\/www.vitalibera.org\/community\/2026\/02\/25\/bewegung-foerdert-die-neuroplastizitaet\/","url_meta":{"origin":9345,"position":5},"title":"Bewegung f\u00f6rdert die Neuroplastizit\u00e4t","author":"Andreas Jecklin","date":"25 Februar, 2026","format":false,"excerpt":"In unserer schnelllebigen Welt ist es einfach, im Trubel des Alltagslebens gefangen zu sein. Dennoch sollten wir niemals zu besch\u00e4ftigt sein f\u00fcr unsere t\u00e4gliche Dosis Bewegung! Du magst denken: \"Sicher, ich wei\u00df, es ist wichtig f\u00fcr einen gesunden K\u00f6rper und ein gutes K\u00f6rpergewicht.\" Aber hast du jemals die Bedeutung von\u2026","rel":"","context":"In &quot;Fachwissen&quot;","block_context":{"text":"Fachwissen","link":"http:\/\/www.vitalibera.org\/community\/category\/beitraege\/fachwissen\/"},"img":{"alt_text":"","src":"https:\/\/i0.wp.com\/www.vitalibera.org\/community\/wp-content\/uploads\/2026\/02\/bewegung.png?resize=350%2C200","width":350,"height":200},"classes":[]}],"jetpack_featured_media_url":"http:\/\/www.vitalibera.org\/community\/wp-content\/uploads\/2026\/08\/plastizitaet122336.png","_links":{"self":[{"href":"http:\/\/www.vitalibera.org\/community\/wp-json\/wp\/v2\/posts\/9345","targetHints":{"allow":["GET"]}}],"collection":[{"href":"http:\/\/www.vitalibera.org\/community\/wp-json\/wp\/v2\/posts"}],"about":[{"href":"http:\/\/www.vitalibera.org\/community\/wp-json\/wp\/v2\/types\/post"}],"author":[{"embeddable":true,"href":"http:\/\/www.vitalibera.org\/community\/wp-json\/wp\/v2\/users\/2"}],"replies":[{"embeddable":true,"href":"http:\/\/www.vitalibera.org\/community\/wp-json\/wp\/v2\/comments?post=9345"}],"version-history":[{"count":1,"href":"http:\/\/www.vitalibera.org\/community\/wp-json\/wp\/v2\/posts\/9345\/revisions"}],"predecessor-version":[{"id":9347,"href":"http:\/\/www.vitalibera.org\/community\/wp-json\/wp\/v2\/posts\/9345\/revisions\/9347"}],"wp:featuredmedia":[{"embeddable":true,"href":"http:\/\/www.vitalibera.org\/community\/wp-json\/wp\/v2\/media\/9346"}],"wp:attachment":[{"href":"http:\/\/www.vitalibera.org\/community\/wp-json\/wp\/v2\/media?parent=9345"}],"wp:term":[{"taxonomy":"category","embeddable":true,"href":"http:\/\/www.vitalibera.org\/community\/wp-json\/wp\/v2\/categories?post=9345"},{"taxonomy":"post_tag","embeddable":true,"href":"http:\/\/www.vitalibera.org\/community\/wp-json\/wp\/v2\/tags?post=9345"}],"curies":[{"name":"wp","href":"https:\/\/api.w.org\/{rel}","templated":true}]}}