{"id":1053,"date":"2025-09-02T00:23:16","date_gmt":"2025-09-01T22:23:16","guid":{"rendered":"https:\/\/www.vitalibera.org\/community\/?p=1053"},"modified":"2025-09-03T13:09:45","modified_gmt":"2025-09-03T11:09:45","slug":"praktischer-schaeler-fuer-obst-und-gemuese","status":"publish","type":"post","link":"https:\/\/www.vitalibera.org\/community\/2025\/09\/02\/praktischer-schaeler-fuer-obst-und-gemuese\/","title":{"rendered":"Praktischer Sch\u00e4ler f\u00fcr Obst und Gem\u00fcse"},"content":{"rendered":"<div class=\"postie-post\">\n<div>\n<div class=\"WordSection1\">\n<p style=\"margin-top: 0cm; background: white;\"><span style=\"font-size: 12.0pt;\">Mit diesem manuellen<\/span> <span style=\"font-size: 12.0pt;\">Sch&auml;ler sind&nbsp;<\/span><strong><span style=\"font-size: 12.0pt;\">Apfel<\/span><\/strong><span style=\"font-size: 12.0pt;\">, Kartoffel, Birne Co. blitzschnell gesch&auml;lt.<\/span><\/p>\n<p style=\"margin-top: 0cm; background: white; box-sizing: border-box; margin-bottom: 1rem; font-variant-ligatures: normal; font-variant-caps: normal; orphans: 2; text-align: start; widows: 2; -webkit-text-stroke-width: 0px; text-decoration-thickness: initial; text-decoration-style: initial; text-decoration-color: initial; word-spacing: 0px;\"><span style=\"font-size: 12.0pt;\">Stelle den&nbsp;<\/span><strong><span style=\"font-size: 12.0pt;\">Sch&auml;ler<\/span><\/strong><span style=\"font-size: 12.0pt;\">&nbsp;so vor dich, dass sich die Kurbel rechts und die Klinge sich hinter dem Spiess befindet. Dank den Saugn&auml;pfen, bleibt das Ger&auml;t an Ort und Stelle. Entferne die Schutzkappen auf dem Spiess und der Schneide Klinge. Stecke den Apfel auf den Spiess. Drehe die Kurbel im Uhrzeigersinn und beobachte, wie sich die Klinge um die ganze Frucht herumbewegt. Drehe so lange, bis der Apfel komplett gesch&auml;lt ist. Egal ob&nbsp;<\/span><strong><span style=\"font-size: 12.0pt;\">Gem&uuml;se<\/span><\/strong><span style=\"font-size: 12.0pt;\">&nbsp;oder&nbsp;<\/span><strong><span style=\"font-size: 12.0pt;\">Obst<\/span><\/strong><span style=\"font-size: 12.0pt;\">, mit diesem praktischen&nbsp;<\/span><strong><span style=\"font-size: 12.0pt;\">Schneider<\/span><\/strong><span style=\"font-size: 12.0pt;\">&nbsp;sparst du dir eine Menge Zeit in der K&uuml;che und bereitest im Handumdrehen frische Snacks vor.<\/span><\/p>\n<p style=\"margin-top: 0cm; background: white; box-sizing: border-box; margin-bottom: 1rem; font-variant-ligatures: normal; font-variant-caps: normal; orphans: 2; text-align: start; widows: 2; -webkit-text-stroke-width: 0px; text-decoration-thickness: initial; text-decoration-style: initial; text-decoration-color: initial; word-spacing: 0px;\"><span style=\"font-size: 12.0pt;\"><img fetchpriority=\"high\" decoding=\"async\" id=\"Grafik_x0020_3\" style=\"width: 5.3437in; height: 4.875in;\" src=\"https:\/\/www.vitalibera.org\/community\/wp-content\/uploads\/2025\/09\/image001-1.png\" alt=\"https:\/\/vitalibera.org\/portal2\/images\/schaler1.png\" width=\"513\" height=\"468\"><\/span><span style=\"font-size: 12.0pt;\">&nbsp;&nbsp;<img decoding=\"async\" id=\"Grafik_x0020_2\" style=\"width: 5.4375in; height: 5.375in;\" src=\"https:\/\/www.vitalibera.org\/community\/wp-content\/uploads\/2025\/09\/image002-3.png\" alt=\"https:\/\/vitalibera.org\/portal2\/images\/schaler2.png\" width=\"522\" height=\"516\"><\/span><\/p>\n<p style=\"margin-top: 0cm; background: white; box-sizing: border-box; margin-bottom: 1rem; font-variant-ligatures: normal; font-variant-caps: normal; orphans: 2; text-align: start; widows: 2; -webkit-text-stroke-width: 0px; text-decoration-thickness: initial; text-decoration-style: initial; text-decoration-color: initial; word-spacing: 0px;\"><span style=\"font-size: 12.0pt;\"><img decoding=\"async\" id=\"Grafik_x0020_1\" style=\"width: .3125in; height: .3125in;\" src=\"https:\/\/www.vitalibera.org\/community\/wp-content\/uploads\/2025\/09\/image003-3.png\" alt=\"https:\/\/vitalibera.org\/portal2\/images\/icons\/earth.png\" width=\"30\" height=\"30\"><\/span><span style=\"font-size: 12.0pt;\">&nbsp;<a href=\"https:\/\/www.apfelkiste.ch\/manueller-apfel-schaler-multifunktions-gemuse-schneide-maschine-kurbel-plus-obstteiler.html?utm_source=google&amp;utm_medium=cpc&amp;utm_content=shopping&amp;gad_source=1&amp;gad_campaignid=20475328259&amp;gbraid=0AAAAADfHeX2Vo9MHfV0N5vNhJ3FdOfdgs&amp;gclid=Cj0KCQjwnovFBhDnARIsAO4V7mATBf2hFHR5rLf3qd7APj3WygNu4cvPXEO67B5QbvhyKdu0U8_M6skaAmUmEALw_wcB\" target=\"_blank\" rel=\"noopener\"><span style=\"color: #224faa;\">Zum Angebot<\/span><\/a><\/span><\/p>\n<p class=\"MsoNormal\">\n<\/p><\/div>\n<\/div>\n<\/div>\n","protected":false},"excerpt":{"rendered":"<p>Mit diesem manuellen Sch\u00e4ler sind\u00a0Apfel, Kartoffel, Birne Co. blitzschnell gesch\u00e4lt. Stelle den\u00a0Sch\u00e4ler\u00a0so vor dich, dass sich die Kurbel rechts und die Klinge sich hinter dem Spiess befindet. Dank den Saugn\u00e4pfen, bleibt das Ger\u00e4t an Ort und Stelle. Entferne die Schutzkappen auf dem Spiess und der Schneide Klinge. Stecke den Apfel auf den Spiess. Drehe die &#8230; <a title=\"Praktischer Sch\u00e4ler f\u00fcr Obst und Gem\u00fcse\" class=\"read-more\" href=\"https:\/\/www.vitalibera.org\/community\/2025\/09\/02\/praktischer-schaeler-fuer-obst-und-gemuese\/\" aria-label=\"Mehr Informationen \u00fcber Praktischer Sch\u00e4ler f\u00fcr Obst und Gem\u00fcse\">Weiterlesen<\/a><\/p>\n","protected":false},"author":1,"featured_media":1055,"comment_status":"open","ping_status":"open","sticky":false,"template":"","format":"standard","meta":{"cybocfi_hide_featured_image":"","_jetpack_memberships_contains_paid_content":false,"footnotes":""},"categories":[161],"tags":[],"class_list":["post-1053","post","type-post","status-publish","format-standard","has-post-thumbnail","hentry","category-kochen"],"yoast_head":"<!-- This site is optimized with the Yoast SEO plugin v27.4 - https:\/\/yoast.com\/product\/yoast-seo-wordpress\/ -->\r\n<title>Praktischer Sch\u00e4ler f\u00fcr Obst und Gem\u00fcse - vitalibera.org<\/title>\r\n<meta name=\"robots\" content=\"index, follow, max-snippet:-1, max-image-preview:large, max-video-preview:-1\" \/>\r\n<link rel=\"canonical\" href=\"https:\/\/www.vitalibera.org\/community\/2025\/09\/02\/praktischer-schaeler-fuer-obst-und-gemuese\/\" \/>\r\n<meta property=\"og:locale\" content=\"de_DE\" \/>\r\n<meta property=\"og:type\" content=\"article\" \/>\r\n<meta property=\"og:title\" content=\"Praktischer Sch\u00e4ler f\u00fcr Obst und Gem\u00fcse - vitalibera.org\" \/>\r\n<meta property=\"og:description\" content=\"Mit diesem manuellen Sch\u00e4ler sind\u00a0Apfel, Kartoffel, Birne Co. blitzschnell gesch\u00e4lt. Stelle den\u00a0Sch\u00e4ler\u00a0so vor dich, dass sich die Kurbel rechts und die Klinge sich hinter dem Spiess befindet. Dank den Saugn\u00e4pfen, bleibt das Ger\u00e4t an Ort und Stelle. Entferne die Schutzkappen auf dem Spiess und der Schneide Klinge. Stecke den Apfel auf den Spiess. Drehe die ... Weiterlesen\" \/>\r\n<meta property=\"og:url\" content=\"https:\/\/www.vitalibera.org\/community\/2025\/09\/02\/praktischer-schaeler-fuer-obst-und-gemuese\/\" \/>\r\n<meta property=\"og:site_name\" content=\"vitalibera.org\" \/>\r\n<meta property=\"article:publisher\" content=\"https:\/\/www.facebook.com\/groups\/2997085857140235\" \/>\r\n<meta property=\"article:published_time\" content=\"2025-09-01T22:23:16+00:00\" \/>\r\n<meta property=\"article:modified_time\" content=\"2025-09-03T11:09:45+00:00\" \/>\r\n<meta property=\"og:image\" content=\"https:\/\/www.vitalibera.org\/community\/wp-content\/uploads\/2025\/09\/image002-3.png\" \/>\r\n\t<meta property=\"og:image:width\" content=\"522\" \/>\r\n\t<meta property=\"og:image:height\" content=\"516\" \/>\r\n\t<meta property=\"og:image:type\" content=\"image\/png\" \/>\r\n<meta name=\"author\" content=\"admin\" \/>\r\n<meta name=\"twitter:card\" content=\"summary_large_image\" \/>\r\n<meta name=\"twitter:label1\" content=\"Verfasst von\" \/>\n\t<meta name=\"twitter:data1\" content=\"admin\" \/>\n\t<meta name=\"twitter:label2\" content=\"Gesch\u00e4tzte Lesezeit\" \/>\n\t<meta name=\"twitter:data2\" content=\"1\u00a0Minute\" \/>\r\n<script type=\"application\/ld+json\" class=\"yoast-schema-graph\">{\"@context\":\"https:\\\/\\\/schema.org\",\"@graph\":[{\"@type\":\"Article\",\"@id\":\"https:\\\/\\\/www.vitalibera.org\\\/community\\\/2025\\\/09\\\/02\\\/praktischer-schaeler-fuer-obst-und-gemuese\\\/#article\",\"isPartOf\":{\"@id\":\"https:\\\/\\\/www.vitalibera.org\\\/community\\\/2025\\\/09\\\/02\\\/praktischer-schaeler-fuer-obst-und-gemuese\\\/\"},\"author\":{\"name\":\"admin\",\"@id\":\"https:\\\/\\\/www.vitalibera.org\\\/community\\\/#\\\/schema\\\/person\\\/c535fa8d561f7f8ca425ced40d87e582\"},\"headline\":\"Praktischer Sch\u00e4ler f\u00fcr Obst und Gem\u00fcse\",\"datePublished\":\"2025-09-01T22:23:16+00:00\",\"dateModified\":\"2025-09-03T11:09:45+00:00\",\"mainEntityOfPage\":{\"@id\":\"https:\\\/\\\/www.vitalibera.org\\\/community\\\/2025\\\/09\\\/02\\\/praktischer-schaeler-fuer-obst-und-gemuese\\\/\"},\"wordCount\":125,\"commentCount\":0,\"publisher\":{\"@id\":\"https:\\\/\\\/www.vitalibera.org\\\/community\\\/#organization\"},\"image\":{\"@id\":\"https:\\\/\\\/www.vitalibera.org\\\/community\\\/2025\\\/09\\\/02\\\/praktischer-schaeler-fuer-obst-und-gemuese\\\/#primaryimage\"},\"thumbnailUrl\":\"https:\\\/\\\/www.vitalibera.org\\\/community\\\/wp-content\\\/uploads\\\/2025\\\/09\\\/image002-3.png\",\"articleSection\":[\"Kochen\"],\"inLanguage\":\"de\",\"potentialAction\":[{\"@type\":\"CommentAction\",\"name\":\"Comment\",\"target\":[\"https:\\\/\\\/www.vitalibera.org\\\/community\\\/2025\\\/09\\\/02\\\/praktischer-schaeler-fuer-obst-und-gemuese\\\/#respond\"]}]},{\"@type\":\"WebPage\",\"@id\":\"https:\\\/\\\/www.vitalibera.org\\\/community\\\/2025\\\/09\\\/02\\\/praktischer-schaeler-fuer-obst-und-gemuese\\\/\",\"url\":\"https:\\\/\\\/www.vitalibera.org\\\/community\\\/2025\\\/09\\\/02\\\/praktischer-schaeler-fuer-obst-und-gemuese\\\/\",\"name\":\"Praktischer Sch\u00e4ler f\u00fcr Obst und Gem\u00fcse - vitalibera.org\",\"isPartOf\":{\"@id\":\"https:\\\/\\\/www.vitalibera.org\\\/community\\\/#website\"},\"primaryImageOfPage\":{\"@id\":\"https:\\\/\\\/www.vitalibera.org\\\/community\\\/2025\\\/09\\\/02\\\/praktischer-schaeler-fuer-obst-und-gemuese\\\/#primaryimage\"},\"image\":{\"@id\":\"https:\\\/\\\/www.vitalibera.org\\\/community\\\/2025\\\/09\\\/02\\\/praktischer-schaeler-fuer-obst-und-gemuese\\\/#primaryimage\"},\"thumbnailUrl\":\"https:\\\/\\\/www.vitalibera.org\\\/community\\\/wp-content\\\/uploads\\\/2025\\\/09\\\/image002-3.png\",\"datePublished\":\"2025-09-01T22:23:16+00:00\",\"dateModified\":\"2025-09-03T11:09:45+00:00\",\"breadcrumb\":{\"@id\":\"https:\\\/\\\/www.vitalibera.org\\\/community\\\/2025\\\/09\\\/02\\\/praktischer-schaeler-fuer-obst-und-gemuese\\\/#breadcrumb\"},\"inLanguage\":\"de\",\"potentialAction\":[{\"@type\":\"ReadAction\",\"target\":[\"https:\\\/\\\/www.vitalibera.org\\\/community\\\/2025\\\/09\\\/02\\\/praktischer-schaeler-fuer-obst-und-gemuese\\\/\"]}]},{\"@type\":\"ImageObject\",\"inLanguage\":\"de\",\"@id\":\"https:\\\/\\\/www.vitalibera.org\\\/community\\\/2025\\\/09\\\/02\\\/praktischer-schaeler-fuer-obst-und-gemuese\\\/#primaryimage\",\"url\":\"https:\\\/\\\/www.vitalibera.org\\\/community\\\/wp-content\\\/uploads\\\/2025\\\/09\\\/image002-3.png\",\"contentUrl\":\"https:\\\/\\\/www.vitalibera.org\\\/community\\\/wp-content\\\/uploads\\\/2025\\\/09\\\/image002-3.png\",\"width\":522,\"height\":516},{\"@type\":\"BreadcrumbList\",\"@id\":\"https:\\\/\\\/www.vitalibera.org\\\/community\\\/2025\\\/09\\\/02\\\/praktischer-schaeler-fuer-obst-und-gemuese\\\/#breadcrumb\",\"itemListElement\":[{\"@type\":\"ListItem\",\"position\":1,\"name\":\"Startseite\",\"item\":\"https:\\\/\\\/www.vitalibera.org\\\/community\\\/\"},{\"@type\":\"ListItem\",\"position\":2,\"name\":\"Praktischer Sch\u00e4ler f\u00fcr Obst und Gem\u00fcse\"}]},{\"@type\":\"WebSite\",\"@id\":\"https:\\\/\\\/www.vitalibera.org\\\/community\\\/#website\",\"url\":\"https:\\\/\\\/www.vitalibera.org\\\/community\\\/\",\"name\":\"vitalibera.org\",\"description\":\"Mit einer Einschr&auml;nkung gestaltet sich das Leben im Alltag oft schwieriger - hier berichten wir &uuml;ber unsere Erfahrungen und Hilfsmittel um den Alltag so unbeschwert und unkompliziert wie nur m&ouml;glich geniessen zu k&ouml;nnen. Dabei richten wir unseren Fokus gezielt auf Selbst&auml;ndigkeit, Eigenst&auml;ndigkeit und Selbstbestimmung.\",\"publisher\":{\"@id\":\"https:\\\/\\\/www.vitalibera.org\\\/community\\\/#organization\"},\"potentialAction\":[{\"@type\":\"SearchAction\",\"target\":{\"@type\":\"EntryPoint\",\"urlTemplate\":\"https:\\\/\\\/www.vitalibera.org\\\/community\\\/?s={search_term_string}\"},\"query-input\":{\"@type\":\"PropertyValueSpecification\",\"valueRequired\":true,\"valueName\":\"search_term_string\"}}],\"inLanguage\":\"de\"},{\"@type\":\"Organization\",\"@id\":\"https:\\\/\\\/www.vitalibera.org\\\/community\\\/#organization\",\"name\":\"vitalibera.org\",\"url\":\"https:\\\/\\\/www.vitalibera.org\\\/community\\\/\",\"logo\":{\"@type\":\"ImageObject\",\"inLanguage\":\"de\",\"@id\":\"https:\\\/\\\/www.vitalibera.org\\\/community\\\/#\\\/schema\\\/logo\\\/image\\\/\",\"url\":\"https:\\\/\\\/www.vitalibera.org\\\/community\\\/wp-content\\\/uploads\\\/2025\\\/09\\\/cropped-banner.png\",\"contentUrl\":\"https:\\\/\\\/www.vitalibera.org\\\/community\\\/wp-content\\\/uploads\\\/2025\\\/09\\\/cropped-banner.png\",\"width\":991,\"height\":150,\"caption\":\"vitalibera.org\"},\"image\":{\"@id\":\"https:\\\/\\\/www.vitalibera.org\\\/community\\\/#\\\/schema\\\/logo\\\/image\\\/\"},\"sameAs\":[\"https:\\\/\\\/www.facebook.com\\\/groups\\\/2997085857140235\"]},{\"@type\":\"Person\",\"@id\":\"https:\\\/\\\/www.vitalibera.org\\\/community\\\/#\\\/schema\\\/person\\\/c535fa8d561f7f8ca425ced40d87e582\",\"name\":\"admin\",\"image\":{\"@type\":\"ImageObject\",\"inLanguage\":\"de\",\"@id\":\"https:\\\/\\\/secure.gravatar.com\\\/avatar\\\/ad516503a11cd5ca435acc9bb6523536?s=96\",\"url\":\"https:\\\/\\\/secure.gravatar.com\\\/avatar\\\/ad516503a11cd5ca435acc9bb6523536?s=96\",\"contentUrl\":\"https:\\\/\\\/secure.gravatar.com\\\/avatar\\\/ad516503a11cd5ca435acc9bb6523536?s=96\",\"caption\":\"admin\"},\"description\":\"admin\",\"sameAs\":[\"http:\\\/\\\/www.vitalibera.org\\\/community\"],\"url\":\"https:\\\/\\\/www.vitalibera.org\\\/community\\\/author\\\/admin\\\/\"}]}<\/script>\r\n<!-- \/ Yoast SEO plugin. -->","yoast_head_json":{"title":"Praktischer Sch\u00e4ler f\u00fcr Obst und Gem\u00fcse - vitalibera.org","robots":{"index":"index","follow":"follow","max-snippet":"max-snippet:-1","max-image-preview":"max-image-preview:large","max-video-preview":"max-video-preview:-1"},"canonical":"https:\/\/www.vitalibera.org\/community\/2025\/09\/02\/praktischer-schaeler-fuer-obst-und-gemuese\/","og_locale":"de_DE","og_type":"article","og_title":"Praktischer Sch\u00e4ler f\u00fcr Obst und Gem\u00fcse - vitalibera.org","og_description":"Mit diesem manuellen Sch\u00e4ler sind\u00a0Apfel, Kartoffel, Birne Co. blitzschnell gesch\u00e4lt. Stelle den\u00a0Sch\u00e4ler\u00a0so vor dich, dass sich die Kurbel rechts und die Klinge sich hinter dem Spiess befindet. Dank den Saugn\u00e4pfen, bleibt das Ger\u00e4t an Ort und Stelle. Entferne die Schutzkappen auf dem Spiess und der Schneide Klinge. Stecke den Apfel auf den Spiess. Drehe die ... Weiterlesen","og_url":"https:\/\/www.vitalibera.org\/community\/2025\/09\/02\/praktischer-schaeler-fuer-obst-und-gemuese\/","og_site_name":"vitalibera.org","article_publisher":"https:\/\/www.facebook.com\/groups\/2997085857140235","article_published_time":"2025-09-01T22:23:16+00:00","article_modified_time":"2025-09-03T11:09:45+00:00","og_image":[{"width":522,"height":516,"url":"https:\/\/www.vitalibera.org\/community\/wp-content\/uploads\/2025\/09\/image002-3.png","type":"image\/png"}],"author":"admin","twitter_card":"summary_large_image","twitter_misc":{"Verfasst von":"admin","Gesch\u00e4tzte Lesezeit":"1\u00a0Minute"},"schema":{"@context":"https:\/\/schema.org","@graph":[{"@type":"Article","@id":"https:\/\/www.vitalibera.org\/community\/2025\/09\/02\/praktischer-schaeler-fuer-obst-und-gemuese\/#article","isPartOf":{"@id":"https:\/\/www.vitalibera.org\/community\/2025\/09\/02\/praktischer-schaeler-fuer-obst-und-gemuese\/"},"author":{"name":"admin","@id":"https:\/\/www.vitalibera.org\/community\/#\/schema\/person\/c535fa8d561f7f8ca425ced40d87e582"},"headline":"Praktischer Sch\u00e4ler f\u00fcr Obst und Gem\u00fcse","datePublished":"2025-09-01T22:23:16+00:00","dateModified":"2025-09-03T11:09:45+00:00","mainEntityOfPage":{"@id":"https:\/\/www.vitalibera.org\/community\/2025\/09\/02\/praktischer-schaeler-fuer-obst-und-gemuese\/"},"wordCount":125,"commentCount":0,"publisher":{"@id":"https:\/\/www.vitalibera.org\/community\/#organization"},"image":{"@id":"https:\/\/www.vitalibera.org\/community\/2025\/09\/02\/praktischer-schaeler-fuer-obst-und-gemuese\/#primaryimage"},"thumbnailUrl":"https:\/\/www.vitalibera.org\/community\/wp-content\/uploads\/2025\/09\/image002-3.png","articleSection":["Kochen"],"inLanguage":"de","potentialAction":[{"@type":"CommentAction","name":"Comment","target":["https:\/\/www.vitalibera.org\/community\/2025\/09\/02\/praktischer-schaeler-fuer-obst-und-gemuese\/#respond"]}]},{"@type":"WebPage","@id":"https:\/\/www.vitalibera.org\/community\/2025\/09\/02\/praktischer-schaeler-fuer-obst-und-gemuese\/","url":"https:\/\/www.vitalibera.org\/community\/2025\/09\/02\/praktischer-schaeler-fuer-obst-und-gemuese\/","name":"Praktischer Sch\u00e4ler f\u00fcr Obst und Gem\u00fcse - vitalibera.org","isPartOf":{"@id":"https:\/\/www.vitalibera.org\/community\/#website"},"primaryImageOfPage":{"@id":"https:\/\/www.vitalibera.org\/community\/2025\/09\/02\/praktischer-schaeler-fuer-obst-und-gemuese\/#primaryimage"},"image":{"@id":"https:\/\/www.vitalibera.org\/community\/2025\/09\/02\/praktischer-schaeler-fuer-obst-und-gemuese\/#primaryimage"},"thumbnailUrl":"https:\/\/www.vitalibera.org\/community\/wp-content\/uploads\/2025\/09\/image002-3.png","datePublished":"2025-09-01T22:23:16+00:00","dateModified":"2025-09-03T11:09:45+00:00","breadcrumb":{"@id":"https:\/\/www.vitalibera.org\/community\/2025\/09\/02\/praktischer-schaeler-fuer-obst-und-gemuese\/#breadcrumb"},"inLanguage":"de","potentialAction":[{"@type":"ReadAction","target":["https:\/\/www.vitalibera.org\/community\/2025\/09\/02\/praktischer-schaeler-fuer-obst-und-gemuese\/"]}]},{"@type":"ImageObject","inLanguage":"de","@id":"https:\/\/www.vitalibera.org\/community\/2025\/09\/02\/praktischer-schaeler-fuer-obst-und-gemuese\/#primaryimage","url":"https:\/\/www.vitalibera.org\/community\/wp-content\/uploads\/2025\/09\/image002-3.png","contentUrl":"https:\/\/www.vitalibera.org\/community\/wp-content\/uploads\/2025\/09\/image002-3.png","width":522,"height":516},{"@type":"BreadcrumbList","@id":"https:\/\/www.vitalibera.org\/community\/2025\/09\/02\/praktischer-schaeler-fuer-obst-und-gemuese\/#breadcrumb","itemListElement":[{"@type":"ListItem","position":1,"name":"Startseite","item":"https:\/\/www.vitalibera.org\/community\/"},{"@type":"ListItem","position":2,"name":"Praktischer Sch\u00e4ler f\u00fcr Obst und Gem\u00fcse"}]},{"@type":"WebSite","@id":"https:\/\/www.vitalibera.org\/community\/#website","url":"https:\/\/www.vitalibera.org\/community\/","name":"vitalibera.org","description":"Mit einer Einschr&auml;nkung gestaltet sich das Leben im Alltag oft schwieriger - hier berichten wir &uuml;ber unsere Erfahrungen und Hilfsmittel um den Alltag so unbeschwert und unkompliziert wie nur m&ouml;glich geniessen zu k&ouml;nnen. Dabei richten wir unseren Fokus gezielt auf Selbst&auml;ndigkeit, Eigenst&auml;ndigkeit und Selbstbestimmung.","publisher":{"@id":"https:\/\/www.vitalibera.org\/community\/#organization"},"potentialAction":[{"@type":"SearchAction","target":{"@type":"EntryPoint","urlTemplate":"https:\/\/www.vitalibera.org\/community\/?s={search_term_string}"},"query-input":{"@type":"PropertyValueSpecification","valueRequired":true,"valueName":"search_term_string"}}],"inLanguage":"de"},{"@type":"Organization","@id":"https:\/\/www.vitalibera.org\/community\/#organization","name":"vitalibera.org","url":"https:\/\/www.vitalibera.org\/community\/","logo":{"@type":"ImageObject","inLanguage":"de","@id":"https:\/\/www.vitalibera.org\/community\/#\/schema\/logo\/image\/","url":"https:\/\/www.vitalibera.org\/community\/wp-content\/uploads\/2025\/09\/cropped-banner.png","contentUrl":"https:\/\/www.vitalibera.org\/community\/wp-content\/uploads\/2025\/09\/cropped-banner.png","width":991,"height":150,"caption":"vitalibera.org"},"image":{"@id":"https:\/\/www.vitalibera.org\/community\/#\/schema\/logo\/image\/"},"sameAs":["https:\/\/www.facebook.com\/groups\/2997085857140235"]},{"@type":"Person","@id":"https:\/\/www.vitalibera.org\/community\/#\/schema\/person\/c535fa8d561f7f8ca425ced40d87e582","name":"admin","image":{"@type":"ImageObject","inLanguage":"de","@id":"https:\/\/secure.gravatar.com\/avatar\/ad516503a11cd5ca435acc9bb6523536?s=96","url":"https:\/\/secure.gravatar.com\/avatar\/ad516503a11cd5ca435acc9bb6523536?s=96","contentUrl":"https:\/\/secure.gravatar.com\/avatar\/ad516503a11cd5ca435acc9bb6523536?s=96","caption":"admin"},"description":"admin","sameAs":["http:\/\/www.vitalibera.org\/community"],"url":"https:\/\/www.vitalibera.org\/community\/author\/admin\/"}]}},"jetpack_featured_media_url":"https:\/\/www.vitalibera.org\/community\/wp-content\/uploads\/2025\/09\/image002-3.png","jetpack_sharing_enabled":true,"jetpack-related-posts":[],"_links":{"self":[{"href":"https:\/\/www.vitalibera.org\/community\/wp-json\/wp\/v2\/posts\/1053","targetHints":{"allow":["GET"]}}],"collection":[{"href":"https:\/\/www.vitalibera.org\/community\/wp-json\/wp\/v2\/posts"}],"about":[{"href":"https:\/\/www.vitalibera.org\/community\/wp-json\/wp\/v2\/types\/post"}],"author":[{"embeddable":true,"href":"https:\/\/www.vitalibera.org\/community\/wp-json\/wp\/v2\/users\/1"}],"replies":[{"embeddable":true,"href":"https:\/\/www.vitalibera.org\/community\/wp-json\/wp\/v2\/comments?post=1053"}],"version-history":[{"count":0,"href":"https:\/\/www.vitalibera.org\/community\/wp-json\/wp\/v2\/posts\/1053\/revisions"}],"wp:featuredmedia":[{"embeddable":true,"href":"https:\/\/www.vitalibera.org\/community\/wp-json\/wp\/v2\/media\/1055"}],"wp:attachment":[{"href":"https:\/\/www.vitalibera.org\/community\/wp-json\/wp\/v2\/media?parent=1053"}],"wp:term":[{"taxonomy":"category","embeddable":true,"href":"https:\/\/www.vitalibera.org\/community\/wp-json\/wp\/v2\/categories?post=1053"},{"taxonomy":"post_tag","embeddable":true,"href":"https:\/\/www.vitalibera.org\/community\/wp-json\/wp\/v2\/tags?post=1053"}],"curies":[{"name":"wp","href":"https:\/\/api.w.org\/{rel}","templated":true}]}}