{"id":1251,"date":"2025-09-05T20:19:10","date_gmt":"2025-09-05T18:19:10","guid":{"rendered":"https:\/\/www.vitalibera.org\/community\/?p=1251"},"modified":"2025-09-05T20:24:30","modified_gmt":"2025-09-05T18:24:30","slug":"faltbrett","status":"publish","type":"post","link":"https:\/\/www.vitalibera.org\/community\/2025\/09\/05\/faltbrett\/","title":{"rendered":"W\u00e4sche zusammenlegen mit dem Faltbrett"},"content":{"rendered":"<div class=\"postie-post\">\n<div class=\"WordSection1\">\n<p style=\"margin-top: 0cm; background: white; box-sizing: border-box; margin-bottom: 1rem;\"><span style=\"font-size: 12.0pt;\"><img fetchpriority=\"high\" decoding=\"async\" id=\"Grafik_x0020_3\" style=\"width: 5.5729in; height: 5.4583in;\" src=\"https:\/\/www.vitalibera.org\/community\/wp-content\/uploads\/2025\/09\/image001-19.png\" alt=\"https:\/\/vitalibera.org\/portal2\/images\/faltbrett2.png\" width=\"535\" height=\"524\"><img decoding=\"async\" id=\"Grafik_x0020_2\" style=\"width: 6.8958in; height: 4.7916in;\" src=\"https:\/\/www.vitalibera.org\/community\/wp-content\/uploads\/2025\/09\/image002-22.png\" alt=\"https:\/\/vitalibera.org\/portal2\/images\/faltbrett1.png\" width=\"662\" height=\"460\"><\/span><\/p>\n<p style=\"margin-top: 0cm; background: white; box-sizing: border-box; margin-bottom: 1rem;\"><span style=\"font-size: 12.0pt;\">Bis Gr&ouml;sse XXL lassen sich Oberteile problemlos zusammenlegen. Zu der Falthilfe bekommen Sie eine Anleitung, die Ihnen in 7 einfachen Schritten erkl&auml;rt, in welcher Reihenfolge Sie die einzelnen Teile umklappen m&uuml;ssen. So herrscht in Ihrem Kleiderschrank ohne viel Aufwand Ordnung. Wenn Sie den W&auml;schefalter nicht mehr brauchen, l&auml;sst er sich einfach zusammenfalten und platzsparend verstauen.<\/span><\/p>\n<p style=\"margin-top: 0cm; background: white; box-sizing: border-box; margin-bottom: 1rem;\"><span style=\"font-size: 12.0pt;\"><img decoding=\"async\" id=\"Grafik_x0020_1\" style=\"width: .3125in; height: .3125in;\" src=\"https:\/\/www.vitalibera.org\/community\/wp-content\/uploads\/2025\/09\/image003-16.png\" alt=\"https:\/\/vitalibera.org\/portal2\/images\/icons\/earth.png\" width=\"30\" height=\"30\"><\/span><span style=\"font-size: 12.0pt;\">&nbsp;<a href=\"https:\/\/de.relaxdays.ch\/wohnen\/haushalt\/waschen-trocknen\/faltbretter\/faltbrett-2-generation-10010336-set.html?rd=0_faltbrett_search#273=3130\" target=\"_blank\" rel=\"noopener\"><span style=\"color: #224faa;\">Zum Hersteller<\/span><\/a><\/span><\/p>\n<p class=\"MsoNormal\">\n<\/p><\/div>\n<\/div>\n","protected":false},"excerpt":{"rendered":"<p>Bis Gr\u00f6sse XXL lassen sich Oberteile problemlos zusammenlegen. Zu der Falthilfe bekommen Sie eine Anleitung, die Ihnen in 7 einfachen Schritten erkl\u00e4rt, in welcher Reihenfolge Sie die einzelnen Teile umklappen m\u00fcssen. So herrscht in Ihrem Kleiderschrank ohne viel Aufwand Ordnung. Wenn Sie den W\u00e4schefalter nicht mehr brauchen, l\u00e4sst er sich einfach zusammenfalten und platzsparend verstauen. &#8230; <a title=\"W\u00e4sche zusammenlegen mit dem Faltbrett\" class=\"read-more\" href=\"https:\/\/www.vitalibera.org\/community\/2025\/09\/05\/faltbrett\/\" aria-label=\"Mehr Informationen \u00fcber W\u00e4sche zusammenlegen mit dem Faltbrett\">Weiterlesen<\/a><\/p>\n","protected":false},"author":1,"featured_media":1253,"comment_status":"open","ping_status":"open","sticky":false,"template":"","format":"standard","meta":{"cybocfi_hide_featured_image":"","_jetpack_memberships_contains_paid_content":false,"footnotes":""},"categories":[76],"tags":[],"class_list":["post-1251","post","type-post","status-publish","format-standard","has-post-thumbnail","hentry","category-kleidung"],"yoast_head":"<!-- This site is optimized with the Yoast SEO plugin v27.4 - https:\/\/yoast.com\/product\/yoast-seo-wordpress\/ -->\r\n<title>W\u00e4sche zusammenlegen mit dem Faltbrett - vitalibera.org<\/title>\r\n<meta name=\"robots\" content=\"index, follow, max-snippet:-1, max-image-preview:large, max-video-preview:-1\" \/>\r\n<link rel=\"canonical\" href=\"http:\/\/www.vitalibera.org\/community\/2025\/09\/05\/faltbrett\/\" \/>\r\n<meta property=\"og:locale\" content=\"de_DE\" \/>\r\n<meta property=\"og:type\" content=\"article\" \/>\r\n<meta property=\"og:title\" content=\"W\u00e4sche zusammenlegen mit dem Faltbrett - vitalibera.org\" \/>\r\n<meta property=\"og:description\" content=\"Bis Gr\u00f6sse XXL lassen sich Oberteile problemlos zusammenlegen. Zu der Falthilfe bekommen Sie eine Anleitung, die Ihnen in 7 einfachen Schritten erkl\u00e4rt, in welcher Reihenfolge Sie die einzelnen Teile umklappen m\u00fcssen. So herrscht in Ihrem Kleiderschrank ohne viel Aufwand Ordnung. Wenn Sie den W\u00e4schefalter nicht mehr brauchen, l\u00e4sst er sich einfach zusammenfalten und platzsparend verstauen. ... Weiterlesen\" \/>\r\n<meta property=\"og:url\" content=\"http:\/\/www.vitalibera.org\/community\/2025\/09\/05\/faltbrett\/\" \/>\r\n<meta property=\"og:site_name\" content=\"vitalibera.org\" \/>\r\n<meta property=\"article:publisher\" content=\"https:\/\/www.facebook.com\/groups\/2997085857140235\" \/>\r\n<meta property=\"article:published_time\" content=\"2025-09-05T18:19:10+00:00\" \/>\r\n<meta property=\"article:modified_time\" content=\"2025-09-05T18:24:30+00:00\" \/>\r\n<meta property=\"og:image\" content=\"http:\/\/www.vitalibera.org\/community\/wp-content\/uploads\/2025\/09\/image002-22.png\" \/>\r\n\t<meta property=\"og:image:width\" content=\"662\" \/>\r\n\t<meta property=\"og:image:height\" content=\"460\" \/>\r\n\t<meta property=\"og:image:type\" content=\"image\/png\" \/>\r\n<meta name=\"author\" content=\"admin\" \/>\r\n<meta name=\"twitter:card\" content=\"summary_large_image\" \/>\r\n<meta name=\"twitter:label1\" content=\"Verfasst von\" \/>\n\t<meta name=\"twitter:data1\" content=\"admin\" \/>\r\n<script type=\"application\/ld+json\" class=\"yoast-schema-graph\">{\"@context\":\"https:\\\/\\\/schema.org\",\"@graph\":[{\"@type\":\"Article\",\"@id\":\"http:\\\/\\\/www.vitalibera.org\\\/community\\\/2025\\\/09\\\/05\\\/faltbrett\\\/#article\",\"isPartOf\":{\"@id\":\"http:\\\/\\\/www.vitalibera.org\\\/community\\\/2025\\\/09\\\/05\\\/faltbrett\\\/\"},\"author\":{\"name\":\"admin\",\"@id\":\"https:\\\/\\\/www.vitalibera.org\\\/community\\\/#\\\/schema\\\/person\\\/c535fa8d561f7f8ca425ced40d87e582\"},\"headline\":\"W\u00e4sche zusammenlegen mit dem Faltbrett\",\"datePublished\":\"2025-09-05T18:19:10+00:00\",\"dateModified\":\"2025-09-05T18:24:30+00:00\",\"mainEntityOfPage\":{\"@id\":\"http:\\\/\\\/www.vitalibera.org\\\/community\\\/2025\\\/09\\\/05\\\/faltbrett\\\/\"},\"wordCount\":67,\"commentCount\":0,\"publisher\":{\"@id\":\"https:\\\/\\\/www.vitalibera.org\\\/community\\\/#organization\"},\"image\":{\"@id\":\"http:\\\/\\\/www.vitalibera.org\\\/community\\\/2025\\\/09\\\/05\\\/faltbrett\\\/#primaryimage\"},\"thumbnailUrl\":\"https:\\\/\\\/www.vitalibera.org\\\/community\\\/wp-content\\\/uploads\\\/2025\\\/09\\\/image002-22.png\",\"articleSection\":[\"Kleidung\"],\"inLanguage\":\"de\",\"potentialAction\":[{\"@type\":\"CommentAction\",\"name\":\"Comment\",\"target\":[\"http:\\\/\\\/www.vitalibera.org\\\/community\\\/2025\\\/09\\\/05\\\/faltbrett\\\/#respond\"]}]},{\"@type\":\"WebPage\",\"@id\":\"http:\\\/\\\/www.vitalibera.org\\\/community\\\/2025\\\/09\\\/05\\\/faltbrett\\\/\",\"url\":\"http:\\\/\\\/www.vitalibera.org\\\/community\\\/2025\\\/09\\\/05\\\/faltbrett\\\/\",\"name\":\"W\u00e4sche zusammenlegen mit dem Faltbrett - vitalibera.org\",\"isPartOf\":{\"@id\":\"https:\\\/\\\/www.vitalibera.org\\\/community\\\/#website\"},\"primaryImageOfPage\":{\"@id\":\"http:\\\/\\\/www.vitalibera.org\\\/community\\\/2025\\\/09\\\/05\\\/faltbrett\\\/#primaryimage\"},\"image\":{\"@id\":\"http:\\\/\\\/www.vitalibera.org\\\/community\\\/2025\\\/09\\\/05\\\/faltbrett\\\/#primaryimage\"},\"thumbnailUrl\":\"https:\\\/\\\/www.vitalibera.org\\\/community\\\/wp-content\\\/uploads\\\/2025\\\/09\\\/image002-22.png\",\"datePublished\":\"2025-09-05T18:19:10+00:00\",\"dateModified\":\"2025-09-05T18:24:30+00:00\",\"breadcrumb\":{\"@id\":\"http:\\\/\\\/www.vitalibera.org\\\/community\\\/2025\\\/09\\\/05\\\/faltbrett\\\/#breadcrumb\"},\"inLanguage\":\"de\",\"potentialAction\":[{\"@type\":\"ReadAction\",\"target\":[\"http:\\\/\\\/www.vitalibera.org\\\/community\\\/2025\\\/09\\\/05\\\/faltbrett\\\/\"]}]},{\"@type\":\"ImageObject\",\"inLanguage\":\"de\",\"@id\":\"http:\\\/\\\/www.vitalibera.org\\\/community\\\/2025\\\/09\\\/05\\\/faltbrett\\\/#primaryimage\",\"url\":\"https:\\\/\\\/www.vitalibera.org\\\/community\\\/wp-content\\\/uploads\\\/2025\\\/09\\\/image002-22.png\",\"contentUrl\":\"https:\\\/\\\/www.vitalibera.org\\\/community\\\/wp-content\\\/uploads\\\/2025\\\/09\\\/image002-22.png\",\"width\":662,\"height\":460},{\"@type\":\"BreadcrumbList\",\"@id\":\"http:\\\/\\\/www.vitalibera.org\\\/community\\\/2025\\\/09\\\/05\\\/faltbrett\\\/#breadcrumb\",\"itemListElement\":[{\"@type\":\"ListItem\",\"position\":1,\"name\":\"Startseite\",\"item\":\"https:\\\/\\\/www.vitalibera.org\\\/community\\\/\"},{\"@type\":\"ListItem\",\"position\":2,\"name\":\"W\u00e4sche zusammenlegen mit dem Faltbrett\"}]},{\"@type\":\"WebSite\",\"@id\":\"https:\\\/\\\/www.vitalibera.org\\\/community\\\/#website\",\"url\":\"https:\\\/\\\/www.vitalibera.org\\\/community\\\/\",\"name\":\"vitalibera.org\",\"description\":\"Mit einer Einschr&auml;nkung gestaltet sich das Leben im Alltag oft schwieriger - hier berichten wir &uuml;ber unsere Erfahrungen und Hilfsmittel um den Alltag so unbeschwert und unkompliziert wie nur m&ouml;glich geniessen zu k&ouml;nnen. Dabei richten wir unseren Fokus gezielt auf Selbst&auml;ndigkeit, Eigenst&auml;ndigkeit und Selbstbestimmung.\",\"publisher\":{\"@id\":\"https:\\\/\\\/www.vitalibera.org\\\/community\\\/#organization\"},\"potentialAction\":[{\"@type\":\"SearchAction\",\"target\":{\"@type\":\"EntryPoint\",\"urlTemplate\":\"https:\\\/\\\/www.vitalibera.org\\\/community\\\/?s={search_term_string}\"},\"query-input\":{\"@type\":\"PropertyValueSpecification\",\"valueRequired\":true,\"valueName\":\"search_term_string\"}}],\"inLanguage\":\"de\"},{\"@type\":\"Organization\",\"@id\":\"https:\\\/\\\/www.vitalibera.org\\\/community\\\/#organization\",\"name\":\"vitalibera.org\",\"url\":\"https:\\\/\\\/www.vitalibera.org\\\/community\\\/\",\"logo\":{\"@type\":\"ImageObject\",\"inLanguage\":\"de\",\"@id\":\"https:\\\/\\\/www.vitalibera.org\\\/community\\\/#\\\/schema\\\/logo\\\/image\\\/\",\"url\":\"https:\\\/\\\/www.vitalibera.org\\\/community\\\/wp-content\\\/uploads\\\/2025\\\/09\\\/cropped-banner.png\",\"contentUrl\":\"https:\\\/\\\/www.vitalibera.org\\\/community\\\/wp-content\\\/uploads\\\/2025\\\/09\\\/cropped-banner.png\",\"width\":991,\"height\":150,\"caption\":\"vitalibera.org\"},\"image\":{\"@id\":\"https:\\\/\\\/www.vitalibera.org\\\/community\\\/#\\\/schema\\\/logo\\\/image\\\/\"},\"sameAs\":[\"https:\\\/\\\/www.facebook.com\\\/groups\\\/2997085857140235\"]},{\"@type\":\"Person\",\"@id\":\"https:\\\/\\\/www.vitalibera.org\\\/community\\\/#\\\/schema\\\/person\\\/c535fa8d561f7f8ca425ced40d87e582\",\"name\":\"admin\",\"image\":{\"@type\":\"ImageObject\",\"inLanguage\":\"de\",\"@id\":\"https:\\\/\\\/secure.gravatar.com\\\/avatar\\\/ad516503a11cd5ca435acc9bb6523536?s=96\",\"url\":\"https:\\\/\\\/secure.gravatar.com\\\/avatar\\\/ad516503a11cd5ca435acc9bb6523536?s=96\",\"contentUrl\":\"https:\\\/\\\/secure.gravatar.com\\\/avatar\\\/ad516503a11cd5ca435acc9bb6523536?s=96\",\"caption\":\"admin\"},\"description\":\"admin\",\"sameAs\":[\"http:\\\/\\\/www.vitalibera.org\\\/community\"],\"url\":\"https:\\\/\\\/www.vitalibera.org\\\/community\\\/author\\\/admin\\\/\"}]}<\/script>\r\n<!-- \/ Yoast SEO plugin. -->","yoast_head_json":{"title":"W\u00e4sche zusammenlegen mit dem Faltbrett - vitalibera.org","robots":{"index":"index","follow":"follow","max-snippet":"max-snippet:-1","max-image-preview":"max-image-preview:large","max-video-preview":"max-video-preview:-1"},"canonical":"http:\/\/www.vitalibera.org\/community\/2025\/09\/05\/faltbrett\/","og_locale":"de_DE","og_type":"article","og_title":"W\u00e4sche zusammenlegen mit dem Faltbrett - vitalibera.org","og_description":"Bis Gr\u00f6sse XXL lassen sich Oberteile problemlos zusammenlegen. Zu der Falthilfe bekommen Sie eine Anleitung, die Ihnen in 7 einfachen Schritten erkl\u00e4rt, in welcher Reihenfolge Sie die einzelnen Teile umklappen m\u00fcssen. So herrscht in Ihrem Kleiderschrank ohne viel Aufwand Ordnung. Wenn Sie den W\u00e4schefalter nicht mehr brauchen, l\u00e4sst er sich einfach zusammenfalten und platzsparend verstauen. ... Weiterlesen","og_url":"http:\/\/www.vitalibera.org\/community\/2025\/09\/05\/faltbrett\/","og_site_name":"vitalibera.org","article_publisher":"https:\/\/www.facebook.com\/groups\/2997085857140235","article_published_time":"2025-09-05T18:19:10+00:00","article_modified_time":"2025-09-05T18:24:30+00:00","og_image":[{"width":662,"height":460,"url":"http:\/\/www.vitalibera.org\/community\/wp-content\/uploads\/2025\/09\/image002-22.png","type":"image\/png"}],"author":"admin","twitter_card":"summary_large_image","twitter_misc":{"Verfasst von":"admin"},"schema":{"@context":"https:\/\/schema.org","@graph":[{"@type":"Article","@id":"http:\/\/www.vitalibera.org\/community\/2025\/09\/05\/faltbrett\/#article","isPartOf":{"@id":"http:\/\/www.vitalibera.org\/community\/2025\/09\/05\/faltbrett\/"},"author":{"name":"admin","@id":"https:\/\/www.vitalibera.org\/community\/#\/schema\/person\/c535fa8d561f7f8ca425ced40d87e582"},"headline":"W\u00e4sche zusammenlegen mit dem Faltbrett","datePublished":"2025-09-05T18:19:10+00:00","dateModified":"2025-09-05T18:24:30+00:00","mainEntityOfPage":{"@id":"http:\/\/www.vitalibera.org\/community\/2025\/09\/05\/faltbrett\/"},"wordCount":67,"commentCount":0,"publisher":{"@id":"https:\/\/www.vitalibera.org\/community\/#organization"},"image":{"@id":"http:\/\/www.vitalibera.org\/community\/2025\/09\/05\/faltbrett\/#primaryimage"},"thumbnailUrl":"https:\/\/www.vitalibera.org\/community\/wp-content\/uploads\/2025\/09\/image002-22.png","articleSection":["Kleidung"],"inLanguage":"de","potentialAction":[{"@type":"CommentAction","name":"Comment","target":["http:\/\/www.vitalibera.org\/community\/2025\/09\/05\/faltbrett\/#respond"]}]},{"@type":"WebPage","@id":"http:\/\/www.vitalibera.org\/community\/2025\/09\/05\/faltbrett\/","url":"http:\/\/www.vitalibera.org\/community\/2025\/09\/05\/faltbrett\/","name":"W\u00e4sche zusammenlegen mit dem Faltbrett - vitalibera.org","isPartOf":{"@id":"https:\/\/www.vitalibera.org\/community\/#website"},"primaryImageOfPage":{"@id":"http:\/\/www.vitalibera.org\/community\/2025\/09\/05\/faltbrett\/#primaryimage"},"image":{"@id":"http:\/\/www.vitalibera.org\/community\/2025\/09\/05\/faltbrett\/#primaryimage"},"thumbnailUrl":"https:\/\/www.vitalibera.org\/community\/wp-content\/uploads\/2025\/09\/image002-22.png","datePublished":"2025-09-05T18:19:10+00:00","dateModified":"2025-09-05T18:24:30+00:00","breadcrumb":{"@id":"http:\/\/www.vitalibera.org\/community\/2025\/09\/05\/faltbrett\/#breadcrumb"},"inLanguage":"de","potentialAction":[{"@type":"ReadAction","target":["http:\/\/www.vitalibera.org\/community\/2025\/09\/05\/faltbrett\/"]}]},{"@type":"ImageObject","inLanguage":"de","@id":"http:\/\/www.vitalibera.org\/community\/2025\/09\/05\/faltbrett\/#primaryimage","url":"https:\/\/www.vitalibera.org\/community\/wp-content\/uploads\/2025\/09\/image002-22.png","contentUrl":"https:\/\/www.vitalibera.org\/community\/wp-content\/uploads\/2025\/09\/image002-22.png","width":662,"height":460},{"@type":"BreadcrumbList","@id":"http:\/\/www.vitalibera.org\/community\/2025\/09\/05\/faltbrett\/#breadcrumb","itemListElement":[{"@type":"ListItem","position":1,"name":"Startseite","item":"https:\/\/www.vitalibera.org\/community\/"},{"@type":"ListItem","position":2,"name":"W\u00e4sche zusammenlegen mit dem Faltbrett"}]},{"@type":"WebSite","@id":"https:\/\/www.vitalibera.org\/community\/#website","url":"https:\/\/www.vitalibera.org\/community\/","name":"vitalibera.org","description":"Mit einer Einschr&auml;nkung gestaltet sich das Leben im Alltag oft schwieriger - hier berichten wir &uuml;ber unsere Erfahrungen und Hilfsmittel um den Alltag so unbeschwert und unkompliziert wie nur m&ouml;glich geniessen zu k&ouml;nnen. Dabei richten wir unseren Fokus gezielt auf Selbst&auml;ndigkeit, Eigenst&auml;ndigkeit und Selbstbestimmung.","publisher":{"@id":"https:\/\/www.vitalibera.org\/community\/#organization"},"potentialAction":[{"@type":"SearchAction","target":{"@type":"EntryPoint","urlTemplate":"https:\/\/www.vitalibera.org\/community\/?s={search_term_string}"},"query-input":{"@type":"PropertyValueSpecification","valueRequired":true,"valueName":"search_term_string"}}],"inLanguage":"de"},{"@type":"Organization","@id":"https:\/\/www.vitalibera.org\/community\/#organization","name":"vitalibera.org","url":"https:\/\/www.vitalibera.org\/community\/","logo":{"@type":"ImageObject","inLanguage":"de","@id":"https:\/\/www.vitalibera.org\/community\/#\/schema\/logo\/image\/","url":"https:\/\/www.vitalibera.org\/community\/wp-content\/uploads\/2025\/09\/cropped-banner.png","contentUrl":"https:\/\/www.vitalibera.org\/community\/wp-content\/uploads\/2025\/09\/cropped-banner.png","width":991,"height":150,"caption":"vitalibera.org"},"image":{"@id":"https:\/\/www.vitalibera.org\/community\/#\/schema\/logo\/image\/"},"sameAs":["https:\/\/www.facebook.com\/groups\/2997085857140235"]},{"@type":"Person","@id":"https:\/\/www.vitalibera.org\/community\/#\/schema\/person\/c535fa8d561f7f8ca425ced40d87e582","name":"admin","image":{"@type":"ImageObject","inLanguage":"de","@id":"https:\/\/secure.gravatar.com\/avatar\/ad516503a11cd5ca435acc9bb6523536?s=96","url":"https:\/\/secure.gravatar.com\/avatar\/ad516503a11cd5ca435acc9bb6523536?s=96","contentUrl":"https:\/\/secure.gravatar.com\/avatar\/ad516503a11cd5ca435acc9bb6523536?s=96","caption":"admin"},"description":"admin","sameAs":["http:\/\/www.vitalibera.org\/community"],"url":"https:\/\/www.vitalibera.org\/community\/author\/admin\/"}]}},"jetpack_featured_media_url":"https:\/\/www.vitalibera.org\/community\/wp-content\/uploads\/2025\/09\/image002-22.png","jetpack_sharing_enabled":true,"jetpack-related-posts":[],"_links":{"self":[{"href":"https:\/\/www.vitalibera.org\/community\/wp-json\/wp\/v2\/posts\/1251","targetHints":{"allow":["GET"]}}],"collection":[{"href":"https:\/\/www.vitalibera.org\/community\/wp-json\/wp\/v2\/posts"}],"about":[{"href":"https:\/\/www.vitalibera.org\/community\/wp-json\/wp\/v2\/types\/post"}],"author":[{"embeddable":true,"href":"https:\/\/www.vitalibera.org\/community\/wp-json\/wp\/v2\/users\/1"}],"replies":[{"embeddable":true,"href":"https:\/\/www.vitalibera.org\/community\/wp-json\/wp\/v2\/comments?post=1251"}],"version-history":[{"count":0,"href":"https:\/\/www.vitalibera.org\/community\/wp-json\/wp\/v2\/posts\/1251\/revisions"}],"wp:featuredmedia":[{"embeddable":true,"href":"https:\/\/www.vitalibera.org\/community\/wp-json\/wp\/v2\/media\/1253"}],"wp:attachment":[{"href":"https:\/\/www.vitalibera.org\/community\/wp-json\/wp\/v2\/media?parent=1251"}],"wp:term":[{"taxonomy":"category","embeddable":true,"href":"https:\/\/www.vitalibera.org\/community\/wp-json\/wp\/v2\/categories?post=1251"},{"taxonomy":"post_tag","embeddable":true,"href":"https:\/\/www.vitalibera.org\/community\/wp-json\/wp\/v2\/tags?post=1251"}],"curies":[{"name":"wp","href":"https:\/\/api.w.org\/{rel}","templated":true}]}}