{"id":1571,"date":"2025-09-11T17:55:52","date_gmt":"2025-09-11T15:55:52","guid":{"rendered":"https:\/\/www.vitalibera.org\/community\/?p=1571"},"modified":"2025-09-11T18:02:03","modified_gmt":"2025-09-11T16:02:03","slug":"elektrischer-obst-gemueseschaeler","status":"publish","type":"post","link":"https:\/\/www.vitalibera.org\/community\/2025\/09\/11\/elektrischer-obst-gemueseschaeler\/","title":{"rendered":"Elektrischer Obst- &amp; Gem\u00fcsesch\u00e4ler"},"content":{"rendered":"\n<p>Sch&auml;lt Obst und Gem&uuml;se wie z.B. &Auml;pfel, Kartoffeln, Tomaten, Avocados, R&uuml;ben, Auberginen, Zucchini, Pfirsiche, Orangen, Zitronen, Limetten, Kiwis, Salatgurken u.v.m. &bull; Stoppt automatisch nach dem Sch&auml;len &bull; Ma&szlig;e: 290 x 140 x 140 mm<\/p>\n\n\n\n<figure class=\"wp-block-image size-full is-resized\"><img decoding=\"async\" width=\"201\" height=\"144\" src=\"https:\/\/www.vitalibera.org\/community\/wp-content\/uploads\/2025\/09\/eschael.png\" alt=\"\" class=\"wp-image-1575\" style=\"width:410px;height:auto\"><\/figure>\n\n\n\n<p><a href=\"https:\/\/www.amazon.de\/Rosenstein-S%C3%B6hne-Orangensch%C3%A4ler-Gem%C3%BCsesch%C3%A4ler-Edelstahl-Klinge\/dp\/B00E9A6M36\/ref=sr_1_39?adgrpid=66239744066&amp;dib=eyJ2IjoiMSJ9.GhxEK2lEDG-Lfa_KxJQBOb2LMbthUpKVzkGOg_lUPIcYRhPwcIa6Ue4oO0oPELc-x4UGodloZPowWzzChHIqRsNyt0NA1irWzMIX2kL_neuLKb-tfkAl5JXQgKPNtftOWgcqytFKRDwiOV7fJ_jJKTtVT09LacJvQxSQk7vUoWHmsu1uKYMEm9qbWGjs9wclCnPrsikLNz-KPdrgC1A7vRJHDzqC9p0g2c9o12jC8-pSow4OkMjXjY_vPV_59lpbFheD8dM82f1n1PUDCk-m8dZQqUexdfJMmWPw6-uTqkY.gdQxqxUWA3DUSqbYvWQoMpLkSignK9gcFtzloFtH4QM&amp;dib_tag=se&amp;hvadid=596403529331&amp;hvdev=c&amp;hvlocphy=9187996&amp;hvnetw=g&amp;hvqmt=e&amp;hvrand=7119709432997567834&amp;hvtargid=kwd-352322894111&amp;hydadcr=14714_2276606&amp;keywords=einhand+hilfsmittel&amp;mcid=d75cf8df1717376488a40395d173d784&amp;qid=1757605629&amp;sr=8-39\">Zum Produkt<\/a> bei eBay<br><a href=\"https:\/\/www.rosensteinundsoehne.com\/elekrtischer-Apfelsc-REF-34473-919.shtml\" target=\"_blank\" rel=\"noreferrer noopener\">Zum Hersteller<\/a><\/p>\n","protected":false},"excerpt":{"rendered":"<p>Sch\u00e4lt Obst und Gem\u00fcse wie z.B. \u00c4pfel, Kartoffeln, Tomaten, Avocados, R\u00fcben, Auberginen, Zucchini, Pfirsiche, Orangen, Zitronen, Limetten, Kiwis, Salatgurken u.v.m. \u2022 Stoppt automatisch nach dem Sch\u00e4len \u2022 Ma\u00dfe: 290 x 140 x 140 mm Zum Produkt bei eBayZum Hersteller<\/p>\n","protected":false},"author":1,"featured_media":1575,"comment_status":"open","ping_status":"open","sticky":false,"template":"","format":"standard","meta":{"cybocfi_hide_featured_image":"yes","_jetpack_memberships_contains_paid_content":false,"footnotes":""},"categories":[161],"tags":[],"class_list":["post-1571","post","type-post","status-publish","format-standard","has-post-thumbnail","hentry","category-kochen"],"yoast_head":"<!-- This site is optimized with the Yoast SEO plugin v27.4 - https:\/\/yoast.com\/product\/yoast-seo-wordpress\/ -->\r\n<title>Elektrischer Obst- &amp; Gem\u00fcsesch\u00e4ler - vitalibera.org<\/title>\r\n<meta name=\"robots\" content=\"index, follow, max-snippet:-1, max-image-preview:large, max-video-preview:-1\" \/>\r\n<link rel=\"canonical\" href=\"http:\/\/www.vitalibera.org\/community\/2025\/09\/11\/elektrischer-obst-gemueseschaeler\/\" \/>\r\n<meta property=\"og:locale\" content=\"de_DE\" \/>\r\n<meta property=\"og:type\" content=\"article\" \/>\r\n<meta property=\"og:title\" content=\"Elektrischer Obst- &amp; Gem\u00fcsesch\u00e4ler - vitalibera.org\" \/>\r\n<meta property=\"og:description\" content=\"Sch\u00e4lt Obst und Gem\u00fcse wie z.B. \u00c4pfel, Kartoffeln, Tomaten, Avocados, R\u00fcben, Auberginen, Zucchini, Pfirsiche, Orangen, Zitronen, Limetten, Kiwis, Salatgurken u.v.m. \u2022 Stoppt automatisch nach dem Sch\u00e4len \u2022 Ma\u00dfe: 290 x 140 x 140 mm Zum Produkt bei eBayZum Hersteller\" \/>\r\n<meta property=\"og:url\" content=\"http:\/\/www.vitalibera.org\/community\/2025\/09\/11\/elektrischer-obst-gemueseschaeler\/\" \/>\r\n<meta property=\"og:site_name\" content=\"vitalibera.org\" \/>\r\n<meta property=\"article:publisher\" content=\"https:\/\/www.facebook.com\/groups\/2997085857140235\" \/>\r\n<meta property=\"article:published_time\" content=\"2025-09-11T15:55:52+00:00\" \/>\r\n<meta property=\"article:modified_time\" content=\"2025-09-11T16:02:03+00:00\" \/>\r\n<meta property=\"og:image\" content=\"http:\/\/www.vitalibera.org\/community\/wp-content\/uploads\/2025\/09\/eschael.png\" \/>\r\n\t<meta property=\"og:image:width\" content=\"201\" \/>\r\n\t<meta property=\"og:image:height\" content=\"144\" \/>\r\n\t<meta property=\"og:image:type\" content=\"image\/png\" \/>\r\n<meta name=\"author\" content=\"admin\" \/>\r\n<meta name=\"twitter:card\" content=\"summary_large_image\" \/>\r\n<meta name=\"twitter:label1\" content=\"Verfasst von\" \/>\n\t<meta name=\"twitter:data1\" content=\"admin\" \/>\r\n<script type=\"application\/ld+json\" class=\"yoast-schema-graph\">{\"@context\":\"https:\\\/\\\/schema.org\",\"@graph\":[{\"@type\":\"Article\",\"@id\":\"http:\\\/\\\/www.vitalibera.org\\\/community\\\/2025\\\/09\\\/11\\\/elektrischer-obst-gemueseschaeler\\\/#article\",\"isPartOf\":{\"@id\":\"http:\\\/\\\/www.vitalibera.org\\\/community\\\/2025\\\/09\\\/11\\\/elektrischer-obst-gemueseschaeler\\\/\"},\"author\":{\"name\":\"admin\",\"@id\":\"https:\\\/\\\/www.vitalibera.org\\\/community\\\/#\\\/schema\\\/person\\\/c535fa8d561f7f8ca425ced40d87e582\"},\"headline\":\"Elektrischer Obst- &amp; Gem\u00fcsesch\u00e4ler\",\"datePublished\":\"2025-09-11T15:55:52+00:00\",\"dateModified\":\"2025-09-11T16:02:03+00:00\",\"mainEntityOfPage\":{\"@id\":\"http:\\\/\\\/www.vitalibera.org\\\/community\\\/2025\\\/09\\\/11\\\/elektrischer-obst-gemueseschaeler\\\/\"},\"wordCount\":49,\"commentCount\":0,\"publisher\":{\"@id\":\"https:\\\/\\\/www.vitalibera.org\\\/community\\\/#organization\"},\"image\":{\"@id\":\"http:\\\/\\\/www.vitalibera.org\\\/community\\\/2025\\\/09\\\/11\\\/elektrischer-obst-gemueseschaeler\\\/#primaryimage\"},\"thumbnailUrl\":\"https:\\\/\\\/www.vitalibera.org\\\/community\\\/wp-content\\\/uploads\\\/2025\\\/09\\\/eschael.png\",\"articleSection\":[\"Kochen\"],\"inLanguage\":\"de\",\"potentialAction\":[{\"@type\":\"CommentAction\",\"name\":\"Comment\",\"target\":[\"http:\\\/\\\/www.vitalibera.org\\\/community\\\/2025\\\/09\\\/11\\\/elektrischer-obst-gemueseschaeler\\\/#respond\"]}]},{\"@type\":\"WebPage\",\"@id\":\"http:\\\/\\\/www.vitalibera.org\\\/community\\\/2025\\\/09\\\/11\\\/elektrischer-obst-gemueseschaeler\\\/\",\"url\":\"http:\\\/\\\/www.vitalibera.org\\\/community\\\/2025\\\/09\\\/11\\\/elektrischer-obst-gemueseschaeler\\\/\",\"name\":\"Elektrischer Obst- &amp; Gem\u00fcsesch\u00e4ler - vitalibera.org\",\"isPartOf\":{\"@id\":\"https:\\\/\\\/www.vitalibera.org\\\/community\\\/#website\"},\"primaryImageOfPage\":{\"@id\":\"http:\\\/\\\/www.vitalibera.org\\\/community\\\/2025\\\/09\\\/11\\\/elektrischer-obst-gemueseschaeler\\\/#primaryimage\"},\"image\":{\"@id\":\"http:\\\/\\\/www.vitalibera.org\\\/community\\\/2025\\\/09\\\/11\\\/elektrischer-obst-gemueseschaeler\\\/#primaryimage\"},\"thumbnailUrl\":\"https:\\\/\\\/www.vitalibera.org\\\/community\\\/wp-content\\\/uploads\\\/2025\\\/09\\\/eschael.png\",\"datePublished\":\"2025-09-11T15:55:52+00:00\",\"dateModified\":\"2025-09-11T16:02:03+00:00\",\"breadcrumb\":{\"@id\":\"http:\\\/\\\/www.vitalibera.org\\\/community\\\/2025\\\/09\\\/11\\\/elektrischer-obst-gemueseschaeler\\\/#breadcrumb\"},\"inLanguage\":\"de\",\"potentialAction\":[{\"@type\":\"ReadAction\",\"target\":[\"http:\\\/\\\/www.vitalibera.org\\\/community\\\/2025\\\/09\\\/11\\\/elektrischer-obst-gemueseschaeler\\\/\"]}]},{\"@type\":\"BreadcrumbList\",\"@id\":\"http:\\\/\\\/www.vitalibera.org\\\/community\\\/2025\\\/09\\\/11\\\/elektrischer-obst-gemueseschaeler\\\/#breadcrumb\",\"itemListElement\":[{\"@type\":\"ListItem\",\"position\":1,\"name\":\"Startseite\",\"item\":\"https:\\\/\\\/www.vitalibera.org\\\/community\\\/\"},{\"@type\":\"ListItem\",\"position\":2,\"name\":\"Elektrischer Obst- &amp; Gem\u00fcsesch\u00e4ler\"}]},{\"@type\":\"WebSite\",\"@id\":\"https:\\\/\\\/www.vitalibera.org\\\/community\\\/#website\",\"url\":\"https:\\\/\\\/www.vitalibera.org\\\/community\\\/\",\"name\":\"vitalibera.org\",\"description\":\"Mit einer Einschr&auml;nkung gestaltet sich das Leben im Alltag oft schwieriger - hier berichten wir &uuml;ber unsere Erfahrungen und Hilfsmittel um den Alltag so unbeschwert und unkompliziert wie nur m&ouml;glich geniessen zu k&ouml;nnen. Dabei richten wir unseren Fokus gezielt auf Selbst&auml;ndigkeit, Eigenst&auml;ndigkeit und Selbstbestimmung.\",\"publisher\":{\"@id\":\"https:\\\/\\\/www.vitalibera.org\\\/community\\\/#organization\"},\"potentialAction\":[{\"@type\":\"SearchAction\",\"target\":{\"@type\":\"EntryPoint\",\"urlTemplate\":\"https:\\\/\\\/www.vitalibera.org\\\/community\\\/?s={search_term_string}\"},\"query-input\":{\"@type\":\"PropertyValueSpecification\",\"valueRequired\":true,\"valueName\":\"search_term_string\"}}],\"inLanguage\":\"de\"},{\"@type\":\"Organization\",\"@id\":\"https:\\\/\\\/www.vitalibera.org\\\/community\\\/#organization\",\"name\":\"vitalibera.org\",\"url\":\"https:\\\/\\\/www.vitalibera.org\\\/community\\\/\",\"logo\":{\"@type\":\"ImageObject\",\"inLanguage\":\"de\",\"@id\":\"https:\\\/\\\/www.vitalibera.org\\\/community\\\/#\\\/schema\\\/logo\\\/image\\\/\",\"url\":\"https:\\\/\\\/www.vitalibera.org\\\/community\\\/wp-content\\\/uploads\\\/2025\\\/09\\\/cropped-banner.png\",\"contentUrl\":\"https:\\\/\\\/www.vitalibera.org\\\/community\\\/wp-content\\\/uploads\\\/2025\\\/09\\\/cropped-banner.png\",\"width\":991,\"height\":150,\"caption\":\"vitalibera.org\"},\"image\":{\"@id\":\"https:\\\/\\\/www.vitalibera.org\\\/community\\\/#\\\/schema\\\/logo\\\/image\\\/\"},\"sameAs\":[\"https:\\\/\\\/www.facebook.com\\\/groups\\\/2997085857140235\"]},{\"@type\":\"Person\",\"@id\":\"https:\\\/\\\/www.vitalibera.org\\\/community\\\/#\\\/schema\\\/person\\\/c535fa8d561f7f8ca425ced40d87e582\",\"name\":\"admin\",\"image\":{\"@type\":\"ImageObject\",\"inLanguage\":\"de\",\"@id\":\"https:\\\/\\\/secure.gravatar.com\\\/avatar\\\/ad516503a11cd5ca435acc9bb6523536?s=96\",\"url\":\"https:\\\/\\\/secure.gravatar.com\\\/avatar\\\/ad516503a11cd5ca435acc9bb6523536?s=96\",\"contentUrl\":\"https:\\\/\\\/secure.gravatar.com\\\/avatar\\\/ad516503a11cd5ca435acc9bb6523536?s=96\",\"caption\":\"admin\"},\"description\":\"admin\",\"sameAs\":[\"http:\\\/\\\/www.vitalibera.org\\\/community\"],\"url\":\"https:\\\/\\\/www.vitalibera.org\\\/community\\\/author\\\/admin\\\/\"}]}<\/script>\r\n<!-- \/ Yoast SEO plugin. -->","yoast_head_json":{"title":"Elektrischer Obst- &amp; Gem\u00fcsesch\u00e4ler - vitalibera.org","robots":{"index":"index","follow":"follow","max-snippet":"max-snippet:-1","max-image-preview":"max-image-preview:large","max-video-preview":"max-video-preview:-1"},"canonical":"http:\/\/www.vitalibera.org\/community\/2025\/09\/11\/elektrischer-obst-gemueseschaeler\/","og_locale":"de_DE","og_type":"article","og_title":"Elektrischer Obst- &amp; Gem\u00fcsesch\u00e4ler - vitalibera.org","og_description":"Sch\u00e4lt Obst und Gem\u00fcse wie z.B. \u00c4pfel, Kartoffeln, Tomaten, Avocados, R\u00fcben, Auberginen, Zucchini, Pfirsiche, Orangen, Zitronen, Limetten, Kiwis, Salatgurken u.v.m. \u2022 Stoppt automatisch nach dem Sch\u00e4len \u2022 Ma\u00dfe: 290 x 140 x 140 mm Zum Produkt bei eBayZum Hersteller","og_url":"http:\/\/www.vitalibera.org\/community\/2025\/09\/11\/elektrischer-obst-gemueseschaeler\/","og_site_name":"vitalibera.org","article_publisher":"https:\/\/www.facebook.com\/groups\/2997085857140235","article_published_time":"2025-09-11T15:55:52+00:00","article_modified_time":"2025-09-11T16:02:03+00:00","og_image":[{"width":201,"height":144,"url":"http:\/\/www.vitalibera.org\/community\/wp-content\/uploads\/2025\/09\/eschael.png","type":"image\/png"}],"author":"admin","twitter_card":"summary_large_image","twitter_misc":{"Verfasst von":"admin"},"schema":{"@context":"https:\/\/schema.org","@graph":[{"@type":"Article","@id":"http:\/\/www.vitalibera.org\/community\/2025\/09\/11\/elektrischer-obst-gemueseschaeler\/#article","isPartOf":{"@id":"http:\/\/www.vitalibera.org\/community\/2025\/09\/11\/elektrischer-obst-gemueseschaeler\/"},"author":{"name":"admin","@id":"https:\/\/www.vitalibera.org\/community\/#\/schema\/person\/c535fa8d561f7f8ca425ced40d87e582"},"headline":"Elektrischer Obst- &amp; Gem\u00fcsesch\u00e4ler","datePublished":"2025-09-11T15:55:52+00:00","dateModified":"2025-09-11T16:02:03+00:00","mainEntityOfPage":{"@id":"http:\/\/www.vitalibera.org\/community\/2025\/09\/11\/elektrischer-obst-gemueseschaeler\/"},"wordCount":49,"commentCount":0,"publisher":{"@id":"https:\/\/www.vitalibera.org\/community\/#organization"},"image":{"@id":"http:\/\/www.vitalibera.org\/community\/2025\/09\/11\/elektrischer-obst-gemueseschaeler\/#primaryimage"},"thumbnailUrl":"https:\/\/www.vitalibera.org\/community\/wp-content\/uploads\/2025\/09\/eschael.png","articleSection":["Kochen"],"inLanguage":"de","potentialAction":[{"@type":"CommentAction","name":"Comment","target":["http:\/\/www.vitalibera.org\/community\/2025\/09\/11\/elektrischer-obst-gemueseschaeler\/#respond"]}]},{"@type":"WebPage","@id":"http:\/\/www.vitalibera.org\/community\/2025\/09\/11\/elektrischer-obst-gemueseschaeler\/","url":"http:\/\/www.vitalibera.org\/community\/2025\/09\/11\/elektrischer-obst-gemueseschaeler\/","name":"Elektrischer Obst- &amp; Gem\u00fcsesch\u00e4ler - vitalibera.org","isPartOf":{"@id":"https:\/\/www.vitalibera.org\/community\/#website"},"primaryImageOfPage":{"@id":"http:\/\/www.vitalibera.org\/community\/2025\/09\/11\/elektrischer-obst-gemueseschaeler\/#primaryimage"},"image":{"@id":"http:\/\/www.vitalibera.org\/community\/2025\/09\/11\/elektrischer-obst-gemueseschaeler\/#primaryimage"},"thumbnailUrl":"https:\/\/www.vitalibera.org\/community\/wp-content\/uploads\/2025\/09\/eschael.png","datePublished":"2025-09-11T15:55:52+00:00","dateModified":"2025-09-11T16:02:03+00:00","breadcrumb":{"@id":"http:\/\/www.vitalibera.org\/community\/2025\/09\/11\/elektrischer-obst-gemueseschaeler\/#breadcrumb"},"inLanguage":"de","potentialAction":[{"@type":"ReadAction","target":["http:\/\/www.vitalibera.org\/community\/2025\/09\/11\/elektrischer-obst-gemueseschaeler\/"]}]},{"@type":"BreadcrumbList","@id":"http:\/\/www.vitalibera.org\/community\/2025\/09\/11\/elektrischer-obst-gemueseschaeler\/#breadcrumb","itemListElement":[{"@type":"ListItem","position":1,"name":"Startseite","item":"https:\/\/www.vitalibera.org\/community\/"},{"@type":"ListItem","position":2,"name":"Elektrischer Obst- &amp; Gem\u00fcsesch\u00e4ler"}]},{"@type":"WebSite","@id":"https:\/\/www.vitalibera.org\/community\/#website","url":"https:\/\/www.vitalibera.org\/community\/","name":"vitalibera.org","description":"Mit einer Einschr&auml;nkung gestaltet sich das Leben im Alltag oft schwieriger - hier berichten wir &uuml;ber unsere Erfahrungen und Hilfsmittel um den Alltag so unbeschwert und unkompliziert wie nur m&ouml;glich geniessen zu k&ouml;nnen. Dabei richten wir unseren Fokus gezielt auf Selbst&auml;ndigkeit, Eigenst&auml;ndigkeit und Selbstbestimmung.","publisher":{"@id":"https:\/\/www.vitalibera.org\/community\/#organization"},"potentialAction":[{"@type":"SearchAction","target":{"@type":"EntryPoint","urlTemplate":"https:\/\/www.vitalibera.org\/community\/?s={search_term_string}"},"query-input":{"@type":"PropertyValueSpecification","valueRequired":true,"valueName":"search_term_string"}}],"inLanguage":"de"},{"@type":"Organization","@id":"https:\/\/www.vitalibera.org\/community\/#organization","name":"vitalibera.org","url":"https:\/\/www.vitalibera.org\/community\/","logo":{"@type":"ImageObject","inLanguage":"de","@id":"https:\/\/www.vitalibera.org\/community\/#\/schema\/logo\/image\/","url":"https:\/\/www.vitalibera.org\/community\/wp-content\/uploads\/2025\/09\/cropped-banner.png","contentUrl":"https:\/\/www.vitalibera.org\/community\/wp-content\/uploads\/2025\/09\/cropped-banner.png","width":991,"height":150,"caption":"vitalibera.org"},"image":{"@id":"https:\/\/www.vitalibera.org\/community\/#\/schema\/logo\/image\/"},"sameAs":["https:\/\/www.facebook.com\/groups\/2997085857140235"]},{"@type":"Person","@id":"https:\/\/www.vitalibera.org\/community\/#\/schema\/person\/c535fa8d561f7f8ca425ced40d87e582","name":"admin","image":{"@type":"ImageObject","inLanguage":"de","@id":"https:\/\/secure.gravatar.com\/avatar\/ad516503a11cd5ca435acc9bb6523536?s=96","url":"https:\/\/secure.gravatar.com\/avatar\/ad516503a11cd5ca435acc9bb6523536?s=96","contentUrl":"https:\/\/secure.gravatar.com\/avatar\/ad516503a11cd5ca435acc9bb6523536?s=96","caption":"admin"},"description":"admin","sameAs":["http:\/\/www.vitalibera.org\/community"],"url":"https:\/\/www.vitalibera.org\/community\/author\/admin\/"}]}},"jetpack_featured_media_url":"https:\/\/www.vitalibera.org\/community\/wp-content\/uploads\/2025\/09\/eschael.png","jetpack_sharing_enabled":true,"jetpack-related-posts":[],"_links":{"self":[{"href":"https:\/\/www.vitalibera.org\/community\/wp-json\/wp\/v2\/posts\/1571","targetHints":{"allow":["GET"]}}],"collection":[{"href":"https:\/\/www.vitalibera.org\/community\/wp-json\/wp\/v2\/posts"}],"about":[{"href":"https:\/\/www.vitalibera.org\/community\/wp-json\/wp\/v2\/types\/post"}],"author":[{"embeddable":true,"href":"https:\/\/www.vitalibera.org\/community\/wp-json\/wp\/v2\/users\/1"}],"replies":[{"embeddable":true,"href":"https:\/\/www.vitalibera.org\/community\/wp-json\/wp\/v2\/comments?post=1571"}],"version-history":[{"count":0,"href":"https:\/\/www.vitalibera.org\/community\/wp-json\/wp\/v2\/posts\/1571\/revisions"}],"wp:featuredmedia":[{"embeddable":true,"href":"https:\/\/www.vitalibera.org\/community\/wp-json\/wp\/v2\/media\/1575"}],"wp:attachment":[{"href":"https:\/\/www.vitalibera.org\/community\/wp-json\/wp\/v2\/media?parent=1571"}],"wp:term":[{"taxonomy":"category","embeddable":true,"href":"https:\/\/www.vitalibera.org\/community\/wp-json\/wp\/v2\/categories?post=1571"},{"taxonomy":"post_tag","embeddable":true,"href":"https:\/\/www.vitalibera.org\/community\/wp-json\/wp\/v2\/tags?post=1571"}],"curies":[{"name":"wp","href":"https:\/\/api.w.org\/{rel}","templated":true}]}}