{"id":1739,"date":"2025-09-15T10:37:06","date_gmt":"2025-09-15T08:37:06","guid":{"rendered":"https:\/\/www.vitalibera.org\/community\/?p=1739"},"modified":"2025-09-15T10:43:05","modified_gmt":"2025-09-15T08:43:05","slug":"ein-schnupfen-haette-auch-gereicht","status":"publish","type":"post","link":"https:\/\/www.vitalibera.org\/community\/2025\/09\/15\/ein-schnupfen-haette-auch-gereicht\/","title":{"rendered":"Ein Schnupfen h\u00e4tte auch gereicht"},"content":{"rendered":"<div class=\"postie-post\">\n<div class=\"WordSection1\">\n<p class=\"MsoNormal\" style=\"background: white;\"><b><span style=\"font-size: 12.0pt;\">Ein Schnupfen h&auml;tte auch gereicht<\/span><\/b><span style=\"font-size: 12.0pt;\">&nbsp;ist eine deutsche&nbsp;Tragikom&ouml;die, die am 14. April 2017 auf&nbsp;RTL Television&nbsp;Erstausgestrahlt wurde. Der auf der gleichnamigen&nbsp;Autobiografie&nbsp;basierende&nbsp;Fernsehfilm&nbsp;erz&auml;hlt die Geschichte der durch einen&nbsp;<a href=\"https:\/\/www.vitalibera.org\/community\/enzyklopaedie\/schlaganfall\/\" target=\"_self\" title=\"Ein Schlaganfall, auch Hirnschlag oder Apoplex genannt, ist eine&nbsp;pl&ouml;tzlich auftretende Durchblutungsst&ouml;rung im Gehirn, die dazu f&uuml;hrt, dass Gehirnzellen nicht mehr ausreichend mit Sauerstoff und N&auml;hrstoffen versorgt werden.&nbsp;Dies kann zu bleibenden Sch&auml;den oder sogar zum Absterben von Hirnzellen f&uuml;hren, wenn die Durchblutung nicht schnell wiederhergestellt wird.&nbsp; Einfach erkl&auml;rt: Stellen Sie sich vor, ein Teil Ihres Gehirns&hellip;\" class=\"encyclopedia\">Schlaganfall<\/a>&nbsp;halbseitig gel&auml;hmten deutschen Fernsehdarstellerin und&nbsp;Komikerin&nbsp;Gaby K&ouml;ster.<\/span><\/p>\n<p class=\"MsoNormal\" style=\"background: white;\"><span style=\"font-size: 12.0pt;\">&nbsp;<\/span><b><span lang=\"DE\" style=\"font-size: 10.0pt;\">Handlung<\/span><\/b><\/p>\n<p class=\"MsoNormal\" style=\"mso-margin-bottom-alt: auto; background: white;\"><span lang=\"DE\" style=\"font-size: 12.0pt;\">K&ouml;ster genie&szlig;t es, gemeinsam mit Prominenten wie G&uuml;nther Jauch, Mario Barth, Rudi Carrell, Mike Kr&uuml;ger oder Ingolf L&uuml;ck auf der B&uuml;hne zu stehen, und spielt ihre Rolle mit Eifer. Dann erleidet sie jedoch einen <a href=\"https:\/\/www.vitalibera.org\/community\/enzyklopaedie\/schlaganfall\/\" target=\"_self\" title=\"Ein Schlaganfall, auch Hirnschlag oder Apoplex genannt, ist eine&nbsp;pl&ouml;tzlich auftretende Durchblutungsst&ouml;rung im Gehirn, die dazu f&uuml;hrt, dass Gehirnzellen nicht mehr ausreichend mit Sauerstoff und N&auml;hrstoffen versorgt werden.&nbsp;Dies kann zu bleibenden Sch&auml;den oder sogar zum Absterben von Hirnzellen f&uuml;hren, wenn die Durchblutung nicht schnell wiederhergestellt wird.&nbsp; Einfach erkl&auml;rt: Stellen Sie sich vor, ein Teil Ihres Gehirns&hellip;\" class=\"encyclopedia\">Schlaganfall<\/a>. Sie wird im Krankenhaus unter dem Decknamen &bdquo;Frau Peters&ldquo; gef&uuml;hrt, um sie von Paparazzi abzuschirmen. Ebenso wird ihr weiterer Weg zur Genesung geschildert, der zum Ziel hat, sie zur&uuml;ck ins Rampenlicht zu bringen. Die weitere Handlung beschreibt ihren m&uuml;hevollen Weg zur&uuml;ck ins B&uuml;hnenleben, auf dem sie viele H&ouml;hen und Tiefen erlebt.<\/span><\/p>\n<p>Buch&nbsp;zum Film : ISBN 978-3-596-18684-6<\/p>\n<p class=\"MsoNormal\" style=\"mso-margin-bottom-alt: auto; background: white;\"><span lang=\"DE\" style=\"font-size: 12.0pt;\"><img fetchpriority=\"high\" decoding=\"async\" id=\"Grafik_x0020_1\" style=\"width: 3.9583in; height: 6.1562in;\" src=\"https:\/\/www.vitalibera.org\/community\/wp-content\/uploads\/2025\/09\/image001-40.png\" alt=\"https:\/\/vitalibera.org\/portal2\/images\/scnupfen.png\" width=\"380\" height=\"591\"><\/span><\/p>\n<p class=\"MsoNormal\" style=\"mso-margin-bottom-alt: auto; background: white;\"><span lang=\"DE\" style=\"font-size: 12.0pt;\">&nbsp;<\/span><\/p>\n<p class=\"MsoNormal\">\n<\/p><\/div>\n<\/div>\n","protected":false},"excerpt":{"rendered":"<p>Ein Schnupfen h\u00e4tte auch gereicht\u00a0ist eine deutsche\u00a0Tragikom\u00f6die, die am 14. April 2017 auf\u00a0RTL Television\u00a0Erstausgestrahlt wurde. Der auf der gleichnamigen\u00a0Autobiografie\u00a0basierende\u00a0Fernsehfilm\u00a0erz\u00e4hlt die Geschichte der durch einen\u00a0Schlaganfall\u00a0halbseitig gel\u00e4hmten deutschen Fernsehdarstellerin und\u00a0Komikerin\u00a0Gaby K\u00f6ster. \u00a0Handlung K\u00f6ster genie\u00dft es, gemeinsam mit Prominenten wie G\u00fcnther Jauch, Mario Barth, Rudi Carrell, Mike Kr\u00fcger oder Ingolf L\u00fcck auf der B\u00fchne zu stehen, und spielt &#8230; <a title=\"Ein Schnupfen h\u00e4tte auch gereicht\" class=\"read-more\" href=\"https:\/\/www.vitalibera.org\/community\/2025\/09\/15\/ein-schnupfen-haette-auch-gereicht\/\" aria-label=\"Mehr Informationen \u00fcber Ein Schnupfen h\u00e4tte auch gereicht\">Weiterlesen<\/a><\/p>\n","protected":false},"author":1,"featured_media":1740,"comment_status":"open","ping_status":"open","sticky":false,"template":"","format":"standard","meta":{"cybocfi_hide_featured_image":"yes","_jetpack_memberships_contains_paid_content":false,"footnotes":""},"categories":[205],"tags":[],"class_list":["post-1739","post","type-post","status-publish","format-standard","has-post-thumbnail","hentry","category-publikationen"],"yoast_head":"<!-- This site is optimized with the Yoast SEO plugin v27.4 - https:\/\/yoast.com\/product\/yoast-seo-wordpress\/ -->\r\n<title>Ein Schnupfen h\u00e4tte auch gereicht - vitalibera.org<\/title>\r\n<meta name=\"robots\" content=\"index, follow, max-snippet:-1, max-image-preview:large, max-video-preview:-1\" \/>\r\n<link rel=\"canonical\" href=\"http:\/\/www.vitalibera.org\/community\/2025\/09\/15\/ein-schnupfen-haette-auch-gereicht\/\" \/>\r\n<meta property=\"og:locale\" content=\"de_DE\" \/>\r\n<meta property=\"og:type\" content=\"article\" \/>\r\n<meta property=\"og:title\" content=\"Ein Schnupfen h\u00e4tte auch gereicht - vitalibera.org\" \/>\r\n<meta property=\"og:description\" content=\"Ein Schnupfen h\u00e4tte auch gereicht\u00a0ist eine deutsche\u00a0Tragikom\u00f6die, die am 14. April 2017 auf\u00a0RTL Television\u00a0Erstausgestrahlt wurde. Der auf der gleichnamigen\u00a0Autobiografie\u00a0basierende\u00a0Fernsehfilm\u00a0erz\u00e4hlt die Geschichte der durch einen\u00a0Schlaganfall\u00a0halbseitig gel\u00e4hmten deutschen Fernsehdarstellerin und\u00a0Komikerin\u00a0Gaby K\u00f6ster. \u00a0Handlung K\u00f6ster genie\u00dft es, gemeinsam mit Prominenten wie G\u00fcnther Jauch, Mario Barth, Rudi Carrell, Mike Kr\u00fcger oder Ingolf L\u00fcck auf der B\u00fchne zu stehen, und spielt ... Weiterlesen\" \/>\r\n<meta property=\"og:url\" content=\"http:\/\/www.vitalibera.org\/community\/2025\/09\/15\/ein-schnupfen-haette-auch-gereicht\/\" \/>\r\n<meta property=\"og:site_name\" content=\"vitalibera.org\" \/>\r\n<meta property=\"article:publisher\" content=\"https:\/\/www.facebook.com\/groups\/2997085857140235\" \/>\r\n<meta property=\"article:published_time\" content=\"2025-09-15T08:37:06+00:00\" \/>\r\n<meta property=\"article:modified_time\" content=\"2025-09-15T08:43:05+00:00\" \/>\r\n<meta property=\"og:image\" content=\"http:\/\/www.vitalibera.org\/community\/wp-content\/uploads\/2025\/09\/image001-40.png\" \/>\r\n\t<meta property=\"og:image:width\" content=\"380\" \/>\r\n\t<meta property=\"og:image:height\" content=\"591\" \/>\r\n\t<meta property=\"og:image:type\" content=\"image\/png\" \/>\r\n<meta name=\"author\" content=\"admin\" \/>\r\n<meta name=\"twitter:card\" content=\"summary_large_image\" \/>\r\n<meta name=\"twitter:label1\" content=\"Verfasst von\" \/>\n\t<meta name=\"twitter:data1\" content=\"admin\" \/>\n\t<meta name=\"twitter:label2\" content=\"Gesch\u00e4tzte Lesezeit\" \/>\n\t<meta name=\"twitter:data2\" content=\"2\u00a0Minuten\" \/>\r\n<script type=\"application\/ld+json\" class=\"yoast-schema-graph\">{\"@context\":\"https:\\\/\\\/schema.org\",\"@graph\":[{\"@type\":\"Article\",\"@id\":\"http:\\\/\\\/www.vitalibera.org\\\/community\\\/2025\\\/09\\\/15\\\/ein-schnupfen-haette-auch-gereicht\\\/#article\",\"isPartOf\":{\"@id\":\"http:\\\/\\\/www.vitalibera.org\\\/community\\\/2025\\\/09\\\/15\\\/ein-schnupfen-haette-auch-gereicht\\\/\"},\"author\":{\"name\":\"admin\",\"@id\":\"https:\\\/\\\/www.vitalibera.org\\\/community\\\/#\\\/schema\\\/person\\\/c535fa8d561f7f8ca425ced40d87e582\"},\"headline\":\"Ein Schnupfen h\u00e4tte auch gereicht\",\"datePublished\":\"2025-09-15T08:37:06+00:00\",\"dateModified\":\"2025-09-15T08:43:05+00:00\",\"mainEntityOfPage\":{\"@id\":\"http:\\\/\\\/www.vitalibera.org\\\/community\\\/2025\\\/09\\\/15\\\/ein-schnupfen-haette-auch-gereicht\\\/\"},\"wordCount\":157,\"commentCount\":0,\"publisher\":{\"@id\":\"https:\\\/\\\/www.vitalibera.org\\\/community\\\/#organization\"},\"image\":{\"@id\":\"http:\\\/\\\/www.vitalibera.org\\\/community\\\/2025\\\/09\\\/15\\\/ein-schnupfen-haette-auch-gereicht\\\/#primaryimage\"},\"thumbnailUrl\":\"https:\\\/\\\/www.vitalibera.org\\\/community\\\/wp-content\\\/uploads\\\/2025\\\/09\\\/image001-40.png\",\"articleSection\":[\"Publikationen\"],\"inLanguage\":\"de\",\"potentialAction\":[{\"@type\":\"CommentAction\",\"name\":\"Comment\",\"target\":[\"http:\\\/\\\/www.vitalibera.org\\\/community\\\/2025\\\/09\\\/15\\\/ein-schnupfen-haette-auch-gereicht\\\/#respond\"]}]},{\"@type\":\"WebPage\",\"@id\":\"http:\\\/\\\/www.vitalibera.org\\\/community\\\/2025\\\/09\\\/15\\\/ein-schnupfen-haette-auch-gereicht\\\/\",\"url\":\"http:\\\/\\\/www.vitalibera.org\\\/community\\\/2025\\\/09\\\/15\\\/ein-schnupfen-haette-auch-gereicht\\\/\",\"name\":\"Ein Schnupfen h\u00e4tte auch gereicht - vitalibera.org\",\"isPartOf\":{\"@id\":\"https:\\\/\\\/www.vitalibera.org\\\/community\\\/#website\"},\"primaryImageOfPage\":{\"@id\":\"http:\\\/\\\/www.vitalibera.org\\\/community\\\/2025\\\/09\\\/15\\\/ein-schnupfen-haette-auch-gereicht\\\/#primaryimage\"},\"image\":{\"@id\":\"http:\\\/\\\/www.vitalibera.org\\\/community\\\/2025\\\/09\\\/15\\\/ein-schnupfen-haette-auch-gereicht\\\/#primaryimage\"},\"thumbnailUrl\":\"https:\\\/\\\/www.vitalibera.org\\\/community\\\/wp-content\\\/uploads\\\/2025\\\/09\\\/image001-40.png\",\"datePublished\":\"2025-09-15T08:37:06+00:00\",\"dateModified\":\"2025-09-15T08:43:05+00:00\",\"breadcrumb\":{\"@id\":\"http:\\\/\\\/www.vitalibera.org\\\/community\\\/2025\\\/09\\\/15\\\/ein-schnupfen-haette-auch-gereicht\\\/#breadcrumb\"},\"inLanguage\":\"de\",\"potentialAction\":[{\"@type\":\"ReadAction\",\"target\":[\"http:\\\/\\\/www.vitalibera.org\\\/community\\\/2025\\\/09\\\/15\\\/ein-schnupfen-haette-auch-gereicht\\\/\"]}]},{\"@type\":\"BreadcrumbList\",\"@id\":\"http:\\\/\\\/www.vitalibera.org\\\/community\\\/2025\\\/09\\\/15\\\/ein-schnupfen-haette-auch-gereicht\\\/#breadcrumb\",\"itemListElement\":[{\"@type\":\"ListItem\",\"position\":1,\"name\":\"Startseite\",\"item\":\"https:\\\/\\\/www.vitalibera.org\\\/community\\\/\"},{\"@type\":\"ListItem\",\"position\":2,\"name\":\"Ein Schnupfen h\u00e4tte auch gereicht\"}]},{\"@type\":\"WebSite\",\"@id\":\"https:\\\/\\\/www.vitalibera.org\\\/community\\\/#website\",\"url\":\"https:\\\/\\\/www.vitalibera.org\\\/community\\\/\",\"name\":\"vitalibera.org\",\"description\":\"Mit einer Einschr&auml;nkung gestaltet sich das Leben im Alltag oft schwieriger - hier berichten wir &uuml;ber unsere Erfahrungen und Hilfsmittel um den Alltag so unbeschwert und unkompliziert wie nur m&ouml;glich geniessen zu k&ouml;nnen. Dabei richten wir unseren Fokus gezielt auf Selbst&auml;ndigkeit, Eigenst&auml;ndigkeit und Selbstbestimmung.\",\"publisher\":{\"@id\":\"https:\\\/\\\/www.vitalibera.org\\\/community\\\/#organization\"},\"potentialAction\":[{\"@type\":\"SearchAction\",\"target\":{\"@type\":\"EntryPoint\",\"urlTemplate\":\"https:\\\/\\\/www.vitalibera.org\\\/community\\\/?s={search_term_string}\"},\"query-input\":{\"@type\":\"PropertyValueSpecification\",\"valueRequired\":true,\"valueName\":\"search_term_string\"}}],\"inLanguage\":\"de\"},{\"@type\":\"Organization\",\"@id\":\"https:\\\/\\\/www.vitalibera.org\\\/community\\\/#organization\",\"name\":\"vitalibera.org\",\"url\":\"https:\\\/\\\/www.vitalibera.org\\\/community\\\/\",\"logo\":{\"@type\":\"ImageObject\",\"inLanguage\":\"de\",\"@id\":\"https:\\\/\\\/www.vitalibera.org\\\/community\\\/#\\\/schema\\\/logo\\\/image\\\/\",\"url\":\"https:\\\/\\\/www.vitalibera.org\\\/community\\\/wp-content\\\/uploads\\\/2025\\\/09\\\/cropped-banner.png\",\"contentUrl\":\"https:\\\/\\\/www.vitalibera.org\\\/community\\\/wp-content\\\/uploads\\\/2025\\\/09\\\/cropped-banner.png\",\"width\":991,\"height\":150,\"caption\":\"vitalibera.org\"},\"image\":{\"@id\":\"https:\\\/\\\/www.vitalibera.org\\\/community\\\/#\\\/schema\\\/logo\\\/image\\\/\"},\"sameAs\":[\"https:\\\/\\\/www.facebook.com\\\/groups\\\/2997085857140235\"]},{\"@type\":\"Person\",\"@id\":\"https:\\\/\\\/www.vitalibera.org\\\/community\\\/#\\\/schema\\\/person\\\/c535fa8d561f7f8ca425ced40d87e582\",\"name\":\"admin\",\"image\":{\"@type\":\"ImageObject\",\"inLanguage\":\"de\",\"@id\":\"https:\\\/\\\/secure.gravatar.com\\\/avatar\\\/ad516503a11cd5ca435acc9bb6523536?s=96\",\"url\":\"https:\\\/\\\/secure.gravatar.com\\\/avatar\\\/ad516503a11cd5ca435acc9bb6523536?s=96\",\"contentUrl\":\"https:\\\/\\\/secure.gravatar.com\\\/avatar\\\/ad516503a11cd5ca435acc9bb6523536?s=96\",\"caption\":\"admin\"},\"description\":\"admin\",\"sameAs\":[\"http:\\\/\\\/www.vitalibera.org\\\/community\"],\"url\":\"https:\\\/\\\/www.vitalibera.org\\\/community\\\/author\\\/admin\\\/\"}]}<\/script>\r\n<!-- \/ Yoast SEO plugin. -->","yoast_head_json":{"title":"Ein Schnupfen h\u00e4tte auch gereicht - vitalibera.org","robots":{"index":"index","follow":"follow","max-snippet":"max-snippet:-1","max-image-preview":"max-image-preview:large","max-video-preview":"max-video-preview:-1"},"canonical":"http:\/\/www.vitalibera.org\/community\/2025\/09\/15\/ein-schnupfen-haette-auch-gereicht\/","og_locale":"de_DE","og_type":"article","og_title":"Ein Schnupfen h\u00e4tte auch gereicht - vitalibera.org","og_description":"Ein Schnupfen h\u00e4tte auch gereicht\u00a0ist eine deutsche\u00a0Tragikom\u00f6die, die am 14. April 2017 auf\u00a0RTL Television\u00a0Erstausgestrahlt wurde. Der auf der gleichnamigen\u00a0Autobiografie\u00a0basierende\u00a0Fernsehfilm\u00a0erz\u00e4hlt die Geschichte der durch einen\u00a0Schlaganfall\u00a0halbseitig gel\u00e4hmten deutschen Fernsehdarstellerin und\u00a0Komikerin\u00a0Gaby K\u00f6ster. \u00a0Handlung K\u00f6ster genie\u00dft es, gemeinsam mit Prominenten wie G\u00fcnther Jauch, Mario Barth, Rudi Carrell, Mike Kr\u00fcger oder Ingolf L\u00fcck auf der B\u00fchne zu stehen, und spielt ... Weiterlesen","og_url":"http:\/\/www.vitalibera.org\/community\/2025\/09\/15\/ein-schnupfen-haette-auch-gereicht\/","og_site_name":"vitalibera.org","article_publisher":"https:\/\/www.facebook.com\/groups\/2997085857140235","article_published_time":"2025-09-15T08:37:06+00:00","article_modified_time":"2025-09-15T08:43:05+00:00","og_image":[{"width":380,"height":591,"url":"http:\/\/www.vitalibera.org\/community\/wp-content\/uploads\/2025\/09\/image001-40.png","type":"image\/png"}],"author":"admin","twitter_card":"summary_large_image","twitter_misc":{"Verfasst von":"admin","Gesch\u00e4tzte Lesezeit":"2\u00a0Minuten"},"schema":{"@context":"https:\/\/schema.org","@graph":[{"@type":"Article","@id":"http:\/\/www.vitalibera.org\/community\/2025\/09\/15\/ein-schnupfen-haette-auch-gereicht\/#article","isPartOf":{"@id":"http:\/\/www.vitalibera.org\/community\/2025\/09\/15\/ein-schnupfen-haette-auch-gereicht\/"},"author":{"name":"admin","@id":"https:\/\/www.vitalibera.org\/community\/#\/schema\/person\/c535fa8d561f7f8ca425ced40d87e582"},"headline":"Ein Schnupfen h\u00e4tte auch gereicht","datePublished":"2025-09-15T08:37:06+00:00","dateModified":"2025-09-15T08:43:05+00:00","mainEntityOfPage":{"@id":"http:\/\/www.vitalibera.org\/community\/2025\/09\/15\/ein-schnupfen-haette-auch-gereicht\/"},"wordCount":157,"commentCount":0,"publisher":{"@id":"https:\/\/www.vitalibera.org\/community\/#organization"},"image":{"@id":"http:\/\/www.vitalibera.org\/community\/2025\/09\/15\/ein-schnupfen-haette-auch-gereicht\/#primaryimage"},"thumbnailUrl":"https:\/\/www.vitalibera.org\/community\/wp-content\/uploads\/2025\/09\/image001-40.png","articleSection":["Publikationen"],"inLanguage":"de","potentialAction":[{"@type":"CommentAction","name":"Comment","target":["http:\/\/www.vitalibera.org\/community\/2025\/09\/15\/ein-schnupfen-haette-auch-gereicht\/#respond"]}]},{"@type":"WebPage","@id":"http:\/\/www.vitalibera.org\/community\/2025\/09\/15\/ein-schnupfen-haette-auch-gereicht\/","url":"http:\/\/www.vitalibera.org\/community\/2025\/09\/15\/ein-schnupfen-haette-auch-gereicht\/","name":"Ein Schnupfen h\u00e4tte auch gereicht - vitalibera.org","isPartOf":{"@id":"https:\/\/www.vitalibera.org\/community\/#website"},"primaryImageOfPage":{"@id":"http:\/\/www.vitalibera.org\/community\/2025\/09\/15\/ein-schnupfen-haette-auch-gereicht\/#primaryimage"},"image":{"@id":"http:\/\/www.vitalibera.org\/community\/2025\/09\/15\/ein-schnupfen-haette-auch-gereicht\/#primaryimage"},"thumbnailUrl":"https:\/\/www.vitalibera.org\/community\/wp-content\/uploads\/2025\/09\/image001-40.png","datePublished":"2025-09-15T08:37:06+00:00","dateModified":"2025-09-15T08:43:05+00:00","breadcrumb":{"@id":"http:\/\/www.vitalibera.org\/community\/2025\/09\/15\/ein-schnupfen-haette-auch-gereicht\/#breadcrumb"},"inLanguage":"de","potentialAction":[{"@type":"ReadAction","target":["http:\/\/www.vitalibera.org\/community\/2025\/09\/15\/ein-schnupfen-haette-auch-gereicht\/"]}]},{"@type":"BreadcrumbList","@id":"http:\/\/www.vitalibera.org\/community\/2025\/09\/15\/ein-schnupfen-haette-auch-gereicht\/#breadcrumb","itemListElement":[{"@type":"ListItem","position":1,"name":"Startseite","item":"https:\/\/www.vitalibera.org\/community\/"},{"@type":"ListItem","position":2,"name":"Ein Schnupfen h\u00e4tte auch gereicht"}]},{"@type":"WebSite","@id":"https:\/\/www.vitalibera.org\/community\/#website","url":"https:\/\/www.vitalibera.org\/community\/","name":"vitalibera.org","description":"Mit einer Einschr&auml;nkung gestaltet sich das Leben im Alltag oft schwieriger - hier berichten wir &uuml;ber unsere Erfahrungen und Hilfsmittel um den Alltag so unbeschwert und unkompliziert wie nur m&ouml;glich geniessen zu k&ouml;nnen. Dabei richten wir unseren Fokus gezielt auf Selbst&auml;ndigkeit, Eigenst&auml;ndigkeit und Selbstbestimmung.","publisher":{"@id":"https:\/\/www.vitalibera.org\/community\/#organization"},"potentialAction":[{"@type":"SearchAction","target":{"@type":"EntryPoint","urlTemplate":"https:\/\/www.vitalibera.org\/community\/?s={search_term_string}"},"query-input":{"@type":"PropertyValueSpecification","valueRequired":true,"valueName":"search_term_string"}}],"inLanguage":"de"},{"@type":"Organization","@id":"https:\/\/www.vitalibera.org\/community\/#organization","name":"vitalibera.org","url":"https:\/\/www.vitalibera.org\/community\/","logo":{"@type":"ImageObject","inLanguage":"de","@id":"https:\/\/www.vitalibera.org\/community\/#\/schema\/logo\/image\/","url":"https:\/\/www.vitalibera.org\/community\/wp-content\/uploads\/2025\/09\/cropped-banner.png","contentUrl":"https:\/\/www.vitalibera.org\/community\/wp-content\/uploads\/2025\/09\/cropped-banner.png","width":991,"height":150,"caption":"vitalibera.org"},"image":{"@id":"https:\/\/www.vitalibera.org\/community\/#\/schema\/logo\/image\/"},"sameAs":["https:\/\/www.facebook.com\/groups\/2997085857140235"]},{"@type":"Person","@id":"https:\/\/www.vitalibera.org\/community\/#\/schema\/person\/c535fa8d561f7f8ca425ced40d87e582","name":"admin","image":{"@type":"ImageObject","inLanguage":"de","@id":"https:\/\/secure.gravatar.com\/avatar\/ad516503a11cd5ca435acc9bb6523536?s=96","url":"https:\/\/secure.gravatar.com\/avatar\/ad516503a11cd5ca435acc9bb6523536?s=96","contentUrl":"https:\/\/secure.gravatar.com\/avatar\/ad516503a11cd5ca435acc9bb6523536?s=96","caption":"admin"},"description":"admin","sameAs":["http:\/\/www.vitalibera.org\/community"],"url":"https:\/\/www.vitalibera.org\/community\/author\/admin\/"}]}},"jetpack_featured_media_url":"https:\/\/www.vitalibera.org\/community\/wp-content\/uploads\/2025\/09\/image001-40.png","jetpack_sharing_enabled":true,"jetpack-related-posts":[],"_links":{"self":[{"href":"https:\/\/www.vitalibera.org\/community\/wp-json\/wp\/v2\/posts\/1739","targetHints":{"allow":["GET"]}}],"collection":[{"href":"https:\/\/www.vitalibera.org\/community\/wp-json\/wp\/v2\/posts"}],"about":[{"href":"https:\/\/www.vitalibera.org\/community\/wp-json\/wp\/v2\/types\/post"}],"author":[{"embeddable":true,"href":"https:\/\/www.vitalibera.org\/community\/wp-json\/wp\/v2\/users\/1"}],"replies":[{"embeddable":true,"href":"https:\/\/www.vitalibera.org\/community\/wp-json\/wp\/v2\/comments?post=1739"}],"version-history":[{"count":0,"href":"https:\/\/www.vitalibera.org\/community\/wp-json\/wp\/v2\/posts\/1739\/revisions"}],"wp:featuredmedia":[{"embeddable":true,"href":"https:\/\/www.vitalibera.org\/community\/wp-json\/wp\/v2\/media\/1740"}],"wp:attachment":[{"href":"https:\/\/www.vitalibera.org\/community\/wp-json\/wp\/v2\/media?parent=1739"}],"wp:term":[{"taxonomy":"category","embeddable":true,"href":"https:\/\/www.vitalibera.org\/community\/wp-json\/wp\/v2\/categories?post=1739"},{"taxonomy":"post_tag","embeddable":true,"href":"https:\/\/www.vitalibera.org\/community\/wp-json\/wp\/v2\/tags?post=1739"}],"curies":[{"name":"wp","href":"https:\/\/api.w.org\/{rel}","templated":true}]}}