{"id":1878,"date":"2025-09-16T15:46:29","date_gmt":"2025-09-16T13:46:29","guid":{"rendered":"https:\/\/www.vitalibera.org\/community\/?p=1878"},"modified":"2025-09-16T16:00:56","modified_gmt":"2025-09-16T14:00:56","slug":"1878","status":"publish","type":"post","link":"https:\/\/www.vitalibera.org\/community\/2025\/09\/16\/1878\/","title":{"rendered":"Selbstverteidigung und Selbstbehauptung im Rollstuhl"},"content":{"rendered":"\n<p>Ein Angriff, ein &Uuml;bergriff, ein &Uuml;berfall: Diese unerwarteten Attacken sind Horrorszenarien f&uuml;r uns alle. Oft sind Opfer im &Uuml;berraschungsmoment nicht f&auml;hig, sich wirkungsvoll zu wehren. Das muss nicht sein! Wer diese Ausnahmesituationen in gezielten &Uuml;bungen durchspielt und entsprechende Techniken einstudiert, kann Angriffe im Idealfall verhindern, deeskalieren oder schl&auml;gt die (&uuml;berraschten) Angreifer in die Flucht &ndash; auch als vermeintlich &laquo;leichtes Opfer&raquo;.<\/p>\n\n\n\n<h2 class=\"wp-block-heading\">Raus aus der Opferrolle!<\/h2>\n\n\n\n<p>Gewusst? T&auml;ter\/-innen suchen ihre Opfer meist anhand der K&ouml;rpersprache aus. Deshalb starten wir mit einigen Grundregeln:<\/p>\n\n\n\n<ul class=\"wp-block-list\">\n<li>Selbstbewusstes Auftreten: selbstsichere K&ouml;rperhaltung, Gestik und Mimik<\/li>\n\n\n\n<li>Blickkontakt halten<\/li>\n\n\n\n<li>Laute und deutliche Ansagen oder schreien<\/li>\n\n\n\n<li>Ansprechen von Passanten in der N&auml;he<\/li>\n\n\n\n<li>Bereitschaft zur Gegenwehr<\/li>\n\n\n\n<li>Ein gutes &laquo;Bauchgef&uuml;hl&raquo;, Situationen richtig einzusch&auml;tzen<\/li>\n\n\n\n<li>Im schlimmsten Fall: Anwenden der erlernten Selbstverteidigungstechniken<\/li>\n<\/ul>\n\n\n\n<p class=\"has-contrast-3-color has-text-color has-link-color wp-elements-c2e051195264dba9bedbc5e753a9626a\"><em>&laquo;Der kl&uuml;gste Krieger ist der, der niemals k&auml;mpfen muss.&raquo;<\/em> Sun Tzu, 544 v. Chr.<\/p>\n\n\n\n<p>Auch Menschen mit Beeintr&auml;chtigungen k&ouml;nnen sich wirkungsvolle Techniken aneignen, um sich bei Bedarf selbst zu verteidigen &ndash; auch gegen k&ouml;rperlich st&auml;rkere Gegner. Wie unterschieden sich die unterschiedlichen Disziplinen?<\/p>\n\n\n\n<p>W&auml;hrend der&nbsp;<strong>Kampfsport<\/strong>&nbsp;(z. B.&nbsp;Rollstuhlboxen) eine wettkampfm&auml;ssige Auseinandersetzung mit anderen Sportlerinnen und Sportlern ist, steht bei der&nbsp;<strong>Kampfkunst<\/strong>&nbsp;(z. B.&nbsp;Tai-Chi) die Perfektion der Bewegung im Vordergrund. Dies f&ouml;rdert die Pers&ouml;nlichkeit, die Selbstbeherrschung und die Konzentration.<\/p>\n\n\n\n<p>Die Techniken aus Kampfsport und Kampfkunst dienen als Grundlage f&uuml;r die&nbsp;<strong>Selbstverteidigung<\/strong>: Hier geht es ums Erlernen von praktischen Methoden zur Verteidigung von Leib und Leben, die gleichzeitig zu mehr Sicherheit und somit mehr Lebensqualit&auml;t verhelfen.<\/p>\n\n\n\n<p><a href=\"https:\/\/community.paraplegie.ch\/de\/blog\/reisen-freizeit\/selbstverteidigung-und-selbstbehauptung-im-rollstuhl\">Selbstverteidigung und Selbstbehauptung im Rollstuhl (<strong>Paraplegiker-<\/strong>Stiftung)<\/a><\/p>\n\n\n\n<p><\/p>\n","protected":false},"excerpt":{"rendered":"<p>Ein Angriff, ein \u00dcbergriff, ein \u00dcberfall: Diese unerwarteten Attacken sind Horrorszenarien f\u00fcr uns alle. Oft sind Opfer im \u00dcberraschungsmoment nicht f\u00e4hig, sich wirkungsvoll zu wehren. Das muss nicht sein! Wer diese Ausnahmesituationen in gezielten \u00dcbungen durchspielt und entsprechende Techniken einstudiert, kann Angriffe im Idealfall verhindern, deeskalieren oder schl\u00e4gt die (\u00fcberraschten) Angreifer in die Flucht \u2013 &#8230; <a title=\"Selbstverteidigung und Selbstbehauptung im Rollstuhl\" class=\"read-more\" href=\"https:\/\/www.vitalibera.org\/community\/2025\/09\/16\/1878\/\" aria-label=\"Mehr Informationen \u00fcber Selbstverteidigung und Selbstbehauptung im Rollstuhl\">Weiterlesen<\/a><\/p>\n","protected":false},"author":1,"featured_media":1887,"comment_status":"open","ping_status":"open","sticky":false,"template":"","format":"standard","meta":{"cybocfi_hide_featured_image":"yes","_jetpack_memberships_contains_paid_content":false,"footnotes":""},"categories":[206],"tags":[],"class_list":["post-1878","post","type-post","status-publish","format-standard","has-post-thumbnail","hentry","category-selbstschutz"],"yoast_head":"<!-- This site is optimized with the Yoast SEO plugin v27.4 - https:\/\/yoast.com\/product\/yoast-seo-wordpress\/ -->\r\n<title>Selbstverteidigung und Selbstbehauptung im Rollstuhl - vitalibera.org<\/title>\r\n<meta name=\"robots\" content=\"index, follow, max-snippet:-1, max-image-preview:large, max-video-preview:-1\" \/>\r\n<link rel=\"canonical\" href=\"http:\/\/www.vitalibera.org\/community\/2025\/09\/16\/1878\/\" \/>\r\n<meta property=\"og:locale\" content=\"de_DE\" \/>\r\n<meta property=\"og:type\" content=\"article\" \/>\r\n<meta property=\"og:title\" content=\"Selbstverteidigung und Selbstbehauptung im Rollstuhl - vitalibera.org\" \/>\r\n<meta property=\"og:description\" content=\"Ein Angriff, ein \u00dcbergriff, ein \u00dcberfall: Diese unerwarteten Attacken sind Horrorszenarien f\u00fcr uns alle. Oft sind Opfer im \u00dcberraschungsmoment nicht f\u00e4hig, sich wirkungsvoll zu wehren. Das muss nicht sein! Wer diese Ausnahmesituationen in gezielten \u00dcbungen durchspielt und entsprechende Techniken einstudiert, kann Angriffe im Idealfall verhindern, deeskalieren oder schl\u00e4gt die (\u00fcberraschten) Angreifer in die Flucht \u2013 ... Weiterlesen\" \/>\r\n<meta property=\"og:url\" content=\"http:\/\/www.vitalibera.org\/community\/2025\/09\/16\/1878\/\" \/>\r\n<meta property=\"og:site_name\" content=\"vitalibera.org\" \/>\r\n<meta property=\"article:publisher\" content=\"https:\/\/www.facebook.com\/groups\/2997085857140235\" \/>\r\n<meta property=\"article:published_time\" content=\"2025-09-16T13:46:29+00:00\" \/>\r\n<meta property=\"article:modified_time\" content=\"2025-09-16T14:00:56+00:00\" \/>\r\n<meta property=\"og:image\" content=\"http:\/\/www.vitalibera.org\/community\/wp-content\/uploads\/2025\/09\/faust.jpg\" \/>\r\n\t<meta property=\"og:image:width\" content=\"225\" \/>\r\n\t<meta property=\"og:image:height\" content=\"225\" \/>\r\n\t<meta property=\"og:image:type\" content=\"image\/jpeg\" \/>\r\n<meta name=\"author\" content=\"admin\" \/>\r\n<meta name=\"twitter:card\" content=\"summary_large_image\" \/>\r\n<meta name=\"twitter:label1\" content=\"Verfasst von\" \/>\n\t<meta name=\"twitter:data1\" content=\"admin\" \/>\n\t<meta name=\"twitter:label2\" content=\"Gesch\u00e4tzte Lesezeit\" \/>\n\t<meta name=\"twitter:data2\" content=\"2\u00a0Minuten\" \/>\r\n<script type=\"application\/ld+json\" class=\"yoast-schema-graph\">{\"@context\":\"https:\\\/\\\/schema.org\",\"@graph\":[{\"@type\":\"Article\",\"@id\":\"http:\\\/\\\/www.vitalibera.org\\\/community\\\/2025\\\/09\\\/16\\\/1878\\\/#article\",\"isPartOf\":{\"@id\":\"http:\\\/\\\/www.vitalibera.org\\\/community\\\/2025\\\/09\\\/16\\\/1878\\\/\"},\"author\":{\"name\":\"admin\",\"@id\":\"https:\\\/\\\/www.vitalibera.org\\\/community\\\/#\\\/schema\\\/person\\\/c535fa8d561f7f8ca425ced40d87e582\"},\"headline\":\"Selbstverteidigung und Selbstbehauptung im Rollstuhl\",\"datePublished\":\"2025-09-16T13:46:29+00:00\",\"dateModified\":\"2025-09-16T14:00:56+00:00\",\"mainEntityOfPage\":{\"@id\":\"http:\\\/\\\/www.vitalibera.org\\\/community\\\/2025\\\/09\\\/16\\\/1878\\\/\"},\"wordCount\":263,\"commentCount\":1,\"publisher\":{\"@id\":\"https:\\\/\\\/www.vitalibera.org\\\/community\\\/#organization\"},\"image\":{\"@id\":\"http:\\\/\\\/www.vitalibera.org\\\/community\\\/2025\\\/09\\\/16\\\/1878\\\/#primaryimage\"},\"thumbnailUrl\":\"https:\\\/\\\/www.vitalibera.org\\\/community\\\/wp-content\\\/uploads\\\/2025\\\/09\\\/faust.jpg\",\"articleSection\":[\"Selbstschutz\"],\"inLanguage\":\"de\",\"potentialAction\":[{\"@type\":\"CommentAction\",\"name\":\"Comment\",\"target\":[\"http:\\\/\\\/www.vitalibera.org\\\/community\\\/2025\\\/09\\\/16\\\/1878\\\/#respond\"]}]},{\"@type\":\"WebPage\",\"@id\":\"http:\\\/\\\/www.vitalibera.org\\\/community\\\/2025\\\/09\\\/16\\\/1878\\\/\",\"url\":\"http:\\\/\\\/www.vitalibera.org\\\/community\\\/2025\\\/09\\\/16\\\/1878\\\/\",\"name\":\"Selbstverteidigung und Selbstbehauptung im Rollstuhl - vitalibera.org\",\"isPartOf\":{\"@id\":\"https:\\\/\\\/www.vitalibera.org\\\/community\\\/#website\"},\"primaryImageOfPage\":{\"@id\":\"http:\\\/\\\/www.vitalibera.org\\\/community\\\/2025\\\/09\\\/16\\\/1878\\\/#primaryimage\"},\"image\":{\"@id\":\"http:\\\/\\\/www.vitalibera.org\\\/community\\\/2025\\\/09\\\/16\\\/1878\\\/#primaryimage\"},\"thumbnailUrl\":\"https:\\\/\\\/www.vitalibera.org\\\/community\\\/wp-content\\\/uploads\\\/2025\\\/09\\\/faust.jpg\",\"datePublished\":\"2025-09-16T13:46:29+00:00\",\"dateModified\":\"2025-09-16T14:00:56+00:00\",\"breadcrumb\":{\"@id\":\"http:\\\/\\\/www.vitalibera.org\\\/community\\\/2025\\\/09\\\/16\\\/1878\\\/#breadcrumb\"},\"inLanguage\":\"de\",\"potentialAction\":[{\"@type\":\"ReadAction\",\"target\":[\"http:\\\/\\\/www.vitalibera.org\\\/community\\\/2025\\\/09\\\/16\\\/1878\\\/\"]}]},{\"@type\":\"BreadcrumbList\",\"@id\":\"http:\\\/\\\/www.vitalibera.org\\\/community\\\/2025\\\/09\\\/16\\\/1878\\\/#breadcrumb\",\"itemListElement\":[{\"@type\":\"ListItem\",\"position\":1,\"name\":\"Startseite\",\"item\":\"https:\\\/\\\/www.vitalibera.org\\\/community\\\/\"},{\"@type\":\"ListItem\",\"position\":2,\"name\":\"Selbstverteidigung und Selbstbehauptung im Rollstuhl\"}]},{\"@type\":\"WebSite\",\"@id\":\"https:\\\/\\\/www.vitalibera.org\\\/community\\\/#website\",\"url\":\"https:\\\/\\\/www.vitalibera.org\\\/community\\\/\",\"name\":\"vitalibera.org\",\"description\":\"Mit einer Einschr&auml;nkung gestaltet sich das Leben im Alltag oft schwieriger - hier berichten wir &uuml;ber unsere Erfahrungen und Hilfsmittel um den Alltag so unbeschwert und unkompliziert wie nur m&ouml;glich geniessen zu k&ouml;nnen. Dabei richten wir unseren Fokus gezielt auf Selbst&auml;ndigkeit, Eigenst&auml;ndigkeit und Selbstbestimmung.\",\"publisher\":{\"@id\":\"https:\\\/\\\/www.vitalibera.org\\\/community\\\/#organization\"},\"potentialAction\":[{\"@type\":\"SearchAction\",\"target\":{\"@type\":\"EntryPoint\",\"urlTemplate\":\"https:\\\/\\\/www.vitalibera.org\\\/community\\\/?s={search_term_string}\"},\"query-input\":{\"@type\":\"PropertyValueSpecification\",\"valueRequired\":true,\"valueName\":\"search_term_string\"}}],\"inLanguage\":\"de\"},{\"@type\":\"Organization\",\"@id\":\"https:\\\/\\\/www.vitalibera.org\\\/community\\\/#organization\",\"name\":\"vitalibera.org\",\"url\":\"https:\\\/\\\/www.vitalibera.org\\\/community\\\/\",\"logo\":{\"@type\":\"ImageObject\",\"inLanguage\":\"de\",\"@id\":\"https:\\\/\\\/www.vitalibera.org\\\/community\\\/#\\\/schema\\\/logo\\\/image\\\/\",\"url\":\"https:\\\/\\\/www.vitalibera.org\\\/community\\\/wp-content\\\/uploads\\\/2025\\\/09\\\/cropped-banner.png\",\"contentUrl\":\"https:\\\/\\\/www.vitalibera.org\\\/community\\\/wp-content\\\/uploads\\\/2025\\\/09\\\/cropped-banner.png\",\"width\":991,\"height\":150,\"caption\":\"vitalibera.org\"},\"image\":{\"@id\":\"https:\\\/\\\/www.vitalibera.org\\\/community\\\/#\\\/schema\\\/logo\\\/image\\\/\"},\"sameAs\":[\"https:\\\/\\\/www.facebook.com\\\/groups\\\/2997085857140235\"]},{\"@type\":\"Person\",\"@id\":\"https:\\\/\\\/www.vitalibera.org\\\/community\\\/#\\\/schema\\\/person\\\/c535fa8d561f7f8ca425ced40d87e582\",\"name\":\"admin\",\"image\":{\"@type\":\"ImageObject\",\"inLanguage\":\"de\",\"@id\":\"https:\\\/\\\/secure.gravatar.com\\\/avatar\\\/ad516503a11cd5ca435acc9bb6523536?s=96\",\"url\":\"https:\\\/\\\/secure.gravatar.com\\\/avatar\\\/ad516503a11cd5ca435acc9bb6523536?s=96\",\"contentUrl\":\"https:\\\/\\\/secure.gravatar.com\\\/avatar\\\/ad516503a11cd5ca435acc9bb6523536?s=96\",\"caption\":\"admin\"},\"description\":\"admin\",\"sameAs\":[\"http:\\\/\\\/www.vitalibera.org\\\/community\"],\"url\":\"https:\\\/\\\/www.vitalibera.org\\\/community\\\/author\\\/admin\\\/\"}]}<\/script>\r\n<!-- \/ Yoast SEO plugin. -->","yoast_head_json":{"title":"Selbstverteidigung und Selbstbehauptung im Rollstuhl - vitalibera.org","robots":{"index":"index","follow":"follow","max-snippet":"max-snippet:-1","max-image-preview":"max-image-preview:large","max-video-preview":"max-video-preview:-1"},"canonical":"http:\/\/www.vitalibera.org\/community\/2025\/09\/16\/1878\/","og_locale":"de_DE","og_type":"article","og_title":"Selbstverteidigung und Selbstbehauptung im Rollstuhl - vitalibera.org","og_description":"Ein Angriff, ein \u00dcbergriff, ein \u00dcberfall: Diese unerwarteten Attacken sind Horrorszenarien f\u00fcr uns alle. Oft sind Opfer im \u00dcberraschungsmoment nicht f\u00e4hig, sich wirkungsvoll zu wehren. Das muss nicht sein! Wer diese Ausnahmesituationen in gezielten \u00dcbungen durchspielt und entsprechende Techniken einstudiert, kann Angriffe im Idealfall verhindern, deeskalieren oder schl\u00e4gt die (\u00fcberraschten) Angreifer in die Flucht \u2013 ... Weiterlesen","og_url":"http:\/\/www.vitalibera.org\/community\/2025\/09\/16\/1878\/","og_site_name":"vitalibera.org","article_publisher":"https:\/\/www.facebook.com\/groups\/2997085857140235","article_published_time":"2025-09-16T13:46:29+00:00","article_modified_time":"2025-09-16T14:00:56+00:00","og_image":[{"width":225,"height":225,"url":"http:\/\/www.vitalibera.org\/community\/wp-content\/uploads\/2025\/09\/faust.jpg","type":"image\/jpeg"}],"author":"admin","twitter_card":"summary_large_image","twitter_misc":{"Verfasst von":"admin","Gesch\u00e4tzte Lesezeit":"2\u00a0Minuten"},"schema":{"@context":"https:\/\/schema.org","@graph":[{"@type":"Article","@id":"http:\/\/www.vitalibera.org\/community\/2025\/09\/16\/1878\/#article","isPartOf":{"@id":"http:\/\/www.vitalibera.org\/community\/2025\/09\/16\/1878\/"},"author":{"name":"admin","@id":"https:\/\/www.vitalibera.org\/community\/#\/schema\/person\/c535fa8d561f7f8ca425ced40d87e582"},"headline":"Selbstverteidigung und Selbstbehauptung im Rollstuhl","datePublished":"2025-09-16T13:46:29+00:00","dateModified":"2025-09-16T14:00:56+00:00","mainEntityOfPage":{"@id":"http:\/\/www.vitalibera.org\/community\/2025\/09\/16\/1878\/"},"wordCount":263,"commentCount":1,"publisher":{"@id":"https:\/\/www.vitalibera.org\/community\/#organization"},"image":{"@id":"http:\/\/www.vitalibera.org\/community\/2025\/09\/16\/1878\/#primaryimage"},"thumbnailUrl":"https:\/\/www.vitalibera.org\/community\/wp-content\/uploads\/2025\/09\/faust.jpg","articleSection":["Selbstschutz"],"inLanguage":"de","potentialAction":[{"@type":"CommentAction","name":"Comment","target":["http:\/\/www.vitalibera.org\/community\/2025\/09\/16\/1878\/#respond"]}]},{"@type":"WebPage","@id":"http:\/\/www.vitalibera.org\/community\/2025\/09\/16\/1878\/","url":"http:\/\/www.vitalibera.org\/community\/2025\/09\/16\/1878\/","name":"Selbstverteidigung und Selbstbehauptung im Rollstuhl - vitalibera.org","isPartOf":{"@id":"https:\/\/www.vitalibera.org\/community\/#website"},"primaryImageOfPage":{"@id":"http:\/\/www.vitalibera.org\/community\/2025\/09\/16\/1878\/#primaryimage"},"image":{"@id":"http:\/\/www.vitalibera.org\/community\/2025\/09\/16\/1878\/#primaryimage"},"thumbnailUrl":"https:\/\/www.vitalibera.org\/community\/wp-content\/uploads\/2025\/09\/faust.jpg","datePublished":"2025-09-16T13:46:29+00:00","dateModified":"2025-09-16T14:00:56+00:00","breadcrumb":{"@id":"http:\/\/www.vitalibera.org\/community\/2025\/09\/16\/1878\/#breadcrumb"},"inLanguage":"de","potentialAction":[{"@type":"ReadAction","target":["http:\/\/www.vitalibera.org\/community\/2025\/09\/16\/1878\/"]}]},{"@type":"BreadcrumbList","@id":"http:\/\/www.vitalibera.org\/community\/2025\/09\/16\/1878\/#breadcrumb","itemListElement":[{"@type":"ListItem","position":1,"name":"Startseite","item":"https:\/\/www.vitalibera.org\/community\/"},{"@type":"ListItem","position":2,"name":"Selbstverteidigung und Selbstbehauptung im Rollstuhl"}]},{"@type":"WebSite","@id":"https:\/\/www.vitalibera.org\/community\/#website","url":"https:\/\/www.vitalibera.org\/community\/","name":"vitalibera.org","description":"Mit einer Einschr&auml;nkung gestaltet sich das Leben im Alltag oft schwieriger - hier berichten wir &uuml;ber unsere Erfahrungen und Hilfsmittel um den Alltag so unbeschwert und unkompliziert wie nur m&ouml;glich geniessen zu k&ouml;nnen. Dabei richten wir unseren Fokus gezielt auf Selbst&auml;ndigkeit, Eigenst&auml;ndigkeit und Selbstbestimmung.","publisher":{"@id":"https:\/\/www.vitalibera.org\/community\/#organization"},"potentialAction":[{"@type":"SearchAction","target":{"@type":"EntryPoint","urlTemplate":"https:\/\/www.vitalibera.org\/community\/?s={search_term_string}"},"query-input":{"@type":"PropertyValueSpecification","valueRequired":true,"valueName":"search_term_string"}}],"inLanguage":"de"},{"@type":"Organization","@id":"https:\/\/www.vitalibera.org\/community\/#organization","name":"vitalibera.org","url":"https:\/\/www.vitalibera.org\/community\/","logo":{"@type":"ImageObject","inLanguage":"de","@id":"https:\/\/www.vitalibera.org\/community\/#\/schema\/logo\/image\/","url":"https:\/\/www.vitalibera.org\/community\/wp-content\/uploads\/2025\/09\/cropped-banner.png","contentUrl":"https:\/\/www.vitalibera.org\/community\/wp-content\/uploads\/2025\/09\/cropped-banner.png","width":991,"height":150,"caption":"vitalibera.org"},"image":{"@id":"https:\/\/www.vitalibera.org\/community\/#\/schema\/logo\/image\/"},"sameAs":["https:\/\/www.facebook.com\/groups\/2997085857140235"]},{"@type":"Person","@id":"https:\/\/www.vitalibera.org\/community\/#\/schema\/person\/c535fa8d561f7f8ca425ced40d87e582","name":"admin","image":{"@type":"ImageObject","inLanguage":"de","@id":"https:\/\/secure.gravatar.com\/avatar\/ad516503a11cd5ca435acc9bb6523536?s=96","url":"https:\/\/secure.gravatar.com\/avatar\/ad516503a11cd5ca435acc9bb6523536?s=96","contentUrl":"https:\/\/secure.gravatar.com\/avatar\/ad516503a11cd5ca435acc9bb6523536?s=96","caption":"admin"},"description":"admin","sameAs":["http:\/\/www.vitalibera.org\/community"],"url":"https:\/\/www.vitalibera.org\/community\/author\/admin\/"}]}},"jetpack_featured_media_url":"https:\/\/www.vitalibera.org\/community\/wp-content\/uploads\/2025\/09\/faust.jpg","jetpack_sharing_enabled":true,"jetpack-related-posts":[],"_links":{"self":[{"href":"https:\/\/www.vitalibera.org\/community\/wp-json\/wp\/v2\/posts\/1878","targetHints":{"allow":["GET"]}}],"collection":[{"href":"https:\/\/www.vitalibera.org\/community\/wp-json\/wp\/v2\/posts"}],"about":[{"href":"https:\/\/www.vitalibera.org\/community\/wp-json\/wp\/v2\/types\/post"}],"author":[{"embeddable":true,"href":"https:\/\/www.vitalibera.org\/community\/wp-json\/wp\/v2\/users\/1"}],"replies":[{"embeddable":true,"href":"https:\/\/www.vitalibera.org\/community\/wp-json\/wp\/v2\/comments?post=1878"}],"version-history":[{"count":0,"href":"https:\/\/www.vitalibera.org\/community\/wp-json\/wp\/v2\/posts\/1878\/revisions"}],"wp:featuredmedia":[{"embeddable":true,"href":"https:\/\/www.vitalibera.org\/community\/wp-json\/wp\/v2\/media\/1887"}],"wp:attachment":[{"href":"https:\/\/www.vitalibera.org\/community\/wp-json\/wp\/v2\/media?parent=1878"}],"wp:term":[{"taxonomy":"category","embeddable":true,"href":"https:\/\/www.vitalibera.org\/community\/wp-json\/wp\/v2\/categories?post=1878"},{"taxonomy":"post_tag","embeddable":true,"href":"https:\/\/www.vitalibera.org\/community\/wp-json\/wp\/v2\/tags?post=1878"}],"curies":[{"name":"wp","href":"https:\/\/api.w.org\/{rel}","templated":true}]}}