{"id":1927,"date":"2025-09-17T00:29:54","date_gmt":"2025-09-16T22:29:54","guid":{"rendered":"https:\/\/www.vitalibera.org\/community\/?p=1927"},"modified":"2025-09-17T00:33:34","modified_gmt":"2025-09-16T22:33:34","slug":"mobiler-taschen-alarm","status":"publish","type":"post","link":"https:\/\/www.vitalibera.org\/community\/2025\/09\/17\/mobiler-taschen-alarm\/","title":{"rendered":"Mobiler Taschen Alarm"},"content":{"rendered":"\n<p>(130db) Mobiler Taschen Alarm Personen Alarmanlage Alarmsirene mit Taschenlampe und Schl&uuml;ssel Anh&auml;nger<\/p>\n\n\n\n<p>Sch&uuml;tze Dich mit unserem Personen Alarm und sorge f&uuml;r mehr Sicherheit, wenn Du alleine unterwegs bist. Einfach den Stecker aus der H&uuml;lle der Mini&nbsp;<strong>Alarmanlage<\/strong>&nbsp;ziehen und ein 130db lautes und schrilles Alarmger&auml;usch ert&ouml;nt, dass potenzielle Angreifer und Diebe sofort abschreckt und Passanten zur Hilfe alarmiert.<\/p>\n\n\n\n<p>Der Signalton des&nbsp;<strong>Taschen Alarm<\/strong>&nbsp;l&auml;sst sich einfach aktivieren und deaktivieren und zwar durch Ziehen und Einsetzen des Steckers. Ebenfalls kannst Du auch den SOS Notfallknopf der Personenalarms f&uuml;r 2 Sekunden dr&uuml;cken, damit der Alarm abgeht. Damit der Alarmton abgeschalten wird, muss die SOS Notfalltaste f&uuml;r 7 Sekunden am St&uuml;ck gedr&uuml;ckt werden.<\/p>\n\n\n\n<p>Zudem verf&uuml;gt diese&nbsp;<strong>Alarmsirene<\/strong>&nbsp;&uuml;ber eine LED&nbsp;<strong>Taschenlampe<\/strong>&nbsp;an der Oberseite. Bestelle Dir nun den mobilen Taschenalarm und f&uuml;hle Dich sicherer, wenn Du alleine unterwegs bist!<\/p>\n\n\n\n<figure class=\"wp-block-image size-full\"><img fetchpriority=\"high\" decoding=\"async\" width=\"519\" height=\"406\" src=\"https:\/\/www.vitalibera.org\/community\/wp-content\/uploads\/2025\/09\/taschenalarm2.png\" alt=\"\" class=\"wp-image-1931\" srcset=\"https:\/\/www.vitalibera.org\/community\/wp-content\/uploads\/2025\/09\/taschenalarm2.png 519w, https:\/\/www.vitalibera.org\/community\/wp-content\/uploads\/2025\/09\/taschenalarm2-300x235.png 300w\" sizes=\"(max-width: 519px) 100vw, 519px\" \/><\/figure>\n\n\n\n<p><a href=\"https:\/\/www.apfelkiste.ch\/130db-mobiler-taschenalarm-alarmanlage-taschenlampe-schlusselanhanger-rosa.html?utm_source=google&amp;utm_medium=cpc&amp;utm_content=shopping&amp;gad_source=1&amp;gad_campaignid=17426628371&amp;gbraid=0AAAAADfHeX3ZtErxL5G8Rqv9E2jebgUX-&amp;gclid=CjwKCAjwlaTGBhANEiwAoRgXBfDEPhOQveWTXHVlqjfWTp4cjQxnLbsIsls9rXM3OExCqGsTM-CEehoCzEUQAvD_BwE\" target=\"_blank\" rel=\"noreferrer noopener\">Zum Angebot<\/a><\/p>\n","protected":false},"excerpt":{"rendered":"<p>(130db) Mobiler Taschen Alarm Personen Alarmanlage Alarmsirene mit Taschenlampe und Schl\u00fcssel Anh\u00e4nger Sch\u00fctze Dich mit unserem Personen Alarm und sorge f\u00fcr mehr Sicherheit, wenn Du alleine unterwegs bist. Einfach den Stecker aus der H\u00fclle der Mini&nbsp;Alarmanlage&nbsp;ziehen und ein 130db lautes und schrilles Alarmger\u00e4usch ert\u00f6nt, dass potenzielle Angreifer und Diebe sofort abschreckt und Passanten zur Hilfe &#8230; <a title=\"Mobiler Taschen Alarm\" class=\"read-more\" href=\"https:\/\/www.vitalibera.org\/community\/2025\/09\/17\/mobiler-taschen-alarm\/\" aria-label=\"Mehr Informationen \u00fcber Mobiler Taschen Alarm\">Weiterlesen<\/a><\/p>\n","protected":false},"author":1,"featured_media":1928,"comment_status":"open","ping_status":"open","sticky":false,"template":"","format":"standard","meta":{"cybocfi_hide_featured_image":"yes","_jetpack_memberships_contains_paid_content":false,"footnotes":""},"categories":[206,74],"tags":[],"class_list":["post-1927","post","type-post","status-publish","format-standard","has-post-thumbnail","hentry","category-selbstschutz","category-sicherheit"],"yoast_head":"<!-- This site is optimized with the Yoast SEO plugin v27.4 - https:\/\/yoast.com\/product\/yoast-seo-wordpress\/ -->\r\n<title>Mobiler Taschen Alarm - vitalibera.org<\/title>\r\n<meta name=\"robots\" content=\"index, follow, max-snippet:-1, max-image-preview:large, max-video-preview:-1\" \/>\r\n<link rel=\"canonical\" href=\"http:\/\/www.vitalibera.org\/community\/2025\/09\/17\/mobiler-taschen-alarm\/\" \/>\r\n<meta property=\"og:locale\" content=\"de_DE\" \/>\r\n<meta property=\"og:type\" content=\"article\" \/>\r\n<meta property=\"og:title\" content=\"Mobiler Taschen Alarm - vitalibera.org\" \/>\r\n<meta property=\"og:description\" content=\"(130db) Mobiler Taschen Alarm Personen Alarmanlage Alarmsirene mit Taschenlampe und Schl\u00fcssel Anh\u00e4nger Sch\u00fctze Dich mit unserem Personen Alarm und sorge f\u00fcr mehr Sicherheit, wenn Du alleine unterwegs bist. Einfach den Stecker aus der H\u00fclle der Mini&nbsp;Alarmanlage&nbsp;ziehen und ein 130db lautes und schrilles Alarmger\u00e4usch ert\u00f6nt, dass potenzielle Angreifer und Diebe sofort abschreckt und Passanten zur Hilfe ... Weiterlesen\" \/>\r\n<meta property=\"og:url\" content=\"http:\/\/www.vitalibera.org\/community\/2025\/09\/17\/mobiler-taschen-alarm\/\" \/>\r\n<meta property=\"og:site_name\" content=\"vitalibera.org\" \/>\r\n<meta property=\"article:publisher\" content=\"https:\/\/www.facebook.com\/groups\/2997085857140235\" \/>\r\n<meta property=\"article:published_time\" content=\"2025-09-16T22:29:54+00:00\" \/>\r\n<meta property=\"article:modified_time\" content=\"2025-09-16T22:33:34+00:00\" \/>\r\n<meta property=\"og:image\" content=\"http:\/\/www.vitalibera.org\/community\/wp-content\/uploads\/2025\/09\/taschenalarm.png\" \/>\r\n\t<meta property=\"og:image:width\" content=\"407\" \/>\r\n\t<meta property=\"og:image:height\" content=\"485\" \/>\r\n\t<meta property=\"og:image:type\" content=\"image\/png\" \/>\r\n<meta name=\"author\" content=\"admin\" \/>\r\n<meta name=\"twitter:card\" content=\"summary_large_image\" \/>\r\n<meta name=\"twitter:label1\" content=\"Verfasst von\" \/>\n\t<meta name=\"twitter:data1\" content=\"admin\" \/>\n\t<meta name=\"twitter:label2\" content=\"Gesch\u00e4tzte Lesezeit\" \/>\n\t<meta name=\"twitter:data2\" content=\"2\u00a0Minuten\" \/>\r\n<script type=\"application\/ld+json\" class=\"yoast-schema-graph\">{\"@context\":\"https:\\\/\\\/schema.org\",\"@graph\":[{\"@type\":\"Article\",\"@id\":\"http:\\\/\\\/www.vitalibera.org\\\/community\\\/2025\\\/09\\\/17\\\/mobiler-taschen-alarm\\\/#article\",\"isPartOf\":{\"@id\":\"http:\\\/\\\/www.vitalibera.org\\\/community\\\/2025\\\/09\\\/17\\\/mobiler-taschen-alarm\\\/\"},\"author\":{\"name\":\"admin\",\"@id\":\"https:\\\/\\\/www.vitalibera.org\\\/community\\\/#\\\/schema\\\/person\\\/c535fa8d561f7f8ca425ced40d87e582\"},\"headline\":\"Mobiler Taschen Alarm\",\"datePublished\":\"2025-09-16T22:29:54+00:00\",\"dateModified\":\"2025-09-16T22:33:34+00:00\",\"mainEntityOfPage\":{\"@id\":\"http:\\\/\\\/www.vitalibera.org\\\/community\\\/2025\\\/09\\\/17\\\/mobiler-taschen-alarm\\\/\"},\"wordCount\":162,\"commentCount\":0,\"publisher\":{\"@id\":\"https:\\\/\\\/www.vitalibera.org\\\/community\\\/#organization\"},\"image\":{\"@id\":\"http:\\\/\\\/www.vitalibera.org\\\/community\\\/2025\\\/09\\\/17\\\/mobiler-taschen-alarm\\\/#primaryimage\"},\"thumbnailUrl\":\"https:\\\/\\\/www.vitalibera.org\\\/community\\\/wp-content\\\/uploads\\\/2025\\\/09\\\/taschenalarm.png\",\"articleSection\":[\"Selbstschutz\",\"Sicherheit\"],\"inLanguage\":\"de\",\"potentialAction\":[{\"@type\":\"CommentAction\",\"name\":\"Comment\",\"target\":[\"http:\\\/\\\/www.vitalibera.org\\\/community\\\/2025\\\/09\\\/17\\\/mobiler-taschen-alarm\\\/#respond\"]}]},{\"@type\":\"WebPage\",\"@id\":\"http:\\\/\\\/www.vitalibera.org\\\/community\\\/2025\\\/09\\\/17\\\/mobiler-taschen-alarm\\\/\",\"url\":\"http:\\\/\\\/www.vitalibera.org\\\/community\\\/2025\\\/09\\\/17\\\/mobiler-taschen-alarm\\\/\",\"name\":\"Mobiler Taschen Alarm - vitalibera.org\",\"isPartOf\":{\"@id\":\"https:\\\/\\\/www.vitalibera.org\\\/community\\\/#website\"},\"primaryImageOfPage\":{\"@id\":\"http:\\\/\\\/www.vitalibera.org\\\/community\\\/2025\\\/09\\\/17\\\/mobiler-taschen-alarm\\\/#primaryimage\"},\"image\":{\"@id\":\"http:\\\/\\\/www.vitalibera.org\\\/community\\\/2025\\\/09\\\/17\\\/mobiler-taschen-alarm\\\/#primaryimage\"},\"thumbnailUrl\":\"https:\\\/\\\/www.vitalibera.org\\\/community\\\/wp-content\\\/uploads\\\/2025\\\/09\\\/taschenalarm.png\",\"datePublished\":\"2025-09-16T22:29:54+00:00\",\"dateModified\":\"2025-09-16T22:33:34+00:00\",\"breadcrumb\":{\"@id\":\"http:\\\/\\\/www.vitalibera.org\\\/community\\\/2025\\\/09\\\/17\\\/mobiler-taschen-alarm\\\/#breadcrumb\"},\"inLanguage\":\"de\",\"potentialAction\":[{\"@type\":\"ReadAction\",\"target\":[\"http:\\\/\\\/www.vitalibera.org\\\/community\\\/2025\\\/09\\\/17\\\/mobiler-taschen-alarm\\\/\"]}]},{\"@type\":\"BreadcrumbList\",\"@id\":\"http:\\\/\\\/www.vitalibera.org\\\/community\\\/2025\\\/09\\\/17\\\/mobiler-taschen-alarm\\\/#breadcrumb\",\"itemListElement\":[{\"@type\":\"ListItem\",\"position\":1,\"name\":\"Startseite\",\"item\":\"https:\\\/\\\/www.vitalibera.org\\\/community\\\/\"},{\"@type\":\"ListItem\",\"position\":2,\"name\":\"Mobiler Taschen Alarm\"}]},{\"@type\":\"WebSite\",\"@id\":\"https:\\\/\\\/www.vitalibera.org\\\/community\\\/#website\",\"url\":\"https:\\\/\\\/www.vitalibera.org\\\/community\\\/\",\"name\":\"vitalibera.org\",\"description\":\"Mit einer Einschr&auml;nkung gestaltet sich das Leben im Alltag oft schwieriger - hier berichten wir &uuml;ber unsere Erfahrungen und Hilfsmittel um den Alltag so unbeschwert und unkompliziert wie nur m&ouml;glich geniessen zu k&ouml;nnen. Dabei richten wir unseren Fokus gezielt auf Selbst&auml;ndigkeit, Eigenst&auml;ndigkeit und Selbstbestimmung.\",\"publisher\":{\"@id\":\"https:\\\/\\\/www.vitalibera.org\\\/community\\\/#organization\"},\"potentialAction\":[{\"@type\":\"SearchAction\",\"target\":{\"@type\":\"EntryPoint\",\"urlTemplate\":\"https:\\\/\\\/www.vitalibera.org\\\/community\\\/?s={search_term_string}\"},\"query-input\":{\"@type\":\"PropertyValueSpecification\",\"valueRequired\":true,\"valueName\":\"search_term_string\"}}],\"inLanguage\":\"de\"},{\"@type\":\"Organization\",\"@id\":\"https:\\\/\\\/www.vitalibera.org\\\/community\\\/#organization\",\"name\":\"vitalibera.org\",\"url\":\"https:\\\/\\\/www.vitalibera.org\\\/community\\\/\",\"logo\":{\"@type\":\"ImageObject\",\"inLanguage\":\"de\",\"@id\":\"https:\\\/\\\/www.vitalibera.org\\\/community\\\/#\\\/schema\\\/logo\\\/image\\\/\",\"url\":\"https:\\\/\\\/www.vitalibera.org\\\/community\\\/wp-content\\\/uploads\\\/2025\\\/09\\\/cropped-banner.png\",\"contentUrl\":\"https:\\\/\\\/www.vitalibera.org\\\/community\\\/wp-content\\\/uploads\\\/2025\\\/09\\\/cropped-banner.png\",\"width\":991,\"height\":150,\"caption\":\"vitalibera.org\"},\"image\":{\"@id\":\"https:\\\/\\\/www.vitalibera.org\\\/community\\\/#\\\/schema\\\/logo\\\/image\\\/\"},\"sameAs\":[\"https:\\\/\\\/www.facebook.com\\\/groups\\\/2997085857140235\"]},{\"@type\":\"Person\",\"@id\":\"https:\\\/\\\/www.vitalibera.org\\\/community\\\/#\\\/schema\\\/person\\\/c535fa8d561f7f8ca425ced40d87e582\",\"name\":\"admin\",\"image\":{\"@type\":\"ImageObject\",\"inLanguage\":\"de\",\"@id\":\"https:\\\/\\\/secure.gravatar.com\\\/avatar\\\/ad516503a11cd5ca435acc9bb6523536?s=96\",\"url\":\"https:\\\/\\\/secure.gravatar.com\\\/avatar\\\/ad516503a11cd5ca435acc9bb6523536?s=96\",\"contentUrl\":\"https:\\\/\\\/secure.gravatar.com\\\/avatar\\\/ad516503a11cd5ca435acc9bb6523536?s=96\",\"caption\":\"admin\"},\"description\":\"admin\",\"sameAs\":[\"http:\\\/\\\/www.vitalibera.org\\\/community\"],\"url\":\"https:\\\/\\\/www.vitalibera.org\\\/community\\\/author\\\/admin\\\/\"}]}<\/script>\r\n<!-- \/ Yoast SEO plugin. -->","yoast_head_json":{"title":"Mobiler Taschen Alarm - vitalibera.org","robots":{"index":"index","follow":"follow","max-snippet":"max-snippet:-1","max-image-preview":"max-image-preview:large","max-video-preview":"max-video-preview:-1"},"canonical":"http:\/\/www.vitalibera.org\/community\/2025\/09\/17\/mobiler-taschen-alarm\/","og_locale":"de_DE","og_type":"article","og_title":"Mobiler Taschen Alarm - vitalibera.org","og_description":"(130db) Mobiler Taschen Alarm Personen Alarmanlage Alarmsirene mit Taschenlampe und Schl\u00fcssel Anh\u00e4nger Sch\u00fctze Dich mit unserem Personen Alarm und sorge f\u00fcr mehr Sicherheit, wenn Du alleine unterwegs bist. Einfach den Stecker aus der H\u00fclle der Mini&nbsp;Alarmanlage&nbsp;ziehen und ein 130db lautes und schrilles Alarmger\u00e4usch ert\u00f6nt, dass potenzielle Angreifer und Diebe sofort abschreckt und Passanten zur Hilfe ... Weiterlesen","og_url":"http:\/\/www.vitalibera.org\/community\/2025\/09\/17\/mobiler-taschen-alarm\/","og_site_name":"vitalibera.org","article_publisher":"https:\/\/www.facebook.com\/groups\/2997085857140235","article_published_time":"2025-09-16T22:29:54+00:00","article_modified_time":"2025-09-16T22:33:34+00:00","og_image":[{"width":407,"height":485,"url":"http:\/\/www.vitalibera.org\/community\/wp-content\/uploads\/2025\/09\/taschenalarm.png","type":"image\/png"}],"author":"admin","twitter_card":"summary_large_image","twitter_misc":{"Verfasst von":"admin","Gesch\u00e4tzte Lesezeit":"2\u00a0Minuten"},"schema":{"@context":"https:\/\/schema.org","@graph":[{"@type":"Article","@id":"http:\/\/www.vitalibera.org\/community\/2025\/09\/17\/mobiler-taschen-alarm\/#article","isPartOf":{"@id":"http:\/\/www.vitalibera.org\/community\/2025\/09\/17\/mobiler-taschen-alarm\/"},"author":{"name":"admin","@id":"https:\/\/www.vitalibera.org\/community\/#\/schema\/person\/c535fa8d561f7f8ca425ced40d87e582"},"headline":"Mobiler Taschen Alarm","datePublished":"2025-09-16T22:29:54+00:00","dateModified":"2025-09-16T22:33:34+00:00","mainEntityOfPage":{"@id":"http:\/\/www.vitalibera.org\/community\/2025\/09\/17\/mobiler-taschen-alarm\/"},"wordCount":162,"commentCount":0,"publisher":{"@id":"https:\/\/www.vitalibera.org\/community\/#organization"},"image":{"@id":"http:\/\/www.vitalibera.org\/community\/2025\/09\/17\/mobiler-taschen-alarm\/#primaryimage"},"thumbnailUrl":"https:\/\/www.vitalibera.org\/community\/wp-content\/uploads\/2025\/09\/taschenalarm.png","articleSection":["Selbstschutz","Sicherheit"],"inLanguage":"de","potentialAction":[{"@type":"CommentAction","name":"Comment","target":["http:\/\/www.vitalibera.org\/community\/2025\/09\/17\/mobiler-taschen-alarm\/#respond"]}]},{"@type":"WebPage","@id":"http:\/\/www.vitalibera.org\/community\/2025\/09\/17\/mobiler-taschen-alarm\/","url":"http:\/\/www.vitalibera.org\/community\/2025\/09\/17\/mobiler-taschen-alarm\/","name":"Mobiler Taschen Alarm - vitalibera.org","isPartOf":{"@id":"https:\/\/www.vitalibera.org\/community\/#website"},"primaryImageOfPage":{"@id":"http:\/\/www.vitalibera.org\/community\/2025\/09\/17\/mobiler-taschen-alarm\/#primaryimage"},"image":{"@id":"http:\/\/www.vitalibera.org\/community\/2025\/09\/17\/mobiler-taschen-alarm\/#primaryimage"},"thumbnailUrl":"https:\/\/www.vitalibera.org\/community\/wp-content\/uploads\/2025\/09\/taschenalarm.png","datePublished":"2025-09-16T22:29:54+00:00","dateModified":"2025-09-16T22:33:34+00:00","breadcrumb":{"@id":"http:\/\/www.vitalibera.org\/community\/2025\/09\/17\/mobiler-taschen-alarm\/#breadcrumb"},"inLanguage":"de","potentialAction":[{"@type":"ReadAction","target":["http:\/\/www.vitalibera.org\/community\/2025\/09\/17\/mobiler-taschen-alarm\/"]}]},{"@type":"BreadcrumbList","@id":"http:\/\/www.vitalibera.org\/community\/2025\/09\/17\/mobiler-taschen-alarm\/#breadcrumb","itemListElement":[{"@type":"ListItem","position":1,"name":"Startseite","item":"https:\/\/www.vitalibera.org\/community\/"},{"@type":"ListItem","position":2,"name":"Mobiler Taschen Alarm"}]},{"@type":"WebSite","@id":"https:\/\/www.vitalibera.org\/community\/#website","url":"https:\/\/www.vitalibera.org\/community\/","name":"vitalibera.org","description":"Mit einer Einschr&auml;nkung gestaltet sich das Leben im Alltag oft schwieriger - hier berichten wir &uuml;ber unsere Erfahrungen und Hilfsmittel um den Alltag so unbeschwert und unkompliziert wie nur m&ouml;glich geniessen zu k&ouml;nnen. Dabei richten wir unseren Fokus gezielt auf Selbst&auml;ndigkeit, Eigenst&auml;ndigkeit und Selbstbestimmung.","publisher":{"@id":"https:\/\/www.vitalibera.org\/community\/#organization"},"potentialAction":[{"@type":"SearchAction","target":{"@type":"EntryPoint","urlTemplate":"https:\/\/www.vitalibera.org\/community\/?s={search_term_string}"},"query-input":{"@type":"PropertyValueSpecification","valueRequired":true,"valueName":"search_term_string"}}],"inLanguage":"de"},{"@type":"Organization","@id":"https:\/\/www.vitalibera.org\/community\/#organization","name":"vitalibera.org","url":"https:\/\/www.vitalibera.org\/community\/","logo":{"@type":"ImageObject","inLanguage":"de","@id":"https:\/\/www.vitalibera.org\/community\/#\/schema\/logo\/image\/","url":"https:\/\/www.vitalibera.org\/community\/wp-content\/uploads\/2025\/09\/cropped-banner.png","contentUrl":"https:\/\/www.vitalibera.org\/community\/wp-content\/uploads\/2025\/09\/cropped-banner.png","width":991,"height":150,"caption":"vitalibera.org"},"image":{"@id":"https:\/\/www.vitalibera.org\/community\/#\/schema\/logo\/image\/"},"sameAs":["https:\/\/www.facebook.com\/groups\/2997085857140235"]},{"@type":"Person","@id":"https:\/\/www.vitalibera.org\/community\/#\/schema\/person\/c535fa8d561f7f8ca425ced40d87e582","name":"admin","image":{"@type":"ImageObject","inLanguage":"de","@id":"https:\/\/secure.gravatar.com\/avatar\/ad516503a11cd5ca435acc9bb6523536?s=96","url":"https:\/\/secure.gravatar.com\/avatar\/ad516503a11cd5ca435acc9bb6523536?s=96","contentUrl":"https:\/\/secure.gravatar.com\/avatar\/ad516503a11cd5ca435acc9bb6523536?s=96","caption":"admin"},"description":"admin","sameAs":["http:\/\/www.vitalibera.org\/community"],"url":"https:\/\/www.vitalibera.org\/community\/author\/admin\/"}]}},"jetpack_featured_media_url":"https:\/\/www.vitalibera.org\/community\/wp-content\/uploads\/2025\/09\/taschenalarm.png","jetpack_sharing_enabled":true,"jetpack-related-posts":[],"_links":{"self":[{"href":"https:\/\/www.vitalibera.org\/community\/wp-json\/wp\/v2\/posts\/1927","targetHints":{"allow":["GET"]}}],"collection":[{"href":"https:\/\/www.vitalibera.org\/community\/wp-json\/wp\/v2\/posts"}],"about":[{"href":"https:\/\/www.vitalibera.org\/community\/wp-json\/wp\/v2\/types\/post"}],"author":[{"embeddable":true,"href":"https:\/\/www.vitalibera.org\/community\/wp-json\/wp\/v2\/users\/1"}],"replies":[{"embeddable":true,"href":"https:\/\/www.vitalibera.org\/community\/wp-json\/wp\/v2\/comments?post=1927"}],"version-history":[{"count":0,"href":"https:\/\/www.vitalibera.org\/community\/wp-json\/wp\/v2\/posts\/1927\/revisions"}],"wp:featuredmedia":[{"embeddable":true,"href":"https:\/\/www.vitalibera.org\/community\/wp-json\/wp\/v2\/media\/1928"}],"wp:attachment":[{"href":"https:\/\/www.vitalibera.org\/community\/wp-json\/wp\/v2\/media?parent=1927"}],"wp:term":[{"taxonomy":"category","embeddable":true,"href":"https:\/\/www.vitalibera.org\/community\/wp-json\/wp\/v2\/categories?post=1927"},{"taxonomy":"post_tag","embeddable":true,"href":"https:\/\/www.vitalibera.org\/community\/wp-json\/wp\/v2\/tags?post=1927"}],"curies":[{"name":"wp","href":"https:\/\/api.w.org\/{rel}","templated":true}]}}