{"id":2097,"date":"2025-09-21T12:19:02","date_gmt":"2025-09-21T10:19:02","guid":{"rendered":"https:\/\/www.vitalibera.org\/community\/?p=2097"},"modified":"2025-09-21T12:36:01","modified_gmt":"2025-09-21T10:36:01","slug":"halbseitig-nicht-halb-mensch-e-book","status":"publish","type":"post","link":"https:\/\/www.vitalibera.org\/community\/2025\/09\/21\/halbseitig-nicht-halb-mensch-e-book\/","title":{"rendered":"Halbseitig, nicht halb Mensch (e-book)"},"content":{"rendered":"<div class=\"postie-post\">\n<div class=\"WordSection1\">\n<p class=\"summary-text\" style=\"margin-top: 0cm; background: white; box-sizing: border-box; margin-bottom: 1rem;\"><span style=\"font-size: 12.0pt;\">Ein seltenes <a href=\"https:\/\/www.vitalibera.org\/community\/enzyklopaedie\/hirnstamm\/\" target=\"_self\" title=\"Der Hirnstamm ist eine zentrale Struktur, die das&nbsp;Gro&szlig;hirn&nbsp;mit dem&nbsp;R&uuml;ckenmark&nbsp;verbindet und aus dem Mittelhirn, der Br&uuml;cke (Pons) und dem verl&auml;ngerten Mark (Medulla oblongata) besteht. Er ist f&uuml;r die Steuerung lebensnotwendiger Funktionen wie Atmung, Blutdruck und Herzschlag verantwortlich und enth&auml;lt die Kerngebiete der meisten Hirnnerven. Die wichtigsten Synonyme sind&nbsp;Truncus encephali&nbsp;oder&nbsp;Truncus cerebri. Aufbau und Lage Lage:&nbsp;Unterhalb des Zwischenhirns&hellip;\" class=\"encyclopedia\">Hirnstamm<\/a>-<a href=\"https:\/\/www.vitalibera.org\/community\/enzyklopaedie\/cavernom\/\" target=\"_self\" title=\"Ein Cavernom ist eine&nbsp;gutartige Gef&auml;&szlig;fehlbildung im Gehirn oder R&uuml;ckenmark, die aus d&uuml;nnwandigen Gef&auml;&szlig;en besteht und oft zuf&auml;llig bei einer MRT entdeckt wird.&nbsp;Wenn es symptomatisch wird, kann es durch epileptische Anf&auml;lle, Kopfschmerzen oder neurologische Ausf&auml;lle wie L&auml;hmungen oder Gef&uuml;hlsst&ouml;rungen auffallen, verursacht durch Mikroblutungen.&nbsp;Die Behandlung ist meist operativ, aber bei asymptomatischen Cavernomen kann eine abwartende Haltung sinnvoll&hellip;\" class=\"encyclopedia\">Cavernom<\/a> &ndash; tief im Inneren des Kopfes. Eine spontane Blutung. Die Symptome: wie bei einem schweren <a href=\"https:\/\/www.vitalibera.org\/community\/enzyklopaedie\/schlaganfall\/\" target=\"_self\" title=\"Ein Schlaganfall, auch Hirnschlag oder Apoplex genannt, ist eine&nbsp;pl&ouml;tzlich auftretende Durchblutungsst&ouml;rung im Gehirn, die dazu f&uuml;hrt, dass Gehirnzellen nicht mehr ausreichend mit Sauerstoff und N&auml;hrstoffen versorgt werden.&nbsp;Dies kann zu bleibenden Sch&auml;den oder sogar zum Absterben von Hirnzellen f&uuml;hren, wenn die Durchblutung nicht schnell wiederhergestellt wird.&nbsp; Einfach erkl&auml;rt: Stellen Sie sich vor, ein Teil Ihres Gehirns&hellip;\" class=\"encyclopedia\">Schlaganfall<\/a>. Halbseitige L&auml;hmung. Sprachverlust. Kontrollverlust &uuml;ber den eigenen K&ouml;rper.<\/span><\/p>\n<p class=\"summary-text\" style=\"margin-top: 0cm; background: white; box-sizing: border-box; margin-bottom: 1rem;\"><span style=\"font-size: 12.0pt;\">Und doch beginnt genau hier eine Reise zur&uuml;ck ins Leben. Diese Geschichte ist keine Heldensaga, kein medizinisches Wunder. Sie ist echt. Roh. Mutig.<\/span><\/p>\n<p class=\"summary-text\" style=\"margin-top: 0cm; background: white; box-sizing: border-box; margin-bottom: 1rem;\"><strong><i><span style=\"font-size: 12.0pt;\">Es geht nicht um Perfektion. Es geht um Fortschritt. Um W&uuml;rde. Um Leben<\/span><\/i><\/strong><\/p>\n<p class=\"summary-text\" style=\"margin-top: 0cm; background: white; box-sizing: border-box; margin-bottom: 1rem;\"><b><i><span style=\"font-size: 12.0pt;\"><img fetchpriority=\"high\" decoding=\"async\" id=\"Grafik_x0020_2\" style=\"width: 4.5937in; height: 6.6354in;\" src=\"https:\/\/www.vitalibera.org\/community\/wp-content\/uploads\/2025\/09\/image001-45.png\" alt=\"https:\/\/vitalibera.org\/portal2\/images\/halbseitig.png\" width=\"441\" height=\"637\"><\/span><\/i><\/b><\/p>\n<h2 style=\"margin-top: 0cm; background: white; box-sizing: border-box; margin-bottom: 0.5rem; font-size: 2rem;\">Vorwort<\/h2>\n<p class=\"foreword-intro\" style=\"margin-top: 0cm; background: white; box-sizing: border-box; margin-bottom: 1rem;\"><span style=\"font-size: 12.0pt;\">Ich dachte immer, sowas passiert nur den anderen.<\/span><\/p>\n<p style=\"margin-top: 0cm; background: white; box-sizing: border-box; margin-bottom: 1rem;\"><span style=\"font-size: 12.0pt;\">Den &Auml;lteren. Den Ungesunden. Denen, die nicht auf sich achten.<br>\nNicht mir.<\/span><\/p>\n<p style=\"margin-top: 0cm; background: white; box-sizing: border-box; margin-bottom: 1rem;\"><span style=\"font-size: 12.0pt;\">Ich war fit, aktiv, voller Energie. Immer in Bewegung &ndash; k&ouml;rperlich wie geistig.<br>\nDoch das Leben h&auml;lt sich nicht an unsere Vorstellungen.<br>\nEs kommt, wie es kommt. Und manchmal kommt es heftig.<\/span><\/p>\n<p class=\"foreword-emphasis\" style=\"margin-top: 0cm; background: white; box-sizing: border-box; margin-bottom: 1rem;\"><span style=\"font-size: 12.0pt;\">Pl&ouml;tzlich war alles anders.<\/span><\/p>\n<p style=\"margin-top: 0cm; background: white; box-sizing: border-box; margin-bottom: 1rem;\"><span style=\"font-size: 12.0pt;\">Mein K&ouml;rper, mein Alltag, mein Denken, mein F&uuml;hlen.<br>\nUnd so begann ein Weg, den ich mir nie ausgesucht h&auml;tte &ndash; aber der mich gepr&auml;gt hat wie kaum etwas zuvor.<\/span><\/p>\n<p style=\"margin-top: 0cm; background: white; box-sizing: border-box; margin-bottom: 1rem;\"><span style=\"font-size: 12.0pt;\"><img decoding=\"async\" id=\"Grafik_x0020_1\" style=\"width: .3125in; height: .3125in;\" src=\"https:\/\/www.vitalibera.org\/community\/wp-content\/uploads\/2025\/09\/image002-51.png\" alt=\"https:\/\/vitalibera.org\/portal2\/images\/icons\/earth.png\" width=\"30\" height=\"30\"><\/span><span style=\"font-size: 12.0pt;\"><a href=\"https:\/\/halbseitig.de\/\" target=\"_blank\" rel=\"noopener\"><span style=\"color: #224faa;\">Link zu halbseitig.de<\/span><\/a><\/span><\/p>\n<p class=\"MsoNormal\">\n<\/p><\/div>\n<\/div>\n","protected":false},"excerpt":{"rendered":"<p>Ein seltenes Hirnstamm-Cavernom \u2013 tief im Inneren des Kopfes. Eine spontane Blutung. Die Symptome: wie bei einem schweren Schlaganfall. Halbseitige L\u00e4hmung. Sprachverlust. Kontrollverlust \u00fcber den eigenen K\u00f6rper. Und doch beginnt genau hier eine Reise zur\u00fcck ins Leben. Diese Geschichte ist keine Heldensaga, kein medizinisches Wunder. Sie ist echt. Roh. Mutig. Es geht nicht um Perfektion. &#8230; <a title=\"Halbseitig, nicht halb Mensch (e-book)\" class=\"read-more\" href=\"https:\/\/www.vitalibera.org\/community\/2025\/09\/21\/halbseitig-nicht-halb-mensch-e-book\/\" aria-label=\"Mehr Informationen \u00fcber Halbseitig, nicht halb Mensch (e-book)\">Weiterlesen<\/a><\/p>\n","protected":false},"author":1,"featured_media":2098,"comment_status":"open","ping_status":"open","sticky":false,"template":"","format":"standard","meta":{"cybocfi_hide_featured_image":"yes","_jetpack_memberships_contains_paid_content":false,"footnotes":""},"categories":[205],"tags":[],"class_list":["post-2097","post","type-post","status-publish","format-standard","has-post-thumbnail","hentry","category-publikationen"],"yoast_head":"<!-- This site is optimized with the Yoast SEO plugin v27.4 - https:\/\/yoast.com\/product\/yoast-seo-wordpress\/ -->\r\n<title>Halbseitig, nicht halb Mensch (e-book) - vitalibera.org<\/title>\r\n<meta name=\"robots\" content=\"index, follow, max-snippet:-1, max-image-preview:large, max-video-preview:-1\" \/>\r\n<link rel=\"canonical\" href=\"http:\/\/www.vitalibera.org\/community\/2025\/09\/21\/halbseitig-nicht-halb-mensch-e-book\/\" \/>\r\n<meta property=\"og:locale\" content=\"de_DE\" \/>\r\n<meta property=\"og:type\" content=\"article\" \/>\r\n<meta property=\"og:title\" content=\"Halbseitig, nicht halb Mensch (e-book) - vitalibera.org\" \/>\r\n<meta property=\"og:description\" content=\"Ein seltenes Hirnstamm-Cavernom \u2013 tief im Inneren des Kopfes. Eine spontane Blutung. Die Symptome: wie bei einem schweren Schlaganfall. Halbseitige L\u00e4hmung. Sprachverlust. Kontrollverlust \u00fcber den eigenen K\u00f6rper. Und doch beginnt genau hier eine Reise zur\u00fcck ins Leben. Diese Geschichte ist keine Heldensaga, kein medizinisches Wunder. Sie ist echt. Roh. Mutig. Es geht nicht um Perfektion. ... Weiterlesen\" \/>\r\n<meta property=\"og:url\" content=\"http:\/\/www.vitalibera.org\/community\/2025\/09\/21\/halbseitig-nicht-halb-mensch-e-book\/\" \/>\r\n<meta property=\"og:site_name\" content=\"vitalibera.org\" \/>\r\n<meta property=\"article:publisher\" content=\"https:\/\/www.facebook.com\/groups\/2997085857140235\" \/>\r\n<meta property=\"article:published_time\" content=\"2025-09-21T10:19:02+00:00\" \/>\r\n<meta property=\"article:modified_time\" content=\"2025-09-21T10:36:01+00:00\" \/>\r\n<meta property=\"og:image\" content=\"http:\/\/www.vitalibera.org\/community\/wp-content\/uploads\/2025\/09\/image001-45.png\" \/>\r\n\t<meta property=\"og:image:width\" content=\"441\" \/>\r\n\t<meta property=\"og:image:height\" content=\"637\" \/>\r\n\t<meta property=\"og:image:type\" content=\"image\/png\" \/>\r\n<meta name=\"author\" content=\"admin\" \/>\r\n<meta name=\"twitter:card\" content=\"summary_large_image\" \/>\r\n<meta name=\"twitter:label1\" content=\"Verfasst von\" \/>\n\t<meta name=\"twitter:data1\" content=\"admin\" \/>\n\t<meta name=\"twitter:label2\" content=\"Gesch\u00e4tzte Lesezeit\" \/>\n\t<meta name=\"twitter:data2\" content=\"2\u00a0Minuten\" \/>\r\n<script type=\"application\/ld+json\" class=\"yoast-schema-graph\">{\"@context\":\"https:\\\/\\\/schema.org\",\"@graph\":[{\"@type\":\"Article\",\"@id\":\"http:\\\/\\\/www.vitalibera.org\\\/community\\\/2025\\\/09\\\/21\\\/halbseitig-nicht-halb-mensch-e-book\\\/#article\",\"isPartOf\":{\"@id\":\"http:\\\/\\\/www.vitalibera.org\\\/community\\\/2025\\\/09\\\/21\\\/halbseitig-nicht-halb-mensch-e-book\\\/\"},\"author\":{\"name\":\"admin\",\"@id\":\"https:\\\/\\\/www.vitalibera.org\\\/community\\\/#\\\/schema\\\/person\\\/c535fa8d561f7f8ca425ced40d87e582\"},\"headline\":\"Halbseitig, nicht halb Mensch (e-book)\",\"datePublished\":\"2025-09-21T10:19:02+00:00\",\"dateModified\":\"2025-09-21T10:36:01+00:00\",\"mainEntityOfPage\":{\"@id\":\"http:\\\/\\\/www.vitalibera.org\\\/community\\\/2025\\\/09\\\/21\\\/halbseitig-nicht-halb-mensch-e-book\\\/\"},\"wordCount\":166,\"commentCount\":0,\"publisher\":{\"@id\":\"https:\\\/\\\/www.vitalibera.org\\\/community\\\/#organization\"},\"image\":{\"@id\":\"http:\\\/\\\/www.vitalibera.org\\\/community\\\/2025\\\/09\\\/21\\\/halbseitig-nicht-halb-mensch-e-book\\\/#primaryimage\"},\"thumbnailUrl\":\"https:\\\/\\\/www.vitalibera.org\\\/community\\\/wp-content\\\/uploads\\\/2025\\\/09\\\/image001-45.png\",\"articleSection\":[\"Publikationen\"],\"inLanguage\":\"de\",\"potentialAction\":[{\"@type\":\"CommentAction\",\"name\":\"Comment\",\"target\":[\"http:\\\/\\\/www.vitalibera.org\\\/community\\\/2025\\\/09\\\/21\\\/halbseitig-nicht-halb-mensch-e-book\\\/#respond\"]}]},{\"@type\":\"WebPage\",\"@id\":\"http:\\\/\\\/www.vitalibera.org\\\/community\\\/2025\\\/09\\\/21\\\/halbseitig-nicht-halb-mensch-e-book\\\/\",\"url\":\"http:\\\/\\\/www.vitalibera.org\\\/community\\\/2025\\\/09\\\/21\\\/halbseitig-nicht-halb-mensch-e-book\\\/\",\"name\":\"Halbseitig, nicht halb Mensch (e-book) - vitalibera.org\",\"isPartOf\":{\"@id\":\"https:\\\/\\\/www.vitalibera.org\\\/community\\\/#website\"},\"primaryImageOfPage\":{\"@id\":\"http:\\\/\\\/www.vitalibera.org\\\/community\\\/2025\\\/09\\\/21\\\/halbseitig-nicht-halb-mensch-e-book\\\/#primaryimage\"},\"image\":{\"@id\":\"http:\\\/\\\/www.vitalibera.org\\\/community\\\/2025\\\/09\\\/21\\\/halbseitig-nicht-halb-mensch-e-book\\\/#primaryimage\"},\"thumbnailUrl\":\"https:\\\/\\\/www.vitalibera.org\\\/community\\\/wp-content\\\/uploads\\\/2025\\\/09\\\/image001-45.png\",\"datePublished\":\"2025-09-21T10:19:02+00:00\",\"dateModified\":\"2025-09-21T10:36:01+00:00\",\"breadcrumb\":{\"@id\":\"http:\\\/\\\/www.vitalibera.org\\\/community\\\/2025\\\/09\\\/21\\\/halbseitig-nicht-halb-mensch-e-book\\\/#breadcrumb\"},\"inLanguage\":\"de\",\"potentialAction\":[{\"@type\":\"ReadAction\",\"target\":[\"http:\\\/\\\/www.vitalibera.org\\\/community\\\/2025\\\/09\\\/21\\\/halbseitig-nicht-halb-mensch-e-book\\\/\"]}]},{\"@type\":\"BreadcrumbList\",\"@id\":\"http:\\\/\\\/www.vitalibera.org\\\/community\\\/2025\\\/09\\\/21\\\/halbseitig-nicht-halb-mensch-e-book\\\/#breadcrumb\",\"itemListElement\":[{\"@type\":\"ListItem\",\"position\":1,\"name\":\"Startseite\",\"item\":\"https:\\\/\\\/www.vitalibera.org\\\/community\\\/\"},{\"@type\":\"ListItem\",\"position\":2,\"name\":\"Halbseitig, nicht halb Mensch (e-book)\"}]},{\"@type\":\"WebSite\",\"@id\":\"https:\\\/\\\/www.vitalibera.org\\\/community\\\/#website\",\"url\":\"https:\\\/\\\/www.vitalibera.org\\\/community\\\/\",\"name\":\"vitalibera.org\",\"description\":\"Mit einer Einschr&auml;nkung gestaltet sich das Leben im Alltag oft schwieriger - hier berichten wir &uuml;ber unsere Erfahrungen und Hilfsmittel um den Alltag so unbeschwert und unkompliziert wie nur m&ouml;glich geniessen zu k&ouml;nnen. Dabei richten wir unseren Fokus gezielt auf Selbst&auml;ndigkeit, Eigenst&auml;ndigkeit und Selbstbestimmung.\",\"publisher\":{\"@id\":\"https:\\\/\\\/www.vitalibera.org\\\/community\\\/#organization\"},\"potentialAction\":[{\"@type\":\"SearchAction\",\"target\":{\"@type\":\"EntryPoint\",\"urlTemplate\":\"https:\\\/\\\/www.vitalibera.org\\\/community\\\/?s={search_term_string}\"},\"query-input\":{\"@type\":\"PropertyValueSpecification\",\"valueRequired\":true,\"valueName\":\"search_term_string\"}}],\"inLanguage\":\"de\"},{\"@type\":\"Organization\",\"@id\":\"https:\\\/\\\/www.vitalibera.org\\\/community\\\/#organization\",\"name\":\"vitalibera.org\",\"url\":\"https:\\\/\\\/www.vitalibera.org\\\/community\\\/\",\"logo\":{\"@type\":\"ImageObject\",\"inLanguage\":\"de\",\"@id\":\"https:\\\/\\\/www.vitalibera.org\\\/community\\\/#\\\/schema\\\/logo\\\/image\\\/\",\"url\":\"https:\\\/\\\/www.vitalibera.org\\\/community\\\/wp-content\\\/uploads\\\/2025\\\/09\\\/cropped-banner.png\",\"contentUrl\":\"https:\\\/\\\/www.vitalibera.org\\\/community\\\/wp-content\\\/uploads\\\/2025\\\/09\\\/cropped-banner.png\",\"width\":991,\"height\":150,\"caption\":\"vitalibera.org\"},\"image\":{\"@id\":\"https:\\\/\\\/www.vitalibera.org\\\/community\\\/#\\\/schema\\\/logo\\\/image\\\/\"},\"sameAs\":[\"https:\\\/\\\/www.facebook.com\\\/groups\\\/2997085857140235\"]},{\"@type\":\"Person\",\"@id\":\"https:\\\/\\\/www.vitalibera.org\\\/community\\\/#\\\/schema\\\/person\\\/c535fa8d561f7f8ca425ced40d87e582\",\"name\":\"admin\",\"image\":{\"@type\":\"ImageObject\",\"inLanguage\":\"de\",\"@id\":\"https:\\\/\\\/secure.gravatar.com\\\/avatar\\\/ad516503a11cd5ca435acc9bb6523536?s=96\",\"url\":\"https:\\\/\\\/secure.gravatar.com\\\/avatar\\\/ad516503a11cd5ca435acc9bb6523536?s=96\",\"contentUrl\":\"https:\\\/\\\/secure.gravatar.com\\\/avatar\\\/ad516503a11cd5ca435acc9bb6523536?s=96\",\"caption\":\"admin\"},\"description\":\"admin\",\"sameAs\":[\"http:\\\/\\\/www.vitalibera.org\\\/community\"],\"url\":\"https:\\\/\\\/www.vitalibera.org\\\/community\\\/author\\\/admin\\\/\"}]}<\/script>\r\n<!-- \/ Yoast SEO plugin. -->","yoast_head_json":{"title":"Halbseitig, nicht halb Mensch (e-book) - vitalibera.org","robots":{"index":"index","follow":"follow","max-snippet":"max-snippet:-1","max-image-preview":"max-image-preview:large","max-video-preview":"max-video-preview:-1"},"canonical":"http:\/\/www.vitalibera.org\/community\/2025\/09\/21\/halbseitig-nicht-halb-mensch-e-book\/","og_locale":"de_DE","og_type":"article","og_title":"Halbseitig, nicht halb Mensch (e-book) - vitalibera.org","og_description":"Ein seltenes Hirnstamm-Cavernom \u2013 tief im Inneren des Kopfes. Eine spontane Blutung. Die Symptome: wie bei einem schweren Schlaganfall. Halbseitige L\u00e4hmung. Sprachverlust. Kontrollverlust \u00fcber den eigenen K\u00f6rper. Und doch beginnt genau hier eine Reise zur\u00fcck ins Leben. Diese Geschichte ist keine Heldensaga, kein medizinisches Wunder. Sie ist echt. Roh. Mutig. Es geht nicht um Perfektion. ... Weiterlesen","og_url":"http:\/\/www.vitalibera.org\/community\/2025\/09\/21\/halbseitig-nicht-halb-mensch-e-book\/","og_site_name":"vitalibera.org","article_publisher":"https:\/\/www.facebook.com\/groups\/2997085857140235","article_published_time":"2025-09-21T10:19:02+00:00","article_modified_time":"2025-09-21T10:36:01+00:00","og_image":[{"width":441,"height":637,"url":"http:\/\/www.vitalibera.org\/community\/wp-content\/uploads\/2025\/09\/image001-45.png","type":"image\/png"}],"author":"admin","twitter_card":"summary_large_image","twitter_misc":{"Verfasst von":"admin","Gesch\u00e4tzte Lesezeit":"2\u00a0Minuten"},"schema":{"@context":"https:\/\/schema.org","@graph":[{"@type":"Article","@id":"http:\/\/www.vitalibera.org\/community\/2025\/09\/21\/halbseitig-nicht-halb-mensch-e-book\/#article","isPartOf":{"@id":"http:\/\/www.vitalibera.org\/community\/2025\/09\/21\/halbseitig-nicht-halb-mensch-e-book\/"},"author":{"name":"admin","@id":"https:\/\/www.vitalibera.org\/community\/#\/schema\/person\/c535fa8d561f7f8ca425ced40d87e582"},"headline":"Halbseitig, nicht halb Mensch (e-book)","datePublished":"2025-09-21T10:19:02+00:00","dateModified":"2025-09-21T10:36:01+00:00","mainEntityOfPage":{"@id":"http:\/\/www.vitalibera.org\/community\/2025\/09\/21\/halbseitig-nicht-halb-mensch-e-book\/"},"wordCount":166,"commentCount":0,"publisher":{"@id":"https:\/\/www.vitalibera.org\/community\/#organization"},"image":{"@id":"http:\/\/www.vitalibera.org\/community\/2025\/09\/21\/halbseitig-nicht-halb-mensch-e-book\/#primaryimage"},"thumbnailUrl":"https:\/\/www.vitalibera.org\/community\/wp-content\/uploads\/2025\/09\/image001-45.png","articleSection":["Publikationen"],"inLanguage":"de","potentialAction":[{"@type":"CommentAction","name":"Comment","target":["http:\/\/www.vitalibera.org\/community\/2025\/09\/21\/halbseitig-nicht-halb-mensch-e-book\/#respond"]}]},{"@type":"WebPage","@id":"http:\/\/www.vitalibera.org\/community\/2025\/09\/21\/halbseitig-nicht-halb-mensch-e-book\/","url":"http:\/\/www.vitalibera.org\/community\/2025\/09\/21\/halbseitig-nicht-halb-mensch-e-book\/","name":"Halbseitig, nicht halb Mensch (e-book) - vitalibera.org","isPartOf":{"@id":"https:\/\/www.vitalibera.org\/community\/#website"},"primaryImageOfPage":{"@id":"http:\/\/www.vitalibera.org\/community\/2025\/09\/21\/halbseitig-nicht-halb-mensch-e-book\/#primaryimage"},"image":{"@id":"http:\/\/www.vitalibera.org\/community\/2025\/09\/21\/halbseitig-nicht-halb-mensch-e-book\/#primaryimage"},"thumbnailUrl":"https:\/\/www.vitalibera.org\/community\/wp-content\/uploads\/2025\/09\/image001-45.png","datePublished":"2025-09-21T10:19:02+00:00","dateModified":"2025-09-21T10:36:01+00:00","breadcrumb":{"@id":"http:\/\/www.vitalibera.org\/community\/2025\/09\/21\/halbseitig-nicht-halb-mensch-e-book\/#breadcrumb"},"inLanguage":"de","potentialAction":[{"@type":"ReadAction","target":["http:\/\/www.vitalibera.org\/community\/2025\/09\/21\/halbseitig-nicht-halb-mensch-e-book\/"]}]},{"@type":"BreadcrumbList","@id":"http:\/\/www.vitalibera.org\/community\/2025\/09\/21\/halbseitig-nicht-halb-mensch-e-book\/#breadcrumb","itemListElement":[{"@type":"ListItem","position":1,"name":"Startseite","item":"https:\/\/www.vitalibera.org\/community\/"},{"@type":"ListItem","position":2,"name":"Halbseitig, nicht halb Mensch (e-book)"}]},{"@type":"WebSite","@id":"https:\/\/www.vitalibera.org\/community\/#website","url":"https:\/\/www.vitalibera.org\/community\/","name":"vitalibera.org","description":"Mit einer Einschr&auml;nkung gestaltet sich das Leben im Alltag oft schwieriger - hier berichten wir &uuml;ber unsere Erfahrungen und Hilfsmittel um den Alltag so unbeschwert und unkompliziert wie nur m&ouml;glich geniessen zu k&ouml;nnen. Dabei richten wir unseren Fokus gezielt auf Selbst&auml;ndigkeit, Eigenst&auml;ndigkeit und Selbstbestimmung.","publisher":{"@id":"https:\/\/www.vitalibera.org\/community\/#organization"},"potentialAction":[{"@type":"SearchAction","target":{"@type":"EntryPoint","urlTemplate":"https:\/\/www.vitalibera.org\/community\/?s={search_term_string}"},"query-input":{"@type":"PropertyValueSpecification","valueRequired":true,"valueName":"search_term_string"}}],"inLanguage":"de"},{"@type":"Organization","@id":"https:\/\/www.vitalibera.org\/community\/#organization","name":"vitalibera.org","url":"https:\/\/www.vitalibera.org\/community\/","logo":{"@type":"ImageObject","inLanguage":"de","@id":"https:\/\/www.vitalibera.org\/community\/#\/schema\/logo\/image\/","url":"https:\/\/www.vitalibera.org\/community\/wp-content\/uploads\/2025\/09\/cropped-banner.png","contentUrl":"https:\/\/www.vitalibera.org\/community\/wp-content\/uploads\/2025\/09\/cropped-banner.png","width":991,"height":150,"caption":"vitalibera.org"},"image":{"@id":"https:\/\/www.vitalibera.org\/community\/#\/schema\/logo\/image\/"},"sameAs":["https:\/\/www.facebook.com\/groups\/2997085857140235"]},{"@type":"Person","@id":"https:\/\/www.vitalibera.org\/community\/#\/schema\/person\/c535fa8d561f7f8ca425ced40d87e582","name":"admin","image":{"@type":"ImageObject","inLanguage":"de","@id":"https:\/\/secure.gravatar.com\/avatar\/ad516503a11cd5ca435acc9bb6523536?s=96","url":"https:\/\/secure.gravatar.com\/avatar\/ad516503a11cd5ca435acc9bb6523536?s=96","contentUrl":"https:\/\/secure.gravatar.com\/avatar\/ad516503a11cd5ca435acc9bb6523536?s=96","caption":"admin"},"description":"admin","sameAs":["http:\/\/www.vitalibera.org\/community"],"url":"https:\/\/www.vitalibera.org\/community\/author\/admin\/"}]}},"jetpack_featured_media_url":"https:\/\/www.vitalibera.org\/community\/wp-content\/uploads\/2025\/09\/image001-45.png","jetpack_sharing_enabled":true,"jetpack-related-posts":[],"_links":{"self":[{"href":"https:\/\/www.vitalibera.org\/community\/wp-json\/wp\/v2\/posts\/2097","targetHints":{"allow":["GET"]}}],"collection":[{"href":"https:\/\/www.vitalibera.org\/community\/wp-json\/wp\/v2\/posts"}],"about":[{"href":"https:\/\/www.vitalibera.org\/community\/wp-json\/wp\/v2\/types\/post"}],"author":[{"embeddable":true,"href":"https:\/\/www.vitalibera.org\/community\/wp-json\/wp\/v2\/users\/1"}],"replies":[{"embeddable":true,"href":"https:\/\/www.vitalibera.org\/community\/wp-json\/wp\/v2\/comments?post=2097"}],"version-history":[{"count":0,"href":"https:\/\/www.vitalibera.org\/community\/wp-json\/wp\/v2\/posts\/2097\/revisions"}],"wp:featuredmedia":[{"embeddable":true,"href":"https:\/\/www.vitalibera.org\/community\/wp-json\/wp\/v2\/media\/2098"}],"wp:attachment":[{"href":"https:\/\/www.vitalibera.org\/community\/wp-json\/wp\/v2\/media?parent=2097"}],"wp:term":[{"taxonomy":"category","embeddable":true,"href":"https:\/\/www.vitalibera.org\/community\/wp-json\/wp\/v2\/categories?post=2097"},{"taxonomy":"post_tag","embeddable":true,"href":"https:\/\/www.vitalibera.org\/community\/wp-json\/wp\/v2\/tags?post=2097"}],"curies":[{"name":"wp","href":"https:\/\/api.w.org\/{rel}","templated":true}]}}