{"id":2388,"date":"2025-09-28T17:51:34","date_gmt":"2025-09-28T15:51:34","guid":{"rendered":"https:\/\/www.vitalibera.org\/community\/?p=2388"},"modified":"2025-09-28T18:34:56","modified_gmt":"2025-09-28T16:34:56","slug":"forced-use-therapie","status":"publish","type":"post","link":"https:\/\/www.vitalibera.org\/community\/2025\/09\/28\/forced-use-therapie\/","title":{"rendered":"Forced-Use-Therapie"},"content":{"rendered":"\n<p>Es handelt sich um eine&nbsp;<strong>Behandlungsmethode zur Verbesserung der Bewegungsf&auml;higkeit betroffener Gliedmassen nach einer Hirnsch&auml;digung<\/strong>. Eingeschr&auml;nkte Extremit&auml;ten werden gezwungen, bestimmte Bewegungen auszuf&uuml;hren. Das stimuliert und st&auml;rkt die relevanten Nervenbahnen im Gehirn.<\/p>\n\n\n\n<p>Bei der Forced-Use-Therapie handelt es sich um ein intensives Trainingsprogramm f&uuml;r Patient:innen mit einer <a href=\"https:\/\/www.vitalibera.org\/community\/enzyklopaedie\/hemiparese\/\" target=\"_self\" title=\"Eine Hemiparese ist eine&nbsp;L&auml;hmung einer K&ouml;rperh&auml;lfte, bei der noch eine Restaktivit&auml;t vorhanden sein kann. Eine Hemiparese entsteht durch Sch&auml;digungen im Gehirn, wie bei einem Schlaganfall oder durch einen Unfall. Es kommt zu einer Verminderung der Kraft in Gesicht, Arm und Bein in einer K&ouml;rperh&auml;lfte.\" class=\"encyclopedia\">Hemiparese<\/a>. Die Therapie umfasst einen Behandlungszeitraum von zwei Wochen und wird ambulant in einer 1-1-Betreuung durchgef&uuml;hrt.<\/p>\n\n\n\n<p>Bei der Behandlung der oberen Extremit&auml;t werden s&auml;mtliche Bewegungen des nicht betroffenen Armes durch das Tragen einer Schiene stark eingeschr&auml;nkt (Bewegungsrestriktion). Gleichzeitig wird t&auml;glich ein mehrst&uuml;ndiges motorisches Training mit dem hemiparetischen Arm durchgef&uuml;hrt, wobei psychologische Shapingtechniken eingesetzt werden.<\/p>\n\n\n\n<p>Bei der Behandlung der unteren Extremit&auml;t wird auf eine Schiene verzichtet und es erfolgt ebenfalls ein mehrst&uuml;ndiges Trainingsprogramm.<\/p>\n\n\n\n<p>Die Forced-Use-Therapie ist auf drei Schwerpunkte aufgeteilt. Die speziellen Voraussetzungen finden Sie unter den einzelnen Therapien:<\/p>\n\n\n\n<p><a href=\"https:\/\/www.uke.de\/organisationsstruktur\/zentrale-bereiche\/physiotherapie\/praxis-fuer-physiotherapie\/unsere-spezialangebote\/forced-use-therapie-cimt\/index.html#top\"><\/a><\/p>\n\n\n\n<h2 class=\"wp-block-heading\"><strong>Forced-Use-Therapie &ndash; Arm- und Handfunktion (klassisch)<\/strong><\/h2>\n\n\n\n<p>Dieses Therapieangebot richtet sich ausschlie&szlig;lich an Patient:innen, bei denen Restfunktion im Arm und in der Hand erhalten sind. W&auml;hrend der Therapie wird der nicht <a href=\"https:\/\/www.vitalibera.org\/community\/2026\/04\/19\/wenn-reize-laut-werden-und-menschen-leise\/\">betroffene<\/a> Arm mit einer Schiene ruhiggestellt und dadurch &bdquo;erzwungen&ldquo;, dass bis zu 90% des Tages ausschlie&szlig;lich der betroffene Arm eingesetzt wird. Zus&auml;tzlich erfolgt w&auml;hrend der Therapiezeit von zwei Wochen t&auml;glich ein mehrst&uuml;ndiges motorisches Training mit vielen Wiederholungen. So kann der &bdquo;erlernte Nichtgebrauch&ldquo; der betroffenen Seite wieder r&uuml;ckg&auml;ngig gemacht werden. Au&szlig;erhalb der Therapie sollen alle m&ouml;glichen und scheinbar unm&ouml;glichen Aktivit&auml;ten mit der betroffenen Hand ausgef&uuml;hrt werden. F&uuml;r einige wenige Aktivit&auml;ten darf die Schiene abgelegt werden.<\/p>\n\n\n\n<h3 class=\"wp-block-heading\">Kriterien f&uuml;r die Teilnahme:<\/h3>\n\n\n\n<p>Folgende Bewegungen von Arm und Hand m&uuml;ssen m&ouml;glich sein, um an der Therapie teilnehmen zu k&ouml;nnen. Setzen Sie sich auf einen Stuhl mit Armlehnen. Der betroffene Unterarm soll so auf der Armlehne aufliegen, dass die Hand am Ende frei herunter h&auml;ngt. Aus dieser Position heraus ist erforderlich:<\/p>\n\n\n\n<ul class=\"wp-block-list\">\n<li>Anheben der Hand, ohne Mitbewegung des Unterarmes, ca. 20&deg;<\/li>\n\n\n\n<li>Streckung der Finger (Hand &ouml;ffnen), ca. 10&deg;<\/li>\n\n\n\n<li>Abspreizen des Daumens, ca.10&deg;<\/li>\n<\/ul>\n\n\n\n<p>Au&szlig;erdem muss der Arm aus der Schulter heraus etwas angehoben und der Ellenbogen aktiv etwas gestreckt werden k&ouml;nnen.<\/p>\n\n\n\n<h3 class=\"wp-block-heading\">Ausschlusskriterien sind:<\/h3>\n\n\n\n<ul class=\"wp-block-list\">\n<li>ausgepr&auml;gte Wortfindungsst&ouml;rungen<\/li>\n\n\n\n<li>Rollstuhlpflichtigkeit<\/li>\n\n\n\n<li>ausgepr&auml;gte neuropsychologische St&ouml;rungen (Ged&auml;chtnis, Aufmerksamkeit, etc.)<\/li>\n\n\n\n<li>Depressionen (bei medikament&ouml;s gut eingestellten Symptomen, ist eine Therapie m&ouml;glich)<\/li>\n<\/ul>\n\n\n\n<p>Werden diese Kriterien nicht erf&uuml;llt, ist die Teilnahme an einem modifizierten Trainingsprogramm m&ouml;glich.<\/p>\n\n\n\n<h2 class=\"wp-block-heading\"><strong>Forced-Use-Therapie &ndash; Arm- und Handfunktion (modifiziert)<\/strong><\/h2>\n\n\n\n<p>Auch Patienten, die nicht die oben genannten Funktionen in der Hand und im Arm haben, k&ouml;nnen an der Forced-Use Therapie teilnehmen. Diese modifizierte Therapie richtet sich an Patient:innen, die bisher noch wenig Funktion in der Hand haben. Deshalb wird der nicht betroffene Arm auch nicht mit einer Schiene ruhiggestellt. Es erfolgt ebenfalls wie bei der klassischen Forced-Use Therapie an 10 Tagen ein mehrst&uuml;ndiges motorisches Training mit dem betroffenen Arm mit vielen Wiederholungen. Es wird ein intensives Training von Funktionen des Armes, der Hand und des Rumpfes durchgef&uuml;hrt.<\/p>\n\n\n\n<p>Sehr wichtig ist dabei, dass man zum Anfang realistische Ziele ausw&auml;hlt. Falls Sie interessiert sind, machen Sie sich bitte schon jetzt Gedanken, welche Therapieziele f&uuml;r Sie wichtig w&auml;ren.<\/p>\n\n\n\n<h2 class=\"wp-block-heading\"><strong>Forced-Use-Therapie der unteren Extremit&auml;t<\/strong><\/h2>\n\n\n\n<p>Bei der Forced-Use-Therapie der unteren Extremit&auml;t, handelt es sich um ein intensives Trainingsprogramm f&uuml;r Bein- und Rumpffunktionen bei Patienten mit einer Halbseitenl&auml;hmung und\/oder Gleichgewichtsst&ouml;rungen. Es erfolgt, wie bei der klassischen Forced-Use Therapie, an 10 Tagen ein mehrst&uuml;ndiges motorisches Training in 1-1 Betreuung, mit vielen Bewegungswiederholungen.<\/p>\n\n\n\n<p>Die Forced-Use Therapie der unteren Extremit&auml;t richtet sich an Patient:innen, die im Alltag mehr Sicherheit, Selbstst&auml;ndigkeit und einen gr&ouml;&szlig;eren Bewegungsradius erlangen wollen. Wir trainieren im Therapieraum, auf dem Flur, im Gel&auml;nde, an der Treppe und im Fitnessraum.<\/p>\n\n\n\n<p>Die Effektivit&auml;t der Therapie konnte durch klinisch signifikante Daten belegt werden. Sie h&auml;lt mindestens 3 Monate an. Durch eine Arbeit der Wissenschaftlerinnen Kr&uuml;ger und Peters konnten diese Ergebnisse nachgewiesen werden. Diese Arbeit mit dem Titel &ldquo;Forced-Use-Therapie der unteren Extremit&auml;ten f&uuml;hrt zu einer langandauernden funktionellen Besserung&rdquo;, wurde mit dem Wissenschaftspreis 2004 des ZVK (Zentralverband der Krankengymnast:innen\/Physiotherapeut:innen) pr&auml;miert.<\/p>\n\n\n\n<h3 class=\"wp-block-heading\">Kriterien f&uuml;r die Teilnahme:<\/h3>\n\n\n\n<p>Folgende Voraussetzungen sollten gegeben sein, um von diesem Therapieangebot profitieren zu k&ouml;nnen:<\/p>\n\n\n\n<ul class=\"wp-block-list\">\n<li>wenige Schritte mit maximal einer Hilfsperson<\/li>\n\n\n\n<li>kardiale Belastbarkeit<\/li>\n\n\n\n<li>keine Depressionen, da die Therapie viel Motivation erfordert; bei medikament&ouml;s gut eingestellten Symptomen, ist eine Therapie m&ouml;glich.<\/li>\n\n\n\n<li>Sprachverst&auml;ndnis<\/li>\n\n\n\n<li>keine ausgepr&auml;gten neuropsychologischen St&ouml;rungen (z. B. Ged&auml;chtnis, Aufmerksamkeit)<\/li>\n<\/ul>\n\n\n\n<p>Die Wirksamkeit der Forced-Use-Therapie wurde bereits in vielen Studien gezeigt. Die Kosten&uuml;bernahme durch die Krankenkassen erfolgt in Einzelfallentscheidung.<\/p>\n\n\n\n<p><\/p>\n","protected":false},"excerpt":{"rendered":"<p>Es handelt sich um eine&nbsp;Behandlungsmethode zur Verbesserung der Bewegungsf\u00e4higkeit betroffener Gliedmassen nach einer Hirnsch\u00e4digung. Eingeschr\u00e4nkte Extremit\u00e4ten werden gezwungen, bestimmte Bewegungen auszuf\u00fchren. Das stimuliert und st\u00e4rkt die relevanten Nervenbahnen im Gehirn. Bei der Forced-Use-Therapie handelt es sich um ein intensives Trainingsprogramm f\u00fcr Patient:innen mit einer Hemiparese. Die Therapie umfasst einen Behandlungszeitraum von zwei Wochen und wird &#8230; <a title=\"Forced-Use-Therapie\" class=\"read-more\" href=\"https:\/\/www.vitalibera.org\/community\/2025\/09\/28\/forced-use-therapie\/\" aria-label=\"Mehr Informationen \u00fcber Forced-Use-Therapie\">Weiterlesen<\/a><\/p>\n","protected":false},"author":1,"featured_media":2390,"comment_status":"open","ping_status":"open","sticky":false,"template":"","format":"standard","meta":{"cybocfi_hide_featured_image":"yes","_jetpack_memberships_contains_paid_content":false,"footnotes":""},"categories":[160],"tags":[],"class_list":["post-2388","post","type-post","status-publish","format-standard","has-post-thumbnail","hentry","category-therapien"],"yoast_head":"<!-- This site is optimized with the Yoast SEO plugin v27.4 - https:\/\/yoast.com\/product\/yoast-seo-wordpress\/ -->\r\n<title>Forced-Use-Therapie - vitalibera.org<\/title>\r\n<meta name=\"robots\" content=\"index, follow, max-snippet:-1, max-image-preview:large, max-video-preview:-1\" \/>\r\n<link rel=\"canonical\" href=\"https:\/\/www.vitalibera.org\/community\/2025\/09\/28\/forced-use-therapie\/\" \/>\r\n<meta property=\"og:locale\" content=\"de_DE\" \/>\r\n<meta property=\"og:type\" content=\"article\" \/>\r\n<meta property=\"og:title\" content=\"Forced-Use-Therapie - vitalibera.org\" \/>\r\n<meta property=\"og:description\" content=\"Es handelt sich um eine&nbsp;Behandlungsmethode zur Verbesserung der Bewegungsf\u00e4higkeit betroffener Gliedmassen nach einer Hirnsch\u00e4digung. Eingeschr\u00e4nkte Extremit\u00e4ten werden gezwungen, bestimmte Bewegungen auszuf\u00fchren. Das stimuliert und st\u00e4rkt die relevanten Nervenbahnen im Gehirn. Bei der Forced-Use-Therapie handelt es sich um ein intensives Trainingsprogramm f\u00fcr Patient:innen mit einer Hemiparese. Die Therapie umfasst einen Behandlungszeitraum von zwei Wochen und wird ... Weiterlesen\" \/>\r\n<meta property=\"og:url\" content=\"https:\/\/www.vitalibera.org\/community\/2025\/09\/28\/forced-use-therapie\/\" \/>\r\n<meta property=\"og:site_name\" content=\"vitalibera.org\" \/>\r\n<meta property=\"article:publisher\" content=\"https:\/\/www.facebook.com\/groups\/2997085857140235\" \/>\r\n<meta property=\"article:published_time\" content=\"2025-09-28T15:51:34+00:00\" \/>\r\n<meta property=\"article:modified_time\" content=\"2025-09-28T16:34:56+00:00\" \/>\r\n<meta property=\"og:image\" content=\"https:\/\/www.vitalibera.org\/community\/wp-content\/uploads\/2025\/09\/forceused.jpg\" \/>\r\n\t<meta property=\"og:image:width\" content=\"656\" \/>\r\n\t<meta property=\"og:image:height\" content=\"337\" \/>\r\n\t<meta property=\"og:image:type\" content=\"image\/jpeg\" \/>\r\n<meta name=\"author\" content=\"admin\" \/>\r\n<meta name=\"twitter:card\" content=\"summary_large_image\" \/>\r\n<meta name=\"twitter:label1\" content=\"Verfasst von\" \/>\n\t<meta name=\"twitter:data1\" content=\"admin\" \/>\n\t<meta name=\"twitter:label2\" content=\"Gesch\u00e4tzte Lesezeit\" \/>\n\t<meta name=\"twitter:data2\" content=\"5\u00a0Minuten\" \/>\r\n<script type=\"application\/ld+json\" class=\"yoast-schema-graph\">{\"@context\":\"https:\\\/\\\/schema.org\",\"@graph\":[{\"@type\":\"Article\",\"@id\":\"https:\\\/\\\/www.vitalibera.org\\\/community\\\/2025\\\/09\\\/28\\\/forced-use-therapie\\\/#article\",\"isPartOf\":{\"@id\":\"https:\\\/\\\/www.vitalibera.org\\\/community\\\/2025\\\/09\\\/28\\\/forced-use-therapie\\\/\"},\"author\":{\"name\":\"admin\",\"@id\":\"https:\\\/\\\/www.vitalibera.org\\\/community\\\/#\\\/schema\\\/person\\\/c535fa8d561f7f8ca425ced40d87e582\"},\"headline\":\"Forced-Use-Therapie\",\"datePublished\":\"2025-09-28T15:51:34+00:00\",\"dateModified\":\"2025-09-28T16:34:56+00:00\",\"mainEntityOfPage\":{\"@id\":\"https:\\\/\\\/www.vitalibera.org\\\/community\\\/2025\\\/09\\\/28\\\/forced-use-therapie\\\/\"},\"wordCount\":774,\"commentCount\":1,\"publisher\":{\"@id\":\"https:\\\/\\\/www.vitalibera.org\\\/community\\\/#organization\"},\"image\":{\"@id\":\"https:\\\/\\\/www.vitalibera.org\\\/community\\\/2025\\\/09\\\/28\\\/forced-use-therapie\\\/#primaryimage\"},\"thumbnailUrl\":\"https:\\\/\\\/www.vitalibera.org\\\/community\\\/wp-content\\\/uploads\\\/2025\\\/09\\\/forceused.jpg\",\"articleSection\":[\"Therapien\"],\"inLanguage\":\"de\",\"potentialAction\":[{\"@type\":\"CommentAction\",\"name\":\"Comment\",\"target\":[\"https:\\\/\\\/www.vitalibera.org\\\/community\\\/2025\\\/09\\\/28\\\/forced-use-therapie\\\/#respond\"]}]},{\"@type\":\"WebPage\",\"@id\":\"https:\\\/\\\/www.vitalibera.org\\\/community\\\/2025\\\/09\\\/28\\\/forced-use-therapie\\\/\",\"url\":\"https:\\\/\\\/www.vitalibera.org\\\/community\\\/2025\\\/09\\\/28\\\/forced-use-therapie\\\/\",\"name\":\"Forced-Use-Therapie - vitalibera.org\",\"isPartOf\":{\"@id\":\"https:\\\/\\\/www.vitalibera.org\\\/community\\\/#website\"},\"primaryImageOfPage\":{\"@id\":\"https:\\\/\\\/www.vitalibera.org\\\/community\\\/2025\\\/09\\\/28\\\/forced-use-therapie\\\/#primaryimage\"},\"image\":{\"@id\":\"https:\\\/\\\/www.vitalibera.org\\\/community\\\/2025\\\/09\\\/28\\\/forced-use-therapie\\\/#primaryimage\"},\"thumbnailUrl\":\"https:\\\/\\\/www.vitalibera.org\\\/community\\\/wp-content\\\/uploads\\\/2025\\\/09\\\/forceused.jpg\",\"datePublished\":\"2025-09-28T15:51:34+00:00\",\"dateModified\":\"2025-09-28T16:34:56+00:00\",\"breadcrumb\":{\"@id\":\"https:\\\/\\\/www.vitalibera.org\\\/community\\\/2025\\\/09\\\/28\\\/forced-use-therapie\\\/#breadcrumb\"},\"inLanguage\":\"de\",\"potentialAction\":[{\"@type\":\"ReadAction\",\"target\":[\"https:\\\/\\\/www.vitalibera.org\\\/community\\\/2025\\\/09\\\/28\\\/forced-use-therapie\\\/\"]}]},{\"@type\":\"BreadcrumbList\",\"@id\":\"https:\\\/\\\/www.vitalibera.org\\\/community\\\/2025\\\/09\\\/28\\\/forced-use-therapie\\\/#breadcrumb\",\"itemListElement\":[{\"@type\":\"ListItem\",\"position\":1,\"name\":\"Startseite\",\"item\":\"https:\\\/\\\/www.vitalibera.org\\\/community\\\/\"},{\"@type\":\"ListItem\",\"position\":2,\"name\":\"Forced-Use-Therapie\"}]},{\"@type\":\"WebSite\",\"@id\":\"https:\\\/\\\/www.vitalibera.org\\\/community\\\/#website\",\"url\":\"https:\\\/\\\/www.vitalibera.org\\\/community\\\/\",\"name\":\"vitalibera.org\",\"description\":\"Mit einer Einschr&auml;nkung gestaltet sich das Leben im Alltag oft schwieriger - hier berichten wir &uuml;ber unsere Erfahrungen und Hilfsmittel um den Alltag so unbeschwert und unkompliziert wie nur m&ouml;glich geniessen zu k&ouml;nnen. Dabei richten wir unseren Fokus gezielt auf Selbst&auml;ndigkeit, Eigenst&auml;ndigkeit und Selbstbestimmung.\",\"publisher\":{\"@id\":\"https:\\\/\\\/www.vitalibera.org\\\/community\\\/#organization\"},\"potentialAction\":[{\"@type\":\"SearchAction\",\"target\":{\"@type\":\"EntryPoint\",\"urlTemplate\":\"https:\\\/\\\/www.vitalibera.org\\\/community\\\/?s={search_term_string}\"},\"query-input\":{\"@type\":\"PropertyValueSpecification\",\"valueRequired\":true,\"valueName\":\"search_term_string\"}}],\"inLanguage\":\"de\"},{\"@type\":\"Organization\",\"@id\":\"https:\\\/\\\/www.vitalibera.org\\\/community\\\/#organization\",\"name\":\"vitalibera.org\",\"url\":\"https:\\\/\\\/www.vitalibera.org\\\/community\\\/\",\"logo\":{\"@type\":\"ImageObject\",\"inLanguage\":\"de\",\"@id\":\"https:\\\/\\\/www.vitalibera.org\\\/community\\\/#\\\/schema\\\/logo\\\/image\\\/\",\"url\":\"https:\\\/\\\/www.vitalibera.org\\\/community\\\/wp-content\\\/uploads\\\/2025\\\/09\\\/cropped-banner.png\",\"contentUrl\":\"https:\\\/\\\/www.vitalibera.org\\\/community\\\/wp-content\\\/uploads\\\/2025\\\/09\\\/cropped-banner.png\",\"width\":991,\"height\":150,\"caption\":\"vitalibera.org\"},\"image\":{\"@id\":\"https:\\\/\\\/www.vitalibera.org\\\/community\\\/#\\\/schema\\\/logo\\\/image\\\/\"},\"sameAs\":[\"https:\\\/\\\/www.facebook.com\\\/groups\\\/2997085857140235\"]},{\"@type\":\"Person\",\"@id\":\"https:\\\/\\\/www.vitalibera.org\\\/community\\\/#\\\/schema\\\/person\\\/c535fa8d561f7f8ca425ced40d87e582\",\"name\":\"admin\",\"image\":{\"@type\":\"ImageObject\",\"inLanguage\":\"de\",\"@id\":\"https:\\\/\\\/secure.gravatar.com\\\/avatar\\\/ad516503a11cd5ca435acc9bb6523536?s=96\",\"url\":\"https:\\\/\\\/secure.gravatar.com\\\/avatar\\\/ad516503a11cd5ca435acc9bb6523536?s=96\",\"contentUrl\":\"https:\\\/\\\/secure.gravatar.com\\\/avatar\\\/ad516503a11cd5ca435acc9bb6523536?s=96\",\"caption\":\"admin\"},\"description\":\"admin\",\"sameAs\":[\"http:\\\/\\\/www.vitalibera.org\\\/community\"],\"url\":\"https:\\\/\\\/www.vitalibera.org\\\/community\\\/author\\\/admin\\\/\"}]}<\/script>\r\n<!-- \/ Yoast SEO plugin. -->","yoast_head_json":{"title":"Forced-Use-Therapie - vitalibera.org","robots":{"index":"index","follow":"follow","max-snippet":"max-snippet:-1","max-image-preview":"max-image-preview:large","max-video-preview":"max-video-preview:-1"},"canonical":"https:\/\/www.vitalibera.org\/community\/2025\/09\/28\/forced-use-therapie\/","og_locale":"de_DE","og_type":"article","og_title":"Forced-Use-Therapie - vitalibera.org","og_description":"Es handelt sich um eine&nbsp;Behandlungsmethode zur Verbesserung der Bewegungsf\u00e4higkeit betroffener Gliedmassen nach einer Hirnsch\u00e4digung. Eingeschr\u00e4nkte Extremit\u00e4ten werden gezwungen, bestimmte Bewegungen auszuf\u00fchren. Das stimuliert und st\u00e4rkt die relevanten Nervenbahnen im Gehirn. Bei der Forced-Use-Therapie handelt es sich um ein intensives Trainingsprogramm f\u00fcr Patient:innen mit einer Hemiparese. Die Therapie umfasst einen Behandlungszeitraum von zwei Wochen und wird ... Weiterlesen","og_url":"https:\/\/www.vitalibera.org\/community\/2025\/09\/28\/forced-use-therapie\/","og_site_name":"vitalibera.org","article_publisher":"https:\/\/www.facebook.com\/groups\/2997085857140235","article_published_time":"2025-09-28T15:51:34+00:00","article_modified_time":"2025-09-28T16:34:56+00:00","og_image":[{"width":656,"height":337,"url":"https:\/\/www.vitalibera.org\/community\/wp-content\/uploads\/2025\/09\/forceused.jpg","type":"image\/jpeg"}],"author":"admin","twitter_card":"summary_large_image","twitter_misc":{"Verfasst von":"admin","Gesch\u00e4tzte Lesezeit":"5\u00a0Minuten"},"schema":{"@context":"https:\/\/schema.org","@graph":[{"@type":"Article","@id":"https:\/\/www.vitalibera.org\/community\/2025\/09\/28\/forced-use-therapie\/#article","isPartOf":{"@id":"https:\/\/www.vitalibera.org\/community\/2025\/09\/28\/forced-use-therapie\/"},"author":{"name":"admin","@id":"https:\/\/www.vitalibera.org\/community\/#\/schema\/person\/c535fa8d561f7f8ca425ced40d87e582"},"headline":"Forced-Use-Therapie","datePublished":"2025-09-28T15:51:34+00:00","dateModified":"2025-09-28T16:34:56+00:00","mainEntityOfPage":{"@id":"https:\/\/www.vitalibera.org\/community\/2025\/09\/28\/forced-use-therapie\/"},"wordCount":774,"commentCount":1,"publisher":{"@id":"https:\/\/www.vitalibera.org\/community\/#organization"},"image":{"@id":"https:\/\/www.vitalibera.org\/community\/2025\/09\/28\/forced-use-therapie\/#primaryimage"},"thumbnailUrl":"https:\/\/www.vitalibera.org\/community\/wp-content\/uploads\/2025\/09\/forceused.jpg","articleSection":["Therapien"],"inLanguage":"de","potentialAction":[{"@type":"CommentAction","name":"Comment","target":["https:\/\/www.vitalibera.org\/community\/2025\/09\/28\/forced-use-therapie\/#respond"]}]},{"@type":"WebPage","@id":"https:\/\/www.vitalibera.org\/community\/2025\/09\/28\/forced-use-therapie\/","url":"https:\/\/www.vitalibera.org\/community\/2025\/09\/28\/forced-use-therapie\/","name":"Forced-Use-Therapie - vitalibera.org","isPartOf":{"@id":"https:\/\/www.vitalibera.org\/community\/#website"},"primaryImageOfPage":{"@id":"https:\/\/www.vitalibera.org\/community\/2025\/09\/28\/forced-use-therapie\/#primaryimage"},"image":{"@id":"https:\/\/www.vitalibera.org\/community\/2025\/09\/28\/forced-use-therapie\/#primaryimage"},"thumbnailUrl":"https:\/\/www.vitalibera.org\/community\/wp-content\/uploads\/2025\/09\/forceused.jpg","datePublished":"2025-09-28T15:51:34+00:00","dateModified":"2025-09-28T16:34:56+00:00","breadcrumb":{"@id":"https:\/\/www.vitalibera.org\/community\/2025\/09\/28\/forced-use-therapie\/#breadcrumb"},"inLanguage":"de","potentialAction":[{"@type":"ReadAction","target":["https:\/\/www.vitalibera.org\/community\/2025\/09\/28\/forced-use-therapie\/"]}]},{"@type":"BreadcrumbList","@id":"https:\/\/www.vitalibera.org\/community\/2025\/09\/28\/forced-use-therapie\/#breadcrumb","itemListElement":[{"@type":"ListItem","position":1,"name":"Startseite","item":"https:\/\/www.vitalibera.org\/community\/"},{"@type":"ListItem","position":2,"name":"Forced-Use-Therapie"}]},{"@type":"WebSite","@id":"https:\/\/www.vitalibera.org\/community\/#website","url":"https:\/\/www.vitalibera.org\/community\/","name":"vitalibera.org","description":"Mit einer Einschr&auml;nkung gestaltet sich das Leben im Alltag oft schwieriger - hier berichten wir &uuml;ber unsere Erfahrungen und Hilfsmittel um den Alltag so unbeschwert und unkompliziert wie nur m&ouml;glich geniessen zu k&ouml;nnen. Dabei richten wir unseren Fokus gezielt auf Selbst&auml;ndigkeit, Eigenst&auml;ndigkeit und Selbstbestimmung.","publisher":{"@id":"https:\/\/www.vitalibera.org\/community\/#organization"},"potentialAction":[{"@type":"SearchAction","target":{"@type":"EntryPoint","urlTemplate":"https:\/\/www.vitalibera.org\/community\/?s={search_term_string}"},"query-input":{"@type":"PropertyValueSpecification","valueRequired":true,"valueName":"search_term_string"}}],"inLanguage":"de"},{"@type":"Organization","@id":"https:\/\/www.vitalibera.org\/community\/#organization","name":"vitalibera.org","url":"https:\/\/www.vitalibera.org\/community\/","logo":{"@type":"ImageObject","inLanguage":"de","@id":"https:\/\/www.vitalibera.org\/community\/#\/schema\/logo\/image\/","url":"https:\/\/www.vitalibera.org\/community\/wp-content\/uploads\/2025\/09\/cropped-banner.png","contentUrl":"https:\/\/www.vitalibera.org\/community\/wp-content\/uploads\/2025\/09\/cropped-banner.png","width":991,"height":150,"caption":"vitalibera.org"},"image":{"@id":"https:\/\/www.vitalibera.org\/community\/#\/schema\/logo\/image\/"},"sameAs":["https:\/\/www.facebook.com\/groups\/2997085857140235"]},{"@type":"Person","@id":"https:\/\/www.vitalibera.org\/community\/#\/schema\/person\/c535fa8d561f7f8ca425ced40d87e582","name":"admin","image":{"@type":"ImageObject","inLanguage":"de","@id":"https:\/\/secure.gravatar.com\/avatar\/ad516503a11cd5ca435acc9bb6523536?s=96","url":"https:\/\/secure.gravatar.com\/avatar\/ad516503a11cd5ca435acc9bb6523536?s=96","contentUrl":"https:\/\/secure.gravatar.com\/avatar\/ad516503a11cd5ca435acc9bb6523536?s=96","caption":"admin"},"description":"admin","sameAs":["http:\/\/www.vitalibera.org\/community"],"url":"https:\/\/www.vitalibera.org\/community\/author\/admin\/"}]}},"jetpack_featured_media_url":"https:\/\/www.vitalibera.org\/community\/wp-content\/uploads\/2025\/09\/forceused.jpg","jetpack_sharing_enabled":true,"jetpack-related-posts":[],"_links":{"self":[{"href":"https:\/\/www.vitalibera.org\/community\/wp-json\/wp\/v2\/posts\/2388","targetHints":{"allow":["GET"]}}],"collection":[{"href":"https:\/\/www.vitalibera.org\/community\/wp-json\/wp\/v2\/posts"}],"about":[{"href":"https:\/\/www.vitalibera.org\/community\/wp-json\/wp\/v2\/types\/post"}],"author":[{"embeddable":true,"href":"https:\/\/www.vitalibera.org\/community\/wp-json\/wp\/v2\/users\/1"}],"replies":[{"embeddable":true,"href":"https:\/\/www.vitalibera.org\/community\/wp-json\/wp\/v2\/comments?post=2388"}],"version-history":[{"count":0,"href":"https:\/\/www.vitalibera.org\/community\/wp-json\/wp\/v2\/posts\/2388\/revisions"}],"wp:featuredmedia":[{"embeddable":true,"href":"https:\/\/www.vitalibera.org\/community\/wp-json\/wp\/v2\/media\/2390"}],"wp:attachment":[{"href":"https:\/\/www.vitalibera.org\/community\/wp-json\/wp\/v2\/media?parent=2388"}],"wp:term":[{"taxonomy":"category","embeddable":true,"href":"https:\/\/www.vitalibera.org\/community\/wp-json\/wp\/v2\/categories?post=2388"},{"taxonomy":"post_tag","embeddable":true,"href":"https:\/\/www.vitalibera.org\/community\/wp-json\/wp\/v2\/tags?post=2388"}],"curies":[{"name":"wp","href":"https:\/\/api.w.org\/{rel}","templated":true}]}}