{"id":2393,"date":"2025-09-28T18:56:30","date_gmt":"2025-09-28T16:56:30","guid":{"rendered":"https:\/\/www.vitalibera.org\/community\/?p=2393"},"modified":"2025-09-28T19:42:01","modified_gmt":"2025-09-28T17:42:01","slug":"buerste-mit-saugnaepfen-zum-waschen-der-fuesse","status":"publish","type":"post","link":"https:\/\/www.vitalibera.org\/community\/2025\/09\/28\/buerste-mit-saugnaepfen-zum-waschen-der-fuesse\/","title":{"rendered":"B\u00fcrste mit Saugn\u00e4pfen zum waschen der F\u00fc\u00dfe"},"content":{"rendered":"<div class=\"postie-post\">\n<div>Eine solche Vorrichtung mit Saugn&auml;pfen an der Unterseite erm&ouml;glicht die gr&uuml;ndliche und sichere Reinigung der F&uuml;&szlig;e von der Ferse bis zu den Zehen, ohne sich dabei b&uuml;cken zu m&uuml;ssen und kann auch bei eingeschr&auml;nkter Beweglichkeit der Beine genutzt werden.Da sie mit Saugn&auml;pfen sicher am Boden fest gehalten wird kann sie auch sitzend gut genutzt werden.<br>\n<strong>Gleichzeitig erfolgt eine Massage der F&uuml;&szlig;e, was die Durchblutung f&ouml;rdert, und Nervenreize setzt!&nbsp;<\/strong>\n<div class=\"signature\"><\/div>\n<\/div>\n<div class=\"postie-attachments\"><a href=\"https:\/\/www.vitalibera.org\/community\/?attachment_id=2394#main\"><img decoding=\"async\" class=\"alignnone size-medium wp-image-2394\" src=\"https:\/\/www.vitalibera.org\/community\/wp-content\/uploads\/2025\/09\/Screenshot_20250928_151420_Temu-300x221.jpg\" alt=\"\" width=\"300px\" height=\"221px\" srcset=\"https:\/\/www.vitalibera.org\/community\/wp-content\/uploads\/2025\/09\/Screenshot_20250928_151420_Temu-300x221.jpg 300w, https:\/\/www.vitalibera.org\/community\/wp-content\/uploads\/2025\/09\/Screenshot_20250928_151420_Temu-1024x755.jpg 1024w, https:\/\/www.vitalibera.org\/community\/wp-content\/uploads\/2025\/09\/Screenshot_20250928_151420_Temu-768x566.jpg 768w, https:\/\/www.vitalibera.org\/community\/wp-content\/uploads\/2025\/09\/Screenshot_20250928_151420_Temu.jpg 1068w\" sizes=\"(max-width: 300px) 100vw, 300px\" \/><\/a><\/div>\n<div class=\"postie-attachments\"><\/div>\n<\/div>\n","protected":false},"excerpt":{"rendered":"<p>Eine solche Vorrichtung mit Saugn\u00e4pfen an der Unterseite erm\u00f6glicht die gr\u00fcndliche und sichere Reinigung der F\u00fc\u00dfe von der Ferse bis zu den Zehen, ohne sich dabei b\u00fccken zu m\u00fcssen und kann auch bei eingeschr\u00e4nkter Beweglichkeit der Beine genutzt werden.Da sie mit Saugn\u00e4pfen sicher am Boden fest gehalten wird kann sie auch sitzend gut genutzt werden. &#8230; <a title=\"B\u00fcrste mit Saugn\u00e4pfen zum waschen der F\u00fc\u00dfe\" class=\"read-more\" href=\"https:\/\/www.vitalibera.org\/community\/2025\/09\/28\/buerste-mit-saugnaepfen-zum-waschen-der-fuesse\/\" aria-label=\"Mehr Informationen \u00fcber B\u00fcrste mit Saugn\u00e4pfen zum waschen der F\u00fc\u00dfe\">Weiterlesen<\/a><\/p>\n","protected":false},"author":1,"featured_media":2394,"comment_status":"open","ping_status":"open","sticky":false,"template":"","format":"standard","meta":{"cybocfi_hide_featured_image":"yes","_jetpack_memberships_contains_paid_content":false,"footnotes":""},"categories":[43],"tags":[],"class_list":["post-2393","post","type-post","status-publish","format-standard","has-post-thumbnail","hentry","category-pflege"],"yoast_head":"<!-- This site is optimized with the Yoast SEO plugin v27.4 - https:\/\/yoast.com\/product\/yoast-seo-wordpress\/ -->\r\n<title>B\u00fcrste mit Saugn\u00e4pfen zum waschen der F\u00fc\u00dfe - vitalibera.org<\/title>\r\n<meta name=\"robots\" content=\"index, follow, max-snippet:-1, max-image-preview:large, max-video-preview:-1\" \/>\r\n<link rel=\"canonical\" href=\"https:\/\/www.vitalibera.org\/community\/2025\/09\/28\/buerste-mit-saugnaepfen-zum-waschen-der-fuesse\/\" \/>\r\n<meta property=\"og:locale\" content=\"de_DE\" \/>\r\n<meta property=\"og:type\" content=\"article\" \/>\r\n<meta property=\"og:title\" content=\"B\u00fcrste mit Saugn\u00e4pfen zum waschen der F\u00fc\u00dfe - vitalibera.org\" \/>\r\n<meta property=\"og:description\" content=\"Eine solche Vorrichtung mit Saugn\u00e4pfen an der Unterseite erm\u00f6glicht die gr\u00fcndliche und sichere Reinigung der F\u00fc\u00dfe von der Ferse bis zu den Zehen, ohne sich dabei b\u00fccken zu m\u00fcssen und kann auch bei eingeschr\u00e4nkter Beweglichkeit der Beine genutzt werden.Da sie mit Saugn\u00e4pfen sicher am Boden fest gehalten wird kann sie auch sitzend gut genutzt werden. ... Weiterlesen\" \/>\r\n<meta property=\"og:url\" content=\"https:\/\/www.vitalibera.org\/community\/2025\/09\/28\/buerste-mit-saugnaepfen-zum-waschen-der-fuesse\/\" \/>\r\n<meta property=\"og:site_name\" content=\"vitalibera.org\" \/>\r\n<meta property=\"article:publisher\" content=\"https:\/\/www.facebook.com\/groups\/2997085857140235\" \/>\r\n<meta property=\"article:published_time\" content=\"2025-09-28T16:56:30+00:00\" \/>\r\n<meta property=\"article:modified_time\" content=\"2025-09-28T17:42:01+00:00\" \/>\r\n<meta property=\"og:image\" content=\"https:\/\/www.vitalibera.org\/community\/wp-content\/uploads\/2025\/09\/Screenshot_20250928_151420_Temu.jpg\" \/>\r\n\t<meta property=\"og:image:width\" content=\"1068\" \/>\r\n\t<meta property=\"og:image:height\" content=\"787\" \/>\r\n\t<meta property=\"og:image:type\" content=\"image\/jpeg\" \/>\r\n<meta name=\"author\" content=\"admin\" \/>\r\n<meta name=\"twitter:card\" content=\"summary_large_image\" \/>\r\n<meta name=\"twitter:label1\" content=\"Verfasst von\" \/>\n\t<meta name=\"twitter:data1\" content=\"admin\" \/>\n\t<meta name=\"twitter:label2\" content=\"Gesch\u00e4tzte Lesezeit\" \/>\n\t<meta name=\"twitter:data2\" content=\"1\u00a0Minute\" \/>\r\n<script type=\"application\/ld+json\" class=\"yoast-schema-graph\">{\"@context\":\"https:\\\/\\\/schema.org\",\"@graph\":[{\"@type\":\"Article\",\"@id\":\"https:\\\/\\\/www.vitalibera.org\\\/community\\\/2025\\\/09\\\/28\\\/buerste-mit-saugnaepfen-zum-waschen-der-fuesse\\\/#article\",\"isPartOf\":{\"@id\":\"https:\\\/\\\/www.vitalibera.org\\\/community\\\/2025\\\/09\\\/28\\\/buerste-mit-saugnaepfen-zum-waschen-der-fuesse\\\/\"},\"author\":{\"name\":\"admin\",\"@id\":\"https:\\\/\\\/www.vitalibera.org\\\/community\\\/#\\\/schema\\\/person\\\/c535fa8d561f7f8ca425ced40d87e582\"},\"headline\":\"B\u00fcrste mit Saugn\u00e4pfen zum waschen der F\u00fc\u00dfe\",\"datePublished\":\"2025-09-28T16:56:30+00:00\",\"dateModified\":\"2025-09-28T17:42:01+00:00\",\"mainEntityOfPage\":{\"@id\":\"https:\\\/\\\/www.vitalibera.org\\\/community\\\/2025\\\/09\\\/28\\\/buerste-mit-saugnaepfen-zum-waschen-der-fuesse\\\/\"},\"wordCount\":89,\"commentCount\":0,\"publisher\":{\"@id\":\"https:\\\/\\\/www.vitalibera.org\\\/community\\\/#organization\"},\"image\":{\"@id\":\"https:\\\/\\\/www.vitalibera.org\\\/community\\\/2025\\\/09\\\/28\\\/buerste-mit-saugnaepfen-zum-waschen-der-fuesse\\\/#primaryimage\"},\"thumbnailUrl\":\"https:\\\/\\\/www.vitalibera.org\\\/community\\\/wp-content\\\/uploads\\\/2025\\\/09\\\/Screenshot_20250928_151420_Temu.jpg\",\"articleSection\":[\"Pflege\"],\"inLanguage\":\"de\",\"potentialAction\":[{\"@type\":\"CommentAction\",\"name\":\"Comment\",\"target\":[\"https:\\\/\\\/www.vitalibera.org\\\/community\\\/2025\\\/09\\\/28\\\/buerste-mit-saugnaepfen-zum-waschen-der-fuesse\\\/#respond\"]}]},{\"@type\":\"WebPage\",\"@id\":\"https:\\\/\\\/www.vitalibera.org\\\/community\\\/2025\\\/09\\\/28\\\/buerste-mit-saugnaepfen-zum-waschen-der-fuesse\\\/\",\"url\":\"https:\\\/\\\/www.vitalibera.org\\\/community\\\/2025\\\/09\\\/28\\\/buerste-mit-saugnaepfen-zum-waschen-der-fuesse\\\/\",\"name\":\"B\u00fcrste mit Saugn\u00e4pfen zum waschen der F\u00fc\u00dfe - vitalibera.org\",\"isPartOf\":{\"@id\":\"https:\\\/\\\/www.vitalibera.org\\\/community\\\/#website\"},\"primaryImageOfPage\":{\"@id\":\"https:\\\/\\\/www.vitalibera.org\\\/community\\\/2025\\\/09\\\/28\\\/buerste-mit-saugnaepfen-zum-waschen-der-fuesse\\\/#primaryimage\"},\"image\":{\"@id\":\"https:\\\/\\\/www.vitalibera.org\\\/community\\\/2025\\\/09\\\/28\\\/buerste-mit-saugnaepfen-zum-waschen-der-fuesse\\\/#primaryimage\"},\"thumbnailUrl\":\"https:\\\/\\\/www.vitalibera.org\\\/community\\\/wp-content\\\/uploads\\\/2025\\\/09\\\/Screenshot_20250928_151420_Temu.jpg\",\"datePublished\":\"2025-09-28T16:56:30+00:00\",\"dateModified\":\"2025-09-28T17:42:01+00:00\",\"breadcrumb\":{\"@id\":\"https:\\\/\\\/www.vitalibera.org\\\/community\\\/2025\\\/09\\\/28\\\/buerste-mit-saugnaepfen-zum-waschen-der-fuesse\\\/#breadcrumb\"},\"inLanguage\":\"de\",\"potentialAction\":[{\"@type\":\"ReadAction\",\"target\":[\"https:\\\/\\\/www.vitalibera.org\\\/community\\\/2025\\\/09\\\/28\\\/buerste-mit-saugnaepfen-zum-waschen-der-fuesse\\\/\"]}]},{\"@type\":\"BreadcrumbList\",\"@id\":\"https:\\\/\\\/www.vitalibera.org\\\/community\\\/2025\\\/09\\\/28\\\/buerste-mit-saugnaepfen-zum-waschen-der-fuesse\\\/#breadcrumb\",\"itemListElement\":[{\"@type\":\"ListItem\",\"position\":1,\"name\":\"Startseite\",\"item\":\"https:\\\/\\\/www.vitalibera.org\\\/community\\\/\"},{\"@type\":\"ListItem\",\"position\":2,\"name\":\"B\u00fcrste mit Saugn\u00e4pfen zum waschen der F\u00fc\u00dfe\"}]},{\"@type\":\"WebSite\",\"@id\":\"https:\\\/\\\/www.vitalibera.org\\\/community\\\/#website\",\"url\":\"https:\\\/\\\/www.vitalibera.org\\\/community\\\/\",\"name\":\"vitalibera.org\",\"description\":\"Mit einer Einschr&auml;nkung gestaltet sich das Leben im Alltag oft schwieriger - hier berichten wir &uuml;ber unsere Erfahrungen und Hilfsmittel um den Alltag so unbeschwert und unkompliziert wie nur m&ouml;glich geniessen zu k&ouml;nnen. Dabei richten wir unseren Fokus gezielt auf Selbst&auml;ndigkeit, Eigenst&auml;ndigkeit und Selbstbestimmung.\",\"publisher\":{\"@id\":\"https:\\\/\\\/www.vitalibera.org\\\/community\\\/#organization\"},\"potentialAction\":[{\"@type\":\"SearchAction\",\"target\":{\"@type\":\"EntryPoint\",\"urlTemplate\":\"https:\\\/\\\/www.vitalibera.org\\\/community\\\/?s={search_term_string}\"},\"query-input\":{\"@type\":\"PropertyValueSpecification\",\"valueRequired\":true,\"valueName\":\"search_term_string\"}}],\"inLanguage\":\"de\"},{\"@type\":\"Organization\",\"@id\":\"https:\\\/\\\/www.vitalibera.org\\\/community\\\/#organization\",\"name\":\"vitalibera.org\",\"url\":\"https:\\\/\\\/www.vitalibera.org\\\/community\\\/\",\"logo\":{\"@type\":\"ImageObject\",\"inLanguage\":\"de\",\"@id\":\"https:\\\/\\\/www.vitalibera.org\\\/community\\\/#\\\/schema\\\/logo\\\/image\\\/\",\"url\":\"https:\\\/\\\/www.vitalibera.org\\\/community\\\/wp-content\\\/uploads\\\/2025\\\/09\\\/cropped-banner.png\",\"contentUrl\":\"https:\\\/\\\/www.vitalibera.org\\\/community\\\/wp-content\\\/uploads\\\/2025\\\/09\\\/cropped-banner.png\",\"width\":991,\"height\":150,\"caption\":\"vitalibera.org\"},\"image\":{\"@id\":\"https:\\\/\\\/www.vitalibera.org\\\/community\\\/#\\\/schema\\\/logo\\\/image\\\/\"},\"sameAs\":[\"https:\\\/\\\/www.facebook.com\\\/groups\\\/2997085857140235\"]},{\"@type\":\"Person\",\"@id\":\"https:\\\/\\\/www.vitalibera.org\\\/community\\\/#\\\/schema\\\/person\\\/c535fa8d561f7f8ca425ced40d87e582\",\"name\":\"admin\",\"image\":{\"@type\":\"ImageObject\",\"inLanguage\":\"de\",\"@id\":\"https:\\\/\\\/secure.gravatar.com\\\/avatar\\\/ad516503a11cd5ca435acc9bb6523536?s=96\",\"url\":\"https:\\\/\\\/secure.gravatar.com\\\/avatar\\\/ad516503a11cd5ca435acc9bb6523536?s=96\",\"contentUrl\":\"https:\\\/\\\/secure.gravatar.com\\\/avatar\\\/ad516503a11cd5ca435acc9bb6523536?s=96\",\"caption\":\"admin\"},\"description\":\"admin\",\"sameAs\":[\"http:\\\/\\\/www.vitalibera.org\\\/community\"],\"url\":\"https:\\\/\\\/www.vitalibera.org\\\/community\\\/author\\\/admin\\\/\"}]}<\/script>\r\n<!-- \/ Yoast SEO plugin. -->","yoast_head_json":{"title":"B\u00fcrste mit Saugn\u00e4pfen zum waschen der F\u00fc\u00dfe - vitalibera.org","robots":{"index":"index","follow":"follow","max-snippet":"max-snippet:-1","max-image-preview":"max-image-preview:large","max-video-preview":"max-video-preview:-1"},"canonical":"https:\/\/www.vitalibera.org\/community\/2025\/09\/28\/buerste-mit-saugnaepfen-zum-waschen-der-fuesse\/","og_locale":"de_DE","og_type":"article","og_title":"B\u00fcrste mit Saugn\u00e4pfen zum waschen der F\u00fc\u00dfe - vitalibera.org","og_description":"Eine solche Vorrichtung mit Saugn\u00e4pfen an der Unterseite erm\u00f6glicht die gr\u00fcndliche und sichere Reinigung der F\u00fc\u00dfe von der Ferse bis zu den Zehen, ohne sich dabei b\u00fccken zu m\u00fcssen und kann auch bei eingeschr\u00e4nkter Beweglichkeit der Beine genutzt werden.Da sie mit Saugn\u00e4pfen sicher am Boden fest gehalten wird kann sie auch sitzend gut genutzt werden. ... Weiterlesen","og_url":"https:\/\/www.vitalibera.org\/community\/2025\/09\/28\/buerste-mit-saugnaepfen-zum-waschen-der-fuesse\/","og_site_name":"vitalibera.org","article_publisher":"https:\/\/www.facebook.com\/groups\/2997085857140235","article_published_time":"2025-09-28T16:56:30+00:00","article_modified_time":"2025-09-28T17:42:01+00:00","og_image":[{"width":1068,"height":787,"url":"https:\/\/www.vitalibera.org\/community\/wp-content\/uploads\/2025\/09\/Screenshot_20250928_151420_Temu.jpg","type":"image\/jpeg"}],"author":"admin","twitter_card":"summary_large_image","twitter_misc":{"Verfasst von":"admin","Gesch\u00e4tzte Lesezeit":"1\u00a0Minute"},"schema":{"@context":"https:\/\/schema.org","@graph":[{"@type":"Article","@id":"https:\/\/www.vitalibera.org\/community\/2025\/09\/28\/buerste-mit-saugnaepfen-zum-waschen-der-fuesse\/#article","isPartOf":{"@id":"https:\/\/www.vitalibera.org\/community\/2025\/09\/28\/buerste-mit-saugnaepfen-zum-waschen-der-fuesse\/"},"author":{"name":"admin","@id":"https:\/\/www.vitalibera.org\/community\/#\/schema\/person\/c535fa8d561f7f8ca425ced40d87e582"},"headline":"B\u00fcrste mit Saugn\u00e4pfen zum waschen der F\u00fc\u00dfe","datePublished":"2025-09-28T16:56:30+00:00","dateModified":"2025-09-28T17:42:01+00:00","mainEntityOfPage":{"@id":"https:\/\/www.vitalibera.org\/community\/2025\/09\/28\/buerste-mit-saugnaepfen-zum-waschen-der-fuesse\/"},"wordCount":89,"commentCount":0,"publisher":{"@id":"https:\/\/www.vitalibera.org\/community\/#organization"},"image":{"@id":"https:\/\/www.vitalibera.org\/community\/2025\/09\/28\/buerste-mit-saugnaepfen-zum-waschen-der-fuesse\/#primaryimage"},"thumbnailUrl":"https:\/\/www.vitalibera.org\/community\/wp-content\/uploads\/2025\/09\/Screenshot_20250928_151420_Temu.jpg","articleSection":["Pflege"],"inLanguage":"de","potentialAction":[{"@type":"CommentAction","name":"Comment","target":["https:\/\/www.vitalibera.org\/community\/2025\/09\/28\/buerste-mit-saugnaepfen-zum-waschen-der-fuesse\/#respond"]}]},{"@type":"WebPage","@id":"https:\/\/www.vitalibera.org\/community\/2025\/09\/28\/buerste-mit-saugnaepfen-zum-waschen-der-fuesse\/","url":"https:\/\/www.vitalibera.org\/community\/2025\/09\/28\/buerste-mit-saugnaepfen-zum-waschen-der-fuesse\/","name":"B\u00fcrste mit Saugn\u00e4pfen zum waschen der F\u00fc\u00dfe - vitalibera.org","isPartOf":{"@id":"https:\/\/www.vitalibera.org\/community\/#website"},"primaryImageOfPage":{"@id":"https:\/\/www.vitalibera.org\/community\/2025\/09\/28\/buerste-mit-saugnaepfen-zum-waschen-der-fuesse\/#primaryimage"},"image":{"@id":"https:\/\/www.vitalibera.org\/community\/2025\/09\/28\/buerste-mit-saugnaepfen-zum-waschen-der-fuesse\/#primaryimage"},"thumbnailUrl":"https:\/\/www.vitalibera.org\/community\/wp-content\/uploads\/2025\/09\/Screenshot_20250928_151420_Temu.jpg","datePublished":"2025-09-28T16:56:30+00:00","dateModified":"2025-09-28T17:42:01+00:00","breadcrumb":{"@id":"https:\/\/www.vitalibera.org\/community\/2025\/09\/28\/buerste-mit-saugnaepfen-zum-waschen-der-fuesse\/#breadcrumb"},"inLanguage":"de","potentialAction":[{"@type":"ReadAction","target":["https:\/\/www.vitalibera.org\/community\/2025\/09\/28\/buerste-mit-saugnaepfen-zum-waschen-der-fuesse\/"]}]},{"@type":"BreadcrumbList","@id":"https:\/\/www.vitalibera.org\/community\/2025\/09\/28\/buerste-mit-saugnaepfen-zum-waschen-der-fuesse\/#breadcrumb","itemListElement":[{"@type":"ListItem","position":1,"name":"Startseite","item":"https:\/\/www.vitalibera.org\/community\/"},{"@type":"ListItem","position":2,"name":"B\u00fcrste mit Saugn\u00e4pfen zum waschen der F\u00fc\u00dfe"}]},{"@type":"WebSite","@id":"https:\/\/www.vitalibera.org\/community\/#website","url":"https:\/\/www.vitalibera.org\/community\/","name":"vitalibera.org","description":"Mit einer Einschr&auml;nkung gestaltet sich das Leben im Alltag oft schwieriger - hier berichten wir &uuml;ber unsere Erfahrungen und Hilfsmittel um den Alltag so unbeschwert und unkompliziert wie nur m&ouml;glich geniessen zu k&ouml;nnen. Dabei richten wir unseren Fokus gezielt auf Selbst&auml;ndigkeit, Eigenst&auml;ndigkeit und Selbstbestimmung.","publisher":{"@id":"https:\/\/www.vitalibera.org\/community\/#organization"},"potentialAction":[{"@type":"SearchAction","target":{"@type":"EntryPoint","urlTemplate":"https:\/\/www.vitalibera.org\/community\/?s={search_term_string}"},"query-input":{"@type":"PropertyValueSpecification","valueRequired":true,"valueName":"search_term_string"}}],"inLanguage":"de"},{"@type":"Organization","@id":"https:\/\/www.vitalibera.org\/community\/#organization","name":"vitalibera.org","url":"https:\/\/www.vitalibera.org\/community\/","logo":{"@type":"ImageObject","inLanguage":"de","@id":"https:\/\/www.vitalibera.org\/community\/#\/schema\/logo\/image\/","url":"https:\/\/www.vitalibera.org\/community\/wp-content\/uploads\/2025\/09\/cropped-banner.png","contentUrl":"https:\/\/www.vitalibera.org\/community\/wp-content\/uploads\/2025\/09\/cropped-banner.png","width":991,"height":150,"caption":"vitalibera.org"},"image":{"@id":"https:\/\/www.vitalibera.org\/community\/#\/schema\/logo\/image\/"},"sameAs":["https:\/\/www.facebook.com\/groups\/2997085857140235"]},{"@type":"Person","@id":"https:\/\/www.vitalibera.org\/community\/#\/schema\/person\/c535fa8d561f7f8ca425ced40d87e582","name":"admin","image":{"@type":"ImageObject","inLanguage":"de","@id":"https:\/\/secure.gravatar.com\/avatar\/ad516503a11cd5ca435acc9bb6523536?s=96","url":"https:\/\/secure.gravatar.com\/avatar\/ad516503a11cd5ca435acc9bb6523536?s=96","contentUrl":"https:\/\/secure.gravatar.com\/avatar\/ad516503a11cd5ca435acc9bb6523536?s=96","caption":"admin"},"description":"admin","sameAs":["http:\/\/www.vitalibera.org\/community"],"url":"https:\/\/www.vitalibera.org\/community\/author\/admin\/"}]}},"jetpack_featured_media_url":"https:\/\/www.vitalibera.org\/community\/wp-content\/uploads\/2025\/09\/Screenshot_20250928_151420_Temu.jpg","jetpack_sharing_enabled":true,"jetpack-related-posts":[],"_links":{"self":[{"href":"https:\/\/www.vitalibera.org\/community\/wp-json\/wp\/v2\/posts\/2393","targetHints":{"allow":["GET"]}}],"collection":[{"href":"https:\/\/www.vitalibera.org\/community\/wp-json\/wp\/v2\/posts"}],"about":[{"href":"https:\/\/www.vitalibera.org\/community\/wp-json\/wp\/v2\/types\/post"}],"author":[{"embeddable":true,"href":"https:\/\/www.vitalibera.org\/community\/wp-json\/wp\/v2\/users\/1"}],"replies":[{"embeddable":true,"href":"https:\/\/www.vitalibera.org\/community\/wp-json\/wp\/v2\/comments?post=2393"}],"version-history":[{"count":0,"href":"https:\/\/www.vitalibera.org\/community\/wp-json\/wp\/v2\/posts\/2393\/revisions"}],"wp:featuredmedia":[{"embeddable":true,"href":"https:\/\/www.vitalibera.org\/community\/wp-json\/wp\/v2\/media\/2394"}],"wp:attachment":[{"href":"https:\/\/www.vitalibera.org\/community\/wp-json\/wp\/v2\/media?parent=2393"}],"wp:term":[{"taxonomy":"category","embeddable":true,"href":"https:\/\/www.vitalibera.org\/community\/wp-json\/wp\/v2\/categories?post=2393"},{"taxonomy":"post_tag","embeddable":true,"href":"https:\/\/www.vitalibera.org\/community\/wp-json\/wp\/v2\/tags?post=2393"}],"curies":[{"name":"wp","href":"https:\/\/api.w.org\/{rel}","templated":true}]}}