{"id":2472,"date":"2025-09-30T19:40:15","date_gmt":"2025-09-30T17:40:15","guid":{"rendered":"https:\/\/www.vitalibera.org\/community\/?p=2472"},"modified":"2025-09-30T19:45:25","modified_gmt":"2025-09-30T17:45:25","slug":"dekohaeuschen-zu-weihnachten","status":"publish","type":"post","link":"https:\/\/www.vitalibera.org\/community\/2025\/09\/30\/dekohaeuschen-zu-weihnachten\/","title":{"rendered":"Dekoh\u00e4uschen zu Weihnachten"},"content":{"rendered":"\n<p>Sc<strong>hritt Schritt Anleitung f&uuml;r eine s&uuml;sse Weihnachtsdekoration<\/strong>.Diese niedlichen&nbsp;<strong>Dekoh&auml;user aus Holz <\/strong>sind super schnell gemacht und passen perfekt zu Weihnachten. Habt viel Spa&szlig; beim Basteln!<\/p>\n\n\n\n<h2 class=\"wp-block-heading\">F&uuml;r die kleinen Dekoh&auml;user ben&ouml;tigt ihr:<\/h2>\n\n\n\n<ul class=\"wp-block-list\">\n<li><a href=\"https:\/\/amzn.to\/2ZDeRZX\" target=\"_blank\" rel=\"noreferrer noopener\">Spanntisch*<\/a><\/li>\n\n\n\n<li><a href=\"https:\/\/amzn.to\/2XUKugI\" target=\"_blank\" rel=\"noreferrer noopener\">Einhandzwingen*<\/a><\/li>\n\n\n\n<li><a href=\"https:\/\/amzn.to\/3aIepvs\" target=\"_blank\" rel=\"noreferrer noopener\">Universalwinkel*<\/a><\/li>\n\n\n\n<li>Holzbrett<\/li>\n\n\n\n<li><a href=\"https:\/\/amzn.to\/3o8ypPS\" target=\"_blank\" rel=\"noreferrer noopener\">(Japan-)S&auml;ge*<\/a><\/li>\n\n\n\n<li>Holzleim<\/li>\n\n\n\n<li><a href=\"https:\/\/amzn.to\/3lYi4ul\" target=\"_blank\" rel=\"noreferrer noopener\">Eckspanner*<\/a><\/li>\n\n\n\n<li><a href=\"https:\/\/amzn.to\/3kHQ9zz\" target=\"_blank\" rel=\"noreferrer noopener\">Schneidlade*<\/a><\/li>\n\n\n\n<li><a href=\"https:\/\/amzn.to\/3lYXNFc\" target=\"_blank\" rel=\"noreferrer noopener\">Handschleifer*<\/a><\/li>\n\n\n\n<li>optional: Pinsel, Handschuhe und Farbe<\/li>\n<\/ul>\n\n\n\n<p>1.&nbsp;<strong>Spannt<\/strong>&nbsp;als Erstes euer&nbsp;<strong>Holzbrett ein<\/strong>, sodass ihr im ersten Schritt eure&nbsp;<strong>Wunschma&szlig;e &uuml;bertragen k&ouml;nnt<\/strong>. F&uuml;r meine H&auml;user habe ich dabei&nbsp;<strong>folgende Ma&szlig;e verwendet<\/strong>:<\/p>\n\n\n\n<ul class=\"wp-block-list\">\n<li>Boden: L&auml;nge 10 cm x Breite 6 cm x H&ouml;he 0,8 cm<\/li>\n\n\n\n<li>Seitenteile: 12 cm x Breite 6 cm x H&ouml;he 0,8 cm<\/li>\n\n\n\n<li>Dach: 7 cm x Breite 6 cm x H&ouml;he 0,8 cm<\/li>\n<\/ul>\n\n\n\n<figure class=\"wp-block-image size-large\"><img fetchpriority=\"high\" decoding=\"async\" width=\"1024\" height=\"334\" src=\"https:\/\/www.vitalibera.org\/community\/wp-content\/uploads\/2025\/09\/step1-1024x334.png\" alt=\"\" class=\"wp-image-2473\" srcset=\"https:\/\/www.vitalibera.org\/community\/wp-content\/uploads\/2025\/09\/step1-1024x334.png 1024w, https:\/\/www.vitalibera.org\/community\/wp-content\/uploads\/2025\/09\/step1-300x98.png 300w, https:\/\/www.vitalibera.org\/community\/wp-content\/uploads\/2025\/09\/step1-768x250.png 768w, https:\/\/www.vitalibera.org\/community\/wp-content\/uploads\/2025\/09\/step1.png 1129w\" sizes=\"(max-width: 1024px) 100vw, 1024px\" \/><\/figure>\n\n\n\n<p>2. Sobald ihr alle&nbsp;<strong>Ma&szlig;e &uuml;bertragen habt<\/strong>, k&ouml;nnt ihr mit dem<strong>&nbsp;S&auml;gen beginnen<\/strong>. Ich habe daf&uuml;r eine Japans&auml;ge verwendet. Mit der S&auml;ge habt ihr&nbsp;<strong>wenige Splitter im Holz<\/strong>.<\/p>\n\n\n\n<figure class=\"wp-block-image size-large\"><img decoding=\"async\" width=\"1024\" height=\"331\" src=\"https:\/\/www.vitalibera.org\/community\/wp-content\/uploads\/2025\/09\/step2-1024x331.png\" alt=\"\" class=\"wp-image-2474\" srcset=\"https:\/\/www.vitalibera.org\/community\/wp-content\/uploads\/2025\/09\/step2-1024x331.png 1024w, https:\/\/www.vitalibera.org\/community\/wp-content\/uploads\/2025\/09\/step2-300x97.png 300w, https:\/\/www.vitalibera.org\/community\/wp-content\/uploads\/2025\/09\/step2-768x248.png 768w, https:\/\/www.vitalibera.org\/community\/wp-content\/uploads\/2025\/09\/step2.png 1132w\" sizes=\"(max-width: 1024px) 100vw, 1024px\" \/><\/figure>\n\n\n\n<p>3. Damit euer&nbsp;<strong>Dach perfekt zusammensitzt<\/strong>, s&auml;gt ihr die beiden Enden der&nbsp;<strong>Dachteile auf einen Winkel von 45 Grad zu<\/strong>. Dann k&ouml;nnt ihr die&nbsp;<strong>Spitze zusammen setzen<\/strong>, sodass eine sch&ouml;ne Dachspitze entsteht.<\/p>\n\n\n\n<p>4.&nbsp;<strong>Schleift anschlie&szlig;end eventuelle Splitter glatt ab<\/strong>, damit diese beim Leimen nicht st&ouml;ren.<\/p>\n\n\n\n<figure class=\"wp-block-image size-large\"><img decoding=\"async\" width=\"1024\" height=\"695\" src=\"https:\/\/www.vitalibera.org\/community\/wp-content\/uploads\/2025\/09\/step4-1024x695.png\" alt=\"\" class=\"wp-image-2475\" srcset=\"https:\/\/www.vitalibera.org\/community\/wp-content\/uploads\/2025\/09\/step4-1024x695.png 1024w, https:\/\/www.vitalibera.org\/community\/wp-content\/uploads\/2025\/09\/step4-300x204.png 300w, https:\/\/www.vitalibera.org\/community\/wp-content\/uploads\/2025\/09\/step4-768x521.png 768w, https:\/\/www.vitalibera.org\/community\/wp-content\/uploads\/2025\/09\/step4.png 1140w\" sizes=\"(max-width: 1024px) 100vw, 1024px\" \/><\/figure>\n\n\n\n<p>5. Gebt auf die&nbsp;<strong>Enden eurer Holzteile etwas Holzleim<\/strong>&nbsp;und setzt diese anschlie&szlig;end&nbsp;<strong>mit dem Eckspanner zusammen<\/strong>. Die&nbsp;<strong>Trockenzeit variiert<\/strong>&nbsp;je nachdem welchen&nbsp;<strong>Leim<\/strong>&nbsp;ihr verwendet habt. Sind der Bodenteil und das Dach getrocknet, k&ouml;nnt ihr&nbsp;<strong>beides zusammen setzen<\/strong>, miteinander verkleben und anschlie&szlig;end <a href=\"https:\/\/www.vitalibera.org\/community\/enzyklopaedie\/bem\/\" target=\"_self\" title=\"Das&nbsp;Betriebliche Eingliederungsmanagement&nbsp;(BEM) ist ein gesetzlich vorgeschriebenes Verfahren (&sect; 167 Abs. 2 SGB IX) in Deutschland. Es verpflichtet Arbeitgeber, Besch&auml;ftigten, die innerhalb eines Jahres l&auml;nger als sechs Wochen ununterbrochen oder wiederholt arbeitsunf&auml;hig sind, Ma&szlig;nahmen anzubieten, um Arbeitsunf&auml;higkeit zu &uuml;berwinden, erneuter vorzubeugen und den Arbeitsplatz zu erhalten.\" class=\"encyclopedia\">bem<\/a>alen.<\/p>\n\n\n\n<figure class=\"wp-block-image size-large\"><img loading=\"lazy\" decoding=\"async\" width=\"1024\" height=\"334\" src=\"https:\/\/www.vitalibera.org\/community\/wp-content\/uploads\/2025\/09\/step5-1024x334.png\" alt=\"\" class=\"wp-image-2476\" srcset=\"https:\/\/www.vitalibera.org\/community\/wp-content\/uploads\/2025\/09\/step5-1024x334.png 1024w, https:\/\/www.vitalibera.org\/community\/wp-content\/uploads\/2025\/09\/step5-300x98.png 300w, https:\/\/www.vitalibera.org\/community\/wp-content\/uploads\/2025\/09\/step5-768x251.png 768w, https:\/\/www.vitalibera.org\/community\/wp-content\/uploads\/2025\/09\/step5.png 1127w\" sizes=\"(max-width: 1024px) 100vw, 1024px\" \/><\/figure>\n\n\n\n<p>6. Zum&nbsp;<strong><a href=\"https:\/\/www.vitalibera.org\/community\/enzyklopaedie\/bem\/\" target=\"_self\" title=\"Das&nbsp;Betriebliche Eingliederungsmanagement&nbsp;(BEM) ist ein gesetzlich vorgeschriebenes Verfahren (&sect; 167 Abs. 2 SGB IX) in Deutschland. Es verpflichtet Arbeitgeber, Besch&auml;ftigten, die innerhalb eines Jahres l&auml;nger als sechs Wochen ununterbrochen oder wiederholt arbeitsunf&auml;hig sind, Ma&szlig;nahmen anzubieten, um Arbeitsunf&auml;higkeit zu &uuml;berwinden, erneuter vorzubeugen und den Arbeitsplatz zu erhalten.\" class=\"encyclopedia\">Bem<\/a>alen von meinen H&auml;usern<\/strong>&nbsp;habe ich&nbsp;<strong>Acrylfarbe<\/strong>&nbsp;verwendet. Die deckt auf dem Holz ganz wunderbar.<\/p>\n\n\n\n<p>Wenn ihr wollt, k&ouml;nnt ihr euer Haus mit ein&nbsp;<strong>paar kleinen Schritten individualisieren<\/strong>.<\/p>\n\n\n\n<ol class=\"wp-block-list\">\n<li><strong>Haken:<\/strong>&nbsp;Um etwas in eurem Dekohaus aufzuh&auml;ngen, k&ouml;nnt ihr vorsichtig einen Gewindehaken in die Mitte drehen und an diesem etwas aufh&auml;ngen.<\/li>\n\n\n\n<li><strong><a href=\"https:\/\/www.vitalibera.org\/community\/enzyklopaedie\/bem\/\" target=\"_self\" title=\"Das&nbsp;Betriebliche Eingliederungsmanagement&nbsp;(BEM) ist ein gesetzlich vorgeschriebenes Verfahren (&sect; 167 Abs. 2 SGB IX) in Deutschland. Es verpflichtet Arbeitgeber, Besch&auml;ftigten, die innerhalb eines Jahres l&auml;nger als sechs Wochen ununterbrochen oder wiederholt arbeitsunf&auml;hig sind, Ma&szlig;nahmen anzubieten, um Arbeitsunf&auml;higkeit zu &uuml;berwinden, erneuter vorzubeugen und den Arbeitsplatz zu erhalten.\" class=\"encyclopedia\">Bem<\/a>alen:<\/strong>&nbsp;Meine H&auml;user sind ganz schlicht gehalten. <a href=\"https:\/\/www.vitalibera.org\/community\/enzyklopaedie\/bem\/\" target=\"_self\" title=\"Das&nbsp;Betriebliche Eingliederungsmanagement&nbsp;(BEM) ist ein gesetzlich vorgeschriebenes Verfahren (&sect; 167 Abs. 2 SGB IX) in Deutschland. Es verpflichtet Arbeitgeber, Besch&auml;ftigten, die innerhalb eines Jahres l&auml;nger als sechs Wochen ununterbrochen oder wiederholt arbeitsunf&auml;hig sind, Ma&szlig;nahmen anzubieten, um Arbeitsunf&auml;higkeit zu &uuml;berwinden, erneuter vorzubeugen und den Arbeitsplatz zu erhalten.\" class=\"encyclopedia\">Bem<\/a>alt eure in euren Wunschfarben oder mit einem Muster eurer Wahl.<\/li>\n\n\n\n<li><strong>Kerze:<\/strong>&nbsp;In das Dach von einem meiner H&auml;user habe ich ein kleines Loch gebohrt. Das mit dem 45&deg; Winkel ist gar nicht so einfach, deswegen empfehle ich euch einfach im 90&deg; Winkel ein Loch zu bohren und anschlie&szlig;end mit einem schmalen Hobel das Loch zu erweitern und dann einen Kerzenhalter z.B. in Form von einem Kupferst&uuml;ck oder &auml;hnlichen im Holz befestigen.<\/li>\n<\/ol>\n\n\n\n<figure class=\"wp-block-image size-large\"><img loading=\"lazy\" decoding=\"async\" width=\"1024\" height=\"649\" src=\"https:\/\/www.vitalibera.org\/community\/wp-content\/uploads\/2025\/09\/step7-1024x649.png\" alt=\"\" class=\"wp-image-2477\" srcset=\"https:\/\/www.vitalibera.org\/community\/wp-content\/uploads\/2025\/09\/step7-1024x649.png 1024w, https:\/\/www.vitalibera.org\/community\/wp-content\/uploads\/2025\/09\/step7-300x190.png 300w, https:\/\/www.vitalibera.org\/community\/wp-content\/uploads\/2025\/09\/step7-768x487.png 768w, https:\/\/www.vitalibera.org\/community\/wp-content\/uploads\/2025\/09\/step7.png 1114w\" sizes=\"(max-width: 1024px) 100vw, 1024px\" \/><\/figure>\n","protected":false},"excerpt":{"rendered":"<p>Schritt Schritt Anleitung f\u00fcr eine s\u00fcsse Weihnachtsdekoration.Diese niedlichen&nbsp;Dekoh\u00e4user aus Holz sind super schnell gemacht und passen perfekt zu Weihnachten. Habt viel Spa\u00df beim Basteln! F\u00fcr die kleinen Dekoh\u00e4user ben\u00f6tigt ihr: 1.&nbsp;Spannt&nbsp;als Erstes euer&nbsp;Holzbrett ein, sodass ihr im ersten Schritt eure&nbsp;Wunschma\u00dfe \u00fcbertragen k\u00f6nnt. F\u00fcr meine H\u00e4user habe ich dabei&nbsp;folgende Ma\u00dfe verwendet: 2. Sobald ihr alle&nbsp;Ma\u00dfe \u00fcbertragen &#8230; <a title=\"Dekoh\u00e4uschen zu Weihnachten\" class=\"read-more\" href=\"https:\/\/www.vitalibera.org\/community\/2025\/09\/30\/dekohaeuschen-zu-weihnachten\/\" aria-label=\"Mehr Informationen \u00fcber Dekoh\u00e4uschen zu Weihnachten\">Weiterlesen<\/a><\/p>\n","protected":false},"author":1,"featured_media":2478,"comment_status":"open","ping_status":"open","sticky":false,"template":"","format":"standard","meta":{"cybocfi_hide_featured_image":"yes","_jetpack_memberships_contains_paid_content":false,"footnotes":""},"categories":[59],"tags":[],"class_list":["post-2472","post","type-post","status-publish","format-standard","has-post-thumbnail","hentry","category-do-it-yourself-diy-bastellanleitungen"],"yoast_head":"<!-- This site is optimized with the Yoast SEO plugin v27.4 - https:\/\/yoast.com\/product\/yoast-seo-wordpress\/ -->\r\n<title>Dekoh\u00e4uschen zu Weihnachten - vitalibera.org<\/title>\r\n<meta name=\"robots\" content=\"index, follow, max-snippet:-1, max-image-preview:large, max-video-preview:-1\" \/>\r\n<link rel=\"canonical\" href=\"http:\/\/www.vitalibera.org\/community\/2025\/09\/30\/dekohaeuschen-zu-weihnachten\/\" \/>\r\n<meta property=\"og:locale\" content=\"de_DE\" \/>\r\n<meta property=\"og:type\" content=\"article\" \/>\r\n<meta property=\"og:title\" content=\"Dekoh\u00e4uschen zu Weihnachten - vitalibera.org\" \/>\r\n<meta property=\"og:description\" content=\"Schritt Schritt Anleitung f\u00fcr eine s\u00fcsse Weihnachtsdekoration.Diese niedlichen&nbsp;Dekoh\u00e4user aus Holz sind super schnell gemacht und passen perfekt zu Weihnachten. Habt viel Spa\u00df beim Basteln! F\u00fcr die kleinen Dekoh\u00e4user ben\u00f6tigt ihr: 1.&nbsp;Spannt&nbsp;als Erstes euer&nbsp;Holzbrett ein, sodass ihr im ersten Schritt eure&nbsp;Wunschma\u00dfe \u00fcbertragen k\u00f6nnt. F\u00fcr meine H\u00e4user habe ich dabei&nbsp;folgende Ma\u00dfe verwendet: 2. Sobald ihr alle&nbsp;Ma\u00dfe \u00fcbertragen ... Weiterlesen\" \/>\r\n<meta property=\"og:url\" content=\"http:\/\/www.vitalibera.org\/community\/2025\/09\/30\/dekohaeuschen-zu-weihnachten\/\" \/>\r\n<meta property=\"og:site_name\" content=\"vitalibera.org\" \/>\r\n<meta property=\"article:publisher\" content=\"https:\/\/www.facebook.com\/groups\/2997085857140235\" \/>\r\n<meta property=\"article:published_time\" content=\"2025-09-30T17:40:15+00:00\" \/>\r\n<meta property=\"article:modified_time\" content=\"2025-09-30T17:45:25+00:00\" \/>\r\n<meta property=\"og:image\" content=\"http:\/\/www.vitalibera.org\/community\/wp-content\/uploads\/2025\/09\/step8.png\" \/>\r\n\t<meta property=\"og:image:width\" content=\"436\" \/>\r\n\t<meta property=\"og:image:height\" content=\"362\" \/>\r\n\t<meta property=\"og:image:type\" content=\"image\/png\" \/>\r\n<meta name=\"author\" content=\"admin\" \/>\r\n<meta name=\"twitter:card\" content=\"summary_large_image\" \/>\r\n<meta name=\"twitter:label1\" content=\"Verfasst von\" \/>\n\t<meta name=\"twitter:data1\" content=\"admin\" \/>\n\t<meta name=\"twitter:label2\" content=\"Gesch\u00e4tzte Lesezeit\" \/>\n\t<meta name=\"twitter:data2\" content=\"4\u00a0Minuten\" \/>\r\n<script type=\"application\/ld+json\" class=\"yoast-schema-graph\">{\"@context\":\"https:\\\/\\\/schema.org\",\"@graph\":[{\"@type\":\"Article\",\"@id\":\"http:\\\/\\\/www.vitalibera.org\\\/community\\\/2025\\\/09\\\/30\\\/dekohaeuschen-zu-weihnachten\\\/#article\",\"isPartOf\":{\"@id\":\"http:\\\/\\\/www.vitalibera.org\\\/community\\\/2025\\\/09\\\/30\\\/dekohaeuschen-zu-weihnachten\\\/\"},\"author\":{\"name\":\"admin\",\"@id\":\"https:\\\/\\\/www.vitalibera.org\\\/community\\\/#\\\/schema\\\/person\\\/c535fa8d561f7f8ca425ced40d87e582\"},\"headline\":\"Dekoh\u00e4uschen zu Weihnachten\",\"datePublished\":\"2025-09-30T17:40:15+00:00\",\"dateModified\":\"2025-09-30T17:45:25+00:00\",\"mainEntityOfPage\":{\"@id\":\"http:\\\/\\\/www.vitalibera.org\\\/community\\\/2025\\\/09\\\/30\\\/dekohaeuschen-zu-weihnachten\\\/\"},\"wordCount\":408,\"commentCount\":0,\"publisher\":{\"@id\":\"https:\\\/\\\/www.vitalibera.org\\\/community\\\/#organization\"},\"image\":{\"@id\":\"http:\\\/\\\/www.vitalibera.org\\\/community\\\/2025\\\/09\\\/30\\\/dekohaeuschen-zu-weihnachten\\\/#primaryimage\"},\"thumbnailUrl\":\"https:\\\/\\\/www.vitalibera.org\\\/community\\\/wp-content\\\/uploads\\\/2025\\\/09\\\/step8.png\",\"articleSection\":[\"Bastellanleitungen\"],\"inLanguage\":\"de\",\"potentialAction\":[{\"@type\":\"CommentAction\",\"name\":\"Comment\",\"target\":[\"http:\\\/\\\/www.vitalibera.org\\\/community\\\/2025\\\/09\\\/30\\\/dekohaeuschen-zu-weihnachten\\\/#respond\"]}]},{\"@type\":\"WebPage\",\"@id\":\"http:\\\/\\\/www.vitalibera.org\\\/community\\\/2025\\\/09\\\/30\\\/dekohaeuschen-zu-weihnachten\\\/\",\"url\":\"http:\\\/\\\/www.vitalibera.org\\\/community\\\/2025\\\/09\\\/30\\\/dekohaeuschen-zu-weihnachten\\\/\",\"name\":\"Dekoh\u00e4uschen zu Weihnachten - vitalibera.org\",\"isPartOf\":{\"@id\":\"https:\\\/\\\/www.vitalibera.org\\\/community\\\/#website\"},\"primaryImageOfPage\":{\"@id\":\"http:\\\/\\\/www.vitalibera.org\\\/community\\\/2025\\\/09\\\/30\\\/dekohaeuschen-zu-weihnachten\\\/#primaryimage\"},\"image\":{\"@id\":\"http:\\\/\\\/www.vitalibera.org\\\/community\\\/2025\\\/09\\\/30\\\/dekohaeuschen-zu-weihnachten\\\/#primaryimage\"},\"thumbnailUrl\":\"https:\\\/\\\/www.vitalibera.org\\\/community\\\/wp-content\\\/uploads\\\/2025\\\/09\\\/step8.png\",\"datePublished\":\"2025-09-30T17:40:15+00:00\",\"dateModified\":\"2025-09-30T17:45:25+00:00\",\"breadcrumb\":{\"@id\":\"http:\\\/\\\/www.vitalibera.org\\\/community\\\/2025\\\/09\\\/30\\\/dekohaeuschen-zu-weihnachten\\\/#breadcrumb\"},\"inLanguage\":\"de\",\"potentialAction\":[{\"@type\":\"ReadAction\",\"target\":[\"http:\\\/\\\/www.vitalibera.org\\\/community\\\/2025\\\/09\\\/30\\\/dekohaeuschen-zu-weihnachten\\\/\"]}]},{\"@type\":\"BreadcrumbList\",\"@id\":\"http:\\\/\\\/www.vitalibera.org\\\/community\\\/2025\\\/09\\\/30\\\/dekohaeuschen-zu-weihnachten\\\/#breadcrumb\",\"itemListElement\":[{\"@type\":\"ListItem\",\"position\":1,\"name\":\"Startseite\",\"item\":\"https:\\\/\\\/www.vitalibera.org\\\/community\\\/\"},{\"@type\":\"ListItem\",\"position\":2,\"name\":\"Dekoh\u00e4uschen zu Weihnachten\"}]},{\"@type\":\"WebSite\",\"@id\":\"https:\\\/\\\/www.vitalibera.org\\\/community\\\/#website\",\"url\":\"https:\\\/\\\/www.vitalibera.org\\\/community\\\/\",\"name\":\"vitalibera.org\",\"description\":\"Mit einer Einschr&auml;nkung gestaltet sich das Leben im Alltag oft schwieriger - hier berichten wir &uuml;ber unsere Erfahrungen und Hilfsmittel um den Alltag so unbeschwert und unkompliziert wie nur m&ouml;glich geniessen zu k&ouml;nnen. Dabei richten wir unseren Fokus gezielt auf Selbst&auml;ndigkeit, Eigenst&auml;ndigkeit und Selbstbestimmung.\",\"publisher\":{\"@id\":\"https:\\\/\\\/www.vitalibera.org\\\/community\\\/#organization\"},\"potentialAction\":[{\"@type\":\"SearchAction\",\"target\":{\"@type\":\"EntryPoint\",\"urlTemplate\":\"https:\\\/\\\/www.vitalibera.org\\\/community\\\/?s={search_term_string}\"},\"query-input\":{\"@type\":\"PropertyValueSpecification\",\"valueRequired\":true,\"valueName\":\"search_term_string\"}}],\"inLanguage\":\"de\"},{\"@type\":\"Organization\",\"@id\":\"https:\\\/\\\/www.vitalibera.org\\\/community\\\/#organization\",\"name\":\"vitalibera.org\",\"url\":\"https:\\\/\\\/www.vitalibera.org\\\/community\\\/\",\"logo\":{\"@type\":\"ImageObject\",\"inLanguage\":\"de\",\"@id\":\"https:\\\/\\\/www.vitalibera.org\\\/community\\\/#\\\/schema\\\/logo\\\/image\\\/\",\"url\":\"https:\\\/\\\/www.vitalibera.org\\\/community\\\/wp-content\\\/uploads\\\/2025\\\/09\\\/cropped-banner.png\",\"contentUrl\":\"https:\\\/\\\/www.vitalibera.org\\\/community\\\/wp-content\\\/uploads\\\/2025\\\/09\\\/cropped-banner.png\",\"width\":991,\"height\":150,\"caption\":\"vitalibera.org\"},\"image\":{\"@id\":\"https:\\\/\\\/www.vitalibera.org\\\/community\\\/#\\\/schema\\\/logo\\\/image\\\/\"},\"sameAs\":[\"https:\\\/\\\/www.facebook.com\\\/groups\\\/2997085857140235\"]},{\"@type\":\"Person\",\"@id\":\"https:\\\/\\\/www.vitalibera.org\\\/community\\\/#\\\/schema\\\/person\\\/c535fa8d561f7f8ca425ced40d87e582\",\"name\":\"admin\",\"image\":{\"@type\":\"ImageObject\",\"inLanguage\":\"de\",\"@id\":\"https:\\\/\\\/secure.gravatar.com\\\/avatar\\\/ad516503a11cd5ca435acc9bb6523536?s=96\",\"url\":\"https:\\\/\\\/secure.gravatar.com\\\/avatar\\\/ad516503a11cd5ca435acc9bb6523536?s=96\",\"contentUrl\":\"https:\\\/\\\/secure.gravatar.com\\\/avatar\\\/ad516503a11cd5ca435acc9bb6523536?s=96\",\"caption\":\"admin\"},\"description\":\"admin\",\"sameAs\":[\"http:\\\/\\\/www.vitalibera.org\\\/community\"],\"url\":\"https:\\\/\\\/www.vitalibera.org\\\/community\\\/author\\\/admin\\\/\"}]}<\/script>\r\n<!-- \/ Yoast SEO plugin. -->","yoast_head_json":{"title":"Dekoh\u00e4uschen zu Weihnachten - vitalibera.org","robots":{"index":"index","follow":"follow","max-snippet":"max-snippet:-1","max-image-preview":"max-image-preview:large","max-video-preview":"max-video-preview:-1"},"canonical":"http:\/\/www.vitalibera.org\/community\/2025\/09\/30\/dekohaeuschen-zu-weihnachten\/","og_locale":"de_DE","og_type":"article","og_title":"Dekoh\u00e4uschen zu Weihnachten - vitalibera.org","og_description":"Schritt Schritt Anleitung f\u00fcr eine s\u00fcsse Weihnachtsdekoration.Diese niedlichen&nbsp;Dekoh\u00e4user aus Holz sind super schnell gemacht und passen perfekt zu Weihnachten. Habt viel Spa\u00df beim Basteln! F\u00fcr die kleinen Dekoh\u00e4user ben\u00f6tigt ihr: 1.&nbsp;Spannt&nbsp;als Erstes euer&nbsp;Holzbrett ein, sodass ihr im ersten Schritt eure&nbsp;Wunschma\u00dfe \u00fcbertragen k\u00f6nnt. F\u00fcr meine H\u00e4user habe ich dabei&nbsp;folgende Ma\u00dfe verwendet: 2. Sobald ihr alle&nbsp;Ma\u00dfe \u00fcbertragen ... Weiterlesen","og_url":"http:\/\/www.vitalibera.org\/community\/2025\/09\/30\/dekohaeuschen-zu-weihnachten\/","og_site_name":"vitalibera.org","article_publisher":"https:\/\/www.facebook.com\/groups\/2997085857140235","article_published_time":"2025-09-30T17:40:15+00:00","article_modified_time":"2025-09-30T17:45:25+00:00","og_image":[{"width":436,"height":362,"url":"http:\/\/www.vitalibera.org\/community\/wp-content\/uploads\/2025\/09\/step8.png","type":"image\/png"}],"author":"admin","twitter_card":"summary_large_image","twitter_misc":{"Verfasst von":"admin","Gesch\u00e4tzte Lesezeit":"4\u00a0Minuten"},"schema":{"@context":"https:\/\/schema.org","@graph":[{"@type":"Article","@id":"http:\/\/www.vitalibera.org\/community\/2025\/09\/30\/dekohaeuschen-zu-weihnachten\/#article","isPartOf":{"@id":"http:\/\/www.vitalibera.org\/community\/2025\/09\/30\/dekohaeuschen-zu-weihnachten\/"},"author":{"name":"admin","@id":"https:\/\/www.vitalibera.org\/community\/#\/schema\/person\/c535fa8d561f7f8ca425ced40d87e582"},"headline":"Dekoh\u00e4uschen zu Weihnachten","datePublished":"2025-09-30T17:40:15+00:00","dateModified":"2025-09-30T17:45:25+00:00","mainEntityOfPage":{"@id":"http:\/\/www.vitalibera.org\/community\/2025\/09\/30\/dekohaeuschen-zu-weihnachten\/"},"wordCount":408,"commentCount":0,"publisher":{"@id":"https:\/\/www.vitalibera.org\/community\/#organization"},"image":{"@id":"http:\/\/www.vitalibera.org\/community\/2025\/09\/30\/dekohaeuschen-zu-weihnachten\/#primaryimage"},"thumbnailUrl":"https:\/\/www.vitalibera.org\/community\/wp-content\/uploads\/2025\/09\/step8.png","articleSection":["Bastellanleitungen"],"inLanguage":"de","potentialAction":[{"@type":"CommentAction","name":"Comment","target":["http:\/\/www.vitalibera.org\/community\/2025\/09\/30\/dekohaeuschen-zu-weihnachten\/#respond"]}]},{"@type":"WebPage","@id":"http:\/\/www.vitalibera.org\/community\/2025\/09\/30\/dekohaeuschen-zu-weihnachten\/","url":"http:\/\/www.vitalibera.org\/community\/2025\/09\/30\/dekohaeuschen-zu-weihnachten\/","name":"Dekoh\u00e4uschen zu Weihnachten - vitalibera.org","isPartOf":{"@id":"https:\/\/www.vitalibera.org\/community\/#website"},"primaryImageOfPage":{"@id":"http:\/\/www.vitalibera.org\/community\/2025\/09\/30\/dekohaeuschen-zu-weihnachten\/#primaryimage"},"image":{"@id":"http:\/\/www.vitalibera.org\/community\/2025\/09\/30\/dekohaeuschen-zu-weihnachten\/#primaryimage"},"thumbnailUrl":"https:\/\/www.vitalibera.org\/community\/wp-content\/uploads\/2025\/09\/step8.png","datePublished":"2025-09-30T17:40:15+00:00","dateModified":"2025-09-30T17:45:25+00:00","breadcrumb":{"@id":"http:\/\/www.vitalibera.org\/community\/2025\/09\/30\/dekohaeuschen-zu-weihnachten\/#breadcrumb"},"inLanguage":"de","potentialAction":[{"@type":"ReadAction","target":["http:\/\/www.vitalibera.org\/community\/2025\/09\/30\/dekohaeuschen-zu-weihnachten\/"]}]},{"@type":"BreadcrumbList","@id":"http:\/\/www.vitalibera.org\/community\/2025\/09\/30\/dekohaeuschen-zu-weihnachten\/#breadcrumb","itemListElement":[{"@type":"ListItem","position":1,"name":"Startseite","item":"https:\/\/www.vitalibera.org\/community\/"},{"@type":"ListItem","position":2,"name":"Dekoh\u00e4uschen zu Weihnachten"}]},{"@type":"WebSite","@id":"https:\/\/www.vitalibera.org\/community\/#website","url":"https:\/\/www.vitalibera.org\/community\/","name":"vitalibera.org","description":"Mit einer Einschr&auml;nkung gestaltet sich das Leben im Alltag oft schwieriger - hier berichten wir &uuml;ber unsere Erfahrungen und Hilfsmittel um den Alltag so unbeschwert und unkompliziert wie nur m&ouml;glich geniessen zu k&ouml;nnen. Dabei richten wir unseren Fokus gezielt auf Selbst&auml;ndigkeit, Eigenst&auml;ndigkeit und Selbstbestimmung.","publisher":{"@id":"https:\/\/www.vitalibera.org\/community\/#organization"},"potentialAction":[{"@type":"SearchAction","target":{"@type":"EntryPoint","urlTemplate":"https:\/\/www.vitalibera.org\/community\/?s={search_term_string}"},"query-input":{"@type":"PropertyValueSpecification","valueRequired":true,"valueName":"search_term_string"}}],"inLanguage":"de"},{"@type":"Organization","@id":"https:\/\/www.vitalibera.org\/community\/#organization","name":"vitalibera.org","url":"https:\/\/www.vitalibera.org\/community\/","logo":{"@type":"ImageObject","inLanguage":"de","@id":"https:\/\/www.vitalibera.org\/community\/#\/schema\/logo\/image\/","url":"https:\/\/www.vitalibera.org\/community\/wp-content\/uploads\/2025\/09\/cropped-banner.png","contentUrl":"https:\/\/www.vitalibera.org\/community\/wp-content\/uploads\/2025\/09\/cropped-banner.png","width":991,"height":150,"caption":"vitalibera.org"},"image":{"@id":"https:\/\/www.vitalibera.org\/community\/#\/schema\/logo\/image\/"},"sameAs":["https:\/\/www.facebook.com\/groups\/2997085857140235"]},{"@type":"Person","@id":"https:\/\/www.vitalibera.org\/community\/#\/schema\/person\/c535fa8d561f7f8ca425ced40d87e582","name":"admin","image":{"@type":"ImageObject","inLanguage":"de","@id":"https:\/\/secure.gravatar.com\/avatar\/ad516503a11cd5ca435acc9bb6523536?s=96","url":"https:\/\/secure.gravatar.com\/avatar\/ad516503a11cd5ca435acc9bb6523536?s=96","contentUrl":"https:\/\/secure.gravatar.com\/avatar\/ad516503a11cd5ca435acc9bb6523536?s=96","caption":"admin"},"description":"admin","sameAs":["http:\/\/www.vitalibera.org\/community"],"url":"https:\/\/www.vitalibera.org\/community\/author\/admin\/"}]}},"jetpack_featured_media_url":"https:\/\/www.vitalibera.org\/community\/wp-content\/uploads\/2025\/09\/step8.png","jetpack_sharing_enabled":true,"jetpack-related-posts":[],"_links":{"self":[{"href":"https:\/\/www.vitalibera.org\/community\/wp-json\/wp\/v2\/posts\/2472","targetHints":{"allow":["GET"]}}],"collection":[{"href":"https:\/\/www.vitalibera.org\/community\/wp-json\/wp\/v2\/posts"}],"about":[{"href":"https:\/\/www.vitalibera.org\/community\/wp-json\/wp\/v2\/types\/post"}],"author":[{"embeddable":true,"href":"https:\/\/www.vitalibera.org\/community\/wp-json\/wp\/v2\/users\/1"}],"replies":[{"embeddable":true,"href":"https:\/\/www.vitalibera.org\/community\/wp-json\/wp\/v2\/comments?post=2472"}],"version-history":[{"count":0,"href":"https:\/\/www.vitalibera.org\/community\/wp-json\/wp\/v2\/posts\/2472\/revisions"}],"wp:featuredmedia":[{"embeddable":true,"href":"https:\/\/www.vitalibera.org\/community\/wp-json\/wp\/v2\/media\/2478"}],"wp:attachment":[{"href":"https:\/\/www.vitalibera.org\/community\/wp-json\/wp\/v2\/media?parent=2472"}],"wp:term":[{"taxonomy":"category","embeddable":true,"href":"https:\/\/www.vitalibera.org\/community\/wp-json\/wp\/v2\/categories?post=2472"},{"taxonomy":"post_tag","embeddable":true,"href":"https:\/\/www.vitalibera.org\/community\/wp-json\/wp\/v2\/tags?post=2472"}],"curies":[{"name":"wp","href":"https:\/\/api.w.org\/{rel}","templated":true}]}}