{"id":2586,"date":"2025-10-02T19:10:29","date_gmt":"2025-10-02T17:10:29","guid":{"rendered":"https:\/\/www.vitalibera.org\/community\/?p=2586"},"modified":"2025-10-02T19:14:12","modified_gmt":"2025-10-02T17:14:12","slug":"buendner-nusstorte","status":"publish","type":"post","link":"https:\/\/www.vitalibera.org\/community\/2025\/10\/02\/buendner-nusstorte\/","title":{"rendered":"B\u00fcndner Nusstorte"},"content":{"rendered":"\n<div class=\"wp-block-media-text is-stacked-on-mobile is-vertically-aligned-top\"><figure class=\"wp-block-media-text__media\"><img fetchpriority=\"high\" decoding=\"async\" width=\"636\" height=\"429\" src=\"https:\/\/www.vitalibera.org\/community\/wp-content\/uploads\/2025\/10\/buendnernusstorte.png\" alt=\"\" class=\"wp-image-2587 size-full\" srcset=\"https:\/\/www.vitalibera.org\/community\/wp-content\/uploads\/2025\/10\/buendnernusstorte.png 636w, https:\/\/www.vitalibera.org\/community\/wp-content\/uploads\/2025\/10\/buendnernusstorte-300x202.png 300w\" sizes=\"(max-width: 636px) 100vw, 636px\" \/><\/figure><div class=\"wp-block-media-text__content\">\n<p>300&nbsp;g Mehl<br>125&nbsp;g  Zucker<br>1&nbsp;Prise<strong> <\/strong>Salz, <br>175g Butter in St&uuml;cken, kalt<br>1 Ei, verklopft<br>250g Zucker<br>3 EL Wasser<br>300g Baumn&uuml;sse grob gehackt<br>2dl Vollrahm<br>3 EL Fl&uuml;ssiger Honig<\/p>\n\n\n\n<p>M&uuml;rbeteig: Mehl, Zucker und Salz in einer Sch&uuml;ssel mischen. Butter beigeben, von Hand zu einer gleichm&auml;ssig kr&uuml;meligen Masse verreiben. Ei beigeben, rasch zu einem weichen Teig zusammenf&uuml;gen, nicht kneten. Teig flach dr&uuml;cken, zugedeckt ca. 30 Min. k&uuml;hl stellen.<\/p>\n\n\n\n<p>Teig dritteln. 1\/3 des Teigs auf wenig Mehl in der Gr&ouml;sse des Formenbodens auswallen, auf ein Backpapier legen, zugedeckt k&uuml;hl stellen. 1\/3 des Teigs auf dem vorbereiteten Formenboden auswallen, Formenrand schliessen. Den restlichen Teig zu einer ca. 60 cm langen Rolle formen, an den Rand des Teigbodens legen, leicht andr&uuml;cken, dabei den Rand ca. 4 cm hochziehen. Boden mit einer Gabel dicht einstechen, k&uuml;hl stellen.<\/p>\n\n\n\n<p>Zucker und Wasser in einer weiten Pfanne ohne R&uuml;hren aufkochen. Hitze reduzieren, unter gelegentlichem Hin-und-her-Bewegen der Pfanne k&ouml;cheln, bis ein hellbrauner Caramel entsteht. Pfanne von der Platte nehmen, N&uuml;sse daruntermischen. Rahm dazugiessen, unter R&uuml;hren bei kleiner Hitze k&ouml;cheln, bis sich der Caramel aufgel&ouml;st hat, ca. 10 Min. eink&ouml;cheln. Honig daruntermischen, ausk&uuml;hlen. F&uuml;llung auf dem Teigboden verteilen. Vorstehenden Teigrand auf die F&uuml;llung legen, mit Wasser bestreichen. K&uuml;hl gestellten Teigdeckel mit einer Gabel einstechen, darauflegen, mit der Gabel am Rand gut andr&uuml;cken<\/p>\n\n\n\n<p>Backen: ca. 40 Min. in der unteren H&auml;lfte des auf 200 Grad vorgeheizten Ofens. Herausnehmen, etwas abk&uuml;hlen, Formenrand entfernen, Torte auf ein Gitter schieben, ausk&uuml;hlen.<\/p>\n\n\n\n<h3 class=\"wp-block-heading\">Hinweise<\/h3>\n\n\n\n<p>Form: F&uuml;r eine Springform von ca. 24 cm &Oslash;, gefette<\/p>\n\n\n\n<p>Haltbarkeit: in Folie eingepackt im K&uuml;hlschrank ca. 2 Wochen. Die Torte l&auml;sst sich ab dem zweiten Tag besser schneiden.<\/p>\n<\/div><\/div>\n","protected":false},"excerpt":{"rendered":"<p>300&nbsp;g Mehl125&nbsp;g Zucker1&nbsp;Prise Salz, 175g Butter in St\u00fccken, kalt1 Ei, verklopft250g Zucker3 EL Wasser300g Baumn\u00fcsse grob gehackt2dl Vollrahm3 EL Fl\u00fcssiger Honig M\u00fcrbeteig: Mehl, Zucker und Salz in einer Sch\u00fcssel mischen. Butter beigeben, von Hand zu einer gleichm\u00e4ssig kr\u00fcmeligen Masse verreiben. Ei beigeben, rasch zu einem weichen Teig zusammenf\u00fcgen, nicht kneten. Teig flach dr\u00fccken, zugedeckt ca. &#8230; <a title=\"B\u00fcndner Nusstorte\" class=\"read-more\" href=\"https:\/\/www.vitalibera.org\/community\/2025\/10\/02\/buendner-nusstorte\/\" aria-label=\"Mehr Informationen \u00fcber B\u00fcndner Nusstorte\">Weiterlesen<\/a><\/p>\n","protected":false},"author":1,"featured_media":2587,"comment_status":"open","ping_status":"open","sticky":false,"template":"","format":"standard","meta":{"cybocfi_hide_featured_image":"yes","_jetpack_memberships_contains_paid_content":false,"footnotes":""},"categories":[222],"tags":[],"class_list":["post-2586","post","type-post","status-publish","format-standard","has-post-thumbnail","hentry","category-backen"],"yoast_head":"<!-- This site is optimized with the Yoast SEO plugin v27.4 - https:\/\/yoast.com\/product\/yoast-seo-wordpress\/ -->\r\n<title>B\u00fcndner Nusstorte - vitalibera.org<\/title>\r\n<meta name=\"robots\" content=\"index, follow, max-snippet:-1, max-image-preview:large, max-video-preview:-1\" \/>\r\n<link rel=\"canonical\" href=\"http:\/\/www.vitalibera.org\/community\/2025\/10\/02\/buendner-nusstorte\/\" \/>\r\n<meta property=\"og:locale\" content=\"de_DE\" \/>\r\n<meta property=\"og:type\" content=\"article\" \/>\r\n<meta property=\"og:title\" content=\"B\u00fcndner Nusstorte - vitalibera.org\" \/>\r\n<meta property=\"og:description\" content=\"300&nbsp;g Mehl125&nbsp;g Zucker1&nbsp;Prise Salz, 175g Butter in St\u00fccken, kalt1 Ei, verklopft250g Zucker3 EL Wasser300g Baumn\u00fcsse grob gehackt2dl Vollrahm3 EL Fl\u00fcssiger Honig M\u00fcrbeteig: Mehl, Zucker und Salz in einer Sch\u00fcssel mischen. Butter beigeben, von Hand zu einer gleichm\u00e4ssig kr\u00fcmeligen Masse verreiben. Ei beigeben, rasch zu einem weichen Teig zusammenf\u00fcgen, nicht kneten. Teig flach dr\u00fccken, zugedeckt ca. ... Weiterlesen\" \/>\r\n<meta property=\"og:url\" content=\"http:\/\/www.vitalibera.org\/community\/2025\/10\/02\/buendner-nusstorte\/\" \/>\r\n<meta property=\"og:site_name\" content=\"vitalibera.org\" \/>\r\n<meta property=\"article:publisher\" content=\"https:\/\/www.facebook.com\/groups\/2997085857140235\" \/>\r\n<meta property=\"article:published_time\" content=\"2025-10-02T17:10:29+00:00\" \/>\r\n<meta property=\"article:modified_time\" content=\"2025-10-02T17:14:12+00:00\" \/>\r\n<meta property=\"og:image\" content=\"http:\/\/www.vitalibera.org\/community\/wp-content\/uploads\/2025\/10\/buendnernusstorte.png\" \/>\r\n\t<meta property=\"og:image:width\" content=\"636\" \/>\r\n\t<meta property=\"og:image:height\" content=\"429\" \/>\r\n\t<meta property=\"og:image:type\" content=\"image\/png\" \/>\r\n<meta name=\"author\" content=\"admin\" \/>\r\n<meta name=\"twitter:card\" content=\"summary_large_image\" \/>\r\n<meta name=\"twitter:label1\" content=\"Verfasst von\" \/>\n\t<meta name=\"twitter:data1\" content=\"admin\" \/>\n\t<meta name=\"twitter:label2\" content=\"Gesch\u00e4tzte Lesezeit\" \/>\n\t<meta name=\"twitter:data2\" content=\"2\u00a0Minuten\" \/>\r\n<script type=\"application\/ld+json\" class=\"yoast-schema-graph\">{\"@context\":\"https:\\\/\\\/schema.org\",\"@graph\":[{\"@type\":\"Article\",\"@id\":\"http:\\\/\\\/www.vitalibera.org\\\/community\\\/2025\\\/10\\\/02\\\/buendner-nusstorte\\\/#article\",\"isPartOf\":{\"@id\":\"http:\\\/\\\/www.vitalibera.org\\\/community\\\/2025\\\/10\\\/02\\\/buendner-nusstorte\\\/\"},\"author\":{\"name\":\"admin\",\"@id\":\"https:\\\/\\\/www.vitalibera.org\\\/community\\\/#\\\/schema\\\/person\\\/c535fa8d561f7f8ca425ced40d87e582\"},\"headline\":\"B\u00fcndner Nusstorte\",\"datePublished\":\"2025-10-02T17:10:29+00:00\",\"dateModified\":\"2025-10-02T17:14:12+00:00\",\"mainEntityOfPage\":{\"@id\":\"http:\\\/\\\/www.vitalibera.org\\\/community\\\/2025\\\/10\\\/02\\\/buendner-nusstorte\\\/\"},\"wordCount\":291,\"commentCount\":0,\"publisher\":{\"@id\":\"https:\\\/\\\/www.vitalibera.org\\\/community\\\/#organization\"},\"image\":{\"@id\":\"http:\\\/\\\/www.vitalibera.org\\\/community\\\/2025\\\/10\\\/02\\\/buendner-nusstorte\\\/#primaryimage\"},\"thumbnailUrl\":\"https:\\\/\\\/www.vitalibera.org\\\/community\\\/wp-content\\\/uploads\\\/2025\\\/10\\\/buendnernusstorte.png\",\"articleSection\":[\"Backen\"],\"inLanguage\":\"de\",\"potentialAction\":[{\"@type\":\"CommentAction\",\"name\":\"Comment\",\"target\":[\"http:\\\/\\\/www.vitalibera.org\\\/community\\\/2025\\\/10\\\/02\\\/buendner-nusstorte\\\/#respond\"]}]},{\"@type\":\"WebPage\",\"@id\":\"http:\\\/\\\/www.vitalibera.org\\\/community\\\/2025\\\/10\\\/02\\\/buendner-nusstorte\\\/\",\"url\":\"http:\\\/\\\/www.vitalibera.org\\\/community\\\/2025\\\/10\\\/02\\\/buendner-nusstorte\\\/\",\"name\":\"B\u00fcndner Nusstorte - vitalibera.org\",\"isPartOf\":{\"@id\":\"https:\\\/\\\/www.vitalibera.org\\\/community\\\/#website\"},\"primaryImageOfPage\":{\"@id\":\"http:\\\/\\\/www.vitalibera.org\\\/community\\\/2025\\\/10\\\/02\\\/buendner-nusstorte\\\/#primaryimage\"},\"image\":{\"@id\":\"http:\\\/\\\/www.vitalibera.org\\\/community\\\/2025\\\/10\\\/02\\\/buendner-nusstorte\\\/#primaryimage\"},\"thumbnailUrl\":\"https:\\\/\\\/www.vitalibera.org\\\/community\\\/wp-content\\\/uploads\\\/2025\\\/10\\\/buendnernusstorte.png\",\"datePublished\":\"2025-10-02T17:10:29+00:00\",\"dateModified\":\"2025-10-02T17:14:12+00:00\",\"breadcrumb\":{\"@id\":\"http:\\\/\\\/www.vitalibera.org\\\/community\\\/2025\\\/10\\\/02\\\/buendner-nusstorte\\\/#breadcrumb\"},\"inLanguage\":\"de\",\"potentialAction\":[{\"@type\":\"ReadAction\",\"target\":[\"http:\\\/\\\/www.vitalibera.org\\\/community\\\/2025\\\/10\\\/02\\\/buendner-nusstorte\\\/\"]}]},{\"@type\":\"BreadcrumbList\",\"@id\":\"http:\\\/\\\/www.vitalibera.org\\\/community\\\/2025\\\/10\\\/02\\\/buendner-nusstorte\\\/#breadcrumb\",\"itemListElement\":[{\"@type\":\"ListItem\",\"position\":1,\"name\":\"Startseite\",\"item\":\"https:\\\/\\\/www.vitalibera.org\\\/community\\\/\"},{\"@type\":\"ListItem\",\"position\":2,\"name\":\"B\u00fcndner Nusstorte\"}]},{\"@type\":\"WebSite\",\"@id\":\"https:\\\/\\\/www.vitalibera.org\\\/community\\\/#website\",\"url\":\"https:\\\/\\\/www.vitalibera.org\\\/community\\\/\",\"name\":\"vitalibera.org\",\"description\":\"Mit einer Einschr&auml;nkung gestaltet sich das Leben im Alltag oft schwieriger - hier berichten wir &uuml;ber unsere Erfahrungen und Hilfsmittel um den Alltag so unbeschwert und unkompliziert wie nur m&ouml;glich geniessen zu k&ouml;nnen. Dabei richten wir unseren Fokus gezielt auf Selbst&auml;ndigkeit, Eigenst&auml;ndigkeit und Selbstbestimmung.\",\"publisher\":{\"@id\":\"https:\\\/\\\/www.vitalibera.org\\\/community\\\/#organization\"},\"potentialAction\":[{\"@type\":\"SearchAction\",\"target\":{\"@type\":\"EntryPoint\",\"urlTemplate\":\"https:\\\/\\\/www.vitalibera.org\\\/community\\\/?s={search_term_string}\"},\"query-input\":{\"@type\":\"PropertyValueSpecification\",\"valueRequired\":true,\"valueName\":\"search_term_string\"}}],\"inLanguage\":\"de\"},{\"@type\":\"Organization\",\"@id\":\"https:\\\/\\\/www.vitalibera.org\\\/community\\\/#organization\",\"name\":\"vitalibera.org\",\"url\":\"https:\\\/\\\/www.vitalibera.org\\\/community\\\/\",\"logo\":{\"@type\":\"ImageObject\",\"inLanguage\":\"de\",\"@id\":\"https:\\\/\\\/www.vitalibera.org\\\/community\\\/#\\\/schema\\\/logo\\\/image\\\/\",\"url\":\"https:\\\/\\\/www.vitalibera.org\\\/community\\\/wp-content\\\/uploads\\\/2025\\\/09\\\/cropped-banner.png\",\"contentUrl\":\"https:\\\/\\\/www.vitalibera.org\\\/community\\\/wp-content\\\/uploads\\\/2025\\\/09\\\/cropped-banner.png\",\"width\":991,\"height\":150,\"caption\":\"vitalibera.org\"},\"image\":{\"@id\":\"https:\\\/\\\/www.vitalibera.org\\\/community\\\/#\\\/schema\\\/logo\\\/image\\\/\"},\"sameAs\":[\"https:\\\/\\\/www.facebook.com\\\/groups\\\/2997085857140235\"]},{\"@type\":\"Person\",\"@id\":\"https:\\\/\\\/www.vitalibera.org\\\/community\\\/#\\\/schema\\\/person\\\/c535fa8d561f7f8ca425ced40d87e582\",\"name\":\"admin\",\"image\":{\"@type\":\"ImageObject\",\"inLanguage\":\"de\",\"@id\":\"https:\\\/\\\/secure.gravatar.com\\\/avatar\\\/ad516503a11cd5ca435acc9bb6523536?s=96\",\"url\":\"https:\\\/\\\/secure.gravatar.com\\\/avatar\\\/ad516503a11cd5ca435acc9bb6523536?s=96\",\"contentUrl\":\"https:\\\/\\\/secure.gravatar.com\\\/avatar\\\/ad516503a11cd5ca435acc9bb6523536?s=96\",\"caption\":\"admin\"},\"description\":\"admin\",\"sameAs\":[\"http:\\\/\\\/www.vitalibera.org\\\/community\"],\"url\":\"https:\\\/\\\/www.vitalibera.org\\\/community\\\/author\\\/admin\\\/\"}]}<\/script>\r\n<!-- \/ Yoast SEO plugin. -->","yoast_head_json":{"title":"B\u00fcndner Nusstorte - vitalibera.org","robots":{"index":"index","follow":"follow","max-snippet":"max-snippet:-1","max-image-preview":"max-image-preview:large","max-video-preview":"max-video-preview:-1"},"canonical":"http:\/\/www.vitalibera.org\/community\/2025\/10\/02\/buendner-nusstorte\/","og_locale":"de_DE","og_type":"article","og_title":"B\u00fcndner Nusstorte - vitalibera.org","og_description":"300&nbsp;g Mehl125&nbsp;g Zucker1&nbsp;Prise Salz, 175g Butter in St\u00fccken, kalt1 Ei, verklopft250g Zucker3 EL Wasser300g Baumn\u00fcsse grob gehackt2dl Vollrahm3 EL Fl\u00fcssiger Honig M\u00fcrbeteig: Mehl, Zucker und Salz in einer Sch\u00fcssel mischen. Butter beigeben, von Hand zu einer gleichm\u00e4ssig kr\u00fcmeligen Masse verreiben. Ei beigeben, rasch zu einem weichen Teig zusammenf\u00fcgen, nicht kneten. Teig flach dr\u00fccken, zugedeckt ca. ... Weiterlesen","og_url":"http:\/\/www.vitalibera.org\/community\/2025\/10\/02\/buendner-nusstorte\/","og_site_name":"vitalibera.org","article_publisher":"https:\/\/www.facebook.com\/groups\/2997085857140235","article_published_time":"2025-10-02T17:10:29+00:00","article_modified_time":"2025-10-02T17:14:12+00:00","og_image":[{"width":636,"height":429,"url":"http:\/\/www.vitalibera.org\/community\/wp-content\/uploads\/2025\/10\/buendnernusstorte.png","type":"image\/png"}],"author":"admin","twitter_card":"summary_large_image","twitter_misc":{"Verfasst von":"admin","Gesch\u00e4tzte Lesezeit":"2\u00a0Minuten"},"schema":{"@context":"https:\/\/schema.org","@graph":[{"@type":"Article","@id":"http:\/\/www.vitalibera.org\/community\/2025\/10\/02\/buendner-nusstorte\/#article","isPartOf":{"@id":"http:\/\/www.vitalibera.org\/community\/2025\/10\/02\/buendner-nusstorte\/"},"author":{"name":"admin","@id":"https:\/\/www.vitalibera.org\/community\/#\/schema\/person\/c535fa8d561f7f8ca425ced40d87e582"},"headline":"B\u00fcndner Nusstorte","datePublished":"2025-10-02T17:10:29+00:00","dateModified":"2025-10-02T17:14:12+00:00","mainEntityOfPage":{"@id":"http:\/\/www.vitalibera.org\/community\/2025\/10\/02\/buendner-nusstorte\/"},"wordCount":291,"commentCount":0,"publisher":{"@id":"https:\/\/www.vitalibera.org\/community\/#organization"},"image":{"@id":"http:\/\/www.vitalibera.org\/community\/2025\/10\/02\/buendner-nusstorte\/#primaryimage"},"thumbnailUrl":"https:\/\/www.vitalibera.org\/community\/wp-content\/uploads\/2025\/10\/buendnernusstorte.png","articleSection":["Backen"],"inLanguage":"de","potentialAction":[{"@type":"CommentAction","name":"Comment","target":["http:\/\/www.vitalibera.org\/community\/2025\/10\/02\/buendner-nusstorte\/#respond"]}]},{"@type":"WebPage","@id":"http:\/\/www.vitalibera.org\/community\/2025\/10\/02\/buendner-nusstorte\/","url":"http:\/\/www.vitalibera.org\/community\/2025\/10\/02\/buendner-nusstorte\/","name":"B\u00fcndner Nusstorte - vitalibera.org","isPartOf":{"@id":"https:\/\/www.vitalibera.org\/community\/#website"},"primaryImageOfPage":{"@id":"http:\/\/www.vitalibera.org\/community\/2025\/10\/02\/buendner-nusstorte\/#primaryimage"},"image":{"@id":"http:\/\/www.vitalibera.org\/community\/2025\/10\/02\/buendner-nusstorte\/#primaryimage"},"thumbnailUrl":"https:\/\/www.vitalibera.org\/community\/wp-content\/uploads\/2025\/10\/buendnernusstorte.png","datePublished":"2025-10-02T17:10:29+00:00","dateModified":"2025-10-02T17:14:12+00:00","breadcrumb":{"@id":"http:\/\/www.vitalibera.org\/community\/2025\/10\/02\/buendner-nusstorte\/#breadcrumb"},"inLanguage":"de","potentialAction":[{"@type":"ReadAction","target":["http:\/\/www.vitalibera.org\/community\/2025\/10\/02\/buendner-nusstorte\/"]}]},{"@type":"BreadcrumbList","@id":"http:\/\/www.vitalibera.org\/community\/2025\/10\/02\/buendner-nusstorte\/#breadcrumb","itemListElement":[{"@type":"ListItem","position":1,"name":"Startseite","item":"https:\/\/www.vitalibera.org\/community\/"},{"@type":"ListItem","position":2,"name":"B\u00fcndner Nusstorte"}]},{"@type":"WebSite","@id":"https:\/\/www.vitalibera.org\/community\/#website","url":"https:\/\/www.vitalibera.org\/community\/","name":"vitalibera.org","description":"Mit einer Einschr&auml;nkung gestaltet sich das Leben im Alltag oft schwieriger - hier berichten wir &uuml;ber unsere Erfahrungen und Hilfsmittel um den Alltag so unbeschwert und unkompliziert wie nur m&ouml;glich geniessen zu k&ouml;nnen. Dabei richten wir unseren Fokus gezielt auf Selbst&auml;ndigkeit, Eigenst&auml;ndigkeit und Selbstbestimmung.","publisher":{"@id":"https:\/\/www.vitalibera.org\/community\/#organization"},"potentialAction":[{"@type":"SearchAction","target":{"@type":"EntryPoint","urlTemplate":"https:\/\/www.vitalibera.org\/community\/?s={search_term_string}"},"query-input":{"@type":"PropertyValueSpecification","valueRequired":true,"valueName":"search_term_string"}}],"inLanguage":"de"},{"@type":"Organization","@id":"https:\/\/www.vitalibera.org\/community\/#organization","name":"vitalibera.org","url":"https:\/\/www.vitalibera.org\/community\/","logo":{"@type":"ImageObject","inLanguage":"de","@id":"https:\/\/www.vitalibera.org\/community\/#\/schema\/logo\/image\/","url":"https:\/\/www.vitalibera.org\/community\/wp-content\/uploads\/2025\/09\/cropped-banner.png","contentUrl":"https:\/\/www.vitalibera.org\/community\/wp-content\/uploads\/2025\/09\/cropped-banner.png","width":991,"height":150,"caption":"vitalibera.org"},"image":{"@id":"https:\/\/www.vitalibera.org\/community\/#\/schema\/logo\/image\/"},"sameAs":["https:\/\/www.facebook.com\/groups\/2997085857140235"]},{"@type":"Person","@id":"https:\/\/www.vitalibera.org\/community\/#\/schema\/person\/c535fa8d561f7f8ca425ced40d87e582","name":"admin","image":{"@type":"ImageObject","inLanguage":"de","@id":"https:\/\/secure.gravatar.com\/avatar\/ad516503a11cd5ca435acc9bb6523536?s=96","url":"https:\/\/secure.gravatar.com\/avatar\/ad516503a11cd5ca435acc9bb6523536?s=96","contentUrl":"https:\/\/secure.gravatar.com\/avatar\/ad516503a11cd5ca435acc9bb6523536?s=96","caption":"admin"},"description":"admin","sameAs":["http:\/\/www.vitalibera.org\/community"],"url":"https:\/\/www.vitalibera.org\/community\/author\/admin\/"}]}},"jetpack_featured_media_url":"https:\/\/www.vitalibera.org\/community\/wp-content\/uploads\/2025\/10\/buendnernusstorte.png","jetpack_sharing_enabled":true,"jetpack-related-posts":[],"_links":{"self":[{"href":"https:\/\/www.vitalibera.org\/community\/wp-json\/wp\/v2\/posts\/2586","targetHints":{"allow":["GET"]}}],"collection":[{"href":"https:\/\/www.vitalibera.org\/community\/wp-json\/wp\/v2\/posts"}],"about":[{"href":"https:\/\/www.vitalibera.org\/community\/wp-json\/wp\/v2\/types\/post"}],"author":[{"embeddable":true,"href":"https:\/\/www.vitalibera.org\/community\/wp-json\/wp\/v2\/users\/1"}],"replies":[{"embeddable":true,"href":"https:\/\/www.vitalibera.org\/community\/wp-json\/wp\/v2\/comments?post=2586"}],"version-history":[{"count":0,"href":"https:\/\/www.vitalibera.org\/community\/wp-json\/wp\/v2\/posts\/2586\/revisions"}],"wp:featuredmedia":[{"embeddable":true,"href":"https:\/\/www.vitalibera.org\/community\/wp-json\/wp\/v2\/media\/2587"}],"wp:attachment":[{"href":"https:\/\/www.vitalibera.org\/community\/wp-json\/wp\/v2\/media?parent=2586"}],"wp:term":[{"taxonomy":"category","embeddable":true,"href":"https:\/\/www.vitalibera.org\/community\/wp-json\/wp\/v2\/categories?post=2586"},{"taxonomy":"post_tag","embeddable":true,"href":"https:\/\/www.vitalibera.org\/community\/wp-json\/wp\/v2\/tags?post=2586"}],"curies":[{"name":"wp","href":"https:\/\/api.w.org\/{rel}","templated":true}]}}