{"id":2596,"date":"2025-10-02T19:41:07","date_gmt":"2025-10-02T17:41:07","guid":{"rendered":"https:\/\/www.vitalibera.org\/community\/?p=2596"},"modified":"2025-10-02T19:41:10","modified_gmt":"2025-10-02T17:41:10","slug":"rueeblitorte","status":"publish","type":"post","link":"https:\/\/www.vitalibera.org\/community\/2025\/10\/02\/rueeblitorte\/","title":{"rendered":"R\u00fceblitorte"},"content":{"rendered":"\n<p>Die R&uuml;eblitorte (alemannisch R&uuml;ebli f&uuml;r &bdquo;Karotte&ldquo;, &bdquo;M&ouml;hre&ldquo;, deutsch&nbsp;<strong>Karottentorte<\/strong>, r&auml;toromanisch turta da carottas) ist eine Schweizer Kuchenspezialit&auml;t aus dem Aargau. Sie besteht aus einer Biskuitmasse mit Karotten und N&uuml;ssen.<\/p>\n\n\n\n<div class=\"wp-block-media-text is-stacked-on-mobile is-vertically-aligned-top\" style=\"grid-template-columns:44% auto\"><figure class=\"wp-block-media-text__media\"><img fetchpriority=\"high\" decoding=\"async\" width=\"283\" height=\"180\" src=\"https:\/\/www.vitalibera.org\/community\/wp-content\/uploads\/2025\/10\/rueeblitorte.png\" alt=\"\" class=\"wp-image-2597 size-full\"><\/figure><div class=\"wp-block-media-text__content\">\n<p>Zutaten f&uuml;r 12 ST&Uuml;CKE<\/p>\n\n\n\n<p><br><strong>Teig<\/strong><br>5 Eigelbe<br>250 g Zucker<br>250 g R&uuml;ebli, fein gerieben<br>250 g gemahlene Mandeln<br>1 Bio-Zitrone, abgeriebene Schale und Saft<br>80 g Weissmehl<br>2 TL Backpulver<br>5 Eiweisse<br>1 Prise Salz<br><strong>Glasur &amp; Garnitur<\/strong><br>250 g Puderzucker<br>2 &frac12; EL Kirsch oder Zitronensaft<br>14 Marzipanr&uuml;ebli<br><br><strong>Utensilien<\/strong><br>F&uuml;r eine Springform (ca. 24 cm &Oslash;), Boden mit<br>Backpapier belegt<\/p>\n\n\n\n<p><em><strong>UND SO WIRDS GEMACHT<\/strong><\/em><\/p>\n\n\n\n<p><strong><br>Teig<\/strong><br>Eigelbe und Zucker mit den Schwingbesen des<br>Handr&uuml;hrger&auml;tes ca. 5 Min. r&uuml;hren, bis die Masse schaumig ist. R&uuml;ebli mit Mandeln und Zitrone unter die Masse mischen. Mehl und Backpulver mischen, daruntermischen. Eiweiss mit dem Salz steif schlagen, mit dem Gummischaber sorgf&auml;ltig unter die Masse ziehen. Teig in die vorbereitete Form f&uuml;llen.<br><br><strong>Backen<\/strong><br>ca. 55 Min. in der unteren H&auml;lfte des auf 180 &deg;C vorgeheizten Ofens. Etwas abk&uuml;hlen, Formenrand entfernen. Torte auf ein Gitter st&uuml;rzen, ausk&uuml;hlen.<br><br><strong>Glasur &amp; Garnitur<\/strong><br>Puderzucker und Kirsch gut verr&uuml;hren, auf die Tortenmittegiessen, unter Bewegen &uuml;ber die Oberfl&auml;che und den Rand fliessen lassen. Mit Marzipanr&uuml;ebli verzieren, trocknen lassen.<\/p>\n\n\n\n<p><\/p>\n\n\n\n<p><\/p>\n<\/div><\/div>\n","protected":false},"excerpt":{"rendered":"<p>Die R\u00fceblitorte (alemannisch R\u00fcebli f\u00fcr \u201eKarotte\u201c, \u201eM\u00f6hre\u201c, deutsch\u00a0Karottentorte, r\u00e4toromanisch turta da carottas) ist eine Schweizer Kuchenspezialit\u00e4t aus dem Aargau. Sie besteht aus einer Biskuitmasse mit Karotten und N\u00fcssen. Zutaten f\u00fcr 12 ST\u00dcCKE Teig5 Eigelbe250 g Zucker250 g R\u00fcebli, fein gerieben250 g gemahlene Mandeln1 Bio-Zitrone, abgeriebene Schale und Saft80 g Weissmehl2 TL Backpulver5 Eiweisse1 Prise SalzGlasur &#8230; <a title=\"R\u00fceblitorte\" class=\"read-more\" href=\"https:\/\/www.vitalibera.org\/community\/2025\/10\/02\/rueeblitorte\/\" aria-label=\"Mehr Informationen \u00fcber R\u00fceblitorte\">Weiterlesen<\/a><\/p>\n","protected":false},"author":1,"featured_media":2597,"comment_status":"open","ping_status":"open","sticky":false,"template":"","format":"standard","meta":{"cybocfi_hide_featured_image":"yes","_jetpack_memberships_contains_paid_content":false,"footnotes":""},"categories":[222],"tags":[],"class_list":["post-2596","post","type-post","status-publish","format-standard","has-post-thumbnail","hentry","category-backen"],"yoast_head":"<!-- This site is optimized with the Yoast SEO plugin v27.4 - https:\/\/yoast.com\/product\/yoast-seo-wordpress\/ -->\r\n<title>R\u00fceblitorte - vitalibera.org<\/title>\r\n<meta name=\"robots\" content=\"index, follow, max-snippet:-1, max-image-preview:large, max-video-preview:-1\" \/>\r\n<link rel=\"canonical\" href=\"http:\/\/www.vitalibera.org\/community\/2025\/10\/02\/rueeblitorte\/\" \/>\r\n<meta property=\"og:locale\" content=\"de_DE\" \/>\r\n<meta property=\"og:type\" content=\"article\" \/>\r\n<meta property=\"og:title\" content=\"R\u00fceblitorte - vitalibera.org\" \/>\r\n<meta property=\"og:description\" content=\"Die R\u00fceblitorte (alemannisch R\u00fcebli f\u00fcr \u201eKarotte\u201c, \u201eM\u00f6hre\u201c, deutsch\u00a0Karottentorte, r\u00e4toromanisch turta da carottas) ist eine Schweizer Kuchenspezialit\u00e4t aus dem Aargau. Sie besteht aus einer Biskuitmasse mit Karotten und N\u00fcssen. Zutaten f\u00fcr 12 ST\u00dcCKE Teig5 Eigelbe250 g Zucker250 g R\u00fcebli, fein gerieben250 g gemahlene Mandeln1 Bio-Zitrone, abgeriebene Schale und Saft80 g Weissmehl2 TL Backpulver5 Eiweisse1 Prise SalzGlasur ... Weiterlesen\" \/>\r\n<meta property=\"og:url\" content=\"http:\/\/www.vitalibera.org\/community\/2025\/10\/02\/rueeblitorte\/\" \/>\r\n<meta property=\"og:site_name\" content=\"vitalibera.org\" \/>\r\n<meta property=\"article:publisher\" content=\"https:\/\/www.facebook.com\/groups\/2997085857140235\" \/>\r\n<meta property=\"article:published_time\" content=\"2025-10-02T17:41:07+00:00\" \/>\r\n<meta property=\"article:modified_time\" content=\"2025-10-02T17:41:10+00:00\" \/>\r\n<meta property=\"og:image\" content=\"http:\/\/www.vitalibera.org\/community\/wp-content\/uploads\/2025\/10\/rueeblitorte.png\" \/>\r\n\t<meta property=\"og:image:width\" content=\"283\" \/>\r\n\t<meta property=\"og:image:height\" content=\"180\" \/>\r\n\t<meta property=\"og:image:type\" content=\"image\/png\" \/>\r\n<meta name=\"author\" content=\"admin\" \/>\r\n<meta name=\"twitter:card\" content=\"summary_large_image\" \/>\r\n<meta name=\"twitter:label1\" content=\"Verfasst von\" \/>\n\t<meta name=\"twitter:data1\" content=\"admin\" \/>\n\t<meta name=\"twitter:label2\" content=\"Gesch\u00e4tzte Lesezeit\" \/>\n\t<meta name=\"twitter:data2\" content=\"2\u00a0Minuten\" \/>\r\n<script type=\"application\/ld+json\" class=\"yoast-schema-graph\">{\"@context\":\"https:\\\/\\\/schema.org\",\"@graph\":[{\"@type\":\"Article\",\"@id\":\"http:\\\/\\\/www.vitalibera.org\\\/community\\\/2025\\\/10\\\/02\\\/rueeblitorte\\\/#article\",\"isPartOf\":{\"@id\":\"http:\\\/\\\/www.vitalibera.org\\\/community\\\/2025\\\/10\\\/02\\\/rueeblitorte\\\/\"},\"author\":{\"name\":\"admin\",\"@id\":\"https:\\\/\\\/www.vitalibera.org\\\/community\\\/#\\\/schema\\\/person\\\/c535fa8d561f7f8ca425ced40d87e582\"},\"headline\":\"R\u00fceblitorte\",\"datePublished\":\"2025-10-02T17:41:07+00:00\",\"dateModified\":\"2025-10-02T17:41:10+00:00\",\"mainEntityOfPage\":{\"@id\":\"http:\\\/\\\/www.vitalibera.org\\\/community\\\/2025\\\/10\\\/02\\\/rueeblitorte\\\/\"},\"wordCount\":203,\"commentCount\":0,\"publisher\":{\"@id\":\"https:\\\/\\\/www.vitalibera.org\\\/community\\\/#organization\"},\"image\":{\"@id\":\"http:\\\/\\\/www.vitalibera.org\\\/community\\\/2025\\\/10\\\/02\\\/rueeblitorte\\\/#primaryimage\"},\"thumbnailUrl\":\"https:\\\/\\\/www.vitalibera.org\\\/community\\\/wp-content\\\/uploads\\\/2025\\\/10\\\/rueeblitorte.png\",\"articleSection\":[\"Backen\"],\"inLanguage\":\"de\",\"potentialAction\":[{\"@type\":\"CommentAction\",\"name\":\"Comment\",\"target\":[\"http:\\\/\\\/www.vitalibera.org\\\/community\\\/2025\\\/10\\\/02\\\/rueeblitorte\\\/#respond\"]}]},{\"@type\":\"WebPage\",\"@id\":\"http:\\\/\\\/www.vitalibera.org\\\/community\\\/2025\\\/10\\\/02\\\/rueeblitorte\\\/\",\"url\":\"http:\\\/\\\/www.vitalibera.org\\\/community\\\/2025\\\/10\\\/02\\\/rueeblitorte\\\/\",\"name\":\"R\u00fceblitorte - vitalibera.org\",\"isPartOf\":{\"@id\":\"https:\\\/\\\/www.vitalibera.org\\\/community\\\/#website\"},\"primaryImageOfPage\":{\"@id\":\"http:\\\/\\\/www.vitalibera.org\\\/community\\\/2025\\\/10\\\/02\\\/rueeblitorte\\\/#primaryimage\"},\"image\":{\"@id\":\"http:\\\/\\\/www.vitalibera.org\\\/community\\\/2025\\\/10\\\/02\\\/rueeblitorte\\\/#primaryimage\"},\"thumbnailUrl\":\"https:\\\/\\\/www.vitalibera.org\\\/community\\\/wp-content\\\/uploads\\\/2025\\\/10\\\/rueeblitorte.png\",\"datePublished\":\"2025-10-02T17:41:07+00:00\",\"dateModified\":\"2025-10-02T17:41:10+00:00\",\"breadcrumb\":{\"@id\":\"http:\\\/\\\/www.vitalibera.org\\\/community\\\/2025\\\/10\\\/02\\\/rueeblitorte\\\/#breadcrumb\"},\"inLanguage\":\"de\",\"potentialAction\":[{\"@type\":\"ReadAction\",\"target\":[\"http:\\\/\\\/www.vitalibera.org\\\/community\\\/2025\\\/10\\\/02\\\/rueeblitorte\\\/\"]}]},{\"@type\":\"BreadcrumbList\",\"@id\":\"http:\\\/\\\/www.vitalibera.org\\\/community\\\/2025\\\/10\\\/02\\\/rueeblitorte\\\/#breadcrumb\",\"itemListElement\":[{\"@type\":\"ListItem\",\"position\":1,\"name\":\"Startseite\",\"item\":\"https:\\\/\\\/www.vitalibera.org\\\/community\\\/\"},{\"@type\":\"ListItem\",\"position\":2,\"name\":\"R\u00fceblitorte\"}]},{\"@type\":\"WebSite\",\"@id\":\"https:\\\/\\\/www.vitalibera.org\\\/community\\\/#website\",\"url\":\"https:\\\/\\\/www.vitalibera.org\\\/community\\\/\",\"name\":\"vitalibera.org\",\"description\":\"Mit einer Einschr&auml;nkung gestaltet sich das Leben im Alltag oft schwieriger - hier berichten wir &uuml;ber unsere Erfahrungen und Hilfsmittel um den Alltag so unbeschwert und unkompliziert wie nur m&ouml;glich geniessen zu k&ouml;nnen. Dabei richten wir unseren Fokus gezielt auf Selbst&auml;ndigkeit, Eigenst&auml;ndigkeit und Selbstbestimmung.\",\"publisher\":{\"@id\":\"https:\\\/\\\/www.vitalibera.org\\\/community\\\/#organization\"},\"potentialAction\":[{\"@type\":\"SearchAction\",\"target\":{\"@type\":\"EntryPoint\",\"urlTemplate\":\"https:\\\/\\\/www.vitalibera.org\\\/community\\\/?s={search_term_string}\"},\"query-input\":{\"@type\":\"PropertyValueSpecification\",\"valueRequired\":true,\"valueName\":\"search_term_string\"}}],\"inLanguage\":\"de\"},{\"@type\":\"Organization\",\"@id\":\"https:\\\/\\\/www.vitalibera.org\\\/community\\\/#organization\",\"name\":\"vitalibera.org\",\"url\":\"https:\\\/\\\/www.vitalibera.org\\\/community\\\/\",\"logo\":{\"@type\":\"ImageObject\",\"inLanguage\":\"de\",\"@id\":\"https:\\\/\\\/www.vitalibera.org\\\/community\\\/#\\\/schema\\\/logo\\\/image\\\/\",\"url\":\"https:\\\/\\\/www.vitalibera.org\\\/community\\\/wp-content\\\/uploads\\\/2025\\\/09\\\/cropped-banner.png\",\"contentUrl\":\"https:\\\/\\\/www.vitalibera.org\\\/community\\\/wp-content\\\/uploads\\\/2025\\\/09\\\/cropped-banner.png\",\"width\":991,\"height\":150,\"caption\":\"vitalibera.org\"},\"image\":{\"@id\":\"https:\\\/\\\/www.vitalibera.org\\\/community\\\/#\\\/schema\\\/logo\\\/image\\\/\"},\"sameAs\":[\"https:\\\/\\\/www.facebook.com\\\/groups\\\/2997085857140235\"]},{\"@type\":\"Person\",\"@id\":\"https:\\\/\\\/www.vitalibera.org\\\/community\\\/#\\\/schema\\\/person\\\/c535fa8d561f7f8ca425ced40d87e582\",\"name\":\"admin\",\"image\":{\"@type\":\"ImageObject\",\"inLanguage\":\"de\",\"@id\":\"https:\\\/\\\/secure.gravatar.com\\\/avatar\\\/ad516503a11cd5ca435acc9bb6523536?s=96\",\"url\":\"https:\\\/\\\/secure.gravatar.com\\\/avatar\\\/ad516503a11cd5ca435acc9bb6523536?s=96\",\"contentUrl\":\"https:\\\/\\\/secure.gravatar.com\\\/avatar\\\/ad516503a11cd5ca435acc9bb6523536?s=96\",\"caption\":\"admin\"},\"description\":\"admin\",\"sameAs\":[\"http:\\\/\\\/www.vitalibera.org\\\/community\"],\"url\":\"https:\\\/\\\/www.vitalibera.org\\\/community\\\/author\\\/admin\\\/\"}]}<\/script>\r\n<!-- \/ Yoast SEO plugin. -->","yoast_head_json":{"title":"R\u00fceblitorte - vitalibera.org","robots":{"index":"index","follow":"follow","max-snippet":"max-snippet:-1","max-image-preview":"max-image-preview:large","max-video-preview":"max-video-preview:-1"},"canonical":"http:\/\/www.vitalibera.org\/community\/2025\/10\/02\/rueeblitorte\/","og_locale":"de_DE","og_type":"article","og_title":"R\u00fceblitorte - vitalibera.org","og_description":"Die R\u00fceblitorte (alemannisch R\u00fcebli f\u00fcr \u201eKarotte\u201c, \u201eM\u00f6hre\u201c, deutsch\u00a0Karottentorte, r\u00e4toromanisch turta da carottas) ist eine Schweizer Kuchenspezialit\u00e4t aus dem Aargau. Sie besteht aus einer Biskuitmasse mit Karotten und N\u00fcssen. Zutaten f\u00fcr 12 ST\u00dcCKE Teig5 Eigelbe250 g Zucker250 g R\u00fcebli, fein gerieben250 g gemahlene Mandeln1 Bio-Zitrone, abgeriebene Schale und Saft80 g Weissmehl2 TL Backpulver5 Eiweisse1 Prise SalzGlasur ... Weiterlesen","og_url":"http:\/\/www.vitalibera.org\/community\/2025\/10\/02\/rueeblitorte\/","og_site_name":"vitalibera.org","article_publisher":"https:\/\/www.facebook.com\/groups\/2997085857140235","article_published_time":"2025-10-02T17:41:07+00:00","article_modified_time":"2025-10-02T17:41:10+00:00","og_image":[{"width":283,"height":180,"url":"http:\/\/www.vitalibera.org\/community\/wp-content\/uploads\/2025\/10\/rueeblitorte.png","type":"image\/png"}],"author":"admin","twitter_card":"summary_large_image","twitter_misc":{"Verfasst von":"admin","Gesch\u00e4tzte Lesezeit":"2\u00a0Minuten"},"schema":{"@context":"https:\/\/schema.org","@graph":[{"@type":"Article","@id":"http:\/\/www.vitalibera.org\/community\/2025\/10\/02\/rueeblitorte\/#article","isPartOf":{"@id":"http:\/\/www.vitalibera.org\/community\/2025\/10\/02\/rueeblitorte\/"},"author":{"name":"admin","@id":"https:\/\/www.vitalibera.org\/community\/#\/schema\/person\/c535fa8d561f7f8ca425ced40d87e582"},"headline":"R\u00fceblitorte","datePublished":"2025-10-02T17:41:07+00:00","dateModified":"2025-10-02T17:41:10+00:00","mainEntityOfPage":{"@id":"http:\/\/www.vitalibera.org\/community\/2025\/10\/02\/rueeblitorte\/"},"wordCount":203,"commentCount":0,"publisher":{"@id":"https:\/\/www.vitalibera.org\/community\/#organization"},"image":{"@id":"http:\/\/www.vitalibera.org\/community\/2025\/10\/02\/rueeblitorte\/#primaryimage"},"thumbnailUrl":"https:\/\/www.vitalibera.org\/community\/wp-content\/uploads\/2025\/10\/rueeblitorte.png","articleSection":["Backen"],"inLanguage":"de","potentialAction":[{"@type":"CommentAction","name":"Comment","target":["http:\/\/www.vitalibera.org\/community\/2025\/10\/02\/rueeblitorte\/#respond"]}]},{"@type":"WebPage","@id":"http:\/\/www.vitalibera.org\/community\/2025\/10\/02\/rueeblitorte\/","url":"http:\/\/www.vitalibera.org\/community\/2025\/10\/02\/rueeblitorte\/","name":"R\u00fceblitorte - vitalibera.org","isPartOf":{"@id":"https:\/\/www.vitalibera.org\/community\/#website"},"primaryImageOfPage":{"@id":"http:\/\/www.vitalibera.org\/community\/2025\/10\/02\/rueeblitorte\/#primaryimage"},"image":{"@id":"http:\/\/www.vitalibera.org\/community\/2025\/10\/02\/rueeblitorte\/#primaryimage"},"thumbnailUrl":"https:\/\/www.vitalibera.org\/community\/wp-content\/uploads\/2025\/10\/rueeblitorte.png","datePublished":"2025-10-02T17:41:07+00:00","dateModified":"2025-10-02T17:41:10+00:00","breadcrumb":{"@id":"http:\/\/www.vitalibera.org\/community\/2025\/10\/02\/rueeblitorte\/#breadcrumb"},"inLanguage":"de","potentialAction":[{"@type":"ReadAction","target":["http:\/\/www.vitalibera.org\/community\/2025\/10\/02\/rueeblitorte\/"]}]},{"@type":"BreadcrumbList","@id":"http:\/\/www.vitalibera.org\/community\/2025\/10\/02\/rueeblitorte\/#breadcrumb","itemListElement":[{"@type":"ListItem","position":1,"name":"Startseite","item":"https:\/\/www.vitalibera.org\/community\/"},{"@type":"ListItem","position":2,"name":"R\u00fceblitorte"}]},{"@type":"WebSite","@id":"https:\/\/www.vitalibera.org\/community\/#website","url":"https:\/\/www.vitalibera.org\/community\/","name":"vitalibera.org","description":"Mit einer Einschr&auml;nkung gestaltet sich das Leben im Alltag oft schwieriger - hier berichten wir &uuml;ber unsere Erfahrungen und Hilfsmittel um den Alltag so unbeschwert und unkompliziert wie nur m&ouml;glich geniessen zu k&ouml;nnen. Dabei richten wir unseren Fokus gezielt auf Selbst&auml;ndigkeit, Eigenst&auml;ndigkeit und Selbstbestimmung.","publisher":{"@id":"https:\/\/www.vitalibera.org\/community\/#organization"},"potentialAction":[{"@type":"SearchAction","target":{"@type":"EntryPoint","urlTemplate":"https:\/\/www.vitalibera.org\/community\/?s={search_term_string}"},"query-input":{"@type":"PropertyValueSpecification","valueRequired":true,"valueName":"search_term_string"}}],"inLanguage":"de"},{"@type":"Organization","@id":"https:\/\/www.vitalibera.org\/community\/#organization","name":"vitalibera.org","url":"https:\/\/www.vitalibera.org\/community\/","logo":{"@type":"ImageObject","inLanguage":"de","@id":"https:\/\/www.vitalibera.org\/community\/#\/schema\/logo\/image\/","url":"https:\/\/www.vitalibera.org\/community\/wp-content\/uploads\/2025\/09\/cropped-banner.png","contentUrl":"https:\/\/www.vitalibera.org\/community\/wp-content\/uploads\/2025\/09\/cropped-banner.png","width":991,"height":150,"caption":"vitalibera.org"},"image":{"@id":"https:\/\/www.vitalibera.org\/community\/#\/schema\/logo\/image\/"},"sameAs":["https:\/\/www.facebook.com\/groups\/2997085857140235"]},{"@type":"Person","@id":"https:\/\/www.vitalibera.org\/community\/#\/schema\/person\/c535fa8d561f7f8ca425ced40d87e582","name":"admin","image":{"@type":"ImageObject","inLanguage":"de","@id":"https:\/\/secure.gravatar.com\/avatar\/ad516503a11cd5ca435acc9bb6523536?s=96","url":"https:\/\/secure.gravatar.com\/avatar\/ad516503a11cd5ca435acc9bb6523536?s=96","contentUrl":"https:\/\/secure.gravatar.com\/avatar\/ad516503a11cd5ca435acc9bb6523536?s=96","caption":"admin"},"description":"admin","sameAs":["http:\/\/www.vitalibera.org\/community"],"url":"https:\/\/www.vitalibera.org\/community\/author\/admin\/"}]}},"jetpack_featured_media_url":"https:\/\/www.vitalibera.org\/community\/wp-content\/uploads\/2025\/10\/rueeblitorte.png","jetpack_sharing_enabled":true,"jetpack-related-posts":[],"_links":{"self":[{"href":"https:\/\/www.vitalibera.org\/community\/wp-json\/wp\/v2\/posts\/2596","targetHints":{"allow":["GET"]}}],"collection":[{"href":"https:\/\/www.vitalibera.org\/community\/wp-json\/wp\/v2\/posts"}],"about":[{"href":"https:\/\/www.vitalibera.org\/community\/wp-json\/wp\/v2\/types\/post"}],"author":[{"embeddable":true,"href":"https:\/\/www.vitalibera.org\/community\/wp-json\/wp\/v2\/users\/1"}],"replies":[{"embeddable":true,"href":"https:\/\/www.vitalibera.org\/community\/wp-json\/wp\/v2\/comments?post=2596"}],"version-history":[{"count":0,"href":"https:\/\/www.vitalibera.org\/community\/wp-json\/wp\/v2\/posts\/2596\/revisions"}],"wp:featuredmedia":[{"embeddable":true,"href":"https:\/\/www.vitalibera.org\/community\/wp-json\/wp\/v2\/media\/2597"}],"wp:attachment":[{"href":"https:\/\/www.vitalibera.org\/community\/wp-json\/wp\/v2\/media?parent=2596"}],"wp:term":[{"taxonomy":"category","embeddable":true,"href":"https:\/\/www.vitalibera.org\/community\/wp-json\/wp\/v2\/categories?post=2596"},{"taxonomy":"post_tag","embeddable":true,"href":"https:\/\/www.vitalibera.org\/community\/wp-json\/wp\/v2\/tags?post=2596"}],"curies":[{"name":"wp","href":"https:\/\/api.w.org\/{rel}","templated":true}]}}