{"id":2610,"date":"2025-10-03T11:32:50","date_gmt":"2025-10-03T09:32:50","guid":{"rendered":"https:\/\/www.vitalibera.org\/community\/?p=2610"},"modified":"2025-10-03T11:32:55","modified_gmt":"2025-10-03T09:32:55","slug":"apfelwaehe","status":"publish","type":"post","link":"https:\/\/www.vitalibera.org\/community\/2025\/10\/03\/apfelwaehe\/","title":{"rendered":"Apfelw\u00e4he"},"content":{"rendered":"\n<div class=\"wp-block-media-text is-stacked-on-mobile is-vertically-aligned-top\" style=\"grid-template-columns:40% auto\"><figure class=\"wp-block-media-text__media\"><img fetchpriority=\"high\" decoding=\"async\" width=\"290\" height=\"226\" src=\"https:\/\/www.vitalibera.org\/community\/wp-content\/uploads\/2025\/10\/apfelwaehe.png\" alt=\"\" class=\"wp-image-2611 size-full\"><\/figure><div class=\"wp-block-media-text__content\">\n<p>Kuchenblech 28 cm &Oslash;<br><br><strong>Teig:<\/strong><br>225 g Mehl<br>&frac12; TL Salz<br>75 g Butter, kalt, in St&uuml;cken<br>250 g Halbfettquark<br>(oder Fertig-Butterkuchenteig)<\/p>\n\n\n\n<p><strong>Belag:<\/strong><br>4 EL gemahlene Haseln&uuml;sse oder Mandeln<br>4 &ndash; 5 &Auml;pfel, in Schnitzen<\/p>\n\n\n\n<p><strong>Guss:<\/strong><br>1 dl Milch<br>1,5 dl Rahm<br>2 Eier<br>4 EL Zucker<br>1 EL Maisst&auml;rke<br>1 &ndash; 2 TL Vanillezucker oder Zimt<\/p>\n\n\n\n<p>2 dl Rahm, flaumig geschlagen, zum Garnieren<\/p>\n\n\n\n<p>Teig: Mehl und Salz mischen. Butter beif&uuml;gen und zu einer kr&uuml;meligen Masse verreiben, eine Mulde formen. Quark hineingeben. Zu einem Teig zusammenf&uuml;gen, nicht kneten. Zwischen 2 Backpapier-Bogen legen, etwas flach dr&uuml;cken, mit Wallholz auf die Gr&ouml;sse des Blechs auswallen. Aufs Blech legen, &uuml;berlappendes Papier samt Teig mit der Schere wegschneiden. Wenn n&ouml;tig Rand ausbessern. 30 Minuten k&uuml;hl stellen. Oberes Backpapier entfernen. Teigboden mit einer Gabel dicht einstechen.<br><br>N&uuml;sse auf dem Teigboden verteilen. Apfelschnitze rosettenf&ouml;rmig darauflegen. Backofen auf 220&deg;C Unter-\/Oberhitze (Heissluft\/Umluft 200&deg;C) vorheizen.<br><br>Guss: Alle Zutaten gut verr&uuml;hren, &uuml;ber die &Auml;pfel giessen. W&auml;he in der unteren H&auml;lfte des vorgeheizten Ofens 30-35 Minuten backen. Herausnehmen, ausk&uuml;hlen lassen, nach Belieben mit Rahm servieren.<\/p>\n\n\n\n<p><\/p>\n\n\n\n<p><\/p>\n\n\n\n<p><\/p>\n\n\n\n<p><\/p>\n<\/div><\/div>\n","protected":false},"excerpt":{"rendered":"<p>Kuchenblech 28 cm \u00d8 Teig:225 g Mehl\u00bd TL Salz75 g Butter, kalt, in St\u00fccken250 g Halbfettquark(oder Fertig-Butterkuchenteig) Belag:4 EL gemahlene Haseln\u00fcsse oder Mandeln4 &#8211; 5 \u00c4pfel, in Schnitzen Guss:1 dl Milch1,5 dl Rahm2 Eier4 EL Zucker1 EL Maisst\u00e4rke1 &#8211; 2 TL Vanillezucker oder Zimt 2 dl Rahm, flaumig geschlagen, zum Garnieren Teig: Mehl und Salz &#8230; <a title=\"Apfelw\u00e4he\" class=\"read-more\" href=\"https:\/\/www.vitalibera.org\/community\/2025\/10\/03\/apfelwaehe\/\" aria-label=\"Mehr Informationen \u00fcber Apfelw\u00e4he\">Weiterlesen<\/a><\/p>\n","protected":false},"author":1,"featured_media":2611,"comment_status":"open","ping_status":"open","sticky":false,"template":"","format":"standard","meta":{"cybocfi_hide_featured_image":"yes","_jetpack_memberships_contains_paid_content":false,"footnotes":""},"categories":[222],"tags":[],"class_list":["post-2610","post","type-post","status-publish","format-standard","has-post-thumbnail","hentry","category-backen"],"yoast_head":"<!-- This site is optimized with the Yoast SEO plugin v27.4 - https:\/\/yoast.com\/product\/yoast-seo-wordpress\/ -->\r\n<title>Apfelw\u00e4he - vitalibera.org<\/title>\r\n<meta name=\"robots\" content=\"index, follow, max-snippet:-1, max-image-preview:large, max-video-preview:-1\" \/>\r\n<link rel=\"canonical\" href=\"http:\/\/www.vitalibera.org\/community\/2025\/10\/03\/apfelwaehe\/\" \/>\r\n<meta property=\"og:locale\" content=\"de_DE\" \/>\r\n<meta property=\"og:type\" content=\"article\" \/>\r\n<meta property=\"og:title\" content=\"Apfelw\u00e4he - vitalibera.org\" \/>\r\n<meta property=\"og:description\" content=\"Kuchenblech 28 cm \u00d8 Teig:225 g Mehl\u00bd TL Salz75 g Butter, kalt, in St\u00fccken250 g Halbfettquark(oder Fertig-Butterkuchenteig) Belag:4 EL gemahlene Haseln\u00fcsse oder Mandeln4 &#8211; 5 \u00c4pfel, in Schnitzen Guss:1 dl Milch1,5 dl Rahm2 Eier4 EL Zucker1 EL Maisst\u00e4rke1 &#8211; 2 TL Vanillezucker oder Zimt 2 dl Rahm, flaumig geschlagen, zum Garnieren Teig: Mehl und Salz ... Weiterlesen\" \/>\r\n<meta property=\"og:url\" content=\"http:\/\/www.vitalibera.org\/community\/2025\/10\/03\/apfelwaehe\/\" \/>\r\n<meta property=\"og:site_name\" content=\"vitalibera.org\" \/>\r\n<meta property=\"article:publisher\" content=\"https:\/\/www.facebook.com\/groups\/2997085857140235\" \/>\r\n<meta property=\"article:published_time\" content=\"2025-10-03T09:32:50+00:00\" \/>\r\n<meta property=\"article:modified_time\" content=\"2025-10-03T09:32:55+00:00\" \/>\r\n<meta property=\"og:image\" content=\"http:\/\/www.vitalibera.org\/community\/wp-content\/uploads\/2025\/10\/apfelwaehe.png\" \/>\r\n\t<meta property=\"og:image:width\" content=\"290\" \/>\r\n\t<meta property=\"og:image:height\" content=\"226\" \/>\r\n\t<meta property=\"og:image:type\" content=\"image\/png\" \/>\r\n<meta name=\"author\" content=\"admin\" \/>\r\n<meta name=\"twitter:card\" content=\"summary_large_image\" \/>\r\n<meta name=\"twitter:label1\" content=\"Verfasst von\" \/>\n\t<meta name=\"twitter:data1\" content=\"admin\" \/>\n\t<meta name=\"twitter:label2\" content=\"Gesch\u00e4tzte Lesezeit\" \/>\n\t<meta name=\"twitter:data2\" content=\"2\u00a0Minuten\" \/>\r\n<script type=\"application\/ld+json\" class=\"yoast-schema-graph\">{\"@context\":\"https:\\\/\\\/schema.org\",\"@graph\":[{\"@type\":\"Article\",\"@id\":\"http:\\\/\\\/www.vitalibera.org\\\/community\\\/2025\\\/10\\\/03\\\/apfelwaehe\\\/#article\",\"isPartOf\":{\"@id\":\"http:\\\/\\\/www.vitalibera.org\\\/community\\\/2025\\\/10\\\/03\\\/apfelwaehe\\\/\"},\"author\":{\"name\":\"admin\",\"@id\":\"https:\\\/\\\/www.vitalibera.org\\\/community\\\/#\\\/schema\\\/person\\\/c535fa8d561f7f8ca425ced40d87e582\"},\"headline\":\"Apfelw\u00e4he\",\"datePublished\":\"2025-10-03T09:32:50+00:00\",\"dateModified\":\"2025-10-03T09:32:55+00:00\",\"mainEntityOfPage\":{\"@id\":\"http:\\\/\\\/www.vitalibera.org\\\/community\\\/2025\\\/10\\\/03\\\/apfelwaehe\\\/\"},\"wordCount\":175,\"commentCount\":0,\"publisher\":{\"@id\":\"https:\\\/\\\/www.vitalibera.org\\\/community\\\/#organization\"},\"image\":{\"@id\":\"http:\\\/\\\/www.vitalibera.org\\\/community\\\/2025\\\/10\\\/03\\\/apfelwaehe\\\/#primaryimage\"},\"thumbnailUrl\":\"https:\\\/\\\/www.vitalibera.org\\\/community\\\/wp-content\\\/uploads\\\/2025\\\/10\\\/apfelwaehe.png\",\"articleSection\":[\"Backen\"],\"inLanguage\":\"de\",\"potentialAction\":[{\"@type\":\"CommentAction\",\"name\":\"Comment\",\"target\":[\"http:\\\/\\\/www.vitalibera.org\\\/community\\\/2025\\\/10\\\/03\\\/apfelwaehe\\\/#respond\"]}]},{\"@type\":\"WebPage\",\"@id\":\"http:\\\/\\\/www.vitalibera.org\\\/community\\\/2025\\\/10\\\/03\\\/apfelwaehe\\\/\",\"url\":\"http:\\\/\\\/www.vitalibera.org\\\/community\\\/2025\\\/10\\\/03\\\/apfelwaehe\\\/\",\"name\":\"Apfelw\u00e4he - vitalibera.org\",\"isPartOf\":{\"@id\":\"https:\\\/\\\/www.vitalibera.org\\\/community\\\/#website\"},\"primaryImageOfPage\":{\"@id\":\"http:\\\/\\\/www.vitalibera.org\\\/community\\\/2025\\\/10\\\/03\\\/apfelwaehe\\\/#primaryimage\"},\"image\":{\"@id\":\"http:\\\/\\\/www.vitalibera.org\\\/community\\\/2025\\\/10\\\/03\\\/apfelwaehe\\\/#primaryimage\"},\"thumbnailUrl\":\"https:\\\/\\\/www.vitalibera.org\\\/community\\\/wp-content\\\/uploads\\\/2025\\\/10\\\/apfelwaehe.png\",\"datePublished\":\"2025-10-03T09:32:50+00:00\",\"dateModified\":\"2025-10-03T09:32:55+00:00\",\"breadcrumb\":{\"@id\":\"http:\\\/\\\/www.vitalibera.org\\\/community\\\/2025\\\/10\\\/03\\\/apfelwaehe\\\/#breadcrumb\"},\"inLanguage\":\"de\",\"potentialAction\":[{\"@type\":\"ReadAction\",\"target\":[\"http:\\\/\\\/www.vitalibera.org\\\/community\\\/2025\\\/10\\\/03\\\/apfelwaehe\\\/\"]}]},{\"@type\":\"BreadcrumbList\",\"@id\":\"http:\\\/\\\/www.vitalibera.org\\\/community\\\/2025\\\/10\\\/03\\\/apfelwaehe\\\/#breadcrumb\",\"itemListElement\":[{\"@type\":\"ListItem\",\"position\":1,\"name\":\"Startseite\",\"item\":\"https:\\\/\\\/www.vitalibera.org\\\/community\\\/\"},{\"@type\":\"ListItem\",\"position\":2,\"name\":\"Apfelw\u00e4he\"}]},{\"@type\":\"WebSite\",\"@id\":\"https:\\\/\\\/www.vitalibera.org\\\/community\\\/#website\",\"url\":\"https:\\\/\\\/www.vitalibera.org\\\/community\\\/\",\"name\":\"vitalibera.org\",\"description\":\"Mit einer Einschr&auml;nkung gestaltet sich das Leben im Alltag oft schwieriger - hier berichten wir &uuml;ber unsere Erfahrungen und Hilfsmittel um den Alltag so unbeschwert und unkompliziert wie nur m&ouml;glich geniessen zu k&ouml;nnen. Dabei richten wir unseren Fokus gezielt auf Selbst&auml;ndigkeit, Eigenst&auml;ndigkeit und Selbstbestimmung.\",\"publisher\":{\"@id\":\"https:\\\/\\\/www.vitalibera.org\\\/community\\\/#organization\"},\"potentialAction\":[{\"@type\":\"SearchAction\",\"target\":{\"@type\":\"EntryPoint\",\"urlTemplate\":\"https:\\\/\\\/www.vitalibera.org\\\/community\\\/?s={search_term_string}\"},\"query-input\":{\"@type\":\"PropertyValueSpecification\",\"valueRequired\":true,\"valueName\":\"search_term_string\"}}],\"inLanguage\":\"de\"},{\"@type\":\"Organization\",\"@id\":\"https:\\\/\\\/www.vitalibera.org\\\/community\\\/#organization\",\"name\":\"vitalibera.org\",\"url\":\"https:\\\/\\\/www.vitalibera.org\\\/community\\\/\",\"logo\":{\"@type\":\"ImageObject\",\"inLanguage\":\"de\",\"@id\":\"https:\\\/\\\/www.vitalibera.org\\\/community\\\/#\\\/schema\\\/logo\\\/image\\\/\",\"url\":\"https:\\\/\\\/www.vitalibera.org\\\/community\\\/wp-content\\\/uploads\\\/2025\\\/09\\\/cropped-banner.png\",\"contentUrl\":\"https:\\\/\\\/www.vitalibera.org\\\/community\\\/wp-content\\\/uploads\\\/2025\\\/09\\\/cropped-banner.png\",\"width\":991,\"height\":150,\"caption\":\"vitalibera.org\"},\"image\":{\"@id\":\"https:\\\/\\\/www.vitalibera.org\\\/community\\\/#\\\/schema\\\/logo\\\/image\\\/\"},\"sameAs\":[\"https:\\\/\\\/www.facebook.com\\\/groups\\\/2997085857140235\"]},{\"@type\":\"Person\",\"@id\":\"https:\\\/\\\/www.vitalibera.org\\\/community\\\/#\\\/schema\\\/person\\\/c535fa8d561f7f8ca425ced40d87e582\",\"name\":\"admin\",\"image\":{\"@type\":\"ImageObject\",\"inLanguage\":\"de\",\"@id\":\"https:\\\/\\\/secure.gravatar.com\\\/avatar\\\/ad516503a11cd5ca435acc9bb6523536?s=96\",\"url\":\"https:\\\/\\\/secure.gravatar.com\\\/avatar\\\/ad516503a11cd5ca435acc9bb6523536?s=96\",\"contentUrl\":\"https:\\\/\\\/secure.gravatar.com\\\/avatar\\\/ad516503a11cd5ca435acc9bb6523536?s=96\",\"caption\":\"admin\"},\"description\":\"admin\",\"sameAs\":[\"http:\\\/\\\/www.vitalibera.org\\\/community\"],\"url\":\"https:\\\/\\\/www.vitalibera.org\\\/community\\\/author\\\/admin\\\/\"}]}<\/script>\r\n<!-- \/ Yoast SEO plugin. -->","yoast_head_json":{"title":"Apfelw\u00e4he - vitalibera.org","robots":{"index":"index","follow":"follow","max-snippet":"max-snippet:-1","max-image-preview":"max-image-preview:large","max-video-preview":"max-video-preview:-1"},"canonical":"http:\/\/www.vitalibera.org\/community\/2025\/10\/03\/apfelwaehe\/","og_locale":"de_DE","og_type":"article","og_title":"Apfelw\u00e4he - vitalibera.org","og_description":"Kuchenblech 28 cm \u00d8 Teig:225 g Mehl\u00bd TL Salz75 g Butter, kalt, in St\u00fccken250 g Halbfettquark(oder Fertig-Butterkuchenteig) Belag:4 EL gemahlene Haseln\u00fcsse oder Mandeln4 &#8211; 5 \u00c4pfel, in Schnitzen Guss:1 dl Milch1,5 dl Rahm2 Eier4 EL Zucker1 EL Maisst\u00e4rke1 &#8211; 2 TL Vanillezucker oder Zimt 2 dl Rahm, flaumig geschlagen, zum Garnieren Teig: Mehl und Salz ... Weiterlesen","og_url":"http:\/\/www.vitalibera.org\/community\/2025\/10\/03\/apfelwaehe\/","og_site_name":"vitalibera.org","article_publisher":"https:\/\/www.facebook.com\/groups\/2997085857140235","article_published_time":"2025-10-03T09:32:50+00:00","article_modified_time":"2025-10-03T09:32:55+00:00","og_image":[{"width":290,"height":226,"url":"http:\/\/www.vitalibera.org\/community\/wp-content\/uploads\/2025\/10\/apfelwaehe.png","type":"image\/png"}],"author":"admin","twitter_card":"summary_large_image","twitter_misc":{"Verfasst von":"admin","Gesch\u00e4tzte Lesezeit":"2\u00a0Minuten"},"schema":{"@context":"https:\/\/schema.org","@graph":[{"@type":"Article","@id":"http:\/\/www.vitalibera.org\/community\/2025\/10\/03\/apfelwaehe\/#article","isPartOf":{"@id":"http:\/\/www.vitalibera.org\/community\/2025\/10\/03\/apfelwaehe\/"},"author":{"name":"admin","@id":"https:\/\/www.vitalibera.org\/community\/#\/schema\/person\/c535fa8d561f7f8ca425ced40d87e582"},"headline":"Apfelw\u00e4he","datePublished":"2025-10-03T09:32:50+00:00","dateModified":"2025-10-03T09:32:55+00:00","mainEntityOfPage":{"@id":"http:\/\/www.vitalibera.org\/community\/2025\/10\/03\/apfelwaehe\/"},"wordCount":175,"commentCount":0,"publisher":{"@id":"https:\/\/www.vitalibera.org\/community\/#organization"},"image":{"@id":"http:\/\/www.vitalibera.org\/community\/2025\/10\/03\/apfelwaehe\/#primaryimage"},"thumbnailUrl":"https:\/\/www.vitalibera.org\/community\/wp-content\/uploads\/2025\/10\/apfelwaehe.png","articleSection":["Backen"],"inLanguage":"de","potentialAction":[{"@type":"CommentAction","name":"Comment","target":["http:\/\/www.vitalibera.org\/community\/2025\/10\/03\/apfelwaehe\/#respond"]}]},{"@type":"WebPage","@id":"http:\/\/www.vitalibera.org\/community\/2025\/10\/03\/apfelwaehe\/","url":"http:\/\/www.vitalibera.org\/community\/2025\/10\/03\/apfelwaehe\/","name":"Apfelw\u00e4he - vitalibera.org","isPartOf":{"@id":"https:\/\/www.vitalibera.org\/community\/#website"},"primaryImageOfPage":{"@id":"http:\/\/www.vitalibera.org\/community\/2025\/10\/03\/apfelwaehe\/#primaryimage"},"image":{"@id":"http:\/\/www.vitalibera.org\/community\/2025\/10\/03\/apfelwaehe\/#primaryimage"},"thumbnailUrl":"https:\/\/www.vitalibera.org\/community\/wp-content\/uploads\/2025\/10\/apfelwaehe.png","datePublished":"2025-10-03T09:32:50+00:00","dateModified":"2025-10-03T09:32:55+00:00","breadcrumb":{"@id":"http:\/\/www.vitalibera.org\/community\/2025\/10\/03\/apfelwaehe\/#breadcrumb"},"inLanguage":"de","potentialAction":[{"@type":"ReadAction","target":["http:\/\/www.vitalibera.org\/community\/2025\/10\/03\/apfelwaehe\/"]}]},{"@type":"BreadcrumbList","@id":"http:\/\/www.vitalibera.org\/community\/2025\/10\/03\/apfelwaehe\/#breadcrumb","itemListElement":[{"@type":"ListItem","position":1,"name":"Startseite","item":"https:\/\/www.vitalibera.org\/community\/"},{"@type":"ListItem","position":2,"name":"Apfelw\u00e4he"}]},{"@type":"WebSite","@id":"https:\/\/www.vitalibera.org\/community\/#website","url":"https:\/\/www.vitalibera.org\/community\/","name":"vitalibera.org","description":"Mit einer Einschr&auml;nkung gestaltet sich das Leben im Alltag oft schwieriger - hier berichten wir &uuml;ber unsere Erfahrungen und Hilfsmittel um den Alltag so unbeschwert und unkompliziert wie nur m&ouml;glich geniessen zu k&ouml;nnen. Dabei richten wir unseren Fokus gezielt auf Selbst&auml;ndigkeit, Eigenst&auml;ndigkeit und Selbstbestimmung.","publisher":{"@id":"https:\/\/www.vitalibera.org\/community\/#organization"},"potentialAction":[{"@type":"SearchAction","target":{"@type":"EntryPoint","urlTemplate":"https:\/\/www.vitalibera.org\/community\/?s={search_term_string}"},"query-input":{"@type":"PropertyValueSpecification","valueRequired":true,"valueName":"search_term_string"}}],"inLanguage":"de"},{"@type":"Organization","@id":"https:\/\/www.vitalibera.org\/community\/#organization","name":"vitalibera.org","url":"https:\/\/www.vitalibera.org\/community\/","logo":{"@type":"ImageObject","inLanguage":"de","@id":"https:\/\/www.vitalibera.org\/community\/#\/schema\/logo\/image\/","url":"https:\/\/www.vitalibera.org\/community\/wp-content\/uploads\/2025\/09\/cropped-banner.png","contentUrl":"https:\/\/www.vitalibera.org\/community\/wp-content\/uploads\/2025\/09\/cropped-banner.png","width":991,"height":150,"caption":"vitalibera.org"},"image":{"@id":"https:\/\/www.vitalibera.org\/community\/#\/schema\/logo\/image\/"},"sameAs":["https:\/\/www.facebook.com\/groups\/2997085857140235"]},{"@type":"Person","@id":"https:\/\/www.vitalibera.org\/community\/#\/schema\/person\/c535fa8d561f7f8ca425ced40d87e582","name":"admin","image":{"@type":"ImageObject","inLanguage":"de","@id":"https:\/\/secure.gravatar.com\/avatar\/ad516503a11cd5ca435acc9bb6523536?s=96","url":"https:\/\/secure.gravatar.com\/avatar\/ad516503a11cd5ca435acc9bb6523536?s=96","contentUrl":"https:\/\/secure.gravatar.com\/avatar\/ad516503a11cd5ca435acc9bb6523536?s=96","caption":"admin"},"description":"admin","sameAs":["http:\/\/www.vitalibera.org\/community"],"url":"https:\/\/www.vitalibera.org\/community\/author\/admin\/"}]}},"jetpack_featured_media_url":"https:\/\/www.vitalibera.org\/community\/wp-content\/uploads\/2025\/10\/apfelwaehe.png","jetpack_sharing_enabled":true,"jetpack-related-posts":[],"_links":{"self":[{"href":"https:\/\/www.vitalibera.org\/community\/wp-json\/wp\/v2\/posts\/2610","targetHints":{"allow":["GET"]}}],"collection":[{"href":"https:\/\/www.vitalibera.org\/community\/wp-json\/wp\/v2\/posts"}],"about":[{"href":"https:\/\/www.vitalibera.org\/community\/wp-json\/wp\/v2\/types\/post"}],"author":[{"embeddable":true,"href":"https:\/\/www.vitalibera.org\/community\/wp-json\/wp\/v2\/users\/1"}],"replies":[{"embeddable":true,"href":"https:\/\/www.vitalibera.org\/community\/wp-json\/wp\/v2\/comments?post=2610"}],"version-history":[{"count":0,"href":"https:\/\/www.vitalibera.org\/community\/wp-json\/wp\/v2\/posts\/2610\/revisions"}],"wp:featuredmedia":[{"embeddable":true,"href":"https:\/\/www.vitalibera.org\/community\/wp-json\/wp\/v2\/media\/2611"}],"wp:attachment":[{"href":"https:\/\/www.vitalibera.org\/community\/wp-json\/wp\/v2\/media?parent=2610"}],"wp:term":[{"taxonomy":"category","embeddable":true,"href":"https:\/\/www.vitalibera.org\/community\/wp-json\/wp\/v2\/categories?post=2610"},{"taxonomy":"post_tag","embeddable":true,"href":"https:\/\/www.vitalibera.org\/community\/wp-json\/wp\/v2\/tags?post=2610"}],"curies":[{"name":"wp","href":"https:\/\/api.w.org\/{rel}","templated":true}]}}