{"id":2695,"date":"2025-10-05T23:12:14","date_gmt":"2025-10-05T21:12:14","guid":{"rendered":"https:\/\/www.vitalibera.org\/community\/?p=2695"},"modified":"2025-10-05T23:12:17","modified_gmt":"2025-10-05T21:12:17","slug":"kaese-zwiebel-waehe","status":"publish","type":"post","link":"https:\/\/www.vitalibera.org\/community\/2025\/10\/05\/kaese-zwiebel-waehe\/","title":{"rendered":"K\u00e4se-Zwiebel-W\u00e4he"},"content":{"rendered":"\n<div class=\"wp-block-media-text is-stacked-on-mobile is-vertically-aligned-top\" style=\"grid-template-columns:46% auto\"><figure class=\"wp-block-media-text__media\"><img fetchpriority=\"high\" decoding=\"async\" width=\"295\" height=\"204\" src=\"https:\/\/www.vitalibera.org\/community\/wp-content\/uploads\/2025\/10\/kaesezwiebelwaehe.png\" alt=\"\" class=\"wp-image-2696 size-full\"><\/figure><div class=\"wp-block-media-text__content\">\n<p>Butter und Mehl f&uuml;r die Form<br>1 rund ausgewallter Kuchenteig &agrave; ca. 33 cm &Oslash;<br>2 Zwiebeln<br>1 EL Bratbutter<br>150 g Emmentaler-K&auml;se<br>150 g rezenter Gruy&egrave;re<br>1 EL Mehl<br>2 Eier<br>2,5 dl Milch<br>Muskatnuss<br>&frac12; TL Salz<br>Pfeffer<\/p>\n\n\n\n<p>Blech mit Butter ausstreichen und mit Mehl best&auml;uben. Kuchenteig in das Blech legen, Rand nach Belieben verzieren. K&uuml;hl stellen.<\/p>\n\n\n\n<p>Backofen auf 220 &deg;C Unter-\/Oberhitze vorheizen. Zwiebeln halbieren, in Streifen schneiden. In Bratbutter ca. 10 Minuten d&uuml;nsten. Abk&uuml;hlen lassen.<\/p>\n\n\n\n<p>K&auml;se grob reiben. Mit Mehl mischen.<\/p>\n\n\n\n<p>Eier mit Milch verquirlen. Mit geriebener Muskatnuss, Salz und Pfeffer w&uuml;rzen.<\/p>\n\n\n\n<p>Zuerst Zwiebeln, dann K&auml;se auf den Teig verteilen. Guss dar&uuml;bergiessen.<\/p>\n\n\n\n<p>W&auml;he auf der untersten Ofenrille 10 Minuten backen.<\/p>\n\n\n\n<p>Ofentemperatur auf 190 &deg;C reduzieren. W&auml;he 20&ndash;25 Minuten fertig backen, dabei die letzten 10 Minuten auf Unterhitze umstellen.<\/p>\n\n\n\n<p>Herausnehmen. Dazu passt Salat.<\/p>\n<\/div><\/div>\n","protected":false},"excerpt":{"rendered":"<p>Butter und Mehl f\u00fcr die Form1 rund ausgewallter Kuchenteig \u00e0 ca. 33 cm \u00d82 Zwiebeln1 EL Bratbutter150 g Emmentaler-K\u00e4se150 g rezenter Gruy\u00e8re1 EL Mehl2 Eier2,5 dl MilchMuskatnuss\u00bd TL SalzPfeffer Blech mit Butter ausstreichen und mit Mehl best\u00e4uben. Kuchenteig in das Blech legen, Rand nach Belieben verzieren. K\u00fchl stellen. Backofen auf 220 \u00b0C Unter-\/Oberhitze vorheizen. Zwiebeln &#8230; <a title=\"K\u00e4se-Zwiebel-W\u00e4he\" class=\"read-more\" href=\"https:\/\/www.vitalibera.org\/community\/2025\/10\/05\/kaese-zwiebel-waehe\/\" aria-label=\"Mehr Informationen \u00fcber K\u00e4se-Zwiebel-W\u00e4he\">Weiterlesen<\/a><\/p>\n","protected":false},"author":1,"featured_media":2696,"comment_status":"closed","ping_status":"open","sticky":false,"template":"","format":"standard","meta":{"cybocfi_hide_featured_image":"yes","_jetpack_memberships_contains_paid_content":false,"footnotes":""},"categories":[220],"tags":[],"class_list":["post-2695","post","type-post","status-publish","format-standard","has-post-thumbnail","hentry","category-hauptspeisen"],"yoast_head":"<!-- This site is optimized with the Yoast SEO plugin v27.4 - https:\/\/yoast.com\/product\/yoast-seo-wordpress\/ -->\r\n<title>K\u00e4se-Zwiebel-W\u00e4he - vitalibera.org<\/title>\r\n<meta name=\"robots\" content=\"index, follow, max-snippet:-1, max-image-preview:large, max-video-preview:-1\" \/>\r\n<link rel=\"canonical\" href=\"http:\/\/www.vitalibera.org\/community\/2025\/10\/05\/kaese-zwiebel-waehe\/\" \/>\r\n<meta property=\"og:locale\" content=\"de_DE\" \/>\r\n<meta property=\"og:type\" content=\"article\" \/>\r\n<meta property=\"og:title\" content=\"K\u00e4se-Zwiebel-W\u00e4he - vitalibera.org\" \/>\r\n<meta property=\"og:description\" content=\"Butter und Mehl f\u00fcr die Form1 rund ausgewallter Kuchenteig \u00e0 ca. 33 cm \u00d82 Zwiebeln1 EL Bratbutter150 g Emmentaler-K\u00e4se150 g rezenter Gruy\u00e8re1 EL Mehl2 Eier2,5 dl MilchMuskatnuss\u00bd TL SalzPfeffer Blech mit Butter ausstreichen und mit Mehl best\u00e4uben. Kuchenteig in das Blech legen, Rand nach Belieben verzieren. K\u00fchl stellen. Backofen auf 220 \u00b0C Unter-\/Oberhitze vorheizen. Zwiebeln ... Weiterlesen\" \/>\r\n<meta property=\"og:url\" content=\"http:\/\/www.vitalibera.org\/community\/2025\/10\/05\/kaese-zwiebel-waehe\/\" \/>\r\n<meta property=\"og:site_name\" content=\"vitalibera.org\" \/>\r\n<meta property=\"article:publisher\" content=\"https:\/\/www.facebook.com\/groups\/2997085857140235\" \/>\r\n<meta property=\"article:published_time\" content=\"2025-10-05T21:12:14+00:00\" \/>\r\n<meta property=\"article:modified_time\" content=\"2025-10-05T21:12:17+00:00\" \/>\r\n<meta property=\"og:image\" content=\"http:\/\/www.vitalibera.org\/community\/wp-content\/uploads\/2025\/10\/kaesezwiebelwaehe.png\" \/>\r\n\t<meta property=\"og:image:width\" content=\"295\" \/>\r\n\t<meta property=\"og:image:height\" content=\"204\" \/>\r\n\t<meta property=\"og:image:type\" content=\"image\/png\" \/>\r\n<meta name=\"author\" content=\"admin\" \/>\r\n<meta name=\"twitter:card\" content=\"summary_large_image\" \/>\r\n<meta name=\"twitter:label1\" content=\"Verfasst von\" \/>\n\t<meta name=\"twitter:data1\" content=\"admin\" \/>\n\t<meta name=\"twitter:label2\" content=\"Gesch\u00e4tzte Lesezeit\" \/>\n\t<meta name=\"twitter:data2\" content=\"2\u00a0Minuten\" \/>\r\n<script type=\"application\/ld+json\" class=\"yoast-schema-graph\">{\"@context\":\"https:\\\/\\\/schema.org\",\"@graph\":[{\"@type\":\"Article\",\"@id\":\"http:\\\/\\\/www.vitalibera.org\\\/community\\\/2025\\\/10\\\/05\\\/kaese-zwiebel-waehe\\\/#article\",\"isPartOf\":{\"@id\":\"http:\\\/\\\/www.vitalibera.org\\\/community\\\/2025\\\/10\\\/05\\\/kaese-zwiebel-waehe\\\/\"},\"author\":{\"name\":\"admin\",\"@id\":\"https:\\\/\\\/www.vitalibera.org\\\/community\\\/#\\\/schema\\\/person\\\/c535fa8d561f7f8ca425ced40d87e582\"},\"headline\":\"K\u00e4se-Zwiebel-W\u00e4he\",\"datePublished\":\"2025-10-05T21:12:14+00:00\",\"dateModified\":\"2025-10-05T21:12:17+00:00\",\"mainEntityOfPage\":{\"@id\":\"http:\\\/\\\/www.vitalibera.org\\\/community\\\/2025\\\/10\\\/05\\\/kaese-zwiebel-waehe\\\/\"},\"wordCount\":132,\"publisher\":{\"@id\":\"https:\\\/\\\/www.vitalibera.org\\\/community\\\/#organization\"},\"image\":{\"@id\":\"http:\\\/\\\/www.vitalibera.org\\\/community\\\/2025\\\/10\\\/05\\\/kaese-zwiebel-waehe\\\/#primaryimage\"},\"thumbnailUrl\":\"https:\\\/\\\/www.vitalibera.org\\\/community\\\/wp-content\\\/uploads\\\/2025\\\/10\\\/kaesezwiebelwaehe.png\",\"articleSection\":[\"Hauptspeisen\"],\"inLanguage\":\"de\"},{\"@type\":\"WebPage\",\"@id\":\"http:\\\/\\\/www.vitalibera.org\\\/community\\\/2025\\\/10\\\/05\\\/kaese-zwiebel-waehe\\\/\",\"url\":\"http:\\\/\\\/www.vitalibera.org\\\/community\\\/2025\\\/10\\\/05\\\/kaese-zwiebel-waehe\\\/\",\"name\":\"K\u00e4se-Zwiebel-W\u00e4he - vitalibera.org\",\"isPartOf\":{\"@id\":\"https:\\\/\\\/www.vitalibera.org\\\/community\\\/#website\"},\"primaryImageOfPage\":{\"@id\":\"http:\\\/\\\/www.vitalibera.org\\\/community\\\/2025\\\/10\\\/05\\\/kaese-zwiebel-waehe\\\/#primaryimage\"},\"image\":{\"@id\":\"http:\\\/\\\/www.vitalibera.org\\\/community\\\/2025\\\/10\\\/05\\\/kaese-zwiebel-waehe\\\/#primaryimage\"},\"thumbnailUrl\":\"https:\\\/\\\/www.vitalibera.org\\\/community\\\/wp-content\\\/uploads\\\/2025\\\/10\\\/kaesezwiebelwaehe.png\",\"datePublished\":\"2025-10-05T21:12:14+00:00\",\"dateModified\":\"2025-10-05T21:12:17+00:00\",\"breadcrumb\":{\"@id\":\"http:\\\/\\\/www.vitalibera.org\\\/community\\\/2025\\\/10\\\/05\\\/kaese-zwiebel-waehe\\\/#breadcrumb\"},\"inLanguage\":\"de\",\"potentialAction\":[{\"@type\":\"ReadAction\",\"target\":[\"http:\\\/\\\/www.vitalibera.org\\\/community\\\/2025\\\/10\\\/05\\\/kaese-zwiebel-waehe\\\/\"]}]},{\"@type\":\"BreadcrumbList\",\"@id\":\"http:\\\/\\\/www.vitalibera.org\\\/community\\\/2025\\\/10\\\/05\\\/kaese-zwiebel-waehe\\\/#breadcrumb\",\"itemListElement\":[{\"@type\":\"ListItem\",\"position\":1,\"name\":\"Startseite\",\"item\":\"https:\\\/\\\/www.vitalibera.org\\\/community\\\/\"},{\"@type\":\"ListItem\",\"position\":2,\"name\":\"K\u00e4se-Zwiebel-W\u00e4he\"}]},{\"@type\":\"WebSite\",\"@id\":\"https:\\\/\\\/www.vitalibera.org\\\/community\\\/#website\",\"url\":\"https:\\\/\\\/www.vitalibera.org\\\/community\\\/\",\"name\":\"vitalibera.org\",\"description\":\"Mit einer Einschr&auml;nkung gestaltet sich das Leben im Alltag oft schwieriger - hier berichten wir &uuml;ber unsere Erfahrungen und Hilfsmittel um den Alltag so unbeschwert und unkompliziert wie nur m&ouml;glich geniessen zu k&ouml;nnen. Dabei richten wir unseren Fokus gezielt auf Selbst&auml;ndigkeit, Eigenst&auml;ndigkeit und Selbstbestimmung.\",\"publisher\":{\"@id\":\"https:\\\/\\\/www.vitalibera.org\\\/community\\\/#organization\"},\"potentialAction\":[{\"@type\":\"SearchAction\",\"target\":{\"@type\":\"EntryPoint\",\"urlTemplate\":\"https:\\\/\\\/www.vitalibera.org\\\/community\\\/?s={search_term_string}\"},\"query-input\":{\"@type\":\"PropertyValueSpecification\",\"valueRequired\":true,\"valueName\":\"search_term_string\"}}],\"inLanguage\":\"de\"},{\"@type\":\"Organization\",\"@id\":\"https:\\\/\\\/www.vitalibera.org\\\/community\\\/#organization\",\"name\":\"vitalibera.org\",\"url\":\"https:\\\/\\\/www.vitalibera.org\\\/community\\\/\",\"logo\":{\"@type\":\"ImageObject\",\"inLanguage\":\"de\",\"@id\":\"https:\\\/\\\/www.vitalibera.org\\\/community\\\/#\\\/schema\\\/logo\\\/image\\\/\",\"url\":\"https:\\\/\\\/www.vitalibera.org\\\/community\\\/wp-content\\\/uploads\\\/2025\\\/09\\\/cropped-banner.png\",\"contentUrl\":\"https:\\\/\\\/www.vitalibera.org\\\/community\\\/wp-content\\\/uploads\\\/2025\\\/09\\\/cropped-banner.png\",\"width\":991,\"height\":150,\"caption\":\"vitalibera.org\"},\"image\":{\"@id\":\"https:\\\/\\\/www.vitalibera.org\\\/community\\\/#\\\/schema\\\/logo\\\/image\\\/\"},\"sameAs\":[\"https:\\\/\\\/www.facebook.com\\\/groups\\\/2997085857140235\"]},{\"@type\":\"Person\",\"@id\":\"https:\\\/\\\/www.vitalibera.org\\\/community\\\/#\\\/schema\\\/person\\\/c535fa8d561f7f8ca425ced40d87e582\",\"name\":\"admin\",\"image\":{\"@type\":\"ImageObject\",\"inLanguage\":\"de\",\"@id\":\"https:\\\/\\\/secure.gravatar.com\\\/avatar\\\/ad516503a11cd5ca435acc9bb6523536?s=96\",\"url\":\"https:\\\/\\\/secure.gravatar.com\\\/avatar\\\/ad516503a11cd5ca435acc9bb6523536?s=96\",\"contentUrl\":\"https:\\\/\\\/secure.gravatar.com\\\/avatar\\\/ad516503a11cd5ca435acc9bb6523536?s=96\",\"caption\":\"admin\"},\"description\":\"admin\",\"sameAs\":[\"http:\\\/\\\/www.vitalibera.org\\\/community\"],\"url\":\"https:\\\/\\\/www.vitalibera.org\\\/community\\\/author\\\/admin\\\/\"}]}<\/script>\r\n<!-- \/ Yoast SEO plugin. -->","yoast_head_json":{"title":"K\u00e4se-Zwiebel-W\u00e4he - vitalibera.org","robots":{"index":"index","follow":"follow","max-snippet":"max-snippet:-1","max-image-preview":"max-image-preview:large","max-video-preview":"max-video-preview:-1"},"canonical":"http:\/\/www.vitalibera.org\/community\/2025\/10\/05\/kaese-zwiebel-waehe\/","og_locale":"de_DE","og_type":"article","og_title":"K\u00e4se-Zwiebel-W\u00e4he - vitalibera.org","og_description":"Butter und Mehl f\u00fcr die Form1 rund ausgewallter Kuchenteig \u00e0 ca. 33 cm \u00d82 Zwiebeln1 EL Bratbutter150 g Emmentaler-K\u00e4se150 g rezenter Gruy\u00e8re1 EL Mehl2 Eier2,5 dl MilchMuskatnuss\u00bd TL SalzPfeffer Blech mit Butter ausstreichen und mit Mehl best\u00e4uben. Kuchenteig in das Blech legen, Rand nach Belieben verzieren. K\u00fchl stellen. Backofen auf 220 \u00b0C Unter-\/Oberhitze vorheizen. Zwiebeln ... Weiterlesen","og_url":"http:\/\/www.vitalibera.org\/community\/2025\/10\/05\/kaese-zwiebel-waehe\/","og_site_name":"vitalibera.org","article_publisher":"https:\/\/www.facebook.com\/groups\/2997085857140235","article_published_time":"2025-10-05T21:12:14+00:00","article_modified_time":"2025-10-05T21:12:17+00:00","og_image":[{"width":295,"height":204,"url":"http:\/\/www.vitalibera.org\/community\/wp-content\/uploads\/2025\/10\/kaesezwiebelwaehe.png","type":"image\/png"}],"author":"admin","twitter_card":"summary_large_image","twitter_misc":{"Verfasst von":"admin","Gesch\u00e4tzte Lesezeit":"2\u00a0Minuten"},"schema":{"@context":"https:\/\/schema.org","@graph":[{"@type":"Article","@id":"http:\/\/www.vitalibera.org\/community\/2025\/10\/05\/kaese-zwiebel-waehe\/#article","isPartOf":{"@id":"http:\/\/www.vitalibera.org\/community\/2025\/10\/05\/kaese-zwiebel-waehe\/"},"author":{"name":"admin","@id":"https:\/\/www.vitalibera.org\/community\/#\/schema\/person\/c535fa8d561f7f8ca425ced40d87e582"},"headline":"K\u00e4se-Zwiebel-W\u00e4he","datePublished":"2025-10-05T21:12:14+00:00","dateModified":"2025-10-05T21:12:17+00:00","mainEntityOfPage":{"@id":"http:\/\/www.vitalibera.org\/community\/2025\/10\/05\/kaese-zwiebel-waehe\/"},"wordCount":132,"publisher":{"@id":"https:\/\/www.vitalibera.org\/community\/#organization"},"image":{"@id":"http:\/\/www.vitalibera.org\/community\/2025\/10\/05\/kaese-zwiebel-waehe\/#primaryimage"},"thumbnailUrl":"https:\/\/www.vitalibera.org\/community\/wp-content\/uploads\/2025\/10\/kaesezwiebelwaehe.png","articleSection":["Hauptspeisen"],"inLanguage":"de"},{"@type":"WebPage","@id":"http:\/\/www.vitalibera.org\/community\/2025\/10\/05\/kaese-zwiebel-waehe\/","url":"http:\/\/www.vitalibera.org\/community\/2025\/10\/05\/kaese-zwiebel-waehe\/","name":"K\u00e4se-Zwiebel-W\u00e4he - vitalibera.org","isPartOf":{"@id":"https:\/\/www.vitalibera.org\/community\/#website"},"primaryImageOfPage":{"@id":"http:\/\/www.vitalibera.org\/community\/2025\/10\/05\/kaese-zwiebel-waehe\/#primaryimage"},"image":{"@id":"http:\/\/www.vitalibera.org\/community\/2025\/10\/05\/kaese-zwiebel-waehe\/#primaryimage"},"thumbnailUrl":"https:\/\/www.vitalibera.org\/community\/wp-content\/uploads\/2025\/10\/kaesezwiebelwaehe.png","datePublished":"2025-10-05T21:12:14+00:00","dateModified":"2025-10-05T21:12:17+00:00","breadcrumb":{"@id":"http:\/\/www.vitalibera.org\/community\/2025\/10\/05\/kaese-zwiebel-waehe\/#breadcrumb"},"inLanguage":"de","potentialAction":[{"@type":"ReadAction","target":["http:\/\/www.vitalibera.org\/community\/2025\/10\/05\/kaese-zwiebel-waehe\/"]}]},{"@type":"BreadcrumbList","@id":"http:\/\/www.vitalibera.org\/community\/2025\/10\/05\/kaese-zwiebel-waehe\/#breadcrumb","itemListElement":[{"@type":"ListItem","position":1,"name":"Startseite","item":"https:\/\/www.vitalibera.org\/community\/"},{"@type":"ListItem","position":2,"name":"K\u00e4se-Zwiebel-W\u00e4he"}]},{"@type":"WebSite","@id":"https:\/\/www.vitalibera.org\/community\/#website","url":"https:\/\/www.vitalibera.org\/community\/","name":"vitalibera.org","description":"Mit einer Einschr&auml;nkung gestaltet sich das Leben im Alltag oft schwieriger - hier berichten wir &uuml;ber unsere Erfahrungen und Hilfsmittel um den Alltag so unbeschwert und unkompliziert wie nur m&ouml;glich geniessen zu k&ouml;nnen. Dabei richten wir unseren Fokus gezielt auf Selbst&auml;ndigkeit, Eigenst&auml;ndigkeit und Selbstbestimmung.","publisher":{"@id":"https:\/\/www.vitalibera.org\/community\/#organization"},"potentialAction":[{"@type":"SearchAction","target":{"@type":"EntryPoint","urlTemplate":"https:\/\/www.vitalibera.org\/community\/?s={search_term_string}"},"query-input":{"@type":"PropertyValueSpecification","valueRequired":true,"valueName":"search_term_string"}}],"inLanguage":"de"},{"@type":"Organization","@id":"https:\/\/www.vitalibera.org\/community\/#organization","name":"vitalibera.org","url":"https:\/\/www.vitalibera.org\/community\/","logo":{"@type":"ImageObject","inLanguage":"de","@id":"https:\/\/www.vitalibera.org\/community\/#\/schema\/logo\/image\/","url":"https:\/\/www.vitalibera.org\/community\/wp-content\/uploads\/2025\/09\/cropped-banner.png","contentUrl":"https:\/\/www.vitalibera.org\/community\/wp-content\/uploads\/2025\/09\/cropped-banner.png","width":991,"height":150,"caption":"vitalibera.org"},"image":{"@id":"https:\/\/www.vitalibera.org\/community\/#\/schema\/logo\/image\/"},"sameAs":["https:\/\/www.facebook.com\/groups\/2997085857140235"]},{"@type":"Person","@id":"https:\/\/www.vitalibera.org\/community\/#\/schema\/person\/c535fa8d561f7f8ca425ced40d87e582","name":"admin","image":{"@type":"ImageObject","inLanguage":"de","@id":"https:\/\/secure.gravatar.com\/avatar\/ad516503a11cd5ca435acc9bb6523536?s=96","url":"https:\/\/secure.gravatar.com\/avatar\/ad516503a11cd5ca435acc9bb6523536?s=96","contentUrl":"https:\/\/secure.gravatar.com\/avatar\/ad516503a11cd5ca435acc9bb6523536?s=96","caption":"admin"},"description":"admin","sameAs":["http:\/\/www.vitalibera.org\/community"],"url":"https:\/\/www.vitalibera.org\/community\/author\/admin\/"}]}},"jetpack_featured_media_url":"https:\/\/www.vitalibera.org\/community\/wp-content\/uploads\/2025\/10\/kaesezwiebelwaehe.png","jetpack_sharing_enabled":true,"jetpack-related-posts":[],"_links":{"self":[{"href":"https:\/\/www.vitalibera.org\/community\/wp-json\/wp\/v2\/posts\/2695","targetHints":{"allow":["GET"]}}],"collection":[{"href":"https:\/\/www.vitalibera.org\/community\/wp-json\/wp\/v2\/posts"}],"about":[{"href":"https:\/\/www.vitalibera.org\/community\/wp-json\/wp\/v2\/types\/post"}],"author":[{"embeddable":true,"href":"https:\/\/www.vitalibera.org\/community\/wp-json\/wp\/v2\/users\/1"}],"replies":[{"embeddable":true,"href":"https:\/\/www.vitalibera.org\/community\/wp-json\/wp\/v2\/comments?post=2695"}],"version-history":[{"count":0,"href":"https:\/\/www.vitalibera.org\/community\/wp-json\/wp\/v2\/posts\/2695\/revisions"}],"wp:featuredmedia":[{"embeddable":true,"href":"https:\/\/www.vitalibera.org\/community\/wp-json\/wp\/v2\/media\/2696"}],"wp:attachment":[{"href":"https:\/\/www.vitalibera.org\/community\/wp-json\/wp\/v2\/media?parent=2695"}],"wp:term":[{"taxonomy":"category","embeddable":true,"href":"https:\/\/www.vitalibera.org\/community\/wp-json\/wp\/v2\/categories?post=2695"},{"taxonomy":"post_tag","embeddable":true,"href":"https:\/\/www.vitalibera.org\/community\/wp-json\/wp\/v2\/tags?post=2695"}],"curies":[{"name":"wp","href":"https:\/\/api.w.org\/{rel}","templated":true}]}}