{"id":2723,"date":"2025-10-06T12:20:08","date_gmt":"2025-10-06T10:20:08","guid":{"rendered":"https:\/\/www.vitalibera.org\/community\/?p=2723"},"modified":"2025-10-06T12:20:12","modified_gmt":"2025-10-06T10:20:12","slug":"hirnblutung-mit-13-jahren","status":"publish","type":"post","link":"https:\/\/www.vitalibera.org\/community\/2025\/10\/06\/hirnblutung-mit-13-jahren\/","title":{"rendered":"Hirnblutung mit 13 Jahren"},"content":{"rendered":"\n<p>Die 13-j&auml;hrige Nahla war schon von klein auf vielseitig interessiert und ging zahlreichen Hobbys nach. Doch vor zwei Jahren traf sie und ihre Familie ein schwerer Schicksalsschlag: Damals erlitt Nala eine schwere <a href=\"https:\/\/www.vitalibera.org\/community\/enzyklopaedie\/hirnblutung\/\" target=\"_self\" title=\"Eine Hirnblutung ist eine&nbsp;Blutung innerhalb des Sch&auml;dels, die durch ein geplatztes oder gerissenes Blutgef&auml;&szlig; im Gehirn verursacht wird.&nbsp;Dies kann zu einer Sch&auml;digung des Gehirngewebes durch den Bluterguss und den erh&ouml;hten Druck f&uuml;hren, was potenziell lebensbedrohlich ist.&nbsp; Ursachen: Bluthochdruck ist eine der h&auml;ufigsten Ursachen f&uuml;r Hirnblutungen, da er die Blutgef&auml;&szlig;e schw&auml;chen und zum Platzen bringen kann.&nbsp;&hellip;\" class=\"encyclopedia\">Hirnblutung<\/a>, die eine Notoperation erforderlich machte. Sie lag anschlie&szlig;end zwei Wochen im Koma, und ihre &Uuml;berlebenschancen standen denkbar schlecht. Doch Nala k&auml;mpfte sich zur&uuml;ck ins Leben &ndash; und kann heute sogar wieder ihrer gro&szlig;en Leidenschaft nachgehen.<\/p>\n\n\n\n<figure class=\"wp-block-video\"><video height=\"720\" style=\"aspect-ratio: 1280 \/ 720;\" width=\"1280\" controls src=\"https:\/\/www.vitalibera.org\/community\/wp-content\/uploads\/2025\/10\/13-Jaehrige-ueberlebt-Hirnblutung-Nahlas-beeindruckender-Weg-zurueck-ins-Leben-stern-TV-stern-TV-720p-h264.mp4\"><\/video><\/figure>\n\n\n\n<p>Quelle : sternTV (RTL)<\/p>\n","protected":false},"excerpt":{"rendered":"<p>Die 13-j\u00e4hrige Nahla war schon von klein auf vielseitig interessiert und ging zahlreichen Hobbys nach. Doch vor zwei Jahren traf sie und ihre Familie ein schwerer Schicksalsschlag: Damals erlitt Nala eine schwere Hirnblutung, die eine Notoperation erforderlich machte. Sie lag anschlie\u00dfend zwei Wochen im Koma, und ihre \u00dcberlebenschancen standen denkbar schlecht. Doch Nala k\u00e4mpfte sich &#8230; <a title=\"Hirnblutung mit 13 Jahren\" class=\"read-more\" href=\"https:\/\/www.vitalibera.org\/community\/2025\/10\/06\/hirnblutung-mit-13-jahren\/\" aria-label=\"Mehr Informationen \u00fcber Hirnblutung mit 13 Jahren\">Weiterlesen<\/a><\/p>\n","protected":false},"author":1,"featured_media":2725,"comment_status":"closed","ping_status":"open","sticky":false,"template":"","format":"standard","meta":{"cybocfi_hide_featured_image":"yes","_jetpack_memberships_contains_paid_content":false,"footnotes":""},"categories":[205],"tags":[],"class_list":["post-2723","post","type-post","status-publish","format-standard","has-post-thumbnail","hentry","category-publikationen"],"yoast_head":"<!-- This site is optimized with the Yoast SEO plugin v27.4 - https:\/\/yoast.com\/product\/yoast-seo-wordpress\/ -->\r\n<title>Hirnblutung mit 13 Jahren - vitalibera.org<\/title>\r\n<meta name=\"robots\" content=\"index, follow, max-snippet:-1, max-image-preview:large, max-video-preview:-1\" \/>\r\n<link rel=\"canonical\" href=\"http:\/\/www.vitalibera.org\/community\/2025\/10\/06\/hirnblutung-mit-13-jahren\/\" \/>\r\n<meta property=\"og:locale\" content=\"de_DE\" \/>\r\n<meta property=\"og:type\" content=\"article\" \/>\r\n<meta property=\"og:title\" content=\"Hirnblutung mit 13 Jahren - vitalibera.org\" \/>\r\n<meta property=\"og:description\" content=\"Die 13-j\u00e4hrige Nahla war schon von klein auf vielseitig interessiert und ging zahlreichen Hobbys nach. Doch vor zwei Jahren traf sie und ihre Familie ein schwerer Schicksalsschlag: Damals erlitt Nala eine schwere Hirnblutung, die eine Notoperation erforderlich machte. Sie lag anschlie\u00dfend zwei Wochen im Koma, und ihre \u00dcberlebenschancen standen denkbar schlecht. Doch Nala k\u00e4mpfte sich ... Weiterlesen\" \/>\r\n<meta property=\"og:url\" content=\"http:\/\/www.vitalibera.org\/community\/2025\/10\/06\/hirnblutung-mit-13-jahren\/\" \/>\r\n<meta property=\"og:site_name\" content=\"vitalibera.org\" \/>\r\n<meta property=\"article:publisher\" content=\"https:\/\/www.facebook.com\/groups\/2997085857140235\" \/>\r\n<meta property=\"article:published_time\" content=\"2025-10-06T10:20:08+00:00\" \/>\r\n<meta property=\"article:modified_time\" content=\"2025-10-06T10:20:12+00:00\" \/>\r\n<meta property=\"og:image\" content=\"http:\/\/www.vitalibera.org\/community\/wp-content\/uploads\/2025\/10\/video.png\" \/>\r\n\t<meta property=\"og:image:width\" content=\"512\" \/>\r\n\t<meta property=\"og:image:height\" content=\"512\" \/>\r\n\t<meta property=\"og:image:type\" content=\"image\/png\" \/>\r\n<meta name=\"author\" content=\"admin\" \/>\r\n<meta name=\"twitter:card\" content=\"summary_large_image\" \/>\r\n<meta name=\"twitter:label1\" content=\"Verfasst von\" \/>\n\t<meta name=\"twitter:data1\" content=\"admin\" \/>\n\t<meta name=\"twitter:label2\" content=\"Gesch\u00e4tzte Lesezeit\" \/>\n\t<meta name=\"twitter:data2\" content=\"1\u00a0Minute\" \/>\r\n<script type=\"application\/ld+json\" class=\"yoast-schema-graph\">{\"@context\":\"https:\\\/\\\/schema.org\",\"@graph\":[{\"@type\":\"Article\",\"@id\":\"http:\\\/\\\/www.vitalibera.org\\\/community\\\/2025\\\/10\\\/06\\\/hirnblutung-mit-13-jahren\\\/#article\",\"isPartOf\":{\"@id\":\"http:\\\/\\\/www.vitalibera.org\\\/community\\\/2025\\\/10\\\/06\\\/hirnblutung-mit-13-jahren\\\/\"},\"author\":{\"name\":\"admin\",\"@id\":\"https:\\\/\\\/www.vitalibera.org\\\/community\\\/#\\\/schema\\\/person\\\/c535fa8d561f7f8ca425ced40d87e582\"},\"headline\":\"Hirnblutung mit 13 Jahren\",\"datePublished\":\"2025-10-06T10:20:08+00:00\",\"dateModified\":\"2025-10-06T10:20:12+00:00\",\"mainEntityOfPage\":{\"@id\":\"http:\\\/\\\/www.vitalibera.org\\\/community\\\/2025\\\/10\\\/06\\\/hirnblutung-mit-13-jahren\\\/\"},\"wordCount\":78,\"publisher\":{\"@id\":\"https:\\\/\\\/www.vitalibera.org\\\/community\\\/#organization\"},\"image\":{\"@id\":\"http:\\\/\\\/www.vitalibera.org\\\/community\\\/2025\\\/10\\\/06\\\/hirnblutung-mit-13-jahren\\\/#primaryimage\"},\"thumbnailUrl\":\"https:\\\/\\\/www.vitalibera.org\\\/community\\\/wp-content\\\/uploads\\\/2025\\\/10\\\/video.png\",\"articleSection\":[\"Publikationen\"],\"inLanguage\":\"de\"},{\"@type\":\"WebPage\",\"@id\":\"http:\\\/\\\/www.vitalibera.org\\\/community\\\/2025\\\/10\\\/06\\\/hirnblutung-mit-13-jahren\\\/\",\"url\":\"http:\\\/\\\/www.vitalibera.org\\\/community\\\/2025\\\/10\\\/06\\\/hirnblutung-mit-13-jahren\\\/\",\"name\":\"Hirnblutung mit 13 Jahren - vitalibera.org\",\"isPartOf\":{\"@id\":\"https:\\\/\\\/www.vitalibera.org\\\/community\\\/#website\"},\"primaryImageOfPage\":{\"@id\":\"http:\\\/\\\/www.vitalibera.org\\\/community\\\/2025\\\/10\\\/06\\\/hirnblutung-mit-13-jahren\\\/#primaryimage\"},\"image\":{\"@id\":\"http:\\\/\\\/www.vitalibera.org\\\/community\\\/2025\\\/10\\\/06\\\/hirnblutung-mit-13-jahren\\\/#primaryimage\"},\"thumbnailUrl\":\"https:\\\/\\\/www.vitalibera.org\\\/community\\\/wp-content\\\/uploads\\\/2025\\\/10\\\/video.png\",\"datePublished\":\"2025-10-06T10:20:08+00:00\",\"dateModified\":\"2025-10-06T10:20:12+00:00\",\"breadcrumb\":{\"@id\":\"http:\\\/\\\/www.vitalibera.org\\\/community\\\/2025\\\/10\\\/06\\\/hirnblutung-mit-13-jahren\\\/#breadcrumb\"},\"inLanguage\":\"de\",\"potentialAction\":[{\"@type\":\"ReadAction\",\"target\":[\"http:\\\/\\\/www.vitalibera.org\\\/community\\\/2025\\\/10\\\/06\\\/hirnblutung-mit-13-jahren\\\/\"]}]},{\"@type\":\"BreadcrumbList\",\"@id\":\"http:\\\/\\\/www.vitalibera.org\\\/community\\\/2025\\\/10\\\/06\\\/hirnblutung-mit-13-jahren\\\/#breadcrumb\",\"itemListElement\":[{\"@type\":\"ListItem\",\"position\":1,\"name\":\"Startseite\",\"item\":\"https:\\\/\\\/www.vitalibera.org\\\/community\\\/\"},{\"@type\":\"ListItem\",\"position\":2,\"name\":\"Hirnblutung mit 13 Jahren\"}]},{\"@type\":\"WebSite\",\"@id\":\"https:\\\/\\\/www.vitalibera.org\\\/community\\\/#website\",\"url\":\"https:\\\/\\\/www.vitalibera.org\\\/community\\\/\",\"name\":\"vitalibera.org\",\"description\":\"Mit einer Einschr&auml;nkung gestaltet sich das Leben im Alltag oft schwieriger - hier berichten wir &uuml;ber unsere Erfahrungen und Hilfsmittel um den Alltag so unbeschwert und unkompliziert wie nur m&ouml;glich geniessen zu k&ouml;nnen. Dabei richten wir unseren Fokus gezielt auf Selbst&auml;ndigkeit, Eigenst&auml;ndigkeit und Selbstbestimmung.\",\"publisher\":{\"@id\":\"https:\\\/\\\/www.vitalibera.org\\\/community\\\/#organization\"},\"potentialAction\":[{\"@type\":\"SearchAction\",\"target\":{\"@type\":\"EntryPoint\",\"urlTemplate\":\"https:\\\/\\\/www.vitalibera.org\\\/community\\\/?s={search_term_string}\"},\"query-input\":{\"@type\":\"PropertyValueSpecification\",\"valueRequired\":true,\"valueName\":\"search_term_string\"}}],\"inLanguage\":\"de\"},{\"@type\":\"Organization\",\"@id\":\"https:\\\/\\\/www.vitalibera.org\\\/community\\\/#organization\",\"name\":\"vitalibera.org\",\"url\":\"https:\\\/\\\/www.vitalibera.org\\\/community\\\/\",\"logo\":{\"@type\":\"ImageObject\",\"inLanguage\":\"de\",\"@id\":\"https:\\\/\\\/www.vitalibera.org\\\/community\\\/#\\\/schema\\\/logo\\\/image\\\/\",\"url\":\"https:\\\/\\\/www.vitalibera.org\\\/community\\\/wp-content\\\/uploads\\\/2025\\\/09\\\/cropped-banner.png\",\"contentUrl\":\"https:\\\/\\\/www.vitalibera.org\\\/community\\\/wp-content\\\/uploads\\\/2025\\\/09\\\/cropped-banner.png\",\"width\":991,\"height\":150,\"caption\":\"vitalibera.org\"},\"image\":{\"@id\":\"https:\\\/\\\/www.vitalibera.org\\\/community\\\/#\\\/schema\\\/logo\\\/image\\\/\"},\"sameAs\":[\"https:\\\/\\\/www.facebook.com\\\/groups\\\/2997085857140235\"]},{\"@type\":\"Person\",\"@id\":\"https:\\\/\\\/www.vitalibera.org\\\/community\\\/#\\\/schema\\\/person\\\/c535fa8d561f7f8ca425ced40d87e582\",\"name\":\"admin\",\"image\":{\"@type\":\"ImageObject\",\"inLanguage\":\"de\",\"@id\":\"https:\\\/\\\/secure.gravatar.com\\\/avatar\\\/ad516503a11cd5ca435acc9bb6523536?s=96\",\"url\":\"https:\\\/\\\/secure.gravatar.com\\\/avatar\\\/ad516503a11cd5ca435acc9bb6523536?s=96\",\"contentUrl\":\"https:\\\/\\\/secure.gravatar.com\\\/avatar\\\/ad516503a11cd5ca435acc9bb6523536?s=96\",\"caption\":\"admin\"},\"description\":\"admin\",\"sameAs\":[\"http:\\\/\\\/www.vitalibera.org\\\/community\"],\"url\":\"https:\\\/\\\/www.vitalibera.org\\\/community\\\/author\\\/admin\\\/\"}]}<\/script>\r\n<!-- \/ Yoast SEO plugin. -->","yoast_head_json":{"title":"Hirnblutung mit 13 Jahren - vitalibera.org","robots":{"index":"index","follow":"follow","max-snippet":"max-snippet:-1","max-image-preview":"max-image-preview:large","max-video-preview":"max-video-preview:-1"},"canonical":"http:\/\/www.vitalibera.org\/community\/2025\/10\/06\/hirnblutung-mit-13-jahren\/","og_locale":"de_DE","og_type":"article","og_title":"Hirnblutung mit 13 Jahren - vitalibera.org","og_description":"Die 13-j\u00e4hrige Nahla war schon von klein auf vielseitig interessiert und ging zahlreichen Hobbys nach. Doch vor zwei Jahren traf sie und ihre Familie ein schwerer Schicksalsschlag: Damals erlitt Nala eine schwere Hirnblutung, die eine Notoperation erforderlich machte. Sie lag anschlie\u00dfend zwei Wochen im Koma, und ihre \u00dcberlebenschancen standen denkbar schlecht. Doch Nala k\u00e4mpfte sich ... Weiterlesen","og_url":"http:\/\/www.vitalibera.org\/community\/2025\/10\/06\/hirnblutung-mit-13-jahren\/","og_site_name":"vitalibera.org","article_publisher":"https:\/\/www.facebook.com\/groups\/2997085857140235","article_published_time":"2025-10-06T10:20:08+00:00","article_modified_time":"2025-10-06T10:20:12+00:00","og_image":[{"width":512,"height":512,"url":"http:\/\/www.vitalibera.org\/community\/wp-content\/uploads\/2025\/10\/video.png","type":"image\/png"}],"author":"admin","twitter_card":"summary_large_image","twitter_misc":{"Verfasst von":"admin","Gesch\u00e4tzte Lesezeit":"1\u00a0Minute"},"schema":{"@context":"https:\/\/schema.org","@graph":[{"@type":"Article","@id":"http:\/\/www.vitalibera.org\/community\/2025\/10\/06\/hirnblutung-mit-13-jahren\/#article","isPartOf":{"@id":"http:\/\/www.vitalibera.org\/community\/2025\/10\/06\/hirnblutung-mit-13-jahren\/"},"author":{"name":"admin","@id":"https:\/\/www.vitalibera.org\/community\/#\/schema\/person\/c535fa8d561f7f8ca425ced40d87e582"},"headline":"Hirnblutung mit 13 Jahren","datePublished":"2025-10-06T10:20:08+00:00","dateModified":"2025-10-06T10:20:12+00:00","mainEntityOfPage":{"@id":"http:\/\/www.vitalibera.org\/community\/2025\/10\/06\/hirnblutung-mit-13-jahren\/"},"wordCount":78,"publisher":{"@id":"https:\/\/www.vitalibera.org\/community\/#organization"},"image":{"@id":"http:\/\/www.vitalibera.org\/community\/2025\/10\/06\/hirnblutung-mit-13-jahren\/#primaryimage"},"thumbnailUrl":"https:\/\/www.vitalibera.org\/community\/wp-content\/uploads\/2025\/10\/video.png","articleSection":["Publikationen"],"inLanguage":"de"},{"@type":"WebPage","@id":"http:\/\/www.vitalibera.org\/community\/2025\/10\/06\/hirnblutung-mit-13-jahren\/","url":"http:\/\/www.vitalibera.org\/community\/2025\/10\/06\/hirnblutung-mit-13-jahren\/","name":"Hirnblutung mit 13 Jahren - vitalibera.org","isPartOf":{"@id":"https:\/\/www.vitalibera.org\/community\/#website"},"primaryImageOfPage":{"@id":"http:\/\/www.vitalibera.org\/community\/2025\/10\/06\/hirnblutung-mit-13-jahren\/#primaryimage"},"image":{"@id":"http:\/\/www.vitalibera.org\/community\/2025\/10\/06\/hirnblutung-mit-13-jahren\/#primaryimage"},"thumbnailUrl":"https:\/\/www.vitalibera.org\/community\/wp-content\/uploads\/2025\/10\/video.png","datePublished":"2025-10-06T10:20:08+00:00","dateModified":"2025-10-06T10:20:12+00:00","breadcrumb":{"@id":"http:\/\/www.vitalibera.org\/community\/2025\/10\/06\/hirnblutung-mit-13-jahren\/#breadcrumb"},"inLanguage":"de","potentialAction":[{"@type":"ReadAction","target":["http:\/\/www.vitalibera.org\/community\/2025\/10\/06\/hirnblutung-mit-13-jahren\/"]}]},{"@type":"BreadcrumbList","@id":"http:\/\/www.vitalibera.org\/community\/2025\/10\/06\/hirnblutung-mit-13-jahren\/#breadcrumb","itemListElement":[{"@type":"ListItem","position":1,"name":"Startseite","item":"https:\/\/www.vitalibera.org\/community\/"},{"@type":"ListItem","position":2,"name":"Hirnblutung mit 13 Jahren"}]},{"@type":"WebSite","@id":"https:\/\/www.vitalibera.org\/community\/#website","url":"https:\/\/www.vitalibera.org\/community\/","name":"vitalibera.org","description":"Mit einer Einschr&auml;nkung gestaltet sich das Leben im Alltag oft schwieriger - hier berichten wir &uuml;ber unsere Erfahrungen und Hilfsmittel um den Alltag so unbeschwert und unkompliziert wie nur m&ouml;glich geniessen zu k&ouml;nnen. Dabei richten wir unseren Fokus gezielt auf Selbst&auml;ndigkeit, Eigenst&auml;ndigkeit und Selbstbestimmung.","publisher":{"@id":"https:\/\/www.vitalibera.org\/community\/#organization"},"potentialAction":[{"@type":"SearchAction","target":{"@type":"EntryPoint","urlTemplate":"https:\/\/www.vitalibera.org\/community\/?s={search_term_string}"},"query-input":{"@type":"PropertyValueSpecification","valueRequired":true,"valueName":"search_term_string"}}],"inLanguage":"de"},{"@type":"Organization","@id":"https:\/\/www.vitalibera.org\/community\/#organization","name":"vitalibera.org","url":"https:\/\/www.vitalibera.org\/community\/","logo":{"@type":"ImageObject","inLanguage":"de","@id":"https:\/\/www.vitalibera.org\/community\/#\/schema\/logo\/image\/","url":"https:\/\/www.vitalibera.org\/community\/wp-content\/uploads\/2025\/09\/cropped-banner.png","contentUrl":"https:\/\/www.vitalibera.org\/community\/wp-content\/uploads\/2025\/09\/cropped-banner.png","width":991,"height":150,"caption":"vitalibera.org"},"image":{"@id":"https:\/\/www.vitalibera.org\/community\/#\/schema\/logo\/image\/"},"sameAs":["https:\/\/www.facebook.com\/groups\/2997085857140235"]},{"@type":"Person","@id":"https:\/\/www.vitalibera.org\/community\/#\/schema\/person\/c535fa8d561f7f8ca425ced40d87e582","name":"admin","image":{"@type":"ImageObject","inLanguage":"de","@id":"https:\/\/secure.gravatar.com\/avatar\/ad516503a11cd5ca435acc9bb6523536?s=96","url":"https:\/\/secure.gravatar.com\/avatar\/ad516503a11cd5ca435acc9bb6523536?s=96","contentUrl":"https:\/\/secure.gravatar.com\/avatar\/ad516503a11cd5ca435acc9bb6523536?s=96","caption":"admin"},"description":"admin","sameAs":["http:\/\/www.vitalibera.org\/community"],"url":"https:\/\/www.vitalibera.org\/community\/author\/admin\/"}]}},"jetpack_featured_media_url":"https:\/\/www.vitalibera.org\/community\/wp-content\/uploads\/2025\/10\/video.png","jetpack_sharing_enabled":true,"jetpack-related-posts":[],"_links":{"self":[{"href":"https:\/\/www.vitalibera.org\/community\/wp-json\/wp\/v2\/posts\/2723","targetHints":{"allow":["GET"]}}],"collection":[{"href":"https:\/\/www.vitalibera.org\/community\/wp-json\/wp\/v2\/posts"}],"about":[{"href":"https:\/\/www.vitalibera.org\/community\/wp-json\/wp\/v2\/types\/post"}],"author":[{"embeddable":true,"href":"https:\/\/www.vitalibera.org\/community\/wp-json\/wp\/v2\/users\/1"}],"replies":[{"embeddable":true,"href":"https:\/\/www.vitalibera.org\/community\/wp-json\/wp\/v2\/comments?post=2723"}],"version-history":[{"count":0,"href":"https:\/\/www.vitalibera.org\/community\/wp-json\/wp\/v2\/posts\/2723\/revisions"}],"wp:featuredmedia":[{"embeddable":true,"href":"https:\/\/www.vitalibera.org\/community\/wp-json\/wp\/v2\/media\/2725"}],"wp:attachment":[{"href":"https:\/\/www.vitalibera.org\/community\/wp-json\/wp\/v2\/media?parent=2723"}],"wp:term":[{"taxonomy":"category","embeddable":true,"href":"https:\/\/www.vitalibera.org\/community\/wp-json\/wp\/v2\/categories?post=2723"},{"taxonomy":"post_tag","embeddable":true,"href":"https:\/\/www.vitalibera.org\/community\/wp-json\/wp\/v2\/tags?post=2723"}],"curies":[{"name":"wp","href":"https:\/\/api.w.org\/{rel}","templated":true}]}}