{"id":2767,"date":"2025-10-06T17:02:28","date_gmt":"2025-10-06T15:02:28","guid":{"rendered":"https:\/\/www.vitalibera.org\/community\/?p=2767"},"modified":"2025-10-06T17:02:33","modified_gmt":"2025-10-06T15:02:33","slug":"pflegekraft-manuel-stimme-der-pflege","status":"publish","type":"post","link":"https:\/\/www.vitalibera.org\/community\/2025\/10\/06\/pflegekraft-manuel-stimme-der-pflege\/","title":{"rendered":"Pflegekraft Manuel &#8211; Stimme der Pflege"},"content":{"rendered":"\n<p>Wir Betroffenen egal ob wir von einem <a href=\"https:\/\/www.vitalibera.org\/community\/enzyklopaedie\/schlaganfall\/\" target=\"_self\" title=\"Ein Schlaganfall, auch Hirnschlag oder Apoplex genannt, ist eine&nbsp;pl&ouml;tzlich auftretende Durchblutungsst&ouml;rung im Gehirn, die dazu f&uuml;hrt, dass Gehirnzellen nicht mehr ausreichend mit Sauerstoff und N&auml;hrstoffen versorgt werden.&nbsp;Dies kann zu bleibenden Sch&auml;den oder sogar zum Absterben von Hirnzellen f&uuml;hren, wenn die Durchblutung nicht schnell wiederhergestellt wird.&nbsp; Einfach erkl&auml;rt: Stellen Sie sich vor, ein Teil Ihres Gehirns&hellip;\" class=\"encyclopedia\">Schlaganfall<\/a> heimgesucht wurden, ein Sch&auml;delhirntrauma erlitten haben, mit einer <a href=\"https:\/\/www.vitalibera.org\/community\/enzyklopaedie\/multiple-sklerose-ms-2\/\" target=\"_self\" title=\"Multiple Sklerose (MS)&nbsp;ist eine Autoimmunerkrankung, bei der das Immunsystem die Schutzh&uuml;llen der Nerven im zentralen Nervensystem (Gehirn und R&uuml;ckenmark) angreift.&nbsp;Dadurch werden die Nervenfasern gesch&auml;digt, was zu einer gest&ouml;rten Informations&uuml;bertragung f&uuml;hrt und sehr unterschiedliche Symptome verursachen kann.&nbsp;H&auml;ufige erste Anzeichen sind Sehst&ouml;rungen, Gef&uuml;hlsst&ouml;rungen und Muskelschw&auml;che.&nbsp; Was passiert bei MS? Das Immunsystem greift an:&nbsp; Bei MS greift das&hellip;\" class=\"encyclopedia\">Multiple Sklerose<\/a> Diagnose leben, eine <a href=\"https:\/\/www.vitalibera.org\/community\/enzyklopaedie\/demenz\/\" target=\"_self\" title=\"Als Demenz bezeichnet man ein&nbsp;neurologisches Krankheitsbild, das durch den progredienten Verlust kognitiver F&auml;higkeiten gekennzeichnet ist. In sp&auml;teren Krankheitsstadien kommt es in der Folge zu einem Verlust der Alltagskompetenz und zu einem Pers&ouml;nlichkeitszerfall.\" class=\"encyclopedia\">Demenz<\/a> im Anmarsch ist oder einfach nur einen schrecklichen Unfall hatten, d&uuml;rfen niemals vergessen was wir den Pflegekr&auml;ften der Krankenh&auml;usern und Reha-Kliniken zu verdanken haben!<\/p>\n\n\n\n<p>Der deutsche Rapper &ldquo;Pflegekraft Manuel&rdquo; bringt es mit seinen Lyrics auf den Punkt!<\/p>\n\n\n\n<p>Wir sind die Pflege :<\/p>\n\n\n\n<figure class=\"wp-block-audio\"><audio controls src=\"https:\/\/www.vitalibera.org\/community\/wp-content\/uploads\/2025\/10\/PFLEGEKRAFT-MANUEL-Wir-Sind-Die-Pflege.mp3\"><\/audio><\/figure>\n","protected":false},"excerpt":{"rendered":"<p>Wir Betroffenen egal ob wir von einem Schlaganfall heimgesucht wurden, ein Sch\u00e4delhirntrauma erlitten haben, mit einer Multiple Sklerose Diagnose leben, eine Demenz im Anmarsch ist oder einfach nur einen schrecklichen Unfall hatten, d\u00fcrfen niemals vergessen was wir den Pflegekr\u00e4ften der Krankenh\u00e4usern und Reha-Kliniken zu verdanken haben! Der deutsche Rapper &#8220;Pflegekraft Manuel&#8221; bringt es mit seinen &#8230; <a title=\"Pflegekraft Manuel &#8211; Stimme der Pflege\" class=\"read-more\" href=\"https:\/\/www.vitalibera.org\/community\/2025\/10\/06\/pflegekraft-manuel-stimme-der-pflege\/\" aria-label=\"Mehr Informationen \u00fcber Pflegekraft Manuel &#8211; Stimme der Pflege\">Weiterlesen<\/a><\/p>\n","protected":false},"author":1,"featured_media":2769,"comment_status":"closed","ping_status":"open","sticky":false,"template":"","format":"standard","meta":{"cybocfi_hide_featured_image":"yes","_jetpack_memberships_contains_paid_content":false,"footnotes":""},"categories":[205],"tags":[],"class_list":["post-2767","post","type-post","status-publish","format-standard","has-post-thumbnail","hentry","category-publikationen"],"yoast_head":"<!-- This site is optimized with the Yoast SEO plugin v27.4 - https:\/\/yoast.com\/product\/yoast-seo-wordpress\/ -->\r\n<title>Pflegekraft Manuel - Stimme der Pflege - vitalibera.org<\/title>\r\n<meta name=\"robots\" content=\"index, follow, max-snippet:-1, max-image-preview:large, max-video-preview:-1\" \/>\r\n<link rel=\"canonical\" href=\"http:\/\/www.vitalibera.org\/community\/2025\/10\/06\/pflegekraft-manuel-stimme-der-pflege\/\" \/>\r\n<meta property=\"og:locale\" content=\"de_DE\" \/>\r\n<meta property=\"og:type\" content=\"article\" \/>\r\n<meta property=\"og:title\" content=\"Pflegekraft Manuel - Stimme der Pflege - vitalibera.org\" \/>\r\n<meta property=\"og:description\" content=\"Wir Betroffenen egal ob wir von einem Schlaganfall heimgesucht wurden, ein Sch\u00e4delhirntrauma erlitten haben, mit einer Multiple Sklerose Diagnose leben, eine Demenz im Anmarsch ist oder einfach nur einen schrecklichen Unfall hatten, d\u00fcrfen niemals vergessen was wir den Pflegekr\u00e4ften der Krankenh\u00e4usern und Reha-Kliniken zu verdanken haben! Der deutsche Rapper &#8220;Pflegekraft Manuel&#8221; bringt es mit seinen ... Weiterlesen\" \/>\r\n<meta property=\"og:url\" content=\"http:\/\/www.vitalibera.org\/community\/2025\/10\/06\/pflegekraft-manuel-stimme-der-pflege\/\" \/>\r\n<meta property=\"og:site_name\" content=\"vitalibera.org\" \/>\r\n<meta property=\"article:publisher\" content=\"https:\/\/www.facebook.com\/groups\/2997085857140235\" \/>\r\n<meta property=\"article:published_time\" content=\"2025-10-06T15:02:28+00:00\" \/>\r\n<meta property=\"article:modified_time\" content=\"2025-10-06T15:02:33+00:00\" \/>\r\n<meta property=\"og:image\" content=\"http:\/\/www.vitalibera.org\/community\/wp-content\/uploads\/2025\/10\/manuel.png\" \/>\r\n\t<meta property=\"og:image:width\" content=\"687\" \/>\r\n\t<meta property=\"og:image:height\" content=\"685\" \/>\r\n\t<meta property=\"og:image:type\" content=\"image\/png\" \/>\r\n<meta name=\"author\" content=\"admin\" \/>\r\n<meta name=\"twitter:card\" content=\"summary_large_image\" \/>\r\n<meta name=\"twitter:label1\" content=\"Verfasst von\" \/>\n\t<meta name=\"twitter:data1\" content=\"admin\" \/>\n\t<meta name=\"twitter:label2\" content=\"Gesch\u00e4tzte Lesezeit\" \/>\n\t<meta name=\"twitter:data2\" content=\"1\u00a0Minute\" \/>\r\n<script type=\"application\/ld+json\" class=\"yoast-schema-graph\">{\"@context\":\"https:\\\/\\\/schema.org\",\"@graph\":[{\"@type\":\"Article\",\"@id\":\"http:\\\/\\\/www.vitalibera.org\\\/community\\\/2025\\\/10\\\/06\\\/pflegekraft-manuel-stimme-der-pflege\\\/#article\",\"isPartOf\":{\"@id\":\"http:\\\/\\\/www.vitalibera.org\\\/community\\\/2025\\\/10\\\/06\\\/pflegekraft-manuel-stimme-der-pflege\\\/\"},\"author\":{\"name\":\"admin\",\"@id\":\"https:\\\/\\\/www.vitalibera.org\\\/community\\\/#\\\/schema\\\/person\\\/c535fa8d561f7f8ca425ced40d87e582\"},\"headline\":\"Pflegekraft Manuel &#8211; Stimme der Pflege\",\"datePublished\":\"2025-10-06T15:02:28+00:00\",\"dateModified\":\"2025-10-06T15:02:33+00:00\",\"mainEntityOfPage\":{\"@id\":\"http:\\\/\\\/www.vitalibera.org\\\/community\\\/2025\\\/10\\\/06\\\/pflegekraft-manuel-stimme-der-pflege\\\/\"},\"wordCount\":73,\"publisher\":{\"@id\":\"https:\\\/\\\/www.vitalibera.org\\\/community\\\/#organization\"},\"image\":{\"@id\":\"http:\\\/\\\/www.vitalibera.org\\\/community\\\/2025\\\/10\\\/06\\\/pflegekraft-manuel-stimme-der-pflege\\\/#primaryimage\"},\"thumbnailUrl\":\"https:\\\/\\\/www.vitalibera.org\\\/community\\\/wp-content\\\/uploads\\\/2025\\\/10\\\/manuel.png\",\"articleSection\":[\"Publikationen\"],\"inLanguage\":\"de\"},{\"@type\":\"WebPage\",\"@id\":\"http:\\\/\\\/www.vitalibera.org\\\/community\\\/2025\\\/10\\\/06\\\/pflegekraft-manuel-stimme-der-pflege\\\/\",\"url\":\"http:\\\/\\\/www.vitalibera.org\\\/community\\\/2025\\\/10\\\/06\\\/pflegekraft-manuel-stimme-der-pflege\\\/\",\"name\":\"Pflegekraft Manuel - Stimme der Pflege - vitalibera.org\",\"isPartOf\":{\"@id\":\"https:\\\/\\\/www.vitalibera.org\\\/community\\\/#website\"},\"primaryImageOfPage\":{\"@id\":\"http:\\\/\\\/www.vitalibera.org\\\/community\\\/2025\\\/10\\\/06\\\/pflegekraft-manuel-stimme-der-pflege\\\/#primaryimage\"},\"image\":{\"@id\":\"http:\\\/\\\/www.vitalibera.org\\\/community\\\/2025\\\/10\\\/06\\\/pflegekraft-manuel-stimme-der-pflege\\\/#primaryimage\"},\"thumbnailUrl\":\"https:\\\/\\\/www.vitalibera.org\\\/community\\\/wp-content\\\/uploads\\\/2025\\\/10\\\/manuel.png\",\"datePublished\":\"2025-10-06T15:02:28+00:00\",\"dateModified\":\"2025-10-06T15:02:33+00:00\",\"breadcrumb\":{\"@id\":\"http:\\\/\\\/www.vitalibera.org\\\/community\\\/2025\\\/10\\\/06\\\/pflegekraft-manuel-stimme-der-pflege\\\/#breadcrumb\"},\"inLanguage\":\"de\",\"potentialAction\":[{\"@type\":\"ReadAction\",\"target\":[\"http:\\\/\\\/www.vitalibera.org\\\/community\\\/2025\\\/10\\\/06\\\/pflegekraft-manuel-stimme-der-pflege\\\/\"]}]},{\"@type\":\"BreadcrumbList\",\"@id\":\"http:\\\/\\\/www.vitalibera.org\\\/community\\\/2025\\\/10\\\/06\\\/pflegekraft-manuel-stimme-der-pflege\\\/#breadcrumb\",\"itemListElement\":[{\"@type\":\"ListItem\",\"position\":1,\"name\":\"Startseite\",\"item\":\"https:\\\/\\\/www.vitalibera.org\\\/community\\\/\"},{\"@type\":\"ListItem\",\"position\":2,\"name\":\"Pflegekraft Manuel &#8211; Stimme der Pflege\"}]},{\"@type\":\"WebSite\",\"@id\":\"https:\\\/\\\/www.vitalibera.org\\\/community\\\/#website\",\"url\":\"https:\\\/\\\/www.vitalibera.org\\\/community\\\/\",\"name\":\"vitalibera.org\",\"description\":\"Mit einer Einschr&auml;nkung gestaltet sich das Leben im Alltag oft schwieriger - hier berichten wir &uuml;ber unsere Erfahrungen und Hilfsmittel um den Alltag so unbeschwert und unkompliziert wie nur m&ouml;glich geniessen zu k&ouml;nnen. Dabei richten wir unseren Fokus gezielt auf Selbst&auml;ndigkeit, Eigenst&auml;ndigkeit und Selbstbestimmung.\",\"publisher\":{\"@id\":\"https:\\\/\\\/www.vitalibera.org\\\/community\\\/#organization\"},\"potentialAction\":[{\"@type\":\"SearchAction\",\"target\":{\"@type\":\"EntryPoint\",\"urlTemplate\":\"https:\\\/\\\/www.vitalibera.org\\\/community\\\/?s={search_term_string}\"},\"query-input\":{\"@type\":\"PropertyValueSpecification\",\"valueRequired\":true,\"valueName\":\"search_term_string\"}}],\"inLanguage\":\"de\"},{\"@type\":\"Organization\",\"@id\":\"https:\\\/\\\/www.vitalibera.org\\\/community\\\/#organization\",\"name\":\"vitalibera.org\",\"url\":\"https:\\\/\\\/www.vitalibera.org\\\/community\\\/\",\"logo\":{\"@type\":\"ImageObject\",\"inLanguage\":\"de\",\"@id\":\"https:\\\/\\\/www.vitalibera.org\\\/community\\\/#\\\/schema\\\/logo\\\/image\\\/\",\"url\":\"https:\\\/\\\/www.vitalibera.org\\\/community\\\/wp-content\\\/uploads\\\/2025\\\/09\\\/cropped-banner.png\",\"contentUrl\":\"https:\\\/\\\/www.vitalibera.org\\\/community\\\/wp-content\\\/uploads\\\/2025\\\/09\\\/cropped-banner.png\",\"width\":991,\"height\":150,\"caption\":\"vitalibera.org\"},\"image\":{\"@id\":\"https:\\\/\\\/www.vitalibera.org\\\/community\\\/#\\\/schema\\\/logo\\\/image\\\/\"},\"sameAs\":[\"https:\\\/\\\/www.facebook.com\\\/groups\\\/2997085857140235\"]},{\"@type\":\"Person\",\"@id\":\"https:\\\/\\\/www.vitalibera.org\\\/community\\\/#\\\/schema\\\/person\\\/c535fa8d561f7f8ca425ced40d87e582\",\"name\":\"admin\",\"image\":{\"@type\":\"ImageObject\",\"inLanguage\":\"de\",\"@id\":\"https:\\\/\\\/secure.gravatar.com\\\/avatar\\\/ad516503a11cd5ca435acc9bb6523536?s=96\",\"url\":\"https:\\\/\\\/secure.gravatar.com\\\/avatar\\\/ad516503a11cd5ca435acc9bb6523536?s=96\",\"contentUrl\":\"https:\\\/\\\/secure.gravatar.com\\\/avatar\\\/ad516503a11cd5ca435acc9bb6523536?s=96\",\"caption\":\"admin\"},\"description\":\"admin\",\"sameAs\":[\"http:\\\/\\\/www.vitalibera.org\\\/community\"],\"url\":\"https:\\\/\\\/www.vitalibera.org\\\/community\\\/author\\\/admin\\\/\"}]}<\/script>\r\n<!-- \/ Yoast SEO plugin. -->","yoast_head_json":{"title":"Pflegekraft Manuel - Stimme der Pflege - vitalibera.org","robots":{"index":"index","follow":"follow","max-snippet":"max-snippet:-1","max-image-preview":"max-image-preview:large","max-video-preview":"max-video-preview:-1"},"canonical":"http:\/\/www.vitalibera.org\/community\/2025\/10\/06\/pflegekraft-manuel-stimme-der-pflege\/","og_locale":"de_DE","og_type":"article","og_title":"Pflegekraft Manuel - Stimme der Pflege - vitalibera.org","og_description":"Wir Betroffenen egal ob wir von einem Schlaganfall heimgesucht wurden, ein Sch\u00e4delhirntrauma erlitten haben, mit einer Multiple Sklerose Diagnose leben, eine Demenz im Anmarsch ist oder einfach nur einen schrecklichen Unfall hatten, d\u00fcrfen niemals vergessen was wir den Pflegekr\u00e4ften der Krankenh\u00e4usern und Reha-Kliniken zu verdanken haben! Der deutsche Rapper &#8220;Pflegekraft Manuel&#8221; bringt es mit seinen ... Weiterlesen","og_url":"http:\/\/www.vitalibera.org\/community\/2025\/10\/06\/pflegekraft-manuel-stimme-der-pflege\/","og_site_name":"vitalibera.org","article_publisher":"https:\/\/www.facebook.com\/groups\/2997085857140235","article_published_time":"2025-10-06T15:02:28+00:00","article_modified_time":"2025-10-06T15:02:33+00:00","og_image":[{"width":687,"height":685,"url":"http:\/\/www.vitalibera.org\/community\/wp-content\/uploads\/2025\/10\/manuel.png","type":"image\/png"}],"author":"admin","twitter_card":"summary_large_image","twitter_misc":{"Verfasst von":"admin","Gesch\u00e4tzte Lesezeit":"1\u00a0Minute"},"schema":{"@context":"https:\/\/schema.org","@graph":[{"@type":"Article","@id":"http:\/\/www.vitalibera.org\/community\/2025\/10\/06\/pflegekraft-manuel-stimme-der-pflege\/#article","isPartOf":{"@id":"http:\/\/www.vitalibera.org\/community\/2025\/10\/06\/pflegekraft-manuel-stimme-der-pflege\/"},"author":{"name":"admin","@id":"https:\/\/www.vitalibera.org\/community\/#\/schema\/person\/c535fa8d561f7f8ca425ced40d87e582"},"headline":"Pflegekraft Manuel &#8211; Stimme der Pflege","datePublished":"2025-10-06T15:02:28+00:00","dateModified":"2025-10-06T15:02:33+00:00","mainEntityOfPage":{"@id":"http:\/\/www.vitalibera.org\/community\/2025\/10\/06\/pflegekraft-manuel-stimme-der-pflege\/"},"wordCount":73,"publisher":{"@id":"https:\/\/www.vitalibera.org\/community\/#organization"},"image":{"@id":"http:\/\/www.vitalibera.org\/community\/2025\/10\/06\/pflegekraft-manuel-stimme-der-pflege\/#primaryimage"},"thumbnailUrl":"https:\/\/www.vitalibera.org\/community\/wp-content\/uploads\/2025\/10\/manuel.png","articleSection":["Publikationen"],"inLanguage":"de"},{"@type":"WebPage","@id":"http:\/\/www.vitalibera.org\/community\/2025\/10\/06\/pflegekraft-manuel-stimme-der-pflege\/","url":"http:\/\/www.vitalibera.org\/community\/2025\/10\/06\/pflegekraft-manuel-stimme-der-pflege\/","name":"Pflegekraft Manuel - Stimme der Pflege - vitalibera.org","isPartOf":{"@id":"https:\/\/www.vitalibera.org\/community\/#website"},"primaryImageOfPage":{"@id":"http:\/\/www.vitalibera.org\/community\/2025\/10\/06\/pflegekraft-manuel-stimme-der-pflege\/#primaryimage"},"image":{"@id":"http:\/\/www.vitalibera.org\/community\/2025\/10\/06\/pflegekraft-manuel-stimme-der-pflege\/#primaryimage"},"thumbnailUrl":"https:\/\/www.vitalibera.org\/community\/wp-content\/uploads\/2025\/10\/manuel.png","datePublished":"2025-10-06T15:02:28+00:00","dateModified":"2025-10-06T15:02:33+00:00","breadcrumb":{"@id":"http:\/\/www.vitalibera.org\/community\/2025\/10\/06\/pflegekraft-manuel-stimme-der-pflege\/#breadcrumb"},"inLanguage":"de","potentialAction":[{"@type":"ReadAction","target":["http:\/\/www.vitalibera.org\/community\/2025\/10\/06\/pflegekraft-manuel-stimme-der-pflege\/"]}]},{"@type":"BreadcrumbList","@id":"http:\/\/www.vitalibera.org\/community\/2025\/10\/06\/pflegekraft-manuel-stimme-der-pflege\/#breadcrumb","itemListElement":[{"@type":"ListItem","position":1,"name":"Startseite","item":"https:\/\/www.vitalibera.org\/community\/"},{"@type":"ListItem","position":2,"name":"Pflegekraft Manuel &#8211; Stimme der Pflege"}]},{"@type":"WebSite","@id":"https:\/\/www.vitalibera.org\/community\/#website","url":"https:\/\/www.vitalibera.org\/community\/","name":"vitalibera.org","description":"Mit einer Einschr&auml;nkung gestaltet sich das Leben im Alltag oft schwieriger - hier berichten wir &uuml;ber unsere Erfahrungen und Hilfsmittel um den Alltag so unbeschwert und unkompliziert wie nur m&ouml;glich geniessen zu k&ouml;nnen. Dabei richten wir unseren Fokus gezielt auf Selbst&auml;ndigkeit, Eigenst&auml;ndigkeit und Selbstbestimmung.","publisher":{"@id":"https:\/\/www.vitalibera.org\/community\/#organization"},"potentialAction":[{"@type":"SearchAction","target":{"@type":"EntryPoint","urlTemplate":"https:\/\/www.vitalibera.org\/community\/?s={search_term_string}"},"query-input":{"@type":"PropertyValueSpecification","valueRequired":true,"valueName":"search_term_string"}}],"inLanguage":"de"},{"@type":"Organization","@id":"https:\/\/www.vitalibera.org\/community\/#organization","name":"vitalibera.org","url":"https:\/\/www.vitalibera.org\/community\/","logo":{"@type":"ImageObject","inLanguage":"de","@id":"https:\/\/www.vitalibera.org\/community\/#\/schema\/logo\/image\/","url":"https:\/\/www.vitalibera.org\/community\/wp-content\/uploads\/2025\/09\/cropped-banner.png","contentUrl":"https:\/\/www.vitalibera.org\/community\/wp-content\/uploads\/2025\/09\/cropped-banner.png","width":991,"height":150,"caption":"vitalibera.org"},"image":{"@id":"https:\/\/www.vitalibera.org\/community\/#\/schema\/logo\/image\/"},"sameAs":["https:\/\/www.facebook.com\/groups\/2997085857140235"]},{"@type":"Person","@id":"https:\/\/www.vitalibera.org\/community\/#\/schema\/person\/c535fa8d561f7f8ca425ced40d87e582","name":"admin","image":{"@type":"ImageObject","inLanguage":"de","@id":"https:\/\/secure.gravatar.com\/avatar\/ad516503a11cd5ca435acc9bb6523536?s=96","url":"https:\/\/secure.gravatar.com\/avatar\/ad516503a11cd5ca435acc9bb6523536?s=96","contentUrl":"https:\/\/secure.gravatar.com\/avatar\/ad516503a11cd5ca435acc9bb6523536?s=96","caption":"admin"},"description":"admin","sameAs":["http:\/\/www.vitalibera.org\/community"],"url":"https:\/\/www.vitalibera.org\/community\/author\/admin\/"}]}},"jetpack_featured_media_url":"https:\/\/www.vitalibera.org\/community\/wp-content\/uploads\/2025\/10\/manuel.png","jetpack_sharing_enabled":true,"jetpack-related-posts":[],"_links":{"self":[{"href":"https:\/\/www.vitalibera.org\/community\/wp-json\/wp\/v2\/posts\/2767","targetHints":{"allow":["GET"]}}],"collection":[{"href":"https:\/\/www.vitalibera.org\/community\/wp-json\/wp\/v2\/posts"}],"about":[{"href":"https:\/\/www.vitalibera.org\/community\/wp-json\/wp\/v2\/types\/post"}],"author":[{"embeddable":true,"href":"https:\/\/www.vitalibera.org\/community\/wp-json\/wp\/v2\/users\/1"}],"replies":[{"embeddable":true,"href":"https:\/\/www.vitalibera.org\/community\/wp-json\/wp\/v2\/comments?post=2767"}],"version-history":[{"count":0,"href":"https:\/\/www.vitalibera.org\/community\/wp-json\/wp\/v2\/posts\/2767\/revisions"}],"wp:featuredmedia":[{"embeddable":true,"href":"https:\/\/www.vitalibera.org\/community\/wp-json\/wp\/v2\/media\/2769"}],"wp:attachment":[{"href":"https:\/\/www.vitalibera.org\/community\/wp-json\/wp\/v2\/media?parent=2767"}],"wp:term":[{"taxonomy":"category","embeddable":true,"href":"https:\/\/www.vitalibera.org\/community\/wp-json\/wp\/v2\/categories?post=2767"},{"taxonomy":"post_tag","embeddable":true,"href":"https:\/\/www.vitalibera.org\/community\/wp-json\/wp\/v2\/tags?post=2767"}],"curies":[{"name":"wp","href":"https:\/\/api.w.org\/{rel}","templated":true}]}}