{"id":2794,"date":"2025-10-07T11:22:02","date_gmt":"2025-10-07T09:22:02","guid":{"rendered":"https:\/\/www.vitalibera.org\/community\/?p=2794"},"modified":"2025-10-07T11:37:28","modified_gmt":"2025-10-07T09:37:28","slug":"komforttasche-fuer-rollstuhl-und-rollator","status":"publish","type":"post","link":"https:\/\/www.vitalibera.org\/community\/2025\/10\/07\/komforttasche-fuer-rollstuhl-und-rollator\/","title":{"rendered":"Komforttasche f\u00fcr Rollstuhl und Rollator"},"content":{"rendered":"\n<p>Die Komforttasche f&uuml;r Rollstuhl und Rollator bietet mit ihrem 4-F&auml;chersystem optimalen Stauraum und sorgt daf&uuml;r, dass alle wichtigen Dinge stets griffbereit sind. Die strapazierf&auml;hige und wetterfeste Tasche ist ideal f&uuml;r den t&auml;glichen Einsatz. Sie verf&uuml;gt &uuml;ber ein grossz&uuml;giges Hauptfach mit 2-Wege-Reissverschluss, ein zus&auml;tzliches breites Fach mit Dehnfalte sowie zwei kleinere F&auml;cher f&uuml;r eine geordnete Aufbewahrung. Dank der verstellbaren Gurtschlaufen l&auml;sst sie sich flexibel befestigen, w&auml;hrend grosse Leuchtstreifen f&uuml;r mehr Sichtbarkeit und Sicherheit im Strassenverkehr sorgen. Bei Nichtgebrauch kann die Tasche platzsparend zusammengelegt werden. 100% Polyester. Gesamtvolumen: 19 Liter. Tragkraft: 15 kg. Masse: ca. B: 30,5 x H: 36 X T: 19 cm.<\/p>\n\n\n\n<ul class=\"wp-block-list\">\n<li>Grossz&uuml;giges 4-F&auml;chersystem f&uuml;r optimale Organisation und schnellen Zugriff<\/li>\n\n\n\n<li>Strapazierf&auml;hig und wetterfest<\/li>\n\n\n\n<li>Verstellbare Gurtschlaufen<\/li>\n\n\n\n<li>Grosse Leuchtstreifen<\/li>\n\n\n\n<li>Kompakt zusammenlegbar<\/li>\n<\/ul>\n\n\n\n<figure class=\"wp-block-image size-large is-resized\"><img fetchpriority=\"high\" decoding=\"async\" width=\"1024\" height=\"1024\" src=\"https:\/\/www.vitalibera.org\/community\/wp-content\/uploads\/2025\/10\/6150900_001-1024x1024.jpg\" alt=\"\" class=\"wp-image-2795\" style=\"width:582px;height:auto\" srcset=\"https:\/\/www.vitalibera.org\/community\/wp-content\/uploads\/2025\/10\/6150900_001-1024x1024.jpg 1024w, https:\/\/www.vitalibera.org\/community\/wp-content\/uploads\/2025\/10\/6150900_001-300x300.jpg 300w, https:\/\/www.vitalibera.org\/community\/wp-content\/uploads\/2025\/10\/6150900_001-150x150.jpg 150w, https:\/\/www.vitalibera.org\/community\/wp-content\/uploads\/2025\/10\/6150900_001-768x768.jpg 768w, https:\/\/www.vitalibera.org\/community\/wp-content\/uploads\/2025\/10\/6150900_001.jpg 1400w\" sizes=\"(max-width: 1024px) 100vw, 1024px\" \/><\/figure>\n\n\n\n<p><a href=\"https:\/\/www.angela-bruderer.ch\/de\/rollstuhlorganizer---komforttasche-6150900?gad_source=1&amp;gad_campaignid=21258090371&amp;gbraid=0AAAAADpyO71EHJHDYfnMsPPLuTugD77dd&amp;gclid=Cj0KCQjw9JLHBhC-ARIsAK4PhcpSdeHTq0SF2L1O5ZQIANUaOf7LsB3Ri1i6q0bwKCEbFJ38UFYsZVgaAjkmEALw_wcB\" target=\"_blank\" rel=\"noreferrer noopener\">Zum Produktvorschlag<\/a><\/p>\n","protected":false},"excerpt":{"rendered":"<p>Die Komforttasche f\u00fcr Rollstuhl und Rollator bietet mit ihrem 4-F\u00e4chersystem optimalen Stauraum und sorgt daf\u00fcr, dass alle wichtigen Dinge stets griffbereit sind. Die strapazierf\u00e4hige und wetterfeste Tasche ist ideal f\u00fcr den t\u00e4glichen Einsatz. Sie verf\u00fcgt \u00fcber ein grossz\u00fcgiges Hauptfach mit 2-Wege-Reissverschluss, ein zus\u00e4tzliches breites Fach mit Dehnfalte sowie zwei kleinere F\u00e4cher f\u00fcr eine geordnete Aufbewahrung. &#8230; <a title=\"Komforttasche f\u00fcr Rollstuhl und Rollator\" class=\"read-more\" href=\"https:\/\/www.vitalibera.org\/community\/2025\/10\/07\/komforttasche-fuer-rollstuhl-und-rollator\/\" aria-label=\"Mehr Informationen \u00fcber Komforttasche f\u00fcr Rollstuhl und Rollator\">Weiterlesen<\/a><\/p>\n","protected":false},"author":1,"featured_media":2795,"comment_status":"open","ping_status":"open","sticky":false,"template":"","format":"standard","meta":{"cybocfi_hide_featured_image":"yes","_jetpack_memberships_contains_paid_content":false,"footnotes":""},"categories":[75],"tags":[],"class_list":["post-2794","post","type-post","status-publish","format-standard","has-post-thumbnail","hentry","category-mobilitaet"],"yoast_head":"<!-- This site is optimized with the Yoast SEO plugin v27.4 - https:\/\/yoast.com\/product\/yoast-seo-wordpress\/ -->\r\n<title>Komforttasche f\u00fcr Rollstuhl und Rollator - vitalibera.org<\/title>\r\n<meta name=\"robots\" content=\"index, follow, max-snippet:-1, max-image-preview:large, max-video-preview:-1\" \/>\r\n<link rel=\"canonical\" href=\"http:\/\/www.vitalibera.org\/community\/2025\/10\/07\/komforttasche-fuer-rollstuhl-und-rollator\/\" \/>\r\n<meta property=\"og:locale\" content=\"de_DE\" \/>\r\n<meta property=\"og:type\" content=\"article\" \/>\r\n<meta property=\"og:title\" content=\"Komforttasche f\u00fcr Rollstuhl und Rollator - vitalibera.org\" \/>\r\n<meta property=\"og:description\" content=\"Die Komforttasche f\u00fcr Rollstuhl und Rollator bietet mit ihrem 4-F\u00e4chersystem optimalen Stauraum und sorgt daf\u00fcr, dass alle wichtigen Dinge stets griffbereit sind. Die strapazierf\u00e4hige und wetterfeste Tasche ist ideal f\u00fcr den t\u00e4glichen Einsatz. Sie verf\u00fcgt \u00fcber ein grossz\u00fcgiges Hauptfach mit 2-Wege-Reissverschluss, ein zus\u00e4tzliches breites Fach mit Dehnfalte sowie zwei kleinere F\u00e4cher f\u00fcr eine geordnete Aufbewahrung. ... Weiterlesen\" \/>\r\n<meta property=\"og:url\" content=\"http:\/\/www.vitalibera.org\/community\/2025\/10\/07\/komforttasche-fuer-rollstuhl-und-rollator\/\" \/>\r\n<meta property=\"og:site_name\" content=\"vitalibera.org\" \/>\r\n<meta property=\"article:publisher\" content=\"https:\/\/www.facebook.com\/groups\/2997085857140235\" \/>\r\n<meta property=\"article:published_time\" content=\"2025-10-07T09:22:02+00:00\" \/>\r\n<meta property=\"article:modified_time\" content=\"2025-10-07T09:37:28+00:00\" \/>\r\n<meta property=\"og:image\" content=\"http:\/\/www.vitalibera.org\/community\/wp-content\/uploads\/2025\/10\/6150900_001.jpg\" \/>\r\n\t<meta property=\"og:image:width\" content=\"1400\" \/>\r\n\t<meta property=\"og:image:height\" content=\"1400\" \/>\r\n\t<meta property=\"og:image:type\" content=\"image\/jpeg\" \/>\r\n<meta name=\"author\" content=\"admin\" \/>\r\n<meta name=\"twitter:card\" content=\"summary_large_image\" \/>\r\n<meta name=\"twitter:label1\" content=\"Verfasst von\" \/>\n\t<meta name=\"twitter:data1\" content=\"admin\" \/>\n\t<meta name=\"twitter:label2\" content=\"Gesch\u00e4tzte Lesezeit\" \/>\n\t<meta name=\"twitter:data2\" content=\"2\u00a0Minuten\" \/>\r\n<script type=\"application\/ld+json\" class=\"yoast-schema-graph\">{\"@context\":\"https:\\\/\\\/schema.org\",\"@graph\":[{\"@type\":\"Article\",\"@id\":\"http:\\\/\\\/www.vitalibera.org\\\/community\\\/2025\\\/10\\\/07\\\/komforttasche-fuer-rollstuhl-und-rollator\\\/#article\",\"isPartOf\":{\"@id\":\"http:\\\/\\\/www.vitalibera.org\\\/community\\\/2025\\\/10\\\/07\\\/komforttasche-fuer-rollstuhl-und-rollator\\\/\"},\"author\":{\"name\":\"admin\",\"@id\":\"https:\\\/\\\/www.vitalibera.org\\\/community\\\/#\\\/schema\\\/person\\\/c535fa8d561f7f8ca425ced40d87e582\"},\"headline\":\"Komforttasche f\u00fcr Rollstuhl und Rollator\",\"datePublished\":\"2025-10-07T09:22:02+00:00\",\"dateModified\":\"2025-10-07T09:37:28+00:00\",\"mainEntityOfPage\":{\"@id\":\"http:\\\/\\\/www.vitalibera.org\\\/community\\\/2025\\\/10\\\/07\\\/komforttasche-fuer-rollstuhl-und-rollator\\\/\"},\"wordCount\":139,\"commentCount\":0,\"publisher\":{\"@id\":\"https:\\\/\\\/www.vitalibera.org\\\/community\\\/#organization\"},\"image\":{\"@id\":\"http:\\\/\\\/www.vitalibera.org\\\/community\\\/2025\\\/10\\\/07\\\/komforttasche-fuer-rollstuhl-und-rollator\\\/#primaryimage\"},\"thumbnailUrl\":\"https:\\\/\\\/www.vitalibera.org\\\/community\\\/wp-content\\\/uploads\\\/2025\\\/10\\\/6150900_001.jpg\",\"articleSection\":[\"Mobilit\u00e4t\"],\"inLanguage\":\"de\",\"potentialAction\":[{\"@type\":\"CommentAction\",\"name\":\"Comment\",\"target\":[\"http:\\\/\\\/www.vitalibera.org\\\/community\\\/2025\\\/10\\\/07\\\/komforttasche-fuer-rollstuhl-und-rollator\\\/#respond\"]}]},{\"@type\":\"WebPage\",\"@id\":\"http:\\\/\\\/www.vitalibera.org\\\/community\\\/2025\\\/10\\\/07\\\/komforttasche-fuer-rollstuhl-und-rollator\\\/\",\"url\":\"http:\\\/\\\/www.vitalibera.org\\\/community\\\/2025\\\/10\\\/07\\\/komforttasche-fuer-rollstuhl-und-rollator\\\/\",\"name\":\"Komforttasche f\u00fcr Rollstuhl und Rollator - vitalibera.org\",\"isPartOf\":{\"@id\":\"https:\\\/\\\/www.vitalibera.org\\\/community\\\/#website\"},\"primaryImageOfPage\":{\"@id\":\"http:\\\/\\\/www.vitalibera.org\\\/community\\\/2025\\\/10\\\/07\\\/komforttasche-fuer-rollstuhl-und-rollator\\\/#primaryimage\"},\"image\":{\"@id\":\"http:\\\/\\\/www.vitalibera.org\\\/community\\\/2025\\\/10\\\/07\\\/komforttasche-fuer-rollstuhl-und-rollator\\\/#primaryimage\"},\"thumbnailUrl\":\"https:\\\/\\\/www.vitalibera.org\\\/community\\\/wp-content\\\/uploads\\\/2025\\\/10\\\/6150900_001.jpg\",\"datePublished\":\"2025-10-07T09:22:02+00:00\",\"dateModified\":\"2025-10-07T09:37:28+00:00\",\"breadcrumb\":{\"@id\":\"http:\\\/\\\/www.vitalibera.org\\\/community\\\/2025\\\/10\\\/07\\\/komforttasche-fuer-rollstuhl-und-rollator\\\/#breadcrumb\"},\"inLanguage\":\"de\",\"potentialAction\":[{\"@type\":\"ReadAction\",\"target\":[\"http:\\\/\\\/www.vitalibera.org\\\/community\\\/2025\\\/10\\\/07\\\/komforttasche-fuer-rollstuhl-und-rollator\\\/\"]}]},{\"@type\":\"BreadcrumbList\",\"@id\":\"http:\\\/\\\/www.vitalibera.org\\\/community\\\/2025\\\/10\\\/07\\\/komforttasche-fuer-rollstuhl-und-rollator\\\/#breadcrumb\",\"itemListElement\":[{\"@type\":\"ListItem\",\"position\":1,\"name\":\"Startseite\",\"item\":\"https:\\\/\\\/www.vitalibera.org\\\/community\\\/\"},{\"@type\":\"ListItem\",\"position\":2,\"name\":\"Komforttasche f\u00fcr Rollstuhl und Rollator\"}]},{\"@type\":\"WebSite\",\"@id\":\"https:\\\/\\\/www.vitalibera.org\\\/community\\\/#website\",\"url\":\"https:\\\/\\\/www.vitalibera.org\\\/community\\\/\",\"name\":\"vitalibera.org\",\"description\":\"Mit einer Einschr&auml;nkung gestaltet sich das Leben im Alltag oft schwieriger - hier berichten wir &uuml;ber unsere Erfahrungen und Hilfsmittel um den Alltag so unbeschwert und unkompliziert wie nur m&ouml;glich geniessen zu k&ouml;nnen. Dabei richten wir unseren Fokus gezielt auf Selbst&auml;ndigkeit, Eigenst&auml;ndigkeit und Selbstbestimmung.\",\"publisher\":{\"@id\":\"https:\\\/\\\/www.vitalibera.org\\\/community\\\/#organization\"},\"potentialAction\":[{\"@type\":\"SearchAction\",\"target\":{\"@type\":\"EntryPoint\",\"urlTemplate\":\"https:\\\/\\\/www.vitalibera.org\\\/community\\\/?s={search_term_string}\"},\"query-input\":{\"@type\":\"PropertyValueSpecification\",\"valueRequired\":true,\"valueName\":\"search_term_string\"}}],\"inLanguage\":\"de\"},{\"@type\":\"Organization\",\"@id\":\"https:\\\/\\\/www.vitalibera.org\\\/community\\\/#organization\",\"name\":\"vitalibera.org\",\"url\":\"https:\\\/\\\/www.vitalibera.org\\\/community\\\/\",\"logo\":{\"@type\":\"ImageObject\",\"inLanguage\":\"de\",\"@id\":\"https:\\\/\\\/www.vitalibera.org\\\/community\\\/#\\\/schema\\\/logo\\\/image\\\/\",\"url\":\"https:\\\/\\\/www.vitalibera.org\\\/community\\\/wp-content\\\/uploads\\\/2025\\\/09\\\/cropped-banner.png\",\"contentUrl\":\"https:\\\/\\\/www.vitalibera.org\\\/community\\\/wp-content\\\/uploads\\\/2025\\\/09\\\/cropped-banner.png\",\"width\":991,\"height\":150,\"caption\":\"vitalibera.org\"},\"image\":{\"@id\":\"https:\\\/\\\/www.vitalibera.org\\\/community\\\/#\\\/schema\\\/logo\\\/image\\\/\"},\"sameAs\":[\"https:\\\/\\\/www.facebook.com\\\/groups\\\/2997085857140235\"]},{\"@type\":\"Person\",\"@id\":\"https:\\\/\\\/www.vitalibera.org\\\/community\\\/#\\\/schema\\\/person\\\/c535fa8d561f7f8ca425ced40d87e582\",\"name\":\"admin\",\"image\":{\"@type\":\"ImageObject\",\"inLanguage\":\"de\",\"@id\":\"https:\\\/\\\/secure.gravatar.com\\\/avatar\\\/ad516503a11cd5ca435acc9bb6523536?s=96\",\"url\":\"https:\\\/\\\/secure.gravatar.com\\\/avatar\\\/ad516503a11cd5ca435acc9bb6523536?s=96\",\"contentUrl\":\"https:\\\/\\\/secure.gravatar.com\\\/avatar\\\/ad516503a11cd5ca435acc9bb6523536?s=96\",\"caption\":\"admin\"},\"description\":\"admin\",\"sameAs\":[\"http:\\\/\\\/www.vitalibera.org\\\/community\"],\"url\":\"https:\\\/\\\/www.vitalibera.org\\\/community\\\/author\\\/admin\\\/\"}]}<\/script>\r\n<!-- \/ Yoast SEO plugin. -->","yoast_head_json":{"title":"Komforttasche f\u00fcr Rollstuhl und Rollator - vitalibera.org","robots":{"index":"index","follow":"follow","max-snippet":"max-snippet:-1","max-image-preview":"max-image-preview:large","max-video-preview":"max-video-preview:-1"},"canonical":"http:\/\/www.vitalibera.org\/community\/2025\/10\/07\/komforttasche-fuer-rollstuhl-und-rollator\/","og_locale":"de_DE","og_type":"article","og_title":"Komforttasche f\u00fcr Rollstuhl und Rollator - vitalibera.org","og_description":"Die Komforttasche f\u00fcr Rollstuhl und Rollator bietet mit ihrem 4-F\u00e4chersystem optimalen Stauraum und sorgt daf\u00fcr, dass alle wichtigen Dinge stets griffbereit sind. Die strapazierf\u00e4hige und wetterfeste Tasche ist ideal f\u00fcr den t\u00e4glichen Einsatz. Sie verf\u00fcgt \u00fcber ein grossz\u00fcgiges Hauptfach mit 2-Wege-Reissverschluss, ein zus\u00e4tzliches breites Fach mit Dehnfalte sowie zwei kleinere F\u00e4cher f\u00fcr eine geordnete Aufbewahrung. ... Weiterlesen","og_url":"http:\/\/www.vitalibera.org\/community\/2025\/10\/07\/komforttasche-fuer-rollstuhl-und-rollator\/","og_site_name":"vitalibera.org","article_publisher":"https:\/\/www.facebook.com\/groups\/2997085857140235","article_published_time":"2025-10-07T09:22:02+00:00","article_modified_time":"2025-10-07T09:37:28+00:00","og_image":[{"width":1400,"height":1400,"url":"http:\/\/www.vitalibera.org\/community\/wp-content\/uploads\/2025\/10\/6150900_001.jpg","type":"image\/jpeg"}],"author":"admin","twitter_card":"summary_large_image","twitter_misc":{"Verfasst von":"admin","Gesch\u00e4tzte Lesezeit":"2\u00a0Minuten"},"schema":{"@context":"https:\/\/schema.org","@graph":[{"@type":"Article","@id":"http:\/\/www.vitalibera.org\/community\/2025\/10\/07\/komforttasche-fuer-rollstuhl-und-rollator\/#article","isPartOf":{"@id":"http:\/\/www.vitalibera.org\/community\/2025\/10\/07\/komforttasche-fuer-rollstuhl-und-rollator\/"},"author":{"name":"admin","@id":"https:\/\/www.vitalibera.org\/community\/#\/schema\/person\/c535fa8d561f7f8ca425ced40d87e582"},"headline":"Komforttasche f\u00fcr Rollstuhl und Rollator","datePublished":"2025-10-07T09:22:02+00:00","dateModified":"2025-10-07T09:37:28+00:00","mainEntityOfPage":{"@id":"http:\/\/www.vitalibera.org\/community\/2025\/10\/07\/komforttasche-fuer-rollstuhl-und-rollator\/"},"wordCount":139,"commentCount":0,"publisher":{"@id":"https:\/\/www.vitalibera.org\/community\/#organization"},"image":{"@id":"http:\/\/www.vitalibera.org\/community\/2025\/10\/07\/komforttasche-fuer-rollstuhl-und-rollator\/#primaryimage"},"thumbnailUrl":"https:\/\/www.vitalibera.org\/community\/wp-content\/uploads\/2025\/10\/6150900_001.jpg","articleSection":["Mobilit\u00e4t"],"inLanguage":"de","potentialAction":[{"@type":"CommentAction","name":"Comment","target":["http:\/\/www.vitalibera.org\/community\/2025\/10\/07\/komforttasche-fuer-rollstuhl-und-rollator\/#respond"]}]},{"@type":"WebPage","@id":"http:\/\/www.vitalibera.org\/community\/2025\/10\/07\/komforttasche-fuer-rollstuhl-und-rollator\/","url":"http:\/\/www.vitalibera.org\/community\/2025\/10\/07\/komforttasche-fuer-rollstuhl-und-rollator\/","name":"Komforttasche f\u00fcr Rollstuhl und Rollator - vitalibera.org","isPartOf":{"@id":"https:\/\/www.vitalibera.org\/community\/#website"},"primaryImageOfPage":{"@id":"http:\/\/www.vitalibera.org\/community\/2025\/10\/07\/komforttasche-fuer-rollstuhl-und-rollator\/#primaryimage"},"image":{"@id":"http:\/\/www.vitalibera.org\/community\/2025\/10\/07\/komforttasche-fuer-rollstuhl-und-rollator\/#primaryimage"},"thumbnailUrl":"https:\/\/www.vitalibera.org\/community\/wp-content\/uploads\/2025\/10\/6150900_001.jpg","datePublished":"2025-10-07T09:22:02+00:00","dateModified":"2025-10-07T09:37:28+00:00","breadcrumb":{"@id":"http:\/\/www.vitalibera.org\/community\/2025\/10\/07\/komforttasche-fuer-rollstuhl-und-rollator\/#breadcrumb"},"inLanguage":"de","potentialAction":[{"@type":"ReadAction","target":["http:\/\/www.vitalibera.org\/community\/2025\/10\/07\/komforttasche-fuer-rollstuhl-und-rollator\/"]}]},{"@type":"BreadcrumbList","@id":"http:\/\/www.vitalibera.org\/community\/2025\/10\/07\/komforttasche-fuer-rollstuhl-und-rollator\/#breadcrumb","itemListElement":[{"@type":"ListItem","position":1,"name":"Startseite","item":"https:\/\/www.vitalibera.org\/community\/"},{"@type":"ListItem","position":2,"name":"Komforttasche f\u00fcr Rollstuhl und Rollator"}]},{"@type":"WebSite","@id":"https:\/\/www.vitalibera.org\/community\/#website","url":"https:\/\/www.vitalibera.org\/community\/","name":"vitalibera.org","description":"Mit einer Einschr&auml;nkung gestaltet sich das Leben im Alltag oft schwieriger - hier berichten wir &uuml;ber unsere Erfahrungen und Hilfsmittel um den Alltag so unbeschwert und unkompliziert wie nur m&ouml;glich geniessen zu k&ouml;nnen. Dabei richten wir unseren Fokus gezielt auf Selbst&auml;ndigkeit, Eigenst&auml;ndigkeit und Selbstbestimmung.","publisher":{"@id":"https:\/\/www.vitalibera.org\/community\/#organization"},"potentialAction":[{"@type":"SearchAction","target":{"@type":"EntryPoint","urlTemplate":"https:\/\/www.vitalibera.org\/community\/?s={search_term_string}"},"query-input":{"@type":"PropertyValueSpecification","valueRequired":true,"valueName":"search_term_string"}}],"inLanguage":"de"},{"@type":"Organization","@id":"https:\/\/www.vitalibera.org\/community\/#organization","name":"vitalibera.org","url":"https:\/\/www.vitalibera.org\/community\/","logo":{"@type":"ImageObject","inLanguage":"de","@id":"https:\/\/www.vitalibera.org\/community\/#\/schema\/logo\/image\/","url":"https:\/\/www.vitalibera.org\/community\/wp-content\/uploads\/2025\/09\/cropped-banner.png","contentUrl":"https:\/\/www.vitalibera.org\/community\/wp-content\/uploads\/2025\/09\/cropped-banner.png","width":991,"height":150,"caption":"vitalibera.org"},"image":{"@id":"https:\/\/www.vitalibera.org\/community\/#\/schema\/logo\/image\/"},"sameAs":["https:\/\/www.facebook.com\/groups\/2997085857140235"]},{"@type":"Person","@id":"https:\/\/www.vitalibera.org\/community\/#\/schema\/person\/c535fa8d561f7f8ca425ced40d87e582","name":"admin","image":{"@type":"ImageObject","inLanguage":"de","@id":"https:\/\/secure.gravatar.com\/avatar\/ad516503a11cd5ca435acc9bb6523536?s=96","url":"https:\/\/secure.gravatar.com\/avatar\/ad516503a11cd5ca435acc9bb6523536?s=96","contentUrl":"https:\/\/secure.gravatar.com\/avatar\/ad516503a11cd5ca435acc9bb6523536?s=96","caption":"admin"},"description":"admin","sameAs":["http:\/\/www.vitalibera.org\/community"],"url":"https:\/\/www.vitalibera.org\/community\/author\/admin\/"}]}},"jetpack_featured_media_url":"https:\/\/www.vitalibera.org\/community\/wp-content\/uploads\/2025\/10\/6150900_001.jpg","jetpack_sharing_enabled":true,"jetpack-related-posts":[],"_links":{"self":[{"href":"https:\/\/www.vitalibera.org\/community\/wp-json\/wp\/v2\/posts\/2794","targetHints":{"allow":["GET"]}}],"collection":[{"href":"https:\/\/www.vitalibera.org\/community\/wp-json\/wp\/v2\/posts"}],"about":[{"href":"https:\/\/www.vitalibera.org\/community\/wp-json\/wp\/v2\/types\/post"}],"author":[{"embeddable":true,"href":"https:\/\/www.vitalibera.org\/community\/wp-json\/wp\/v2\/users\/1"}],"replies":[{"embeddable":true,"href":"https:\/\/www.vitalibera.org\/community\/wp-json\/wp\/v2\/comments?post=2794"}],"version-history":[{"count":0,"href":"https:\/\/www.vitalibera.org\/community\/wp-json\/wp\/v2\/posts\/2794\/revisions"}],"wp:featuredmedia":[{"embeddable":true,"href":"https:\/\/www.vitalibera.org\/community\/wp-json\/wp\/v2\/media\/2795"}],"wp:attachment":[{"href":"https:\/\/www.vitalibera.org\/community\/wp-json\/wp\/v2\/media?parent=2794"}],"wp:term":[{"taxonomy":"category","embeddable":true,"href":"https:\/\/www.vitalibera.org\/community\/wp-json\/wp\/v2\/categories?post=2794"},{"taxonomy":"post_tag","embeddable":true,"href":"https:\/\/www.vitalibera.org\/community\/wp-json\/wp\/v2\/tags?post=2794"}],"curies":[{"name":"wp","href":"https:\/\/api.w.org\/{rel}","templated":true}]}}