{"id":2812,"date":"2025-10-07T12:00:39","date_gmt":"2025-10-07T10:00:39","guid":{"rendered":"https:\/\/www.vitalibera.org\/community\/?p=2812"},"modified":"2025-10-07T12:01:28","modified_gmt":"2025-10-07T10:01:28","slug":"everfit-mini-welly-e-combi","status":"publish","type":"post","link":"https:\/\/www.vitalibera.org\/community\/2025\/10\/07\/everfit-mini-welly-e-combi\/","title":{"rendered":"EVERFIT mini WELLY-E COMBI"},"content":{"rendered":"\n<p>Welly E Combi Everfit Rehabilitationspedal<br><br>Die Drehung der Pedale kann elektronisch von mindestens 28 bis maximal 76 Umdrehungen pro Minute in 12 verschiedenen Stufen geregelt werden.<\/p>\n\n\n\n<p>Das Pedal ist mit 2 Gleichstrommotoren &agrave; 70 Watt ausgestattet, mit denen Bewegungen gleichzeitig ausgef&uuml;hrt werden k&ouml;nnen.<\/p>\n\n\n\n<p>Dar&uuml;ber hinaus kann sowohl vorw&auml;rts als auch r&uuml;ckw&auml;rts getreten werden.<br><br>LCD-Anzeige, mit der Sie die aktuellen Funktionen anzeigen k&ouml;nnen: Gesamtanzahl der Pedale, Zeit, Kalorien, Scan, Geschwindigkeit.<\/p>\n\n\n\n<ul class=\"wp-block-list\">\n<li>Es stehen 5 voreingestellte Programme zur Verf&uuml;gung.<\/li>\n\n\n\n<li>Die Pedale haben eine ergonomische Form und sind f&uuml;r mehr Sicherheit mit einem Fu&szlig;riemen ausgestattet.<\/li>\n\n\n\n<li>Die Kn&ouml;pfe haben eine ergonomische Form und erm&ouml;glichen so einen sicheren und bequemen Griff.<\/li>\n\n\n\n<li>Der obere Teil des Pedals ist h&ouml;henverstellbar.<\/li>\n\n\n\n<li>CE-ROHS-Zertifizierungen<\/li>\n<\/ul>\n\n\n<div class=\"wp-block-image\">\n<figure class=\"aligncenter size-full\"><img fetchpriority=\"high\" decoding=\"async\" width=\"476\" height=\"564\" src=\"https:\/\/www.vitalibera.org\/community\/wp-content\/uploads\/2025\/10\/hometrainer2.png\" alt=\"\" class=\"wp-image-2813\" srcset=\"https:\/\/www.vitalibera.org\/community\/wp-content\/uploads\/2025\/10\/hometrainer2.png 476w, https:\/\/www.vitalibera.org\/community\/wp-content\/uploads\/2025\/10\/hometrainer2-253x300.png 253w\" sizes=\"(max-width: 476px) 100vw, 476px\" \/><\/figure>\n<\/div>\n\n\n<p><a href=\"https:\/\/www.galaxus.ch\/de\/s3\/product\/toorx-exercise-bike-everfit-mini-welly-e-combi-hometrainer-21467802?supplier=406802&amp;utm_source=google&amp;utm_medium=cpc&amp;utm_campaign=PMax:+PROD_CH_SSC_Cluster_7(C)&amp;campaignid=20448036879&amp;adtype=pla&amp;adgroupid=&amp;adid=&amp;dgCidg=Cj0KCQjw9JLHBhC-ARIsAK4PhcouR6kVAploh7bNsn4uURkZ7_FhvFFQ2ei61s36eb4sePw5TmmQlIUaAvO6EALw_wcB&amp;gclsrc=aw.ds&amp;&amp;dgCidg=Cj0KCQjw9JLHBhC-ARIsAK4PhcouR6kVAploh7bNsn4uURkZ7_FhvFFQ2ei61s36eb4sePw5TmmQlIUaAvO6EALw_wcB&amp;gad_source=1&amp;gad_campaignid=19973634931&amp;gbraid=0AAAAADmCc4MgiryLyqsWjkvFXoBDt6YTn&amp;gclid=Cj0KCQjw9JLHBhC-ARIsAK4PhcouR6kVAploh7bNsn4uURkZ7_FhvFFQ2ei61s36eb4sePw5TmmQlIUaAvO6EALw_wcB\" target=\"_blank\" rel=\"noreferrer noopener\">Zum Produkt<\/a><\/p>\n","protected":false},"excerpt":{"rendered":"<p>Welly E Combi Everfit Rehabilitationspedal Die Drehung der Pedale kann elektronisch von mindestens 28 bis maximal 76 Umdrehungen pro Minute in 12 verschiedenen Stufen geregelt werden. Das Pedal ist mit 2 Gleichstrommotoren \u00e0 70 Watt ausgestattet, mit denen Bewegungen gleichzeitig ausgef\u00fchrt werden k\u00f6nnen. Dar\u00fcber hinaus kann sowohl vorw\u00e4rts als auch r\u00fcckw\u00e4rts getreten werden. LCD-Anzeige, mit &#8230; <a title=\"EVERFIT mini WELLY-E COMBI\" class=\"read-more\" href=\"https:\/\/www.vitalibera.org\/community\/2025\/10\/07\/everfit-mini-welly-e-combi\/\" aria-label=\"Mehr Informationen \u00fcber EVERFIT mini WELLY-E COMBI\">Weiterlesen<\/a><\/p>\n","protected":false},"author":1,"featured_media":2813,"comment_status":"open","ping_status":"open","sticky":false,"template":"","format":"standard","meta":{"cybocfi_hide_featured_image":"yes","_jetpack_memberships_contains_paid_content":false,"footnotes":""},"categories":[64,1],"tags":[],"class_list":["post-2812","post","type-post","status-publish","format-standard","has-post-thumbnail","hentry","category-physio","category-uncategorized"],"yoast_head":"<!-- This site is optimized with the Yoast SEO plugin v27.4 - https:\/\/yoast.com\/product\/yoast-seo-wordpress\/ -->\r\n<title>EVERFIT mini WELLY-E COMBI - vitalibera.org<\/title>\r\n<meta name=\"robots\" content=\"index, follow, max-snippet:-1, max-image-preview:large, max-video-preview:-1\" \/>\r\n<link rel=\"canonical\" href=\"http:\/\/www.vitalibera.org\/community\/2025\/10\/07\/everfit-mini-welly-e-combi\/\" \/>\r\n<meta property=\"og:locale\" content=\"de_DE\" \/>\r\n<meta property=\"og:type\" content=\"article\" \/>\r\n<meta property=\"og:title\" content=\"EVERFIT mini WELLY-E COMBI - vitalibera.org\" \/>\r\n<meta property=\"og:description\" content=\"Welly E Combi Everfit Rehabilitationspedal Die Drehung der Pedale kann elektronisch von mindestens 28 bis maximal 76 Umdrehungen pro Minute in 12 verschiedenen Stufen geregelt werden. Das Pedal ist mit 2 Gleichstrommotoren \u00e0 70 Watt ausgestattet, mit denen Bewegungen gleichzeitig ausgef\u00fchrt werden k\u00f6nnen. Dar\u00fcber hinaus kann sowohl vorw\u00e4rts als auch r\u00fcckw\u00e4rts getreten werden. LCD-Anzeige, mit ... Weiterlesen\" \/>\r\n<meta property=\"og:url\" content=\"http:\/\/www.vitalibera.org\/community\/2025\/10\/07\/everfit-mini-welly-e-combi\/\" \/>\r\n<meta property=\"og:site_name\" content=\"vitalibera.org\" \/>\r\n<meta property=\"article:publisher\" content=\"https:\/\/www.facebook.com\/groups\/2997085857140235\" \/>\r\n<meta property=\"article:published_time\" content=\"2025-10-07T10:00:39+00:00\" \/>\r\n<meta property=\"article:modified_time\" content=\"2025-10-07T10:01:28+00:00\" \/>\r\n<meta property=\"og:image\" content=\"http:\/\/www.vitalibera.org\/community\/wp-content\/uploads\/2025\/10\/hometrainer2.png\" \/>\r\n\t<meta property=\"og:image:width\" content=\"476\" \/>\r\n\t<meta property=\"og:image:height\" content=\"564\" \/>\r\n\t<meta property=\"og:image:type\" content=\"image\/png\" \/>\r\n<meta name=\"author\" content=\"admin\" \/>\r\n<meta name=\"twitter:card\" content=\"summary_large_image\" \/>\r\n<meta name=\"twitter:label1\" content=\"Verfasst von\" \/>\n\t<meta name=\"twitter:data1\" content=\"admin\" \/>\n\t<meta name=\"twitter:label2\" content=\"Gesch\u00e4tzte Lesezeit\" \/>\n\t<meta name=\"twitter:data2\" content=\"2\u00a0Minuten\" \/>\r\n<script type=\"application\/ld+json\" class=\"yoast-schema-graph\">{\"@context\":\"https:\\\/\\\/schema.org\",\"@graph\":[{\"@type\":\"Article\",\"@id\":\"http:\\\/\\\/www.vitalibera.org\\\/community\\\/2025\\\/10\\\/07\\\/everfit-mini-welly-e-combi\\\/#article\",\"isPartOf\":{\"@id\":\"http:\\\/\\\/www.vitalibera.org\\\/community\\\/2025\\\/10\\\/07\\\/everfit-mini-welly-e-combi\\\/\"},\"author\":{\"name\":\"admin\",\"@id\":\"https:\\\/\\\/www.vitalibera.org\\\/community\\\/#\\\/schema\\\/person\\\/c535fa8d561f7f8ca425ced40d87e582\"},\"headline\":\"EVERFIT mini WELLY-E COMBI\",\"datePublished\":\"2025-10-07T10:00:39+00:00\",\"dateModified\":\"2025-10-07T10:01:28+00:00\",\"mainEntityOfPage\":{\"@id\":\"http:\\\/\\\/www.vitalibera.org\\\/community\\\/2025\\\/10\\\/07\\\/everfit-mini-welly-e-combi\\\/\"},\"wordCount\":125,\"commentCount\":0,\"publisher\":{\"@id\":\"https:\\\/\\\/www.vitalibera.org\\\/community\\\/#organization\"},\"image\":{\"@id\":\"http:\\\/\\\/www.vitalibera.org\\\/community\\\/2025\\\/10\\\/07\\\/everfit-mini-welly-e-combi\\\/#primaryimage\"},\"thumbnailUrl\":\"https:\\\/\\\/www.vitalibera.org\\\/community\\\/wp-content\\\/uploads\\\/2025\\\/10\\\/hometrainer2.png\",\"articleSection\":[\"Physiotherapie\",\"Uncategorized\"],\"inLanguage\":\"de\",\"potentialAction\":[{\"@type\":\"CommentAction\",\"name\":\"Comment\",\"target\":[\"http:\\\/\\\/www.vitalibera.org\\\/community\\\/2025\\\/10\\\/07\\\/everfit-mini-welly-e-combi\\\/#respond\"]}]},{\"@type\":\"WebPage\",\"@id\":\"http:\\\/\\\/www.vitalibera.org\\\/community\\\/2025\\\/10\\\/07\\\/everfit-mini-welly-e-combi\\\/\",\"url\":\"http:\\\/\\\/www.vitalibera.org\\\/community\\\/2025\\\/10\\\/07\\\/everfit-mini-welly-e-combi\\\/\",\"name\":\"EVERFIT mini WELLY-E COMBI - vitalibera.org\",\"isPartOf\":{\"@id\":\"https:\\\/\\\/www.vitalibera.org\\\/community\\\/#website\"},\"primaryImageOfPage\":{\"@id\":\"http:\\\/\\\/www.vitalibera.org\\\/community\\\/2025\\\/10\\\/07\\\/everfit-mini-welly-e-combi\\\/#primaryimage\"},\"image\":{\"@id\":\"http:\\\/\\\/www.vitalibera.org\\\/community\\\/2025\\\/10\\\/07\\\/everfit-mini-welly-e-combi\\\/#primaryimage\"},\"thumbnailUrl\":\"https:\\\/\\\/www.vitalibera.org\\\/community\\\/wp-content\\\/uploads\\\/2025\\\/10\\\/hometrainer2.png\",\"datePublished\":\"2025-10-07T10:00:39+00:00\",\"dateModified\":\"2025-10-07T10:01:28+00:00\",\"breadcrumb\":{\"@id\":\"http:\\\/\\\/www.vitalibera.org\\\/community\\\/2025\\\/10\\\/07\\\/everfit-mini-welly-e-combi\\\/#breadcrumb\"},\"inLanguage\":\"de\",\"potentialAction\":[{\"@type\":\"ReadAction\",\"target\":[\"http:\\\/\\\/www.vitalibera.org\\\/community\\\/2025\\\/10\\\/07\\\/everfit-mini-welly-e-combi\\\/\"]}]},{\"@type\":\"BreadcrumbList\",\"@id\":\"http:\\\/\\\/www.vitalibera.org\\\/community\\\/2025\\\/10\\\/07\\\/everfit-mini-welly-e-combi\\\/#breadcrumb\",\"itemListElement\":[{\"@type\":\"ListItem\",\"position\":1,\"name\":\"Startseite\",\"item\":\"https:\\\/\\\/www.vitalibera.org\\\/community\\\/\"},{\"@type\":\"ListItem\",\"position\":2,\"name\":\"EVERFIT mini WELLY-E COMBI\"}]},{\"@type\":\"WebSite\",\"@id\":\"https:\\\/\\\/www.vitalibera.org\\\/community\\\/#website\",\"url\":\"https:\\\/\\\/www.vitalibera.org\\\/community\\\/\",\"name\":\"vitalibera.org\",\"description\":\"Mit einer Einschr&auml;nkung gestaltet sich das Leben im Alltag oft schwieriger - hier berichten wir &uuml;ber unsere Erfahrungen und Hilfsmittel um den Alltag so unbeschwert und unkompliziert wie nur m&ouml;glich geniessen zu k&ouml;nnen. Dabei richten wir unseren Fokus gezielt auf Selbst&auml;ndigkeit, Eigenst&auml;ndigkeit und Selbstbestimmung.\",\"publisher\":{\"@id\":\"https:\\\/\\\/www.vitalibera.org\\\/community\\\/#organization\"},\"potentialAction\":[{\"@type\":\"SearchAction\",\"target\":{\"@type\":\"EntryPoint\",\"urlTemplate\":\"https:\\\/\\\/www.vitalibera.org\\\/community\\\/?s={search_term_string}\"},\"query-input\":{\"@type\":\"PropertyValueSpecification\",\"valueRequired\":true,\"valueName\":\"search_term_string\"}}],\"inLanguage\":\"de\"},{\"@type\":\"Organization\",\"@id\":\"https:\\\/\\\/www.vitalibera.org\\\/community\\\/#organization\",\"name\":\"vitalibera.org\",\"url\":\"https:\\\/\\\/www.vitalibera.org\\\/community\\\/\",\"logo\":{\"@type\":\"ImageObject\",\"inLanguage\":\"de\",\"@id\":\"https:\\\/\\\/www.vitalibera.org\\\/community\\\/#\\\/schema\\\/logo\\\/image\\\/\",\"url\":\"https:\\\/\\\/www.vitalibera.org\\\/community\\\/wp-content\\\/uploads\\\/2025\\\/09\\\/cropped-banner.png\",\"contentUrl\":\"https:\\\/\\\/www.vitalibera.org\\\/community\\\/wp-content\\\/uploads\\\/2025\\\/09\\\/cropped-banner.png\",\"width\":991,\"height\":150,\"caption\":\"vitalibera.org\"},\"image\":{\"@id\":\"https:\\\/\\\/www.vitalibera.org\\\/community\\\/#\\\/schema\\\/logo\\\/image\\\/\"},\"sameAs\":[\"https:\\\/\\\/www.facebook.com\\\/groups\\\/2997085857140235\"]},{\"@type\":\"Person\",\"@id\":\"https:\\\/\\\/www.vitalibera.org\\\/community\\\/#\\\/schema\\\/person\\\/c535fa8d561f7f8ca425ced40d87e582\",\"name\":\"admin\",\"image\":{\"@type\":\"ImageObject\",\"inLanguage\":\"de\",\"@id\":\"https:\\\/\\\/secure.gravatar.com\\\/avatar\\\/ad516503a11cd5ca435acc9bb6523536?s=96\",\"url\":\"https:\\\/\\\/secure.gravatar.com\\\/avatar\\\/ad516503a11cd5ca435acc9bb6523536?s=96\",\"contentUrl\":\"https:\\\/\\\/secure.gravatar.com\\\/avatar\\\/ad516503a11cd5ca435acc9bb6523536?s=96\",\"caption\":\"admin\"},\"description\":\"admin\",\"sameAs\":[\"http:\\\/\\\/www.vitalibera.org\\\/community\"],\"url\":\"https:\\\/\\\/www.vitalibera.org\\\/community\\\/author\\\/admin\\\/\"}]}<\/script>\r\n<!-- \/ Yoast SEO plugin. -->","yoast_head_json":{"title":"EVERFIT mini WELLY-E COMBI - vitalibera.org","robots":{"index":"index","follow":"follow","max-snippet":"max-snippet:-1","max-image-preview":"max-image-preview:large","max-video-preview":"max-video-preview:-1"},"canonical":"http:\/\/www.vitalibera.org\/community\/2025\/10\/07\/everfit-mini-welly-e-combi\/","og_locale":"de_DE","og_type":"article","og_title":"EVERFIT mini WELLY-E COMBI - vitalibera.org","og_description":"Welly E Combi Everfit Rehabilitationspedal Die Drehung der Pedale kann elektronisch von mindestens 28 bis maximal 76 Umdrehungen pro Minute in 12 verschiedenen Stufen geregelt werden. Das Pedal ist mit 2 Gleichstrommotoren \u00e0 70 Watt ausgestattet, mit denen Bewegungen gleichzeitig ausgef\u00fchrt werden k\u00f6nnen. Dar\u00fcber hinaus kann sowohl vorw\u00e4rts als auch r\u00fcckw\u00e4rts getreten werden. LCD-Anzeige, mit ... Weiterlesen","og_url":"http:\/\/www.vitalibera.org\/community\/2025\/10\/07\/everfit-mini-welly-e-combi\/","og_site_name":"vitalibera.org","article_publisher":"https:\/\/www.facebook.com\/groups\/2997085857140235","article_published_time":"2025-10-07T10:00:39+00:00","article_modified_time":"2025-10-07T10:01:28+00:00","og_image":[{"width":476,"height":564,"url":"http:\/\/www.vitalibera.org\/community\/wp-content\/uploads\/2025\/10\/hometrainer2.png","type":"image\/png"}],"author":"admin","twitter_card":"summary_large_image","twitter_misc":{"Verfasst von":"admin","Gesch\u00e4tzte Lesezeit":"2\u00a0Minuten"},"schema":{"@context":"https:\/\/schema.org","@graph":[{"@type":"Article","@id":"http:\/\/www.vitalibera.org\/community\/2025\/10\/07\/everfit-mini-welly-e-combi\/#article","isPartOf":{"@id":"http:\/\/www.vitalibera.org\/community\/2025\/10\/07\/everfit-mini-welly-e-combi\/"},"author":{"name":"admin","@id":"https:\/\/www.vitalibera.org\/community\/#\/schema\/person\/c535fa8d561f7f8ca425ced40d87e582"},"headline":"EVERFIT mini WELLY-E COMBI","datePublished":"2025-10-07T10:00:39+00:00","dateModified":"2025-10-07T10:01:28+00:00","mainEntityOfPage":{"@id":"http:\/\/www.vitalibera.org\/community\/2025\/10\/07\/everfit-mini-welly-e-combi\/"},"wordCount":125,"commentCount":0,"publisher":{"@id":"https:\/\/www.vitalibera.org\/community\/#organization"},"image":{"@id":"http:\/\/www.vitalibera.org\/community\/2025\/10\/07\/everfit-mini-welly-e-combi\/#primaryimage"},"thumbnailUrl":"https:\/\/www.vitalibera.org\/community\/wp-content\/uploads\/2025\/10\/hometrainer2.png","articleSection":["Physiotherapie","Uncategorized"],"inLanguage":"de","potentialAction":[{"@type":"CommentAction","name":"Comment","target":["http:\/\/www.vitalibera.org\/community\/2025\/10\/07\/everfit-mini-welly-e-combi\/#respond"]}]},{"@type":"WebPage","@id":"http:\/\/www.vitalibera.org\/community\/2025\/10\/07\/everfit-mini-welly-e-combi\/","url":"http:\/\/www.vitalibera.org\/community\/2025\/10\/07\/everfit-mini-welly-e-combi\/","name":"EVERFIT mini WELLY-E COMBI - vitalibera.org","isPartOf":{"@id":"https:\/\/www.vitalibera.org\/community\/#website"},"primaryImageOfPage":{"@id":"http:\/\/www.vitalibera.org\/community\/2025\/10\/07\/everfit-mini-welly-e-combi\/#primaryimage"},"image":{"@id":"http:\/\/www.vitalibera.org\/community\/2025\/10\/07\/everfit-mini-welly-e-combi\/#primaryimage"},"thumbnailUrl":"https:\/\/www.vitalibera.org\/community\/wp-content\/uploads\/2025\/10\/hometrainer2.png","datePublished":"2025-10-07T10:00:39+00:00","dateModified":"2025-10-07T10:01:28+00:00","breadcrumb":{"@id":"http:\/\/www.vitalibera.org\/community\/2025\/10\/07\/everfit-mini-welly-e-combi\/#breadcrumb"},"inLanguage":"de","potentialAction":[{"@type":"ReadAction","target":["http:\/\/www.vitalibera.org\/community\/2025\/10\/07\/everfit-mini-welly-e-combi\/"]}]},{"@type":"BreadcrumbList","@id":"http:\/\/www.vitalibera.org\/community\/2025\/10\/07\/everfit-mini-welly-e-combi\/#breadcrumb","itemListElement":[{"@type":"ListItem","position":1,"name":"Startseite","item":"https:\/\/www.vitalibera.org\/community\/"},{"@type":"ListItem","position":2,"name":"EVERFIT mini WELLY-E COMBI"}]},{"@type":"WebSite","@id":"https:\/\/www.vitalibera.org\/community\/#website","url":"https:\/\/www.vitalibera.org\/community\/","name":"vitalibera.org","description":"Mit einer Einschr&auml;nkung gestaltet sich das Leben im Alltag oft schwieriger - hier berichten wir &uuml;ber unsere Erfahrungen und Hilfsmittel um den Alltag so unbeschwert und unkompliziert wie nur m&ouml;glich geniessen zu k&ouml;nnen. Dabei richten wir unseren Fokus gezielt auf Selbst&auml;ndigkeit, Eigenst&auml;ndigkeit und Selbstbestimmung.","publisher":{"@id":"https:\/\/www.vitalibera.org\/community\/#organization"},"potentialAction":[{"@type":"SearchAction","target":{"@type":"EntryPoint","urlTemplate":"https:\/\/www.vitalibera.org\/community\/?s={search_term_string}"},"query-input":{"@type":"PropertyValueSpecification","valueRequired":true,"valueName":"search_term_string"}}],"inLanguage":"de"},{"@type":"Organization","@id":"https:\/\/www.vitalibera.org\/community\/#organization","name":"vitalibera.org","url":"https:\/\/www.vitalibera.org\/community\/","logo":{"@type":"ImageObject","inLanguage":"de","@id":"https:\/\/www.vitalibera.org\/community\/#\/schema\/logo\/image\/","url":"https:\/\/www.vitalibera.org\/community\/wp-content\/uploads\/2025\/09\/cropped-banner.png","contentUrl":"https:\/\/www.vitalibera.org\/community\/wp-content\/uploads\/2025\/09\/cropped-banner.png","width":991,"height":150,"caption":"vitalibera.org"},"image":{"@id":"https:\/\/www.vitalibera.org\/community\/#\/schema\/logo\/image\/"},"sameAs":["https:\/\/www.facebook.com\/groups\/2997085857140235"]},{"@type":"Person","@id":"https:\/\/www.vitalibera.org\/community\/#\/schema\/person\/c535fa8d561f7f8ca425ced40d87e582","name":"admin","image":{"@type":"ImageObject","inLanguage":"de","@id":"https:\/\/secure.gravatar.com\/avatar\/ad516503a11cd5ca435acc9bb6523536?s=96","url":"https:\/\/secure.gravatar.com\/avatar\/ad516503a11cd5ca435acc9bb6523536?s=96","contentUrl":"https:\/\/secure.gravatar.com\/avatar\/ad516503a11cd5ca435acc9bb6523536?s=96","caption":"admin"},"description":"admin","sameAs":["http:\/\/www.vitalibera.org\/community"],"url":"https:\/\/www.vitalibera.org\/community\/author\/admin\/"}]}},"jetpack_featured_media_url":"https:\/\/www.vitalibera.org\/community\/wp-content\/uploads\/2025\/10\/hometrainer2.png","jetpack_sharing_enabled":true,"jetpack-related-posts":[],"_links":{"self":[{"href":"https:\/\/www.vitalibera.org\/community\/wp-json\/wp\/v2\/posts\/2812","targetHints":{"allow":["GET"]}}],"collection":[{"href":"https:\/\/www.vitalibera.org\/community\/wp-json\/wp\/v2\/posts"}],"about":[{"href":"https:\/\/www.vitalibera.org\/community\/wp-json\/wp\/v2\/types\/post"}],"author":[{"embeddable":true,"href":"https:\/\/www.vitalibera.org\/community\/wp-json\/wp\/v2\/users\/1"}],"replies":[{"embeddable":true,"href":"https:\/\/www.vitalibera.org\/community\/wp-json\/wp\/v2\/comments?post=2812"}],"version-history":[{"count":0,"href":"https:\/\/www.vitalibera.org\/community\/wp-json\/wp\/v2\/posts\/2812\/revisions"}],"wp:featuredmedia":[{"embeddable":true,"href":"https:\/\/www.vitalibera.org\/community\/wp-json\/wp\/v2\/media\/2813"}],"wp:attachment":[{"href":"https:\/\/www.vitalibera.org\/community\/wp-json\/wp\/v2\/media?parent=2812"}],"wp:term":[{"taxonomy":"category","embeddable":true,"href":"https:\/\/www.vitalibera.org\/community\/wp-json\/wp\/v2\/categories?post=2812"},{"taxonomy":"post_tag","embeddable":true,"href":"https:\/\/www.vitalibera.org\/community\/wp-json\/wp\/v2\/tags?post=2812"}],"curies":[{"name":"wp","href":"https:\/\/api.w.org\/{rel}","templated":true}]}}