{"id":2946,"date":"2025-10-12T00:24:52","date_gmt":"2025-10-11T22:24:52","guid":{"rendered":"https:\/\/www.vitalibera.org\/community\/?p=2946"},"modified":"2025-10-12T00:32:37","modified_gmt":"2025-10-11T22:32:37","slug":"pflege-von-hemiplegie","status":"publish","type":"post","link":"https:\/\/www.vitalibera.org\/community\/2025\/10\/12\/pflege-von-hemiplegie\/","title":{"rendered":"Pflege von Hemiplegie"},"content":{"rendered":"\n<h5 class=\"wp-block-heading\">Das Bobath-Konzept hat sich bew\u00e4hrt<\/h5>\n\n\n\n<p>Das Bobath-Konzept, benannt nach seinem &#8220;Erfinder&#8221;, ber\u00fccksichtigt die individuellen M\u00f6glichkeiten&nbsp;eines Patienten und bezieht diese unter Anwendung einiger Prinzipien in die Pflege und Therapie&nbsp;ein. Das Anliegen des Bobath-Konzeptes ist es, das bei einer Hemiplegie (Halbseitenl\u00e4hmung)&nbsp;verlorengegangene Zusammenspiel beider K\u00f6rperh\u00e4lften durch F\u00f6rderung der Sensibilit\u00e4t, Hemmung&nbsp;der Spastizit\u00e4t (Vermehrung des Muskeltonus) und Bahnung von selektiven Bewegungen neu zu&nbsp;organisieren.<br><br><strong>Die wichtigste Regel lautet:&nbsp;<em>F\u00f6rdern durch Fordern und Hilfe zur Selbsthilfe<\/em>.&nbsp;<\/strong><\/p>\n\n\n\n<p>Unbedingt zu vermeiden ist \u00dcberversorgung durch falsch verstandene Hilfsbereitschaft. Kann ein Betroffener\u00a0etwas selbst erledigen, <strong>so mu\u00df er auch Gelegenheit dazu bekommen<\/strong>. Setzt ein Mensch die noch vorhandenen\u00a0F\u00e4higkeiten nicht ein, so sollte nach den Gr\u00fcnden daf\u00fcr gesucht werden. Schlu\u00dffolgerungen wie die, der Patient\u00a0w\u00e4re unmotiviert oder bequem, sind hier fehl am Platz und fachlich und menschlich fragw\u00fcrdig.<br><br>Vielmehr sollte\u00a0bedacht werden, da\u00df dieses Verhalten Ausdruck depressiver Verstimmungen, eines ver\u00e4nderten, herabgesetzten Selbstwertgef\u00fchls oder \u00c4ngstlichkeit sein kann. Genau hier hilft Selbstbest\u00e4tigung durch wiedererlernte,\u00a0beziehungsweise erhaltene Selbst\u00e4ndigkeit. Pflegende, professionelle wie auch pflegende Angeh\u00f6rige neigen dazu,\u00a0den Betroffenen aus falsch verstandener Hilfsbereitschaft oder einfach weil es schneller geht, vieles abzunehmen.\u00a0<\/p>\n\n\n\n<p>Die Konsequenz ist dann aber, da\u00df der Patient abh\u00e4ngig bleibt, nicht motiviert ist, nicht mobilisiert wird. Damit werden&nbsp;seine vorhandenen Ressourcen nicht gef\u00f6rdert und sie verk\u00fcmmern. Das Gegenteil w\u00e4re eine Selbst\u00e4ndigkeit um&nbsp;jeden Preis, die dem Patienten oft mehr schadet als hilft. Oft l\u00e4\u00dft sich beobachten, da\u00df ein Patient, bei dem&nbsp;Fortschritte in einzelnen Handlungen bereits zu verzeichnen sind, einzelne Strategien selbst entwickelt. Diese k\u00f6nnen&nbsp;unter anderem aber zu einer Vermehrung der Spastizit\u00e4t f\u00fchren.&nbsp;<\/p>\n\n\n\n<p><strong>Wichtig ist, da\u00df alle Personen und Berufsgruppen zusammen arbeiten<\/strong><br><br>P\ufb02egeziele, wie Training des Ged\u00e4chtnisses&nbsp;im Alter und die Orientierung oder Bew\u00e4ltigung von Handlungsabl\u00e4ufen im Alltag k\u00f6nnen nur durch multiprofessionelle&nbsp;Teamarbeit von Angeh\u00f6rigen, P\ufb02egenden, Logop\u00e4den, Ergotherapeuten, Sozialstationen und \u00c4rzten erreicht werden. Der dann erzielte Lern- und Entwicklungsproze\u00df ist me\u00dfbar. Nicht me\u00dfbar sind Engagement, Einf\u00fchlungsverm\u00f6gen,&nbsp;menschliche W\u00e4rme und N\u00e4he, die vor allem den Patienten entgegengebracht werden mu\u00df, bei denen Erfolge ausbleiben.&nbsp;<br>&nbsp;<\/p>\n\n\n\n<p>Die allgemeine Zielsetzung einer Rehabilitation ist die maximale Wiederherstellung der Selbst\u00e4ndigkeit und&nbsp;Unabh\u00e4ngigkeit im Bereich der Aktivit\u00e4ten des t\u00e4glichen Lebens (ATL). Voraussetzung ist, da\u00df der Patient von allen&nbsp;Teammitgliedern in seiner Individualit\u00e4t angenommen wird. Da Erfolg die st\u00e4rkste Motivation darstellt, mu\u00df das gesamte Rehabilitationsprogramm darauf abgestellt werden, Erfolge zu sichern. Der <a href=\"https:\/\/www.vitalibera.org\/community\/2026\/04\/19\/wenn-reize-laut-werden-und-menschen-leise\/\">Betroffene<\/a> sollte bis knapp unter&nbsp;seine maximale Leistungsf\u00e4higkeit gefordert werden. Das verbessert sein Leistungsniveau und erh\u00f6ht damit den&nbsp;\u00dcbungserfolg. Dies wiederum wirkt motivierend auf weitere Aktivit\u00e4ten.&nbsp;\u00dcberforderung dagegen \u00e4u\u00dfert sich in ablenkendem, ausweichendem oder sogar aggressivem Verhalten und mu\u00df&nbsp;unbedingt vermieden werden. Denn nichts wirkt demotivierender als st\u00e4ndiger Mi\u00dferfolg.&nbsp;<br>&nbsp;<\/p>\n\n\n\n<p><strong>Gestaltung der Umgebung<\/strong><br>&nbsp;<\/p>\n\n\n\n<p>Die Betreuung von Patienten mit Hemiplegie erfordert eine spezielle Gestaltung der Umgebung. Steht das&nbsp;Patientenbett mit einer Seite an der Wand, ist zu beachten, da\u00df sich dort die bewegliche Seite des Patienten&nbsp;be\ufb01ndet. Bei Betroffenen, die in einem Ehebett liegen, sollte die gel\u00e4hmte K\u00f6rperseite an der Au\u00dfenseite des Bettes liegen. Der Nachttisch steht demzufolge auf der behinderten K\u00f6rperseite. So kann der Patient mit der&nbsp;gesunden Hand \u00fcber seine K\u00f6rpermittellinie ben\u00f6tigte Gegenst\u00e4nde selbst ergreifen. Besucher und Angeh\u00f6rige&nbsp;sitzen immer auf der gesunden Seite. So ist es dem Kranken m\u00f6glich, ihnen den Kopf zuzuwenden und Blickkontakt&nbsp;herzustellen. Fernseher, Radio und Telefon stehen auf der betroffenen Seite. Motivation zu richtigen Bewegungen und&nbsp;zur Stimulation der gel\u00e4hmten Seite erfordert, da\u00df alle Pfleget\u00e4tigkeiten, Handlungen und jede Gespr\u00e4chsf\u00fchrung von dort aus erfolgen.&nbsp;<\/p>\n\n\n\n<p>Das Essen kann anfangs vor dem Spiegel erfolgen. So kann der Betroffene sich selbst beobachten und somit das&nbsp;Geschehen besser koordinieren. Hemiplegiker neigen zu st\u00e4rkeren Schwei\u00dfabsonderungen und sollten deshalb luftdurchl\u00e4ssige Kleidung aus Naturmaterialien tragen. Die Kleidung sollte sich leicht \u00f6ffnen, schlie\u00dfen und&nbsp;somit ohne Umst\u00e4nde an- und ausziehen lassen. Das erm\u00f6glicht ihm eine weitgehend selbst\u00e4ndige Ausf\u00fchrung&nbsp;dieser Handlung. Hilfsmittel erm\u00f6glichen das selbst\u00e4ndige Kn\u00f6pfen.<\/p>\n\n\n\n<p>Bewegungs\u00fcbungen nach Bobath sollten zur Standardp\ufb02ege geh\u00f6ren. Regelm\u00e4\u00dfige rhythmische Gymnastik\u00a0regt nach kurzer passiver Bewegungs\u00fcbung aktivierend dazu an, im Sitzen das Gleichgewicht zu halten, sich an\u00a0den Bettrand zu setzen, aufzustehen und mit Unterst\u00fctzung auf der gel\u00e4hmten Seite und sp\u00e4ter mit Gehhilfen ganz\u00a0allein zu gehen. Feinmotorische \u00dcbungen erhalten die Geschicklichkeit in den Aktivit\u00e4ten des t\u00e4glichen Lebens.\u00a0<br><br><strong>Der Patient setzt das Ma\u00df, nicht die P\ufb02egenden<\/strong>!\u00a0<\/p>\n\n\n\n<p>F\u00fcr die Umgebung sind Sicherheitsvorkehrungen wie Haltegriffe oder rutschfeste Teppiche (Teppiche sind besser zu&nbsp;vermeiden), sichere Lifter usw. wichtig, um das Selbstvertrauen im Stehen und Gehen wiederherzustellen. Gewohnheiten des Patienten sollten, solange sie nicht als gesundheitssch\u00e4digend einzustufen sind, beibehalten&nbsp;werden.<\/p>\n\n\n\n<p>Verst\u00e4ndnis f\u00fcr die ver\u00e4nderte Situation ist besonders n\u00f6tig. Der Betroffene m\u00f6chte sprechen, vermag es aber nicht. Er versteht kaum oder gar nicht, was man ihm sagt und kann Antworten nicht oder nur unklar ausdr\u00fccken. Hier ist es&nbsp;angebracht, Fragen und S\u00e4tze so knapp wie m\u00f6glich zu formulieren, so da\u00df der Patient mit Ja oder Nein antworten&nbsp;kann. Bei falschen Antworten sollten Sie nicht l\u00e4cheln oder auf das Unkorrekte der Antwort hinweisen, sondern das&nbsp;Gesagte nochmals einfacher formulieren.<\/p>\n\n\n\n<p>Nach M\u00f6glichkeit sollten alte oder neue Interessen geweckt beziehungsweise erhalten werden. Das beugt einer&nbsp;Resignation vor. Hierbei sind Angeh\u00f6rige besonders gefordert.&nbsp;Das Konzept von Bobath beinhaltet spezielle Techniken zur Lagerung und zum Transfer eines Hemiplegikers.&nbsp;Diese k\u00f6nnen Angeh\u00f6rige von P\ufb02egepersonen oder einer Krankengymnastin erlernen.<\/p>\n\n\n\n<p><strong>Das P\ufb02egetagebuch\u00a0<\/strong><br>Wenn Sie einen Angeh\u00f6rigen p\ufb02egen, ist es von Bedeutung, diese Leistungen zu dokumentieren. Der Umfang der\u00a0P\ufb02egebed\u00fcrftigkeit wird bei einem Hausbesuch von einem Gutachter des Medizinischen Dienstes der\u00a0Krankenversicherung festgestellt. Dazu ist es notwendig, da\u00df der Umfang der erbrachten P\ufb02egeleistungen\u00a0aufgezeigt werden kann. Pflege ist eine sehr vielf\u00e4ltige umfangreiche T\u00e4tigkeit, deren Einzelleistungen im\u00a0Nachhinein nur schwer wiederzugeben sind. Jede Krankenkasse h\u00e4lt dazu vorgefertigte P\ufb02egetageb\u00fccher\u00a0bereit, die den f\u00fcr die Dokumentation relevanten strukturellen Rahmen vorgeben, so da\u00df nichts vergessen werden kann.<\/p>\n","protected":false},"excerpt":{"rendered":"<p>Das Bobath-Konzept hat sich bew\u00e4hrt Das Bobath-Konzept, benannt nach seinem &#8220;Erfinder&#8221;, ber\u00fccksichtigt die individuellen M\u00f6glichkeiten&nbsp;eines Patienten und bezieht diese unter Anwendung einiger Prinzipien in die Pflege und Therapie&nbsp;ein. Das Anliegen des Bobath-Konzeptes ist es, das bei einer Hemiplegie (Halbseitenl\u00e4hmung)&nbsp;verlorengegangene Zusammenspiel beider K\u00f6rperh\u00e4lften durch F\u00f6rderung der Sensibilit\u00e4t, Hemmung&nbsp;der Spastizit\u00e4t (Vermehrung des Muskeltonus) und Bahnung von selektiven &#8230; <a title=\"Pflege von Hemiplegie\" class=\"read-more\" href=\"https:\/\/www.vitalibera.org\/community\/2025\/10\/12\/pflege-von-hemiplegie\/\" aria-label=\"Mehr Informationen \u00fcber Pflege von Hemiplegie\">Weiterlesen<\/a><\/p>\n","protected":false},"author":1,"featured_media":2948,"comment_status":"closed","ping_status":"open","sticky":false,"template":"","format":"standard","meta":{"cybocfi_hide_featured_image":"yes","_jetpack_memberships_contains_paid_content":false,"footnotes":""},"categories":[225,43],"tags":[],"class_list":["post-2946","post","type-post","status-publish","format-standard","has-post-thumbnail","hentry","category-hilfe-fuer-angehoerige","category-pflege"],"yoast_head":"<!-- This site is optimized with the Yoast SEO plugin v27.4 - https:\/\/yoast.com\/product\/yoast-seo-wordpress\/ -->\r\n<title>Pflege von Hemiplegie - vitalibera.org<\/title>\r\n<meta name=\"robots\" content=\"index, follow, max-snippet:-1, max-image-preview:large, max-video-preview:-1\" \/>\r\n<link rel=\"canonical\" href=\"https:\/\/www.vitalibera.org\/community\/2025\/10\/12\/pflege-von-hemiplegie\/\" \/>\r\n<meta property=\"og:locale\" content=\"de_DE\" \/>\r\n<meta property=\"og:type\" content=\"article\" \/>\r\n<meta property=\"og:title\" content=\"Pflege von Hemiplegie - vitalibera.org\" \/>\r\n<meta property=\"og:description\" content=\"Das Bobath-Konzept hat sich bew\u00e4hrt Das Bobath-Konzept, benannt nach seinem &#8220;Erfinder&#8221;, ber\u00fccksichtigt die individuellen M\u00f6glichkeiten&nbsp;eines Patienten und bezieht diese unter Anwendung einiger Prinzipien in die Pflege und Therapie&nbsp;ein. Das Anliegen des Bobath-Konzeptes ist es, das bei einer Hemiplegie (Halbseitenl\u00e4hmung)&nbsp;verlorengegangene Zusammenspiel beider K\u00f6rperh\u00e4lften durch F\u00f6rderung der Sensibilit\u00e4t, Hemmung&nbsp;der Spastizit\u00e4t (Vermehrung des Muskeltonus) und Bahnung von selektiven ... Weiterlesen\" \/>\r\n<meta property=\"og:url\" content=\"https:\/\/www.vitalibera.org\/community\/2025\/10\/12\/pflege-von-hemiplegie\/\" \/>\r\n<meta property=\"og:site_name\" content=\"vitalibera.org\" \/>\r\n<meta property=\"article:publisher\" content=\"https:\/\/www.facebook.com\/groups\/2997085857140235\" \/>\r\n<meta property=\"article:published_time\" content=\"2025-10-11T22:24:52+00:00\" \/>\r\n<meta property=\"article:modified_time\" content=\"2025-10-11T22:32:37+00:00\" \/>\r\n<meta property=\"og:image\" content=\"https:\/\/www.vitalibera.org\/community\/wp-content\/uploads\/2025\/10\/lagerung-hemiplegie-betr-seite-unten-4-von-4.jpg\" \/>\r\n\t<meta property=\"og:image:width\" content=\"699\" \/>\r\n\t<meta property=\"og:image:height\" content=\"400\" \/>\r\n\t<meta property=\"og:image:type\" content=\"image\/jpeg\" \/>\r\n<meta name=\"author\" content=\"admin\" \/>\r\n<meta name=\"twitter:card\" content=\"summary_large_image\" \/>\r\n<meta name=\"twitter:label1\" content=\"Verfasst von\" \/>\n\t<meta name=\"twitter:data1\" content=\"admin\" \/>\n\t<meta name=\"twitter:label2\" content=\"Gesch\u00e4tzte Lesezeit\" \/>\n\t<meta name=\"twitter:data2\" content=\"6\u00a0Minuten\" \/>\r\n<script type=\"application\/ld+json\" class=\"yoast-schema-graph\">{\"@context\":\"https:\\\/\\\/schema.org\",\"@graph\":[{\"@type\":\"Article\",\"@id\":\"https:\\\/\\\/www.vitalibera.org\\\/community\\\/2025\\\/10\\\/12\\\/pflege-von-hemiplegie\\\/#article\",\"isPartOf\":{\"@id\":\"https:\\\/\\\/www.vitalibera.org\\\/community\\\/2025\\\/10\\\/12\\\/pflege-von-hemiplegie\\\/\"},\"author\":{\"name\":\"admin\",\"@id\":\"https:\\\/\\\/www.vitalibera.org\\\/community\\\/#\\\/schema\\\/person\\\/c535fa8d561f7f8ca425ced40d87e582\"},\"headline\":\"Pflege von Hemiplegie\",\"datePublished\":\"2025-10-11T22:24:52+00:00\",\"dateModified\":\"2025-10-11T22:32:37+00:00\",\"mainEntityOfPage\":{\"@id\":\"https:\\\/\\\/www.vitalibera.org\\\/community\\\/2025\\\/10\\\/12\\\/pflege-von-hemiplegie\\\/\"},\"wordCount\":1091,\"publisher\":{\"@id\":\"https:\\\/\\\/www.vitalibera.org\\\/community\\\/#organization\"},\"image\":{\"@id\":\"https:\\\/\\\/www.vitalibera.org\\\/community\\\/2025\\\/10\\\/12\\\/pflege-von-hemiplegie\\\/#primaryimage\"},\"thumbnailUrl\":\"https:\\\/\\\/www.vitalibera.org\\\/community\\\/wp-content\\\/uploads\\\/2025\\\/10\\\/lagerung-hemiplegie-betr-seite-unten-4-von-4.jpg\",\"articleSection\":[\"Hilfe f\u00fcr Angeh\u00f6rige\",\"Pflege\"],\"inLanguage\":\"de\"},{\"@type\":\"WebPage\",\"@id\":\"https:\\\/\\\/www.vitalibera.org\\\/community\\\/2025\\\/10\\\/12\\\/pflege-von-hemiplegie\\\/\",\"url\":\"https:\\\/\\\/www.vitalibera.org\\\/community\\\/2025\\\/10\\\/12\\\/pflege-von-hemiplegie\\\/\",\"name\":\"Pflege von Hemiplegie - vitalibera.org\",\"isPartOf\":{\"@id\":\"https:\\\/\\\/www.vitalibera.org\\\/community\\\/#website\"},\"primaryImageOfPage\":{\"@id\":\"https:\\\/\\\/www.vitalibera.org\\\/community\\\/2025\\\/10\\\/12\\\/pflege-von-hemiplegie\\\/#primaryimage\"},\"image\":{\"@id\":\"https:\\\/\\\/www.vitalibera.org\\\/community\\\/2025\\\/10\\\/12\\\/pflege-von-hemiplegie\\\/#primaryimage\"},\"thumbnailUrl\":\"https:\\\/\\\/www.vitalibera.org\\\/community\\\/wp-content\\\/uploads\\\/2025\\\/10\\\/lagerung-hemiplegie-betr-seite-unten-4-von-4.jpg\",\"datePublished\":\"2025-10-11T22:24:52+00:00\",\"dateModified\":\"2025-10-11T22:32:37+00:00\",\"breadcrumb\":{\"@id\":\"https:\\\/\\\/www.vitalibera.org\\\/community\\\/2025\\\/10\\\/12\\\/pflege-von-hemiplegie\\\/#breadcrumb\"},\"inLanguage\":\"de\",\"potentialAction\":[{\"@type\":\"ReadAction\",\"target\":[\"https:\\\/\\\/www.vitalibera.org\\\/community\\\/2025\\\/10\\\/12\\\/pflege-von-hemiplegie\\\/\"]}]},{\"@type\":\"BreadcrumbList\",\"@id\":\"https:\\\/\\\/www.vitalibera.org\\\/community\\\/2025\\\/10\\\/12\\\/pflege-von-hemiplegie\\\/#breadcrumb\",\"itemListElement\":[{\"@type\":\"ListItem\",\"position\":1,\"name\":\"Startseite\",\"item\":\"https:\\\/\\\/www.vitalibera.org\\\/community\\\/\"},{\"@type\":\"ListItem\",\"position\":2,\"name\":\"Pflege von Hemiplegie\"}]},{\"@type\":\"WebSite\",\"@id\":\"https:\\\/\\\/www.vitalibera.org\\\/community\\\/#website\",\"url\":\"https:\\\/\\\/www.vitalibera.org\\\/community\\\/\",\"name\":\"vitalibera.org\",\"description\":\"Mit einer Einschr&auml;nkung gestaltet sich das Leben im Alltag oft schwieriger - hier berichten wir &uuml;ber unsere Erfahrungen und Hilfsmittel um den Alltag so unbeschwert und unkompliziert wie nur m&ouml;glich geniessen zu k&ouml;nnen. Dabei richten wir unseren Fokus gezielt auf Selbst&auml;ndigkeit, Eigenst&auml;ndigkeit und Selbstbestimmung.\",\"publisher\":{\"@id\":\"https:\\\/\\\/www.vitalibera.org\\\/community\\\/#organization\"},\"potentialAction\":[{\"@type\":\"SearchAction\",\"target\":{\"@type\":\"EntryPoint\",\"urlTemplate\":\"https:\\\/\\\/www.vitalibera.org\\\/community\\\/?s={search_term_string}\"},\"query-input\":{\"@type\":\"PropertyValueSpecification\",\"valueRequired\":true,\"valueName\":\"search_term_string\"}}],\"inLanguage\":\"de\"},{\"@type\":\"Organization\",\"@id\":\"https:\\\/\\\/www.vitalibera.org\\\/community\\\/#organization\",\"name\":\"vitalibera.org\",\"url\":\"https:\\\/\\\/www.vitalibera.org\\\/community\\\/\",\"logo\":{\"@type\":\"ImageObject\",\"inLanguage\":\"de\",\"@id\":\"https:\\\/\\\/www.vitalibera.org\\\/community\\\/#\\\/schema\\\/logo\\\/image\\\/\",\"url\":\"https:\\\/\\\/www.vitalibera.org\\\/community\\\/wp-content\\\/uploads\\\/2025\\\/09\\\/cropped-banner.png\",\"contentUrl\":\"https:\\\/\\\/www.vitalibera.org\\\/community\\\/wp-content\\\/uploads\\\/2025\\\/09\\\/cropped-banner.png\",\"width\":991,\"height\":150,\"caption\":\"vitalibera.org\"},\"image\":{\"@id\":\"https:\\\/\\\/www.vitalibera.org\\\/community\\\/#\\\/schema\\\/logo\\\/image\\\/\"},\"sameAs\":[\"https:\\\/\\\/www.facebook.com\\\/groups\\\/2997085857140235\"]},{\"@type\":\"Person\",\"@id\":\"https:\\\/\\\/www.vitalibera.org\\\/community\\\/#\\\/schema\\\/person\\\/c535fa8d561f7f8ca425ced40d87e582\",\"name\":\"admin\",\"image\":{\"@type\":\"ImageObject\",\"inLanguage\":\"de\",\"@id\":\"https:\\\/\\\/secure.gravatar.com\\\/avatar\\\/ad516503a11cd5ca435acc9bb6523536?s=96\",\"url\":\"https:\\\/\\\/secure.gravatar.com\\\/avatar\\\/ad516503a11cd5ca435acc9bb6523536?s=96\",\"contentUrl\":\"https:\\\/\\\/secure.gravatar.com\\\/avatar\\\/ad516503a11cd5ca435acc9bb6523536?s=96\",\"caption\":\"admin\"},\"description\":\"admin\",\"sameAs\":[\"http:\\\/\\\/www.vitalibera.org\\\/community\"],\"url\":\"https:\\\/\\\/www.vitalibera.org\\\/community\\\/author\\\/admin\\\/\"}]}<\/script>\r\n<!-- \/ Yoast SEO plugin. -->","yoast_head_json":{"title":"Pflege von Hemiplegie - vitalibera.org","robots":{"index":"index","follow":"follow","max-snippet":"max-snippet:-1","max-image-preview":"max-image-preview:large","max-video-preview":"max-video-preview:-1"},"canonical":"https:\/\/www.vitalibera.org\/community\/2025\/10\/12\/pflege-von-hemiplegie\/","og_locale":"de_DE","og_type":"article","og_title":"Pflege von Hemiplegie - vitalibera.org","og_description":"Das Bobath-Konzept hat sich bew\u00e4hrt Das Bobath-Konzept, benannt nach seinem &#8220;Erfinder&#8221;, ber\u00fccksichtigt die individuellen M\u00f6glichkeiten&nbsp;eines Patienten und bezieht diese unter Anwendung einiger Prinzipien in die Pflege und Therapie&nbsp;ein. Das Anliegen des Bobath-Konzeptes ist es, das bei einer Hemiplegie (Halbseitenl\u00e4hmung)&nbsp;verlorengegangene Zusammenspiel beider K\u00f6rperh\u00e4lften durch F\u00f6rderung der Sensibilit\u00e4t, Hemmung&nbsp;der Spastizit\u00e4t (Vermehrung des Muskeltonus) und Bahnung von selektiven ... Weiterlesen","og_url":"https:\/\/www.vitalibera.org\/community\/2025\/10\/12\/pflege-von-hemiplegie\/","og_site_name":"vitalibera.org","article_publisher":"https:\/\/www.facebook.com\/groups\/2997085857140235","article_published_time":"2025-10-11T22:24:52+00:00","article_modified_time":"2025-10-11T22:32:37+00:00","og_image":[{"width":699,"height":400,"url":"https:\/\/www.vitalibera.org\/community\/wp-content\/uploads\/2025\/10\/lagerung-hemiplegie-betr-seite-unten-4-von-4.jpg","type":"image\/jpeg"}],"author":"admin","twitter_card":"summary_large_image","twitter_misc":{"Verfasst von":"admin","Gesch\u00e4tzte Lesezeit":"6\u00a0Minuten"},"schema":{"@context":"https:\/\/schema.org","@graph":[{"@type":"Article","@id":"https:\/\/www.vitalibera.org\/community\/2025\/10\/12\/pflege-von-hemiplegie\/#article","isPartOf":{"@id":"https:\/\/www.vitalibera.org\/community\/2025\/10\/12\/pflege-von-hemiplegie\/"},"author":{"name":"admin","@id":"https:\/\/www.vitalibera.org\/community\/#\/schema\/person\/c535fa8d561f7f8ca425ced40d87e582"},"headline":"Pflege von Hemiplegie","datePublished":"2025-10-11T22:24:52+00:00","dateModified":"2025-10-11T22:32:37+00:00","mainEntityOfPage":{"@id":"https:\/\/www.vitalibera.org\/community\/2025\/10\/12\/pflege-von-hemiplegie\/"},"wordCount":1091,"publisher":{"@id":"https:\/\/www.vitalibera.org\/community\/#organization"},"image":{"@id":"https:\/\/www.vitalibera.org\/community\/2025\/10\/12\/pflege-von-hemiplegie\/#primaryimage"},"thumbnailUrl":"https:\/\/www.vitalibera.org\/community\/wp-content\/uploads\/2025\/10\/lagerung-hemiplegie-betr-seite-unten-4-von-4.jpg","articleSection":["Hilfe f\u00fcr Angeh\u00f6rige","Pflege"],"inLanguage":"de"},{"@type":"WebPage","@id":"https:\/\/www.vitalibera.org\/community\/2025\/10\/12\/pflege-von-hemiplegie\/","url":"https:\/\/www.vitalibera.org\/community\/2025\/10\/12\/pflege-von-hemiplegie\/","name":"Pflege von Hemiplegie - vitalibera.org","isPartOf":{"@id":"https:\/\/www.vitalibera.org\/community\/#website"},"primaryImageOfPage":{"@id":"https:\/\/www.vitalibera.org\/community\/2025\/10\/12\/pflege-von-hemiplegie\/#primaryimage"},"image":{"@id":"https:\/\/www.vitalibera.org\/community\/2025\/10\/12\/pflege-von-hemiplegie\/#primaryimage"},"thumbnailUrl":"https:\/\/www.vitalibera.org\/community\/wp-content\/uploads\/2025\/10\/lagerung-hemiplegie-betr-seite-unten-4-von-4.jpg","datePublished":"2025-10-11T22:24:52+00:00","dateModified":"2025-10-11T22:32:37+00:00","breadcrumb":{"@id":"https:\/\/www.vitalibera.org\/community\/2025\/10\/12\/pflege-von-hemiplegie\/#breadcrumb"},"inLanguage":"de","potentialAction":[{"@type":"ReadAction","target":["https:\/\/www.vitalibera.org\/community\/2025\/10\/12\/pflege-von-hemiplegie\/"]}]},{"@type":"BreadcrumbList","@id":"https:\/\/www.vitalibera.org\/community\/2025\/10\/12\/pflege-von-hemiplegie\/#breadcrumb","itemListElement":[{"@type":"ListItem","position":1,"name":"Startseite","item":"https:\/\/www.vitalibera.org\/community\/"},{"@type":"ListItem","position":2,"name":"Pflege von Hemiplegie"}]},{"@type":"WebSite","@id":"https:\/\/www.vitalibera.org\/community\/#website","url":"https:\/\/www.vitalibera.org\/community\/","name":"vitalibera.org","description":"Mit einer Einschr&auml;nkung gestaltet sich das Leben im Alltag oft schwieriger - hier berichten wir &uuml;ber unsere Erfahrungen und Hilfsmittel um den Alltag so unbeschwert und unkompliziert wie nur m&ouml;glich geniessen zu k&ouml;nnen. Dabei richten wir unseren Fokus gezielt auf Selbst&auml;ndigkeit, Eigenst&auml;ndigkeit und Selbstbestimmung.","publisher":{"@id":"https:\/\/www.vitalibera.org\/community\/#organization"},"potentialAction":[{"@type":"SearchAction","target":{"@type":"EntryPoint","urlTemplate":"https:\/\/www.vitalibera.org\/community\/?s={search_term_string}"},"query-input":{"@type":"PropertyValueSpecification","valueRequired":true,"valueName":"search_term_string"}}],"inLanguage":"de"},{"@type":"Organization","@id":"https:\/\/www.vitalibera.org\/community\/#organization","name":"vitalibera.org","url":"https:\/\/www.vitalibera.org\/community\/","logo":{"@type":"ImageObject","inLanguage":"de","@id":"https:\/\/www.vitalibera.org\/community\/#\/schema\/logo\/image\/","url":"https:\/\/www.vitalibera.org\/community\/wp-content\/uploads\/2025\/09\/cropped-banner.png","contentUrl":"https:\/\/www.vitalibera.org\/community\/wp-content\/uploads\/2025\/09\/cropped-banner.png","width":991,"height":150,"caption":"vitalibera.org"},"image":{"@id":"https:\/\/www.vitalibera.org\/community\/#\/schema\/logo\/image\/"},"sameAs":["https:\/\/www.facebook.com\/groups\/2997085857140235"]},{"@type":"Person","@id":"https:\/\/www.vitalibera.org\/community\/#\/schema\/person\/c535fa8d561f7f8ca425ced40d87e582","name":"admin","image":{"@type":"ImageObject","inLanguage":"de","@id":"https:\/\/secure.gravatar.com\/avatar\/ad516503a11cd5ca435acc9bb6523536?s=96","url":"https:\/\/secure.gravatar.com\/avatar\/ad516503a11cd5ca435acc9bb6523536?s=96","contentUrl":"https:\/\/secure.gravatar.com\/avatar\/ad516503a11cd5ca435acc9bb6523536?s=96","caption":"admin"},"description":"admin","sameAs":["http:\/\/www.vitalibera.org\/community"],"url":"https:\/\/www.vitalibera.org\/community\/author\/admin\/"}]}},"jetpack_featured_media_url":"https:\/\/www.vitalibera.org\/community\/wp-content\/uploads\/2025\/10\/lagerung-hemiplegie-betr-seite-unten-4-von-4.jpg","jetpack_sharing_enabled":true,"jetpack-related-posts":[],"_links":{"self":[{"href":"https:\/\/www.vitalibera.org\/community\/wp-json\/wp\/v2\/posts\/2946","targetHints":{"allow":["GET"]}}],"collection":[{"href":"https:\/\/www.vitalibera.org\/community\/wp-json\/wp\/v2\/posts"}],"about":[{"href":"https:\/\/www.vitalibera.org\/community\/wp-json\/wp\/v2\/types\/post"}],"author":[{"embeddable":true,"href":"https:\/\/www.vitalibera.org\/community\/wp-json\/wp\/v2\/users\/1"}],"replies":[{"embeddable":true,"href":"https:\/\/www.vitalibera.org\/community\/wp-json\/wp\/v2\/comments?post=2946"}],"version-history":[{"count":0,"href":"https:\/\/www.vitalibera.org\/community\/wp-json\/wp\/v2\/posts\/2946\/revisions"}],"wp:featuredmedia":[{"embeddable":true,"href":"https:\/\/www.vitalibera.org\/community\/wp-json\/wp\/v2\/media\/2948"}],"wp:attachment":[{"href":"https:\/\/www.vitalibera.org\/community\/wp-json\/wp\/v2\/media?parent=2946"}],"wp:term":[{"taxonomy":"category","embeddable":true,"href":"https:\/\/www.vitalibera.org\/community\/wp-json\/wp\/v2\/categories?post=2946"},{"taxonomy":"post_tag","embeddable":true,"href":"https:\/\/www.vitalibera.org\/community\/wp-json\/wp\/v2\/tags?post=2946"}],"curies":[{"name":"wp","href":"https:\/\/api.w.org\/{rel}","templated":true}]}}