{"id":2971,"date":"2025-10-12T13:25:41","date_gmt":"2025-10-12T11:25:41","guid":{"rendered":"https:\/\/www.vitalibera.org\/community\/?p=2971"},"modified":"2025-10-12T13:25:46","modified_gmt":"2025-10-12T11:25:46","slug":"wohnen-mit-handicap","status":"publish","type":"post","link":"https:\/\/www.vitalibera.org\/community\/2025\/10\/12\/wohnen-mit-handicap\/","title":{"rendered":"Wohnen mit Handicap"},"content":{"rendered":"\n<p>Das Wohnen mit Behinderung stellt besondere Anforderungen an die Wohnsituation und kann entsprechend der pers&ouml;nlichen Gegebenheiten unterschiedlich geartet sein. Je nach Grad der Behinderung und pers&ouml;nlicher Pr&auml;ferenz gibt es viele M&ouml;glichkeiten, durch die Menschen mit Behinderung Selbstst&auml;ndigkeit, aber auch Unterst&uuml;tzung und Betreuung erhalten.<\/p>\n\n\n\n<p>Viele m&ouml;chten, wenn m&ouml;glich, gern in den eigenen vier W&auml;nden leben. Daf&uuml;r ist eine barrierefrei eingerichtete beziehungsweise&nbsp;<strong>behindertengerechte Wohnung&nbsp;<\/strong>notwendig. Erst Barrierefreiheit erm&ouml;glicht es Menschen mit physischem Handicap, den Alltag innerhalb der eigenen Wohnung weitgehend selbstst&auml;ndig zu bew&auml;ltigen.<\/p>\n\n\n\n<p>Im Folgenden sollen verschiedene M&ouml;glichkeiten vorgestellt werden, wie Menschen mit physischen Behinderungen selbstst&auml;ndig wohnen und leben k&ouml;nnen. Es geht um bauseitige Ma&szlig;nahmen sowie um alternative Wohnformen des behindertengerechten Wohnens, wie beispielsweise die Kombination aus barrierefreiem Wohnen und Hilfe von ambulanten Diensten. Viele Angebote von Kommunen und sozialen Tr&auml;gern erm&ouml;glichen ein weitgehend selbstbestimmtes Wohnen und barrierefreies Leben.<\/p>\n\n\n\n<p>Wohnformen und M&ouml;glichkeiten zum Wohnen mit Behinderung<\/p>\n\n\n\n<p>Im Wesentlichen werden zwei Wohnformen voneinander unterschieden:&nbsp;<strong>ambulant betreutes und station&auml;res Wohnen<\/strong>. Menschen mit Behinderung, die in ihrer eigenen Wohnung leben, sind oft auf Unterst&uuml;tzung angewiesen. H&auml;ufig werden Sie von Familienmitgliedern oder Freunden oder von einem&nbsp;<strong>ambulanten Pflegediens<\/strong>t betreut.&nbsp;Eine weitere Form des behindertengerechten Wohnens bieten&nbsp;<strong>Wohngruppen.<\/strong>&nbsp;<\/p>\n\n\n\n<p>Wohngruppen sind vor allem f&uuml;r relativ selbstst&auml;ndige Menschen mit Behinderung sehr interessant. Alle R&auml;umlichkeiten sind dabei barrierefrei konzipiert.<\/p>\n\n\n\n<p>In einem&nbsp;<strong>Wohnheim<\/strong>&nbsp;steht den Bewohnenden stets geschultes Fachpersonal zur Verf&uuml;gung, was dies zu einer guten Wohnform f&uuml;r Menschen mit h&ouml;herem Unterst&uuml;tzungsbedarf macht. Die Betreuung in einem Pflegeheim richtet sich an Menschen, die auf&nbsp;<strong>intensive Pflege<\/strong>&nbsp;angewiesen sind. Hier handelt es sich um eine station&auml;re Wohnform.<\/p>\n\n\n\n<h3 class=\"wp-block-heading\">Wohnf&ouml;rderungen f&uuml;r Menschen mit Behinderungen<\/h3>\n\n\n\n<p>F&uuml;r Menschen mit Behinderung, die in der eigenen Wohnung leben m&ouml;chten, ist es nicht immer leicht, den Alltag selbstst&auml;ndig zu bew&auml;ltigen. Aus diesem Grund gibt es Eingliederungshilfen, um durch inklusive Strukturen ein selbstbestimmtes Leben zu f&ouml;rdern und die Teilhabe an der Gesellschaft zu erm&ouml;glichen.<\/p>\n\n\n\n<p>Menschen mit Behinderung stehen&nbsp;<strong>finanzielle Wohnhilfen<\/strong>&nbsp;(Leistungen aus der Eingliederungshilfe) zu. Dazu geh&ouml;ren:<\/p>\n\n\n\n<p><strong>Teilhabeleistungen (soziale Wohnraumf&ouml;rderung und Wohnberechtigungsschein)<\/strong><strong>:<\/strong>&nbsp;F&uuml;r Behinderte gibt es F&ouml;rdermittel (Zusch&uuml;sse, Darlehen, B&uuml;rgschaften) der&nbsp;<strong>sozialen&nbsp;Wohnraumf&ouml;rderung<\/strong>&nbsp;f&uuml;r selbstgenutztes Wohneigentum sowie den&nbsp;<strong>Wohnberechtigungsschein<\/strong>. Zust&auml;ndig sind die L&auml;nder. Die Wohnraumf&ouml;rderung hat das Ziel, bezahlbare Mietwohnungen zu schaffen, selbst genutzten Wohnraum zu finanzieren und die Modernisierung von Altbauten und den Umbau von Wohnungen f&uuml;r behinderte Menschen zu f&ouml;rdern. Der Wohnberechtigungsschein wird Menschen mit geringem Einkommen ausgestellt.<\/p>\n\n\n\n<p><strong>Wohngeld:<\/strong>&nbsp;Schwerbehinderte Mietende oder Wohnungsinhabende mit geringem Einkommen haben Anspruch auf Wohngeld. Der Anspruch ist von der Zahl der Haushaltsmitglieder, dem anrechenbaren Einkommen und der H&ouml;he der Miete\/Belastung abh&auml;ngig. Zust&auml;ndig sind die Wohngeldstellen der Gemeinde- und Stadtverwaltungen.<\/p>\n\n\n\n<p><strong>Darlehen:<\/strong>&nbsp;Schwerbehinderte k&ouml;nnen f&uuml;r Bauma&szlig;nahmen im Zusammenhang mit der Neuanschaffung, dem Erwerb oder der Nachr&uuml;stung von Eigenheimen, selbst genutzten Eigentumswohnungen oder Mietwohnungen Darlehen beantragen.<\/p>\n\n\n\n<h2 class=\"wp-block-heading\">Behindertengerechte Wohnungen finden<\/h2>\n\n\n\n<p>Die Lage auf dem deutschen Immobilienmarkt bez&uuml;glich behindertengerechter Wohnungen ist schwierig, denn der&nbsp;<strong>Bedarf ist hier weit h&ouml;her als das Angebot<\/strong>. Erschwerend kommt hinzu, dass barrierefreier Wohnraum teuer ist und Menschen mit Behinderung mehrheitlich unterdurchschnittlich verdienen. All diese Faktoren erkl&auml;ren, warum Menschen mit Behinderung teilweise jahrelang auf Wohnungssuche sind. Angesichts des&nbsp;<strong>demografischen Wandels<\/strong>&nbsp;wird der Bedarf an barrierefreien und behindertengerechten Wohnungen weiter ansteigen.<\/p>\n\n\n\n<h3 class=\"wp-block-heading\">Anlaufstellen, die bei der Suche nach behindertengerechten Wohnungen helfen<\/h3>\n\n\n\n<p>Behindertengerechten Wohnraum zu finden ist nicht einfach. F&uuml;r die Unterst&uuml;tzung bei der Suche ist die jeweilige&nbsp;<strong>Stadtverwaltung<\/strong>&nbsp;die erste Anlaufstelle. Die Kommunen bieten umfangreiche Beratungsangebote und vermitteln auch &uuml;ber innerst&auml;dtische Bauvereine behindertengerechte Wohnungen. In der Regel unterst&uuml;tzen die St&auml;dte schnell und flexibel, wobei der Schwerpunkt auf der Versorgung mit &ouml;ffentlich gef&ouml;rdertem Wohnraum liegt. Zust&auml;ndige Ansprechpartner f&uuml;r behindertengerechtes Wohnen finden Sie beim Amt f&uuml;r Wohnungswesen bzw. beim st&auml;dtischen Bauverein.<\/p>\n\n\n\n<p>In vielen St&auml;dten, Kommunen und Gemeinden helfen&nbsp;<strong>Wohnberatungsstellen<\/strong>&nbsp;Ihnen bei der Suche. Eine weitere Anlaufstelle sind&nbsp;<strong>Seniorenb&uuml;ros<\/strong>. Beide Beratungsstellen informieren Sie umfassend zu Ihren M&ouml;glichkeiten, auch hinsichtlich des barrierefreien Umbaus einer Immobilie. Auf Wunsch kann eine Beratung auch bei Ihnen zu Hause stattfinden &ndash; kontaktieren Sie zur Vereinbarung eines entsprechenden Termins fr&uuml;hzeitig die Beratungsstelle.<\/p>\n\n\n\n<h3 class=\"wp-block-heading\">Weitere Tipps zur Suche nach behindertengerechten Wohnungen<\/h3>\n\n\n\n<p>Wenn die n&auml;chste Senioren- oder Wohnberatungsstelle weit entfernt liegt, k&ouml;nnen Sie sich auch an Wohlfahrtsverb&auml;nde oder Pflegedienste wenden, die ebenfalls Beratungen zum behindertengerechten Wohnen durchf&uuml;hren.<\/p>\n\n\n\n<p><strong>Sozialverb&auml;nde<\/strong>&nbsp;wie die<strong>&nbsp;Caritas, Diakonie oder die Arbeiterwohlfahrt<\/strong>&nbsp;beraten und vermitteln behindertengerechten Wohnungen.&nbsp;<\/p>\n\n\n\n<p>Auch die&nbsp;<strong>Verbraucherzentralen<\/strong>&nbsp;beraten Wohnungssuchende zum Thema behindertengerechtes Wohnen. Ein weiterer regionaler Ansprechpartner ist Ihre&nbsp;<strong>&ouml;rtliche Wohnbaugesellschaft<\/strong>. Sie f&uuml;hrt eine Kartei mit behindertengerechten Wohnungen und H&auml;usern und vermittelt Kontakte zu Immobilieneigent&uuml;mern oder auf behindertengerechtes Wohnen spezialisierten Organisationen.<\/p>\n\n\n\n<p>Um Ihnen die Wohnungssuche im Internet zu erleichtern, haben die gro&szlig;en&nbsp;<strong>Online-Immobilienb&ouml;rsen<\/strong>&nbsp;eine Filtereinstellung, mit der sich wahlweise nur barrierefreie Wohnungen anzeigen lassen. Bitte beachten Sie, dass manche Portale die Bezeichnungen &bdquo;seniorengerecht&ldquo; oder &bdquo;altersgerecht&ldquo; verwenden.<\/p>\n\n\n\n<p>Diese Begriffe bedeuten aber nicht unbedingt, dass eine Wohnung tats&auml;chlich barrierefrei ist, da Sie nicht unter der&nbsp;<strong>DIN-Norm 18040-2<\/strong>&nbsp;erfasst werden. Die DIN-Norm unterscheidet zwischen barrierefrei nutzbaren Wohnungen und barrierefrei und uneingeschr&auml;nkt mit dem Rollstuhl nutzbaren Wohnungen.<\/p>\n\n\n\n<h2 class=\"wp-block-heading\">Kriterien f&uuml;r ein behindertengerechtes Wohnen<\/h2>\n\n\n\n<p>Die Wohnung eines k&ouml;rperbehinderten Menschen sollte auf sein Handicap hin ausgerichtet sein. Das beginnt mit einer barrierefreien E<a href=\"https:\/\/www.vitalibera.org\/community\/enzyklopaedie\/inr\/\" target=\"_self\" title=\"Die&nbsp;International Normalized Ratio (INR)&nbsp;ist ein&nbsp;weltweit standardisierter Laborwert zur Messung der Blutgerinnungszeit, insbesondere bei der Einnahme von Gerinnungshemmern wie Marcumar. Ein INR-Wert um 1,0 ist normal, w&auml;hrend bei einer Therapie meist Werte zwischen 2,0 und 3,5 angestrebt werden, um Thrombosen zu verhindern.\" class=\"encyclopedia\">inr<\/a>ichtung und geht bis zur Betreuung durch externe Betreuungsdienste, die mit geschultem Personal behinderte Menschen im Alltag unterst&uuml;tzen. Erm&ouml;glicht das Wohnumfeld ein weitgehend selbstst&auml;ndiges Wohnen, kann dieses als &bdquo;behindertengerecht&ldquo; bezeichnet werden, auch wenn der Begriff im deutschen Sprachgebrauch zunehmend seltener genutzt wird.<\/p>\n\n\n\n<p>Es wird&nbsp;<strong>zwischen barrierefreier und behindertengerechter Umgebung durchaus unterschieden:<\/strong>&nbsp;Barrierefreiheit zertifiziert nur&nbsp;<strong>eine bauliche Mindestanforderung<\/strong>, die es jedem Menschen m&ouml;glich macht, eine entsprechende Wohnung oder ein Haus zu bewohnen &ndash; sei es mit k&ouml;rperlicher Einschr&auml;nkung oder ohne. Der Begriff&nbsp;<strong>&bdquo;behindertengerecht&ldquo;<\/strong>&nbsp;ist dagegen kaum universell anwendbar, da er immer auch die&nbsp;<strong>Art der Behinderung<\/strong>&nbsp;einbeziehen sollte.&nbsp;<strong>Wohnr&auml;ume sind daher auf die entsprechende Behinderung<\/strong>&nbsp;angepasst, beispielsweise bei einer Geh- oder Sehbehinderung. Im Kontext dieses Artikels beziehen wir uns auf behindertengerechtes Wohnen, entsprechende Umbauma&szlig;nahmen und wohnumfeldverbessernde Hilfsmittel&nbsp;f&uuml;r Menschen mit Behinderung.<\/p>\n\n\n\n<p><a href=\"https:\/\/www.treppenlift-ratgeber.de\/\" target=\"_blank\" rel=\"noreferrer noopener\">Link zum Treppenliftratgeber<\/a><\/p>\n","protected":false},"excerpt":{"rendered":"<p>Das Wohnen mit Behinderung stellt besondere Anforderungen an die Wohnsituation und kann entsprechend der pers\u00f6nlichen Gegebenheiten unterschiedlich geartet sein. Je nach Grad der Behinderung und pers\u00f6nlicher Pr\u00e4ferenz gibt es viele M\u00f6glichkeiten, durch die Menschen mit Behinderung Selbstst\u00e4ndigkeit, aber auch Unterst\u00fctzung und Betreuung erhalten. Viele m\u00f6chten, wenn m\u00f6glich, gern in den eigenen vier W\u00e4nden leben. Daf\u00fcr &#8230; <a title=\"Wohnen mit Handicap\" class=\"read-more\" href=\"https:\/\/www.vitalibera.org\/community\/2025\/10\/12\/wohnen-mit-handicap\/\" aria-label=\"Mehr Informationen \u00fcber Wohnen mit Handicap\">Weiterlesen<\/a><\/p>\n","protected":false},"author":1,"featured_media":2972,"comment_status":"closed","ping_status":"open","sticky":false,"template":"","format":"standard","meta":{"cybocfi_hide_featured_image":"yes","_jetpack_memberships_contains_paid_content":false,"footnotes":""},"categories":[225],"tags":[],"class_list":["post-2971","post","type-post","status-publish","format-standard","has-post-thumbnail","hentry","category-hilfe-fuer-angehoerige"],"yoast_head":"<!-- This site is optimized with the Yoast SEO plugin v27.4 - https:\/\/yoast.com\/product\/yoast-seo-wordpress\/ -->\r\n<title>Wohnen mit Handicap - vitalibera.org<\/title>\r\n<meta name=\"robots\" content=\"index, follow, max-snippet:-1, max-image-preview:large, max-video-preview:-1\" \/>\r\n<link rel=\"canonical\" href=\"https:\/\/www.vitalibera.org\/community\/2025\/10\/12\/wohnen-mit-handicap\/\" \/>\r\n<meta property=\"og:locale\" content=\"de_DE\" \/>\r\n<meta property=\"og:type\" content=\"article\" \/>\r\n<meta property=\"og:title\" content=\"Wohnen mit Handicap - vitalibera.org\" \/>\r\n<meta property=\"og:description\" content=\"Das Wohnen mit Behinderung stellt besondere Anforderungen an die Wohnsituation und kann entsprechend der pers\u00f6nlichen Gegebenheiten unterschiedlich geartet sein. Je nach Grad der Behinderung und pers\u00f6nlicher Pr\u00e4ferenz gibt es viele M\u00f6glichkeiten, durch die Menschen mit Behinderung Selbstst\u00e4ndigkeit, aber auch Unterst\u00fctzung und Betreuung erhalten. Viele m\u00f6chten, wenn m\u00f6glich, gern in den eigenen vier W\u00e4nden leben. Daf\u00fcr ... Weiterlesen\" \/>\r\n<meta property=\"og:url\" content=\"https:\/\/www.vitalibera.org\/community\/2025\/10\/12\/wohnen-mit-handicap\/\" \/>\r\n<meta property=\"og:site_name\" content=\"vitalibera.org\" \/>\r\n<meta property=\"article:publisher\" content=\"https:\/\/www.facebook.com\/groups\/2997085857140235\" \/>\r\n<meta property=\"article:published_time\" content=\"2025-10-12T11:25:41+00:00\" \/>\r\n<meta property=\"article:modified_time\" content=\"2025-10-12T11:25:46+00:00\" \/>\r\n<meta property=\"og:image\" content=\"https:\/\/www.vitalibera.org\/community\/wp-content\/uploads\/2025\/10\/behindertengerecht_wohnen_AdobeStock_22786875.jpg\" \/>\r\n\t<meta property=\"og:image:width\" content=\"1200\" \/>\r\n\t<meta property=\"og:image:height\" content=\"848\" \/>\r\n\t<meta property=\"og:image:type\" content=\"image\/jpeg\" \/>\r\n<meta name=\"author\" content=\"admin\" \/>\r\n<meta name=\"twitter:card\" content=\"summary_large_image\" \/>\r\n<meta name=\"twitter:label1\" content=\"Verfasst von\" \/>\n\t<meta name=\"twitter:data1\" content=\"admin\" \/>\n\t<meta name=\"twitter:label2\" content=\"Gesch\u00e4tzte Lesezeit\" \/>\n\t<meta name=\"twitter:data2\" content=\"6\u00a0Minuten\" \/>\r\n<script type=\"application\/ld+json\" class=\"yoast-schema-graph\">{\"@context\":\"https:\\\/\\\/schema.org\",\"@graph\":[{\"@type\":\"Article\",\"@id\":\"https:\\\/\\\/www.vitalibera.org\\\/community\\\/2025\\\/10\\\/12\\\/wohnen-mit-handicap\\\/#article\",\"isPartOf\":{\"@id\":\"https:\\\/\\\/www.vitalibera.org\\\/community\\\/2025\\\/10\\\/12\\\/wohnen-mit-handicap\\\/\"},\"author\":{\"name\":\"admin\",\"@id\":\"https:\\\/\\\/www.vitalibera.org\\\/community\\\/#\\\/schema\\\/person\\\/c535fa8d561f7f8ca425ced40d87e582\"},\"headline\":\"Wohnen mit Handicap\",\"datePublished\":\"2025-10-12T11:25:41+00:00\",\"dateModified\":\"2025-10-12T11:25:46+00:00\",\"mainEntityOfPage\":{\"@id\":\"https:\\\/\\\/www.vitalibera.org\\\/community\\\/2025\\\/10\\\/12\\\/wohnen-mit-handicap\\\/\"},\"wordCount\":1097,\"publisher\":{\"@id\":\"https:\\\/\\\/www.vitalibera.org\\\/community\\\/#organization\"},\"image\":{\"@id\":\"https:\\\/\\\/www.vitalibera.org\\\/community\\\/2025\\\/10\\\/12\\\/wohnen-mit-handicap\\\/#primaryimage\"},\"thumbnailUrl\":\"https:\\\/\\\/www.vitalibera.org\\\/community\\\/wp-content\\\/uploads\\\/2025\\\/10\\\/behindertengerecht_wohnen_AdobeStock_22786875.jpg\",\"articleSection\":[\"Hilfe f\u00fcr Angeh\u00f6rige\"],\"inLanguage\":\"de\"},{\"@type\":\"WebPage\",\"@id\":\"https:\\\/\\\/www.vitalibera.org\\\/community\\\/2025\\\/10\\\/12\\\/wohnen-mit-handicap\\\/\",\"url\":\"https:\\\/\\\/www.vitalibera.org\\\/community\\\/2025\\\/10\\\/12\\\/wohnen-mit-handicap\\\/\",\"name\":\"Wohnen mit Handicap - vitalibera.org\",\"isPartOf\":{\"@id\":\"https:\\\/\\\/www.vitalibera.org\\\/community\\\/#website\"},\"primaryImageOfPage\":{\"@id\":\"https:\\\/\\\/www.vitalibera.org\\\/community\\\/2025\\\/10\\\/12\\\/wohnen-mit-handicap\\\/#primaryimage\"},\"image\":{\"@id\":\"https:\\\/\\\/www.vitalibera.org\\\/community\\\/2025\\\/10\\\/12\\\/wohnen-mit-handicap\\\/#primaryimage\"},\"thumbnailUrl\":\"https:\\\/\\\/www.vitalibera.org\\\/community\\\/wp-content\\\/uploads\\\/2025\\\/10\\\/behindertengerecht_wohnen_AdobeStock_22786875.jpg\",\"datePublished\":\"2025-10-12T11:25:41+00:00\",\"dateModified\":\"2025-10-12T11:25:46+00:00\",\"breadcrumb\":{\"@id\":\"https:\\\/\\\/www.vitalibera.org\\\/community\\\/2025\\\/10\\\/12\\\/wohnen-mit-handicap\\\/#breadcrumb\"},\"inLanguage\":\"de\",\"potentialAction\":[{\"@type\":\"ReadAction\",\"target\":[\"https:\\\/\\\/www.vitalibera.org\\\/community\\\/2025\\\/10\\\/12\\\/wohnen-mit-handicap\\\/\"]}]},{\"@type\":\"BreadcrumbList\",\"@id\":\"https:\\\/\\\/www.vitalibera.org\\\/community\\\/2025\\\/10\\\/12\\\/wohnen-mit-handicap\\\/#breadcrumb\",\"itemListElement\":[{\"@type\":\"ListItem\",\"position\":1,\"name\":\"Startseite\",\"item\":\"https:\\\/\\\/www.vitalibera.org\\\/community\\\/\"},{\"@type\":\"ListItem\",\"position\":2,\"name\":\"Wohnen mit Handicap\"}]},{\"@type\":\"WebSite\",\"@id\":\"https:\\\/\\\/www.vitalibera.org\\\/community\\\/#website\",\"url\":\"https:\\\/\\\/www.vitalibera.org\\\/community\\\/\",\"name\":\"vitalibera.org\",\"description\":\"Mit einer Einschr&auml;nkung gestaltet sich das Leben im Alltag oft schwieriger - hier berichten wir &uuml;ber unsere Erfahrungen und Hilfsmittel um den Alltag so unbeschwert und unkompliziert wie nur m&ouml;glich geniessen zu k&ouml;nnen. Dabei richten wir unseren Fokus gezielt auf Selbst&auml;ndigkeit, Eigenst&auml;ndigkeit und Selbstbestimmung.\",\"publisher\":{\"@id\":\"https:\\\/\\\/www.vitalibera.org\\\/community\\\/#organization\"},\"potentialAction\":[{\"@type\":\"SearchAction\",\"target\":{\"@type\":\"EntryPoint\",\"urlTemplate\":\"https:\\\/\\\/www.vitalibera.org\\\/community\\\/?s={search_term_string}\"},\"query-input\":{\"@type\":\"PropertyValueSpecification\",\"valueRequired\":true,\"valueName\":\"search_term_string\"}}],\"inLanguage\":\"de\"},{\"@type\":\"Organization\",\"@id\":\"https:\\\/\\\/www.vitalibera.org\\\/community\\\/#organization\",\"name\":\"vitalibera.org\",\"url\":\"https:\\\/\\\/www.vitalibera.org\\\/community\\\/\",\"logo\":{\"@type\":\"ImageObject\",\"inLanguage\":\"de\",\"@id\":\"https:\\\/\\\/www.vitalibera.org\\\/community\\\/#\\\/schema\\\/logo\\\/image\\\/\",\"url\":\"https:\\\/\\\/www.vitalibera.org\\\/community\\\/wp-content\\\/uploads\\\/2025\\\/09\\\/cropped-banner.png\",\"contentUrl\":\"https:\\\/\\\/www.vitalibera.org\\\/community\\\/wp-content\\\/uploads\\\/2025\\\/09\\\/cropped-banner.png\",\"width\":991,\"height\":150,\"caption\":\"vitalibera.org\"},\"image\":{\"@id\":\"https:\\\/\\\/www.vitalibera.org\\\/community\\\/#\\\/schema\\\/logo\\\/image\\\/\"},\"sameAs\":[\"https:\\\/\\\/www.facebook.com\\\/groups\\\/2997085857140235\"]},{\"@type\":\"Person\",\"@id\":\"https:\\\/\\\/www.vitalibera.org\\\/community\\\/#\\\/schema\\\/person\\\/c535fa8d561f7f8ca425ced40d87e582\",\"name\":\"admin\",\"image\":{\"@type\":\"ImageObject\",\"inLanguage\":\"de\",\"@id\":\"https:\\\/\\\/secure.gravatar.com\\\/avatar\\\/ad516503a11cd5ca435acc9bb6523536?s=96\",\"url\":\"https:\\\/\\\/secure.gravatar.com\\\/avatar\\\/ad516503a11cd5ca435acc9bb6523536?s=96\",\"contentUrl\":\"https:\\\/\\\/secure.gravatar.com\\\/avatar\\\/ad516503a11cd5ca435acc9bb6523536?s=96\",\"caption\":\"admin\"},\"description\":\"admin\",\"sameAs\":[\"http:\\\/\\\/www.vitalibera.org\\\/community\"],\"url\":\"https:\\\/\\\/www.vitalibera.org\\\/community\\\/author\\\/admin\\\/\"}]}<\/script>\r\n<!-- \/ Yoast SEO plugin. -->","yoast_head_json":{"title":"Wohnen mit Handicap - vitalibera.org","robots":{"index":"index","follow":"follow","max-snippet":"max-snippet:-1","max-image-preview":"max-image-preview:large","max-video-preview":"max-video-preview:-1"},"canonical":"https:\/\/www.vitalibera.org\/community\/2025\/10\/12\/wohnen-mit-handicap\/","og_locale":"de_DE","og_type":"article","og_title":"Wohnen mit Handicap - vitalibera.org","og_description":"Das Wohnen mit Behinderung stellt besondere Anforderungen an die Wohnsituation und kann entsprechend der pers\u00f6nlichen Gegebenheiten unterschiedlich geartet sein. Je nach Grad der Behinderung und pers\u00f6nlicher Pr\u00e4ferenz gibt es viele M\u00f6glichkeiten, durch die Menschen mit Behinderung Selbstst\u00e4ndigkeit, aber auch Unterst\u00fctzung und Betreuung erhalten. Viele m\u00f6chten, wenn m\u00f6glich, gern in den eigenen vier W\u00e4nden leben. Daf\u00fcr ... Weiterlesen","og_url":"https:\/\/www.vitalibera.org\/community\/2025\/10\/12\/wohnen-mit-handicap\/","og_site_name":"vitalibera.org","article_publisher":"https:\/\/www.facebook.com\/groups\/2997085857140235","article_published_time":"2025-10-12T11:25:41+00:00","article_modified_time":"2025-10-12T11:25:46+00:00","og_image":[{"width":1200,"height":848,"url":"https:\/\/www.vitalibera.org\/community\/wp-content\/uploads\/2025\/10\/behindertengerecht_wohnen_AdobeStock_22786875.jpg","type":"image\/jpeg"}],"author":"admin","twitter_card":"summary_large_image","twitter_misc":{"Verfasst von":"admin","Gesch\u00e4tzte Lesezeit":"6\u00a0Minuten"},"schema":{"@context":"https:\/\/schema.org","@graph":[{"@type":"Article","@id":"https:\/\/www.vitalibera.org\/community\/2025\/10\/12\/wohnen-mit-handicap\/#article","isPartOf":{"@id":"https:\/\/www.vitalibera.org\/community\/2025\/10\/12\/wohnen-mit-handicap\/"},"author":{"name":"admin","@id":"https:\/\/www.vitalibera.org\/community\/#\/schema\/person\/c535fa8d561f7f8ca425ced40d87e582"},"headline":"Wohnen mit Handicap","datePublished":"2025-10-12T11:25:41+00:00","dateModified":"2025-10-12T11:25:46+00:00","mainEntityOfPage":{"@id":"https:\/\/www.vitalibera.org\/community\/2025\/10\/12\/wohnen-mit-handicap\/"},"wordCount":1097,"publisher":{"@id":"https:\/\/www.vitalibera.org\/community\/#organization"},"image":{"@id":"https:\/\/www.vitalibera.org\/community\/2025\/10\/12\/wohnen-mit-handicap\/#primaryimage"},"thumbnailUrl":"https:\/\/www.vitalibera.org\/community\/wp-content\/uploads\/2025\/10\/behindertengerecht_wohnen_AdobeStock_22786875.jpg","articleSection":["Hilfe f\u00fcr Angeh\u00f6rige"],"inLanguage":"de"},{"@type":"WebPage","@id":"https:\/\/www.vitalibera.org\/community\/2025\/10\/12\/wohnen-mit-handicap\/","url":"https:\/\/www.vitalibera.org\/community\/2025\/10\/12\/wohnen-mit-handicap\/","name":"Wohnen mit Handicap - vitalibera.org","isPartOf":{"@id":"https:\/\/www.vitalibera.org\/community\/#website"},"primaryImageOfPage":{"@id":"https:\/\/www.vitalibera.org\/community\/2025\/10\/12\/wohnen-mit-handicap\/#primaryimage"},"image":{"@id":"https:\/\/www.vitalibera.org\/community\/2025\/10\/12\/wohnen-mit-handicap\/#primaryimage"},"thumbnailUrl":"https:\/\/www.vitalibera.org\/community\/wp-content\/uploads\/2025\/10\/behindertengerecht_wohnen_AdobeStock_22786875.jpg","datePublished":"2025-10-12T11:25:41+00:00","dateModified":"2025-10-12T11:25:46+00:00","breadcrumb":{"@id":"https:\/\/www.vitalibera.org\/community\/2025\/10\/12\/wohnen-mit-handicap\/#breadcrumb"},"inLanguage":"de","potentialAction":[{"@type":"ReadAction","target":["https:\/\/www.vitalibera.org\/community\/2025\/10\/12\/wohnen-mit-handicap\/"]}]},{"@type":"BreadcrumbList","@id":"https:\/\/www.vitalibera.org\/community\/2025\/10\/12\/wohnen-mit-handicap\/#breadcrumb","itemListElement":[{"@type":"ListItem","position":1,"name":"Startseite","item":"https:\/\/www.vitalibera.org\/community\/"},{"@type":"ListItem","position":2,"name":"Wohnen mit Handicap"}]},{"@type":"WebSite","@id":"https:\/\/www.vitalibera.org\/community\/#website","url":"https:\/\/www.vitalibera.org\/community\/","name":"vitalibera.org","description":"Mit einer Einschr&auml;nkung gestaltet sich das Leben im Alltag oft schwieriger - hier berichten wir &uuml;ber unsere Erfahrungen und Hilfsmittel um den Alltag so unbeschwert und unkompliziert wie nur m&ouml;glich geniessen zu k&ouml;nnen. Dabei richten wir unseren Fokus gezielt auf Selbst&auml;ndigkeit, Eigenst&auml;ndigkeit und Selbstbestimmung.","publisher":{"@id":"https:\/\/www.vitalibera.org\/community\/#organization"},"potentialAction":[{"@type":"SearchAction","target":{"@type":"EntryPoint","urlTemplate":"https:\/\/www.vitalibera.org\/community\/?s={search_term_string}"},"query-input":{"@type":"PropertyValueSpecification","valueRequired":true,"valueName":"search_term_string"}}],"inLanguage":"de"},{"@type":"Organization","@id":"https:\/\/www.vitalibera.org\/community\/#organization","name":"vitalibera.org","url":"https:\/\/www.vitalibera.org\/community\/","logo":{"@type":"ImageObject","inLanguage":"de","@id":"https:\/\/www.vitalibera.org\/community\/#\/schema\/logo\/image\/","url":"https:\/\/www.vitalibera.org\/community\/wp-content\/uploads\/2025\/09\/cropped-banner.png","contentUrl":"https:\/\/www.vitalibera.org\/community\/wp-content\/uploads\/2025\/09\/cropped-banner.png","width":991,"height":150,"caption":"vitalibera.org"},"image":{"@id":"https:\/\/www.vitalibera.org\/community\/#\/schema\/logo\/image\/"},"sameAs":["https:\/\/www.facebook.com\/groups\/2997085857140235"]},{"@type":"Person","@id":"https:\/\/www.vitalibera.org\/community\/#\/schema\/person\/c535fa8d561f7f8ca425ced40d87e582","name":"admin","image":{"@type":"ImageObject","inLanguage":"de","@id":"https:\/\/secure.gravatar.com\/avatar\/ad516503a11cd5ca435acc9bb6523536?s=96","url":"https:\/\/secure.gravatar.com\/avatar\/ad516503a11cd5ca435acc9bb6523536?s=96","contentUrl":"https:\/\/secure.gravatar.com\/avatar\/ad516503a11cd5ca435acc9bb6523536?s=96","caption":"admin"},"description":"admin","sameAs":["http:\/\/www.vitalibera.org\/community"],"url":"https:\/\/www.vitalibera.org\/community\/author\/admin\/"}]}},"jetpack_featured_media_url":"https:\/\/www.vitalibera.org\/community\/wp-content\/uploads\/2025\/10\/behindertengerecht_wohnen_AdobeStock_22786875.jpg","jetpack_sharing_enabled":true,"jetpack-related-posts":[],"_links":{"self":[{"href":"https:\/\/www.vitalibera.org\/community\/wp-json\/wp\/v2\/posts\/2971","targetHints":{"allow":["GET"]}}],"collection":[{"href":"https:\/\/www.vitalibera.org\/community\/wp-json\/wp\/v2\/posts"}],"about":[{"href":"https:\/\/www.vitalibera.org\/community\/wp-json\/wp\/v2\/types\/post"}],"author":[{"embeddable":true,"href":"https:\/\/www.vitalibera.org\/community\/wp-json\/wp\/v2\/users\/1"}],"replies":[{"embeddable":true,"href":"https:\/\/www.vitalibera.org\/community\/wp-json\/wp\/v2\/comments?post=2971"}],"version-history":[{"count":0,"href":"https:\/\/www.vitalibera.org\/community\/wp-json\/wp\/v2\/posts\/2971\/revisions"}],"wp:featuredmedia":[{"embeddable":true,"href":"https:\/\/www.vitalibera.org\/community\/wp-json\/wp\/v2\/media\/2972"}],"wp:attachment":[{"href":"https:\/\/www.vitalibera.org\/community\/wp-json\/wp\/v2\/media?parent=2971"}],"wp:term":[{"taxonomy":"category","embeddable":true,"href":"https:\/\/www.vitalibera.org\/community\/wp-json\/wp\/v2\/categories?post=2971"},{"taxonomy":"post_tag","embeddable":true,"href":"https:\/\/www.vitalibera.org\/community\/wp-json\/wp\/v2\/tags?post=2971"}],"curies":[{"name":"wp","href":"https:\/\/api.w.org\/{rel}","templated":true}]}}