{"id":3177,"date":"2025-10-16T13:20:48","date_gmt":"2025-10-16T11:20:48","guid":{"rendered":"https:\/\/www.vitalibera.org\/community\/?p=3177"},"modified":"2025-10-16T13:32:12","modified_gmt":"2025-10-16T11:32:12","slug":"betreutes-wohnen-service-wohnen","status":"publish","type":"post","link":"https:\/\/www.vitalibera.org\/community\/2025\/10\/16\/betreutes-wohnen-service-wohnen\/","title":{"rendered":"Betreutes Wohnen \/ Service-Wohnen"},"content":{"rendered":"\n<p>Wer m&ouml;chte nicht so lange wie m&ouml;glich selbstst&auml;ndig leben? Doch manchmal erfordern das zunehmende Alter oder eine Krankheit hier und da etwas Unterst&uuml;tzung. Betreutes Wohnen oder Service-Wohnen verspricht ein privates und dabei behinderten- wie altersgerechtes Wohnumfeld gepaart mit n&uuml;tzlichen Dienstleistungsangeboten.<\/p>\n\n\n\n<h2 class=\"wp-block-heading\">Definition: Was ist Betreutes Wohnen?<\/h2>\n\n\n\n<p>Betreutes Wohnen und Service-Wohnen sind Wohnformen, bei denen die Bewohner selbstst&auml;ndig leben, im Alltag aber je nach Bedarf Unterst&uuml;tzung erhalten k&ouml;nnen. Das kann ambulant in den eigenen vier W&auml;nden sein oder in speziellen barrierefreien Wohnanlagen.<\/p>\n\n\n\n<p>Die Unterst&uuml;tzungsleistungen reichen vom Hausnotruf &uuml;ber Reinigung und Verpflegung bis hin zur Organisation eines Pflegedienstes. Auch gemeinschaftliche Freizeitaktivit&auml;ten werden in vielen E<a href=\"https:\/\/www.vitalibera.org\/community\/enzyklopaedie\/inr\/\" target=\"_self\" title=\"Die&nbsp;International Normalized Ratio (INR)&nbsp;ist ein&nbsp;weltweit standardisierter Laborwert zur Messung der Blutgerinnungszeit, insbesondere bei der Einnahme von Gerinnungshemmern wie Marcumar. Ein INR-Wert um 1,0 ist normal, w&auml;hrend bei einer Therapie meist Werte zwischen 2,0 und 3,5 angestrebt werden, um Thrombosen zu verhindern.\" class=\"encyclopedia\">inr<\/a>ichtungen angeboten.<\/p>\n\n\n\n<p>Die meisten Betreutes-Wohnen-Anlagen richten sich an &auml;ltere Menschen, die nicht oder nur in geringem Umfang pflegebed&uuml;rftig sind. Es gibt aber auch Angebote f&uuml;r Personen mit einer Behinderung oder psychisch kranke Menschen. Betreutes Wohnen f&uuml;r Jugendliche sind eher rar ges&auml;t.<\/p>\n\n\n\n<p><strong>Betreutes Wohnen ist kein gesch&uuml;tzter Begriff<\/strong><\/p>\n\n\n\n<p class=\"has-base-background-color has-background\"><strong>vitalibera Info<\/strong><br>Weder Betreutes Wohnen noch Service-Wohnen sind gesch&uuml;tzte Begriffe. Jeder Anbieter kann also selbst definieren, welche Leistungen zu ihrem Betreuten Wohnen beziehungsweise Service-Wohnen geh&ouml;ren. Studieren Sie deshalb gr&uuml;ndlich das Angebot, bevor Sie sich f&uuml;r eine E<a href=\"https:\/\/www.vitalibera.org\/community\/enzyklopaedie\/inr\/\" target=\"_self\" title=\"Die&nbsp;International Normalized Ratio (INR)&nbsp;ist ein&nbsp;weltweit standardisierter Laborwert zur Messung der Blutgerinnungszeit, insbesondere bei der Einnahme von Gerinnungshemmern wie Marcumar. Ein INR-Wert um 1,0 ist normal, w&auml;hrend bei einer Therapie meist Werte zwischen 2,0 und 3,5 angestrebt werden, um Thrombosen zu verhindern.\" class=\"encyclopedia\">inr<\/a>ichtung entscheiden.<\/p>\n\n\n\n<h2 class=\"wp-block-heading\">F&uuml;r wen ist Betreutes Wohnen geeignet?<\/h2>\n\n\n\n<p>Betreutes Wohnen ist ist keine Pflegee<a href=\"https:\/\/www.vitalibera.org\/community\/enzyklopaedie\/inr\/\" target=\"_self\" title=\"Die&nbsp;International Normalized Ratio (INR)&nbsp;ist ein&nbsp;weltweit standardisierter Laborwert zur Messung der Blutgerinnungszeit, insbesondere bei der Einnahme von Gerinnungshemmern wie Marcumar. Ein INR-Wert um 1,0 ist normal, w&auml;hrend bei einer Therapie meist Werte zwischen 2,0 und 3,5 angestrebt werden, um Thrombosen zu verhindern.\" class=\"encyclopedia\">inr<\/a>ichtung. Es ist als&nbsp;<strong>Unterst&uuml;tzung<\/strong>&nbsp;gedacht und dient dazu, die&nbsp;<strong>Selbstst&auml;ndigkeit&nbsp;<\/strong>der Bewohner&nbsp;<strong>m&ouml;glichst lange zu erhalten<\/strong>.<\/p>\n\n\n\n<p>Die Wohnform eignet sich f&uuml;r&nbsp;<strong>Alleinstehende, Ehepaare und befreundete &auml;ltere Menschen<\/strong>&nbsp;gleicherma&szlig;en, besonders aber wenn sie<\/p>\n\n\n\n<ul class=\"wp-block-list\">\n<li>sich in einzelnen Bereichen des Alltags Hilfeleistungen w&uuml;nschen.<\/li>\n\n\n\n<li>Gesellschaft mit Gleichgesinnten suchen.<\/li>\n\n\n\n<li>sich in ihrer Wohnsituation sicher f&uuml;hlen m&ouml;chten.<\/li>\n<\/ul>\n\n\n\n<p>F&uuml;r bereits&nbsp;<strong>pflegebed&uuml;rftige Personen<\/strong>&nbsp;mit anerkanntem&nbsp;Pflegegrad&nbsp;eignet sich Betreutes Wohnen nur, wenn<\/p>\n\n\n\n<ul class=\"wp-block-list\">\n<li>die Anlage an ein&nbsp;Pflegeheim&nbsp;angegliedert ist und den Pflegedienst &uuml;bernimmt,<\/li>\n\n\n\n<li>ein externer&nbsp;ambulanter Pflegedienst&nbsp;beauftragt wird oder<\/li>\n\n\n\n<li>ein&nbsp;Angeh&ouml;riger die Pflege&nbsp;&uuml;bernimmt.<\/li>\n<\/ul>\n\n\n\n<h2 class=\"wp-block-heading\">Betreutes Wohnen: Formen und Einrichtungen<\/h2>\n\n\n\n<p>Es stehen unterschiedliche E<a href=\"https:\/\/www.vitalibera.org\/community\/enzyklopaedie\/inr\/\" target=\"_self\" title=\"Die&nbsp;International Normalized Ratio (INR)&nbsp;ist ein&nbsp;weltweit standardisierter Laborwert zur Messung der Blutgerinnungszeit, insbesondere bei der Einnahme von Gerinnungshemmern wie Marcumar. Ein INR-Wert um 1,0 ist normal, w&auml;hrend bei einer Therapie meist Werte zwischen 2,0 und 3,5 angestrebt werden, um Thrombosen zu verhindern.\" class=\"encyclopedia\">inr<\/a>ichtungen f&uuml;r Betreutes Wohnen zur Auswahl:<\/p>\n\n\n\n<ul class=\"wp-block-list\">\n<li>Seniorenwohnanlagen und Seniorenresidenzen<\/li>\n\n\n\n<li>Pflegeheime mit Betreutem Wohnen<\/li>\n\n\n\n<li>Alternative Wohnformen mit Betreutem Wohnen<\/li>\n\n\n\n<li>Ambulantes Betreutes Wohnen<\/li>\n\n\n\n<li>Betreutes Wohnen f&uuml;r Menschen mit Behinderung<\/li>\n\n\n\n<li>Betreutes Wohnen f&uuml;r <a href=\"https:\/\/www.vitalibera.org\/community\/enzyklopaedie\/demenz\/\" target=\"_self\" title=\"Als Demenz bezeichnet man ein&nbsp;neurologisches Krankheitsbild, das durch den progredienten Verlust kognitiver F&auml;higkeiten gekennzeichnet ist. In sp&auml;teren Krankheitsstadien kommt es in der Folge zu einem Verlust der Alltagskompetenz und zu einem Pers&ouml;nlichkeitszerfall.\" class=\"encyclopedia\">Demenz<\/a>kranke<\/li>\n<\/ul>\n\n\n\n<h3 class=\"wp-block-heading\">Seniorenwohnanlagen und Seniorenresidenzen<\/h3>\n\n\n\n<p><strong>Seniorenwohnanlagen<\/strong>&nbsp;sind Wohnkomplexe, die auf die&nbsp;<strong>Bed&uuml;rfnisse &auml;lterer Menschen<\/strong>&nbsp;zugeschnitten sind. Die Bewohner leben in ihrer eigenen&nbsp;<strong>barrierefreien Wohnung<\/strong>, k&ouml;nnen aber optional diverse&nbsp;<strong>Betreuungsleistungen<\/strong>&nbsp;in Anspruch nehmen.<\/p>\n\n\n\n<p>Das Spektrum der Dienstleistungen und der Komfort k&ouml;nnen von Anlage zu Anlage sehr unterschiedlich ausfallen.<\/p>\n\n\n\n<p><strong>Zum Standard geh&ouml;ren in der Regel folgende Services:<\/strong><\/p>\n\n\n\n<ul class=\"wp-block-list\">\n<li>Barrierefreie Wohnungen<\/li>\n\n\n\n<li>Hausnotruf<\/li>\n\n\n\n<li>Verpflegung<\/li>\n\n\n\n<li>Reinigungs- und W&auml;scheservice<\/li>\n\n\n\n<li>Hilfe im Haushalt<\/li>\n\n\n\n<li>Fahrdienste<\/li>\n\n\n\n<li>Hausmeisterdienste<\/li>\n\n\n\n<li>Soziale und kulturelle Angebote<\/li>\n<\/ul>\n\n\n\n<p>F&uuml;r&nbsp;<strong>gehobene Anspr&uuml;che<\/strong>&nbsp;gibt es Betreutes Wohnen in sogenannten&nbsp;<strong>Seniorenresidenzen<\/strong>. Diese Wohnanlagen sind meist hochwertig ausgestattet, es gibt Restaurants, ein Schwimmbad und Fitnessr&auml;ume.<\/p>\n\n\n\n<h3 class=\"wp-block-heading\">Pflegeheime mit Betreutem Wohnen<\/h3>\n\n\n\n<p>Einige Pflegeheime bieten zus&auml;tzlich Betreutes Wohnen an. Auch hier liegt der Schwerpunkt auf Eigenst&auml;ndigkeit und Selbstbestimmung. Allerdings k&ouml;nnen die Bewohner bei Bedarf jederzeit auf&nbsp;<strong>medizinische, pflegerische oder hauswirtschaftliche Dienstleistungen<\/strong>&nbsp;zur&uuml;ckgreifen. Mit zunehmendem Pflegebedarf ist dann der Umzug ins angegliederte Pflegeheim keine zu gro&szlig;e Umstellung mehr.<\/p>\n\n\n\n<p class=\"has-base-background-color has-background\"><strong>Unterschied zwischen Betreutem Wohnen und einem Pflegeheim<\/strong><br>Betreutes Wohnen und Service-Wohnen verfolgen das Ziel, die Eigenst&auml;ndigkeit und individuelle Gestaltungsfreiheit von hilfsbed&uuml;rftigen Menschen zu erhalten und zu f&ouml;rdern. Ein Pflegeheim ist dagegen darauf spezialisiert, pflegebed&uuml;rftige Menschen professionell zu versorgen.<\/p>\n\n\n\n<h3 class=\"wp-block-heading\">Betreutes Wohnen in alternativen Wohnformen<\/h3>\n\n\n\n<p>Wer Betreutes Wohnen lieber im Kleinen leben m&ouml;chte, kann sich&nbsp;<strong>alternativen Projekten<\/strong>&nbsp;anschlie&szlig;en. Dazu geh&ouml;ren zum Beispiel&nbsp;Senioren-WGs&nbsp;und&nbsp;Mehrgenerationenh&auml;user.<\/p>\n\n\n\n<p>Mehrere mehr oder weniger unterst&uuml;tzungsbed&uuml;rftige Menschen tun sich zusammen, schaffen einen&nbsp;<strong>gemeinsamen Wohnraum<\/strong>&nbsp;und&nbsp;<strong>organisieren selbst die notwendigen Servicedienste<\/strong>. Oder sie geben die Organisation in professionelle H&auml;nde und suchen ein vergleichbares Angebot, das in der Verantwortung eines Tr&auml;gers liegt.<\/p>\n\n\n\n<p><strong>Finanzielle Unterst&uuml;tzung<\/strong>&nbsp;k&ouml;nnen Sie dabei von der Pflegekasse erwarten, vorausgesetzt mindestens drei Bewohner der Wohngruppe haben einen Pflegegrad. Dann k&ouml;nnen Sie einen&nbsp;<strong>Wohngruppenzuschlag<\/strong>&nbsp;f&uuml;r eine Pr&auml;senzkraft beantragen. Er betr&auml;gt monatlich 224 Euro f&uuml;r jeden pflegebed&uuml;rftigen Bewohner.<\/p>\n\n\n\n<p class=\"has-base-background-color has-background\"><strong>Zuhause barrierefrei wohnen<\/strong><br>Egal ob im Eigenheim, in der WG oder im Mehrgenerationenhaus &ndash; Grundvoraussetzung f&uuml;r ambulantes Betreutes Wohnen ist die Barrierefreiheit. Je nach Bedarf sollten Sie also rechtzeitig &uuml;ber einen Treppenlift, eine Rampe f&uuml;r Rollstuhl und Rollator oder einen barrierefreien Badumbau nachdenken. Wenn Sie einen Pflegegrad haben, f&ouml;rdert die Pflegekasse solche wohnumfeldverbessernde Ma&szlig;nahmen.<\/p>\n\n\n\n<h3 class=\"wp-block-heading\">Ambulantes Betreutes Wohnen<\/h3>\n\n\n\n<p>Betreutes Wohnen geht auch in der eigenen Wohnung oder im eigenen Haus. Sie k&ouml;nnen dann die notwendigen<strong>&nbsp;Betreuungs- und Hilfsdienste selbst organisieren<\/strong>&nbsp;oder versuchen, einen&nbsp;<strong>ambulanten Pflegedienst<\/strong>&nbsp;zu finden, der ein entsprechendes Angebot f&uuml;r ambulant Betreutes Wohnen hat. Mit ihm schlie&szlig;en Sie einen Vertrag ab, in dem die Grund- und Wahlleistungen aufgef&uuml;hrt sind.<\/p>\n\n\n\n<p>Meist wird ambulantes Betreutes Wohnen aber im Zusammenhang mit der&nbsp;<strong>Unterst&uuml;tzung von Menschen mit Behinderung<\/strong>&nbsp;angeboten.<\/p>\n\n\n\n<p class=\"has-base-background-color has-background\"><strong>Professionelle Betreuung f&uuml;r zuhause<\/strong><br>Haushalt, Arztbesuche, Beh&ouml;rdeng&auml;nge &ndash; manchmal ben&ouml;tigen Menschen einfach nur ein bisschen Unterst&uuml;tzung im Alltag. Viele m&ouml;chten daf&uuml;r nicht gleich in ein Betreutes Wohnen umziehen. Positiver Nebeneffekt einer sogenannten stundenw<a href=\"https:\/\/www.vitalibera.org\/community\/enzyklopaedie\/eisen\/\" target=\"_self\" title=\"Eisen&nbsp;ist das im K&ouml;rper am meisten vorkommende Spurenelement. Es ist ein wesentlicher Bestandteil des roten Blutfarbstoffs (H&auml;moglobin) und f&uuml;r den Sauerstofftransport wichtig. Weitere Aufgaben erf&uuml;llt Eisen in der Muskulatur, wo es in Form des Eiwei&szlig;stoffes Myoglobin der Sauerstoffspeicherung dient. Dar&uuml;ber hinaus ist Eisen generell f&uuml;r alle rasch wachsenden Gewebe des K&ouml;rpers erforderlich. Im Labor ist&hellip;\" class=\"encyclopedia\">eisen<\/a> Betreuung: Sie bringt Abwechslung in das Leben der betroffenen Menschen.<\/p>\n\n\n\n<h3 class=\"wp-block-heading\">Betreutes Wohnen f&uuml;r Menschen mit Behinderung<\/h3>\n\n\n\n<p>Wenn&nbsp;<strong>Menschen mit k&ouml;rperlicher, geistiger oder seelischer Behinderung<\/strong>&nbsp;eigenst&auml;ndig in einer Wohnung leben m&ouml;chten, sind sie in verschiedenen Lebensbereichen&nbsp;<strong>auf<\/strong>&nbsp;<strong>Begleitung und Unterst&uuml;tzung<\/strong>&nbsp;<strong>angewiesen<\/strong>. F&uuml;r sie gibt es zum einen spezielle E<a href=\"https:\/\/www.vitalibera.org\/community\/enzyklopaedie\/inr\/\" target=\"_self\" title=\"Die&nbsp;International Normalized Ratio (INR)&nbsp;ist ein&nbsp;weltweit standardisierter Laborwert zur Messung der Blutgerinnungszeit, insbesondere bei der Einnahme von Gerinnungshemmern wie Marcumar. Ein INR-Wert um 1,0 ist normal, w&auml;hrend bei einer Therapie meist Werte zwischen 2,0 und 3,5 angestrebt werden, um Thrombosen zu verhindern.\" class=\"encyclopedia\">inr<\/a>ichtungen f&uuml;r Betreutes Wohnen. Zum anderen k&ouml;nnen Sie ambulantes Betreutes Wohnen in einer bestehenden Immobilie in Anspruch nehmen.<\/p>\n\n\n\n<p>Zu den&nbsp;<strong>Leistungen<\/strong>&nbsp;z&auml;hlen neben der individuellen Basisversorgung oft unter anderem<\/p>\n\n\n\n<ul class=\"wp-block-list\">\n<li>Beratung bei der pers&ouml;nlichen Lebensgestaltung<\/li>\n\n\n\n<li>Begleitung im Alltag, bei finanziellen und beh&ouml;rdlichen Angelegenheiten<\/li>\n\n\n\n<li>Hilfe bei der Entwicklung beruflicher und pers&ouml;nlicher Perspektiven<\/li>\n\n\n\n<li>Angebote f&uuml;r Freizeit- und Gruppenaktivit&auml;ten<\/li>\n\n\n\n<li>Soziale Integration<\/li>\n\n\n\n<li>Beratung von Angeh&ouml;rigen<\/li>\n<\/ul>\n\n\n\n<p>Die Anforderungen f&uuml;r Betreutes Wohnen von Menschen mit einer k&ouml;rperlichen oder geistigen Behinderung und psychisch kranken Menschen sind sehr unterschiedlich.<\/p>\n\n\n\n<p>So sind Sie mit einer&nbsp;<strong>k&ouml;rperlichen Behinderung<\/strong>&nbsp;auf&nbsp;<strong>barrierefreien Wohnraum<\/strong>&nbsp;und je nach Beeintr&auml;chtigung sogar auf eine 24h-Pflege angewiesen.&nbsp;<strong>Geistige Behinderungen<\/strong>&nbsp;erfordert zum Beispiel besondere Unterst&uuml;tzung, um den&nbsp;<strong>Alltag bew&auml;ltigen<\/strong>&nbsp;zu k&ouml;nnen.<\/p>\n\n\n\n<p>Bei einer&nbsp;<strong>psychischen Erkrankung<\/strong>&nbsp;liegt der Schwerpunkt dagegen eher bei&nbsp;<strong>psychologischer und therapeutischer Betreuung<\/strong>. Das Ziel ist die <a href=\"https:\/\/www.vitalibera.org\/community\/enzyklopaedie\/wiedereingliederung\/\" target=\"_self\" title=\"Die Wiedereingliederung (oft als &bdquo;Hamburger Modell&ldquo; bezeichnet) ist eine&nbsp;medizinische Rehabilitationsma&szlig;nahme, die Arbeitnehmer nach l&auml;ngerer Krankheit stufenweise an ihren Arbeitsplatz zur&uuml;ckf&uuml;hrt. Sie dient der Wiederherstellung der Arbeitsf&auml;higkeit, wobei der Mitarbeiter w&auml;hrend des Prozesses offiziell arbeitsunf&auml;hig bleibt und die Arbeitszeit schrittweise steigert.\" class=\"encyclopedia\">Wiedereingliederung<\/a> in einen geregelten Alltag.<\/p>\n\n\n\n<h2 class=\"wp-block-heading\">Betreutes Wohnen: Leistungen und Services<\/h2>\n\n\n\n<p>Die&nbsp;<strong>Angebote in E<a href=\"https:\/\/www.vitalibera.org\/community\/enzyklopaedie\/inr\/\" target=\"_self\" title=\"Die&nbsp;International Normalized Ratio (INR)&nbsp;ist ein&nbsp;weltweit standardisierter Laborwert zur Messung der Blutgerinnungszeit, insbesondere bei der Einnahme von Gerinnungshemmern wie Marcumar. Ein INR-Wert um 1,0 ist normal, w&auml;hrend bei einer Therapie meist Werte zwischen 2,0 und 3,5 angestrebt werden, um Thrombosen zu verhindern.\" class=\"encyclopedia\">inr<\/a>ichtungen f&uuml;r Betreutes Wohnen&nbsp;<\/strong>unterteilen sich in der Regel in:<\/p>\n\n\n\n<ol class=\"wp-block-list\">\n<li>Grundleistungen<\/li>\n\n\n\n<li>Wahlleistungen.<\/li>\n<\/ol>\n\n\n\n<p>Dabei k&ouml;nnen sich die Leistungen &ndash; und damit die Kosten &ndash; von Anbieter zu Anbieter stark unterscheiden.<\/p>\n\n\n\n<p>Unabh&auml;ngig von den Grund- und Wahlleistungen&nbsp;<strong>sollte zum Betreuten Wohnen immer Folgendes geh&ouml;ren<\/strong>:<\/p>\n\n\n\n<ul class=\"wp-block-list\">\n<li>Barrierefreie Wohnungen (zum Beispiel ein barrierefreies Bad, Aufz&uuml;ge, breite T&uuml;ren)<\/li>\n\n\n\n<li>Gute Infrastruktur in der N&auml;he (&Auml;rzte, Friseur, Fu&szlig;pflege, Kosmetik, Supermarkt)<\/li>\n\n\n\n<li>Leichter Zugang zu &ouml;ffentlichen Verkehrsmitteln<\/li>\n\n\n\n<li>Gemeinschaftsr&auml;ume oder Angebote zur Freizeitgestaltung<\/li>\n\n\n\n<li>\n<\/ul>\n\n\n\n<p class=\"has-base-background-color has-background\"><strong>Der Anbieter bestimmt das Angebot<\/strong> Jeder Anbieter von Betreutem Wohnen bestimmt selbst, welche Leistungen er selbst abdeckt oder vermittelt, welche davon Grundleistungen und welche Wahlleistungen sind. Lassen Sie sich deshalb genau aufschl&uuml;sseln, welche Posten es gibt und was die Services kosten.<\/p>\n\n\n\n<h3 class=\"wp-block-heading\">Grundleistungen<\/h3>\n\n\n\n<p>Die Grundleistungen zahlt jeder Bewohner im Betreuten Wohnen&nbsp;<strong>monatlich pauschal zus&auml;tzlich zur Miete<\/strong>. Je nach E<a href=\"https:\/\/www.vitalibera.org\/community\/enzyklopaedie\/inr\/\" target=\"_self\" title=\"Die&nbsp;International Normalized Ratio (INR)&nbsp;ist ein&nbsp;weltweit standardisierter Laborwert zur Messung der Blutgerinnungszeit, insbesondere bei der Einnahme von Gerinnungshemmern wie Marcumar. Ein INR-Wert um 1,0 ist normal, w&auml;hrend bei einer Therapie meist Werte zwischen 2,0 und 3,5 angestrebt werden, um Thrombosen zu verhindern.\" class=\"encyclopedia\">inr<\/a>ichtung wird diese Zahlung als Betreuungspauschale, Servicepauschale oder einfach als Abschlag bezeichnet.<\/p>\n\n\n\n<p><strong>Typische Grundleistungen&nbsp;<\/strong>beim Betreuten Wohnen sind:<\/p>\n\n\n\n<ul class=\"wp-block-list\">\n<li>Eine Ansprechperson mit geregelter Verf&uuml;gbarkeit<\/li>\n\n\n\n<li>Der Hausmeisterservice<\/li>\n\n\n\n<li>Ein Installierter&nbsp;Hausnotruf<\/li>\n\n\n\n<li>Die Nutzung von Gemeinschaftse<a href=\"https:\/\/www.vitalibera.org\/community\/enzyklopaedie\/inr\/\" target=\"_self\" title=\"Die&nbsp;International Normalized Ratio (INR)&nbsp;ist ein&nbsp;weltweit standardisierter Laborwert zur Messung der Blutgerinnungszeit, insbesondere bei der Einnahme von Gerinnungshemmern wie Marcumar. Ein INR-Wert um 1,0 ist normal, w&auml;hrend bei einer Therapie meist Werte zwischen 2,0 und 3,5 angestrebt werden, um Thrombosen zu verhindern.\" class=\"encyclopedia\">inr<\/a>ichtungen<\/li>\n<\/ul>\n\n\n\n<h3 class=\"wp-block-heading\">Wahlleistungen<\/h3>\n\n\n\n<p>Wahlleistungen sind&nbsp;<strong>optionale Angebote<\/strong>, die Sie vor&uuml;bergehend oder dauerhaft in Anspruch nehmen k&ouml;nnen. Ihre Ansprechperson sollte Sie dazu jederzeit beraten und die gew&uuml;nschten Leistungen auch direkt vermitteln k&ouml;nnen.<\/p>\n\n\n\n<p><strong>Typische Wahlleistungen&nbsp;<\/strong>beim Betreuten Wohnen sind:<\/p>\n\n\n\n<ul class=\"wp-block-list\">\n<li>Haushaltshilfe<\/li>\n\n\n\n<li>Reinigungs- und W&auml;scheservice<\/li>\n\n\n\n<li>Fahrdienste<\/li>\n\n\n\n<li>Alltagsbegleiter<\/li>\n\n\n\n<li>Mahlzeitenservice<\/li>\n\n\n\n<li><a href=\"https:\/\/www.vitalibera.org\/community\/enzyklopaedie\/behandlungspflege\/\" target=\"_self\" title=\"Behandlungspflege&nbsp;umfasst &auml;rztlich verordnete, medizinische Ma&szlig;nahmen, die von examiniertem Fachpersonal (wie Kranken- oder Altenpflegern) durchgef&uuml;hrt werden, um Krankheiten zu heilen, zu lindern oder Krankenhausaufenthalte zu vermeiden. Sie wird prim&auml;r von Krankenkassen bezahlt und beinhaltet Wundversorgung, Medikamentengabe, Injektionen, Blutdruck-\/Blutzuckermessungen sowie Stomaversorgung. Wichtige Aspekte der Behandlungspflege: Leistungsumfang:&nbsp;Umfasst T&auml;tigkeiten nach SGB V, darunter Verbandswechsel, An- und Ausziehen von Kompressionsstr&uuml;mpfen,&hellip;\" class=\"encyclopedia\">Behandlungspflege<\/a>&nbsp;(zum Beispiel Medikamentenmanagement, Verbandswechsel oder <a href=\"https:\/\/www.vitalibera.org\/community\/enzyklopaedie\/blutzucker\/\" target=\"_self\" title=\"Blutzucker ist die&nbsp;Menge an Glukose (Zucker) im Blut, die als Energielieferant f&uuml;r die K&ouml;rperzellen dient.&nbsp;Ein ausgewogener Blutzuckerspiegel wird durch das Hormon&nbsp;Insulin&nbsp;reguliert, welches die Glukose aus dem Blut in die Zellen bef&ouml;rdert.&nbsp;Hohe Blutzuckerwerte k&ouml;nnen auf Diabetes hinweisen, w&auml;hrend dauerhaft hohe Werte zu Sch&auml;den an Organen wie Herz, Nieren und Augen f&uuml;hren k&ouml;nnen.&nbsp;Eine gesunde Ern&auml;hrung, regelm&auml;ssige Bewegung&hellip;\" class=\"encyclopedia\">Blutzucker<\/a>messung)<\/li>\n\n\n\n<li>Medizinische Fu&szlig;pflege<\/li>\n\n\n\n<li>Haarpflege<\/li>\n\n\n\n<li>Unterst&uuml;tzung bei amtlichem Schriftverkehr und Beh&ouml;rdeng&auml;ngen<\/li>\n\n\n\n<li>Soziale und kulturelle Angebote<\/li>\n<\/ul>\n\n\n\n<figure class=\"wp-block-image size-full\"><img fetchpriority=\"high\" decoding=\"async\" width=\"732\" height=\"379\" src=\"https:\/\/www.vitalibera.org\/community\/wp-content\/uploads\/2025\/10\/wohnen.png\" alt=\"\" class=\"wp-image-3178\" srcset=\"https:\/\/www.vitalibera.org\/community\/wp-content\/uploads\/2025\/10\/wohnen.png 732w, https:\/\/www.vitalibera.org\/community\/wp-content\/uploads\/2025\/10\/wohnen-300x155.png 300w\" sizes=\"(max-width: 732px) 100vw, 732px\" \/><\/figure>\n\n\n\n<h2 class=\"wp-block-heading\">Betreutes Wohnen: Kosten und F&ouml;rderung<\/h2>\n\n\n\n<p>Genau wie bei jeder anderen Immobilie auch, k&ouml;nnen Sie eine Betreute Wohnung&nbsp;<strong>kaufen oder mieten<\/strong>. Dabei fallen die Preise je nach Lage sowie Angebot und Nachfrage sehr unterschiedlich aus.<\/p>\n\n\n\n<p>Sowohl Kaufpreis als auch Mietpreis sind &uuml;blicherweise etwa <strong>10 bis 20 Prozent h&ouml;her<\/strong>&nbsp;als bei einer Wohnung ohne Betreuung in &auml;hnlicher Lage.&nbsp;Das liegt nicht an den zus&auml;tzlichen Leistungen, denn die bezahlen Sie ja monatlich extra. Grund daf&uuml;r ist eher die barrierefreie Ausstattung.<\/p>\n\n\n\n<p>Zus&auml;tzlich zu den reinen Wohnkosten &ndash; beziehungsweise beim Kauf die Investitionskosten &ndash; kommen beim Betreuten Wohnen und Service-Wohnen&nbsp;<strong>folgende Kostenpunkte<\/strong>&nbsp;hinzu:<\/p>\n\n\n\n<ul class=\"wp-block-list\">\n<li>Ein monatlicher Abschlag f&uuml;r die Grundleistungen (Betreuungspauschale)<\/li>\n\n\n\n<li>Optionale Ausgaben f&uuml;r Wahlleistungen<\/li>\n\n\n\n<li>Gegebenenfalls Kosten f&uuml;r Pflegedienstleistungen (keine Wohnkosten im engeren Sinne)<\/li>\n<\/ul>\n\n\n\n<h3 class=\"wp-block-heading\">F&ouml;rderm&ouml;glichkeiten<\/h3>\n\n\n\n<p>In der Regel m&uuml;ssen Sie s&auml;mtliche&nbsp;<strong>Kosten f&uuml;r Betreutes Wohnen selbst tragen<\/strong>. Trotzdem gibt es einige M&ouml;glichkeiten, Ihre Ausgaben zu senken.<\/p>\n\n\n\n<p>So werden einige wenige Anlagen f&uuml;r Betreutes Wohnen&nbsp;<strong>&ouml;ffentlich gef&ouml;rdert<\/strong>. Hier k&ouml;nnen Sie sich dann mit einem sogenannten&nbsp;<strong>Wohnberechtigungsschein<\/strong>&nbsp;g&uuml;nstiger einmieten. Oder Sie beantragen&nbsp;<strong>Wohngeld<\/strong>, wenn Sie &uuml;ber ein sehr geringes Einkommen verf&uuml;gen. Die Beh&ouml;rde entscheidet dann im Einzelfall, ob Ihnen f&uuml;r das Betreute Wohnen ein Mietzuschuss gew&auml;hrt werden kann.<\/p>\n\n\n\n<p>Wenn Sie einen&nbsp;<a href=\"https:\/\/www.vitalibera.org\/community\/2025\/10\/12\/pflegegrad-bestimmen\/\"><strong>Pflegegrad<\/strong>&nbsp;<\/a>haben, k&ouml;nnen Sie dar&uuml;ber hinaus den sogenannten&nbsp;<strong>Entlastungsbetrag<\/strong>&nbsp;von monatlich 131 Euro nutzen. Er ist zweckgebunden, das bedeutet, Sie erhalten das Geld nicht bar, sondern nachtr&auml;glich f&uuml;r Leistungen wie etwa Hilfen bei der Haushaltsf&uuml;hrung, aber auch pflegerische Betreuungsma&szlig;nahmen.<\/p>\n\n\n\n<p><\/p>\n","protected":false},"excerpt":{"rendered":"<p>Wer m\u00f6chte nicht so lange wie m\u00f6glich selbstst\u00e4ndig leben? Doch manchmal erfordern das zunehmende Alter oder eine Krankheit hier und da etwas Unterst\u00fctzung. Betreutes Wohnen oder Service-Wohnen verspricht ein privates und dabei behinderten- wie altersgerechtes Wohnumfeld gepaart mit n\u00fctzlichen Dienstleistungsangeboten. Definition: Was ist Betreutes Wohnen? Betreutes Wohnen und Service-Wohnen sind Wohnformen, bei denen die Bewohner &#8230; <a title=\"Betreutes Wohnen \/ Service-Wohnen\" class=\"read-more\" href=\"https:\/\/www.vitalibera.org\/community\/2025\/10\/16\/betreutes-wohnen-service-wohnen\/\" aria-label=\"Mehr Informationen \u00fcber Betreutes Wohnen \/ Service-Wohnen\">Weiterlesen<\/a><\/p>\n","protected":false},"author":2,"featured_media":3180,"comment_status":"open","ping_status":"open","sticky":false,"template":"","format":"standard","meta":{"cybocfi_hide_featured_image":"yes","_jetpack_memberships_contains_paid_content":false,"footnotes":""},"categories":[225],"tags":[],"class_list":["post-3177","post","type-post","status-publish","format-standard","has-post-thumbnail","hentry","category-hilfe-fuer-angehoerige"],"yoast_head":"<!-- This site is optimized with the Yoast SEO plugin v27.4 - https:\/\/yoast.com\/product\/yoast-seo-wordpress\/ -->\r\n<title>Betreutes Wohnen \/ Service-Wohnen - vitalibera.org<\/title>\r\n<meta name=\"description\" content=\"Wer m\u00f6chte nicht so lange wie m\u00f6glich selbstst\u00e4ndig leben? Doch manchmal erfordern das zunehmende Alter oder eine Krankheit hier und da etwas Unterst\u00fctzung. Betreutes Wohnen oder Service-Wohnen verspricht ein privates und dabei behinderten- wie altersgerechtes Wohnumfeld gepaart mit n\u00fctzlichen Dienstleistungsangeboten.\" \/>\r\n<meta name=\"robots\" content=\"index, follow, max-snippet:-1, max-image-preview:large, max-video-preview:-1\" \/>\r\n<link rel=\"canonical\" href=\"https:\/\/www.vitalibera.org\/community\/2025\/10\/16\/betreutes-wohnen-service-wohnen\/\" \/>\r\n<meta property=\"og:locale\" content=\"de_DE\" \/>\r\n<meta property=\"og:type\" content=\"article\" \/>\r\n<meta property=\"og:title\" content=\"Betreutes Wohnen \/ Service-Wohnen - vitalibera.org\" \/>\r\n<meta property=\"og:description\" content=\"Wer m\u00f6chte nicht so lange wie m\u00f6glich selbstst\u00e4ndig leben? Doch manchmal erfordern das zunehmende Alter oder eine Krankheit hier und da etwas Unterst\u00fctzung. Betreutes Wohnen oder Service-Wohnen verspricht ein privates und dabei behinderten- wie altersgerechtes Wohnumfeld gepaart mit n\u00fctzlichen Dienstleistungsangeboten.\" \/>\r\n<meta property=\"og:url\" content=\"https:\/\/www.vitalibera.org\/community\/2025\/10\/16\/betreutes-wohnen-service-wohnen\/\" \/>\r\n<meta property=\"og:site_name\" content=\"vitalibera.org\" \/>\r\n<meta property=\"article:publisher\" content=\"https:\/\/www.facebook.com\/groups\/2997085857140235\" \/>\r\n<meta property=\"article:published_time\" content=\"2025-10-16T11:20:48+00:00\" \/>\r\n<meta property=\"article:modified_time\" content=\"2025-10-16T11:32:12+00:00\" \/>\r\n<meta property=\"og:image\" content=\"https:\/\/www.vitalibera.org\/community\/wp-content\/uploads\/2025\/10\/betreuteswohnen.png\" \/>\r\n\t<meta property=\"og:image:width\" content=\"512\" \/>\r\n\t<meta property=\"og:image:height\" content=\"512\" \/>\r\n\t<meta property=\"og:image:type\" content=\"image\/png\" \/>\r\n<meta name=\"author\" content=\"Andreas Jecklin\" \/>\r\n<meta name=\"twitter:card\" content=\"summary_large_image\" \/>\r\n<meta name=\"twitter:label1\" content=\"Verfasst von\" \/>\n\t<meta name=\"twitter:data1\" content=\"Andreas Jecklin\" \/>\n\t<meta name=\"twitter:label2\" content=\"Gesch\u00e4tzte Lesezeit\" \/>\n\t<meta name=\"twitter:data2\" content=\"9\u00a0Minuten\" \/>\r\n<script type=\"application\/ld+json\" class=\"yoast-schema-graph\">{\"@context\":\"https:\\\/\\\/schema.org\",\"@graph\":[{\"@type\":\"Article\",\"@id\":\"https:\\\/\\\/www.vitalibera.org\\\/community\\\/2025\\\/10\\\/16\\\/betreutes-wohnen-service-wohnen\\\/#article\",\"isPartOf\":{\"@id\":\"https:\\\/\\\/www.vitalibera.org\\\/community\\\/2025\\\/10\\\/16\\\/betreutes-wohnen-service-wohnen\\\/\"},\"author\":{\"name\":\"Andreas Jecklin\",\"@id\":\"https:\\\/\\\/www.vitalibera.org\\\/community\\\/#\\\/schema\\\/person\\\/6712387298421f222ff6d0a2e22c1534\"},\"headline\":\"Betreutes Wohnen \\\/ Service-Wohnen\",\"datePublished\":\"2025-10-16T11:20:48+00:00\",\"dateModified\":\"2025-10-16T11:32:12+00:00\",\"mainEntityOfPage\":{\"@id\":\"https:\\\/\\\/www.vitalibera.org\\\/community\\\/2025\\\/10\\\/16\\\/betreutes-wohnen-service-wohnen\\\/\"},\"wordCount\":1614,\"commentCount\":0,\"publisher\":{\"@id\":\"https:\\\/\\\/www.vitalibera.org\\\/community\\\/#organization\"},\"image\":{\"@id\":\"https:\\\/\\\/www.vitalibera.org\\\/community\\\/2025\\\/10\\\/16\\\/betreutes-wohnen-service-wohnen\\\/#primaryimage\"},\"thumbnailUrl\":\"https:\\\/\\\/www.vitalibera.org\\\/community\\\/wp-content\\\/uploads\\\/2025\\\/10\\\/betreuteswohnen.png\",\"articleSection\":[\"Hilfe f\u00fcr Angeh\u00f6rige\"],\"inLanguage\":\"de\",\"potentialAction\":[{\"@type\":\"CommentAction\",\"name\":\"Comment\",\"target\":[\"https:\\\/\\\/www.vitalibera.org\\\/community\\\/2025\\\/10\\\/16\\\/betreutes-wohnen-service-wohnen\\\/#respond\"]}]},{\"@type\":\"WebPage\",\"@id\":\"https:\\\/\\\/www.vitalibera.org\\\/community\\\/2025\\\/10\\\/16\\\/betreutes-wohnen-service-wohnen\\\/\",\"url\":\"https:\\\/\\\/www.vitalibera.org\\\/community\\\/2025\\\/10\\\/16\\\/betreutes-wohnen-service-wohnen\\\/\",\"name\":\"Betreutes Wohnen \\\/ Service-Wohnen - vitalibera.org\",\"isPartOf\":{\"@id\":\"https:\\\/\\\/www.vitalibera.org\\\/community\\\/#website\"},\"primaryImageOfPage\":{\"@id\":\"https:\\\/\\\/www.vitalibera.org\\\/community\\\/2025\\\/10\\\/16\\\/betreutes-wohnen-service-wohnen\\\/#primaryimage\"},\"image\":{\"@id\":\"https:\\\/\\\/www.vitalibera.org\\\/community\\\/2025\\\/10\\\/16\\\/betreutes-wohnen-service-wohnen\\\/#primaryimage\"},\"thumbnailUrl\":\"https:\\\/\\\/www.vitalibera.org\\\/community\\\/wp-content\\\/uploads\\\/2025\\\/10\\\/betreuteswohnen.png\",\"datePublished\":\"2025-10-16T11:20:48+00:00\",\"dateModified\":\"2025-10-16T11:32:12+00:00\",\"description\":\"Wer m\u00f6chte nicht so lange wie m\u00f6glich selbstst\u00e4ndig leben? Doch manchmal erfordern das zunehmende Alter oder eine Krankheit hier und da etwas Unterst\u00fctzung. Betreutes Wohnen oder Service-Wohnen verspricht ein privates und dabei behinderten- wie altersgerechtes Wohnumfeld gepaart mit n\u00fctzlichen Dienstleistungsangeboten.\",\"breadcrumb\":{\"@id\":\"https:\\\/\\\/www.vitalibera.org\\\/community\\\/2025\\\/10\\\/16\\\/betreutes-wohnen-service-wohnen\\\/#breadcrumb\"},\"inLanguage\":\"de\",\"potentialAction\":[{\"@type\":\"ReadAction\",\"target\":[\"https:\\\/\\\/www.vitalibera.org\\\/community\\\/2025\\\/10\\\/16\\\/betreutes-wohnen-service-wohnen\\\/\"]}]},{\"@type\":\"BreadcrumbList\",\"@id\":\"https:\\\/\\\/www.vitalibera.org\\\/community\\\/2025\\\/10\\\/16\\\/betreutes-wohnen-service-wohnen\\\/#breadcrumb\",\"itemListElement\":[{\"@type\":\"ListItem\",\"position\":1,\"name\":\"Startseite\",\"item\":\"https:\\\/\\\/www.vitalibera.org\\\/community\\\/\"},{\"@type\":\"ListItem\",\"position\":2,\"name\":\"Betreutes Wohnen \\\/ Service-Wohnen\"}]},{\"@type\":\"WebSite\",\"@id\":\"https:\\\/\\\/www.vitalibera.org\\\/community\\\/#website\",\"url\":\"https:\\\/\\\/www.vitalibera.org\\\/community\\\/\",\"name\":\"vitalibera.org\",\"description\":\"Mit einer Einschr&auml;nkung gestaltet sich das Leben im Alltag oft schwieriger - hier berichten wir &uuml;ber unsere Erfahrungen und Hilfsmittel um den Alltag so unbeschwert und unkompliziert wie nur m&ouml;glich geniessen zu k&ouml;nnen. Dabei richten wir unseren Fokus gezielt auf Selbst&auml;ndigkeit, Eigenst&auml;ndigkeit und Selbstbestimmung.\",\"publisher\":{\"@id\":\"https:\\\/\\\/www.vitalibera.org\\\/community\\\/#organization\"},\"potentialAction\":[{\"@type\":\"SearchAction\",\"target\":{\"@type\":\"EntryPoint\",\"urlTemplate\":\"https:\\\/\\\/www.vitalibera.org\\\/community\\\/?s={search_term_string}\"},\"query-input\":{\"@type\":\"PropertyValueSpecification\",\"valueRequired\":true,\"valueName\":\"search_term_string\"}}],\"inLanguage\":\"de\"},{\"@type\":\"Organization\",\"@id\":\"https:\\\/\\\/www.vitalibera.org\\\/community\\\/#organization\",\"name\":\"vitalibera.org\",\"url\":\"https:\\\/\\\/www.vitalibera.org\\\/community\\\/\",\"logo\":{\"@type\":\"ImageObject\",\"inLanguage\":\"de\",\"@id\":\"https:\\\/\\\/www.vitalibera.org\\\/community\\\/#\\\/schema\\\/logo\\\/image\\\/\",\"url\":\"https:\\\/\\\/www.vitalibera.org\\\/community\\\/wp-content\\\/uploads\\\/2025\\\/09\\\/cropped-banner.png\",\"contentUrl\":\"https:\\\/\\\/www.vitalibera.org\\\/community\\\/wp-content\\\/uploads\\\/2025\\\/09\\\/cropped-banner.png\",\"width\":991,\"height\":150,\"caption\":\"vitalibera.org\"},\"image\":{\"@id\":\"https:\\\/\\\/www.vitalibera.org\\\/community\\\/#\\\/schema\\\/logo\\\/image\\\/\"},\"sameAs\":[\"https:\\\/\\\/www.facebook.com\\\/groups\\\/2997085857140235\"]},{\"@type\":\"Person\",\"@id\":\"https:\\\/\\\/www.vitalibera.org\\\/community\\\/#\\\/schema\\\/person\\\/6712387298421f222ff6d0a2e22c1534\",\"name\":\"Andreas Jecklin\",\"image\":{\"@type\":\"ImageObject\",\"inLanguage\":\"de\",\"@id\":\"https:\\\/\\\/secure.gravatar.com\\\/avatar\\\/ad516503a11cd5ca435acc9bb6523536?s=96\",\"url\":\"https:\\\/\\\/secure.gravatar.com\\\/avatar\\\/ad516503a11cd5ca435acc9bb6523536?s=96\",\"contentUrl\":\"https:\\\/\\\/secure.gravatar.com\\\/avatar\\\/ad516503a11cd5ca435acc9bb6523536?s=96\",\"caption\":\"Andreas Jecklin\"},\"description\":\"Manchen gab Gott die Kraft Dinge zu ver\u00e4ndern, mir gab er die Kraft zu ertragen was nicht mehr zu \u00e4ndern ist.\",\"url\":\"https:\\\/\\\/www.vitalibera.org\\\/community\\\/author\\\/andy77\\\/\"}]}<\/script>\r\n<!-- \/ Yoast SEO plugin. -->","yoast_head_json":{"title":"Betreutes Wohnen \/ Service-Wohnen - vitalibera.org","description":"Wer m\u00f6chte nicht so lange wie m\u00f6glich selbstst\u00e4ndig leben? Doch manchmal erfordern das zunehmende Alter oder eine Krankheit hier und da etwas Unterst\u00fctzung. Betreutes Wohnen oder Service-Wohnen verspricht ein privates und dabei behinderten- wie altersgerechtes Wohnumfeld gepaart mit n\u00fctzlichen Dienstleistungsangeboten.","robots":{"index":"index","follow":"follow","max-snippet":"max-snippet:-1","max-image-preview":"max-image-preview:large","max-video-preview":"max-video-preview:-1"},"canonical":"https:\/\/www.vitalibera.org\/community\/2025\/10\/16\/betreutes-wohnen-service-wohnen\/","og_locale":"de_DE","og_type":"article","og_title":"Betreutes Wohnen \/ Service-Wohnen - vitalibera.org","og_description":"Wer m\u00f6chte nicht so lange wie m\u00f6glich selbstst\u00e4ndig leben? Doch manchmal erfordern das zunehmende Alter oder eine Krankheit hier und da etwas Unterst\u00fctzung. Betreutes Wohnen oder Service-Wohnen verspricht ein privates und dabei behinderten- wie altersgerechtes Wohnumfeld gepaart mit n\u00fctzlichen Dienstleistungsangeboten.","og_url":"https:\/\/www.vitalibera.org\/community\/2025\/10\/16\/betreutes-wohnen-service-wohnen\/","og_site_name":"vitalibera.org","article_publisher":"https:\/\/www.facebook.com\/groups\/2997085857140235","article_published_time":"2025-10-16T11:20:48+00:00","article_modified_time":"2025-10-16T11:32:12+00:00","og_image":[{"width":512,"height":512,"url":"https:\/\/www.vitalibera.org\/community\/wp-content\/uploads\/2025\/10\/betreuteswohnen.png","type":"image\/png"}],"author":"Andreas Jecklin","twitter_card":"summary_large_image","twitter_misc":{"Verfasst von":"Andreas Jecklin","Gesch\u00e4tzte Lesezeit":"9\u00a0Minuten"},"schema":{"@context":"https:\/\/schema.org","@graph":[{"@type":"Article","@id":"https:\/\/www.vitalibera.org\/community\/2025\/10\/16\/betreutes-wohnen-service-wohnen\/#article","isPartOf":{"@id":"https:\/\/www.vitalibera.org\/community\/2025\/10\/16\/betreutes-wohnen-service-wohnen\/"},"author":{"name":"Andreas Jecklin","@id":"https:\/\/www.vitalibera.org\/community\/#\/schema\/person\/6712387298421f222ff6d0a2e22c1534"},"headline":"Betreutes Wohnen \/ Service-Wohnen","datePublished":"2025-10-16T11:20:48+00:00","dateModified":"2025-10-16T11:32:12+00:00","mainEntityOfPage":{"@id":"https:\/\/www.vitalibera.org\/community\/2025\/10\/16\/betreutes-wohnen-service-wohnen\/"},"wordCount":1614,"commentCount":0,"publisher":{"@id":"https:\/\/www.vitalibera.org\/community\/#organization"},"image":{"@id":"https:\/\/www.vitalibera.org\/community\/2025\/10\/16\/betreutes-wohnen-service-wohnen\/#primaryimage"},"thumbnailUrl":"https:\/\/www.vitalibera.org\/community\/wp-content\/uploads\/2025\/10\/betreuteswohnen.png","articleSection":["Hilfe f\u00fcr Angeh\u00f6rige"],"inLanguage":"de","potentialAction":[{"@type":"CommentAction","name":"Comment","target":["https:\/\/www.vitalibera.org\/community\/2025\/10\/16\/betreutes-wohnen-service-wohnen\/#respond"]}]},{"@type":"WebPage","@id":"https:\/\/www.vitalibera.org\/community\/2025\/10\/16\/betreutes-wohnen-service-wohnen\/","url":"https:\/\/www.vitalibera.org\/community\/2025\/10\/16\/betreutes-wohnen-service-wohnen\/","name":"Betreutes Wohnen \/ Service-Wohnen - vitalibera.org","isPartOf":{"@id":"https:\/\/www.vitalibera.org\/community\/#website"},"primaryImageOfPage":{"@id":"https:\/\/www.vitalibera.org\/community\/2025\/10\/16\/betreutes-wohnen-service-wohnen\/#primaryimage"},"image":{"@id":"https:\/\/www.vitalibera.org\/community\/2025\/10\/16\/betreutes-wohnen-service-wohnen\/#primaryimage"},"thumbnailUrl":"https:\/\/www.vitalibera.org\/community\/wp-content\/uploads\/2025\/10\/betreuteswohnen.png","datePublished":"2025-10-16T11:20:48+00:00","dateModified":"2025-10-16T11:32:12+00:00","description":"Wer m\u00f6chte nicht so lange wie m\u00f6glich selbstst\u00e4ndig leben? Doch manchmal erfordern das zunehmende Alter oder eine Krankheit hier und da etwas Unterst\u00fctzung. Betreutes Wohnen oder Service-Wohnen verspricht ein privates und dabei behinderten- wie altersgerechtes Wohnumfeld gepaart mit n\u00fctzlichen Dienstleistungsangeboten.","breadcrumb":{"@id":"https:\/\/www.vitalibera.org\/community\/2025\/10\/16\/betreutes-wohnen-service-wohnen\/#breadcrumb"},"inLanguage":"de","potentialAction":[{"@type":"ReadAction","target":["https:\/\/www.vitalibera.org\/community\/2025\/10\/16\/betreutes-wohnen-service-wohnen\/"]}]},{"@type":"BreadcrumbList","@id":"https:\/\/www.vitalibera.org\/community\/2025\/10\/16\/betreutes-wohnen-service-wohnen\/#breadcrumb","itemListElement":[{"@type":"ListItem","position":1,"name":"Startseite","item":"https:\/\/www.vitalibera.org\/community\/"},{"@type":"ListItem","position":2,"name":"Betreutes Wohnen \/ Service-Wohnen"}]},{"@type":"WebSite","@id":"https:\/\/www.vitalibera.org\/community\/#website","url":"https:\/\/www.vitalibera.org\/community\/","name":"vitalibera.org","description":"Mit einer Einschr&auml;nkung gestaltet sich das Leben im Alltag oft schwieriger - hier berichten wir &uuml;ber unsere Erfahrungen und Hilfsmittel um den Alltag so unbeschwert und unkompliziert wie nur m&ouml;glich geniessen zu k&ouml;nnen. Dabei richten wir unseren Fokus gezielt auf Selbst&auml;ndigkeit, Eigenst&auml;ndigkeit und Selbstbestimmung.","publisher":{"@id":"https:\/\/www.vitalibera.org\/community\/#organization"},"potentialAction":[{"@type":"SearchAction","target":{"@type":"EntryPoint","urlTemplate":"https:\/\/www.vitalibera.org\/community\/?s={search_term_string}"},"query-input":{"@type":"PropertyValueSpecification","valueRequired":true,"valueName":"search_term_string"}}],"inLanguage":"de"},{"@type":"Organization","@id":"https:\/\/www.vitalibera.org\/community\/#organization","name":"vitalibera.org","url":"https:\/\/www.vitalibera.org\/community\/","logo":{"@type":"ImageObject","inLanguage":"de","@id":"https:\/\/www.vitalibera.org\/community\/#\/schema\/logo\/image\/","url":"https:\/\/www.vitalibera.org\/community\/wp-content\/uploads\/2025\/09\/cropped-banner.png","contentUrl":"https:\/\/www.vitalibera.org\/community\/wp-content\/uploads\/2025\/09\/cropped-banner.png","width":991,"height":150,"caption":"vitalibera.org"},"image":{"@id":"https:\/\/www.vitalibera.org\/community\/#\/schema\/logo\/image\/"},"sameAs":["https:\/\/www.facebook.com\/groups\/2997085857140235"]},{"@type":"Person","@id":"https:\/\/www.vitalibera.org\/community\/#\/schema\/person\/6712387298421f222ff6d0a2e22c1534","name":"Andreas Jecklin","image":{"@type":"ImageObject","inLanguage":"de","@id":"https:\/\/secure.gravatar.com\/avatar\/ad516503a11cd5ca435acc9bb6523536?s=96","url":"https:\/\/secure.gravatar.com\/avatar\/ad516503a11cd5ca435acc9bb6523536?s=96","contentUrl":"https:\/\/secure.gravatar.com\/avatar\/ad516503a11cd5ca435acc9bb6523536?s=96","caption":"Andreas Jecklin"},"description":"Manchen gab Gott die Kraft Dinge zu ver\u00e4ndern, mir gab er die Kraft zu ertragen was nicht mehr zu \u00e4ndern ist.","url":"https:\/\/www.vitalibera.org\/community\/author\/andy77\/"}]}},"jetpack_featured_media_url":"https:\/\/www.vitalibera.org\/community\/wp-content\/uploads\/2025\/10\/betreuteswohnen.png","jetpack_sharing_enabled":true,"jetpack-related-posts":[],"_links":{"self":[{"href":"https:\/\/www.vitalibera.org\/community\/wp-json\/wp\/v2\/posts\/3177","targetHints":{"allow":["GET"]}}],"collection":[{"href":"https:\/\/www.vitalibera.org\/community\/wp-json\/wp\/v2\/posts"}],"about":[{"href":"https:\/\/www.vitalibera.org\/community\/wp-json\/wp\/v2\/types\/post"}],"author":[{"embeddable":true,"href":"https:\/\/www.vitalibera.org\/community\/wp-json\/wp\/v2\/users\/2"}],"replies":[{"embeddable":true,"href":"https:\/\/www.vitalibera.org\/community\/wp-json\/wp\/v2\/comments?post=3177"}],"version-history":[{"count":0,"href":"https:\/\/www.vitalibera.org\/community\/wp-json\/wp\/v2\/posts\/3177\/revisions"}],"wp:featuredmedia":[{"embeddable":true,"href":"https:\/\/www.vitalibera.org\/community\/wp-json\/wp\/v2\/media\/3180"}],"wp:attachment":[{"href":"https:\/\/www.vitalibera.org\/community\/wp-json\/wp\/v2\/media?parent=3177"}],"wp:term":[{"taxonomy":"category","embeddable":true,"href":"https:\/\/www.vitalibera.org\/community\/wp-json\/wp\/v2\/categories?post=3177"},{"taxonomy":"post_tag","embeddable":true,"href":"https:\/\/www.vitalibera.org\/community\/wp-json\/wp\/v2\/tags?post=3177"}],"curies":[{"name":"wp","href":"https:\/\/api.w.org\/{rel}","templated":true}]}}