{"id":3404,"date":"2025-10-19T15:04:36","date_gmt":"2025-10-19T13:04:36","guid":{"rendered":"https:\/\/www.vitalibera.org\/community\/?p=3404"},"modified":"2025-10-19T15:04:40","modified_gmt":"2025-10-19T13:04:40","slug":"reflektorband-selbstklebend","status":"publish","type":"post","link":"https:\/\/www.vitalibera.org\/community\/2025\/10\/19\/reflektorband-selbstklebend\/","title":{"rendered":"Reflektorband selbstklebend"},"content":{"rendered":"\n<p>Das selbstklebende Reflektorband leuchtet im Dunkeln und erh&ouml;ht die Sicherheit in der Dunklen Jahreszeit sowie nachts in der eigenen Wohnung. Mit dem Band lassen sich &bdquo;Hindernisse&ldquo; in den eigenen vier W&auml;nden markieren, um die Sicherheit auf dem Weg zum Lichtschalter zu erh&ouml;hen, z.B.:<\/p>\n\n\n\n<ul class=\"wp-block-list\">\n<li>Treppenstufen<\/li>\n\n\n\n<li>T&uuml;ren<\/li>\n\n\n\n<li>Schwellen<\/li>\n<\/ul>\n\n\n\n<figure class=\"wp-block-image size-full\"><img fetchpriority=\"high\" decoding=\"async\" width=\"377\" height=\"263\" src=\"https:\/\/www.vitalibera.org\/community\/wp-content\/uploads\/2025\/10\/reflektron1.png\" alt=\"\" class=\"wp-image-3405\" srcset=\"https:\/\/www.vitalibera.org\/community\/wp-content\/uploads\/2025\/10\/reflektron1.png 377w, https:\/\/www.vitalibera.org\/community\/wp-content\/uploads\/2025\/10\/reflektron1-300x209.png 300w\" sizes=\"(max-width: 377px) 100vw, 377px\" \/><\/figure>\n\n\n\n<p>Auch die Lichtschalter selbst k&ouml;nnen markiert werden, um sie zuverl&auml;ssig im Dunkeln zu finden. Drau&szlig;en sorgt das Band f&uuml;r eine bessere Sichtbarkeit im Stra&szlig;enverkehr, z.B. f&uuml;r:<\/p>\n\n\n\n<ul class=\"wp-block-list\">\n<li>Rollatoren<\/li>\n\n\n\n<li>Rollst&uuml;hle<\/li>\n\n\n\n<li>Gehst&ouml;cke<\/li>\n<\/ul>\n\n\n\n<figure class=\"wp-block-image size-full is-resized\"><img decoding=\"async\" width=\"750\" height=\"750\" src=\"https:\/\/www.vitalibera.org\/community\/wp-content\/uploads\/2025\/10\/12110_522475_1920x1920.jpg\" alt=\"\" class=\"wp-image-3406\" style=\"width:324px;height:auto\" srcset=\"https:\/\/www.vitalibera.org\/community\/wp-content\/uploads\/2025\/10\/12110_522475_1920x1920.jpg 750w, https:\/\/www.vitalibera.org\/community\/wp-content\/uploads\/2025\/10\/12110_522475_1920x1920-300x300.jpg 300w, https:\/\/www.vitalibera.org\/community\/wp-content\/uploads\/2025\/10\/12110_522475_1920x1920-150x150.jpg 150w\" sizes=\"(max-width: 750px) 100vw, 750px\" \/><\/figure>\n\n\n\n<p><a href=\"https:\/\/www.iuvascare.de\/Reflektorband-selbstklebend\" target=\"_blank\" rel=\"noreferrer noopener\">Zum Angebot<\/a><\/p>\n","protected":false},"excerpt":{"rendered":"<p>Das selbstklebende Reflektorband leuchtet im Dunkeln und erh\u00f6ht die Sicherheit in der Dunklen Jahreszeit sowie nachts in der eigenen Wohnung. Mit dem Band lassen sich \u201eHindernisse\u201c in den eigenen vier W\u00e4nden markieren, um die Sicherheit auf dem Weg zum Lichtschalter zu erh\u00f6hen, z.B.: Auch die Lichtschalter selbst k\u00f6nnen markiert werden, um sie zuverl\u00e4ssig im Dunkeln &#8230; <a title=\"Reflektorband selbstklebend\" class=\"read-more\" href=\"https:\/\/www.vitalibera.org\/community\/2025\/10\/19\/reflektorband-selbstklebend\/\" aria-label=\"Mehr Informationen \u00fcber Reflektorband selbstklebend\">Weiterlesen<\/a><\/p>\n","protected":false},"author":1,"featured_media":3405,"comment_status":"open","ping_status":"open","sticky":false,"template":"","format":"standard","meta":{"cybocfi_hide_featured_image":"yes","_jetpack_memberships_contains_paid_content":false,"footnotes":""},"categories":[74],"tags":[],"class_list":["post-3404","post","type-post","status-publish","format-standard","has-post-thumbnail","hentry","category-sicherheit"],"yoast_head":"<!-- This site is optimized with the Yoast SEO plugin v27.4 - https:\/\/yoast.com\/product\/yoast-seo-wordpress\/ -->\r\n<title>Reflektorband selbstklebend - vitalibera.org<\/title>\r\n<meta name=\"robots\" content=\"index, follow, max-snippet:-1, max-image-preview:large, max-video-preview:-1\" \/>\r\n<link rel=\"canonical\" href=\"https:\/\/www.vitalibera.org\/community\/2025\/10\/19\/reflektorband-selbstklebend\/\" \/>\r\n<meta property=\"og:locale\" content=\"de_DE\" \/>\r\n<meta property=\"og:type\" content=\"article\" \/>\r\n<meta property=\"og:title\" content=\"Reflektorband selbstklebend - vitalibera.org\" \/>\r\n<meta property=\"og:description\" content=\"Das selbstklebende Reflektorband leuchtet im Dunkeln und erh\u00f6ht die Sicherheit in der Dunklen Jahreszeit sowie nachts in der eigenen Wohnung. Mit dem Band lassen sich \u201eHindernisse\u201c in den eigenen vier W\u00e4nden markieren, um die Sicherheit auf dem Weg zum Lichtschalter zu erh\u00f6hen, z.B.: Auch die Lichtschalter selbst k\u00f6nnen markiert werden, um sie zuverl\u00e4ssig im Dunkeln ... Weiterlesen\" \/>\r\n<meta property=\"og:url\" content=\"https:\/\/www.vitalibera.org\/community\/2025\/10\/19\/reflektorband-selbstklebend\/\" \/>\r\n<meta property=\"og:site_name\" content=\"vitalibera.org\" \/>\r\n<meta property=\"article:publisher\" content=\"https:\/\/www.facebook.com\/groups\/2997085857140235\" \/>\r\n<meta property=\"article:published_time\" content=\"2025-10-19T13:04:36+00:00\" \/>\r\n<meta property=\"article:modified_time\" content=\"2025-10-19T13:04:40+00:00\" \/>\r\n<meta property=\"og:image\" content=\"https:\/\/www.vitalibera.org\/community\/wp-content\/uploads\/2025\/10\/reflektron1.png\" \/>\r\n\t<meta property=\"og:image:width\" content=\"377\" \/>\r\n\t<meta property=\"og:image:height\" content=\"263\" \/>\r\n\t<meta property=\"og:image:type\" content=\"image\/png\" \/>\r\n<meta name=\"author\" content=\"admin\" \/>\r\n<meta name=\"twitter:card\" content=\"summary_large_image\" \/>\r\n<meta name=\"twitter:label1\" content=\"Verfasst von\" \/>\n\t<meta name=\"twitter:data1\" content=\"admin\" \/>\n\t<meta name=\"twitter:label2\" content=\"Gesch\u00e4tzte Lesezeit\" \/>\n\t<meta name=\"twitter:data2\" content=\"2\u00a0Minuten\" \/>\r\n<script type=\"application\/ld+json\" class=\"yoast-schema-graph\">{\"@context\":\"https:\\\/\\\/schema.org\",\"@graph\":[{\"@type\":\"Article\",\"@id\":\"https:\\\/\\\/www.vitalibera.org\\\/community\\\/2025\\\/10\\\/19\\\/reflektorband-selbstklebend\\\/#article\",\"isPartOf\":{\"@id\":\"https:\\\/\\\/www.vitalibera.org\\\/community\\\/2025\\\/10\\\/19\\\/reflektorband-selbstklebend\\\/\"},\"author\":{\"name\":\"admin\",\"@id\":\"https:\\\/\\\/www.vitalibera.org\\\/community\\\/#\\\/schema\\\/person\\\/c535fa8d561f7f8ca425ced40d87e582\"},\"headline\":\"Reflektorband selbstklebend\",\"datePublished\":\"2025-10-19T13:04:36+00:00\",\"dateModified\":\"2025-10-19T13:04:40+00:00\",\"mainEntityOfPage\":{\"@id\":\"https:\\\/\\\/www.vitalibera.org\\\/community\\\/2025\\\/10\\\/19\\\/reflektorband-selbstklebend\\\/\"},\"wordCount\":93,\"commentCount\":1,\"publisher\":{\"@id\":\"https:\\\/\\\/www.vitalibera.org\\\/community\\\/#organization\"},\"image\":{\"@id\":\"https:\\\/\\\/www.vitalibera.org\\\/community\\\/2025\\\/10\\\/19\\\/reflektorband-selbstklebend\\\/#primaryimage\"},\"thumbnailUrl\":\"https:\\\/\\\/www.vitalibera.org\\\/community\\\/wp-content\\\/uploads\\\/2025\\\/10\\\/reflektron1.png\",\"articleSection\":[\"Sicherheit\"],\"inLanguage\":\"de\",\"potentialAction\":[{\"@type\":\"CommentAction\",\"name\":\"Comment\",\"target\":[\"https:\\\/\\\/www.vitalibera.org\\\/community\\\/2025\\\/10\\\/19\\\/reflektorband-selbstklebend\\\/#respond\"]}]},{\"@type\":\"WebPage\",\"@id\":\"https:\\\/\\\/www.vitalibera.org\\\/community\\\/2025\\\/10\\\/19\\\/reflektorband-selbstklebend\\\/\",\"url\":\"https:\\\/\\\/www.vitalibera.org\\\/community\\\/2025\\\/10\\\/19\\\/reflektorband-selbstklebend\\\/\",\"name\":\"Reflektorband selbstklebend - vitalibera.org\",\"isPartOf\":{\"@id\":\"https:\\\/\\\/www.vitalibera.org\\\/community\\\/#website\"},\"primaryImageOfPage\":{\"@id\":\"https:\\\/\\\/www.vitalibera.org\\\/community\\\/2025\\\/10\\\/19\\\/reflektorband-selbstklebend\\\/#primaryimage\"},\"image\":{\"@id\":\"https:\\\/\\\/www.vitalibera.org\\\/community\\\/2025\\\/10\\\/19\\\/reflektorband-selbstklebend\\\/#primaryimage\"},\"thumbnailUrl\":\"https:\\\/\\\/www.vitalibera.org\\\/community\\\/wp-content\\\/uploads\\\/2025\\\/10\\\/reflektron1.png\",\"datePublished\":\"2025-10-19T13:04:36+00:00\",\"dateModified\":\"2025-10-19T13:04:40+00:00\",\"breadcrumb\":{\"@id\":\"https:\\\/\\\/www.vitalibera.org\\\/community\\\/2025\\\/10\\\/19\\\/reflektorband-selbstklebend\\\/#breadcrumb\"},\"inLanguage\":\"de\",\"potentialAction\":[{\"@type\":\"ReadAction\",\"target\":[\"https:\\\/\\\/www.vitalibera.org\\\/community\\\/2025\\\/10\\\/19\\\/reflektorband-selbstklebend\\\/\"]}]},{\"@type\":\"BreadcrumbList\",\"@id\":\"https:\\\/\\\/www.vitalibera.org\\\/community\\\/2025\\\/10\\\/19\\\/reflektorband-selbstklebend\\\/#breadcrumb\",\"itemListElement\":[{\"@type\":\"ListItem\",\"position\":1,\"name\":\"Startseite\",\"item\":\"https:\\\/\\\/www.vitalibera.org\\\/community\\\/\"},{\"@type\":\"ListItem\",\"position\":2,\"name\":\"Reflektorband selbstklebend\"}]},{\"@type\":\"WebSite\",\"@id\":\"https:\\\/\\\/www.vitalibera.org\\\/community\\\/#website\",\"url\":\"https:\\\/\\\/www.vitalibera.org\\\/community\\\/\",\"name\":\"vitalibera.org\",\"description\":\"Mit einer Einschr&auml;nkung gestaltet sich das Leben im Alltag oft schwieriger - hier berichten wir &uuml;ber unsere Erfahrungen und Hilfsmittel um den Alltag so unbeschwert und unkompliziert wie nur m&ouml;glich geniessen zu k&ouml;nnen. Dabei richten wir unseren Fokus gezielt auf Selbst&auml;ndigkeit, Eigenst&auml;ndigkeit und Selbstbestimmung.\",\"publisher\":{\"@id\":\"https:\\\/\\\/www.vitalibera.org\\\/community\\\/#organization\"},\"potentialAction\":[{\"@type\":\"SearchAction\",\"target\":{\"@type\":\"EntryPoint\",\"urlTemplate\":\"https:\\\/\\\/www.vitalibera.org\\\/community\\\/?s={search_term_string}\"},\"query-input\":{\"@type\":\"PropertyValueSpecification\",\"valueRequired\":true,\"valueName\":\"search_term_string\"}}],\"inLanguage\":\"de\"},{\"@type\":\"Organization\",\"@id\":\"https:\\\/\\\/www.vitalibera.org\\\/community\\\/#organization\",\"name\":\"vitalibera.org\",\"url\":\"https:\\\/\\\/www.vitalibera.org\\\/community\\\/\",\"logo\":{\"@type\":\"ImageObject\",\"inLanguage\":\"de\",\"@id\":\"https:\\\/\\\/www.vitalibera.org\\\/community\\\/#\\\/schema\\\/logo\\\/image\\\/\",\"url\":\"https:\\\/\\\/www.vitalibera.org\\\/community\\\/wp-content\\\/uploads\\\/2025\\\/09\\\/cropped-banner.png\",\"contentUrl\":\"https:\\\/\\\/www.vitalibera.org\\\/community\\\/wp-content\\\/uploads\\\/2025\\\/09\\\/cropped-banner.png\",\"width\":991,\"height\":150,\"caption\":\"vitalibera.org\"},\"image\":{\"@id\":\"https:\\\/\\\/www.vitalibera.org\\\/community\\\/#\\\/schema\\\/logo\\\/image\\\/\"},\"sameAs\":[\"https:\\\/\\\/www.facebook.com\\\/groups\\\/2997085857140235\"]},{\"@type\":\"Person\",\"@id\":\"https:\\\/\\\/www.vitalibera.org\\\/community\\\/#\\\/schema\\\/person\\\/c535fa8d561f7f8ca425ced40d87e582\",\"name\":\"admin\",\"image\":{\"@type\":\"ImageObject\",\"inLanguage\":\"de\",\"@id\":\"https:\\\/\\\/secure.gravatar.com\\\/avatar\\\/ad516503a11cd5ca435acc9bb6523536?s=96\",\"url\":\"https:\\\/\\\/secure.gravatar.com\\\/avatar\\\/ad516503a11cd5ca435acc9bb6523536?s=96\",\"contentUrl\":\"https:\\\/\\\/secure.gravatar.com\\\/avatar\\\/ad516503a11cd5ca435acc9bb6523536?s=96\",\"caption\":\"admin\"},\"description\":\"admin\",\"sameAs\":[\"http:\\\/\\\/www.vitalibera.org\\\/community\"],\"url\":\"https:\\\/\\\/www.vitalibera.org\\\/community\\\/author\\\/admin\\\/\"}]}<\/script>\r\n<!-- \/ Yoast SEO plugin. -->","yoast_head_json":{"title":"Reflektorband selbstklebend - vitalibera.org","robots":{"index":"index","follow":"follow","max-snippet":"max-snippet:-1","max-image-preview":"max-image-preview:large","max-video-preview":"max-video-preview:-1"},"canonical":"https:\/\/www.vitalibera.org\/community\/2025\/10\/19\/reflektorband-selbstklebend\/","og_locale":"de_DE","og_type":"article","og_title":"Reflektorband selbstklebend - vitalibera.org","og_description":"Das selbstklebende Reflektorband leuchtet im Dunkeln und erh\u00f6ht die Sicherheit in der Dunklen Jahreszeit sowie nachts in der eigenen Wohnung. Mit dem Band lassen sich \u201eHindernisse\u201c in den eigenen vier W\u00e4nden markieren, um die Sicherheit auf dem Weg zum Lichtschalter zu erh\u00f6hen, z.B.: Auch die Lichtschalter selbst k\u00f6nnen markiert werden, um sie zuverl\u00e4ssig im Dunkeln ... Weiterlesen","og_url":"https:\/\/www.vitalibera.org\/community\/2025\/10\/19\/reflektorband-selbstklebend\/","og_site_name":"vitalibera.org","article_publisher":"https:\/\/www.facebook.com\/groups\/2997085857140235","article_published_time":"2025-10-19T13:04:36+00:00","article_modified_time":"2025-10-19T13:04:40+00:00","og_image":[{"width":377,"height":263,"url":"https:\/\/www.vitalibera.org\/community\/wp-content\/uploads\/2025\/10\/reflektron1.png","type":"image\/png"}],"author":"admin","twitter_card":"summary_large_image","twitter_misc":{"Verfasst von":"admin","Gesch\u00e4tzte Lesezeit":"2\u00a0Minuten"},"schema":{"@context":"https:\/\/schema.org","@graph":[{"@type":"Article","@id":"https:\/\/www.vitalibera.org\/community\/2025\/10\/19\/reflektorband-selbstklebend\/#article","isPartOf":{"@id":"https:\/\/www.vitalibera.org\/community\/2025\/10\/19\/reflektorband-selbstklebend\/"},"author":{"name":"admin","@id":"https:\/\/www.vitalibera.org\/community\/#\/schema\/person\/c535fa8d561f7f8ca425ced40d87e582"},"headline":"Reflektorband selbstklebend","datePublished":"2025-10-19T13:04:36+00:00","dateModified":"2025-10-19T13:04:40+00:00","mainEntityOfPage":{"@id":"https:\/\/www.vitalibera.org\/community\/2025\/10\/19\/reflektorband-selbstklebend\/"},"wordCount":93,"commentCount":1,"publisher":{"@id":"https:\/\/www.vitalibera.org\/community\/#organization"},"image":{"@id":"https:\/\/www.vitalibera.org\/community\/2025\/10\/19\/reflektorband-selbstklebend\/#primaryimage"},"thumbnailUrl":"https:\/\/www.vitalibera.org\/community\/wp-content\/uploads\/2025\/10\/reflektron1.png","articleSection":["Sicherheit"],"inLanguage":"de","potentialAction":[{"@type":"CommentAction","name":"Comment","target":["https:\/\/www.vitalibera.org\/community\/2025\/10\/19\/reflektorband-selbstklebend\/#respond"]}]},{"@type":"WebPage","@id":"https:\/\/www.vitalibera.org\/community\/2025\/10\/19\/reflektorband-selbstklebend\/","url":"https:\/\/www.vitalibera.org\/community\/2025\/10\/19\/reflektorband-selbstklebend\/","name":"Reflektorband selbstklebend - vitalibera.org","isPartOf":{"@id":"https:\/\/www.vitalibera.org\/community\/#website"},"primaryImageOfPage":{"@id":"https:\/\/www.vitalibera.org\/community\/2025\/10\/19\/reflektorband-selbstklebend\/#primaryimage"},"image":{"@id":"https:\/\/www.vitalibera.org\/community\/2025\/10\/19\/reflektorband-selbstklebend\/#primaryimage"},"thumbnailUrl":"https:\/\/www.vitalibera.org\/community\/wp-content\/uploads\/2025\/10\/reflektron1.png","datePublished":"2025-10-19T13:04:36+00:00","dateModified":"2025-10-19T13:04:40+00:00","breadcrumb":{"@id":"https:\/\/www.vitalibera.org\/community\/2025\/10\/19\/reflektorband-selbstklebend\/#breadcrumb"},"inLanguage":"de","potentialAction":[{"@type":"ReadAction","target":["https:\/\/www.vitalibera.org\/community\/2025\/10\/19\/reflektorband-selbstklebend\/"]}]},{"@type":"BreadcrumbList","@id":"https:\/\/www.vitalibera.org\/community\/2025\/10\/19\/reflektorband-selbstklebend\/#breadcrumb","itemListElement":[{"@type":"ListItem","position":1,"name":"Startseite","item":"https:\/\/www.vitalibera.org\/community\/"},{"@type":"ListItem","position":2,"name":"Reflektorband selbstklebend"}]},{"@type":"WebSite","@id":"https:\/\/www.vitalibera.org\/community\/#website","url":"https:\/\/www.vitalibera.org\/community\/","name":"vitalibera.org","description":"Mit einer Einschr&auml;nkung gestaltet sich das Leben im Alltag oft schwieriger - hier berichten wir &uuml;ber unsere Erfahrungen und Hilfsmittel um den Alltag so unbeschwert und unkompliziert wie nur m&ouml;glich geniessen zu k&ouml;nnen. Dabei richten wir unseren Fokus gezielt auf Selbst&auml;ndigkeit, Eigenst&auml;ndigkeit und Selbstbestimmung.","publisher":{"@id":"https:\/\/www.vitalibera.org\/community\/#organization"},"potentialAction":[{"@type":"SearchAction","target":{"@type":"EntryPoint","urlTemplate":"https:\/\/www.vitalibera.org\/community\/?s={search_term_string}"},"query-input":{"@type":"PropertyValueSpecification","valueRequired":true,"valueName":"search_term_string"}}],"inLanguage":"de"},{"@type":"Organization","@id":"https:\/\/www.vitalibera.org\/community\/#organization","name":"vitalibera.org","url":"https:\/\/www.vitalibera.org\/community\/","logo":{"@type":"ImageObject","inLanguage":"de","@id":"https:\/\/www.vitalibera.org\/community\/#\/schema\/logo\/image\/","url":"https:\/\/www.vitalibera.org\/community\/wp-content\/uploads\/2025\/09\/cropped-banner.png","contentUrl":"https:\/\/www.vitalibera.org\/community\/wp-content\/uploads\/2025\/09\/cropped-banner.png","width":991,"height":150,"caption":"vitalibera.org"},"image":{"@id":"https:\/\/www.vitalibera.org\/community\/#\/schema\/logo\/image\/"},"sameAs":["https:\/\/www.facebook.com\/groups\/2997085857140235"]},{"@type":"Person","@id":"https:\/\/www.vitalibera.org\/community\/#\/schema\/person\/c535fa8d561f7f8ca425ced40d87e582","name":"admin","image":{"@type":"ImageObject","inLanguage":"de","@id":"https:\/\/secure.gravatar.com\/avatar\/ad516503a11cd5ca435acc9bb6523536?s=96","url":"https:\/\/secure.gravatar.com\/avatar\/ad516503a11cd5ca435acc9bb6523536?s=96","contentUrl":"https:\/\/secure.gravatar.com\/avatar\/ad516503a11cd5ca435acc9bb6523536?s=96","caption":"admin"},"description":"admin","sameAs":["http:\/\/www.vitalibera.org\/community"],"url":"https:\/\/www.vitalibera.org\/community\/author\/admin\/"}]}},"jetpack_featured_media_url":"https:\/\/www.vitalibera.org\/community\/wp-content\/uploads\/2025\/10\/reflektron1.png","jetpack_sharing_enabled":true,"jetpack-related-posts":[],"_links":{"self":[{"href":"https:\/\/www.vitalibera.org\/community\/wp-json\/wp\/v2\/posts\/3404","targetHints":{"allow":["GET"]}}],"collection":[{"href":"https:\/\/www.vitalibera.org\/community\/wp-json\/wp\/v2\/posts"}],"about":[{"href":"https:\/\/www.vitalibera.org\/community\/wp-json\/wp\/v2\/types\/post"}],"author":[{"embeddable":true,"href":"https:\/\/www.vitalibera.org\/community\/wp-json\/wp\/v2\/users\/1"}],"replies":[{"embeddable":true,"href":"https:\/\/www.vitalibera.org\/community\/wp-json\/wp\/v2\/comments?post=3404"}],"version-history":[{"count":0,"href":"https:\/\/www.vitalibera.org\/community\/wp-json\/wp\/v2\/posts\/3404\/revisions"}],"wp:featuredmedia":[{"embeddable":true,"href":"https:\/\/www.vitalibera.org\/community\/wp-json\/wp\/v2\/media\/3405"}],"wp:attachment":[{"href":"https:\/\/www.vitalibera.org\/community\/wp-json\/wp\/v2\/media?parent=3404"}],"wp:term":[{"taxonomy":"category","embeddable":true,"href":"https:\/\/www.vitalibera.org\/community\/wp-json\/wp\/v2\/categories?post=3404"},{"taxonomy":"post_tag","embeddable":true,"href":"https:\/\/www.vitalibera.org\/community\/wp-json\/wp\/v2\/tags?post=3404"}],"curies":[{"name":"wp","href":"https:\/\/api.w.org\/{rel}","templated":true}]}}