{"id":3446,"date":"2025-10-19T22:43:44","date_gmt":"2025-10-19T20:43:44","guid":{"rendered":"https:\/\/www.vitalibera.org\/community\/?p=3446"},"modified":"2025-10-19T22:43:48","modified_gmt":"2025-10-19T20:43:48","slug":"einschraenkungsinduzierte-bewegungstherapie","status":"publish","type":"post","link":"https:\/\/www.vitalibera.org\/community\/2025\/10\/19\/einschraenkungsinduzierte-bewegungstherapie\/","title":{"rendered":"Einschr\u00e4nkungsinduzierte Bewegungstherapie"},"content":{"rendered":"\n<div class=\"wp-block-media-text is-stacked-on-mobile is-vertically-aligned-top\" style=\"grid-template-columns:45% auto\"><figure class=\"wp-block-media-text__media\"><img fetchpriority=\"high\" decoding=\"async\" width=\"1024\" height=\"633\" src=\"http:\/\/www.vitalibera.org\/community\/wp-content\/uploads\/2025\/10\/cimt0-1024x633.jpg\" alt=\"\" class=\"wp-image-3448 size-full\" srcset=\"https:\/\/www.vitalibera.org\/community\/wp-content\/uploads\/2025\/10\/cimt0-1024x633.jpg 1024w, https:\/\/www.vitalibera.org\/community\/wp-content\/uploads\/2025\/10\/cimt0-300x185.jpg 300w, https:\/\/www.vitalibera.org\/community\/wp-content\/uploads\/2025\/10\/cimt0-768x475.jpg 768w, https:\/\/www.vitalibera.org\/community\/wp-content\/uploads\/2025\/10\/cimt0-1536x949.jpg 1536w, https:\/\/www.vitalibera.org\/community\/wp-content\/uploads\/2025\/10\/cimt0-2048x1266.jpg 2048w\" sizes=\"(max-width: 1024px) 100vw, 1024px\" \/><\/figure><div class=\"wp-block-media-text__content\">\n<p>Die<strong> Einschr&auml;nkungsinduzierte Bewegungstherapie<\/strong>, auch&nbsp;<strong>Constraint-Induced Movement Therapy (CIMT)&nbsp;<\/strong>genannt, ist eine Rehabilitationstechnik, die die Nutzung einer gel&auml;hmten Extremit&auml;t (oft eines Arms) durch die Einschr&auml;nkung der nicht betroffenen Seite f&ouml;rdert. Sie erzwingt die Nutzung des betroffenen Gliedes, um neuronale Verbindungen zu stimulieren und die Funktion zu verbessern. Diese Therapie ist besonders wirksam bei Menschen mit <a href=\"https:\/\/www.vitalibera.org\/community\/enzyklopaedie\/hemiparese\/\" target=\"_self\" title=\"Eine Hemiparese ist eine&nbsp;L&auml;hmung einer K&ouml;rperh&auml;lfte, bei der noch eine Restaktivit&auml;t vorhanden sein kann. Eine Hemiparese entsteht durch Sch&auml;digungen im Gehirn, wie bei einem Schlaganfall oder durch einen Unfall. Es kommt zu einer Verminderung der Kraft in Gesicht, Arm und Bein in einer K&ouml;rperh&auml;lfte.\" class=\"encyclopedia\">Hemiparese<\/a> (Halbseitenl&auml;hmung), erfordert jedoch eine professionelle Anleitung, da sie f&uuml;r Patienten frustrierend sein kann.&nbsp;<\/p>\n<\/div><\/div>\n\n\n\n<p>So funktioniert sie<\/p>\n\n\n\n<ul class=\"wp-block-list\">\n<li><strong>Einschr&auml;nkung:<\/strong>&nbsp;Die nicht <a href=\"https:\/\/www.vitalibera.org\/community\/2026\/04\/19\/wenn-reize-laut-werden-und-menschen-leise\/\">betroffene<\/a> Gliedma&szlig;e wird f&uuml;r einen bestimmten Zeitraum immobilisiert, zum Beispiel durch eine Schiene oder einen Handschuh.<\/li>\n\n\n\n<li><strong>Intensives Training:<\/strong>&nbsp;In dieser Zeit muss der Patient den gel&auml;hmten Arm intensiv und wiederholt f&uuml;r Alltagsaufgaben nutzen.<\/li>\n\n\n\n<li><strong>Ziel:<\/strong>&nbsp;Durch das intensive &Uuml;ben werden neue neuronale Pfade im Gehirn angeregt, was die erlernte Nichtverwendung stoppt und die neurologische Wiederherstellung f&ouml;rdert.<\/li>\n\n\n\n<li><strong>Ergebnis:<\/strong>&nbsp;Das Ziel ist, dass die Betroffenen den gel&auml;hmten Arm wieder vermehrt im Alltag einsetzen k&ouml;nnen, indem sie die vorhandenen Funktionen verbessern und in allt&auml;gliche Handlungen integrieren.&nbsp;<\/li>\n<\/ul>\n\n\n\n<p>Wichtige Aspekte<\/p>\n\n\n\n<ul class=\"wp-block-list\">\n<li><strong>Geeignet f&uuml;r:<\/strong>&nbsp;Menschen mit <a href=\"https:\/\/www.vitalibera.org\/community\/enzyklopaedie\/hemiparese\/\" target=\"_self\" title=\"Eine Hemiparese ist eine&nbsp;L&auml;hmung einer K&ouml;rperh&auml;lfte, bei der noch eine Restaktivit&auml;t vorhanden sein kann. Eine Hemiparese entsteht durch Sch&auml;digungen im Gehirn, wie bei einem Schlaganfall oder durch einen Unfall. Es kommt zu einer Verminderung der Kraft in Gesicht, Arm und Bein in einer K&ouml;rperh&auml;lfte.\" class=\"encyclopedia\">Hemiparese<\/a>, die bereits minimale Bewegungsm&ouml;glichkeiten in der betroffenen Extremit&auml;t haben (z.B. Schulter, Ellenbogen, Handgelenk, Daumen).<\/li>\n\n\n\n<li><strong>Klinisch erwiesen:<\/strong>&nbsp;Studien zeigen, dass diese Therapie zu deutlichen Verbesserungen der Armbeweglichkeit f&uuml;hren kann.<\/li>\n\n\n\n<li><strong>Intensit&auml;t:<\/strong>&nbsp;Sie ist als intensive Therapie konzipiert, kann aber auch in modifizierter Form ambulant eingesetzt werden.<\/li>\n\n\n\n<li><strong>Wichtiger Hinweis:<\/strong>&nbsp;Da die Therapie frustrierend sein kann, ist sie am effektivsten unter der Anleitung eines ausgebildeten Therapeuten.&nbsp;<\/li>\n<\/ul>\n\n\n\n<p><\/p>\n","protected":false},"excerpt":{"rendered":"<p>Die Einschr\u00e4nkungsinduzierte Bewegungstherapie, auch\u00a0Constraint-Induced Movement Therapy (CIMT)\u00a0genannt, ist eine Rehabilitationstechnik, die die Nutzung einer gel\u00e4hmten Extremit\u00e4t (oft eines Arms) durch die Einschr\u00e4nkung der nicht betroffenen Seite f\u00f6rdert. Sie erzwingt die Nutzung des betroffenen Gliedes, um neuronale Verbindungen zu stimulieren und die Funktion zu verbessern. Diese Therapie ist besonders wirksam bei Menschen mit Hemiparese (Halbseitenl\u00e4hmung), erfordert &#8230; <a title=\"Einschr\u00e4nkungsinduzierte Bewegungstherapie\" class=\"read-more\" href=\"https:\/\/www.vitalibera.org\/community\/2025\/10\/19\/einschraenkungsinduzierte-bewegungstherapie\/\" aria-label=\"Mehr Informationen \u00fcber Einschr\u00e4nkungsinduzierte Bewegungstherapie\">Weiterlesen<\/a><\/p>\n","protected":false},"author":1,"featured_media":3447,"comment_status":"open","ping_status":"open","sticky":false,"template":"","format":"standard","meta":{"cybocfi_hide_featured_image":"yes","_jetpack_memberships_contains_paid_content":false,"footnotes":""},"categories":[71,160],"tags":[],"class_list":["post-3446","post","type-post","status-publish","format-standard","has-post-thumbnail","hentry","category-sonstige-therapien","category-therapien"],"yoast_head":"<!-- This site is optimized with the Yoast SEO plugin v27.4 - https:\/\/yoast.com\/product\/yoast-seo-wordpress\/ -->\r\n<title>Einschr\u00e4nkungsinduzierte Bewegungstherapie - vitalibera.org<\/title>\r\n<meta name=\"robots\" content=\"index, follow, max-snippet:-1, max-image-preview:large, max-video-preview:-1\" \/>\r\n<link rel=\"canonical\" href=\"https:\/\/www.vitalibera.org\/community\/2025\/10\/19\/einschraenkungsinduzierte-bewegungstherapie\/\" \/>\r\n<meta property=\"og:locale\" content=\"de_DE\" \/>\r\n<meta property=\"og:type\" content=\"article\" \/>\r\n<meta property=\"og:title\" content=\"Einschr\u00e4nkungsinduzierte Bewegungstherapie - vitalibera.org\" \/>\r\n<meta property=\"og:description\" content=\"Die Einschr\u00e4nkungsinduzierte Bewegungstherapie, auch\u00a0Constraint-Induced Movement Therapy (CIMT)\u00a0genannt, ist eine Rehabilitationstechnik, die die Nutzung einer gel\u00e4hmten Extremit\u00e4t (oft eines Arms) durch die Einschr\u00e4nkung der nicht betroffenen Seite f\u00f6rdert. Sie erzwingt die Nutzung des betroffenen Gliedes, um neuronale Verbindungen zu stimulieren und die Funktion zu verbessern. Diese Therapie ist besonders wirksam bei Menschen mit Hemiparese (Halbseitenl\u00e4hmung), erfordert ... Weiterlesen\" \/>\r\n<meta property=\"og:url\" content=\"https:\/\/www.vitalibera.org\/community\/2025\/10\/19\/einschraenkungsinduzierte-bewegungstherapie\/\" \/>\r\n<meta property=\"og:site_name\" content=\"vitalibera.org\" \/>\r\n<meta property=\"article:publisher\" content=\"https:\/\/www.facebook.com\/groups\/2997085857140235\" \/>\r\n<meta property=\"article:published_time\" content=\"2025-10-19T20:43:44+00:00\" \/>\r\n<meta property=\"article:modified_time\" content=\"2025-10-19T20:43:48+00:00\" \/>\r\n<meta property=\"og:image\" content=\"https:\/\/www.vitalibera.org\/community\/wp-content\/uploads\/2025\/10\/cimt.jpg\" \/>\r\n\t<meta property=\"og:image:width\" content=\"225\" \/>\r\n\t<meta property=\"og:image:height\" content=\"225\" \/>\r\n\t<meta property=\"og:image:type\" content=\"image\/jpeg\" \/>\r\n<meta name=\"author\" content=\"admin\" \/>\r\n<meta name=\"twitter:card\" content=\"summary_large_image\" \/>\r\n<meta name=\"twitter:label1\" content=\"Verfasst von\" \/>\n\t<meta name=\"twitter:data1\" content=\"admin\" \/>\n\t<meta name=\"twitter:label2\" content=\"Gesch\u00e4tzte Lesezeit\" \/>\n\t<meta name=\"twitter:data2\" content=\"2\u00a0Minuten\" \/>\r\n<script type=\"application\/ld+json\" class=\"yoast-schema-graph\">{\"@context\":\"https:\\\/\\\/schema.org\",\"@graph\":[{\"@type\":\"Article\",\"@id\":\"https:\\\/\\\/www.vitalibera.org\\\/community\\\/2025\\\/10\\\/19\\\/einschraenkungsinduzierte-bewegungstherapie\\\/#article\",\"isPartOf\":{\"@id\":\"https:\\\/\\\/www.vitalibera.org\\\/community\\\/2025\\\/10\\\/19\\\/einschraenkungsinduzierte-bewegungstherapie\\\/\"},\"author\":{\"name\":\"admin\",\"@id\":\"https:\\\/\\\/www.vitalibera.org\\\/community\\\/#\\\/schema\\\/person\\\/c535fa8d561f7f8ca425ced40d87e582\"},\"headline\":\"Einschr\u00e4nkungsinduzierte Bewegungstherapie\",\"datePublished\":\"2025-10-19T20:43:44+00:00\",\"dateModified\":\"2025-10-19T20:43:48+00:00\",\"mainEntityOfPage\":{\"@id\":\"https:\\\/\\\/www.vitalibera.org\\\/community\\\/2025\\\/10\\\/19\\\/einschraenkungsinduzierte-bewegungstherapie\\\/\"},\"wordCount\":250,\"commentCount\":0,\"publisher\":{\"@id\":\"https:\\\/\\\/www.vitalibera.org\\\/community\\\/#organization\"},\"image\":{\"@id\":\"https:\\\/\\\/www.vitalibera.org\\\/community\\\/2025\\\/10\\\/19\\\/einschraenkungsinduzierte-bewegungstherapie\\\/#primaryimage\"},\"thumbnailUrl\":\"https:\\\/\\\/www.vitalibera.org\\\/community\\\/wp-content\\\/uploads\\\/2025\\\/10\\\/cimt.jpg\",\"articleSection\":[\"sonstige Therapien\",\"Therapien\"],\"inLanguage\":\"de\",\"potentialAction\":[{\"@type\":\"CommentAction\",\"name\":\"Comment\",\"target\":[\"https:\\\/\\\/www.vitalibera.org\\\/community\\\/2025\\\/10\\\/19\\\/einschraenkungsinduzierte-bewegungstherapie\\\/#respond\"]}]},{\"@type\":\"WebPage\",\"@id\":\"https:\\\/\\\/www.vitalibera.org\\\/community\\\/2025\\\/10\\\/19\\\/einschraenkungsinduzierte-bewegungstherapie\\\/\",\"url\":\"https:\\\/\\\/www.vitalibera.org\\\/community\\\/2025\\\/10\\\/19\\\/einschraenkungsinduzierte-bewegungstherapie\\\/\",\"name\":\"Einschr\u00e4nkungsinduzierte Bewegungstherapie - vitalibera.org\",\"isPartOf\":{\"@id\":\"https:\\\/\\\/www.vitalibera.org\\\/community\\\/#website\"},\"primaryImageOfPage\":{\"@id\":\"https:\\\/\\\/www.vitalibera.org\\\/community\\\/2025\\\/10\\\/19\\\/einschraenkungsinduzierte-bewegungstherapie\\\/#primaryimage\"},\"image\":{\"@id\":\"https:\\\/\\\/www.vitalibera.org\\\/community\\\/2025\\\/10\\\/19\\\/einschraenkungsinduzierte-bewegungstherapie\\\/#primaryimage\"},\"thumbnailUrl\":\"https:\\\/\\\/www.vitalibera.org\\\/community\\\/wp-content\\\/uploads\\\/2025\\\/10\\\/cimt.jpg\",\"datePublished\":\"2025-10-19T20:43:44+00:00\",\"dateModified\":\"2025-10-19T20:43:48+00:00\",\"breadcrumb\":{\"@id\":\"https:\\\/\\\/www.vitalibera.org\\\/community\\\/2025\\\/10\\\/19\\\/einschraenkungsinduzierte-bewegungstherapie\\\/#breadcrumb\"},\"inLanguage\":\"de\",\"potentialAction\":[{\"@type\":\"ReadAction\",\"target\":[\"https:\\\/\\\/www.vitalibera.org\\\/community\\\/2025\\\/10\\\/19\\\/einschraenkungsinduzierte-bewegungstherapie\\\/\"]}]},{\"@type\":\"BreadcrumbList\",\"@id\":\"https:\\\/\\\/www.vitalibera.org\\\/community\\\/2025\\\/10\\\/19\\\/einschraenkungsinduzierte-bewegungstherapie\\\/#breadcrumb\",\"itemListElement\":[{\"@type\":\"ListItem\",\"position\":1,\"name\":\"Startseite\",\"item\":\"https:\\\/\\\/www.vitalibera.org\\\/community\\\/\"},{\"@type\":\"ListItem\",\"position\":2,\"name\":\"Einschr\u00e4nkungsinduzierte Bewegungstherapie\"}]},{\"@type\":\"WebSite\",\"@id\":\"https:\\\/\\\/www.vitalibera.org\\\/community\\\/#website\",\"url\":\"https:\\\/\\\/www.vitalibera.org\\\/community\\\/\",\"name\":\"vitalibera.org\",\"description\":\"Mit einer Einschr&auml;nkung gestaltet sich das Leben im Alltag oft schwieriger - hier berichten wir &uuml;ber unsere Erfahrungen und Hilfsmittel um den Alltag so unbeschwert und unkompliziert wie nur m&ouml;glich geniessen zu k&ouml;nnen. Dabei richten wir unseren Fokus gezielt auf Selbst&auml;ndigkeit, Eigenst&auml;ndigkeit und Selbstbestimmung.\",\"publisher\":{\"@id\":\"https:\\\/\\\/www.vitalibera.org\\\/community\\\/#organization\"},\"potentialAction\":[{\"@type\":\"SearchAction\",\"target\":{\"@type\":\"EntryPoint\",\"urlTemplate\":\"https:\\\/\\\/www.vitalibera.org\\\/community\\\/?s={search_term_string}\"},\"query-input\":{\"@type\":\"PropertyValueSpecification\",\"valueRequired\":true,\"valueName\":\"search_term_string\"}}],\"inLanguage\":\"de\"},{\"@type\":\"Organization\",\"@id\":\"https:\\\/\\\/www.vitalibera.org\\\/community\\\/#organization\",\"name\":\"vitalibera.org\",\"url\":\"https:\\\/\\\/www.vitalibera.org\\\/community\\\/\",\"logo\":{\"@type\":\"ImageObject\",\"inLanguage\":\"de\",\"@id\":\"https:\\\/\\\/www.vitalibera.org\\\/community\\\/#\\\/schema\\\/logo\\\/image\\\/\",\"url\":\"https:\\\/\\\/www.vitalibera.org\\\/community\\\/wp-content\\\/uploads\\\/2025\\\/09\\\/cropped-banner.png\",\"contentUrl\":\"https:\\\/\\\/www.vitalibera.org\\\/community\\\/wp-content\\\/uploads\\\/2025\\\/09\\\/cropped-banner.png\",\"width\":991,\"height\":150,\"caption\":\"vitalibera.org\"},\"image\":{\"@id\":\"https:\\\/\\\/www.vitalibera.org\\\/community\\\/#\\\/schema\\\/logo\\\/image\\\/\"},\"sameAs\":[\"https:\\\/\\\/www.facebook.com\\\/groups\\\/2997085857140235\"]},{\"@type\":\"Person\",\"@id\":\"https:\\\/\\\/www.vitalibera.org\\\/community\\\/#\\\/schema\\\/person\\\/c535fa8d561f7f8ca425ced40d87e582\",\"name\":\"admin\",\"image\":{\"@type\":\"ImageObject\",\"inLanguage\":\"de\",\"@id\":\"https:\\\/\\\/secure.gravatar.com\\\/avatar\\\/ad516503a11cd5ca435acc9bb6523536?s=96\",\"url\":\"https:\\\/\\\/secure.gravatar.com\\\/avatar\\\/ad516503a11cd5ca435acc9bb6523536?s=96\",\"contentUrl\":\"https:\\\/\\\/secure.gravatar.com\\\/avatar\\\/ad516503a11cd5ca435acc9bb6523536?s=96\",\"caption\":\"admin\"},\"description\":\"admin\",\"sameAs\":[\"http:\\\/\\\/www.vitalibera.org\\\/community\"],\"url\":\"https:\\\/\\\/www.vitalibera.org\\\/community\\\/author\\\/admin\\\/\"}]}<\/script>\r\n<!-- \/ Yoast SEO plugin. -->","yoast_head_json":{"title":"Einschr\u00e4nkungsinduzierte Bewegungstherapie - vitalibera.org","robots":{"index":"index","follow":"follow","max-snippet":"max-snippet:-1","max-image-preview":"max-image-preview:large","max-video-preview":"max-video-preview:-1"},"canonical":"https:\/\/www.vitalibera.org\/community\/2025\/10\/19\/einschraenkungsinduzierte-bewegungstherapie\/","og_locale":"de_DE","og_type":"article","og_title":"Einschr\u00e4nkungsinduzierte Bewegungstherapie - vitalibera.org","og_description":"Die Einschr\u00e4nkungsinduzierte Bewegungstherapie, auch\u00a0Constraint-Induced Movement Therapy (CIMT)\u00a0genannt, ist eine Rehabilitationstechnik, die die Nutzung einer gel\u00e4hmten Extremit\u00e4t (oft eines Arms) durch die Einschr\u00e4nkung der nicht betroffenen Seite f\u00f6rdert. Sie erzwingt die Nutzung des betroffenen Gliedes, um neuronale Verbindungen zu stimulieren und die Funktion zu verbessern. Diese Therapie ist besonders wirksam bei Menschen mit Hemiparese (Halbseitenl\u00e4hmung), erfordert ... Weiterlesen","og_url":"https:\/\/www.vitalibera.org\/community\/2025\/10\/19\/einschraenkungsinduzierte-bewegungstherapie\/","og_site_name":"vitalibera.org","article_publisher":"https:\/\/www.facebook.com\/groups\/2997085857140235","article_published_time":"2025-10-19T20:43:44+00:00","article_modified_time":"2025-10-19T20:43:48+00:00","og_image":[{"width":225,"height":225,"url":"https:\/\/www.vitalibera.org\/community\/wp-content\/uploads\/2025\/10\/cimt.jpg","type":"image\/jpeg"}],"author":"admin","twitter_card":"summary_large_image","twitter_misc":{"Verfasst von":"admin","Gesch\u00e4tzte Lesezeit":"2\u00a0Minuten"},"schema":{"@context":"https:\/\/schema.org","@graph":[{"@type":"Article","@id":"https:\/\/www.vitalibera.org\/community\/2025\/10\/19\/einschraenkungsinduzierte-bewegungstherapie\/#article","isPartOf":{"@id":"https:\/\/www.vitalibera.org\/community\/2025\/10\/19\/einschraenkungsinduzierte-bewegungstherapie\/"},"author":{"name":"admin","@id":"https:\/\/www.vitalibera.org\/community\/#\/schema\/person\/c535fa8d561f7f8ca425ced40d87e582"},"headline":"Einschr\u00e4nkungsinduzierte Bewegungstherapie","datePublished":"2025-10-19T20:43:44+00:00","dateModified":"2025-10-19T20:43:48+00:00","mainEntityOfPage":{"@id":"https:\/\/www.vitalibera.org\/community\/2025\/10\/19\/einschraenkungsinduzierte-bewegungstherapie\/"},"wordCount":250,"commentCount":0,"publisher":{"@id":"https:\/\/www.vitalibera.org\/community\/#organization"},"image":{"@id":"https:\/\/www.vitalibera.org\/community\/2025\/10\/19\/einschraenkungsinduzierte-bewegungstherapie\/#primaryimage"},"thumbnailUrl":"https:\/\/www.vitalibera.org\/community\/wp-content\/uploads\/2025\/10\/cimt.jpg","articleSection":["sonstige Therapien","Therapien"],"inLanguage":"de","potentialAction":[{"@type":"CommentAction","name":"Comment","target":["https:\/\/www.vitalibera.org\/community\/2025\/10\/19\/einschraenkungsinduzierte-bewegungstherapie\/#respond"]}]},{"@type":"WebPage","@id":"https:\/\/www.vitalibera.org\/community\/2025\/10\/19\/einschraenkungsinduzierte-bewegungstherapie\/","url":"https:\/\/www.vitalibera.org\/community\/2025\/10\/19\/einschraenkungsinduzierte-bewegungstherapie\/","name":"Einschr\u00e4nkungsinduzierte Bewegungstherapie - vitalibera.org","isPartOf":{"@id":"https:\/\/www.vitalibera.org\/community\/#website"},"primaryImageOfPage":{"@id":"https:\/\/www.vitalibera.org\/community\/2025\/10\/19\/einschraenkungsinduzierte-bewegungstherapie\/#primaryimage"},"image":{"@id":"https:\/\/www.vitalibera.org\/community\/2025\/10\/19\/einschraenkungsinduzierte-bewegungstherapie\/#primaryimage"},"thumbnailUrl":"https:\/\/www.vitalibera.org\/community\/wp-content\/uploads\/2025\/10\/cimt.jpg","datePublished":"2025-10-19T20:43:44+00:00","dateModified":"2025-10-19T20:43:48+00:00","breadcrumb":{"@id":"https:\/\/www.vitalibera.org\/community\/2025\/10\/19\/einschraenkungsinduzierte-bewegungstherapie\/#breadcrumb"},"inLanguage":"de","potentialAction":[{"@type":"ReadAction","target":["https:\/\/www.vitalibera.org\/community\/2025\/10\/19\/einschraenkungsinduzierte-bewegungstherapie\/"]}]},{"@type":"BreadcrumbList","@id":"https:\/\/www.vitalibera.org\/community\/2025\/10\/19\/einschraenkungsinduzierte-bewegungstherapie\/#breadcrumb","itemListElement":[{"@type":"ListItem","position":1,"name":"Startseite","item":"https:\/\/www.vitalibera.org\/community\/"},{"@type":"ListItem","position":2,"name":"Einschr\u00e4nkungsinduzierte Bewegungstherapie"}]},{"@type":"WebSite","@id":"https:\/\/www.vitalibera.org\/community\/#website","url":"https:\/\/www.vitalibera.org\/community\/","name":"vitalibera.org","description":"Mit einer Einschr&auml;nkung gestaltet sich das Leben im Alltag oft schwieriger - hier berichten wir &uuml;ber unsere Erfahrungen und Hilfsmittel um den Alltag so unbeschwert und unkompliziert wie nur m&ouml;glich geniessen zu k&ouml;nnen. Dabei richten wir unseren Fokus gezielt auf Selbst&auml;ndigkeit, Eigenst&auml;ndigkeit und Selbstbestimmung.","publisher":{"@id":"https:\/\/www.vitalibera.org\/community\/#organization"},"potentialAction":[{"@type":"SearchAction","target":{"@type":"EntryPoint","urlTemplate":"https:\/\/www.vitalibera.org\/community\/?s={search_term_string}"},"query-input":{"@type":"PropertyValueSpecification","valueRequired":true,"valueName":"search_term_string"}}],"inLanguage":"de"},{"@type":"Organization","@id":"https:\/\/www.vitalibera.org\/community\/#organization","name":"vitalibera.org","url":"https:\/\/www.vitalibera.org\/community\/","logo":{"@type":"ImageObject","inLanguage":"de","@id":"https:\/\/www.vitalibera.org\/community\/#\/schema\/logo\/image\/","url":"https:\/\/www.vitalibera.org\/community\/wp-content\/uploads\/2025\/09\/cropped-banner.png","contentUrl":"https:\/\/www.vitalibera.org\/community\/wp-content\/uploads\/2025\/09\/cropped-banner.png","width":991,"height":150,"caption":"vitalibera.org"},"image":{"@id":"https:\/\/www.vitalibera.org\/community\/#\/schema\/logo\/image\/"},"sameAs":["https:\/\/www.facebook.com\/groups\/2997085857140235"]},{"@type":"Person","@id":"https:\/\/www.vitalibera.org\/community\/#\/schema\/person\/c535fa8d561f7f8ca425ced40d87e582","name":"admin","image":{"@type":"ImageObject","inLanguage":"de","@id":"https:\/\/secure.gravatar.com\/avatar\/ad516503a11cd5ca435acc9bb6523536?s=96","url":"https:\/\/secure.gravatar.com\/avatar\/ad516503a11cd5ca435acc9bb6523536?s=96","contentUrl":"https:\/\/secure.gravatar.com\/avatar\/ad516503a11cd5ca435acc9bb6523536?s=96","caption":"admin"},"description":"admin","sameAs":["http:\/\/www.vitalibera.org\/community"],"url":"https:\/\/www.vitalibera.org\/community\/author\/admin\/"}]}},"jetpack_featured_media_url":"https:\/\/www.vitalibera.org\/community\/wp-content\/uploads\/2025\/10\/cimt.jpg","jetpack_sharing_enabled":true,"jetpack-related-posts":[],"_links":{"self":[{"href":"https:\/\/www.vitalibera.org\/community\/wp-json\/wp\/v2\/posts\/3446","targetHints":{"allow":["GET"]}}],"collection":[{"href":"https:\/\/www.vitalibera.org\/community\/wp-json\/wp\/v2\/posts"}],"about":[{"href":"https:\/\/www.vitalibera.org\/community\/wp-json\/wp\/v2\/types\/post"}],"author":[{"embeddable":true,"href":"https:\/\/www.vitalibera.org\/community\/wp-json\/wp\/v2\/users\/1"}],"replies":[{"embeddable":true,"href":"https:\/\/www.vitalibera.org\/community\/wp-json\/wp\/v2\/comments?post=3446"}],"version-history":[{"count":0,"href":"https:\/\/www.vitalibera.org\/community\/wp-json\/wp\/v2\/posts\/3446\/revisions"}],"wp:featuredmedia":[{"embeddable":true,"href":"https:\/\/www.vitalibera.org\/community\/wp-json\/wp\/v2\/media\/3447"}],"wp:attachment":[{"href":"https:\/\/www.vitalibera.org\/community\/wp-json\/wp\/v2\/media?parent=3446"}],"wp:term":[{"taxonomy":"category","embeddable":true,"href":"https:\/\/www.vitalibera.org\/community\/wp-json\/wp\/v2\/categories?post=3446"},{"taxonomy":"post_tag","embeddable":true,"href":"https:\/\/www.vitalibera.org\/community\/wp-json\/wp\/v2\/tags?post=3446"}],"curies":[{"name":"wp","href":"https:\/\/api.w.org\/{rel}","templated":true}]}}