{"id":3450,"date":"2025-10-19T23:09:14","date_gmt":"2025-10-19T21:09:14","guid":{"rendered":"https:\/\/www.vitalibera.org\/community\/?p=3450"},"modified":"2025-10-19T23:10:26","modified_gmt":"2025-10-19T21:10:26","slug":"koerperpflege-von-hemiparese-betroffenen","status":"publish","type":"post","link":"https:\/\/www.vitalibera.org\/community\/2025\/10\/19\/koerperpflege-von-hemiparese-betroffenen\/","title":{"rendered":"K\u00f6rperpflege von Hemiparese-Betroffenen"},"content":{"rendered":"\n<p>Bei der K&ouml;rperpflege von <a href=\"https:\/\/www.vitalibera.org\/community\/enzyklopaedie\/hemiparese\/\" target=\"_self\" title=\"Eine Hemiparese ist eine&nbsp;L&auml;hmung einer K&ouml;rperh&auml;lfte, bei der noch eine Restaktivit&auml;t vorhanden sein kann. Eine Hemiparese entsteht durch Sch&auml;digungen im Gehirn, wie bei einem Schlaganfall oder durch einen Unfall. Es kommt zu einer Verminderung der Kraft in Gesicht, Arm und Bein in einer K&ouml;rperh&auml;lfte.\" class=\"encyclopedia\">Hemiparese<\/a>-Patienten sollten Sie&nbsp;zuerst die gesunde K&ouml;rperseite waschen und dann mit verst&auml;rktem Druck auf die gesunde Seite die <a href=\"https:\/\/www.vitalibera.org\/community\/2026\/04\/19\/wenn-reize-laut-werden-und-menschen-leise\/\">betroffene<\/a> Seite waschen, um die Wahrnehmung zu f&ouml;rdern. Wichtig sind dabei auch die F&ouml;rderung der Selbstst&auml;ndigkeit, die Anpassung der Umgebung (z. B. Nachttisch auf betroffener Seite), der Einsatz von Hilfsmitteln wie Greifzangen f&uuml;r Kleidung und die Ber&uuml;cksichtigung der Hautpflege und der Mundhygiene.&nbsp;<\/p>\n\n\n\n<p>Vorbereitung und Organisation<\/p>\n\n\n\n<ul class=\"wp-block-list\">\n<li><strong>Umgebung anpassen:<\/strong>&nbsp;Platzieren Sie Dinge, die der Patient ben&ouml;tigt, auf der gesunden Seite und solche, die zur Stimulation der betroffenen Seite dienen sollen, auf der betroffenen Seite (z. B. Nachttisch).<\/li>\n\n\n\n<li><strong>Hilfsmittel bereithalten:<\/strong>&nbsp;Nutzen Sie Hilfsmittel wie Greifzangen f&uuml;r Kleidung, spezielle ergonomische Besteck- oder Schreibhilfen, oder eine Freisprechanlage f&uuml;r das Telefon.<\/li>\n\n\n\n<li><strong>Auf die Wassertemperatur achten:<\/strong>&nbsp;Stellen Sie sicher, dass das Wasser nicht zu hei&szlig; ist, da die betroffene Seite die Temperatur eventuell nicht gut sp&uuml;ren kann. Die Wassertemperatur sollte von der gesunden Hand gepr&uuml;ft werden.&nbsp;<\/li>\n<\/ul>\n\n\n\n<p>K&ouml;rperwaschung<\/p>\n\n\n\n<ul class=\"wp-block-list\">\n<li><strong>Von der gesunden Seite zur betroffenen Seite waschen:<\/strong>&nbsp;Beginnen Sie die K&ouml;rperwaschung an der gesunden Seite und waschen Sie sich dann mit dem Waschlappen von der Mitte aus &uuml;ber die betroffene Seite hinweg. Dr&uuml;cken Sie dabei verst&auml;rkt auf die gesunde Seite, um die Sp&uuml;rinformationen auf die betroffene Seite zu &uuml;bertragen.<\/li>\n\n\n\n<li><strong>Die betroffene Seite ber&uuml;cksichtigen:<\/strong>&nbsp;Die betroffene K&ouml;rperh&auml;lfte sollte immer mit einbezogen werden.<\/li>\n\n\n\n<li><strong>Auf die Haut achten:<\/strong>&nbsp;Cremen Sie die Haut nach der Waschung gut ein, um sie vor Trockenheit zu sch&uuml;tzen. Bei Bedarf k&ouml;nnen Sie spezielle Hautpflegemittel verwenden.&nbsp;<\/li>\n<\/ul>\n\n\n\n<p>Wichtige Aspekte der K&ouml;rperpflege<\/p>\n\n\n\n<ul class=\"wp-block-list\">\n<li><strong>Mundhygiene:<\/strong>&nbsp;Achten Sie besonders auf die Mundhygiene, da die gesch&auml;digte Seite oft vernachl&auml;ssigt wird. Reinigen Sie den Mund nach jeder Mahlzeit sorgf&auml;ltig.<\/li>\n\n\n\n<li><strong>Zahnprothesen:<\/strong>&nbsp;Wenn die Zahnprothese nicht richtig sitzt und st&ouml;rt, k&ouml;nnen Sie sie zun&auml;chst mit einer Haftcreme sichern, bis eine zahn&auml;rztliche Versorgung m&ouml;glich ist.&nbsp;<\/li>\n<\/ul>\n\n\n\n<p>Weitere Tipps<\/p>\n\n\n\n<ul class=\"wp-block-list\">\n<li><strong>F&ouml;rderung der Selbstst&auml;ndigkeit:<\/strong>&nbsp;Lassen Sie den Patienten so viel wie m&ouml;glich selbst machen, auch wenn es l&auml;nger dauert. Unterst&uuml;tzen Sie ihn nur, wenn n&ouml;tig.<\/li>\n\n\n\n<li><strong>Konzentration auf die Wahrnehmung:<\/strong>&nbsp;Sprechen Sie w&auml;hrend der Waschungen oder &Uuml;bungen m&ouml;glichst wenig mit dem Betroffenen, damit er sich auf die Empfindungen konzentrieren kann.<\/li>\n\n\n\n<li><strong>K&ouml;rpergef&uuml;hl f&ouml;rdern:<\/strong>&nbsp;Nutzen Sie die Waschung, um das K&ouml;rpergef&uuml;hl zu f&ouml;rdern und den K&ouml;rperbewusstsein zu steigern.<\/li>\n\n\n\n<li><strong>Stimulation der betroffenen Seite:<\/strong>&nbsp;Schaffen Sie gezielte Anreize, die betroffene Seite zu nutzen. Beispielsweise k&ouml;nnen Sie den Nachttisch auf der betroffenen Seite platzieren oder den Fernseher auf der Seite aufstellen, damit der Patient &ouml;fter den Kopf dreht.&nbsp;<\/li>\n<\/ul>\n","protected":false},"excerpt":{"rendered":"<p>Bei der K\u00f6rperpflege von Hemiparese-Patienten sollten Sie\u00a0zuerst die gesunde K\u00f6rperseite waschen und dann mit verst\u00e4rktem Druck auf die gesunde Seite die betroffene Seite waschen, um die Wahrnehmung zu f\u00f6rdern. Wichtig sind dabei auch die F\u00f6rderung der Selbstst\u00e4ndigkeit, die Anpassung der Umgebung (z. B. Nachttisch auf betroffener Seite), der Einsatz von Hilfsmitteln wie Greifzangen f\u00fcr Kleidung &#8230; <a title=\"K\u00f6rperpflege von Hemiparese-Betroffenen\" class=\"read-more\" href=\"https:\/\/www.vitalibera.org\/community\/2025\/10\/19\/koerperpflege-von-hemiparese-betroffenen\/\" aria-label=\"Mehr Informationen \u00fcber K\u00f6rperpflege von Hemiparese-Betroffenen\">Weiterlesen<\/a><\/p>\n","protected":false},"author":1,"featured_media":3452,"comment_status":"open","ping_status":"open","sticky":false,"template":"","format":"standard","meta":{"cybocfi_hide_featured_image":"yes","_jetpack_memberships_contains_paid_content":false,"footnotes":""},"categories":[225],"tags":[],"class_list":["post-3450","post","type-post","status-publish","format-standard","has-post-thumbnail","hentry","category-hilfe-fuer-angehoerige"],"yoast_head":"<!-- This site is optimized with the Yoast SEO plugin v27.4 - https:\/\/yoast.com\/product\/yoast-seo-wordpress\/ -->\r\n<title>K\u00f6rperpflege von Hemiparese-Betroffenen - vitalibera.org<\/title>\r\n<meta name=\"robots\" content=\"index, follow, max-snippet:-1, max-image-preview:large, max-video-preview:-1\" \/>\r\n<link rel=\"canonical\" href=\"https:\/\/www.vitalibera.org\/community\/2025\/10\/19\/koerperpflege-von-hemiparese-betroffenen\/\" \/>\r\n<meta property=\"og:locale\" content=\"de_DE\" \/>\r\n<meta property=\"og:type\" content=\"article\" \/>\r\n<meta property=\"og:title\" content=\"K\u00f6rperpflege von Hemiparese-Betroffenen - vitalibera.org\" \/>\r\n<meta property=\"og:description\" content=\"Bei der K\u00f6rperpflege von Hemiparese-Patienten sollten Sie\u00a0zuerst die gesunde K\u00f6rperseite waschen und dann mit verst\u00e4rktem Druck auf die gesunde Seite die betroffene Seite waschen, um die Wahrnehmung zu f\u00f6rdern. Wichtig sind dabei auch die F\u00f6rderung der Selbstst\u00e4ndigkeit, die Anpassung der Umgebung (z. B. Nachttisch auf betroffener Seite), der Einsatz von Hilfsmitteln wie Greifzangen f\u00fcr Kleidung ... Weiterlesen\" \/>\r\n<meta property=\"og:url\" content=\"https:\/\/www.vitalibera.org\/community\/2025\/10\/19\/koerperpflege-von-hemiparese-betroffenen\/\" \/>\r\n<meta property=\"og:site_name\" content=\"vitalibera.org\" \/>\r\n<meta property=\"article:publisher\" content=\"https:\/\/www.facebook.com\/groups\/2997085857140235\" \/>\r\n<meta property=\"article:published_time\" content=\"2025-10-19T21:09:14+00:00\" \/>\r\n<meta property=\"article:modified_time\" content=\"2025-10-19T21:10:26+00:00\" \/>\r\n<meta property=\"og:image\" content=\"https:\/\/www.vitalibera.org\/community\/wp-content\/uploads\/2025\/10\/hemiplegie-ganzwaschung-im-bett-1-von-3.jpg\" \/>\r\n\t<meta property=\"og:image:width\" content=\"500\" \/>\r\n\t<meta property=\"og:image:height\" content=\"442\" \/>\r\n\t<meta property=\"og:image:type\" content=\"image\/jpeg\" \/>\r\n<meta name=\"author\" content=\"admin\" \/>\r\n<meta name=\"twitter:card\" content=\"summary_large_image\" \/>\r\n<meta name=\"twitter:label1\" content=\"Verfasst von\" \/>\n\t<meta name=\"twitter:data1\" content=\"admin\" \/>\n\t<meta name=\"twitter:label2\" content=\"Gesch\u00e4tzte Lesezeit\" \/>\n\t<meta name=\"twitter:data2\" content=\"3\u00a0Minuten\" \/>\r\n<script type=\"application\/ld+json\" class=\"yoast-schema-graph\">{\"@context\":\"https:\\\/\\\/schema.org\",\"@graph\":[{\"@type\":\"Article\",\"@id\":\"https:\\\/\\\/www.vitalibera.org\\\/community\\\/2025\\\/10\\\/19\\\/koerperpflege-von-hemiparese-betroffenen\\\/#article\",\"isPartOf\":{\"@id\":\"https:\\\/\\\/www.vitalibera.org\\\/community\\\/2025\\\/10\\\/19\\\/koerperpflege-von-hemiparese-betroffenen\\\/\"},\"author\":{\"name\":\"admin\",\"@id\":\"https:\\\/\\\/www.vitalibera.org\\\/community\\\/#\\\/schema\\\/person\\\/c535fa8d561f7f8ca425ced40d87e582\"},\"headline\":\"K\u00f6rperpflege von Hemiparese-Betroffenen\",\"datePublished\":\"2025-10-19T21:09:14+00:00\",\"dateModified\":\"2025-10-19T21:10:26+00:00\",\"mainEntityOfPage\":{\"@id\":\"https:\\\/\\\/www.vitalibera.org\\\/community\\\/2025\\\/10\\\/19\\\/koerperpflege-von-hemiparese-betroffenen\\\/\"},\"wordCount\":444,\"commentCount\":0,\"publisher\":{\"@id\":\"https:\\\/\\\/www.vitalibera.org\\\/community\\\/#organization\"},\"image\":{\"@id\":\"https:\\\/\\\/www.vitalibera.org\\\/community\\\/2025\\\/10\\\/19\\\/koerperpflege-von-hemiparese-betroffenen\\\/#primaryimage\"},\"thumbnailUrl\":\"https:\\\/\\\/www.vitalibera.org\\\/community\\\/wp-content\\\/uploads\\\/2025\\\/10\\\/hemiplegie-ganzwaschung-im-bett-1-von-3.jpg\",\"articleSection\":[\"Hilfe f\u00fcr Angeh\u00f6rige\"],\"inLanguage\":\"de\",\"potentialAction\":[{\"@type\":\"CommentAction\",\"name\":\"Comment\",\"target\":[\"https:\\\/\\\/www.vitalibera.org\\\/community\\\/2025\\\/10\\\/19\\\/koerperpflege-von-hemiparese-betroffenen\\\/#respond\"]}]},{\"@type\":\"WebPage\",\"@id\":\"https:\\\/\\\/www.vitalibera.org\\\/community\\\/2025\\\/10\\\/19\\\/koerperpflege-von-hemiparese-betroffenen\\\/\",\"url\":\"https:\\\/\\\/www.vitalibera.org\\\/community\\\/2025\\\/10\\\/19\\\/koerperpflege-von-hemiparese-betroffenen\\\/\",\"name\":\"K\u00f6rperpflege von Hemiparese-Betroffenen - vitalibera.org\",\"isPartOf\":{\"@id\":\"https:\\\/\\\/www.vitalibera.org\\\/community\\\/#website\"},\"primaryImageOfPage\":{\"@id\":\"https:\\\/\\\/www.vitalibera.org\\\/community\\\/2025\\\/10\\\/19\\\/koerperpflege-von-hemiparese-betroffenen\\\/#primaryimage\"},\"image\":{\"@id\":\"https:\\\/\\\/www.vitalibera.org\\\/community\\\/2025\\\/10\\\/19\\\/koerperpflege-von-hemiparese-betroffenen\\\/#primaryimage\"},\"thumbnailUrl\":\"https:\\\/\\\/www.vitalibera.org\\\/community\\\/wp-content\\\/uploads\\\/2025\\\/10\\\/hemiplegie-ganzwaschung-im-bett-1-von-3.jpg\",\"datePublished\":\"2025-10-19T21:09:14+00:00\",\"dateModified\":\"2025-10-19T21:10:26+00:00\",\"breadcrumb\":{\"@id\":\"https:\\\/\\\/www.vitalibera.org\\\/community\\\/2025\\\/10\\\/19\\\/koerperpflege-von-hemiparese-betroffenen\\\/#breadcrumb\"},\"inLanguage\":\"de\",\"potentialAction\":[{\"@type\":\"ReadAction\",\"target\":[\"https:\\\/\\\/www.vitalibera.org\\\/community\\\/2025\\\/10\\\/19\\\/koerperpflege-von-hemiparese-betroffenen\\\/\"]}]},{\"@type\":\"BreadcrumbList\",\"@id\":\"https:\\\/\\\/www.vitalibera.org\\\/community\\\/2025\\\/10\\\/19\\\/koerperpflege-von-hemiparese-betroffenen\\\/#breadcrumb\",\"itemListElement\":[{\"@type\":\"ListItem\",\"position\":1,\"name\":\"Startseite\",\"item\":\"https:\\\/\\\/www.vitalibera.org\\\/community\\\/\"},{\"@type\":\"ListItem\",\"position\":2,\"name\":\"K\u00f6rperpflege von Hemiparese-Betroffenen\"}]},{\"@type\":\"WebSite\",\"@id\":\"https:\\\/\\\/www.vitalibera.org\\\/community\\\/#website\",\"url\":\"https:\\\/\\\/www.vitalibera.org\\\/community\\\/\",\"name\":\"vitalibera.org\",\"description\":\"Mit einer Einschr&auml;nkung gestaltet sich das Leben im Alltag oft schwieriger - hier berichten wir &uuml;ber unsere Erfahrungen und Hilfsmittel um den Alltag so unbeschwert und unkompliziert wie nur m&ouml;glich geniessen zu k&ouml;nnen. Dabei richten wir unseren Fokus gezielt auf Selbst&auml;ndigkeit, Eigenst&auml;ndigkeit und Selbstbestimmung.\",\"publisher\":{\"@id\":\"https:\\\/\\\/www.vitalibera.org\\\/community\\\/#organization\"},\"potentialAction\":[{\"@type\":\"SearchAction\",\"target\":{\"@type\":\"EntryPoint\",\"urlTemplate\":\"https:\\\/\\\/www.vitalibera.org\\\/community\\\/?s={search_term_string}\"},\"query-input\":{\"@type\":\"PropertyValueSpecification\",\"valueRequired\":true,\"valueName\":\"search_term_string\"}}],\"inLanguage\":\"de\"},{\"@type\":\"Organization\",\"@id\":\"https:\\\/\\\/www.vitalibera.org\\\/community\\\/#organization\",\"name\":\"vitalibera.org\",\"url\":\"https:\\\/\\\/www.vitalibera.org\\\/community\\\/\",\"logo\":{\"@type\":\"ImageObject\",\"inLanguage\":\"de\",\"@id\":\"https:\\\/\\\/www.vitalibera.org\\\/community\\\/#\\\/schema\\\/logo\\\/image\\\/\",\"url\":\"https:\\\/\\\/www.vitalibera.org\\\/community\\\/wp-content\\\/uploads\\\/2025\\\/09\\\/cropped-banner.png\",\"contentUrl\":\"https:\\\/\\\/www.vitalibera.org\\\/community\\\/wp-content\\\/uploads\\\/2025\\\/09\\\/cropped-banner.png\",\"width\":991,\"height\":150,\"caption\":\"vitalibera.org\"},\"image\":{\"@id\":\"https:\\\/\\\/www.vitalibera.org\\\/community\\\/#\\\/schema\\\/logo\\\/image\\\/\"},\"sameAs\":[\"https:\\\/\\\/www.facebook.com\\\/groups\\\/2997085857140235\"]},{\"@type\":\"Person\",\"@id\":\"https:\\\/\\\/www.vitalibera.org\\\/community\\\/#\\\/schema\\\/person\\\/c535fa8d561f7f8ca425ced40d87e582\",\"name\":\"admin\",\"image\":{\"@type\":\"ImageObject\",\"inLanguage\":\"de\",\"@id\":\"https:\\\/\\\/secure.gravatar.com\\\/avatar\\\/ad516503a11cd5ca435acc9bb6523536?s=96\",\"url\":\"https:\\\/\\\/secure.gravatar.com\\\/avatar\\\/ad516503a11cd5ca435acc9bb6523536?s=96\",\"contentUrl\":\"https:\\\/\\\/secure.gravatar.com\\\/avatar\\\/ad516503a11cd5ca435acc9bb6523536?s=96\",\"caption\":\"admin\"},\"description\":\"admin\",\"sameAs\":[\"http:\\\/\\\/www.vitalibera.org\\\/community\"],\"url\":\"https:\\\/\\\/www.vitalibera.org\\\/community\\\/author\\\/admin\\\/\"}]}<\/script>\r\n<!-- \/ Yoast SEO plugin. -->","yoast_head_json":{"title":"K\u00f6rperpflege von Hemiparese-Betroffenen - vitalibera.org","robots":{"index":"index","follow":"follow","max-snippet":"max-snippet:-1","max-image-preview":"max-image-preview:large","max-video-preview":"max-video-preview:-1"},"canonical":"https:\/\/www.vitalibera.org\/community\/2025\/10\/19\/koerperpflege-von-hemiparese-betroffenen\/","og_locale":"de_DE","og_type":"article","og_title":"K\u00f6rperpflege von Hemiparese-Betroffenen - vitalibera.org","og_description":"Bei der K\u00f6rperpflege von Hemiparese-Patienten sollten Sie\u00a0zuerst die gesunde K\u00f6rperseite waschen und dann mit verst\u00e4rktem Druck auf die gesunde Seite die betroffene Seite waschen, um die Wahrnehmung zu f\u00f6rdern. Wichtig sind dabei auch die F\u00f6rderung der Selbstst\u00e4ndigkeit, die Anpassung der Umgebung (z. B. Nachttisch auf betroffener Seite), der Einsatz von Hilfsmitteln wie Greifzangen f\u00fcr Kleidung ... Weiterlesen","og_url":"https:\/\/www.vitalibera.org\/community\/2025\/10\/19\/koerperpflege-von-hemiparese-betroffenen\/","og_site_name":"vitalibera.org","article_publisher":"https:\/\/www.facebook.com\/groups\/2997085857140235","article_published_time":"2025-10-19T21:09:14+00:00","article_modified_time":"2025-10-19T21:10:26+00:00","og_image":[{"width":500,"height":442,"url":"https:\/\/www.vitalibera.org\/community\/wp-content\/uploads\/2025\/10\/hemiplegie-ganzwaschung-im-bett-1-von-3.jpg","type":"image\/jpeg"}],"author":"admin","twitter_card":"summary_large_image","twitter_misc":{"Verfasst von":"admin","Gesch\u00e4tzte Lesezeit":"3\u00a0Minuten"},"schema":{"@context":"https:\/\/schema.org","@graph":[{"@type":"Article","@id":"https:\/\/www.vitalibera.org\/community\/2025\/10\/19\/koerperpflege-von-hemiparese-betroffenen\/#article","isPartOf":{"@id":"https:\/\/www.vitalibera.org\/community\/2025\/10\/19\/koerperpflege-von-hemiparese-betroffenen\/"},"author":{"name":"admin","@id":"https:\/\/www.vitalibera.org\/community\/#\/schema\/person\/c535fa8d561f7f8ca425ced40d87e582"},"headline":"K\u00f6rperpflege von Hemiparese-Betroffenen","datePublished":"2025-10-19T21:09:14+00:00","dateModified":"2025-10-19T21:10:26+00:00","mainEntityOfPage":{"@id":"https:\/\/www.vitalibera.org\/community\/2025\/10\/19\/koerperpflege-von-hemiparese-betroffenen\/"},"wordCount":444,"commentCount":0,"publisher":{"@id":"https:\/\/www.vitalibera.org\/community\/#organization"},"image":{"@id":"https:\/\/www.vitalibera.org\/community\/2025\/10\/19\/koerperpflege-von-hemiparese-betroffenen\/#primaryimage"},"thumbnailUrl":"https:\/\/www.vitalibera.org\/community\/wp-content\/uploads\/2025\/10\/hemiplegie-ganzwaschung-im-bett-1-von-3.jpg","articleSection":["Hilfe f\u00fcr Angeh\u00f6rige"],"inLanguage":"de","potentialAction":[{"@type":"CommentAction","name":"Comment","target":["https:\/\/www.vitalibera.org\/community\/2025\/10\/19\/koerperpflege-von-hemiparese-betroffenen\/#respond"]}]},{"@type":"WebPage","@id":"https:\/\/www.vitalibera.org\/community\/2025\/10\/19\/koerperpflege-von-hemiparese-betroffenen\/","url":"https:\/\/www.vitalibera.org\/community\/2025\/10\/19\/koerperpflege-von-hemiparese-betroffenen\/","name":"K\u00f6rperpflege von Hemiparese-Betroffenen - vitalibera.org","isPartOf":{"@id":"https:\/\/www.vitalibera.org\/community\/#website"},"primaryImageOfPage":{"@id":"https:\/\/www.vitalibera.org\/community\/2025\/10\/19\/koerperpflege-von-hemiparese-betroffenen\/#primaryimage"},"image":{"@id":"https:\/\/www.vitalibera.org\/community\/2025\/10\/19\/koerperpflege-von-hemiparese-betroffenen\/#primaryimage"},"thumbnailUrl":"https:\/\/www.vitalibera.org\/community\/wp-content\/uploads\/2025\/10\/hemiplegie-ganzwaschung-im-bett-1-von-3.jpg","datePublished":"2025-10-19T21:09:14+00:00","dateModified":"2025-10-19T21:10:26+00:00","breadcrumb":{"@id":"https:\/\/www.vitalibera.org\/community\/2025\/10\/19\/koerperpflege-von-hemiparese-betroffenen\/#breadcrumb"},"inLanguage":"de","potentialAction":[{"@type":"ReadAction","target":["https:\/\/www.vitalibera.org\/community\/2025\/10\/19\/koerperpflege-von-hemiparese-betroffenen\/"]}]},{"@type":"BreadcrumbList","@id":"https:\/\/www.vitalibera.org\/community\/2025\/10\/19\/koerperpflege-von-hemiparese-betroffenen\/#breadcrumb","itemListElement":[{"@type":"ListItem","position":1,"name":"Startseite","item":"https:\/\/www.vitalibera.org\/community\/"},{"@type":"ListItem","position":2,"name":"K\u00f6rperpflege von Hemiparese-Betroffenen"}]},{"@type":"WebSite","@id":"https:\/\/www.vitalibera.org\/community\/#website","url":"https:\/\/www.vitalibera.org\/community\/","name":"vitalibera.org","description":"Mit einer Einschr&auml;nkung gestaltet sich das Leben im Alltag oft schwieriger - hier berichten wir &uuml;ber unsere Erfahrungen und Hilfsmittel um den Alltag so unbeschwert und unkompliziert wie nur m&ouml;glich geniessen zu k&ouml;nnen. Dabei richten wir unseren Fokus gezielt auf Selbst&auml;ndigkeit, Eigenst&auml;ndigkeit und Selbstbestimmung.","publisher":{"@id":"https:\/\/www.vitalibera.org\/community\/#organization"},"potentialAction":[{"@type":"SearchAction","target":{"@type":"EntryPoint","urlTemplate":"https:\/\/www.vitalibera.org\/community\/?s={search_term_string}"},"query-input":{"@type":"PropertyValueSpecification","valueRequired":true,"valueName":"search_term_string"}}],"inLanguage":"de"},{"@type":"Organization","@id":"https:\/\/www.vitalibera.org\/community\/#organization","name":"vitalibera.org","url":"https:\/\/www.vitalibera.org\/community\/","logo":{"@type":"ImageObject","inLanguage":"de","@id":"https:\/\/www.vitalibera.org\/community\/#\/schema\/logo\/image\/","url":"https:\/\/www.vitalibera.org\/community\/wp-content\/uploads\/2025\/09\/cropped-banner.png","contentUrl":"https:\/\/www.vitalibera.org\/community\/wp-content\/uploads\/2025\/09\/cropped-banner.png","width":991,"height":150,"caption":"vitalibera.org"},"image":{"@id":"https:\/\/www.vitalibera.org\/community\/#\/schema\/logo\/image\/"},"sameAs":["https:\/\/www.facebook.com\/groups\/2997085857140235"]},{"@type":"Person","@id":"https:\/\/www.vitalibera.org\/community\/#\/schema\/person\/c535fa8d561f7f8ca425ced40d87e582","name":"admin","image":{"@type":"ImageObject","inLanguage":"de","@id":"https:\/\/secure.gravatar.com\/avatar\/ad516503a11cd5ca435acc9bb6523536?s=96","url":"https:\/\/secure.gravatar.com\/avatar\/ad516503a11cd5ca435acc9bb6523536?s=96","contentUrl":"https:\/\/secure.gravatar.com\/avatar\/ad516503a11cd5ca435acc9bb6523536?s=96","caption":"admin"},"description":"admin","sameAs":["http:\/\/www.vitalibera.org\/community"],"url":"https:\/\/www.vitalibera.org\/community\/author\/admin\/"}]}},"jetpack_featured_media_url":"https:\/\/www.vitalibera.org\/community\/wp-content\/uploads\/2025\/10\/hemiplegie-ganzwaschung-im-bett-1-von-3.jpg","jetpack_sharing_enabled":true,"jetpack-related-posts":[],"_links":{"self":[{"href":"https:\/\/www.vitalibera.org\/community\/wp-json\/wp\/v2\/posts\/3450","targetHints":{"allow":["GET"]}}],"collection":[{"href":"https:\/\/www.vitalibera.org\/community\/wp-json\/wp\/v2\/posts"}],"about":[{"href":"https:\/\/www.vitalibera.org\/community\/wp-json\/wp\/v2\/types\/post"}],"author":[{"embeddable":true,"href":"https:\/\/www.vitalibera.org\/community\/wp-json\/wp\/v2\/users\/1"}],"replies":[{"embeddable":true,"href":"https:\/\/www.vitalibera.org\/community\/wp-json\/wp\/v2\/comments?post=3450"}],"version-history":[{"count":0,"href":"https:\/\/www.vitalibera.org\/community\/wp-json\/wp\/v2\/posts\/3450\/revisions"}],"wp:featuredmedia":[{"embeddable":true,"href":"https:\/\/www.vitalibera.org\/community\/wp-json\/wp\/v2\/media\/3452"}],"wp:attachment":[{"href":"https:\/\/www.vitalibera.org\/community\/wp-json\/wp\/v2\/media?parent=3450"}],"wp:term":[{"taxonomy":"category","embeddable":true,"href":"https:\/\/www.vitalibera.org\/community\/wp-json\/wp\/v2\/categories?post=3450"},{"taxonomy":"post_tag","embeddable":true,"href":"https:\/\/www.vitalibera.org\/community\/wp-json\/wp\/v2\/tags?post=3450"}],"curies":[{"name":"wp","href":"https:\/\/api.w.org\/{rel}","templated":true}]}}