{"id":3513,"date":"2025-10-21T14:50:48","date_gmt":"2025-10-21T12:50:48","guid":{"rendered":"https:\/\/www.vitalibera.org\/community\/?p=3513"},"modified":"2025-10-21T14:50:52","modified_gmt":"2025-10-21T12:50:52","slug":"digitale-barrierefreiheit","status":"publish","type":"post","link":"https:\/\/www.vitalibera.org\/community\/2025\/10\/21\/digitale-barrierefreiheit\/","title":{"rendered":"Digitale Barrierefreiheit"},"content":{"rendered":"\n<p>In einer zunehmend digitalen Welt ist Barrierefreiheit der Schl&uuml;ssel. Er &ouml;ffnet uns die T&uuml;ren zu einer Welt, in der Menschen mit unterschiedlichen F&auml;higkeiten gleichberechtigt teilhaben k&ouml;nnen. Doch was bedeutet eigentlich digitale Barrierefreiheit?<\/p>\n\n\n\n<h2 class=\"wp-block-heading\">Einleitung<\/h2>\n\n\n\n<p>Die Digitalisierung hat unsere Welt im Laufe der letzten Jahrzehnte revolutioniert, von Einga<a href=\"https:\/\/www.vitalibera.org\/community\/enzyklopaedie\/bem\/\" target=\"_self\" title=\"Das&nbsp;Betriebliche Eingliederungsmanagement&nbsp;(BEM) ist ein gesetzlich vorgeschriebenes Verfahren (&sect; 167 Abs. 2 SGB IX) in Deutschland. Es verpflichtet Arbeitgeber, Besch&auml;ftigten, die innerhalb eines Jahres l&auml;nger als sechs Wochen ununterbrochen oder wiederholt arbeitsunf&auml;hig sind, Ma&szlig;nahmen anzubieten, um Arbeitsunf&auml;higkeit zu &uuml;berwinden, erneuter vorzubeugen und den Arbeitsplatz zu erhalten.\" class=\"encyclopedia\">bem<\/a>ethoden &uuml;ber Sprache statt Maus und Tastatur bis hin zu fortschrittlichen&nbsp;Deep-Learning-Technologien. Dies er&ouml;ffnet uns neue M&ouml;glichkeiten in der Kommunikation, Organisation und im Zusammenleben. Doch trotz dieser digitalen Evolution stehen viele Menschen vor digitalen Barrieren, die sie daran hindern, die Vorteile der digitalen Welt voll auszusch&ouml;pfen. Diese Hindernisse, oft auf komplexe Benutzeroberfl&auml;chen und unzureichende Standards zur&uuml;ckzuf&uuml;hren, verhindern einen umfassenden Zugang zur digitalen Welt und k&ouml;nnen soziale Ausgrenzung zur Folge haben.<\/p>\n\n\n\n<p>Aber welche Rolle spielt die digitale Teilhabe dabei? Digitale Teilhabe bedeutet, dass allen der Zugang zu digitalen Entwicklungen erm&ouml;glicht wird, um am gesellschaftlichen Leben teilzunehmen. Ohne diesen Zugang sind besonders Menschen mit Behinderung und Menschen im h&ouml;heren Lebensalter von gesellschaftlichen Diskussionen ausgeschlossen, k&ouml;nnen Angebote von Unternehmen sowie &ouml;ffentlichen Stellen nicht nutzen und werden nicht geh&ouml;rt. Somit geht digitale Teilhabe Hand in Hand mit sozialer Teilhabe. Die Gr&uuml;nde f&uuml;r die fehlende digitale Teilhabe reichen von mangelnden Kompetenzen &uuml;ber fehlende Endger&auml;te, unzureichende&nbsp;Software-Optionen bis hin zu k&ouml;rperlichen oder psychischen Einschr&auml;nkungen. Diese Herausforderungen m&uuml;ssen bew&auml;ltigt werden, um sicherzustellen, dass die Vorteile der Digitalisierung f&uuml;r alle zug&auml;nglich sind und niemand aufgrund digitaler Barrieren ausgeschlossen wird.<\/p>\n\n\n\n<h2 class=\"wp-block-heading\">Was sind digitale Barrieren?<\/h2>\n\n\n\n<p>Digitale Barrieren sind nicht immer sofort ersichtlich, k&ouml;nnen aber in nahezu jeder Situation auftreten. Sie beschr&auml;nken sich dabei nicht auf eine bestimmte soziale Gruppe. Digitale Barrieren werden beispielsweise durch den demografischen Wandel, der zunehmenden Internationalisierung und Globalisierung sowie Personen, bei denen aufgrund von Verletzungen oder Krankheiten eine vor&uuml;bergehende Beeintr&auml;chtigung vorliegt, beeinflusst. Auch Menschen mit gering ausgepr&auml;gten Technik-Kompetenzen sto&szlig;en schnell auf diese H&uuml;rden. Digitale Barrieren beeinflussen unsere Interaktion mit der digitalen Welt auf vielf&auml;ltige Weise.<\/p>\n\n\n\n<p>Bevor man sich auf die spezifischen Barrieren einzelner Personengruppen konzentriert, sollte man sich zun&auml;chst der Tatsache bewusst werden, dass Barrieren in der digitalen Welt f&uuml;r alle Menschen (!) existieren&nbsp;bzw.&nbsp;auftreten k&ouml;nnen: Sei es am Arbeitsplatz oder im Privatleben. Ein nicht untertiteltes Video kann zur H&uuml;rde werden, wenn man versucht, es in einer lauten Umgebung anzusehen. Der Kontrast auf einem&nbsp;Smartphone-Bildschirm kann so gering sein, dass es schwierig wird, Inhalte zu erkennen. Eine un&uuml;bersichtliche Struktur in einem Dokument kann uns vor&uuml;bergehend &uuml;berfordern und den Inhalt unverst&auml;ndlich machen. Auch ein gebrochener Arm kann zu H&uuml;rde werden, wenn man Tastenkombinationen f&uuml;r die Bearbeitung von Texten ben&ouml;tigt oder die Maus bedienen muss.<\/p>\n\n\n\n<p>Von digitaler Barrierefreiheit profitieren demnach alle Menschen. Einige Personengruppen sind jedoch &uuml;ber dieses Ma&szlig; hinaus auf eine barrierefreie Gestaltung angewiesen. Um f&uuml;r diese Zielgruppe eine digitale Barrierefreiheit sicherzustellen, ist es von entscheidender Bedeutung, die Bed&uuml;rfnisse und Herausforderungen dieser Zielgruppen zu verstehen und entsprechende Ma&szlig;nahmen zu ergreifen:<\/p>\n\n\n\n<ol class=\"wp-block-list\">\n<li><strong>Menschen mit Sehbehinderungen<\/strong>: Diese Gruppe ist oft auf Vergr&ouml;&szlig;erungs-Software&nbsp;angewiesen, w&auml;hrend Blinde Braillezeilen und Sprachausgaben nutzen. Zum Beispiel ist die Bereitstellung von Alternativtexten entscheidend, da sie informative Grafiken und Bilder f&uuml;r Menschen mit Sehbehinderungen zug&auml;nglich machen.<\/li>\n\n\n\n<li><strong>Geh&ouml;rlose Menschen<\/strong>: Sie ben&ouml;tigen visuelle Inhalte oder Geb&auml;rdensprachdolmetscher, w&auml;hrend H&ouml;rbeeintr&auml;chtigte von Untertiteln oder visuellen Erg&auml;nzungen profitieren. Die Integration von Geb&auml;rdensprache und Untertiteln in digitalen Medieninhalten ist dabei entscheidend.<\/li>\n\n\n\n<li><strong>Personen mit kognitiven Einschr&auml;nkungen<\/strong>: Menschen mit Lernschwierigkeiten, Aufmerksamkeitsst&ouml;rungen oder anderen kognitiven Einschr&auml;nkungen haben Schwierigkeiten, komplexe digitale Inhalte zu verarbeiten. Einfach verst&auml;ndliche sowie gut strukturierte Texte, &uuml;bersichtliche Seiten-Strukturen und Leichte Sprache sind notwendig, um die digitale Zug&auml;nglichkeit zu verbessern.<\/li>\n\n\n\n<li><strong>Menschen mit motorischen Einschr&auml;nkungen<\/strong>: Sie ben&ouml;tigen alternative Navigationsmethoden wie Tastatur oder Sprachsteuerung. Barrierefreie Schnittstellen und Unterst&uuml;tzung f&uuml;r verschiedene Einga<a href=\"https:\/\/www.vitalibera.org\/community\/enzyklopaedie\/bem\/\" target=\"_self\" title=\"Das&nbsp;Betriebliche Eingliederungsmanagement&nbsp;(BEM) ist ein gesetzlich vorgeschriebenes Verfahren (&sect; 167 Abs. 2 SGB IX) in Deutschland. Es verpflichtet Arbeitgeber, Besch&auml;ftigten, die innerhalb eines Jahres l&auml;nger als sechs Wochen ununterbrochen oder wiederholt arbeitsunf&auml;hig sind, Ma&szlig;nahmen anzubieten, um Arbeitsunf&auml;higkeit zu &uuml;berwinden, erneuter vorzubeugen und den Arbeitsplatz zu erhalten.\" class=\"encyclopedia\">bem<\/a>ethoden sind wichtig.&nbsp;<\/li>\n<\/ol>\n\n\n\n<p>Der Begriff digitale Barrierefreiheit bedeutet, dass die uneingeschr&auml;nkte Verf&uuml;gbarkeit und Zug&auml;nglichkeit zur Informationstechnik (Internet, Dokumente und mobile Anwendungen) f&uuml;r alle Menschen, unabh&auml;ngig ihrer etwaigen Einschr&auml;nkungen oder technischen M&ouml;glichkeiten, gew&auml;hrleistet wird. (vgl.&nbsp;<a href=\"https:\/\/www.oeffentliche-it.de\/-\/egov-campus-ringvorlesung-barrierefreie-it-an-hochschulen\" target=\"_blank\" rel=\"noreferrer noopener\">Kompetenzzentrum &Ouml;ffentliche&nbsp;<abbr title=\"Informationstechnologie\">IT<\/abbr><\/a>)<\/p>\n\n\n\n<h2 class=\"wp-block-heading\">Ma&szlig;nahmen zur &Uuml;berwindung digitaler Barrieren<\/h2>\n\n\n\n<p>Um digitale Barrieren zu &uuml;berwinden und eine inklusive Gesellschaft zu f&ouml;rdern, k&ouml;nnen unter anderem folgende Ma&szlig;nahmen dazu beitragen:<\/p>\n\n\n\n<ol class=\"wp-block-list\">\n<li><strong>&Uuml;bersichtliche Webseitenstrukturen<\/strong>: Eine klare Struktur und die korrekte Auszeichnung von &Uuml;berschriften sind f&uuml;r alle Benutzergruppen von gro&szlig;er Bedeutung.<\/li>\n\n\n\n<li><strong>Optimierung von Kontrasten<\/strong>: Ausreichende Farbkontraste verbessern die Lesbarkeit digitaler Inhalte. Informationen sind somit besser und leichter wahrnehmbar.<\/li>\n\n\n\n<li><strong>Tastaturbedienung<\/strong>: Die Gew&auml;hrleistung der Tastaturbedienung erm&ouml;glicht es Menschen mit verschiedenen Einschr&auml;nkungen, digitale Inhalte zu nutzen.<\/li>\n\n\n\n<li><strong>Geb&auml;rdensprachvideos und Untertitel<\/strong>: F&uuml;r Geh&ouml;rlose und H&ouml;rbeeintr&auml;chtigte sind Geb&auml;rdensprachvideos sowie Untertitel in digitalen Medien unerl&auml;sslich.<\/li>\n\n\n\n<li><strong>Leichte Sprache und klare Strukturen<\/strong>: Die Verwendung von Leichter Sprache und einfachen Strukturen erleichtert Personen mit kognitiven Einschr&auml;nkungen den Zugang zu digitalen Inhalten.<\/li>\n\n\n\n<li><strong>Bedienung von mehreren Sinnes- und Informationswegen<\/strong>: Informationen sollten nicht nur &uuml;ber einen einzigen Sinneskanal zur Verf&uuml;gung gestellt werden.<\/li>\n<\/ol>\n\n\n\n<h2 class=\"wp-block-heading\">Fazit: Inklusion durch digitale Barrierefreiheit<\/h2>\n\n\n\n<p>In einer zunehmend digitalisierten Welt ist die Gew&auml;hrleistung der Zug&auml;nglichkeit digitaler Angebote f&uuml;r alle von gro&szlig;er Bedeutung. Die <a href=\"https:\/\/www.vitalibera.org\/community\/enzyklopaedie\/bem\/\" target=\"_self\" title=\"Das&nbsp;Betriebliche Eingliederungsmanagement&nbsp;(BEM) ist ein gesetzlich vorgeschriebenes Verfahren (&sect; 167 Abs. 2 SGB IX) in Deutschland. Es verpflichtet Arbeitgeber, Besch&auml;ftigten, die innerhalb eines Jahres l&auml;nger als sechs Wochen ununterbrochen oder wiederholt arbeitsunf&auml;hig sind, Ma&szlig;nahmen anzubieten, um Arbeitsunf&auml;higkeit zu &uuml;berwinden, erneuter vorzubeugen und den Arbeitsplatz zu erhalten.\" class=\"encyclopedia\">Bem<\/a>&uuml;hungen auf europ&auml;ischer und nationaler Ebene zur Beseitigung von Hindernissen f&uuml;r Menschen mit verschiedenen Beeintr&auml;chtigungen sind wichtige Schritte in Richtung einer inklusiven Gesellschaft. Insbesondere weil die digitale Welt viele Vorteile f&uuml;r Menschen mit Einschr&auml;nkungen bietet, sollten diese nicht durch Barrieren davon ausgeschlossen werden. Die kontinuierliche Sensibilisierung, die Entwicklung barrierefreier Technologien sowie die F&ouml;rderung von Bildung und Schulungen sind entscheidende Faktoren f&uuml;r das Erreichen dieser Ziele.<\/p>\n\n\n\n<p>Bereits im Jahr 2016 wurden &ouml;ffentliche Stellen dazu verpflichtet, barrierefreie Standards in der digitalen Welt umzusetzen. Die Richtlinie (EU) 2016\/2102 sowie die&nbsp;EN&nbsp;301 549 legten den Grundstein f&uuml;r barrierefreie&nbsp;IT&nbsp;und f&uuml;hrten zur Umsetzung dieser Standards auf Bundes- und Landesebene durch die&nbsp;BITV&nbsp;2.0 (Barrierefreie Informationstechnik-Verordnung) und f&uuml;r die L&auml;nder; am Beispiel des Landes Hessen durch die&nbsp;<a href=\"https:\/\/www.barrierefreiheit-dienstekonsolidierung.bund.de\/Webs\/PB\/DE\/service\/lexikon\/functions\/bmi-lexikon.html?lv2=18267322&amp;lv3=21110120#doc21110120\" target=\"_blank\" rel=\"noreferrer noopener\">BITV HE<\/a>&nbsp;(Barrierefreie Informationstechnik-Verordnung des Landes Hessen).<\/p>\n\n\n\n<p>In einer inklusiven digitalen Gesellschaft kann das Potenzial jedes Einzelnen entfaltet werden und es wird sichergestellt, dass niemand zur&uuml;ckgelassen wird. Dies ist der Weg zur F&ouml;rderung von Chancengleichheit und Wohlbefinden in unserer Gesellschaft.<\/p>\n\n\n\n<p>Das Portal Barrierefreiheit der Dienstekonsolidierung des Bundes ist Ergebnis einer engen Zusammenarbeit des Bundesministeriums des Innern und f&uuml;r Heimat (BMI) mit Frau Professor&nbsp;Dr.&nbsp;Erdmuthe Meyer zu Bexten, der hessischen Landesbeauftragten f&uuml;r barrierefreie&nbsp;IT, mit der Koordinierenden Stelle Barrierefreiheit beim Informationstechnikzentrum Bund (ITZBund) sowie dem Bundesverwaltungsamt (BVA).<\/p>\n\n\n\n<p>Das Portal wird kontinuierlich erg&auml;nzt und verbessert. &Uuml;ber Ihre Fragen, Verbesserungsvorschl&auml;ge und Anmerkungen freuen wir uns: Je mehr Anregungen wir erhalten, desto reichhaltiger gestaltet sich der prozessuale Fortschritt von digitaler Barrierefreiheit.<\/p>\n\n\n\n<p>Zus&auml;tzlich zum Portal finden Sie auf der Webseite des&nbsp;<a href=\"https:\/\/lbit.hessen.de\/startseite\" target=\"_blank\" rel=\"noreferrer noopener\">Landeskompetenzzentrums Barrierefreie&nbsp;<abbr title=\"Informationstechnologie\">IT<\/abbr>&nbsp;(<abbr title=\"Landeskompetenzzentrum f&uuml;r barrierefreie Informationstechnik und Durchsetzungs- und &Uuml;berwachungsstelle\">LBIT<\/abbr>) Hessen<\/a>&nbsp;weitere wichtige Informationen rund um das Thema digitale Barrierefreiheit und Hilfestellungen zur Umsetzung barrierefreier Webseiten, Dokumente und mobiler Anwendungen.<\/p>\n\n\n\n<p><\/p>\n","protected":false},"excerpt":{"rendered":"<p>In einer zunehmend digitalen Welt ist Barrierefreiheit der Schl\u00fcssel. Er \u00f6ffnet uns die T\u00fcren zu einer Welt, in der Menschen mit unterschiedlichen F\u00e4higkeiten gleichberechtigt teilhaben k\u00f6nnen. Doch was bedeutet eigentlich digitale Barrierefreiheit? Einleitung Die Digitalisierung hat unsere Welt im Laufe der letzten Jahrzehnte revolutioniert, von Eingabemethoden \u00fcber Sprache statt Maus und Tastatur bis hin zu &#8230; <a title=\"Digitale Barrierefreiheit\" class=\"read-more\" href=\"https:\/\/www.vitalibera.org\/community\/2025\/10\/21\/digitale-barrierefreiheit\/\" aria-label=\"Mehr Informationen \u00fcber Digitale Barrierefreiheit\">Weiterlesen<\/a><\/p>\n","protected":false},"author":1,"featured_media":3514,"comment_status":"open","ping_status":"open","sticky":false,"template":"","format":"standard","meta":{"cybocfi_hide_featured_image":"yes","_jetpack_memberships_contains_paid_content":false,"footnotes":""},"categories":[162],"tags":[],"class_list":["post-3513","post","type-post","status-publish","format-standard","has-post-thumbnail","hentry","category-arbeit"],"yoast_head":"<!-- This site is optimized with the Yoast SEO plugin v27.4 - https:\/\/yoast.com\/product\/yoast-seo-wordpress\/ -->\r\n<title>Digitale Barrierefreiheit - vitalibera.org<\/title>\r\n<meta name=\"robots\" content=\"index, follow, max-snippet:-1, max-image-preview:large, max-video-preview:-1\" \/>\r\n<link rel=\"canonical\" href=\"http:\/\/www.vitalibera.org\/community\/2025\/10\/21\/digitale-barrierefreiheit\/\" \/>\r\n<meta property=\"og:locale\" content=\"de_DE\" \/>\r\n<meta property=\"og:type\" content=\"article\" \/>\r\n<meta property=\"og:title\" content=\"Digitale Barrierefreiheit - vitalibera.org\" \/>\r\n<meta property=\"og:description\" content=\"In einer zunehmend digitalen Welt ist Barrierefreiheit der Schl\u00fcssel. Er \u00f6ffnet uns die T\u00fcren zu einer Welt, in der Menschen mit unterschiedlichen F\u00e4higkeiten gleichberechtigt teilhaben k\u00f6nnen. Doch was bedeutet eigentlich digitale Barrierefreiheit? Einleitung Die Digitalisierung hat unsere Welt im Laufe der letzten Jahrzehnte revolutioniert, von Eingabemethoden \u00fcber Sprache statt Maus und Tastatur bis hin zu ... Weiterlesen\" \/>\r\n<meta property=\"og:url\" content=\"http:\/\/www.vitalibera.org\/community\/2025\/10\/21\/digitale-barrierefreiheit\/\" \/>\r\n<meta property=\"og:site_name\" content=\"vitalibera.org\" \/>\r\n<meta property=\"article:publisher\" content=\"https:\/\/www.facebook.com\/groups\/2997085857140235\" \/>\r\n<meta property=\"article:published_time\" content=\"2025-10-21T12:50:48+00:00\" \/>\r\n<meta property=\"article:modified_time\" content=\"2025-10-21T12:50:52+00:00\" \/>\r\n<meta property=\"og:image\" content=\"http:\/\/www.vitalibera.org\/community\/wp-content\/uploads\/2025\/10\/beitragsbild_digitalebarrierefreiheit.png\" \/>\r\n\t<meta property=\"og:image:width\" content=\"800\" \/>\r\n\t<meta property=\"og:image:height\" content=\"450\" \/>\r\n\t<meta property=\"og:image:type\" content=\"image\/png\" \/>\r\n<meta name=\"author\" content=\"admin\" \/>\r\n<meta name=\"twitter:card\" content=\"summary_large_image\" \/>\r\n<meta name=\"twitter:label1\" content=\"Verfasst von\" \/>\n\t<meta name=\"twitter:data1\" content=\"admin\" \/>\n\t<meta name=\"twitter:label2\" content=\"Gesch\u00e4tzte Lesezeit\" \/>\n\t<meta name=\"twitter:data2\" content=\"7\u00a0Minuten\" \/>\r\n<script type=\"application\/ld+json\" class=\"yoast-schema-graph\">{\"@context\":\"https:\\\/\\\/schema.org\",\"@graph\":[{\"@type\":\"Article\",\"@id\":\"http:\\\/\\\/www.vitalibera.org\\\/community\\\/2025\\\/10\\\/21\\\/digitale-barrierefreiheit\\\/#article\",\"isPartOf\":{\"@id\":\"http:\\\/\\\/www.vitalibera.org\\\/community\\\/2025\\\/10\\\/21\\\/digitale-barrierefreiheit\\\/\"},\"author\":{\"name\":\"admin\",\"@id\":\"https:\\\/\\\/www.vitalibera.org\\\/community\\\/#\\\/schema\\\/person\\\/c535fa8d561f7f8ca425ced40d87e582\"},\"headline\":\"Digitale Barrierefreiheit\",\"datePublished\":\"2025-10-21T12:50:48+00:00\",\"dateModified\":\"2025-10-21T12:50:52+00:00\",\"mainEntityOfPage\":{\"@id\":\"http:\\\/\\\/www.vitalibera.org\\\/community\\\/2025\\\/10\\\/21\\\/digitale-barrierefreiheit\\\/\"},\"wordCount\":1175,\"commentCount\":0,\"publisher\":{\"@id\":\"https:\\\/\\\/www.vitalibera.org\\\/community\\\/#organization\"},\"image\":{\"@id\":\"http:\\\/\\\/www.vitalibera.org\\\/community\\\/2025\\\/10\\\/21\\\/digitale-barrierefreiheit\\\/#primaryimage\"},\"thumbnailUrl\":\"https:\\\/\\\/www.vitalibera.org\\\/community\\\/wp-content\\\/uploads\\\/2025\\\/10\\\/beitragsbild_digitalebarrierefreiheit.png\",\"articleSection\":[\"Arbeit\"],\"inLanguage\":\"de\",\"potentialAction\":[{\"@type\":\"CommentAction\",\"name\":\"Comment\",\"target\":[\"http:\\\/\\\/www.vitalibera.org\\\/community\\\/2025\\\/10\\\/21\\\/digitale-barrierefreiheit\\\/#respond\"]}]},{\"@type\":\"WebPage\",\"@id\":\"http:\\\/\\\/www.vitalibera.org\\\/community\\\/2025\\\/10\\\/21\\\/digitale-barrierefreiheit\\\/\",\"url\":\"http:\\\/\\\/www.vitalibera.org\\\/community\\\/2025\\\/10\\\/21\\\/digitale-barrierefreiheit\\\/\",\"name\":\"Digitale Barrierefreiheit - vitalibera.org\",\"isPartOf\":{\"@id\":\"https:\\\/\\\/www.vitalibera.org\\\/community\\\/#website\"},\"primaryImageOfPage\":{\"@id\":\"http:\\\/\\\/www.vitalibera.org\\\/community\\\/2025\\\/10\\\/21\\\/digitale-barrierefreiheit\\\/#primaryimage\"},\"image\":{\"@id\":\"http:\\\/\\\/www.vitalibera.org\\\/community\\\/2025\\\/10\\\/21\\\/digitale-barrierefreiheit\\\/#primaryimage\"},\"thumbnailUrl\":\"https:\\\/\\\/www.vitalibera.org\\\/community\\\/wp-content\\\/uploads\\\/2025\\\/10\\\/beitragsbild_digitalebarrierefreiheit.png\",\"datePublished\":\"2025-10-21T12:50:48+00:00\",\"dateModified\":\"2025-10-21T12:50:52+00:00\",\"breadcrumb\":{\"@id\":\"http:\\\/\\\/www.vitalibera.org\\\/community\\\/2025\\\/10\\\/21\\\/digitale-barrierefreiheit\\\/#breadcrumb\"},\"inLanguage\":\"de\",\"potentialAction\":[{\"@type\":\"ReadAction\",\"target\":[\"http:\\\/\\\/www.vitalibera.org\\\/community\\\/2025\\\/10\\\/21\\\/digitale-barrierefreiheit\\\/\"]}]},{\"@type\":\"BreadcrumbList\",\"@id\":\"http:\\\/\\\/www.vitalibera.org\\\/community\\\/2025\\\/10\\\/21\\\/digitale-barrierefreiheit\\\/#breadcrumb\",\"itemListElement\":[{\"@type\":\"ListItem\",\"position\":1,\"name\":\"Startseite\",\"item\":\"https:\\\/\\\/www.vitalibera.org\\\/community\\\/\"},{\"@type\":\"ListItem\",\"position\":2,\"name\":\"Digitale Barrierefreiheit\"}]},{\"@type\":\"WebSite\",\"@id\":\"https:\\\/\\\/www.vitalibera.org\\\/community\\\/#website\",\"url\":\"https:\\\/\\\/www.vitalibera.org\\\/community\\\/\",\"name\":\"vitalibera.org\",\"description\":\"Mit einer Einschr&auml;nkung gestaltet sich das Leben im Alltag oft schwieriger - hier berichten wir &uuml;ber unsere Erfahrungen und Hilfsmittel um den Alltag so unbeschwert und unkompliziert wie nur m&ouml;glich geniessen zu k&ouml;nnen. Dabei richten wir unseren Fokus gezielt auf Selbst&auml;ndigkeit, Eigenst&auml;ndigkeit und Selbstbestimmung.\",\"publisher\":{\"@id\":\"https:\\\/\\\/www.vitalibera.org\\\/community\\\/#organization\"},\"potentialAction\":[{\"@type\":\"SearchAction\",\"target\":{\"@type\":\"EntryPoint\",\"urlTemplate\":\"https:\\\/\\\/www.vitalibera.org\\\/community\\\/?s={search_term_string}\"},\"query-input\":{\"@type\":\"PropertyValueSpecification\",\"valueRequired\":true,\"valueName\":\"search_term_string\"}}],\"inLanguage\":\"de\"},{\"@type\":\"Organization\",\"@id\":\"https:\\\/\\\/www.vitalibera.org\\\/community\\\/#organization\",\"name\":\"vitalibera.org\",\"url\":\"https:\\\/\\\/www.vitalibera.org\\\/community\\\/\",\"logo\":{\"@type\":\"ImageObject\",\"inLanguage\":\"de\",\"@id\":\"https:\\\/\\\/www.vitalibera.org\\\/community\\\/#\\\/schema\\\/logo\\\/image\\\/\",\"url\":\"https:\\\/\\\/www.vitalibera.org\\\/community\\\/wp-content\\\/uploads\\\/2025\\\/09\\\/cropped-banner.png\",\"contentUrl\":\"https:\\\/\\\/www.vitalibera.org\\\/community\\\/wp-content\\\/uploads\\\/2025\\\/09\\\/cropped-banner.png\",\"width\":991,\"height\":150,\"caption\":\"vitalibera.org\"},\"image\":{\"@id\":\"https:\\\/\\\/www.vitalibera.org\\\/community\\\/#\\\/schema\\\/logo\\\/image\\\/\"},\"sameAs\":[\"https:\\\/\\\/www.facebook.com\\\/groups\\\/2997085857140235\"]},{\"@type\":\"Person\",\"@id\":\"https:\\\/\\\/www.vitalibera.org\\\/community\\\/#\\\/schema\\\/person\\\/c535fa8d561f7f8ca425ced40d87e582\",\"name\":\"admin\",\"image\":{\"@type\":\"ImageObject\",\"inLanguage\":\"de\",\"@id\":\"https:\\\/\\\/secure.gravatar.com\\\/avatar\\\/ad516503a11cd5ca435acc9bb6523536?s=96\",\"url\":\"https:\\\/\\\/secure.gravatar.com\\\/avatar\\\/ad516503a11cd5ca435acc9bb6523536?s=96\",\"contentUrl\":\"https:\\\/\\\/secure.gravatar.com\\\/avatar\\\/ad516503a11cd5ca435acc9bb6523536?s=96\",\"caption\":\"admin\"},\"description\":\"admin\",\"sameAs\":[\"http:\\\/\\\/www.vitalibera.org\\\/community\"],\"url\":\"https:\\\/\\\/www.vitalibera.org\\\/community\\\/author\\\/admin\\\/\"}]}<\/script>\r\n<!-- \/ Yoast SEO plugin. -->","yoast_head_json":{"title":"Digitale Barrierefreiheit - vitalibera.org","robots":{"index":"index","follow":"follow","max-snippet":"max-snippet:-1","max-image-preview":"max-image-preview:large","max-video-preview":"max-video-preview:-1"},"canonical":"http:\/\/www.vitalibera.org\/community\/2025\/10\/21\/digitale-barrierefreiheit\/","og_locale":"de_DE","og_type":"article","og_title":"Digitale Barrierefreiheit - vitalibera.org","og_description":"In einer zunehmend digitalen Welt ist Barrierefreiheit der Schl\u00fcssel. Er \u00f6ffnet uns die T\u00fcren zu einer Welt, in der Menschen mit unterschiedlichen F\u00e4higkeiten gleichberechtigt teilhaben k\u00f6nnen. Doch was bedeutet eigentlich digitale Barrierefreiheit? Einleitung Die Digitalisierung hat unsere Welt im Laufe der letzten Jahrzehnte revolutioniert, von Eingabemethoden \u00fcber Sprache statt Maus und Tastatur bis hin zu ... Weiterlesen","og_url":"http:\/\/www.vitalibera.org\/community\/2025\/10\/21\/digitale-barrierefreiheit\/","og_site_name":"vitalibera.org","article_publisher":"https:\/\/www.facebook.com\/groups\/2997085857140235","article_published_time":"2025-10-21T12:50:48+00:00","article_modified_time":"2025-10-21T12:50:52+00:00","og_image":[{"width":800,"height":450,"url":"http:\/\/www.vitalibera.org\/community\/wp-content\/uploads\/2025\/10\/beitragsbild_digitalebarrierefreiheit.png","type":"image\/png"}],"author":"admin","twitter_card":"summary_large_image","twitter_misc":{"Verfasst von":"admin","Gesch\u00e4tzte Lesezeit":"7\u00a0Minuten"},"schema":{"@context":"https:\/\/schema.org","@graph":[{"@type":"Article","@id":"http:\/\/www.vitalibera.org\/community\/2025\/10\/21\/digitale-barrierefreiheit\/#article","isPartOf":{"@id":"http:\/\/www.vitalibera.org\/community\/2025\/10\/21\/digitale-barrierefreiheit\/"},"author":{"name":"admin","@id":"https:\/\/www.vitalibera.org\/community\/#\/schema\/person\/c535fa8d561f7f8ca425ced40d87e582"},"headline":"Digitale Barrierefreiheit","datePublished":"2025-10-21T12:50:48+00:00","dateModified":"2025-10-21T12:50:52+00:00","mainEntityOfPage":{"@id":"http:\/\/www.vitalibera.org\/community\/2025\/10\/21\/digitale-barrierefreiheit\/"},"wordCount":1175,"commentCount":0,"publisher":{"@id":"https:\/\/www.vitalibera.org\/community\/#organization"},"image":{"@id":"http:\/\/www.vitalibera.org\/community\/2025\/10\/21\/digitale-barrierefreiheit\/#primaryimage"},"thumbnailUrl":"https:\/\/www.vitalibera.org\/community\/wp-content\/uploads\/2025\/10\/beitragsbild_digitalebarrierefreiheit.png","articleSection":["Arbeit"],"inLanguage":"de","potentialAction":[{"@type":"CommentAction","name":"Comment","target":["http:\/\/www.vitalibera.org\/community\/2025\/10\/21\/digitale-barrierefreiheit\/#respond"]}]},{"@type":"WebPage","@id":"http:\/\/www.vitalibera.org\/community\/2025\/10\/21\/digitale-barrierefreiheit\/","url":"http:\/\/www.vitalibera.org\/community\/2025\/10\/21\/digitale-barrierefreiheit\/","name":"Digitale Barrierefreiheit - vitalibera.org","isPartOf":{"@id":"https:\/\/www.vitalibera.org\/community\/#website"},"primaryImageOfPage":{"@id":"http:\/\/www.vitalibera.org\/community\/2025\/10\/21\/digitale-barrierefreiheit\/#primaryimage"},"image":{"@id":"http:\/\/www.vitalibera.org\/community\/2025\/10\/21\/digitale-barrierefreiheit\/#primaryimage"},"thumbnailUrl":"https:\/\/www.vitalibera.org\/community\/wp-content\/uploads\/2025\/10\/beitragsbild_digitalebarrierefreiheit.png","datePublished":"2025-10-21T12:50:48+00:00","dateModified":"2025-10-21T12:50:52+00:00","breadcrumb":{"@id":"http:\/\/www.vitalibera.org\/community\/2025\/10\/21\/digitale-barrierefreiheit\/#breadcrumb"},"inLanguage":"de","potentialAction":[{"@type":"ReadAction","target":["http:\/\/www.vitalibera.org\/community\/2025\/10\/21\/digitale-barrierefreiheit\/"]}]},{"@type":"BreadcrumbList","@id":"http:\/\/www.vitalibera.org\/community\/2025\/10\/21\/digitale-barrierefreiheit\/#breadcrumb","itemListElement":[{"@type":"ListItem","position":1,"name":"Startseite","item":"https:\/\/www.vitalibera.org\/community\/"},{"@type":"ListItem","position":2,"name":"Digitale Barrierefreiheit"}]},{"@type":"WebSite","@id":"https:\/\/www.vitalibera.org\/community\/#website","url":"https:\/\/www.vitalibera.org\/community\/","name":"vitalibera.org","description":"Mit einer Einschr&auml;nkung gestaltet sich das Leben im Alltag oft schwieriger - hier berichten wir &uuml;ber unsere Erfahrungen und Hilfsmittel um den Alltag so unbeschwert und unkompliziert wie nur m&ouml;glich geniessen zu k&ouml;nnen. Dabei richten wir unseren Fokus gezielt auf Selbst&auml;ndigkeit, Eigenst&auml;ndigkeit und Selbstbestimmung.","publisher":{"@id":"https:\/\/www.vitalibera.org\/community\/#organization"},"potentialAction":[{"@type":"SearchAction","target":{"@type":"EntryPoint","urlTemplate":"https:\/\/www.vitalibera.org\/community\/?s={search_term_string}"},"query-input":{"@type":"PropertyValueSpecification","valueRequired":true,"valueName":"search_term_string"}}],"inLanguage":"de"},{"@type":"Organization","@id":"https:\/\/www.vitalibera.org\/community\/#organization","name":"vitalibera.org","url":"https:\/\/www.vitalibera.org\/community\/","logo":{"@type":"ImageObject","inLanguage":"de","@id":"https:\/\/www.vitalibera.org\/community\/#\/schema\/logo\/image\/","url":"https:\/\/www.vitalibera.org\/community\/wp-content\/uploads\/2025\/09\/cropped-banner.png","contentUrl":"https:\/\/www.vitalibera.org\/community\/wp-content\/uploads\/2025\/09\/cropped-banner.png","width":991,"height":150,"caption":"vitalibera.org"},"image":{"@id":"https:\/\/www.vitalibera.org\/community\/#\/schema\/logo\/image\/"},"sameAs":["https:\/\/www.facebook.com\/groups\/2997085857140235"]},{"@type":"Person","@id":"https:\/\/www.vitalibera.org\/community\/#\/schema\/person\/c535fa8d561f7f8ca425ced40d87e582","name":"admin","image":{"@type":"ImageObject","inLanguage":"de","@id":"https:\/\/secure.gravatar.com\/avatar\/ad516503a11cd5ca435acc9bb6523536?s=96","url":"https:\/\/secure.gravatar.com\/avatar\/ad516503a11cd5ca435acc9bb6523536?s=96","contentUrl":"https:\/\/secure.gravatar.com\/avatar\/ad516503a11cd5ca435acc9bb6523536?s=96","caption":"admin"},"description":"admin","sameAs":["http:\/\/www.vitalibera.org\/community"],"url":"https:\/\/www.vitalibera.org\/community\/author\/admin\/"}]}},"jetpack_featured_media_url":"https:\/\/www.vitalibera.org\/community\/wp-content\/uploads\/2025\/10\/beitragsbild_digitalebarrierefreiheit.png","jetpack_sharing_enabled":true,"jetpack-related-posts":[],"_links":{"self":[{"href":"https:\/\/www.vitalibera.org\/community\/wp-json\/wp\/v2\/posts\/3513","targetHints":{"allow":["GET"]}}],"collection":[{"href":"https:\/\/www.vitalibera.org\/community\/wp-json\/wp\/v2\/posts"}],"about":[{"href":"https:\/\/www.vitalibera.org\/community\/wp-json\/wp\/v2\/types\/post"}],"author":[{"embeddable":true,"href":"https:\/\/www.vitalibera.org\/community\/wp-json\/wp\/v2\/users\/1"}],"replies":[{"embeddable":true,"href":"https:\/\/www.vitalibera.org\/community\/wp-json\/wp\/v2\/comments?post=3513"}],"version-history":[{"count":0,"href":"https:\/\/www.vitalibera.org\/community\/wp-json\/wp\/v2\/posts\/3513\/revisions"}],"wp:featuredmedia":[{"embeddable":true,"href":"https:\/\/www.vitalibera.org\/community\/wp-json\/wp\/v2\/media\/3514"}],"wp:attachment":[{"href":"https:\/\/www.vitalibera.org\/community\/wp-json\/wp\/v2\/media?parent=3513"}],"wp:term":[{"taxonomy":"category","embeddable":true,"href":"https:\/\/www.vitalibera.org\/community\/wp-json\/wp\/v2\/categories?post=3513"},{"taxonomy":"post_tag","embeddable":true,"href":"https:\/\/www.vitalibera.org\/community\/wp-json\/wp\/v2\/tags?post=3513"}],"curies":[{"name":"wp","href":"https:\/\/api.w.org\/{rel}","templated":true}]}}