{"id":3547,"date":"2025-10-22T18:13:43","date_gmt":"2025-10-22T16:13:43","guid":{"rendered":"https:\/\/www.vitalibera.org\/community\/?p=3547"},"modified":"2025-10-22T18:17:54","modified_gmt":"2025-10-22T16:17:54","slug":"cosylift-elektrischer-matratzenlift","status":"publish","type":"post","link":"https:\/\/www.vitalibera.org\/community\/2025\/10\/22\/cosylift-elektrischer-matratzenlift\/","title":{"rendered":"Cosylift &#8211; elektrischer Matratzenlift"},"content":{"rendered":"\n<div class=\"wp-block-media-text is-stacked-on-mobile is-vertically-aligned-top\"><figure class=\"wp-block-media-text__media\"><img fetchpriority=\"high\" decoding=\"async\" width=\"600\" height=\"600\" src=\"https:\/\/www.vitalibera.org\/community\/wp-content\/uploads\/2025\/10\/cosylift4.jpg\" alt=\"\" class=\"wp-image-3548 size-full\" srcset=\"https:\/\/www.vitalibera.org\/community\/wp-content\/uploads\/2025\/10\/cosylift4.jpg 600w, https:\/\/www.vitalibera.org\/community\/wp-content\/uploads\/2025\/10\/cosylift4-300x300.jpg 300w, https:\/\/www.vitalibera.org\/community\/wp-content\/uploads\/2025\/10\/cosylift4-150x150.jpg 150w\" sizes=\"(max-width: 600px) 100vw, 600px\" \/><\/figure><div class=\"wp-block-media-text__content\">\n<p>Der Cosylift macht jedes Bett sekundenschnell elektrisch verstellbar und ist klein, kraftvoll und komfortabel. Das Upgrade f&uuml;r dein Bett! <\/p>\n\n\n\n<p>Der CosyLift wurde in Deutschland und in der Schweiz entwickelt und wird in Europa produziert. Die kurzen Lieferketten erm&ouml;glichen dabei die beste Qualit&auml;t f&uuml;r dein Zuhause. Er ist nachhaltig aufgrund des geringen Materialverbrauchs und schont Ressourcen, da er auf vorhandenen Bettsystemen aufbaut.<\/p>\n\n\n\n<p><strong>Beschreibung:<\/strong><\/p>\n\n\n\n<p>GS-Siegel (Gepr&uuml;fte Sicherheit)<\/p>\n\n\n\n<p>Mit einer Handbedienung bedienbar<\/p>\n\n\n\n<p>F&uuml;r alle Betten &ndash; Auch Boxspringbetten &ndash; geeignet<\/p>\n\n\n\n<p>Mit allen Matratzentypen kompatibel<\/p>\n\n\n\n<p>Leicht montierbar; Matratzen-Lift einfach unter die Matratze schieben, Netzteil und Handschalter anschliessen und los geht&rsquo;s!<\/p>\n\n\n\n<p>F&uuml;r alle Betten und Matratzen mit einer Breite von 80 bis 120 cm geeignet. Ab einer Matratzenbreite von 140 cm k&ouml;nnen zwei CosyLifts miteinander kombiniert und durch das Synchro-Kabel parallel gesteuert werden.&nbsp;<a href=\"https:\/\/www.careproduct.ch\/pi\/Schlaf-Ruhe\/Pflegebetten-Zubehoer\/Hebepflege-Einlegerahmen-Bett-im-Bett\/Synchro-Kabel-zu-Cosylift.html\" target=\"_blank\" rel=\"noreferrer noopener\">HIER<\/a> zum Synchrokabel.<\/p>\n\n\n\n<p>Der CosyLift ist per Handschalter stufenlos von der liegenden bis zur aufrechten Position elektrisch verstellbar &ndash; mit einem Neigungswinkel von 0 bis 59&deg;<\/p>\n\n\n\n<p>Optional kann der CosyLift auch per App gesteuert werden (separat erh&auml;ltlicher Bluetooth-Dongle ben&ouml;tigt)<\/p>\n\n\n\n<p>Psst. Der CosyLift ist kaum h&ouml;rbar<\/p>\n\n\n\n<p>3 Jahre Garantie<\/p>\n<\/div><\/div>\n\n\n\n<figure class=\"wp-block-image size-full\"><img decoding=\"async\" width=\"600\" height=\"600\" src=\"https:\/\/www.vitalibera.org\/community\/wp-content\/uploads\/2025\/10\/cosylift3.jpg\" alt=\"\" class=\"wp-image-3550\" srcset=\"https:\/\/www.vitalibera.org\/community\/wp-content\/uploads\/2025\/10\/cosylift3.jpg 600w, https:\/\/www.vitalibera.org\/community\/wp-content\/uploads\/2025\/10\/cosylift3-300x300.jpg 300w, https:\/\/www.vitalibera.org\/community\/wp-content\/uploads\/2025\/10\/cosylift3-150x150.jpg 150w\" sizes=\"(max-width: 600px) 100vw, 600px\" \/><\/figure>\n\n\n\n<p><a href=\"https:\/\/www.careproduct.ch\/de\/produkt\/cosylift-elektrischer-matratzenlift?waehrung=CHF&amp;gad_source=1&amp;gad_campaignid=17189495495&amp;gbraid=0AAAAADqe_eD7F7Ccr_tsf1R9KbFvP6mGB&amp;gclid=CjwKCAjwgeLHBhBuEiwAL5gNEevwRWzcjU4hh6sZ_Vlr9ii92vAO1UHG2nX5TX9oqQrHY2Avz2vf5BoChiMQAvD_BwE\" target=\"_blank\" rel=\"noreferrer noopener\">Zum Angebot<\/a><\/p>\n","protected":false},"excerpt":{"rendered":"<p>Der Cosylift macht jedes Bett sekundenschnell elektrisch verstellbar und ist klein, kraftvoll und komfortabel. Das Upgrade f\u00fcr dein Bett! Der CosyLift wurde in Deutschland und in der Schweiz entwickelt und wird in Europa produziert. Die kurzen Lieferketten erm\u00f6glichen dabei die beste Qualit\u00e4t f\u00fcr dein Zuhause. Er ist nachhaltig aufgrund des geringen Materialverbrauchs und schont Ressourcen, &#8230; <a title=\"Cosylift &#8211; elektrischer Matratzenlift\" class=\"read-more\" href=\"https:\/\/www.vitalibera.org\/community\/2025\/10\/22\/cosylift-elektrischer-matratzenlift\/\" aria-label=\"Mehr Informationen \u00fcber Cosylift &#8211; elektrischer Matratzenlift\">Weiterlesen<\/a><\/p>\n","protected":false},"author":3,"featured_media":3549,"comment_status":"open","ping_status":"open","sticky":false,"template":"","format":"standard","meta":{"cybocfi_hide_featured_image":"yes","_jetpack_memberships_contains_paid_content":false,"footnotes":""},"categories":[42,63],"tags":[],"class_list":["post-3547","post","type-post","status-publish","format-standard","has-post-thumbnail","hentry","category-alltag","category-haushalt"],"yoast_head":"<!-- This site is optimized with the Yoast SEO plugin v27.4 - https:\/\/yoast.com\/product\/yoast-seo-wordpress\/ -->\r\n<title>Cosylift - elektrischer Matratzenlift - vitalibera.org<\/title>\r\n<meta name=\"robots\" content=\"index, follow, max-snippet:-1, max-image-preview:large, max-video-preview:-1\" \/>\r\n<link rel=\"canonical\" href=\"http:\/\/www.vitalibera.org\/community\/2025\/10\/22\/cosylift-elektrischer-matratzenlift\/\" \/>\r\n<meta property=\"og:locale\" content=\"de_DE\" \/>\r\n<meta property=\"og:type\" content=\"article\" \/>\r\n<meta property=\"og:title\" content=\"Cosylift - elektrischer Matratzenlift - vitalibera.org\" \/>\r\n<meta property=\"og:description\" content=\"Der Cosylift macht jedes Bett sekundenschnell elektrisch verstellbar und ist klein, kraftvoll und komfortabel. Das Upgrade f\u00fcr dein Bett! Der CosyLift wurde in Deutschland und in der Schweiz entwickelt und wird in Europa produziert. Die kurzen Lieferketten erm\u00f6glichen dabei die beste Qualit\u00e4t f\u00fcr dein Zuhause. Er ist nachhaltig aufgrund des geringen Materialverbrauchs und schont Ressourcen, ... Weiterlesen\" \/>\r\n<meta property=\"og:url\" content=\"http:\/\/www.vitalibera.org\/community\/2025\/10\/22\/cosylift-elektrischer-matratzenlift\/\" \/>\r\n<meta property=\"og:site_name\" content=\"vitalibera.org\" \/>\r\n<meta property=\"article:publisher\" content=\"https:\/\/www.facebook.com\/groups\/2997085857140235\" \/>\r\n<meta property=\"article:published_time\" content=\"2025-10-22T16:13:43+00:00\" \/>\r\n<meta property=\"article:modified_time\" content=\"2025-10-22T16:17:54+00:00\" \/>\r\n<meta property=\"og:image\" content=\"http:\/\/www.vitalibera.org\/community\/wp-content\/uploads\/2025\/10\/cosylift2.jpg\" \/>\r\n\t<meta property=\"og:image:width\" content=\"600\" \/>\r\n\t<meta property=\"og:image:height\" content=\"600\" \/>\r\n\t<meta property=\"og:image:type\" content=\"image\/jpeg\" \/>\r\n<meta name=\"author\" content=\"Heidi\" \/>\r\n<meta name=\"twitter:card\" content=\"summary_large_image\" \/>\r\n<meta name=\"twitter:label1\" content=\"Verfasst von\" \/>\n\t<meta name=\"twitter:data1\" content=\"Heidi\" \/>\n\t<meta name=\"twitter:label2\" content=\"Gesch\u00e4tzte Lesezeit\" \/>\n\t<meta name=\"twitter:data2\" content=\"2\u00a0Minuten\" \/>\r\n<script type=\"application\/ld+json\" class=\"yoast-schema-graph\">{\"@context\":\"https:\\\/\\\/schema.org\",\"@graph\":[{\"@type\":\"Article\",\"@id\":\"http:\\\/\\\/www.vitalibera.org\\\/community\\\/2025\\\/10\\\/22\\\/cosylift-elektrischer-matratzenlift\\\/#article\",\"isPartOf\":{\"@id\":\"http:\\\/\\\/www.vitalibera.org\\\/community\\\/2025\\\/10\\\/22\\\/cosylift-elektrischer-matratzenlift\\\/\"},\"author\":{\"name\":\"Heidi\",\"@id\":\"https:\\\/\\\/www.vitalibera.org\\\/community\\\/#\\\/schema\\\/person\\\/fbd95034e2e55dc43396976b7e9db47c\"},\"headline\":\"Cosylift &#8211; elektrischer Matratzenlift\",\"datePublished\":\"2025-10-22T16:13:43+00:00\",\"dateModified\":\"2025-10-22T16:17:54+00:00\",\"mainEntityOfPage\":{\"@id\":\"http:\\\/\\\/www.vitalibera.org\\\/community\\\/2025\\\/10\\\/22\\\/cosylift-elektrischer-matratzenlift\\\/\"},\"wordCount\":188,\"commentCount\":0,\"publisher\":{\"@id\":\"https:\\\/\\\/www.vitalibera.org\\\/community\\\/#organization\"},\"image\":{\"@id\":\"http:\\\/\\\/www.vitalibera.org\\\/community\\\/2025\\\/10\\\/22\\\/cosylift-elektrischer-matratzenlift\\\/#primaryimage\"},\"thumbnailUrl\":\"https:\\\/\\\/www.vitalibera.org\\\/community\\\/wp-content\\\/uploads\\\/2025\\\/10\\\/cosylift2.jpg\",\"articleSection\":[\"Alltag\",\"Haushalt\"],\"inLanguage\":\"de\",\"potentialAction\":[{\"@type\":\"CommentAction\",\"name\":\"Comment\",\"target\":[\"http:\\\/\\\/www.vitalibera.org\\\/community\\\/2025\\\/10\\\/22\\\/cosylift-elektrischer-matratzenlift\\\/#respond\"]}]},{\"@type\":\"WebPage\",\"@id\":\"http:\\\/\\\/www.vitalibera.org\\\/community\\\/2025\\\/10\\\/22\\\/cosylift-elektrischer-matratzenlift\\\/\",\"url\":\"http:\\\/\\\/www.vitalibera.org\\\/community\\\/2025\\\/10\\\/22\\\/cosylift-elektrischer-matratzenlift\\\/\",\"name\":\"Cosylift - elektrischer Matratzenlift - vitalibera.org\",\"isPartOf\":{\"@id\":\"https:\\\/\\\/www.vitalibera.org\\\/community\\\/#website\"},\"primaryImageOfPage\":{\"@id\":\"http:\\\/\\\/www.vitalibera.org\\\/community\\\/2025\\\/10\\\/22\\\/cosylift-elektrischer-matratzenlift\\\/#primaryimage\"},\"image\":{\"@id\":\"http:\\\/\\\/www.vitalibera.org\\\/community\\\/2025\\\/10\\\/22\\\/cosylift-elektrischer-matratzenlift\\\/#primaryimage\"},\"thumbnailUrl\":\"https:\\\/\\\/www.vitalibera.org\\\/community\\\/wp-content\\\/uploads\\\/2025\\\/10\\\/cosylift2.jpg\",\"datePublished\":\"2025-10-22T16:13:43+00:00\",\"dateModified\":\"2025-10-22T16:17:54+00:00\",\"breadcrumb\":{\"@id\":\"http:\\\/\\\/www.vitalibera.org\\\/community\\\/2025\\\/10\\\/22\\\/cosylift-elektrischer-matratzenlift\\\/#breadcrumb\"},\"inLanguage\":\"de\",\"potentialAction\":[{\"@type\":\"ReadAction\",\"target\":[\"http:\\\/\\\/www.vitalibera.org\\\/community\\\/2025\\\/10\\\/22\\\/cosylift-elektrischer-matratzenlift\\\/\"]}]},{\"@type\":\"BreadcrumbList\",\"@id\":\"http:\\\/\\\/www.vitalibera.org\\\/community\\\/2025\\\/10\\\/22\\\/cosylift-elektrischer-matratzenlift\\\/#breadcrumb\",\"itemListElement\":[{\"@type\":\"ListItem\",\"position\":1,\"name\":\"Startseite\",\"item\":\"https:\\\/\\\/www.vitalibera.org\\\/community\\\/\"},{\"@type\":\"ListItem\",\"position\":2,\"name\":\"Cosylift &#8211; elektrischer Matratzenlift\"}]},{\"@type\":\"WebSite\",\"@id\":\"https:\\\/\\\/www.vitalibera.org\\\/community\\\/#website\",\"url\":\"https:\\\/\\\/www.vitalibera.org\\\/community\\\/\",\"name\":\"vitalibera.org\",\"description\":\"Mit einer Einschr&auml;nkung gestaltet sich das Leben im Alltag oft schwieriger - hier berichten wir &uuml;ber unsere Erfahrungen und Hilfsmittel um den Alltag so unbeschwert und unkompliziert wie nur m&ouml;glich geniessen zu k&ouml;nnen. Dabei richten wir unseren Fokus gezielt auf Selbst&auml;ndigkeit, Eigenst&auml;ndigkeit und Selbstbestimmung.\",\"publisher\":{\"@id\":\"https:\\\/\\\/www.vitalibera.org\\\/community\\\/#organization\"},\"potentialAction\":[{\"@type\":\"SearchAction\",\"target\":{\"@type\":\"EntryPoint\",\"urlTemplate\":\"https:\\\/\\\/www.vitalibera.org\\\/community\\\/?s={search_term_string}\"},\"query-input\":{\"@type\":\"PropertyValueSpecification\",\"valueRequired\":true,\"valueName\":\"search_term_string\"}}],\"inLanguage\":\"de\"},{\"@type\":\"Organization\",\"@id\":\"https:\\\/\\\/www.vitalibera.org\\\/community\\\/#organization\",\"name\":\"vitalibera.org\",\"url\":\"https:\\\/\\\/www.vitalibera.org\\\/community\\\/\",\"logo\":{\"@type\":\"ImageObject\",\"inLanguage\":\"de\",\"@id\":\"https:\\\/\\\/www.vitalibera.org\\\/community\\\/#\\\/schema\\\/logo\\\/image\\\/\",\"url\":\"https:\\\/\\\/www.vitalibera.org\\\/community\\\/wp-content\\\/uploads\\\/2025\\\/09\\\/cropped-banner.png\",\"contentUrl\":\"https:\\\/\\\/www.vitalibera.org\\\/community\\\/wp-content\\\/uploads\\\/2025\\\/09\\\/cropped-banner.png\",\"width\":991,\"height\":150,\"caption\":\"vitalibera.org\"},\"image\":{\"@id\":\"https:\\\/\\\/www.vitalibera.org\\\/community\\\/#\\\/schema\\\/logo\\\/image\\\/\"},\"sameAs\":[\"https:\\\/\\\/www.facebook.com\\\/groups\\\/2997085857140235\"]},{\"@type\":\"Person\",\"@id\":\"https:\\\/\\\/www.vitalibera.org\\\/community\\\/#\\\/schema\\\/person\\\/fbd95034e2e55dc43396976b7e9db47c\",\"name\":\"Heidi\",\"image\":{\"@type\":\"ImageObject\",\"inLanguage\":\"de\",\"@id\":\"https:\\\/\\\/secure.gravatar.com\\\/avatar\\\/ad516503a11cd5ca435acc9bb6523536?s=96\",\"url\":\"https:\\\/\\\/secure.gravatar.com\\\/avatar\\\/ad516503a11cd5ca435acc9bb6523536?s=96\",\"contentUrl\":\"https:\\\/\\\/secure.gravatar.com\\\/avatar\\\/ad516503a11cd5ca435acc9bb6523536?s=96\",\"caption\":\"Heidi\"},\"description\":\"Nach Schuss in den Kopf, bei Moranschlag durch polizeibekannten Verbrecher, halbseitig links gel\u00e4hmt.\",\"url\":\"https:\\\/\\\/www.vitalibera.org\\\/community\\\/author\\\/phoenix\\\/\"}]}<\/script>\r\n<!-- \/ Yoast SEO plugin. -->","yoast_head_json":{"title":"Cosylift - elektrischer Matratzenlift - vitalibera.org","robots":{"index":"index","follow":"follow","max-snippet":"max-snippet:-1","max-image-preview":"max-image-preview:large","max-video-preview":"max-video-preview:-1"},"canonical":"http:\/\/www.vitalibera.org\/community\/2025\/10\/22\/cosylift-elektrischer-matratzenlift\/","og_locale":"de_DE","og_type":"article","og_title":"Cosylift - elektrischer Matratzenlift - vitalibera.org","og_description":"Der Cosylift macht jedes Bett sekundenschnell elektrisch verstellbar und ist klein, kraftvoll und komfortabel. Das Upgrade f\u00fcr dein Bett! Der CosyLift wurde in Deutschland und in der Schweiz entwickelt und wird in Europa produziert. Die kurzen Lieferketten erm\u00f6glichen dabei die beste Qualit\u00e4t f\u00fcr dein Zuhause. Er ist nachhaltig aufgrund des geringen Materialverbrauchs und schont Ressourcen, ... Weiterlesen","og_url":"http:\/\/www.vitalibera.org\/community\/2025\/10\/22\/cosylift-elektrischer-matratzenlift\/","og_site_name":"vitalibera.org","article_publisher":"https:\/\/www.facebook.com\/groups\/2997085857140235","article_published_time":"2025-10-22T16:13:43+00:00","article_modified_time":"2025-10-22T16:17:54+00:00","og_image":[{"width":600,"height":600,"url":"http:\/\/www.vitalibera.org\/community\/wp-content\/uploads\/2025\/10\/cosylift2.jpg","type":"image\/jpeg"}],"author":"Heidi","twitter_card":"summary_large_image","twitter_misc":{"Verfasst von":"Heidi","Gesch\u00e4tzte Lesezeit":"2\u00a0Minuten"},"schema":{"@context":"https:\/\/schema.org","@graph":[{"@type":"Article","@id":"http:\/\/www.vitalibera.org\/community\/2025\/10\/22\/cosylift-elektrischer-matratzenlift\/#article","isPartOf":{"@id":"http:\/\/www.vitalibera.org\/community\/2025\/10\/22\/cosylift-elektrischer-matratzenlift\/"},"author":{"name":"Heidi","@id":"https:\/\/www.vitalibera.org\/community\/#\/schema\/person\/fbd95034e2e55dc43396976b7e9db47c"},"headline":"Cosylift &#8211; elektrischer Matratzenlift","datePublished":"2025-10-22T16:13:43+00:00","dateModified":"2025-10-22T16:17:54+00:00","mainEntityOfPage":{"@id":"http:\/\/www.vitalibera.org\/community\/2025\/10\/22\/cosylift-elektrischer-matratzenlift\/"},"wordCount":188,"commentCount":0,"publisher":{"@id":"https:\/\/www.vitalibera.org\/community\/#organization"},"image":{"@id":"http:\/\/www.vitalibera.org\/community\/2025\/10\/22\/cosylift-elektrischer-matratzenlift\/#primaryimage"},"thumbnailUrl":"https:\/\/www.vitalibera.org\/community\/wp-content\/uploads\/2025\/10\/cosylift2.jpg","articleSection":["Alltag","Haushalt"],"inLanguage":"de","potentialAction":[{"@type":"CommentAction","name":"Comment","target":["http:\/\/www.vitalibera.org\/community\/2025\/10\/22\/cosylift-elektrischer-matratzenlift\/#respond"]}]},{"@type":"WebPage","@id":"http:\/\/www.vitalibera.org\/community\/2025\/10\/22\/cosylift-elektrischer-matratzenlift\/","url":"http:\/\/www.vitalibera.org\/community\/2025\/10\/22\/cosylift-elektrischer-matratzenlift\/","name":"Cosylift - elektrischer Matratzenlift - vitalibera.org","isPartOf":{"@id":"https:\/\/www.vitalibera.org\/community\/#website"},"primaryImageOfPage":{"@id":"http:\/\/www.vitalibera.org\/community\/2025\/10\/22\/cosylift-elektrischer-matratzenlift\/#primaryimage"},"image":{"@id":"http:\/\/www.vitalibera.org\/community\/2025\/10\/22\/cosylift-elektrischer-matratzenlift\/#primaryimage"},"thumbnailUrl":"https:\/\/www.vitalibera.org\/community\/wp-content\/uploads\/2025\/10\/cosylift2.jpg","datePublished":"2025-10-22T16:13:43+00:00","dateModified":"2025-10-22T16:17:54+00:00","breadcrumb":{"@id":"http:\/\/www.vitalibera.org\/community\/2025\/10\/22\/cosylift-elektrischer-matratzenlift\/#breadcrumb"},"inLanguage":"de","potentialAction":[{"@type":"ReadAction","target":["http:\/\/www.vitalibera.org\/community\/2025\/10\/22\/cosylift-elektrischer-matratzenlift\/"]}]},{"@type":"BreadcrumbList","@id":"http:\/\/www.vitalibera.org\/community\/2025\/10\/22\/cosylift-elektrischer-matratzenlift\/#breadcrumb","itemListElement":[{"@type":"ListItem","position":1,"name":"Startseite","item":"https:\/\/www.vitalibera.org\/community\/"},{"@type":"ListItem","position":2,"name":"Cosylift &#8211; elektrischer Matratzenlift"}]},{"@type":"WebSite","@id":"https:\/\/www.vitalibera.org\/community\/#website","url":"https:\/\/www.vitalibera.org\/community\/","name":"vitalibera.org","description":"Mit einer Einschr&auml;nkung gestaltet sich das Leben im Alltag oft schwieriger - hier berichten wir &uuml;ber unsere Erfahrungen und Hilfsmittel um den Alltag so unbeschwert und unkompliziert wie nur m&ouml;glich geniessen zu k&ouml;nnen. Dabei richten wir unseren Fokus gezielt auf Selbst&auml;ndigkeit, Eigenst&auml;ndigkeit und Selbstbestimmung.","publisher":{"@id":"https:\/\/www.vitalibera.org\/community\/#organization"},"potentialAction":[{"@type":"SearchAction","target":{"@type":"EntryPoint","urlTemplate":"https:\/\/www.vitalibera.org\/community\/?s={search_term_string}"},"query-input":{"@type":"PropertyValueSpecification","valueRequired":true,"valueName":"search_term_string"}}],"inLanguage":"de"},{"@type":"Organization","@id":"https:\/\/www.vitalibera.org\/community\/#organization","name":"vitalibera.org","url":"https:\/\/www.vitalibera.org\/community\/","logo":{"@type":"ImageObject","inLanguage":"de","@id":"https:\/\/www.vitalibera.org\/community\/#\/schema\/logo\/image\/","url":"https:\/\/www.vitalibera.org\/community\/wp-content\/uploads\/2025\/09\/cropped-banner.png","contentUrl":"https:\/\/www.vitalibera.org\/community\/wp-content\/uploads\/2025\/09\/cropped-banner.png","width":991,"height":150,"caption":"vitalibera.org"},"image":{"@id":"https:\/\/www.vitalibera.org\/community\/#\/schema\/logo\/image\/"},"sameAs":["https:\/\/www.facebook.com\/groups\/2997085857140235"]},{"@type":"Person","@id":"https:\/\/www.vitalibera.org\/community\/#\/schema\/person\/fbd95034e2e55dc43396976b7e9db47c","name":"Heidi","image":{"@type":"ImageObject","inLanguage":"de","@id":"https:\/\/secure.gravatar.com\/avatar\/ad516503a11cd5ca435acc9bb6523536?s=96","url":"https:\/\/secure.gravatar.com\/avatar\/ad516503a11cd5ca435acc9bb6523536?s=96","contentUrl":"https:\/\/secure.gravatar.com\/avatar\/ad516503a11cd5ca435acc9bb6523536?s=96","caption":"Heidi"},"description":"Nach Schuss in den Kopf, bei Moranschlag durch polizeibekannten Verbrecher, halbseitig links gel\u00e4hmt.","url":"https:\/\/www.vitalibera.org\/community\/author\/phoenix\/"}]}},"jetpack_featured_media_url":"https:\/\/www.vitalibera.org\/community\/wp-content\/uploads\/2025\/10\/cosylift2.jpg","jetpack_sharing_enabled":true,"jetpack-related-posts":[],"_links":{"self":[{"href":"https:\/\/www.vitalibera.org\/community\/wp-json\/wp\/v2\/posts\/3547","targetHints":{"allow":["GET"]}}],"collection":[{"href":"https:\/\/www.vitalibera.org\/community\/wp-json\/wp\/v2\/posts"}],"about":[{"href":"https:\/\/www.vitalibera.org\/community\/wp-json\/wp\/v2\/types\/post"}],"author":[{"embeddable":true,"href":"https:\/\/www.vitalibera.org\/community\/wp-json\/wp\/v2\/users\/3"}],"replies":[{"embeddable":true,"href":"https:\/\/www.vitalibera.org\/community\/wp-json\/wp\/v2\/comments?post=3547"}],"version-history":[{"count":0,"href":"https:\/\/www.vitalibera.org\/community\/wp-json\/wp\/v2\/posts\/3547\/revisions"}],"wp:featuredmedia":[{"embeddable":true,"href":"https:\/\/www.vitalibera.org\/community\/wp-json\/wp\/v2\/media\/3549"}],"wp:attachment":[{"href":"https:\/\/www.vitalibera.org\/community\/wp-json\/wp\/v2\/media?parent=3547"}],"wp:term":[{"taxonomy":"category","embeddable":true,"href":"https:\/\/www.vitalibera.org\/community\/wp-json\/wp\/v2\/categories?post=3547"},{"taxonomy":"post_tag","embeddable":true,"href":"https:\/\/www.vitalibera.org\/community\/wp-json\/wp\/v2\/tags?post=3547"}],"curies":[{"name":"wp","href":"https:\/\/api.w.org\/{rel}","templated":true}]}}