{"id":3559,"date":"2025-10-22T19:20:10","date_gmt":"2025-10-22T17:20:10","guid":{"rendered":"https:\/\/www.vitalibera.org\/community\/?p=3559"},"modified":"2025-10-22T19:20:15","modified_gmt":"2025-10-22T17:20:15","slug":"faltbare-rampe-economy-wide","status":"publish","type":"post","link":"https:\/\/www.vitalibera.org\/community\/2025\/10\/22\/faltbare-rampe-economy-wide\/","title":{"rendered":"Faltbare Rampe Economy Wide"},"content":{"rendered":"\n<div class=\"wp-block-media-text is-stacked-on-mobile is-vertically-aligned-top\"><figure class=\"wp-block-media-text__media\"><img fetchpriority=\"high\" decoding=\"async\" width=\"600\" height=\"600\" src=\"https:\/\/www.vitalibera.org\/community\/wp-content\/uploads\/2025\/10\/faltrampe2.jpg\" alt=\"\" class=\"wp-image-3560 size-full\" srcset=\"https:\/\/www.vitalibera.org\/community\/wp-content\/uploads\/2025\/10\/faltrampe2.jpg 600w, https:\/\/www.vitalibera.org\/community\/wp-content\/uploads\/2025\/10\/faltrampe2-300x300.jpg 300w, https:\/\/www.vitalibera.org\/community\/wp-content\/uploads\/2025\/10\/faltrampe2-150x150.jpg 150w\" sizes=\"(max-width: 600px) 100vw, 600px\" \/><\/figure><div class=\"wp-block-media-text__content\">\n<p>Diese wetterfeste Rampe kann einfach hingelegt werden und schon ist sie einsatzbereit. Dazu kann sie in der Mitte einmal gefaltet werden und ben&ouml;tigt somit wenig Stauraum.<\/p>\n\n\n\n<p><\/p>\n\n\n\n<p><strong>Max. Belastbarkeit: 300 kg<\/strong><\/p>\n\n\n\n<p><strong>92 x 85 cm<\/strong>&nbsp;&ndash; Gewicht ca. 8.8 kg<br>&Uuml;berwindbare H&ouml;he: 15 cm<\/p>\n\n\n\n<p><strong>122 x 85 cm<\/strong>&nbsp;&ndash; Gewicht ca. 11 kg<br>&Uuml;berwindbare H&ouml;he: 20 cm<\/p>\n\n\n\n<p><strong>152 x 85 cm<\/strong>&nbsp;&ndash; Gewicht ca. 14,3 kg<br>&Uuml;berwindbare H&ouml;he: 25 cm<\/p>\n\n\n\n<p><strong>183 x 85 cm<\/strong>&nbsp;&ndash; Gewicht ca. 16,5 kg<br>&Uuml;berwindbare H&ouml;he: 30 cm<\/p>\n\n\n\n<p><a href=\"https:\/\/www.careproduct.ch\/de\/produkt\/faltbare-rampe-economy-wide?von_suchresultat=true\" target=\"_blank\" rel=\"noreferrer noopener\">Zum Angebot<\/a><\/p>\n<\/div><\/div>\n\n\n\n<figure class=\"wp-block-image size-full\"><img decoding=\"async\" width=\"600\" height=\"600\" src=\"https:\/\/www.vitalibera.org\/community\/wp-content\/uploads\/2025\/10\/faltrampe3.jpg\" alt=\"\" class=\"wp-image-3561\" srcset=\"https:\/\/www.vitalibera.org\/community\/wp-content\/uploads\/2025\/10\/faltrampe3.jpg 600w, https:\/\/www.vitalibera.org\/community\/wp-content\/uploads\/2025\/10\/faltrampe3-300x300.jpg 300w, https:\/\/www.vitalibera.org\/community\/wp-content\/uploads\/2025\/10\/faltrampe3-150x150.jpg 150w\" sizes=\"(max-width: 600px) 100vw, 600px\" \/><\/figure>\n","protected":false},"excerpt":{"rendered":"<p>Diese wetterfeste Rampe kann einfach hingelegt werden und schon ist sie einsatzbereit. Dazu kann sie in der Mitte einmal gefaltet werden und ben\u00f6tigt somit wenig Stauraum. Max. Belastbarkeit: 300 kg 92 x 85 cm&nbsp;&#8211; Gewicht ca. 8.8 kg\u00dcberwindbare H\u00f6he: 15 cm 122 x 85 cm&nbsp;&#8211; Gewicht ca. 11 kg\u00dcberwindbare H\u00f6he: 20 cm 152 x 85 &#8230; <a title=\"Faltbare Rampe Economy Wide\" class=\"read-more\" href=\"https:\/\/www.vitalibera.org\/community\/2025\/10\/22\/faltbare-rampe-economy-wide\/\" aria-label=\"Mehr Informationen \u00fcber Faltbare Rampe Economy Wide\">Weiterlesen<\/a><\/p>\n","protected":false},"author":2,"featured_media":3561,"comment_status":"open","ping_status":"open","sticky":false,"template":"","format":"standard","meta":{"cybocfi_hide_featured_image":"yes","_jetpack_memberships_contains_paid_content":false,"footnotes":""},"categories":[75,74],"tags":[],"class_list":["post-3559","post","type-post","status-publish","format-standard","has-post-thumbnail","hentry","category-mobilitaet","category-sicherheit"],"yoast_head":"<!-- This site is optimized with the Yoast SEO plugin v27.4 - https:\/\/yoast.com\/product\/yoast-seo-wordpress\/ -->\r\n<title>Faltbare Rampe Economy Wide - vitalibera.org<\/title>\r\n<meta name=\"robots\" content=\"index, follow, max-snippet:-1, max-image-preview:large, max-video-preview:-1\" \/>\r\n<link rel=\"canonical\" href=\"https:\/\/www.vitalibera.org\/community\/2025\/10\/22\/faltbare-rampe-economy-wide\/\" \/>\r\n<meta property=\"og:locale\" content=\"de_DE\" \/>\r\n<meta property=\"og:type\" content=\"article\" \/>\r\n<meta property=\"og:title\" content=\"Faltbare Rampe Economy Wide - vitalibera.org\" \/>\r\n<meta property=\"og:description\" content=\"Diese wetterfeste Rampe kann einfach hingelegt werden und schon ist sie einsatzbereit. Dazu kann sie in der Mitte einmal gefaltet werden und ben\u00f6tigt somit wenig Stauraum. Max. Belastbarkeit: 300 kg 92 x 85 cm&nbsp;&#8211; Gewicht ca. 8.8 kg\u00dcberwindbare H\u00f6he: 15 cm 122 x 85 cm&nbsp;&#8211; Gewicht ca. 11 kg\u00dcberwindbare H\u00f6he: 20 cm 152 x 85 ... Weiterlesen\" \/>\r\n<meta property=\"og:url\" content=\"https:\/\/www.vitalibera.org\/community\/2025\/10\/22\/faltbare-rampe-economy-wide\/\" \/>\r\n<meta property=\"og:site_name\" content=\"vitalibera.org\" \/>\r\n<meta property=\"article:publisher\" content=\"https:\/\/www.facebook.com\/groups\/2997085857140235\" \/>\r\n<meta property=\"article:published_time\" content=\"2025-10-22T17:20:10+00:00\" \/>\r\n<meta property=\"article:modified_time\" content=\"2025-10-22T17:20:15+00:00\" \/>\r\n<meta property=\"og:image\" content=\"https:\/\/www.vitalibera.org\/community\/wp-content\/uploads\/2025\/10\/faltrampe3.jpg\" \/>\r\n\t<meta property=\"og:image:width\" content=\"600\" \/>\r\n\t<meta property=\"og:image:height\" content=\"600\" \/>\r\n\t<meta property=\"og:image:type\" content=\"image\/jpeg\" \/>\r\n<meta name=\"author\" content=\"Andreas Jecklin\" \/>\r\n<meta name=\"twitter:card\" content=\"summary_large_image\" \/>\r\n<meta name=\"twitter:label1\" content=\"Verfasst von\" \/>\n\t<meta name=\"twitter:data1\" content=\"Andreas Jecklin\" \/>\n\t<meta name=\"twitter:label2\" content=\"Gesch\u00e4tzte Lesezeit\" \/>\n\t<meta name=\"twitter:data2\" content=\"2\u00a0Minuten\" \/>\r\n<script type=\"application\/ld+json\" class=\"yoast-schema-graph\">{\"@context\":\"https:\\\/\\\/schema.org\",\"@graph\":[{\"@type\":\"Article\",\"@id\":\"https:\\\/\\\/www.vitalibera.org\\\/community\\\/2025\\\/10\\\/22\\\/faltbare-rampe-economy-wide\\\/#article\",\"isPartOf\":{\"@id\":\"https:\\\/\\\/www.vitalibera.org\\\/community\\\/2025\\\/10\\\/22\\\/faltbare-rampe-economy-wide\\\/\"},\"author\":{\"name\":\"Andreas Jecklin\",\"@id\":\"https:\\\/\\\/www.vitalibera.org\\\/community\\\/#\\\/schema\\\/person\\\/6712387298421f222ff6d0a2e22c1534\"},\"headline\":\"Faltbare Rampe Economy Wide\",\"datePublished\":\"2025-10-22T17:20:10+00:00\",\"dateModified\":\"2025-10-22T17:20:15+00:00\",\"mainEntityOfPage\":{\"@id\":\"https:\\\/\\\/www.vitalibera.org\\\/community\\\/2025\\\/10\\\/22\\\/faltbare-rampe-economy-wide\\\/\"},\"wordCount\":79,\"commentCount\":0,\"publisher\":{\"@id\":\"https:\\\/\\\/www.vitalibera.org\\\/community\\\/#organization\"},\"image\":{\"@id\":\"https:\\\/\\\/www.vitalibera.org\\\/community\\\/2025\\\/10\\\/22\\\/faltbare-rampe-economy-wide\\\/#primaryimage\"},\"thumbnailUrl\":\"https:\\\/\\\/www.vitalibera.org\\\/community\\\/wp-content\\\/uploads\\\/2025\\\/10\\\/faltrampe3.jpg\",\"articleSection\":[\"Mobilit\u00e4t\",\"Sicherheit\"],\"inLanguage\":\"de\",\"potentialAction\":[{\"@type\":\"CommentAction\",\"name\":\"Comment\",\"target\":[\"https:\\\/\\\/www.vitalibera.org\\\/community\\\/2025\\\/10\\\/22\\\/faltbare-rampe-economy-wide\\\/#respond\"]}]},{\"@type\":\"WebPage\",\"@id\":\"https:\\\/\\\/www.vitalibera.org\\\/community\\\/2025\\\/10\\\/22\\\/faltbare-rampe-economy-wide\\\/\",\"url\":\"https:\\\/\\\/www.vitalibera.org\\\/community\\\/2025\\\/10\\\/22\\\/faltbare-rampe-economy-wide\\\/\",\"name\":\"Faltbare Rampe Economy Wide - vitalibera.org\",\"isPartOf\":{\"@id\":\"https:\\\/\\\/www.vitalibera.org\\\/community\\\/#website\"},\"primaryImageOfPage\":{\"@id\":\"https:\\\/\\\/www.vitalibera.org\\\/community\\\/2025\\\/10\\\/22\\\/faltbare-rampe-economy-wide\\\/#primaryimage\"},\"image\":{\"@id\":\"https:\\\/\\\/www.vitalibera.org\\\/community\\\/2025\\\/10\\\/22\\\/faltbare-rampe-economy-wide\\\/#primaryimage\"},\"thumbnailUrl\":\"https:\\\/\\\/www.vitalibera.org\\\/community\\\/wp-content\\\/uploads\\\/2025\\\/10\\\/faltrampe3.jpg\",\"datePublished\":\"2025-10-22T17:20:10+00:00\",\"dateModified\":\"2025-10-22T17:20:15+00:00\",\"breadcrumb\":{\"@id\":\"https:\\\/\\\/www.vitalibera.org\\\/community\\\/2025\\\/10\\\/22\\\/faltbare-rampe-economy-wide\\\/#breadcrumb\"},\"inLanguage\":\"de\",\"potentialAction\":[{\"@type\":\"ReadAction\",\"target\":[\"https:\\\/\\\/www.vitalibera.org\\\/community\\\/2025\\\/10\\\/22\\\/faltbare-rampe-economy-wide\\\/\"]}]},{\"@type\":\"BreadcrumbList\",\"@id\":\"https:\\\/\\\/www.vitalibera.org\\\/community\\\/2025\\\/10\\\/22\\\/faltbare-rampe-economy-wide\\\/#breadcrumb\",\"itemListElement\":[{\"@type\":\"ListItem\",\"position\":1,\"name\":\"Startseite\",\"item\":\"https:\\\/\\\/www.vitalibera.org\\\/community\\\/\"},{\"@type\":\"ListItem\",\"position\":2,\"name\":\"Faltbare Rampe Economy Wide\"}]},{\"@type\":\"WebSite\",\"@id\":\"https:\\\/\\\/www.vitalibera.org\\\/community\\\/#website\",\"url\":\"https:\\\/\\\/www.vitalibera.org\\\/community\\\/\",\"name\":\"vitalibera.org\",\"description\":\"Mit einer Einschr&auml;nkung gestaltet sich das Leben im Alltag oft schwieriger - hier berichten wir &uuml;ber unsere Erfahrungen und Hilfsmittel um den Alltag so unbeschwert und unkompliziert wie nur m&ouml;glich geniessen zu k&ouml;nnen. Dabei richten wir unseren Fokus gezielt auf Selbst&auml;ndigkeit, Eigenst&auml;ndigkeit und Selbstbestimmung.\",\"publisher\":{\"@id\":\"https:\\\/\\\/www.vitalibera.org\\\/community\\\/#organization\"},\"potentialAction\":[{\"@type\":\"SearchAction\",\"target\":{\"@type\":\"EntryPoint\",\"urlTemplate\":\"https:\\\/\\\/www.vitalibera.org\\\/community\\\/?s={search_term_string}\"},\"query-input\":{\"@type\":\"PropertyValueSpecification\",\"valueRequired\":true,\"valueName\":\"search_term_string\"}}],\"inLanguage\":\"de\"},{\"@type\":\"Organization\",\"@id\":\"https:\\\/\\\/www.vitalibera.org\\\/community\\\/#organization\",\"name\":\"vitalibera.org\",\"url\":\"https:\\\/\\\/www.vitalibera.org\\\/community\\\/\",\"logo\":{\"@type\":\"ImageObject\",\"inLanguage\":\"de\",\"@id\":\"https:\\\/\\\/www.vitalibera.org\\\/community\\\/#\\\/schema\\\/logo\\\/image\\\/\",\"url\":\"https:\\\/\\\/www.vitalibera.org\\\/community\\\/wp-content\\\/uploads\\\/2025\\\/09\\\/cropped-banner.png\",\"contentUrl\":\"https:\\\/\\\/www.vitalibera.org\\\/community\\\/wp-content\\\/uploads\\\/2025\\\/09\\\/cropped-banner.png\",\"width\":991,\"height\":150,\"caption\":\"vitalibera.org\"},\"image\":{\"@id\":\"https:\\\/\\\/www.vitalibera.org\\\/community\\\/#\\\/schema\\\/logo\\\/image\\\/\"},\"sameAs\":[\"https:\\\/\\\/www.facebook.com\\\/groups\\\/2997085857140235\"]},{\"@type\":\"Person\",\"@id\":\"https:\\\/\\\/www.vitalibera.org\\\/community\\\/#\\\/schema\\\/person\\\/6712387298421f222ff6d0a2e22c1534\",\"name\":\"Andreas Jecklin\",\"image\":{\"@type\":\"ImageObject\",\"inLanguage\":\"de\",\"@id\":\"https:\\\/\\\/secure.gravatar.com\\\/avatar\\\/ad516503a11cd5ca435acc9bb6523536?s=96\",\"url\":\"https:\\\/\\\/secure.gravatar.com\\\/avatar\\\/ad516503a11cd5ca435acc9bb6523536?s=96\",\"contentUrl\":\"https:\\\/\\\/secure.gravatar.com\\\/avatar\\\/ad516503a11cd5ca435acc9bb6523536?s=96\",\"caption\":\"Andreas Jecklin\"},\"description\":\"Manchen gab Gott die Kraft Dinge zu ver\u00e4ndern, mir gab er die Kraft zu ertragen was nicht mehr zu \u00e4ndern ist.\",\"url\":\"https:\\\/\\\/www.vitalibera.org\\\/community\\\/author\\\/andy77\\\/\"}]}<\/script>\r\n<!-- \/ Yoast SEO plugin. -->","yoast_head_json":{"title":"Faltbare Rampe Economy Wide - vitalibera.org","robots":{"index":"index","follow":"follow","max-snippet":"max-snippet:-1","max-image-preview":"max-image-preview:large","max-video-preview":"max-video-preview:-1"},"canonical":"https:\/\/www.vitalibera.org\/community\/2025\/10\/22\/faltbare-rampe-economy-wide\/","og_locale":"de_DE","og_type":"article","og_title":"Faltbare Rampe Economy Wide - vitalibera.org","og_description":"Diese wetterfeste Rampe kann einfach hingelegt werden und schon ist sie einsatzbereit. Dazu kann sie in der Mitte einmal gefaltet werden und ben\u00f6tigt somit wenig Stauraum. Max. Belastbarkeit: 300 kg 92 x 85 cm&nbsp;&#8211; Gewicht ca. 8.8 kg\u00dcberwindbare H\u00f6he: 15 cm 122 x 85 cm&nbsp;&#8211; Gewicht ca. 11 kg\u00dcberwindbare H\u00f6he: 20 cm 152 x 85 ... Weiterlesen","og_url":"https:\/\/www.vitalibera.org\/community\/2025\/10\/22\/faltbare-rampe-economy-wide\/","og_site_name":"vitalibera.org","article_publisher":"https:\/\/www.facebook.com\/groups\/2997085857140235","article_published_time":"2025-10-22T17:20:10+00:00","article_modified_time":"2025-10-22T17:20:15+00:00","og_image":[{"width":600,"height":600,"url":"https:\/\/www.vitalibera.org\/community\/wp-content\/uploads\/2025\/10\/faltrampe3.jpg","type":"image\/jpeg"}],"author":"Andreas Jecklin","twitter_card":"summary_large_image","twitter_misc":{"Verfasst von":"Andreas Jecklin","Gesch\u00e4tzte Lesezeit":"2\u00a0Minuten"},"schema":{"@context":"https:\/\/schema.org","@graph":[{"@type":"Article","@id":"https:\/\/www.vitalibera.org\/community\/2025\/10\/22\/faltbare-rampe-economy-wide\/#article","isPartOf":{"@id":"https:\/\/www.vitalibera.org\/community\/2025\/10\/22\/faltbare-rampe-economy-wide\/"},"author":{"name":"Andreas Jecklin","@id":"https:\/\/www.vitalibera.org\/community\/#\/schema\/person\/6712387298421f222ff6d0a2e22c1534"},"headline":"Faltbare Rampe Economy Wide","datePublished":"2025-10-22T17:20:10+00:00","dateModified":"2025-10-22T17:20:15+00:00","mainEntityOfPage":{"@id":"https:\/\/www.vitalibera.org\/community\/2025\/10\/22\/faltbare-rampe-economy-wide\/"},"wordCount":79,"commentCount":0,"publisher":{"@id":"https:\/\/www.vitalibera.org\/community\/#organization"},"image":{"@id":"https:\/\/www.vitalibera.org\/community\/2025\/10\/22\/faltbare-rampe-economy-wide\/#primaryimage"},"thumbnailUrl":"https:\/\/www.vitalibera.org\/community\/wp-content\/uploads\/2025\/10\/faltrampe3.jpg","articleSection":["Mobilit\u00e4t","Sicherheit"],"inLanguage":"de","potentialAction":[{"@type":"CommentAction","name":"Comment","target":["https:\/\/www.vitalibera.org\/community\/2025\/10\/22\/faltbare-rampe-economy-wide\/#respond"]}]},{"@type":"WebPage","@id":"https:\/\/www.vitalibera.org\/community\/2025\/10\/22\/faltbare-rampe-economy-wide\/","url":"https:\/\/www.vitalibera.org\/community\/2025\/10\/22\/faltbare-rampe-economy-wide\/","name":"Faltbare Rampe Economy Wide - vitalibera.org","isPartOf":{"@id":"https:\/\/www.vitalibera.org\/community\/#website"},"primaryImageOfPage":{"@id":"https:\/\/www.vitalibera.org\/community\/2025\/10\/22\/faltbare-rampe-economy-wide\/#primaryimage"},"image":{"@id":"https:\/\/www.vitalibera.org\/community\/2025\/10\/22\/faltbare-rampe-economy-wide\/#primaryimage"},"thumbnailUrl":"https:\/\/www.vitalibera.org\/community\/wp-content\/uploads\/2025\/10\/faltrampe3.jpg","datePublished":"2025-10-22T17:20:10+00:00","dateModified":"2025-10-22T17:20:15+00:00","breadcrumb":{"@id":"https:\/\/www.vitalibera.org\/community\/2025\/10\/22\/faltbare-rampe-economy-wide\/#breadcrumb"},"inLanguage":"de","potentialAction":[{"@type":"ReadAction","target":["https:\/\/www.vitalibera.org\/community\/2025\/10\/22\/faltbare-rampe-economy-wide\/"]}]},{"@type":"BreadcrumbList","@id":"https:\/\/www.vitalibera.org\/community\/2025\/10\/22\/faltbare-rampe-economy-wide\/#breadcrumb","itemListElement":[{"@type":"ListItem","position":1,"name":"Startseite","item":"https:\/\/www.vitalibera.org\/community\/"},{"@type":"ListItem","position":2,"name":"Faltbare Rampe Economy Wide"}]},{"@type":"WebSite","@id":"https:\/\/www.vitalibera.org\/community\/#website","url":"https:\/\/www.vitalibera.org\/community\/","name":"vitalibera.org","description":"Mit einer Einschr&auml;nkung gestaltet sich das Leben im Alltag oft schwieriger - hier berichten wir &uuml;ber unsere Erfahrungen und Hilfsmittel um den Alltag so unbeschwert und unkompliziert wie nur m&ouml;glich geniessen zu k&ouml;nnen. Dabei richten wir unseren Fokus gezielt auf Selbst&auml;ndigkeit, Eigenst&auml;ndigkeit und Selbstbestimmung.","publisher":{"@id":"https:\/\/www.vitalibera.org\/community\/#organization"},"potentialAction":[{"@type":"SearchAction","target":{"@type":"EntryPoint","urlTemplate":"https:\/\/www.vitalibera.org\/community\/?s={search_term_string}"},"query-input":{"@type":"PropertyValueSpecification","valueRequired":true,"valueName":"search_term_string"}}],"inLanguage":"de"},{"@type":"Organization","@id":"https:\/\/www.vitalibera.org\/community\/#organization","name":"vitalibera.org","url":"https:\/\/www.vitalibera.org\/community\/","logo":{"@type":"ImageObject","inLanguage":"de","@id":"https:\/\/www.vitalibera.org\/community\/#\/schema\/logo\/image\/","url":"https:\/\/www.vitalibera.org\/community\/wp-content\/uploads\/2025\/09\/cropped-banner.png","contentUrl":"https:\/\/www.vitalibera.org\/community\/wp-content\/uploads\/2025\/09\/cropped-banner.png","width":991,"height":150,"caption":"vitalibera.org"},"image":{"@id":"https:\/\/www.vitalibera.org\/community\/#\/schema\/logo\/image\/"},"sameAs":["https:\/\/www.facebook.com\/groups\/2997085857140235"]},{"@type":"Person","@id":"https:\/\/www.vitalibera.org\/community\/#\/schema\/person\/6712387298421f222ff6d0a2e22c1534","name":"Andreas Jecklin","image":{"@type":"ImageObject","inLanguage":"de","@id":"https:\/\/secure.gravatar.com\/avatar\/ad516503a11cd5ca435acc9bb6523536?s=96","url":"https:\/\/secure.gravatar.com\/avatar\/ad516503a11cd5ca435acc9bb6523536?s=96","contentUrl":"https:\/\/secure.gravatar.com\/avatar\/ad516503a11cd5ca435acc9bb6523536?s=96","caption":"Andreas Jecklin"},"description":"Manchen gab Gott die Kraft Dinge zu ver\u00e4ndern, mir gab er die Kraft zu ertragen was nicht mehr zu \u00e4ndern ist.","url":"https:\/\/www.vitalibera.org\/community\/author\/andy77\/"}]}},"jetpack_featured_media_url":"https:\/\/www.vitalibera.org\/community\/wp-content\/uploads\/2025\/10\/faltrampe3.jpg","jetpack_sharing_enabled":true,"jetpack-related-posts":[],"_links":{"self":[{"href":"https:\/\/www.vitalibera.org\/community\/wp-json\/wp\/v2\/posts\/3559","targetHints":{"allow":["GET"]}}],"collection":[{"href":"https:\/\/www.vitalibera.org\/community\/wp-json\/wp\/v2\/posts"}],"about":[{"href":"https:\/\/www.vitalibera.org\/community\/wp-json\/wp\/v2\/types\/post"}],"author":[{"embeddable":true,"href":"https:\/\/www.vitalibera.org\/community\/wp-json\/wp\/v2\/users\/2"}],"replies":[{"embeddable":true,"href":"https:\/\/www.vitalibera.org\/community\/wp-json\/wp\/v2\/comments?post=3559"}],"version-history":[{"count":0,"href":"https:\/\/www.vitalibera.org\/community\/wp-json\/wp\/v2\/posts\/3559\/revisions"}],"wp:featuredmedia":[{"embeddable":true,"href":"https:\/\/www.vitalibera.org\/community\/wp-json\/wp\/v2\/media\/3561"}],"wp:attachment":[{"href":"https:\/\/www.vitalibera.org\/community\/wp-json\/wp\/v2\/media?parent=3559"}],"wp:term":[{"taxonomy":"category","embeddable":true,"href":"https:\/\/www.vitalibera.org\/community\/wp-json\/wp\/v2\/categories?post=3559"},{"taxonomy":"post_tag","embeddable":true,"href":"https:\/\/www.vitalibera.org\/community\/wp-json\/wp\/v2\/tags?post=3559"}],"curies":[{"name":"wp","href":"https:\/\/api.w.org\/{rel}","templated":true}]}}